{"id":110392,"date":"2020-07-02T11:27:44","date_gmt":"2020-07-02T15:27:44","guid":{"rendered":"https:\/\/digital58.com.ve\/site\/?p=110392"},"modified":"2020-07-02T11:58:29","modified_gmt":"2020-07-02T15:58:29","slug":"omar-prieto-informo-salida-de-un-vuelo-privado-con-pruebas-pcr-desde-el-estado-zulia","status":"publish","type":"post","link":"https:\/\/digital58.com.ve\/site\/2020\/07\/02\/omar-prieto-informo-salida-de-un-vuelo-privado-con-pruebas-pcr-desde-el-estado-zulia\/","title":{"rendered":"Omar prieto inform\u00f3 salida de un vuelo privado con pruebas PCR desde el estado Zulia"},"content":{"rendered":"<p><img loading=\"lazy\" decoding=\"async\" class=\"aligncenter wp-image-110393 size-full\" src=\"https:\/\/digital58.com.ve\/site\/wp-content\/uploads\/2020\/07\/omar-en-padilla.jpg\" alt=\"\" width=\"626\" height=\"600\" srcset=\"https:\/\/digital58.com.ve\/site\/wp-content\/uploads\/2020\/07\/omar-en-padilla.jpg 626w, https:\/\/digital58.com.ve\/site\/wp-content\/uploads\/2020\/07\/omar-en-padilla-300x288.jpg 300w\" sizes=\"auto, (max-width: 626px) 100vw, 626px\" \/><\/p>\n<p>El gobernador del estado Zulia, Omar Prieto, inform\u00f3\u00a0 parti\u00f3 un vuelo privado a Caracas con pruebas PCR como parte del operativo de despistaje y confirmaci\u00f3n de casos en el Zulia.<\/p>\n<p><strong>Maracaibo, Zulia, Venezuela 2 de julio de 2020 (ND58).\u2013<\/strong> \u00abNos lleg\u00f3 un nuevo lote de pruebas r\u00e1pidas, ma\u00f1ana sale otro vuelo privado con pruebas PCR\u00bb, destac\u00f3 el \u00a0gobernador del estado Zulia, Omar Prieto,\u00a0 quien indic\u00f3 que el vuelo parti\u00f3 hacia Caracas parte del operativo de despistaje y confirmaci\u00f3n de casos en la regi\u00f3n.<\/p>\n<p>Confirm\u00f3, la habilitaci\u00f3n de un tercer hospital centinela en la regi\u00f3n, el Adolfo Pons, que entr\u00f3 en la \u00faltima fase de climatizaci\u00f3n para atender a pacientes con COVID-19.<\/p>\n<p>Destac\u00f3 que tienen espacios para 300 camas y ya listo el personal m\u00e9dico y el voluntariado para la atenci\u00f3n de los zulianos. Del mismo modo anunci\u00f3 los avances en el Sahum y puesta en funcionamiento de una nueva Unidad de Cuidados Intensivos.<\/p>\n<p>\u00abColocamos 30 toneladas de aire acondicionado para el piso cuatro del Universitario, esto permitir\u00e1 la climatizaci\u00f3n de los pisos siguientes\u00bb.<\/p>\n<p>Restricci\u00f3n<\/p>\n<p>El mandatario regional se\u00f1al\u00f3 que desde hoy se inici\u00f3 un barrido general en Maracaibo, de la mano con la Alcald\u00eda de Maracaibo, que permitir\u00e1 captar a nuevos casos, sobre todo, los asintom\u00e1ticos.<\/p>\n<p>Asimismo reiter\u00f3 que est\u00e1 restringido el paso entre municipios y que s\u00f3lo se podr\u00e1 pasar la barrera con el respectivo salvoconducto emitido por la Zodi.<\/p><div class=\"smvos69ee6e9aa0f59\" ><p style=\"text-align: center;\"><a href=\"https:\/\/t.me\/noticiasdigital58\" target=\"_blank\" rel=\"noopener\"><img class=\"aligncenter size-full wp-image-125363\" src=\"https:\/\/digital58.com.ve\/site\/wp-content\/uploads\/2021\/04\/banner-telegram-web-2021.png\" alt=\"\" width=\"600\" height=\"90\" \/><\/a><\/p><\/div><style type=\"text\/css\">\r\n@media screen and (min-width: 1201px) {\r\n.smvos69ee6e9aa0f59 {\r\ndisplay: block;\r\n}\r\n}\r\n@media screen and (min-width: 993px) and (max-width: 1200px) {\r\n.smvos69ee6e9aa0f59 {\r\ndisplay: block;\r\n}\r\n}\r\n@media screen and (min-width: 769px) and (max-width: 992px) {\r\n.smvos69ee6e9aa0f59 {\r\ndisplay: block;\r\n}\r\n}\r\n@media screen and (min-width: 768px) and (max-width: 768px) {\r\n.smvos69ee6e9aa0f59 {\r\ndisplay: block;\r\n}\r\n}\r\n@media screen and (max-width: 767px) {\r\n.smvos69ee6e9aa0f59 {\r\ndisplay: block;\r\n}\r\n}\r\n<\/style>\r\n\n<p><strong>Redacci\u00f3n: Molero, Luis\u00a0 (@Moleromarquez) | Fuente: Agencias<br \/>\nEdici\u00f3n: Villasmil, Henry; Ch\u00e1vez, Marian<br \/>\nGr\u00e1ficas: Cortes\u00eda<\/strong><\/p>\n<div style=\"margin-top: 0px; margin-bottom: 0px;\" class=\"sharethis-inline-share-buttons\" ><\/div>","protected":false},"excerpt":{"rendered":"<p>El gobernador del estado Zulia, Omar Prieto, inform\u00f3\u00a0 parti\u00f3 un vuelo privado a Caracas con pruebas PCR como parte del<\/p>\n","protected":false},"author":26,"featured_media":110394,"comment_status":"open","ping_status":"closed","sticky":false,"template":"","format":"standard","meta":{"colormag_page_container_layout":"default_layout","colormag_page_sidebar_layout":"default_layout","_uag_custom_page_level_css":"","footnotes":""},"categories":[14504],"tags":[15131,15604,761],"class_list":["post-110392","post","type-post","status-publish","format-standard","has-post-thumbnail","hentry","category-zulia","tag-gobernador-omar-prieto","tag-pruebas-pcr","tag-zulia"],"yoast_head":"<!-- This site is optimized with the Yoast SEO plugin v27.4 - https:\/\/yoast.com\/product\/yoast-seo-wordpress\/ -->\n<title>Omar prieto inform\u00f3 salida de un vuelo privado con pruebas PCR desde el estado Zulia<\/title>\n<meta name=\"description\" content=\"Zulia\" \/>\n<meta name=\"robots\" content=\"index, follow, max-snippet:-1, max-image-preview:large, max-video-preview:-1\" \/>\n<link rel=\"canonical\" href=\"https:\/\/digital58.com.ve\/site\/2020\/07\/02\/omar-prieto-informo-salida-de-un-vuelo-privado-con-pruebas-pcr-desde-el-estado-zulia\/\" \/>\n<meta property=\"og:locale\" content=\"es_ES\" \/>\n<meta property=\"og:type\" content=\"article\" \/>\n<meta property=\"og:title\" content=\"Omar prieto inform\u00f3 salida de un vuelo privado con pruebas PCR desde el estado Zulia\" \/>\n<meta property=\"og:description\" content=\"Zulia\" \/>\n<meta property=\"og:url\" content=\"https:\/\/digital58.com.ve\/site\/2020\/07\/02\/omar-prieto-informo-salida-de-un-vuelo-privado-con-pruebas-pcr-desde-el-estado-zulia\/\" \/>\n<meta property=\"og:site_name\" content=\"Noticias Digital58\" \/>\n<meta property=\"article:published_time\" content=\"2020-07-02T15:27:44+00:00\" \/>\n<meta property=\"article:modified_time\" content=\"2020-07-02T15:58:29+00:00\" \/>\n<meta property=\"og:image\" content=\"https:\/\/digital58.com.ve\/site\/wp-content\/uploads\/2020\/07\/omar-08-04-20.jpg\" \/>\n\t<meta property=\"og:image:width\" content=\"800\" \/>\n\t<meta property=\"og:image:height\" content=\"533\" \/>\n\t<meta property=\"og:image:type\" content=\"image\/jpeg\" \/>\n<meta name=\"author\" content=\"Molero Luis\" \/>\n<meta name=\"twitter:card\" content=\"summary_large_image\" \/>\n<meta name=\"twitter:creator\" content=\"@Digital_58\" \/>\n<meta name=\"twitter:site\" content=\"@villasmilhfoto\" \/>\n<meta name=\"twitter:label1\" content=\"Escrito por\" \/>\n\t<meta name=\"twitter:data1\" content=\"Molero Luis\" \/>\n\t<meta name=\"twitter:label2\" content=\"Tiempo estimado de lectura\" \/>\n\t<meta name=\"twitter:data2\" content=\"1 minuto\" \/>\n<script type=\"application\/ld+json\" class=\"yoast-schema-graph\">{\"@context\":\"https:\\\/\\\/schema.org\",\"@graph\":[{\"@type\":\"Article\",\"@id\":\"https:\\\/\\\/digital58.com.ve\\\/site\\\/2020\\\/07\\\/02\\\/omar-prieto-informo-salida-de-un-vuelo-privado-con-pruebas-pcr-desde-el-estado-zulia\\\/#article\",\"isPartOf\":{\"@id\":\"https:\\\/\\\/digital58.com.ve\\\/site\\\/2020\\\/07\\\/02\\\/omar-prieto-informo-salida-de-un-vuelo-privado-con-pruebas-pcr-desde-el-estado-zulia\\\/\"},\"author\":{\"name\":\"Molero Luis\",\"@id\":\"https:\\\/\\\/digital58.com.ve\\\/site\\\/#\\\/schema\\\/person\\\/c61667ce6845137620ee3f0aaabade17\"},\"headline\":\"Omar prieto inform\u00f3 salida de un vuelo privado con pruebas PCR desde el estado Zulia\",\"datePublished\":\"2020-07-02T15:27:44+00:00\",\"dateModified\":\"2020-07-02T15:58:29+00:00\",\"mainEntityOfPage\":{\"@id\":\"https:\\\/\\\/digital58.com.ve\\\/site\\\/2020\\\/07\\\/02\\\/omar-prieto-informo-salida-de-un-vuelo-privado-con-pruebas-pcr-desde-el-estado-zulia\\\/\"},\"wordCount\":276,\"commentCount\":0,\"publisher\":{\"@id\":\"https:\\\/\\\/digital58.com.ve\\\/site\\\/#\\\/schema\\\/person\\\/64d1c2e4d0d4fd1b849980c4331c2951\"},\"image\":{\"@id\":\"https:\\\/\\\/digital58.com.ve\\\/site\\\/2020\\\/07\\\/02\\\/omar-prieto-informo-salida-de-un-vuelo-privado-con-pruebas-pcr-desde-el-estado-zulia\\\/#primaryimage\"},\"thumbnailUrl\":\"https:\\\/\\\/digital58.com.ve\\\/site\\\/wp-content\\\/uploads\\\/2020\\\/07\\\/omar-08-04-20.jpg\",\"keywords\":[\"Gobernador Omar Prieto\",\"Pruebas PCR\",\"Zulia\"],\"articleSection\":[\"Zulia\"],\"inLanguage\":\"es\",\"potentialAction\":[{\"@type\":\"CommentAction\",\"name\":\"Comment\",\"target\":[\"https:\\\/\\\/digital58.com.ve\\\/site\\\/2020\\\/07\\\/02\\\/omar-prieto-informo-salida-de-un-vuelo-privado-con-pruebas-pcr-desde-el-estado-zulia\\\/#respond\"]}]},{\"@type\":\"WebPage\",\"@id\":\"https:\\\/\\\/digital58.com.ve\\\/site\\\/2020\\\/07\\\/02\\\/omar-prieto-informo-salida-de-un-vuelo-privado-con-pruebas-pcr-desde-el-estado-zulia\\\/\",\"url\":\"https:\\\/\\\/digital58.com.ve\\\/site\\\/2020\\\/07\\\/02\\\/omar-prieto-informo-salida-de-un-vuelo-privado-con-pruebas-pcr-desde-el-estado-zulia\\\/\",\"name\":\"Omar prieto inform\u00f3 salida de un vuelo privado con pruebas PCR desde el estado Zulia\",\"isPartOf\":{\"@id\":\"https:\\\/\\\/digital58.com.ve\\\/site\\\/#website\"},\"primaryImageOfPage\":{\"@id\":\"https:\\\/\\\/digital58.com.ve\\\/site\\\/2020\\\/07\\\/02\\\/omar-prieto-informo-salida-de-un-vuelo-privado-con-pruebas-pcr-desde-el-estado-zulia\\\/#primaryimage\"},\"image\":{\"@id\":\"https:\\\/\\\/digital58.com.ve\\\/site\\\/2020\\\/07\\\/02\\\/omar-prieto-informo-salida-de-un-vuelo-privado-con-pruebas-pcr-desde-el-estado-zulia\\\/#primaryimage\"},\"thumbnailUrl\":\"https:\\\/\\\/digital58.com.ve\\\/site\\\/wp-content\\\/uploads\\\/2020\\\/07\\\/omar-08-04-20.jpg\",\"datePublished\":\"2020-07-02T15:27:44+00:00\",\"dateModified\":\"2020-07-02T15:58:29+00:00\",\"description\":\"Zulia\",\"breadcrumb\":{\"@id\":\"https:\\\/\\\/digital58.com.ve\\\/site\\\/2020\\\/07\\\/02\\\/omar-prieto-informo-salida-de-un-vuelo-privado-con-pruebas-pcr-desde-el-estado-zulia\\\/#breadcrumb\"},\"inLanguage\":\"es\",\"potentialAction\":[{\"@type\":\"ReadAction\",\"target\":[\"https:\\\/\\\/digital58.com.ve\\\/site\\\/2020\\\/07\\\/02\\\/omar-prieto-informo-salida-de-un-vuelo-privado-con-pruebas-pcr-desde-el-estado-zulia\\\/\"]}]},{\"@type\":\"ImageObject\",\"inLanguage\":\"es\",\"@id\":\"https:\\\/\\\/digital58.com.ve\\\/site\\\/2020\\\/07\\\/02\\\/omar-prieto-informo-salida-de-un-vuelo-privado-con-pruebas-pcr-desde-el-estado-zulia\\\/#primaryimage\",\"url\":\"https:\\\/\\\/digital58.com.ve\\\/site\\\/wp-content\\\/uploads\\\/2020\\\/07\\\/omar-08-04-20.jpg\",\"contentUrl\":\"https:\\\/\\\/digital58.com.ve\\\/site\\\/wp-content\\\/uploads\\\/2020\\\/07\\\/omar-08-04-20.jpg\",\"width\":800,\"height\":533},{\"@type\":\"BreadcrumbList\",\"@id\":\"https:\\\/\\\/digital58.com.ve\\\/site\\\/2020\\\/07\\\/02\\\/omar-prieto-informo-salida-de-un-vuelo-privado-con-pruebas-pcr-desde-el-estado-zulia\\\/#breadcrumb\",\"itemListElement\":[{\"@type\":\"ListItem\",\"position\":1,\"name\":\"Home\",\"item\":\"https:\\\/\\\/digital58.com.ve\\\/site\\\/\"},{\"@type\":\"ListItem\",\"position\":2,\"name\":\"Omar prieto inform\u00f3 salida de un vuelo privado con pruebas PCR desde el estado Zulia\"}]},{\"@type\":\"WebSite\",\"@id\":\"https:\\\/\\\/digital58.com.ve\\\/site\\\/#website\",\"url\":\"https:\\\/\\\/digital58.com.ve\\\/site\\\/\",\"name\":\"Noticias Digital58\",\"description\":\"Portal de Noticias \u00a1Periodismo web de verdad! Lanzamiento web 22.11.2005 \\\/ Maracaibo, Venezuela\",\"publisher\":{\"@id\":\"https:\\\/\\\/digital58.com.ve\\\/site\\\/#\\\/schema\\\/person\\\/64d1c2e4d0d4fd1b849980c4331c2951\"},\"alternateName\":\"ND58\",\"potentialAction\":[{\"@type\":\"SearchAction\",\"target\":{\"@type\":\"EntryPoint\",\"urlTemplate\":\"https:\\\/\\\/digital58.com.ve\\\/site\\\/?s={search_term_string}\"},\"query-input\":{\"@type\":\"PropertyValueSpecification\",\"valueRequired\":true,\"valueName\":\"search_term_string\"}}],\"inLanguage\":\"es\"},{\"@type\":[\"Person\",\"Organization\"],\"@id\":\"https:\\\/\\\/digital58.com.ve\\\/site\\\/#\\\/schema\\\/person\\\/64d1c2e4d0d4fd1b849980c4331c2951\",\"name\":\"Villasmil Henry\",\"image\":{\"@type\":\"ImageObject\",\"inLanguage\":\"es\",\"@id\":\"https:\\\/\\\/secure.gravatar.com\\\/avatar\\\/bb0c4a2fcb7970138239f7e404ea75757b1b507b28b5ce4c53fbd62d797c5a7c?s=96&d=mm&r=g\",\"url\":\"https:\\\/\\\/secure.gravatar.com\\\/avatar\\\/bb0c4a2fcb7970138239f7e404ea75757b1b507b28b5ce4c53fbd62d797c5a7c?s=96&d=mm&r=g\",\"contentUrl\":\"https:\\\/\\\/secure.gravatar.com\\\/avatar\\\/bb0c4a2fcb7970138239f7e404ea75757b1b507b28b5ce4c53fbd62d797c5a7c?s=96&d=mm&r=g\",\"caption\":\"Villasmil Henry\"},\"logo\":{\"@id\":\"https:\\\/\\\/secure.gravatar.com\\\/avatar\\\/bb0c4a2fcb7970138239f7e404ea75757b1b507b28b5ce4c53fbd62d797c5a7c?s=96&d=mm&r=g\"},\"sameAs\":[\"http:\\\/\\\/www.henryvillasmil.com.ve\",\"https:\\\/\\\/www.instagram.com\\\/villasmilhfoto\\\/\",\"https:\\\/\\\/x.com\\\/https:\\\/\\\/twitter.com\\\/villasmilhfoto\"]},{\"@type\":\"Person\",\"@id\":\"https:\\\/\\\/digital58.com.ve\\\/site\\\/#\\\/schema\\\/person\\\/c61667ce6845137620ee3f0aaabade17\",\"name\":\"Molero Luis\",\"image\":{\"@type\":\"ImageObject\",\"inLanguage\":\"es\",\"@id\":\"https:\\\/\\\/secure.gravatar.com\\\/avatar\\\/bf041ec637e3e7405449807deb2f7cf3d2de7c6fa755dd56e985201de9863f2b?s=96&d=mm&r=g\",\"url\":\"https:\\\/\\\/secure.gravatar.com\\\/avatar\\\/bf041ec637e3e7405449807deb2f7cf3d2de7c6fa755dd56e985201de9863f2b?s=96&d=mm&r=g\",\"contentUrl\":\"https:\\\/\\\/secure.gravatar.com\\\/avatar\\\/bf041ec637e3e7405449807deb2f7cf3d2de7c6fa755dd56e985201de9863f2b?s=96&d=mm&r=g\",\"caption\":\"Molero Luis\"},\"url\":\"https:\\\/\\\/digital58.com.ve\\\/site\\\/author\\\/luismolero\\\/\"}]}<\/script>\n<!-- \/ Yoast SEO plugin. -->","yoast_head_json":{"title":"Omar prieto inform\u00f3 salida de un vuelo privado con pruebas PCR desde el estado Zulia","description":"Zulia","robots":{"index":"index","follow":"follow","max-snippet":"max-snippet:-1","max-image-preview":"max-image-preview:large","max-video-preview":"max-video-preview:-1"},"canonical":"https:\/\/digital58.com.ve\/site\/2020\/07\/02\/omar-prieto-informo-salida-de-un-vuelo-privado-con-pruebas-pcr-desde-el-estado-zulia\/","og_locale":"es_ES","og_type":"article","og_title":"Omar prieto inform\u00f3 salida de un vuelo privado con pruebas PCR desde el estado Zulia","og_description":"Zulia","og_url":"https:\/\/digital58.com.ve\/site\/2020\/07\/02\/omar-prieto-informo-salida-de-un-vuelo-privado-con-pruebas-pcr-desde-el-estado-zulia\/","og_site_name":"Noticias Digital58","article_published_time":"2020-07-02T15:27:44+00:00","article_modified_time":"2020-07-02T15:58:29+00:00","og_image":[{"width":800,"height":533,"url":"https:\/\/digital58.com.ve\/site\/wp-content\/uploads\/2020\/07\/omar-08-04-20.jpg","type":"image\/jpeg"}],"author":"Molero Luis","twitter_card":"summary_large_image","twitter_creator":"@Digital_58","twitter_site":"@villasmilhfoto","twitter_misc":{"Escrito por":"Molero Luis","Tiempo estimado de lectura":"1 minuto"},"schema":{"@context":"https:\/\/schema.org","@graph":[{"@type":"Article","@id":"https:\/\/digital58.com.ve\/site\/2020\/07\/02\/omar-prieto-informo-salida-de-un-vuelo-privado-con-pruebas-pcr-desde-el-estado-zulia\/#article","isPartOf":{"@id":"https:\/\/digital58.com.ve\/site\/2020\/07\/02\/omar-prieto-informo-salida-de-un-vuelo-privado-con-pruebas-pcr-desde-el-estado-zulia\/"},"author":{"name":"Molero Luis","@id":"https:\/\/digital58.com.ve\/site\/#\/schema\/person\/c61667ce6845137620ee3f0aaabade17"},"headline":"Omar prieto inform\u00f3 salida de un vuelo privado con pruebas PCR desde el estado Zulia","datePublished":"2020-07-02T15:27:44+00:00","dateModified":"2020-07-02T15:58:29+00:00","mainEntityOfPage":{"@id":"https:\/\/digital58.com.ve\/site\/2020\/07\/02\/omar-prieto-informo-salida-de-un-vuelo-privado-con-pruebas-pcr-desde-el-estado-zulia\/"},"wordCount":276,"commentCount":0,"publisher":{"@id":"https:\/\/digital58.com.ve\/site\/#\/schema\/person\/64d1c2e4d0d4fd1b849980c4331c2951"},"image":{"@id":"https:\/\/digital58.com.ve\/site\/2020\/07\/02\/omar-prieto-informo-salida-de-un-vuelo-privado-con-pruebas-pcr-desde-el-estado-zulia\/#primaryimage"},"thumbnailUrl":"https:\/\/digital58.com.ve\/site\/wp-content\/uploads\/2020\/07\/omar-08-04-20.jpg","keywords":["Gobernador Omar Prieto","Pruebas PCR","Zulia"],"articleSection":["Zulia"],"inLanguage":"es","potentialAction":[{"@type":"CommentAction","name":"Comment","target":["https:\/\/digital58.com.ve\/site\/2020\/07\/02\/omar-prieto-informo-salida-de-un-vuelo-privado-con-pruebas-pcr-desde-el-estado-zulia\/#respond"]}]},{"@type":"WebPage","@id":"https:\/\/digital58.com.ve\/site\/2020\/07\/02\/omar-prieto-informo-salida-de-un-vuelo-privado-con-pruebas-pcr-desde-el-estado-zulia\/","url":"https:\/\/digital58.com.ve\/site\/2020\/07\/02\/omar-prieto-informo-salida-de-un-vuelo-privado-con-pruebas-pcr-desde-el-estado-zulia\/","name":"Omar prieto inform\u00f3 salida de un vuelo privado con pruebas PCR desde el estado Zulia","isPartOf":{"@id":"https:\/\/digital58.com.ve\/site\/#website"},"primaryImageOfPage":{"@id":"https:\/\/digital58.com.ve\/site\/2020\/07\/02\/omar-prieto-informo-salida-de-un-vuelo-privado-con-pruebas-pcr-desde-el-estado-zulia\/#primaryimage"},"image":{"@id":"https:\/\/digital58.com.ve\/site\/2020\/07\/02\/omar-prieto-informo-salida-de-un-vuelo-privado-con-pruebas-pcr-desde-el-estado-zulia\/#primaryimage"},"thumbnailUrl":"https:\/\/digital58.com.ve\/site\/wp-content\/uploads\/2020\/07\/omar-08-04-20.jpg","datePublished":"2020-07-02T15:27:44+00:00","dateModified":"2020-07-02T15:58:29+00:00","description":"Zulia","breadcrumb":{"@id":"https:\/\/digital58.com.ve\/site\/2020\/07\/02\/omar-prieto-informo-salida-de-un-vuelo-privado-con-pruebas-pcr-desde-el-estado-zulia\/#breadcrumb"},"inLanguage":"es","potentialAction":[{"@type":"ReadAction","target":["https:\/\/digital58.com.ve\/site\/2020\/07\/02\/omar-prieto-informo-salida-de-un-vuelo-privado-con-pruebas-pcr-desde-el-estado-zulia\/"]}]},{"@type":"ImageObject","inLanguage":"es","@id":"https:\/\/digital58.com.ve\/site\/2020\/07\/02\/omar-prieto-informo-salida-de-un-vuelo-privado-con-pruebas-pcr-desde-el-estado-zulia\/#primaryimage","url":"https:\/\/digital58.com.ve\/site\/wp-content\/uploads\/2020\/07\/omar-08-04-20.jpg","contentUrl":"https:\/\/digital58.com.ve\/site\/wp-content\/uploads\/2020\/07\/omar-08-04-20.jpg","width":800,"height":533},{"@type":"BreadcrumbList","@id":"https:\/\/digital58.com.ve\/site\/2020\/07\/02\/omar-prieto-informo-salida-de-un-vuelo-privado-con-pruebas-pcr-desde-el-estado-zulia\/#breadcrumb","itemListElement":[{"@type":"ListItem","position":1,"name":"Home","item":"https:\/\/digital58.com.ve\/site\/"},{"@type":"ListItem","position":2,"name":"Omar prieto inform\u00f3 salida de un vuelo privado con pruebas PCR desde el estado Zulia"}]},{"@type":"WebSite","@id":"https:\/\/digital58.com.ve\/site\/#website","url":"https:\/\/digital58.com.ve\/site\/","name":"Noticias Digital58","description":"Portal de Noticias \u00a1Periodismo web de verdad! Lanzamiento web 22.11.2005 \/ Maracaibo, Venezuela","publisher":{"@id":"https:\/\/digital58.com.ve\/site\/#\/schema\/person\/64d1c2e4d0d4fd1b849980c4331c2951"},"alternateName":"ND58","potentialAction":[{"@type":"SearchAction","target":{"@type":"EntryPoint","urlTemplate":"https:\/\/digital58.com.ve\/site\/?s={search_term_string}"},"query-input":{"@type":"PropertyValueSpecification","valueRequired":true,"valueName":"search_term_string"}}],"inLanguage":"es"},{"@type":["Person","Organization"],"@id":"https:\/\/digital58.com.ve\/site\/#\/schema\/person\/64d1c2e4d0d4fd1b849980c4331c2951","name":"Villasmil Henry","image":{"@type":"ImageObject","inLanguage":"es","@id":"https:\/\/secure.gravatar.com\/avatar\/bb0c4a2fcb7970138239f7e404ea75757b1b507b28b5ce4c53fbd62d797c5a7c?s=96&d=mm&r=g","url":"https:\/\/secure.gravatar.com\/avatar\/bb0c4a2fcb7970138239f7e404ea75757b1b507b28b5ce4c53fbd62d797c5a7c?s=96&d=mm&r=g","contentUrl":"https:\/\/secure.gravatar.com\/avatar\/bb0c4a2fcb7970138239f7e404ea75757b1b507b28b5ce4c53fbd62d797c5a7c?s=96&d=mm&r=g","caption":"Villasmil Henry"},"logo":{"@id":"https:\/\/secure.gravatar.com\/avatar\/bb0c4a2fcb7970138239f7e404ea75757b1b507b28b5ce4c53fbd62d797c5a7c?s=96&d=mm&r=g"},"sameAs":["http:\/\/www.henryvillasmil.com.ve","https:\/\/www.instagram.com\/villasmilhfoto\/","https:\/\/x.com\/https:\/\/twitter.com\/villasmilhfoto"]},{"@type":"Person","@id":"https:\/\/digital58.com.ve\/site\/#\/schema\/person\/c61667ce6845137620ee3f0aaabade17","name":"Molero Luis","image":{"@type":"ImageObject","inLanguage":"es","@id":"https:\/\/secure.gravatar.com\/avatar\/bf041ec637e3e7405449807deb2f7cf3d2de7c6fa755dd56e985201de9863f2b?s=96&d=mm&r=g","url":"https:\/\/secure.gravatar.com\/avatar\/bf041ec637e3e7405449807deb2f7cf3d2de7c6fa755dd56e985201de9863f2b?s=96&d=mm&r=g","contentUrl":"https:\/\/secure.gravatar.com\/avatar\/bf041ec637e3e7405449807deb2f7cf3d2de7c6fa755dd56e985201de9863f2b?s=96&d=mm&r=g","caption":"Molero Luis"},"url":"https:\/\/digital58.com.ve\/site\/author\/luismolero\/"}]}},"uagb_featured_image_src":{"full":["https:\/\/digital58.com.ve\/site\/wp-content\/uploads\/2020\/07\/omar-08-04-20.jpg",800,533,false],"thumbnail":["https:\/\/digital58.com.ve\/site\/wp-content\/uploads\/2020\/07\/omar-08-04-20-150x150.jpg",150,150,true],"medium":["https:\/\/digital58.com.ve\/site\/wp-content\/uploads\/2020\/07\/omar-08-04-20-300x200.jpg",300,200,true],"medium_large":["https:\/\/digital58.com.ve\/site\/wp-content\/uploads\/2020\/07\/omar-08-04-20-768x512.jpg",768,512,true],"large":["https:\/\/digital58.com.ve\/site\/wp-content\/uploads\/2020\/07\/omar-08-04-20.jpg",800,533,false],"1536x1536":["https:\/\/digital58.com.ve\/site\/wp-content\/uploads\/2020\/07\/omar-08-04-20.jpg",800,533,false],"2048x2048":["https:\/\/digital58.com.ve\/site\/wp-content\/uploads\/2020\/07\/omar-08-04-20.jpg",800,533,false],"colormag-highlighted-post":["https:\/\/digital58.com.ve\/site\/wp-content\/uploads\/2020\/07\/omar-08-04-20.jpg",392,261,false],"colormag-featured-post-medium":["https:\/\/digital58.com.ve\/site\/wp-content\/uploads\/2020\/07\/omar-08-04-20.jpg",308,205,false],"colormag-featured-post-small":["https:\/\/digital58.com.ve\/site\/wp-content\/uploads\/2020\/07\/omar-08-04-20.jpg",130,87,false],"colormag-featured-image":["https:\/\/digital58.com.ve\/site\/wp-content\/uploads\/2020\/07\/omar-08-04-20.jpg",668,445,false],"colormag-default-news":["https:\/\/digital58.com.ve\/site\/wp-content\/uploads\/2020\/07\/omar-08-04-20.jpg",150,100,false],"colormag-featured-image-large":["https:\/\/digital58.com.ve\/site\/wp-content\/uploads\/2020\/07\/omar-08-04-20.jpg",800,533,false]},"uagb_author_info":{"display_name":"Molero Luis","author_link":"https:\/\/digital58.com.ve\/site\/author\/luismolero\/"},"uagb_comment_info":0,"uagb_excerpt":"El gobernador del estado Zulia, Omar Prieto, inform\u00f3\u00a0 parti\u00f3 un vuelo privado a Caracas con pruebas PCR como parte del","_links":{"self":[{"href":"https:\/\/digital58.com.ve\/site\/wp-json\/wp\/v2\/posts\/110392","targetHints":{"allow":["GET"]}}],"collection":[{"href":"https:\/\/digital58.com.ve\/site\/wp-json\/wp\/v2\/posts"}],"about":[{"href":"https:\/\/digital58.com.ve\/site\/wp-json\/wp\/v2\/types\/post"}],"author":[{"embeddable":true,"href":"https:\/\/digital58.com.ve\/site\/wp-json\/wp\/v2\/users\/26"}],"replies":[{"embeddable":true,"href":"https:\/\/digital58.com.ve\/site\/wp-json\/wp\/v2\/comments?post=110392"}],"version-history":[{"count":0,"href":"https:\/\/digital58.com.ve\/site\/wp-json\/wp\/v2\/posts\/110392\/revisions"}],"wp:featuredmedia":[{"embeddable":true,"href":"https:\/\/digital58.com.ve\/site\/wp-json\/wp\/v2\/media\/110394"}],"wp:attachment":[{"href":"https:\/\/digital58.com.ve\/site\/wp-json\/wp\/v2\/media?parent=110392"}],"wp:term":[{"taxonomy":"category","embeddable":true,"href":"https:\/\/digital58.com.ve\/site\/wp-json\/wp\/v2\/categories?post=110392"},{"taxonomy":"post_tag","embeddable":true,"href":"https:\/\/digital58.com.ve\/site\/wp-json\/wp\/v2\/tags?post=110392"}],"curies":[{"name":"wp","href":"https:\/\/api.w.org\/{rel}","templated":true}]}}