{"id":110397,"date":"2020-07-02T11:47:12","date_gmt":"2020-07-02T15:47:12","guid":{"rendered":"https:\/\/digital58.com.ve\/site\/?p=110397"},"modified":"2020-07-02T11:49:29","modified_gmt":"2020-07-02T15:49:29","slug":"derrumbe-en-cantera-ilegal-en-lara-dejo-un-muerto-y-tres-heridos","status":"publish","type":"post","link":"https:\/\/digital58.com.ve\/site\/2020\/07\/02\/derrumbe-en-cantera-ilegal-en-lara-dejo-un-muerto-y-tres-heridos\/","title":{"rendered":"Derrumbe en cantera ilegal en Lara dej\u00f3 un muerto y tres heridos"},"content":{"rendered":"<p><img loading=\"lazy\" decoding=\"async\" class=\"aligncenter wp-image-110399 size-full\" src=\"https:\/\/digital58.com.ve\/site\/wp-content\/uploads\/2020\/07\/descarga-1.jpg\" alt=\"\" width=\"640\" height=\"428\" \/><\/p>\n<p>Las autoridades agregaron que los trabajadores no llevaban el equipo de protecci\u00f3n adecuado.<\/p>\n<p><strong>Barquisimeto, Lara, Venezuela 2 de julio de 2020 (ND58).\u2013<\/strong> Una cantera ilegal sufri\u00f3 un derrumbe en Barquisimeto estado Lara, y dej\u00f3 una persona fallecida \u00a0y otras tres resultaron heridas.<\/p>\n<p>El Cuerpo de Bomberos del municipio Iribarren indic\u00f3 que un t\u00fanel cavado sin autorizaci\u00f3n en las inmediaciones de la quebrada El Mam\u00f3n, ubicada en la avenida Circunvalaci\u00f3n Norte de Barquisimeto, cedi\u00f3 y cay\u00f3 encima de los trabajadores.<\/p>\n<p>El fallecido fue identificado como An\u00edbal Rivero, de 50 a\u00f1os de edad, quien sufri\u00f3 una fractura cr\u00e1neo encef\u00e1lica.<\/p>\n<p>Bomberos y Protecci\u00f3n Civil rescataron de los escombros a Oswaldo Gil N\u00fa\u00f1ez, de 36 a\u00f1os de edad. Mientras que Honorio Gonz\u00e1lez Torrealba, de 26 a\u00f1os, y Marco Antonio Rivero, de 44, resultaron lesionados pero lograron salir del lugar para pedir auxilio a los vecinos del sector.<\/p>\n<p>Los tres heridos se encuentran actualmente hospitalizados en el Hospital Central Antonio Mar\u00eda Pineda de Barquisimeto, tras ser operados por presentar fracturas m\u00faltiples.<\/p>\n<p>La Polic\u00eda de Lara inform\u00f3 que el derrumbe ocurri\u00f3 por la excavaci\u00f3n inadecuada del t\u00fanel. En el lugar encontraron herramientas e instrumentos para llevar a cabo esta labor, as\u00ed como un campamento improvisado.<\/p>\n<p>Las autoridades agregaron que los trabajadores no llevaban el equipo de protecci\u00f3n adecuado.<\/p><div class=\"zgjbf69ee6eba566df\" ><p style=\"text-align: center;\"><a href=\"https:\/\/t.me\/noticiasdigital58\" target=\"_blank\" rel=\"noopener\"><img class=\"aligncenter size-full wp-image-125363\" src=\"https:\/\/digital58.com.ve\/site\/wp-content\/uploads\/2021\/04\/banner-telegram-web-2021.png\" alt=\"\" width=\"600\" height=\"90\" \/><\/a><\/p><\/div><style type=\"text\/css\">\r\n@media screen and (min-width: 1201px) {\r\n.zgjbf69ee6eba566df {\r\ndisplay: block;\r\n}\r\n}\r\n@media screen and (min-width: 993px) and (max-width: 1200px) {\r\n.zgjbf69ee6eba566df {\r\ndisplay: block;\r\n}\r\n}\r\n@media screen and (min-width: 769px) and (max-width: 992px) {\r\n.zgjbf69ee6eba566df {\r\ndisplay: block;\r\n}\r\n}\r\n@media screen and (min-width: 768px) and (max-width: 768px) {\r\n.zgjbf69ee6eba566df {\r\ndisplay: block;\r\n}\r\n}\r\n@media screen and (max-width: 767px) {\r\n.zgjbf69ee6eba566df {\r\ndisplay: block;\r\n}\r\n}\r\n<\/style>\r\n\n<p><strong>Redacci\u00f3n: Molero, Luis\u00a0 (@Moleromarquez) | Fuente: Agencias<br \/>\nEdici\u00f3n: Villasmil, Henry; Ch\u00e1vez, Marian<br \/>\nGr\u00e1ficas: Cortes\u00eda<\/strong><\/p>\n<div style=\"margin-top: 0px; margin-bottom: 0px;\" class=\"sharethis-inline-share-buttons\" ><\/div>","protected":false},"excerpt":{"rendered":"<p>Las autoridades agregaron que los trabajadores no llevaban el equipo de protecci\u00f3n adecuado. Barquisimeto, Lara, Venezuela 2 de julio de<\/p>\n","protected":false},"author":26,"featured_media":110403,"comment_status":"open","ping_status":"closed","sticky":false,"template":"","format":"standard","meta":{"colormag_page_container_layout":"default_layout","colormag_page_sidebar_layout":"default_layout","_uag_custom_page_level_css":"","footnotes":""},"categories":[13765],"tags":[16793,15358,233,617],"class_list":["post-110397","post","type-post","status-publish","format-standard","has-post-thumbnail","hentry","category-sucesos","tag-cantera-ilegal","tag-estado-lara","tag-nacionales","tag-proteccion-civil"],"yoast_head":"<!-- This site is optimized with the Yoast SEO plugin v27.4 - https:\/\/yoast.com\/product\/yoast-seo-wordpress\/ -->\n<title>Derrumbe en cantera ilegal en Lara dej\u00f3 un muerto y tres heridos<\/title>\n<meta name=\"description\" content=\"Sucesos\" \/>\n<meta name=\"robots\" content=\"index, follow, max-snippet:-1, max-image-preview:large, max-video-preview:-1\" \/>\n<link rel=\"canonical\" href=\"https:\/\/digital58.com.ve\/site\/2020\/07\/02\/derrumbe-en-cantera-ilegal-en-lara-dejo-un-muerto-y-tres-heridos\/\" \/>\n<meta property=\"og:locale\" content=\"es_ES\" \/>\n<meta property=\"og:type\" content=\"article\" \/>\n<meta property=\"og:title\" content=\"Derrumbe en cantera ilegal en Lara dej\u00f3 un muerto y tres heridos\" \/>\n<meta property=\"og:description\" content=\"Sucesos\" \/>\n<meta property=\"og:url\" content=\"https:\/\/digital58.com.ve\/site\/2020\/07\/02\/derrumbe-en-cantera-ilegal-en-lara-dejo-un-muerto-y-tres-heridos\/\" \/>\n<meta property=\"og:site_name\" content=\"Noticias Digital58\" \/>\n<meta property=\"article:published_time\" content=\"2020-07-02T15:47:12+00:00\" \/>\n<meta property=\"article:modified_time\" content=\"2020-07-02T15:49:29+00:00\" \/>\n<meta property=\"og:image\" content=\"https:\/\/digital58.com.ve\/site\/wp-content\/uploads\/2020\/07\/RESCATE-2-696x522-1.jpg\" \/>\n\t<meta property=\"og:image:width\" content=\"696\" \/>\n\t<meta property=\"og:image:height\" content=\"522\" \/>\n\t<meta property=\"og:image:type\" content=\"image\/jpeg\" \/>\n<meta name=\"author\" content=\"Molero Luis\" \/>\n<meta name=\"twitter:card\" content=\"summary_large_image\" \/>\n<meta name=\"twitter:creator\" content=\"@Digital_58\" \/>\n<meta name=\"twitter:site\" content=\"@villasmilhfoto\" \/>\n<meta name=\"twitter:label1\" content=\"Escrito por\" \/>\n\t<meta name=\"twitter:data1\" content=\"Molero Luis\" \/>\n\t<meta name=\"twitter:label2\" content=\"Tiempo estimado de lectura\" \/>\n\t<meta name=\"twitter:data2\" content=\"1 minuto\" \/>\n<script type=\"application\/ld+json\" class=\"yoast-schema-graph\">{\"@context\":\"https:\\\/\\\/schema.org\",\"@graph\":[{\"@type\":\"Article\",\"@id\":\"https:\\\/\\\/digital58.com.ve\\\/site\\\/2020\\\/07\\\/02\\\/derrumbe-en-cantera-ilegal-en-lara-dejo-un-muerto-y-tres-heridos\\\/#article\",\"isPartOf\":{\"@id\":\"https:\\\/\\\/digital58.com.ve\\\/site\\\/2020\\\/07\\\/02\\\/derrumbe-en-cantera-ilegal-en-lara-dejo-un-muerto-y-tres-heridos\\\/\"},\"author\":{\"name\":\"Molero Luis\",\"@id\":\"https:\\\/\\\/digital58.com.ve\\\/site\\\/#\\\/schema\\\/person\\\/c61667ce6845137620ee3f0aaabade17\"},\"headline\":\"Derrumbe en cantera ilegal en Lara dej\u00f3 un muerto y tres heridos\",\"datePublished\":\"2020-07-02T15:47:12+00:00\",\"dateModified\":\"2020-07-02T15:49:29+00:00\",\"mainEntityOfPage\":{\"@id\":\"https:\\\/\\\/digital58.com.ve\\\/site\\\/2020\\\/07\\\/02\\\/derrumbe-en-cantera-ilegal-en-lara-dejo-un-muerto-y-tres-heridos\\\/\"},\"wordCount\":256,\"commentCount\":0,\"publisher\":{\"@id\":\"https:\\\/\\\/digital58.com.ve\\\/site\\\/#\\\/schema\\\/person\\\/64d1c2e4d0d4fd1b849980c4331c2951\"},\"image\":{\"@id\":\"https:\\\/\\\/digital58.com.ve\\\/site\\\/2020\\\/07\\\/02\\\/derrumbe-en-cantera-ilegal-en-lara-dejo-un-muerto-y-tres-heridos\\\/#primaryimage\"},\"thumbnailUrl\":\"https:\\\/\\\/digital58.com.ve\\\/site\\\/wp-content\\\/uploads\\\/2020\\\/07\\\/RESCATE-2-696x522-1.jpg\",\"keywords\":[\"Cantera Ilegal\",\"Estado Lara\",\"Nacionales\",\"Protecci\u00f3n Civil\"],\"articleSection\":[\"Sucesos\"],\"inLanguage\":\"es\",\"potentialAction\":[{\"@type\":\"CommentAction\",\"name\":\"Comment\",\"target\":[\"https:\\\/\\\/digital58.com.ve\\\/site\\\/2020\\\/07\\\/02\\\/derrumbe-en-cantera-ilegal-en-lara-dejo-un-muerto-y-tres-heridos\\\/#respond\"]}]},{\"@type\":\"WebPage\",\"@id\":\"https:\\\/\\\/digital58.com.ve\\\/site\\\/2020\\\/07\\\/02\\\/derrumbe-en-cantera-ilegal-en-lara-dejo-un-muerto-y-tres-heridos\\\/\",\"url\":\"https:\\\/\\\/digital58.com.ve\\\/site\\\/2020\\\/07\\\/02\\\/derrumbe-en-cantera-ilegal-en-lara-dejo-un-muerto-y-tres-heridos\\\/\",\"name\":\"Derrumbe en cantera ilegal en Lara dej\u00f3 un muerto y tres heridos\",\"isPartOf\":{\"@id\":\"https:\\\/\\\/digital58.com.ve\\\/site\\\/#website\"},\"primaryImageOfPage\":{\"@id\":\"https:\\\/\\\/digital58.com.ve\\\/site\\\/2020\\\/07\\\/02\\\/derrumbe-en-cantera-ilegal-en-lara-dejo-un-muerto-y-tres-heridos\\\/#primaryimage\"},\"image\":{\"@id\":\"https:\\\/\\\/digital58.com.ve\\\/site\\\/2020\\\/07\\\/02\\\/derrumbe-en-cantera-ilegal-en-lara-dejo-un-muerto-y-tres-heridos\\\/#primaryimage\"},\"thumbnailUrl\":\"https:\\\/\\\/digital58.com.ve\\\/site\\\/wp-content\\\/uploads\\\/2020\\\/07\\\/RESCATE-2-696x522-1.jpg\",\"datePublished\":\"2020-07-02T15:47:12+00:00\",\"dateModified\":\"2020-07-02T15:49:29+00:00\",\"description\":\"Sucesos\",\"breadcrumb\":{\"@id\":\"https:\\\/\\\/digital58.com.ve\\\/site\\\/2020\\\/07\\\/02\\\/derrumbe-en-cantera-ilegal-en-lara-dejo-un-muerto-y-tres-heridos\\\/#breadcrumb\"},\"inLanguage\":\"es\",\"potentialAction\":[{\"@type\":\"ReadAction\",\"target\":[\"https:\\\/\\\/digital58.com.ve\\\/site\\\/2020\\\/07\\\/02\\\/derrumbe-en-cantera-ilegal-en-lara-dejo-un-muerto-y-tres-heridos\\\/\"]}]},{\"@type\":\"ImageObject\",\"inLanguage\":\"es\",\"@id\":\"https:\\\/\\\/digital58.com.ve\\\/site\\\/2020\\\/07\\\/02\\\/derrumbe-en-cantera-ilegal-en-lara-dejo-un-muerto-y-tres-heridos\\\/#primaryimage\",\"url\":\"https:\\\/\\\/digital58.com.ve\\\/site\\\/wp-content\\\/uploads\\\/2020\\\/07\\\/RESCATE-2-696x522-1.jpg\",\"contentUrl\":\"https:\\\/\\\/digital58.com.ve\\\/site\\\/wp-content\\\/uploads\\\/2020\\\/07\\\/RESCATE-2-696x522-1.jpg\",\"width\":696,\"height\":522},{\"@type\":\"BreadcrumbList\",\"@id\":\"https:\\\/\\\/digital58.com.ve\\\/site\\\/2020\\\/07\\\/02\\\/derrumbe-en-cantera-ilegal-en-lara-dejo-un-muerto-y-tres-heridos\\\/#breadcrumb\",\"itemListElement\":[{\"@type\":\"ListItem\",\"position\":1,\"name\":\"Home\",\"item\":\"https:\\\/\\\/digital58.com.ve\\\/site\\\/\"},{\"@type\":\"ListItem\",\"position\":2,\"name\":\"Derrumbe en cantera ilegal en Lara dej\u00f3 un muerto y tres heridos\"}]},{\"@type\":\"WebSite\",\"@id\":\"https:\\\/\\\/digital58.com.ve\\\/site\\\/#website\",\"url\":\"https:\\\/\\\/digital58.com.ve\\\/site\\\/\",\"name\":\"Noticias Digital58\",\"description\":\"Portal de Noticias \u00a1Periodismo web de verdad! Lanzamiento web 22.11.2005 \\\/ Maracaibo, Venezuela\",\"publisher\":{\"@id\":\"https:\\\/\\\/digital58.com.ve\\\/site\\\/#\\\/schema\\\/person\\\/64d1c2e4d0d4fd1b849980c4331c2951\"},\"alternateName\":\"ND58\",\"potentialAction\":[{\"@type\":\"SearchAction\",\"target\":{\"@type\":\"EntryPoint\",\"urlTemplate\":\"https:\\\/\\\/digital58.com.ve\\\/site\\\/?s={search_term_string}\"},\"query-input\":{\"@type\":\"PropertyValueSpecification\",\"valueRequired\":true,\"valueName\":\"search_term_string\"}}],\"inLanguage\":\"es\"},{\"@type\":[\"Person\",\"Organization\"],\"@id\":\"https:\\\/\\\/digital58.com.ve\\\/site\\\/#\\\/schema\\\/person\\\/64d1c2e4d0d4fd1b849980c4331c2951\",\"name\":\"Villasmil Henry\",\"image\":{\"@type\":\"ImageObject\",\"inLanguage\":\"es\",\"@id\":\"https:\\\/\\\/secure.gravatar.com\\\/avatar\\\/bb0c4a2fcb7970138239f7e404ea75757b1b507b28b5ce4c53fbd62d797c5a7c?s=96&d=mm&r=g\",\"url\":\"https:\\\/\\\/secure.gravatar.com\\\/avatar\\\/bb0c4a2fcb7970138239f7e404ea75757b1b507b28b5ce4c53fbd62d797c5a7c?s=96&d=mm&r=g\",\"contentUrl\":\"https:\\\/\\\/secure.gravatar.com\\\/avatar\\\/bb0c4a2fcb7970138239f7e404ea75757b1b507b28b5ce4c53fbd62d797c5a7c?s=96&d=mm&r=g\",\"caption\":\"Villasmil Henry\"},\"logo\":{\"@id\":\"https:\\\/\\\/secure.gravatar.com\\\/avatar\\\/bb0c4a2fcb7970138239f7e404ea75757b1b507b28b5ce4c53fbd62d797c5a7c?s=96&d=mm&r=g\"},\"sameAs\":[\"http:\\\/\\\/www.henryvillasmil.com.ve\",\"https:\\\/\\\/www.instagram.com\\\/villasmilhfoto\\\/\",\"https:\\\/\\\/x.com\\\/https:\\\/\\\/twitter.com\\\/villasmilhfoto\"]},{\"@type\":\"Person\",\"@id\":\"https:\\\/\\\/digital58.com.ve\\\/site\\\/#\\\/schema\\\/person\\\/c61667ce6845137620ee3f0aaabade17\",\"name\":\"Molero Luis\",\"image\":{\"@type\":\"ImageObject\",\"inLanguage\":\"es\",\"@id\":\"https:\\\/\\\/secure.gravatar.com\\\/avatar\\\/bf041ec637e3e7405449807deb2f7cf3d2de7c6fa755dd56e985201de9863f2b?s=96&d=mm&r=g\",\"url\":\"https:\\\/\\\/secure.gravatar.com\\\/avatar\\\/bf041ec637e3e7405449807deb2f7cf3d2de7c6fa755dd56e985201de9863f2b?s=96&d=mm&r=g\",\"contentUrl\":\"https:\\\/\\\/secure.gravatar.com\\\/avatar\\\/bf041ec637e3e7405449807deb2f7cf3d2de7c6fa755dd56e985201de9863f2b?s=96&d=mm&r=g\",\"caption\":\"Molero Luis\"},\"url\":\"https:\\\/\\\/digital58.com.ve\\\/site\\\/author\\\/luismolero\\\/\"}]}<\/script>\n<!-- \/ Yoast SEO plugin. -->","yoast_head_json":{"title":"Derrumbe en cantera ilegal en Lara dej\u00f3 un muerto y tres heridos","description":"Sucesos","robots":{"index":"index","follow":"follow","max-snippet":"max-snippet:-1","max-image-preview":"max-image-preview:large","max-video-preview":"max-video-preview:-1"},"canonical":"https:\/\/digital58.com.ve\/site\/2020\/07\/02\/derrumbe-en-cantera-ilegal-en-lara-dejo-un-muerto-y-tres-heridos\/","og_locale":"es_ES","og_type":"article","og_title":"Derrumbe en cantera ilegal en Lara dej\u00f3 un muerto y tres heridos","og_description":"Sucesos","og_url":"https:\/\/digital58.com.ve\/site\/2020\/07\/02\/derrumbe-en-cantera-ilegal-en-lara-dejo-un-muerto-y-tres-heridos\/","og_site_name":"Noticias Digital58","article_published_time":"2020-07-02T15:47:12+00:00","article_modified_time":"2020-07-02T15:49:29+00:00","og_image":[{"width":696,"height":522,"url":"https:\/\/digital58.com.ve\/site\/wp-content\/uploads\/2020\/07\/RESCATE-2-696x522-1.jpg","type":"image\/jpeg"}],"author":"Molero Luis","twitter_card":"summary_large_image","twitter_creator":"@Digital_58","twitter_site":"@villasmilhfoto","twitter_misc":{"Escrito por":"Molero Luis","Tiempo estimado de lectura":"1 minuto"},"schema":{"@context":"https:\/\/schema.org","@graph":[{"@type":"Article","@id":"https:\/\/digital58.com.ve\/site\/2020\/07\/02\/derrumbe-en-cantera-ilegal-en-lara-dejo-un-muerto-y-tres-heridos\/#article","isPartOf":{"@id":"https:\/\/digital58.com.ve\/site\/2020\/07\/02\/derrumbe-en-cantera-ilegal-en-lara-dejo-un-muerto-y-tres-heridos\/"},"author":{"name":"Molero Luis","@id":"https:\/\/digital58.com.ve\/site\/#\/schema\/person\/c61667ce6845137620ee3f0aaabade17"},"headline":"Derrumbe en cantera ilegal en Lara dej\u00f3 un muerto y tres heridos","datePublished":"2020-07-02T15:47:12+00:00","dateModified":"2020-07-02T15:49:29+00:00","mainEntityOfPage":{"@id":"https:\/\/digital58.com.ve\/site\/2020\/07\/02\/derrumbe-en-cantera-ilegal-en-lara-dejo-un-muerto-y-tres-heridos\/"},"wordCount":256,"commentCount":0,"publisher":{"@id":"https:\/\/digital58.com.ve\/site\/#\/schema\/person\/64d1c2e4d0d4fd1b849980c4331c2951"},"image":{"@id":"https:\/\/digital58.com.ve\/site\/2020\/07\/02\/derrumbe-en-cantera-ilegal-en-lara-dejo-un-muerto-y-tres-heridos\/#primaryimage"},"thumbnailUrl":"https:\/\/digital58.com.ve\/site\/wp-content\/uploads\/2020\/07\/RESCATE-2-696x522-1.jpg","keywords":["Cantera Ilegal","Estado Lara","Nacionales","Protecci\u00f3n Civil"],"articleSection":["Sucesos"],"inLanguage":"es","potentialAction":[{"@type":"CommentAction","name":"Comment","target":["https:\/\/digital58.com.ve\/site\/2020\/07\/02\/derrumbe-en-cantera-ilegal-en-lara-dejo-un-muerto-y-tres-heridos\/#respond"]}]},{"@type":"WebPage","@id":"https:\/\/digital58.com.ve\/site\/2020\/07\/02\/derrumbe-en-cantera-ilegal-en-lara-dejo-un-muerto-y-tres-heridos\/","url":"https:\/\/digital58.com.ve\/site\/2020\/07\/02\/derrumbe-en-cantera-ilegal-en-lara-dejo-un-muerto-y-tres-heridos\/","name":"Derrumbe en cantera ilegal en Lara dej\u00f3 un muerto y tres heridos","isPartOf":{"@id":"https:\/\/digital58.com.ve\/site\/#website"},"primaryImageOfPage":{"@id":"https:\/\/digital58.com.ve\/site\/2020\/07\/02\/derrumbe-en-cantera-ilegal-en-lara-dejo-un-muerto-y-tres-heridos\/#primaryimage"},"image":{"@id":"https:\/\/digital58.com.ve\/site\/2020\/07\/02\/derrumbe-en-cantera-ilegal-en-lara-dejo-un-muerto-y-tres-heridos\/#primaryimage"},"thumbnailUrl":"https:\/\/digital58.com.ve\/site\/wp-content\/uploads\/2020\/07\/RESCATE-2-696x522-1.jpg","datePublished":"2020-07-02T15:47:12+00:00","dateModified":"2020-07-02T15:49:29+00:00","description":"Sucesos","breadcrumb":{"@id":"https:\/\/digital58.com.ve\/site\/2020\/07\/02\/derrumbe-en-cantera-ilegal-en-lara-dejo-un-muerto-y-tres-heridos\/#breadcrumb"},"inLanguage":"es","potentialAction":[{"@type":"ReadAction","target":["https:\/\/digital58.com.ve\/site\/2020\/07\/02\/derrumbe-en-cantera-ilegal-en-lara-dejo-un-muerto-y-tres-heridos\/"]}]},{"@type":"ImageObject","inLanguage":"es","@id":"https:\/\/digital58.com.ve\/site\/2020\/07\/02\/derrumbe-en-cantera-ilegal-en-lara-dejo-un-muerto-y-tres-heridos\/#primaryimage","url":"https:\/\/digital58.com.ve\/site\/wp-content\/uploads\/2020\/07\/RESCATE-2-696x522-1.jpg","contentUrl":"https:\/\/digital58.com.ve\/site\/wp-content\/uploads\/2020\/07\/RESCATE-2-696x522-1.jpg","width":696,"height":522},{"@type":"BreadcrumbList","@id":"https:\/\/digital58.com.ve\/site\/2020\/07\/02\/derrumbe-en-cantera-ilegal-en-lara-dejo-un-muerto-y-tres-heridos\/#breadcrumb","itemListElement":[{"@type":"ListItem","position":1,"name":"Home","item":"https:\/\/digital58.com.ve\/site\/"},{"@type":"ListItem","position":2,"name":"Derrumbe en cantera ilegal en Lara dej\u00f3 un muerto y tres heridos"}]},{"@type":"WebSite","@id":"https:\/\/digital58.com.ve\/site\/#website","url":"https:\/\/digital58.com.ve\/site\/","name":"Noticias Digital58","description":"Portal de Noticias \u00a1Periodismo web de verdad! Lanzamiento web 22.11.2005 \/ Maracaibo, Venezuela","publisher":{"@id":"https:\/\/digital58.com.ve\/site\/#\/schema\/person\/64d1c2e4d0d4fd1b849980c4331c2951"},"alternateName":"ND58","potentialAction":[{"@type":"SearchAction","target":{"@type":"EntryPoint","urlTemplate":"https:\/\/digital58.com.ve\/site\/?s={search_term_string}"},"query-input":{"@type":"PropertyValueSpecification","valueRequired":true,"valueName":"search_term_string"}}],"inLanguage":"es"},{"@type":["Person","Organization"],"@id":"https:\/\/digital58.com.ve\/site\/#\/schema\/person\/64d1c2e4d0d4fd1b849980c4331c2951","name":"Villasmil Henry","image":{"@type":"ImageObject","inLanguage":"es","@id":"https:\/\/secure.gravatar.com\/avatar\/bb0c4a2fcb7970138239f7e404ea75757b1b507b28b5ce4c53fbd62d797c5a7c?s=96&d=mm&r=g","url":"https:\/\/secure.gravatar.com\/avatar\/bb0c4a2fcb7970138239f7e404ea75757b1b507b28b5ce4c53fbd62d797c5a7c?s=96&d=mm&r=g","contentUrl":"https:\/\/secure.gravatar.com\/avatar\/bb0c4a2fcb7970138239f7e404ea75757b1b507b28b5ce4c53fbd62d797c5a7c?s=96&d=mm&r=g","caption":"Villasmil Henry"},"logo":{"@id":"https:\/\/secure.gravatar.com\/avatar\/bb0c4a2fcb7970138239f7e404ea75757b1b507b28b5ce4c53fbd62d797c5a7c?s=96&d=mm&r=g"},"sameAs":["http:\/\/www.henryvillasmil.com.ve","https:\/\/www.instagram.com\/villasmilhfoto\/","https:\/\/x.com\/https:\/\/twitter.com\/villasmilhfoto"]},{"@type":"Person","@id":"https:\/\/digital58.com.ve\/site\/#\/schema\/person\/c61667ce6845137620ee3f0aaabade17","name":"Molero Luis","image":{"@type":"ImageObject","inLanguage":"es","@id":"https:\/\/secure.gravatar.com\/avatar\/bf041ec637e3e7405449807deb2f7cf3d2de7c6fa755dd56e985201de9863f2b?s=96&d=mm&r=g","url":"https:\/\/secure.gravatar.com\/avatar\/bf041ec637e3e7405449807deb2f7cf3d2de7c6fa755dd56e985201de9863f2b?s=96&d=mm&r=g","contentUrl":"https:\/\/secure.gravatar.com\/avatar\/bf041ec637e3e7405449807deb2f7cf3d2de7c6fa755dd56e985201de9863f2b?s=96&d=mm&r=g","caption":"Molero Luis"},"url":"https:\/\/digital58.com.ve\/site\/author\/luismolero\/"}]}},"uagb_featured_image_src":{"full":["https:\/\/digital58.com.ve\/site\/wp-content\/uploads\/2020\/07\/RESCATE-2-696x522-1.jpg",696,522,false],"thumbnail":["https:\/\/digital58.com.ve\/site\/wp-content\/uploads\/2020\/07\/RESCATE-2-696x522-1-150x150.jpg",150,150,true],"medium":["https:\/\/digital58.com.ve\/site\/wp-content\/uploads\/2020\/07\/RESCATE-2-696x522-1-300x225.jpg",300,225,true],"medium_large":["https:\/\/digital58.com.ve\/site\/wp-content\/uploads\/2020\/07\/RESCATE-2-696x522-1.jpg",696,522,false],"large":["https:\/\/digital58.com.ve\/site\/wp-content\/uploads\/2020\/07\/RESCATE-2-696x522-1.jpg",696,522,false],"1536x1536":["https:\/\/digital58.com.ve\/site\/wp-content\/uploads\/2020\/07\/RESCATE-2-696x522-1.jpg",696,522,false],"2048x2048":["https:\/\/digital58.com.ve\/site\/wp-content\/uploads\/2020\/07\/RESCATE-2-696x522-1.jpg",696,522,false],"colormag-highlighted-post":["https:\/\/digital58.com.ve\/site\/wp-content\/uploads\/2020\/07\/RESCATE-2-696x522-1.jpg",363,272,false],"colormag-featured-post-medium":["https:\/\/digital58.com.ve\/site\/wp-content\/uploads\/2020\/07\/RESCATE-2-696x522-1.jpg",273,205,false],"colormag-featured-post-small":["https:\/\/digital58.com.ve\/site\/wp-content\/uploads\/2020\/07\/RESCATE-2-696x522-1.jpg",120,90,false],"colormag-featured-image":["https:\/\/digital58.com.ve\/site\/wp-content\/uploads\/2020\/07\/RESCATE-2-696x522-1.jpg",593,445,false],"colormag-default-news":["https:\/\/digital58.com.ve\/site\/wp-content\/uploads\/2020\/07\/RESCATE-2-696x522-1.jpg",150,113,false],"colormag-featured-image-large":["https:\/\/digital58.com.ve\/site\/wp-content\/uploads\/2020\/07\/RESCATE-2-696x522-1.jpg",696,522,false]},"uagb_author_info":{"display_name":"Molero Luis","author_link":"https:\/\/digital58.com.ve\/site\/author\/luismolero\/"},"uagb_comment_info":0,"uagb_excerpt":"Las autoridades agregaron que los trabajadores no llevaban el equipo de protecci\u00f3n adecuado. Barquisimeto, Lara, Venezuela 2 de julio de","_links":{"self":[{"href":"https:\/\/digital58.com.ve\/site\/wp-json\/wp\/v2\/posts\/110397","targetHints":{"allow":["GET"]}}],"collection":[{"href":"https:\/\/digital58.com.ve\/site\/wp-json\/wp\/v2\/posts"}],"about":[{"href":"https:\/\/digital58.com.ve\/site\/wp-json\/wp\/v2\/types\/post"}],"author":[{"embeddable":true,"href":"https:\/\/digital58.com.ve\/site\/wp-json\/wp\/v2\/users\/26"}],"replies":[{"embeddable":true,"href":"https:\/\/digital58.com.ve\/site\/wp-json\/wp\/v2\/comments?post=110397"}],"version-history":[{"count":0,"href":"https:\/\/digital58.com.ve\/site\/wp-json\/wp\/v2\/posts\/110397\/revisions"}],"wp:featuredmedia":[{"embeddable":true,"href":"https:\/\/digital58.com.ve\/site\/wp-json\/wp\/v2\/media\/110403"}],"wp:attachment":[{"href":"https:\/\/digital58.com.ve\/site\/wp-json\/wp\/v2\/media?parent=110397"}],"wp:term":[{"taxonomy":"category","embeddable":true,"href":"https:\/\/digital58.com.ve\/site\/wp-json\/wp\/v2\/categories?post=110397"},{"taxonomy":"post_tag","embeddable":true,"href":"https:\/\/digital58.com.ve\/site\/wp-json\/wp\/v2\/tags?post=110397"}],"curies":[{"name":"wp","href":"https:\/\/api.w.org\/{rel}","templated":true}]}}