{"id":110433,"date":"2020-07-02T13:40:31","date_gmt":"2020-07-02T17:40:31","guid":{"rendered":"https:\/\/digital58.com.ve\/site\/?p=110433"},"modified":"2020-07-02T13:40:31","modified_gmt":"2020-07-02T17:40:31","slug":"inscripciones-y-actos-de-grado-en-colegios-privados-esperan-por-lineamientos-del-ministerio-de-educacion","status":"publish","type":"post","link":"https:\/\/digital58.com.ve\/site\/2020\/07\/02\/inscripciones-y-actos-de-grado-en-colegios-privados-esperan-por-lineamientos-del-ministerio-de-educacion\/","title":{"rendered":"Inscripciones y actos de grado en colegios privados esperan por lineamientos del Ministerio de Educaci\u00f3n"},"content":{"rendered":"<p><img loading=\"lazy\" decoding=\"async\" class=\"aligncenter wp-image-110434 size-full\" src=\"https:\/\/digital58.com.ve\/site\/wp-content\/uploads\/2020\/07\/auto-decorado-globos-festeja-graduado_0_39_600_361.jpeg\" alt=\"\" width=\"881\" height=\"530\" srcset=\"https:\/\/digital58.com.ve\/site\/wp-content\/uploads\/2020\/07\/auto-decorado-globos-festeja-graduado_0_39_600_361.jpeg 800w, https:\/\/digital58.com.ve\/site\/wp-content\/uploads\/2020\/07\/auto-decorado-globos-festeja-graduado_0_39_600_361-300x180.jpeg 300w, https:\/\/digital58.com.ve\/site\/wp-content\/uploads\/2020\/07\/auto-decorado-globos-festeja-graduado_0_39_600_361-768x462.jpeg 768w\" sizes=\"auto, (max-width: 881px) 100vw, 881px\" \/><\/p>\n<p>El acto de graduaci\u00f3n es un momento muy esperado, pero ahora se ve marcado por esta crisis sanitaria.<\/p>\n<p><strong>Barquisimeto, Lara, Venezuela 2 de julio de 2020 (ND58).\u2013<\/strong>\u00a0Herlinda Hartliep, presidenta de la Asociaci\u00f3n de Colegios Privados, manifest\u00f3 que est\u00e1n a la expectativa, de las indicaciones del Ministerio de Educaci\u00f3n.<\/p>\n<p>\u00abEstamos a la espera de los T\u00edtulos de Bachiller, en a\u00f1os anteriores para esta fecha se encontraban en revisi\u00f3n y firma. Por lo general, estaban listos el 15 de julio. Igualmente, las inscripciones iniciaban en esta fecha\u00bb.<\/p>\n<p>El acto de graduaci\u00f3n es un momento muy esperado, pero ahora se ve marcado por esta crisis sanitaria. Esperamos los lineamientos y ver si es posible hacer actos en los que la participaci\u00f3n presencial ser\u00e1 de\u00a0 cinco o 10 estudiantes, dijo.<\/p>\n<p>Hartliep cree que las restricciones se prologuen, ya que cada d\u00eda se registran m\u00e1s casos de COVID-19 en el pa\u00eds. Por tanto, tambi\u00e9n aguardan por el lineamiento del Ministerio de Educaci\u00f3n respecto a las inscripciones.<\/p>\n<p>Es posible que sean en septiembre dijo al tiempo comenta que si el gobierno orden\u00f3 clase online es posible que se aplique para las inscripciones. Aunque no es f\u00e1cil,\u00a0 dijo porque la plataforma de internet no es tan \u00f3ptima. Hay que esperar, es algo novedoso y amerita resoluciones legales en cuanto a la recepci\u00f3n de documentos.<\/p><div class=\"flvio69f215e6d9b5f\" ><p style=\"text-align: center;\"><a href=\"https:\/\/t.me\/noticiasdigital58\" target=\"_blank\" rel=\"noopener\"><img class=\"aligncenter size-full wp-image-125363\" src=\"https:\/\/digital58.com.ve\/site\/wp-content\/uploads\/2021\/04\/banner-telegram-web-2021.png\" alt=\"\" width=\"600\" height=\"90\" \/><\/a><\/p><\/div><style type=\"text\/css\">\r\n@media screen and (min-width: 1201px) {\r\n.flvio69f215e6d9b5f {\r\ndisplay: block;\r\n}\r\n}\r\n@media screen and (min-width: 993px) and (max-width: 1200px) {\r\n.flvio69f215e6d9b5f {\r\ndisplay: block;\r\n}\r\n}\r\n@media screen and (min-width: 769px) and (max-width: 992px) {\r\n.flvio69f215e6d9b5f {\r\ndisplay: block;\r\n}\r\n}\r\n@media screen and (min-width: 768px) and (max-width: 768px) {\r\n.flvio69f215e6d9b5f {\r\ndisplay: block;\r\n}\r\n}\r\n@media screen and (max-width: 767px) {\r\n.flvio69f215e6d9b5f {\r\ndisplay: block;\r\n}\r\n}\r\n<\/style>\r\n\n<p><strong>Redacci\u00f3n: Molero, Luis\u00a0 (@Moleromarquez) | Fuente: Agencias<br \/>\nEdici\u00f3n: Villasmil, Henry; Ch\u00e1vez, Marian<br \/>\nGr\u00e1ficas: Cortes\u00eda<\/strong><\/p>\n<div style=\"margin-top: 0px; margin-bottom: 0px;\" class=\"sharethis-inline-share-buttons\" ><\/div>","protected":false},"excerpt":{"rendered":"<p>El acto de graduaci\u00f3n es un momento muy esperado, pero ahora se ve marcado por esta crisis sanitaria. Barquisimeto, Lara,<\/p>\n","protected":false},"author":26,"featured_media":110435,"comment_status":"open","ping_status":"closed","sticky":false,"template":"","format":"standard","meta":{"colormag_page_container_layout":"default_layout","colormag_page_sidebar_layout":"default_layout","_uag_custom_page_level_css":"","footnotes":""},"categories":[16454],"tags":[16799,15358,16800,16801,233],"class_list":["post-110433","post","type-post","status-publish","format-standard","has-post-thumbnail","hentry","category-venezuela","tag-colegio-privados","tag-estado-lara","tag-herlinda-hartliep","tag-ministerio-de-educacion","tag-nacionales"],"yoast_head":"<!-- This site is optimized with the Yoast SEO plugin v27.5 - https:\/\/yoast.com\/product\/yoast-seo-wordpress\/ -->\n<title>Inscripciones y actos de grado en colegios privados esperan por lineamientos del Ministerio de Educaci\u00f3n<\/title>\n<meta name=\"description\" content=\"Venezuela\" \/>\n<meta name=\"robots\" content=\"index, follow, max-snippet:-1, max-image-preview:large, max-video-preview:-1\" \/>\n<link rel=\"canonical\" href=\"https:\/\/digital58.com.ve\/site\/2020\/07\/02\/inscripciones-y-actos-de-grado-en-colegios-privados-esperan-por-lineamientos-del-ministerio-de-educacion\/\" \/>\n<meta property=\"og:locale\" content=\"es_ES\" \/>\n<meta property=\"og:type\" content=\"article\" \/>\n<meta property=\"og:title\" content=\"Inscripciones y actos de grado en colegios privados esperan por lineamientos del Ministerio de Educaci\u00f3n\" \/>\n<meta property=\"og:description\" content=\"Venezuela\" \/>\n<meta property=\"og:url\" content=\"https:\/\/digital58.com.ve\/site\/2020\/07\/02\/inscripciones-y-actos-de-grado-en-colegios-privados-esperan-por-lineamientos-del-ministerio-de-educacion\/\" \/>\n<meta property=\"og:site_name\" content=\"Noticias Digital58\" \/>\n<meta property=\"article:published_time\" content=\"2020-07-02T17:40:31+00:00\" \/>\n<meta property=\"og:image\" content=\"https:\/\/digital58.com.ve\/site\/wp-content\/uploads\/2020\/07\/DkluBgyXoAEQEDz.jpg\" \/>\n\t<meta property=\"og:image:width\" content=\"800\" \/>\n\t<meta property=\"og:image:height\" content=\"494\" \/>\n\t<meta property=\"og:image:type\" content=\"image\/jpeg\" \/>\n<meta name=\"author\" content=\"Molero Luis\" \/>\n<meta name=\"twitter:card\" content=\"summary_large_image\" \/>\n<meta name=\"twitter:creator\" content=\"@Digital_58\" \/>\n<meta name=\"twitter:site\" content=\"@villasmilhfoto\" \/>\n<meta name=\"twitter:label1\" content=\"Escrito por\" \/>\n\t<meta name=\"twitter:data1\" content=\"Molero Luis\" \/>\n\t<meta name=\"twitter:label2\" content=\"Tiempo estimado de lectura\" \/>\n\t<meta name=\"twitter:data2\" content=\"1 minuto\" \/>\n<script type=\"application\/ld+json\" class=\"yoast-schema-graph\">{\"@context\":\"https:\\\/\\\/schema.org\",\"@graph\":[{\"@type\":\"Article\",\"@id\":\"https:\\\/\\\/digital58.com.ve\\\/site\\\/2020\\\/07\\\/02\\\/inscripciones-y-actos-de-grado-en-colegios-privados-esperan-por-lineamientos-del-ministerio-de-educacion\\\/#article\",\"isPartOf\":{\"@id\":\"https:\\\/\\\/digital58.com.ve\\\/site\\\/2020\\\/07\\\/02\\\/inscripciones-y-actos-de-grado-en-colegios-privados-esperan-por-lineamientos-del-ministerio-de-educacion\\\/\"},\"author\":{\"name\":\"Molero Luis\",\"@id\":\"https:\\\/\\\/digital58.com.ve\\\/site\\\/#\\\/schema\\\/person\\\/c61667ce6845137620ee3f0aaabade17\"},\"headline\":\"Inscripciones y actos de grado en colegios privados esperan por lineamientos del Ministerio de Educaci\u00f3n\",\"datePublished\":\"2020-07-02T17:40:31+00:00\",\"mainEntityOfPage\":{\"@id\":\"https:\\\/\\\/digital58.com.ve\\\/site\\\/2020\\\/07\\\/02\\\/inscripciones-y-actos-de-grado-en-colegios-privados-esperan-por-lineamientos-del-ministerio-de-educacion\\\/\"},\"wordCount\":264,\"commentCount\":0,\"publisher\":{\"@id\":\"https:\\\/\\\/digital58.com.ve\\\/site\\\/#\\\/schema\\\/person\\\/64d1c2e4d0d4fd1b849980c4331c2951\"},\"image\":{\"@id\":\"https:\\\/\\\/digital58.com.ve\\\/site\\\/2020\\\/07\\\/02\\\/inscripciones-y-actos-de-grado-en-colegios-privados-esperan-por-lineamientos-del-ministerio-de-educacion\\\/#primaryimage\"},\"thumbnailUrl\":\"https:\\\/\\\/digital58.com.ve\\\/site\\\/wp-content\\\/uploads\\\/2020\\\/07\\\/DkluBgyXoAEQEDz.jpg\",\"keywords\":[\"Colegio Privados\",\"Estado Lara\",\"Herlinda Hartliep\",\"Ministerio de Educaci\u00f3n\",\"Nacionales\"],\"articleSection\":[\"Venezuela\"],\"inLanguage\":\"es\",\"potentialAction\":[{\"@type\":\"CommentAction\",\"name\":\"Comment\",\"target\":[\"https:\\\/\\\/digital58.com.ve\\\/site\\\/2020\\\/07\\\/02\\\/inscripciones-y-actos-de-grado-en-colegios-privados-esperan-por-lineamientos-del-ministerio-de-educacion\\\/#respond\"]}]},{\"@type\":\"WebPage\",\"@id\":\"https:\\\/\\\/digital58.com.ve\\\/site\\\/2020\\\/07\\\/02\\\/inscripciones-y-actos-de-grado-en-colegios-privados-esperan-por-lineamientos-del-ministerio-de-educacion\\\/\",\"url\":\"https:\\\/\\\/digital58.com.ve\\\/site\\\/2020\\\/07\\\/02\\\/inscripciones-y-actos-de-grado-en-colegios-privados-esperan-por-lineamientos-del-ministerio-de-educacion\\\/\",\"name\":\"Inscripciones y actos de grado en colegios privados esperan por lineamientos del Ministerio de Educaci\u00f3n\",\"isPartOf\":{\"@id\":\"https:\\\/\\\/digital58.com.ve\\\/site\\\/#website\"},\"primaryImageOfPage\":{\"@id\":\"https:\\\/\\\/digital58.com.ve\\\/site\\\/2020\\\/07\\\/02\\\/inscripciones-y-actos-de-grado-en-colegios-privados-esperan-por-lineamientos-del-ministerio-de-educacion\\\/#primaryimage\"},\"image\":{\"@id\":\"https:\\\/\\\/digital58.com.ve\\\/site\\\/2020\\\/07\\\/02\\\/inscripciones-y-actos-de-grado-en-colegios-privados-esperan-por-lineamientos-del-ministerio-de-educacion\\\/#primaryimage\"},\"thumbnailUrl\":\"https:\\\/\\\/digital58.com.ve\\\/site\\\/wp-content\\\/uploads\\\/2020\\\/07\\\/DkluBgyXoAEQEDz.jpg\",\"datePublished\":\"2020-07-02T17:40:31+00:00\",\"description\":\"Venezuela\",\"breadcrumb\":{\"@id\":\"https:\\\/\\\/digital58.com.ve\\\/site\\\/2020\\\/07\\\/02\\\/inscripciones-y-actos-de-grado-en-colegios-privados-esperan-por-lineamientos-del-ministerio-de-educacion\\\/#breadcrumb\"},\"inLanguage\":\"es\",\"potentialAction\":[{\"@type\":\"ReadAction\",\"target\":[\"https:\\\/\\\/digital58.com.ve\\\/site\\\/2020\\\/07\\\/02\\\/inscripciones-y-actos-de-grado-en-colegios-privados-esperan-por-lineamientos-del-ministerio-de-educacion\\\/\"]}]},{\"@type\":\"ImageObject\",\"inLanguage\":\"es\",\"@id\":\"https:\\\/\\\/digital58.com.ve\\\/site\\\/2020\\\/07\\\/02\\\/inscripciones-y-actos-de-grado-en-colegios-privados-esperan-por-lineamientos-del-ministerio-de-educacion\\\/#primaryimage\",\"url\":\"https:\\\/\\\/digital58.com.ve\\\/site\\\/wp-content\\\/uploads\\\/2020\\\/07\\\/DkluBgyXoAEQEDz.jpg\",\"contentUrl\":\"https:\\\/\\\/digital58.com.ve\\\/site\\\/wp-content\\\/uploads\\\/2020\\\/07\\\/DkluBgyXoAEQEDz.jpg\",\"width\":800,\"height\":494},{\"@type\":\"BreadcrumbList\",\"@id\":\"https:\\\/\\\/digital58.com.ve\\\/site\\\/2020\\\/07\\\/02\\\/inscripciones-y-actos-de-grado-en-colegios-privados-esperan-por-lineamientos-del-ministerio-de-educacion\\\/#breadcrumb\",\"itemListElement\":[{\"@type\":\"ListItem\",\"position\":1,\"name\":\"Home\",\"item\":\"https:\\\/\\\/digital58.com.ve\\\/site\\\/\"},{\"@type\":\"ListItem\",\"position\":2,\"name\":\"Inscripciones y actos de grado en colegios privados esperan por lineamientos del Ministerio de Educaci\u00f3n\"}]},{\"@type\":\"WebSite\",\"@id\":\"https:\\\/\\\/digital58.com.ve\\\/site\\\/#website\",\"url\":\"https:\\\/\\\/digital58.com.ve\\\/site\\\/\",\"name\":\"Noticias Digital58\",\"description\":\"Portal de Noticias \u00a1Periodismo web de verdad! Lanzamiento web 22.11.2005 \\\/ Maracaibo, Venezuela\",\"publisher\":{\"@id\":\"https:\\\/\\\/digital58.com.ve\\\/site\\\/#\\\/schema\\\/person\\\/64d1c2e4d0d4fd1b849980c4331c2951\"},\"alternateName\":\"ND58\",\"potentialAction\":[{\"@type\":\"SearchAction\",\"target\":{\"@type\":\"EntryPoint\",\"urlTemplate\":\"https:\\\/\\\/digital58.com.ve\\\/site\\\/?s={search_term_string}\"},\"query-input\":{\"@type\":\"PropertyValueSpecification\",\"valueRequired\":true,\"valueName\":\"search_term_string\"}}],\"inLanguage\":\"es\"},{\"@type\":[\"Person\",\"Organization\"],\"@id\":\"https:\\\/\\\/digital58.com.ve\\\/site\\\/#\\\/schema\\\/person\\\/64d1c2e4d0d4fd1b849980c4331c2951\",\"name\":\"Villasmil Henry\",\"image\":{\"@type\":\"ImageObject\",\"inLanguage\":\"es\",\"@id\":\"https:\\\/\\\/secure.gravatar.com\\\/avatar\\\/bb0c4a2fcb7970138239f7e404ea75757b1b507b28b5ce4c53fbd62d797c5a7c?s=96&d=mm&r=g\",\"url\":\"https:\\\/\\\/secure.gravatar.com\\\/avatar\\\/bb0c4a2fcb7970138239f7e404ea75757b1b507b28b5ce4c53fbd62d797c5a7c?s=96&d=mm&r=g\",\"contentUrl\":\"https:\\\/\\\/secure.gravatar.com\\\/avatar\\\/bb0c4a2fcb7970138239f7e404ea75757b1b507b28b5ce4c53fbd62d797c5a7c?s=96&d=mm&r=g\",\"caption\":\"Villasmil Henry\"},\"logo\":{\"@id\":\"https:\\\/\\\/secure.gravatar.com\\\/avatar\\\/bb0c4a2fcb7970138239f7e404ea75757b1b507b28b5ce4c53fbd62d797c5a7c?s=96&d=mm&r=g\"},\"sameAs\":[\"http:\\\/\\\/www.henryvillasmil.com.ve\",\"https:\\\/\\\/www.instagram.com\\\/villasmilhfoto\\\/\",\"https:\\\/\\\/x.com\\\/https:\\\/\\\/twitter.com\\\/villasmilhfoto\"]},{\"@type\":\"Person\",\"@id\":\"https:\\\/\\\/digital58.com.ve\\\/site\\\/#\\\/schema\\\/person\\\/c61667ce6845137620ee3f0aaabade17\",\"name\":\"Molero Luis\",\"image\":{\"@type\":\"ImageObject\",\"inLanguage\":\"es\",\"@id\":\"https:\\\/\\\/secure.gravatar.com\\\/avatar\\\/bf041ec637e3e7405449807deb2f7cf3d2de7c6fa755dd56e985201de9863f2b?s=96&d=mm&r=g\",\"url\":\"https:\\\/\\\/secure.gravatar.com\\\/avatar\\\/bf041ec637e3e7405449807deb2f7cf3d2de7c6fa755dd56e985201de9863f2b?s=96&d=mm&r=g\",\"contentUrl\":\"https:\\\/\\\/secure.gravatar.com\\\/avatar\\\/bf041ec637e3e7405449807deb2f7cf3d2de7c6fa755dd56e985201de9863f2b?s=96&d=mm&r=g\",\"caption\":\"Molero Luis\"},\"url\":\"https:\\\/\\\/digital58.com.ve\\\/site\\\/author\\\/luismolero\\\/\"}]}<\/script>\n<!-- \/ Yoast SEO plugin. -->","yoast_head_json":{"title":"Inscripciones y actos de grado en colegios privados esperan por lineamientos del Ministerio de Educaci\u00f3n","description":"Venezuela","robots":{"index":"index","follow":"follow","max-snippet":"max-snippet:-1","max-image-preview":"max-image-preview:large","max-video-preview":"max-video-preview:-1"},"canonical":"https:\/\/digital58.com.ve\/site\/2020\/07\/02\/inscripciones-y-actos-de-grado-en-colegios-privados-esperan-por-lineamientos-del-ministerio-de-educacion\/","og_locale":"es_ES","og_type":"article","og_title":"Inscripciones y actos de grado en colegios privados esperan por lineamientos del Ministerio de Educaci\u00f3n","og_description":"Venezuela","og_url":"https:\/\/digital58.com.ve\/site\/2020\/07\/02\/inscripciones-y-actos-de-grado-en-colegios-privados-esperan-por-lineamientos-del-ministerio-de-educacion\/","og_site_name":"Noticias Digital58","article_published_time":"2020-07-02T17:40:31+00:00","og_image":[{"width":800,"height":494,"url":"https:\/\/digital58.com.ve\/site\/wp-content\/uploads\/2020\/07\/DkluBgyXoAEQEDz.jpg","type":"image\/jpeg"}],"author":"Molero Luis","twitter_card":"summary_large_image","twitter_creator":"@Digital_58","twitter_site":"@villasmilhfoto","twitter_misc":{"Escrito por":"Molero Luis","Tiempo estimado de lectura":"1 minuto"},"schema":{"@context":"https:\/\/schema.org","@graph":[{"@type":"Article","@id":"https:\/\/digital58.com.ve\/site\/2020\/07\/02\/inscripciones-y-actos-de-grado-en-colegios-privados-esperan-por-lineamientos-del-ministerio-de-educacion\/#article","isPartOf":{"@id":"https:\/\/digital58.com.ve\/site\/2020\/07\/02\/inscripciones-y-actos-de-grado-en-colegios-privados-esperan-por-lineamientos-del-ministerio-de-educacion\/"},"author":{"name":"Molero Luis","@id":"https:\/\/digital58.com.ve\/site\/#\/schema\/person\/c61667ce6845137620ee3f0aaabade17"},"headline":"Inscripciones y actos de grado en colegios privados esperan por lineamientos del Ministerio de Educaci\u00f3n","datePublished":"2020-07-02T17:40:31+00:00","mainEntityOfPage":{"@id":"https:\/\/digital58.com.ve\/site\/2020\/07\/02\/inscripciones-y-actos-de-grado-en-colegios-privados-esperan-por-lineamientos-del-ministerio-de-educacion\/"},"wordCount":264,"commentCount":0,"publisher":{"@id":"https:\/\/digital58.com.ve\/site\/#\/schema\/person\/64d1c2e4d0d4fd1b849980c4331c2951"},"image":{"@id":"https:\/\/digital58.com.ve\/site\/2020\/07\/02\/inscripciones-y-actos-de-grado-en-colegios-privados-esperan-por-lineamientos-del-ministerio-de-educacion\/#primaryimage"},"thumbnailUrl":"https:\/\/digital58.com.ve\/site\/wp-content\/uploads\/2020\/07\/DkluBgyXoAEQEDz.jpg","keywords":["Colegio Privados","Estado Lara","Herlinda Hartliep","Ministerio de Educaci\u00f3n","Nacionales"],"articleSection":["Venezuela"],"inLanguage":"es","potentialAction":[{"@type":"CommentAction","name":"Comment","target":["https:\/\/digital58.com.ve\/site\/2020\/07\/02\/inscripciones-y-actos-de-grado-en-colegios-privados-esperan-por-lineamientos-del-ministerio-de-educacion\/#respond"]}]},{"@type":"WebPage","@id":"https:\/\/digital58.com.ve\/site\/2020\/07\/02\/inscripciones-y-actos-de-grado-en-colegios-privados-esperan-por-lineamientos-del-ministerio-de-educacion\/","url":"https:\/\/digital58.com.ve\/site\/2020\/07\/02\/inscripciones-y-actos-de-grado-en-colegios-privados-esperan-por-lineamientos-del-ministerio-de-educacion\/","name":"Inscripciones y actos de grado en colegios privados esperan por lineamientos del Ministerio de Educaci\u00f3n","isPartOf":{"@id":"https:\/\/digital58.com.ve\/site\/#website"},"primaryImageOfPage":{"@id":"https:\/\/digital58.com.ve\/site\/2020\/07\/02\/inscripciones-y-actos-de-grado-en-colegios-privados-esperan-por-lineamientos-del-ministerio-de-educacion\/#primaryimage"},"image":{"@id":"https:\/\/digital58.com.ve\/site\/2020\/07\/02\/inscripciones-y-actos-de-grado-en-colegios-privados-esperan-por-lineamientos-del-ministerio-de-educacion\/#primaryimage"},"thumbnailUrl":"https:\/\/digital58.com.ve\/site\/wp-content\/uploads\/2020\/07\/DkluBgyXoAEQEDz.jpg","datePublished":"2020-07-02T17:40:31+00:00","description":"Venezuela","breadcrumb":{"@id":"https:\/\/digital58.com.ve\/site\/2020\/07\/02\/inscripciones-y-actos-de-grado-en-colegios-privados-esperan-por-lineamientos-del-ministerio-de-educacion\/#breadcrumb"},"inLanguage":"es","potentialAction":[{"@type":"ReadAction","target":["https:\/\/digital58.com.ve\/site\/2020\/07\/02\/inscripciones-y-actos-de-grado-en-colegios-privados-esperan-por-lineamientos-del-ministerio-de-educacion\/"]}]},{"@type":"ImageObject","inLanguage":"es","@id":"https:\/\/digital58.com.ve\/site\/2020\/07\/02\/inscripciones-y-actos-de-grado-en-colegios-privados-esperan-por-lineamientos-del-ministerio-de-educacion\/#primaryimage","url":"https:\/\/digital58.com.ve\/site\/wp-content\/uploads\/2020\/07\/DkluBgyXoAEQEDz.jpg","contentUrl":"https:\/\/digital58.com.ve\/site\/wp-content\/uploads\/2020\/07\/DkluBgyXoAEQEDz.jpg","width":800,"height":494},{"@type":"BreadcrumbList","@id":"https:\/\/digital58.com.ve\/site\/2020\/07\/02\/inscripciones-y-actos-de-grado-en-colegios-privados-esperan-por-lineamientos-del-ministerio-de-educacion\/#breadcrumb","itemListElement":[{"@type":"ListItem","position":1,"name":"Home","item":"https:\/\/digital58.com.ve\/site\/"},{"@type":"ListItem","position":2,"name":"Inscripciones y actos de grado en colegios privados esperan por lineamientos del Ministerio de Educaci\u00f3n"}]},{"@type":"WebSite","@id":"https:\/\/digital58.com.ve\/site\/#website","url":"https:\/\/digital58.com.ve\/site\/","name":"Noticias Digital58","description":"Portal de Noticias \u00a1Periodismo web de verdad! Lanzamiento web 22.11.2005 \/ Maracaibo, Venezuela","publisher":{"@id":"https:\/\/digital58.com.ve\/site\/#\/schema\/person\/64d1c2e4d0d4fd1b849980c4331c2951"},"alternateName":"ND58","potentialAction":[{"@type":"SearchAction","target":{"@type":"EntryPoint","urlTemplate":"https:\/\/digital58.com.ve\/site\/?s={search_term_string}"},"query-input":{"@type":"PropertyValueSpecification","valueRequired":true,"valueName":"search_term_string"}}],"inLanguage":"es"},{"@type":["Person","Organization"],"@id":"https:\/\/digital58.com.ve\/site\/#\/schema\/person\/64d1c2e4d0d4fd1b849980c4331c2951","name":"Villasmil Henry","image":{"@type":"ImageObject","inLanguage":"es","@id":"https:\/\/secure.gravatar.com\/avatar\/bb0c4a2fcb7970138239f7e404ea75757b1b507b28b5ce4c53fbd62d797c5a7c?s=96&d=mm&r=g","url":"https:\/\/secure.gravatar.com\/avatar\/bb0c4a2fcb7970138239f7e404ea75757b1b507b28b5ce4c53fbd62d797c5a7c?s=96&d=mm&r=g","contentUrl":"https:\/\/secure.gravatar.com\/avatar\/bb0c4a2fcb7970138239f7e404ea75757b1b507b28b5ce4c53fbd62d797c5a7c?s=96&d=mm&r=g","caption":"Villasmil Henry"},"logo":{"@id":"https:\/\/secure.gravatar.com\/avatar\/bb0c4a2fcb7970138239f7e404ea75757b1b507b28b5ce4c53fbd62d797c5a7c?s=96&d=mm&r=g"},"sameAs":["http:\/\/www.henryvillasmil.com.ve","https:\/\/www.instagram.com\/villasmilhfoto\/","https:\/\/x.com\/https:\/\/twitter.com\/villasmilhfoto"]},{"@type":"Person","@id":"https:\/\/digital58.com.ve\/site\/#\/schema\/person\/c61667ce6845137620ee3f0aaabade17","name":"Molero Luis","image":{"@type":"ImageObject","inLanguage":"es","@id":"https:\/\/secure.gravatar.com\/avatar\/bf041ec637e3e7405449807deb2f7cf3d2de7c6fa755dd56e985201de9863f2b?s=96&d=mm&r=g","url":"https:\/\/secure.gravatar.com\/avatar\/bf041ec637e3e7405449807deb2f7cf3d2de7c6fa755dd56e985201de9863f2b?s=96&d=mm&r=g","contentUrl":"https:\/\/secure.gravatar.com\/avatar\/bf041ec637e3e7405449807deb2f7cf3d2de7c6fa755dd56e985201de9863f2b?s=96&d=mm&r=g","caption":"Molero Luis"},"url":"https:\/\/digital58.com.ve\/site\/author\/luismolero\/"}]}},"uagb_featured_image_src":{"full":["https:\/\/digital58.com.ve\/site\/wp-content\/uploads\/2020\/07\/DkluBgyXoAEQEDz.jpg",800,494,false],"thumbnail":["https:\/\/digital58.com.ve\/site\/wp-content\/uploads\/2020\/07\/DkluBgyXoAEQEDz-150x150.jpg",150,150,true],"medium":["https:\/\/digital58.com.ve\/site\/wp-content\/uploads\/2020\/07\/DkluBgyXoAEQEDz-300x185.jpg",300,185,true],"medium_large":["https:\/\/digital58.com.ve\/site\/wp-content\/uploads\/2020\/07\/DkluBgyXoAEQEDz-768x474.jpg",768,474,true],"large":["https:\/\/digital58.com.ve\/site\/wp-content\/uploads\/2020\/07\/DkluBgyXoAEQEDz.jpg",800,494,false],"1536x1536":["https:\/\/digital58.com.ve\/site\/wp-content\/uploads\/2020\/07\/DkluBgyXoAEQEDz.jpg",800,494,false],"2048x2048":["https:\/\/digital58.com.ve\/site\/wp-content\/uploads\/2020\/07\/DkluBgyXoAEQEDz.jpg",800,494,false],"colormag-highlighted-post":["https:\/\/digital58.com.ve\/site\/wp-content\/uploads\/2020\/07\/DkluBgyXoAEQEDz.jpg",392,242,false],"colormag-featured-post-medium":["https:\/\/digital58.com.ve\/site\/wp-content\/uploads\/2020\/07\/DkluBgyXoAEQEDz.jpg",332,205,false],"colormag-featured-post-small":["https:\/\/digital58.com.ve\/site\/wp-content\/uploads\/2020\/07\/DkluBgyXoAEQEDz.jpg",130,80,false],"colormag-featured-image":["https:\/\/digital58.com.ve\/site\/wp-content\/uploads\/2020\/07\/DkluBgyXoAEQEDz.jpg",721,445,false],"colormag-default-news":["https:\/\/digital58.com.ve\/site\/wp-content\/uploads\/2020\/07\/DkluBgyXoAEQEDz.jpg",150,93,false],"colormag-featured-image-large":["https:\/\/digital58.com.ve\/site\/wp-content\/uploads\/2020\/07\/DkluBgyXoAEQEDz.jpg",800,494,false]},"uagb_author_info":{"display_name":"Molero Luis","author_link":"https:\/\/digital58.com.ve\/site\/author\/luismolero\/"},"uagb_comment_info":0,"uagb_excerpt":"El acto de graduaci\u00f3n es un momento muy esperado, pero ahora se ve marcado por esta crisis sanitaria. Barquisimeto, Lara,","_links":{"self":[{"href":"https:\/\/digital58.com.ve\/site\/wp-json\/wp\/v2\/posts\/110433","targetHints":{"allow":["GET"]}}],"collection":[{"href":"https:\/\/digital58.com.ve\/site\/wp-json\/wp\/v2\/posts"}],"about":[{"href":"https:\/\/digital58.com.ve\/site\/wp-json\/wp\/v2\/types\/post"}],"author":[{"embeddable":true,"href":"https:\/\/digital58.com.ve\/site\/wp-json\/wp\/v2\/users\/26"}],"replies":[{"embeddable":true,"href":"https:\/\/digital58.com.ve\/site\/wp-json\/wp\/v2\/comments?post=110433"}],"version-history":[{"count":0,"href":"https:\/\/digital58.com.ve\/site\/wp-json\/wp\/v2\/posts\/110433\/revisions"}],"wp:featuredmedia":[{"embeddable":true,"href":"https:\/\/digital58.com.ve\/site\/wp-json\/wp\/v2\/media\/110435"}],"wp:attachment":[{"href":"https:\/\/digital58.com.ve\/site\/wp-json\/wp\/v2\/media?parent=110433"}],"wp:term":[{"taxonomy":"category","embeddable":true,"href":"https:\/\/digital58.com.ve\/site\/wp-json\/wp\/v2\/categories?post=110433"},{"taxonomy":"post_tag","embeddable":true,"href":"https:\/\/digital58.com.ve\/site\/wp-json\/wp\/v2\/tags?post=110433"}],"curies":[{"name":"wp","href":"https:\/\/api.w.org\/{rel}","templated":true}]}}