{"id":110638,"date":"2020-07-03T13:33:11","date_gmt":"2020-07-03T17:33:11","guid":{"rendered":"https:\/\/digital58.com.ve\/site\/?p=110638"},"modified":"2020-07-03T13:39:03","modified_gmt":"2020-07-03T17:39:03","slug":"fiscalia-libro-orden-de-captura-para-borges-vecchio-y-neumann-por-el-caso-del-oro-venezolano","status":"publish","type":"post","link":"https:\/\/digital58.com.ve\/site\/2020\/07\/03\/fiscalia-libro-orden-de-captura-para-borges-vecchio-y-neumann-por-el-caso-del-oro-venezolano\/","title":{"rendered":"Fiscal\u00eda libr\u00f3 orden de captura para Borges, Vecchio y Neumann por el caso del oro venezolano"},"content":{"rendered":"<p><img loading=\"lazy\" decoding=\"async\" class=\"alignnone size-full wp-image-110639\" src=\"https:\/\/digital58.com.ve\/site\/wp-content\/uploads\/2020\/07\/carlos-y-julio-orden-de-captura.jpg\" alt=\"carlos-y-julio-orden-de-captura\" width=\"1000\" height=\"565\" srcset=\"https:\/\/digital58.com.ve\/site\/wp-content\/uploads\/2020\/07\/carlos-y-julio-orden-de-captura.jpg 800w, https:\/\/digital58.com.ve\/site\/wp-content\/uploads\/2020\/07\/carlos-y-julio-orden-de-captura-300x170.jpg 300w, https:\/\/digital58.com.ve\/site\/wp-content\/uploads\/2020\/07\/carlos-y-julio-orden-de-captura-768x434.jpg 768w\" sizes=\"auto, (max-width: 1000px) 100vw, 1000px\" \/><\/p>\n<p>El Ministerio P\u00fablico tambi\u00e9n solicit\u00f3 la detenci\u00f3n y el congelamiento de bienes de Jos\u00e9 Ignacio Hern\u00e1ndez, Irene De Lourdes Loreto y Geraldine Afiuni.<\/p>\n<p><strong>Caracas, Venezuela, 3 de julio de 2020 (ND58).-<\/strong> \u00a0El fiscal general Tarek William Saab, inform\u00f3 que el Ministerio P\u00fablico libr\u00f3 \u00f3rdenes de aprehensi\u00f3n contra el diputado opositor Julio Borges; el embajador de Venezuela designados por Juan Guaid\u00f3, \u00a0Carlos Vecchio y Vanessa Neumann, entre otros funcionarios, por el caso del oro venezolano depositado en el Banco de Inglaterra y la disputa por el Esequibo.<\/p>\n<p>La medida se produce luego del fallo del Tribunal de Londres a favor de Guaid\u00f3, como responsable del mineral criollo. Tambi\u00e9n se solicitaron la detenci\u00f3n y el congelamiento de bienes a los \u00abfalsos funcionarios de la denominada Oficina del Procurador Especial\u00bb representada por Jos\u00e9 Ignacio Hern\u00e1ndez, Irene De Lourdes Loreto y Geraldine Afiuni.<\/p>\n<p>La decisi\u00f3n tambi\u00e9n involucra a la\u00a0junta ad hoc\u00a0del\u00a0Banco Central de Venezuela\u00a0nombrada por Guaid\u00f3: Ricardo Adolfo Villasmil, Giacoma Cuius Cortesia, Manuel Rodr\u00edguez Armesta, Nelson Andr\u00e9s Lugo y Carlos Antonio Suares.<\/p>\n<p>Se les imputan los delitos de\u00a0traici\u00f3n a la patria, usurpaci\u00f3n de funciones y asociaci\u00f3n para delinquir por cooperar con el gobierno del Reino Unido para que\u00a0 Guaid\u00f3 tenga el control de las reservas de oro.<\/p>\n<p><strong>Texto: Ch\u00e1vez, Marian (Marianchavez27) \/ Agencias<\/strong><br \/>\n<strong>Edici\u00f3n: Villasmil, Henry<br \/>\nFoto: Archivo\u00a0<\/strong><\/p><div class=\"yioof6a9dc14dbe4e2\" ><p style=\"text-align: center;\"><a href=\"https:\/\/t.me\/noticiasdigital58\" target=\"_blank\" rel=\"noopener\"><img class=\"aligncenter size-full wp-image-125363\" src=\"https:\/\/digital58.com.ve\/site\/wp-content\/uploads\/2021\/04\/banner-telegram-web-2021.png\" alt=\"\" width=\"600\" height=\"90\" \/><\/a><\/p><\/div><style type=\"text\/css\">\r\n@media screen and (min-width: 1201px) {\r\n.yioof6a9dc14dbe4e2 {\r\ndisplay: block;\r\n}\r\n}\r\n@media screen and (min-width: 993px) and (max-width: 1200px) {\r\n.yioof6a9dc14dbe4e2 {\r\ndisplay: block;\r\n}\r\n}\r\n@media screen and (min-width: 769px) and (max-width: 992px) {\r\n.yioof6a9dc14dbe4e2 {\r\ndisplay: block;\r\n}\r\n}\r\n@media screen and (min-width: 768px) and (max-width: 768px) {\r\n.yioof6a9dc14dbe4e2 {\r\ndisplay: block;\r\n}\r\n}\r\n@media screen and (max-width: 767px) {\r\n.yioof6a9dc14dbe4e2 {\r\ndisplay: block;\r\n}\r\n}\r\n<\/style>\r\n\n<p style=\"margin-bottom: 11.25pt; line-height: normal; background: white; vertical-align: baseline;\"><strong>\u00a0<\/strong><\/p>\n<div style=\"margin-top: 0px; margin-bottom: 0px;\" class=\"sharethis-inline-share-buttons\" ><\/div>","protected":false},"excerpt":{"rendered":"<p>El Ministerio P\u00fablico tambi\u00e9n solicit\u00f3 la detenci\u00f3n y el congelamiento de bienes de Jos\u00e9 Ignacio Hern\u00e1ndez, Irene De Lourdes Loreto<\/p>\n","protected":false},"author":31,"featured_media":110639,"comment_status":"open","ping_status":"closed","sticky":false,"template":"","format":"standard","meta":{"colormag_page_container_layout":"default_layout","colormag_page_sidebar_layout":"default_layout","_uag_custom_page_level_css":"","footnotes":""},"categories":[8610],"tags":[16682,16852,13914,16440,16110,14841,16853],"class_list":["post-110638","post","type-post","status-publish","format-standard","has-post-thumbnail","hentry","category-politica","tag-esequibo","tag-fiscalia-tarek-william-saab","tag-ministerio-publico","tag-mp","tag-orden-de-aprehension","tag-oro-venezolano","tag-tribunal-londres"],"yoast_head":"<!-- This site is optimized with the Yoast SEO plugin v28.4 - https:\/\/yoast.com\/product\/yoast-seo-wordpress\/ -->\n<title>Fiscal\u00eda libr\u00f3 orden de captura para Borges, Vecchio y Neumann por el caso del oro venezolano<\/title>\n<meta name=\"description\" content=\"Pol\u00edtica\" \/>\n<meta name=\"robots\" content=\"index, follow, max-snippet:-1, max-image-preview:large, max-video-preview:-1\" \/>\n<link rel=\"canonical\" href=\"https:\/\/digital58.com.ve\/site\/2020\/07\/03\/fiscalia-libro-orden-de-captura-para-borges-vecchio-y-neumann-por-el-caso-del-oro-venezolano\/\" \/>\n<meta property=\"og:locale\" content=\"es_ES\" \/>\n<meta property=\"og:type\" content=\"article\" \/>\n<meta property=\"og:title\" content=\"Fiscal\u00eda libr\u00f3 orden de captura para Borges, Vecchio y Neumann por el caso del oro venezolano\" \/>\n<meta property=\"og:description\" content=\"Pol\u00edtica\" \/>\n<meta property=\"og:url\" content=\"https:\/\/digital58.com.ve\/site\/2020\/07\/03\/fiscalia-libro-orden-de-captura-para-borges-vecchio-y-neumann-por-el-caso-del-oro-venezolano\/\" \/>\n<meta property=\"og:site_name\" content=\"Noticias Digital58\" \/>\n<meta property=\"article:published_time\" content=\"2020-07-03T17:33:11+00:00\" \/>\n<meta property=\"article:modified_time\" content=\"2020-07-03T17:39:03+00:00\" \/>\n<meta property=\"og:image\" content=\"https:\/\/digital58.com.ve\/site\/wp-content\/uploads\/2020\/07\/carlos-y-julio-orden-de-captura.jpg\" \/>\n\t<meta property=\"og:image:width\" content=\"1000\" \/>\n\t<meta property=\"og:image:height\" content=\"565\" \/>\n\t<meta property=\"og:image:type\" content=\"image\/jpeg\" \/>\n<meta name=\"author\" content=\"Chavez Castro Marian\" \/>\n<meta name=\"twitter:card\" content=\"summary_large_image\" \/>\n<meta name=\"twitter:creator\" content=\"@Digital_58\" \/>\n<meta name=\"twitter:site\" content=\"@villasmilhfoto\" \/>\n<meta name=\"twitter:label1\" content=\"Escrito por\" \/>\n\t<meta name=\"twitter:data1\" content=\"Chavez Castro Marian\" \/>\n\t<meta name=\"twitter:label2\" content=\"Tiempo estimado de lectura\" \/>\n\t<meta name=\"twitter:data2\" content=\"1 minuto\" \/>\n<script type=\"application\/ld+json\" class=\"yoast-schema-graph\">{\"@context\":\"https:\\\/\\\/schema.org\",\"@graph\":[{\"@type\":\"Article\",\"@id\":\"https:\\\/\\\/digital58.com.ve\\\/site\\\/2020\\\/07\\\/03\\\/fiscalia-libro-orden-de-captura-para-borges-vecchio-y-neumann-por-el-caso-del-oro-venezolano\\\/#article\",\"isPartOf\":{\"@id\":\"https:\\\/\\\/digital58.com.ve\\\/site\\\/2020\\\/07\\\/03\\\/fiscalia-libro-orden-de-captura-para-borges-vecchio-y-neumann-por-el-caso-del-oro-venezolano\\\/\"},\"author\":{\"name\":\"Chavez Castro Marian\",\"@id\":\"https:\\\/\\\/digital58.com.ve\\\/site\\\/#\\\/schema\\\/person\\\/9c0f3a88cb18ad2a045bf3b5d13c0a49\"},\"headline\":\"Fiscal\u00eda libr\u00f3 orden de captura para Borges, Vecchio y Neumann por el caso del oro venezolano\",\"datePublished\":\"2020-07-03T17:33:11+00:00\",\"dateModified\":\"2020-07-03T17:39:03+00:00\",\"mainEntityOfPage\":{\"@id\":\"https:\\\/\\\/digital58.com.ve\\\/site\\\/2020\\\/07\\\/03\\\/fiscalia-libro-orden-de-captura-para-borges-vecchio-y-neumann-por-el-caso-del-oro-venezolano\\\/\"},\"wordCount\":252,\"commentCount\":0,\"publisher\":{\"@id\":\"https:\\\/\\\/digital58.com.ve\\\/site\\\/#\\\/schema\\\/person\\\/64d1c2e4d0d4fd1b849980c4331c2951\"},\"image\":{\"@id\":\"https:\\\/\\\/digital58.com.ve\\\/site\\\/2020\\\/07\\\/03\\\/fiscalia-libro-orden-de-captura-para-borges-vecchio-y-neumann-por-el-caso-del-oro-venezolano\\\/#primaryimage\"},\"thumbnailUrl\":\"https:\\\/\\\/digital58.com.ve\\\/site\\\/wp-content\\\/uploads\\\/2020\\\/07\\\/carlos-y-julio-orden-de-captura.jpg\",\"keywords\":[\"Esequibo\",\"Fiscal\u00eda. Tarek William Saab\",\"Ministerio P\u00fablico\",\"MP\",\"Orden de Aprehensi\u00f3n\",\"Oro Venezolano\",\"Tribunal Londres\"],\"articleSection\":[\"Pol\u00edtica\"],\"inLanguage\":\"es\",\"potentialAction\":[{\"@type\":\"CommentAction\",\"name\":\"Comment\",\"target\":[\"https:\\\/\\\/digital58.com.ve\\\/site\\\/2020\\\/07\\\/03\\\/fiscalia-libro-orden-de-captura-para-borges-vecchio-y-neumann-por-el-caso-del-oro-venezolano\\\/#respond\"]}]},{\"@type\":\"WebPage\",\"@id\":\"https:\\\/\\\/digital58.com.ve\\\/site\\\/2020\\\/07\\\/03\\\/fiscalia-libro-orden-de-captura-para-borges-vecchio-y-neumann-por-el-caso-del-oro-venezolano\\\/\",\"url\":\"https:\\\/\\\/digital58.com.ve\\\/site\\\/2020\\\/07\\\/03\\\/fiscalia-libro-orden-de-captura-para-borges-vecchio-y-neumann-por-el-caso-del-oro-venezolano\\\/\",\"name\":\"Fiscal\u00eda libr\u00f3 orden de captura para Borges, Vecchio y Neumann por el caso del oro venezolano\",\"isPartOf\":{\"@id\":\"https:\\\/\\\/digital58.com.ve\\\/site\\\/#website\"},\"primaryImageOfPage\":{\"@id\":\"https:\\\/\\\/digital58.com.ve\\\/site\\\/2020\\\/07\\\/03\\\/fiscalia-libro-orden-de-captura-para-borges-vecchio-y-neumann-por-el-caso-del-oro-venezolano\\\/#primaryimage\"},\"image\":{\"@id\":\"https:\\\/\\\/digital58.com.ve\\\/site\\\/2020\\\/07\\\/03\\\/fiscalia-libro-orden-de-captura-para-borges-vecchio-y-neumann-por-el-caso-del-oro-venezolano\\\/#primaryimage\"},\"thumbnailUrl\":\"https:\\\/\\\/digital58.com.ve\\\/site\\\/wp-content\\\/uploads\\\/2020\\\/07\\\/carlos-y-julio-orden-de-captura.jpg\",\"datePublished\":\"2020-07-03T17:33:11+00:00\",\"dateModified\":\"2020-07-03T17:39:03+00:00\",\"description\":\"Pol\u00edtica\",\"breadcrumb\":{\"@id\":\"https:\\\/\\\/digital58.com.ve\\\/site\\\/2020\\\/07\\\/03\\\/fiscalia-libro-orden-de-captura-para-borges-vecchio-y-neumann-por-el-caso-del-oro-venezolano\\\/#breadcrumb\"},\"inLanguage\":\"es\",\"potentialAction\":[{\"@type\":\"ReadAction\",\"target\":[\"https:\\\/\\\/digital58.com.ve\\\/site\\\/2020\\\/07\\\/03\\\/fiscalia-libro-orden-de-captura-para-borges-vecchio-y-neumann-por-el-caso-del-oro-venezolano\\\/\"]}]},{\"@type\":\"ImageObject\",\"inLanguage\":\"es\",\"@id\":\"https:\\\/\\\/digital58.com.ve\\\/site\\\/2020\\\/07\\\/03\\\/fiscalia-libro-orden-de-captura-para-borges-vecchio-y-neumann-por-el-caso-del-oro-venezolano\\\/#primaryimage\",\"url\":\"https:\\\/\\\/digital58.com.ve\\\/site\\\/wp-content\\\/uploads\\\/2020\\\/07\\\/carlos-y-julio-orden-de-captura.jpg\",\"contentUrl\":\"https:\\\/\\\/digital58.com.ve\\\/site\\\/wp-content\\\/uploads\\\/2020\\\/07\\\/carlos-y-julio-orden-de-captura.jpg\",\"width\":800,\"height\":452,\"caption\":\"carlos-y-julio-orden-de-captura\"},{\"@type\":\"BreadcrumbList\",\"@id\":\"https:\\\/\\\/digital58.com.ve\\\/site\\\/2020\\\/07\\\/03\\\/fiscalia-libro-orden-de-captura-para-borges-vecchio-y-neumann-por-el-caso-del-oro-venezolano\\\/#breadcrumb\",\"itemListElement\":[{\"@type\":\"ListItem\",\"position\":1,\"name\":\"Home\",\"item\":\"https:\\\/\\\/digital58.com.ve\\\/site\\\/\"},{\"@type\":\"ListItem\",\"position\":2,\"name\":\"Fiscal\u00eda libr\u00f3 orden de captura para Borges, Vecchio y Neumann por el caso del oro venezolano\"}]},{\"@type\":\"WebSite\",\"@id\":\"https:\\\/\\\/digital58.com.ve\\\/site\\\/#website\",\"url\":\"https:\\\/\\\/digital58.com.ve\\\/site\\\/\",\"name\":\"Noticias Digital58\",\"description\":\"Portal de Noticias \u00a1Periodismo web de verdad! Lanzamiento web 22.11.2005 \\\/ Maracaibo, Venezuela\",\"publisher\":{\"@id\":\"https:\\\/\\\/digital58.com.ve\\\/site\\\/#\\\/schema\\\/person\\\/64d1c2e4d0d4fd1b849980c4331c2951\"},\"alternateName\":\"ND58\",\"potentialAction\":[{\"@type\":\"SearchAction\",\"target\":{\"@type\":\"EntryPoint\",\"urlTemplate\":\"https:\\\/\\\/digital58.com.ve\\\/site\\\/?s={search_term_string}\"},\"query-input\":{\"@type\":\"PropertyValueSpecification\",\"valueRequired\":true,\"valueName\":\"search_term_string\"}}],\"inLanguage\":\"es\"},{\"@type\":[\"Person\",\"Organization\"],\"@id\":\"https:\\\/\\\/digital58.com.ve\\\/site\\\/#\\\/schema\\\/person\\\/64d1c2e4d0d4fd1b849980c4331c2951\",\"name\":\"Villasmil Henry\",\"image\":{\"@type\":\"ImageObject\",\"inLanguage\":\"es\",\"@id\":\"https:\\\/\\\/secure.gravatar.com\\\/avatar\\\/bb0c4a2fcb7970138239f7e404ea75757b1b507b28b5ce4c53fbd62d797c5a7c?s=96&d=mm&r=g\",\"url\":\"https:\\\/\\\/secure.gravatar.com\\\/avatar\\\/bb0c4a2fcb7970138239f7e404ea75757b1b507b28b5ce4c53fbd62d797c5a7c?s=96&d=mm&r=g\",\"contentUrl\":\"https:\\\/\\\/secure.gravatar.com\\\/avatar\\\/bb0c4a2fcb7970138239f7e404ea75757b1b507b28b5ce4c53fbd62d797c5a7c?s=96&d=mm&r=g\",\"caption\":\"Villasmil Henry\"},\"logo\":{\"@id\":\"https:\\\/\\\/secure.gravatar.com\\\/avatar\\\/bb0c4a2fcb7970138239f7e404ea75757b1b507b28b5ce4c53fbd62d797c5a7c?s=96&d=mm&r=g\"},\"sameAs\":[\"http:\\\/\\\/www.henryvillasmil.com.ve\",\"https:\\\/\\\/www.instagram.com\\\/villasmilhfoto\\\/\",\"https:\\\/\\\/x.com\\\/https:\\\/\\\/twitter.com\\\/villasmilhfoto\"]},{\"@type\":\"Person\",\"@id\":\"https:\\\/\\\/digital58.com.ve\\\/site\\\/#\\\/schema\\\/person\\\/9c0f3a88cb18ad2a045bf3b5d13c0a49\",\"name\":\"Chavez Castro Marian\",\"image\":{\"@type\":\"ImageObject\",\"inLanguage\":\"es\",\"@id\":\"https:\\\/\\\/secure.gravatar.com\\\/avatar\\\/f0d85074342e38d350fb5a6141afb1fb5c0ef9cb2f88442cd5535b1a7fe29dbd?s=96&d=mm&r=g\",\"url\":\"https:\\\/\\\/secure.gravatar.com\\\/avatar\\\/f0d85074342e38d350fb5a6141afb1fb5c0ef9cb2f88442cd5535b1a7fe29dbd?s=96&d=mm&r=g\",\"contentUrl\":\"https:\\\/\\\/secure.gravatar.com\\\/avatar\\\/f0d85074342e38d350fb5a6141afb1fb5c0ef9cb2f88442cd5535b1a7fe29dbd?s=96&d=mm&r=g\",\"caption\":\"Chavez Castro Marian\"},\"url\":\"https:\\\/\\\/digital58.com.ve\\\/site\\\/author\\\/mchavezcastro\\\/\"}]}<\/script>\n<!-- \/ Yoast SEO plugin. -->","yoast_head_json":{"title":"Fiscal\u00eda libr\u00f3 orden de captura para Borges, Vecchio y Neumann por el caso del oro venezolano","description":"Pol\u00edtica","robots":{"index":"index","follow":"follow","max-snippet":"max-snippet:-1","max-image-preview":"max-image-preview:large","max-video-preview":"max-video-preview:-1"},"canonical":"https:\/\/digital58.com.ve\/site\/2020\/07\/03\/fiscalia-libro-orden-de-captura-para-borges-vecchio-y-neumann-por-el-caso-del-oro-venezolano\/","og_locale":"es_ES","og_type":"article","og_title":"Fiscal\u00eda libr\u00f3 orden de captura para Borges, Vecchio y Neumann por el caso del oro venezolano","og_description":"Pol\u00edtica","og_url":"https:\/\/digital58.com.ve\/site\/2020\/07\/03\/fiscalia-libro-orden-de-captura-para-borges-vecchio-y-neumann-por-el-caso-del-oro-venezolano\/","og_site_name":"Noticias Digital58","article_published_time":"2020-07-03T17:33:11+00:00","article_modified_time":"2020-07-03T17:39:03+00:00","og_image":[{"width":1000,"height":565,"url":"https:\/\/digital58.com.ve\/site\/wp-content\/uploads\/2020\/07\/carlos-y-julio-orden-de-captura.jpg","type":"image\/jpeg"}],"author":"Chavez Castro Marian","twitter_card":"summary_large_image","twitter_creator":"@Digital_58","twitter_site":"@villasmilhfoto","twitter_misc":{"Escrito por":"Chavez Castro Marian","Tiempo estimado de lectura":"1 minuto"},"schema":{"@context":"https:\/\/schema.org","@graph":[{"@type":"Article","@id":"https:\/\/digital58.com.ve\/site\/2020\/07\/03\/fiscalia-libro-orden-de-captura-para-borges-vecchio-y-neumann-por-el-caso-del-oro-venezolano\/#article","isPartOf":{"@id":"https:\/\/digital58.com.ve\/site\/2020\/07\/03\/fiscalia-libro-orden-de-captura-para-borges-vecchio-y-neumann-por-el-caso-del-oro-venezolano\/"},"author":{"name":"Chavez Castro Marian","@id":"https:\/\/digital58.com.ve\/site\/#\/schema\/person\/9c0f3a88cb18ad2a045bf3b5d13c0a49"},"headline":"Fiscal\u00eda libr\u00f3 orden de captura para Borges, Vecchio y Neumann por el caso del oro venezolano","datePublished":"2020-07-03T17:33:11+00:00","dateModified":"2020-07-03T17:39:03+00:00","mainEntityOfPage":{"@id":"https:\/\/digital58.com.ve\/site\/2020\/07\/03\/fiscalia-libro-orden-de-captura-para-borges-vecchio-y-neumann-por-el-caso-del-oro-venezolano\/"},"wordCount":252,"commentCount":0,"publisher":{"@id":"https:\/\/digital58.com.ve\/site\/#\/schema\/person\/64d1c2e4d0d4fd1b849980c4331c2951"},"image":{"@id":"https:\/\/digital58.com.ve\/site\/2020\/07\/03\/fiscalia-libro-orden-de-captura-para-borges-vecchio-y-neumann-por-el-caso-del-oro-venezolano\/#primaryimage"},"thumbnailUrl":"https:\/\/digital58.com.ve\/site\/wp-content\/uploads\/2020\/07\/carlos-y-julio-orden-de-captura.jpg","keywords":["Esequibo","Fiscal\u00eda. Tarek William Saab","Ministerio P\u00fablico","MP","Orden de Aprehensi\u00f3n","Oro Venezolano","Tribunal Londres"],"articleSection":["Pol\u00edtica"],"inLanguage":"es","potentialAction":[{"@type":"CommentAction","name":"Comment","target":["https:\/\/digital58.com.ve\/site\/2020\/07\/03\/fiscalia-libro-orden-de-captura-para-borges-vecchio-y-neumann-por-el-caso-del-oro-venezolano\/#respond"]}]},{"@type":"WebPage","@id":"https:\/\/digital58.com.ve\/site\/2020\/07\/03\/fiscalia-libro-orden-de-captura-para-borges-vecchio-y-neumann-por-el-caso-del-oro-venezolano\/","url":"https:\/\/digital58.com.ve\/site\/2020\/07\/03\/fiscalia-libro-orden-de-captura-para-borges-vecchio-y-neumann-por-el-caso-del-oro-venezolano\/","name":"Fiscal\u00eda libr\u00f3 orden de captura para Borges, Vecchio y Neumann por el caso del oro venezolano","isPartOf":{"@id":"https:\/\/digital58.com.ve\/site\/#website"},"primaryImageOfPage":{"@id":"https:\/\/digital58.com.ve\/site\/2020\/07\/03\/fiscalia-libro-orden-de-captura-para-borges-vecchio-y-neumann-por-el-caso-del-oro-venezolano\/#primaryimage"},"image":{"@id":"https:\/\/digital58.com.ve\/site\/2020\/07\/03\/fiscalia-libro-orden-de-captura-para-borges-vecchio-y-neumann-por-el-caso-del-oro-venezolano\/#primaryimage"},"thumbnailUrl":"https:\/\/digital58.com.ve\/site\/wp-content\/uploads\/2020\/07\/carlos-y-julio-orden-de-captura.jpg","datePublished":"2020-07-03T17:33:11+00:00","dateModified":"2020-07-03T17:39:03+00:00","description":"Pol\u00edtica","breadcrumb":{"@id":"https:\/\/digital58.com.ve\/site\/2020\/07\/03\/fiscalia-libro-orden-de-captura-para-borges-vecchio-y-neumann-por-el-caso-del-oro-venezolano\/#breadcrumb"},"inLanguage":"es","potentialAction":[{"@type":"ReadAction","target":["https:\/\/digital58.com.ve\/site\/2020\/07\/03\/fiscalia-libro-orden-de-captura-para-borges-vecchio-y-neumann-por-el-caso-del-oro-venezolano\/"]}]},{"@type":"ImageObject","inLanguage":"es","@id":"https:\/\/digital58.com.ve\/site\/2020\/07\/03\/fiscalia-libro-orden-de-captura-para-borges-vecchio-y-neumann-por-el-caso-del-oro-venezolano\/#primaryimage","url":"https:\/\/digital58.com.ve\/site\/wp-content\/uploads\/2020\/07\/carlos-y-julio-orden-de-captura.jpg","contentUrl":"https:\/\/digital58.com.ve\/site\/wp-content\/uploads\/2020\/07\/carlos-y-julio-orden-de-captura.jpg","width":800,"height":452,"caption":"carlos-y-julio-orden-de-captura"},{"@type":"BreadcrumbList","@id":"https:\/\/digital58.com.ve\/site\/2020\/07\/03\/fiscalia-libro-orden-de-captura-para-borges-vecchio-y-neumann-por-el-caso-del-oro-venezolano\/#breadcrumb","itemListElement":[{"@type":"ListItem","position":1,"name":"Home","item":"https:\/\/digital58.com.ve\/site\/"},{"@type":"ListItem","position":2,"name":"Fiscal\u00eda libr\u00f3 orden de captura para Borges, Vecchio y Neumann por el caso del oro venezolano"}]},{"@type":"WebSite","@id":"https:\/\/digital58.com.ve\/site\/#website","url":"https:\/\/digital58.com.ve\/site\/","name":"Noticias Digital58","description":"Portal de Noticias \u00a1Periodismo web de verdad! Lanzamiento web 22.11.2005 \/ Maracaibo, Venezuela","publisher":{"@id":"https:\/\/digital58.com.ve\/site\/#\/schema\/person\/64d1c2e4d0d4fd1b849980c4331c2951"},"alternateName":"ND58","potentialAction":[{"@type":"SearchAction","target":{"@type":"EntryPoint","urlTemplate":"https:\/\/digital58.com.ve\/site\/?s={search_term_string}"},"query-input":{"@type":"PropertyValueSpecification","valueRequired":true,"valueName":"search_term_string"}}],"inLanguage":"es"},{"@type":["Person","Organization"],"@id":"https:\/\/digital58.com.ve\/site\/#\/schema\/person\/64d1c2e4d0d4fd1b849980c4331c2951","name":"Villasmil Henry","image":{"@type":"ImageObject","inLanguage":"es","@id":"https:\/\/secure.gravatar.com\/avatar\/bb0c4a2fcb7970138239f7e404ea75757b1b507b28b5ce4c53fbd62d797c5a7c?s=96&d=mm&r=g","url":"https:\/\/secure.gravatar.com\/avatar\/bb0c4a2fcb7970138239f7e404ea75757b1b507b28b5ce4c53fbd62d797c5a7c?s=96&d=mm&r=g","contentUrl":"https:\/\/secure.gravatar.com\/avatar\/bb0c4a2fcb7970138239f7e404ea75757b1b507b28b5ce4c53fbd62d797c5a7c?s=96&d=mm&r=g","caption":"Villasmil Henry"},"logo":{"@id":"https:\/\/secure.gravatar.com\/avatar\/bb0c4a2fcb7970138239f7e404ea75757b1b507b28b5ce4c53fbd62d797c5a7c?s=96&d=mm&r=g"},"sameAs":["http:\/\/www.henryvillasmil.com.ve","https:\/\/www.instagram.com\/villasmilhfoto\/","https:\/\/x.com\/https:\/\/twitter.com\/villasmilhfoto"]},{"@type":"Person","@id":"https:\/\/digital58.com.ve\/site\/#\/schema\/person\/9c0f3a88cb18ad2a045bf3b5d13c0a49","name":"Chavez Castro Marian","image":{"@type":"ImageObject","inLanguage":"es","@id":"https:\/\/secure.gravatar.com\/avatar\/f0d85074342e38d350fb5a6141afb1fb5c0ef9cb2f88442cd5535b1a7fe29dbd?s=96&d=mm&r=g","url":"https:\/\/secure.gravatar.com\/avatar\/f0d85074342e38d350fb5a6141afb1fb5c0ef9cb2f88442cd5535b1a7fe29dbd?s=96&d=mm&r=g","contentUrl":"https:\/\/secure.gravatar.com\/avatar\/f0d85074342e38d350fb5a6141afb1fb5c0ef9cb2f88442cd5535b1a7fe29dbd?s=96&d=mm&r=g","caption":"Chavez Castro Marian"},"url":"https:\/\/digital58.com.ve\/site\/author\/mchavezcastro\/"}]}},"uagb_featured_image_src":{"full":["https:\/\/digital58.com.ve\/site\/wp-content\/uploads\/2020\/07\/carlos-y-julio-orden-de-captura.jpg",800,452,false],"thumbnail":["https:\/\/digital58.com.ve\/site\/wp-content\/uploads\/2020\/07\/carlos-y-julio-orden-de-captura-150x150.jpg",150,150,true],"medium":["https:\/\/digital58.com.ve\/site\/wp-content\/uploads\/2020\/07\/carlos-y-julio-orden-de-captura-300x170.jpg",300,170,true],"medium_large":["https:\/\/digital58.com.ve\/site\/wp-content\/uploads\/2020\/07\/carlos-y-julio-orden-de-captura-768x434.jpg",768,434,true],"large":["https:\/\/digital58.com.ve\/site\/wp-content\/uploads\/2020\/07\/carlos-y-julio-orden-de-captura.jpg",800,452,false],"1536x1536":["https:\/\/digital58.com.ve\/site\/wp-content\/uploads\/2020\/07\/carlos-y-julio-orden-de-captura.jpg",800,452,false],"2048x2048":["https:\/\/digital58.com.ve\/site\/wp-content\/uploads\/2020\/07\/carlos-y-julio-orden-de-captura.jpg",800,452,false],"colormag-highlighted-post":["https:\/\/digital58.com.ve\/site\/wp-content\/uploads\/2020\/07\/carlos-y-julio-orden-de-captura.jpg",392,221,false],"colormag-featured-post-medium":["https:\/\/digital58.com.ve\/site\/wp-content\/uploads\/2020\/07\/carlos-y-julio-orden-de-captura.jpg",363,205,false],"colormag-featured-post-small":["https:\/\/digital58.com.ve\/site\/wp-content\/uploads\/2020\/07\/carlos-y-julio-orden-de-captura.jpg",130,73,false],"colormag-featured-image":["https:\/\/digital58.com.ve\/site\/wp-content\/uploads\/2020\/07\/carlos-y-julio-orden-de-captura.jpg",788,445,false],"colormag-default-news":["https:\/\/digital58.com.ve\/site\/wp-content\/uploads\/2020\/07\/carlos-y-julio-orden-de-captura.jpg",150,85,false],"colormag-featured-image-large":["https:\/\/digital58.com.ve\/site\/wp-content\/uploads\/2020\/07\/carlos-y-julio-orden-de-captura.jpg",800,452,false]},"uagb_author_info":{"display_name":"Chavez Castro Marian","author_link":"https:\/\/digital58.com.ve\/site\/author\/mchavezcastro\/"},"uagb_comment_info":0,"uagb_excerpt":"El Ministerio P\u00fablico tambi\u00e9n solicit\u00f3 la detenci\u00f3n y el congelamiento de bienes de Jos\u00e9 Ignacio Hern\u00e1ndez, Irene De Lourdes Loreto","_links":{"self":[{"href":"https:\/\/digital58.com.ve\/site\/wp-json\/wp\/v2\/posts\/110638","targetHints":{"allow":["GET"]}}],"collection":[{"href":"https:\/\/digital58.com.ve\/site\/wp-json\/wp\/v2\/posts"}],"about":[{"href":"https:\/\/digital58.com.ve\/site\/wp-json\/wp\/v2\/types\/post"}],"author":[{"embeddable":true,"href":"https:\/\/digital58.com.ve\/site\/wp-json\/wp\/v2\/users\/31"}],"replies":[{"embeddable":true,"href":"https:\/\/digital58.com.ve\/site\/wp-json\/wp\/v2\/comments?post=110638"}],"version-history":[{"count":0,"href":"https:\/\/digital58.com.ve\/site\/wp-json\/wp\/v2\/posts\/110638\/revisions"}],"wp:featuredmedia":[{"embeddable":true,"href":"https:\/\/digital58.com.ve\/site\/wp-json\/wp\/v2\/media\/110639"}],"wp:attachment":[{"href":"https:\/\/digital58.com.ve\/site\/wp-json\/wp\/v2\/media?parent=110638"}],"wp:term":[{"taxonomy":"category","embeddable":true,"href":"https:\/\/digital58.com.ve\/site\/wp-json\/wp\/v2\/categories?post=110638"},{"taxonomy":"post_tag","embeddable":true,"href":"https:\/\/digital58.com.ve\/site\/wp-json\/wp\/v2\/tags?post=110638"}],"curies":[{"name":"wp","href":"https:\/\/api.w.org\/{rel}","templated":true}]}}