{"id":110684,"date":"2020-07-03T15:34:02","date_gmt":"2020-07-03T19:34:02","guid":{"rendered":"https:\/\/digital58.com.ve\/site\/?p=110684"},"modified":"2020-07-03T15:34:02","modified_gmt":"2020-07-03T19:34:02","slug":"hamilton-tomo-la-delantera-en-los-primeros-ensayos-libres-para-el-gran-premio-de-austria","status":"publish","type":"post","link":"https:\/\/digital58.com.ve\/site\/2020\/07\/03\/hamilton-tomo-la-delantera-en-los-primeros-ensayos-libres-para-el-gran-premio-de-austria\/","title":{"rendered":"Hamilton tom\u00f3 la delantera en los primeros ensayos libres para el Gran Premio de Austria"},"content":{"rendered":"<p><img loading=\"lazy\" decoding=\"async\" class=\"alignnone size-full wp-image-110688\" src=\"https:\/\/digital58.com.ve\/site\/wp-content\/uploads\/2020\/07\/Lewis-Hamilton-1200x750-1.jpg\" alt=\"\" width=\"800\" height=\"500\" srcset=\"https:\/\/digital58.com.ve\/site\/wp-content\/uploads\/2020\/07\/Lewis-Hamilton-1200x750-1.jpg 800w, https:\/\/digital58.com.ve\/site\/wp-content\/uploads\/2020\/07\/Lewis-Hamilton-1200x750-1-300x188.jpg 300w, https:\/\/digital58.com.ve\/site\/wp-content\/uploads\/2020\/07\/Lewis-Hamilton-1200x750-1-768x480.jpg 768w\" sizes=\"auto, (max-width: 800px) 100vw, 800px\" \/><\/p>\n<p>El piloto de Mercedes cubri\u00f3, en su mejor vuelta, los 4.813 metros del circuito de Estiria, en un minuto, cuatro segundos y 816 mil\u00e9simas. La primera carrera del a\u00f1o se disputar\u00e1 en el Red Bull Ring de Spielberg este domingo<\/p>\n<p><strong>Austria, 3 de julio de 2020 (ND58).\u2013<\/strong>El ingl\u00e9s Lewis Hamilton de Mercedes fue el mejor este viernes en el primer entrenamiento libre para el Gran Premio de Austria, el primero del a\u00f1o, que se disputa en el Red Bull Ring de Spielberg y que concluy\u00f3 con el espa\u00f1ol Carlos Sainz de McLaren en la cuarta plaza de la lista de tiempos; y el mexicano Sergio P\u00e9rez de Racing Point en la quinta.<\/p>\n<p>Hamilton que apunta a una s\u00e9ptima corona mundial de F1 que igualar\u00eda el r\u00e9cord de t\u00edtulos del alem\u00e1n Michael Schumacher- cubri\u00f3, en su mejor vuelta, los 4.813 metros del circuito de Estiria, en un minuto, cuatro segundos y 816 mil\u00e9simas. Exactamente 356 menos que el finland\u00e9s Valtteri Bottas su compa\u00f1ero en la dominante escuder\u00eda Mercedes; ganadora de los \u00faltimos seis Mundiales de pilotos y constructores, que pint\u00f3 de negro sus \u00abflechas plateadas\u00bb como se\u00f1al de apoyo a la lucha contra el racismo-, que marc\u00f3 el segundo crono de la sesi\u00f3n.<\/p>\n<p>El holand\u00e9s Max Verstappen de Red Bull, ganador de las dos \u00faltimas ediciones del Gran Premio de Austria, marc\u00f3 el tercer tiempo del nublado primer entrenamiento libre, disputado a 18 grados ambientales y con 22 en el asfalto.<\/p>\n<p>Max, que podr\u00eda convertirse en el m\u00e1s joven campe\u00f3n de la historia si destrona a Hamilton, se qued\u00f3 a seis d\u00e9cimas del crono del ingl\u00e9s, en una sesi\u00f3n marcada por el arco iris representativo del Orgullo Gay y mensajes contra el racismo, presentes tanto en el \u2018paddock\u2019, como en los monoplazas.<\/p>\n<p>Sainz, protagonista del bombazo del confinamiento, ya que el a\u00f1o pr\u00f3ximo ser\u00e1 piloto de Ferrari, escuder\u00eda en la que el talentoso piloto madrile\u00f1o reemplazar\u00e1 al alem\u00e1n Sebastian Vettel, marc\u00f3 el cuarto crono, a 615 mil\u00e9simas de Hamilton, que el a\u00f1o pasado super\u00f3 al argentino Juan Manuel Fangio al capturar su sexto t\u00edtulo Mundial; en una sesi\u00f3n que el mexicano \u00abCheco\u00bb P\u00e9rez acab\u00f3 quinto.<\/p>\n<p>El bravo piloto tapat\u00edo cubri\u00f3 la pista, la de tiempo de vuelta m\u00e1s corto de los primeros ocho Grandes Premios de la temporada en un minuto, cinco segundos y 512 mil\u00e9simas, a 696 mil\u00e9simas del s\u00e9xtuple campe\u00f3n ingl\u00e9s y con 109 menos que el mejor tiempo del ingl\u00e9s Lando Norris, compa\u00f1ero de Sainz en McLaren, que marc\u00f3 el sexto tiempo.<\/p>\n<p>Verstappen, que fue de los que m\u00e1s tard\u00f3 en salir a pista, protagoniz\u00f3 un trompo despu\u00e9s de la primera curva; mientras que el ruso Daniil Kvyat provoc\u00f3 el susto del mismo, al perder el control de su Alpha Tauri en la \u00faltima de las 10 curvas del circuito, en la que por poco no colision\u00f3 con el Williams del ingl\u00e9s George Russell.<\/p>\n<p>Debido a la pandemia de la COVID-19, el Gran Premio se disputa con fuertes medidas de seguridad sanitaria y enormes restricciones de acceso al personal, como qued\u00f3 claro por el tiempo que se tard\u00f3 en retirar de la recta de meta una de las piezas del Renault del \u2018retornado\u2019 franc\u00e9s Esteban Ocon, para lo cual se decret\u00f3 durante unos instantes el \u2018coche de seguridad virtual\u2019.<\/p>\n<p>El segundo entrenamiento libre de la primera de las ocho pruebas inicialmente programadas, todas en Europa y a puerta cerrada, de un Mundial de F1 marcado por la pandemia de COVID-19 y que debi\u00f3 arrancar a mediados de marzo en Melbourne, Australia, se disputar\u00e1 a partir de las tres de la tarde.<\/p>\n<p>Tabla de tiempos del primer libre del GP de Austria:<\/p>\n<p>Lewis Hamilton (GBR\/Mercedes) 1:04.816<\/p>\n<p>Valtteri Bottas (FIN\/Mercedes) a 0.356<\/p>\n<p>Max Verstappen (HOL\/Red Bull) a 0.602<\/p>\n<p>Carlos Sainz (ESP\/McLaren) a 0.615<\/p>\n<p>Sergio P\u00e9rez (MEX\/Racing Point) a 0.696<\/p>\n<p>Lando Norris (GBR\/McLaren) a 0.805<\/p>\n<p>Alexander Albon (TAI\/Red Bull) a 0.885<\/p>\n<p>Daniel Ricciardo (AUS\/Renault) a 1.044<\/p>\n<p>Kevin Magnussen (DIN\/Haas) a 1.091<\/p>\n<p>Charles Leclerc (MON\/Ferrari) a 1.108<\/p>\n<p>Lance Stroll (CAN\/Racing Point) a 1.258<\/p>\n<p>Sebastian Vettel (GER\/Ferrari) a 1.261<\/p>\n<p>Esteban Ocon (FRA\/Renault) a 1.454<\/p>\n<p>Antonio Giovinazzi (ITA\/Alfa Romeo) a 1.544<\/p>\n<p>Kimi Raikkonen (FIN\/Alfa Romeo) a 1.549<\/p>\n<p>Pierre Gasly (FRA\/Alpha Tauri) a 1.588<\/p>\n<p>George Russell (GBR\/Williams) a 1.679<\/p>\n<p>Nicholas Latifi (CAN\/Williams) a 2.090<\/p>\n<p>Daniil Kvyat (RUS\/Alpha Tauri) a 2.127<\/p>\n<p>Romain Grosjean (FRA\/Haas) sin tiempo.<\/p>\n<p><strong>Redacci\u00f3n: Molero, Luis\u00a0 (@Moleromarquez) | Fuente: Agencias<br \/>\nEdici\u00f3n: Villasmil, Henry; Ch\u00e1vez, Marian<br \/>\nGr\u00e1ficas: Cortes\u00eda<\/strong><\/p>\n<p>&nbsp;<\/p><div class=\"mtzcj69f3e6ac9bc60\" ><p style=\"text-align: center;\"><a href=\"https:\/\/t.me\/noticiasdigital58\" target=\"_blank\" rel=\"noopener\"><img class=\"aligncenter size-full wp-image-125363\" src=\"https:\/\/digital58.com.ve\/site\/wp-content\/uploads\/2021\/04\/banner-telegram-web-2021.png\" alt=\"\" width=\"600\" height=\"90\" \/><\/a><\/p><\/div><style type=\"text\/css\">\r\n@media screen and (min-width: 1201px) {\r\n.mtzcj69f3e6ac9bc60 {\r\ndisplay: block;\r\n}\r\n}\r\n@media screen and (min-width: 993px) and (max-width: 1200px) {\r\n.mtzcj69f3e6ac9bc60 {\r\ndisplay: block;\r\n}\r\n}\r\n@media screen and (min-width: 769px) and (max-width: 992px) {\r\n.mtzcj69f3e6ac9bc60 {\r\ndisplay: block;\r\n}\r\n}\r\n@media screen and (min-width: 768px) and (max-width: 768px) {\r\n.mtzcj69f3e6ac9bc60 {\r\ndisplay: block;\r\n}\r\n}\r\n@media screen and (max-width: 767px) {\r\n.mtzcj69f3e6ac9bc60 {\r\ndisplay: block;\r\n}\r\n}\r\n<\/style>\r\n\n<p>&nbsp;<\/p>\n<div style=\"margin-top: 0px; margin-bottom: 0px;\" class=\"sharethis-inline-share-buttons\" ><\/div>","protected":false},"excerpt":{"rendered":"<p>El piloto de Mercedes cubri\u00f3, en su mejor vuelta, los 4.813 metros del circuito de Estiria, en un minuto, cuatro<\/p>\n","protected":false},"author":26,"featured_media":110690,"comment_status":"open","ping_status":"closed","sticky":false,"template":"","format":"standard","meta":{"colormag_page_container_layout":"default_layout","colormag_page_sidebar_layout":"default_layout","_uag_custom_page_level_css":"","footnotes":""},"categories":[5402],"tags":[2,5,9,16864],"class_list":["post-110684","post","type-post","status-publish","format-standard","has-post-thumbnail","hentry","category-deportes","tag-automovilismo","tag-f1","tag-lewis-hamilton","tag-premio-de-austria"],"yoast_head":"<!-- This site is optimized with the Yoast SEO plugin v27.5 - https:\/\/yoast.com\/product\/yoast-seo-wordpress\/ -->\n<title>Hamilton tom\u00f3 la delantera en los primeros ensayos libres para el Gran Premio de Austria<\/title>\n<meta name=\"description\" content=\"Deportes\" \/>\n<meta name=\"robots\" content=\"index, follow, max-snippet:-1, max-image-preview:large, max-video-preview:-1\" \/>\n<link rel=\"canonical\" href=\"https:\/\/digital58.com.ve\/site\/2020\/07\/03\/hamilton-tomo-la-delantera-en-los-primeros-ensayos-libres-para-el-gran-premio-de-austria\/\" \/>\n<meta property=\"og:locale\" content=\"es_ES\" \/>\n<meta property=\"og:type\" content=\"article\" \/>\n<meta property=\"og:title\" content=\"Hamilton tom\u00f3 la delantera en los primeros ensayos libres para el Gran Premio de Austria\" \/>\n<meta property=\"og:description\" content=\"Deportes\" \/>\n<meta property=\"og:url\" content=\"https:\/\/digital58.com.ve\/site\/2020\/07\/03\/hamilton-tomo-la-delantera-en-los-primeros-ensayos-libres-para-el-gran-premio-de-austria\/\" \/>\n<meta property=\"og:site_name\" content=\"Noticias Digital58\" \/>\n<meta property=\"article:published_time\" content=\"2020-07-03T19:34:02+00:00\" \/>\n<meta property=\"og:image\" content=\"https:\/\/digital58.com.ve\/site\/wp-content\/uploads\/2020\/07\/hamilton.jpg\" \/>\n\t<meta property=\"og:image:width\" content=\"800\" \/>\n\t<meta property=\"og:image:height\" content=\"473\" \/>\n\t<meta property=\"og:image:type\" content=\"image\/jpeg\" \/>\n<meta name=\"author\" content=\"Molero Luis\" \/>\n<meta name=\"twitter:card\" content=\"summary_large_image\" \/>\n<meta name=\"twitter:creator\" content=\"@Digital_58\" \/>\n<meta name=\"twitter:site\" content=\"@villasmilhfoto\" \/>\n<meta name=\"twitter:label1\" content=\"Escrito por\" \/>\n\t<meta name=\"twitter:data1\" content=\"Molero Luis\" \/>\n\t<meta name=\"twitter:label2\" content=\"Tiempo estimado de lectura\" \/>\n\t<meta name=\"twitter:data2\" content=\"4 minutos\" \/>\n<script type=\"application\/ld+json\" class=\"yoast-schema-graph\">{\"@context\":\"https:\\\/\\\/schema.org\",\"@graph\":[{\"@type\":\"Article\",\"@id\":\"https:\\\/\\\/digital58.com.ve\\\/site\\\/2020\\\/07\\\/03\\\/hamilton-tomo-la-delantera-en-los-primeros-ensayos-libres-para-el-gran-premio-de-austria\\\/#article\",\"isPartOf\":{\"@id\":\"https:\\\/\\\/digital58.com.ve\\\/site\\\/2020\\\/07\\\/03\\\/hamilton-tomo-la-delantera-en-los-primeros-ensayos-libres-para-el-gran-premio-de-austria\\\/\"},\"author\":{\"name\":\"Molero Luis\",\"@id\":\"https:\\\/\\\/digital58.com.ve\\\/site\\\/#\\\/schema\\\/person\\\/c61667ce6845137620ee3f0aaabade17\"},\"headline\":\"Hamilton tom\u00f3 la delantera en los primeros ensayos libres para el Gran Premio de Austria\",\"datePublished\":\"2020-07-03T19:34:02+00:00\",\"mainEntityOfPage\":{\"@id\":\"https:\\\/\\\/digital58.com.ve\\\/site\\\/2020\\\/07\\\/03\\\/hamilton-tomo-la-delantera-en-los-primeros-ensayos-libres-para-el-gran-premio-de-austria\\\/\"},\"wordCount\":781,\"commentCount\":0,\"publisher\":{\"@id\":\"https:\\\/\\\/digital58.com.ve\\\/site\\\/#\\\/schema\\\/person\\\/64d1c2e4d0d4fd1b849980c4331c2951\"},\"image\":{\"@id\":\"https:\\\/\\\/digital58.com.ve\\\/site\\\/2020\\\/07\\\/03\\\/hamilton-tomo-la-delantera-en-los-primeros-ensayos-libres-para-el-gran-premio-de-austria\\\/#primaryimage\"},\"thumbnailUrl\":\"https:\\\/\\\/digital58.com.ve\\\/site\\\/wp-content\\\/uploads\\\/2020\\\/07\\\/hamilton.jpg\",\"keywords\":[\"Automovilismo\",\"F1\",\"Lewis Hamilton\",\"Premio de Austria\"],\"articleSection\":[\"Deportes\"],\"inLanguage\":\"es\",\"potentialAction\":[{\"@type\":\"CommentAction\",\"name\":\"Comment\",\"target\":[\"https:\\\/\\\/digital58.com.ve\\\/site\\\/2020\\\/07\\\/03\\\/hamilton-tomo-la-delantera-en-los-primeros-ensayos-libres-para-el-gran-premio-de-austria\\\/#respond\"]}]},{\"@type\":\"WebPage\",\"@id\":\"https:\\\/\\\/digital58.com.ve\\\/site\\\/2020\\\/07\\\/03\\\/hamilton-tomo-la-delantera-en-los-primeros-ensayos-libres-para-el-gran-premio-de-austria\\\/\",\"url\":\"https:\\\/\\\/digital58.com.ve\\\/site\\\/2020\\\/07\\\/03\\\/hamilton-tomo-la-delantera-en-los-primeros-ensayos-libres-para-el-gran-premio-de-austria\\\/\",\"name\":\"Hamilton tom\u00f3 la delantera en los primeros ensayos libres para el Gran Premio de Austria\",\"isPartOf\":{\"@id\":\"https:\\\/\\\/digital58.com.ve\\\/site\\\/#website\"},\"primaryImageOfPage\":{\"@id\":\"https:\\\/\\\/digital58.com.ve\\\/site\\\/2020\\\/07\\\/03\\\/hamilton-tomo-la-delantera-en-los-primeros-ensayos-libres-para-el-gran-premio-de-austria\\\/#primaryimage\"},\"image\":{\"@id\":\"https:\\\/\\\/digital58.com.ve\\\/site\\\/2020\\\/07\\\/03\\\/hamilton-tomo-la-delantera-en-los-primeros-ensayos-libres-para-el-gran-premio-de-austria\\\/#primaryimage\"},\"thumbnailUrl\":\"https:\\\/\\\/digital58.com.ve\\\/site\\\/wp-content\\\/uploads\\\/2020\\\/07\\\/hamilton.jpg\",\"datePublished\":\"2020-07-03T19:34:02+00:00\",\"description\":\"Deportes\",\"breadcrumb\":{\"@id\":\"https:\\\/\\\/digital58.com.ve\\\/site\\\/2020\\\/07\\\/03\\\/hamilton-tomo-la-delantera-en-los-primeros-ensayos-libres-para-el-gran-premio-de-austria\\\/#breadcrumb\"},\"inLanguage\":\"es\",\"potentialAction\":[{\"@type\":\"ReadAction\",\"target\":[\"https:\\\/\\\/digital58.com.ve\\\/site\\\/2020\\\/07\\\/03\\\/hamilton-tomo-la-delantera-en-los-primeros-ensayos-libres-para-el-gran-premio-de-austria\\\/\"]}]},{\"@type\":\"ImageObject\",\"inLanguage\":\"es\",\"@id\":\"https:\\\/\\\/digital58.com.ve\\\/site\\\/2020\\\/07\\\/03\\\/hamilton-tomo-la-delantera-en-los-primeros-ensayos-libres-para-el-gran-premio-de-austria\\\/#primaryimage\",\"url\":\"https:\\\/\\\/digital58.com.ve\\\/site\\\/wp-content\\\/uploads\\\/2020\\\/07\\\/hamilton.jpg\",\"contentUrl\":\"https:\\\/\\\/digital58.com.ve\\\/site\\\/wp-content\\\/uploads\\\/2020\\\/07\\\/hamilton.jpg\",\"width\":800,\"height\":473},{\"@type\":\"BreadcrumbList\",\"@id\":\"https:\\\/\\\/digital58.com.ve\\\/site\\\/2020\\\/07\\\/03\\\/hamilton-tomo-la-delantera-en-los-primeros-ensayos-libres-para-el-gran-premio-de-austria\\\/#breadcrumb\",\"itemListElement\":[{\"@type\":\"ListItem\",\"position\":1,\"name\":\"Home\",\"item\":\"https:\\\/\\\/digital58.com.ve\\\/site\\\/\"},{\"@type\":\"ListItem\",\"position\":2,\"name\":\"Hamilton tom\u00f3 la delantera en los primeros ensayos libres para el Gran Premio de Austria\"}]},{\"@type\":\"WebSite\",\"@id\":\"https:\\\/\\\/digital58.com.ve\\\/site\\\/#website\",\"url\":\"https:\\\/\\\/digital58.com.ve\\\/site\\\/\",\"name\":\"Noticias Digital58\",\"description\":\"Portal de Noticias \u00a1Periodismo web de verdad! Lanzamiento web 22.11.2005 \\\/ Maracaibo, Venezuela\",\"publisher\":{\"@id\":\"https:\\\/\\\/digital58.com.ve\\\/site\\\/#\\\/schema\\\/person\\\/64d1c2e4d0d4fd1b849980c4331c2951\"},\"alternateName\":\"ND58\",\"potentialAction\":[{\"@type\":\"SearchAction\",\"target\":{\"@type\":\"EntryPoint\",\"urlTemplate\":\"https:\\\/\\\/digital58.com.ve\\\/site\\\/?s={search_term_string}\"},\"query-input\":{\"@type\":\"PropertyValueSpecification\",\"valueRequired\":true,\"valueName\":\"search_term_string\"}}],\"inLanguage\":\"es\"},{\"@type\":[\"Person\",\"Organization\"],\"@id\":\"https:\\\/\\\/digital58.com.ve\\\/site\\\/#\\\/schema\\\/person\\\/64d1c2e4d0d4fd1b849980c4331c2951\",\"name\":\"Villasmil Henry\",\"image\":{\"@type\":\"ImageObject\",\"inLanguage\":\"es\",\"@id\":\"https:\\\/\\\/secure.gravatar.com\\\/avatar\\\/bb0c4a2fcb7970138239f7e404ea75757b1b507b28b5ce4c53fbd62d797c5a7c?s=96&d=mm&r=g\",\"url\":\"https:\\\/\\\/secure.gravatar.com\\\/avatar\\\/bb0c4a2fcb7970138239f7e404ea75757b1b507b28b5ce4c53fbd62d797c5a7c?s=96&d=mm&r=g\",\"contentUrl\":\"https:\\\/\\\/secure.gravatar.com\\\/avatar\\\/bb0c4a2fcb7970138239f7e404ea75757b1b507b28b5ce4c53fbd62d797c5a7c?s=96&d=mm&r=g\",\"caption\":\"Villasmil Henry\"},\"logo\":{\"@id\":\"https:\\\/\\\/secure.gravatar.com\\\/avatar\\\/bb0c4a2fcb7970138239f7e404ea75757b1b507b28b5ce4c53fbd62d797c5a7c?s=96&d=mm&r=g\"},\"sameAs\":[\"http:\\\/\\\/www.henryvillasmil.com.ve\",\"https:\\\/\\\/www.instagram.com\\\/villasmilhfoto\\\/\",\"https:\\\/\\\/x.com\\\/https:\\\/\\\/twitter.com\\\/villasmilhfoto\"]},{\"@type\":\"Person\",\"@id\":\"https:\\\/\\\/digital58.com.ve\\\/site\\\/#\\\/schema\\\/person\\\/c61667ce6845137620ee3f0aaabade17\",\"name\":\"Molero Luis\",\"image\":{\"@type\":\"ImageObject\",\"inLanguage\":\"es\",\"@id\":\"https:\\\/\\\/secure.gravatar.com\\\/avatar\\\/bf041ec637e3e7405449807deb2f7cf3d2de7c6fa755dd56e985201de9863f2b?s=96&d=mm&r=g\",\"url\":\"https:\\\/\\\/secure.gravatar.com\\\/avatar\\\/bf041ec637e3e7405449807deb2f7cf3d2de7c6fa755dd56e985201de9863f2b?s=96&d=mm&r=g\",\"contentUrl\":\"https:\\\/\\\/secure.gravatar.com\\\/avatar\\\/bf041ec637e3e7405449807deb2f7cf3d2de7c6fa755dd56e985201de9863f2b?s=96&d=mm&r=g\",\"caption\":\"Molero Luis\"},\"url\":\"https:\\\/\\\/digital58.com.ve\\\/site\\\/author\\\/luismolero\\\/\"}]}<\/script>\n<!-- \/ Yoast SEO plugin. -->","yoast_head_json":{"title":"Hamilton tom\u00f3 la delantera en los primeros ensayos libres para el Gran Premio de Austria","description":"Deportes","robots":{"index":"index","follow":"follow","max-snippet":"max-snippet:-1","max-image-preview":"max-image-preview:large","max-video-preview":"max-video-preview:-1"},"canonical":"https:\/\/digital58.com.ve\/site\/2020\/07\/03\/hamilton-tomo-la-delantera-en-los-primeros-ensayos-libres-para-el-gran-premio-de-austria\/","og_locale":"es_ES","og_type":"article","og_title":"Hamilton tom\u00f3 la delantera en los primeros ensayos libres para el Gran Premio de Austria","og_description":"Deportes","og_url":"https:\/\/digital58.com.ve\/site\/2020\/07\/03\/hamilton-tomo-la-delantera-en-los-primeros-ensayos-libres-para-el-gran-premio-de-austria\/","og_site_name":"Noticias Digital58","article_published_time":"2020-07-03T19:34:02+00:00","og_image":[{"width":800,"height":473,"url":"https:\/\/digital58.com.ve\/site\/wp-content\/uploads\/2020\/07\/hamilton.jpg","type":"image\/jpeg"}],"author":"Molero Luis","twitter_card":"summary_large_image","twitter_creator":"@Digital_58","twitter_site":"@villasmilhfoto","twitter_misc":{"Escrito por":"Molero Luis","Tiempo estimado de lectura":"4 minutos"},"schema":{"@context":"https:\/\/schema.org","@graph":[{"@type":"Article","@id":"https:\/\/digital58.com.ve\/site\/2020\/07\/03\/hamilton-tomo-la-delantera-en-los-primeros-ensayos-libres-para-el-gran-premio-de-austria\/#article","isPartOf":{"@id":"https:\/\/digital58.com.ve\/site\/2020\/07\/03\/hamilton-tomo-la-delantera-en-los-primeros-ensayos-libres-para-el-gran-premio-de-austria\/"},"author":{"name":"Molero Luis","@id":"https:\/\/digital58.com.ve\/site\/#\/schema\/person\/c61667ce6845137620ee3f0aaabade17"},"headline":"Hamilton tom\u00f3 la delantera en los primeros ensayos libres para el Gran Premio de Austria","datePublished":"2020-07-03T19:34:02+00:00","mainEntityOfPage":{"@id":"https:\/\/digital58.com.ve\/site\/2020\/07\/03\/hamilton-tomo-la-delantera-en-los-primeros-ensayos-libres-para-el-gran-premio-de-austria\/"},"wordCount":781,"commentCount":0,"publisher":{"@id":"https:\/\/digital58.com.ve\/site\/#\/schema\/person\/64d1c2e4d0d4fd1b849980c4331c2951"},"image":{"@id":"https:\/\/digital58.com.ve\/site\/2020\/07\/03\/hamilton-tomo-la-delantera-en-los-primeros-ensayos-libres-para-el-gran-premio-de-austria\/#primaryimage"},"thumbnailUrl":"https:\/\/digital58.com.ve\/site\/wp-content\/uploads\/2020\/07\/hamilton.jpg","keywords":["Automovilismo","F1","Lewis Hamilton","Premio de Austria"],"articleSection":["Deportes"],"inLanguage":"es","potentialAction":[{"@type":"CommentAction","name":"Comment","target":["https:\/\/digital58.com.ve\/site\/2020\/07\/03\/hamilton-tomo-la-delantera-en-los-primeros-ensayos-libres-para-el-gran-premio-de-austria\/#respond"]}]},{"@type":"WebPage","@id":"https:\/\/digital58.com.ve\/site\/2020\/07\/03\/hamilton-tomo-la-delantera-en-los-primeros-ensayos-libres-para-el-gran-premio-de-austria\/","url":"https:\/\/digital58.com.ve\/site\/2020\/07\/03\/hamilton-tomo-la-delantera-en-los-primeros-ensayos-libres-para-el-gran-premio-de-austria\/","name":"Hamilton tom\u00f3 la delantera en los primeros ensayos libres para el Gran Premio de Austria","isPartOf":{"@id":"https:\/\/digital58.com.ve\/site\/#website"},"primaryImageOfPage":{"@id":"https:\/\/digital58.com.ve\/site\/2020\/07\/03\/hamilton-tomo-la-delantera-en-los-primeros-ensayos-libres-para-el-gran-premio-de-austria\/#primaryimage"},"image":{"@id":"https:\/\/digital58.com.ve\/site\/2020\/07\/03\/hamilton-tomo-la-delantera-en-los-primeros-ensayos-libres-para-el-gran-premio-de-austria\/#primaryimage"},"thumbnailUrl":"https:\/\/digital58.com.ve\/site\/wp-content\/uploads\/2020\/07\/hamilton.jpg","datePublished":"2020-07-03T19:34:02+00:00","description":"Deportes","breadcrumb":{"@id":"https:\/\/digital58.com.ve\/site\/2020\/07\/03\/hamilton-tomo-la-delantera-en-los-primeros-ensayos-libres-para-el-gran-premio-de-austria\/#breadcrumb"},"inLanguage":"es","potentialAction":[{"@type":"ReadAction","target":["https:\/\/digital58.com.ve\/site\/2020\/07\/03\/hamilton-tomo-la-delantera-en-los-primeros-ensayos-libres-para-el-gran-premio-de-austria\/"]}]},{"@type":"ImageObject","inLanguage":"es","@id":"https:\/\/digital58.com.ve\/site\/2020\/07\/03\/hamilton-tomo-la-delantera-en-los-primeros-ensayos-libres-para-el-gran-premio-de-austria\/#primaryimage","url":"https:\/\/digital58.com.ve\/site\/wp-content\/uploads\/2020\/07\/hamilton.jpg","contentUrl":"https:\/\/digital58.com.ve\/site\/wp-content\/uploads\/2020\/07\/hamilton.jpg","width":800,"height":473},{"@type":"BreadcrumbList","@id":"https:\/\/digital58.com.ve\/site\/2020\/07\/03\/hamilton-tomo-la-delantera-en-los-primeros-ensayos-libres-para-el-gran-premio-de-austria\/#breadcrumb","itemListElement":[{"@type":"ListItem","position":1,"name":"Home","item":"https:\/\/digital58.com.ve\/site\/"},{"@type":"ListItem","position":2,"name":"Hamilton tom\u00f3 la delantera en los primeros ensayos libres para el Gran Premio de Austria"}]},{"@type":"WebSite","@id":"https:\/\/digital58.com.ve\/site\/#website","url":"https:\/\/digital58.com.ve\/site\/","name":"Noticias Digital58","description":"Portal de Noticias \u00a1Periodismo web de verdad! Lanzamiento web 22.11.2005 \/ Maracaibo, Venezuela","publisher":{"@id":"https:\/\/digital58.com.ve\/site\/#\/schema\/person\/64d1c2e4d0d4fd1b849980c4331c2951"},"alternateName":"ND58","potentialAction":[{"@type":"SearchAction","target":{"@type":"EntryPoint","urlTemplate":"https:\/\/digital58.com.ve\/site\/?s={search_term_string}"},"query-input":{"@type":"PropertyValueSpecification","valueRequired":true,"valueName":"search_term_string"}}],"inLanguage":"es"},{"@type":["Person","Organization"],"@id":"https:\/\/digital58.com.ve\/site\/#\/schema\/person\/64d1c2e4d0d4fd1b849980c4331c2951","name":"Villasmil Henry","image":{"@type":"ImageObject","inLanguage":"es","@id":"https:\/\/secure.gravatar.com\/avatar\/bb0c4a2fcb7970138239f7e404ea75757b1b507b28b5ce4c53fbd62d797c5a7c?s=96&d=mm&r=g","url":"https:\/\/secure.gravatar.com\/avatar\/bb0c4a2fcb7970138239f7e404ea75757b1b507b28b5ce4c53fbd62d797c5a7c?s=96&d=mm&r=g","contentUrl":"https:\/\/secure.gravatar.com\/avatar\/bb0c4a2fcb7970138239f7e404ea75757b1b507b28b5ce4c53fbd62d797c5a7c?s=96&d=mm&r=g","caption":"Villasmil Henry"},"logo":{"@id":"https:\/\/secure.gravatar.com\/avatar\/bb0c4a2fcb7970138239f7e404ea75757b1b507b28b5ce4c53fbd62d797c5a7c?s=96&d=mm&r=g"},"sameAs":["http:\/\/www.henryvillasmil.com.ve","https:\/\/www.instagram.com\/villasmilhfoto\/","https:\/\/x.com\/https:\/\/twitter.com\/villasmilhfoto"]},{"@type":"Person","@id":"https:\/\/digital58.com.ve\/site\/#\/schema\/person\/c61667ce6845137620ee3f0aaabade17","name":"Molero Luis","image":{"@type":"ImageObject","inLanguage":"es","@id":"https:\/\/secure.gravatar.com\/avatar\/bf041ec637e3e7405449807deb2f7cf3d2de7c6fa755dd56e985201de9863f2b?s=96&d=mm&r=g","url":"https:\/\/secure.gravatar.com\/avatar\/bf041ec637e3e7405449807deb2f7cf3d2de7c6fa755dd56e985201de9863f2b?s=96&d=mm&r=g","contentUrl":"https:\/\/secure.gravatar.com\/avatar\/bf041ec637e3e7405449807deb2f7cf3d2de7c6fa755dd56e985201de9863f2b?s=96&d=mm&r=g","caption":"Molero Luis"},"url":"https:\/\/digital58.com.ve\/site\/author\/luismolero\/"}]}},"uagb_featured_image_src":{"full":["https:\/\/digital58.com.ve\/site\/wp-content\/uploads\/2020\/07\/hamilton.jpg",800,473,false],"thumbnail":["https:\/\/digital58.com.ve\/site\/wp-content\/uploads\/2020\/07\/hamilton-150x150.jpg",150,150,true],"medium":["https:\/\/digital58.com.ve\/site\/wp-content\/uploads\/2020\/07\/hamilton-300x177.jpg",300,177,true],"medium_large":["https:\/\/digital58.com.ve\/site\/wp-content\/uploads\/2020\/07\/hamilton-768x454.jpg",768,454,true],"large":["https:\/\/digital58.com.ve\/site\/wp-content\/uploads\/2020\/07\/hamilton.jpg",800,473,false],"1536x1536":["https:\/\/digital58.com.ve\/site\/wp-content\/uploads\/2020\/07\/hamilton.jpg",800,473,false],"2048x2048":["https:\/\/digital58.com.ve\/site\/wp-content\/uploads\/2020\/07\/hamilton.jpg",800,473,false],"colormag-highlighted-post":["https:\/\/digital58.com.ve\/site\/wp-content\/uploads\/2020\/07\/hamilton.jpg",392,232,false],"colormag-featured-post-medium":["https:\/\/digital58.com.ve\/site\/wp-content\/uploads\/2020\/07\/hamilton.jpg",347,205,false],"colormag-featured-post-small":["https:\/\/digital58.com.ve\/site\/wp-content\/uploads\/2020\/07\/hamilton.jpg",130,77,false],"colormag-featured-image":["https:\/\/digital58.com.ve\/site\/wp-content\/uploads\/2020\/07\/hamilton.jpg",753,445,false],"colormag-default-news":["https:\/\/digital58.com.ve\/site\/wp-content\/uploads\/2020\/07\/hamilton.jpg",150,89,false],"colormag-featured-image-large":["https:\/\/digital58.com.ve\/site\/wp-content\/uploads\/2020\/07\/hamilton.jpg",800,473,false]},"uagb_author_info":{"display_name":"Molero Luis","author_link":"https:\/\/digital58.com.ve\/site\/author\/luismolero\/"},"uagb_comment_info":0,"uagb_excerpt":"El piloto de Mercedes cubri\u00f3, en su mejor vuelta, los 4.813 metros del circuito de Estiria, en un minuto, cuatro","_links":{"self":[{"href":"https:\/\/digital58.com.ve\/site\/wp-json\/wp\/v2\/posts\/110684","targetHints":{"allow":["GET"]}}],"collection":[{"href":"https:\/\/digital58.com.ve\/site\/wp-json\/wp\/v2\/posts"}],"about":[{"href":"https:\/\/digital58.com.ve\/site\/wp-json\/wp\/v2\/types\/post"}],"author":[{"embeddable":true,"href":"https:\/\/digital58.com.ve\/site\/wp-json\/wp\/v2\/users\/26"}],"replies":[{"embeddable":true,"href":"https:\/\/digital58.com.ve\/site\/wp-json\/wp\/v2\/comments?post=110684"}],"version-history":[{"count":0,"href":"https:\/\/digital58.com.ve\/site\/wp-json\/wp\/v2\/posts\/110684\/revisions"}],"wp:featuredmedia":[{"embeddable":true,"href":"https:\/\/digital58.com.ve\/site\/wp-json\/wp\/v2\/media\/110690"}],"wp:attachment":[{"href":"https:\/\/digital58.com.ve\/site\/wp-json\/wp\/v2\/media?parent=110684"}],"wp:term":[{"taxonomy":"category","embeddable":true,"href":"https:\/\/digital58.com.ve\/site\/wp-json\/wp\/v2\/categories?post=110684"},{"taxonomy":"post_tag","embeddable":true,"href":"https:\/\/digital58.com.ve\/site\/wp-json\/wp\/v2\/tags?post=110684"}],"curies":[{"name":"wp","href":"https:\/\/api.w.org\/{rel}","templated":true}]}}