{"id":110784,"date":"2020-07-05T22:44:03","date_gmt":"2020-07-06T02:44:03","guid":{"rendered":"https:\/\/digital58.com.ve\/site\/?p=110784"},"modified":"2020-07-05T22:44:40","modified_gmt":"2020-07-06T02:44:40","slug":"el-talento-futbolistico-juvenil-se-pierde-detras-de-la-pandemia","status":"publish","type":"post","link":"https:\/\/digital58.com.ve\/site\/2020\/07\/05\/el-talento-futbolistico-juvenil-se-pierde-detras-de-la-pandemia\/","title":{"rendered":"El talento futbol\u00edstico juvenil se pierde detr\u00e1s de la pandemia"},"content":{"rendered":"<p><a href=\"https:\/\/digital58.com.ve\/site\/wp-content\/uploads\/2020\/07\/fundauam.jpg\"><img loading=\"lazy\" decoding=\"async\" class=\"aligncenter size-full wp-image-111293\" src=\"https:\/\/digital58.com.ve\/site\/wp-content\/uploads\/2020\/07\/fundauam.jpg\" alt=\"\" width=\"900\" height=\"624\" srcset=\"https:\/\/digital58.com.ve\/site\/wp-content\/uploads\/2020\/07\/fundauam.jpg 800w, https:\/\/digital58.com.ve\/site\/wp-content\/uploads\/2020\/07\/fundauam-300x208.jpg 300w, https:\/\/digital58.com.ve\/site\/wp-content\/uploads\/2020\/07\/fundauam-768x532.jpg 768w\" sizes=\"auto, (max-width: 900px) 100vw, 900px\" \/><\/a><\/p>\n<p>Las actividades deportivas en Venezuela, se encuentran detenidas totalmente desde el 12 de marzo, como una de las tantas medidas ejecutadas para frenar la propagaci\u00f3n del COVID-19.<\/p>\n<p><strong>Maracaibo, Zulia, Venezuela 05 de junio 2020 (ND58).- <\/strong>Muchos son los ni\u00f1os y j\u00f3venes que dibujan su futuro pateando un bal\u00f3n de f\u00fatbol, que visualizan sus m\u00e1s grandes sue\u00f1os cuando pisan el engramado. Ah\u00ed, donde el talento se nutre, donde las esperanzas florecen, hoy solo se halla el verde pasto.<\/p>\n<p>En los campos de f\u00fatbol, que sirven de semillero para el futuro de nuestro deporte nacional, ya no hay juventud que se forme en la disciplina del deporte, debido a las fuertes restricciones sociales que se han debido implementar para frenar la propagaci\u00f3n de la COVID-19.<\/p>\n<p>La pandemia por el nuevo coronavirus, \u00a0ha detenido pr\u00e1cticamente todo el movimiento de la humanidad. El\u00a0 f\u00fatbol juvenil venezolano, lamentablemente, no pod\u00eda ser ajeno a esta situaci\u00f3n.<\/p>\n<p>Algo as\u00ed como si los sue\u00f1os hayan quedado en pausa, es un mientras tanto que se alarga.<\/p>\n<p>En este contexto, existen entrenadores preocupados por la forma f\u00edsica de los jugadores, adem\u00e1s del posible desperdicio de talento, que ya tiene casi cuatro meses sin cultivarse.<\/p>\n<p>El pasado 12 de marzo, el Ministro de Juventud y Deportes, Pedro Infante, emiti\u00f3 un comunicado, a trav\u00e9s del cual suspendi\u00f3 todas las actividades deportivas a nivel\u00a0 nacional. En los siguientes d\u00edas, entr\u00f3 en vigencia el r\u00e9gimen de restricciones sociales dictado por el presidente Nicol\u00e1s Maduro, mediante el cual se decret\u00f3 la cuarentena en todo el pa\u00eds.<\/p>\n<p>\u00abLas actividades deportivas est\u00e1n suspendidas a partir de este momento para garantizar la prevenci\u00f3n del COVID-19 ante el riesgo de expansi\u00f3n del mismo y para salvaguardar a nuestros atletas, entrenadores, jueces, \u00e1rbitros y todo el personal que trabaje en el deporte\u00bb, dicta el comunicado emitido por ministro Infante.<\/p>\n<p>Para cuando se tomaron las medidas,\u00a0 en el estado Zulia, el Torneo Asociaci\u00f3n, del f\u00fatbol juvenil, estaba llegando a su final. Mientras, las academias tambi\u00e9n preparaban a sus jugadores para disputar la Serie Oro.<\/p>\n<p>\u00abPerdieron la preparaci\u00f3n, la motivaci\u00f3n y las finales porque ya la mayor\u00eda de \u00abchamitos\u00bb pasaron a otras categor\u00edas\u00bb, dijo a <strong>Noticias Digital58<\/strong>, Julio Vidal, entrenador de la categor\u00eda Sub-13 de Fundaci\u00f3n Uni\u00f3n Atl\u00e9tico Maracaibo (FUNDAUAM), en referencia a la situaci\u00f3n de los j\u00f3venes futbolistas.<\/p>\n<p>El entrenador \u00abazulgrana\u00bb es uno de los muchos estrategas preocupados por la inactividad de los futbolistas.<\/p>\n<p>Vidal, adem\u00e1s, esclarece que aunque en las categor\u00edas inferiores el trabajo se puede recuperar, con los jugadores m\u00e1s avanzados en edad no es tan f\u00e1cil.<\/p>\n<p>\u00abEs en la Sub-17 \u00a0y la Sub-19 donde est\u00e1 el verdadero desperdicio de talento\u00bb, nos dice el estratega, aclarando que estos son los jugadores que se encuentran m\u00e1s cerca de obtener un fichaje para el f\u00fatbol profesional.<\/p>\n<p>\u00abLos de la Sub-19, est\u00e1n en la \u00faltima edad para conseguir un contrato. Est\u00e1n perdiendo la que puede ser su \u00faltima oportunidad, su \u00faltimo a\u00f1o\u00bb enfatiz\u00f3 el entrenador.<\/p>\n<p>A pesar de estas preocupaciones, leg\u00edtimas, la posici\u00f3n de las autoridades contin\u00faa igual. La prioridad, tambi\u00e9n indiscutible es cortar la cadena de contagios del COVID-19 antes de volver a la normalidad.<\/p>\n<p>En reiterados comunicados, el Instituto Regional de Deportes del Estado Zulia (IRDEZ), ha emitido comunicados respaldando la posici\u00f3n del Ministerio de Juventud y Deportes.<\/p>\n<p>\u00abPedimos a todos y todas, el fiel cumplimiento de la suspensi\u00f3n de actividades deportivas en el Estado\u00bb, se lee en el m\u00e1s reciente documento publicado por el IRDEZ.<\/p>\n<p><strong>Ingenio para formar<\/strong><\/p>\n<p>Ante la imposibilidad de acudir a los campos para entrenar, los equipos han debido ingeniarse para mantener activos a sus jugadores.<\/p>\n<p>\u00abAl principio quisimos hacer sesiones de entrenamiento mediante Zoom, pero el internet no ayud\u00f3 a la mayor\u00eda entonces descartamos esa posibilidad y, por lo ejemplo, yo opt\u00e9 por pasarles a los representantes sesiones de trabajo individual acorde con las capacidades y necesidades de cada ni\u00f1o, y tener un monitoreo constante\u00bb, dijo Vidal.<\/p>\n<p>Sin embargo, estas modalidades, que no son las m\u00e1s \u00f3ptimas y adecuadas, no rindieron fruto, porque como explica el entrenador, a los ni\u00f1os les cuesta motivarse cuando no tienen la gu\u00eda del \u00abprofe\u00bb.<\/p>\n<p>Por su parte, existen jugadores que se han mantenido activos cumpliendo rutinas de entrenamiento de poco esfuerzo y ejercicios que pueden realizar c\u00f3modamente en casa, entendiendo que su estado f\u00edsico es primordial para cuando se pueda reanudar el f\u00fatbol juvenil.<\/p>\n<p>Jes\u00fas Chac\u00edn, una joven promesa del f\u00fatbol, dijo que realiza \u00abm\u00e1s que todo mis flexiones, abdominales , plancha, desplazamientos, saltos\u00bb, ejercicios que conoce desde que empez\u00f3 en el deporte.<\/p>\n<p>Pero el juvenil declar\u00f3 que se hace \u00abun poco complicado ya que es mejor hacerlo con un entrenador y en cancha\u00bb<\/p>\n<p>La falta de espacios adecuados y equipos, es uno de los puntos que m\u00e1s complic\u00f3 la coordinaci\u00f3n de entrenamientos entre entrenadores y jugadores.<\/p>\n<p>En este sentido, Vidal asegur\u00f3 que \u00abno todos cuentan con espacios para poder trabajar o materiales pese a que intent\u00e9 colocar cosas que todos pueden tener o f\u00e1ciles de reemplazar\u00bb.<\/p>\n<p>Pero el mayor riesgo de colocar a ni\u00f1os y j\u00f3venes a entrenar por su cuenta, es que puedan lesionarse o desgarrarse un m\u00fasculo, ya que no tienen la suficiente experiencia para hacer los ejercicios sin supervisi\u00f3n.<\/p>\n<p>Mas la concentraci\u00f3n de Vidal, como la de otros entrenadores, est\u00e1 puesta en los trabajos a realizar para cuando se autoricen las actividades deportivas.<\/p>\n<p>\u00abLo m\u00e1s probable es que volvamos a empezar con pruebas. Una pretemporada de un mes donde se puedan incluir todos los ni\u00f1os e ir haciendo cortes. Hasta armar de nuevo los equipos\u00bb, se\u00f1al\u00f3 el entrenador.<\/p>\n<p>Sin embargo, los f\u00fatbolistas juveniles, de m\u00e1s avanzada edad y con mayor experiencia reconocen que tanto mantener la forma f\u00edsica y la recuperaci\u00f3n del tiempo perdido, es su reponsabilidad y pasa tambi\u00e9n por su propio enfoque.<\/p>\n<p>\u00abPara volver a tener las condiciones que manten\u00edamos antes de la pandemia va a ser un poco complicado, pero si cada uno aporta lo suyo se har\u00e1 mucho m\u00e1s factible en poco tiempo. Debemos recuperarnos no s\u00f3lo f\u00edsicamente, sino tambi\u00e9n t\u00e9cnica y psicol\u00f3gicamente por todo lo vivido\u00bb, dijo Daniel Pereira, jugador juvenil.<\/p>\n<p>Para Pereira, lograr una recuperaci\u00f3n \u00f3ptima, los jugadores deben enfocarse primero en sus \u00e1reas m\u00e1s fuertes y en sus virtudes sobre el campo, para luego avanzar en su juego integral.<\/p>\n<p>A pesar de su preocupaci\u00f3n, por la forma f\u00edsica de los juveniles, Vidal reconoce que la salud es lo primero y no cuestiona las medidas de las autoridades ante un contexto tan delicado. Visi\u00f3n que tambi\u00e9n comparten los f\u00fatbolistas, entendiendo que hay objetivos superiores.<\/p>\n<p>Por ahora, no hay un plan o propuesta de retorno por parte de los organismos deportivos, el f\u00fatbol juvenil contin\u00faa pausado, pero los sue\u00f1os contin\u00faan fortaleci\u00e9ndose.<\/p><div class=\"rexbl69f3ee08176c0\" ><p style=\"text-align: center;\"><a href=\"https:\/\/t.me\/noticiasdigital58\" target=\"_blank\" rel=\"noopener\"><img class=\"aligncenter size-full wp-image-125363\" src=\"https:\/\/digital58.com.ve\/site\/wp-content\/uploads\/2021\/04\/banner-telegram-web-2021.png\" alt=\"\" width=\"600\" height=\"90\" \/><\/a><\/p><\/div><style type=\"text\/css\">\r\n@media screen and (min-width: 1201px) {\r\n.rexbl69f3ee08176c0 {\r\ndisplay: block;\r\n}\r\n}\r\n@media screen and (min-width: 993px) and (max-width: 1200px) {\r\n.rexbl69f3ee08176c0 {\r\ndisplay: block;\r\n}\r\n}\r\n@media screen and (min-width: 769px) and (max-width: 992px) {\r\n.rexbl69f3ee08176c0 {\r\ndisplay: block;\r\n}\r\n}\r\n@media screen and (min-width: 768px) and (max-width: 768px) {\r\n.rexbl69f3ee08176c0 {\r\ndisplay: block;\r\n}\r\n}\r\n@media screen and (max-width: 767px) {\r\n.rexbl69f3ee08176c0 {\r\ndisplay: block;\r\n}\r\n}\r\n<\/style>\r\n\n<p><strong>Redacci\u00f3n: Morales, Joel (@joeldmc32)<br \/>\n<\/strong><strong>Edici\u00f3n: Villasmil, Henry<br \/>\n<\/strong><strong>Gr\u00e1fica: Cortes\u00eda<\/strong><\/p>\n<div style=\"margin-top: 0px; margin-bottom: 0px;\" class=\"sharethis-inline-share-buttons\" ><\/div>","protected":false},"excerpt":{"rendered":"<p>Las actividades deportivas en Venezuela, se encuentran detenidas totalmente desde el 12 de marzo, como una de las tantas medidas<\/p>\n","protected":false},"author":29,"featured_media":111293,"comment_status":"open","ping_status":"closed","sticky":false,"template":"","format":"standard","meta":{"colormag_page_container_layout":"default_layout","colormag_page_sidebar_layout":"default_layout","_uag_custom_page_level_css":"","footnotes":""},"categories":[5402],"tags":[13648,15644,13,222,14,73,13723,32,761],"class_list":["post-110784","post","type-post","status-publish","format-standard","has-post-thumbnail","hentry","category-deportes","tag-covid-19","tag-cuarentena-estricta","tag-futbol","tag-futbol-juvenil","tag-futbol-venezolano","tag-maracaibo","tag-pandemia","tag-venezuela","tag-zulia"],"yoast_head":"<!-- This site is optimized with the Yoast SEO plugin v27.5 - https:\/\/yoast.com\/product\/yoast-seo-wordpress\/ -->\n<title>El talento futbol\u00edstico juvenil se pierde detr\u00e1s de la pandemia<\/title>\n<meta name=\"description\" content=\"Deportes\" \/>\n<meta name=\"robots\" content=\"index, follow, max-snippet:-1, max-image-preview:large, max-video-preview:-1\" \/>\n<link rel=\"canonical\" href=\"https:\/\/digital58.com.ve\/site\/2020\/07\/05\/el-talento-futbolistico-juvenil-se-pierde-detras-de-la-pandemia\/\" \/>\n<meta property=\"og:locale\" content=\"es_ES\" \/>\n<meta property=\"og:type\" content=\"article\" \/>\n<meta property=\"og:title\" content=\"El talento futbol\u00edstico juvenil se pierde detr\u00e1s de la pandemia\" \/>\n<meta property=\"og:description\" content=\"Deportes\" \/>\n<meta property=\"og:url\" content=\"https:\/\/digital58.com.ve\/site\/2020\/07\/05\/el-talento-futbolistico-juvenil-se-pierde-detras-de-la-pandemia\/\" \/>\n<meta property=\"og:site_name\" content=\"Noticias Digital58\" \/>\n<meta property=\"article:published_time\" content=\"2020-07-06T02:44:03+00:00\" \/>\n<meta property=\"article:modified_time\" content=\"2020-07-06T02:44:40+00:00\" \/>\n<meta property=\"og:image\" content=\"https:\/\/digital58.com.ve\/site\/wp-content\/uploads\/2020\/07\/fundauam.jpg\" \/>\n\t<meta property=\"og:image:width\" content=\"900\" \/>\n\t<meta property=\"og:image:height\" content=\"624\" \/>\n\t<meta property=\"og:image:type\" content=\"image\/jpeg\" \/>\n<meta name=\"author\" content=\"Morales Joel\" \/>\n<meta name=\"twitter:card\" content=\"summary_large_image\" \/>\n<meta name=\"twitter:creator\" content=\"@Digital_58\" \/>\n<meta name=\"twitter:site\" content=\"@villasmilhfoto\" \/>\n<meta name=\"twitter:label1\" content=\"Escrito por\" \/>\n\t<meta name=\"twitter:data1\" content=\"Morales Joel\" \/>\n\t<meta name=\"twitter:label2\" content=\"Tiempo estimado de lectura\" \/>\n\t<meta name=\"twitter:data2\" content=\"6 minutos\" \/>\n<script type=\"application\/ld+json\" class=\"yoast-schema-graph\">{\"@context\":\"https:\\\/\\\/schema.org\",\"@graph\":[{\"@type\":\"Article\",\"@id\":\"https:\\\/\\\/digital58.com.ve\\\/site\\\/2020\\\/07\\\/05\\\/el-talento-futbolistico-juvenil-se-pierde-detras-de-la-pandemia\\\/#article\",\"isPartOf\":{\"@id\":\"https:\\\/\\\/digital58.com.ve\\\/site\\\/2020\\\/07\\\/05\\\/el-talento-futbolistico-juvenil-se-pierde-detras-de-la-pandemia\\\/\"},\"author\":{\"name\":\"Morales Joel\",\"@id\":\"https:\\\/\\\/digital58.com.ve\\\/site\\\/#\\\/schema\\\/person\\\/8daf5f8bfd9ebdb98150c62bff195b72\"},\"headline\":\"El talento futbol\u00edstico juvenil se pierde detr\u00e1s de la pandemia\",\"datePublished\":\"2020-07-06T02:44:03+00:00\",\"dateModified\":\"2020-07-06T02:44:40+00:00\",\"mainEntityOfPage\":{\"@id\":\"https:\\\/\\\/digital58.com.ve\\\/site\\\/2020\\\/07\\\/05\\\/el-talento-futbolistico-juvenil-se-pierde-detras-de-la-pandemia\\\/\"},\"wordCount\":1222,\"commentCount\":0,\"publisher\":{\"@id\":\"https:\\\/\\\/digital58.com.ve\\\/site\\\/#\\\/schema\\\/person\\\/64d1c2e4d0d4fd1b849980c4331c2951\"},\"image\":{\"@id\":\"https:\\\/\\\/digital58.com.ve\\\/site\\\/2020\\\/07\\\/05\\\/el-talento-futbolistico-juvenil-se-pierde-detras-de-la-pandemia\\\/#primaryimage\"},\"thumbnailUrl\":\"https:\\\/\\\/digital58.com.ve\\\/site\\\/wp-content\\\/uploads\\\/2020\\\/07\\\/fundauam.jpg\",\"keywords\":[\"COVID-19\",\"Cuarentena Estricta\",\"F\u00fatbol\",\"F\u00fatbol Juvenil\",\"F\u00fatbol Venezolano\",\"Maracaibo\",\"Pandemia\",\"Venezuela\",\"Zulia\"],\"articleSection\":[\"Deportes\"],\"inLanguage\":\"es\",\"potentialAction\":[{\"@type\":\"CommentAction\",\"name\":\"Comment\",\"target\":[\"https:\\\/\\\/digital58.com.ve\\\/site\\\/2020\\\/07\\\/05\\\/el-talento-futbolistico-juvenil-se-pierde-detras-de-la-pandemia\\\/#respond\"]}]},{\"@type\":\"WebPage\",\"@id\":\"https:\\\/\\\/digital58.com.ve\\\/site\\\/2020\\\/07\\\/05\\\/el-talento-futbolistico-juvenil-se-pierde-detras-de-la-pandemia\\\/\",\"url\":\"https:\\\/\\\/digital58.com.ve\\\/site\\\/2020\\\/07\\\/05\\\/el-talento-futbolistico-juvenil-se-pierde-detras-de-la-pandemia\\\/\",\"name\":\"El talento futbol\u00edstico juvenil se pierde detr\u00e1s de la pandemia\",\"isPartOf\":{\"@id\":\"https:\\\/\\\/digital58.com.ve\\\/site\\\/#website\"},\"primaryImageOfPage\":{\"@id\":\"https:\\\/\\\/digital58.com.ve\\\/site\\\/2020\\\/07\\\/05\\\/el-talento-futbolistico-juvenil-se-pierde-detras-de-la-pandemia\\\/#primaryimage\"},\"image\":{\"@id\":\"https:\\\/\\\/digital58.com.ve\\\/site\\\/2020\\\/07\\\/05\\\/el-talento-futbolistico-juvenil-se-pierde-detras-de-la-pandemia\\\/#primaryimage\"},\"thumbnailUrl\":\"https:\\\/\\\/digital58.com.ve\\\/site\\\/wp-content\\\/uploads\\\/2020\\\/07\\\/fundauam.jpg\",\"datePublished\":\"2020-07-06T02:44:03+00:00\",\"dateModified\":\"2020-07-06T02:44:40+00:00\",\"description\":\"Deportes\",\"breadcrumb\":{\"@id\":\"https:\\\/\\\/digital58.com.ve\\\/site\\\/2020\\\/07\\\/05\\\/el-talento-futbolistico-juvenil-se-pierde-detras-de-la-pandemia\\\/#breadcrumb\"},\"inLanguage\":\"es\",\"potentialAction\":[{\"@type\":\"ReadAction\",\"target\":[\"https:\\\/\\\/digital58.com.ve\\\/site\\\/2020\\\/07\\\/05\\\/el-talento-futbolistico-juvenil-se-pierde-detras-de-la-pandemia\\\/\"]}]},{\"@type\":\"ImageObject\",\"inLanguage\":\"es\",\"@id\":\"https:\\\/\\\/digital58.com.ve\\\/site\\\/2020\\\/07\\\/05\\\/el-talento-futbolistico-juvenil-se-pierde-detras-de-la-pandemia\\\/#primaryimage\",\"url\":\"https:\\\/\\\/digital58.com.ve\\\/site\\\/wp-content\\\/uploads\\\/2020\\\/07\\\/fundauam.jpg\",\"contentUrl\":\"https:\\\/\\\/digital58.com.ve\\\/site\\\/wp-content\\\/uploads\\\/2020\\\/07\\\/fundauam.jpg\",\"width\":800,\"height\":555},{\"@type\":\"BreadcrumbList\",\"@id\":\"https:\\\/\\\/digital58.com.ve\\\/site\\\/2020\\\/07\\\/05\\\/el-talento-futbolistico-juvenil-se-pierde-detras-de-la-pandemia\\\/#breadcrumb\",\"itemListElement\":[{\"@type\":\"ListItem\",\"position\":1,\"name\":\"Home\",\"item\":\"https:\\\/\\\/digital58.com.ve\\\/site\\\/\"},{\"@type\":\"ListItem\",\"position\":2,\"name\":\"El talento futbol\u00edstico juvenil se pierde detr\u00e1s de la pandemia\"}]},{\"@type\":\"WebSite\",\"@id\":\"https:\\\/\\\/digital58.com.ve\\\/site\\\/#website\",\"url\":\"https:\\\/\\\/digital58.com.ve\\\/site\\\/\",\"name\":\"Noticias Digital58\",\"description\":\"Portal de Noticias \u00a1Periodismo web de verdad! Lanzamiento web 22.11.2005 \\\/ Maracaibo, Venezuela\",\"publisher\":{\"@id\":\"https:\\\/\\\/digital58.com.ve\\\/site\\\/#\\\/schema\\\/person\\\/64d1c2e4d0d4fd1b849980c4331c2951\"},\"alternateName\":\"ND58\",\"potentialAction\":[{\"@type\":\"SearchAction\",\"target\":{\"@type\":\"EntryPoint\",\"urlTemplate\":\"https:\\\/\\\/digital58.com.ve\\\/site\\\/?s={search_term_string}\"},\"query-input\":{\"@type\":\"PropertyValueSpecification\",\"valueRequired\":true,\"valueName\":\"search_term_string\"}}],\"inLanguage\":\"es\"},{\"@type\":[\"Person\",\"Organization\"],\"@id\":\"https:\\\/\\\/digital58.com.ve\\\/site\\\/#\\\/schema\\\/person\\\/64d1c2e4d0d4fd1b849980c4331c2951\",\"name\":\"Villasmil Henry\",\"image\":{\"@type\":\"ImageObject\",\"inLanguage\":\"es\",\"@id\":\"https:\\\/\\\/secure.gravatar.com\\\/avatar\\\/bb0c4a2fcb7970138239f7e404ea75757b1b507b28b5ce4c53fbd62d797c5a7c?s=96&d=mm&r=g\",\"url\":\"https:\\\/\\\/secure.gravatar.com\\\/avatar\\\/bb0c4a2fcb7970138239f7e404ea75757b1b507b28b5ce4c53fbd62d797c5a7c?s=96&d=mm&r=g\",\"contentUrl\":\"https:\\\/\\\/secure.gravatar.com\\\/avatar\\\/bb0c4a2fcb7970138239f7e404ea75757b1b507b28b5ce4c53fbd62d797c5a7c?s=96&d=mm&r=g\",\"caption\":\"Villasmil Henry\"},\"logo\":{\"@id\":\"https:\\\/\\\/secure.gravatar.com\\\/avatar\\\/bb0c4a2fcb7970138239f7e404ea75757b1b507b28b5ce4c53fbd62d797c5a7c?s=96&d=mm&r=g\"},\"sameAs\":[\"http:\\\/\\\/www.henryvillasmil.com.ve\",\"https:\\\/\\\/www.instagram.com\\\/villasmilhfoto\\\/\",\"https:\\\/\\\/x.com\\\/https:\\\/\\\/twitter.com\\\/villasmilhfoto\"]},{\"@type\":\"Person\",\"@id\":\"https:\\\/\\\/digital58.com.ve\\\/site\\\/#\\\/schema\\\/person\\\/8daf5f8bfd9ebdb98150c62bff195b72\",\"name\":\"Morales Joel\",\"image\":{\"@type\":\"ImageObject\",\"inLanguage\":\"es\",\"@id\":\"https:\\\/\\\/secure.gravatar.com\\\/avatar\\\/e2cb5ce0e9279ab3c8e03d472e483f32e666716a18da3bfa7b0749a5465409f1?s=96&d=mm&r=g\",\"url\":\"https:\\\/\\\/secure.gravatar.com\\\/avatar\\\/e2cb5ce0e9279ab3c8e03d472e483f32e666716a18da3bfa7b0749a5465409f1?s=96&d=mm&r=g\",\"contentUrl\":\"https:\\\/\\\/secure.gravatar.com\\\/avatar\\\/e2cb5ce0e9279ab3c8e03d472e483f32e666716a18da3bfa7b0749a5465409f1?s=96&d=mm&r=g\",\"caption\":\"Morales Joel\"},\"url\":\"https:\\\/\\\/digital58.com.ve\\\/site\\\/author\\\/joelm\\\/\"}]}<\/script>\n<!-- \/ Yoast SEO plugin. -->","yoast_head_json":{"title":"El talento futbol\u00edstico juvenil se pierde detr\u00e1s de la pandemia","description":"Deportes","robots":{"index":"index","follow":"follow","max-snippet":"max-snippet:-1","max-image-preview":"max-image-preview:large","max-video-preview":"max-video-preview:-1"},"canonical":"https:\/\/digital58.com.ve\/site\/2020\/07\/05\/el-talento-futbolistico-juvenil-se-pierde-detras-de-la-pandemia\/","og_locale":"es_ES","og_type":"article","og_title":"El talento futbol\u00edstico juvenil se pierde detr\u00e1s de la pandemia","og_description":"Deportes","og_url":"https:\/\/digital58.com.ve\/site\/2020\/07\/05\/el-talento-futbolistico-juvenil-se-pierde-detras-de-la-pandemia\/","og_site_name":"Noticias Digital58","article_published_time":"2020-07-06T02:44:03+00:00","article_modified_time":"2020-07-06T02:44:40+00:00","og_image":[{"width":900,"height":624,"url":"https:\/\/digital58.com.ve\/site\/wp-content\/uploads\/2020\/07\/fundauam.jpg","type":"image\/jpeg"}],"author":"Morales Joel","twitter_card":"summary_large_image","twitter_creator":"@Digital_58","twitter_site":"@villasmilhfoto","twitter_misc":{"Escrito por":"Morales Joel","Tiempo estimado de lectura":"6 minutos"},"schema":{"@context":"https:\/\/schema.org","@graph":[{"@type":"Article","@id":"https:\/\/digital58.com.ve\/site\/2020\/07\/05\/el-talento-futbolistico-juvenil-se-pierde-detras-de-la-pandemia\/#article","isPartOf":{"@id":"https:\/\/digital58.com.ve\/site\/2020\/07\/05\/el-talento-futbolistico-juvenil-se-pierde-detras-de-la-pandemia\/"},"author":{"name":"Morales Joel","@id":"https:\/\/digital58.com.ve\/site\/#\/schema\/person\/8daf5f8bfd9ebdb98150c62bff195b72"},"headline":"El talento futbol\u00edstico juvenil se pierde detr\u00e1s de la pandemia","datePublished":"2020-07-06T02:44:03+00:00","dateModified":"2020-07-06T02:44:40+00:00","mainEntityOfPage":{"@id":"https:\/\/digital58.com.ve\/site\/2020\/07\/05\/el-talento-futbolistico-juvenil-se-pierde-detras-de-la-pandemia\/"},"wordCount":1222,"commentCount":0,"publisher":{"@id":"https:\/\/digital58.com.ve\/site\/#\/schema\/person\/64d1c2e4d0d4fd1b849980c4331c2951"},"image":{"@id":"https:\/\/digital58.com.ve\/site\/2020\/07\/05\/el-talento-futbolistico-juvenil-se-pierde-detras-de-la-pandemia\/#primaryimage"},"thumbnailUrl":"https:\/\/digital58.com.ve\/site\/wp-content\/uploads\/2020\/07\/fundauam.jpg","keywords":["COVID-19","Cuarentena Estricta","F\u00fatbol","F\u00fatbol Juvenil","F\u00fatbol Venezolano","Maracaibo","Pandemia","Venezuela","Zulia"],"articleSection":["Deportes"],"inLanguage":"es","potentialAction":[{"@type":"CommentAction","name":"Comment","target":["https:\/\/digital58.com.ve\/site\/2020\/07\/05\/el-talento-futbolistico-juvenil-se-pierde-detras-de-la-pandemia\/#respond"]}]},{"@type":"WebPage","@id":"https:\/\/digital58.com.ve\/site\/2020\/07\/05\/el-talento-futbolistico-juvenil-se-pierde-detras-de-la-pandemia\/","url":"https:\/\/digital58.com.ve\/site\/2020\/07\/05\/el-talento-futbolistico-juvenil-se-pierde-detras-de-la-pandemia\/","name":"El talento futbol\u00edstico juvenil se pierde detr\u00e1s de la pandemia","isPartOf":{"@id":"https:\/\/digital58.com.ve\/site\/#website"},"primaryImageOfPage":{"@id":"https:\/\/digital58.com.ve\/site\/2020\/07\/05\/el-talento-futbolistico-juvenil-se-pierde-detras-de-la-pandemia\/#primaryimage"},"image":{"@id":"https:\/\/digital58.com.ve\/site\/2020\/07\/05\/el-talento-futbolistico-juvenil-se-pierde-detras-de-la-pandemia\/#primaryimage"},"thumbnailUrl":"https:\/\/digital58.com.ve\/site\/wp-content\/uploads\/2020\/07\/fundauam.jpg","datePublished":"2020-07-06T02:44:03+00:00","dateModified":"2020-07-06T02:44:40+00:00","description":"Deportes","breadcrumb":{"@id":"https:\/\/digital58.com.ve\/site\/2020\/07\/05\/el-talento-futbolistico-juvenil-se-pierde-detras-de-la-pandemia\/#breadcrumb"},"inLanguage":"es","potentialAction":[{"@type":"ReadAction","target":["https:\/\/digital58.com.ve\/site\/2020\/07\/05\/el-talento-futbolistico-juvenil-se-pierde-detras-de-la-pandemia\/"]}]},{"@type":"ImageObject","inLanguage":"es","@id":"https:\/\/digital58.com.ve\/site\/2020\/07\/05\/el-talento-futbolistico-juvenil-se-pierde-detras-de-la-pandemia\/#primaryimage","url":"https:\/\/digital58.com.ve\/site\/wp-content\/uploads\/2020\/07\/fundauam.jpg","contentUrl":"https:\/\/digital58.com.ve\/site\/wp-content\/uploads\/2020\/07\/fundauam.jpg","width":800,"height":555},{"@type":"BreadcrumbList","@id":"https:\/\/digital58.com.ve\/site\/2020\/07\/05\/el-talento-futbolistico-juvenil-se-pierde-detras-de-la-pandemia\/#breadcrumb","itemListElement":[{"@type":"ListItem","position":1,"name":"Home","item":"https:\/\/digital58.com.ve\/site\/"},{"@type":"ListItem","position":2,"name":"El talento futbol\u00edstico juvenil se pierde detr\u00e1s de la pandemia"}]},{"@type":"WebSite","@id":"https:\/\/digital58.com.ve\/site\/#website","url":"https:\/\/digital58.com.ve\/site\/","name":"Noticias Digital58","description":"Portal de Noticias \u00a1Periodismo web de verdad! Lanzamiento web 22.11.2005 \/ Maracaibo, Venezuela","publisher":{"@id":"https:\/\/digital58.com.ve\/site\/#\/schema\/person\/64d1c2e4d0d4fd1b849980c4331c2951"},"alternateName":"ND58","potentialAction":[{"@type":"SearchAction","target":{"@type":"EntryPoint","urlTemplate":"https:\/\/digital58.com.ve\/site\/?s={search_term_string}"},"query-input":{"@type":"PropertyValueSpecification","valueRequired":true,"valueName":"search_term_string"}}],"inLanguage":"es"},{"@type":["Person","Organization"],"@id":"https:\/\/digital58.com.ve\/site\/#\/schema\/person\/64d1c2e4d0d4fd1b849980c4331c2951","name":"Villasmil Henry","image":{"@type":"ImageObject","inLanguage":"es","@id":"https:\/\/secure.gravatar.com\/avatar\/bb0c4a2fcb7970138239f7e404ea75757b1b507b28b5ce4c53fbd62d797c5a7c?s=96&d=mm&r=g","url":"https:\/\/secure.gravatar.com\/avatar\/bb0c4a2fcb7970138239f7e404ea75757b1b507b28b5ce4c53fbd62d797c5a7c?s=96&d=mm&r=g","contentUrl":"https:\/\/secure.gravatar.com\/avatar\/bb0c4a2fcb7970138239f7e404ea75757b1b507b28b5ce4c53fbd62d797c5a7c?s=96&d=mm&r=g","caption":"Villasmil Henry"},"logo":{"@id":"https:\/\/secure.gravatar.com\/avatar\/bb0c4a2fcb7970138239f7e404ea75757b1b507b28b5ce4c53fbd62d797c5a7c?s=96&d=mm&r=g"},"sameAs":["http:\/\/www.henryvillasmil.com.ve","https:\/\/www.instagram.com\/villasmilhfoto\/","https:\/\/x.com\/https:\/\/twitter.com\/villasmilhfoto"]},{"@type":"Person","@id":"https:\/\/digital58.com.ve\/site\/#\/schema\/person\/8daf5f8bfd9ebdb98150c62bff195b72","name":"Morales Joel","image":{"@type":"ImageObject","inLanguage":"es","@id":"https:\/\/secure.gravatar.com\/avatar\/e2cb5ce0e9279ab3c8e03d472e483f32e666716a18da3bfa7b0749a5465409f1?s=96&d=mm&r=g","url":"https:\/\/secure.gravatar.com\/avatar\/e2cb5ce0e9279ab3c8e03d472e483f32e666716a18da3bfa7b0749a5465409f1?s=96&d=mm&r=g","contentUrl":"https:\/\/secure.gravatar.com\/avatar\/e2cb5ce0e9279ab3c8e03d472e483f32e666716a18da3bfa7b0749a5465409f1?s=96&d=mm&r=g","caption":"Morales Joel"},"url":"https:\/\/digital58.com.ve\/site\/author\/joelm\/"}]}},"uagb_featured_image_src":{"full":["https:\/\/digital58.com.ve\/site\/wp-content\/uploads\/2020\/07\/fundauam.jpg",800,555,false],"thumbnail":["https:\/\/digital58.com.ve\/site\/wp-content\/uploads\/2020\/07\/fundauam-150x150.jpg",150,150,true],"medium":["https:\/\/digital58.com.ve\/site\/wp-content\/uploads\/2020\/07\/fundauam-300x208.jpg",300,208,true],"medium_large":["https:\/\/digital58.com.ve\/site\/wp-content\/uploads\/2020\/07\/fundauam-768x532.jpg",768,532,true],"large":["https:\/\/digital58.com.ve\/site\/wp-content\/uploads\/2020\/07\/fundauam.jpg",800,555,false],"1536x1536":["https:\/\/digital58.com.ve\/site\/wp-content\/uploads\/2020\/07\/fundauam.jpg",800,555,false],"2048x2048":["https:\/\/digital58.com.ve\/site\/wp-content\/uploads\/2020\/07\/fundauam.jpg",800,555,false],"colormag-highlighted-post":["https:\/\/digital58.com.ve\/site\/wp-content\/uploads\/2020\/07\/fundauam.jpg",392,272,false],"colormag-featured-post-medium":["https:\/\/digital58.com.ve\/site\/wp-content\/uploads\/2020\/07\/fundauam.jpg",295,205,false],"colormag-featured-post-small":["https:\/\/digital58.com.ve\/site\/wp-content\/uploads\/2020\/07\/fundauam.jpg",130,90,false],"colormag-featured-image":["https:\/\/digital58.com.ve\/site\/wp-content\/uploads\/2020\/07\/fundauam.jpg",641,445,false],"colormag-default-news":["https:\/\/digital58.com.ve\/site\/wp-content\/uploads\/2020\/07\/fundauam.jpg",150,104,false],"colormag-featured-image-large":["https:\/\/digital58.com.ve\/site\/wp-content\/uploads\/2020\/07\/fundauam.jpg",800,555,false]},"uagb_author_info":{"display_name":"Morales Joel","author_link":"https:\/\/digital58.com.ve\/site\/author\/joelm\/"},"uagb_comment_info":0,"uagb_excerpt":"Las actividades deportivas en Venezuela, se encuentran detenidas totalmente desde el 12 de marzo, como una de las tantas medidas","_links":{"self":[{"href":"https:\/\/digital58.com.ve\/site\/wp-json\/wp\/v2\/posts\/110784","targetHints":{"allow":["GET"]}}],"collection":[{"href":"https:\/\/digital58.com.ve\/site\/wp-json\/wp\/v2\/posts"}],"about":[{"href":"https:\/\/digital58.com.ve\/site\/wp-json\/wp\/v2\/types\/post"}],"author":[{"embeddable":true,"href":"https:\/\/digital58.com.ve\/site\/wp-json\/wp\/v2\/users\/29"}],"replies":[{"embeddable":true,"href":"https:\/\/digital58.com.ve\/site\/wp-json\/wp\/v2\/comments?post=110784"}],"version-history":[{"count":0,"href":"https:\/\/digital58.com.ve\/site\/wp-json\/wp\/v2\/posts\/110784\/revisions"}],"wp:featuredmedia":[{"embeddable":true,"href":"https:\/\/digital58.com.ve\/site\/wp-json\/wp\/v2\/media\/111293"}],"wp:attachment":[{"href":"https:\/\/digital58.com.ve\/site\/wp-json\/wp\/v2\/media?parent=110784"}],"wp:term":[{"taxonomy":"category","embeddable":true,"href":"https:\/\/digital58.com.ve\/site\/wp-json\/wp\/v2\/categories?post=110784"},{"taxonomy":"post_tag","embeddable":true,"href":"https:\/\/digital58.com.ve\/site\/wp-json\/wp\/v2\/tags?post=110784"}],"curies":[{"name":"wp","href":"https:\/\/api.w.org\/{rel}","templated":true}]}}