{"id":110870,"date":"2020-07-05T18:15:35","date_gmt":"2020-07-05T22:15:35","guid":{"rendered":"https:\/\/digital58.com.ve\/site\/?p=110870"},"modified":"2020-07-05T18:15:35","modified_gmt":"2020-07-05T22:15:35","slug":"gucci-contrato-a-una-hermosa-modelo-con-sindrome-de-down","status":"publish","type":"post","link":"https:\/\/digital58.com.ve\/site\/2020\/07\/05\/gucci-contrato-a-una-hermosa-modelo-con-sindrome-de-down\/","title":{"rendered":"Gucci contrat\u00f3 a una hermosa modelo con s\u00edndrome de Down"},"content":{"rendered":"\r\n<p><a href=\"https:\/\/digital58.com.ve\/site\/wp-content\/uploads\/2020\/07\/ellie-goldstein.jpg\"><img loading=\"lazy\" decoding=\"async\" class=\"aligncenter size-full wp-image-111223\" src=\"https:\/\/digital58.com.ve\/site\/wp-content\/uploads\/2020\/07\/ellie-goldstein.jpg\" alt=\"\" width=\"900\" height=\"514\" srcset=\"https:\/\/digital58.com.ve\/site\/wp-content\/uploads\/2020\/07\/ellie-goldstein.jpg 800w, https:\/\/digital58.com.ve\/site\/wp-content\/uploads\/2020\/07\/ellie-goldstein-300x171.jpg 300w, https:\/\/digital58.com.ve\/site\/wp-content\/uploads\/2020\/07\/ellie-goldstein-768x439.jpg 768w\" sizes=\"auto, (max-width: 900px) 100vw, 900px\" \/><\/a><\/p>\r\n<p>El director creativo, Alessandro Michele de esta gran casa de modas, decidi\u00f3 que fuera una brit\u00e1nica de 18 a\u00f1os, imagen de la nueva m\u00e1scara de pesta\u00f1as \u00abL\u2019Obscur\u00bb, un paso m\u00e1s delante de la inclusi\u00f3n en la industria de la moda y belleza.<\/p>\r\n<p><strong>Internacionales, 4 de julio de 2020 (ND58).-<\/strong> El maquillaje de Ellie Goldstein, la hermosa modelo con sindrome de Down, en la campa\u00f1a publicitaria Gucci Beauty es ultraminimal, con finalidad de hacer brillar su piel de porcelana.<\/p>\r\n<p>Goldstein, sol\u00f3 lleva un ligero toque rosado y un brillo casi transparente en sus labios, inclusive sus cejas est\u00e1n de forma natural, simplemente est\u00e1 peinada y sus pesta\u00f1as son las principales protagonistas, sin ayuda de extensiones.<\/p>\r\n<p>Anteriormente la joven brit\u00e1nica nacida en Essex, ya ha sido imagen de Nike y Vodafone, es estudiante de artes esc\u00e9nicas en la universidad de Redbridge, formando parte de la agencia de talentos Zebedee, que es \u00abespecializada en modelos con discapacidad o belleza alternativa\u00bb.<\/p>\r\n<p>Esta agencia es \u00fanica y busca marcar su estilo a trav\u00e9s de la inclusi\u00f3n de nuevos est\u00e1ndares de belleza, donde no existen l\u00edmites, \u00abNuestras modelos son hermosas\u00bb, se puede observar en la p\u00e1gina web de Zebedee, y agrega: \u00abDebemos redefinir la percepci\u00f3n de belleza, discapacidad y diversidad. Y con las oportunidades y el apoyo adecuados de quienes creen en nosotros, podemos hacer que cosas maravillosas sucedan a personas maravillosas\u00bb.<\/p><div class=\"cjqwz69f399791c2be\" ><p style=\"text-align: center;\"><a href=\"https:\/\/t.me\/noticiasdigital58\" target=\"_blank\" rel=\"noopener\"><img class=\"aligncenter size-full wp-image-125363\" src=\"https:\/\/digital58.com.ve\/site\/wp-content\/uploads\/2021\/04\/banner-telegram-web-2021.png\" alt=\"\" width=\"600\" height=\"90\" \/><\/a><\/p><\/div><style type=\"text\/css\">\r\n@media screen and (min-width: 1201px) {\r\n.cjqwz69f399791c2be {\r\ndisplay: block;\r\n}\r\n}\r\n@media screen and (min-width: 993px) and (max-width: 1200px) {\r\n.cjqwz69f399791c2be {\r\ndisplay: block;\r\n}\r\n}\r\n@media screen and (min-width: 769px) and (max-width: 992px) {\r\n.cjqwz69f399791c2be {\r\ndisplay: block;\r\n}\r\n}\r\n@media screen and (min-width: 768px) and (max-width: 768px) {\r\n.cjqwz69f399791c2be {\r\ndisplay: block;\r\n}\r\n}\r\n@media screen and (max-width: 767px) {\r\n.cjqwz69f399791c2be {\r\ndisplay: block;\r\n}\r\n}\r\n<\/style>\r\n\r\n<p><strong>Redacci\u00f3n: Rubio, Laura Isabel (@lauraisabelrubio) | Fuente: Agencias\u00a0<\/strong><br \/><strong>Edici\u00f3n: Villasmil, Henry<\/strong><br \/><strong>Gr\u00e1ficas: Cortes\u00eda<\/strong><\/p>\r\n<div style=\"margin-top: 0px; margin-bottom: 0px;\" class=\"sharethis-inline-share-buttons\" ><\/div>","protected":false},"excerpt":{"rendered":"<p>El director creativo, Alessandro Michele de esta gran casa de modas, decidi\u00f3 que fuera una brit\u00e1nica de 18 a\u00f1os, imagen<\/p>\n","protected":false},"author":28,"featured_media":111223,"comment_status":"open","ping_status":"closed","sticky":false,"template":"","format":"standard","meta":{"colormag_page_container_layout":"default_layout","colormag_page_sidebar_layout":"default_layout","_uag_custom_page_level_css":"","footnotes":""},"categories":[6646],"tags":[16908,8797,16909,8466,16910,8,16911,132,1893],"class_list":["post-110870","post","type-post","status-publish","format-standard","has-post-thumbnail","hentry","category-moda","tag-agencias","tag-belleza-y-moda","tag-ellie-goldstein","tag-gucci","tag-gucci-beauty","tag-internacionales","tag-lobscur","tag-modelos","tag-sindrome-de-down"],"yoast_head":"<!-- This site is optimized with the Yoast SEO plugin v27.5 - https:\/\/yoast.com\/product\/yoast-seo-wordpress\/ -->\n<title>Gucci contrat\u00f3 a una hermosa modelo con s\u00edndrome de Down<\/title>\n<meta name=\"description\" content=\"Moda\" \/>\n<meta name=\"robots\" content=\"index, follow, max-snippet:-1, max-image-preview:large, max-video-preview:-1\" \/>\n<link rel=\"canonical\" href=\"https:\/\/digital58.com.ve\/site\/2020\/07\/05\/gucci-contrato-a-una-hermosa-modelo-con-sindrome-de-down\/\" \/>\n<meta property=\"og:locale\" content=\"es_ES\" \/>\n<meta property=\"og:type\" content=\"article\" \/>\n<meta property=\"og:title\" content=\"Gucci contrat\u00f3 a una hermosa modelo con s\u00edndrome de Down\" \/>\n<meta property=\"og:description\" content=\"Moda\" \/>\n<meta property=\"og:url\" content=\"https:\/\/digital58.com.ve\/site\/2020\/07\/05\/gucci-contrato-a-una-hermosa-modelo-con-sindrome-de-down\/\" \/>\n<meta property=\"og:site_name\" content=\"Noticias Digital58\" \/>\n<meta property=\"article:published_time\" content=\"2020-07-05T22:15:35+00:00\" \/>\n<meta property=\"og:image\" content=\"https:\/\/digital58.com.ve\/site\/wp-content\/uploads\/2020\/07\/ellie-goldstein.jpg\" \/>\n\t<meta property=\"og:image:width\" content=\"900\" \/>\n\t<meta property=\"og:image:height\" content=\"514\" \/>\n\t<meta property=\"og:image:type\" content=\"image\/jpeg\" \/>\n<meta name=\"author\" content=\"Rubio Laura Isabel\" \/>\n<meta name=\"twitter:card\" content=\"summary_large_image\" \/>\n<meta name=\"twitter:creator\" content=\"@Digital_58\" \/>\n<meta name=\"twitter:site\" content=\"@villasmilhfoto\" \/>\n<meta name=\"twitter:label1\" content=\"Escrito por\" \/>\n\t<meta name=\"twitter:data1\" content=\"Rubio Laura Isabel\" \/>\n\t<meta name=\"twitter:label2\" content=\"Tiempo estimado de lectura\" \/>\n\t<meta name=\"twitter:data2\" content=\"1 minuto\" \/>\n<script type=\"application\/ld+json\" class=\"yoast-schema-graph\">{\"@context\":\"https:\\\/\\\/schema.org\",\"@graph\":[{\"@type\":\"Article\",\"@id\":\"https:\\\/\\\/digital58.com.ve\\\/site\\\/2020\\\/07\\\/05\\\/gucci-contrato-a-una-hermosa-modelo-con-sindrome-de-down\\\/#article\",\"isPartOf\":{\"@id\":\"https:\\\/\\\/digital58.com.ve\\\/site\\\/2020\\\/07\\\/05\\\/gucci-contrato-a-una-hermosa-modelo-con-sindrome-de-down\\\/\"},\"author\":{\"name\":\"Rubio Laura Isabel\",\"@id\":\"https:\\\/\\\/digital58.com.ve\\\/site\\\/#\\\/schema\\\/person\\\/6672bab44ab958838204ebb2cb0e8d52\"},\"headline\":\"Gucci contrat\u00f3 a una hermosa modelo con s\u00edndrome de Down\",\"datePublished\":\"2020-07-05T22:15:35+00:00\",\"mainEntityOfPage\":{\"@id\":\"https:\\\/\\\/digital58.com.ve\\\/site\\\/2020\\\/07\\\/05\\\/gucci-contrato-a-una-hermosa-modelo-con-sindrome-de-down\\\/\"},\"wordCount\":269,\"commentCount\":0,\"publisher\":{\"@id\":\"https:\\\/\\\/digital58.com.ve\\\/site\\\/#\\\/schema\\\/person\\\/64d1c2e4d0d4fd1b849980c4331c2951\"},\"image\":{\"@id\":\"https:\\\/\\\/digital58.com.ve\\\/site\\\/2020\\\/07\\\/05\\\/gucci-contrato-a-una-hermosa-modelo-con-sindrome-de-down\\\/#primaryimage\"},\"thumbnailUrl\":\"https:\\\/\\\/digital58.com.ve\\\/site\\\/wp-content\\\/uploads\\\/2020\\\/07\\\/ellie-goldstein.jpg\",\"keywords\":[\"Agencias\",\"Belleza y Moda\",\"Ellie Goldstein\",\"Gucci\",\"Gucci Beauty\",\"Internacionales\",\"L\u2019Obscur\",\"Modelos\",\"S\u00edndrome de Down\"],\"articleSection\":[\"Moda\"],\"inLanguage\":\"es\",\"potentialAction\":[{\"@type\":\"CommentAction\",\"name\":\"Comment\",\"target\":[\"https:\\\/\\\/digital58.com.ve\\\/site\\\/2020\\\/07\\\/05\\\/gucci-contrato-a-una-hermosa-modelo-con-sindrome-de-down\\\/#respond\"]}]},{\"@type\":\"WebPage\",\"@id\":\"https:\\\/\\\/digital58.com.ve\\\/site\\\/2020\\\/07\\\/05\\\/gucci-contrato-a-una-hermosa-modelo-con-sindrome-de-down\\\/\",\"url\":\"https:\\\/\\\/digital58.com.ve\\\/site\\\/2020\\\/07\\\/05\\\/gucci-contrato-a-una-hermosa-modelo-con-sindrome-de-down\\\/\",\"name\":\"Gucci contrat\u00f3 a una hermosa modelo con s\u00edndrome de Down\",\"isPartOf\":{\"@id\":\"https:\\\/\\\/digital58.com.ve\\\/site\\\/#website\"},\"primaryImageOfPage\":{\"@id\":\"https:\\\/\\\/digital58.com.ve\\\/site\\\/2020\\\/07\\\/05\\\/gucci-contrato-a-una-hermosa-modelo-con-sindrome-de-down\\\/#primaryimage\"},\"image\":{\"@id\":\"https:\\\/\\\/digital58.com.ve\\\/site\\\/2020\\\/07\\\/05\\\/gucci-contrato-a-una-hermosa-modelo-con-sindrome-de-down\\\/#primaryimage\"},\"thumbnailUrl\":\"https:\\\/\\\/digital58.com.ve\\\/site\\\/wp-content\\\/uploads\\\/2020\\\/07\\\/ellie-goldstein.jpg\",\"datePublished\":\"2020-07-05T22:15:35+00:00\",\"description\":\"Moda\",\"breadcrumb\":{\"@id\":\"https:\\\/\\\/digital58.com.ve\\\/site\\\/2020\\\/07\\\/05\\\/gucci-contrato-a-una-hermosa-modelo-con-sindrome-de-down\\\/#breadcrumb\"},\"inLanguage\":\"es\",\"potentialAction\":[{\"@type\":\"ReadAction\",\"target\":[\"https:\\\/\\\/digital58.com.ve\\\/site\\\/2020\\\/07\\\/05\\\/gucci-contrato-a-una-hermosa-modelo-con-sindrome-de-down\\\/\"]}]},{\"@type\":\"ImageObject\",\"inLanguage\":\"es\",\"@id\":\"https:\\\/\\\/digital58.com.ve\\\/site\\\/2020\\\/07\\\/05\\\/gucci-contrato-a-una-hermosa-modelo-con-sindrome-de-down\\\/#primaryimage\",\"url\":\"https:\\\/\\\/digital58.com.ve\\\/site\\\/wp-content\\\/uploads\\\/2020\\\/07\\\/ellie-goldstein.jpg\",\"contentUrl\":\"https:\\\/\\\/digital58.com.ve\\\/site\\\/wp-content\\\/uploads\\\/2020\\\/07\\\/ellie-goldstein.jpg\",\"width\":800,\"height\":457},{\"@type\":\"BreadcrumbList\",\"@id\":\"https:\\\/\\\/digital58.com.ve\\\/site\\\/2020\\\/07\\\/05\\\/gucci-contrato-a-una-hermosa-modelo-con-sindrome-de-down\\\/#breadcrumb\",\"itemListElement\":[{\"@type\":\"ListItem\",\"position\":1,\"name\":\"Home\",\"item\":\"https:\\\/\\\/digital58.com.ve\\\/site\\\/\"},{\"@type\":\"ListItem\",\"position\":2,\"name\":\"Gucci contrat\u00f3 a una hermosa modelo con s\u00edndrome de Down\"}]},{\"@type\":\"WebSite\",\"@id\":\"https:\\\/\\\/digital58.com.ve\\\/site\\\/#website\",\"url\":\"https:\\\/\\\/digital58.com.ve\\\/site\\\/\",\"name\":\"Noticias Digital58\",\"description\":\"Portal de Noticias \u00a1Periodismo web de verdad! Lanzamiento web 22.11.2005 \\\/ Maracaibo, Venezuela\",\"publisher\":{\"@id\":\"https:\\\/\\\/digital58.com.ve\\\/site\\\/#\\\/schema\\\/person\\\/64d1c2e4d0d4fd1b849980c4331c2951\"},\"alternateName\":\"ND58\",\"potentialAction\":[{\"@type\":\"SearchAction\",\"target\":{\"@type\":\"EntryPoint\",\"urlTemplate\":\"https:\\\/\\\/digital58.com.ve\\\/site\\\/?s={search_term_string}\"},\"query-input\":{\"@type\":\"PropertyValueSpecification\",\"valueRequired\":true,\"valueName\":\"search_term_string\"}}],\"inLanguage\":\"es\"},{\"@type\":[\"Person\",\"Organization\"],\"@id\":\"https:\\\/\\\/digital58.com.ve\\\/site\\\/#\\\/schema\\\/person\\\/64d1c2e4d0d4fd1b849980c4331c2951\",\"name\":\"Villasmil Henry\",\"image\":{\"@type\":\"ImageObject\",\"inLanguage\":\"es\",\"@id\":\"https:\\\/\\\/secure.gravatar.com\\\/avatar\\\/bb0c4a2fcb7970138239f7e404ea75757b1b507b28b5ce4c53fbd62d797c5a7c?s=96&d=mm&r=g\",\"url\":\"https:\\\/\\\/secure.gravatar.com\\\/avatar\\\/bb0c4a2fcb7970138239f7e404ea75757b1b507b28b5ce4c53fbd62d797c5a7c?s=96&d=mm&r=g\",\"contentUrl\":\"https:\\\/\\\/secure.gravatar.com\\\/avatar\\\/bb0c4a2fcb7970138239f7e404ea75757b1b507b28b5ce4c53fbd62d797c5a7c?s=96&d=mm&r=g\",\"caption\":\"Villasmil Henry\"},\"logo\":{\"@id\":\"https:\\\/\\\/secure.gravatar.com\\\/avatar\\\/bb0c4a2fcb7970138239f7e404ea75757b1b507b28b5ce4c53fbd62d797c5a7c?s=96&d=mm&r=g\"},\"sameAs\":[\"http:\\\/\\\/www.henryvillasmil.com.ve\",\"https:\\\/\\\/www.instagram.com\\\/villasmilhfoto\\\/\",\"https:\\\/\\\/x.com\\\/https:\\\/\\\/twitter.com\\\/villasmilhfoto\"]},{\"@type\":\"Person\",\"@id\":\"https:\\\/\\\/digital58.com.ve\\\/site\\\/#\\\/schema\\\/person\\\/6672bab44ab958838204ebb2cb0e8d52\",\"name\":\"Rubio Laura Isabel\",\"image\":{\"@type\":\"ImageObject\",\"inLanguage\":\"es\",\"@id\":\"https:\\\/\\\/secure.gravatar.com\\\/avatar\\\/f7cc56b26fb0562df4488ff129a58c3c1a1bd264c9af5f313a9b1797fff1cfb9?s=96&d=mm&r=g\",\"url\":\"https:\\\/\\\/secure.gravatar.com\\\/avatar\\\/f7cc56b26fb0562df4488ff129a58c3c1a1bd264c9af5f313a9b1797fff1cfb9?s=96&d=mm&r=g\",\"contentUrl\":\"https:\\\/\\\/secure.gravatar.com\\\/avatar\\\/f7cc56b26fb0562df4488ff129a58c3c1a1bd264c9af5f313a9b1797fff1cfb9?s=96&d=mm&r=g\",\"caption\":\"Rubio Laura Isabel\"},\"url\":\"https:\\\/\\\/digital58.com.ve\\\/site\\\/author\\\/laurarubio\\\/\"}]}<\/script>\n<!-- \/ Yoast SEO plugin. -->","yoast_head_json":{"title":"Gucci contrat\u00f3 a una hermosa modelo con s\u00edndrome de Down","description":"Moda","robots":{"index":"index","follow":"follow","max-snippet":"max-snippet:-1","max-image-preview":"max-image-preview:large","max-video-preview":"max-video-preview:-1"},"canonical":"https:\/\/digital58.com.ve\/site\/2020\/07\/05\/gucci-contrato-a-una-hermosa-modelo-con-sindrome-de-down\/","og_locale":"es_ES","og_type":"article","og_title":"Gucci contrat\u00f3 a una hermosa modelo con s\u00edndrome de Down","og_description":"Moda","og_url":"https:\/\/digital58.com.ve\/site\/2020\/07\/05\/gucci-contrato-a-una-hermosa-modelo-con-sindrome-de-down\/","og_site_name":"Noticias Digital58","article_published_time":"2020-07-05T22:15:35+00:00","og_image":[{"width":900,"height":514,"url":"https:\/\/digital58.com.ve\/site\/wp-content\/uploads\/2020\/07\/ellie-goldstein.jpg","type":"image\/jpeg"}],"author":"Rubio Laura Isabel","twitter_card":"summary_large_image","twitter_creator":"@Digital_58","twitter_site":"@villasmilhfoto","twitter_misc":{"Escrito por":"Rubio Laura Isabel","Tiempo estimado de lectura":"1 minuto"},"schema":{"@context":"https:\/\/schema.org","@graph":[{"@type":"Article","@id":"https:\/\/digital58.com.ve\/site\/2020\/07\/05\/gucci-contrato-a-una-hermosa-modelo-con-sindrome-de-down\/#article","isPartOf":{"@id":"https:\/\/digital58.com.ve\/site\/2020\/07\/05\/gucci-contrato-a-una-hermosa-modelo-con-sindrome-de-down\/"},"author":{"name":"Rubio Laura Isabel","@id":"https:\/\/digital58.com.ve\/site\/#\/schema\/person\/6672bab44ab958838204ebb2cb0e8d52"},"headline":"Gucci contrat\u00f3 a una hermosa modelo con s\u00edndrome de Down","datePublished":"2020-07-05T22:15:35+00:00","mainEntityOfPage":{"@id":"https:\/\/digital58.com.ve\/site\/2020\/07\/05\/gucci-contrato-a-una-hermosa-modelo-con-sindrome-de-down\/"},"wordCount":269,"commentCount":0,"publisher":{"@id":"https:\/\/digital58.com.ve\/site\/#\/schema\/person\/64d1c2e4d0d4fd1b849980c4331c2951"},"image":{"@id":"https:\/\/digital58.com.ve\/site\/2020\/07\/05\/gucci-contrato-a-una-hermosa-modelo-con-sindrome-de-down\/#primaryimage"},"thumbnailUrl":"https:\/\/digital58.com.ve\/site\/wp-content\/uploads\/2020\/07\/ellie-goldstein.jpg","keywords":["Agencias","Belleza y Moda","Ellie Goldstein","Gucci","Gucci Beauty","Internacionales","L\u2019Obscur","Modelos","S\u00edndrome de Down"],"articleSection":["Moda"],"inLanguage":"es","potentialAction":[{"@type":"CommentAction","name":"Comment","target":["https:\/\/digital58.com.ve\/site\/2020\/07\/05\/gucci-contrato-a-una-hermosa-modelo-con-sindrome-de-down\/#respond"]}]},{"@type":"WebPage","@id":"https:\/\/digital58.com.ve\/site\/2020\/07\/05\/gucci-contrato-a-una-hermosa-modelo-con-sindrome-de-down\/","url":"https:\/\/digital58.com.ve\/site\/2020\/07\/05\/gucci-contrato-a-una-hermosa-modelo-con-sindrome-de-down\/","name":"Gucci contrat\u00f3 a una hermosa modelo con s\u00edndrome de Down","isPartOf":{"@id":"https:\/\/digital58.com.ve\/site\/#website"},"primaryImageOfPage":{"@id":"https:\/\/digital58.com.ve\/site\/2020\/07\/05\/gucci-contrato-a-una-hermosa-modelo-con-sindrome-de-down\/#primaryimage"},"image":{"@id":"https:\/\/digital58.com.ve\/site\/2020\/07\/05\/gucci-contrato-a-una-hermosa-modelo-con-sindrome-de-down\/#primaryimage"},"thumbnailUrl":"https:\/\/digital58.com.ve\/site\/wp-content\/uploads\/2020\/07\/ellie-goldstein.jpg","datePublished":"2020-07-05T22:15:35+00:00","description":"Moda","breadcrumb":{"@id":"https:\/\/digital58.com.ve\/site\/2020\/07\/05\/gucci-contrato-a-una-hermosa-modelo-con-sindrome-de-down\/#breadcrumb"},"inLanguage":"es","potentialAction":[{"@type":"ReadAction","target":["https:\/\/digital58.com.ve\/site\/2020\/07\/05\/gucci-contrato-a-una-hermosa-modelo-con-sindrome-de-down\/"]}]},{"@type":"ImageObject","inLanguage":"es","@id":"https:\/\/digital58.com.ve\/site\/2020\/07\/05\/gucci-contrato-a-una-hermosa-modelo-con-sindrome-de-down\/#primaryimage","url":"https:\/\/digital58.com.ve\/site\/wp-content\/uploads\/2020\/07\/ellie-goldstein.jpg","contentUrl":"https:\/\/digital58.com.ve\/site\/wp-content\/uploads\/2020\/07\/ellie-goldstein.jpg","width":800,"height":457},{"@type":"BreadcrumbList","@id":"https:\/\/digital58.com.ve\/site\/2020\/07\/05\/gucci-contrato-a-una-hermosa-modelo-con-sindrome-de-down\/#breadcrumb","itemListElement":[{"@type":"ListItem","position":1,"name":"Home","item":"https:\/\/digital58.com.ve\/site\/"},{"@type":"ListItem","position":2,"name":"Gucci contrat\u00f3 a una hermosa modelo con s\u00edndrome de Down"}]},{"@type":"WebSite","@id":"https:\/\/digital58.com.ve\/site\/#website","url":"https:\/\/digital58.com.ve\/site\/","name":"Noticias Digital58","description":"Portal de Noticias \u00a1Periodismo web de verdad! Lanzamiento web 22.11.2005 \/ Maracaibo, Venezuela","publisher":{"@id":"https:\/\/digital58.com.ve\/site\/#\/schema\/person\/64d1c2e4d0d4fd1b849980c4331c2951"},"alternateName":"ND58","potentialAction":[{"@type":"SearchAction","target":{"@type":"EntryPoint","urlTemplate":"https:\/\/digital58.com.ve\/site\/?s={search_term_string}"},"query-input":{"@type":"PropertyValueSpecification","valueRequired":true,"valueName":"search_term_string"}}],"inLanguage":"es"},{"@type":["Person","Organization"],"@id":"https:\/\/digital58.com.ve\/site\/#\/schema\/person\/64d1c2e4d0d4fd1b849980c4331c2951","name":"Villasmil Henry","image":{"@type":"ImageObject","inLanguage":"es","@id":"https:\/\/secure.gravatar.com\/avatar\/bb0c4a2fcb7970138239f7e404ea75757b1b507b28b5ce4c53fbd62d797c5a7c?s=96&d=mm&r=g","url":"https:\/\/secure.gravatar.com\/avatar\/bb0c4a2fcb7970138239f7e404ea75757b1b507b28b5ce4c53fbd62d797c5a7c?s=96&d=mm&r=g","contentUrl":"https:\/\/secure.gravatar.com\/avatar\/bb0c4a2fcb7970138239f7e404ea75757b1b507b28b5ce4c53fbd62d797c5a7c?s=96&d=mm&r=g","caption":"Villasmil Henry"},"logo":{"@id":"https:\/\/secure.gravatar.com\/avatar\/bb0c4a2fcb7970138239f7e404ea75757b1b507b28b5ce4c53fbd62d797c5a7c?s=96&d=mm&r=g"},"sameAs":["http:\/\/www.henryvillasmil.com.ve","https:\/\/www.instagram.com\/villasmilhfoto\/","https:\/\/x.com\/https:\/\/twitter.com\/villasmilhfoto"]},{"@type":"Person","@id":"https:\/\/digital58.com.ve\/site\/#\/schema\/person\/6672bab44ab958838204ebb2cb0e8d52","name":"Rubio Laura Isabel","image":{"@type":"ImageObject","inLanguage":"es","@id":"https:\/\/secure.gravatar.com\/avatar\/f7cc56b26fb0562df4488ff129a58c3c1a1bd264c9af5f313a9b1797fff1cfb9?s=96&d=mm&r=g","url":"https:\/\/secure.gravatar.com\/avatar\/f7cc56b26fb0562df4488ff129a58c3c1a1bd264c9af5f313a9b1797fff1cfb9?s=96&d=mm&r=g","contentUrl":"https:\/\/secure.gravatar.com\/avatar\/f7cc56b26fb0562df4488ff129a58c3c1a1bd264c9af5f313a9b1797fff1cfb9?s=96&d=mm&r=g","caption":"Rubio Laura Isabel"},"url":"https:\/\/digital58.com.ve\/site\/author\/laurarubio\/"}]}},"uagb_featured_image_src":{"full":["https:\/\/digital58.com.ve\/site\/wp-content\/uploads\/2020\/07\/ellie-goldstein.jpg",800,457,false],"thumbnail":["https:\/\/digital58.com.ve\/site\/wp-content\/uploads\/2020\/07\/ellie-goldstein-150x150.jpg",150,150,true],"medium":["https:\/\/digital58.com.ve\/site\/wp-content\/uploads\/2020\/07\/ellie-goldstein-300x171.jpg",300,171,true],"medium_large":["https:\/\/digital58.com.ve\/site\/wp-content\/uploads\/2020\/07\/ellie-goldstein-768x439.jpg",768,439,true],"large":["https:\/\/digital58.com.ve\/site\/wp-content\/uploads\/2020\/07\/ellie-goldstein.jpg",800,457,false],"1536x1536":["https:\/\/digital58.com.ve\/site\/wp-content\/uploads\/2020\/07\/ellie-goldstein.jpg",800,457,false],"2048x2048":["https:\/\/digital58.com.ve\/site\/wp-content\/uploads\/2020\/07\/ellie-goldstein.jpg",800,457,false],"colormag-highlighted-post":["https:\/\/digital58.com.ve\/site\/wp-content\/uploads\/2020\/07\/ellie-goldstein.jpg",392,224,false],"colormag-featured-post-medium":["https:\/\/digital58.com.ve\/site\/wp-content\/uploads\/2020\/07\/ellie-goldstein.jpg",359,205,false],"colormag-featured-post-small":["https:\/\/digital58.com.ve\/site\/wp-content\/uploads\/2020\/07\/ellie-goldstein.jpg",130,74,false],"colormag-featured-image":["https:\/\/digital58.com.ve\/site\/wp-content\/uploads\/2020\/07\/ellie-goldstein.jpg",779,445,false],"colormag-default-news":["https:\/\/digital58.com.ve\/site\/wp-content\/uploads\/2020\/07\/ellie-goldstein.jpg",150,86,false],"colormag-featured-image-large":["https:\/\/digital58.com.ve\/site\/wp-content\/uploads\/2020\/07\/ellie-goldstein.jpg",800,457,false]},"uagb_author_info":{"display_name":"Rubio Laura Isabel","author_link":"https:\/\/digital58.com.ve\/site\/author\/laurarubio\/"},"uagb_comment_info":0,"uagb_excerpt":"El director creativo, Alessandro Michele de esta gran casa de modas, decidi\u00f3 que fuera una brit\u00e1nica de 18 a\u00f1os, imagen","_links":{"self":[{"href":"https:\/\/digital58.com.ve\/site\/wp-json\/wp\/v2\/posts\/110870","targetHints":{"allow":["GET"]}}],"collection":[{"href":"https:\/\/digital58.com.ve\/site\/wp-json\/wp\/v2\/posts"}],"about":[{"href":"https:\/\/digital58.com.ve\/site\/wp-json\/wp\/v2\/types\/post"}],"author":[{"embeddable":true,"href":"https:\/\/digital58.com.ve\/site\/wp-json\/wp\/v2\/users\/28"}],"replies":[{"embeddable":true,"href":"https:\/\/digital58.com.ve\/site\/wp-json\/wp\/v2\/comments?post=110870"}],"version-history":[{"count":0,"href":"https:\/\/digital58.com.ve\/site\/wp-json\/wp\/v2\/posts\/110870\/revisions"}],"wp:featuredmedia":[{"embeddable":true,"href":"https:\/\/digital58.com.ve\/site\/wp-json\/wp\/v2\/media\/111223"}],"wp:attachment":[{"href":"https:\/\/digital58.com.ve\/site\/wp-json\/wp\/v2\/media?parent=110870"}],"wp:term":[{"taxonomy":"category","embeddable":true,"href":"https:\/\/digital58.com.ve\/site\/wp-json\/wp\/v2\/categories?post=110870"},{"taxonomy":"post_tag","embeddable":true,"href":"https:\/\/digital58.com.ve\/site\/wp-json\/wp\/v2\/tags?post=110870"}],"curies":[{"name":"wp","href":"https:\/\/api.w.org\/{rel}","templated":true}]}}