{"id":110950,"date":"2020-07-04T17:33:31","date_gmt":"2020-07-04T21:33:31","guid":{"rendered":"https:\/\/digital58.com.ve\/site\/?p=110950"},"modified":"2020-07-04T17:33:31","modified_gmt":"2020-07-04T21:33:31","slug":"el-venezolano-salvador-perez-nuevo-caso-de-covid-19-en-las-grandes-ligas","status":"publish","type":"post","link":"https:\/\/digital58.com.ve\/site\/2020\/07\/04\/el-venezolano-salvador-perez-nuevo-caso-de-covid-19-en-las-grandes-ligas\/","title":{"rendered":"El venezolano Salvador P\u00e9rez, nuevo caso de COVID-19 en las Grandes Ligas"},"content":{"rendered":"<p><img loading=\"lazy\" decoding=\"async\" class=\"aligncenter wp-image-110963 size-full\" src=\"https:\/\/digital58.com.ve\/site\/wp-content\/uploads\/2020\/07\/salvador.jpg\" alt=\"\" width=\"720\" height=\"405\" srcset=\"https:\/\/digital58.com.ve\/site\/wp-content\/uploads\/2020\/07\/salvador.jpg 720w, https:\/\/digital58.com.ve\/site\/wp-content\/uploads\/2020\/07\/salvador-300x169.jpg 300w\" sizes=\"auto, (max-width: 720px) 100vw, 720px\" \/><\/p>\n<p>El receptor venezolano Salvador P\u00e9rez, quien busca regresar a las Grandes Ligas (MLB) tras perderse la pasada temporada por una lesi\u00f3n que requiri\u00f3 la operaci\u00f3n \u00abTommy John\u00bb, ahora es un nuevo caso positivo por COVID-19.<\/p>\n<p><strong>Maracaibo, Zulia, Venezuela, 4 de julio de 2020 (ND58).-<\/strong> El receptor de los Kansas City Royals Salvador P\u00e9rez dio positivo al coronavirus, dijo el s\u00e1bado a los periodistas. P\u00e9rez, de 30 a\u00f1os, dijo que es asintom\u00e1tico y que podr\u00eda jugar b\u00e9isbol hoy si es necesario.<\/p>\n<p>\u00abNo puedo esperar a volver\u00bb, dijo P\u00e9rez. \u00abS\u00e9 que me llevar\u00e1 al menos 12 d\u00edas, pero estoy bien, no siento nada. Eso es algo bueno para m\u00ed\u00bb.<\/p>\n<p>A pesar de que los equipos no tienen autorizados a dar los nombres de los peloteros positivos por coronavirus, pero seg\u00fan Josh Vernier, quien cubre a los Royals para la radio, el mismo Salvador P\u00e9rez dio la informaci\u00f3n de su positivo.<\/p>\n<p>Seg\u00fan el manual de operaciones de las Grandes Ligas para la temporada 2020, un jugador que da positivo por el coronavirus recibe la orden de autoaislamiento inmediato.<\/p>\n<p>El positivo de Salvador P\u00e9rez COVID-19 es asintom\u00e1tico, a pesar de eso el receptor venezolano no est\u00e1 con los Royals.<\/p>\n<p>P\u00e9rez, un seis veces Todos Estrellas y ganador de cinco Guantes de Oro, dijo a los periodistas que \u00abnadie m\u00e1s en mi familia ha dado positivo por el coronavirus\u00bb.<\/p>\n<p>Salvador P\u00e9rez se hab\u00eda mantenido entrenando en casa despu\u00e9s de la suspensi\u00f3n del \u00abSpring Training 2020\u00bb de MLB por la pandemia, hasta aora no se conocen m\u00e1s detalles del positivo por COVID-19 ni cuanto tiempo estar\u00e1 fuera de los Royals .<\/p>\n<p>En ocho temporadas con Kansas City, P\u00e9rez, el Jugador M\u00e1s Valioso de la Serie Mundial 2015, tiene 141 jonrones con 503 carreras impulsadas mientras batea .266. El nativo de Venezuela se convirti\u00f3 en ciudadano estadounidense en enero.<\/p>\n<p>MLB y la Asociaci\u00f3n de Jugadores anunciaron el viernes que 31 jugadores y siete miembros del personal dieron positivo para COVID-19, una tasa del 1,2 %.<\/p><div class=\"hojqt69f3e961131e0\" ><p style=\"text-align: center;\"><a href=\"https:\/\/t.me\/noticiasdigital58\" target=\"_blank\" rel=\"noopener\"><img class=\"aligncenter size-full wp-image-125363\" src=\"https:\/\/digital58.com.ve\/site\/wp-content\/uploads\/2021\/04\/banner-telegram-web-2021.png\" alt=\"\" width=\"600\" height=\"90\" \/><\/a><\/p><\/div><style type=\"text\/css\">\r\n@media screen and (min-width: 1201px) {\r\n.hojqt69f3e961131e0 {\r\ndisplay: block;\r\n}\r\n}\r\n@media screen and (min-width: 993px) and (max-width: 1200px) {\r\n.hojqt69f3e961131e0 {\r\ndisplay: block;\r\n}\r\n}\r\n@media screen and (min-width: 769px) and (max-width: 992px) {\r\n.hojqt69f3e961131e0 {\r\ndisplay: block;\r\n}\r\n}\r\n@media screen and (min-width: 768px) and (max-width: 768px) {\r\n.hojqt69f3e961131e0 {\r\ndisplay: block;\r\n}\r\n}\r\n@media screen and (max-width: 767px) {\r\n.hojqt69f3e961131e0 {\r\ndisplay: block;\r\n}\r\n}\r\n<\/style>\r\n\n<p><strong>Redacci\u00f3n: Arismendi, Luis (@arismendiht) | Fuente: MLB &#8211; Josh Vernier<\/strong><br \/>\n<strong>Edici\u00f3n: Ch\u00e1vez, Marian (@marianchavez27)<\/strong><br \/>\n<strong>Gr\u00e1fica: cortes\u00eda<\/strong><\/p>\n<div style=\"margin-top: 0px; margin-bottom: 0px;\" class=\"sharethis-inline-share-buttons\" ><\/div>","protected":false},"excerpt":{"rendered":"<p>El receptor venezolano Salvador P\u00e9rez, quien busca regresar a las Grandes Ligas (MLB) tras perderse la pasada temporada por una<\/p>\n","protected":false},"author":7,"featured_media":110965,"comment_status":"open","ping_status":"closed","sticky":false,"template":"","format":"standard","meta":{"colormag_page_container_layout":"default_layout","colormag_page_sidebar_layout":"default_layout","_uag_custom_page_level_css":"","footnotes":""},"categories":[5402],"tags":[448,2852,13352,13648,1304,4134,8,16928,1675,13206,13723,32],"class_list":["post-110950","post","type-post","status-publish","format-standard","has-post-thumbnail","hentry","category-deportes","tag-beisbol","tag-beisbol-mlb","tag-coronavirus","tag-covid-19","tag-estados-unidos","tag-grandes-ligas","tag-internacionales","tag-kansas-city-royals","tag-mlb","tag-mlb-2020","tag-pandemia","tag-venezuela"],"yoast_head":"<!-- This site is optimized with the Yoast SEO plugin v27.5 - https:\/\/yoast.com\/product\/yoast-seo-wordpress\/ -->\n<title>El venezolano Salvador P\u00e9rez, nuevo caso de COVID-19 en las Grandes Ligas<\/title>\n<meta name=\"description\" content=\"Deportes\" \/>\n<meta name=\"robots\" content=\"index, follow, max-snippet:-1, max-image-preview:large, max-video-preview:-1\" \/>\n<link rel=\"canonical\" href=\"https:\/\/digital58.com.ve\/site\/2020\/07\/04\/el-venezolano-salvador-perez-nuevo-caso-de-covid-19-en-las-grandes-ligas\/\" \/>\n<meta property=\"og:locale\" content=\"es_ES\" \/>\n<meta property=\"og:type\" content=\"article\" \/>\n<meta property=\"og:title\" content=\"El venezolano Salvador P\u00e9rez, nuevo caso de COVID-19 en las Grandes Ligas\" \/>\n<meta property=\"og:description\" content=\"Deportes\" \/>\n<meta property=\"og:url\" content=\"https:\/\/digital58.com.ve\/site\/2020\/07\/04\/el-venezolano-salvador-perez-nuevo-caso-de-covid-19-en-las-grandes-ligas\/\" \/>\n<meta property=\"og:site_name\" content=\"Noticias Digital58\" \/>\n<meta property=\"article:published_time\" content=\"2020-07-04T21:33:31+00:00\" \/>\n<meta property=\"og:image\" content=\"https:\/\/digital58.com.ve\/site\/wp-content\/uploads\/2020\/07\/Salvador-Perez-2-e1593897681499.png\" \/>\n\t<meta property=\"og:image:width\" content=\"833\" \/>\n\t<meta property=\"og:image:height\" content=\"469\" \/>\n\t<meta property=\"og:image:type\" content=\"image\/png\" \/>\n<meta name=\"author\" content=\"Arismendi Luis\" \/>\n<meta name=\"twitter:card\" content=\"summary_large_image\" \/>\n<meta name=\"twitter:creator\" content=\"@Digital_58\" \/>\n<meta name=\"twitter:site\" content=\"@villasmilhfoto\" \/>\n<meta name=\"twitter:label1\" content=\"Escrito por\" \/>\n\t<meta name=\"twitter:data1\" content=\"Arismendi Luis\" \/>\n\t<meta name=\"twitter:label2\" content=\"Tiempo estimado de lectura\" \/>\n\t<meta name=\"twitter:data2\" content=\"2 minutos\" \/>\n<script type=\"application\/ld+json\" class=\"yoast-schema-graph\">{\"@context\":\"https:\\\/\\\/schema.org\",\"@graph\":[{\"@type\":\"Article\",\"@id\":\"https:\\\/\\\/digital58.com.ve\\\/site\\\/2020\\\/07\\\/04\\\/el-venezolano-salvador-perez-nuevo-caso-de-covid-19-en-las-grandes-ligas\\\/#article\",\"isPartOf\":{\"@id\":\"https:\\\/\\\/digital58.com.ve\\\/site\\\/2020\\\/07\\\/04\\\/el-venezolano-salvador-perez-nuevo-caso-de-covid-19-en-las-grandes-ligas\\\/\"},\"author\":{\"name\":\"Arismendi Luis\",\"@id\":\"https:\\\/\\\/digital58.com.ve\\\/site\\\/#\\\/schema\\\/person\\\/d79fb9041200d150763851810f3a6e44\"},\"headline\":\"El venezolano Salvador P\u00e9rez, nuevo caso de COVID-19 en las Grandes Ligas\",\"datePublished\":\"2020-07-04T21:33:31+00:00\",\"mainEntityOfPage\":{\"@id\":\"https:\\\/\\\/digital58.com.ve\\\/site\\\/2020\\\/07\\\/04\\\/el-venezolano-salvador-perez-nuevo-caso-de-covid-19-en-las-grandes-ligas\\\/\"},\"wordCount\":376,\"commentCount\":0,\"publisher\":{\"@id\":\"https:\\\/\\\/digital58.com.ve\\\/site\\\/#\\\/schema\\\/person\\\/64d1c2e4d0d4fd1b849980c4331c2951\"},\"image\":{\"@id\":\"https:\\\/\\\/digital58.com.ve\\\/site\\\/2020\\\/07\\\/04\\\/el-venezolano-salvador-perez-nuevo-caso-de-covid-19-en-las-grandes-ligas\\\/#primaryimage\"},\"thumbnailUrl\":\"https:\\\/\\\/digital58.com.ve\\\/site\\\/wp-content\\\/uploads\\\/2020\\\/07\\\/Salvador-Perez-2-e1593897681499.png\",\"keywords\":[\"B\u00e9isbol\",\"B\u00e9isbol MLB\",\"Coronavirus\",\"COVID-19\",\"Estados Unidos\",\"Grandes Ligas\",\"Internacionales\",\"Kansas City Royals\",\"MLB\",\"MLB 2020\",\"Pandemia\",\"Venezuela\"],\"articleSection\":[\"Deportes\"],\"inLanguage\":\"es\",\"potentialAction\":[{\"@type\":\"CommentAction\",\"name\":\"Comment\",\"target\":[\"https:\\\/\\\/digital58.com.ve\\\/site\\\/2020\\\/07\\\/04\\\/el-venezolano-salvador-perez-nuevo-caso-de-covid-19-en-las-grandes-ligas\\\/#respond\"]}]},{\"@type\":\"WebPage\",\"@id\":\"https:\\\/\\\/digital58.com.ve\\\/site\\\/2020\\\/07\\\/04\\\/el-venezolano-salvador-perez-nuevo-caso-de-covid-19-en-las-grandes-ligas\\\/\",\"url\":\"https:\\\/\\\/digital58.com.ve\\\/site\\\/2020\\\/07\\\/04\\\/el-venezolano-salvador-perez-nuevo-caso-de-covid-19-en-las-grandes-ligas\\\/\",\"name\":\"El venezolano Salvador P\u00e9rez, nuevo caso de COVID-19 en las Grandes Ligas\",\"isPartOf\":{\"@id\":\"https:\\\/\\\/digital58.com.ve\\\/site\\\/#website\"},\"primaryImageOfPage\":{\"@id\":\"https:\\\/\\\/digital58.com.ve\\\/site\\\/2020\\\/07\\\/04\\\/el-venezolano-salvador-perez-nuevo-caso-de-covid-19-en-las-grandes-ligas\\\/#primaryimage\"},\"image\":{\"@id\":\"https:\\\/\\\/digital58.com.ve\\\/site\\\/2020\\\/07\\\/04\\\/el-venezolano-salvador-perez-nuevo-caso-de-covid-19-en-las-grandes-ligas\\\/#primaryimage\"},\"thumbnailUrl\":\"https:\\\/\\\/digital58.com.ve\\\/site\\\/wp-content\\\/uploads\\\/2020\\\/07\\\/Salvador-Perez-2-e1593897681499.png\",\"datePublished\":\"2020-07-04T21:33:31+00:00\",\"description\":\"Deportes\",\"breadcrumb\":{\"@id\":\"https:\\\/\\\/digital58.com.ve\\\/site\\\/2020\\\/07\\\/04\\\/el-venezolano-salvador-perez-nuevo-caso-de-covid-19-en-las-grandes-ligas\\\/#breadcrumb\"},\"inLanguage\":\"es\",\"potentialAction\":[{\"@type\":\"ReadAction\",\"target\":[\"https:\\\/\\\/digital58.com.ve\\\/site\\\/2020\\\/07\\\/04\\\/el-venezolano-salvador-perez-nuevo-caso-de-covid-19-en-las-grandes-ligas\\\/\"]}]},{\"@type\":\"ImageObject\",\"inLanguage\":\"es\",\"@id\":\"https:\\\/\\\/digital58.com.ve\\\/site\\\/2020\\\/07\\\/04\\\/el-venezolano-salvador-perez-nuevo-caso-de-covid-19-en-las-grandes-ligas\\\/#primaryimage\",\"url\":\"https:\\\/\\\/digital58.com.ve\\\/site\\\/wp-content\\\/uploads\\\/2020\\\/07\\\/Salvador-Perez-2-e1593897681499.png\",\"contentUrl\":\"https:\\\/\\\/digital58.com.ve\\\/site\\\/wp-content\\\/uploads\\\/2020\\\/07\\\/Salvador-Perez-2-e1593897681499.png\",\"width\":833,\"height\":469},{\"@type\":\"BreadcrumbList\",\"@id\":\"https:\\\/\\\/digital58.com.ve\\\/site\\\/2020\\\/07\\\/04\\\/el-venezolano-salvador-perez-nuevo-caso-de-covid-19-en-las-grandes-ligas\\\/#breadcrumb\",\"itemListElement\":[{\"@type\":\"ListItem\",\"position\":1,\"name\":\"Home\",\"item\":\"https:\\\/\\\/digital58.com.ve\\\/site\\\/\"},{\"@type\":\"ListItem\",\"position\":2,\"name\":\"El venezolano Salvador P\u00e9rez, nuevo caso de COVID-19 en las Grandes Ligas\"}]},{\"@type\":\"WebSite\",\"@id\":\"https:\\\/\\\/digital58.com.ve\\\/site\\\/#website\",\"url\":\"https:\\\/\\\/digital58.com.ve\\\/site\\\/\",\"name\":\"Noticias Digital58\",\"description\":\"Portal de Noticias \u00a1Periodismo web de verdad! Lanzamiento web 22.11.2005 \\\/ Maracaibo, Venezuela\",\"publisher\":{\"@id\":\"https:\\\/\\\/digital58.com.ve\\\/site\\\/#\\\/schema\\\/person\\\/64d1c2e4d0d4fd1b849980c4331c2951\"},\"alternateName\":\"ND58\",\"potentialAction\":[{\"@type\":\"SearchAction\",\"target\":{\"@type\":\"EntryPoint\",\"urlTemplate\":\"https:\\\/\\\/digital58.com.ve\\\/site\\\/?s={search_term_string}\"},\"query-input\":{\"@type\":\"PropertyValueSpecification\",\"valueRequired\":true,\"valueName\":\"search_term_string\"}}],\"inLanguage\":\"es\"},{\"@type\":[\"Person\",\"Organization\"],\"@id\":\"https:\\\/\\\/digital58.com.ve\\\/site\\\/#\\\/schema\\\/person\\\/64d1c2e4d0d4fd1b849980c4331c2951\",\"name\":\"Villasmil Henry\",\"image\":{\"@type\":\"ImageObject\",\"inLanguage\":\"es\",\"@id\":\"https:\\\/\\\/secure.gravatar.com\\\/avatar\\\/bb0c4a2fcb7970138239f7e404ea75757b1b507b28b5ce4c53fbd62d797c5a7c?s=96&d=mm&r=g\",\"url\":\"https:\\\/\\\/secure.gravatar.com\\\/avatar\\\/bb0c4a2fcb7970138239f7e404ea75757b1b507b28b5ce4c53fbd62d797c5a7c?s=96&d=mm&r=g\",\"contentUrl\":\"https:\\\/\\\/secure.gravatar.com\\\/avatar\\\/bb0c4a2fcb7970138239f7e404ea75757b1b507b28b5ce4c53fbd62d797c5a7c?s=96&d=mm&r=g\",\"caption\":\"Villasmil Henry\"},\"logo\":{\"@id\":\"https:\\\/\\\/secure.gravatar.com\\\/avatar\\\/bb0c4a2fcb7970138239f7e404ea75757b1b507b28b5ce4c53fbd62d797c5a7c?s=96&d=mm&r=g\"},\"sameAs\":[\"http:\\\/\\\/www.henryvillasmil.com.ve\",\"https:\\\/\\\/www.instagram.com\\\/villasmilhfoto\\\/\",\"https:\\\/\\\/x.com\\\/https:\\\/\\\/twitter.com\\\/villasmilhfoto\"]},{\"@type\":\"Person\",\"@id\":\"https:\\\/\\\/digital58.com.ve\\\/site\\\/#\\\/schema\\\/person\\\/d79fb9041200d150763851810f3a6e44\",\"name\":\"Arismendi Luis\",\"image\":{\"@type\":\"ImageObject\",\"inLanguage\":\"es\",\"@id\":\"https:\\\/\\\/secure.gravatar.com\\\/avatar\\\/076a9c19816f4976b76b8d88be4606fba80dee0aea5ccae15d7f3466053c0615?s=96&d=mm&r=g\",\"url\":\"https:\\\/\\\/secure.gravatar.com\\\/avatar\\\/076a9c19816f4976b76b8d88be4606fba80dee0aea5ccae15d7f3466053c0615?s=96&d=mm&r=g\",\"contentUrl\":\"https:\\\/\\\/secure.gravatar.com\\\/avatar\\\/076a9c19816f4976b76b8d88be4606fba80dee0aea5ccae15d7f3466053c0615?s=96&d=mm&r=g\",\"caption\":\"Arismendi Luis\"},\"url\":\"https:\\\/\\\/digital58.com.ve\\\/site\\\/author\\\/arismendi17\\\/\"}]}<\/script>\n<!-- \/ Yoast SEO plugin. -->","yoast_head_json":{"title":"El venezolano Salvador P\u00e9rez, nuevo caso de COVID-19 en las Grandes Ligas","description":"Deportes","robots":{"index":"index","follow":"follow","max-snippet":"max-snippet:-1","max-image-preview":"max-image-preview:large","max-video-preview":"max-video-preview:-1"},"canonical":"https:\/\/digital58.com.ve\/site\/2020\/07\/04\/el-venezolano-salvador-perez-nuevo-caso-de-covid-19-en-las-grandes-ligas\/","og_locale":"es_ES","og_type":"article","og_title":"El venezolano Salvador P\u00e9rez, nuevo caso de COVID-19 en las Grandes Ligas","og_description":"Deportes","og_url":"https:\/\/digital58.com.ve\/site\/2020\/07\/04\/el-venezolano-salvador-perez-nuevo-caso-de-covid-19-en-las-grandes-ligas\/","og_site_name":"Noticias Digital58","article_published_time":"2020-07-04T21:33:31+00:00","og_image":[{"width":833,"height":469,"url":"https:\/\/digital58.com.ve\/site\/wp-content\/uploads\/2020\/07\/Salvador-Perez-2-e1593897681499.png","type":"image\/png"}],"author":"Arismendi Luis","twitter_card":"summary_large_image","twitter_creator":"@Digital_58","twitter_site":"@villasmilhfoto","twitter_misc":{"Escrito por":"Arismendi Luis","Tiempo estimado de lectura":"2 minutos"},"schema":{"@context":"https:\/\/schema.org","@graph":[{"@type":"Article","@id":"https:\/\/digital58.com.ve\/site\/2020\/07\/04\/el-venezolano-salvador-perez-nuevo-caso-de-covid-19-en-las-grandes-ligas\/#article","isPartOf":{"@id":"https:\/\/digital58.com.ve\/site\/2020\/07\/04\/el-venezolano-salvador-perez-nuevo-caso-de-covid-19-en-las-grandes-ligas\/"},"author":{"name":"Arismendi Luis","@id":"https:\/\/digital58.com.ve\/site\/#\/schema\/person\/d79fb9041200d150763851810f3a6e44"},"headline":"El venezolano Salvador P\u00e9rez, nuevo caso de COVID-19 en las Grandes Ligas","datePublished":"2020-07-04T21:33:31+00:00","mainEntityOfPage":{"@id":"https:\/\/digital58.com.ve\/site\/2020\/07\/04\/el-venezolano-salvador-perez-nuevo-caso-de-covid-19-en-las-grandes-ligas\/"},"wordCount":376,"commentCount":0,"publisher":{"@id":"https:\/\/digital58.com.ve\/site\/#\/schema\/person\/64d1c2e4d0d4fd1b849980c4331c2951"},"image":{"@id":"https:\/\/digital58.com.ve\/site\/2020\/07\/04\/el-venezolano-salvador-perez-nuevo-caso-de-covid-19-en-las-grandes-ligas\/#primaryimage"},"thumbnailUrl":"https:\/\/digital58.com.ve\/site\/wp-content\/uploads\/2020\/07\/Salvador-Perez-2-e1593897681499.png","keywords":["B\u00e9isbol","B\u00e9isbol MLB","Coronavirus","COVID-19","Estados Unidos","Grandes Ligas","Internacionales","Kansas City Royals","MLB","MLB 2020","Pandemia","Venezuela"],"articleSection":["Deportes"],"inLanguage":"es","potentialAction":[{"@type":"CommentAction","name":"Comment","target":["https:\/\/digital58.com.ve\/site\/2020\/07\/04\/el-venezolano-salvador-perez-nuevo-caso-de-covid-19-en-las-grandes-ligas\/#respond"]}]},{"@type":"WebPage","@id":"https:\/\/digital58.com.ve\/site\/2020\/07\/04\/el-venezolano-salvador-perez-nuevo-caso-de-covid-19-en-las-grandes-ligas\/","url":"https:\/\/digital58.com.ve\/site\/2020\/07\/04\/el-venezolano-salvador-perez-nuevo-caso-de-covid-19-en-las-grandes-ligas\/","name":"El venezolano Salvador P\u00e9rez, nuevo caso de COVID-19 en las Grandes Ligas","isPartOf":{"@id":"https:\/\/digital58.com.ve\/site\/#website"},"primaryImageOfPage":{"@id":"https:\/\/digital58.com.ve\/site\/2020\/07\/04\/el-venezolano-salvador-perez-nuevo-caso-de-covid-19-en-las-grandes-ligas\/#primaryimage"},"image":{"@id":"https:\/\/digital58.com.ve\/site\/2020\/07\/04\/el-venezolano-salvador-perez-nuevo-caso-de-covid-19-en-las-grandes-ligas\/#primaryimage"},"thumbnailUrl":"https:\/\/digital58.com.ve\/site\/wp-content\/uploads\/2020\/07\/Salvador-Perez-2-e1593897681499.png","datePublished":"2020-07-04T21:33:31+00:00","description":"Deportes","breadcrumb":{"@id":"https:\/\/digital58.com.ve\/site\/2020\/07\/04\/el-venezolano-salvador-perez-nuevo-caso-de-covid-19-en-las-grandes-ligas\/#breadcrumb"},"inLanguage":"es","potentialAction":[{"@type":"ReadAction","target":["https:\/\/digital58.com.ve\/site\/2020\/07\/04\/el-venezolano-salvador-perez-nuevo-caso-de-covid-19-en-las-grandes-ligas\/"]}]},{"@type":"ImageObject","inLanguage":"es","@id":"https:\/\/digital58.com.ve\/site\/2020\/07\/04\/el-venezolano-salvador-perez-nuevo-caso-de-covid-19-en-las-grandes-ligas\/#primaryimage","url":"https:\/\/digital58.com.ve\/site\/wp-content\/uploads\/2020\/07\/Salvador-Perez-2-e1593897681499.png","contentUrl":"https:\/\/digital58.com.ve\/site\/wp-content\/uploads\/2020\/07\/Salvador-Perez-2-e1593897681499.png","width":833,"height":469},{"@type":"BreadcrumbList","@id":"https:\/\/digital58.com.ve\/site\/2020\/07\/04\/el-venezolano-salvador-perez-nuevo-caso-de-covid-19-en-las-grandes-ligas\/#breadcrumb","itemListElement":[{"@type":"ListItem","position":1,"name":"Home","item":"https:\/\/digital58.com.ve\/site\/"},{"@type":"ListItem","position":2,"name":"El venezolano Salvador P\u00e9rez, nuevo caso de COVID-19 en las Grandes Ligas"}]},{"@type":"WebSite","@id":"https:\/\/digital58.com.ve\/site\/#website","url":"https:\/\/digital58.com.ve\/site\/","name":"Noticias Digital58","description":"Portal de Noticias \u00a1Periodismo web de verdad! Lanzamiento web 22.11.2005 \/ Maracaibo, Venezuela","publisher":{"@id":"https:\/\/digital58.com.ve\/site\/#\/schema\/person\/64d1c2e4d0d4fd1b849980c4331c2951"},"alternateName":"ND58","potentialAction":[{"@type":"SearchAction","target":{"@type":"EntryPoint","urlTemplate":"https:\/\/digital58.com.ve\/site\/?s={search_term_string}"},"query-input":{"@type":"PropertyValueSpecification","valueRequired":true,"valueName":"search_term_string"}}],"inLanguage":"es"},{"@type":["Person","Organization"],"@id":"https:\/\/digital58.com.ve\/site\/#\/schema\/person\/64d1c2e4d0d4fd1b849980c4331c2951","name":"Villasmil Henry","image":{"@type":"ImageObject","inLanguage":"es","@id":"https:\/\/secure.gravatar.com\/avatar\/bb0c4a2fcb7970138239f7e404ea75757b1b507b28b5ce4c53fbd62d797c5a7c?s=96&d=mm&r=g","url":"https:\/\/secure.gravatar.com\/avatar\/bb0c4a2fcb7970138239f7e404ea75757b1b507b28b5ce4c53fbd62d797c5a7c?s=96&d=mm&r=g","contentUrl":"https:\/\/secure.gravatar.com\/avatar\/bb0c4a2fcb7970138239f7e404ea75757b1b507b28b5ce4c53fbd62d797c5a7c?s=96&d=mm&r=g","caption":"Villasmil Henry"},"logo":{"@id":"https:\/\/secure.gravatar.com\/avatar\/bb0c4a2fcb7970138239f7e404ea75757b1b507b28b5ce4c53fbd62d797c5a7c?s=96&d=mm&r=g"},"sameAs":["http:\/\/www.henryvillasmil.com.ve","https:\/\/www.instagram.com\/villasmilhfoto\/","https:\/\/x.com\/https:\/\/twitter.com\/villasmilhfoto"]},{"@type":"Person","@id":"https:\/\/digital58.com.ve\/site\/#\/schema\/person\/d79fb9041200d150763851810f3a6e44","name":"Arismendi Luis","image":{"@type":"ImageObject","inLanguage":"es","@id":"https:\/\/secure.gravatar.com\/avatar\/076a9c19816f4976b76b8d88be4606fba80dee0aea5ccae15d7f3466053c0615?s=96&d=mm&r=g","url":"https:\/\/secure.gravatar.com\/avatar\/076a9c19816f4976b76b8d88be4606fba80dee0aea5ccae15d7f3466053c0615?s=96&d=mm&r=g","contentUrl":"https:\/\/secure.gravatar.com\/avatar\/076a9c19816f4976b76b8d88be4606fba80dee0aea5ccae15d7f3466053c0615?s=96&d=mm&r=g","caption":"Arismendi Luis"},"url":"https:\/\/digital58.com.ve\/site\/author\/arismendi17\/"}]}},"uagb_featured_image_src":{"full":["https:\/\/digital58.com.ve\/site\/wp-content\/uploads\/2020\/07\/Salvador-Perez-2-e1593897681499.png",833,469,false],"thumbnail":["https:\/\/digital58.com.ve\/site\/wp-content\/uploads\/2020\/07\/Salvador-Perez-2-150x150.png",150,150,true],"medium":["https:\/\/digital58.com.ve\/site\/wp-content\/uploads\/2020\/07\/Salvador-Perez-2-300x169.png",300,169,true],"medium_large":["https:\/\/digital58.com.ve\/site\/wp-content\/uploads\/2020\/07\/Salvador-Perez-2-768x432.png",768,432,true],"large":["https:\/\/digital58.com.ve\/site\/wp-content\/uploads\/2020\/07\/Salvador-Perez-2-e1593897681499.png",800,450,false],"1536x1536":["https:\/\/digital58.com.ve\/site\/wp-content\/uploads\/2020\/07\/Salvador-Perez-2-e1593897681499.png",833,469,false],"2048x2048":["https:\/\/digital58.com.ve\/site\/wp-content\/uploads\/2020\/07\/Salvador-Perez-2-e1593897681499.png",833,469,false],"colormag-highlighted-post":["https:\/\/digital58.com.ve\/site\/wp-content\/uploads\/2020\/07\/Salvador-Perez-2-e1593897681499.png",392,221,false],"colormag-featured-post-medium":["https:\/\/digital58.com.ve\/site\/wp-content\/uploads\/2020\/07\/Salvador-Perez-2-e1593897681499.png",364,205,false],"colormag-featured-post-small":["https:\/\/digital58.com.ve\/site\/wp-content\/uploads\/2020\/07\/Salvador-Perez-2-e1593897681499.png",130,73,false],"colormag-featured-image":["https:\/\/digital58.com.ve\/site\/wp-content\/uploads\/2020\/07\/Salvador-Perez-2-e1593897681499.png",790,445,false],"colormag-default-news":["https:\/\/digital58.com.ve\/site\/wp-content\/uploads\/2020\/07\/Salvador-Perez-2-e1593897681499.png",150,84,false],"colormag-featured-image-large":["https:\/\/digital58.com.ve\/site\/wp-content\/uploads\/2020\/07\/Salvador-Perez-2-e1593897681499.png",833,469,false]},"uagb_author_info":{"display_name":"Arismendi Luis","author_link":"https:\/\/digital58.com.ve\/site\/author\/arismendi17\/"},"uagb_comment_info":0,"uagb_excerpt":"El receptor venezolano Salvador P\u00e9rez, quien busca regresar a las Grandes Ligas (MLB) tras perderse la pasada temporada por una","_links":{"self":[{"href":"https:\/\/digital58.com.ve\/site\/wp-json\/wp\/v2\/posts\/110950","targetHints":{"allow":["GET"]}}],"collection":[{"href":"https:\/\/digital58.com.ve\/site\/wp-json\/wp\/v2\/posts"}],"about":[{"href":"https:\/\/digital58.com.ve\/site\/wp-json\/wp\/v2\/types\/post"}],"author":[{"embeddable":true,"href":"https:\/\/digital58.com.ve\/site\/wp-json\/wp\/v2\/users\/7"}],"replies":[{"embeddable":true,"href":"https:\/\/digital58.com.ve\/site\/wp-json\/wp\/v2\/comments?post=110950"}],"version-history":[{"count":0,"href":"https:\/\/digital58.com.ve\/site\/wp-json\/wp\/v2\/posts\/110950\/revisions"}],"wp:featuredmedia":[{"embeddable":true,"href":"https:\/\/digital58.com.ve\/site\/wp-json\/wp\/v2\/media\/110965"}],"wp:attachment":[{"href":"https:\/\/digital58.com.ve\/site\/wp-json\/wp\/v2\/media?parent=110950"}],"wp:term":[{"taxonomy":"category","embeddable":true,"href":"https:\/\/digital58.com.ve\/site\/wp-json\/wp\/v2\/categories?post=110950"},{"taxonomy":"post_tag","embeddable":true,"href":"https:\/\/digital58.com.ve\/site\/wp-json\/wp\/v2\/tags?post=110950"}],"curies":[{"name":"wp","href":"https:\/\/api.w.org\/{rel}","templated":true}]}}