{"id":111327,"date":"2020-07-06T07:08:41","date_gmt":"2020-07-06T11:08:41","guid":{"rendered":"https:\/\/digital58.com.ve\/site\/?p=111327"},"modified":"2020-07-06T07:31:47","modified_gmt":"2020-07-06T11:31:47","slug":"hospital-de-especialidades-pediatricas-fue-desinfectado-por-la-gobernacion-del-estado-zulia","status":"publish","type":"post","link":"https:\/\/digital58.com.ve\/site\/2020\/07\/06\/hospital-de-especialidades-pediatricas-fue-desinfectado-por-la-gobernacion-del-estado-zulia\/","title":{"rendered":"Hospital de Especialidades Pedi\u00e1tricas del Zulia fue desinfectado"},"content":{"rendered":"<p><img loading=\"lazy\" decoding=\"async\" class=\"alignnone size-full wp-image-111328\" src=\"https:\/\/digital58.com.ve\/site\/wp-content\/uploads\/2020\/07\/EcMdPa0WoAIdiG5.jpg\" alt=\"\" width=\"691\" height=\"600\" srcset=\"https:\/\/digital58.com.ve\/site\/wp-content\/uploads\/2020\/07\/EcMdPa0WoAIdiG5.jpg 691w, https:\/\/digital58.com.ve\/site\/wp-content\/uploads\/2020\/07\/EcMdPa0WoAIdiG5-300x260.jpg 300w\" sizes=\"auto, (max-width: 691px) 100vw, 691px\" \/><\/p>\n<p>La jornada de desinfecci\u00f3n se\u00a0 realiz\u00f3 en el \u00e1rea diagn\u00f3stica, medicina ocupacional, \u00e1rea de vacuna. Paulatinamente se abordar\u00e1 el \u00e1rea administrativa, m\u00f3dulos de consultas, almac\u00e9n, farmacia, cocina, calderas, informaci\u00f3n, capilar, unidad de im\u00e1genes, laboratorio central y banco de sangre.<\/p>\n<p><strong>Maracaibo, Zulia, Venezuela 6 de julio 2020<\/strong>\u00a0<strong>(ND58).\u2013<\/strong>La gobernaci\u00f3n del estado Zulia realiz\u00f3 una jornada de desinfecci\u00f3n del Hospital de Especialidades Pedi\u00e1tricas de Maracaibo, este domingo.<\/p>\n<p>Servio Tulio Rivero, director del hospital expres\u00f3 el plan de desinfecci\u00f3n fue efectuado por el personal de mantenimiento y el equipo de Prevenci\u00f3n Control y Perdidas. A su vez resalt\u00f3 que adem\u00e1s de erradicar cualquier foco de la COVID-19, dentro del recinto sanitario se completar\u00e1 una campa\u00f1a de concienciazaci\u00f3n para fortalecer la educaci\u00f3n en la poblaci\u00f3n en la aplicaci\u00f3n de las medidas de prevenci\u00f3n y frenar el contagio del virus.<\/p>\n<p>Rivero detall\u00f3 que la jornada de desinfecci\u00f3n se inici\u00f3 en el \u00e1rea diagn\u00f3stica, medicina ocupacional, \u00e1rea de vacuna y paulatinamente se abordar\u00e1 el \u00e1rea administrativa, m\u00f3dulos de consultas, almac\u00e9n, farmacia, cocina, calderas, informaci\u00f3n, capilar, unidad de im\u00e1genes, laboratorio central , banco de sangre, zona de carga, presidencia y en el cafet\u00edn externo e interno.<\/p><div class=\"xyoca69ef3fa868a8f\" ><p style=\"text-align: center;\"><a href=\"https:\/\/t.me\/noticiasdigital58\" target=\"_blank\" rel=\"noopener\"><img class=\"aligncenter size-full wp-image-125363\" src=\"https:\/\/digital58.com.ve\/site\/wp-content\/uploads\/2021\/04\/banner-telegram-web-2021.png\" alt=\"\" width=\"600\" height=\"90\" \/><\/a><\/p><\/div><style type=\"text\/css\">\r\n@media screen and (min-width: 1201px) {\r\n.xyoca69ef3fa868a8f {\r\ndisplay: block;\r\n}\r\n}\r\n@media screen and (min-width: 993px) and (max-width: 1200px) {\r\n.xyoca69ef3fa868a8f {\r\ndisplay: block;\r\n}\r\n}\r\n@media screen and (min-width: 769px) and (max-width: 992px) {\r\n.xyoca69ef3fa868a8f {\r\ndisplay: block;\r\n}\r\n}\r\n@media screen and (min-width: 768px) and (max-width: 768px) {\r\n.xyoca69ef3fa868a8f {\r\ndisplay: block;\r\n}\r\n}\r\n@media screen and (max-width: 767px) {\r\n.xyoca69ef3fa868a8f {\r\ndisplay: block;\r\n}\r\n}\r\n<\/style>\r\n\n<p><strong>Redacci\u00f3n: Molero, Luis\u00a0 (@Moleromarquez) | Fuente: Agencias<br \/>\nEdici\u00f3n: Villasmil, Henry; Ch\u00e1vez, Marian<br \/>\nGr\u00e1ficas: Cortes\u00eda<\/strong><\/p>\n<div style=\"margin-top: 0px; margin-bottom: 0px;\" class=\"sharethis-inline-share-buttons\" ><\/div>","protected":false},"excerpt":{"rendered":"<p>La jornada de desinfecci\u00f3n se\u00a0 realiz\u00f3 en el \u00e1rea diagn\u00f3stica, medicina ocupacional, \u00e1rea de vacuna. Paulatinamente se abordar\u00e1 el \u00e1rea<\/p>\n","protected":false},"author":26,"featured_media":111329,"comment_status":"open","ping_status":"closed","sticky":false,"template":"","format":"standard","meta":{"colormag_page_container_layout":"default_layout","colormag_page_sidebar_layout":"default_layout","_uag_custom_page_level_css":"","footnotes":""},"categories":[14504],"tags":[13352,13648,11252,16999,13723,16998],"class_list":["post-111327","post","type-post","status-publish","format-standard","has-post-thumbnail","hentry","category-zulia","tag-coronavirus","tag-covid-19","tag-gobernacion-del-estado-zulia","tag-hospital-de-especialidades-pediatricas","tag-pandemia","tag-servio-tulio-rivero"],"yoast_head":"<!-- This site is optimized with the Yoast SEO plugin v27.4 - https:\/\/yoast.com\/product\/yoast-seo-wordpress\/ -->\n<title>Hospital de Especialidades Pedi\u00e1tricas del Zulia fue desinfectado<\/title>\n<meta name=\"description\" content=\"Zulia\" \/>\n<meta name=\"robots\" content=\"index, follow, max-snippet:-1, max-image-preview:large, max-video-preview:-1\" \/>\n<link rel=\"canonical\" href=\"https:\/\/digital58.com.ve\/site\/2020\/07\/06\/hospital-de-especialidades-pediatricas-fue-desinfectado-por-la-gobernacion-del-estado-zulia\/\" \/>\n<meta property=\"og:locale\" content=\"es_ES\" \/>\n<meta property=\"og:type\" content=\"article\" \/>\n<meta property=\"og:title\" content=\"Hospital de Especialidades Pedi\u00e1tricas del Zulia fue desinfectado\" \/>\n<meta property=\"og:description\" content=\"Zulia\" \/>\n<meta property=\"og:url\" content=\"https:\/\/digital58.com.ve\/site\/2020\/07\/06\/hospital-de-especialidades-pediatricas-fue-desinfectado-por-la-gobernacion-del-estado-zulia\/\" \/>\n<meta property=\"og:site_name\" content=\"Noticias Digital58\" \/>\n<meta property=\"article:published_time\" content=\"2020-07-06T11:08:41+00:00\" \/>\n<meta property=\"article:modified_time\" content=\"2020-07-06T11:31:47+00:00\" \/>\n<meta property=\"og:image\" content=\"https:\/\/digital58.com.ve\/site\/wp-content\/uploads\/2020\/07\/430f5e07-1d2e-4366-ac4c-8e6520f9ec2c.jpg\" \/>\n\t<meta property=\"og:image:width\" content=\"800\" \/>\n\t<meta property=\"og:image:height\" content=\"502\" \/>\n\t<meta property=\"og:image:type\" content=\"image\/jpeg\" \/>\n<meta name=\"author\" content=\"Molero Luis\" \/>\n<meta name=\"twitter:card\" content=\"summary_large_image\" \/>\n<meta name=\"twitter:creator\" content=\"@Digital_58\" \/>\n<meta name=\"twitter:site\" content=\"@villasmilhfoto\" \/>\n<meta name=\"twitter:label1\" content=\"Escrito por\" \/>\n\t<meta name=\"twitter:data1\" content=\"Molero Luis\" \/>\n\t<meta name=\"twitter:label2\" content=\"Tiempo estimado de lectura\" \/>\n\t<meta name=\"twitter:data2\" content=\"1 minuto\" \/>\n<script type=\"application\/ld+json\" class=\"yoast-schema-graph\">{\"@context\":\"https:\\\/\\\/schema.org\",\"@graph\":[{\"@type\":\"Article\",\"@id\":\"https:\\\/\\\/digital58.com.ve\\\/site\\\/2020\\\/07\\\/06\\\/hospital-de-especialidades-pediatricas-fue-desinfectado-por-la-gobernacion-del-estado-zulia\\\/#article\",\"isPartOf\":{\"@id\":\"https:\\\/\\\/digital58.com.ve\\\/site\\\/2020\\\/07\\\/06\\\/hospital-de-especialidades-pediatricas-fue-desinfectado-por-la-gobernacion-del-estado-zulia\\\/\"},\"author\":{\"name\":\"Molero Luis\",\"@id\":\"https:\\\/\\\/digital58.com.ve\\\/site\\\/#\\\/schema\\\/person\\\/c61667ce6845137620ee3f0aaabade17\"},\"headline\":\"Hospital de Especialidades Pedi\u00e1tricas del Zulia fue desinfectado\",\"datePublished\":\"2020-07-06T11:08:41+00:00\",\"dateModified\":\"2020-07-06T11:31:47+00:00\",\"mainEntityOfPage\":{\"@id\":\"https:\\\/\\\/digital58.com.ve\\\/site\\\/2020\\\/07\\\/06\\\/hospital-de-especialidades-pediatricas-fue-desinfectado-por-la-gobernacion-del-estado-zulia\\\/\"},\"wordCount\":239,\"commentCount\":0,\"publisher\":{\"@id\":\"https:\\\/\\\/digital58.com.ve\\\/site\\\/#\\\/schema\\\/person\\\/64d1c2e4d0d4fd1b849980c4331c2951\"},\"image\":{\"@id\":\"https:\\\/\\\/digital58.com.ve\\\/site\\\/2020\\\/07\\\/06\\\/hospital-de-especialidades-pediatricas-fue-desinfectado-por-la-gobernacion-del-estado-zulia\\\/#primaryimage\"},\"thumbnailUrl\":\"https:\\\/\\\/digital58.com.ve\\\/site\\\/wp-content\\\/uploads\\\/2020\\\/07\\\/430f5e07-1d2e-4366-ac4c-8e6520f9ec2c.jpg\",\"keywords\":[\"Coronavirus\",\"COVID-19\",\"Gobernaci\u00f3n del estado Zulia\",\"Hospital de Especialidades Pedi\u00e1tricas\",\"Pandemia\",\"Servio Tulio Rivero\"],\"articleSection\":[\"Zulia\"],\"inLanguage\":\"es\",\"potentialAction\":[{\"@type\":\"CommentAction\",\"name\":\"Comment\",\"target\":[\"https:\\\/\\\/digital58.com.ve\\\/site\\\/2020\\\/07\\\/06\\\/hospital-de-especialidades-pediatricas-fue-desinfectado-por-la-gobernacion-del-estado-zulia\\\/#respond\"]}]},{\"@type\":\"WebPage\",\"@id\":\"https:\\\/\\\/digital58.com.ve\\\/site\\\/2020\\\/07\\\/06\\\/hospital-de-especialidades-pediatricas-fue-desinfectado-por-la-gobernacion-del-estado-zulia\\\/\",\"url\":\"https:\\\/\\\/digital58.com.ve\\\/site\\\/2020\\\/07\\\/06\\\/hospital-de-especialidades-pediatricas-fue-desinfectado-por-la-gobernacion-del-estado-zulia\\\/\",\"name\":\"Hospital de Especialidades Pedi\u00e1tricas del Zulia fue desinfectado\",\"isPartOf\":{\"@id\":\"https:\\\/\\\/digital58.com.ve\\\/site\\\/#website\"},\"primaryImageOfPage\":{\"@id\":\"https:\\\/\\\/digital58.com.ve\\\/site\\\/2020\\\/07\\\/06\\\/hospital-de-especialidades-pediatricas-fue-desinfectado-por-la-gobernacion-del-estado-zulia\\\/#primaryimage\"},\"image\":{\"@id\":\"https:\\\/\\\/digital58.com.ve\\\/site\\\/2020\\\/07\\\/06\\\/hospital-de-especialidades-pediatricas-fue-desinfectado-por-la-gobernacion-del-estado-zulia\\\/#primaryimage\"},\"thumbnailUrl\":\"https:\\\/\\\/digital58.com.ve\\\/site\\\/wp-content\\\/uploads\\\/2020\\\/07\\\/430f5e07-1d2e-4366-ac4c-8e6520f9ec2c.jpg\",\"datePublished\":\"2020-07-06T11:08:41+00:00\",\"dateModified\":\"2020-07-06T11:31:47+00:00\",\"description\":\"Zulia\",\"breadcrumb\":{\"@id\":\"https:\\\/\\\/digital58.com.ve\\\/site\\\/2020\\\/07\\\/06\\\/hospital-de-especialidades-pediatricas-fue-desinfectado-por-la-gobernacion-del-estado-zulia\\\/#breadcrumb\"},\"inLanguage\":\"es\",\"potentialAction\":[{\"@type\":\"ReadAction\",\"target\":[\"https:\\\/\\\/digital58.com.ve\\\/site\\\/2020\\\/07\\\/06\\\/hospital-de-especialidades-pediatricas-fue-desinfectado-por-la-gobernacion-del-estado-zulia\\\/\"]}]},{\"@type\":\"ImageObject\",\"inLanguage\":\"es\",\"@id\":\"https:\\\/\\\/digital58.com.ve\\\/site\\\/2020\\\/07\\\/06\\\/hospital-de-especialidades-pediatricas-fue-desinfectado-por-la-gobernacion-del-estado-zulia\\\/#primaryimage\",\"url\":\"https:\\\/\\\/digital58.com.ve\\\/site\\\/wp-content\\\/uploads\\\/2020\\\/07\\\/430f5e07-1d2e-4366-ac4c-8e6520f9ec2c.jpg\",\"contentUrl\":\"https:\\\/\\\/digital58.com.ve\\\/site\\\/wp-content\\\/uploads\\\/2020\\\/07\\\/430f5e07-1d2e-4366-ac4c-8e6520f9ec2c.jpg\",\"width\":800,\"height\":502},{\"@type\":\"BreadcrumbList\",\"@id\":\"https:\\\/\\\/digital58.com.ve\\\/site\\\/2020\\\/07\\\/06\\\/hospital-de-especialidades-pediatricas-fue-desinfectado-por-la-gobernacion-del-estado-zulia\\\/#breadcrumb\",\"itemListElement\":[{\"@type\":\"ListItem\",\"position\":1,\"name\":\"Home\",\"item\":\"https:\\\/\\\/digital58.com.ve\\\/site\\\/\"},{\"@type\":\"ListItem\",\"position\":2,\"name\":\"Hospital de Especialidades Pedi\u00e1tricas del Zulia fue desinfectado\"}]},{\"@type\":\"WebSite\",\"@id\":\"https:\\\/\\\/digital58.com.ve\\\/site\\\/#website\",\"url\":\"https:\\\/\\\/digital58.com.ve\\\/site\\\/\",\"name\":\"Noticias Digital58\",\"description\":\"Portal de Noticias \u00a1Periodismo web de verdad! Lanzamiento web 22.11.2005 \\\/ Maracaibo, Venezuela\",\"publisher\":{\"@id\":\"https:\\\/\\\/digital58.com.ve\\\/site\\\/#\\\/schema\\\/person\\\/64d1c2e4d0d4fd1b849980c4331c2951\"},\"alternateName\":\"ND58\",\"potentialAction\":[{\"@type\":\"SearchAction\",\"target\":{\"@type\":\"EntryPoint\",\"urlTemplate\":\"https:\\\/\\\/digital58.com.ve\\\/site\\\/?s={search_term_string}\"},\"query-input\":{\"@type\":\"PropertyValueSpecification\",\"valueRequired\":true,\"valueName\":\"search_term_string\"}}],\"inLanguage\":\"es\"},{\"@type\":[\"Person\",\"Organization\"],\"@id\":\"https:\\\/\\\/digital58.com.ve\\\/site\\\/#\\\/schema\\\/person\\\/64d1c2e4d0d4fd1b849980c4331c2951\",\"name\":\"Villasmil Henry\",\"image\":{\"@type\":\"ImageObject\",\"inLanguage\":\"es\",\"@id\":\"https:\\\/\\\/secure.gravatar.com\\\/avatar\\\/bb0c4a2fcb7970138239f7e404ea75757b1b507b28b5ce4c53fbd62d797c5a7c?s=96&d=mm&r=g\",\"url\":\"https:\\\/\\\/secure.gravatar.com\\\/avatar\\\/bb0c4a2fcb7970138239f7e404ea75757b1b507b28b5ce4c53fbd62d797c5a7c?s=96&d=mm&r=g\",\"contentUrl\":\"https:\\\/\\\/secure.gravatar.com\\\/avatar\\\/bb0c4a2fcb7970138239f7e404ea75757b1b507b28b5ce4c53fbd62d797c5a7c?s=96&d=mm&r=g\",\"caption\":\"Villasmil Henry\"},\"logo\":{\"@id\":\"https:\\\/\\\/secure.gravatar.com\\\/avatar\\\/bb0c4a2fcb7970138239f7e404ea75757b1b507b28b5ce4c53fbd62d797c5a7c?s=96&d=mm&r=g\"},\"sameAs\":[\"http:\\\/\\\/www.henryvillasmil.com.ve\",\"https:\\\/\\\/www.instagram.com\\\/villasmilhfoto\\\/\",\"https:\\\/\\\/x.com\\\/https:\\\/\\\/twitter.com\\\/villasmilhfoto\"]},{\"@type\":\"Person\",\"@id\":\"https:\\\/\\\/digital58.com.ve\\\/site\\\/#\\\/schema\\\/person\\\/c61667ce6845137620ee3f0aaabade17\",\"name\":\"Molero Luis\",\"image\":{\"@type\":\"ImageObject\",\"inLanguage\":\"es\",\"@id\":\"https:\\\/\\\/secure.gravatar.com\\\/avatar\\\/bf041ec637e3e7405449807deb2f7cf3d2de7c6fa755dd56e985201de9863f2b?s=96&d=mm&r=g\",\"url\":\"https:\\\/\\\/secure.gravatar.com\\\/avatar\\\/bf041ec637e3e7405449807deb2f7cf3d2de7c6fa755dd56e985201de9863f2b?s=96&d=mm&r=g\",\"contentUrl\":\"https:\\\/\\\/secure.gravatar.com\\\/avatar\\\/bf041ec637e3e7405449807deb2f7cf3d2de7c6fa755dd56e985201de9863f2b?s=96&d=mm&r=g\",\"caption\":\"Molero Luis\"},\"url\":\"https:\\\/\\\/digital58.com.ve\\\/site\\\/author\\\/luismolero\\\/\"}]}<\/script>\n<!-- \/ Yoast SEO plugin. -->","yoast_head_json":{"title":"Hospital de Especialidades Pedi\u00e1tricas del Zulia fue desinfectado","description":"Zulia","robots":{"index":"index","follow":"follow","max-snippet":"max-snippet:-1","max-image-preview":"max-image-preview:large","max-video-preview":"max-video-preview:-1"},"canonical":"https:\/\/digital58.com.ve\/site\/2020\/07\/06\/hospital-de-especialidades-pediatricas-fue-desinfectado-por-la-gobernacion-del-estado-zulia\/","og_locale":"es_ES","og_type":"article","og_title":"Hospital de Especialidades Pedi\u00e1tricas del Zulia fue desinfectado","og_description":"Zulia","og_url":"https:\/\/digital58.com.ve\/site\/2020\/07\/06\/hospital-de-especialidades-pediatricas-fue-desinfectado-por-la-gobernacion-del-estado-zulia\/","og_site_name":"Noticias Digital58","article_published_time":"2020-07-06T11:08:41+00:00","article_modified_time":"2020-07-06T11:31:47+00:00","og_image":[{"width":800,"height":502,"url":"https:\/\/digital58.com.ve\/site\/wp-content\/uploads\/2020\/07\/430f5e07-1d2e-4366-ac4c-8e6520f9ec2c.jpg","type":"image\/jpeg"}],"author":"Molero Luis","twitter_card":"summary_large_image","twitter_creator":"@Digital_58","twitter_site":"@villasmilhfoto","twitter_misc":{"Escrito por":"Molero Luis","Tiempo estimado de lectura":"1 minuto"},"schema":{"@context":"https:\/\/schema.org","@graph":[{"@type":"Article","@id":"https:\/\/digital58.com.ve\/site\/2020\/07\/06\/hospital-de-especialidades-pediatricas-fue-desinfectado-por-la-gobernacion-del-estado-zulia\/#article","isPartOf":{"@id":"https:\/\/digital58.com.ve\/site\/2020\/07\/06\/hospital-de-especialidades-pediatricas-fue-desinfectado-por-la-gobernacion-del-estado-zulia\/"},"author":{"name":"Molero Luis","@id":"https:\/\/digital58.com.ve\/site\/#\/schema\/person\/c61667ce6845137620ee3f0aaabade17"},"headline":"Hospital de Especialidades Pedi\u00e1tricas del Zulia fue desinfectado","datePublished":"2020-07-06T11:08:41+00:00","dateModified":"2020-07-06T11:31:47+00:00","mainEntityOfPage":{"@id":"https:\/\/digital58.com.ve\/site\/2020\/07\/06\/hospital-de-especialidades-pediatricas-fue-desinfectado-por-la-gobernacion-del-estado-zulia\/"},"wordCount":239,"commentCount":0,"publisher":{"@id":"https:\/\/digital58.com.ve\/site\/#\/schema\/person\/64d1c2e4d0d4fd1b849980c4331c2951"},"image":{"@id":"https:\/\/digital58.com.ve\/site\/2020\/07\/06\/hospital-de-especialidades-pediatricas-fue-desinfectado-por-la-gobernacion-del-estado-zulia\/#primaryimage"},"thumbnailUrl":"https:\/\/digital58.com.ve\/site\/wp-content\/uploads\/2020\/07\/430f5e07-1d2e-4366-ac4c-8e6520f9ec2c.jpg","keywords":["Coronavirus","COVID-19","Gobernaci\u00f3n del estado Zulia","Hospital de Especialidades Pedi\u00e1tricas","Pandemia","Servio Tulio Rivero"],"articleSection":["Zulia"],"inLanguage":"es","potentialAction":[{"@type":"CommentAction","name":"Comment","target":["https:\/\/digital58.com.ve\/site\/2020\/07\/06\/hospital-de-especialidades-pediatricas-fue-desinfectado-por-la-gobernacion-del-estado-zulia\/#respond"]}]},{"@type":"WebPage","@id":"https:\/\/digital58.com.ve\/site\/2020\/07\/06\/hospital-de-especialidades-pediatricas-fue-desinfectado-por-la-gobernacion-del-estado-zulia\/","url":"https:\/\/digital58.com.ve\/site\/2020\/07\/06\/hospital-de-especialidades-pediatricas-fue-desinfectado-por-la-gobernacion-del-estado-zulia\/","name":"Hospital de Especialidades Pedi\u00e1tricas del Zulia fue desinfectado","isPartOf":{"@id":"https:\/\/digital58.com.ve\/site\/#website"},"primaryImageOfPage":{"@id":"https:\/\/digital58.com.ve\/site\/2020\/07\/06\/hospital-de-especialidades-pediatricas-fue-desinfectado-por-la-gobernacion-del-estado-zulia\/#primaryimage"},"image":{"@id":"https:\/\/digital58.com.ve\/site\/2020\/07\/06\/hospital-de-especialidades-pediatricas-fue-desinfectado-por-la-gobernacion-del-estado-zulia\/#primaryimage"},"thumbnailUrl":"https:\/\/digital58.com.ve\/site\/wp-content\/uploads\/2020\/07\/430f5e07-1d2e-4366-ac4c-8e6520f9ec2c.jpg","datePublished":"2020-07-06T11:08:41+00:00","dateModified":"2020-07-06T11:31:47+00:00","description":"Zulia","breadcrumb":{"@id":"https:\/\/digital58.com.ve\/site\/2020\/07\/06\/hospital-de-especialidades-pediatricas-fue-desinfectado-por-la-gobernacion-del-estado-zulia\/#breadcrumb"},"inLanguage":"es","potentialAction":[{"@type":"ReadAction","target":["https:\/\/digital58.com.ve\/site\/2020\/07\/06\/hospital-de-especialidades-pediatricas-fue-desinfectado-por-la-gobernacion-del-estado-zulia\/"]}]},{"@type":"ImageObject","inLanguage":"es","@id":"https:\/\/digital58.com.ve\/site\/2020\/07\/06\/hospital-de-especialidades-pediatricas-fue-desinfectado-por-la-gobernacion-del-estado-zulia\/#primaryimage","url":"https:\/\/digital58.com.ve\/site\/wp-content\/uploads\/2020\/07\/430f5e07-1d2e-4366-ac4c-8e6520f9ec2c.jpg","contentUrl":"https:\/\/digital58.com.ve\/site\/wp-content\/uploads\/2020\/07\/430f5e07-1d2e-4366-ac4c-8e6520f9ec2c.jpg","width":800,"height":502},{"@type":"BreadcrumbList","@id":"https:\/\/digital58.com.ve\/site\/2020\/07\/06\/hospital-de-especialidades-pediatricas-fue-desinfectado-por-la-gobernacion-del-estado-zulia\/#breadcrumb","itemListElement":[{"@type":"ListItem","position":1,"name":"Home","item":"https:\/\/digital58.com.ve\/site\/"},{"@type":"ListItem","position":2,"name":"Hospital de Especialidades Pedi\u00e1tricas del Zulia fue desinfectado"}]},{"@type":"WebSite","@id":"https:\/\/digital58.com.ve\/site\/#website","url":"https:\/\/digital58.com.ve\/site\/","name":"Noticias Digital58","description":"Portal de Noticias \u00a1Periodismo web de verdad! Lanzamiento web 22.11.2005 \/ Maracaibo, Venezuela","publisher":{"@id":"https:\/\/digital58.com.ve\/site\/#\/schema\/person\/64d1c2e4d0d4fd1b849980c4331c2951"},"alternateName":"ND58","potentialAction":[{"@type":"SearchAction","target":{"@type":"EntryPoint","urlTemplate":"https:\/\/digital58.com.ve\/site\/?s={search_term_string}"},"query-input":{"@type":"PropertyValueSpecification","valueRequired":true,"valueName":"search_term_string"}}],"inLanguage":"es"},{"@type":["Person","Organization"],"@id":"https:\/\/digital58.com.ve\/site\/#\/schema\/person\/64d1c2e4d0d4fd1b849980c4331c2951","name":"Villasmil Henry","image":{"@type":"ImageObject","inLanguage":"es","@id":"https:\/\/secure.gravatar.com\/avatar\/bb0c4a2fcb7970138239f7e404ea75757b1b507b28b5ce4c53fbd62d797c5a7c?s=96&d=mm&r=g","url":"https:\/\/secure.gravatar.com\/avatar\/bb0c4a2fcb7970138239f7e404ea75757b1b507b28b5ce4c53fbd62d797c5a7c?s=96&d=mm&r=g","contentUrl":"https:\/\/secure.gravatar.com\/avatar\/bb0c4a2fcb7970138239f7e404ea75757b1b507b28b5ce4c53fbd62d797c5a7c?s=96&d=mm&r=g","caption":"Villasmil Henry"},"logo":{"@id":"https:\/\/secure.gravatar.com\/avatar\/bb0c4a2fcb7970138239f7e404ea75757b1b507b28b5ce4c53fbd62d797c5a7c?s=96&d=mm&r=g"},"sameAs":["http:\/\/www.henryvillasmil.com.ve","https:\/\/www.instagram.com\/villasmilhfoto\/","https:\/\/x.com\/https:\/\/twitter.com\/villasmilhfoto"]},{"@type":"Person","@id":"https:\/\/digital58.com.ve\/site\/#\/schema\/person\/c61667ce6845137620ee3f0aaabade17","name":"Molero Luis","image":{"@type":"ImageObject","inLanguage":"es","@id":"https:\/\/secure.gravatar.com\/avatar\/bf041ec637e3e7405449807deb2f7cf3d2de7c6fa755dd56e985201de9863f2b?s=96&d=mm&r=g","url":"https:\/\/secure.gravatar.com\/avatar\/bf041ec637e3e7405449807deb2f7cf3d2de7c6fa755dd56e985201de9863f2b?s=96&d=mm&r=g","contentUrl":"https:\/\/secure.gravatar.com\/avatar\/bf041ec637e3e7405449807deb2f7cf3d2de7c6fa755dd56e985201de9863f2b?s=96&d=mm&r=g","caption":"Molero Luis"},"url":"https:\/\/digital58.com.ve\/site\/author\/luismolero\/"}]}},"uagb_featured_image_src":{"full":["https:\/\/digital58.com.ve\/site\/wp-content\/uploads\/2020\/07\/430f5e07-1d2e-4366-ac4c-8e6520f9ec2c.jpg",800,502,false],"thumbnail":["https:\/\/digital58.com.ve\/site\/wp-content\/uploads\/2020\/07\/430f5e07-1d2e-4366-ac4c-8e6520f9ec2c-150x150.jpg",150,150,true],"medium":["https:\/\/digital58.com.ve\/site\/wp-content\/uploads\/2020\/07\/430f5e07-1d2e-4366-ac4c-8e6520f9ec2c-300x188.jpg",300,188,true],"medium_large":["https:\/\/digital58.com.ve\/site\/wp-content\/uploads\/2020\/07\/430f5e07-1d2e-4366-ac4c-8e6520f9ec2c-768x482.jpg",768,482,true],"large":["https:\/\/digital58.com.ve\/site\/wp-content\/uploads\/2020\/07\/430f5e07-1d2e-4366-ac4c-8e6520f9ec2c.jpg",800,502,false],"1536x1536":["https:\/\/digital58.com.ve\/site\/wp-content\/uploads\/2020\/07\/430f5e07-1d2e-4366-ac4c-8e6520f9ec2c.jpg",800,502,false],"2048x2048":["https:\/\/digital58.com.ve\/site\/wp-content\/uploads\/2020\/07\/430f5e07-1d2e-4366-ac4c-8e6520f9ec2c.jpg",800,502,false],"colormag-highlighted-post":["https:\/\/digital58.com.ve\/site\/wp-content\/uploads\/2020\/07\/430f5e07-1d2e-4366-ac4c-8e6520f9ec2c.jpg",392,246,false],"colormag-featured-post-medium":["https:\/\/digital58.com.ve\/site\/wp-content\/uploads\/2020\/07\/430f5e07-1d2e-4366-ac4c-8e6520f9ec2c.jpg",327,205,false],"colormag-featured-post-small":["https:\/\/digital58.com.ve\/site\/wp-content\/uploads\/2020\/07\/430f5e07-1d2e-4366-ac4c-8e6520f9ec2c.jpg",130,82,false],"colormag-featured-image":["https:\/\/digital58.com.ve\/site\/wp-content\/uploads\/2020\/07\/430f5e07-1d2e-4366-ac4c-8e6520f9ec2c.jpg",709,445,false],"colormag-default-news":["https:\/\/digital58.com.ve\/site\/wp-content\/uploads\/2020\/07\/430f5e07-1d2e-4366-ac4c-8e6520f9ec2c.jpg",150,94,false],"colormag-featured-image-large":["https:\/\/digital58.com.ve\/site\/wp-content\/uploads\/2020\/07\/430f5e07-1d2e-4366-ac4c-8e6520f9ec2c.jpg",800,502,false]},"uagb_author_info":{"display_name":"Molero Luis","author_link":"https:\/\/digital58.com.ve\/site\/author\/luismolero\/"},"uagb_comment_info":0,"uagb_excerpt":"La jornada de desinfecci\u00f3n se\u00a0 realiz\u00f3 en el \u00e1rea diagn\u00f3stica, medicina ocupacional, \u00e1rea de vacuna. Paulatinamente se abordar\u00e1 el \u00e1rea","_links":{"self":[{"href":"https:\/\/digital58.com.ve\/site\/wp-json\/wp\/v2\/posts\/111327","targetHints":{"allow":["GET"]}}],"collection":[{"href":"https:\/\/digital58.com.ve\/site\/wp-json\/wp\/v2\/posts"}],"about":[{"href":"https:\/\/digital58.com.ve\/site\/wp-json\/wp\/v2\/types\/post"}],"author":[{"embeddable":true,"href":"https:\/\/digital58.com.ve\/site\/wp-json\/wp\/v2\/users\/26"}],"replies":[{"embeddable":true,"href":"https:\/\/digital58.com.ve\/site\/wp-json\/wp\/v2\/comments?post=111327"}],"version-history":[{"count":0,"href":"https:\/\/digital58.com.ve\/site\/wp-json\/wp\/v2\/posts\/111327\/revisions"}],"wp:featuredmedia":[{"embeddable":true,"href":"https:\/\/digital58.com.ve\/site\/wp-json\/wp\/v2\/media\/111329"}],"wp:attachment":[{"href":"https:\/\/digital58.com.ve\/site\/wp-json\/wp\/v2\/media?parent=111327"}],"wp:term":[{"taxonomy":"category","embeddable":true,"href":"https:\/\/digital58.com.ve\/site\/wp-json\/wp\/v2\/categories?post=111327"},{"taxonomy":"post_tag","embeddable":true,"href":"https:\/\/digital58.com.ve\/site\/wp-json\/wp\/v2\/tags?post=111327"}],"curies":[{"name":"wp","href":"https:\/\/api.w.org\/{rel}","templated":true}]}}