{"id":111482,"date":"2020-07-06T11:35:15","date_gmt":"2020-07-06T15:35:15","guid":{"rendered":"https:\/\/digital58.com.ve\/site\/?p=111482"},"modified":"2020-07-06T11:48:44","modified_gmt":"2020-07-06T15:48:44","slug":"la-biblioteca-publica-del-estado-albergara-a-pacientes-asintomaticos-de-covid-19","status":"publish","type":"post","link":"https:\/\/digital58.com.ve\/site\/2020\/07\/06\/la-biblioteca-publica-del-estado-albergara-a-pacientes-asintomaticos-de-covid-19\/","title":{"rendered":"La Biblioteca P\u00fablica del Estado albergar\u00e1 a pacientes asintom\u00e1ticos de COVID-19"},"content":{"rendered":"<p><img loading=\"lazy\" decoding=\"async\" class=\"alignnone size-full wp-image-111485\" src=\"https:\/\/digital58.com.ve\/site\/wp-content\/uploads\/2020\/07\/Biblioteca_P\u00fablica_del_Estado_Zulia.jpg\" alt=\"\" width=\"1000\" height=\"628\" srcset=\"https:\/\/digital58.com.ve\/site\/wp-content\/uploads\/2020\/07\/Biblioteca_P\u00fablica_del_Estado_Zulia.jpg 800w, https:\/\/digital58.com.ve\/site\/wp-content\/uploads\/2020\/07\/Biblioteca_P\u00fablica_del_Estado_Zulia-300x188.jpg 300w, https:\/\/digital58.com.ve\/site\/wp-content\/uploads\/2020\/07\/Biblioteca_P\u00fablica_del_Estado_Zulia-768x482.jpg 768w\" sizes=\"auto, (max-width: 1000px) 100vw, 1000px\" \/><\/p>\n<p>\u00abEstamos batallando el foco del Mercado Las Pulgas (en Maracaibo). De no haber tomado las medidas estar\u00edamos hablando de m\u00e1s de 40.000 contagiados en el Zulia\u00bb, manifest\u00f3 el gobernador.<\/p>\n<p><strong>Maracaibo, Venezuela, 6 de julio de 2020 (ND58). <\/strong>El Gobernador del Zulia, Omar Prieto, inform\u00f3 este lunes, que la Biblioteca P\u00fablica del Estado fue habilitada para atender a los pacientes asintom\u00e1ticos de COVID-19.<\/p>\n<p>\u00abLa Biblioteca P\u00fablica del Estado, ubicada en la avenida El Milagro de Maracaibo, ha sido habilitada para recibir pacientes asintom\u00e1ticos. Los ubicamos un gran sal\u00f3n con todas las comodidades recuperado en su totalidad\u00bb, manifest\u00f3 Prieto.<\/p>\n<p>Acot\u00f3 que el Hospital Universitario de Maracaibo (HUM) ha recuperado, en menos de 15 d\u00edas, su capacidad absoluta de atenci\u00f3n con \u00abun sistema de generaci\u00f3n el\u00e9ctrica de 3MW climatizaci\u00f3n garantizada ampliaci\u00f3n de la atenci\u00f3n en uci y hospitalizaci\u00f3n con m\u00e1s de 40 m\u00e9dicos venezolanos y cubanos en plena batalla contra el COVID-19\u00bb. Prieto denuncio que hay una campa\u00f1a \u00abbestial\u00bb contra el HUM.<\/p>\n<p>Indic\u00f3 que el estado registra 1.332 pacientes de COVID-19 y 487 pacientes recuperados. En Maracaibo la cifra de contagiados es de 738 casos positivos en todas las parroquias, y a\u00f1adi\u00f3: \u00abLos hemos detectados porque salimos casa a casa en un barrido punto y c\u00edrculo a buscar el COVID-19\u00bb. \u00a0Sin embargo, seg\u00fan las cifras aportadas por Ministerio de Interior, Justicia y Paz, el Zulia tienen 1505 casos.<\/p>\n<p>\u00abEstamos batallando el foco del Mercado Las Pulgas (en Maracaibo). De no haber tomado las medidas estar\u00edamos hablando de m\u00e1s de 40.000 contagiados en el Zulia. Hemos logrado de manera efectiva la contenci\u00f3n del contagio\u00bb, manifest\u00f3 Prieto.<\/p>\n<p>Record\u00f3 que todo el Zulia entra en cuarentena estricta a excepci\u00f3n de los municipios del Sur del Lago. Entre Maracaibo y San Francisco no hay tr\u00e1nsito a ninguna hora.<\/p>\n<p>Inst\u00f3 a la poblaci\u00f3n a buscar atenci\u00f3n en el sistema p\u00fablico de salud para que garanticen la aplicaci\u00f3n adecuada del protocolo en caso de ser positivo al nuevo coronavirus.<\/p>\n<p>Alert\u00f3 que la amenaza sanitaria en el pa\u00eds proviene desde de Colombia y Brasil.<\/p>\n<p>&nbsp;<\/p><div class=\"ugrhq6a9c12aea8364\" ><p style=\"text-align: center;\"><a href=\"https:\/\/t.me\/noticiasdigital58\" target=\"_blank\" rel=\"noopener\"><img class=\"aligncenter size-full wp-image-125363\" src=\"https:\/\/digital58.com.ve\/site\/wp-content\/uploads\/2021\/04\/banner-telegram-web-2021.png\" alt=\"\" width=\"600\" height=\"90\" \/><\/a><\/p><\/div><style type=\"text\/css\">\r\n@media screen and (min-width: 1201px) {\r\n.ugrhq6a9c12aea8364 {\r\ndisplay: block;\r\n}\r\n}\r\n@media screen and (min-width: 993px) and (max-width: 1200px) {\r\n.ugrhq6a9c12aea8364 {\r\ndisplay: block;\r\n}\r\n}\r\n@media screen and (min-width: 769px) and (max-width: 992px) {\r\n.ugrhq6a9c12aea8364 {\r\ndisplay: block;\r\n}\r\n}\r\n@media screen and (min-width: 768px) and (max-width: 768px) {\r\n.ugrhq6a9c12aea8364 {\r\ndisplay: block;\r\n}\r\n}\r\n@media screen and (max-width: 767px) {\r\n.ugrhq6a9c12aea8364 {\r\ndisplay: block;\r\n}\r\n}\r\n<\/style>\r\n\n<p><strong>Redacci\u00f3n: Ch\u00e1vez, Marian (<a href=\"https:\/\/web.telegram.org\/#\/im?p=%40Marianchavez27\">@Marianchavez27<\/a>)<\/strong><br \/>\n<strong>Edici\u00f3n: Villasmil, Henry<\/strong><br \/>\n<strong>Gr\u00e1fica: cortes\u00eda<\/strong><\/p>\n<div style=\"margin-top: 0px; margin-bottom: 0px;\" class=\"sharethis-inline-share-buttons\" ><\/div>","protected":false},"excerpt":{"rendered":"<p>\u00abEstamos batallando el foco del Mercado Las Pulgas (en Maracaibo). De no haber tomado las medidas estar\u00edamos hablando de m\u00e1s<\/p>\n","protected":false},"author":31,"featured_media":111485,"comment_status":"open","ping_status":"closed","sticky":false,"template":"","format":"standard","meta":{"colormag_page_container_layout":"default_layout","colormag_page_sidebar_layout":"default_layout","_uag_custom_page_level_css":"","footnotes":""},"categories":[14504],"tags":[17029,13352,13648,15131,13111,12162,13723],"class_list":["post-111482","post","type-post","status-publish","format-standard","has-post-thumbnail","hentry","category-zulia","tag-biblioteca-publica-del-estado","tag-coronavirus","tag-covid-19","tag-gobernador-omar-prieto","tag-hospital-universitario-de-maracaibo","tag-omar-prieto","tag-pandemia"],"yoast_head":"<!-- This site is optimized with the Yoast SEO plugin v28.4 - https:\/\/yoast.com\/product\/yoast-seo-wordpress\/ -->\n<title>La Biblioteca P\u00fablica del Estado albergar\u00e1 a pacientes asintom\u00e1ticos de COVID-19<\/title>\n<meta name=\"description\" content=\"Zulia\" \/>\n<meta name=\"robots\" content=\"index, follow, max-snippet:-1, max-image-preview:large, max-video-preview:-1\" \/>\n<link rel=\"canonical\" href=\"https:\/\/digital58.com.ve\/site\/2020\/07\/06\/la-biblioteca-publica-del-estado-albergara-a-pacientes-asintomaticos-de-covid-19\/\" \/>\n<meta property=\"og:locale\" content=\"es_ES\" \/>\n<meta property=\"og:type\" content=\"article\" \/>\n<meta property=\"og:title\" content=\"La Biblioteca P\u00fablica del Estado albergar\u00e1 a pacientes asintom\u00e1ticos de COVID-19\" \/>\n<meta property=\"og:description\" content=\"Zulia\" \/>\n<meta property=\"og:url\" content=\"https:\/\/digital58.com.ve\/site\/2020\/07\/06\/la-biblioteca-publica-del-estado-albergara-a-pacientes-asintomaticos-de-covid-19\/\" \/>\n<meta property=\"og:site_name\" content=\"Noticias Digital58\" \/>\n<meta property=\"article:published_time\" content=\"2020-07-06T15:35:15+00:00\" \/>\n<meta property=\"article:modified_time\" content=\"2020-07-06T15:48:44+00:00\" \/>\n<meta property=\"og:image\" content=\"https:\/\/digital58.com.ve\/site\/wp-content\/uploads\/2020\/07\/Biblioteca_P\u00fablica_del_Estado_Zulia.jpg\" \/>\n\t<meta property=\"og:image:width\" content=\"1000\" \/>\n\t<meta property=\"og:image:height\" content=\"628\" \/>\n\t<meta property=\"og:image:type\" content=\"image\/jpeg\" \/>\n<meta name=\"author\" content=\"Chavez Castro Marian\" \/>\n<meta name=\"twitter:card\" content=\"summary_large_image\" \/>\n<meta name=\"twitter:creator\" content=\"@Digital_58\" \/>\n<meta name=\"twitter:site\" content=\"@villasmilhfoto\" \/>\n<meta name=\"twitter:label1\" content=\"Escrito por\" \/>\n\t<meta name=\"twitter:data1\" content=\"Chavez Castro Marian\" \/>\n\t<meta name=\"twitter:label2\" content=\"Tiempo estimado de lectura\" \/>\n\t<meta name=\"twitter:data2\" content=\"2 minutos\" \/>\n<script type=\"application\/ld+json\" class=\"yoast-schema-graph\">{\"@context\":\"https:\\\/\\\/schema.org\",\"@graph\":[{\"@type\":\"Article\",\"@id\":\"https:\\\/\\\/digital58.com.ve\\\/site\\\/2020\\\/07\\\/06\\\/la-biblioteca-publica-del-estado-albergara-a-pacientes-asintomaticos-de-covid-19\\\/#article\",\"isPartOf\":{\"@id\":\"https:\\\/\\\/digital58.com.ve\\\/site\\\/2020\\\/07\\\/06\\\/la-biblioteca-publica-del-estado-albergara-a-pacientes-asintomaticos-de-covid-19\\\/\"},\"author\":{\"name\":\"Chavez Castro Marian\",\"@id\":\"https:\\\/\\\/digital58.com.ve\\\/site\\\/#\\\/schema\\\/person\\\/9c0f3a88cb18ad2a045bf3b5d13c0a49\"},\"headline\":\"La Biblioteca P\u00fablica del Estado albergar\u00e1 a pacientes asintom\u00e1ticos de COVID-19\",\"datePublished\":\"2020-07-06T15:35:15+00:00\",\"dateModified\":\"2020-07-06T15:48:44+00:00\",\"mainEntityOfPage\":{\"@id\":\"https:\\\/\\\/digital58.com.ve\\\/site\\\/2020\\\/07\\\/06\\\/la-biblioteca-publica-del-estado-albergara-a-pacientes-asintomaticos-de-covid-19\\\/\"},\"wordCount\":383,\"commentCount\":0,\"publisher\":{\"@id\":\"https:\\\/\\\/digital58.com.ve\\\/site\\\/#\\\/schema\\\/person\\\/64d1c2e4d0d4fd1b849980c4331c2951\"},\"image\":{\"@id\":\"https:\\\/\\\/digital58.com.ve\\\/site\\\/2020\\\/07\\\/06\\\/la-biblioteca-publica-del-estado-albergara-a-pacientes-asintomaticos-de-covid-19\\\/#primaryimage\"},\"thumbnailUrl\":\"https:\\\/\\\/digital58.com.ve\\\/site\\\/wp-content\\\/uploads\\\/2020\\\/07\\\/Biblioteca_P\u00fablica_del_Estado_Zulia.jpg\",\"keywords\":[\"Biblioteca P\u00fablica del Estado\",\"Coronavirus\",\"COVID-19\",\"Gobernador Omar Prieto\",\"Hospital Universitario de Maracaibo\",\"Omar Prieto\",\"Pandemia\"],\"articleSection\":[\"Zulia\"],\"inLanguage\":\"es\",\"potentialAction\":[{\"@type\":\"CommentAction\",\"name\":\"Comment\",\"target\":[\"https:\\\/\\\/digital58.com.ve\\\/site\\\/2020\\\/07\\\/06\\\/la-biblioteca-publica-del-estado-albergara-a-pacientes-asintomaticos-de-covid-19\\\/#respond\"]}]},{\"@type\":\"WebPage\",\"@id\":\"https:\\\/\\\/digital58.com.ve\\\/site\\\/2020\\\/07\\\/06\\\/la-biblioteca-publica-del-estado-albergara-a-pacientes-asintomaticos-de-covid-19\\\/\",\"url\":\"https:\\\/\\\/digital58.com.ve\\\/site\\\/2020\\\/07\\\/06\\\/la-biblioteca-publica-del-estado-albergara-a-pacientes-asintomaticos-de-covid-19\\\/\",\"name\":\"La Biblioteca P\u00fablica del Estado albergar\u00e1 a pacientes asintom\u00e1ticos de COVID-19\",\"isPartOf\":{\"@id\":\"https:\\\/\\\/digital58.com.ve\\\/site\\\/#website\"},\"primaryImageOfPage\":{\"@id\":\"https:\\\/\\\/digital58.com.ve\\\/site\\\/2020\\\/07\\\/06\\\/la-biblioteca-publica-del-estado-albergara-a-pacientes-asintomaticos-de-covid-19\\\/#primaryimage\"},\"image\":{\"@id\":\"https:\\\/\\\/digital58.com.ve\\\/site\\\/2020\\\/07\\\/06\\\/la-biblioteca-publica-del-estado-albergara-a-pacientes-asintomaticos-de-covid-19\\\/#primaryimage\"},\"thumbnailUrl\":\"https:\\\/\\\/digital58.com.ve\\\/site\\\/wp-content\\\/uploads\\\/2020\\\/07\\\/Biblioteca_P\u00fablica_del_Estado_Zulia.jpg\",\"datePublished\":\"2020-07-06T15:35:15+00:00\",\"dateModified\":\"2020-07-06T15:48:44+00:00\",\"description\":\"Zulia\",\"breadcrumb\":{\"@id\":\"https:\\\/\\\/digital58.com.ve\\\/site\\\/2020\\\/07\\\/06\\\/la-biblioteca-publica-del-estado-albergara-a-pacientes-asintomaticos-de-covid-19\\\/#breadcrumb\"},\"inLanguage\":\"es\",\"potentialAction\":[{\"@type\":\"ReadAction\",\"target\":[\"https:\\\/\\\/digital58.com.ve\\\/site\\\/2020\\\/07\\\/06\\\/la-biblioteca-publica-del-estado-albergara-a-pacientes-asintomaticos-de-covid-19\\\/\"]}]},{\"@type\":\"ImageObject\",\"inLanguage\":\"es\",\"@id\":\"https:\\\/\\\/digital58.com.ve\\\/site\\\/2020\\\/07\\\/06\\\/la-biblioteca-publica-del-estado-albergara-a-pacientes-asintomaticos-de-covid-19\\\/#primaryimage\",\"url\":\"https:\\\/\\\/digital58.com.ve\\\/site\\\/wp-content\\\/uploads\\\/2020\\\/07\\\/Biblioteca_P\u00fablica_del_Estado_Zulia.jpg\",\"contentUrl\":\"https:\\\/\\\/digital58.com.ve\\\/site\\\/wp-content\\\/uploads\\\/2020\\\/07\\\/Biblioteca_P\u00fablica_del_Estado_Zulia.jpg\",\"width\":800,\"height\":502},{\"@type\":\"BreadcrumbList\",\"@id\":\"https:\\\/\\\/digital58.com.ve\\\/site\\\/2020\\\/07\\\/06\\\/la-biblioteca-publica-del-estado-albergara-a-pacientes-asintomaticos-de-covid-19\\\/#breadcrumb\",\"itemListElement\":[{\"@type\":\"ListItem\",\"position\":1,\"name\":\"Home\",\"item\":\"https:\\\/\\\/digital58.com.ve\\\/site\\\/\"},{\"@type\":\"ListItem\",\"position\":2,\"name\":\"La Biblioteca P\u00fablica del Estado albergar\u00e1 a pacientes asintom\u00e1ticos de COVID-19\"}]},{\"@type\":\"WebSite\",\"@id\":\"https:\\\/\\\/digital58.com.ve\\\/site\\\/#website\",\"url\":\"https:\\\/\\\/digital58.com.ve\\\/site\\\/\",\"name\":\"Noticias Digital58\",\"description\":\"Portal de Noticias \u00a1Periodismo web de verdad! Lanzamiento web 22.11.2005 \\\/ Maracaibo, Venezuela\",\"publisher\":{\"@id\":\"https:\\\/\\\/digital58.com.ve\\\/site\\\/#\\\/schema\\\/person\\\/64d1c2e4d0d4fd1b849980c4331c2951\"},\"alternateName\":\"ND58\",\"potentialAction\":[{\"@type\":\"SearchAction\",\"target\":{\"@type\":\"EntryPoint\",\"urlTemplate\":\"https:\\\/\\\/digital58.com.ve\\\/site\\\/?s={search_term_string}\"},\"query-input\":{\"@type\":\"PropertyValueSpecification\",\"valueRequired\":true,\"valueName\":\"search_term_string\"}}],\"inLanguage\":\"es\"},{\"@type\":[\"Person\",\"Organization\"],\"@id\":\"https:\\\/\\\/digital58.com.ve\\\/site\\\/#\\\/schema\\\/person\\\/64d1c2e4d0d4fd1b849980c4331c2951\",\"name\":\"Villasmil Henry\",\"image\":{\"@type\":\"ImageObject\",\"inLanguage\":\"es\",\"@id\":\"https:\\\/\\\/secure.gravatar.com\\\/avatar\\\/bb0c4a2fcb7970138239f7e404ea75757b1b507b28b5ce4c53fbd62d797c5a7c?s=96&d=mm&r=g\",\"url\":\"https:\\\/\\\/secure.gravatar.com\\\/avatar\\\/bb0c4a2fcb7970138239f7e404ea75757b1b507b28b5ce4c53fbd62d797c5a7c?s=96&d=mm&r=g\",\"contentUrl\":\"https:\\\/\\\/secure.gravatar.com\\\/avatar\\\/bb0c4a2fcb7970138239f7e404ea75757b1b507b28b5ce4c53fbd62d797c5a7c?s=96&d=mm&r=g\",\"caption\":\"Villasmil Henry\"},\"logo\":{\"@id\":\"https:\\\/\\\/secure.gravatar.com\\\/avatar\\\/bb0c4a2fcb7970138239f7e404ea75757b1b507b28b5ce4c53fbd62d797c5a7c?s=96&d=mm&r=g\"},\"sameAs\":[\"http:\\\/\\\/www.henryvillasmil.com.ve\",\"https:\\\/\\\/www.instagram.com\\\/villasmilhfoto\\\/\",\"https:\\\/\\\/x.com\\\/https:\\\/\\\/twitter.com\\\/villasmilhfoto\"]},{\"@type\":\"Person\",\"@id\":\"https:\\\/\\\/digital58.com.ve\\\/site\\\/#\\\/schema\\\/person\\\/9c0f3a88cb18ad2a045bf3b5d13c0a49\",\"name\":\"Chavez Castro Marian\",\"image\":{\"@type\":\"ImageObject\",\"inLanguage\":\"es\",\"@id\":\"https:\\\/\\\/secure.gravatar.com\\\/avatar\\\/f0d85074342e38d350fb5a6141afb1fb5c0ef9cb2f88442cd5535b1a7fe29dbd?s=96&d=mm&r=g\",\"url\":\"https:\\\/\\\/secure.gravatar.com\\\/avatar\\\/f0d85074342e38d350fb5a6141afb1fb5c0ef9cb2f88442cd5535b1a7fe29dbd?s=96&d=mm&r=g\",\"contentUrl\":\"https:\\\/\\\/secure.gravatar.com\\\/avatar\\\/f0d85074342e38d350fb5a6141afb1fb5c0ef9cb2f88442cd5535b1a7fe29dbd?s=96&d=mm&r=g\",\"caption\":\"Chavez Castro Marian\"},\"url\":\"https:\\\/\\\/digital58.com.ve\\\/site\\\/author\\\/mchavezcastro\\\/\"}]}<\/script>\n<!-- \/ Yoast SEO plugin. -->","yoast_head_json":{"title":"La Biblioteca P\u00fablica del Estado albergar\u00e1 a pacientes asintom\u00e1ticos de COVID-19","description":"Zulia","robots":{"index":"index","follow":"follow","max-snippet":"max-snippet:-1","max-image-preview":"max-image-preview:large","max-video-preview":"max-video-preview:-1"},"canonical":"https:\/\/digital58.com.ve\/site\/2020\/07\/06\/la-biblioteca-publica-del-estado-albergara-a-pacientes-asintomaticos-de-covid-19\/","og_locale":"es_ES","og_type":"article","og_title":"La Biblioteca P\u00fablica del Estado albergar\u00e1 a pacientes asintom\u00e1ticos de COVID-19","og_description":"Zulia","og_url":"https:\/\/digital58.com.ve\/site\/2020\/07\/06\/la-biblioteca-publica-del-estado-albergara-a-pacientes-asintomaticos-de-covid-19\/","og_site_name":"Noticias Digital58","article_published_time":"2020-07-06T15:35:15+00:00","article_modified_time":"2020-07-06T15:48:44+00:00","og_image":[{"width":1000,"height":628,"url":"https:\/\/digital58.com.ve\/site\/wp-content\/uploads\/2020\/07\/Biblioteca_P\u00fablica_del_Estado_Zulia.jpg","type":"image\/jpeg"}],"author":"Chavez Castro Marian","twitter_card":"summary_large_image","twitter_creator":"@Digital_58","twitter_site":"@villasmilhfoto","twitter_misc":{"Escrito por":"Chavez Castro Marian","Tiempo estimado de lectura":"2 minutos"},"schema":{"@context":"https:\/\/schema.org","@graph":[{"@type":"Article","@id":"https:\/\/digital58.com.ve\/site\/2020\/07\/06\/la-biblioteca-publica-del-estado-albergara-a-pacientes-asintomaticos-de-covid-19\/#article","isPartOf":{"@id":"https:\/\/digital58.com.ve\/site\/2020\/07\/06\/la-biblioteca-publica-del-estado-albergara-a-pacientes-asintomaticos-de-covid-19\/"},"author":{"name":"Chavez Castro Marian","@id":"https:\/\/digital58.com.ve\/site\/#\/schema\/person\/9c0f3a88cb18ad2a045bf3b5d13c0a49"},"headline":"La Biblioteca P\u00fablica del Estado albergar\u00e1 a pacientes asintom\u00e1ticos de COVID-19","datePublished":"2020-07-06T15:35:15+00:00","dateModified":"2020-07-06T15:48:44+00:00","mainEntityOfPage":{"@id":"https:\/\/digital58.com.ve\/site\/2020\/07\/06\/la-biblioteca-publica-del-estado-albergara-a-pacientes-asintomaticos-de-covid-19\/"},"wordCount":383,"commentCount":0,"publisher":{"@id":"https:\/\/digital58.com.ve\/site\/#\/schema\/person\/64d1c2e4d0d4fd1b849980c4331c2951"},"image":{"@id":"https:\/\/digital58.com.ve\/site\/2020\/07\/06\/la-biblioteca-publica-del-estado-albergara-a-pacientes-asintomaticos-de-covid-19\/#primaryimage"},"thumbnailUrl":"https:\/\/digital58.com.ve\/site\/wp-content\/uploads\/2020\/07\/Biblioteca_P\u00fablica_del_Estado_Zulia.jpg","keywords":["Biblioteca P\u00fablica del Estado","Coronavirus","COVID-19","Gobernador Omar Prieto","Hospital Universitario de Maracaibo","Omar Prieto","Pandemia"],"articleSection":["Zulia"],"inLanguage":"es","potentialAction":[{"@type":"CommentAction","name":"Comment","target":["https:\/\/digital58.com.ve\/site\/2020\/07\/06\/la-biblioteca-publica-del-estado-albergara-a-pacientes-asintomaticos-de-covid-19\/#respond"]}]},{"@type":"WebPage","@id":"https:\/\/digital58.com.ve\/site\/2020\/07\/06\/la-biblioteca-publica-del-estado-albergara-a-pacientes-asintomaticos-de-covid-19\/","url":"https:\/\/digital58.com.ve\/site\/2020\/07\/06\/la-biblioteca-publica-del-estado-albergara-a-pacientes-asintomaticos-de-covid-19\/","name":"La Biblioteca P\u00fablica del Estado albergar\u00e1 a pacientes asintom\u00e1ticos de COVID-19","isPartOf":{"@id":"https:\/\/digital58.com.ve\/site\/#website"},"primaryImageOfPage":{"@id":"https:\/\/digital58.com.ve\/site\/2020\/07\/06\/la-biblioteca-publica-del-estado-albergara-a-pacientes-asintomaticos-de-covid-19\/#primaryimage"},"image":{"@id":"https:\/\/digital58.com.ve\/site\/2020\/07\/06\/la-biblioteca-publica-del-estado-albergara-a-pacientes-asintomaticos-de-covid-19\/#primaryimage"},"thumbnailUrl":"https:\/\/digital58.com.ve\/site\/wp-content\/uploads\/2020\/07\/Biblioteca_P\u00fablica_del_Estado_Zulia.jpg","datePublished":"2020-07-06T15:35:15+00:00","dateModified":"2020-07-06T15:48:44+00:00","description":"Zulia","breadcrumb":{"@id":"https:\/\/digital58.com.ve\/site\/2020\/07\/06\/la-biblioteca-publica-del-estado-albergara-a-pacientes-asintomaticos-de-covid-19\/#breadcrumb"},"inLanguage":"es","potentialAction":[{"@type":"ReadAction","target":["https:\/\/digital58.com.ve\/site\/2020\/07\/06\/la-biblioteca-publica-del-estado-albergara-a-pacientes-asintomaticos-de-covid-19\/"]}]},{"@type":"ImageObject","inLanguage":"es","@id":"https:\/\/digital58.com.ve\/site\/2020\/07\/06\/la-biblioteca-publica-del-estado-albergara-a-pacientes-asintomaticos-de-covid-19\/#primaryimage","url":"https:\/\/digital58.com.ve\/site\/wp-content\/uploads\/2020\/07\/Biblioteca_P\u00fablica_del_Estado_Zulia.jpg","contentUrl":"https:\/\/digital58.com.ve\/site\/wp-content\/uploads\/2020\/07\/Biblioteca_P\u00fablica_del_Estado_Zulia.jpg","width":800,"height":502},{"@type":"BreadcrumbList","@id":"https:\/\/digital58.com.ve\/site\/2020\/07\/06\/la-biblioteca-publica-del-estado-albergara-a-pacientes-asintomaticos-de-covid-19\/#breadcrumb","itemListElement":[{"@type":"ListItem","position":1,"name":"Home","item":"https:\/\/digital58.com.ve\/site\/"},{"@type":"ListItem","position":2,"name":"La Biblioteca P\u00fablica del Estado albergar\u00e1 a pacientes asintom\u00e1ticos de COVID-19"}]},{"@type":"WebSite","@id":"https:\/\/digital58.com.ve\/site\/#website","url":"https:\/\/digital58.com.ve\/site\/","name":"Noticias Digital58","description":"Portal de Noticias \u00a1Periodismo web de verdad! Lanzamiento web 22.11.2005 \/ Maracaibo, Venezuela","publisher":{"@id":"https:\/\/digital58.com.ve\/site\/#\/schema\/person\/64d1c2e4d0d4fd1b849980c4331c2951"},"alternateName":"ND58","potentialAction":[{"@type":"SearchAction","target":{"@type":"EntryPoint","urlTemplate":"https:\/\/digital58.com.ve\/site\/?s={search_term_string}"},"query-input":{"@type":"PropertyValueSpecification","valueRequired":true,"valueName":"search_term_string"}}],"inLanguage":"es"},{"@type":["Person","Organization"],"@id":"https:\/\/digital58.com.ve\/site\/#\/schema\/person\/64d1c2e4d0d4fd1b849980c4331c2951","name":"Villasmil Henry","image":{"@type":"ImageObject","inLanguage":"es","@id":"https:\/\/secure.gravatar.com\/avatar\/bb0c4a2fcb7970138239f7e404ea75757b1b507b28b5ce4c53fbd62d797c5a7c?s=96&d=mm&r=g","url":"https:\/\/secure.gravatar.com\/avatar\/bb0c4a2fcb7970138239f7e404ea75757b1b507b28b5ce4c53fbd62d797c5a7c?s=96&d=mm&r=g","contentUrl":"https:\/\/secure.gravatar.com\/avatar\/bb0c4a2fcb7970138239f7e404ea75757b1b507b28b5ce4c53fbd62d797c5a7c?s=96&d=mm&r=g","caption":"Villasmil Henry"},"logo":{"@id":"https:\/\/secure.gravatar.com\/avatar\/bb0c4a2fcb7970138239f7e404ea75757b1b507b28b5ce4c53fbd62d797c5a7c?s=96&d=mm&r=g"},"sameAs":["http:\/\/www.henryvillasmil.com.ve","https:\/\/www.instagram.com\/villasmilhfoto\/","https:\/\/x.com\/https:\/\/twitter.com\/villasmilhfoto"]},{"@type":"Person","@id":"https:\/\/digital58.com.ve\/site\/#\/schema\/person\/9c0f3a88cb18ad2a045bf3b5d13c0a49","name":"Chavez Castro Marian","image":{"@type":"ImageObject","inLanguage":"es","@id":"https:\/\/secure.gravatar.com\/avatar\/f0d85074342e38d350fb5a6141afb1fb5c0ef9cb2f88442cd5535b1a7fe29dbd?s=96&d=mm&r=g","url":"https:\/\/secure.gravatar.com\/avatar\/f0d85074342e38d350fb5a6141afb1fb5c0ef9cb2f88442cd5535b1a7fe29dbd?s=96&d=mm&r=g","contentUrl":"https:\/\/secure.gravatar.com\/avatar\/f0d85074342e38d350fb5a6141afb1fb5c0ef9cb2f88442cd5535b1a7fe29dbd?s=96&d=mm&r=g","caption":"Chavez Castro Marian"},"url":"https:\/\/digital58.com.ve\/site\/author\/mchavezcastro\/"}]}},"uagb_featured_image_src":{"full":["https:\/\/digital58.com.ve\/site\/wp-content\/uploads\/2020\/07\/Biblioteca_P\u00fablica_del_Estado_Zulia.jpg",800,502,false],"thumbnail":["https:\/\/digital58.com.ve\/site\/wp-content\/uploads\/2020\/07\/Biblioteca_P\u00fablica_del_Estado_Zulia-150x150.jpg",150,150,true],"medium":["https:\/\/digital58.com.ve\/site\/wp-content\/uploads\/2020\/07\/Biblioteca_P\u00fablica_del_Estado_Zulia-300x188.jpg",300,188,true],"medium_large":["https:\/\/digital58.com.ve\/site\/wp-content\/uploads\/2020\/07\/Biblioteca_P\u00fablica_del_Estado_Zulia-768x482.jpg",768,482,true],"large":["https:\/\/digital58.com.ve\/site\/wp-content\/uploads\/2020\/07\/Biblioteca_P\u00fablica_del_Estado_Zulia.jpg",800,502,false],"1536x1536":["https:\/\/digital58.com.ve\/site\/wp-content\/uploads\/2020\/07\/Biblioteca_P\u00fablica_del_Estado_Zulia.jpg",800,502,false],"2048x2048":["https:\/\/digital58.com.ve\/site\/wp-content\/uploads\/2020\/07\/Biblioteca_P\u00fablica_del_Estado_Zulia.jpg",800,502,false],"colormag-highlighted-post":["https:\/\/digital58.com.ve\/site\/wp-content\/uploads\/2020\/07\/Biblioteca_P\u00fablica_del_Estado_Zulia.jpg",392,246,false],"colormag-featured-post-medium":["https:\/\/digital58.com.ve\/site\/wp-content\/uploads\/2020\/07\/Biblioteca_P\u00fablica_del_Estado_Zulia.jpg",327,205,false],"colormag-featured-post-small":["https:\/\/digital58.com.ve\/site\/wp-content\/uploads\/2020\/07\/Biblioteca_P\u00fablica_del_Estado_Zulia.jpg",130,82,false],"colormag-featured-image":["https:\/\/digital58.com.ve\/site\/wp-content\/uploads\/2020\/07\/Biblioteca_P\u00fablica_del_Estado_Zulia.jpg",709,445,false],"colormag-default-news":["https:\/\/digital58.com.ve\/site\/wp-content\/uploads\/2020\/07\/Biblioteca_P\u00fablica_del_Estado_Zulia.jpg",150,94,false],"colormag-featured-image-large":["https:\/\/digital58.com.ve\/site\/wp-content\/uploads\/2020\/07\/Biblioteca_P\u00fablica_del_Estado_Zulia.jpg",800,502,false]},"uagb_author_info":{"display_name":"Chavez Castro Marian","author_link":"https:\/\/digital58.com.ve\/site\/author\/mchavezcastro\/"},"uagb_comment_info":0,"uagb_excerpt":"\u00abEstamos batallando el foco del Mercado Las Pulgas (en Maracaibo). De no haber tomado las medidas estar\u00edamos hablando de m\u00e1s","_links":{"self":[{"href":"https:\/\/digital58.com.ve\/site\/wp-json\/wp\/v2\/posts\/111482","targetHints":{"allow":["GET"]}}],"collection":[{"href":"https:\/\/digital58.com.ve\/site\/wp-json\/wp\/v2\/posts"}],"about":[{"href":"https:\/\/digital58.com.ve\/site\/wp-json\/wp\/v2\/types\/post"}],"author":[{"embeddable":true,"href":"https:\/\/digital58.com.ve\/site\/wp-json\/wp\/v2\/users\/31"}],"replies":[{"embeddable":true,"href":"https:\/\/digital58.com.ve\/site\/wp-json\/wp\/v2\/comments?post=111482"}],"version-history":[{"count":0,"href":"https:\/\/digital58.com.ve\/site\/wp-json\/wp\/v2\/posts\/111482\/revisions"}],"wp:featuredmedia":[{"embeddable":true,"href":"https:\/\/digital58.com.ve\/site\/wp-json\/wp\/v2\/media\/111485"}],"wp:attachment":[{"href":"https:\/\/digital58.com.ve\/site\/wp-json\/wp\/v2\/media?parent=111482"}],"wp:term":[{"taxonomy":"category","embeddable":true,"href":"https:\/\/digital58.com.ve\/site\/wp-json\/wp\/v2\/categories?post=111482"},{"taxonomy":"post_tag","embeddable":true,"href":"https:\/\/digital58.com.ve\/site\/wp-json\/wp\/v2\/tags?post=111482"}],"curies":[{"name":"wp","href":"https:\/\/api.w.org\/{rel}","templated":true}]}}