{"id":111502,"date":"2020-07-06T12:08:18","date_gmt":"2020-07-06T16:08:18","guid":{"rendered":"https:\/\/digital58.com.ve\/site\/?p=111502"},"modified":"2020-07-06T12:14:48","modified_gmt":"2020-07-06T16:14:48","slug":"omar-prieto-cortes-de-luz-son-por-6-horas-y-una-vez-al-dia","status":"publish","type":"post","link":"https:\/\/digital58.com.ve\/site\/2020\/07\/06\/omar-prieto-cortes-de-luz-son-por-6-horas-y-una-vez-al-dia\/","title":{"rendered":"Omar Prieto: Cortes de luz son por 6 horas y una vez al d\u00eda"},"content":{"rendered":"<p><img loading=\"lazy\" decoding=\"async\" class=\"alignnone size-full wp-image-111505\" src=\"https:\/\/digital58.com.ve\/site\/wp-content\/uploads\/2020\/07\/Maracaibo-sin-luz-.jpg\" alt=\"\" width=\"800\" height=\"451\" srcset=\"https:\/\/digital58.com.ve\/site\/wp-content\/uploads\/2020\/07\/Maracaibo-sin-luz-.jpg 800w, https:\/\/digital58.com.ve\/site\/wp-content\/uploads\/2020\/07\/Maracaibo-sin-luz--300x169.jpg 300w, https:\/\/digital58.com.ve\/site\/wp-content\/uploads\/2020\/07\/Maracaibo-sin-luz--768x433.jpg 768w\" sizes=\"auto, (max-width: 800px) 100vw, 800px\" \/><\/p>\n<p><strong>Maracaibo, Venezuela, 6 de julio de 2020 (ND58). <\/strong>El Gobernador del Zulia, Omar Prieto, se pronunci\u00f3 sobre los cortes el\u00e9ctricos en la entidad y detall\u00f3 que son de seis horas y solo una vez al d\u00eda, debido al incremento del consumo. La informaci\u00f3n la aport\u00f3 este lunes en rueda de prensa.<\/p>\n<p>\u00abLa administraci\u00f3n de carga el\u00e9ctrica en este momento es de 6 horas una vez al d\u00eda rotando los circuitos. La demanda subi\u00f3 de 1.700 MW a 2.070 MW producto del aumento de las temperaturas que a su vez incrementa el consumo principalmente de aires acondicionados\u00bb, explic\u00f3 la autoridad.<\/p>\n<p>Hay que acotar, que el Zulia es la zona m\u00e1s calurosa del pa\u00eds. Para este lunes, Maracaibo registr\u00f3 un temperatura de 33\u00b0C, con una sensaci\u00f3n t\u00e9rmica de 37\u00b0C y un \u00edndice de UV extremo seg\u00fan el portal The Weather Channel<\/p>\n<p>Los habitantes del estado se han quejado ante los constantes, prolongados e irregulares cortes de energ\u00eda, que afectan su actividad diaria, especialmente durante la cuarentena estricta a la que est\u00e1n sometida Maracaibo y San Francisco.<\/p>\n<p>&nbsp;<\/p><div class=\"gcvcv69efe8415b4aa\" ><p style=\"text-align: center;\"><a href=\"https:\/\/t.me\/noticiasdigital58\" target=\"_blank\" rel=\"noopener\"><img class=\"aligncenter size-full wp-image-125363\" src=\"https:\/\/digital58.com.ve\/site\/wp-content\/uploads\/2021\/04\/banner-telegram-web-2021.png\" alt=\"\" width=\"600\" height=\"90\" \/><\/a><\/p><\/div><style type=\"text\/css\">\r\n@media screen and (min-width: 1201px) {\r\n.gcvcv69efe8415b4aa {\r\ndisplay: block;\r\n}\r\n}\r\n@media screen and (min-width: 993px) and (max-width: 1200px) {\r\n.gcvcv69efe8415b4aa {\r\ndisplay: block;\r\n}\r\n}\r\n@media screen and (min-width: 769px) and (max-width: 992px) {\r\n.gcvcv69efe8415b4aa {\r\ndisplay: block;\r\n}\r\n}\r\n@media screen and (min-width: 768px) and (max-width: 768px) {\r\n.gcvcv69efe8415b4aa {\r\ndisplay: block;\r\n}\r\n}\r\n@media screen and (max-width: 767px) {\r\n.gcvcv69efe8415b4aa {\r\ndisplay: block;\r\n}\r\n}\r\n<\/style>\r\n\n<p><strong>Redacci\u00f3n: Ch\u00e1vez, Marian (<a href=\"https:\/\/web.telegram.org\/#\/im?p=%40Marianchavez27\">@Marianchavez27<\/a>)<\/strong><br \/>\n<strong>Edici\u00f3n: Villasmil, Henry<\/strong><br \/>\n<strong>Gr\u00e1fica: Archivo\u00a0<\/strong><\/p>\n<div style=\"margin-top: 0px; margin-bottom: 0px;\" class=\"sharethis-inline-share-buttons\" ><\/div>","protected":false},"excerpt":{"rendered":"<p>Maracaibo, Venezuela, 6 de julio de 2020 (ND58). El Gobernador del Zulia, Omar Prieto, se pronunci\u00f3 sobre los cortes el\u00e9ctricos<\/p>\n","protected":false},"author":31,"featured_media":111505,"comment_status":"open","ping_status":"closed","sticky":false,"template":"","format":"standard","meta":{"colormag_page_container_layout":"default_layout","colormag_page_sidebar_layout":"default_layout","_uag_custom_page_level_css":"","footnotes":""},"categories":[14504],"tags":[17030,14882,15131,73,14445,13790,761],"class_list":["post-111502","post","type-post","status-publish","format-standard","has-post-thumbnail","hentry","category-zulia","tag-administracion-de-carga-electrica","tag-cortes-electricos","tag-gobernador-omar-prieto","tag-maracaibo","tag-racionamiento-electrico","tag-sin-luz","tag-zulia"],"yoast_head":"<!-- This site is optimized with the Yoast SEO plugin v27.4 - https:\/\/yoast.com\/product\/yoast-seo-wordpress\/ -->\n<title>Omar Prieto: Cortes de luz son por 6 horas y una vez al d\u00eda<\/title>\n<meta name=\"description\" content=\"Zulia\" \/>\n<meta name=\"robots\" content=\"index, follow, max-snippet:-1, max-image-preview:large, max-video-preview:-1\" \/>\n<link rel=\"canonical\" href=\"https:\/\/digital58.com.ve\/site\/2020\/07\/06\/omar-prieto-cortes-de-luz-son-por-6-horas-y-una-vez-al-dia\/\" \/>\n<meta property=\"og:locale\" content=\"es_ES\" \/>\n<meta property=\"og:type\" content=\"article\" \/>\n<meta property=\"og:title\" content=\"Omar Prieto: Cortes de luz son por 6 horas y una vez al d\u00eda\" \/>\n<meta property=\"og:description\" content=\"Zulia\" \/>\n<meta property=\"og:url\" content=\"https:\/\/digital58.com.ve\/site\/2020\/07\/06\/omar-prieto-cortes-de-luz-son-por-6-horas-y-una-vez-al-dia\/\" \/>\n<meta property=\"og:site_name\" content=\"Noticias Digital58\" \/>\n<meta property=\"article:published_time\" content=\"2020-07-06T16:08:18+00:00\" \/>\n<meta property=\"article:modified_time\" content=\"2020-07-06T16:14:48+00:00\" \/>\n<meta property=\"og:image\" content=\"https:\/\/digital58.com.ve\/site\/wp-content\/uploads\/2020\/07\/Maracaibo-sin-luz-.jpg\" \/>\n\t<meta property=\"og:image:width\" content=\"800\" \/>\n\t<meta property=\"og:image:height\" content=\"451\" \/>\n\t<meta property=\"og:image:type\" content=\"image\/jpeg\" \/>\n<meta name=\"author\" content=\"Chavez Castro Marian\" \/>\n<meta name=\"twitter:card\" content=\"summary_large_image\" \/>\n<meta name=\"twitter:creator\" content=\"@Digital_58\" \/>\n<meta name=\"twitter:site\" content=\"@villasmilhfoto\" \/>\n<meta name=\"twitter:label1\" content=\"Escrito por\" \/>\n\t<meta name=\"twitter:data1\" content=\"Chavez Castro Marian\" \/>\n\t<meta name=\"twitter:label2\" content=\"Tiempo estimado de lectura\" \/>\n\t<meta name=\"twitter:data2\" content=\"1 minuto\" \/>\n<script type=\"application\/ld+json\" class=\"yoast-schema-graph\">{\"@context\":\"https:\\\/\\\/schema.org\",\"@graph\":[{\"@type\":\"Article\",\"@id\":\"https:\\\/\\\/digital58.com.ve\\\/site\\\/2020\\\/07\\\/06\\\/omar-prieto-cortes-de-luz-son-por-6-horas-y-una-vez-al-dia\\\/#article\",\"isPartOf\":{\"@id\":\"https:\\\/\\\/digital58.com.ve\\\/site\\\/2020\\\/07\\\/06\\\/omar-prieto-cortes-de-luz-son-por-6-horas-y-una-vez-al-dia\\\/\"},\"author\":{\"name\":\"Chavez Castro Marian\",\"@id\":\"https:\\\/\\\/digital58.com.ve\\\/site\\\/#\\\/schema\\\/person\\\/9c0f3a88cb18ad2a045bf3b5d13c0a49\"},\"headline\":\"Omar Prieto: Cortes de luz son por 6 horas y una vez al d\u00eda\",\"datePublished\":\"2020-07-06T16:08:18+00:00\",\"dateModified\":\"2020-07-06T16:14:48+00:00\",\"mainEntityOfPage\":{\"@id\":\"https:\\\/\\\/digital58.com.ve\\\/site\\\/2020\\\/07\\\/06\\\/omar-prieto-cortes-de-luz-son-por-6-horas-y-una-vez-al-dia\\\/\"},\"wordCount\":210,\"commentCount\":0,\"publisher\":{\"@id\":\"https:\\\/\\\/digital58.com.ve\\\/site\\\/#\\\/schema\\\/person\\\/64d1c2e4d0d4fd1b849980c4331c2951\"},\"image\":{\"@id\":\"https:\\\/\\\/digital58.com.ve\\\/site\\\/2020\\\/07\\\/06\\\/omar-prieto-cortes-de-luz-son-por-6-horas-y-una-vez-al-dia\\\/#primaryimage\"},\"thumbnailUrl\":\"https:\\\/\\\/digital58.com.ve\\\/site\\\/wp-content\\\/uploads\\\/2020\\\/07\\\/Maracaibo-sin-luz-.jpg\",\"keywords\":[\"administraci\u00f3n de carga el\u00e9ctrica\",\"Cortes el\u00e9ctricos\",\"Gobernador Omar Prieto\",\"Maracaibo\",\"Racionamiento El\u00e9ctrico\",\"Sin Luz\",\"Zulia\"],\"articleSection\":[\"Zulia\"],\"inLanguage\":\"es\",\"potentialAction\":[{\"@type\":\"CommentAction\",\"name\":\"Comment\",\"target\":[\"https:\\\/\\\/digital58.com.ve\\\/site\\\/2020\\\/07\\\/06\\\/omar-prieto-cortes-de-luz-son-por-6-horas-y-una-vez-al-dia\\\/#respond\"]}]},{\"@type\":\"WebPage\",\"@id\":\"https:\\\/\\\/digital58.com.ve\\\/site\\\/2020\\\/07\\\/06\\\/omar-prieto-cortes-de-luz-son-por-6-horas-y-una-vez-al-dia\\\/\",\"url\":\"https:\\\/\\\/digital58.com.ve\\\/site\\\/2020\\\/07\\\/06\\\/omar-prieto-cortes-de-luz-son-por-6-horas-y-una-vez-al-dia\\\/\",\"name\":\"Omar Prieto: Cortes de luz son por 6 horas y una vez al d\u00eda\",\"isPartOf\":{\"@id\":\"https:\\\/\\\/digital58.com.ve\\\/site\\\/#website\"},\"primaryImageOfPage\":{\"@id\":\"https:\\\/\\\/digital58.com.ve\\\/site\\\/2020\\\/07\\\/06\\\/omar-prieto-cortes-de-luz-son-por-6-horas-y-una-vez-al-dia\\\/#primaryimage\"},\"image\":{\"@id\":\"https:\\\/\\\/digital58.com.ve\\\/site\\\/2020\\\/07\\\/06\\\/omar-prieto-cortes-de-luz-son-por-6-horas-y-una-vez-al-dia\\\/#primaryimage\"},\"thumbnailUrl\":\"https:\\\/\\\/digital58.com.ve\\\/site\\\/wp-content\\\/uploads\\\/2020\\\/07\\\/Maracaibo-sin-luz-.jpg\",\"datePublished\":\"2020-07-06T16:08:18+00:00\",\"dateModified\":\"2020-07-06T16:14:48+00:00\",\"description\":\"Zulia\",\"breadcrumb\":{\"@id\":\"https:\\\/\\\/digital58.com.ve\\\/site\\\/2020\\\/07\\\/06\\\/omar-prieto-cortes-de-luz-son-por-6-horas-y-una-vez-al-dia\\\/#breadcrumb\"},\"inLanguage\":\"es\",\"potentialAction\":[{\"@type\":\"ReadAction\",\"target\":[\"https:\\\/\\\/digital58.com.ve\\\/site\\\/2020\\\/07\\\/06\\\/omar-prieto-cortes-de-luz-son-por-6-horas-y-una-vez-al-dia\\\/\"]}]},{\"@type\":\"ImageObject\",\"inLanguage\":\"es\",\"@id\":\"https:\\\/\\\/digital58.com.ve\\\/site\\\/2020\\\/07\\\/06\\\/omar-prieto-cortes-de-luz-son-por-6-horas-y-una-vez-al-dia\\\/#primaryimage\",\"url\":\"https:\\\/\\\/digital58.com.ve\\\/site\\\/wp-content\\\/uploads\\\/2020\\\/07\\\/Maracaibo-sin-luz-.jpg\",\"contentUrl\":\"https:\\\/\\\/digital58.com.ve\\\/site\\\/wp-content\\\/uploads\\\/2020\\\/07\\\/Maracaibo-sin-luz-.jpg\",\"width\":800,\"height\":451},{\"@type\":\"BreadcrumbList\",\"@id\":\"https:\\\/\\\/digital58.com.ve\\\/site\\\/2020\\\/07\\\/06\\\/omar-prieto-cortes-de-luz-son-por-6-horas-y-una-vez-al-dia\\\/#breadcrumb\",\"itemListElement\":[{\"@type\":\"ListItem\",\"position\":1,\"name\":\"Home\",\"item\":\"https:\\\/\\\/digital58.com.ve\\\/site\\\/\"},{\"@type\":\"ListItem\",\"position\":2,\"name\":\"Omar Prieto: Cortes de luz son por 6 horas y una vez al d\u00eda\"}]},{\"@type\":\"WebSite\",\"@id\":\"https:\\\/\\\/digital58.com.ve\\\/site\\\/#website\",\"url\":\"https:\\\/\\\/digital58.com.ve\\\/site\\\/\",\"name\":\"Noticias Digital58\",\"description\":\"Portal de Noticias \u00a1Periodismo web de verdad! Lanzamiento web 22.11.2005 \\\/ Maracaibo, Venezuela\",\"publisher\":{\"@id\":\"https:\\\/\\\/digital58.com.ve\\\/site\\\/#\\\/schema\\\/person\\\/64d1c2e4d0d4fd1b849980c4331c2951\"},\"alternateName\":\"ND58\",\"potentialAction\":[{\"@type\":\"SearchAction\",\"target\":{\"@type\":\"EntryPoint\",\"urlTemplate\":\"https:\\\/\\\/digital58.com.ve\\\/site\\\/?s={search_term_string}\"},\"query-input\":{\"@type\":\"PropertyValueSpecification\",\"valueRequired\":true,\"valueName\":\"search_term_string\"}}],\"inLanguage\":\"es\"},{\"@type\":[\"Person\",\"Organization\"],\"@id\":\"https:\\\/\\\/digital58.com.ve\\\/site\\\/#\\\/schema\\\/person\\\/64d1c2e4d0d4fd1b849980c4331c2951\",\"name\":\"Villasmil Henry\",\"image\":{\"@type\":\"ImageObject\",\"inLanguage\":\"es\",\"@id\":\"https:\\\/\\\/secure.gravatar.com\\\/avatar\\\/bb0c4a2fcb7970138239f7e404ea75757b1b507b28b5ce4c53fbd62d797c5a7c?s=96&d=mm&r=g\",\"url\":\"https:\\\/\\\/secure.gravatar.com\\\/avatar\\\/bb0c4a2fcb7970138239f7e404ea75757b1b507b28b5ce4c53fbd62d797c5a7c?s=96&d=mm&r=g\",\"contentUrl\":\"https:\\\/\\\/secure.gravatar.com\\\/avatar\\\/bb0c4a2fcb7970138239f7e404ea75757b1b507b28b5ce4c53fbd62d797c5a7c?s=96&d=mm&r=g\",\"caption\":\"Villasmil Henry\"},\"logo\":{\"@id\":\"https:\\\/\\\/secure.gravatar.com\\\/avatar\\\/bb0c4a2fcb7970138239f7e404ea75757b1b507b28b5ce4c53fbd62d797c5a7c?s=96&d=mm&r=g\"},\"sameAs\":[\"http:\\\/\\\/www.henryvillasmil.com.ve\",\"https:\\\/\\\/www.instagram.com\\\/villasmilhfoto\\\/\",\"https:\\\/\\\/x.com\\\/https:\\\/\\\/twitter.com\\\/villasmilhfoto\"]},{\"@type\":\"Person\",\"@id\":\"https:\\\/\\\/digital58.com.ve\\\/site\\\/#\\\/schema\\\/person\\\/9c0f3a88cb18ad2a045bf3b5d13c0a49\",\"name\":\"Chavez Castro Marian\",\"image\":{\"@type\":\"ImageObject\",\"inLanguage\":\"es\",\"@id\":\"https:\\\/\\\/secure.gravatar.com\\\/avatar\\\/f0d85074342e38d350fb5a6141afb1fb5c0ef9cb2f88442cd5535b1a7fe29dbd?s=96&d=mm&r=g\",\"url\":\"https:\\\/\\\/secure.gravatar.com\\\/avatar\\\/f0d85074342e38d350fb5a6141afb1fb5c0ef9cb2f88442cd5535b1a7fe29dbd?s=96&d=mm&r=g\",\"contentUrl\":\"https:\\\/\\\/secure.gravatar.com\\\/avatar\\\/f0d85074342e38d350fb5a6141afb1fb5c0ef9cb2f88442cd5535b1a7fe29dbd?s=96&d=mm&r=g\",\"caption\":\"Chavez Castro Marian\"},\"url\":\"https:\\\/\\\/digital58.com.ve\\\/site\\\/author\\\/mchavezcastro\\\/\"}]}<\/script>\n<!-- \/ Yoast SEO plugin. -->","yoast_head_json":{"title":"Omar Prieto: Cortes de luz son por 6 horas y una vez al d\u00eda","description":"Zulia","robots":{"index":"index","follow":"follow","max-snippet":"max-snippet:-1","max-image-preview":"max-image-preview:large","max-video-preview":"max-video-preview:-1"},"canonical":"https:\/\/digital58.com.ve\/site\/2020\/07\/06\/omar-prieto-cortes-de-luz-son-por-6-horas-y-una-vez-al-dia\/","og_locale":"es_ES","og_type":"article","og_title":"Omar Prieto: Cortes de luz son por 6 horas y una vez al d\u00eda","og_description":"Zulia","og_url":"https:\/\/digital58.com.ve\/site\/2020\/07\/06\/omar-prieto-cortes-de-luz-son-por-6-horas-y-una-vez-al-dia\/","og_site_name":"Noticias Digital58","article_published_time":"2020-07-06T16:08:18+00:00","article_modified_time":"2020-07-06T16:14:48+00:00","og_image":[{"width":800,"height":451,"url":"https:\/\/digital58.com.ve\/site\/wp-content\/uploads\/2020\/07\/Maracaibo-sin-luz-.jpg","type":"image\/jpeg"}],"author":"Chavez Castro Marian","twitter_card":"summary_large_image","twitter_creator":"@Digital_58","twitter_site":"@villasmilhfoto","twitter_misc":{"Escrito por":"Chavez Castro Marian","Tiempo estimado de lectura":"1 minuto"},"schema":{"@context":"https:\/\/schema.org","@graph":[{"@type":"Article","@id":"https:\/\/digital58.com.ve\/site\/2020\/07\/06\/omar-prieto-cortes-de-luz-son-por-6-horas-y-una-vez-al-dia\/#article","isPartOf":{"@id":"https:\/\/digital58.com.ve\/site\/2020\/07\/06\/omar-prieto-cortes-de-luz-son-por-6-horas-y-una-vez-al-dia\/"},"author":{"name":"Chavez Castro Marian","@id":"https:\/\/digital58.com.ve\/site\/#\/schema\/person\/9c0f3a88cb18ad2a045bf3b5d13c0a49"},"headline":"Omar Prieto: Cortes de luz son por 6 horas y una vez al d\u00eda","datePublished":"2020-07-06T16:08:18+00:00","dateModified":"2020-07-06T16:14:48+00:00","mainEntityOfPage":{"@id":"https:\/\/digital58.com.ve\/site\/2020\/07\/06\/omar-prieto-cortes-de-luz-son-por-6-horas-y-una-vez-al-dia\/"},"wordCount":210,"commentCount":0,"publisher":{"@id":"https:\/\/digital58.com.ve\/site\/#\/schema\/person\/64d1c2e4d0d4fd1b849980c4331c2951"},"image":{"@id":"https:\/\/digital58.com.ve\/site\/2020\/07\/06\/omar-prieto-cortes-de-luz-son-por-6-horas-y-una-vez-al-dia\/#primaryimage"},"thumbnailUrl":"https:\/\/digital58.com.ve\/site\/wp-content\/uploads\/2020\/07\/Maracaibo-sin-luz-.jpg","keywords":["administraci\u00f3n de carga el\u00e9ctrica","Cortes el\u00e9ctricos","Gobernador Omar Prieto","Maracaibo","Racionamiento El\u00e9ctrico","Sin Luz","Zulia"],"articleSection":["Zulia"],"inLanguage":"es","potentialAction":[{"@type":"CommentAction","name":"Comment","target":["https:\/\/digital58.com.ve\/site\/2020\/07\/06\/omar-prieto-cortes-de-luz-son-por-6-horas-y-una-vez-al-dia\/#respond"]}]},{"@type":"WebPage","@id":"https:\/\/digital58.com.ve\/site\/2020\/07\/06\/omar-prieto-cortes-de-luz-son-por-6-horas-y-una-vez-al-dia\/","url":"https:\/\/digital58.com.ve\/site\/2020\/07\/06\/omar-prieto-cortes-de-luz-son-por-6-horas-y-una-vez-al-dia\/","name":"Omar Prieto: Cortes de luz son por 6 horas y una vez al d\u00eda","isPartOf":{"@id":"https:\/\/digital58.com.ve\/site\/#website"},"primaryImageOfPage":{"@id":"https:\/\/digital58.com.ve\/site\/2020\/07\/06\/omar-prieto-cortes-de-luz-son-por-6-horas-y-una-vez-al-dia\/#primaryimage"},"image":{"@id":"https:\/\/digital58.com.ve\/site\/2020\/07\/06\/omar-prieto-cortes-de-luz-son-por-6-horas-y-una-vez-al-dia\/#primaryimage"},"thumbnailUrl":"https:\/\/digital58.com.ve\/site\/wp-content\/uploads\/2020\/07\/Maracaibo-sin-luz-.jpg","datePublished":"2020-07-06T16:08:18+00:00","dateModified":"2020-07-06T16:14:48+00:00","description":"Zulia","breadcrumb":{"@id":"https:\/\/digital58.com.ve\/site\/2020\/07\/06\/omar-prieto-cortes-de-luz-son-por-6-horas-y-una-vez-al-dia\/#breadcrumb"},"inLanguage":"es","potentialAction":[{"@type":"ReadAction","target":["https:\/\/digital58.com.ve\/site\/2020\/07\/06\/omar-prieto-cortes-de-luz-son-por-6-horas-y-una-vez-al-dia\/"]}]},{"@type":"ImageObject","inLanguage":"es","@id":"https:\/\/digital58.com.ve\/site\/2020\/07\/06\/omar-prieto-cortes-de-luz-son-por-6-horas-y-una-vez-al-dia\/#primaryimage","url":"https:\/\/digital58.com.ve\/site\/wp-content\/uploads\/2020\/07\/Maracaibo-sin-luz-.jpg","contentUrl":"https:\/\/digital58.com.ve\/site\/wp-content\/uploads\/2020\/07\/Maracaibo-sin-luz-.jpg","width":800,"height":451},{"@type":"BreadcrumbList","@id":"https:\/\/digital58.com.ve\/site\/2020\/07\/06\/omar-prieto-cortes-de-luz-son-por-6-horas-y-una-vez-al-dia\/#breadcrumb","itemListElement":[{"@type":"ListItem","position":1,"name":"Home","item":"https:\/\/digital58.com.ve\/site\/"},{"@type":"ListItem","position":2,"name":"Omar Prieto: Cortes de luz son por 6 horas y una vez al d\u00eda"}]},{"@type":"WebSite","@id":"https:\/\/digital58.com.ve\/site\/#website","url":"https:\/\/digital58.com.ve\/site\/","name":"Noticias Digital58","description":"Portal de Noticias \u00a1Periodismo web de verdad! Lanzamiento web 22.11.2005 \/ Maracaibo, Venezuela","publisher":{"@id":"https:\/\/digital58.com.ve\/site\/#\/schema\/person\/64d1c2e4d0d4fd1b849980c4331c2951"},"alternateName":"ND58","potentialAction":[{"@type":"SearchAction","target":{"@type":"EntryPoint","urlTemplate":"https:\/\/digital58.com.ve\/site\/?s={search_term_string}"},"query-input":{"@type":"PropertyValueSpecification","valueRequired":true,"valueName":"search_term_string"}}],"inLanguage":"es"},{"@type":["Person","Organization"],"@id":"https:\/\/digital58.com.ve\/site\/#\/schema\/person\/64d1c2e4d0d4fd1b849980c4331c2951","name":"Villasmil Henry","image":{"@type":"ImageObject","inLanguage":"es","@id":"https:\/\/secure.gravatar.com\/avatar\/bb0c4a2fcb7970138239f7e404ea75757b1b507b28b5ce4c53fbd62d797c5a7c?s=96&d=mm&r=g","url":"https:\/\/secure.gravatar.com\/avatar\/bb0c4a2fcb7970138239f7e404ea75757b1b507b28b5ce4c53fbd62d797c5a7c?s=96&d=mm&r=g","contentUrl":"https:\/\/secure.gravatar.com\/avatar\/bb0c4a2fcb7970138239f7e404ea75757b1b507b28b5ce4c53fbd62d797c5a7c?s=96&d=mm&r=g","caption":"Villasmil Henry"},"logo":{"@id":"https:\/\/secure.gravatar.com\/avatar\/bb0c4a2fcb7970138239f7e404ea75757b1b507b28b5ce4c53fbd62d797c5a7c?s=96&d=mm&r=g"},"sameAs":["http:\/\/www.henryvillasmil.com.ve","https:\/\/www.instagram.com\/villasmilhfoto\/","https:\/\/x.com\/https:\/\/twitter.com\/villasmilhfoto"]},{"@type":"Person","@id":"https:\/\/digital58.com.ve\/site\/#\/schema\/person\/9c0f3a88cb18ad2a045bf3b5d13c0a49","name":"Chavez Castro Marian","image":{"@type":"ImageObject","inLanguage":"es","@id":"https:\/\/secure.gravatar.com\/avatar\/f0d85074342e38d350fb5a6141afb1fb5c0ef9cb2f88442cd5535b1a7fe29dbd?s=96&d=mm&r=g","url":"https:\/\/secure.gravatar.com\/avatar\/f0d85074342e38d350fb5a6141afb1fb5c0ef9cb2f88442cd5535b1a7fe29dbd?s=96&d=mm&r=g","contentUrl":"https:\/\/secure.gravatar.com\/avatar\/f0d85074342e38d350fb5a6141afb1fb5c0ef9cb2f88442cd5535b1a7fe29dbd?s=96&d=mm&r=g","caption":"Chavez Castro Marian"},"url":"https:\/\/digital58.com.ve\/site\/author\/mchavezcastro\/"}]}},"uagb_featured_image_src":{"full":["https:\/\/digital58.com.ve\/site\/wp-content\/uploads\/2020\/07\/Maracaibo-sin-luz-.jpg",800,451,false],"thumbnail":["https:\/\/digital58.com.ve\/site\/wp-content\/uploads\/2020\/07\/Maracaibo-sin-luz--150x150.jpg",150,150,true],"medium":["https:\/\/digital58.com.ve\/site\/wp-content\/uploads\/2020\/07\/Maracaibo-sin-luz--300x169.jpg",300,169,true],"medium_large":["https:\/\/digital58.com.ve\/site\/wp-content\/uploads\/2020\/07\/Maracaibo-sin-luz--768x433.jpg",768,433,true],"large":["https:\/\/digital58.com.ve\/site\/wp-content\/uploads\/2020\/07\/Maracaibo-sin-luz-.jpg",800,451,false],"1536x1536":["https:\/\/digital58.com.ve\/site\/wp-content\/uploads\/2020\/07\/Maracaibo-sin-luz-.jpg",800,451,false],"2048x2048":["https:\/\/digital58.com.ve\/site\/wp-content\/uploads\/2020\/07\/Maracaibo-sin-luz-.jpg",800,451,false],"colormag-highlighted-post":["https:\/\/digital58.com.ve\/site\/wp-content\/uploads\/2020\/07\/Maracaibo-sin-luz-.jpg",392,221,false],"colormag-featured-post-medium":["https:\/\/digital58.com.ve\/site\/wp-content\/uploads\/2020\/07\/Maracaibo-sin-luz-.jpg",364,205,false],"colormag-featured-post-small":["https:\/\/digital58.com.ve\/site\/wp-content\/uploads\/2020\/07\/Maracaibo-sin-luz-.jpg",130,73,false],"colormag-featured-image":["https:\/\/digital58.com.ve\/site\/wp-content\/uploads\/2020\/07\/Maracaibo-sin-luz-.jpg",789,445,false],"colormag-default-news":["https:\/\/digital58.com.ve\/site\/wp-content\/uploads\/2020\/07\/Maracaibo-sin-luz-.jpg",150,85,false],"colormag-featured-image-large":["https:\/\/digital58.com.ve\/site\/wp-content\/uploads\/2020\/07\/Maracaibo-sin-luz-.jpg",800,451,false]},"uagb_author_info":{"display_name":"Chavez Castro Marian","author_link":"https:\/\/digital58.com.ve\/site\/author\/mchavezcastro\/"},"uagb_comment_info":0,"uagb_excerpt":"Maracaibo, Venezuela, 6 de julio de 2020 (ND58). El Gobernador del Zulia, Omar Prieto, se pronunci\u00f3 sobre los cortes el\u00e9ctricos","_links":{"self":[{"href":"https:\/\/digital58.com.ve\/site\/wp-json\/wp\/v2\/posts\/111502","targetHints":{"allow":["GET"]}}],"collection":[{"href":"https:\/\/digital58.com.ve\/site\/wp-json\/wp\/v2\/posts"}],"about":[{"href":"https:\/\/digital58.com.ve\/site\/wp-json\/wp\/v2\/types\/post"}],"author":[{"embeddable":true,"href":"https:\/\/digital58.com.ve\/site\/wp-json\/wp\/v2\/users\/31"}],"replies":[{"embeddable":true,"href":"https:\/\/digital58.com.ve\/site\/wp-json\/wp\/v2\/comments?post=111502"}],"version-history":[{"count":0,"href":"https:\/\/digital58.com.ve\/site\/wp-json\/wp\/v2\/posts\/111502\/revisions"}],"wp:featuredmedia":[{"embeddable":true,"href":"https:\/\/digital58.com.ve\/site\/wp-json\/wp\/v2\/media\/111505"}],"wp:attachment":[{"href":"https:\/\/digital58.com.ve\/site\/wp-json\/wp\/v2\/media?parent=111502"}],"wp:term":[{"taxonomy":"category","embeddable":true,"href":"https:\/\/digital58.com.ve\/site\/wp-json\/wp\/v2\/categories?post=111502"},{"taxonomy":"post_tag","embeddable":true,"href":"https:\/\/digital58.com.ve\/site\/wp-json\/wp\/v2\/tags?post=111502"}],"curies":[{"name":"wp","href":"https:\/\/api.w.org\/{rel}","templated":true}]}}