{"id":111632,"date":"2020-07-06T18:20:13","date_gmt":"2020-07-06T22:20:13","guid":{"rendered":"https:\/\/digital58.com.ve\/site\/?p=111632"},"modified":"2020-07-06T18:20:13","modified_gmt":"2020-07-06T22:20:13","slug":"al-menos-siete-muertos-al-incendiarse-camion-cisterna-en-norte-de-colombia","status":"publish","type":"post","link":"https:\/\/digital58.com.ve\/site\/2020\/07\/06\/al-menos-siete-muertos-al-incendiarse-camion-cisterna-en-norte-de-colombia\/","title":{"rendered":"Al menos siete muertos al incendiarse cami\u00f3n cisterna en norte de Colombia"},"content":{"rendered":"<p><a href=\"https:\/\/digital58.com.ve\/site\/wp-content\/uploads\/2020\/07\/camion-cisterna.jpg\"><img loading=\"lazy\" decoding=\"async\" class=\"aligncenter size-full wp-image-111648\" src=\"https:\/\/digital58.com.ve\/site\/wp-content\/uploads\/2020\/07\/camion-cisterna.jpg\" alt=\"\" width=\"900\" height=\"600\" srcset=\"https:\/\/digital58.com.ve\/site\/wp-content\/uploads\/2020\/07\/camion-cisterna.jpg 800w, https:\/\/digital58.com.ve\/site\/wp-content\/uploads\/2020\/07\/camion-cisterna-300x200.jpg 300w, https:\/\/digital58.com.ve\/site\/wp-content\/uploads\/2020\/07\/camion-cisterna-768x512.jpg 768w, https:\/\/digital58.com.ve\/site\/wp-content\/uploads\/2020\/07\/camion-cisterna-720x480.jpg 720w, https:\/\/digital58.com.ve\/site\/wp-content\/uploads\/2020\/07\/camion-cisterna-480x320.jpg 480w\" sizes=\"auto, (max-width: 900px) 100vw, 900px\" \/><\/a><\/p>\n<p>Al parecer la tragedia se origin\u00f3 cuando los pobladores del sector donde se volc\u00f3 la unidad de transporte de hidrocarburos, aprovech\u00e1ndose del accidente, intentaba tomar el combustible.<\/p>\n<p><strong>Barranquilla, Colombia, 6 de julio de 2020 (ND58).-<\/strong> Al menos 7 muertos y 40 lesionados dej\u00f3 este lunes el incendio de un cami\u00f3n cisterna cargado de gasolina que se volc\u00f3 en la carretera entre las ciudades colombianas de Barranquilla y Santa Marta, informaron las autoridades.<\/p>\n<p>El incendio se produjo a la altura de la localidad de Puebloviejo, en el departamento caribe\u00f1o del Magdalena, cuando habitantes de la regi\u00f3n estaban aglomerados alrededor del cami\u00f3n cisterna, al parecer para recoger combustible del veh\u00edculo accidentado.<\/p>\n<p>\u00abLamentablemente se informa que al menos siete personas murieron calcinadas y otras cuarentena sufrieron quemaduras de consideraci\u00f3n\u00bb, manifest\u00f3 en un comunicado la concesionaria Ruta del Sol II, responsable de la operaci\u00f3n de la carretera en donde ocurri\u00f3 el accidente.<\/p>\n<p>El alcalde de Pueblo Viejo, Fabi\u00e1n David Ospino, dijo en redes sociales que \u00abpor lo menos hay siete personas calcinadas en este accidente tr\u00e1gico\u00bb y a\u00f1adi\u00f3 que la cifra de heridos puede llegar a 50.<\/p>\n<p>El director de la Oficina de Gesti\u00f3n del Riesgo del Magdalena, Javier Pava, declar\u00f3 a Efe que debido a la gravedad de las quemaduras, 17 de los heridos fueron trasladados a hospitales de Santa Marta, Barranquilla y Valledupar.<\/p>\n<p><a href=\"https:\/\/digital58.com.ve\/site\/wp-content\/uploads\/2020\/07\/quemado-colombia.jpg\"><img loading=\"lazy\" decoding=\"async\" class=\"aligncenter size-full wp-image-111649\" src=\"https:\/\/digital58.com.ve\/site\/wp-content\/uploads\/2020\/07\/quemado-colombia.jpg\" alt=\"\" width=\"900\" height=\"559\" srcset=\"https:\/\/digital58.com.ve\/site\/wp-content\/uploads\/2020\/07\/quemado-colombia.jpg 800w, https:\/\/digital58.com.ve\/site\/wp-content\/uploads\/2020\/07\/quemado-colombia-300x186.jpg 300w, https:\/\/digital58.com.ve\/site\/wp-content\/uploads\/2020\/07\/quemado-colombia-768x477.jpg 768w\" sizes=\"auto, (max-width: 900px) 100vw, 900px\" \/><\/a><\/p>\n<p>\u00abHasta el momento se han hecho esas remisiones, pero seguimos en la evaluaci\u00f3n de otras personas que resultaron lesionadas en el accidente para determinar si deben ser trasladadas\u00bb, agreg\u00f3 el funcionario.<\/p>\n<p>La concesionaria Ruta del Sol II agreg\u00f3 en el comunicado que cuando se presentaron en el sitio para atender la contingencia, \u00abla labor fue interrumpida por un grupo de pobladores que lleg\u00f3 en motocicleta y caminando para sustraer la gasolina del veh\u00edculo accidentado\u00bb.<\/p>\n<p>\u00abA pesar de que los funcionarios de Ruta del Sol II en conjunto con agentes de la Polic\u00eda intentaron persuadir sobre el peligro en la zona, muchas personas hicieron caso omiso y continuaron llenando pimpinas con el hidrocarburo\u00bb, agrega el comunicado en el que se precisa que \u00abla presencia masiva de personas impidi\u00f3 que se acordonara el sitio\u00bb.<\/p>\n<p>La empresa concesionaria tambi\u00e9n indic\u00f3 que \u00abel cami\u00f3n no explot\u00f3, pero s\u00ed fue consumido por las llamas de forma repentina, sin darle tiempo de reaccionar a quienes estaban en los alrededores\u00bb.<\/p>\n<p>En las redes sociales circularon im\u00e1genes tomadas con tel\u00e9fonos celulares en las que se ve a numerosas personas alrededor del cami\u00f3n cisterna despu\u00e9s del volcamiento y tambi\u00e9n a varias de las v\u00edctimas, con quemaduras en distintas partes del cuerpo, corriendo en busca de auxilio.<\/p>\n<p>Puebloviejo, la poblaci\u00f3n en donde ocurri\u00f3 el siniestro, es un municipio con altos \u00edndices de pobreza, asentado sobre la isla de Salamanca, una delgada divisi\u00f3n entre la Ci\u00e9naga Grande de Santa Marta y el mar Caribe.<\/p><div class=\"tgkop69f3e027d4038\" ><p style=\"text-align: center;\"><a href=\"https:\/\/t.me\/noticiasdigital58\" target=\"_blank\" rel=\"noopener\"><img class=\"aligncenter size-full wp-image-125363\" src=\"https:\/\/digital58.com.ve\/site\/wp-content\/uploads\/2021\/04\/banner-telegram-web-2021.png\" alt=\"\" width=\"600\" height=\"90\" \/><\/a><\/p><\/div><style type=\"text\/css\">\r\n@media screen and (min-width: 1201px) {\r\n.tgkop69f3e027d4038 {\r\ndisplay: block;\r\n}\r\n}\r\n@media screen and (min-width: 993px) and (max-width: 1200px) {\r\n.tgkop69f3e027d4038 {\r\ndisplay: block;\r\n}\r\n}\r\n@media screen and (min-width: 769px) and (max-width: 992px) {\r\n.tgkop69f3e027d4038 {\r\ndisplay: block;\r\n}\r\n}\r\n@media screen and (min-width: 768px) and (max-width: 768px) {\r\n.tgkop69f3e027d4038 {\r\ndisplay: block;\r\n}\r\n}\r\n@media screen and (max-width: 767px) {\r\n.tgkop69f3e027d4038 {\r\ndisplay: block;\r\n}\r\n}\r\n<\/style>\r\n\n<p><strong>Redacci\u00f3n ND58 | Fuente: EFE<\/strong><br \/>\n<strong>Edici\u00f3n: Villasmil, Henry<\/strong><br \/>\n<strong>Gr\u00e1ficas: EFE<\/strong><\/p>\n<div style=\"margin-top: 0px; margin-bottom: 0px;\" class=\"sharethis-inline-share-buttons\" ><\/div>","protected":false},"excerpt":{"rendered":"<p>Al parecer la tragedia se origin\u00f3 cuando los pobladores del sector donde se volc\u00f3 la unidad de transporte de hidrocarburos,<\/p>\n","protected":false},"author":1,"featured_media":111649,"comment_status":"open","ping_status":"closed","sticky":false,"template":"","format":"standard","meta":{"colormag_page_container_layout":"default_layout","colormag_page_sidebar_layout":"default_layout","_uag_custom_page_level_css":"","footnotes":""},"categories":[16451],"tags":[3631,17048,98,13766,17047,8,17049,17050,7565,4277,15129],"class_list":["post-111632","post","type-post","status-publish","format-standard","has-post-thumbnail","hentry","category-mundo","tag-barranquilla","tag-camion-cistena","tag-colombia","tag-fallecidos","tag-incendio","tag-internacionales","tag-pueblo-viejo","tag-quemados","tag-santa-marta","tag-sucesos","tag-volcamiento"],"yoast_head":"<!-- This site is optimized with the Yoast SEO plugin v27.5 - https:\/\/yoast.com\/product\/yoast-seo-wordpress\/ -->\n<title>Al menos siete muertos al incendiarse cami\u00f3n cisterna en norte de Colombia<\/title>\n<meta name=\"description\" content=\"Mundo\" \/>\n<meta name=\"robots\" content=\"index, follow, max-snippet:-1, max-image-preview:large, max-video-preview:-1\" \/>\n<link rel=\"canonical\" href=\"https:\/\/digital58.com.ve\/site\/2020\/07\/06\/al-menos-siete-muertos-al-incendiarse-camion-cisterna-en-norte-de-colombia\/\" \/>\n<meta property=\"og:locale\" content=\"es_ES\" \/>\n<meta property=\"og:type\" content=\"article\" \/>\n<meta property=\"og:title\" content=\"Al menos siete muertos al incendiarse cami\u00f3n cisterna en norte de Colombia\" \/>\n<meta property=\"og:description\" content=\"Mundo\" \/>\n<meta property=\"og:url\" content=\"https:\/\/digital58.com.ve\/site\/2020\/07\/06\/al-menos-siete-muertos-al-incendiarse-camion-cisterna-en-norte-de-colombia\/\" \/>\n<meta property=\"og:site_name\" content=\"Noticias Digital58\" \/>\n<meta property=\"article:published_time\" content=\"2020-07-06T22:20:13+00:00\" \/>\n<meta property=\"og:image\" content=\"https:\/\/digital58.com.ve\/site\/wp-content\/uploads\/2020\/07\/quemado-colombia.jpg\" \/>\n\t<meta property=\"og:image:width\" content=\"900\" \/>\n\t<meta property=\"og:image:height\" content=\"559\" \/>\n\t<meta property=\"og:image:type\" content=\"image\/jpeg\" \/>\n<meta name=\"author\" content=\"Villasmil Henry\" \/>\n<meta name=\"twitter:card\" content=\"summary_large_image\" \/>\n<meta name=\"twitter:creator\" content=\"@https:\/\/twitter.com\/villasmilhfoto\" \/>\n<meta name=\"twitter:site\" content=\"@villasmilhfoto\" \/>\n<meta name=\"twitter:label1\" content=\"Escrito por\" \/>\n\t<meta name=\"twitter:data1\" content=\"Villasmil Henry\" \/>\n\t<meta name=\"twitter:label2\" content=\"Tiempo estimado de lectura\" \/>\n\t<meta name=\"twitter:data2\" content=\"2 minutos\" \/>\n<script type=\"application\/ld+json\" class=\"yoast-schema-graph\">{\"@context\":\"https:\\\/\\\/schema.org\",\"@graph\":[{\"@type\":\"Article\",\"@id\":\"https:\\\/\\\/digital58.com.ve\\\/site\\\/2020\\\/07\\\/06\\\/al-menos-siete-muertos-al-incendiarse-camion-cisterna-en-norte-de-colombia\\\/#article\",\"isPartOf\":{\"@id\":\"https:\\\/\\\/digital58.com.ve\\\/site\\\/2020\\\/07\\\/06\\\/al-menos-siete-muertos-al-incendiarse-camion-cisterna-en-norte-de-colombia\\\/\"},\"author\":{\"name\":\"Villasmil Henry\",\"@id\":\"https:\\\/\\\/digital58.com.ve\\\/site\\\/#\\\/schema\\\/person\\\/64d1c2e4d0d4fd1b849980c4331c2951\"},\"headline\":\"Al menos siete muertos al incendiarse cami\u00f3n cisterna en norte de Colombia\",\"datePublished\":\"2020-07-06T22:20:13+00:00\",\"mainEntityOfPage\":{\"@id\":\"https:\\\/\\\/digital58.com.ve\\\/site\\\/2020\\\/07\\\/06\\\/al-menos-siete-muertos-al-incendiarse-camion-cisterna-en-norte-de-colombia\\\/\"},\"wordCount\":510,\"commentCount\":0,\"publisher\":{\"@id\":\"https:\\\/\\\/digital58.com.ve\\\/site\\\/#\\\/schema\\\/person\\\/64d1c2e4d0d4fd1b849980c4331c2951\"},\"image\":{\"@id\":\"https:\\\/\\\/digital58.com.ve\\\/site\\\/2020\\\/07\\\/06\\\/al-menos-siete-muertos-al-incendiarse-camion-cisterna-en-norte-de-colombia\\\/#primaryimage\"},\"thumbnailUrl\":\"https:\\\/\\\/digital58.com.ve\\\/site\\\/wp-content\\\/uploads\\\/2020\\\/07\\\/quemado-colombia.jpg\",\"keywords\":[\"Barranquilla\",\"Cami\u00f3n Cistena\",\"Colombia\",\"Fallecidos\",\"Incendio\",\"Internacionales\",\"Pueblo Viejo\",\"Quemados\",\"Santa Marta\",\"Sucesos\",\"Volcamiento\"],\"articleSection\":[\"Mundo\"],\"inLanguage\":\"es\",\"potentialAction\":[{\"@type\":\"CommentAction\",\"name\":\"Comment\",\"target\":[\"https:\\\/\\\/digital58.com.ve\\\/site\\\/2020\\\/07\\\/06\\\/al-menos-siete-muertos-al-incendiarse-camion-cisterna-en-norte-de-colombia\\\/#respond\"]}]},{\"@type\":\"WebPage\",\"@id\":\"https:\\\/\\\/digital58.com.ve\\\/site\\\/2020\\\/07\\\/06\\\/al-menos-siete-muertos-al-incendiarse-camion-cisterna-en-norte-de-colombia\\\/\",\"url\":\"https:\\\/\\\/digital58.com.ve\\\/site\\\/2020\\\/07\\\/06\\\/al-menos-siete-muertos-al-incendiarse-camion-cisterna-en-norte-de-colombia\\\/\",\"name\":\"Al menos siete muertos al incendiarse cami\u00f3n cisterna en norte de Colombia\",\"isPartOf\":{\"@id\":\"https:\\\/\\\/digital58.com.ve\\\/site\\\/#website\"},\"primaryImageOfPage\":{\"@id\":\"https:\\\/\\\/digital58.com.ve\\\/site\\\/2020\\\/07\\\/06\\\/al-menos-siete-muertos-al-incendiarse-camion-cisterna-en-norte-de-colombia\\\/#primaryimage\"},\"image\":{\"@id\":\"https:\\\/\\\/digital58.com.ve\\\/site\\\/2020\\\/07\\\/06\\\/al-menos-siete-muertos-al-incendiarse-camion-cisterna-en-norte-de-colombia\\\/#primaryimage\"},\"thumbnailUrl\":\"https:\\\/\\\/digital58.com.ve\\\/site\\\/wp-content\\\/uploads\\\/2020\\\/07\\\/quemado-colombia.jpg\",\"datePublished\":\"2020-07-06T22:20:13+00:00\",\"description\":\"Mundo\",\"breadcrumb\":{\"@id\":\"https:\\\/\\\/digital58.com.ve\\\/site\\\/2020\\\/07\\\/06\\\/al-menos-siete-muertos-al-incendiarse-camion-cisterna-en-norte-de-colombia\\\/#breadcrumb\"},\"inLanguage\":\"es\",\"potentialAction\":[{\"@type\":\"ReadAction\",\"target\":[\"https:\\\/\\\/digital58.com.ve\\\/site\\\/2020\\\/07\\\/06\\\/al-menos-siete-muertos-al-incendiarse-camion-cisterna-en-norte-de-colombia\\\/\"]}]},{\"@type\":\"ImageObject\",\"inLanguage\":\"es\",\"@id\":\"https:\\\/\\\/digital58.com.ve\\\/site\\\/2020\\\/07\\\/06\\\/al-menos-siete-muertos-al-incendiarse-camion-cisterna-en-norte-de-colombia\\\/#primaryimage\",\"url\":\"https:\\\/\\\/digital58.com.ve\\\/site\\\/wp-content\\\/uploads\\\/2020\\\/07\\\/quemado-colombia.jpg\",\"contentUrl\":\"https:\\\/\\\/digital58.com.ve\\\/site\\\/wp-content\\\/uploads\\\/2020\\\/07\\\/quemado-colombia.jpg\",\"width\":800,\"height\":497},{\"@type\":\"BreadcrumbList\",\"@id\":\"https:\\\/\\\/digital58.com.ve\\\/site\\\/2020\\\/07\\\/06\\\/al-menos-siete-muertos-al-incendiarse-camion-cisterna-en-norte-de-colombia\\\/#breadcrumb\",\"itemListElement\":[{\"@type\":\"ListItem\",\"position\":1,\"name\":\"Home\",\"item\":\"https:\\\/\\\/digital58.com.ve\\\/site\\\/\"},{\"@type\":\"ListItem\",\"position\":2,\"name\":\"Al menos siete muertos al incendiarse cami\u00f3n cisterna en norte de Colombia\"}]},{\"@type\":\"WebSite\",\"@id\":\"https:\\\/\\\/digital58.com.ve\\\/site\\\/#website\",\"url\":\"https:\\\/\\\/digital58.com.ve\\\/site\\\/\",\"name\":\"Noticias Digital58\",\"description\":\"Portal de Noticias \u00a1Periodismo web de verdad! Lanzamiento web 22.11.2005 \\\/ Maracaibo, Venezuela\",\"publisher\":{\"@id\":\"https:\\\/\\\/digital58.com.ve\\\/site\\\/#\\\/schema\\\/person\\\/64d1c2e4d0d4fd1b849980c4331c2951\"},\"alternateName\":\"ND58\",\"potentialAction\":[{\"@type\":\"SearchAction\",\"target\":{\"@type\":\"EntryPoint\",\"urlTemplate\":\"https:\\\/\\\/digital58.com.ve\\\/site\\\/?s={search_term_string}\"},\"query-input\":{\"@type\":\"PropertyValueSpecification\",\"valueRequired\":true,\"valueName\":\"search_term_string\"}}],\"inLanguage\":\"es\"},{\"@type\":[\"Person\",\"Organization\"],\"@id\":\"https:\\\/\\\/digital58.com.ve\\\/site\\\/#\\\/schema\\\/person\\\/64d1c2e4d0d4fd1b849980c4331c2951\",\"name\":\"Villasmil Henry\",\"image\":{\"@type\":\"ImageObject\",\"inLanguage\":\"es\",\"@id\":\"https:\\\/\\\/secure.gravatar.com\\\/avatar\\\/bb0c4a2fcb7970138239f7e404ea75757b1b507b28b5ce4c53fbd62d797c5a7c?s=96&d=mm&r=g\",\"url\":\"https:\\\/\\\/secure.gravatar.com\\\/avatar\\\/bb0c4a2fcb7970138239f7e404ea75757b1b507b28b5ce4c53fbd62d797c5a7c?s=96&d=mm&r=g\",\"contentUrl\":\"https:\\\/\\\/secure.gravatar.com\\\/avatar\\\/bb0c4a2fcb7970138239f7e404ea75757b1b507b28b5ce4c53fbd62d797c5a7c?s=96&d=mm&r=g\",\"caption\":\"Villasmil Henry\"},\"logo\":{\"@id\":\"https:\\\/\\\/secure.gravatar.com\\\/avatar\\\/bb0c4a2fcb7970138239f7e404ea75757b1b507b28b5ce4c53fbd62d797c5a7c?s=96&d=mm&r=g\"},\"sameAs\":[\"http:\\\/\\\/www.henryvillasmil.com.ve\",\"https:\\\/\\\/www.instagram.com\\\/villasmilhfoto\\\/\",\"https:\\\/\\\/x.com\\\/https:\\\/\\\/twitter.com\\\/villasmilhfoto\"],\"url\":\"https:\\\/\\\/digital58.com.ve\\\/site\\\/author\\\/droopy_68\\\/\"}]}<\/script>\n<!-- \/ Yoast SEO plugin. -->","yoast_head_json":{"title":"Al menos siete muertos al incendiarse cami\u00f3n cisterna en norte de Colombia","description":"Mundo","robots":{"index":"index","follow":"follow","max-snippet":"max-snippet:-1","max-image-preview":"max-image-preview:large","max-video-preview":"max-video-preview:-1"},"canonical":"https:\/\/digital58.com.ve\/site\/2020\/07\/06\/al-menos-siete-muertos-al-incendiarse-camion-cisterna-en-norte-de-colombia\/","og_locale":"es_ES","og_type":"article","og_title":"Al menos siete muertos al incendiarse cami\u00f3n cisterna en norte de Colombia","og_description":"Mundo","og_url":"https:\/\/digital58.com.ve\/site\/2020\/07\/06\/al-menos-siete-muertos-al-incendiarse-camion-cisterna-en-norte-de-colombia\/","og_site_name":"Noticias Digital58","article_published_time":"2020-07-06T22:20:13+00:00","og_image":[{"width":900,"height":559,"url":"https:\/\/digital58.com.ve\/site\/wp-content\/uploads\/2020\/07\/quemado-colombia.jpg","type":"image\/jpeg"}],"author":"Villasmil Henry","twitter_card":"summary_large_image","twitter_creator":"@https:\/\/twitter.com\/villasmilhfoto","twitter_site":"@villasmilhfoto","twitter_misc":{"Escrito por":"Villasmil Henry","Tiempo estimado de lectura":"2 minutos"},"schema":{"@context":"https:\/\/schema.org","@graph":[{"@type":"Article","@id":"https:\/\/digital58.com.ve\/site\/2020\/07\/06\/al-menos-siete-muertos-al-incendiarse-camion-cisterna-en-norte-de-colombia\/#article","isPartOf":{"@id":"https:\/\/digital58.com.ve\/site\/2020\/07\/06\/al-menos-siete-muertos-al-incendiarse-camion-cisterna-en-norte-de-colombia\/"},"author":{"name":"Villasmil Henry","@id":"https:\/\/digital58.com.ve\/site\/#\/schema\/person\/64d1c2e4d0d4fd1b849980c4331c2951"},"headline":"Al menos siete muertos al incendiarse cami\u00f3n cisterna en norte de Colombia","datePublished":"2020-07-06T22:20:13+00:00","mainEntityOfPage":{"@id":"https:\/\/digital58.com.ve\/site\/2020\/07\/06\/al-menos-siete-muertos-al-incendiarse-camion-cisterna-en-norte-de-colombia\/"},"wordCount":510,"commentCount":0,"publisher":{"@id":"https:\/\/digital58.com.ve\/site\/#\/schema\/person\/64d1c2e4d0d4fd1b849980c4331c2951"},"image":{"@id":"https:\/\/digital58.com.ve\/site\/2020\/07\/06\/al-menos-siete-muertos-al-incendiarse-camion-cisterna-en-norte-de-colombia\/#primaryimage"},"thumbnailUrl":"https:\/\/digital58.com.ve\/site\/wp-content\/uploads\/2020\/07\/quemado-colombia.jpg","keywords":["Barranquilla","Cami\u00f3n Cistena","Colombia","Fallecidos","Incendio","Internacionales","Pueblo Viejo","Quemados","Santa Marta","Sucesos","Volcamiento"],"articleSection":["Mundo"],"inLanguage":"es","potentialAction":[{"@type":"CommentAction","name":"Comment","target":["https:\/\/digital58.com.ve\/site\/2020\/07\/06\/al-menos-siete-muertos-al-incendiarse-camion-cisterna-en-norte-de-colombia\/#respond"]}]},{"@type":"WebPage","@id":"https:\/\/digital58.com.ve\/site\/2020\/07\/06\/al-menos-siete-muertos-al-incendiarse-camion-cisterna-en-norte-de-colombia\/","url":"https:\/\/digital58.com.ve\/site\/2020\/07\/06\/al-menos-siete-muertos-al-incendiarse-camion-cisterna-en-norte-de-colombia\/","name":"Al menos siete muertos al incendiarse cami\u00f3n cisterna en norte de Colombia","isPartOf":{"@id":"https:\/\/digital58.com.ve\/site\/#website"},"primaryImageOfPage":{"@id":"https:\/\/digital58.com.ve\/site\/2020\/07\/06\/al-menos-siete-muertos-al-incendiarse-camion-cisterna-en-norte-de-colombia\/#primaryimage"},"image":{"@id":"https:\/\/digital58.com.ve\/site\/2020\/07\/06\/al-menos-siete-muertos-al-incendiarse-camion-cisterna-en-norte-de-colombia\/#primaryimage"},"thumbnailUrl":"https:\/\/digital58.com.ve\/site\/wp-content\/uploads\/2020\/07\/quemado-colombia.jpg","datePublished":"2020-07-06T22:20:13+00:00","description":"Mundo","breadcrumb":{"@id":"https:\/\/digital58.com.ve\/site\/2020\/07\/06\/al-menos-siete-muertos-al-incendiarse-camion-cisterna-en-norte-de-colombia\/#breadcrumb"},"inLanguage":"es","potentialAction":[{"@type":"ReadAction","target":["https:\/\/digital58.com.ve\/site\/2020\/07\/06\/al-menos-siete-muertos-al-incendiarse-camion-cisterna-en-norte-de-colombia\/"]}]},{"@type":"ImageObject","inLanguage":"es","@id":"https:\/\/digital58.com.ve\/site\/2020\/07\/06\/al-menos-siete-muertos-al-incendiarse-camion-cisterna-en-norte-de-colombia\/#primaryimage","url":"https:\/\/digital58.com.ve\/site\/wp-content\/uploads\/2020\/07\/quemado-colombia.jpg","contentUrl":"https:\/\/digital58.com.ve\/site\/wp-content\/uploads\/2020\/07\/quemado-colombia.jpg","width":800,"height":497},{"@type":"BreadcrumbList","@id":"https:\/\/digital58.com.ve\/site\/2020\/07\/06\/al-menos-siete-muertos-al-incendiarse-camion-cisterna-en-norte-de-colombia\/#breadcrumb","itemListElement":[{"@type":"ListItem","position":1,"name":"Home","item":"https:\/\/digital58.com.ve\/site\/"},{"@type":"ListItem","position":2,"name":"Al menos siete muertos al incendiarse cami\u00f3n cisterna en norte de Colombia"}]},{"@type":"WebSite","@id":"https:\/\/digital58.com.ve\/site\/#website","url":"https:\/\/digital58.com.ve\/site\/","name":"Noticias Digital58","description":"Portal de Noticias \u00a1Periodismo web de verdad! Lanzamiento web 22.11.2005 \/ Maracaibo, Venezuela","publisher":{"@id":"https:\/\/digital58.com.ve\/site\/#\/schema\/person\/64d1c2e4d0d4fd1b849980c4331c2951"},"alternateName":"ND58","potentialAction":[{"@type":"SearchAction","target":{"@type":"EntryPoint","urlTemplate":"https:\/\/digital58.com.ve\/site\/?s={search_term_string}"},"query-input":{"@type":"PropertyValueSpecification","valueRequired":true,"valueName":"search_term_string"}}],"inLanguage":"es"},{"@type":["Person","Organization"],"@id":"https:\/\/digital58.com.ve\/site\/#\/schema\/person\/64d1c2e4d0d4fd1b849980c4331c2951","name":"Villasmil Henry","image":{"@type":"ImageObject","inLanguage":"es","@id":"https:\/\/secure.gravatar.com\/avatar\/bb0c4a2fcb7970138239f7e404ea75757b1b507b28b5ce4c53fbd62d797c5a7c?s=96&d=mm&r=g","url":"https:\/\/secure.gravatar.com\/avatar\/bb0c4a2fcb7970138239f7e404ea75757b1b507b28b5ce4c53fbd62d797c5a7c?s=96&d=mm&r=g","contentUrl":"https:\/\/secure.gravatar.com\/avatar\/bb0c4a2fcb7970138239f7e404ea75757b1b507b28b5ce4c53fbd62d797c5a7c?s=96&d=mm&r=g","caption":"Villasmil Henry"},"logo":{"@id":"https:\/\/secure.gravatar.com\/avatar\/bb0c4a2fcb7970138239f7e404ea75757b1b507b28b5ce4c53fbd62d797c5a7c?s=96&d=mm&r=g"},"sameAs":["http:\/\/www.henryvillasmil.com.ve","https:\/\/www.instagram.com\/villasmilhfoto\/","https:\/\/x.com\/https:\/\/twitter.com\/villasmilhfoto"],"url":"https:\/\/digital58.com.ve\/site\/author\/droopy_68\/"}]}},"uagb_featured_image_src":{"full":["https:\/\/digital58.com.ve\/site\/wp-content\/uploads\/2020\/07\/quemado-colombia.jpg",800,497,false],"thumbnail":["https:\/\/digital58.com.ve\/site\/wp-content\/uploads\/2020\/07\/quemado-colombia-150x150.jpg",150,150,true],"medium":["https:\/\/digital58.com.ve\/site\/wp-content\/uploads\/2020\/07\/quemado-colombia-300x186.jpg",300,186,true],"medium_large":["https:\/\/digital58.com.ve\/site\/wp-content\/uploads\/2020\/07\/quemado-colombia-768x477.jpg",768,477,true],"large":["https:\/\/digital58.com.ve\/site\/wp-content\/uploads\/2020\/07\/quemado-colombia.jpg",800,497,false],"1536x1536":["https:\/\/digital58.com.ve\/site\/wp-content\/uploads\/2020\/07\/quemado-colombia.jpg",800,497,false],"2048x2048":["https:\/\/digital58.com.ve\/site\/wp-content\/uploads\/2020\/07\/quemado-colombia.jpg",800,497,false],"colormag-highlighted-post":["https:\/\/digital58.com.ve\/site\/wp-content\/uploads\/2020\/07\/quemado-colombia.jpg",392,244,false],"colormag-featured-post-medium":["https:\/\/digital58.com.ve\/site\/wp-content\/uploads\/2020\/07\/quemado-colombia.jpg",330,205,false],"colormag-featured-post-small":["https:\/\/digital58.com.ve\/site\/wp-content\/uploads\/2020\/07\/quemado-colombia.jpg",130,81,false],"colormag-featured-image":["https:\/\/digital58.com.ve\/site\/wp-content\/uploads\/2020\/07\/quemado-colombia.jpg",716,445,false],"colormag-default-news":["https:\/\/digital58.com.ve\/site\/wp-content\/uploads\/2020\/07\/quemado-colombia.jpg",150,93,false],"colormag-featured-image-large":["https:\/\/digital58.com.ve\/site\/wp-content\/uploads\/2020\/07\/quemado-colombia.jpg",800,497,false]},"uagb_author_info":{"display_name":"Villasmil Henry","author_link":"https:\/\/digital58.com.ve\/site\/author\/droopy_68\/"},"uagb_comment_info":0,"uagb_excerpt":"Al parecer la tragedia se origin\u00f3 cuando los pobladores del sector donde se volc\u00f3 la unidad de transporte de hidrocarburos,","_links":{"self":[{"href":"https:\/\/digital58.com.ve\/site\/wp-json\/wp\/v2\/posts\/111632","targetHints":{"allow":["GET"]}}],"collection":[{"href":"https:\/\/digital58.com.ve\/site\/wp-json\/wp\/v2\/posts"}],"about":[{"href":"https:\/\/digital58.com.ve\/site\/wp-json\/wp\/v2\/types\/post"}],"author":[{"embeddable":true,"href":"https:\/\/digital58.com.ve\/site\/wp-json\/wp\/v2\/users\/1"}],"replies":[{"embeddable":true,"href":"https:\/\/digital58.com.ve\/site\/wp-json\/wp\/v2\/comments?post=111632"}],"version-history":[{"count":0,"href":"https:\/\/digital58.com.ve\/site\/wp-json\/wp\/v2\/posts\/111632\/revisions"}],"wp:featuredmedia":[{"embeddable":true,"href":"https:\/\/digital58.com.ve\/site\/wp-json\/wp\/v2\/media\/111649"}],"wp:attachment":[{"href":"https:\/\/digital58.com.ve\/site\/wp-json\/wp\/v2\/media?parent=111632"}],"wp:term":[{"taxonomy":"category","embeddable":true,"href":"https:\/\/digital58.com.ve\/site\/wp-json\/wp\/v2\/categories?post=111632"},{"taxonomy":"post_tag","embeddable":true,"href":"https:\/\/digital58.com.ve\/site\/wp-json\/wp\/v2\/tags?post=111632"}],"curies":[{"name":"wp","href":"https:\/\/api.w.org\/{rel}","templated":true}]}}