{"id":112144,"date":"2020-07-07T22:21:05","date_gmt":"2020-07-08T02:21:05","guid":{"rendered":"https:\/\/digital58.com.ve\/site\/?p=112144"},"modified":"2020-07-07T22:21:05","modified_gmt":"2020-07-08T02:21:05","slug":"aumento-a-13-los-fallecidos-por-la-deflagracion-del-cisterna-en-colombia","status":"publish","type":"post","link":"https:\/\/digital58.com.ve\/site\/2020\/07\/07\/aumento-a-13-los-fallecidos-por-la-deflagracion-del-cisterna-en-colombia\/","title":{"rendered":"Aument\u00f3 a 13 los fallecidos por la deflagraci\u00f3n del cisterna en Colombia"},"content":{"rendered":"<p><img loading=\"lazy\" decoding=\"async\" class=\"aligncenter wp-image-112149\" src=\"https:\/\/digital58.com.ve\/site\/wp-content\/uploads\/2020\/07\/TasaJeRa-300x174.jpg\" alt=\"\" width=\"600\" height=\"347\" srcset=\"https:\/\/digital58.com.ve\/site\/wp-content\/uploads\/2020\/07\/TasaJeRa-300x174.jpg 300w, https:\/\/digital58.com.ve\/site\/wp-content\/uploads\/2020\/07\/TasaJeRa-768x445.jpg 768w, https:\/\/digital58.com.ve\/site\/wp-content\/uploads\/2020\/07\/TasaJeRa.jpg 800w\" sizes=\"auto, (max-width: 600px) 100vw, 600px\" \/><\/p>\n<p>Este martes, fueron trasladadas hasta Bogot\u00e1 10 personas con quemaduras.<\/p>\n<p><strong>Bogot\u00e1, Colombia, 07 de julio de 2020 (ND58).-\u00a0<\/strong>El reporte oficial, comunicado por las autoridades colombianas, indica que son 13 personas las que murieron por las quemaduras sufridas durante el incendio de un cami\u00f3n cisterna, en la v\u00eda Ci\u00e9naga-Barranquilla en Colombia.<\/p>\n<p>En las \u00faltimas horas, las autoridades confirmaron que otros tres hombres murieron, debido a la gravedad de las quemaduras que sufrieron.<\/p>\n<p>Este martes, adem\u00e1s, se registraron dos decesos en el hospital Julio M\u00e9ndez Berreneche, uno en la cl\u00ednica Marcaribe de Santa Marta, otros dos en las cl\u00ednicas General del Norte y Atenas de Barranquilla.<\/p>\n<p>Carlos Caicedo, gobernador del Magdalena, en conjunto con el Ministerio de Salud y la Fuerza A\u00e9rea Colombiana, gestion\u00f3 el traslado de 10 personas hacia el Hospital Sim\u00f3n Bol\u00edvar de Bogot\u00e1, por medio de un avi\u00f3n adecuado con camillas y cinco equipos de ventilaci\u00f3n asistida.<\/p>\n<p>\u00abEn este vuelo de la Fuerza A\u00e9rea que hab\u00edamos solicitado el lunes, y gracias a la coordinaci\u00f3n efectiva que se hizo con el Ministerio de Salud, se trasladaron inicialmente 10 pacientes. Dos m\u00e1s van en un segundo vuelo\u00bb, expres\u00f3 Caicedo.<\/p>\n<p>Se remitir\u00e1n un total de 39 pacientes a otras entidades del pa\u00eds sudamericano. 14 pacientes a Valledupar, 13 a Barranquilla y 12 a Bogot\u00e1.<\/p>\n<p>Luego de estos vuelos m\u00e9dicos, se estar\u00e1n coordinando otros, para que familiares de los heridos puedan viajar y acompa\u00f1arles durante la etapa de recuperaci\u00f3n.<\/p><div class=\"oiprw69f207ef28fa1\" ><p style=\"text-align: center;\"><a href=\"https:\/\/t.me\/noticiasdigital58\" target=\"_blank\" rel=\"noopener\"><img class=\"aligncenter size-full wp-image-125363\" src=\"https:\/\/digital58.com.ve\/site\/wp-content\/uploads\/2021\/04\/banner-telegram-web-2021.png\" alt=\"\" width=\"600\" height=\"90\" \/><\/a><\/p><\/div><style type=\"text\/css\">\r\n@media screen and (min-width: 1201px) {\r\n.oiprw69f207ef28fa1 {\r\ndisplay: block;\r\n}\r\n}\r\n@media screen and (min-width: 993px) and (max-width: 1200px) {\r\n.oiprw69f207ef28fa1 {\r\ndisplay: block;\r\n}\r\n}\r\n@media screen and (min-width: 769px) and (max-width: 992px) {\r\n.oiprw69f207ef28fa1 {\r\ndisplay: block;\r\n}\r\n}\r\n@media screen and (min-width: 768px) and (max-width: 768px) {\r\n.oiprw69f207ef28fa1 {\r\ndisplay: block;\r\n}\r\n}\r\n@media screen and (max-width: 767px) {\r\n.oiprw69f207ef28fa1 {\r\ndisplay: block;\r\n}\r\n}\r\n<\/style>\r\n\n<p><strong>Redacci\u00f3n: Morales, Joel (@joeldmc32) | Fuente: El Tiempo<br \/>\nEdici\u00f3n: Villasmil, Henry; Ch\u00e1vez, Marian<br \/>\nGr\u00e1fica: Cortes\u00eda<\/strong><\/p>\n<div style=\"margin-top: 0px; margin-bottom: 0px;\" class=\"sharethis-inline-share-buttons\" ><\/div>","protected":false},"excerpt":{"rendered":"<p>Este martes, fueron trasladadas hasta Bogot\u00e1 10 personas con quemaduras. Bogot\u00e1, Colombia, 07 de julio de 2020 (ND58).-\u00a0El reporte oficial,<\/p>\n","protected":false},"author":29,"featured_media":112149,"comment_status":"open","ping_status":"closed","sticky":false,"template":"","format":"standard","meta":{"colormag_page_container_layout":"default_layout","colormag_page_sidebar_layout":"default_layout","_uag_custom_page_level_css":"","footnotes":""},"categories":[16451],"tags":[3631,3063,15156,98,13766,8,17161,17160],"class_list":["post-112144","post","type-post","status-publish","format-standard","has-post-thumbnail","hentry","category-mundo","tag-barranquilla","tag-bogota","tag-camion-cisterna","tag-colombia","tag-fallecidos","tag-internacionales","tag-quemaduras","tag-tragedia-de-tasajera"],"yoast_head":"<!-- This site is optimized with the Yoast SEO plugin v27.5 - https:\/\/yoast.com\/product\/yoast-seo-wordpress\/ -->\n<title>Aument\u00f3 a 13 los fallecidos por la deflagraci\u00f3n del cisterna en Colombia<\/title>\n<meta name=\"description\" content=\"Mundo\" \/>\n<meta name=\"robots\" content=\"index, follow, max-snippet:-1, max-image-preview:large, max-video-preview:-1\" \/>\n<link rel=\"canonical\" href=\"https:\/\/digital58.com.ve\/site\/2020\/07\/07\/aumento-a-13-los-fallecidos-por-la-deflagracion-del-cisterna-en-colombia\/\" \/>\n<meta property=\"og:locale\" content=\"es_ES\" \/>\n<meta property=\"og:type\" content=\"article\" \/>\n<meta property=\"og:title\" content=\"Aument\u00f3 a 13 los fallecidos por la deflagraci\u00f3n del cisterna en Colombia\" \/>\n<meta property=\"og:description\" content=\"Mundo\" \/>\n<meta property=\"og:url\" content=\"https:\/\/digital58.com.ve\/site\/2020\/07\/07\/aumento-a-13-los-fallecidos-por-la-deflagracion-del-cisterna-en-colombia\/\" \/>\n<meta property=\"og:site_name\" content=\"Noticias Digital58\" \/>\n<meta property=\"article:published_time\" content=\"2020-07-08T02:21:05+00:00\" \/>\n<meta property=\"og:image\" content=\"https:\/\/digital58.com.ve\/site\/wp-content\/uploads\/2020\/07\/TasaJeRa.jpg\" \/>\n\t<meta property=\"og:image:width\" content=\"900\" \/>\n\t<meta property=\"og:image:height\" content=\"521\" \/>\n\t<meta property=\"og:image:type\" content=\"image\/jpeg\" \/>\n<meta name=\"author\" content=\"Morales Joel\" \/>\n<meta name=\"twitter:card\" content=\"summary_large_image\" \/>\n<meta name=\"twitter:creator\" content=\"@Digital_58\" \/>\n<meta name=\"twitter:site\" content=\"@villasmilhfoto\" \/>\n<meta name=\"twitter:label1\" content=\"Escrito por\" \/>\n\t<meta name=\"twitter:data1\" content=\"Morales Joel\" \/>\n\t<meta name=\"twitter:label2\" content=\"Tiempo estimado de lectura\" \/>\n\t<meta name=\"twitter:data2\" content=\"1 minuto\" \/>\n<script type=\"application\/ld+json\" class=\"yoast-schema-graph\">{\"@context\":\"https:\\\/\\\/schema.org\",\"@graph\":[{\"@type\":\"Article\",\"@id\":\"https:\\\/\\\/digital58.com.ve\\\/site\\\/2020\\\/07\\\/07\\\/aumento-a-13-los-fallecidos-por-la-deflagracion-del-cisterna-en-colombia\\\/#article\",\"isPartOf\":{\"@id\":\"https:\\\/\\\/digital58.com.ve\\\/site\\\/2020\\\/07\\\/07\\\/aumento-a-13-los-fallecidos-por-la-deflagracion-del-cisterna-en-colombia\\\/\"},\"author\":{\"name\":\"Morales Joel\",\"@id\":\"https:\\\/\\\/digital58.com.ve\\\/site\\\/#\\\/schema\\\/person\\\/8daf5f8bfd9ebdb98150c62bff195b72\"},\"headline\":\"Aument\u00f3 a 13 los fallecidos por la deflagraci\u00f3n del cisterna en Colombia\",\"datePublished\":\"2020-07-08T02:21:05+00:00\",\"mainEntityOfPage\":{\"@id\":\"https:\\\/\\\/digital58.com.ve\\\/site\\\/2020\\\/07\\\/07\\\/aumento-a-13-los-fallecidos-por-la-deflagracion-del-cisterna-en-colombia\\\/\"},\"wordCount\":281,\"commentCount\":0,\"publisher\":{\"@id\":\"https:\\\/\\\/digital58.com.ve\\\/site\\\/#\\\/schema\\\/person\\\/64d1c2e4d0d4fd1b849980c4331c2951\"},\"image\":{\"@id\":\"https:\\\/\\\/digital58.com.ve\\\/site\\\/2020\\\/07\\\/07\\\/aumento-a-13-los-fallecidos-por-la-deflagracion-del-cisterna-en-colombia\\\/#primaryimage\"},\"thumbnailUrl\":\"https:\\\/\\\/digital58.com.ve\\\/site\\\/wp-content\\\/uploads\\\/2020\\\/07\\\/TasaJeRa.jpg\",\"keywords\":[\"Barranquilla\",\"Bogot\u00e1\",\"Cami\u00f3n cisterna\",\"Colombia\",\"Fallecidos\",\"Internacionales\",\"Quemaduras\",\"Tragedia de Tasajera\"],\"articleSection\":[\"Mundo\"],\"inLanguage\":\"es\",\"potentialAction\":[{\"@type\":\"CommentAction\",\"name\":\"Comment\",\"target\":[\"https:\\\/\\\/digital58.com.ve\\\/site\\\/2020\\\/07\\\/07\\\/aumento-a-13-los-fallecidos-por-la-deflagracion-del-cisterna-en-colombia\\\/#respond\"]}]},{\"@type\":\"WebPage\",\"@id\":\"https:\\\/\\\/digital58.com.ve\\\/site\\\/2020\\\/07\\\/07\\\/aumento-a-13-los-fallecidos-por-la-deflagracion-del-cisterna-en-colombia\\\/\",\"url\":\"https:\\\/\\\/digital58.com.ve\\\/site\\\/2020\\\/07\\\/07\\\/aumento-a-13-los-fallecidos-por-la-deflagracion-del-cisterna-en-colombia\\\/\",\"name\":\"Aument\u00f3 a 13 los fallecidos por la deflagraci\u00f3n del cisterna en Colombia\",\"isPartOf\":{\"@id\":\"https:\\\/\\\/digital58.com.ve\\\/site\\\/#website\"},\"primaryImageOfPage\":{\"@id\":\"https:\\\/\\\/digital58.com.ve\\\/site\\\/2020\\\/07\\\/07\\\/aumento-a-13-los-fallecidos-por-la-deflagracion-del-cisterna-en-colombia\\\/#primaryimage\"},\"image\":{\"@id\":\"https:\\\/\\\/digital58.com.ve\\\/site\\\/2020\\\/07\\\/07\\\/aumento-a-13-los-fallecidos-por-la-deflagracion-del-cisterna-en-colombia\\\/#primaryimage\"},\"thumbnailUrl\":\"https:\\\/\\\/digital58.com.ve\\\/site\\\/wp-content\\\/uploads\\\/2020\\\/07\\\/TasaJeRa.jpg\",\"datePublished\":\"2020-07-08T02:21:05+00:00\",\"description\":\"Mundo\",\"breadcrumb\":{\"@id\":\"https:\\\/\\\/digital58.com.ve\\\/site\\\/2020\\\/07\\\/07\\\/aumento-a-13-los-fallecidos-por-la-deflagracion-del-cisterna-en-colombia\\\/#breadcrumb\"},\"inLanguage\":\"es\",\"potentialAction\":[{\"@type\":\"ReadAction\",\"target\":[\"https:\\\/\\\/digital58.com.ve\\\/site\\\/2020\\\/07\\\/07\\\/aumento-a-13-los-fallecidos-por-la-deflagracion-del-cisterna-en-colombia\\\/\"]}]},{\"@type\":\"ImageObject\",\"inLanguage\":\"es\",\"@id\":\"https:\\\/\\\/digital58.com.ve\\\/site\\\/2020\\\/07\\\/07\\\/aumento-a-13-los-fallecidos-por-la-deflagracion-del-cisterna-en-colombia\\\/#primaryimage\",\"url\":\"https:\\\/\\\/digital58.com.ve\\\/site\\\/wp-content\\\/uploads\\\/2020\\\/07\\\/TasaJeRa.jpg\",\"contentUrl\":\"https:\\\/\\\/digital58.com.ve\\\/site\\\/wp-content\\\/uploads\\\/2020\\\/07\\\/TasaJeRa.jpg\",\"width\":800,\"height\":463},{\"@type\":\"BreadcrumbList\",\"@id\":\"https:\\\/\\\/digital58.com.ve\\\/site\\\/2020\\\/07\\\/07\\\/aumento-a-13-los-fallecidos-por-la-deflagracion-del-cisterna-en-colombia\\\/#breadcrumb\",\"itemListElement\":[{\"@type\":\"ListItem\",\"position\":1,\"name\":\"Home\",\"item\":\"https:\\\/\\\/digital58.com.ve\\\/site\\\/\"},{\"@type\":\"ListItem\",\"position\":2,\"name\":\"Aument\u00f3 a 13 los fallecidos por la deflagraci\u00f3n del cisterna en Colombia\"}]},{\"@type\":\"WebSite\",\"@id\":\"https:\\\/\\\/digital58.com.ve\\\/site\\\/#website\",\"url\":\"https:\\\/\\\/digital58.com.ve\\\/site\\\/\",\"name\":\"Noticias Digital58\",\"description\":\"Portal de Noticias \u00a1Periodismo web de verdad! Lanzamiento web 22.11.2005 \\\/ Maracaibo, Venezuela\",\"publisher\":{\"@id\":\"https:\\\/\\\/digital58.com.ve\\\/site\\\/#\\\/schema\\\/person\\\/64d1c2e4d0d4fd1b849980c4331c2951\"},\"alternateName\":\"ND58\",\"potentialAction\":[{\"@type\":\"SearchAction\",\"target\":{\"@type\":\"EntryPoint\",\"urlTemplate\":\"https:\\\/\\\/digital58.com.ve\\\/site\\\/?s={search_term_string}\"},\"query-input\":{\"@type\":\"PropertyValueSpecification\",\"valueRequired\":true,\"valueName\":\"search_term_string\"}}],\"inLanguage\":\"es\"},{\"@type\":[\"Person\",\"Organization\"],\"@id\":\"https:\\\/\\\/digital58.com.ve\\\/site\\\/#\\\/schema\\\/person\\\/64d1c2e4d0d4fd1b849980c4331c2951\",\"name\":\"Villasmil Henry\",\"image\":{\"@type\":\"ImageObject\",\"inLanguage\":\"es\",\"@id\":\"https:\\\/\\\/secure.gravatar.com\\\/avatar\\\/bb0c4a2fcb7970138239f7e404ea75757b1b507b28b5ce4c53fbd62d797c5a7c?s=96&d=mm&r=g\",\"url\":\"https:\\\/\\\/secure.gravatar.com\\\/avatar\\\/bb0c4a2fcb7970138239f7e404ea75757b1b507b28b5ce4c53fbd62d797c5a7c?s=96&d=mm&r=g\",\"contentUrl\":\"https:\\\/\\\/secure.gravatar.com\\\/avatar\\\/bb0c4a2fcb7970138239f7e404ea75757b1b507b28b5ce4c53fbd62d797c5a7c?s=96&d=mm&r=g\",\"caption\":\"Villasmil Henry\"},\"logo\":{\"@id\":\"https:\\\/\\\/secure.gravatar.com\\\/avatar\\\/bb0c4a2fcb7970138239f7e404ea75757b1b507b28b5ce4c53fbd62d797c5a7c?s=96&d=mm&r=g\"},\"sameAs\":[\"http:\\\/\\\/www.henryvillasmil.com.ve\",\"https:\\\/\\\/www.instagram.com\\\/villasmilhfoto\\\/\",\"https:\\\/\\\/x.com\\\/https:\\\/\\\/twitter.com\\\/villasmilhfoto\"]},{\"@type\":\"Person\",\"@id\":\"https:\\\/\\\/digital58.com.ve\\\/site\\\/#\\\/schema\\\/person\\\/8daf5f8bfd9ebdb98150c62bff195b72\",\"name\":\"Morales Joel\",\"image\":{\"@type\":\"ImageObject\",\"inLanguage\":\"es\",\"@id\":\"https:\\\/\\\/secure.gravatar.com\\\/avatar\\\/e2cb5ce0e9279ab3c8e03d472e483f32e666716a18da3bfa7b0749a5465409f1?s=96&d=mm&r=g\",\"url\":\"https:\\\/\\\/secure.gravatar.com\\\/avatar\\\/e2cb5ce0e9279ab3c8e03d472e483f32e666716a18da3bfa7b0749a5465409f1?s=96&d=mm&r=g\",\"contentUrl\":\"https:\\\/\\\/secure.gravatar.com\\\/avatar\\\/e2cb5ce0e9279ab3c8e03d472e483f32e666716a18da3bfa7b0749a5465409f1?s=96&d=mm&r=g\",\"caption\":\"Morales Joel\"},\"url\":\"https:\\\/\\\/digital58.com.ve\\\/site\\\/author\\\/joelm\\\/\"}]}<\/script>\n<!-- \/ Yoast SEO plugin. -->","yoast_head_json":{"title":"Aument\u00f3 a 13 los fallecidos por la deflagraci\u00f3n del cisterna en Colombia","description":"Mundo","robots":{"index":"index","follow":"follow","max-snippet":"max-snippet:-1","max-image-preview":"max-image-preview:large","max-video-preview":"max-video-preview:-1"},"canonical":"https:\/\/digital58.com.ve\/site\/2020\/07\/07\/aumento-a-13-los-fallecidos-por-la-deflagracion-del-cisterna-en-colombia\/","og_locale":"es_ES","og_type":"article","og_title":"Aument\u00f3 a 13 los fallecidos por la deflagraci\u00f3n del cisterna en Colombia","og_description":"Mundo","og_url":"https:\/\/digital58.com.ve\/site\/2020\/07\/07\/aumento-a-13-los-fallecidos-por-la-deflagracion-del-cisterna-en-colombia\/","og_site_name":"Noticias Digital58","article_published_time":"2020-07-08T02:21:05+00:00","og_image":[{"width":900,"height":521,"url":"https:\/\/digital58.com.ve\/site\/wp-content\/uploads\/2020\/07\/TasaJeRa.jpg","type":"image\/jpeg"}],"author":"Morales Joel","twitter_card":"summary_large_image","twitter_creator":"@Digital_58","twitter_site":"@villasmilhfoto","twitter_misc":{"Escrito por":"Morales Joel","Tiempo estimado de lectura":"1 minuto"},"schema":{"@context":"https:\/\/schema.org","@graph":[{"@type":"Article","@id":"https:\/\/digital58.com.ve\/site\/2020\/07\/07\/aumento-a-13-los-fallecidos-por-la-deflagracion-del-cisterna-en-colombia\/#article","isPartOf":{"@id":"https:\/\/digital58.com.ve\/site\/2020\/07\/07\/aumento-a-13-los-fallecidos-por-la-deflagracion-del-cisterna-en-colombia\/"},"author":{"name":"Morales Joel","@id":"https:\/\/digital58.com.ve\/site\/#\/schema\/person\/8daf5f8bfd9ebdb98150c62bff195b72"},"headline":"Aument\u00f3 a 13 los fallecidos por la deflagraci\u00f3n del cisterna en Colombia","datePublished":"2020-07-08T02:21:05+00:00","mainEntityOfPage":{"@id":"https:\/\/digital58.com.ve\/site\/2020\/07\/07\/aumento-a-13-los-fallecidos-por-la-deflagracion-del-cisterna-en-colombia\/"},"wordCount":281,"commentCount":0,"publisher":{"@id":"https:\/\/digital58.com.ve\/site\/#\/schema\/person\/64d1c2e4d0d4fd1b849980c4331c2951"},"image":{"@id":"https:\/\/digital58.com.ve\/site\/2020\/07\/07\/aumento-a-13-los-fallecidos-por-la-deflagracion-del-cisterna-en-colombia\/#primaryimage"},"thumbnailUrl":"https:\/\/digital58.com.ve\/site\/wp-content\/uploads\/2020\/07\/TasaJeRa.jpg","keywords":["Barranquilla","Bogot\u00e1","Cami\u00f3n cisterna","Colombia","Fallecidos","Internacionales","Quemaduras","Tragedia de Tasajera"],"articleSection":["Mundo"],"inLanguage":"es","potentialAction":[{"@type":"CommentAction","name":"Comment","target":["https:\/\/digital58.com.ve\/site\/2020\/07\/07\/aumento-a-13-los-fallecidos-por-la-deflagracion-del-cisterna-en-colombia\/#respond"]}]},{"@type":"WebPage","@id":"https:\/\/digital58.com.ve\/site\/2020\/07\/07\/aumento-a-13-los-fallecidos-por-la-deflagracion-del-cisterna-en-colombia\/","url":"https:\/\/digital58.com.ve\/site\/2020\/07\/07\/aumento-a-13-los-fallecidos-por-la-deflagracion-del-cisterna-en-colombia\/","name":"Aument\u00f3 a 13 los fallecidos por la deflagraci\u00f3n del cisterna en Colombia","isPartOf":{"@id":"https:\/\/digital58.com.ve\/site\/#website"},"primaryImageOfPage":{"@id":"https:\/\/digital58.com.ve\/site\/2020\/07\/07\/aumento-a-13-los-fallecidos-por-la-deflagracion-del-cisterna-en-colombia\/#primaryimage"},"image":{"@id":"https:\/\/digital58.com.ve\/site\/2020\/07\/07\/aumento-a-13-los-fallecidos-por-la-deflagracion-del-cisterna-en-colombia\/#primaryimage"},"thumbnailUrl":"https:\/\/digital58.com.ve\/site\/wp-content\/uploads\/2020\/07\/TasaJeRa.jpg","datePublished":"2020-07-08T02:21:05+00:00","description":"Mundo","breadcrumb":{"@id":"https:\/\/digital58.com.ve\/site\/2020\/07\/07\/aumento-a-13-los-fallecidos-por-la-deflagracion-del-cisterna-en-colombia\/#breadcrumb"},"inLanguage":"es","potentialAction":[{"@type":"ReadAction","target":["https:\/\/digital58.com.ve\/site\/2020\/07\/07\/aumento-a-13-los-fallecidos-por-la-deflagracion-del-cisterna-en-colombia\/"]}]},{"@type":"ImageObject","inLanguage":"es","@id":"https:\/\/digital58.com.ve\/site\/2020\/07\/07\/aumento-a-13-los-fallecidos-por-la-deflagracion-del-cisterna-en-colombia\/#primaryimage","url":"https:\/\/digital58.com.ve\/site\/wp-content\/uploads\/2020\/07\/TasaJeRa.jpg","contentUrl":"https:\/\/digital58.com.ve\/site\/wp-content\/uploads\/2020\/07\/TasaJeRa.jpg","width":800,"height":463},{"@type":"BreadcrumbList","@id":"https:\/\/digital58.com.ve\/site\/2020\/07\/07\/aumento-a-13-los-fallecidos-por-la-deflagracion-del-cisterna-en-colombia\/#breadcrumb","itemListElement":[{"@type":"ListItem","position":1,"name":"Home","item":"https:\/\/digital58.com.ve\/site\/"},{"@type":"ListItem","position":2,"name":"Aument\u00f3 a 13 los fallecidos por la deflagraci\u00f3n del cisterna en Colombia"}]},{"@type":"WebSite","@id":"https:\/\/digital58.com.ve\/site\/#website","url":"https:\/\/digital58.com.ve\/site\/","name":"Noticias Digital58","description":"Portal de Noticias \u00a1Periodismo web de verdad! Lanzamiento web 22.11.2005 \/ Maracaibo, Venezuela","publisher":{"@id":"https:\/\/digital58.com.ve\/site\/#\/schema\/person\/64d1c2e4d0d4fd1b849980c4331c2951"},"alternateName":"ND58","potentialAction":[{"@type":"SearchAction","target":{"@type":"EntryPoint","urlTemplate":"https:\/\/digital58.com.ve\/site\/?s={search_term_string}"},"query-input":{"@type":"PropertyValueSpecification","valueRequired":true,"valueName":"search_term_string"}}],"inLanguage":"es"},{"@type":["Person","Organization"],"@id":"https:\/\/digital58.com.ve\/site\/#\/schema\/person\/64d1c2e4d0d4fd1b849980c4331c2951","name":"Villasmil Henry","image":{"@type":"ImageObject","inLanguage":"es","@id":"https:\/\/secure.gravatar.com\/avatar\/bb0c4a2fcb7970138239f7e404ea75757b1b507b28b5ce4c53fbd62d797c5a7c?s=96&d=mm&r=g","url":"https:\/\/secure.gravatar.com\/avatar\/bb0c4a2fcb7970138239f7e404ea75757b1b507b28b5ce4c53fbd62d797c5a7c?s=96&d=mm&r=g","contentUrl":"https:\/\/secure.gravatar.com\/avatar\/bb0c4a2fcb7970138239f7e404ea75757b1b507b28b5ce4c53fbd62d797c5a7c?s=96&d=mm&r=g","caption":"Villasmil Henry"},"logo":{"@id":"https:\/\/secure.gravatar.com\/avatar\/bb0c4a2fcb7970138239f7e404ea75757b1b507b28b5ce4c53fbd62d797c5a7c?s=96&d=mm&r=g"},"sameAs":["http:\/\/www.henryvillasmil.com.ve","https:\/\/www.instagram.com\/villasmilhfoto\/","https:\/\/x.com\/https:\/\/twitter.com\/villasmilhfoto"]},{"@type":"Person","@id":"https:\/\/digital58.com.ve\/site\/#\/schema\/person\/8daf5f8bfd9ebdb98150c62bff195b72","name":"Morales Joel","image":{"@type":"ImageObject","inLanguage":"es","@id":"https:\/\/secure.gravatar.com\/avatar\/e2cb5ce0e9279ab3c8e03d472e483f32e666716a18da3bfa7b0749a5465409f1?s=96&d=mm&r=g","url":"https:\/\/secure.gravatar.com\/avatar\/e2cb5ce0e9279ab3c8e03d472e483f32e666716a18da3bfa7b0749a5465409f1?s=96&d=mm&r=g","contentUrl":"https:\/\/secure.gravatar.com\/avatar\/e2cb5ce0e9279ab3c8e03d472e483f32e666716a18da3bfa7b0749a5465409f1?s=96&d=mm&r=g","caption":"Morales Joel"},"url":"https:\/\/digital58.com.ve\/site\/author\/joelm\/"}]}},"uagb_featured_image_src":{"full":["https:\/\/digital58.com.ve\/site\/wp-content\/uploads\/2020\/07\/TasaJeRa.jpg",800,463,false],"thumbnail":["https:\/\/digital58.com.ve\/site\/wp-content\/uploads\/2020\/07\/TasaJeRa-150x150.jpg",150,150,true],"medium":["https:\/\/digital58.com.ve\/site\/wp-content\/uploads\/2020\/07\/TasaJeRa-300x174.jpg",300,174,true],"medium_large":["https:\/\/digital58.com.ve\/site\/wp-content\/uploads\/2020\/07\/TasaJeRa-768x445.jpg",768,445,true],"large":["https:\/\/digital58.com.ve\/site\/wp-content\/uploads\/2020\/07\/TasaJeRa.jpg",800,463,false],"1536x1536":["https:\/\/digital58.com.ve\/site\/wp-content\/uploads\/2020\/07\/TasaJeRa.jpg",800,463,false],"2048x2048":["https:\/\/digital58.com.ve\/site\/wp-content\/uploads\/2020\/07\/TasaJeRa.jpg",800,463,false],"colormag-highlighted-post":["https:\/\/digital58.com.ve\/site\/wp-content\/uploads\/2020\/07\/TasaJeRa.jpg",392,227,false],"colormag-featured-post-medium":["https:\/\/digital58.com.ve\/site\/wp-content\/uploads\/2020\/07\/TasaJeRa.jpg",354,205,false],"colormag-featured-post-small":["https:\/\/digital58.com.ve\/site\/wp-content\/uploads\/2020\/07\/TasaJeRa.jpg",130,75,false],"colormag-featured-image":["https:\/\/digital58.com.ve\/site\/wp-content\/uploads\/2020\/07\/TasaJeRa.jpg",769,445,false],"colormag-default-news":["https:\/\/digital58.com.ve\/site\/wp-content\/uploads\/2020\/07\/TasaJeRa.jpg",150,87,false],"colormag-featured-image-large":["https:\/\/digital58.com.ve\/site\/wp-content\/uploads\/2020\/07\/TasaJeRa.jpg",800,463,false]},"uagb_author_info":{"display_name":"Morales Joel","author_link":"https:\/\/digital58.com.ve\/site\/author\/joelm\/"},"uagb_comment_info":0,"uagb_excerpt":"Este martes, fueron trasladadas hasta Bogot\u00e1 10 personas con quemaduras. Bogot\u00e1, Colombia, 07 de julio de 2020 (ND58).-\u00a0El reporte oficial,","_links":{"self":[{"href":"https:\/\/digital58.com.ve\/site\/wp-json\/wp\/v2\/posts\/112144","targetHints":{"allow":["GET"]}}],"collection":[{"href":"https:\/\/digital58.com.ve\/site\/wp-json\/wp\/v2\/posts"}],"about":[{"href":"https:\/\/digital58.com.ve\/site\/wp-json\/wp\/v2\/types\/post"}],"author":[{"embeddable":true,"href":"https:\/\/digital58.com.ve\/site\/wp-json\/wp\/v2\/users\/29"}],"replies":[{"embeddable":true,"href":"https:\/\/digital58.com.ve\/site\/wp-json\/wp\/v2\/comments?post=112144"}],"version-history":[{"count":0,"href":"https:\/\/digital58.com.ve\/site\/wp-json\/wp\/v2\/posts\/112144\/revisions"}],"wp:featuredmedia":[{"embeddable":true,"href":"https:\/\/digital58.com.ve\/site\/wp-json\/wp\/v2\/media\/112149"}],"wp:attachment":[{"href":"https:\/\/digital58.com.ve\/site\/wp-json\/wp\/v2\/media?parent=112144"}],"wp:term":[{"taxonomy":"category","embeddable":true,"href":"https:\/\/digital58.com.ve\/site\/wp-json\/wp\/v2\/categories?post=112144"},{"taxonomy":"post_tag","embeddable":true,"href":"https:\/\/digital58.com.ve\/site\/wp-json\/wp\/v2\/tags?post=112144"}],"curies":[{"name":"wp","href":"https:\/\/api.w.org\/{rel}","templated":true}]}}