{"id":112364,"date":"2020-07-08T12:51:44","date_gmt":"2020-07-08T16:51:44","guid":{"rendered":"https:\/\/digital58.com.ve\/site\/?p=112364"},"modified":"2020-07-08T13:07:11","modified_gmt":"2020-07-08T17:07:11","slug":"esta-fue-la-ultima-vez-que-daniel-alvarado-compartio-con-digital-58","status":"publish","type":"post","link":"https:\/\/digital58.com.ve\/site\/2020\/07\/08\/esta-fue-la-ultima-vez-que-daniel-alvarado-compartio-con-digital-58\/","title":{"rendered":"Esta fue la \u00faltima vez que Daniel Alvarado comparti\u00f3 con DIGITAL58"},"content":{"rendered":"<p><img loading=\"lazy\" decoding=\"async\" class=\"alignnone size-full wp-image-112372\" src=\"https:\/\/digital58.com.ve\/site\/wp-content\/uploads\/2020\/07\/dani-en-caribe.jpg\" alt=\"\" width=\"1000\" height=\"666\" srcset=\"https:\/\/digital58.com.ve\/site\/wp-content\/uploads\/2020\/07\/dani-en-caribe.jpg 800w, https:\/\/digital58.com.ve\/site\/wp-content\/uploads\/2020\/07\/dani-en-caribe-300x200.jpg 300w, https:\/\/digital58.com.ve\/site\/wp-content\/uploads\/2020\/07\/dani-en-caribe-768x511.jpg 768w, https:\/\/digital58.com.ve\/site\/wp-content\/uploads\/2020\/07\/dani-en-caribe-720x480.jpg 720w, https:\/\/digital58.com.ve\/site\/wp-content\/uploads\/2020\/07\/dani-en-caribe-480x320.jpg 480w\" sizes=\"auto, (max-width: 1000px) 100vw, 1000px\" \/><\/p>\n<p>En 2010,\u00a0 despu\u00e9s de 37 a\u00f1os, el artista zuliano regres\u00f3 a su tierra para formar parte de un encuentro de gaiteros, evento en el que comparti\u00f3 con la familia de NOTICIAS DIGITAL58.<\/p>\n<p><strong>Maracaibo, Zulia, Venezuela, 08 de julio de 2020 (ND58).<\/strong> El 5 de marzo del 2010 fue la \u00faltima vez que el equipo de NOTICIAS DIGITAL58 tuvo la oportunidad de compartir con el reconocido artista Daniel Alvarado, quien este mi\u00e9rcoles<a href=\"https:\/\/digital58.com.ve\/site\/2020\/07\/08\/murio-en-accidente-domestico-el-actor-daniel-alvarado\/\" target=\"_blank\" rel=\"noopener noreferrer\"> falleci\u00f3 tras caer por las escaleras de su casa.<\/a><\/p>\n<p>Alvarado regres\u00f3 a su tierra, despu\u00e9s de 37 a\u00f1os, para formar parte del proyecto gaitero Los P\u00e1jaros Rojos.<\/p>\n<p><a href=\"https:\/\/noticiasdigital58.blogspot.com\/2010\/05\/los-pajaros-rojos-gaiteros-por-siempre.html\" target=\"_blank\" rel=\"noopener noreferrer\"><strong>Aqu\u00ed la nota completa:\u00a0<\/strong><\/a><\/p>\n<div>\n<p>Una vez m\u00e1s el gaitero de tradici\u00f3n emprende su m\u00e1s alto vuelo en su af\u00e1n de contribuir a la difusi\u00f3n y exaltaci\u00f3n de los valores musicales de esta tierra para garantizar en el tiempo la grandeza de su m\u00e1xima expresi\u00f3n, la Gaita.<\/p>\n<\/div>\n<div>\n<p>Sin duda y con firmeza, emblem\u00e1ticas figuras de este ritmo pascuero como un acto de amor por nuestra cultura durante esa b\u00fasqueda incesante de mantener la tradici\u00f3n a lo largo y ancho del mundo, vienen a asegurar su proyecci\u00f3n, difusi\u00f3n y calidad que por d\u00e9cadas ha caracterizado la autentica expresi\u00f3n zuliana.<\/p>\n<\/div>\n<div>\n<p>\u00abLos P\u00e1jaros Rojos\u00bb pretende seguir conquistando sonrisas, l\u00e1grimas y aplausos rememorando esos momentos que en otrora hicieron vibrar los instrumentos musicales como: el furro, el cuatro, las maracas, la tambora y cada voz que cobija el sentir de los venezolanos.<\/p>\n<\/div>\n<div>\n<p>Ender Fuenmayor, Daniel Alvarado, Danelo Badell, Pedro Rossell, Pablo Grey, V\u00edctor Manuel Alvarado, Enrique Quiroz y Marvin Gonz\u00e1lez\u00a0ser\u00e1n los protagonistas de este nuevo proyecto que cautivar\u00e1 a los amantes de la gaita zuliana.<\/p>\n<p>Estar\u00e1n acompa\u00f1ados de excelentes instrumentistas tales como Antonio Aguillon, Freddy Rodr\u00edguez, Carlos Rivera, Daniel Bol\u00edvar, Juan Lan, Rene Gil y Anthony Vargas, quienes viajar\u00e1n al son del furro, cuatro, maraca y tambora para rememorar tiempos pasados, en los cuales expresaron su amor por nuestro folclore regional.<\/p>\n<\/div>\n<div><img loading=\"lazy\" decoding=\"async\" class=\"alignnone size-full wp-image-112375\" src=\"https:\/\/digital58.com.ve\/site\/wp-content\/uploads\/2020\/07\/daniel-nd-58.jpg\" alt=\"\" width=\"900\" height=\"600\" srcset=\"https:\/\/digital58.com.ve\/site\/wp-content\/uploads\/2020\/07\/daniel-nd-58.jpg 800w, https:\/\/digital58.com.ve\/site\/wp-content\/uploads\/2020\/07\/daniel-nd-58-300x200.jpg 300w, https:\/\/digital58.com.ve\/site\/wp-content\/uploads\/2020\/07\/daniel-nd-58-768x512.jpg 768w, https:\/\/digital58.com.ve\/site\/wp-content\/uploads\/2020\/07\/daniel-nd-58-720x480.jpg 720w, https:\/\/digital58.com.ve\/site\/wp-content\/uploads\/2020\/07\/daniel-nd-58-480x320.jpg 480w\" sizes=\"auto, (max-width: 900px) 100vw, 900px\" \/><\/div>\n<div>Con el nombre de \u00abLos P\u00e1jaros Rojos\u00bb esta agrupaci\u00f3n gaitera conformada por destacados int\u00e9rpretes e instrumentistas de nuestra gaita, aspira recorrer parte de nuestra patria para seguir proyectando este ritmo que identifica no s\u00f3lo al Zulia sino a toda Venezuela, recordando temas gaiteros como: \u00abEl Negrito fullero\u00bb, \u00abEl Blue Jeans\u00bb, \u00abOrinoco\u00bb, \u00abLa Negra Juana\u00bb, \u00abLibertad\u00bb, \u00abLolelolaila\u00bb, \u00abEl Vapor\u00bb, \u00abEl tren de Cardenales\u00bb, \u00abFascinante Venezuela\u00bb, \u00abFiesta Decembrina\u00bb, \u00abCaracas\u00bb, \u00abTrigue\u00f1a Hermosa\u00bb, \u00abMaracaibo Diamantina\u00bb, \u00abCanto Magistral\u00bb, adem\u00e1s de presentar algunos temas in\u00e9ditos para la presente temporada.<\/div>\n<p><b>Luego de 37 a\u00f1os una de las huellas musicales del Zulia regresa a su ciudad natal<\/b><\/p>\n<div>\n<p><b>Daniel Alvarado<\/b>, cantante, actor y m\u00fasico, regresa a su ciudad natal luego de 37 a\u00f1os para dedicarle un espacio m\u00e1s a su canto de siempre, la Gaita. Este gran cantante viene a reencontrarse con sus ra\u00edces y revivir momentos de alegr\u00eda con ese calor zuliano que lo caracteriza.<\/p>\n<\/div>\n<div>\n<p>Hoy, Daniel Alvarado asume nuevamente el reto de brindarle a su tierra su calidad, talento y sencillez junto a sus compa\u00f1eros de siempre, demostrando el mismo amor y carisma que le ha puesto a cada pieza musical.<\/p>\n<p>\u00abLuego de tantos a\u00f1os, vengo a evocar esos tiempos cuando en cada escenario palpaba la fibra y el cari\u00f1o de mi p\u00fablico. Ese cord\u00f3n musical que me une a esta tierra sigue m\u00e1s vigente que nunca y quiero transmitirle a las nuevas generaciones esas ra\u00edces que son incomparables e inolvidables dentro de nuestro folclore\u00bb. Daniel Alvarado.<\/p><div class=\"ujmkm69ec8187c23af\" ><p style=\"text-align: center;\"><a href=\"https:\/\/t.me\/noticiasdigital58\" target=\"_blank\" rel=\"noopener\"><img class=\"aligncenter size-full wp-image-125363\" src=\"https:\/\/digital58.com.ve\/site\/wp-content\/uploads\/2021\/04\/banner-telegram-web-2021.png\" alt=\"\" width=\"600\" height=\"90\" \/><\/a><\/p><\/div><style type=\"text\/css\">\r\n@media screen and (min-width: 1201px) {\r\n.ujmkm69ec8187c23af {\r\ndisplay: block;\r\n}\r\n}\r\n@media screen and (min-width: 993px) and (max-width: 1200px) {\r\n.ujmkm69ec8187c23af {\r\ndisplay: block;\r\n}\r\n}\r\n@media screen and (min-width: 769px) and (max-width: 992px) {\r\n.ujmkm69ec8187c23af {\r\ndisplay: block;\r\n}\r\n}\r\n@media screen and (min-width: 768px) and (max-width: 768px) {\r\n.ujmkm69ec8187c23af {\r\ndisplay: block;\r\n}\r\n}\r\n@media screen and (max-width: 767px) {\r\n.ujmkm69ec8187c23af {\r\ndisplay: block;\r\n}\r\n}\r\n<\/style>\r\n\n<\/div>\n<div>\n<p><strong>Redacci\u00f3n: ND58<\/strong><strong><br \/>\nEdici\u00f3n: Villasmil, Henry<\/strong><br \/>\n<strong>Gr\u00e1fica: Villasmil, Henry<\/strong><\/p>\n<\/div>\n<div><\/div>\n<div style=\"margin-top: 0px; margin-bottom: 0px;\" class=\"sharethis-inline-share-buttons\" ><\/div>","protected":false},"excerpt":{"rendered":"<p>En 2010,\u00a0 despu\u00e9s de 37 a\u00f1os, el artista zuliano regres\u00f3 a su tierra para formar parte de un encuentro de<\/p>\n","protected":false},"author":31,"featured_media":112372,"comment_status":"open","ping_status":"closed","sticky":false,"template":"","format":"standard","meta":{"colormag_page_container_layout":"default_layout","colormag_page_sidebar_layout":"default_layout","_uag_custom_page_level_css":"","footnotes":""},"categories":[8608],"tags":[15198,5921,7117,3331],"class_list":["post-112364","post","type-post","status-publish","format-standard","has-post-thumbnail","hentry","category-reportajes-especiales","tag-daniel-alvarado","tag-espectaculo","tag-fallecimiento","tag-fama"],"yoast_head":"<!-- This site is optimized with the Yoast SEO plugin v27.4 - https:\/\/yoast.com\/product\/yoast-seo-wordpress\/ -->\n<title>Esta fue la \u00faltima vez que Daniel Alvarado comparti\u00f3 con DIGITAL58<\/title>\n<meta name=\"robots\" content=\"index, follow, max-snippet:-1, max-image-preview:large, max-video-preview:-1\" \/>\n<link rel=\"canonical\" href=\"https:\/\/digital58.com.ve\/site\/2020\/07\/08\/esta-fue-la-ultima-vez-que-daniel-alvarado-compartio-con-digital-58\/\" \/>\n<meta property=\"og:locale\" content=\"es_ES\" \/>\n<meta property=\"og:type\" content=\"article\" \/>\n<meta property=\"og:title\" content=\"Esta fue la \u00faltima vez que Daniel Alvarado comparti\u00f3 con DIGITAL58\" \/>\n<meta property=\"og:url\" content=\"https:\/\/digital58.com.ve\/site\/2020\/07\/08\/esta-fue-la-ultima-vez-que-daniel-alvarado-compartio-con-digital-58\/\" \/>\n<meta property=\"og:site_name\" content=\"Noticias Digital58\" \/>\n<meta property=\"article:published_time\" content=\"2020-07-08T16:51:44+00:00\" \/>\n<meta property=\"article:modified_time\" content=\"2020-07-08T17:07:11+00:00\" \/>\n<meta property=\"og:image\" content=\"https:\/\/digital58.com.ve\/site\/wp-content\/uploads\/2020\/07\/dani-en-caribe.jpg\" \/>\n\t<meta property=\"og:image:width\" content=\"1000\" \/>\n\t<meta property=\"og:image:height\" content=\"666\" \/>\n\t<meta property=\"og:image:type\" content=\"image\/jpeg\" \/>\n<meta name=\"author\" content=\"Chavez Castro Marian\" \/>\n<meta name=\"twitter:card\" content=\"summary_large_image\" \/>\n<meta name=\"twitter:creator\" content=\"@Digital_58\" \/>\n<meta name=\"twitter:site\" content=\"@villasmilhfoto\" \/>\n<meta name=\"twitter:label1\" content=\"Escrito por\" \/>\n\t<meta name=\"twitter:data1\" content=\"Chavez Castro Marian\" \/>\n\t<meta name=\"twitter:label2\" content=\"Tiempo estimado de lectura\" \/>\n\t<meta name=\"twitter:data2\" content=\"3 minutos\" \/>\n<script type=\"application\/ld+json\" class=\"yoast-schema-graph\">{\"@context\":\"https:\\\/\\\/schema.org\",\"@graph\":[{\"@type\":\"Article\",\"@id\":\"https:\\\/\\\/digital58.com.ve\\\/site\\\/2020\\\/07\\\/08\\\/esta-fue-la-ultima-vez-que-daniel-alvarado-compartio-con-digital-58\\\/#article\",\"isPartOf\":{\"@id\":\"https:\\\/\\\/digital58.com.ve\\\/site\\\/2020\\\/07\\\/08\\\/esta-fue-la-ultima-vez-que-daniel-alvarado-compartio-con-digital-58\\\/\"},\"author\":{\"name\":\"Chavez Castro Marian\",\"@id\":\"https:\\\/\\\/digital58.com.ve\\\/site\\\/#\\\/schema\\\/person\\\/9c0f3a88cb18ad2a045bf3b5d13c0a49\"},\"headline\":\"Esta fue la \u00faltima vez que Daniel Alvarado comparti\u00f3 con DIGITAL58\",\"datePublished\":\"2020-07-08T16:51:44+00:00\",\"dateModified\":\"2020-07-08T17:07:11+00:00\",\"mainEntityOfPage\":{\"@id\":\"https:\\\/\\\/digital58.com.ve\\\/site\\\/2020\\\/07\\\/08\\\/esta-fue-la-ultima-vez-que-daniel-alvarado-compartio-con-digital-58\\\/\"},\"wordCount\":619,\"commentCount\":0,\"publisher\":{\"@id\":\"https:\\\/\\\/digital58.com.ve\\\/site\\\/#\\\/schema\\\/person\\\/64d1c2e4d0d4fd1b849980c4331c2951\"},\"image\":{\"@id\":\"https:\\\/\\\/digital58.com.ve\\\/site\\\/2020\\\/07\\\/08\\\/esta-fue-la-ultima-vez-que-daniel-alvarado-compartio-con-digital-58\\\/#primaryimage\"},\"thumbnailUrl\":\"https:\\\/\\\/digital58.com.ve\\\/site\\\/wp-content\\\/uploads\\\/2020\\\/07\\\/dani-en-caribe.jpg\",\"keywords\":[\"Daniel Alvarado\",\"Espect\u00e1culo\",\"Fallecimiento\",\"Fama\"],\"articleSection\":[\"Reportajes Especiales\"],\"inLanguage\":\"es\",\"potentialAction\":[{\"@type\":\"CommentAction\",\"name\":\"Comment\",\"target\":[\"https:\\\/\\\/digital58.com.ve\\\/site\\\/2020\\\/07\\\/08\\\/esta-fue-la-ultima-vez-que-daniel-alvarado-compartio-con-digital-58\\\/#respond\"]}]},{\"@type\":\"WebPage\",\"@id\":\"https:\\\/\\\/digital58.com.ve\\\/site\\\/2020\\\/07\\\/08\\\/esta-fue-la-ultima-vez-que-daniel-alvarado-compartio-con-digital-58\\\/\",\"url\":\"https:\\\/\\\/digital58.com.ve\\\/site\\\/2020\\\/07\\\/08\\\/esta-fue-la-ultima-vez-que-daniel-alvarado-compartio-con-digital-58\\\/\",\"name\":\"Esta fue la \u00faltima vez que Daniel Alvarado comparti\u00f3 con DIGITAL58\",\"isPartOf\":{\"@id\":\"https:\\\/\\\/digital58.com.ve\\\/site\\\/#website\"},\"primaryImageOfPage\":{\"@id\":\"https:\\\/\\\/digital58.com.ve\\\/site\\\/2020\\\/07\\\/08\\\/esta-fue-la-ultima-vez-que-daniel-alvarado-compartio-con-digital-58\\\/#primaryimage\"},\"image\":{\"@id\":\"https:\\\/\\\/digital58.com.ve\\\/site\\\/2020\\\/07\\\/08\\\/esta-fue-la-ultima-vez-que-daniel-alvarado-compartio-con-digital-58\\\/#primaryimage\"},\"thumbnailUrl\":\"https:\\\/\\\/digital58.com.ve\\\/site\\\/wp-content\\\/uploads\\\/2020\\\/07\\\/dani-en-caribe.jpg\",\"datePublished\":\"2020-07-08T16:51:44+00:00\",\"dateModified\":\"2020-07-08T17:07:11+00:00\",\"breadcrumb\":{\"@id\":\"https:\\\/\\\/digital58.com.ve\\\/site\\\/2020\\\/07\\\/08\\\/esta-fue-la-ultima-vez-que-daniel-alvarado-compartio-con-digital-58\\\/#breadcrumb\"},\"inLanguage\":\"es\",\"potentialAction\":[{\"@type\":\"ReadAction\",\"target\":[\"https:\\\/\\\/digital58.com.ve\\\/site\\\/2020\\\/07\\\/08\\\/esta-fue-la-ultima-vez-que-daniel-alvarado-compartio-con-digital-58\\\/\"]}]},{\"@type\":\"ImageObject\",\"inLanguage\":\"es\",\"@id\":\"https:\\\/\\\/digital58.com.ve\\\/site\\\/2020\\\/07\\\/08\\\/esta-fue-la-ultima-vez-que-daniel-alvarado-compartio-con-digital-58\\\/#primaryimage\",\"url\":\"https:\\\/\\\/digital58.com.ve\\\/site\\\/wp-content\\\/uploads\\\/2020\\\/07\\\/dani-en-caribe.jpg\",\"contentUrl\":\"https:\\\/\\\/digital58.com.ve\\\/site\\\/wp-content\\\/uploads\\\/2020\\\/07\\\/dani-en-caribe.jpg\",\"width\":800,\"height\":533},{\"@type\":\"BreadcrumbList\",\"@id\":\"https:\\\/\\\/digital58.com.ve\\\/site\\\/2020\\\/07\\\/08\\\/esta-fue-la-ultima-vez-que-daniel-alvarado-compartio-con-digital-58\\\/#breadcrumb\",\"itemListElement\":[{\"@type\":\"ListItem\",\"position\":1,\"name\":\"Home\",\"item\":\"https:\\\/\\\/digital58.com.ve\\\/site\\\/\"},{\"@type\":\"ListItem\",\"position\":2,\"name\":\"Esta fue la \u00faltima vez que Daniel Alvarado comparti\u00f3 con DIGITAL58\"}]},{\"@type\":\"WebSite\",\"@id\":\"https:\\\/\\\/digital58.com.ve\\\/site\\\/#website\",\"url\":\"https:\\\/\\\/digital58.com.ve\\\/site\\\/\",\"name\":\"Noticias Digital58\",\"description\":\"Portal de Noticias \u00a1Periodismo web de verdad! Lanzamiento web 22.11.2005 \\\/ Maracaibo, Venezuela\",\"publisher\":{\"@id\":\"https:\\\/\\\/digital58.com.ve\\\/site\\\/#\\\/schema\\\/person\\\/64d1c2e4d0d4fd1b849980c4331c2951\"},\"alternateName\":\"ND58\",\"potentialAction\":[{\"@type\":\"SearchAction\",\"target\":{\"@type\":\"EntryPoint\",\"urlTemplate\":\"https:\\\/\\\/digital58.com.ve\\\/site\\\/?s={search_term_string}\"},\"query-input\":{\"@type\":\"PropertyValueSpecification\",\"valueRequired\":true,\"valueName\":\"search_term_string\"}}],\"inLanguage\":\"es\"},{\"@type\":[\"Person\",\"Organization\"],\"@id\":\"https:\\\/\\\/digital58.com.ve\\\/site\\\/#\\\/schema\\\/person\\\/64d1c2e4d0d4fd1b849980c4331c2951\",\"name\":\"Villasmil Henry\",\"image\":{\"@type\":\"ImageObject\",\"inLanguage\":\"es\",\"@id\":\"https:\\\/\\\/secure.gravatar.com\\\/avatar\\\/bb0c4a2fcb7970138239f7e404ea75757b1b507b28b5ce4c53fbd62d797c5a7c?s=96&d=mm&r=g\",\"url\":\"https:\\\/\\\/secure.gravatar.com\\\/avatar\\\/bb0c4a2fcb7970138239f7e404ea75757b1b507b28b5ce4c53fbd62d797c5a7c?s=96&d=mm&r=g\",\"contentUrl\":\"https:\\\/\\\/secure.gravatar.com\\\/avatar\\\/bb0c4a2fcb7970138239f7e404ea75757b1b507b28b5ce4c53fbd62d797c5a7c?s=96&d=mm&r=g\",\"caption\":\"Villasmil Henry\"},\"logo\":{\"@id\":\"https:\\\/\\\/secure.gravatar.com\\\/avatar\\\/bb0c4a2fcb7970138239f7e404ea75757b1b507b28b5ce4c53fbd62d797c5a7c?s=96&d=mm&r=g\"},\"sameAs\":[\"http:\\\/\\\/www.henryvillasmil.com.ve\",\"https:\\\/\\\/www.instagram.com\\\/villasmilhfoto\\\/\",\"https:\\\/\\\/x.com\\\/https:\\\/\\\/twitter.com\\\/villasmilhfoto\"]},{\"@type\":\"Person\",\"@id\":\"https:\\\/\\\/digital58.com.ve\\\/site\\\/#\\\/schema\\\/person\\\/9c0f3a88cb18ad2a045bf3b5d13c0a49\",\"name\":\"Chavez Castro Marian\",\"image\":{\"@type\":\"ImageObject\",\"inLanguage\":\"es\",\"@id\":\"https:\\\/\\\/secure.gravatar.com\\\/avatar\\\/f0d85074342e38d350fb5a6141afb1fb5c0ef9cb2f88442cd5535b1a7fe29dbd?s=96&d=mm&r=g\",\"url\":\"https:\\\/\\\/secure.gravatar.com\\\/avatar\\\/f0d85074342e38d350fb5a6141afb1fb5c0ef9cb2f88442cd5535b1a7fe29dbd?s=96&d=mm&r=g\",\"contentUrl\":\"https:\\\/\\\/secure.gravatar.com\\\/avatar\\\/f0d85074342e38d350fb5a6141afb1fb5c0ef9cb2f88442cd5535b1a7fe29dbd?s=96&d=mm&r=g\",\"caption\":\"Chavez Castro Marian\"},\"url\":\"https:\\\/\\\/digital58.com.ve\\\/site\\\/author\\\/mchavezcastro\\\/\"}]}<\/script>\n<!-- \/ Yoast SEO plugin. -->","yoast_head_json":{"title":"Esta fue la \u00faltima vez que Daniel Alvarado comparti\u00f3 con DIGITAL58","robots":{"index":"index","follow":"follow","max-snippet":"max-snippet:-1","max-image-preview":"max-image-preview:large","max-video-preview":"max-video-preview:-1"},"canonical":"https:\/\/digital58.com.ve\/site\/2020\/07\/08\/esta-fue-la-ultima-vez-que-daniel-alvarado-compartio-con-digital-58\/","og_locale":"es_ES","og_type":"article","og_title":"Esta fue la \u00faltima vez que Daniel Alvarado comparti\u00f3 con DIGITAL58","og_url":"https:\/\/digital58.com.ve\/site\/2020\/07\/08\/esta-fue-la-ultima-vez-que-daniel-alvarado-compartio-con-digital-58\/","og_site_name":"Noticias Digital58","article_published_time":"2020-07-08T16:51:44+00:00","article_modified_time":"2020-07-08T17:07:11+00:00","og_image":[{"width":1000,"height":666,"url":"https:\/\/digital58.com.ve\/site\/wp-content\/uploads\/2020\/07\/dani-en-caribe.jpg","type":"image\/jpeg"}],"author":"Chavez Castro Marian","twitter_card":"summary_large_image","twitter_creator":"@Digital_58","twitter_site":"@villasmilhfoto","twitter_misc":{"Escrito por":"Chavez Castro Marian","Tiempo estimado de lectura":"3 minutos"},"schema":{"@context":"https:\/\/schema.org","@graph":[{"@type":"Article","@id":"https:\/\/digital58.com.ve\/site\/2020\/07\/08\/esta-fue-la-ultima-vez-que-daniel-alvarado-compartio-con-digital-58\/#article","isPartOf":{"@id":"https:\/\/digital58.com.ve\/site\/2020\/07\/08\/esta-fue-la-ultima-vez-que-daniel-alvarado-compartio-con-digital-58\/"},"author":{"name":"Chavez Castro Marian","@id":"https:\/\/digital58.com.ve\/site\/#\/schema\/person\/9c0f3a88cb18ad2a045bf3b5d13c0a49"},"headline":"Esta fue la \u00faltima vez que Daniel Alvarado comparti\u00f3 con DIGITAL58","datePublished":"2020-07-08T16:51:44+00:00","dateModified":"2020-07-08T17:07:11+00:00","mainEntityOfPage":{"@id":"https:\/\/digital58.com.ve\/site\/2020\/07\/08\/esta-fue-la-ultima-vez-que-daniel-alvarado-compartio-con-digital-58\/"},"wordCount":619,"commentCount":0,"publisher":{"@id":"https:\/\/digital58.com.ve\/site\/#\/schema\/person\/64d1c2e4d0d4fd1b849980c4331c2951"},"image":{"@id":"https:\/\/digital58.com.ve\/site\/2020\/07\/08\/esta-fue-la-ultima-vez-que-daniel-alvarado-compartio-con-digital-58\/#primaryimage"},"thumbnailUrl":"https:\/\/digital58.com.ve\/site\/wp-content\/uploads\/2020\/07\/dani-en-caribe.jpg","keywords":["Daniel Alvarado","Espect\u00e1culo","Fallecimiento","Fama"],"articleSection":["Reportajes Especiales"],"inLanguage":"es","potentialAction":[{"@type":"CommentAction","name":"Comment","target":["https:\/\/digital58.com.ve\/site\/2020\/07\/08\/esta-fue-la-ultima-vez-que-daniel-alvarado-compartio-con-digital-58\/#respond"]}]},{"@type":"WebPage","@id":"https:\/\/digital58.com.ve\/site\/2020\/07\/08\/esta-fue-la-ultima-vez-que-daniel-alvarado-compartio-con-digital-58\/","url":"https:\/\/digital58.com.ve\/site\/2020\/07\/08\/esta-fue-la-ultima-vez-que-daniel-alvarado-compartio-con-digital-58\/","name":"Esta fue la \u00faltima vez que Daniel Alvarado comparti\u00f3 con DIGITAL58","isPartOf":{"@id":"https:\/\/digital58.com.ve\/site\/#website"},"primaryImageOfPage":{"@id":"https:\/\/digital58.com.ve\/site\/2020\/07\/08\/esta-fue-la-ultima-vez-que-daniel-alvarado-compartio-con-digital-58\/#primaryimage"},"image":{"@id":"https:\/\/digital58.com.ve\/site\/2020\/07\/08\/esta-fue-la-ultima-vez-que-daniel-alvarado-compartio-con-digital-58\/#primaryimage"},"thumbnailUrl":"https:\/\/digital58.com.ve\/site\/wp-content\/uploads\/2020\/07\/dani-en-caribe.jpg","datePublished":"2020-07-08T16:51:44+00:00","dateModified":"2020-07-08T17:07:11+00:00","breadcrumb":{"@id":"https:\/\/digital58.com.ve\/site\/2020\/07\/08\/esta-fue-la-ultima-vez-que-daniel-alvarado-compartio-con-digital-58\/#breadcrumb"},"inLanguage":"es","potentialAction":[{"@type":"ReadAction","target":["https:\/\/digital58.com.ve\/site\/2020\/07\/08\/esta-fue-la-ultima-vez-que-daniel-alvarado-compartio-con-digital-58\/"]}]},{"@type":"ImageObject","inLanguage":"es","@id":"https:\/\/digital58.com.ve\/site\/2020\/07\/08\/esta-fue-la-ultima-vez-que-daniel-alvarado-compartio-con-digital-58\/#primaryimage","url":"https:\/\/digital58.com.ve\/site\/wp-content\/uploads\/2020\/07\/dani-en-caribe.jpg","contentUrl":"https:\/\/digital58.com.ve\/site\/wp-content\/uploads\/2020\/07\/dani-en-caribe.jpg","width":800,"height":533},{"@type":"BreadcrumbList","@id":"https:\/\/digital58.com.ve\/site\/2020\/07\/08\/esta-fue-la-ultima-vez-que-daniel-alvarado-compartio-con-digital-58\/#breadcrumb","itemListElement":[{"@type":"ListItem","position":1,"name":"Home","item":"https:\/\/digital58.com.ve\/site\/"},{"@type":"ListItem","position":2,"name":"Esta fue la \u00faltima vez que Daniel Alvarado comparti\u00f3 con DIGITAL58"}]},{"@type":"WebSite","@id":"https:\/\/digital58.com.ve\/site\/#website","url":"https:\/\/digital58.com.ve\/site\/","name":"Noticias Digital58","description":"Portal de Noticias \u00a1Periodismo web de verdad! Lanzamiento web 22.11.2005 \/ Maracaibo, Venezuela","publisher":{"@id":"https:\/\/digital58.com.ve\/site\/#\/schema\/person\/64d1c2e4d0d4fd1b849980c4331c2951"},"alternateName":"ND58","potentialAction":[{"@type":"SearchAction","target":{"@type":"EntryPoint","urlTemplate":"https:\/\/digital58.com.ve\/site\/?s={search_term_string}"},"query-input":{"@type":"PropertyValueSpecification","valueRequired":true,"valueName":"search_term_string"}}],"inLanguage":"es"},{"@type":["Person","Organization"],"@id":"https:\/\/digital58.com.ve\/site\/#\/schema\/person\/64d1c2e4d0d4fd1b849980c4331c2951","name":"Villasmil Henry","image":{"@type":"ImageObject","inLanguage":"es","@id":"https:\/\/secure.gravatar.com\/avatar\/bb0c4a2fcb7970138239f7e404ea75757b1b507b28b5ce4c53fbd62d797c5a7c?s=96&d=mm&r=g","url":"https:\/\/secure.gravatar.com\/avatar\/bb0c4a2fcb7970138239f7e404ea75757b1b507b28b5ce4c53fbd62d797c5a7c?s=96&d=mm&r=g","contentUrl":"https:\/\/secure.gravatar.com\/avatar\/bb0c4a2fcb7970138239f7e404ea75757b1b507b28b5ce4c53fbd62d797c5a7c?s=96&d=mm&r=g","caption":"Villasmil Henry"},"logo":{"@id":"https:\/\/secure.gravatar.com\/avatar\/bb0c4a2fcb7970138239f7e404ea75757b1b507b28b5ce4c53fbd62d797c5a7c?s=96&d=mm&r=g"},"sameAs":["http:\/\/www.henryvillasmil.com.ve","https:\/\/www.instagram.com\/villasmilhfoto\/","https:\/\/x.com\/https:\/\/twitter.com\/villasmilhfoto"]},{"@type":"Person","@id":"https:\/\/digital58.com.ve\/site\/#\/schema\/person\/9c0f3a88cb18ad2a045bf3b5d13c0a49","name":"Chavez Castro Marian","image":{"@type":"ImageObject","inLanguage":"es","@id":"https:\/\/secure.gravatar.com\/avatar\/f0d85074342e38d350fb5a6141afb1fb5c0ef9cb2f88442cd5535b1a7fe29dbd?s=96&d=mm&r=g","url":"https:\/\/secure.gravatar.com\/avatar\/f0d85074342e38d350fb5a6141afb1fb5c0ef9cb2f88442cd5535b1a7fe29dbd?s=96&d=mm&r=g","contentUrl":"https:\/\/secure.gravatar.com\/avatar\/f0d85074342e38d350fb5a6141afb1fb5c0ef9cb2f88442cd5535b1a7fe29dbd?s=96&d=mm&r=g","caption":"Chavez Castro Marian"},"url":"https:\/\/digital58.com.ve\/site\/author\/mchavezcastro\/"}]}},"uagb_featured_image_src":{"full":["https:\/\/digital58.com.ve\/site\/wp-content\/uploads\/2020\/07\/dani-en-caribe.jpg",800,533,false],"thumbnail":["https:\/\/digital58.com.ve\/site\/wp-content\/uploads\/2020\/07\/dani-en-caribe-150x150.jpg",150,150,true],"medium":["https:\/\/digital58.com.ve\/site\/wp-content\/uploads\/2020\/07\/dani-en-caribe-300x200.jpg",300,200,true],"medium_large":["https:\/\/digital58.com.ve\/site\/wp-content\/uploads\/2020\/07\/dani-en-caribe-768x511.jpg",768,511,true],"large":["https:\/\/digital58.com.ve\/site\/wp-content\/uploads\/2020\/07\/dani-en-caribe.jpg",800,533,false],"1536x1536":["https:\/\/digital58.com.ve\/site\/wp-content\/uploads\/2020\/07\/dani-en-caribe.jpg",800,533,false],"2048x2048":["https:\/\/digital58.com.ve\/site\/wp-content\/uploads\/2020\/07\/dani-en-caribe.jpg",800,533,false],"colormag-highlighted-post":["https:\/\/digital58.com.ve\/site\/wp-content\/uploads\/2020\/07\/dani-en-caribe.jpg",392,261,false],"colormag-featured-post-medium":["https:\/\/digital58.com.ve\/site\/wp-content\/uploads\/2020\/07\/dani-en-caribe.jpg",308,205,false],"colormag-featured-post-small":["https:\/\/digital58.com.ve\/site\/wp-content\/uploads\/2020\/07\/dani-en-caribe.jpg",130,87,false],"colormag-featured-image":["https:\/\/digital58.com.ve\/site\/wp-content\/uploads\/2020\/07\/dani-en-caribe.jpg",668,445,false],"colormag-default-news":["https:\/\/digital58.com.ve\/site\/wp-content\/uploads\/2020\/07\/dani-en-caribe.jpg",150,100,false],"colormag-featured-image-large":["https:\/\/digital58.com.ve\/site\/wp-content\/uploads\/2020\/07\/dani-en-caribe.jpg",800,533,false]},"uagb_author_info":{"display_name":"Chavez Castro Marian","author_link":"https:\/\/digital58.com.ve\/site\/author\/mchavezcastro\/"},"uagb_comment_info":0,"uagb_excerpt":"En 2010,\u00a0 despu\u00e9s de 37 a\u00f1os, el artista zuliano regres\u00f3 a su tierra para formar parte de un encuentro de","_links":{"self":[{"href":"https:\/\/digital58.com.ve\/site\/wp-json\/wp\/v2\/posts\/112364","targetHints":{"allow":["GET"]}}],"collection":[{"href":"https:\/\/digital58.com.ve\/site\/wp-json\/wp\/v2\/posts"}],"about":[{"href":"https:\/\/digital58.com.ve\/site\/wp-json\/wp\/v2\/types\/post"}],"author":[{"embeddable":true,"href":"https:\/\/digital58.com.ve\/site\/wp-json\/wp\/v2\/users\/31"}],"replies":[{"embeddable":true,"href":"https:\/\/digital58.com.ve\/site\/wp-json\/wp\/v2\/comments?post=112364"}],"version-history":[{"count":0,"href":"https:\/\/digital58.com.ve\/site\/wp-json\/wp\/v2\/posts\/112364\/revisions"}],"wp:featuredmedia":[{"embeddable":true,"href":"https:\/\/digital58.com.ve\/site\/wp-json\/wp\/v2\/media\/112372"}],"wp:attachment":[{"href":"https:\/\/digital58.com.ve\/site\/wp-json\/wp\/v2\/media?parent=112364"}],"wp:term":[{"taxonomy":"category","embeddable":true,"href":"https:\/\/digital58.com.ve\/site\/wp-json\/wp\/v2\/categories?post=112364"},{"taxonomy":"post_tag","embeddable":true,"href":"https:\/\/digital58.com.ve\/site\/wp-json\/wp\/v2\/tags?post=112364"}],"curies":[{"name":"wp","href":"https:\/\/api.w.org\/{rel}","templated":true}]}}