{"id":112393,"date":"2020-07-08T15:49:29","date_gmt":"2020-07-08T19:49:29","guid":{"rendered":"https:\/\/digital58.com.ve\/site\/?p=112393"},"modified":"2020-07-08T15:49:29","modified_gmt":"2020-07-08T19:49:29","slug":"sarah-jessica-parker-abrio-su-primera-tienda-de-calzados","status":"publish","type":"post","link":"https:\/\/digital58.com.ve\/site\/2020\/07\/08\/sarah-jessica-parker-abrio-su-primera-tienda-de-calzados\/","title":{"rendered":"Sarah Jessica Parker abri\u00f3 su primera tienda de calzados"},"content":{"rendered":"\r\n<p><img loading=\"lazy\" decoding=\"async\" class=\"wp-image-112442 aligncenter\" src=\"https:\/\/digital58.com.ve\/site\/wp-content\/uploads\/2020\/07\/1324687.jpeg\" alt=\"\" width=\"635\" height=\"470\" srcset=\"https:\/\/digital58.com.ve\/site\/wp-content\/uploads\/2020\/07\/1324687.jpeg 1024w, https:\/\/digital58.com.ve\/site\/wp-content\/uploads\/2020\/07\/1324687-300x222.jpeg 300w, https:\/\/digital58.com.ve\/site\/wp-content\/uploads\/2020\/07\/1324687-768x569.jpeg 768w\" sizes=\"auto, (max-width: 635px) 100vw, 635px\" \/><\/p>\r\n<p>La actriz que protagoniz\u00f3 de \u00abSexo en la Ciudad\u00bb, materializ\u00f3 su sue\u00f1o de abrir su tienda f\u00edsica.<br \/><br \/><strong>Internacionales, 8 de julio de 2020 (ND58).-<\/strong> La artista estadounidense <strong>Sarah Jessica Parker<\/strong>, ha abierto su primera tienda de zapatos en Manhattan con dise\u00f1os propios, su l\u00ednea de negocios comenz\u00f3 hace tiempo y ahora logr\u00f3 abrir una tienda f\u00edsica.<br \/><br \/>Carrie Bradsham le daba vida al personaje de <strong>\u00abSex and the City\u00bb<\/strong>, que era adicta a la moda, a los dise\u00f1os exclusivos y costosos, al parecer no estaba tan lejos de la realidad. La actriz siente esta misma pasi\u00f3n en la vida real, hasta el punto de dise\u00f1ar sus propios zapatos sin alejarse del mundo del entretenimiento.<br \/><br \/>Sarah Parker anunci\u00f3 la apertura de su nueva tienda ubicada entre la Quinta Avenida y la Sexta Avenida, en 31 Wst 54th Street, mediante sus redes sociales, aunque advirtiendo que se tomar\u00edan todas las medidas de seguridad para evitar la propagaci\u00f3n del COVID-19<br \/><br \/>\u00abSi bien deseamos poder llenar cada cent\u00edmetro de nuestra nueva y reluciente boutique con todos y cada uno de ustedes, tomaremos todas las precauciones de seguridad necesarias para mantener seguros a nuestros clientes\u00bb, relat\u00f3 la actriz en su cuenta personal de Instagram.<br \/><br \/>Entre sus principales dise\u00f1os figuraran bailarinas, tacones altos, zapatos de noche, botas. \u00abConfiamos en que se puedan acercar a la tienda, pero desde una distancia social segura, por supuesto\u00bb, agreg\u00f3 mostrando una fotograf\u00eda de la tienda donde se muestra el elegante color y sat\u00e9n de los zapatos.<br \/><br \/>La famosa de Hollywood que ahora cuenta con una tienda propia en la Gran Manzana estren\u00f3 la segunda colecci\u00f3n a trav\u00e9s de la plataforma Amazon. La primera SJP Collection, mediante los almacenes Bloomingdale\u2019s, donde disfruto la primera tarde de atender a los clientes.<br \/><br \/>En su propia p\u00e1gina web de Sarah Jessica Parker vende accesorios como bolsos, tarjetas postales y edita libros con una editorial propia, Editorial Director of SJP for Hogarth.<\/p><div class=\"ntdwk69f3997a6538d\" ><p style=\"text-align: center;\"><a href=\"https:\/\/t.me\/noticiasdigital58\" target=\"_blank\" rel=\"noopener\"><img class=\"aligncenter size-full wp-image-125363\" src=\"https:\/\/digital58.com.ve\/site\/wp-content\/uploads\/2021\/04\/banner-telegram-web-2021.png\" alt=\"\" width=\"600\" height=\"90\" \/><\/a><\/p><\/div><style type=\"text\/css\">\r\n@media screen and (min-width: 1201px) {\r\n.ntdwk69f3997a6538d {\r\ndisplay: block;\r\n}\r\n}\r\n@media screen and (min-width: 993px) and (max-width: 1200px) {\r\n.ntdwk69f3997a6538d {\r\ndisplay: block;\r\n}\r\n}\r\n@media screen and (min-width: 769px) and (max-width: 992px) {\r\n.ntdwk69f3997a6538d {\r\ndisplay: block;\r\n}\r\n}\r\n@media screen and (min-width: 768px) and (max-width: 768px) {\r\n.ntdwk69f3997a6538d {\r\ndisplay: block;\r\n}\r\n}\r\n@media screen and (max-width: 767px) {\r\n.ntdwk69f3997a6538d {\r\ndisplay: block;\r\n}\r\n}\r\n<\/style>\r\n\r\n<p><img loading=\"lazy\" decoding=\"async\" class=\"wp-image-112443 aligncenter\" src=\"https:\/\/digital58.com.ve\/site\/wp-content\/uploads\/2020\/07\/Parker.jpg\" alt=\"\" width=\"529\" height=\"353\" srcset=\"https:\/\/digital58.com.ve\/site\/wp-content\/uploads\/2020\/07\/Parker.jpg 800w, https:\/\/digital58.com.ve\/site\/wp-content\/uploads\/2020\/07\/Parker-300x200.jpg 300w, https:\/\/digital58.com.ve\/site\/wp-content\/uploads\/2020\/07\/Parker-1500x1001.jpg 1500w, https:\/\/digital58.com.ve\/site\/wp-content\/uploads\/2020\/07\/Parker-768x513.jpg 768w, https:\/\/digital58.com.ve\/site\/wp-content\/uploads\/2020\/07\/Parker-1536x1025.jpg 1536w, https:\/\/digital58.com.ve\/site\/wp-content\/uploads\/2020\/07\/Parker-2048x1367.jpg 2048w, https:\/\/digital58.com.ve\/site\/wp-content\/uploads\/2020\/07\/Parker-720x480.jpg 720w, https:\/\/digital58.com.ve\/site\/wp-content\/uploads\/2020\/07\/Parker-480x320.jpg 480w\" sizes=\"auto, (max-width: 529px) 100vw, 529px\" \/><br \/><br \/><strong>Redacci\u00f3n: Rubio, Laura Isabel (@lauraisabelrubio) | Fuente: EFE<\/strong><br \/><strong>Edici\u00f3n: Villasmil, Henry<\/strong><br \/><strong>Gr\u00e1ficas: Cortes\u00eda<\/strong><br \/><br \/><\/p>\r\n<div style=\"margin-top: 0px; margin-bottom: 0px;\" class=\"sharethis-inline-share-buttons\" ><\/div>","protected":false},"excerpt":{"rendered":"<p>La actriz que protagoniz\u00f3 de \u00abSexo en la Ciudad\u00bb, materializ\u00f3 su sue\u00f1o de abrir su tienda f\u00edsica. Internacionales, 8 de<\/p>\n","protected":false},"author":28,"featured_media":112443,"comment_status":"open","ping_status":"closed","sticky":false,"template":"","format":"standard","meta":{"colormag_page_container_layout":"default_layout","colormag_page_sidebar_layout":"default_layout","_uag_custom_page_level_css":"","footnotes":""},"categories":[1],"tags":[8797,50,1304,273,8,6867,3755,17206,14007],"class_list":["post-112393","post","type-post","status-publish","format-standard","has-post-thumbnail","hentry","category-fama","tag-belleza-y-moda","tag-entretenimiento","tag-estados-unidos","tag-farandula","tag-internacionales","tag-manhattan","tag-nueva-york","tag-sarah-jessica-parker","tag-sex-and-the-city"],"yoast_head":"<!-- This site is optimized with the Yoast SEO plugin v27.5 - https:\/\/yoast.com\/product\/yoast-seo-wordpress\/ -->\n<title>Sarah Jessica Parker abri\u00f3 su primera tienda de calzados<\/title>\n<meta name=\"description\" content=\"Fama\" \/>\n<meta name=\"robots\" content=\"index, follow, max-snippet:-1, max-image-preview:large, max-video-preview:-1\" \/>\n<link rel=\"canonical\" href=\"https:\/\/digital58.com.ve\/site\/2020\/07\/08\/sarah-jessica-parker-abrio-su-primera-tienda-de-calzados\/\" \/>\n<meta property=\"og:locale\" content=\"es_ES\" \/>\n<meta property=\"og:type\" content=\"article\" \/>\n<meta property=\"og:title\" content=\"Sarah Jessica Parker abri\u00f3 su primera tienda de calzados\" \/>\n<meta property=\"og:description\" content=\"Fama\" \/>\n<meta property=\"og:url\" content=\"https:\/\/digital58.com.ve\/site\/2020\/07\/08\/sarah-jessica-parker-abrio-su-primera-tienda-de-calzados\/\" \/>\n<meta property=\"og:site_name\" content=\"Noticias Digital58\" \/>\n<meta property=\"article:published_time\" content=\"2020-07-08T19:49:29+00:00\" \/>\n<meta property=\"og:image\" content=\"https:\/\/digital58.com.ve\/site\/wp-content\/uploads\/2020\/07\/Parker.jpg\" \/>\n\t<meta property=\"og:image:width\" content=\"2397\" \/>\n\t<meta property=\"og:image:height\" content=\"1600\" \/>\n\t<meta property=\"og:image:type\" content=\"image\/jpeg\" \/>\n<meta name=\"author\" content=\"Rubio Laura Isabel\" \/>\n<meta name=\"twitter:card\" content=\"summary_large_image\" \/>\n<meta name=\"twitter:creator\" content=\"@Digital_58\" \/>\n<meta name=\"twitter:site\" content=\"@villasmilhfoto\" \/>\n<meta name=\"twitter:label1\" content=\"Escrito por\" \/>\n\t<meta name=\"twitter:data1\" content=\"Rubio Laura Isabel\" \/>\n\t<meta name=\"twitter:label2\" content=\"Tiempo estimado de lectura\" \/>\n\t<meta name=\"twitter:data2\" content=\"2 minutos\" \/>\n<script type=\"application\/ld+json\" class=\"yoast-schema-graph\">{\"@context\":\"https:\\\/\\\/schema.org\",\"@graph\":[{\"@type\":\"Article\",\"@id\":\"https:\\\/\\\/digital58.com.ve\\\/site\\\/2020\\\/07\\\/08\\\/sarah-jessica-parker-abrio-su-primera-tienda-de-calzados\\\/#article\",\"isPartOf\":{\"@id\":\"https:\\\/\\\/digital58.com.ve\\\/site\\\/2020\\\/07\\\/08\\\/sarah-jessica-parker-abrio-su-primera-tienda-de-calzados\\\/\"},\"author\":{\"name\":\"Rubio Laura Isabel\",\"@id\":\"https:\\\/\\\/digital58.com.ve\\\/site\\\/#\\\/schema\\\/person\\\/6672bab44ab958838204ebb2cb0e8d52\"},\"headline\":\"Sarah Jessica Parker abri\u00f3 su primera tienda de calzados\",\"datePublished\":\"2020-07-08T19:49:29+00:00\",\"mainEntityOfPage\":{\"@id\":\"https:\\\/\\\/digital58.com.ve\\\/site\\\/2020\\\/07\\\/08\\\/sarah-jessica-parker-abrio-su-primera-tienda-de-calzados\\\/\"},\"wordCount\":357,\"commentCount\":0,\"publisher\":{\"@id\":\"https:\\\/\\\/digital58.com.ve\\\/site\\\/#\\\/schema\\\/person\\\/64d1c2e4d0d4fd1b849980c4331c2951\"},\"image\":{\"@id\":\"https:\\\/\\\/digital58.com.ve\\\/site\\\/2020\\\/07\\\/08\\\/sarah-jessica-parker-abrio-su-primera-tienda-de-calzados\\\/#primaryimage\"},\"thumbnailUrl\":\"https:\\\/\\\/digital58.com.ve\\\/site\\\/wp-content\\\/uploads\\\/2020\\\/07\\\/Parker.jpg\",\"keywords\":[\"Belleza y Moda\",\"Entretenimiento\",\"Estados Unidos\",\"Far\u00e1ndula\",\"Internacionales\",\"Manhattan\",\"Nueva York\",\"Sarah Jessica Parker\",\"Sex and the city\"],\"articleSection\":[\"Fama\"],\"inLanguage\":\"es\",\"potentialAction\":[{\"@type\":\"CommentAction\",\"name\":\"Comment\",\"target\":[\"https:\\\/\\\/digital58.com.ve\\\/site\\\/2020\\\/07\\\/08\\\/sarah-jessica-parker-abrio-su-primera-tienda-de-calzados\\\/#respond\"]}]},{\"@type\":\"WebPage\",\"@id\":\"https:\\\/\\\/digital58.com.ve\\\/site\\\/2020\\\/07\\\/08\\\/sarah-jessica-parker-abrio-su-primera-tienda-de-calzados\\\/\",\"url\":\"https:\\\/\\\/digital58.com.ve\\\/site\\\/2020\\\/07\\\/08\\\/sarah-jessica-parker-abrio-su-primera-tienda-de-calzados\\\/\",\"name\":\"Sarah Jessica Parker abri\u00f3 su primera tienda de calzados\",\"isPartOf\":{\"@id\":\"https:\\\/\\\/digital58.com.ve\\\/site\\\/#website\"},\"primaryImageOfPage\":{\"@id\":\"https:\\\/\\\/digital58.com.ve\\\/site\\\/2020\\\/07\\\/08\\\/sarah-jessica-parker-abrio-su-primera-tienda-de-calzados\\\/#primaryimage\"},\"image\":{\"@id\":\"https:\\\/\\\/digital58.com.ve\\\/site\\\/2020\\\/07\\\/08\\\/sarah-jessica-parker-abrio-su-primera-tienda-de-calzados\\\/#primaryimage\"},\"thumbnailUrl\":\"https:\\\/\\\/digital58.com.ve\\\/site\\\/wp-content\\\/uploads\\\/2020\\\/07\\\/Parker.jpg\",\"datePublished\":\"2020-07-08T19:49:29+00:00\",\"description\":\"Fama\",\"breadcrumb\":{\"@id\":\"https:\\\/\\\/digital58.com.ve\\\/site\\\/2020\\\/07\\\/08\\\/sarah-jessica-parker-abrio-su-primera-tienda-de-calzados\\\/#breadcrumb\"},\"inLanguage\":\"es\",\"potentialAction\":[{\"@type\":\"ReadAction\",\"target\":[\"https:\\\/\\\/digital58.com.ve\\\/site\\\/2020\\\/07\\\/08\\\/sarah-jessica-parker-abrio-su-primera-tienda-de-calzados\\\/\"]}]},{\"@type\":\"ImageObject\",\"inLanguage\":\"es\",\"@id\":\"https:\\\/\\\/digital58.com.ve\\\/site\\\/2020\\\/07\\\/08\\\/sarah-jessica-parker-abrio-su-primera-tienda-de-calzados\\\/#primaryimage\",\"url\":\"https:\\\/\\\/digital58.com.ve\\\/site\\\/wp-content\\\/uploads\\\/2020\\\/07\\\/Parker.jpg\",\"contentUrl\":\"https:\\\/\\\/digital58.com.ve\\\/site\\\/wp-content\\\/uploads\\\/2020\\\/07\\\/Parker.jpg\",\"width\":800,\"height\":534},{\"@type\":\"BreadcrumbList\",\"@id\":\"https:\\\/\\\/digital58.com.ve\\\/site\\\/2020\\\/07\\\/08\\\/sarah-jessica-parker-abrio-su-primera-tienda-de-calzados\\\/#breadcrumb\",\"itemListElement\":[{\"@type\":\"ListItem\",\"position\":1,\"name\":\"Home\",\"item\":\"https:\\\/\\\/digital58.com.ve\\\/site\\\/\"},{\"@type\":\"ListItem\",\"position\":2,\"name\":\"Sarah Jessica Parker abri\u00f3 su primera tienda de calzados\"}]},{\"@type\":\"WebSite\",\"@id\":\"https:\\\/\\\/digital58.com.ve\\\/site\\\/#website\",\"url\":\"https:\\\/\\\/digital58.com.ve\\\/site\\\/\",\"name\":\"Noticias Digital58\",\"description\":\"Portal de Noticias \u00a1Periodismo web de verdad! Lanzamiento web 22.11.2005 \\\/ Maracaibo, Venezuela\",\"publisher\":{\"@id\":\"https:\\\/\\\/digital58.com.ve\\\/site\\\/#\\\/schema\\\/person\\\/64d1c2e4d0d4fd1b849980c4331c2951\"},\"alternateName\":\"ND58\",\"potentialAction\":[{\"@type\":\"SearchAction\",\"target\":{\"@type\":\"EntryPoint\",\"urlTemplate\":\"https:\\\/\\\/digital58.com.ve\\\/site\\\/?s={search_term_string}\"},\"query-input\":{\"@type\":\"PropertyValueSpecification\",\"valueRequired\":true,\"valueName\":\"search_term_string\"}}],\"inLanguage\":\"es\"},{\"@type\":[\"Person\",\"Organization\"],\"@id\":\"https:\\\/\\\/digital58.com.ve\\\/site\\\/#\\\/schema\\\/person\\\/64d1c2e4d0d4fd1b849980c4331c2951\",\"name\":\"Villasmil Henry\",\"image\":{\"@type\":\"ImageObject\",\"inLanguage\":\"es\",\"@id\":\"https:\\\/\\\/secure.gravatar.com\\\/avatar\\\/bb0c4a2fcb7970138239f7e404ea75757b1b507b28b5ce4c53fbd62d797c5a7c?s=96&d=mm&r=g\",\"url\":\"https:\\\/\\\/secure.gravatar.com\\\/avatar\\\/bb0c4a2fcb7970138239f7e404ea75757b1b507b28b5ce4c53fbd62d797c5a7c?s=96&d=mm&r=g\",\"contentUrl\":\"https:\\\/\\\/secure.gravatar.com\\\/avatar\\\/bb0c4a2fcb7970138239f7e404ea75757b1b507b28b5ce4c53fbd62d797c5a7c?s=96&d=mm&r=g\",\"caption\":\"Villasmil Henry\"},\"logo\":{\"@id\":\"https:\\\/\\\/secure.gravatar.com\\\/avatar\\\/bb0c4a2fcb7970138239f7e404ea75757b1b507b28b5ce4c53fbd62d797c5a7c?s=96&d=mm&r=g\"},\"sameAs\":[\"http:\\\/\\\/www.henryvillasmil.com.ve\",\"https:\\\/\\\/www.instagram.com\\\/villasmilhfoto\\\/\",\"https:\\\/\\\/x.com\\\/https:\\\/\\\/twitter.com\\\/villasmilhfoto\"]},{\"@type\":\"Person\",\"@id\":\"https:\\\/\\\/digital58.com.ve\\\/site\\\/#\\\/schema\\\/person\\\/6672bab44ab958838204ebb2cb0e8d52\",\"name\":\"Rubio Laura Isabel\",\"image\":{\"@type\":\"ImageObject\",\"inLanguage\":\"es\",\"@id\":\"https:\\\/\\\/secure.gravatar.com\\\/avatar\\\/f7cc56b26fb0562df4488ff129a58c3c1a1bd264c9af5f313a9b1797fff1cfb9?s=96&d=mm&r=g\",\"url\":\"https:\\\/\\\/secure.gravatar.com\\\/avatar\\\/f7cc56b26fb0562df4488ff129a58c3c1a1bd264c9af5f313a9b1797fff1cfb9?s=96&d=mm&r=g\",\"contentUrl\":\"https:\\\/\\\/secure.gravatar.com\\\/avatar\\\/f7cc56b26fb0562df4488ff129a58c3c1a1bd264c9af5f313a9b1797fff1cfb9?s=96&d=mm&r=g\",\"caption\":\"Rubio Laura Isabel\"},\"url\":\"https:\\\/\\\/digital58.com.ve\\\/site\\\/author\\\/laurarubio\\\/\"}]}<\/script>\n<!-- \/ Yoast SEO plugin. -->","yoast_head_json":{"title":"Sarah Jessica Parker abri\u00f3 su primera tienda de calzados","description":"Fama","robots":{"index":"index","follow":"follow","max-snippet":"max-snippet:-1","max-image-preview":"max-image-preview:large","max-video-preview":"max-video-preview:-1"},"canonical":"https:\/\/digital58.com.ve\/site\/2020\/07\/08\/sarah-jessica-parker-abrio-su-primera-tienda-de-calzados\/","og_locale":"es_ES","og_type":"article","og_title":"Sarah Jessica Parker abri\u00f3 su primera tienda de calzados","og_description":"Fama","og_url":"https:\/\/digital58.com.ve\/site\/2020\/07\/08\/sarah-jessica-parker-abrio-su-primera-tienda-de-calzados\/","og_site_name":"Noticias Digital58","article_published_time":"2020-07-08T19:49:29+00:00","og_image":[{"width":2397,"height":1600,"url":"https:\/\/digital58.com.ve\/site\/wp-content\/uploads\/2020\/07\/Parker.jpg","type":"image\/jpeg"}],"author":"Rubio Laura Isabel","twitter_card":"summary_large_image","twitter_creator":"@Digital_58","twitter_site":"@villasmilhfoto","twitter_misc":{"Escrito por":"Rubio Laura Isabel","Tiempo estimado de lectura":"2 minutos"},"schema":{"@context":"https:\/\/schema.org","@graph":[{"@type":"Article","@id":"https:\/\/digital58.com.ve\/site\/2020\/07\/08\/sarah-jessica-parker-abrio-su-primera-tienda-de-calzados\/#article","isPartOf":{"@id":"https:\/\/digital58.com.ve\/site\/2020\/07\/08\/sarah-jessica-parker-abrio-su-primera-tienda-de-calzados\/"},"author":{"name":"Rubio Laura Isabel","@id":"https:\/\/digital58.com.ve\/site\/#\/schema\/person\/6672bab44ab958838204ebb2cb0e8d52"},"headline":"Sarah Jessica Parker abri\u00f3 su primera tienda de calzados","datePublished":"2020-07-08T19:49:29+00:00","mainEntityOfPage":{"@id":"https:\/\/digital58.com.ve\/site\/2020\/07\/08\/sarah-jessica-parker-abrio-su-primera-tienda-de-calzados\/"},"wordCount":357,"commentCount":0,"publisher":{"@id":"https:\/\/digital58.com.ve\/site\/#\/schema\/person\/64d1c2e4d0d4fd1b849980c4331c2951"},"image":{"@id":"https:\/\/digital58.com.ve\/site\/2020\/07\/08\/sarah-jessica-parker-abrio-su-primera-tienda-de-calzados\/#primaryimage"},"thumbnailUrl":"https:\/\/digital58.com.ve\/site\/wp-content\/uploads\/2020\/07\/Parker.jpg","keywords":["Belleza y Moda","Entretenimiento","Estados Unidos","Far\u00e1ndula","Internacionales","Manhattan","Nueva York","Sarah Jessica Parker","Sex and the city"],"articleSection":["Fama"],"inLanguage":"es","potentialAction":[{"@type":"CommentAction","name":"Comment","target":["https:\/\/digital58.com.ve\/site\/2020\/07\/08\/sarah-jessica-parker-abrio-su-primera-tienda-de-calzados\/#respond"]}]},{"@type":"WebPage","@id":"https:\/\/digital58.com.ve\/site\/2020\/07\/08\/sarah-jessica-parker-abrio-su-primera-tienda-de-calzados\/","url":"https:\/\/digital58.com.ve\/site\/2020\/07\/08\/sarah-jessica-parker-abrio-su-primera-tienda-de-calzados\/","name":"Sarah Jessica Parker abri\u00f3 su primera tienda de calzados","isPartOf":{"@id":"https:\/\/digital58.com.ve\/site\/#website"},"primaryImageOfPage":{"@id":"https:\/\/digital58.com.ve\/site\/2020\/07\/08\/sarah-jessica-parker-abrio-su-primera-tienda-de-calzados\/#primaryimage"},"image":{"@id":"https:\/\/digital58.com.ve\/site\/2020\/07\/08\/sarah-jessica-parker-abrio-su-primera-tienda-de-calzados\/#primaryimage"},"thumbnailUrl":"https:\/\/digital58.com.ve\/site\/wp-content\/uploads\/2020\/07\/Parker.jpg","datePublished":"2020-07-08T19:49:29+00:00","description":"Fama","breadcrumb":{"@id":"https:\/\/digital58.com.ve\/site\/2020\/07\/08\/sarah-jessica-parker-abrio-su-primera-tienda-de-calzados\/#breadcrumb"},"inLanguage":"es","potentialAction":[{"@type":"ReadAction","target":["https:\/\/digital58.com.ve\/site\/2020\/07\/08\/sarah-jessica-parker-abrio-su-primera-tienda-de-calzados\/"]}]},{"@type":"ImageObject","inLanguage":"es","@id":"https:\/\/digital58.com.ve\/site\/2020\/07\/08\/sarah-jessica-parker-abrio-su-primera-tienda-de-calzados\/#primaryimage","url":"https:\/\/digital58.com.ve\/site\/wp-content\/uploads\/2020\/07\/Parker.jpg","contentUrl":"https:\/\/digital58.com.ve\/site\/wp-content\/uploads\/2020\/07\/Parker.jpg","width":800,"height":534},{"@type":"BreadcrumbList","@id":"https:\/\/digital58.com.ve\/site\/2020\/07\/08\/sarah-jessica-parker-abrio-su-primera-tienda-de-calzados\/#breadcrumb","itemListElement":[{"@type":"ListItem","position":1,"name":"Home","item":"https:\/\/digital58.com.ve\/site\/"},{"@type":"ListItem","position":2,"name":"Sarah Jessica Parker abri\u00f3 su primera tienda de calzados"}]},{"@type":"WebSite","@id":"https:\/\/digital58.com.ve\/site\/#website","url":"https:\/\/digital58.com.ve\/site\/","name":"Noticias Digital58","description":"Portal de Noticias \u00a1Periodismo web de verdad! Lanzamiento web 22.11.2005 \/ Maracaibo, Venezuela","publisher":{"@id":"https:\/\/digital58.com.ve\/site\/#\/schema\/person\/64d1c2e4d0d4fd1b849980c4331c2951"},"alternateName":"ND58","potentialAction":[{"@type":"SearchAction","target":{"@type":"EntryPoint","urlTemplate":"https:\/\/digital58.com.ve\/site\/?s={search_term_string}"},"query-input":{"@type":"PropertyValueSpecification","valueRequired":true,"valueName":"search_term_string"}}],"inLanguage":"es"},{"@type":["Person","Organization"],"@id":"https:\/\/digital58.com.ve\/site\/#\/schema\/person\/64d1c2e4d0d4fd1b849980c4331c2951","name":"Villasmil Henry","image":{"@type":"ImageObject","inLanguage":"es","@id":"https:\/\/secure.gravatar.com\/avatar\/bb0c4a2fcb7970138239f7e404ea75757b1b507b28b5ce4c53fbd62d797c5a7c?s=96&d=mm&r=g","url":"https:\/\/secure.gravatar.com\/avatar\/bb0c4a2fcb7970138239f7e404ea75757b1b507b28b5ce4c53fbd62d797c5a7c?s=96&d=mm&r=g","contentUrl":"https:\/\/secure.gravatar.com\/avatar\/bb0c4a2fcb7970138239f7e404ea75757b1b507b28b5ce4c53fbd62d797c5a7c?s=96&d=mm&r=g","caption":"Villasmil Henry"},"logo":{"@id":"https:\/\/secure.gravatar.com\/avatar\/bb0c4a2fcb7970138239f7e404ea75757b1b507b28b5ce4c53fbd62d797c5a7c?s=96&d=mm&r=g"},"sameAs":["http:\/\/www.henryvillasmil.com.ve","https:\/\/www.instagram.com\/villasmilhfoto\/","https:\/\/x.com\/https:\/\/twitter.com\/villasmilhfoto"]},{"@type":"Person","@id":"https:\/\/digital58.com.ve\/site\/#\/schema\/person\/6672bab44ab958838204ebb2cb0e8d52","name":"Rubio Laura Isabel","image":{"@type":"ImageObject","inLanguage":"es","@id":"https:\/\/secure.gravatar.com\/avatar\/f7cc56b26fb0562df4488ff129a58c3c1a1bd264c9af5f313a9b1797fff1cfb9?s=96&d=mm&r=g","url":"https:\/\/secure.gravatar.com\/avatar\/f7cc56b26fb0562df4488ff129a58c3c1a1bd264c9af5f313a9b1797fff1cfb9?s=96&d=mm&r=g","contentUrl":"https:\/\/secure.gravatar.com\/avatar\/f7cc56b26fb0562df4488ff129a58c3c1a1bd264c9af5f313a9b1797fff1cfb9?s=96&d=mm&r=g","caption":"Rubio Laura Isabel"},"url":"https:\/\/digital58.com.ve\/site\/author\/laurarubio\/"}]}},"uagb_featured_image_src":{"full":["https:\/\/digital58.com.ve\/site\/wp-content\/uploads\/2020\/07\/Parker.jpg",800,534,false],"thumbnail":["https:\/\/digital58.com.ve\/site\/wp-content\/uploads\/2020\/07\/Parker-150x150.jpg",150,150,true],"medium":["https:\/\/digital58.com.ve\/site\/wp-content\/uploads\/2020\/07\/Parker-300x200.jpg",300,200,true],"medium_large":["https:\/\/digital58.com.ve\/site\/wp-content\/uploads\/2020\/07\/Parker-768x513.jpg",768,513,true],"large":["https:\/\/digital58.com.ve\/site\/wp-content\/uploads\/2020\/07\/Parker-1500x1001.jpg",800,534,true],"1536x1536":["https:\/\/digital58.com.ve\/site\/wp-content\/uploads\/2020\/07\/Parker-1536x1025.jpg",1536,1025,true],"2048x2048":["https:\/\/digital58.com.ve\/site\/wp-content\/uploads\/2020\/07\/Parker-2048x1367.jpg",2048,1367,true],"colormag-highlighted-post":["https:\/\/digital58.com.ve\/site\/wp-content\/uploads\/2020\/07\/Parker.jpg",392,262,false],"colormag-featured-post-medium":["https:\/\/digital58.com.ve\/site\/wp-content\/uploads\/2020\/07\/Parker.jpg",307,205,false],"colormag-featured-post-small":["https:\/\/digital58.com.ve\/site\/wp-content\/uploads\/2020\/07\/Parker.jpg",130,87,false],"colormag-featured-image":["https:\/\/digital58.com.ve\/site\/wp-content\/uploads\/2020\/07\/Parker.jpg",667,445,false],"colormag-default-news":["https:\/\/digital58.com.ve\/site\/wp-content\/uploads\/2020\/07\/Parker.jpg",150,100,false],"colormag-featured-image-large":["https:\/\/digital58.com.ve\/site\/wp-content\/uploads\/2020\/07\/Parker.jpg",800,534,false]},"uagb_author_info":{"display_name":"Rubio Laura Isabel","author_link":"https:\/\/digital58.com.ve\/site\/author\/laurarubio\/"},"uagb_comment_info":0,"uagb_excerpt":"La actriz que protagoniz\u00f3 de \u00abSexo en la Ciudad\u00bb, materializ\u00f3 su sue\u00f1o de abrir su tienda f\u00edsica. Internacionales, 8 de","_links":{"self":[{"href":"https:\/\/digital58.com.ve\/site\/wp-json\/wp\/v2\/posts\/112393","targetHints":{"allow":["GET"]}}],"collection":[{"href":"https:\/\/digital58.com.ve\/site\/wp-json\/wp\/v2\/posts"}],"about":[{"href":"https:\/\/digital58.com.ve\/site\/wp-json\/wp\/v2\/types\/post"}],"author":[{"embeddable":true,"href":"https:\/\/digital58.com.ve\/site\/wp-json\/wp\/v2\/users\/28"}],"replies":[{"embeddable":true,"href":"https:\/\/digital58.com.ve\/site\/wp-json\/wp\/v2\/comments?post=112393"}],"version-history":[{"count":0,"href":"https:\/\/digital58.com.ve\/site\/wp-json\/wp\/v2\/posts\/112393\/revisions"}],"wp:featuredmedia":[{"embeddable":true,"href":"https:\/\/digital58.com.ve\/site\/wp-json\/wp\/v2\/media\/112443"}],"wp:attachment":[{"href":"https:\/\/digital58.com.ve\/site\/wp-json\/wp\/v2\/media?parent=112393"}],"wp:term":[{"taxonomy":"category","embeddable":true,"href":"https:\/\/digital58.com.ve\/site\/wp-json\/wp\/v2\/categories?post=112393"},{"taxonomy":"post_tag","embeddable":true,"href":"https:\/\/digital58.com.ve\/site\/wp-json\/wp\/v2\/tags?post=112393"}],"curies":[{"name":"wp","href":"https:\/\/api.w.org\/{rel}","templated":true}]}}