{"id":113027,"date":"2020-07-10T11:01:43","date_gmt":"2020-07-10T15:01:43","guid":{"rendered":"https:\/\/digital58.com.ve\/site\/?p=113027"},"modified":"2020-07-10T11:37:29","modified_gmt":"2020-07-10T15:37:29","slug":"como-secreto-oficial-califican-datos-relacionados-con-el-viaje-de-delcy-rodriguez-a-espana","status":"publish","type":"post","link":"https:\/\/digital58.com.ve\/site\/2020\/07\/10\/como-secreto-oficial-califican-datos-relacionados-con-el-viaje-de-delcy-rodriguez-a-espana\/","title":{"rendered":"Como secreto oficial califican datos relacionados con el viaje de Delcy Rodr\u00edguez a Espa\u00f1a"},"content":{"rendered":"<p><img loading=\"lazy\" decoding=\"async\" class=\"size-full wp-image-113041 aligncenter\" src=\"https:\/\/digital58.com.ve\/site\/wp-content\/uploads\/2020\/07\/1581535775_107695_1581579843_noticia_normal.jpg\" alt=\"\" width=\"738\" height=\"577\" srcset=\"https:\/\/digital58.com.ve\/site\/wp-content\/uploads\/2020\/07\/1581535775_107695_1581579843_noticia_normal.jpg 738w, https:\/\/digital58.com.ve\/site\/wp-content\/uploads\/2020\/07\/1581535775_107695_1581579843_noticia_normal-300x235.jpg 300w\" sizes=\"auto, (max-width: 738px) 100vw, 738px\" \/><\/p>\n<p>El 25 de junio de 2018, concretamente, el Consejo de la Uni\u00f3n Europea estableci\u00f3 una lista de dirigentes chavistas que no pueden acceder a territorio comunitario luego de considerar que las elecciones del 20 de mayo de 2018 en Venezuela no tuvieron garant\u00edas<\/p>\n<p><b>Madrid, Espa\u00f1a 10 de julio 2020<\/b>\u00a0<strong>(ND58).-<\/strong>Los ministerios de Transportes y de Asuntos Exteriores espa\u00f1oles calificaron de secreto especial los datos relacionados con el viaje que hizo Delcy Rodr\u00edguez, vicepresidenta del gobierno \u00a0de Nicol\u00e1s Maduro, en enero a Espa\u00f1a. La funcionaria aterriz\u00f3 en el aeropuerto Adolfo Su\u00e1rez Madrid-Barajas a pesar de estar sancionada por la Uni\u00f3n Europea.<\/p>\n<p>Rodr\u00edguez, en ese viaje, se reuni\u00f3 con el ministro Jos\u00e9 Luis \u00c1balos y posiblemente los datos fundamentales para esclarecer c\u00f3mo pudo llegar a la naci\u00f3n europea podr\u00edan no conocerse nunca, a menos de que el gobierno de Espa\u00f1a decida revelarlos.<\/p>\n<p>Ambas carteras, involucradas en el esc\u00e1ndalo, otorgaron el rango de materia secreta a los planes de vuelo y a los permisos de sobrevuelo de la aeronave en la que viaj\u00f3 la funcionaria de Maduro hasta Madrid. Alegaron que se trata de informaci\u00f3n clasificada.<\/p>\n<p>Los documentos pueden explicar, entre otras cosas, qui\u00e9n autoriz\u00f3 la entrada del avi\u00f3n en Espa\u00f1a cuando hab\u00eda sanciones que impiden el ingreso de varios dirigentes del r\u00e9gimen de Maduro. Adem\u00e1s de saberse si el gobierno de Pedro S\u00e1nchez sab\u00eda qui\u00e9n volaba en la aeronave, si Rodr\u00edguez realiz\u00f3 m\u00e1s de un viaje anteriormente o el motivo.<\/p>\n<p>La condici\u00f3n secreta de esta informaci\u00f3n, se\u00f1al\u00f3 el medio espa\u00f1ol, contrasta con un posible incumplimiento de sanciones europeas por parte de Espa\u00f1a.<\/p>\n<p>El 25 de junio de 2018, concretamente, el Consejo de la Uni\u00f3n Europea estableci\u00f3 una lista de dirigentes chavistas que no pueden acceder a territorio comunitario luego de considerar que las elecciones del 20 de mayo de 2018 en Venezuela no tuvieron garant\u00edas.<\/p>\n<p>El bloque dict\u00f3 que los funcionarios de Maduro han menoscabado la democracia y el estado de derecho en Venezuela. \u00abEn particular mediante la usurpaci\u00f3n de las competencias de la Asamblea Nacional y su utilizaci\u00f3n para atacar a la oposici\u00f3n e impedirle su participaci\u00f3n en el proceso pol\u00edtico\u00ab, agregaron los pa\u00edses miembros.<\/p>\n<p><strong>Redacci\u00f3n: Molero, Luis\u00a0 (@Moleromarquez) | Fuente: Agencias<br \/>\nEdici\u00f3n: Villasmil, Henry; Ch\u00e1vez, Marian<br \/>\nGr\u00e1ficas: Cortes\u00eda\u00a0<\/strong><\/p><div class=\"mfjpq69ef41d922c02\" ><p style=\"text-align: center;\"><a href=\"https:\/\/t.me\/noticiasdigital58\" target=\"_blank\" rel=\"noopener\"><img class=\"aligncenter size-full wp-image-125363\" src=\"https:\/\/digital58.com.ve\/site\/wp-content\/uploads\/2021\/04\/banner-telegram-web-2021.png\" alt=\"\" width=\"600\" height=\"90\" \/><\/a><\/p><\/div><style type=\"text\/css\">\r\n@media screen and (min-width: 1201px) {\r\n.mfjpq69ef41d922c02 {\r\ndisplay: block;\r\n}\r\n}\r\n@media screen and (min-width: 993px) and (max-width: 1200px) {\r\n.mfjpq69ef41d922c02 {\r\ndisplay: block;\r\n}\r\n}\r\n@media screen and (min-width: 769px) and (max-width: 992px) {\r\n.mfjpq69ef41d922c02 {\r\ndisplay: block;\r\n}\r\n}\r\n@media screen and (min-width: 768px) and (max-width: 768px) {\r\n.mfjpq69ef41d922c02 {\r\ndisplay: block;\r\n}\r\n}\r\n@media screen and (max-width: 767px) {\r\n.mfjpq69ef41d922c02 {\r\ndisplay: block;\r\n}\r\n}\r\n<\/style>\r\n\n<p>&nbsp;<\/p>\n<div style=\"margin-top: 0px; margin-bottom: 0px;\" class=\"sharethis-inline-share-buttons\" ><\/div>","protected":false},"excerpt":{"rendered":"<p>El 25 de junio de 2018, concretamente, el Consejo de la Uni\u00f3n Europea estableci\u00f3 una lista de dirigentes chavistas que<\/p>\n","protected":false},"author":26,"featured_media":113042,"comment_status":"open","ping_status":"closed","sticky":false,"template":"","format":"standard","meta":{"colormag_page_container_layout":"default_layout","colormag_page_sidebar_layout":"default_layout","_uag_custom_page_level_css":"","footnotes":""},"categories":[8610],"tags":[13753,115,8,17330,14326],"class_list":["post-113027","post","type-post","status-publish","format-standard","has-post-thumbnail","hentry","category-politica","tag-delcy-rodiguez","tag-espana","tag-internacionales","tag-jose-luis-abalos","tag-politica-internacional"],"yoast_head":"<!-- This site is optimized with the Yoast SEO plugin v27.4 - https:\/\/yoast.com\/product\/yoast-seo-wordpress\/ -->\n<title>Como secreto oficial califican datos relacionados con el viaje de Delcy Rodr\u00edguez a Espa\u00f1a<\/title>\n<meta name=\"description\" content=\"Pol\u00edtica\" \/>\n<meta name=\"robots\" content=\"index, follow, max-snippet:-1, max-image-preview:large, max-video-preview:-1\" \/>\n<link rel=\"canonical\" href=\"https:\/\/digital58.com.ve\/site\/2020\/07\/10\/como-secreto-oficial-califican-datos-relacionados-con-el-viaje-de-delcy-rodriguez-a-espana\/\" \/>\n<meta property=\"og:locale\" content=\"es_ES\" \/>\n<meta property=\"og:type\" content=\"article\" \/>\n<meta property=\"og:title\" content=\"Como secreto oficial califican datos relacionados con el viaje de Delcy Rodr\u00edguez a Espa\u00f1a\" \/>\n<meta property=\"og:description\" content=\"Pol\u00edtica\" \/>\n<meta property=\"og:url\" content=\"https:\/\/digital58.com.ve\/site\/2020\/07\/10\/como-secreto-oficial-califican-datos-relacionados-con-el-viaje-de-delcy-rodriguez-a-espana\/\" \/>\n<meta property=\"og:site_name\" content=\"Noticias Digital58\" \/>\n<meta property=\"article:published_time\" content=\"2020-07-10T15:01:43+00:00\" \/>\n<meta property=\"article:modified_time\" content=\"2020-07-10T15:37:29+00:00\" \/>\n<meta property=\"og:image\" content=\"https:\/\/digital58.com.ve\/site\/wp-content\/uploads\/2020\/07\/Delcy_Rodriguez_y_avion.jpg\" \/>\n\t<meta property=\"og:image:width\" content=\"540\" \/>\n\t<meta property=\"og:image:height\" content=\"303\" \/>\n\t<meta property=\"og:image:type\" content=\"image\/jpeg\" \/>\n<meta name=\"author\" content=\"Molero Luis\" \/>\n<meta name=\"twitter:card\" content=\"summary_large_image\" \/>\n<meta name=\"twitter:creator\" content=\"@Digital_58\" \/>\n<meta name=\"twitter:site\" content=\"@villasmilhfoto\" \/>\n<meta name=\"twitter:label1\" content=\"Escrito por\" \/>\n\t<meta name=\"twitter:data1\" content=\"Molero Luis\" \/>\n\t<meta name=\"twitter:label2\" content=\"Tiempo estimado de lectura\" \/>\n\t<meta name=\"twitter:data2\" content=\"2 minutos\" \/>\n<script type=\"application\/ld+json\" class=\"yoast-schema-graph\">{\"@context\":\"https:\\\/\\\/schema.org\",\"@graph\":[{\"@type\":\"Article\",\"@id\":\"https:\\\/\\\/digital58.com.ve\\\/site\\\/2020\\\/07\\\/10\\\/como-secreto-oficial-califican-datos-relacionados-con-el-viaje-de-delcy-rodriguez-a-espana\\\/#article\",\"isPartOf\":{\"@id\":\"https:\\\/\\\/digital58.com.ve\\\/site\\\/2020\\\/07\\\/10\\\/como-secreto-oficial-califican-datos-relacionados-con-el-viaje-de-delcy-rodriguez-a-espana\\\/\"},\"author\":{\"name\":\"Molero Luis\",\"@id\":\"https:\\\/\\\/digital58.com.ve\\\/site\\\/#\\\/schema\\\/person\\\/c61667ce6845137620ee3f0aaabade17\"},\"headline\":\"Como secreto oficial califican datos relacionados con el viaje de Delcy Rodr\u00edguez a Espa\u00f1a\",\"datePublished\":\"2020-07-10T15:01:43+00:00\",\"dateModified\":\"2020-07-10T15:37:29+00:00\",\"mainEntityOfPage\":{\"@id\":\"https:\\\/\\\/digital58.com.ve\\\/site\\\/2020\\\/07\\\/10\\\/como-secreto-oficial-califican-datos-relacionados-con-el-viaje-de-delcy-rodriguez-a-espana\\\/\"},\"wordCount\":420,\"commentCount\":0,\"publisher\":{\"@id\":\"https:\\\/\\\/digital58.com.ve\\\/site\\\/#\\\/schema\\\/person\\\/64d1c2e4d0d4fd1b849980c4331c2951\"},\"image\":{\"@id\":\"https:\\\/\\\/digital58.com.ve\\\/site\\\/2020\\\/07\\\/10\\\/como-secreto-oficial-califican-datos-relacionados-con-el-viaje-de-delcy-rodriguez-a-espana\\\/#primaryimage\"},\"thumbnailUrl\":\"https:\\\/\\\/digital58.com.ve\\\/site\\\/wp-content\\\/uploads\\\/2020\\\/07\\\/Delcy_Rodriguez_y_avion.jpg\",\"keywords\":[\"Delcy Rod\u00edguez\",\"Espa\u00f1a\",\"Internacionales\",\"Jos\u00e9 Luis \u00c1balos\",\"Pol\u00edtica internacional\"],\"articleSection\":[\"Pol\u00edtica\"],\"inLanguage\":\"es\",\"potentialAction\":[{\"@type\":\"CommentAction\",\"name\":\"Comment\",\"target\":[\"https:\\\/\\\/digital58.com.ve\\\/site\\\/2020\\\/07\\\/10\\\/como-secreto-oficial-califican-datos-relacionados-con-el-viaje-de-delcy-rodriguez-a-espana\\\/#respond\"]}]},{\"@type\":\"WebPage\",\"@id\":\"https:\\\/\\\/digital58.com.ve\\\/site\\\/2020\\\/07\\\/10\\\/como-secreto-oficial-califican-datos-relacionados-con-el-viaje-de-delcy-rodriguez-a-espana\\\/\",\"url\":\"https:\\\/\\\/digital58.com.ve\\\/site\\\/2020\\\/07\\\/10\\\/como-secreto-oficial-califican-datos-relacionados-con-el-viaje-de-delcy-rodriguez-a-espana\\\/\",\"name\":\"Como secreto oficial califican datos relacionados con el viaje de Delcy Rodr\u00edguez a Espa\u00f1a\",\"isPartOf\":{\"@id\":\"https:\\\/\\\/digital58.com.ve\\\/site\\\/#website\"},\"primaryImageOfPage\":{\"@id\":\"https:\\\/\\\/digital58.com.ve\\\/site\\\/2020\\\/07\\\/10\\\/como-secreto-oficial-califican-datos-relacionados-con-el-viaje-de-delcy-rodriguez-a-espana\\\/#primaryimage\"},\"image\":{\"@id\":\"https:\\\/\\\/digital58.com.ve\\\/site\\\/2020\\\/07\\\/10\\\/como-secreto-oficial-califican-datos-relacionados-con-el-viaje-de-delcy-rodriguez-a-espana\\\/#primaryimage\"},\"thumbnailUrl\":\"https:\\\/\\\/digital58.com.ve\\\/site\\\/wp-content\\\/uploads\\\/2020\\\/07\\\/Delcy_Rodriguez_y_avion.jpg\",\"datePublished\":\"2020-07-10T15:01:43+00:00\",\"dateModified\":\"2020-07-10T15:37:29+00:00\",\"description\":\"Pol\u00edtica\",\"breadcrumb\":{\"@id\":\"https:\\\/\\\/digital58.com.ve\\\/site\\\/2020\\\/07\\\/10\\\/como-secreto-oficial-califican-datos-relacionados-con-el-viaje-de-delcy-rodriguez-a-espana\\\/#breadcrumb\"},\"inLanguage\":\"es\",\"potentialAction\":[{\"@type\":\"ReadAction\",\"target\":[\"https:\\\/\\\/digital58.com.ve\\\/site\\\/2020\\\/07\\\/10\\\/como-secreto-oficial-califican-datos-relacionados-con-el-viaje-de-delcy-rodriguez-a-espana\\\/\"]}]},{\"@type\":\"ImageObject\",\"inLanguage\":\"es\",\"@id\":\"https:\\\/\\\/digital58.com.ve\\\/site\\\/2020\\\/07\\\/10\\\/como-secreto-oficial-califican-datos-relacionados-con-el-viaje-de-delcy-rodriguez-a-espana\\\/#primaryimage\",\"url\":\"https:\\\/\\\/digital58.com.ve\\\/site\\\/wp-content\\\/uploads\\\/2020\\\/07\\\/Delcy_Rodriguez_y_avion.jpg\",\"contentUrl\":\"https:\\\/\\\/digital58.com.ve\\\/site\\\/wp-content\\\/uploads\\\/2020\\\/07\\\/Delcy_Rodriguez_y_avion.jpg\",\"width\":540,\"height\":303},{\"@type\":\"BreadcrumbList\",\"@id\":\"https:\\\/\\\/digital58.com.ve\\\/site\\\/2020\\\/07\\\/10\\\/como-secreto-oficial-califican-datos-relacionados-con-el-viaje-de-delcy-rodriguez-a-espana\\\/#breadcrumb\",\"itemListElement\":[{\"@type\":\"ListItem\",\"position\":1,\"name\":\"Home\",\"item\":\"https:\\\/\\\/digital58.com.ve\\\/site\\\/\"},{\"@type\":\"ListItem\",\"position\":2,\"name\":\"Como secreto oficial califican datos relacionados con el viaje de Delcy Rodr\u00edguez a Espa\u00f1a\"}]},{\"@type\":\"WebSite\",\"@id\":\"https:\\\/\\\/digital58.com.ve\\\/site\\\/#website\",\"url\":\"https:\\\/\\\/digital58.com.ve\\\/site\\\/\",\"name\":\"Noticias Digital58\",\"description\":\"Portal de Noticias \u00a1Periodismo web de verdad! Lanzamiento web 22.11.2005 \\\/ Maracaibo, Venezuela\",\"publisher\":{\"@id\":\"https:\\\/\\\/digital58.com.ve\\\/site\\\/#\\\/schema\\\/person\\\/64d1c2e4d0d4fd1b849980c4331c2951\"},\"alternateName\":\"ND58\",\"potentialAction\":[{\"@type\":\"SearchAction\",\"target\":{\"@type\":\"EntryPoint\",\"urlTemplate\":\"https:\\\/\\\/digital58.com.ve\\\/site\\\/?s={search_term_string}\"},\"query-input\":{\"@type\":\"PropertyValueSpecification\",\"valueRequired\":true,\"valueName\":\"search_term_string\"}}],\"inLanguage\":\"es\"},{\"@type\":[\"Person\",\"Organization\"],\"@id\":\"https:\\\/\\\/digital58.com.ve\\\/site\\\/#\\\/schema\\\/person\\\/64d1c2e4d0d4fd1b849980c4331c2951\",\"name\":\"Villasmil Henry\",\"image\":{\"@type\":\"ImageObject\",\"inLanguage\":\"es\",\"@id\":\"https:\\\/\\\/secure.gravatar.com\\\/avatar\\\/bb0c4a2fcb7970138239f7e404ea75757b1b507b28b5ce4c53fbd62d797c5a7c?s=96&d=mm&r=g\",\"url\":\"https:\\\/\\\/secure.gravatar.com\\\/avatar\\\/bb0c4a2fcb7970138239f7e404ea75757b1b507b28b5ce4c53fbd62d797c5a7c?s=96&d=mm&r=g\",\"contentUrl\":\"https:\\\/\\\/secure.gravatar.com\\\/avatar\\\/bb0c4a2fcb7970138239f7e404ea75757b1b507b28b5ce4c53fbd62d797c5a7c?s=96&d=mm&r=g\",\"caption\":\"Villasmil Henry\"},\"logo\":{\"@id\":\"https:\\\/\\\/secure.gravatar.com\\\/avatar\\\/bb0c4a2fcb7970138239f7e404ea75757b1b507b28b5ce4c53fbd62d797c5a7c?s=96&d=mm&r=g\"},\"sameAs\":[\"http:\\\/\\\/www.henryvillasmil.com.ve\",\"https:\\\/\\\/www.instagram.com\\\/villasmilhfoto\\\/\",\"https:\\\/\\\/x.com\\\/https:\\\/\\\/twitter.com\\\/villasmilhfoto\"]},{\"@type\":\"Person\",\"@id\":\"https:\\\/\\\/digital58.com.ve\\\/site\\\/#\\\/schema\\\/person\\\/c61667ce6845137620ee3f0aaabade17\",\"name\":\"Molero Luis\",\"image\":{\"@type\":\"ImageObject\",\"inLanguage\":\"es\",\"@id\":\"https:\\\/\\\/secure.gravatar.com\\\/avatar\\\/bf041ec637e3e7405449807deb2f7cf3d2de7c6fa755dd56e985201de9863f2b?s=96&d=mm&r=g\",\"url\":\"https:\\\/\\\/secure.gravatar.com\\\/avatar\\\/bf041ec637e3e7405449807deb2f7cf3d2de7c6fa755dd56e985201de9863f2b?s=96&d=mm&r=g\",\"contentUrl\":\"https:\\\/\\\/secure.gravatar.com\\\/avatar\\\/bf041ec637e3e7405449807deb2f7cf3d2de7c6fa755dd56e985201de9863f2b?s=96&d=mm&r=g\",\"caption\":\"Molero Luis\"},\"url\":\"https:\\\/\\\/digital58.com.ve\\\/site\\\/author\\\/luismolero\\\/\"}]}<\/script>\n<!-- \/ Yoast SEO plugin. -->","yoast_head_json":{"title":"Como secreto oficial califican datos relacionados con el viaje de Delcy Rodr\u00edguez a Espa\u00f1a","description":"Pol\u00edtica","robots":{"index":"index","follow":"follow","max-snippet":"max-snippet:-1","max-image-preview":"max-image-preview:large","max-video-preview":"max-video-preview:-1"},"canonical":"https:\/\/digital58.com.ve\/site\/2020\/07\/10\/como-secreto-oficial-califican-datos-relacionados-con-el-viaje-de-delcy-rodriguez-a-espana\/","og_locale":"es_ES","og_type":"article","og_title":"Como secreto oficial califican datos relacionados con el viaje de Delcy Rodr\u00edguez a Espa\u00f1a","og_description":"Pol\u00edtica","og_url":"https:\/\/digital58.com.ve\/site\/2020\/07\/10\/como-secreto-oficial-califican-datos-relacionados-con-el-viaje-de-delcy-rodriguez-a-espana\/","og_site_name":"Noticias Digital58","article_published_time":"2020-07-10T15:01:43+00:00","article_modified_time":"2020-07-10T15:37:29+00:00","og_image":[{"width":540,"height":303,"url":"https:\/\/digital58.com.ve\/site\/wp-content\/uploads\/2020\/07\/Delcy_Rodriguez_y_avion.jpg","type":"image\/jpeg"}],"author":"Molero Luis","twitter_card":"summary_large_image","twitter_creator":"@Digital_58","twitter_site":"@villasmilhfoto","twitter_misc":{"Escrito por":"Molero Luis","Tiempo estimado de lectura":"2 minutos"},"schema":{"@context":"https:\/\/schema.org","@graph":[{"@type":"Article","@id":"https:\/\/digital58.com.ve\/site\/2020\/07\/10\/como-secreto-oficial-califican-datos-relacionados-con-el-viaje-de-delcy-rodriguez-a-espana\/#article","isPartOf":{"@id":"https:\/\/digital58.com.ve\/site\/2020\/07\/10\/como-secreto-oficial-califican-datos-relacionados-con-el-viaje-de-delcy-rodriguez-a-espana\/"},"author":{"name":"Molero Luis","@id":"https:\/\/digital58.com.ve\/site\/#\/schema\/person\/c61667ce6845137620ee3f0aaabade17"},"headline":"Como secreto oficial califican datos relacionados con el viaje de Delcy Rodr\u00edguez a Espa\u00f1a","datePublished":"2020-07-10T15:01:43+00:00","dateModified":"2020-07-10T15:37:29+00:00","mainEntityOfPage":{"@id":"https:\/\/digital58.com.ve\/site\/2020\/07\/10\/como-secreto-oficial-califican-datos-relacionados-con-el-viaje-de-delcy-rodriguez-a-espana\/"},"wordCount":420,"commentCount":0,"publisher":{"@id":"https:\/\/digital58.com.ve\/site\/#\/schema\/person\/64d1c2e4d0d4fd1b849980c4331c2951"},"image":{"@id":"https:\/\/digital58.com.ve\/site\/2020\/07\/10\/como-secreto-oficial-califican-datos-relacionados-con-el-viaje-de-delcy-rodriguez-a-espana\/#primaryimage"},"thumbnailUrl":"https:\/\/digital58.com.ve\/site\/wp-content\/uploads\/2020\/07\/Delcy_Rodriguez_y_avion.jpg","keywords":["Delcy Rod\u00edguez","Espa\u00f1a","Internacionales","Jos\u00e9 Luis \u00c1balos","Pol\u00edtica internacional"],"articleSection":["Pol\u00edtica"],"inLanguage":"es","potentialAction":[{"@type":"CommentAction","name":"Comment","target":["https:\/\/digital58.com.ve\/site\/2020\/07\/10\/como-secreto-oficial-califican-datos-relacionados-con-el-viaje-de-delcy-rodriguez-a-espana\/#respond"]}]},{"@type":"WebPage","@id":"https:\/\/digital58.com.ve\/site\/2020\/07\/10\/como-secreto-oficial-califican-datos-relacionados-con-el-viaje-de-delcy-rodriguez-a-espana\/","url":"https:\/\/digital58.com.ve\/site\/2020\/07\/10\/como-secreto-oficial-califican-datos-relacionados-con-el-viaje-de-delcy-rodriguez-a-espana\/","name":"Como secreto oficial califican datos relacionados con el viaje de Delcy Rodr\u00edguez a Espa\u00f1a","isPartOf":{"@id":"https:\/\/digital58.com.ve\/site\/#website"},"primaryImageOfPage":{"@id":"https:\/\/digital58.com.ve\/site\/2020\/07\/10\/como-secreto-oficial-califican-datos-relacionados-con-el-viaje-de-delcy-rodriguez-a-espana\/#primaryimage"},"image":{"@id":"https:\/\/digital58.com.ve\/site\/2020\/07\/10\/como-secreto-oficial-califican-datos-relacionados-con-el-viaje-de-delcy-rodriguez-a-espana\/#primaryimage"},"thumbnailUrl":"https:\/\/digital58.com.ve\/site\/wp-content\/uploads\/2020\/07\/Delcy_Rodriguez_y_avion.jpg","datePublished":"2020-07-10T15:01:43+00:00","dateModified":"2020-07-10T15:37:29+00:00","description":"Pol\u00edtica","breadcrumb":{"@id":"https:\/\/digital58.com.ve\/site\/2020\/07\/10\/como-secreto-oficial-califican-datos-relacionados-con-el-viaje-de-delcy-rodriguez-a-espana\/#breadcrumb"},"inLanguage":"es","potentialAction":[{"@type":"ReadAction","target":["https:\/\/digital58.com.ve\/site\/2020\/07\/10\/como-secreto-oficial-califican-datos-relacionados-con-el-viaje-de-delcy-rodriguez-a-espana\/"]}]},{"@type":"ImageObject","inLanguage":"es","@id":"https:\/\/digital58.com.ve\/site\/2020\/07\/10\/como-secreto-oficial-califican-datos-relacionados-con-el-viaje-de-delcy-rodriguez-a-espana\/#primaryimage","url":"https:\/\/digital58.com.ve\/site\/wp-content\/uploads\/2020\/07\/Delcy_Rodriguez_y_avion.jpg","contentUrl":"https:\/\/digital58.com.ve\/site\/wp-content\/uploads\/2020\/07\/Delcy_Rodriguez_y_avion.jpg","width":540,"height":303},{"@type":"BreadcrumbList","@id":"https:\/\/digital58.com.ve\/site\/2020\/07\/10\/como-secreto-oficial-califican-datos-relacionados-con-el-viaje-de-delcy-rodriguez-a-espana\/#breadcrumb","itemListElement":[{"@type":"ListItem","position":1,"name":"Home","item":"https:\/\/digital58.com.ve\/site\/"},{"@type":"ListItem","position":2,"name":"Como secreto oficial califican datos relacionados con el viaje de Delcy Rodr\u00edguez a Espa\u00f1a"}]},{"@type":"WebSite","@id":"https:\/\/digital58.com.ve\/site\/#website","url":"https:\/\/digital58.com.ve\/site\/","name":"Noticias Digital58","description":"Portal de Noticias \u00a1Periodismo web de verdad! Lanzamiento web 22.11.2005 \/ Maracaibo, Venezuela","publisher":{"@id":"https:\/\/digital58.com.ve\/site\/#\/schema\/person\/64d1c2e4d0d4fd1b849980c4331c2951"},"alternateName":"ND58","potentialAction":[{"@type":"SearchAction","target":{"@type":"EntryPoint","urlTemplate":"https:\/\/digital58.com.ve\/site\/?s={search_term_string}"},"query-input":{"@type":"PropertyValueSpecification","valueRequired":true,"valueName":"search_term_string"}}],"inLanguage":"es"},{"@type":["Person","Organization"],"@id":"https:\/\/digital58.com.ve\/site\/#\/schema\/person\/64d1c2e4d0d4fd1b849980c4331c2951","name":"Villasmil Henry","image":{"@type":"ImageObject","inLanguage":"es","@id":"https:\/\/secure.gravatar.com\/avatar\/bb0c4a2fcb7970138239f7e404ea75757b1b507b28b5ce4c53fbd62d797c5a7c?s=96&d=mm&r=g","url":"https:\/\/secure.gravatar.com\/avatar\/bb0c4a2fcb7970138239f7e404ea75757b1b507b28b5ce4c53fbd62d797c5a7c?s=96&d=mm&r=g","contentUrl":"https:\/\/secure.gravatar.com\/avatar\/bb0c4a2fcb7970138239f7e404ea75757b1b507b28b5ce4c53fbd62d797c5a7c?s=96&d=mm&r=g","caption":"Villasmil Henry"},"logo":{"@id":"https:\/\/secure.gravatar.com\/avatar\/bb0c4a2fcb7970138239f7e404ea75757b1b507b28b5ce4c53fbd62d797c5a7c?s=96&d=mm&r=g"},"sameAs":["http:\/\/www.henryvillasmil.com.ve","https:\/\/www.instagram.com\/villasmilhfoto\/","https:\/\/x.com\/https:\/\/twitter.com\/villasmilhfoto"]},{"@type":"Person","@id":"https:\/\/digital58.com.ve\/site\/#\/schema\/person\/c61667ce6845137620ee3f0aaabade17","name":"Molero Luis","image":{"@type":"ImageObject","inLanguage":"es","@id":"https:\/\/secure.gravatar.com\/avatar\/bf041ec637e3e7405449807deb2f7cf3d2de7c6fa755dd56e985201de9863f2b?s=96&d=mm&r=g","url":"https:\/\/secure.gravatar.com\/avatar\/bf041ec637e3e7405449807deb2f7cf3d2de7c6fa755dd56e985201de9863f2b?s=96&d=mm&r=g","contentUrl":"https:\/\/secure.gravatar.com\/avatar\/bf041ec637e3e7405449807deb2f7cf3d2de7c6fa755dd56e985201de9863f2b?s=96&d=mm&r=g","caption":"Molero Luis"},"url":"https:\/\/digital58.com.ve\/site\/author\/luismolero\/"}]}},"uagb_featured_image_src":{"full":["https:\/\/digital58.com.ve\/site\/wp-content\/uploads\/2020\/07\/Delcy_Rodriguez_y_avion.jpg",540,303,false],"thumbnail":["https:\/\/digital58.com.ve\/site\/wp-content\/uploads\/2020\/07\/Delcy_Rodriguez_y_avion-150x150.jpg",150,150,true],"medium":["https:\/\/digital58.com.ve\/site\/wp-content\/uploads\/2020\/07\/Delcy_Rodriguez_y_avion-300x168.jpg",300,168,true],"medium_large":["https:\/\/digital58.com.ve\/site\/wp-content\/uploads\/2020\/07\/Delcy_Rodriguez_y_avion.jpg",540,303,false],"large":["https:\/\/digital58.com.ve\/site\/wp-content\/uploads\/2020\/07\/Delcy_Rodriguez_y_avion.jpg",540,303,false],"1536x1536":["https:\/\/digital58.com.ve\/site\/wp-content\/uploads\/2020\/07\/Delcy_Rodriguez_y_avion.jpg",540,303,false],"2048x2048":["https:\/\/digital58.com.ve\/site\/wp-content\/uploads\/2020\/07\/Delcy_Rodriguez_y_avion.jpg",540,303,false],"colormag-highlighted-post":["https:\/\/digital58.com.ve\/site\/wp-content\/uploads\/2020\/07\/Delcy_Rodriguez_y_avion.jpg",392,220,false],"colormag-featured-post-medium":["https:\/\/digital58.com.ve\/site\/wp-content\/uploads\/2020\/07\/Delcy_Rodriguez_y_avion.jpg",365,205,false],"colormag-featured-post-small":["https:\/\/digital58.com.ve\/site\/wp-content\/uploads\/2020\/07\/Delcy_Rodriguez_y_avion.jpg",130,73,false],"colormag-featured-image":["https:\/\/digital58.com.ve\/site\/wp-content\/uploads\/2020\/07\/Delcy_Rodriguez_y_avion.jpg",540,303,false],"colormag-default-news":["https:\/\/digital58.com.ve\/site\/wp-content\/uploads\/2020\/07\/Delcy_Rodriguez_y_avion.jpg",150,84,false],"colormag-featured-image-large":["https:\/\/digital58.com.ve\/site\/wp-content\/uploads\/2020\/07\/Delcy_Rodriguez_y_avion.jpg",540,303,false]},"uagb_author_info":{"display_name":"Molero Luis","author_link":"https:\/\/digital58.com.ve\/site\/author\/luismolero\/"},"uagb_comment_info":0,"uagb_excerpt":"El 25 de junio de 2018, concretamente, el Consejo de la Uni\u00f3n Europea estableci\u00f3 una lista de dirigentes chavistas que","_links":{"self":[{"href":"https:\/\/digital58.com.ve\/site\/wp-json\/wp\/v2\/posts\/113027","targetHints":{"allow":["GET"]}}],"collection":[{"href":"https:\/\/digital58.com.ve\/site\/wp-json\/wp\/v2\/posts"}],"about":[{"href":"https:\/\/digital58.com.ve\/site\/wp-json\/wp\/v2\/types\/post"}],"author":[{"embeddable":true,"href":"https:\/\/digital58.com.ve\/site\/wp-json\/wp\/v2\/users\/26"}],"replies":[{"embeddable":true,"href":"https:\/\/digital58.com.ve\/site\/wp-json\/wp\/v2\/comments?post=113027"}],"version-history":[{"count":0,"href":"https:\/\/digital58.com.ve\/site\/wp-json\/wp\/v2\/posts\/113027\/revisions"}],"wp:featuredmedia":[{"embeddable":true,"href":"https:\/\/digital58.com.ve\/site\/wp-json\/wp\/v2\/media\/113042"}],"wp:attachment":[{"href":"https:\/\/digital58.com.ve\/site\/wp-json\/wp\/v2\/media?parent=113027"}],"wp:term":[{"taxonomy":"category","embeddable":true,"href":"https:\/\/digital58.com.ve\/site\/wp-json\/wp\/v2\/categories?post=113027"},{"taxonomy":"post_tag","embeddable":true,"href":"https:\/\/digital58.com.ve\/site\/wp-json\/wp\/v2\/tags?post=113027"}],"curies":[{"name":"wp","href":"https:\/\/api.w.org\/{rel}","templated":true}]}}