{"id":113509,"date":"2020-07-11T14:35:52","date_gmt":"2020-07-11T18:35:52","guid":{"rendered":"https:\/\/digital58.com.ve\/site\/?p=113509"},"modified":"2020-08-18T09:55:45","modified_gmt":"2020-08-18T13:55:45","slug":"wuilker-farinez-llego-a-francia-y-recibio-la-bienvenida-del-racing-club-de-lens","status":"publish","type":"post","link":"https:\/\/digital58.com.ve\/site\/2020\/07\/11\/wuilker-farinez-llego-a-francia-y-recibio-la-bienvenida-del-racing-club-de-lens\/","title":{"rendered":"Wuilker Fari\u00f1ez lleg\u00f3 a Francia y recibi\u00f3 la bienvenida del Racing Club de Lens"},"content":{"rendered":"<p><img loading=\"lazy\" decoding=\"async\" class=\"aligncenter wp-image-113526\" src=\"https:\/\/digital58.com.ve\/site\/wp-content\/uploads\/2020\/07\/Wuilker-Fari\u00f1ez-300x200.jpg\" alt=\"\" width=\"600\" height=\"400\" srcset=\"https:\/\/digital58.com.ve\/site\/wp-content\/uploads\/2020\/07\/Wuilker-Fari\u00f1ez-300x200.jpg 300w, https:\/\/digital58.com.ve\/site\/wp-content\/uploads\/2020\/07\/Wuilker-Fari\u00f1ez-768x512.jpg 768w, https:\/\/digital58.com.ve\/site\/wp-content\/uploads\/2020\/07\/Wuilker-Fari\u00f1ez-720x480.jpg 720w, https:\/\/digital58.com.ve\/site\/wp-content\/uploads\/2020\/07\/Wuilker-Fari\u00f1ez-480x320.jpg 480w, https:\/\/digital58.com.ve\/site\/wp-content\/uploads\/2020\/07\/Wuilker-Fari\u00f1ez.jpg 800w\" sizes=\"auto, (max-width: 600px) 100vw, 600px\" \/><\/p>\n<p>El guardameta venezolano llega al equipo franc\u00e9s, cedido por el Millonarios de Colombia, en un convenio que estipula la opci\u00f3n de compra.<\/p>\n<p><strong>Lens, Francia, 11 de julio de 2020 (ND58).-\u00a0<\/strong>El portero Venezolano, Wuilker Fari\u00f1ez, arrib\u00f3 a Francia este s\u00e1bado, donde se unir\u00e1 a las filas del Racing Club de Lens, equipo que milita en la Ligue 1, primera divisi\u00f3n del f\u00fatbol Franc\u00e9s.<\/p>\n<p>El equipo franc\u00e9s, que ser\u00e1 la casa deportiva del guardameta criollo, le dio la bienvenida a trav\u00e9s de su cuenta en Twitter.<\/p>\n<blockquote class=\"twitter-tweet\" data-width=\"550\" data-dnt=\"true\">\n<p lang=\"fr\" dir=\"ltr\"><a href=\"https:\/\/twitter.com\/hashtag\/Bienvenidos?src=hash&amp;ref_src=twsrc%5Etfw\">#Bienvenidos<\/a> \ud83d\udc4b<br \/>Atterrissage r\u00e9ussi pour <a href=\"https:\/\/twitter.com\/Wuilker_Farinez?ref_src=twsrc%5Etfw\">@Wuilker_Farinez<\/a> \ud83d\udeec<br \/>Premiers pas sur le sol \ud83c\udde8\ud83c\uddf5 avant de prendre la direction de <a href=\"https:\/\/twitter.com\/hashtag\/LaGaillette?src=hash&amp;ref_src=twsrc%5Etfw\">#LaGaillette<\/a> !<a href=\"https:\/\/twitter.com\/hashtag\/rclens?src=hash&amp;ref_src=twsrc%5Etfw\">#rclens<\/a> <a href=\"https:\/\/t.co\/jPFQUavPQz\">pic.twitter.com\/jPFQUavPQz<\/a><\/p>\n<p>&mdash; Racing Club de Lens (@RCLens) <a href=\"https:\/\/twitter.com\/RCLens\/status\/1281887312251691009?ref_src=twsrc%5Etfw\">July 11, 2020<\/a><\/p><\/blockquote>\n<p><script async src=\"https:\/\/platform.twitter.com\/widgets.js\" charset=\"utf-8\"><\/script><\/p>\n<p>Con este nuevo paso al f\u00fatbol franc\u00e9s, Fari\u00f1ez se une a a otros jugadores vinotintos que tambi\u00e9n tuvieron presencia en el balompi\u00e9 galo, Entre ellos Gabriel Cichero, Fernando Aristiguieta y Oswaldo Vizcarrondo.<\/p>\n<p>Fari\u00f1ez tambi\u00e9n recibi\u00f3 un mensaje de bienvenida y elogio por parte de Romain Nadal, embajador de Francia en Venezuela, quien adem\u00e1s le invit\u00f3 a sentirse en familia y en casa.<\/p>\n<blockquote class=\"twitter-tweet\" data-width=\"550\" data-dnt=\"true\">\n<p lang=\"es\" dir=\"ltr\">Deseamos la m\u00e1s calurosa bienvenida al club de f\u00fatbol de Lens al muy talentoso futbolista venezolano <a href=\"https:\/\/twitter.com\/Wuilker_Farinez?ref_src=twsrc%5Etfw\">@Wuilker_Farinez<\/a> que llega hoy a Francia. Querido Wuilker te deseo lo mejor y muchos \u00e9xitos en tu carrera deportiva y humana en Francia. \u00a1Si\u00e9ntete como en tu casa y en familia! <a href=\"https:\/\/t.co\/LkgInTBHMC\">https:\/\/t.co\/LkgInTBHMC<\/a><\/p>\n<p>&mdash; Romain Nadal (@NadalDiplo) <a href=\"https:\/\/twitter.com\/NadalDiplo\/status\/1281934294613663744?ref_src=twsrc%5Etfw\">July 11, 2020<\/a><\/p><\/blockquote>\n<p><script async src=\"https:\/\/platform.twitter.com\/widgets.js\" charset=\"utf-8\"><\/script><\/p><div class=\"soadi69f37d44d4780\" ><p style=\"text-align: center;\"><a href=\"https:\/\/t.me\/noticiasdigital58\" target=\"_blank\" rel=\"noopener\"><img class=\"aligncenter size-full wp-image-125363\" src=\"https:\/\/digital58.com.ve\/site\/wp-content\/uploads\/2021\/04\/banner-telegram-web-2021.png\" alt=\"\" width=\"600\" height=\"90\" \/><\/a><\/p><\/div><style type=\"text\/css\">\r\n@media screen and (min-width: 1201px) {\r\n.soadi69f37d44d4780 {\r\ndisplay: block;\r\n}\r\n}\r\n@media screen and (min-width: 993px) and (max-width: 1200px) {\r\n.soadi69f37d44d4780 {\r\ndisplay: block;\r\n}\r\n}\r\n@media screen and (min-width: 769px) and (max-width: 992px) {\r\n.soadi69f37d44d4780 {\r\ndisplay: block;\r\n}\r\n}\r\n@media screen and (min-width: 768px) and (max-width: 768px) {\r\n.soadi69f37d44d4780 {\r\ndisplay: block;\r\n}\r\n}\r\n@media screen and (max-width: 767px) {\r\n.soadi69f37d44d4780 {\r\ndisplay: block;\r\n}\r\n}\r\n<\/style>\r\n\n<p>Fari\u00f1ez, cuya ficha le pertenece al Millonarios de Colombia, jugar\u00e1 cedido para el equipo franc\u00e9s y se incorporar\u00e1 a su plantilla a partir de este mes. El acuerdo entre los dos equipos estipula tambi\u00e9n la posibilidad de compra de Fari\u00f1ez por parte del Rens.<\/p>\n<div style=\"margin-top: 0px; margin-bottom: 0px;\" class=\"sharethis-inline-share-buttons\" ><\/div>","protected":false},"excerpt":{"rendered":"<p>El guardameta venezolano llega al equipo franc\u00e9s, cedido por el Millonarios de Colombia, en un convenio que estipula la opci\u00f3n<\/p>\n","protected":false},"author":29,"featured_media":113526,"comment_status":"open","ping_status":"closed","sticky":false,"template":"","format":"standard","meta":{"colormag_page_container_layout":"default_layout","colormag_page_sidebar_layout":"default_layout","_uag_custom_page_level_css":"","footnotes":""},"categories":[5402],"tags":[40,13,14145,41,8,17434,17436,17435,135,9348],"class_list":["post-113509","post","type-post","status-publish","format-standard","has-post-thumbnail","hentry","category-deportes","tag-francia","tag-futbol","tag-futbol-frances","tag-futbol-internacional","tag-internacionales","tag-ligue1","tag-ligue1-2020","tag-racing-club-de-lens","tag-venezolanos-en-el-exterior","tag-wuilker-farinez"],"yoast_head":"<!-- This site is optimized with the Yoast SEO plugin v27.5 - https:\/\/yoast.com\/product\/yoast-seo-wordpress\/ -->\n<title>Wuilker Fari\u00f1ez lleg\u00f3 a Francia y recibi\u00f3 la bienvenida del Racing Club de Lens<\/title>\n<meta name=\"robots\" content=\"index, follow, max-snippet:-1, max-image-preview:large, max-video-preview:-1\" \/>\n<link rel=\"canonical\" href=\"https:\/\/digital58.com.ve\/site\/2020\/07\/11\/wuilker-farinez-llego-a-francia-y-recibio-la-bienvenida-del-racing-club-de-lens\/\" \/>\n<meta property=\"og:locale\" content=\"es_ES\" \/>\n<meta property=\"og:type\" content=\"article\" \/>\n<meta property=\"og:title\" content=\"Wuilker Fari\u00f1ez lleg\u00f3 a Francia y recibi\u00f3 la bienvenida del Racing Club de Lens\" \/>\n<meta property=\"og:url\" content=\"https:\/\/digital58.com.ve\/site\/2020\/07\/11\/wuilker-farinez-llego-a-francia-y-recibio-la-bienvenida-del-racing-club-de-lens\/\" \/>\n<meta property=\"og:site_name\" content=\"Noticias Digital58\" \/>\n<meta property=\"article:published_time\" content=\"2020-07-11T18:35:52+00:00\" \/>\n<meta property=\"article:modified_time\" content=\"2020-08-18T13:55:45+00:00\" \/>\n<meta property=\"og:image\" content=\"https:\/\/digital58.com.ve\/site\/wp-content\/uploads\/2020\/07\/Wuilker-Fari\u00f1ez.jpg\" \/>\n\t<meta property=\"og:image:width\" content=\"900\" \/>\n\t<meta property=\"og:image:height\" content=\"600\" \/>\n\t<meta property=\"og:image:type\" content=\"image\/jpeg\" \/>\n<meta name=\"author\" content=\"Morales Joel\" \/>\n<meta name=\"twitter:card\" content=\"summary_large_image\" \/>\n<meta name=\"twitter:creator\" content=\"@Digital_58\" \/>\n<meta name=\"twitter:site\" content=\"@villasmilhfoto\" \/>\n<meta name=\"twitter:label1\" content=\"Escrito por\" \/>\n\t<meta name=\"twitter:data1\" content=\"Morales Joel\" \/>\n\t<meta name=\"twitter:label2\" content=\"Tiempo estimado de lectura\" \/>\n\t<meta name=\"twitter:data2\" content=\"1 minuto\" \/>\n<script type=\"application\/ld+json\" class=\"yoast-schema-graph\">{\"@context\":\"https:\\\/\\\/schema.org\",\"@graph\":[{\"@type\":\"Article\",\"@id\":\"https:\\\/\\\/digital58.com.ve\\\/site\\\/2020\\\/07\\\/11\\\/wuilker-farinez-llego-a-francia-y-recibio-la-bienvenida-del-racing-club-de-lens\\\/#article\",\"isPartOf\":{\"@id\":\"https:\\\/\\\/digital58.com.ve\\\/site\\\/2020\\\/07\\\/11\\\/wuilker-farinez-llego-a-francia-y-recibio-la-bienvenida-del-racing-club-de-lens\\\/\"},\"author\":{\"name\":\"Morales Joel\",\"@id\":\"https:\\\/\\\/digital58.com.ve\\\/site\\\/#\\\/schema\\\/person\\\/8daf5f8bfd9ebdb98150c62bff195b72\"},\"headline\":\"Wuilker Fari\u00f1ez lleg\u00f3 a Francia y recibi\u00f3 la bienvenida del Racing Club de Lens\",\"datePublished\":\"2020-07-11T18:35:52+00:00\",\"dateModified\":\"2020-08-18T13:55:45+00:00\",\"mainEntityOfPage\":{\"@id\":\"https:\\\/\\\/digital58.com.ve\\\/site\\\/2020\\\/07\\\/11\\\/wuilker-farinez-llego-a-francia-y-recibio-la-bienvenida-del-racing-club-de-lens\\\/\"},\"wordCount\":234,\"commentCount\":0,\"publisher\":{\"@id\":\"https:\\\/\\\/digital58.com.ve\\\/site\\\/#\\\/schema\\\/person\\\/64d1c2e4d0d4fd1b849980c4331c2951\"},\"image\":{\"@id\":\"https:\\\/\\\/digital58.com.ve\\\/site\\\/2020\\\/07\\\/11\\\/wuilker-farinez-llego-a-francia-y-recibio-la-bienvenida-del-racing-club-de-lens\\\/#primaryimage\"},\"thumbnailUrl\":\"https:\\\/\\\/digital58.com.ve\\\/site\\\/wp-content\\\/uploads\\\/2020\\\/07\\\/Wuilker-Fari\u00f1ez.jpg\",\"keywords\":[\"Francia\",\"F\u00fatbol\",\"F\u00fatbol frances\",\"F\u00fatbol Internacional\",\"Internacionales\",\"Ligue1\",\"Ligue1 2020\",\"Racing Club de Lens\",\"Venezolanos en el exterior\",\"Wuilker Fari\u00f1ez\"],\"articleSection\":[\"Deportes\"],\"inLanguage\":\"es\",\"potentialAction\":[{\"@type\":\"CommentAction\",\"name\":\"Comment\",\"target\":[\"https:\\\/\\\/digital58.com.ve\\\/site\\\/2020\\\/07\\\/11\\\/wuilker-farinez-llego-a-francia-y-recibio-la-bienvenida-del-racing-club-de-lens\\\/#respond\"]}]},{\"@type\":\"WebPage\",\"@id\":\"https:\\\/\\\/digital58.com.ve\\\/site\\\/2020\\\/07\\\/11\\\/wuilker-farinez-llego-a-francia-y-recibio-la-bienvenida-del-racing-club-de-lens\\\/\",\"url\":\"https:\\\/\\\/digital58.com.ve\\\/site\\\/2020\\\/07\\\/11\\\/wuilker-farinez-llego-a-francia-y-recibio-la-bienvenida-del-racing-club-de-lens\\\/\",\"name\":\"Wuilker Fari\u00f1ez lleg\u00f3 a Francia y recibi\u00f3 la bienvenida del Racing Club de Lens\",\"isPartOf\":{\"@id\":\"https:\\\/\\\/digital58.com.ve\\\/site\\\/#website\"},\"primaryImageOfPage\":{\"@id\":\"https:\\\/\\\/digital58.com.ve\\\/site\\\/2020\\\/07\\\/11\\\/wuilker-farinez-llego-a-francia-y-recibio-la-bienvenida-del-racing-club-de-lens\\\/#primaryimage\"},\"image\":{\"@id\":\"https:\\\/\\\/digital58.com.ve\\\/site\\\/2020\\\/07\\\/11\\\/wuilker-farinez-llego-a-francia-y-recibio-la-bienvenida-del-racing-club-de-lens\\\/#primaryimage\"},\"thumbnailUrl\":\"https:\\\/\\\/digital58.com.ve\\\/site\\\/wp-content\\\/uploads\\\/2020\\\/07\\\/Wuilker-Fari\u00f1ez.jpg\",\"datePublished\":\"2020-07-11T18:35:52+00:00\",\"dateModified\":\"2020-08-18T13:55:45+00:00\",\"breadcrumb\":{\"@id\":\"https:\\\/\\\/digital58.com.ve\\\/site\\\/2020\\\/07\\\/11\\\/wuilker-farinez-llego-a-francia-y-recibio-la-bienvenida-del-racing-club-de-lens\\\/#breadcrumb\"},\"inLanguage\":\"es\",\"potentialAction\":[{\"@type\":\"ReadAction\",\"target\":[\"https:\\\/\\\/digital58.com.ve\\\/site\\\/2020\\\/07\\\/11\\\/wuilker-farinez-llego-a-francia-y-recibio-la-bienvenida-del-racing-club-de-lens\\\/\"]}]},{\"@type\":\"ImageObject\",\"inLanguage\":\"es\",\"@id\":\"https:\\\/\\\/digital58.com.ve\\\/site\\\/2020\\\/07\\\/11\\\/wuilker-farinez-llego-a-francia-y-recibio-la-bienvenida-del-racing-club-de-lens\\\/#primaryimage\",\"url\":\"https:\\\/\\\/digital58.com.ve\\\/site\\\/wp-content\\\/uploads\\\/2020\\\/07\\\/Wuilker-Fari\u00f1ez.jpg\",\"contentUrl\":\"https:\\\/\\\/digital58.com.ve\\\/site\\\/wp-content\\\/uploads\\\/2020\\\/07\\\/Wuilker-Fari\u00f1ez.jpg\",\"width\":800,\"height\":533},{\"@type\":\"BreadcrumbList\",\"@id\":\"https:\\\/\\\/digital58.com.ve\\\/site\\\/2020\\\/07\\\/11\\\/wuilker-farinez-llego-a-francia-y-recibio-la-bienvenida-del-racing-club-de-lens\\\/#breadcrumb\",\"itemListElement\":[{\"@type\":\"ListItem\",\"position\":1,\"name\":\"Home\",\"item\":\"https:\\\/\\\/digital58.com.ve\\\/site\\\/\"},{\"@type\":\"ListItem\",\"position\":2,\"name\":\"Wuilker Fari\u00f1ez lleg\u00f3 a Francia y recibi\u00f3 la bienvenida del Racing Club de Lens\"}]},{\"@type\":\"WebSite\",\"@id\":\"https:\\\/\\\/digital58.com.ve\\\/site\\\/#website\",\"url\":\"https:\\\/\\\/digital58.com.ve\\\/site\\\/\",\"name\":\"Noticias Digital58\",\"description\":\"Portal de Noticias \u00a1Periodismo web de verdad! Lanzamiento web 22.11.2005 \\\/ Maracaibo, Venezuela\",\"publisher\":{\"@id\":\"https:\\\/\\\/digital58.com.ve\\\/site\\\/#\\\/schema\\\/person\\\/64d1c2e4d0d4fd1b849980c4331c2951\"},\"alternateName\":\"ND58\",\"potentialAction\":[{\"@type\":\"SearchAction\",\"target\":{\"@type\":\"EntryPoint\",\"urlTemplate\":\"https:\\\/\\\/digital58.com.ve\\\/site\\\/?s={search_term_string}\"},\"query-input\":{\"@type\":\"PropertyValueSpecification\",\"valueRequired\":true,\"valueName\":\"search_term_string\"}}],\"inLanguage\":\"es\"},{\"@type\":[\"Person\",\"Organization\"],\"@id\":\"https:\\\/\\\/digital58.com.ve\\\/site\\\/#\\\/schema\\\/person\\\/64d1c2e4d0d4fd1b849980c4331c2951\",\"name\":\"Villasmil Henry\",\"image\":{\"@type\":\"ImageObject\",\"inLanguage\":\"es\",\"@id\":\"https:\\\/\\\/secure.gravatar.com\\\/avatar\\\/bb0c4a2fcb7970138239f7e404ea75757b1b507b28b5ce4c53fbd62d797c5a7c?s=96&d=mm&r=g\",\"url\":\"https:\\\/\\\/secure.gravatar.com\\\/avatar\\\/bb0c4a2fcb7970138239f7e404ea75757b1b507b28b5ce4c53fbd62d797c5a7c?s=96&d=mm&r=g\",\"contentUrl\":\"https:\\\/\\\/secure.gravatar.com\\\/avatar\\\/bb0c4a2fcb7970138239f7e404ea75757b1b507b28b5ce4c53fbd62d797c5a7c?s=96&d=mm&r=g\",\"caption\":\"Villasmil Henry\"},\"logo\":{\"@id\":\"https:\\\/\\\/secure.gravatar.com\\\/avatar\\\/bb0c4a2fcb7970138239f7e404ea75757b1b507b28b5ce4c53fbd62d797c5a7c?s=96&d=mm&r=g\"},\"sameAs\":[\"http:\\\/\\\/www.henryvillasmil.com.ve\",\"https:\\\/\\\/www.instagram.com\\\/villasmilhfoto\\\/\",\"https:\\\/\\\/x.com\\\/https:\\\/\\\/twitter.com\\\/villasmilhfoto\"]},{\"@type\":\"Person\",\"@id\":\"https:\\\/\\\/digital58.com.ve\\\/site\\\/#\\\/schema\\\/person\\\/8daf5f8bfd9ebdb98150c62bff195b72\",\"name\":\"Morales Joel\",\"image\":{\"@type\":\"ImageObject\",\"inLanguage\":\"es\",\"@id\":\"https:\\\/\\\/secure.gravatar.com\\\/avatar\\\/e2cb5ce0e9279ab3c8e03d472e483f32e666716a18da3bfa7b0749a5465409f1?s=96&d=mm&r=g\",\"url\":\"https:\\\/\\\/secure.gravatar.com\\\/avatar\\\/e2cb5ce0e9279ab3c8e03d472e483f32e666716a18da3bfa7b0749a5465409f1?s=96&d=mm&r=g\",\"contentUrl\":\"https:\\\/\\\/secure.gravatar.com\\\/avatar\\\/e2cb5ce0e9279ab3c8e03d472e483f32e666716a18da3bfa7b0749a5465409f1?s=96&d=mm&r=g\",\"caption\":\"Morales Joel\"},\"url\":\"https:\\\/\\\/digital58.com.ve\\\/site\\\/author\\\/joelm\\\/\"}]}<\/script>\n<!-- \/ Yoast SEO plugin. -->","yoast_head_json":{"title":"Wuilker Fari\u00f1ez lleg\u00f3 a Francia y recibi\u00f3 la bienvenida del Racing Club de Lens","robots":{"index":"index","follow":"follow","max-snippet":"max-snippet:-1","max-image-preview":"max-image-preview:large","max-video-preview":"max-video-preview:-1"},"canonical":"https:\/\/digital58.com.ve\/site\/2020\/07\/11\/wuilker-farinez-llego-a-francia-y-recibio-la-bienvenida-del-racing-club-de-lens\/","og_locale":"es_ES","og_type":"article","og_title":"Wuilker Fari\u00f1ez lleg\u00f3 a Francia y recibi\u00f3 la bienvenida del Racing Club de Lens","og_url":"https:\/\/digital58.com.ve\/site\/2020\/07\/11\/wuilker-farinez-llego-a-francia-y-recibio-la-bienvenida-del-racing-club-de-lens\/","og_site_name":"Noticias Digital58","article_published_time":"2020-07-11T18:35:52+00:00","article_modified_time":"2020-08-18T13:55:45+00:00","og_image":[{"width":900,"height":600,"url":"https:\/\/digital58.com.ve\/site\/wp-content\/uploads\/2020\/07\/Wuilker-Fari\u00f1ez.jpg","type":"image\/jpeg"}],"author":"Morales Joel","twitter_card":"summary_large_image","twitter_creator":"@Digital_58","twitter_site":"@villasmilhfoto","twitter_misc":{"Escrito por":"Morales Joel","Tiempo estimado de lectura":"1 minuto"},"schema":{"@context":"https:\/\/schema.org","@graph":[{"@type":"Article","@id":"https:\/\/digital58.com.ve\/site\/2020\/07\/11\/wuilker-farinez-llego-a-francia-y-recibio-la-bienvenida-del-racing-club-de-lens\/#article","isPartOf":{"@id":"https:\/\/digital58.com.ve\/site\/2020\/07\/11\/wuilker-farinez-llego-a-francia-y-recibio-la-bienvenida-del-racing-club-de-lens\/"},"author":{"name":"Morales Joel","@id":"https:\/\/digital58.com.ve\/site\/#\/schema\/person\/8daf5f8bfd9ebdb98150c62bff195b72"},"headline":"Wuilker Fari\u00f1ez lleg\u00f3 a Francia y recibi\u00f3 la bienvenida del Racing Club de Lens","datePublished":"2020-07-11T18:35:52+00:00","dateModified":"2020-08-18T13:55:45+00:00","mainEntityOfPage":{"@id":"https:\/\/digital58.com.ve\/site\/2020\/07\/11\/wuilker-farinez-llego-a-francia-y-recibio-la-bienvenida-del-racing-club-de-lens\/"},"wordCount":234,"commentCount":0,"publisher":{"@id":"https:\/\/digital58.com.ve\/site\/#\/schema\/person\/64d1c2e4d0d4fd1b849980c4331c2951"},"image":{"@id":"https:\/\/digital58.com.ve\/site\/2020\/07\/11\/wuilker-farinez-llego-a-francia-y-recibio-la-bienvenida-del-racing-club-de-lens\/#primaryimage"},"thumbnailUrl":"https:\/\/digital58.com.ve\/site\/wp-content\/uploads\/2020\/07\/Wuilker-Fari\u00f1ez.jpg","keywords":["Francia","F\u00fatbol","F\u00fatbol frances","F\u00fatbol Internacional","Internacionales","Ligue1","Ligue1 2020","Racing Club de Lens","Venezolanos en el exterior","Wuilker Fari\u00f1ez"],"articleSection":["Deportes"],"inLanguage":"es","potentialAction":[{"@type":"CommentAction","name":"Comment","target":["https:\/\/digital58.com.ve\/site\/2020\/07\/11\/wuilker-farinez-llego-a-francia-y-recibio-la-bienvenida-del-racing-club-de-lens\/#respond"]}]},{"@type":"WebPage","@id":"https:\/\/digital58.com.ve\/site\/2020\/07\/11\/wuilker-farinez-llego-a-francia-y-recibio-la-bienvenida-del-racing-club-de-lens\/","url":"https:\/\/digital58.com.ve\/site\/2020\/07\/11\/wuilker-farinez-llego-a-francia-y-recibio-la-bienvenida-del-racing-club-de-lens\/","name":"Wuilker Fari\u00f1ez lleg\u00f3 a Francia y recibi\u00f3 la bienvenida del Racing Club de Lens","isPartOf":{"@id":"https:\/\/digital58.com.ve\/site\/#website"},"primaryImageOfPage":{"@id":"https:\/\/digital58.com.ve\/site\/2020\/07\/11\/wuilker-farinez-llego-a-francia-y-recibio-la-bienvenida-del-racing-club-de-lens\/#primaryimage"},"image":{"@id":"https:\/\/digital58.com.ve\/site\/2020\/07\/11\/wuilker-farinez-llego-a-francia-y-recibio-la-bienvenida-del-racing-club-de-lens\/#primaryimage"},"thumbnailUrl":"https:\/\/digital58.com.ve\/site\/wp-content\/uploads\/2020\/07\/Wuilker-Fari\u00f1ez.jpg","datePublished":"2020-07-11T18:35:52+00:00","dateModified":"2020-08-18T13:55:45+00:00","breadcrumb":{"@id":"https:\/\/digital58.com.ve\/site\/2020\/07\/11\/wuilker-farinez-llego-a-francia-y-recibio-la-bienvenida-del-racing-club-de-lens\/#breadcrumb"},"inLanguage":"es","potentialAction":[{"@type":"ReadAction","target":["https:\/\/digital58.com.ve\/site\/2020\/07\/11\/wuilker-farinez-llego-a-francia-y-recibio-la-bienvenida-del-racing-club-de-lens\/"]}]},{"@type":"ImageObject","inLanguage":"es","@id":"https:\/\/digital58.com.ve\/site\/2020\/07\/11\/wuilker-farinez-llego-a-francia-y-recibio-la-bienvenida-del-racing-club-de-lens\/#primaryimage","url":"https:\/\/digital58.com.ve\/site\/wp-content\/uploads\/2020\/07\/Wuilker-Fari\u00f1ez.jpg","contentUrl":"https:\/\/digital58.com.ve\/site\/wp-content\/uploads\/2020\/07\/Wuilker-Fari\u00f1ez.jpg","width":800,"height":533},{"@type":"BreadcrumbList","@id":"https:\/\/digital58.com.ve\/site\/2020\/07\/11\/wuilker-farinez-llego-a-francia-y-recibio-la-bienvenida-del-racing-club-de-lens\/#breadcrumb","itemListElement":[{"@type":"ListItem","position":1,"name":"Home","item":"https:\/\/digital58.com.ve\/site\/"},{"@type":"ListItem","position":2,"name":"Wuilker Fari\u00f1ez lleg\u00f3 a Francia y recibi\u00f3 la bienvenida del Racing Club de Lens"}]},{"@type":"WebSite","@id":"https:\/\/digital58.com.ve\/site\/#website","url":"https:\/\/digital58.com.ve\/site\/","name":"Noticias Digital58","description":"Portal de Noticias \u00a1Periodismo web de verdad! Lanzamiento web 22.11.2005 \/ Maracaibo, Venezuela","publisher":{"@id":"https:\/\/digital58.com.ve\/site\/#\/schema\/person\/64d1c2e4d0d4fd1b849980c4331c2951"},"alternateName":"ND58","potentialAction":[{"@type":"SearchAction","target":{"@type":"EntryPoint","urlTemplate":"https:\/\/digital58.com.ve\/site\/?s={search_term_string}"},"query-input":{"@type":"PropertyValueSpecification","valueRequired":true,"valueName":"search_term_string"}}],"inLanguage":"es"},{"@type":["Person","Organization"],"@id":"https:\/\/digital58.com.ve\/site\/#\/schema\/person\/64d1c2e4d0d4fd1b849980c4331c2951","name":"Villasmil Henry","image":{"@type":"ImageObject","inLanguage":"es","@id":"https:\/\/secure.gravatar.com\/avatar\/bb0c4a2fcb7970138239f7e404ea75757b1b507b28b5ce4c53fbd62d797c5a7c?s=96&d=mm&r=g","url":"https:\/\/secure.gravatar.com\/avatar\/bb0c4a2fcb7970138239f7e404ea75757b1b507b28b5ce4c53fbd62d797c5a7c?s=96&d=mm&r=g","contentUrl":"https:\/\/secure.gravatar.com\/avatar\/bb0c4a2fcb7970138239f7e404ea75757b1b507b28b5ce4c53fbd62d797c5a7c?s=96&d=mm&r=g","caption":"Villasmil Henry"},"logo":{"@id":"https:\/\/secure.gravatar.com\/avatar\/bb0c4a2fcb7970138239f7e404ea75757b1b507b28b5ce4c53fbd62d797c5a7c?s=96&d=mm&r=g"},"sameAs":["http:\/\/www.henryvillasmil.com.ve","https:\/\/www.instagram.com\/villasmilhfoto\/","https:\/\/x.com\/https:\/\/twitter.com\/villasmilhfoto"]},{"@type":"Person","@id":"https:\/\/digital58.com.ve\/site\/#\/schema\/person\/8daf5f8bfd9ebdb98150c62bff195b72","name":"Morales Joel","image":{"@type":"ImageObject","inLanguage":"es","@id":"https:\/\/secure.gravatar.com\/avatar\/e2cb5ce0e9279ab3c8e03d472e483f32e666716a18da3bfa7b0749a5465409f1?s=96&d=mm&r=g","url":"https:\/\/secure.gravatar.com\/avatar\/e2cb5ce0e9279ab3c8e03d472e483f32e666716a18da3bfa7b0749a5465409f1?s=96&d=mm&r=g","contentUrl":"https:\/\/secure.gravatar.com\/avatar\/e2cb5ce0e9279ab3c8e03d472e483f32e666716a18da3bfa7b0749a5465409f1?s=96&d=mm&r=g","caption":"Morales Joel"},"url":"https:\/\/digital58.com.ve\/site\/author\/joelm\/"}]}},"uagb_featured_image_src":{"full":["https:\/\/digital58.com.ve\/site\/wp-content\/uploads\/2020\/07\/Wuilker-Fari\u00f1ez.jpg",800,533,false],"thumbnail":["https:\/\/digital58.com.ve\/site\/wp-content\/uploads\/2020\/07\/Wuilker-Fari\u00f1ez-150x150.jpg",150,150,true],"medium":["https:\/\/digital58.com.ve\/site\/wp-content\/uploads\/2020\/07\/Wuilker-Fari\u00f1ez-300x200.jpg",300,200,true],"medium_large":["https:\/\/digital58.com.ve\/site\/wp-content\/uploads\/2020\/07\/Wuilker-Fari\u00f1ez-768x512.jpg",768,512,true],"large":["https:\/\/digital58.com.ve\/site\/wp-content\/uploads\/2020\/07\/Wuilker-Fari\u00f1ez.jpg",800,533,false],"1536x1536":["https:\/\/digital58.com.ve\/site\/wp-content\/uploads\/2020\/07\/Wuilker-Fari\u00f1ez.jpg",800,533,false],"2048x2048":["https:\/\/digital58.com.ve\/site\/wp-content\/uploads\/2020\/07\/Wuilker-Fari\u00f1ez.jpg",800,533,false],"colormag-highlighted-post":["https:\/\/digital58.com.ve\/site\/wp-content\/uploads\/2020\/07\/Wuilker-Fari\u00f1ez.jpg",392,261,false],"colormag-featured-post-medium":["https:\/\/digital58.com.ve\/site\/wp-content\/uploads\/2020\/07\/Wuilker-Fari\u00f1ez.jpg",308,205,false],"colormag-featured-post-small":["https:\/\/digital58.com.ve\/site\/wp-content\/uploads\/2020\/07\/Wuilker-Fari\u00f1ez.jpg",130,87,false],"colormag-featured-image":["https:\/\/digital58.com.ve\/site\/wp-content\/uploads\/2020\/07\/Wuilker-Fari\u00f1ez.jpg",668,445,false],"colormag-default-news":["https:\/\/digital58.com.ve\/site\/wp-content\/uploads\/2020\/07\/Wuilker-Fari\u00f1ez.jpg",150,100,false],"colormag-featured-image-large":["https:\/\/digital58.com.ve\/site\/wp-content\/uploads\/2020\/07\/Wuilker-Fari\u00f1ez.jpg",800,533,false]},"uagb_author_info":{"display_name":"Morales Joel","author_link":"https:\/\/digital58.com.ve\/site\/author\/joelm\/"},"uagb_comment_info":0,"uagb_excerpt":"El guardameta venezolano llega al equipo franc\u00e9s, cedido por el Millonarios de Colombia, en un convenio que estipula la opci\u00f3n","_links":{"self":[{"href":"https:\/\/digital58.com.ve\/site\/wp-json\/wp\/v2\/posts\/113509","targetHints":{"allow":["GET"]}}],"collection":[{"href":"https:\/\/digital58.com.ve\/site\/wp-json\/wp\/v2\/posts"}],"about":[{"href":"https:\/\/digital58.com.ve\/site\/wp-json\/wp\/v2\/types\/post"}],"author":[{"embeddable":true,"href":"https:\/\/digital58.com.ve\/site\/wp-json\/wp\/v2\/users\/29"}],"replies":[{"embeddable":true,"href":"https:\/\/digital58.com.ve\/site\/wp-json\/wp\/v2\/comments?post=113509"}],"version-history":[{"count":0,"href":"https:\/\/digital58.com.ve\/site\/wp-json\/wp\/v2\/posts\/113509\/revisions"}],"wp:featuredmedia":[{"embeddable":true,"href":"https:\/\/digital58.com.ve\/site\/wp-json\/wp\/v2\/media\/113526"}],"wp:attachment":[{"href":"https:\/\/digital58.com.ve\/site\/wp-json\/wp\/v2\/media?parent=113509"}],"wp:term":[{"taxonomy":"category","embeddable":true,"href":"https:\/\/digital58.com.ve\/site\/wp-json\/wp\/v2\/categories?post=113509"},{"taxonomy":"post_tag","embeddable":true,"href":"https:\/\/digital58.com.ve\/site\/wp-json\/wp\/v2\/tags?post=113509"}],"curies":[{"name":"wp","href":"https:\/\/api.w.org\/{rel}","templated":true}]}}