{"id":113577,"date":"2020-07-11T17:31:28","date_gmt":"2020-07-11T21:31:28","guid":{"rendered":"https:\/\/digital58.com.ve\/site\/?p=113577"},"modified":"2020-07-11T17:31:28","modified_gmt":"2020-07-11T21:31:28","slug":"cne-y-fanb-se-reuniran-para-coordinar-proximo-plan-republica","status":"publish","type":"post","link":"https:\/\/digital58.com.ve\/site\/2020\/07\/11\/cne-y-fanb-se-reuniran-para-coordinar-proximo-plan-republica\/","title":{"rendered":"CNE y FANB se reunir\u00e1n para coordinar pr\u00f3ximo Plan Rep\u00fablica"},"content":{"rendered":"<p>&nbsp;<\/p>\n<p>&nbsp;<\/p>\n<p><img loading=\"lazy\" decoding=\"async\" class=\"size-medium aligncenter\" src=\"https:\/\/n24assets.nyc3.digitaloceanspaces.com\/2020\/05\/padrino-2020.jpg\" width=\"720\" height=\"537\" \/><\/p>\n<p>Desde el Fuerte Tiuna, en Caracas, el ministro para la Defensa agradeci\u00f3 la convocatoria a los comicios parlamentarios, ya que estas acciones garantizan los derechos de los ciudadanos y fortalece la democracia en el pa\u00eds.<\/p>\n<p><strong>Caracas, DC, Venezuelal, 11 de julio de 2020 (ND58).-<\/strong> La Fuerza Armada Nacional Bolivariana (FANB) sostendr\u00e1 una reuni\u00f3n con las autoridades del Consejo Nacional Electoral (CNE) para coordinar las acciones a tomar para desplegar el Plan Rep\u00fablica, de cara a los comicios parlamentarios que se llevar\u00e1n a cabo el pr\u00f3ximo mes de diciembre; inform\u00f3 el ministro para la Defensa, Vladimir Padrino L\u00f3pez.<\/p>\n<p>\u00abEn las pr\u00f3ximas horas tendremos las primeras reuniones con las autoridades del CNE poner en pr\u00e1ctica el Plan Rep\u00fablica con la a\u00f1adidura con un plan especial de protecci\u00f3n para todo el pueblo que va a ir a votar\u00bb, expres\u00f3 el ministro Padrino L\u00f3pez.<\/p>\n<p>El pasado martes, el presidente de la Rep\u00fablica Bolivariana de Venezuela, Nicol\u00e1s Maduro, inform\u00f3 que el Plan Rep\u00fablica contar\u00e1 con un plan especial de bioseguridad para proteger a los convocados a votar en los comicios parlamentarios, en medio de la pandemia del coronavirus COVID-19.<\/p>\n<p>El Plan Rep\u00fablica, integrada por miembros de la Fuerza Armada Nacional Bolivariana, se ha encargado historicamente de resguardar el orden p\u00fablico durante los comicios electorales.<\/p><div class=\"vssvl69f522c825922\" ><p style=\"text-align: center;\"><a href=\"https:\/\/t.me\/noticiasdigital58\" target=\"_blank\" rel=\"noopener\"><img class=\"aligncenter size-full wp-image-125363\" src=\"https:\/\/digital58.com.ve\/site\/wp-content\/uploads\/2021\/04\/banner-telegram-web-2021.png\" alt=\"\" width=\"600\" height=\"90\" \/><\/a><\/p><\/div><style type=\"text\/css\">\r\n@media screen and (min-width: 1201px) {\r\n.vssvl69f522c825922 {\r\ndisplay: block;\r\n}\r\n}\r\n@media screen and (min-width: 993px) and (max-width: 1200px) {\r\n.vssvl69f522c825922 {\r\ndisplay: block;\r\n}\r\n}\r\n@media screen and (min-width: 769px) and (max-width: 992px) {\r\n.vssvl69f522c825922 {\r\ndisplay: block;\r\n}\r\n}\r\n@media screen and (min-width: 768px) and (max-width: 768px) {\r\n.vssvl69f522c825922 {\r\ndisplay: block;\r\n}\r\n}\r\n@media screen and (max-width: 767px) {\r\n.vssvl69f522c825922 {\r\ndisplay: block;\r\n}\r\n}\r\n<\/style>\r\n\n<p><strong>Redacci\u00f3n: Arismendi, Luis (@arismendiht) | Fuente: RNV<\/strong><br \/>\n<strong>Edici\u00f3n: Ch\u00e1vez, Marian (@marianchavez27)<\/strong><br \/>\n<strong>Gr\u00e1fica: cortes\u00eda<\/strong><\/p>\n<div style=\"margin-top: 0px; margin-bottom: 0px;\" class=\"sharethis-inline-share-buttons\" ><\/div>","protected":false},"excerpt":{"rendered":"<p>&nbsp; &nbsp; Desde el Fuerte Tiuna, en Caracas, el ministro para la Defensa agradeci\u00f3 la convocatoria a los comicios parlamentarios,<\/p>\n","protected":false},"author":7,"featured_media":113582,"comment_status":"open","ping_status":"closed","sticky":false,"template":"","format":"standard","meta":{"colormag_page_container_layout":"default_layout","colormag_page_sidebar_layout":"default_layout","_uag_custom_page_level_css":"","footnotes":""},"categories":[16454],"tags":[29,10245,16946,16503,15351,11997,233,2724,17171,32,2735],"class_list":["post-113577","post","type-post","status-publish","format-standard","has-post-thumbnail","hentry","category-venezuela","tag-caracas","tag-consejo-nacional-electoral","tag-elecciones-2020","tag-elecciones-parlamentarias-2020","tag-fuerte-tiuna","tag-fuerza-armada-nacional-bolivariana","tag-nacionales","tag-nicolas-maduro","tag-plan-republica","tag-venezuela","tag-vladimir-padrino-lopez"],"yoast_head":"<!-- This site is optimized with the Yoast SEO plugin v27.5 - https:\/\/yoast.com\/product\/yoast-seo-wordpress\/ -->\n<title>CNE y FANB se reunir\u00e1n para coordinar pr\u00f3ximo Plan Rep\u00fablica<\/title>\n<meta name=\"description\" content=\"Venezuela\" \/>\n<meta name=\"robots\" content=\"index, follow, max-snippet:-1, max-image-preview:large, max-video-preview:-1\" \/>\n<link rel=\"canonical\" href=\"https:\/\/digital58.com.ve\/site\/2020\/07\/11\/cne-y-fanb-se-reuniran-para-coordinar-proximo-plan-republica\/\" \/>\n<meta property=\"og:locale\" content=\"es_ES\" \/>\n<meta property=\"og:type\" content=\"article\" \/>\n<meta property=\"og:title\" content=\"CNE y FANB se reunir\u00e1n para coordinar pr\u00f3ximo Plan Rep\u00fablica\" \/>\n<meta property=\"og:description\" content=\"Venezuela\" \/>\n<meta property=\"og:url\" content=\"https:\/\/digital58.com.ve\/site\/2020\/07\/11\/cne-y-fanb-se-reuniran-para-coordinar-proximo-plan-republica\/\" \/>\n<meta property=\"og:site_name\" content=\"Noticias Digital58\" \/>\n<meta property=\"article:published_time\" content=\"2020-07-11T21:31:28+00:00\" \/>\n<meta property=\"og:image\" content=\"https:\/\/digital58.com.ve\/site\/wp-content\/uploads\/2020\/07\/plan-republica-1.jpg\" \/>\n\t<meta property=\"og:image:width\" content=\"620\" \/>\n\t<meta property=\"og:image:height\" content=\"400\" \/>\n\t<meta property=\"og:image:type\" content=\"image\/jpeg\" \/>\n<meta name=\"author\" content=\"Arismendi Luis\" \/>\n<meta name=\"twitter:card\" content=\"summary_large_image\" \/>\n<meta name=\"twitter:creator\" content=\"@Digital_58\" \/>\n<meta name=\"twitter:site\" content=\"@villasmilhfoto\" \/>\n<meta name=\"twitter:label1\" content=\"Escrito por\" \/>\n\t<meta name=\"twitter:data1\" content=\"Arismendi Luis\" \/>\n\t<meta name=\"twitter:label2\" content=\"Tiempo estimado de lectura\" \/>\n\t<meta name=\"twitter:data2\" content=\"1 minuto\" \/>\n<script type=\"application\/ld+json\" class=\"yoast-schema-graph\">{\"@context\":\"https:\\\/\\\/schema.org\",\"@graph\":[{\"@type\":\"Article\",\"@id\":\"https:\\\/\\\/digital58.com.ve\\\/site\\\/2020\\\/07\\\/11\\\/cne-y-fanb-se-reuniran-para-coordinar-proximo-plan-republica\\\/#article\",\"isPartOf\":{\"@id\":\"https:\\\/\\\/digital58.com.ve\\\/site\\\/2020\\\/07\\\/11\\\/cne-y-fanb-se-reuniran-para-coordinar-proximo-plan-republica\\\/\"},\"author\":{\"name\":\"Arismendi Luis\",\"@id\":\"https:\\\/\\\/digital58.com.ve\\\/site\\\/#\\\/schema\\\/person\\\/d79fb9041200d150763851810f3a6e44\"},\"headline\":\"CNE y FANB se reunir\u00e1n para coordinar pr\u00f3ximo Plan Rep\u00fablica\",\"datePublished\":\"2020-07-11T21:31:28+00:00\",\"mainEntityOfPage\":{\"@id\":\"https:\\\/\\\/digital58.com.ve\\\/site\\\/2020\\\/07\\\/11\\\/cne-y-fanb-se-reuniran-para-coordinar-proximo-plan-republica\\\/\"},\"wordCount\":257,\"commentCount\":0,\"publisher\":{\"@id\":\"https:\\\/\\\/digital58.com.ve\\\/site\\\/#\\\/schema\\\/person\\\/64d1c2e4d0d4fd1b849980c4331c2951\"},\"image\":{\"@id\":\"https:\\\/\\\/digital58.com.ve\\\/site\\\/2020\\\/07\\\/11\\\/cne-y-fanb-se-reuniran-para-coordinar-proximo-plan-republica\\\/#primaryimage\"},\"thumbnailUrl\":\"https:\\\/\\\/digital58.com.ve\\\/site\\\/wp-content\\\/uploads\\\/2020\\\/07\\\/plan-republica-1.jpg\",\"keywords\":[\"Caracas\",\"Consejo Nacional Electoral\",\"Elecciones 2020\",\"Elecciones Parlamentarias 2020\",\"Fuerte Tiuna\",\"Fuerza Armada Nacional Bolivariana\",\"Nacionales\",\"Nicol\u00e1s Maduro\",\"Plan Rep\u00fablica\",\"Venezuela\",\"Vladimir Padrino L\u00f3pez\"],\"articleSection\":[\"Venezuela\"],\"inLanguage\":\"es\",\"potentialAction\":[{\"@type\":\"CommentAction\",\"name\":\"Comment\",\"target\":[\"https:\\\/\\\/digital58.com.ve\\\/site\\\/2020\\\/07\\\/11\\\/cne-y-fanb-se-reuniran-para-coordinar-proximo-plan-republica\\\/#respond\"]}]},{\"@type\":\"WebPage\",\"@id\":\"https:\\\/\\\/digital58.com.ve\\\/site\\\/2020\\\/07\\\/11\\\/cne-y-fanb-se-reuniran-para-coordinar-proximo-plan-republica\\\/\",\"url\":\"https:\\\/\\\/digital58.com.ve\\\/site\\\/2020\\\/07\\\/11\\\/cne-y-fanb-se-reuniran-para-coordinar-proximo-plan-republica\\\/\",\"name\":\"CNE y FANB se reunir\u00e1n para coordinar pr\u00f3ximo Plan Rep\u00fablica\",\"isPartOf\":{\"@id\":\"https:\\\/\\\/digital58.com.ve\\\/site\\\/#website\"},\"primaryImageOfPage\":{\"@id\":\"https:\\\/\\\/digital58.com.ve\\\/site\\\/2020\\\/07\\\/11\\\/cne-y-fanb-se-reuniran-para-coordinar-proximo-plan-republica\\\/#primaryimage\"},\"image\":{\"@id\":\"https:\\\/\\\/digital58.com.ve\\\/site\\\/2020\\\/07\\\/11\\\/cne-y-fanb-se-reuniran-para-coordinar-proximo-plan-republica\\\/#primaryimage\"},\"thumbnailUrl\":\"https:\\\/\\\/digital58.com.ve\\\/site\\\/wp-content\\\/uploads\\\/2020\\\/07\\\/plan-republica-1.jpg\",\"datePublished\":\"2020-07-11T21:31:28+00:00\",\"description\":\"Venezuela\",\"breadcrumb\":{\"@id\":\"https:\\\/\\\/digital58.com.ve\\\/site\\\/2020\\\/07\\\/11\\\/cne-y-fanb-se-reuniran-para-coordinar-proximo-plan-republica\\\/#breadcrumb\"},\"inLanguage\":\"es\",\"potentialAction\":[{\"@type\":\"ReadAction\",\"target\":[\"https:\\\/\\\/digital58.com.ve\\\/site\\\/2020\\\/07\\\/11\\\/cne-y-fanb-se-reuniran-para-coordinar-proximo-plan-republica\\\/\"]}]},{\"@type\":\"ImageObject\",\"inLanguage\":\"es\",\"@id\":\"https:\\\/\\\/digital58.com.ve\\\/site\\\/2020\\\/07\\\/11\\\/cne-y-fanb-se-reuniran-para-coordinar-proximo-plan-republica\\\/#primaryimage\",\"url\":\"https:\\\/\\\/digital58.com.ve\\\/site\\\/wp-content\\\/uploads\\\/2020\\\/07\\\/plan-republica-1.jpg\",\"contentUrl\":\"https:\\\/\\\/digital58.com.ve\\\/site\\\/wp-content\\\/uploads\\\/2020\\\/07\\\/plan-republica-1.jpg\",\"width\":620,\"height\":400},{\"@type\":\"BreadcrumbList\",\"@id\":\"https:\\\/\\\/digital58.com.ve\\\/site\\\/2020\\\/07\\\/11\\\/cne-y-fanb-se-reuniran-para-coordinar-proximo-plan-republica\\\/#breadcrumb\",\"itemListElement\":[{\"@type\":\"ListItem\",\"position\":1,\"name\":\"Home\",\"item\":\"https:\\\/\\\/digital58.com.ve\\\/site\\\/\"},{\"@type\":\"ListItem\",\"position\":2,\"name\":\"CNE y FANB se reunir\u00e1n para coordinar pr\u00f3ximo Plan Rep\u00fablica\"}]},{\"@type\":\"WebSite\",\"@id\":\"https:\\\/\\\/digital58.com.ve\\\/site\\\/#website\",\"url\":\"https:\\\/\\\/digital58.com.ve\\\/site\\\/\",\"name\":\"Noticias Digital58\",\"description\":\"Portal de Noticias \u00a1Periodismo web de verdad! Lanzamiento web 22.11.2005 \\\/ Maracaibo, Venezuela\",\"publisher\":{\"@id\":\"https:\\\/\\\/digital58.com.ve\\\/site\\\/#\\\/schema\\\/person\\\/64d1c2e4d0d4fd1b849980c4331c2951\"},\"alternateName\":\"ND58\",\"potentialAction\":[{\"@type\":\"SearchAction\",\"target\":{\"@type\":\"EntryPoint\",\"urlTemplate\":\"https:\\\/\\\/digital58.com.ve\\\/site\\\/?s={search_term_string}\"},\"query-input\":{\"@type\":\"PropertyValueSpecification\",\"valueRequired\":true,\"valueName\":\"search_term_string\"}}],\"inLanguage\":\"es\"},{\"@type\":[\"Person\",\"Organization\"],\"@id\":\"https:\\\/\\\/digital58.com.ve\\\/site\\\/#\\\/schema\\\/person\\\/64d1c2e4d0d4fd1b849980c4331c2951\",\"name\":\"Villasmil Henry\",\"image\":{\"@type\":\"ImageObject\",\"inLanguage\":\"es\",\"@id\":\"https:\\\/\\\/secure.gravatar.com\\\/avatar\\\/bb0c4a2fcb7970138239f7e404ea75757b1b507b28b5ce4c53fbd62d797c5a7c?s=96&d=mm&r=g\",\"url\":\"https:\\\/\\\/secure.gravatar.com\\\/avatar\\\/bb0c4a2fcb7970138239f7e404ea75757b1b507b28b5ce4c53fbd62d797c5a7c?s=96&d=mm&r=g\",\"contentUrl\":\"https:\\\/\\\/secure.gravatar.com\\\/avatar\\\/bb0c4a2fcb7970138239f7e404ea75757b1b507b28b5ce4c53fbd62d797c5a7c?s=96&d=mm&r=g\",\"caption\":\"Villasmil Henry\"},\"logo\":{\"@id\":\"https:\\\/\\\/secure.gravatar.com\\\/avatar\\\/bb0c4a2fcb7970138239f7e404ea75757b1b507b28b5ce4c53fbd62d797c5a7c?s=96&d=mm&r=g\"},\"sameAs\":[\"http:\\\/\\\/www.henryvillasmil.com.ve\",\"https:\\\/\\\/www.instagram.com\\\/villasmilhfoto\\\/\",\"https:\\\/\\\/x.com\\\/https:\\\/\\\/twitter.com\\\/villasmilhfoto\"]},{\"@type\":\"Person\",\"@id\":\"https:\\\/\\\/digital58.com.ve\\\/site\\\/#\\\/schema\\\/person\\\/d79fb9041200d150763851810f3a6e44\",\"name\":\"Arismendi Luis\",\"image\":{\"@type\":\"ImageObject\",\"inLanguage\":\"es\",\"@id\":\"https:\\\/\\\/secure.gravatar.com\\\/avatar\\\/076a9c19816f4976b76b8d88be4606fba80dee0aea5ccae15d7f3466053c0615?s=96&d=mm&r=g\",\"url\":\"https:\\\/\\\/secure.gravatar.com\\\/avatar\\\/076a9c19816f4976b76b8d88be4606fba80dee0aea5ccae15d7f3466053c0615?s=96&d=mm&r=g\",\"contentUrl\":\"https:\\\/\\\/secure.gravatar.com\\\/avatar\\\/076a9c19816f4976b76b8d88be4606fba80dee0aea5ccae15d7f3466053c0615?s=96&d=mm&r=g\",\"caption\":\"Arismendi Luis\"},\"url\":\"https:\\\/\\\/digital58.com.ve\\\/site\\\/author\\\/arismendi17\\\/\"}]}<\/script>\n<!-- \/ Yoast SEO plugin. -->","yoast_head_json":{"title":"CNE y FANB se reunir\u00e1n para coordinar pr\u00f3ximo Plan Rep\u00fablica","description":"Venezuela","robots":{"index":"index","follow":"follow","max-snippet":"max-snippet:-1","max-image-preview":"max-image-preview:large","max-video-preview":"max-video-preview:-1"},"canonical":"https:\/\/digital58.com.ve\/site\/2020\/07\/11\/cne-y-fanb-se-reuniran-para-coordinar-proximo-plan-republica\/","og_locale":"es_ES","og_type":"article","og_title":"CNE y FANB se reunir\u00e1n para coordinar pr\u00f3ximo Plan Rep\u00fablica","og_description":"Venezuela","og_url":"https:\/\/digital58.com.ve\/site\/2020\/07\/11\/cne-y-fanb-se-reuniran-para-coordinar-proximo-plan-republica\/","og_site_name":"Noticias Digital58","article_published_time":"2020-07-11T21:31:28+00:00","og_image":[{"width":620,"height":400,"url":"https:\/\/digital58.com.ve\/site\/wp-content\/uploads\/2020\/07\/plan-republica-1.jpg","type":"image\/jpeg"}],"author":"Arismendi Luis","twitter_card":"summary_large_image","twitter_creator":"@Digital_58","twitter_site":"@villasmilhfoto","twitter_misc":{"Escrito por":"Arismendi Luis","Tiempo estimado de lectura":"1 minuto"},"schema":{"@context":"https:\/\/schema.org","@graph":[{"@type":"Article","@id":"https:\/\/digital58.com.ve\/site\/2020\/07\/11\/cne-y-fanb-se-reuniran-para-coordinar-proximo-plan-republica\/#article","isPartOf":{"@id":"https:\/\/digital58.com.ve\/site\/2020\/07\/11\/cne-y-fanb-se-reuniran-para-coordinar-proximo-plan-republica\/"},"author":{"name":"Arismendi Luis","@id":"https:\/\/digital58.com.ve\/site\/#\/schema\/person\/d79fb9041200d150763851810f3a6e44"},"headline":"CNE y FANB se reunir\u00e1n para coordinar pr\u00f3ximo Plan Rep\u00fablica","datePublished":"2020-07-11T21:31:28+00:00","mainEntityOfPage":{"@id":"https:\/\/digital58.com.ve\/site\/2020\/07\/11\/cne-y-fanb-se-reuniran-para-coordinar-proximo-plan-republica\/"},"wordCount":257,"commentCount":0,"publisher":{"@id":"https:\/\/digital58.com.ve\/site\/#\/schema\/person\/64d1c2e4d0d4fd1b849980c4331c2951"},"image":{"@id":"https:\/\/digital58.com.ve\/site\/2020\/07\/11\/cne-y-fanb-se-reuniran-para-coordinar-proximo-plan-republica\/#primaryimage"},"thumbnailUrl":"https:\/\/digital58.com.ve\/site\/wp-content\/uploads\/2020\/07\/plan-republica-1.jpg","keywords":["Caracas","Consejo Nacional Electoral","Elecciones 2020","Elecciones Parlamentarias 2020","Fuerte Tiuna","Fuerza Armada Nacional Bolivariana","Nacionales","Nicol\u00e1s Maduro","Plan Rep\u00fablica","Venezuela","Vladimir Padrino L\u00f3pez"],"articleSection":["Venezuela"],"inLanguage":"es","potentialAction":[{"@type":"CommentAction","name":"Comment","target":["https:\/\/digital58.com.ve\/site\/2020\/07\/11\/cne-y-fanb-se-reuniran-para-coordinar-proximo-plan-republica\/#respond"]}]},{"@type":"WebPage","@id":"https:\/\/digital58.com.ve\/site\/2020\/07\/11\/cne-y-fanb-se-reuniran-para-coordinar-proximo-plan-republica\/","url":"https:\/\/digital58.com.ve\/site\/2020\/07\/11\/cne-y-fanb-se-reuniran-para-coordinar-proximo-plan-republica\/","name":"CNE y FANB se reunir\u00e1n para coordinar pr\u00f3ximo Plan Rep\u00fablica","isPartOf":{"@id":"https:\/\/digital58.com.ve\/site\/#website"},"primaryImageOfPage":{"@id":"https:\/\/digital58.com.ve\/site\/2020\/07\/11\/cne-y-fanb-se-reuniran-para-coordinar-proximo-plan-republica\/#primaryimage"},"image":{"@id":"https:\/\/digital58.com.ve\/site\/2020\/07\/11\/cne-y-fanb-se-reuniran-para-coordinar-proximo-plan-republica\/#primaryimage"},"thumbnailUrl":"https:\/\/digital58.com.ve\/site\/wp-content\/uploads\/2020\/07\/plan-republica-1.jpg","datePublished":"2020-07-11T21:31:28+00:00","description":"Venezuela","breadcrumb":{"@id":"https:\/\/digital58.com.ve\/site\/2020\/07\/11\/cne-y-fanb-se-reuniran-para-coordinar-proximo-plan-republica\/#breadcrumb"},"inLanguage":"es","potentialAction":[{"@type":"ReadAction","target":["https:\/\/digital58.com.ve\/site\/2020\/07\/11\/cne-y-fanb-se-reuniran-para-coordinar-proximo-plan-republica\/"]}]},{"@type":"ImageObject","inLanguage":"es","@id":"https:\/\/digital58.com.ve\/site\/2020\/07\/11\/cne-y-fanb-se-reuniran-para-coordinar-proximo-plan-republica\/#primaryimage","url":"https:\/\/digital58.com.ve\/site\/wp-content\/uploads\/2020\/07\/plan-republica-1.jpg","contentUrl":"https:\/\/digital58.com.ve\/site\/wp-content\/uploads\/2020\/07\/plan-republica-1.jpg","width":620,"height":400},{"@type":"BreadcrumbList","@id":"https:\/\/digital58.com.ve\/site\/2020\/07\/11\/cne-y-fanb-se-reuniran-para-coordinar-proximo-plan-republica\/#breadcrumb","itemListElement":[{"@type":"ListItem","position":1,"name":"Home","item":"https:\/\/digital58.com.ve\/site\/"},{"@type":"ListItem","position":2,"name":"CNE y FANB se reunir\u00e1n para coordinar pr\u00f3ximo Plan Rep\u00fablica"}]},{"@type":"WebSite","@id":"https:\/\/digital58.com.ve\/site\/#website","url":"https:\/\/digital58.com.ve\/site\/","name":"Noticias Digital58","description":"Portal de Noticias \u00a1Periodismo web de verdad! Lanzamiento web 22.11.2005 \/ Maracaibo, Venezuela","publisher":{"@id":"https:\/\/digital58.com.ve\/site\/#\/schema\/person\/64d1c2e4d0d4fd1b849980c4331c2951"},"alternateName":"ND58","potentialAction":[{"@type":"SearchAction","target":{"@type":"EntryPoint","urlTemplate":"https:\/\/digital58.com.ve\/site\/?s={search_term_string}"},"query-input":{"@type":"PropertyValueSpecification","valueRequired":true,"valueName":"search_term_string"}}],"inLanguage":"es"},{"@type":["Person","Organization"],"@id":"https:\/\/digital58.com.ve\/site\/#\/schema\/person\/64d1c2e4d0d4fd1b849980c4331c2951","name":"Villasmil Henry","image":{"@type":"ImageObject","inLanguage":"es","@id":"https:\/\/secure.gravatar.com\/avatar\/bb0c4a2fcb7970138239f7e404ea75757b1b507b28b5ce4c53fbd62d797c5a7c?s=96&d=mm&r=g","url":"https:\/\/secure.gravatar.com\/avatar\/bb0c4a2fcb7970138239f7e404ea75757b1b507b28b5ce4c53fbd62d797c5a7c?s=96&d=mm&r=g","contentUrl":"https:\/\/secure.gravatar.com\/avatar\/bb0c4a2fcb7970138239f7e404ea75757b1b507b28b5ce4c53fbd62d797c5a7c?s=96&d=mm&r=g","caption":"Villasmil Henry"},"logo":{"@id":"https:\/\/secure.gravatar.com\/avatar\/bb0c4a2fcb7970138239f7e404ea75757b1b507b28b5ce4c53fbd62d797c5a7c?s=96&d=mm&r=g"},"sameAs":["http:\/\/www.henryvillasmil.com.ve","https:\/\/www.instagram.com\/villasmilhfoto\/","https:\/\/x.com\/https:\/\/twitter.com\/villasmilhfoto"]},{"@type":"Person","@id":"https:\/\/digital58.com.ve\/site\/#\/schema\/person\/d79fb9041200d150763851810f3a6e44","name":"Arismendi Luis","image":{"@type":"ImageObject","inLanguage":"es","@id":"https:\/\/secure.gravatar.com\/avatar\/076a9c19816f4976b76b8d88be4606fba80dee0aea5ccae15d7f3466053c0615?s=96&d=mm&r=g","url":"https:\/\/secure.gravatar.com\/avatar\/076a9c19816f4976b76b8d88be4606fba80dee0aea5ccae15d7f3466053c0615?s=96&d=mm&r=g","contentUrl":"https:\/\/secure.gravatar.com\/avatar\/076a9c19816f4976b76b8d88be4606fba80dee0aea5ccae15d7f3466053c0615?s=96&d=mm&r=g","caption":"Arismendi Luis"},"url":"https:\/\/digital58.com.ve\/site\/author\/arismendi17\/"}]}},"uagb_featured_image_src":{"full":["https:\/\/digital58.com.ve\/site\/wp-content\/uploads\/2020\/07\/plan-republica-1.jpg",620,400,false],"thumbnail":["https:\/\/digital58.com.ve\/site\/wp-content\/uploads\/2020\/07\/plan-republica-1-150x150.jpg",150,150,true],"medium":["https:\/\/digital58.com.ve\/site\/wp-content\/uploads\/2020\/07\/plan-republica-1-300x194.jpg",300,194,true],"medium_large":["https:\/\/digital58.com.ve\/site\/wp-content\/uploads\/2020\/07\/plan-republica-1.jpg",620,400,false],"large":["https:\/\/digital58.com.ve\/site\/wp-content\/uploads\/2020\/07\/plan-republica-1.jpg",620,400,false],"1536x1536":["https:\/\/digital58.com.ve\/site\/wp-content\/uploads\/2020\/07\/plan-republica-1.jpg",620,400,false],"2048x2048":["https:\/\/digital58.com.ve\/site\/wp-content\/uploads\/2020\/07\/plan-republica-1.jpg",620,400,false],"colormag-highlighted-post":["https:\/\/digital58.com.ve\/site\/wp-content\/uploads\/2020\/07\/plan-republica-1.jpg",392,253,false],"colormag-featured-post-medium":["https:\/\/digital58.com.ve\/site\/wp-content\/uploads\/2020\/07\/plan-republica-1.jpg",318,205,false],"colormag-featured-post-small":["https:\/\/digital58.com.ve\/site\/wp-content\/uploads\/2020\/07\/plan-republica-1.jpg",130,84,false],"colormag-featured-image":["https:\/\/digital58.com.ve\/site\/wp-content\/uploads\/2020\/07\/plan-republica-1.jpg",620,400,false],"colormag-default-news":["https:\/\/digital58.com.ve\/site\/wp-content\/uploads\/2020\/07\/plan-republica-1.jpg",150,97,false],"colormag-featured-image-large":["https:\/\/digital58.com.ve\/site\/wp-content\/uploads\/2020\/07\/plan-republica-1.jpg",620,400,false]},"uagb_author_info":{"display_name":"Arismendi Luis","author_link":"https:\/\/digital58.com.ve\/site\/author\/arismendi17\/"},"uagb_comment_info":0,"uagb_excerpt":"&nbsp; &nbsp; Desde el Fuerte Tiuna, en Caracas, el ministro para la Defensa agradeci\u00f3 la convocatoria a los comicios parlamentarios,","_links":{"self":[{"href":"https:\/\/digital58.com.ve\/site\/wp-json\/wp\/v2\/posts\/113577","targetHints":{"allow":["GET"]}}],"collection":[{"href":"https:\/\/digital58.com.ve\/site\/wp-json\/wp\/v2\/posts"}],"about":[{"href":"https:\/\/digital58.com.ve\/site\/wp-json\/wp\/v2\/types\/post"}],"author":[{"embeddable":true,"href":"https:\/\/digital58.com.ve\/site\/wp-json\/wp\/v2\/users\/7"}],"replies":[{"embeddable":true,"href":"https:\/\/digital58.com.ve\/site\/wp-json\/wp\/v2\/comments?post=113577"}],"version-history":[{"count":0,"href":"https:\/\/digital58.com.ve\/site\/wp-json\/wp\/v2\/posts\/113577\/revisions"}],"wp:featuredmedia":[{"embeddable":true,"href":"https:\/\/digital58.com.ve\/site\/wp-json\/wp\/v2\/media\/113582"}],"wp:attachment":[{"href":"https:\/\/digital58.com.ve\/site\/wp-json\/wp\/v2\/media?parent=113577"}],"wp:term":[{"taxonomy":"category","embeddable":true,"href":"https:\/\/digital58.com.ve\/site\/wp-json\/wp\/v2\/categories?post=113577"},{"taxonomy":"post_tag","embeddable":true,"href":"https:\/\/digital58.com.ve\/site\/wp-json\/wp\/v2\/tags?post=113577"}],"curies":[{"name":"wp","href":"https:\/\/api.w.org\/{rel}","templated":true}]}}