{"id":113879,"date":"2020-07-12T14:45:23","date_gmt":"2020-07-12T18:45:23","guid":{"rendered":"https:\/\/digital58.com.ve\/site\/?p=113879"},"modified":"2020-07-12T14:45:23","modified_gmt":"2020-07-12T18:45:23","slug":"julian-gil-sale-en-defensa-de-marjorie-de-sousa","status":"publish","type":"post","link":"https:\/\/digital58.com.ve\/site\/2020\/07\/12\/julian-gil-sale-en-defensa-de-marjorie-de-sousa\/","title":{"rendered":"Juli\u00e1n Gil sale en defensa de  Marjorie de Sousa"},"content":{"rendered":"<p><img loading=\"lazy\" decoding=\"async\" class=\"size-full wp-image-113883 aligncenter\" src=\"https:\/\/digital58.com.ve\/site\/wp-content\/uploads\/2020\/07\/Julian-Gil.jpg\" alt=\"\" width=\"800\" height=\"508\" srcset=\"https:\/\/digital58.com.ve\/site\/wp-content\/uploads\/2020\/07\/Julian-Gil.jpg 800w, https:\/\/digital58.com.ve\/site\/wp-content\/uploads\/2020\/07\/Julian-Gil-300x191.jpg 300w, https:\/\/digital58.com.ve\/site\/wp-content\/uploads\/2020\/07\/Julian-Gil-768x488.jpg 768w\" sizes=\"auto, (max-width: 800px) 100vw, 800px\" \/><\/p>\n<p>Gil le exigi\u00f3 a la prensa m\u00e1s responsbilidad a la hora de hablar del caso.<\/p>\n<p><b>Miami, Estados Unidos\u00a0 12 de julio 2020<\/b>\u00a0<strong>(ND58).-<\/strong>El actor Juli\u00e1n Gil sali\u00f3 en defensa de su expareja Marjorie de Sousa, con quien protagoniza una medi\u00e1tica batalla legal por la custodia del hijo que comparten.<\/p>\n<p>El argentino acudi\u00f3 a sus redes sociales para desmentir los rumores de que la actriz y su mam\u00e1 le hab\u00edan hecho brujer\u00eda, y que esta ser\u00eda la raz\u00f3n de su ruptura.<\/p>\n<p>La informaci\u00f3n fue difundida por una periodista mexicana en su canal en YouTube y ha sido reproducida por infinidad de medios.<\/p>\n<p><strong>La aclaratoria<\/strong><\/p>\n<p>\u00abQuiero hoy salir en defensa de lo que nosotros vivimos como pareja y desmentir totalmente este cuento absurdo\u00bb, dijo Gil.<\/p>\n<p>\u00abQuiero decir hoy p\u00fablicamente que esos no fueron los motivos. Tenemos unos motivos como pareja, que inclusive nunca han salido a la luz p\u00fablica, que fueron cosas entre Marjorie y yo, pero tengo que salir a desmentir esto porque es totalmente absurdo\u00bb, aclar\u00f3.<\/p>\n<p>\u00abCreo que en todo el proceso ha sido la historia m\u00e1s absurda que he podido escuchar\u00bb, manifest\u00f3 Gil, quien ha actuado en telenovelas como Sue\u00f1o de amor y La que no pod\u00eda amar.<\/p>\n<p>\u00abPorque hemos vivido cosas, tanto Marjorie como yo, duras, injustas para ambas partes, injustas para Mat\u00edas, pero yo creo que este tipo de cosas hay que pararlas\u00bb, manfest\u00f3 tamb\u00e9n el artista.<\/p>\n<p>Gil acot\u00f3 en el clip que en este punto ya es necesario \u00abponer las cosas en contexto\u201d porque \u201cno podemos permitir tampoco que este tipo de cuentos absurdos entorpezcan m\u00e1s el proceso\u00bb.<\/p>\n<p>De igual forma, el sure\u00f1o le exigi\u00f3 a la prensa m\u00e1s responsbilidad a la hora de hablar del caso.<\/p>\n<p>\u00abQuiero emplazar a la gente que tiene un poquito de poder en los medios que seamos congruentes, pensando siempre que es un caso serio, en que es un caso donde hay un ni\u00f1o y que es un caso donde todos, todos los involucrados, estamos sufriendo much\u00edsimo\u201d, manifest\u00f3.<\/p>\n<p><strong>Redacci\u00f3n: Molero, Luis\u00a0 (@Moleromarquez) | Fuente: Agencias<br \/>\nEdici\u00f3n: Villasmil, Henry; Ch\u00e1vez, Marian<br \/>\nGr\u00e1ficas: Cortes\u00eda<\/strong><\/p><div class=\"mnheh69ef7561b9d82\" ><p style=\"text-align: center;\"><a href=\"https:\/\/t.me\/noticiasdigital58\" target=\"_blank\" rel=\"noopener\"><img class=\"aligncenter size-full wp-image-125363\" src=\"https:\/\/digital58.com.ve\/site\/wp-content\/uploads\/2021\/04\/banner-telegram-web-2021.png\" alt=\"\" width=\"600\" height=\"90\" \/><\/a><\/p><\/div><style type=\"text\/css\">\r\n@media screen and (min-width: 1201px) {\r\n.mnheh69ef7561b9d82 {\r\ndisplay: block;\r\n}\r\n}\r\n@media screen and (min-width: 993px) and (max-width: 1200px) {\r\n.mnheh69ef7561b9d82 {\r\ndisplay: block;\r\n}\r\n}\r\n@media screen and (min-width: 769px) and (max-width: 992px) {\r\n.mnheh69ef7561b9d82 {\r\ndisplay: block;\r\n}\r\n}\r\n@media screen and (min-width: 768px) and (max-width: 768px) {\r\n.mnheh69ef7561b9d82 {\r\ndisplay: block;\r\n}\r\n}\r\n@media screen and (max-width: 767px) {\r\n.mnheh69ef7561b9d82 {\r\ndisplay: block;\r\n}\r\n}\r\n<\/style>\r\n\n<p>&nbsp;<\/p>\n<div style=\"margin-top: 0px; margin-bottom: 0px;\" class=\"sharethis-inline-share-buttons\" ><\/div>","protected":false},"excerpt":{"rendered":"<p>Gil le exigi\u00f3 a la prensa m\u00e1s responsbilidad a la hora de hablar del caso. Miami, Estados Unidos\u00a0 12 de<\/p>\n","protected":false},"author":26,"featured_media":113885,"comment_status":"open","ping_status":"closed","sticky":false,"template":"","format":"standard","meta":{"colormag_page_container_layout":"default_layout","colormag_page_sidebar_layout":"default_layout","_uag_custom_page_level_css":"","footnotes":""},"categories":[1],"tags":[8,11106,2541],"class_list":["post-113879","post","type-post","status-publish","format-standard","has-post-thumbnail","hentry","category-fama","tag-internacionales","tag-julian-gil","tag-marjorie-de-sousa"],"yoast_head":"<!-- This site is optimized with the Yoast SEO plugin v27.4 - https:\/\/yoast.com\/product\/yoast-seo-wordpress\/ -->\n<title>Juli\u00e1n Gil sale en defensa de Marjorie de Sousa<\/title>\n<meta name=\"description\" content=\"Fama\" \/>\n<meta name=\"robots\" content=\"index, follow, max-snippet:-1, max-image-preview:large, max-video-preview:-1\" \/>\n<link rel=\"canonical\" href=\"https:\/\/digital58.com.ve\/site\/2020\/07\/12\/julian-gil-sale-en-defensa-de-marjorie-de-sousa\/\" \/>\n<meta property=\"og:locale\" content=\"es_ES\" \/>\n<meta property=\"og:type\" content=\"article\" \/>\n<meta property=\"og:title\" content=\"Juli\u00e1n Gil sale en defensa de Marjorie de Sousa\" \/>\n<meta property=\"og:description\" content=\"Fama\" \/>\n<meta property=\"og:url\" content=\"https:\/\/digital58.com.ve\/site\/2020\/07\/12\/julian-gil-sale-en-defensa-de-marjorie-de-sousa\/\" \/>\n<meta property=\"og:site_name\" content=\"Noticias Digital58\" \/>\n<meta property=\"article:published_time\" content=\"2020-07-12T18:45:23+00:00\" \/>\n<meta property=\"og:image\" content=\"https:\/\/digital58.com.ve\/site\/wp-content\/uploads\/2020\/07\/BSZJAJBR3FC5FGZOB3XCHLWH5Q.jpg\" \/>\n\t<meta property=\"og:image:width\" content=\"800\" \/>\n\t<meta property=\"og:image:height\" content=\"431\" \/>\n\t<meta property=\"og:image:type\" content=\"image\/jpeg\" \/>\n<meta name=\"author\" content=\"Molero Luis\" \/>\n<meta name=\"twitter:card\" content=\"summary_large_image\" \/>\n<meta name=\"twitter:creator\" content=\"@Digital_58\" \/>\n<meta name=\"twitter:site\" content=\"@villasmilhfoto\" \/>\n<meta name=\"twitter:label1\" content=\"Escrito por\" \/>\n\t<meta name=\"twitter:data1\" content=\"Molero Luis\" \/>\n\t<meta name=\"twitter:label2\" content=\"Tiempo estimado de lectura\" \/>\n\t<meta name=\"twitter:data2\" content=\"2 minutos\" \/>\n<script type=\"application\/ld+json\" class=\"yoast-schema-graph\">{\"@context\":\"https:\\\/\\\/schema.org\",\"@graph\":[{\"@type\":\"Article\",\"@id\":\"https:\\\/\\\/digital58.com.ve\\\/site\\\/2020\\\/07\\\/12\\\/julian-gil-sale-en-defensa-de-marjorie-de-sousa\\\/#article\",\"isPartOf\":{\"@id\":\"https:\\\/\\\/digital58.com.ve\\\/site\\\/2020\\\/07\\\/12\\\/julian-gil-sale-en-defensa-de-marjorie-de-sousa\\\/\"},\"author\":{\"name\":\"Molero Luis\",\"@id\":\"https:\\\/\\\/digital58.com.ve\\\/site\\\/#\\\/schema\\\/person\\\/c61667ce6845137620ee3f0aaabade17\"},\"headline\":\"Juli\u00e1n Gil sale en defensa de Marjorie de Sousa\",\"datePublished\":\"2020-07-12T18:45:23+00:00\",\"mainEntityOfPage\":{\"@id\":\"https:\\\/\\\/digital58.com.ve\\\/site\\\/2020\\\/07\\\/12\\\/julian-gil-sale-en-defensa-de-marjorie-de-sousa\\\/\"},\"wordCount\":376,\"commentCount\":0,\"publisher\":{\"@id\":\"https:\\\/\\\/digital58.com.ve\\\/site\\\/#\\\/schema\\\/person\\\/64d1c2e4d0d4fd1b849980c4331c2951\"},\"image\":{\"@id\":\"https:\\\/\\\/digital58.com.ve\\\/site\\\/2020\\\/07\\\/12\\\/julian-gil-sale-en-defensa-de-marjorie-de-sousa\\\/#primaryimage\"},\"thumbnailUrl\":\"https:\\\/\\\/digital58.com.ve\\\/site\\\/wp-content\\\/uploads\\\/2020\\\/07\\\/BSZJAJBR3FC5FGZOB3XCHLWH5Q.jpg\",\"keywords\":[\"Internacionales\",\"Juli\u00e1n Gil\",\"Marjorie de Sousa\"],\"articleSection\":[\"Fama\"],\"inLanguage\":\"es\",\"potentialAction\":[{\"@type\":\"CommentAction\",\"name\":\"Comment\",\"target\":[\"https:\\\/\\\/digital58.com.ve\\\/site\\\/2020\\\/07\\\/12\\\/julian-gil-sale-en-defensa-de-marjorie-de-sousa\\\/#respond\"]}]},{\"@type\":\"WebPage\",\"@id\":\"https:\\\/\\\/digital58.com.ve\\\/site\\\/2020\\\/07\\\/12\\\/julian-gil-sale-en-defensa-de-marjorie-de-sousa\\\/\",\"url\":\"https:\\\/\\\/digital58.com.ve\\\/site\\\/2020\\\/07\\\/12\\\/julian-gil-sale-en-defensa-de-marjorie-de-sousa\\\/\",\"name\":\"Juli\u00e1n Gil sale en defensa de Marjorie de Sousa\",\"isPartOf\":{\"@id\":\"https:\\\/\\\/digital58.com.ve\\\/site\\\/#website\"},\"primaryImageOfPage\":{\"@id\":\"https:\\\/\\\/digital58.com.ve\\\/site\\\/2020\\\/07\\\/12\\\/julian-gil-sale-en-defensa-de-marjorie-de-sousa\\\/#primaryimage\"},\"image\":{\"@id\":\"https:\\\/\\\/digital58.com.ve\\\/site\\\/2020\\\/07\\\/12\\\/julian-gil-sale-en-defensa-de-marjorie-de-sousa\\\/#primaryimage\"},\"thumbnailUrl\":\"https:\\\/\\\/digital58.com.ve\\\/site\\\/wp-content\\\/uploads\\\/2020\\\/07\\\/BSZJAJBR3FC5FGZOB3XCHLWH5Q.jpg\",\"datePublished\":\"2020-07-12T18:45:23+00:00\",\"description\":\"Fama\",\"breadcrumb\":{\"@id\":\"https:\\\/\\\/digital58.com.ve\\\/site\\\/2020\\\/07\\\/12\\\/julian-gil-sale-en-defensa-de-marjorie-de-sousa\\\/#breadcrumb\"},\"inLanguage\":\"es\",\"potentialAction\":[{\"@type\":\"ReadAction\",\"target\":[\"https:\\\/\\\/digital58.com.ve\\\/site\\\/2020\\\/07\\\/12\\\/julian-gil-sale-en-defensa-de-marjorie-de-sousa\\\/\"]}]},{\"@type\":\"ImageObject\",\"inLanguage\":\"es\",\"@id\":\"https:\\\/\\\/digital58.com.ve\\\/site\\\/2020\\\/07\\\/12\\\/julian-gil-sale-en-defensa-de-marjorie-de-sousa\\\/#primaryimage\",\"url\":\"https:\\\/\\\/digital58.com.ve\\\/site\\\/wp-content\\\/uploads\\\/2020\\\/07\\\/BSZJAJBR3FC5FGZOB3XCHLWH5Q.jpg\",\"contentUrl\":\"https:\\\/\\\/digital58.com.ve\\\/site\\\/wp-content\\\/uploads\\\/2020\\\/07\\\/BSZJAJBR3FC5FGZOB3XCHLWH5Q.jpg\",\"width\":800,\"height\":431},{\"@type\":\"BreadcrumbList\",\"@id\":\"https:\\\/\\\/digital58.com.ve\\\/site\\\/2020\\\/07\\\/12\\\/julian-gil-sale-en-defensa-de-marjorie-de-sousa\\\/#breadcrumb\",\"itemListElement\":[{\"@type\":\"ListItem\",\"position\":1,\"name\":\"Home\",\"item\":\"https:\\\/\\\/digital58.com.ve\\\/site\\\/\"},{\"@type\":\"ListItem\",\"position\":2,\"name\":\"Juli\u00e1n Gil sale en defensa de Marjorie de Sousa\"}]},{\"@type\":\"WebSite\",\"@id\":\"https:\\\/\\\/digital58.com.ve\\\/site\\\/#website\",\"url\":\"https:\\\/\\\/digital58.com.ve\\\/site\\\/\",\"name\":\"Noticias Digital58\",\"description\":\"Portal de Noticias \u00a1Periodismo web de verdad! Lanzamiento web 22.11.2005 \\\/ Maracaibo, Venezuela\",\"publisher\":{\"@id\":\"https:\\\/\\\/digital58.com.ve\\\/site\\\/#\\\/schema\\\/person\\\/64d1c2e4d0d4fd1b849980c4331c2951\"},\"alternateName\":\"ND58\",\"potentialAction\":[{\"@type\":\"SearchAction\",\"target\":{\"@type\":\"EntryPoint\",\"urlTemplate\":\"https:\\\/\\\/digital58.com.ve\\\/site\\\/?s={search_term_string}\"},\"query-input\":{\"@type\":\"PropertyValueSpecification\",\"valueRequired\":true,\"valueName\":\"search_term_string\"}}],\"inLanguage\":\"es\"},{\"@type\":[\"Person\",\"Organization\"],\"@id\":\"https:\\\/\\\/digital58.com.ve\\\/site\\\/#\\\/schema\\\/person\\\/64d1c2e4d0d4fd1b849980c4331c2951\",\"name\":\"Villasmil Henry\",\"image\":{\"@type\":\"ImageObject\",\"inLanguage\":\"es\",\"@id\":\"https:\\\/\\\/secure.gravatar.com\\\/avatar\\\/bb0c4a2fcb7970138239f7e404ea75757b1b507b28b5ce4c53fbd62d797c5a7c?s=96&d=mm&r=g\",\"url\":\"https:\\\/\\\/secure.gravatar.com\\\/avatar\\\/bb0c4a2fcb7970138239f7e404ea75757b1b507b28b5ce4c53fbd62d797c5a7c?s=96&d=mm&r=g\",\"contentUrl\":\"https:\\\/\\\/secure.gravatar.com\\\/avatar\\\/bb0c4a2fcb7970138239f7e404ea75757b1b507b28b5ce4c53fbd62d797c5a7c?s=96&d=mm&r=g\",\"caption\":\"Villasmil Henry\"},\"logo\":{\"@id\":\"https:\\\/\\\/secure.gravatar.com\\\/avatar\\\/bb0c4a2fcb7970138239f7e404ea75757b1b507b28b5ce4c53fbd62d797c5a7c?s=96&d=mm&r=g\"},\"sameAs\":[\"http:\\\/\\\/www.henryvillasmil.com.ve\",\"https:\\\/\\\/www.instagram.com\\\/villasmilhfoto\\\/\",\"https:\\\/\\\/x.com\\\/https:\\\/\\\/twitter.com\\\/villasmilhfoto\"]},{\"@type\":\"Person\",\"@id\":\"https:\\\/\\\/digital58.com.ve\\\/site\\\/#\\\/schema\\\/person\\\/c61667ce6845137620ee3f0aaabade17\",\"name\":\"Molero Luis\",\"image\":{\"@type\":\"ImageObject\",\"inLanguage\":\"es\",\"@id\":\"https:\\\/\\\/secure.gravatar.com\\\/avatar\\\/bf041ec637e3e7405449807deb2f7cf3d2de7c6fa755dd56e985201de9863f2b?s=96&d=mm&r=g\",\"url\":\"https:\\\/\\\/secure.gravatar.com\\\/avatar\\\/bf041ec637e3e7405449807deb2f7cf3d2de7c6fa755dd56e985201de9863f2b?s=96&d=mm&r=g\",\"contentUrl\":\"https:\\\/\\\/secure.gravatar.com\\\/avatar\\\/bf041ec637e3e7405449807deb2f7cf3d2de7c6fa755dd56e985201de9863f2b?s=96&d=mm&r=g\",\"caption\":\"Molero Luis\"},\"url\":\"https:\\\/\\\/digital58.com.ve\\\/site\\\/author\\\/luismolero\\\/\"}]}<\/script>\n<!-- \/ Yoast SEO plugin. -->","yoast_head_json":{"title":"Juli\u00e1n Gil sale en defensa de Marjorie de Sousa","description":"Fama","robots":{"index":"index","follow":"follow","max-snippet":"max-snippet:-1","max-image-preview":"max-image-preview:large","max-video-preview":"max-video-preview:-1"},"canonical":"https:\/\/digital58.com.ve\/site\/2020\/07\/12\/julian-gil-sale-en-defensa-de-marjorie-de-sousa\/","og_locale":"es_ES","og_type":"article","og_title":"Juli\u00e1n Gil sale en defensa de Marjorie de Sousa","og_description":"Fama","og_url":"https:\/\/digital58.com.ve\/site\/2020\/07\/12\/julian-gil-sale-en-defensa-de-marjorie-de-sousa\/","og_site_name":"Noticias Digital58","article_published_time":"2020-07-12T18:45:23+00:00","og_image":[{"width":800,"height":431,"url":"https:\/\/digital58.com.ve\/site\/wp-content\/uploads\/2020\/07\/BSZJAJBR3FC5FGZOB3XCHLWH5Q.jpg","type":"image\/jpeg"}],"author":"Molero Luis","twitter_card":"summary_large_image","twitter_creator":"@Digital_58","twitter_site":"@villasmilhfoto","twitter_misc":{"Escrito por":"Molero Luis","Tiempo estimado de lectura":"2 minutos"},"schema":{"@context":"https:\/\/schema.org","@graph":[{"@type":"Article","@id":"https:\/\/digital58.com.ve\/site\/2020\/07\/12\/julian-gil-sale-en-defensa-de-marjorie-de-sousa\/#article","isPartOf":{"@id":"https:\/\/digital58.com.ve\/site\/2020\/07\/12\/julian-gil-sale-en-defensa-de-marjorie-de-sousa\/"},"author":{"name":"Molero Luis","@id":"https:\/\/digital58.com.ve\/site\/#\/schema\/person\/c61667ce6845137620ee3f0aaabade17"},"headline":"Juli\u00e1n Gil sale en defensa de Marjorie de Sousa","datePublished":"2020-07-12T18:45:23+00:00","mainEntityOfPage":{"@id":"https:\/\/digital58.com.ve\/site\/2020\/07\/12\/julian-gil-sale-en-defensa-de-marjorie-de-sousa\/"},"wordCount":376,"commentCount":0,"publisher":{"@id":"https:\/\/digital58.com.ve\/site\/#\/schema\/person\/64d1c2e4d0d4fd1b849980c4331c2951"},"image":{"@id":"https:\/\/digital58.com.ve\/site\/2020\/07\/12\/julian-gil-sale-en-defensa-de-marjorie-de-sousa\/#primaryimage"},"thumbnailUrl":"https:\/\/digital58.com.ve\/site\/wp-content\/uploads\/2020\/07\/BSZJAJBR3FC5FGZOB3XCHLWH5Q.jpg","keywords":["Internacionales","Juli\u00e1n Gil","Marjorie de Sousa"],"articleSection":["Fama"],"inLanguage":"es","potentialAction":[{"@type":"CommentAction","name":"Comment","target":["https:\/\/digital58.com.ve\/site\/2020\/07\/12\/julian-gil-sale-en-defensa-de-marjorie-de-sousa\/#respond"]}]},{"@type":"WebPage","@id":"https:\/\/digital58.com.ve\/site\/2020\/07\/12\/julian-gil-sale-en-defensa-de-marjorie-de-sousa\/","url":"https:\/\/digital58.com.ve\/site\/2020\/07\/12\/julian-gil-sale-en-defensa-de-marjorie-de-sousa\/","name":"Juli\u00e1n Gil sale en defensa de Marjorie de Sousa","isPartOf":{"@id":"https:\/\/digital58.com.ve\/site\/#website"},"primaryImageOfPage":{"@id":"https:\/\/digital58.com.ve\/site\/2020\/07\/12\/julian-gil-sale-en-defensa-de-marjorie-de-sousa\/#primaryimage"},"image":{"@id":"https:\/\/digital58.com.ve\/site\/2020\/07\/12\/julian-gil-sale-en-defensa-de-marjorie-de-sousa\/#primaryimage"},"thumbnailUrl":"https:\/\/digital58.com.ve\/site\/wp-content\/uploads\/2020\/07\/BSZJAJBR3FC5FGZOB3XCHLWH5Q.jpg","datePublished":"2020-07-12T18:45:23+00:00","description":"Fama","breadcrumb":{"@id":"https:\/\/digital58.com.ve\/site\/2020\/07\/12\/julian-gil-sale-en-defensa-de-marjorie-de-sousa\/#breadcrumb"},"inLanguage":"es","potentialAction":[{"@type":"ReadAction","target":["https:\/\/digital58.com.ve\/site\/2020\/07\/12\/julian-gil-sale-en-defensa-de-marjorie-de-sousa\/"]}]},{"@type":"ImageObject","inLanguage":"es","@id":"https:\/\/digital58.com.ve\/site\/2020\/07\/12\/julian-gil-sale-en-defensa-de-marjorie-de-sousa\/#primaryimage","url":"https:\/\/digital58.com.ve\/site\/wp-content\/uploads\/2020\/07\/BSZJAJBR3FC5FGZOB3XCHLWH5Q.jpg","contentUrl":"https:\/\/digital58.com.ve\/site\/wp-content\/uploads\/2020\/07\/BSZJAJBR3FC5FGZOB3XCHLWH5Q.jpg","width":800,"height":431},{"@type":"BreadcrumbList","@id":"https:\/\/digital58.com.ve\/site\/2020\/07\/12\/julian-gil-sale-en-defensa-de-marjorie-de-sousa\/#breadcrumb","itemListElement":[{"@type":"ListItem","position":1,"name":"Home","item":"https:\/\/digital58.com.ve\/site\/"},{"@type":"ListItem","position":2,"name":"Juli\u00e1n Gil sale en defensa de Marjorie de Sousa"}]},{"@type":"WebSite","@id":"https:\/\/digital58.com.ve\/site\/#website","url":"https:\/\/digital58.com.ve\/site\/","name":"Noticias Digital58","description":"Portal de Noticias \u00a1Periodismo web de verdad! Lanzamiento web 22.11.2005 \/ Maracaibo, Venezuela","publisher":{"@id":"https:\/\/digital58.com.ve\/site\/#\/schema\/person\/64d1c2e4d0d4fd1b849980c4331c2951"},"alternateName":"ND58","potentialAction":[{"@type":"SearchAction","target":{"@type":"EntryPoint","urlTemplate":"https:\/\/digital58.com.ve\/site\/?s={search_term_string}"},"query-input":{"@type":"PropertyValueSpecification","valueRequired":true,"valueName":"search_term_string"}}],"inLanguage":"es"},{"@type":["Person","Organization"],"@id":"https:\/\/digital58.com.ve\/site\/#\/schema\/person\/64d1c2e4d0d4fd1b849980c4331c2951","name":"Villasmil Henry","image":{"@type":"ImageObject","inLanguage":"es","@id":"https:\/\/secure.gravatar.com\/avatar\/bb0c4a2fcb7970138239f7e404ea75757b1b507b28b5ce4c53fbd62d797c5a7c?s=96&d=mm&r=g","url":"https:\/\/secure.gravatar.com\/avatar\/bb0c4a2fcb7970138239f7e404ea75757b1b507b28b5ce4c53fbd62d797c5a7c?s=96&d=mm&r=g","contentUrl":"https:\/\/secure.gravatar.com\/avatar\/bb0c4a2fcb7970138239f7e404ea75757b1b507b28b5ce4c53fbd62d797c5a7c?s=96&d=mm&r=g","caption":"Villasmil Henry"},"logo":{"@id":"https:\/\/secure.gravatar.com\/avatar\/bb0c4a2fcb7970138239f7e404ea75757b1b507b28b5ce4c53fbd62d797c5a7c?s=96&d=mm&r=g"},"sameAs":["http:\/\/www.henryvillasmil.com.ve","https:\/\/www.instagram.com\/villasmilhfoto\/","https:\/\/x.com\/https:\/\/twitter.com\/villasmilhfoto"]},{"@type":"Person","@id":"https:\/\/digital58.com.ve\/site\/#\/schema\/person\/c61667ce6845137620ee3f0aaabade17","name":"Molero Luis","image":{"@type":"ImageObject","inLanguage":"es","@id":"https:\/\/secure.gravatar.com\/avatar\/bf041ec637e3e7405449807deb2f7cf3d2de7c6fa755dd56e985201de9863f2b?s=96&d=mm&r=g","url":"https:\/\/secure.gravatar.com\/avatar\/bf041ec637e3e7405449807deb2f7cf3d2de7c6fa755dd56e985201de9863f2b?s=96&d=mm&r=g","contentUrl":"https:\/\/secure.gravatar.com\/avatar\/bf041ec637e3e7405449807deb2f7cf3d2de7c6fa755dd56e985201de9863f2b?s=96&d=mm&r=g","caption":"Molero Luis"},"url":"https:\/\/digital58.com.ve\/site\/author\/luismolero\/"}]}},"uagb_featured_image_src":{"full":["https:\/\/digital58.com.ve\/site\/wp-content\/uploads\/2020\/07\/BSZJAJBR3FC5FGZOB3XCHLWH5Q.jpg",800,431,false],"thumbnail":["https:\/\/digital58.com.ve\/site\/wp-content\/uploads\/2020\/07\/BSZJAJBR3FC5FGZOB3XCHLWH5Q-150x150.jpg",150,150,true],"medium":["https:\/\/digital58.com.ve\/site\/wp-content\/uploads\/2020\/07\/BSZJAJBR3FC5FGZOB3XCHLWH5Q-300x162.jpg",300,162,true],"medium_large":["https:\/\/digital58.com.ve\/site\/wp-content\/uploads\/2020\/07\/BSZJAJBR3FC5FGZOB3XCHLWH5Q-768x414.jpg",768,414,true],"large":["https:\/\/digital58.com.ve\/site\/wp-content\/uploads\/2020\/07\/BSZJAJBR3FC5FGZOB3XCHLWH5Q.jpg",800,431,false],"1536x1536":["https:\/\/digital58.com.ve\/site\/wp-content\/uploads\/2020\/07\/BSZJAJBR3FC5FGZOB3XCHLWH5Q.jpg",800,431,false],"2048x2048":["https:\/\/digital58.com.ve\/site\/wp-content\/uploads\/2020\/07\/BSZJAJBR3FC5FGZOB3XCHLWH5Q.jpg",800,431,false],"colormag-highlighted-post":["https:\/\/digital58.com.ve\/site\/wp-content\/uploads\/2020\/07\/BSZJAJBR3FC5FGZOB3XCHLWH5Q.jpg",392,211,false],"colormag-featured-post-medium":["https:\/\/digital58.com.ve\/site\/wp-content\/uploads\/2020\/07\/BSZJAJBR3FC5FGZOB3XCHLWH5Q.jpg",381,205,false],"colormag-featured-post-small":["https:\/\/digital58.com.ve\/site\/wp-content\/uploads\/2020\/07\/BSZJAJBR3FC5FGZOB3XCHLWH5Q.jpg",130,70,false],"colormag-featured-image":["https:\/\/digital58.com.ve\/site\/wp-content\/uploads\/2020\/07\/BSZJAJBR3FC5FGZOB3XCHLWH5Q.jpg",800,431,false],"colormag-default-news":["https:\/\/digital58.com.ve\/site\/wp-content\/uploads\/2020\/07\/BSZJAJBR3FC5FGZOB3XCHLWH5Q.jpg",150,81,false],"colormag-featured-image-large":["https:\/\/digital58.com.ve\/site\/wp-content\/uploads\/2020\/07\/BSZJAJBR3FC5FGZOB3XCHLWH5Q.jpg",800,431,false]},"uagb_author_info":{"display_name":"Molero Luis","author_link":"https:\/\/digital58.com.ve\/site\/author\/luismolero\/"},"uagb_comment_info":0,"uagb_excerpt":"Gil le exigi\u00f3 a la prensa m\u00e1s responsbilidad a la hora de hablar del caso. Miami, Estados Unidos\u00a0 12 de","_links":{"self":[{"href":"https:\/\/digital58.com.ve\/site\/wp-json\/wp\/v2\/posts\/113879","targetHints":{"allow":["GET"]}}],"collection":[{"href":"https:\/\/digital58.com.ve\/site\/wp-json\/wp\/v2\/posts"}],"about":[{"href":"https:\/\/digital58.com.ve\/site\/wp-json\/wp\/v2\/types\/post"}],"author":[{"embeddable":true,"href":"https:\/\/digital58.com.ve\/site\/wp-json\/wp\/v2\/users\/26"}],"replies":[{"embeddable":true,"href":"https:\/\/digital58.com.ve\/site\/wp-json\/wp\/v2\/comments?post=113879"}],"version-history":[{"count":0,"href":"https:\/\/digital58.com.ve\/site\/wp-json\/wp\/v2\/posts\/113879\/revisions"}],"wp:featuredmedia":[{"embeddable":true,"href":"https:\/\/digital58.com.ve\/site\/wp-json\/wp\/v2\/media\/113885"}],"wp:attachment":[{"href":"https:\/\/digital58.com.ve\/site\/wp-json\/wp\/v2\/media?parent=113879"}],"wp:term":[{"taxonomy":"category","embeddable":true,"href":"https:\/\/digital58.com.ve\/site\/wp-json\/wp\/v2\/categories?post=113879"},{"taxonomy":"post_tag","embeddable":true,"href":"https:\/\/digital58.com.ve\/site\/wp-json\/wp\/v2\/tags?post=113879"}],"curies":[{"name":"wp","href":"https:\/\/api.w.org\/{rel}","templated":true}]}}