{"id":114003,"date":"2020-07-12T19:17:41","date_gmt":"2020-07-12T23:17:41","guid":{"rendered":"https:\/\/digital58.com.ve\/site\/?p=114003"},"modified":"2020-07-12T19:17:41","modified_gmt":"2020-07-12T23:17:41","slug":"las-elecciones-en-galicia-y-el-pais-vasco-mantienen-el-statu-quo","status":"publish","type":"post","link":"https:\/\/digital58.com.ve\/site\/2020\/07\/12\/las-elecciones-en-galicia-y-el-pais-vasco-mantienen-el-statu-quo\/","title":{"rendered":"Las elecciones en Galicia y el Pa\u00eds Vasco mantienen el statu quo"},"content":{"rendered":"<p><a href=\"https:\/\/digital58.com.ve\/site\/wp-content\/uploads\/2020\/07\/elecciones-pais-vasco.-2.jpg\"><img loading=\"lazy\" decoding=\"async\" class=\"aligncenter size-full wp-image-114006\" src=\"https:\/\/digital58.com.ve\/site\/wp-content\/uploads\/2020\/07\/elecciones-pais-vasco.-2.jpg\" alt=\"\" width=\"800\" height=\"590\" srcset=\"https:\/\/digital58.com.ve\/site\/wp-content\/uploads\/2020\/07\/elecciones-pais-vasco.-2.jpg 800w, https:\/\/digital58.com.ve\/site\/wp-content\/uploads\/2020\/07\/elecciones-pais-vasco.-2-300x221.jpg 300w, https:\/\/digital58.com.ve\/site\/wp-content\/uploads\/2020\/07\/elecciones-pais-vasco.-2-768x566.jpg 768w\" sizes=\"auto, (max-width: 800px) 100vw, 800px\" \/><\/a><\/p>\n<p>Las elecciones de este domingo en las regiones espa\u00f1olas de Galicia y el Pa\u00eds Vasco apuntalaron a los gobiernos que las gobernaban, y que vieron c\u00f3mo en ambos casos reforzaban su posici\u00f3n.<\/p>\n<p><strong>Espa\u00f1a, 12 de julio de 2020 (ND58).-<\/strong> En Galicia, el presidente saliente, Alberto N\u00fa\u00f1ez Feij\u00f3o, del conservador Partido Popular (PP, primera fuerza de la oposici\u00f3n a nivel nacional) mantiene su mayor\u00eda absoluta, la cuarta consecutiva, al obtener 42 de los 75 esca\u00f1os del Parlamento regional (gana uno), sin que se aprecie un desgaste en su popularidad a pesar del paso del tiempo.<\/p>\n<p>Feij\u00f3o, en su discurso de victoria, agradeci\u00f3 a los votantes por un resultado que \u00abme emociona y me ilusiona m\u00e1s\u00bb que su primera victoria en 2009, y continu\u00f3 exhibiendo su tono moderado al recalcar que prefiere \u00abel entendimiento al enfrentamiento\u00bb y \u00abla moderaci\u00f3n a las posiciones intransigentes\u00bb.<\/p>\n<p>En segundo lugar se situ\u00f3 el Bloque Nacionalista Gallego (BNG), que dio un salto hasta los 19 esca\u00f1os (13 m\u00e1s), superando al Partido Socialista (PSOE), que se mantiene con 14.<\/p>\n<p>En el Pa\u00eds Vasco, el gobernante Partido Nacionalista Vasco (PNV) reforz\u00f3 su mayor\u00eda relativa al obtener 31 de los 75 diputados en juego (sube 3).<\/p>\n<p>El partido independentista EH-Bildu (antiguo brazo pol\u00edtico de la desaparecida banda terrorista ETA), logr\u00f3 22 diputados (sube 4).<\/p>\n<p>Con estos resultados, los nacionalistas e independentistas vascos logran su mejor resultado hist\u00f3rico, al acaparar 53 de los 75 diputados regionales.<\/p>\n<p><strong>El PSOE se mantiene, Podemos se hunde, Cara y Cruz para el PP<\/strong><\/p>\n<p>La gesti\u00f3n de la pandemia y la subsiguiente crisis econ\u00f3mica por el Gobierno espa\u00f1ol, no parece haber pesado al Partido Socialista (PSOE), socio mayoritario de la coalici\u00f3n, ya que mantiene sus 14 esca\u00f1os en Galicia y sube ligeramente en el Pa\u00eds Vasco (de 9 a 10).<\/p>\n<p>En cambio, el otro socio de la coalici\u00f3n, el izquierdista Unidas Podemos, sufre una fuerte ca\u00edda en ambas regiones.<\/p>\n<p>As\u00ed, Podemos desaparece totalmente del Parlamento regional gallego, donde hasta ahora era la segunda fuerza con 14 esca\u00f1os, mientras que en la C\u00e1mara vasca pasa de ser el tercero al cuarto grupo m\u00e1s numeroso, al caer de 11 a 6 esca\u00f1os).<\/p>\n<p>En Galicia, gran parte de ese voto impuls\u00f3 al BNG, mientras que en el Pa\u00eds Vasco parece haber ido sobre todo a EH-Bildu y algo al PSOE.<\/p>\n<p>El ultraderechista Vox, tercera fuerza en el Congreso de los Diputados espa\u00f1ol, entr\u00f3 en el Parlamento vasco con un esca\u00f1o, pero se qued\u00f3 fuera de la C\u00e1mara gallega.<\/p>\n<p>Y si el PP mantiene su mayor\u00eda absoluta en Galicia, en el Pa\u00eds Vasco contin\u00faa su tendencia descendente, al pasar de 9 a 5 esca\u00f1os.<\/p>\n<p>Esto se puede interpretar como una derrota del presidente nacional del PP y l\u00edder de la oposici\u00f3n en Madrid, Pablo Casado, quien mantiene una estrategia pol\u00edtica muy agresiva contra el Gobierno nacional, distinta de la del m\u00e1s templado presidente gallego.<\/p>\n<p>En esta l\u00ednea, Casado forz\u00f3 un cambio del candidato en el Pa\u00eds Vasco, al sustituir a un moderado por un perfil mucho m\u00e1s duro, una maniobra que result\u00f3 en fracaso.<\/p>\n<p>Las dos elecciones tuvieron lugar entre medidas sanitarias excepcionales debido a la pandemia de coronavirus, que en Galicia no supusieron una variaci\u00f3n de la participaci\u00f3n aunque s\u00ed en el Pa\u00eds Vasco, donde baj\u00f3 en siete puntos hasta producir la mayor abstenci\u00f3n en unos comicios regionales vascos.<\/p><div class=\"pattu69f1c548db915\" ><p style=\"text-align: center;\"><a href=\"https:\/\/t.me\/noticiasdigital58\" target=\"_blank\" rel=\"noopener\"><img class=\"aligncenter size-full wp-image-125363\" src=\"https:\/\/digital58.com.ve\/site\/wp-content\/uploads\/2021\/04\/banner-telegram-web-2021.png\" alt=\"\" width=\"600\" height=\"90\" \/><\/a><\/p><\/div><style type=\"text\/css\">\r\n@media screen and (min-width: 1201px) {\r\n.pattu69f1c548db915 {\r\ndisplay: block;\r\n}\r\n}\r\n@media screen and (min-width: 993px) and (max-width: 1200px) {\r\n.pattu69f1c548db915 {\r\ndisplay: block;\r\n}\r\n}\r\n@media screen and (min-width: 769px) and (max-width: 992px) {\r\n.pattu69f1c548db915 {\r\ndisplay: block;\r\n}\r\n}\r\n@media screen and (min-width: 768px) and (max-width: 768px) {\r\n.pattu69f1c548db915 {\r\ndisplay: block;\r\n}\r\n}\r\n@media screen and (max-width: 767px) {\r\n.pattu69f1c548db915 {\r\ndisplay: block;\r\n}\r\n}\r\n<\/style>\r\n\n<p><strong>Redacci\u00f3n ND58 | Fuente: EFE<\/strong><br \/>\n<strong>Edici\u00f3n: Villasmil, Henry<\/strong><br \/>\n<strong>Gr\u00e1fica: EFE<\/strong><\/p>\n<div style=\"margin-top: 0px; margin-bottom: 0px;\" class=\"sharethis-inline-share-buttons\" ><\/div>","protected":false},"excerpt":{"rendered":"<p>Las elecciones de este domingo en las regiones espa\u00f1olas de Galicia y el Pa\u00eds Vasco apuntalaron a los gobiernos que<\/p>\n","protected":false},"author":1,"featured_media":114006,"comment_status":"open","ping_status":"closed","sticky":false,"template":"","format":"standard","meta":{"colormag_page_container_layout":"default_layout","colormag_page_sidebar_layout":"default_layout","_uag_custom_page_level_css":"","footnotes":""},"categories":[8610],"tags":[17551,2710,115,4364,8,17478,14326],"class_list":["post-114003","post","type-post","status-publish","format-standard","has-post-thumbnail","hentry","category-politica","tag-alberto-nunez-feijoo","tag-elecciones","tag-espana","tag-galicia","tag-internacionales","tag-pais-vasco","tag-politica-internacional"],"yoast_head":"<!-- This site is optimized with the Yoast SEO plugin v27.5 - https:\/\/yoast.com\/product\/yoast-seo-wordpress\/ -->\n<title>Las elecciones en Galicia y el Pa\u00eds Vasco mantienen el statu quo<\/title>\n<meta name=\"description\" content=\"Pol\u00edtica\" \/>\n<meta name=\"robots\" content=\"index, follow, max-snippet:-1, max-image-preview:large, max-video-preview:-1\" \/>\n<link rel=\"canonical\" href=\"https:\/\/digital58.com.ve\/site\/2020\/07\/12\/las-elecciones-en-galicia-y-el-pais-vasco-mantienen-el-statu-quo\/\" \/>\n<meta property=\"og:locale\" content=\"es_ES\" \/>\n<meta property=\"og:type\" content=\"article\" \/>\n<meta property=\"og:title\" content=\"Las elecciones en Galicia y el Pa\u00eds Vasco mantienen el statu quo\" \/>\n<meta property=\"og:description\" content=\"Pol\u00edtica\" \/>\n<meta property=\"og:url\" content=\"https:\/\/digital58.com.ve\/site\/2020\/07\/12\/las-elecciones-en-galicia-y-el-pais-vasco-mantienen-el-statu-quo\/\" \/>\n<meta property=\"og:site_name\" content=\"Noticias Digital58\" \/>\n<meta property=\"article:published_time\" content=\"2020-07-12T23:17:41+00:00\" \/>\n<meta property=\"og:image\" content=\"https:\/\/digital58.com.ve\/site\/wp-content\/uploads\/2020\/07\/elecciones-pais-vasco.-2.jpg\" \/>\n\t<meta property=\"og:image:width\" content=\"800\" \/>\n\t<meta property=\"og:image:height\" content=\"590\" \/>\n\t<meta property=\"og:image:type\" content=\"image\/jpeg\" \/>\n<meta name=\"author\" content=\"Villasmil Henry\" \/>\n<meta name=\"twitter:card\" content=\"summary_large_image\" \/>\n<meta name=\"twitter:creator\" content=\"@https:\/\/twitter.com\/villasmilhfoto\" \/>\n<meta name=\"twitter:site\" content=\"@villasmilhfoto\" \/>\n<meta name=\"twitter:label1\" content=\"Escrito por\" \/>\n\t<meta name=\"twitter:data1\" content=\"Villasmil Henry\" \/>\n\t<meta name=\"twitter:label2\" content=\"Tiempo estimado de lectura\" \/>\n\t<meta name=\"twitter:data2\" content=\"3 minutos\" \/>\n<script type=\"application\/ld+json\" class=\"yoast-schema-graph\">{\"@context\":\"https:\\\/\\\/schema.org\",\"@graph\":[{\"@type\":\"Article\",\"@id\":\"https:\\\/\\\/digital58.com.ve\\\/site\\\/2020\\\/07\\\/12\\\/las-elecciones-en-galicia-y-el-pais-vasco-mantienen-el-statu-quo\\\/#article\",\"isPartOf\":{\"@id\":\"https:\\\/\\\/digital58.com.ve\\\/site\\\/2020\\\/07\\\/12\\\/las-elecciones-en-galicia-y-el-pais-vasco-mantienen-el-statu-quo\\\/\"},\"author\":{\"name\":\"Villasmil Henry\",\"@id\":\"https:\\\/\\\/digital58.com.ve\\\/site\\\/#\\\/schema\\\/person\\\/64d1c2e4d0d4fd1b849980c4331c2951\"},\"headline\":\"Las elecciones en Galicia y el Pa\u00eds Vasco mantienen el statu quo\",\"datePublished\":\"2020-07-12T23:17:41+00:00\",\"mainEntityOfPage\":{\"@id\":\"https:\\\/\\\/digital58.com.ve\\\/site\\\/2020\\\/07\\\/12\\\/las-elecciones-en-galicia-y-el-pais-vasco-mantienen-el-statu-quo\\\/\"},\"wordCount\":603,\"commentCount\":0,\"publisher\":{\"@id\":\"https:\\\/\\\/digital58.com.ve\\\/site\\\/#\\\/schema\\\/person\\\/64d1c2e4d0d4fd1b849980c4331c2951\"},\"image\":{\"@id\":\"https:\\\/\\\/digital58.com.ve\\\/site\\\/2020\\\/07\\\/12\\\/las-elecciones-en-galicia-y-el-pais-vasco-mantienen-el-statu-quo\\\/#primaryimage\"},\"thumbnailUrl\":\"https:\\\/\\\/digital58.com.ve\\\/site\\\/wp-content\\\/uploads\\\/2020\\\/07\\\/elecciones-pais-vasco.-2.jpg\",\"keywords\":[\"Alberto N\u00fa\u00f1ez Feij\u00f3o\",\"Elecciones\",\"Espa\u00f1a\",\"Galicia\",\"Internacionales\",\"Pa\u00eds Vasco\",\"Pol\u00edtica internacional\"],\"articleSection\":[\"Pol\u00edtica\"],\"inLanguage\":\"es\",\"potentialAction\":[{\"@type\":\"CommentAction\",\"name\":\"Comment\",\"target\":[\"https:\\\/\\\/digital58.com.ve\\\/site\\\/2020\\\/07\\\/12\\\/las-elecciones-en-galicia-y-el-pais-vasco-mantienen-el-statu-quo\\\/#respond\"]}]},{\"@type\":\"WebPage\",\"@id\":\"https:\\\/\\\/digital58.com.ve\\\/site\\\/2020\\\/07\\\/12\\\/las-elecciones-en-galicia-y-el-pais-vasco-mantienen-el-statu-quo\\\/\",\"url\":\"https:\\\/\\\/digital58.com.ve\\\/site\\\/2020\\\/07\\\/12\\\/las-elecciones-en-galicia-y-el-pais-vasco-mantienen-el-statu-quo\\\/\",\"name\":\"Las elecciones en Galicia y el Pa\u00eds Vasco mantienen el statu quo\",\"isPartOf\":{\"@id\":\"https:\\\/\\\/digital58.com.ve\\\/site\\\/#website\"},\"primaryImageOfPage\":{\"@id\":\"https:\\\/\\\/digital58.com.ve\\\/site\\\/2020\\\/07\\\/12\\\/las-elecciones-en-galicia-y-el-pais-vasco-mantienen-el-statu-quo\\\/#primaryimage\"},\"image\":{\"@id\":\"https:\\\/\\\/digital58.com.ve\\\/site\\\/2020\\\/07\\\/12\\\/las-elecciones-en-galicia-y-el-pais-vasco-mantienen-el-statu-quo\\\/#primaryimage\"},\"thumbnailUrl\":\"https:\\\/\\\/digital58.com.ve\\\/site\\\/wp-content\\\/uploads\\\/2020\\\/07\\\/elecciones-pais-vasco.-2.jpg\",\"datePublished\":\"2020-07-12T23:17:41+00:00\",\"description\":\"Pol\u00edtica\",\"breadcrumb\":{\"@id\":\"https:\\\/\\\/digital58.com.ve\\\/site\\\/2020\\\/07\\\/12\\\/las-elecciones-en-galicia-y-el-pais-vasco-mantienen-el-statu-quo\\\/#breadcrumb\"},\"inLanguage\":\"es\",\"potentialAction\":[{\"@type\":\"ReadAction\",\"target\":[\"https:\\\/\\\/digital58.com.ve\\\/site\\\/2020\\\/07\\\/12\\\/las-elecciones-en-galicia-y-el-pais-vasco-mantienen-el-statu-quo\\\/\"]}]},{\"@type\":\"ImageObject\",\"inLanguage\":\"es\",\"@id\":\"https:\\\/\\\/digital58.com.ve\\\/site\\\/2020\\\/07\\\/12\\\/las-elecciones-en-galicia-y-el-pais-vasco-mantienen-el-statu-quo\\\/#primaryimage\",\"url\":\"https:\\\/\\\/digital58.com.ve\\\/site\\\/wp-content\\\/uploads\\\/2020\\\/07\\\/elecciones-pais-vasco.-2.jpg\",\"contentUrl\":\"https:\\\/\\\/digital58.com.ve\\\/site\\\/wp-content\\\/uploads\\\/2020\\\/07\\\/elecciones-pais-vasco.-2.jpg\",\"width\":800,\"height\":590},{\"@type\":\"BreadcrumbList\",\"@id\":\"https:\\\/\\\/digital58.com.ve\\\/site\\\/2020\\\/07\\\/12\\\/las-elecciones-en-galicia-y-el-pais-vasco-mantienen-el-statu-quo\\\/#breadcrumb\",\"itemListElement\":[{\"@type\":\"ListItem\",\"position\":1,\"name\":\"Home\",\"item\":\"https:\\\/\\\/digital58.com.ve\\\/site\\\/\"},{\"@type\":\"ListItem\",\"position\":2,\"name\":\"Las elecciones en Galicia y el Pa\u00eds Vasco mantienen el statu quo\"}]},{\"@type\":\"WebSite\",\"@id\":\"https:\\\/\\\/digital58.com.ve\\\/site\\\/#website\",\"url\":\"https:\\\/\\\/digital58.com.ve\\\/site\\\/\",\"name\":\"Noticias Digital58\",\"description\":\"Portal de Noticias \u00a1Periodismo web de verdad! Lanzamiento web 22.11.2005 \\\/ Maracaibo, Venezuela\",\"publisher\":{\"@id\":\"https:\\\/\\\/digital58.com.ve\\\/site\\\/#\\\/schema\\\/person\\\/64d1c2e4d0d4fd1b849980c4331c2951\"},\"alternateName\":\"ND58\",\"potentialAction\":[{\"@type\":\"SearchAction\",\"target\":{\"@type\":\"EntryPoint\",\"urlTemplate\":\"https:\\\/\\\/digital58.com.ve\\\/site\\\/?s={search_term_string}\"},\"query-input\":{\"@type\":\"PropertyValueSpecification\",\"valueRequired\":true,\"valueName\":\"search_term_string\"}}],\"inLanguage\":\"es\"},{\"@type\":[\"Person\",\"Organization\"],\"@id\":\"https:\\\/\\\/digital58.com.ve\\\/site\\\/#\\\/schema\\\/person\\\/64d1c2e4d0d4fd1b849980c4331c2951\",\"name\":\"Villasmil Henry\",\"image\":{\"@type\":\"ImageObject\",\"inLanguage\":\"es\",\"@id\":\"https:\\\/\\\/secure.gravatar.com\\\/avatar\\\/bb0c4a2fcb7970138239f7e404ea75757b1b507b28b5ce4c53fbd62d797c5a7c?s=96&d=mm&r=g\",\"url\":\"https:\\\/\\\/secure.gravatar.com\\\/avatar\\\/bb0c4a2fcb7970138239f7e404ea75757b1b507b28b5ce4c53fbd62d797c5a7c?s=96&d=mm&r=g\",\"contentUrl\":\"https:\\\/\\\/secure.gravatar.com\\\/avatar\\\/bb0c4a2fcb7970138239f7e404ea75757b1b507b28b5ce4c53fbd62d797c5a7c?s=96&d=mm&r=g\",\"caption\":\"Villasmil Henry\"},\"logo\":{\"@id\":\"https:\\\/\\\/secure.gravatar.com\\\/avatar\\\/bb0c4a2fcb7970138239f7e404ea75757b1b507b28b5ce4c53fbd62d797c5a7c?s=96&d=mm&r=g\"},\"sameAs\":[\"http:\\\/\\\/www.henryvillasmil.com.ve\",\"https:\\\/\\\/www.instagram.com\\\/villasmilhfoto\\\/\",\"https:\\\/\\\/x.com\\\/https:\\\/\\\/twitter.com\\\/villasmilhfoto\"],\"url\":\"https:\\\/\\\/digital58.com.ve\\\/site\\\/author\\\/droopy_68\\\/\"}]}<\/script>\n<!-- \/ Yoast SEO plugin. -->","yoast_head_json":{"title":"Las elecciones en Galicia y el Pa\u00eds Vasco mantienen el statu quo","description":"Pol\u00edtica","robots":{"index":"index","follow":"follow","max-snippet":"max-snippet:-1","max-image-preview":"max-image-preview:large","max-video-preview":"max-video-preview:-1"},"canonical":"https:\/\/digital58.com.ve\/site\/2020\/07\/12\/las-elecciones-en-galicia-y-el-pais-vasco-mantienen-el-statu-quo\/","og_locale":"es_ES","og_type":"article","og_title":"Las elecciones en Galicia y el Pa\u00eds Vasco mantienen el statu quo","og_description":"Pol\u00edtica","og_url":"https:\/\/digital58.com.ve\/site\/2020\/07\/12\/las-elecciones-en-galicia-y-el-pais-vasco-mantienen-el-statu-quo\/","og_site_name":"Noticias Digital58","article_published_time":"2020-07-12T23:17:41+00:00","og_image":[{"width":800,"height":590,"url":"https:\/\/digital58.com.ve\/site\/wp-content\/uploads\/2020\/07\/elecciones-pais-vasco.-2.jpg","type":"image\/jpeg"}],"author":"Villasmil Henry","twitter_card":"summary_large_image","twitter_creator":"@https:\/\/twitter.com\/villasmilhfoto","twitter_site":"@villasmilhfoto","twitter_misc":{"Escrito por":"Villasmil Henry","Tiempo estimado de lectura":"3 minutos"},"schema":{"@context":"https:\/\/schema.org","@graph":[{"@type":"Article","@id":"https:\/\/digital58.com.ve\/site\/2020\/07\/12\/las-elecciones-en-galicia-y-el-pais-vasco-mantienen-el-statu-quo\/#article","isPartOf":{"@id":"https:\/\/digital58.com.ve\/site\/2020\/07\/12\/las-elecciones-en-galicia-y-el-pais-vasco-mantienen-el-statu-quo\/"},"author":{"name":"Villasmil Henry","@id":"https:\/\/digital58.com.ve\/site\/#\/schema\/person\/64d1c2e4d0d4fd1b849980c4331c2951"},"headline":"Las elecciones en Galicia y el Pa\u00eds Vasco mantienen el statu quo","datePublished":"2020-07-12T23:17:41+00:00","mainEntityOfPage":{"@id":"https:\/\/digital58.com.ve\/site\/2020\/07\/12\/las-elecciones-en-galicia-y-el-pais-vasco-mantienen-el-statu-quo\/"},"wordCount":603,"commentCount":0,"publisher":{"@id":"https:\/\/digital58.com.ve\/site\/#\/schema\/person\/64d1c2e4d0d4fd1b849980c4331c2951"},"image":{"@id":"https:\/\/digital58.com.ve\/site\/2020\/07\/12\/las-elecciones-en-galicia-y-el-pais-vasco-mantienen-el-statu-quo\/#primaryimage"},"thumbnailUrl":"https:\/\/digital58.com.ve\/site\/wp-content\/uploads\/2020\/07\/elecciones-pais-vasco.-2.jpg","keywords":["Alberto N\u00fa\u00f1ez Feij\u00f3o","Elecciones","Espa\u00f1a","Galicia","Internacionales","Pa\u00eds Vasco","Pol\u00edtica internacional"],"articleSection":["Pol\u00edtica"],"inLanguage":"es","potentialAction":[{"@type":"CommentAction","name":"Comment","target":["https:\/\/digital58.com.ve\/site\/2020\/07\/12\/las-elecciones-en-galicia-y-el-pais-vasco-mantienen-el-statu-quo\/#respond"]}]},{"@type":"WebPage","@id":"https:\/\/digital58.com.ve\/site\/2020\/07\/12\/las-elecciones-en-galicia-y-el-pais-vasco-mantienen-el-statu-quo\/","url":"https:\/\/digital58.com.ve\/site\/2020\/07\/12\/las-elecciones-en-galicia-y-el-pais-vasco-mantienen-el-statu-quo\/","name":"Las elecciones en Galicia y el Pa\u00eds Vasco mantienen el statu quo","isPartOf":{"@id":"https:\/\/digital58.com.ve\/site\/#website"},"primaryImageOfPage":{"@id":"https:\/\/digital58.com.ve\/site\/2020\/07\/12\/las-elecciones-en-galicia-y-el-pais-vasco-mantienen-el-statu-quo\/#primaryimage"},"image":{"@id":"https:\/\/digital58.com.ve\/site\/2020\/07\/12\/las-elecciones-en-galicia-y-el-pais-vasco-mantienen-el-statu-quo\/#primaryimage"},"thumbnailUrl":"https:\/\/digital58.com.ve\/site\/wp-content\/uploads\/2020\/07\/elecciones-pais-vasco.-2.jpg","datePublished":"2020-07-12T23:17:41+00:00","description":"Pol\u00edtica","breadcrumb":{"@id":"https:\/\/digital58.com.ve\/site\/2020\/07\/12\/las-elecciones-en-galicia-y-el-pais-vasco-mantienen-el-statu-quo\/#breadcrumb"},"inLanguage":"es","potentialAction":[{"@type":"ReadAction","target":["https:\/\/digital58.com.ve\/site\/2020\/07\/12\/las-elecciones-en-galicia-y-el-pais-vasco-mantienen-el-statu-quo\/"]}]},{"@type":"ImageObject","inLanguage":"es","@id":"https:\/\/digital58.com.ve\/site\/2020\/07\/12\/las-elecciones-en-galicia-y-el-pais-vasco-mantienen-el-statu-quo\/#primaryimage","url":"https:\/\/digital58.com.ve\/site\/wp-content\/uploads\/2020\/07\/elecciones-pais-vasco.-2.jpg","contentUrl":"https:\/\/digital58.com.ve\/site\/wp-content\/uploads\/2020\/07\/elecciones-pais-vasco.-2.jpg","width":800,"height":590},{"@type":"BreadcrumbList","@id":"https:\/\/digital58.com.ve\/site\/2020\/07\/12\/las-elecciones-en-galicia-y-el-pais-vasco-mantienen-el-statu-quo\/#breadcrumb","itemListElement":[{"@type":"ListItem","position":1,"name":"Home","item":"https:\/\/digital58.com.ve\/site\/"},{"@type":"ListItem","position":2,"name":"Las elecciones en Galicia y el Pa\u00eds Vasco mantienen el statu quo"}]},{"@type":"WebSite","@id":"https:\/\/digital58.com.ve\/site\/#website","url":"https:\/\/digital58.com.ve\/site\/","name":"Noticias Digital58","description":"Portal de Noticias \u00a1Periodismo web de verdad! Lanzamiento web 22.11.2005 \/ Maracaibo, Venezuela","publisher":{"@id":"https:\/\/digital58.com.ve\/site\/#\/schema\/person\/64d1c2e4d0d4fd1b849980c4331c2951"},"alternateName":"ND58","potentialAction":[{"@type":"SearchAction","target":{"@type":"EntryPoint","urlTemplate":"https:\/\/digital58.com.ve\/site\/?s={search_term_string}"},"query-input":{"@type":"PropertyValueSpecification","valueRequired":true,"valueName":"search_term_string"}}],"inLanguage":"es"},{"@type":["Person","Organization"],"@id":"https:\/\/digital58.com.ve\/site\/#\/schema\/person\/64d1c2e4d0d4fd1b849980c4331c2951","name":"Villasmil Henry","image":{"@type":"ImageObject","inLanguage":"es","@id":"https:\/\/secure.gravatar.com\/avatar\/bb0c4a2fcb7970138239f7e404ea75757b1b507b28b5ce4c53fbd62d797c5a7c?s=96&d=mm&r=g","url":"https:\/\/secure.gravatar.com\/avatar\/bb0c4a2fcb7970138239f7e404ea75757b1b507b28b5ce4c53fbd62d797c5a7c?s=96&d=mm&r=g","contentUrl":"https:\/\/secure.gravatar.com\/avatar\/bb0c4a2fcb7970138239f7e404ea75757b1b507b28b5ce4c53fbd62d797c5a7c?s=96&d=mm&r=g","caption":"Villasmil Henry"},"logo":{"@id":"https:\/\/secure.gravatar.com\/avatar\/bb0c4a2fcb7970138239f7e404ea75757b1b507b28b5ce4c53fbd62d797c5a7c?s=96&d=mm&r=g"},"sameAs":["http:\/\/www.henryvillasmil.com.ve","https:\/\/www.instagram.com\/villasmilhfoto\/","https:\/\/x.com\/https:\/\/twitter.com\/villasmilhfoto"],"url":"https:\/\/digital58.com.ve\/site\/author\/droopy_68\/"}]}},"uagb_featured_image_src":{"full":["https:\/\/digital58.com.ve\/site\/wp-content\/uploads\/2020\/07\/elecciones-pais-vasco.-2.jpg",800,590,false],"thumbnail":["https:\/\/digital58.com.ve\/site\/wp-content\/uploads\/2020\/07\/elecciones-pais-vasco.-2-150x150.jpg",150,150,true],"medium":["https:\/\/digital58.com.ve\/site\/wp-content\/uploads\/2020\/07\/elecciones-pais-vasco.-2-300x221.jpg",300,221,true],"medium_large":["https:\/\/digital58.com.ve\/site\/wp-content\/uploads\/2020\/07\/elecciones-pais-vasco.-2-768x566.jpg",768,566,true],"large":["https:\/\/digital58.com.ve\/site\/wp-content\/uploads\/2020\/07\/elecciones-pais-vasco.-2.jpg",800,590,false],"1536x1536":["https:\/\/digital58.com.ve\/site\/wp-content\/uploads\/2020\/07\/elecciones-pais-vasco.-2.jpg",800,590,false],"2048x2048":["https:\/\/digital58.com.ve\/site\/wp-content\/uploads\/2020\/07\/elecciones-pais-vasco.-2.jpg",800,590,false],"colormag-highlighted-post":["https:\/\/digital58.com.ve\/site\/wp-content\/uploads\/2020\/07\/elecciones-pais-vasco.-2.jpg",369,272,false],"colormag-featured-post-medium":["https:\/\/digital58.com.ve\/site\/wp-content\/uploads\/2020\/07\/elecciones-pais-vasco.-2.jpg",278,205,false],"colormag-featured-post-small":["https:\/\/digital58.com.ve\/site\/wp-content\/uploads\/2020\/07\/elecciones-pais-vasco.-2.jpg",122,90,false],"colormag-featured-image":["https:\/\/digital58.com.ve\/site\/wp-content\/uploads\/2020\/07\/elecciones-pais-vasco.-2.jpg",603,445,false],"colormag-default-news":["https:\/\/digital58.com.ve\/site\/wp-content\/uploads\/2020\/07\/elecciones-pais-vasco.-2.jpg",150,111,false],"colormag-featured-image-large":["https:\/\/digital58.com.ve\/site\/wp-content\/uploads\/2020\/07\/elecciones-pais-vasco.-2.jpg",800,590,false]},"uagb_author_info":{"display_name":"Villasmil Henry","author_link":"https:\/\/digital58.com.ve\/site\/author\/droopy_68\/"},"uagb_comment_info":0,"uagb_excerpt":"Las elecciones de este domingo en las regiones espa\u00f1olas de Galicia y el Pa\u00eds Vasco apuntalaron a los gobiernos que","_links":{"self":[{"href":"https:\/\/digital58.com.ve\/site\/wp-json\/wp\/v2\/posts\/114003","targetHints":{"allow":["GET"]}}],"collection":[{"href":"https:\/\/digital58.com.ve\/site\/wp-json\/wp\/v2\/posts"}],"about":[{"href":"https:\/\/digital58.com.ve\/site\/wp-json\/wp\/v2\/types\/post"}],"author":[{"embeddable":true,"href":"https:\/\/digital58.com.ve\/site\/wp-json\/wp\/v2\/users\/1"}],"replies":[{"embeddable":true,"href":"https:\/\/digital58.com.ve\/site\/wp-json\/wp\/v2\/comments?post=114003"}],"version-history":[{"count":0,"href":"https:\/\/digital58.com.ve\/site\/wp-json\/wp\/v2\/posts\/114003\/revisions"}],"wp:featuredmedia":[{"embeddable":true,"href":"https:\/\/digital58.com.ve\/site\/wp-json\/wp\/v2\/media\/114006"}],"wp:attachment":[{"href":"https:\/\/digital58.com.ve\/site\/wp-json\/wp\/v2\/media?parent=114003"}],"wp:term":[{"taxonomy":"category","embeddable":true,"href":"https:\/\/digital58.com.ve\/site\/wp-json\/wp\/v2\/categories?post=114003"},{"taxonomy":"post_tag","embeddable":true,"href":"https:\/\/digital58.com.ve\/site\/wp-json\/wp\/v2\/tags?post=114003"}],"curies":[{"name":"wp","href":"https:\/\/api.w.org\/{rel}","templated":true}]}}