{"id":114051,"date":"2020-07-12T21:50:57","date_gmt":"2020-07-13T01:50:57","guid":{"rendered":"https:\/\/digital58.com.ve\/site\/?p=114051"},"modified":"2020-07-12T21:56:07","modified_gmt":"2020-07-13T01:56:07","slug":"daniel-alvarado-en-imagenes-histrion-protagonico","status":"publish","type":"post","link":"https:\/\/digital58.com.ve\/site\/2020\/07\/12\/daniel-alvarado-en-imagenes-histrion-protagonico\/","title":{"rendered":"Daniel Alvarado en im\u00e1genes: histri\u00f3n protag\u00f3nico"},"content":{"rendered":"<figure id=\"attachment_114056\" aria-describedby=\"caption-attachment-114056\" style=\"width: 240px\" class=\"wp-caption aligncenter\"><img loading=\"lazy\" decoding=\"async\" class=\"size-medium wp-image-114056\" src=\"https:\/\/digital58.com.ve\/site\/wp-content\/uploads\/2020\/07\/107083070_309124200225704_127673524104047319_n-1-1-240x300.jpg\" alt=\"Actor zuliano Daniel Alvarado\" width=\"240\" height=\"300\" srcset=\"https:\/\/digital58.com.ve\/site\/wp-content\/uploads\/2020\/07\/107083070_309124200225704_127673524104047319_n-1-1-240x300.jpg 240w, https:\/\/digital58.com.ve\/site\/wp-content\/uploads\/2020\/07\/107083070_309124200225704_127673524104047319_n-1-1.jpg 320w\" sizes=\"auto, (max-width: 240px) 100vw, 240px\" \/><figcaption id=\"caption-attachment-114056\" class=\"wp-caption-text\">El actor zuliano particip\u00f3 en al menos 90 novelas<\/figcaption><\/figure>\n<p>Un \u00abinfarto fulminante\u00bb puso punto final a la vida del actor y m\u00fasico zuliano. La fama le sonri\u00f3 en los a\u00f1os 70 luego de convertirse en el protagonista de <em>La due\u00f1a<\/em>.<\/p>\n<p><strong>Maracaibo, Zulia, Venezuela, 12 de julio de 2020 (ND58).-<\/strong> Con la muerte del actor y m\u00fasico Dennys Daniel Alvarado Morillo, conocido como Daniel Alvarado, el cielo se llen\u00f3 de gaitas, parranda y, sobre todo, arte desde el 8 de julio pasado: un \u00abinfarto fulminante\u00bb apag\u00f3 su voz en el mundo terrenal a los 70 a\u00f1os, inform\u00f3 Carlos Daniel Alvarado, uno de los hijos del cantante.<\/p>\n<p>Aunque muchos lo recordar\u00e1n como el \u00abNegrito Fullero\u00bb, tras interpretar tal canci\u00f3n con Los C\u00e1rdenales del \u00c9xito y formar parte de la era comercial del g\u00e9nero gaita, deja un legado actoral que marca diversas generaciones.<\/p>\n<p>Y es que <em>La Due\u00f1a<\/em>, reconocida como una de las mejores novelas en Venezuela, lo catapult\u00f3 en 1970, junta a la actriz Amanda Guti\u00e9rrez.<\/p>\n<p>Encarnar al protagonista de la historia, Mauricio Lofiego, gener\u00f3 popularidad; la fama toc\u00f3 su puerta hasta la eternidad.<\/p>\n<p>Para el recuerdo dentro y fuera de la pantalla, su trayectoria profesional procre\u00f3 infinidades de im\u00e1genes.<\/p>\n<figure id=\"attachment_114069\" aria-describedby=\"caption-attachment-114069\" style=\"width: 240px\" class=\"wp-caption alignnone\"><img loading=\"lazy\" decoding=\"async\" class=\"size-medium wp-image-114069\" src=\"https:\/\/digital58.com.ve\/site\/wp-content\/uploads\/2020\/07\/106921247_2901990706594073_4823572387599315996_n-240x300.jpg\" alt=\"Actor Daniel Alvarado\" width=\"240\" height=\"300\" srcset=\"https:\/\/digital58.com.ve\/site\/wp-content\/uploads\/2020\/07\/106921247_2901990706594073_4823572387599315996_n-240x300.jpg 240w, https:\/\/digital58.com.ve\/site\/wp-content\/uploads\/2020\/07\/106921247_2901990706594073_4823572387599315996_n.jpg 480w\" sizes=\"auto, (max-width: 240px) 100vw, 240px\" \/><figcaption id=\"caption-attachment-114069\" class=\"wp-caption-text\">Ayud\u00f3 a la gaita a convertirse en un g\u00e9nero comercial<\/figcaption><\/figure>\n<figure id=\"attachment_114071\" aria-describedby=\"caption-attachment-114071\" style=\"width: 300px\" class=\"wp-caption aligncenter\"><img loading=\"lazy\" decoding=\"async\" class=\"size-medium wp-image-114071\" src=\"https:\/\/digital58.com.ve\/site\/wp-content\/uploads\/2020\/07\/daniel-alvaradoo-728x409-1-300x169.jpg\" alt=\"Daniel Alvarado\" width=\"300\" height=\"169\" srcset=\"https:\/\/digital58.com.ve\/site\/wp-content\/uploads\/2020\/07\/daniel-alvaradoo-728x409-1-300x169.jpg 300w, https:\/\/digital58.com.ve\/site\/wp-content\/uploads\/2020\/07\/daniel-alvaradoo-728x409-1-720x409.jpg 720w, https:\/\/digital58.com.ve\/site\/wp-content\/uploads\/2020\/07\/daniel-alvaradoo-728x409-1.jpg 728w\" sizes=\"auto, (max-width: 300px) 100vw, 300px\" \/><figcaption id=\"caption-attachment-114071\" class=\"wp-caption-text\">El cantante form\u00f3 parte de Los C\u00e1rdenales del \u00c9xito<\/figcaption><\/figure>\n<figure id=\"attachment_114065\" aria-describedby=\"caption-attachment-114065\" style=\"width: 300px\" class=\"wp-caption aligncenter\"><img loading=\"lazy\" decoding=\"async\" class=\"size-medium wp-image-114065\" src=\"https:\/\/digital58.com.ve\/site\/wp-content\/uploads\/2020\/07\/106736765_708271396622522_974537483128556588_n-300x300.jpg\" alt=\"Novela La due\u00f1a\" width=\"300\" height=\"300\" srcset=\"https:\/\/digital58.com.ve\/site\/wp-content\/uploads\/2020\/07\/106736765_708271396622522_974537483128556588_n-300x300.jpg 300w, https:\/\/digital58.com.ve\/site\/wp-content\/uploads\/2020\/07\/106736765_708271396622522_974537483128556588_n-1024x1024.jpg 1024w, https:\/\/digital58.com.ve\/site\/wp-content\/uploads\/2020\/07\/106736765_708271396622522_974537483128556588_n-150x150.jpg 150w, https:\/\/digital58.com.ve\/site\/wp-content\/uploads\/2020\/07\/106736765_708271396622522_974537483128556588_n-768x768.jpg 768w, https:\/\/digital58.com.ve\/site\/wp-content\/uploads\/2020\/07\/106736765_708271396622522_974537483128556588_n.jpg 600w\" sizes=\"auto, (max-width: 300px) 100vw, 300px\" \/><figcaption id=\"caption-attachment-114065\" class=\"wp-caption-text\">Daniel Alvarado protagoniz\u00f3 La due\u00f1a junto a la actriz Amanda Guti\u00e9rrez<\/figcaption><\/figure>\n<p>Consagr\u00f3 su prestigio con al menos 90 novelas, 30 obras de teatro y participaci\u00f3n en varias pel\u00edculas; recibi\u00f3 reconocimientos por la calidad del trabajo, as\u00ed como la pasi\u00f3n que le impregn\u00f3 a cada personaje.<\/p>\n<figure id=\"attachment_114076\" aria-describedby=\"caption-attachment-114076\" style=\"width: 300px\" class=\"wp-caption aligncenter\"><img loading=\"lazy\" decoding=\"async\" class=\"size-medium wp-image-114076\" src=\"https:\/\/digital58.com.ve\/site\/wp-content\/uploads\/2020\/07\/danielalvarado-300x215.png\" alt=\"Daniel Alvarado en Teatro\" width=\"300\" height=\"215\" srcset=\"https:\/\/digital58.com.ve\/site\/wp-content\/uploads\/2020\/07\/danielalvarado-300x215.png 300w, https:\/\/digital58.com.ve\/site\/wp-content\/uploads\/2020\/07\/danielalvarado-768x550.png 768w, https:\/\/digital58.com.ve\/site\/wp-content\/uploads\/2020\/07\/danielalvarado.png 860w\" sizes=\"auto, (max-width: 300px) 100vw, 300px\" \/><figcaption id=\"caption-attachment-114076\" class=\"wp-caption-text\">Particip\u00f3 en al menos 90 novelas y 30 obras de teatro<\/figcaption><\/figure>\n<p>La \u00faltima actuaci\u00f3n fue en el 2014, en el dram\u00e1tico <em>La Virgen de la Calle<\/em>. Despu\u00e9s, decidi\u00f3 dedicar m\u00e1s tiempo sus seres queridos.<\/p>\n<figure id=\"attachment_114089\" aria-describedby=\"caption-attachment-114089\" style=\"width: 300px\" class=\"wp-caption aligncenter\"><img loading=\"lazy\" decoding=\"async\" class=\"size-medium wp-image-114089\" src=\"https:\/\/digital58.com.ve\/site\/wp-content\/uploads\/2020\/07\/Parte_de_la_familia_de_Daniel_Alvarado__Foto_cortesia-300x177.jpg\" alt=\"Familia Alvarado \" width=\"300\" height=\"177\" srcset=\"https:\/\/digital58.com.ve\/site\/wp-content\/uploads\/2020\/07\/Parte_de_la_familia_de_Daniel_Alvarado__Foto_cortesia-300x177.jpg 300w, https:\/\/digital58.com.ve\/site\/wp-content\/uploads\/2020\/07\/Parte_de_la_familia_de_Daniel_Alvarado__Foto_cortesia.jpg 633w\" sizes=\"auto, (max-width: 300px) 100vw, 300px\" \/><figcaption id=\"caption-attachment-114089\" class=\"wp-caption-text\">Se cas\u00f3 dos veces y tuvo siete hijos<\/figcaption><\/figure>\n<p>Alvarado, quien naci\u00f3 en el sector La Fusta, ubicado en la avenida Limpia, municipio Maracaibo, estado Zulia, tuvo dos esposas: Carmen Julia \u00c1lvarez y Emma Rabbe. Adem\u00e1s, siete hijos: Daniela, Carlos, Luis, Jos\u00e9 (fallecido), Calvin, Daniel y Diego. Dos esposas: Carmen Julia \u00c1lvarez y Emma Rabbe.<\/p>\n<p>Daniel Alvarado ocupa un papel importante en la historia art\u00edstica de Venezuela: actores, cantantes y dem\u00e1s figuras del espect\u00e1culo nacional e internacional lamentaron la p\u00e9rdida del histri\u00f3n protag\u00f3nico.<\/p>\n<figure id=\"attachment_114099\" aria-describedby=\"caption-attachment-114099\" style=\"width: 231px\" class=\"wp-caption aligncenter\"><img loading=\"lazy\" decoding=\"async\" class=\"wp-image-114099 size-medium\" src=\"https:\/\/digital58.com.ve\/site\/wp-content\/uploads\/2020\/07\/Alvarado-231x300.jpg\" alt=\"La due\u00f1a\" width=\"231\" height=\"300\" srcset=\"https:\/\/digital58.com.ve\/site\/wp-content\/uploads\/2020\/07\/Alvarado-231x300.jpg 231w, https:\/\/digital58.com.ve\/site\/wp-content\/uploads\/2020\/07\/Alvarado-768x999.jpg 768w, https:\/\/digital58.com.ve\/site\/wp-content\/uploads\/2020\/07\/Alvarado.jpg 461w\" sizes=\"auto, (max-width: 231px) 100vw, 231px\" \/><figcaption id=\"caption-attachment-114099\" class=\"wp-caption-text\">La due\u00f1a fue transmitida por el Canal 8<\/figcaption><\/figure>\n<p>El actor siempre ser\u00e1 recordado por interpretar a Mauricio Lofiego en <em>La Due\u00f1a, <\/em>a trav\u00e9s de las pantallas del canal 8.<\/p>\n<p><strong>Redacci\u00f3n: Garc\u00eda, Grisel (@burbujamedia_)<\/strong><br \/>\n<strong>Edici\u00f3n: Villasmil, Henry<\/strong><br \/>\n<strong>Gr\u00e1ficas: archivo.<\/strong><\/p>\n<p>&nbsp;<\/p><div class=\"unsyt69f0e536722a6\" ><p style=\"text-align: center;\"><a href=\"https:\/\/t.me\/noticiasdigital58\" target=\"_blank\" rel=\"noopener\"><img class=\"aligncenter size-full wp-image-125363\" src=\"https:\/\/digital58.com.ve\/site\/wp-content\/uploads\/2021\/04\/banner-telegram-web-2021.png\" alt=\"\" width=\"600\" height=\"90\" \/><\/a><\/p><\/div><style type=\"text\/css\">\r\n@media screen and (min-width: 1201px) {\r\n.unsyt69f0e536722a6 {\r\ndisplay: block;\r\n}\r\n}\r\n@media screen and (min-width: 993px) and (max-width: 1200px) {\r\n.unsyt69f0e536722a6 {\r\ndisplay: block;\r\n}\r\n}\r\n@media screen and (min-width: 769px) and (max-width: 992px) {\r\n.unsyt69f0e536722a6 {\r\ndisplay: block;\r\n}\r\n}\r\n@media screen and (min-width: 768px) and (max-width: 768px) {\r\n.unsyt69f0e536722a6 {\r\ndisplay: block;\r\n}\r\n}\r\n@media screen and (max-width: 767px) {\r\n.unsyt69f0e536722a6 {\r\ndisplay: block;\r\n}\r\n}\r\n<\/style>\r\n\n<p>&nbsp;<\/p>\n<div style=\"margin-top: 0px; margin-bottom: 0px;\" class=\"sharethis-inline-share-buttons\" ><\/div>","protected":false},"excerpt":{"rendered":"<p>Un \u00abinfarto fulminante\u00bb puso punto final a la vida del actor y m\u00fasico zuliano. La fama le sonri\u00f3 en los<\/p>\n","protected":false},"author":1,"featured_media":114052,"comment_status":"open","ping_status":"closed","sticky":false,"template":"","format":"standard","meta":{"colormag_page_container_layout":"default_layout","colormag_page_sidebar_layout":"default_layout","_uag_custom_page_level_css":"","footnotes":""},"categories":[5401,1],"tags":[],"class_list":["post-114051","post","type-post","status-publish","format-standard","has-post-thumbnail","hentry","category-artes","category-fama"],"yoast_head":"<!-- This site is optimized with the Yoast SEO plugin v27.5 - https:\/\/yoast.com\/product\/yoast-seo-wordpress\/ -->\n<title>Daniel Alvarado en im\u00e1genes: histri\u00f3n protag\u00f3nico<\/title>\n<meta name=\"description\" content=\"Artes\" \/>\n<meta name=\"robots\" content=\"index, follow, max-snippet:-1, max-image-preview:large, max-video-preview:-1\" \/>\n<link rel=\"canonical\" href=\"https:\/\/digital58.com.ve\/site\/2020\/07\/12\/daniel-alvarado-en-imagenes-histrion-protagonico\/\" \/>\n<meta property=\"og:locale\" content=\"es_ES\" \/>\n<meta property=\"og:type\" content=\"article\" \/>\n<meta property=\"og:title\" content=\"Daniel Alvarado en im\u00e1genes: histri\u00f3n protag\u00f3nico\" \/>\n<meta property=\"og:description\" content=\"Artes\" \/>\n<meta property=\"og:url\" content=\"https:\/\/digital58.com.ve\/site\/2020\/07\/12\/daniel-alvarado-en-imagenes-histrion-protagonico\/\" \/>\n<meta property=\"og:site_name\" content=\"Noticias Digital58\" \/>\n<meta property=\"article:published_time\" content=\"2020-07-13T01:50:57+00:00\" \/>\n<meta property=\"article:modified_time\" content=\"2020-07-13T01:56:07+00:00\" \/>\n<meta property=\"og:image\" content=\"https:\/\/digital58.com.ve\/site\/wp-content\/uploads\/2020\/07\/107083070_309124200225704_127673524104047319_n-1.jpg\" \/>\n\t<meta property=\"og:image:width\" content=\"320\" \/>\n\t<meta property=\"og:image:height\" content=\"400\" \/>\n\t<meta property=\"og:image:type\" content=\"image\/jpeg\" \/>\n<meta name=\"author\" content=\"Villasmil Henry\" \/>\n<meta name=\"twitter:card\" content=\"summary_large_image\" \/>\n<meta name=\"twitter:creator\" content=\"@https:\/\/twitter.com\/villasmilhfoto\" \/>\n<meta name=\"twitter:site\" content=\"@villasmilhfoto\" \/>\n<meta name=\"twitter:label1\" content=\"Escrito por\" \/>\n\t<meta name=\"twitter:data1\" content=\"Villasmil Henry\" \/>\n\t<meta name=\"twitter:label2\" content=\"Tiempo estimado de lectura\" \/>\n\t<meta name=\"twitter:data2\" content=\"2 minutos\" \/>\n<script type=\"application\/ld+json\" class=\"yoast-schema-graph\">{\"@context\":\"https:\\\/\\\/schema.org\",\"@graph\":[{\"@type\":\"Article\",\"@id\":\"https:\\\/\\\/digital58.com.ve\\\/site\\\/2020\\\/07\\\/12\\\/daniel-alvarado-en-imagenes-histrion-protagonico\\\/#article\",\"isPartOf\":{\"@id\":\"https:\\\/\\\/digital58.com.ve\\\/site\\\/2020\\\/07\\\/12\\\/daniel-alvarado-en-imagenes-histrion-protagonico\\\/\"},\"author\":{\"name\":\"Villasmil Henry\",\"@id\":\"https:\\\/\\\/digital58.com.ve\\\/site\\\/#\\\/schema\\\/person\\\/64d1c2e4d0d4fd1b849980c4331c2951\"},\"headline\":\"Daniel Alvarado en im\u00e1genes: histri\u00f3n protag\u00f3nico\",\"datePublished\":\"2020-07-13T01:50:57+00:00\",\"dateModified\":\"2020-07-13T01:56:07+00:00\",\"mainEntityOfPage\":{\"@id\":\"https:\\\/\\\/digital58.com.ve\\\/site\\\/2020\\\/07\\\/12\\\/daniel-alvarado-en-imagenes-histrion-protagonico\\\/\"},\"wordCount\":500,\"commentCount\":0,\"publisher\":{\"@id\":\"https:\\\/\\\/digital58.com.ve\\\/site\\\/#\\\/schema\\\/person\\\/64d1c2e4d0d4fd1b849980c4331c2951\"},\"image\":{\"@id\":\"https:\\\/\\\/digital58.com.ve\\\/site\\\/2020\\\/07\\\/12\\\/daniel-alvarado-en-imagenes-histrion-protagonico\\\/#primaryimage\"},\"thumbnailUrl\":\"https:\\\/\\\/digital58.com.ve\\\/site\\\/wp-content\\\/uploads\\\/2020\\\/07\\\/107083070_309124200225704_127673524104047319_n-1.jpg\",\"articleSection\":[\"Artes\",\"Fama\"],\"inLanguage\":\"es\",\"potentialAction\":[{\"@type\":\"CommentAction\",\"name\":\"Comment\",\"target\":[\"https:\\\/\\\/digital58.com.ve\\\/site\\\/2020\\\/07\\\/12\\\/daniel-alvarado-en-imagenes-histrion-protagonico\\\/#respond\"]}]},{\"@type\":\"WebPage\",\"@id\":\"https:\\\/\\\/digital58.com.ve\\\/site\\\/2020\\\/07\\\/12\\\/daniel-alvarado-en-imagenes-histrion-protagonico\\\/\",\"url\":\"https:\\\/\\\/digital58.com.ve\\\/site\\\/2020\\\/07\\\/12\\\/daniel-alvarado-en-imagenes-histrion-protagonico\\\/\",\"name\":\"Daniel Alvarado en im\u00e1genes: histri\u00f3n protag\u00f3nico\",\"isPartOf\":{\"@id\":\"https:\\\/\\\/digital58.com.ve\\\/site\\\/#website\"},\"primaryImageOfPage\":{\"@id\":\"https:\\\/\\\/digital58.com.ve\\\/site\\\/2020\\\/07\\\/12\\\/daniel-alvarado-en-imagenes-histrion-protagonico\\\/#primaryimage\"},\"image\":{\"@id\":\"https:\\\/\\\/digital58.com.ve\\\/site\\\/2020\\\/07\\\/12\\\/daniel-alvarado-en-imagenes-histrion-protagonico\\\/#primaryimage\"},\"thumbnailUrl\":\"https:\\\/\\\/digital58.com.ve\\\/site\\\/wp-content\\\/uploads\\\/2020\\\/07\\\/107083070_309124200225704_127673524104047319_n-1.jpg\",\"datePublished\":\"2020-07-13T01:50:57+00:00\",\"dateModified\":\"2020-07-13T01:56:07+00:00\",\"description\":\"Artes\",\"breadcrumb\":{\"@id\":\"https:\\\/\\\/digital58.com.ve\\\/site\\\/2020\\\/07\\\/12\\\/daniel-alvarado-en-imagenes-histrion-protagonico\\\/#breadcrumb\"},\"inLanguage\":\"es\",\"potentialAction\":[{\"@type\":\"ReadAction\",\"target\":[\"https:\\\/\\\/digital58.com.ve\\\/site\\\/2020\\\/07\\\/12\\\/daniel-alvarado-en-imagenes-histrion-protagonico\\\/\"]}]},{\"@type\":\"ImageObject\",\"inLanguage\":\"es\",\"@id\":\"https:\\\/\\\/digital58.com.ve\\\/site\\\/2020\\\/07\\\/12\\\/daniel-alvarado-en-imagenes-histrion-protagonico\\\/#primaryimage\",\"url\":\"https:\\\/\\\/digital58.com.ve\\\/site\\\/wp-content\\\/uploads\\\/2020\\\/07\\\/107083070_309124200225704_127673524104047319_n-1.jpg\",\"contentUrl\":\"https:\\\/\\\/digital58.com.ve\\\/site\\\/wp-content\\\/uploads\\\/2020\\\/07\\\/107083070_309124200225704_127673524104047319_n-1.jpg\",\"width\":320,\"height\":400},{\"@type\":\"BreadcrumbList\",\"@id\":\"https:\\\/\\\/digital58.com.ve\\\/site\\\/2020\\\/07\\\/12\\\/daniel-alvarado-en-imagenes-histrion-protagonico\\\/#breadcrumb\",\"itemListElement\":[{\"@type\":\"ListItem\",\"position\":1,\"name\":\"Home\",\"item\":\"https:\\\/\\\/digital58.com.ve\\\/site\\\/\"},{\"@type\":\"ListItem\",\"position\":2,\"name\":\"Daniel Alvarado en im\u00e1genes: histri\u00f3n protag\u00f3nico\"}]},{\"@type\":\"WebSite\",\"@id\":\"https:\\\/\\\/digital58.com.ve\\\/site\\\/#website\",\"url\":\"https:\\\/\\\/digital58.com.ve\\\/site\\\/\",\"name\":\"Noticias Digital58\",\"description\":\"Portal de Noticias \u00a1Periodismo web de verdad! Lanzamiento web 22.11.2005 \\\/ Maracaibo, Venezuela\",\"publisher\":{\"@id\":\"https:\\\/\\\/digital58.com.ve\\\/site\\\/#\\\/schema\\\/person\\\/64d1c2e4d0d4fd1b849980c4331c2951\"},\"alternateName\":\"ND58\",\"potentialAction\":[{\"@type\":\"SearchAction\",\"target\":{\"@type\":\"EntryPoint\",\"urlTemplate\":\"https:\\\/\\\/digital58.com.ve\\\/site\\\/?s={search_term_string}\"},\"query-input\":{\"@type\":\"PropertyValueSpecification\",\"valueRequired\":true,\"valueName\":\"search_term_string\"}}],\"inLanguage\":\"es\"},{\"@type\":[\"Person\",\"Organization\"],\"@id\":\"https:\\\/\\\/digital58.com.ve\\\/site\\\/#\\\/schema\\\/person\\\/64d1c2e4d0d4fd1b849980c4331c2951\",\"name\":\"Villasmil Henry\",\"image\":{\"@type\":\"ImageObject\",\"inLanguage\":\"es\",\"@id\":\"https:\\\/\\\/secure.gravatar.com\\\/avatar\\\/bb0c4a2fcb7970138239f7e404ea75757b1b507b28b5ce4c53fbd62d797c5a7c?s=96&d=mm&r=g\",\"url\":\"https:\\\/\\\/secure.gravatar.com\\\/avatar\\\/bb0c4a2fcb7970138239f7e404ea75757b1b507b28b5ce4c53fbd62d797c5a7c?s=96&d=mm&r=g\",\"contentUrl\":\"https:\\\/\\\/secure.gravatar.com\\\/avatar\\\/bb0c4a2fcb7970138239f7e404ea75757b1b507b28b5ce4c53fbd62d797c5a7c?s=96&d=mm&r=g\",\"caption\":\"Villasmil Henry\"},\"logo\":{\"@id\":\"https:\\\/\\\/secure.gravatar.com\\\/avatar\\\/bb0c4a2fcb7970138239f7e404ea75757b1b507b28b5ce4c53fbd62d797c5a7c?s=96&d=mm&r=g\"},\"sameAs\":[\"http:\\\/\\\/www.henryvillasmil.com.ve\",\"https:\\\/\\\/www.instagram.com\\\/villasmilhfoto\\\/\",\"https:\\\/\\\/x.com\\\/https:\\\/\\\/twitter.com\\\/villasmilhfoto\"],\"url\":\"https:\\\/\\\/digital58.com.ve\\\/site\\\/author\\\/droopy_68\\\/\"}]}<\/script>\n<!-- \/ Yoast SEO plugin. -->","yoast_head_json":{"title":"Daniel Alvarado en im\u00e1genes: histri\u00f3n protag\u00f3nico","description":"Artes","robots":{"index":"index","follow":"follow","max-snippet":"max-snippet:-1","max-image-preview":"max-image-preview:large","max-video-preview":"max-video-preview:-1"},"canonical":"https:\/\/digital58.com.ve\/site\/2020\/07\/12\/daniel-alvarado-en-imagenes-histrion-protagonico\/","og_locale":"es_ES","og_type":"article","og_title":"Daniel Alvarado en im\u00e1genes: histri\u00f3n protag\u00f3nico","og_description":"Artes","og_url":"https:\/\/digital58.com.ve\/site\/2020\/07\/12\/daniel-alvarado-en-imagenes-histrion-protagonico\/","og_site_name":"Noticias Digital58","article_published_time":"2020-07-13T01:50:57+00:00","article_modified_time":"2020-07-13T01:56:07+00:00","og_image":[{"width":320,"height":400,"url":"https:\/\/digital58.com.ve\/site\/wp-content\/uploads\/2020\/07\/107083070_309124200225704_127673524104047319_n-1.jpg","type":"image\/jpeg"}],"author":"Villasmil Henry","twitter_card":"summary_large_image","twitter_creator":"@https:\/\/twitter.com\/villasmilhfoto","twitter_site":"@villasmilhfoto","twitter_misc":{"Escrito por":"Villasmil Henry","Tiempo estimado de lectura":"2 minutos"},"schema":{"@context":"https:\/\/schema.org","@graph":[{"@type":"Article","@id":"https:\/\/digital58.com.ve\/site\/2020\/07\/12\/daniel-alvarado-en-imagenes-histrion-protagonico\/#article","isPartOf":{"@id":"https:\/\/digital58.com.ve\/site\/2020\/07\/12\/daniel-alvarado-en-imagenes-histrion-protagonico\/"},"author":{"name":"Villasmil Henry","@id":"https:\/\/digital58.com.ve\/site\/#\/schema\/person\/64d1c2e4d0d4fd1b849980c4331c2951"},"headline":"Daniel Alvarado en im\u00e1genes: histri\u00f3n protag\u00f3nico","datePublished":"2020-07-13T01:50:57+00:00","dateModified":"2020-07-13T01:56:07+00:00","mainEntityOfPage":{"@id":"https:\/\/digital58.com.ve\/site\/2020\/07\/12\/daniel-alvarado-en-imagenes-histrion-protagonico\/"},"wordCount":500,"commentCount":0,"publisher":{"@id":"https:\/\/digital58.com.ve\/site\/#\/schema\/person\/64d1c2e4d0d4fd1b849980c4331c2951"},"image":{"@id":"https:\/\/digital58.com.ve\/site\/2020\/07\/12\/daniel-alvarado-en-imagenes-histrion-protagonico\/#primaryimage"},"thumbnailUrl":"https:\/\/digital58.com.ve\/site\/wp-content\/uploads\/2020\/07\/107083070_309124200225704_127673524104047319_n-1.jpg","articleSection":["Artes","Fama"],"inLanguage":"es","potentialAction":[{"@type":"CommentAction","name":"Comment","target":["https:\/\/digital58.com.ve\/site\/2020\/07\/12\/daniel-alvarado-en-imagenes-histrion-protagonico\/#respond"]}]},{"@type":"WebPage","@id":"https:\/\/digital58.com.ve\/site\/2020\/07\/12\/daniel-alvarado-en-imagenes-histrion-protagonico\/","url":"https:\/\/digital58.com.ve\/site\/2020\/07\/12\/daniel-alvarado-en-imagenes-histrion-protagonico\/","name":"Daniel Alvarado en im\u00e1genes: histri\u00f3n protag\u00f3nico","isPartOf":{"@id":"https:\/\/digital58.com.ve\/site\/#website"},"primaryImageOfPage":{"@id":"https:\/\/digital58.com.ve\/site\/2020\/07\/12\/daniel-alvarado-en-imagenes-histrion-protagonico\/#primaryimage"},"image":{"@id":"https:\/\/digital58.com.ve\/site\/2020\/07\/12\/daniel-alvarado-en-imagenes-histrion-protagonico\/#primaryimage"},"thumbnailUrl":"https:\/\/digital58.com.ve\/site\/wp-content\/uploads\/2020\/07\/107083070_309124200225704_127673524104047319_n-1.jpg","datePublished":"2020-07-13T01:50:57+00:00","dateModified":"2020-07-13T01:56:07+00:00","description":"Artes","breadcrumb":{"@id":"https:\/\/digital58.com.ve\/site\/2020\/07\/12\/daniel-alvarado-en-imagenes-histrion-protagonico\/#breadcrumb"},"inLanguage":"es","potentialAction":[{"@type":"ReadAction","target":["https:\/\/digital58.com.ve\/site\/2020\/07\/12\/daniel-alvarado-en-imagenes-histrion-protagonico\/"]}]},{"@type":"ImageObject","inLanguage":"es","@id":"https:\/\/digital58.com.ve\/site\/2020\/07\/12\/daniel-alvarado-en-imagenes-histrion-protagonico\/#primaryimage","url":"https:\/\/digital58.com.ve\/site\/wp-content\/uploads\/2020\/07\/107083070_309124200225704_127673524104047319_n-1.jpg","contentUrl":"https:\/\/digital58.com.ve\/site\/wp-content\/uploads\/2020\/07\/107083070_309124200225704_127673524104047319_n-1.jpg","width":320,"height":400},{"@type":"BreadcrumbList","@id":"https:\/\/digital58.com.ve\/site\/2020\/07\/12\/daniel-alvarado-en-imagenes-histrion-protagonico\/#breadcrumb","itemListElement":[{"@type":"ListItem","position":1,"name":"Home","item":"https:\/\/digital58.com.ve\/site\/"},{"@type":"ListItem","position":2,"name":"Daniel Alvarado en im\u00e1genes: histri\u00f3n protag\u00f3nico"}]},{"@type":"WebSite","@id":"https:\/\/digital58.com.ve\/site\/#website","url":"https:\/\/digital58.com.ve\/site\/","name":"Noticias Digital58","description":"Portal de Noticias \u00a1Periodismo web de verdad! Lanzamiento web 22.11.2005 \/ Maracaibo, Venezuela","publisher":{"@id":"https:\/\/digital58.com.ve\/site\/#\/schema\/person\/64d1c2e4d0d4fd1b849980c4331c2951"},"alternateName":"ND58","potentialAction":[{"@type":"SearchAction","target":{"@type":"EntryPoint","urlTemplate":"https:\/\/digital58.com.ve\/site\/?s={search_term_string}"},"query-input":{"@type":"PropertyValueSpecification","valueRequired":true,"valueName":"search_term_string"}}],"inLanguage":"es"},{"@type":["Person","Organization"],"@id":"https:\/\/digital58.com.ve\/site\/#\/schema\/person\/64d1c2e4d0d4fd1b849980c4331c2951","name":"Villasmil Henry","image":{"@type":"ImageObject","inLanguage":"es","@id":"https:\/\/secure.gravatar.com\/avatar\/bb0c4a2fcb7970138239f7e404ea75757b1b507b28b5ce4c53fbd62d797c5a7c?s=96&d=mm&r=g","url":"https:\/\/secure.gravatar.com\/avatar\/bb0c4a2fcb7970138239f7e404ea75757b1b507b28b5ce4c53fbd62d797c5a7c?s=96&d=mm&r=g","contentUrl":"https:\/\/secure.gravatar.com\/avatar\/bb0c4a2fcb7970138239f7e404ea75757b1b507b28b5ce4c53fbd62d797c5a7c?s=96&d=mm&r=g","caption":"Villasmil Henry"},"logo":{"@id":"https:\/\/secure.gravatar.com\/avatar\/bb0c4a2fcb7970138239f7e404ea75757b1b507b28b5ce4c53fbd62d797c5a7c?s=96&d=mm&r=g"},"sameAs":["http:\/\/www.henryvillasmil.com.ve","https:\/\/www.instagram.com\/villasmilhfoto\/","https:\/\/x.com\/https:\/\/twitter.com\/villasmilhfoto"],"url":"https:\/\/digital58.com.ve\/site\/author\/droopy_68\/"}]}},"uagb_featured_image_src":{"full":["https:\/\/digital58.com.ve\/site\/wp-content\/uploads\/2020\/07\/107083070_309124200225704_127673524104047319_n-1.jpg",320,400,false],"thumbnail":["https:\/\/digital58.com.ve\/site\/wp-content\/uploads\/2020\/07\/107083070_309124200225704_127673524104047319_n-1-150x150.jpg",150,150,true],"medium":["https:\/\/digital58.com.ve\/site\/wp-content\/uploads\/2020\/07\/107083070_309124200225704_127673524104047319_n-1-240x300.jpg",240,300,true],"medium_large":["https:\/\/digital58.com.ve\/site\/wp-content\/uploads\/2020\/07\/107083070_309124200225704_127673524104047319_n-1.jpg",320,400,false],"large":["https:\/\/digital58.com.ve\/site\/wp-content\/uploads\/2020\/07\/107083070_309124200225704_127673524104047319_n-1.jpg",320,400,false],"1536x1536":["https:\/\/digital58.com.ve\/site\/wp-content\/uploads\/2020\/07\/107083070_309124200225704_127673524104047319_n-1.jpg",320,400,false],"2048x2048":["https:\/\/digital58.com.ve\/site\/wp-content\/uploads\/2020\/07\/107083070_309124200225704_127673524104047319_n-1.jpg",320,400,false],"colormag-highlighted-post":["https:\/\/digital58.com.ve\/site\/wp-content\/uploads\/2020\/07\/107083070_309124200225704_127673524104047319_n-1.jpg",218,272,false],"colormag-featured-post-medium":["https:\/\/digital58.com.ve\/site\/wp-content\/uploads\/2020\/07\/107083070_309124200225704_127673524104047319_n-1.jpg",164,205,false],"colormag-featured-post-small":["https:\/\/digital58.com.ve\/site\/wp-content\/uploads\/2020\/07\/107083070_309124200225704_127673524104047319_n-1.jpg",72,90,false],"colormag-featured-image":["https:\/\/digital58.com.ve\/site\/wp-content\/uploads\/2020\/07\/107083070_309124200225704_127673524104047319_n-1.jpg",320,400,false],"colormag-default-news":["https:\/\/digital58.com.ve\/site\/wp-content\/uploads\/2020\/07\/107083070_309124200225704_127673524104047319_n-1.jpg",120,150,false],"colormag-featured-image-large":["https:\/\/digital58.com.ve\/site\/wp-content\/uploads\/2020\/07\/107083070_309124200225704_127673524104047319_n-1.jpg",320,400,false]},"uagb_author_info":{"display_name":"Villasmil Henry","author_link":"https:\/\/digital58.com.ve\/site\/author\/droopy_68\/"},"uagb_comment_info":0,"uagb_excerpt":"Un \u00abinfarto fulminante\u00bb puso punto final a la vida del actor y m\u00fasico zuliano. La fama le sonri\u00f3 en los","_links":{"self":[{"href":"https:\/\/digital58.com.ve\/site\/wp-json\/wp\/v2\/posts\/114051","targetHints":{"allow":["GET"]}}],"collection":[{"href":"https:\/\/digital58.com.ve\/site\/wp-json\/wp\/v2\/posts"}],"about":[{"href":"https:\/\/digital58.com.ve\/site\/wp-json\/wp\/v2\/types\/post"}],"author":[{"embeddable":true,"href":"https:\/\/digital58.com.ve\/site\/wp-json\/wp\/v2\/users\/1"}],"replies":[{"embeddable":true,"href":"https:\/\/digital58.com.ve\/site\/wp-json\/wp\/v2\/comments?post=114051"}],"version-history":[{"count":0,"href":"https:\/\/digital58.com.ve\/site\/wp-json\/wp\/v2\/posts\/114051\/revisions"}],"wp:featuredmedia":[{"embeddable":true,"href":"https:\/\/digital58.com.ve\/site\/wp-json\/wp\/v2\/media\/114052"}],"wp:attachment":[{"href":"https:\/\/digital58.com.ve\/site\/wp-json\/wp\/v2\/media?parent=114051"}],"wp:term":[{"taxonomy":"category","embeddable":true,"href":"https:\/\/digital58.com.ve\/site\/wp-json\/wp\/v2\/categories?post=114051"},{"taxonomy":"post_tag","embeddable":true,"href":"https:\/\/digital58.com.ve\/site\/wp-json\/wp\/v2\/tags?post=114051"}],"curies":[{"name":"wp","href":"https:\/\/api.w.org\/{rel}","templated":true}]}}