{"id":114098,"date":"2020-07-12T21:51:04","date_gmt":"2020-07-13T01:51:04","guid":{"rendered":"https:\/\/digital58.com.ve\/site\/?p=114098"},"modified":"2020-07-12T21:58:02","modified_gmt":"2020-07-13T01:58:02","slug":"holanda-entrega-a-colombia-30-respiradores-para-covid-19","status":"publish","type":"post","link":"https:\/\/digital58.com.ve\/site\/2020\/07\/12\/holanda-entrega-a-colombia-30-respiradores-para-covid-19\/","title":{"rendered":"Paises Bajos entrega a Colombia 30 respiradores para COVID-19"},"content":{"rendered":"<p><a href=\"https:\/\/digital58.com.ve\/site\/wp-content\/uploads\/2020\/07\/colombia-holanda.jpg\"><img loading=\"lazy\" decoding=\"async\" class=\"aligncenter size-full wp-image-114100\" src=\"https:\/\/digital58.com.ve\/site\/wp-content\/uploads\/2020\/07\/colombia-holanda.jpg\" alt=\"\" width=\"800\" height=\"491\" srcset=\"https:\/\/digital58.com.ve\/site\/wp-content\/uploads\/2020\/07\/colombia-holanda.jpg 800w, https:\/\/digital58.com.ve\/site\/wp-content\/uploads\/2020\/07\/colombia-holanda-300x184.jpg 300w, https:\/\/digital58.com.ve\/site\/wp-content\/uploads\/2020\/07\/colombia-holanda-768x471.jpg 768w\" sizes=\"auto, (max-width: 800px) 100vw, 800px\" \/><\/a><\/p>\n<p>El pasado 1 de julio el embajador de Estados Unidos en Colombia, Philip Goldberg, entreg\u00f3 en Bogot\u00e1 200 respiradores port\u00e1tiles donados por Washington y anunci\u00f3 un aporte de siete millones de d\u00f3lares.<\/p>\n<p><strong>Bogot\u00e1, Colombia, 12 de julio de 2020 (ND58).-<\/strong> Colombia recibi\u00f3 este domingo 30 respiradores mec\u00e1nicos donados por el Gobierno de los Pa\u00edses Bajos para fortalecer su capacidad hospitalaria y mejorar la atenci\u00f3n de los pacientes afectados gravemente por el coronavirus.<\/p>\n<p>\u00abEstos 30 ventiladores que nos llegan de esta donaci\u00f3n del Gobierno de los Pa\u00edses Bajos la recibimos con agrado. Vamos a aplicarlos para seguir fortaleciendo la red de atenci\u00f3n a los pacientes cr\u00edticos\u00bb, asegur\u00f3 el presidente colombiano, Iv\u00e1n Duque, al recibir los equipos en Bogot\u00e1.<\/p>\n<p>Los aparatos fueron donados como parte de la respuesta del Gobierno holand\u00e9s a la solicitud hecha en abril pasado por el de Colombia ante los miembros de la Organizaci\u00f3n del Tratado del Atl\u00e1ntico Norte (OTAN), con la cual el pa\u00eds andino tiene firmado un acuerdo que lo convierte en socio global.<\/p>\n<p>\u00abMe permito hacer entrega de 30 ventiladores port\u00e1tiles de \u00faltima generaci\u00f3n para tratar pacientes afectados por s\u00edntomas severos de la COVID-19 (&#8230;) para as\u00ed aportar al fortalecimiento y capacidad de respuesta. Es un honor hacer este gesto a los colombianos\u00bb\u00bb, dijo el embajador de los Pa\u00edses Bajos en Colombia, Jeroen Roodenburg.<\/p>\n<p>Hasta el momento, Colombia ha adquirido 4.458 respiradores, de los cuales 1.134 equipos ya fueron recibidos por las autoridades sanitarias y puestos a disposici\u00f3n de cl\u00ednicas y hospitales para enfrentar la pandemia que deja 145.362 contagiados en el pa\u00eds y 5.119 muertos.<\/p>\n<p>\u00abHoy nos unen circunstancias hist\u00f3ricas dif\u00edciles, la humanidad entera est\u00e1 en una lucha contra un enemigo invisible y todav\u00eda desconocido. Hoy m\u00e1s que nunca es vital la solidaridad y el trabajo conjunto tanto a nivel nacional e internacional para hacer frente a la pandemia\u00bb, destac\u00f3 el embajador Roodenburg.<\/p>\n<p>Por su parte, el presidente Duque subray\u00f3 las dificultades de los pa\u00edses de la regi\u00f3n para la mitigaci\u00f3n del coronavirus, como la compleja tarea de adquirir este tipo de aparatos para mejorar la atenci\u00f3n de pacientes en estado cr\u00edtico.<\/p>\n<p>El mandatario destac\u00f3 que gracias a los esfuerzos de las autoridades locales y de Gobiernos como el de los Pa\u00edses Bajos, Colombia ha podido duplicar la capacidad de sus unidades de cuidados intensivos y recalc\u00f3 que esta colaboraci\u00f3n entre pa\u00edses \u00abtiene que ser creciente\u00bb.<\/p>\n<p>El pasado 1 de julio el embajador de Estados Unidos en Colombia, Philip Goldberg, entreg\u00f3 en Bogot\u00e1 200 respiradores port\u00e1tiles donados por Washington y anunci\u00f3 un aporte de siete millones de d\u00f3lares para fortalecer la seguridad alimentaria en zonas del pa\u00eds afectadas por la pandemia.<\/p>\n<p>Los ventiladores, que fueron donados por medio de la Agencia de los Estados Unidos para el Desarrollo Internacional (USAID), fueron recibidos por Duque, que calific\u00f3 la donaci\u00f3n como \u00abuna muestra de solidaridad, de amistad\u00bb de ese pa\u00eds.<\/p><div class=\"qutrl69f0cdfbd52bc\" ><p style=\"text-align: center;\"><a href=\"https:\/\/t.me\/noticiasdigital58\" target=\"_blank\" rel=\"noopener\"><img class=\"aligncenter size-full wp-image-125363\" src=\"https:\/\/digital58.com.ve\/site\/wp-content\/uploads\/2021\/04\/banner-telegram-web-2021.png\" alt=\"\" width=\"600\" height=\"90\" \/><\/a><\/p><\/div><style type=\"text\/css\">\r\n@media screen and (min-width: 1201px) {\r\n.qutrl69f0cdfbd52bc {\r\ndisplay: block;\r\n}\r\n}\r\n@media screen and (min-width: 993px) and (max-width: 1200px) {\r\n.qutrl69f0cdfbd52bc {\r\ndisplay: block;\r\n}\r\n}\r\n@media screen and (min-width: 769px) and (max-width: 992px) {\r\n.qutrl69f0cdfbd52bc {\r\ndisplay: block;\r\n}\r\n}\r\n@media screen and (min-width: 768px) and (max-width: 768px) {\r\n.qutrl69f0cdfbd52bc {\r\ndisplay: block;\r\n}\r\n}\r\n@media screen and (max-width: 767px) {\r\n.qutrl69f0cdfbd52bc {\r\ndisplay: block;\r\n}\r\n}\r\n<\/style>\r\n\n<p><strong>Redacci\u00f3n ND58 | Fuente: EFE<\/strong><br \/>\n<strong>Edici\u00f3n: Villasmil, Henry<\/strong><br \/>\n<strong>Gr\u00e1fica: EFE<\/strong><\/p>\n<div style=\"margin-top: 0px; margin-bottom: 0px;\" class=\"sharethis-inline-share-buttons\" ><\/div>","protected":false},"excerpt":{"rendered":"<p>El pasado 1 de julio el embajador de Estados Unidos en Colombia, Philip Goldberg, entreg\u00f3 en Bogot\u00e1 200 respiradores port\u00e1tiles<\/p>\n","protected":false},"author":1,"featured_media":114100,"comment_status":"open","ping_status":"closed","sticky":false,"template":"","format":"standard","meta":{"colormag_page_container_layout":"default_layout","colormag_page_sidebar_layout":"default_layout","_uag_custom_page_level_css":"","footnotes":""},"categories":[16451],"tags":[98,13352,13648,355,8,2454,13723],"class_list":["post-114098","post","type-post","status-publish","format-standard","has-post-thumbnail","hentry","category-mundo","tag-colombia","tag-coronavirus","tag-covid-19","tag-donaciones","tag-internacionales","tag-paises-bajos","tag-pandemia"],"yoast_head":"<!-- This site is optimized with the Yoast SEO plugin v27.5 - https:\/\/yoast.com\/product\/yoast-seo-wordpress\/ -->\n<title>Paises Bajos entrega a Colombia 30 respiradores para COVID-19<\/title>\n<meta name=\"description\" content=\"Mundo\" \/>\n<meta name=\"robots\" content=\"index, follow, max-snippet:-1, max-image-preview:large, max-video-preview:-1\" \/>\n<link rel=\"canonical\" href=\"https:\/\/digital58.com.ve\/site\/2020\/07\/12\/holanda-entrega-a-colombia-30-respiradores-para-covid-19\/\" \/>\n<meta property=\"og:locale\" content=\"es_ES\" \/>\n<meta property=\"og:type\" content=\"article\" \/>\n<meta property=\"og:title\" content=\"Paises Bajos entrega a Colombia 30 respiradores para COVID-19\" \/>\n<meta property=\"og:description\" content=\"Mundo\" \/>\n<meta property=\"og:url\" content=\"https:\/\/digital58.com.ve\/site\/2020\/07\/12\/holanda-entrega-a-colombia-30-respiradores-para-covid-19\/\" \/>\n<meta property=\"og:site_name\" content=\"Noticias Digital58\" \/>\n<meta property=\"article:published_time\" content=\"2020-07-13T01:51:04+00:00\" \/>\n<meta property=\"article:modified_time\" content=\"2020-07-13T01:58:02+00:00\" \/>\n<meta property=\"og:image\" content=\"https:\/\/digital58.com.ve\/site\/wp-content\/uploads\/2020\/07\/colombia-holanda.jpg\" \/>\n\t<meta property=\"og:image:width\" content=\"800\" \/>\n\t<meta property=\"og:image:height\" content=\"491\" \/>\n\t<meta property=\"og:image:type\" content=\"image\/jpeg\" \/>\n<meta name=\"author\" content=\"Villasmil Henry\" \/>\n<meta name=\"twitter:card\" content=\"summary_large_image\" \/>\n<meta name=\"twitter:creator\" content=\"@https:\/\/twitter.com\/villasmilhfoto\" \/>\n<meta name=\"twitter:site\" content=\"@villasmilhfoto\" \/>\n<meta name=\"twitter:label1\" content=\"Escrito por\" \/>\n\t<meta name=\"twitter:data1\" content=\"Villasmil Henry\" \/>\n\t<meta name=\"twitter:label2\" content=\"Tiempo estimado de lectura\" \/>\n\t<meta name=\"twitter:data2\" content=\"3 minutos\" \/>\n<script type=\"application\/ld+json\" class=\"yoast-schema-graph\">{\"@context\":\"https:\\\/\\\/schema.org\",\"@graph\":[{\"@type\":\"Article\",\"@id\":\"https:\\\/\\\/digital58.com.ve\\\/site\\\/2020\\\/07\\\/12\\\/holanda-entrega-a-colombia-30-respiradores-para-covid-19\\\/#article\",\"isPartOf\":{\"@id\":\"https:\\\/\\\/digital58.com.ve\\\/site\\\/2020\\\/07\\\/12\\\/holanda-entrega-a-colombia-30-respiradores-para-covid-19\\\/\"},\"author\":{\"name\":\"Villasmil Henry\",\"@id\":\"https:\\\/\\\/digital58.com.ve\\\/site\\\/#\\\/schema\\\/person\\\/64d1c2e4d0d4fd1b849980c4331c2951\"},\"headline\":\"Paises Bajos entrega a Colombia 30 respiradores para COVID-19\",\"datePublished\":\"2020-07-13T01:51:04+00:00\",\"dateModified\":\"2020-07-13T01:58:02+00:00\",\"mainEntityOfPage\":{\"@id\":\"https:\\\/\\\/digital58.com.ve\\\/site\\\/2020\\\/07\\\/12\\\/holanda-entrega-a-colombia-30-respiradores-para-covid-19\\\/\"},\"wordCount\":519,\"commentCount\":0,\"publisher\":{\"@id\":\"https:\\\/\\\/digital58.com.ve\\\/site\\\/#\\\/schema\\\/person\\\/64d1c2e4d0d4fd1b849980c4331c2951\"},\"image\":{\"@id\":\"https:\\\/\\\/digital58.com.ve\\\/site\\\/2020\\\/07\\\/12\\\/holanda-entrega-a-colombia-30-respiradores-para-covid-19\\\/#primaryimage\"},\"thumbnailUrl\":\"https:\\\/\\\/digital58.com.ve\\\/site\\\/wp-content\\\/uploads\\\/2020\\\/07\\\/colombia-holanda.jpg\",\"keywords\":[\"Colombia\",\"Coronavirus\",\"COVID-19\",\"Donaciones\",\"Internacionales\",\"Pa\u00edses Bajos\",\"Pandemia\"],\"articleSection\":[\"Mundo\"],\"inLanguage\":\"es\",\"potentialAction\":[{\"@type\":\"CommentAction\",\"name\":\"Comment\",\"target\":[\"https:\\\/\\\/digital58.com.ve\\\/site\\\/2020\\\/07\\\/12\\\/holanda-entrega-a-colombia-30-respiradores-para-covid-19\\\/#respond\"]}]},{\"@type\":\"WebPage\",\"@id\":\"https:\\\/\\\/digital58.com.ve\\\/site\\\/2020\\\/07\\\/12\\\/holanda-entrega-a-colombia-30-respiradores-para-covid-19\\\/\",\"url\":\"https:\\\/\\\/digital58.com.ve\\\/site\\\/2020\\\/07\\\/12\\\/holanda-entrega-a-colombia-30-respiradores-para-covid-19\\\/\",\"name\":\"Paises Bajos entrega a Colombia 30 respiradores para COVID-19\",\"isPartOf\":{\"@id\":\"https:\\\/\\\/digital58.com.ve\\\/site\\\/#website\"},\"primaryImageOfPage\":{\"@id\":\"https:\\\/\\\/digital58.com.ve\\\/site\\\/2020\\\/07\\\/12\\\/holanda-entrega-a-colombia-30-respiradores-para-covid-19\\\/#primaryimage\"},\"image\":{\"@id\":\"https:\\\/\\\/digital58.com.ve\\\/site\\\/2020\\\/07\\\/12\\\/holanda-entrega-a-colombia-30-respiradores-para-covid-19\\\/#primaryimage\"},\"thumbnailUrl\":\"https:\\\/\\\/digital58.com.ve\\\/site\\\/wp-content\\\/uploads\\\/2020\\\/07\\\/colombia-holanda.jpg\",\"datePublished\":\"2020-07-13T01:51:04+00:00\",\"dateModified\":\"2020-07-13T01:58:02+00:00\",\"description\":\"Mundo\",\"breadcrumb\":{\"@id\":\"https:\\\/\\\/digital58.com.ve\\\/site\\\/2020\\\/07\\\/12\\\/holanda-entrega-a-colombia-30-respiradores-para-covid-19\\\/#breadcrumb\"},\"inLanguage\":\"es\",\"potentialAction\":[{\"@type\":\"ReadAction\",\"target\":[\"https:\\\/\\\/digital58.com.ve\\\/site\\\/2020\\\/07\\\/12\\\/holanda-entrega-a-colombia-30-respiradores-para-covid-19\\\/\"]}]},{\"@type\":\"ImageObject\",\"inLanguage\":\"es\",\"@id\":\"https:\\\/\\\/digital58.com.ve\\\/site\\\/2020\\\/07\\\/12\\\/holanda-entrega-a-colombia-30-respiradores-para-covid-19\\\/#primaryimage\",\"url\":\"https:\\\/\\\/digital58.com.ve\\\/site\\\/wp-content\\\/uploads\\\/2020\\\/07\\\/colombia-holanda.jpg\",\"contentUrl\":\"https:\\\/\\\/digital58.com.ve\\\/site\\\/wp-content\\\/uploads\\\/2020\\\/07\\\/colombia-holanda.jpg\",\"width\":800,\"height\":491},{\"@type\":\"BreadcrumbList\",\"@id\":\"https:\\\/\\\/digital58.com.ve\\\/site\\\/2020\\\/07\\\/12\\\/holanda-entrega-a-colombia-30-respiradores-para-covid-19\\\/#breadcrumb\",\"itemListElement\":[{\"@type\":\"ListItem\",\"position\":1,\"name\":\"Home\",\"item\":\"https:\\\/\\\/digital58.com.ve\\\/site\\\/\"},{\"@type\":\"ListItem\",\"position\":2,\"name\":\"Paises Bajos entrega a Colombia 30 respiradores para COVID-19\"}]},{\"@type\":\"WebSite\",\"@id\":\"https:\\\/\\\/digital58.com.ve\\\/site\\\/#website\",\"url\":\"https:\\\/\\\/digital58.com.ve\\\/site\\\/\",\"name\":\"Noticias Digital58\",\"description\":\"Portal de Noticias \u00a1Periodismo web de verdad! Lanzamiento web 22.11.2005 \\\/ Maracaibo, Venezuela\",\"publisher\":{\"@id\":\"https:\\\/\\\/digital58.com.ve\\\/site\\\/#\\\/schema\\\/person\\\/64d1c2e4d0d4fd1b849980c4331c2951\"},\"alternateName\":\"ND58\",\"potentialAction\":[{\"@type\":\"SearchAction\",\"target\":{\"@type\":\"EntryPoint\",\"urlTemplate\":\"https:\\\/\\\/digital58.com.ve\\\/site\\\/?s={search_term_string}\"},\"query-input\":{\"@type\":\"PropertyValueSpecification\",\"valueRequired\":true,\"valueName\":\"search_term_string\"}}],\"inLanguage\":\"es\"},{\"@type\":[\"Person\",\"Organization\"],\"@id\":\"https:\\\/\\\/digital58.com.ve\\\/site\\\/#\\\/schema\\\/person\\\/64d1c2e4d0d4fd1b849980c4331c2951\",\"name\":\"Villasmil Henry\",\"image\":{\"@type\":\"ImageObject\",\"inLanguage\":\"es\",\"@id\":\"https:\\\/\\\/secure.gravatar.com\\\/avatar\\\/bb0c4a2fcb7970138239f7e404ea75757b1b507b28b5ce4c53fbd62d797c5a7c?s=96&d=mm&r=g\",\"url\":\"https:\\\/\\\/secure.gravatar.com\\\/avatar\\\/bb0c4a2fcb7970138239f7e404ea75757b1b507b28b5ce4c53fbd62d797c5a7c?s=96&d=mm&r=g\",\"contentUrl\":\"https:\\\/\\\/secure.gravatar.com\\\/avatar\\\/bb0c4a2fcb7970138239f7e404ea75757b1b507b28b5ce4c53fbd62d797c5a7c?s=96&d=mm&r=g\",\"caption\":\"Villasmil Henry\"},\"logo\":{\"@id\":\"https:\\\/\\\/secure.gravatar.com\\\/avatar\\\/bb0c4a2fcb7970138239f7e404ea75757b1b507b28b5ce4c53fbd62d797c5a7c?s=96&d=mm&r=g\"},\"sameAs\":[\"http:\\\/\\\/www.henryvillasmil.com.ve\",\"https:\\\/\\\/www.instagram.com\\\/villasmilhfoto\\\/\",\"https:\\\/\\\/x.com\\\/https:\\\/\\\/twitter.com\\\/villasmilhfoto\"],\"url\":\"https:\\\/\\\/digital58.com.ve\\\/site\\\/author\\\/droopy_68\\\/\"}]}<\/script>\n<!-- \/ Yoast SEO plugin. -->","yoast_head_json":{"title":"Paises Bajos entrega a Colombia 30 respiradores para COVID-19","description":"Mundo","robots":{"index":"index","follow":"follow","max-snippet":"max-snippet:-1","max-image-preview":"max-image-preview:large","max-video-preview":"max-video-preview:-1"},"canonical":"https:\/\/digital58.com.ve\/site\/2020\/07\/12\/holanda-entrega-a-colombia-30-respiradores-para-covid-19\/","og_locale":"es_ES","og_type":"article","og_title":"Paises Bajos entrega a Colombia 30 respiradores para COVID-19","og_description":"Mundo","og_url":"https:\/\/digital58.com.ve\/site\/2020\/07\/12\/holanda-entrega-a-colombia-30-respiradores-para-covid-19\/","og_site_name":"Noticias Digital58","article_published_time":"2020-07-13T01:51:04+00:00","article_modified_time":"2020-07-13T01:58:02+00:00","og_image":[{"width":800,"height":491,"url":"https:\/\/digital58.com.ve\/site\/wp-content\/uploads\/2020\/07\/colombia-holanda.jpg","type":"image\/jpeg"}],"author":"Villasmil Henry","twitter_card":"summary_large_image","twitter_creator":"@https:\/\/twitter.com\/villasmilhfoto","twitter_site":"@villasmilhfoto","twitter_misc":{"Escrito por":"Villasmil Henry","Tiempo estimado de lectura":"3 minutos"},"schema":{"@context":"https:\/\/schema.org","@graph":[{"@type":"Article","@id":"https:\/\/digital58.com.ve\/site\/2020\/07\/12\/holanda-entrega-a-colombia-30-respiradores-para-covid-19\/#article","isPartOf":{"@id":"https:\/\/digital58.com.ve\/site\/2020\/07\/12\/holanda-entrega-a-colombia-30-respiradores-para-covid-19\/"},"author":{"name":"Villasmil Henry","@id":"https:\/\/digital58.com.ve\/site\/#\/schema\/person\/64d1c2e4d0d4fd1b849980c4331c2951"},"headline":"Paises Bajos entrega a Colombia 30 respiradores para COVID-19","datePublished":"2020-07-13T01:51:04+00:00","dateModified":"2020-07-13T01:58:02+00:00","mainEntityOfPage":{"@id":"https:\/\/digital58.com.ve\/site\/2020\/07\/12\/holanda-entrega-a-colombia-30-respiradores-para-covid-19\/"},"wordCount":519,"commentCount":0,"publisher":{"@id":"https:\/\/digital58.com.ve\/site\/#\/schema\/person\/64d1c2e4d0d4fd1b849980c4331c2951"},"image":{"@id":"https:\/\/digital58.com.ve\/site\/2020\/07\/12\/holanda-entrega-a-colombia-30-respiradores-para-covid-19\/#primaryimage"},"thumbnailUrl":"https:\/\/digital58.com.ve\/site\/wp-content\/uploads\/2020\/07\/colombia-holanda.jpg","keywords":["Colombia","Coronavirus","COVID-19","Donaciones","Internacionales","Pa\u00edses Bajos","Pandemia"],"articleSection":["Mundo"],"inLanguage":"es","potentialAction":[{"@type":"CommentAction","name":"Comment","target":["https:\/\/digital58.com.ve\/site\/2020\/07\/12\/holanda-entrega-a-colombia-30-respiradores-para-covid-19\/#respond"]}]},{"@type":"WebPage","@id":"https:\/\/digital58.com.ve\/site\/2020\/07\/12\/holanda-entrega-a-colombia-30-respiradores-para-covid-19\/","url":"https:\/\/digital58.com.ve\/site\/2020\/07\/12\/holanda-entrega-a-colombia-30-respiradores-para-covid-19\/","name":"Paises Bajos entrega a Colombia 30 respiradores para COVID-19","isPartOf":{"@id":"https:\/\/digital58.com.ve\/site\/#website"},"primaryImageOfPage":{"@id":"https:\/\/digital58.com.ve\/site\/2020\/07\/12\/holanda-entrega-a-colombia-30-respiradores-para-covid-19\/#primaryimage"},"image":{"@id":"https:\/\/digital58.com.ve\/site\/2020\/07\/12\/holanda-entrega-a-colombia-30-respiradores-para-covid-19\/#primaryimage"},"thumbnailUrl":"https:\/\/digital58.com.ve\/site\/wp-content\/uploads\/2020\/07\/colombia-holanda.jpg","datePublished":"2020-07-13T01:51:04+00:00","dateModified":"2020-07-13T01:58:02+00:00","description":"Mundo","breadcrumb":{"@id":"https:\/\/digital58.com.ve\/site\/2020\/07\/12\/holanda-entrega-a-colombia-30-respiradores-para-covid-19\/#breadcrumb"},"inLanguage":"es","potentialAction":[{"@type":"ReadAction","target":["https:\/\/digital58.com.ve\/site\/2020\/07\/12\/holanda-entrega-a-colombia-30-respiradores-para-covid-19\/"]}]},{"@type":"ImageObject","inLanguage":"es","@id":"https:\/\/digital58.com.ve\/site\/2020\/07\/12\/holanda-entrega-a-colombia-30-respiradores-para-covid-19\/#primaryimage","url":"https:\/\/digital58.com.ve\/site\/wp-content\/uploads\/2020\/07\/colombia-holanda.jpg","contentUrl":"https:\/\/digital58.com.ve\/site\/wp-content\/uploads\/2020\/07\/colombia-holanda.jpg","width":800,"height":491},{"@type":"BreadcrumbList","@id":"https:\/\/digital58.com.ve\/site\/2020\/07\/12\/holanda-entrega-a-colombia-30-respiradores-para-covid-19\/#breadcrumb","itemListElement":[{"@type":"ListItem","position":1,"name":"Home","item":"https:\/\/digital58.com.ve\/site\/"},{"@type":"ListItem","position":2,"name":"Paises Bajos entrega a Colombia 30 respiradores para COVID-19"}]},{"@type":"WebSite","@id":"https:\/\/digital58.com.ve\/site\/#website","url":"https:\/\/digital58.com.ve\/site\/","name":"Noticias Digital58","description":"Portal de Noticias \u00a1Periodismo web de verdad! Lanzamiento web 22.11.2005 \/ Maracaibo, Venezuela","publisher":{"@id":"https:\/\/digital58.com.ve\/site\/#\/schema\/person\/64d1c2e4d0d4fd1b849980c4331c2951"},"alternateName":"ND58","potentialAction":[{"@type":"SearchAction","target":{"@type":"EntryPoint","urlTemplate":"https:\/\/digital58.com.ve\/site\/?s={search_term_string}"},"query-input":{"@type":"PropertyValueSpecification","valueRequired":true,"valueName":"search_term_string"}}],"inLanguage":"es"},{"@type":["Person","Organization"],"@id":"https:\/\/digital58.com.ve\/site\/#\/schema\/person\/64d1c2e4d0d4fd1b849980c4331c2951","name":"Villasmil Henry","image":{"@type":"ImageObject","inLanguage":"es","@id":"https:\/\/secure.gravatar.com\/avatar\/bb0c4a2fcb7970138239f7e404ea75757b1b507b28b5ce4c53fbd62d797c5a7c?s=96&d=mm&r=g","url":"https:\/\/secure.gravatar.com\/avatar\/bb0c4a2fcb7970138239f7e404ea75757b1b507b28b5ce4c53fbd62d797c5a7c?s=96&d=mm&r=g","contentUrl":"https:\/\/secure.gravatar.com\/avatar\/bb0c4a2fcb7970138239f7e404ea75757b1b507b28b5ce4c53fbd62d797c5a7c?s=96&d=mm&r=g","caption":"Villasmil Henry"},"logo":{"@id":"https:\/\/secure.gravatar.com\/avatar\/bb0c4a2fcb7970138239f7e404ea75757b1b507b28b5ce4c53fbd62d797c5a7c?s=96&d=mm&r=g"},"sameAs":["http:\/\/www.henryvillasmil.com.ve","https:\/\/www.instagram.com\/villasmilhfoto\/","https:\/\/x.com\/https:\/\/twitter.com\/villasmilhfoto"],"url":"https:\/\/digital58.com.ve\/site\/author\/droopy_68\/"}]}},"uagb_featured_image_src":{"full":["https:\/\/digital58.com.ve\/site\/wp-content\/uploads\/2020\/07\/colombia-holanda.jpg",800,491,false],"thumbnail":["https:\/\/digital58.com.ve\/site\/wp-content\/uploads\/2020\/07\/colombia-holanda-150x150.jpg",150,150,true],"medium":["https:\/\/digital58.com.ve\/site\/wp-content\/uploads\/2020\/07\/colombia-holanda-300x184.jpg",300,184,true],"medium_large":["https:\/\/digital58.com.ve\/site\/wp-content\/uploads\/2020\/07\/colombia-holanda-768x471.jpg",768,471,true],"large":["https:\/\/digital58.com.ve\/site\/wp-content\/uploads\/2020\/07\/colombia-holanda.jpg",800,491,false],"1536x1536":["https:\/\/digital58.com.ve\/site\/wp-content\/uploads\/2020\/07\/colombia-holanda.jpg",800,491,false],"2048x2048":["https:\/\/digital58.com.ve\/site\/wp-content\/uploads\/2020\/07\/colombia-holanda.jpg",800,491,false],"colormag-highlighted-post":["https:\/\/digital58.com.ve\/site\/wp-content\/uploads\/2020\/07\/colombia-holanda.jpg",392,241,false],"colormag-featured-post-medium":["https:\/\/digital58.com.ve\/site\/wp-content\/uploads\/2020\/07\/colombia-holanda.jpg",334,205,false],"colormag-featured-post-small":["https:\/\/digital58.com.ve\/site\/wp-content\/uploads\/2020\/07\/colombia-holanda.jpg",130,80,false],"colormag-featured-image":["https:\/\/digital58.com.ve\/site\/wp-content\/uploads\/2020\/07\/colombia-holanda.jpg",725,445,false],"colormag-default-news":["https:\/\/digital58.com.ve\/site\/wp-content\/uploads\/2020\/07\/colombia-holanda.jpg",150,92,false],"colormag-featured-image-large":["https:\/\/digital58.com.ve\/site\/wp-content\/uploads\/2020\/07\/colombia-holanda.jpg",800,491,false]},"uagb_author_info":{"display_name":"Villasmil Henry","author_link":"https:\/\/digital58.com.ve\/site\/author\/droopy_68\/"},"uagb_comment_info":0,"uagb_excerpt":"El pasado 1 de julio el embajador de Estados Unidos en Colombia, Philip Goldberg, entreg\u00f3 en Bogot\u00e1 200 respiradores port\u00e1tiles","_links":{"self":[{"href":"https:\/\/digital58.com.ve\/site\/wp-json\/wp\/v2\/posts\/114098","targetHints":{"allow":["GET"]}}],"collection":[{"href":"https:\/\/digital58.com.ve\/site\/wp-json\/wp\/v2\/posts"}],"about":[{"href":"https:\/\/digital58.com.ve\/site\/wp-json\/wp\/v2\/types\/post"}],"author":[{"embeddable":true,"href":"https:\/\/digital58.com.ve\/site\/wp-json\/wp\/v2\/users\/1"}],"replies":[{"embeddable":true,"href":"https:\/\/digital58.com.ve\/site\/wp-json\/wp\/v2\/comments?post=114098"}],"version-history":[{"count":0,"href":"https:\/\/digital58.com.ve\/site\/wp-json\/wp\/v2\/posts\/114098\/revisions"}],"wp:featuredmedia":[{"embeddable":true,"href":"https:\/\/digital58.com.ve\/site\/wp-json\/wp\/v2\/media\/114100"}],"wp:attachment":[{"href":"https:\/\/digital58.com.ve\/site\/wp-json\/wp\/v2\/media?parent=114098"}],"wp:term":[{"taxonomy":"category","embeddable":true,"href":"https:\/\/digital58.com.ve\/site\/wp-json\/wp\/v2\/categories?post=114098"},{"taxonomy":"post_tag","embeddable":true,"href":"https:\/\/digital58.com.ve\/site\/wp-json\/wp\/v2\/tags?post=114098"}],"curies":[{"name":"wp","href":"https:\/\/api.w.org\/{rel}","templated":true}]}}