{"id":114478,"date":"2020-07-14T10:06:48","date_gmt":"2020-07-14T14:06:48","guid":{"rendered":"https:\/\/digital58.com.ve\/site\/?p=114478"},"modified":"2020-07-14T10:06:48","modified_gmt":"2020-07-14T14:06:48","slug":"juan-guaido-recibe-respaldo-de-militares-institucionales-como-comandante-en-jefe-de-la-fan","status":"publish","type":"post","link":"https:\/\/digital58.com.ve\/site\/2020\/07\/14\/juan-guaido-recibe-respaldo-de-militares-institucionales-como-comandante-en-jefe-de-la-fan\/","title":{"rendered":"Juan Guaid\u00f3 recibe respaldo de militares institucionales como comandante en jefe de la FAN"},"content":{"rendered":"<p><img loading=\"lazy\" decoding=\"async\" class=\"size-full wp-image-114479 aligncenter\" src=\"https:\/\/digital58.com.ve\/site\/wp-content\/uploads\/2020\/07\/Militares-venezolanos.jpg\" alt=\"\" width=\"800\" height=\"538\" srcset=\"https:\/\/digital58.com.ve\/site\/wp-content\/uploads\/2020\/07\/Militares-venezolanos.jpg 800w, https:\/\/digital58.com.ve\/site\/wp-content\/uploads\/2020\/07\/Militares-venezolanos-300x202.jpg 300w, https:\/\/digital58.com.ve\/site\/wp-content\/uploads\/2020\/07\/Militares-venezolanos-768x516.jpg 768w\" sizes=\"auto, (max-width: 800px) 100vw, 800px\" \/><\/p>\n<p>Los militares dejaron\u00a0 saber que se subordinan a su comando, para restablecer el orden democr\u00e1tico establecido en la constituci\u00f3n y honrar el cumplimiento de nuestro juramento de proteger la patria.<\/p>\n<p><strong>Caracas, DC, Venezuela, 14 de julio de 2020 (ND58).-<\/strong>\u00a0Militares institucionales a \u00a0trav\u00e9s de un comunicado, expresaron su total y rotundo apoyo al pronunciamiento de Juan Guaid\u00f3, considerado como presidente (e) de Venezuela por m\u00e1s de 50 pa\u00edses, que hizo el pasado 5 de julio.<\/p>\n<p>Los militares expresan que como integrantes de la instituci\u00f3n armada, se sienten honrados de que Guaid\u00f3 ejerza su cargo de Comandante en Jefe de la Fuerza Armada Nacional de la Rep\u00fablica Bolivariana de Venezuela y se dirija a la instituci\u00f3n reiterando el importante rol que le corresponde para cumplir y hacer cumplir la Constituci\u00f3n y las leyes.<\/p>\n<p>Tambi\u00e9n \u00a0rechazan todas aquellas actuaciones y personas cuyos actos vayan en detrimento de nuestra instituci\u00f3n armada, en especial el pronunciamiento del general Vladimir Padrino L\u00f3pez, en la oportunidad de la conmemoraci\u00f3n de la independencia de Venezuela.<\/p>\n<p>Los militares dejaron\u00a0 saber que se subordinan a su comando, para restablecer el orden democr\u00e1tico establecido en la constituci\u00f3n y honrar el cumplimiento de nuestro juramento de proteger la patria.<\/p>\n<p>En tal sentido se comprometen a recuperar el monopolio del uso de las armas. Repudian categ\u00f3ricamente a quienes violan el mismo juramento y se enorgullecen de ello, haci\u00e9ndose participes de la demagogia y la traici\u00f3n de los principios y valores democr\u00e1ticos de la naci\u00f3n.<\/p>\n<p>\u00abCon este acto nos solidarizamos con el pueblo venezolano, reiterando nuestro apoyo incondicional a las acciones que usted tenga a bien tomar\u00bb.<\/p>\n<p>Los militares expresan en el comunicado, que tienen la certeza de la altura moral, el ah\u00ednco, el esp\u00edritu de lucha y las claras condiciones democr\u00e1ticas que caracterizan al pueblo, que le permitir\u00e1n salir victorioso de la tiran\u00eda que actualmente sufre.<\/p>\n<p>\u00abDefenderemos con estoicismo y estricto apego a la carta magna, la soberan\u00eda y la libertad de Venezuela\u00bb.<\/p>\n<p>Los firmantes del comunicado<\/p>\n<p>Por la nueva independencia de nuestro pueblo y una Venezuela libre, suscriben el escrito; CA. Carlos Molina Tamayo. GB. (AV) Eduardo B\u00e1ez Torrealba. GB. (EJ) Rodolfo Camacho Rincones. GD. (AV) Francisco Y\u00e1nez. GB. (GN) Marco Torres Ferreira. GD. (AV) Jes\u00fas Emilio Hung Abreu. GD. (AV) Emilio Hung Abreu. GB. (AV) Wilmer D\u00edaz. GD. (AV) Manuel Andara Clavier.<\/p>\n<p>Igualmente el GD. (AV) Maximiliano Hern\u00e1ndez GB. (AV) Eduardo Caldera G\u00f3mez. GB. (AV) Rom\u00e1n G\u00f3mez Ruiz CA. Ra\u00fal Bustamante Pulido. CA. Edgar Morillo Gonz\u00e1lez Cnel. (EJ) Julio Rodr\u00edguez Salas. Cnel. (EJ) Gustavo D\u00edaz. Cnel. (AV) C\u00e9sar Pinto Lara. Cnel. (EJ) Jos\u00e9 Izaguirre D\u2019Imperio. CN. Adolfo A\u00f1ez Marcano. CN. Oswaldo Luis Cortez Gonz\u00e1lez. CN. Gilberto Vel\u00e1squez Sibila. CN. Jos\u00e9 Gregorio Noguera Torres. CN. Fernando Aranda Griman. CN. Rigmerc Gilberto Medina Quijada. Cnel. (GN) Richard Gonz\u00e1lez. T\/Cnel. STANISLAW DUBIS CASTILLO May. (AV). Raynell Mart\u00ednez Mujica. May. (AV) Mario M\u00e1rquez. May. (AV) Zaid S\u00e1nchez. May. (AV) An\u00edbal D\u00e1vila Hern\u00e1ndez May. (EJ) Hugo Parra Mart\u00ednez May. (AV) Labarca Soto Capit\u00e1n (AV) Gustavo Acosta Chirinos CC Eduardo Zubillaga TN Edixon Antonio Alcal\u00e1 caldera TN Luis Od\u00edn Moncada Hern\u00e1ndez TN Carlos Eloy Rodr\u00edguez Rivera TF Ram\u00f3n Joseph Plaza Gonz\u00e1lez TF. Rawin Joseph Plazas Gonz\u00e1lez PT. Erick Alejandro Molina Arellano PT Erick Molina Arellano. C1 Rafael Molero Ibarra.<\/p>\n<p>El documento se se\u00f1ala que la firmas est\u00e1n en dep\u00f3sito, incluyendo a otros oficiales que por razones de seguridad se mantienen en anonimato.<\/p><div class=\"vrykt69eef6c47f962\" ><p style=\"text-align: center;\"><a href=\"https:\/\/t.me\/noticiasdigital58\" target=\"_blank\" rel=\"noopener\"><img class=\"aligncenter size-full wp-image-125363\" src=\"https:\/\/digital58.com.ve\/site\/wp-content\/uploads\/2021\/04\/banner-telegram-web-2021.png\" alt=\"\" width=\"600\" height=\"90\" \/><\/a><\/p><\/div><style type=\"text\/css\">\r\n@media screen and (min-width: 1201px) {\r\n.vrykt69eef6c47f962 {\r\ndisplay: block;\r\n}\r\n}\r\n@media screen and (min-width: 993px) and (max-width: 1200px) {\r\n.vrykt69eef6c47f962 {\r\ndisplay: block;\r\n}\r\n}\r\n@media screen and (min-width: 769px) and (max-width: 992px) {\r\n.vrykt69eef6c47f962 {\r\ndisplay: block;\r\n}\r\n}\r\n@media screen and (min-width: 768px) and (max-width: 768px) {\r\n.vrykt69eef6c47f962 {\r\ndisplay: block;\r\n}\r\n}\r\n@media screen and (max-width: 767px) {\r\n.vrykt69eef6c47f962 {\r\ndisplay: block;\r\n}\r\n}\r\n<\/style>\r\n\n<p><strong>Re<\/strong><strong>dacci\u00f3n: Molero, Luis\u00a0 (@Moleromarquez) | Fuente: Agencias<br \/>\nEdici\u00f3n: Villasmil, Henry; Ch\u00e1vez, Marian<br \/>\nGr\u00e1ficas: Cortes\u00eda<\/strong><\/p>\n<div style=\"margin-top: 0px; margin-bottom: 0px;\" class=\"sharethis-inline-share-buttons\" ><\/div>","protected":false},"excerpt":{"rendered":"<p>Los militares dejaron\u00a0 saber que se subordinan a su comando, para restablecer el orden democr\u00e1tico establecido en la constituci\u00f3n y<\/p>\n","protected":false},"author":26,"featured_media":114480,"comment_status":"open","ping_status":"closed","sticky":false,"template":"","format":"standard","meta":{"colormag_page_container_layout":"default_layout","colormag_page_sidebar_layout":"default_layout","_uag_custom_page_level_css":"","footnotes":""},"categories":[16454],"tags":[17672,11949,17671,233,2735],"class_list":["post-114478","post","type-post","status-publish","format-standard","has-post-thumbnail","hentry","category-venezuela","tag-fan","tag-juan-guaido","tag-militares-venezolanos","tag-nacionales","tag-vladimir-padrino-lopez"],"yoast_head":"<!-- This site is optimized with the Yoast SEO plugin v27.4 - https:\/\/yoast.com\/product\/yoast-seo-wordpress\/ -->\n<title>Juan Guaid\u00f3 recibe respaldo de militares institucionales como comandante en jefe de la FAN<\/title>\n<meta name=\"description\" content=\"Venezuela\" \/>\n<meta name=\"robots\" content=\"index, follow, max-snippet:-1, max-image-preview:large, max-video-preview:-1\" \/>\n<link rel=\"canonical\" href=\"https:\/\/digital58.com.ve\/site\/2020\/07\/14\/juan-guaido-recibe-respaldo-de-militares-institucionales-como-comandante-en-jefe-de-la-fan\/\" \/>\n<meta property=\"og:locale\" content=\"es_ES\" \/>\n<meta property=\"og:type\" content=\"article\" \/>\n<meta property=\"og:title\" content=\"Juan Guaid\u00f3 recibe respaldo de militares institucionales como comandante en jefe de la FAN\" \/>\n<meta property=\"og:description\" content=\"Venezuela\" \/>\n<meta property=\"og:url\" content=\"https:\/\/digital58.com.ve\/site\/2020\/07\/14\/juan-guaido-recibe-respaldo-de-militares-institucionales-como-comandante-en-jefe-de-la-fan\/\" \/>\n<meta property=\"og:site_name\" content=\"Noticias Digital58\" \/>\n<meta property=\"article:published_time\" content=\"2020-07-14T14:06:48+00:00\" \/>\n<meta property=\"og:image\" content=\"https:\/\/digital58.com.ve\/site\/wp-content\/uploads\/2020\/07\/guaido-3.jpg\" \/>\n\t<meta property=\"og:image:width\" content=\"560\" \/>\n\t<meta property=\"og:image:height\" content=\"543\" \/>\n\t<meta property=\"og:image:type\" content=\"image\/jpeg\" \/>\n<meta name=\"author\" content=\"Molero Luis\" \/>\n<meta name=\"twitter:card\" content=\"summary_large_image\" \/>\n<meta name=\"twitter:creator\" content=\"@Digital_58\" \/>\n<meta name=\"twitter:site\" content=\"@villasmilhfoto\" \/>\n<meta name=\"twitter:label1\" content=\"Escrito por\" \/>\n\t<meta name=\"twitter:data1\" content=\"Molero Luis\" \/>\n\t<meta name=\"twitter:label2\" content=\"Tiempo estimado de lectura\" \/>\n\t<meta name=\"twitter:data2\" content=\"3 minutos\" \/>\n<script type=\"application\/ld+json\" class=\"yoast-schema-graph\">{\"@context\":\"https:\\\/\\\/schema.org\",\"@graph\":[{\"@type\":\"Article\",\"@id\":\"https:\\\/\\\/digital58.com.ve\\\/site\\\/2020\\\/07\\\/14\\\/juan-guaido-recibe-respaldo-de-militares-institucionales-como-comandante-en-jefe-de-la-fan\\\/#article\",\"isPartOf\":{\"@id\":\"https:\\\/\\\/digital58.com.ve\\\/site\\\/2020\\\/07\\\/14\\\/juan-guaido-recibe-respaldo-de-militares-institucionales-como-comandante-en-jefe-de-la-fan\\\/\"},\"author\":{\"name\":\"Molero Luis\",\"@id\":\"https:\\\/\\\/digital58.com.ve\\\/site\\\/#\\\/schema\\\/person\\\/c61667ce6845137620ee3f0aaabade17\"},\"headline\":\"Juan Guaid\u00f3 recibe respaldo de militares institucionales como comandante en jefe de la FAN\",\"datePublished\":\"2020-07-14T14:06:48+00:00\",\"mainEntityOfPage\":{\"@id\":\"https:\\\/\\\/digital58.com.ve\\\/site\\\/2020\\\/07\\\/14\\\/juan-guaido-recibe-respaldo-de-militares-institucionales-como-comandante-en-jefe-de-la-fan\\\/\"},\"wordCount\":648,\"commentCount\":0,\"publisher\":{\"@id\":\"https:\\\/\\\/digital58.com.ve\\\/site\\\/#\\\/schema\\\/person\\\/64d1c2e4d0d4fd1b849980c4331c2951\"},\"image\":{\"@id\":\"https:\\\/\\\/digital58.com.ve\\\/site\\\/2020\\\/07\\\/14\\\/juan-guaido-recibe-respaldo-de-militares-institucionales-como-comandante-en-jefe-de-la-fan\\\/#primaryimage\"},\"thumbnailUrl\":\"https:\\\/\\\/digital58.com.ve\\\/site\\\/wp-content\\\/uploads\\\/2020\\\/07\\\/guaido-3.jpg\",\"keywords\":[\"FAN\",\"Juan Guaid\u00f3\",\"Militares Venezolanos\",\"Nacionales\",\"Vladimir Padrino L\u00f3pez\"],\"articleSection\":[\"Venezuela\"],\"inLanguage\":\"es\",\"potentialAction\":[{\"@type\":\"CommentAction\",\"name\":\"Comment\",\"target\":[\"https:\\\/\\\/digital58.com.ve\\\/site\\\/2020\\\/07\\\/14\\\/juan-guaido-recibe-respaldo-de-militares-institucionales-como-comandante-en-jefe-de-la-fan\\\/#respond\"]}]},{\"@type\":\"WebPage\",\"@id\":\"https:\\\/\\\/digital58.com.ve\\\/site\\\/2020\\\/07\\\/14\\\/juan-guaido-recibe-respaldo-de-militares-institucionales-como-comandante-en-jefe-de-la-fan\\\/\",\"url\":\"https:\\\/\\\/digital58.com.ve\\\/site\\\/2020\\\/07\\\/14\\\/juan-guaido-recibe-respaldo-de-militares-institucionales-como-comandante-en-jefe-de-la-fan\\\/\",\"name\":\"Juan Guaid\u00f3 recibe respaldo de militares institucionales como comandante en jefe de la FAN\",\"isPartOf\":{\"@id\":\"https:\\\/\\\/digital58.com.ve\\\/site\\\/#website\"},\"primaryImageOfPage\":{\"@id\":\"https:\\\/\\\/digital58.com.ve\\\/site\\\/2020\\\/07\\\/14\\\/juan-guaido-recibe-respaldo-de-militares-institucionales-como-comandante-en-jefe-de-la-fan\\\/#primaryimage\"},\"image\":{\"@id\":\"https:\\\/\\\/digital58.com.ve\\\/site\\\/2020\\\/07\\\/14\\\/juan-guaido-recibe-respaldo-de-militares-institucionales-como-comandante-en-jefe-de-la-fan\\\/#primaryimage\"},\"thumbnailUrl\":\"https:\\\/\\\/digital58.com.ve\\\/site\\\/wp-content\\\/uploads\\\/2020\\\/07\\\/guaido-3.jpg\",\"datePublished\":\"2020-07-14T14:06:48+00:00\",\"description\":\"Venezuela\",\"breadcrumb\":{\"@id\":\"https:\\\/\\\/digital58.com.ve\\\/site\\\/2020\\\/07\\\/14\\\/juan-guaido-recibe-respaldo-de-militares-institucionales-como-comandante-en-jefe-de-la-fan\\\/#breadcrumb\"},\"inLanguage\":\"es\",\"potentialAction\":[{\"@type\":\"ReadAction\",\"target\":[\"https:\\\/\\\/digital58.com.ve\\\/site\\\/2020\\\/07\\\/14\\\/juan-guaido-recibe-respaldo-de-militares-institucionales-como-comandante-en-jefe-de-la-fan\\\/\"]}]},{\"@type\":\"ImageObject\",\"inLanguage\":\"es\",\"@id\":\"https:\\\/\\\/digital58.com.ve\\\/site\\\/2020\\\/07\\\/14\\\/juan-guaido-recibe-respaldo-de-militares-institucionales-como-comandante-en-jefe-de-la-fan\\\/#primaryimage\",\"url\":\"https:\\\/\\\/digital58.com.ve\\\/site\\\/wp-content\\\/uploads\\\/2020\\\/07\\\/guaido-3.jpg\",\"contentUrl\":\"https:\\\/\\\/digital58.com.ve\\\/site\\\/wp-content\\\/uploads\\\/2020\\\/07\\\/guaido-3.jpg\",\"width\":560,\"height\":543},{\"@type\":\"BreadcrumbList\",\"@id\":\"https:\\\/\\\/digital58.com.ve\\\/site\\\/2020\\\/07\\\/14\\\/juan-guaido-recibe-respaldo-de-militares-institucionales-como-comandante-en-jefe-de-la-fan\\\/#breadcrumb\",\"itemListElement\":[{\"@type\":\"ListItem\",\"position\":1,\"name\":\"Home\",\"item\":\"https:\\\/\\\/digital58.com.ve\\\/site\\\/\"},{\"@type\":\"ListItem\",\"position\":2,\"name\":\"Juan Guaid\u00f3 recibe respaldo de militares institucionales como comandante en jefe de la FAN\"}]},{\"@type\":\"WebSite\",\"@id\":\"https:\\\/\\\/digital58.com.ve\\\/site\\\/#website\",\"url\":\"https:\\\/\\\/digital58.com.ve\\\/site\\\/\",\"name\":\"Noticias Digital58\",\"description\":\"Portal de Noticias \u00a1Periodismo web de verdad! Lanzamiento web 22.11.2005 \\\/ Maracaibo, Venezuela\",\"publisher\":{\"@id\":\"https:\\\/\\\/digital58.com.ve\\\/site\\\/#\\\/schema\\\/person\\\/64d1c2e4d0d4fd1b849980c4331c2951\"},\"alternateName\":\"ND58\",\"potentialAction\":[{\"@type\":\"SearchAction\",\"target\":{\"@type\":\"EntryPoint\",\"urlTemplate\":\"https:\\\/\\\/digital58.com.ve\\\/site\\\/?s={search_term_string}\"},\"query-input\":{\"@type\":\"PropertyValueSpecification\",\"valueRequired\":true,\"valueName\":\"search_term_string\"}}],\"inLanguage\":\"es\"},{\"@type\":[\"Person\",\"Organization\"],\"@id\":\"https:\\\/\\\/digital58.com.ve\\\/site\\\/#\\\/schema\\\/person\\\/64d1c2e4d0d4fd1b849980c4331c2951\",\"name\":\"Villasmil Henry\",\"image\":{\"@type\":\"ImageObject\",\"inLanguage\":\"es\",\"@id\":\"https:\\\/\\\/secure.gravatar.com\\\/avatar\\\/bb0c4a2fcb7970138239f7e404ea75757b1b507b28b5ce4c53fbd62d797c5a7c?s=96&d=mm&r=g\",\"url\":\"https:\\\/\\\/secure.gravatar.com\\\/avatar\\\/bb0c4a2fcb7970138239f7e404ea75757b1b507b28b5ce4c53fbd62d797c5a7c?s=96&d=mm&r=g\",\"contentUrl\":\"https:\\\/\\\/secure.gravatar.com\\\/avatar\\\/bb0c4a2fcb7970138239f7e404ea75757b1b507b28b5ce4c53fbd62d797c5a7c?s=96&d=mm&r=g\",\"caption\":\"Villasmil Henry\"},\"logo\":{\"@id\":\"https:\\\/\\\/secure.gravatar.com\\\/avatar\\\/bb0c4a2fcb7970138239f7e404ea75757b1b507b28b5ce4c53fbd62d797c5a7c?s=96&d=mm&r=g\"},\"sameAs\":[\"http:\\\/\\\/www.henryvillasmil.com.ve\",\"https:\\\/\\\/www.instagram.com\\\/villasmilhfoto\\\/\",\"https:\\\/\\\/x.com\\\/https:\\\/\\\/twitter.com\\\/villasmilhfoto\"]},{\"@type\":\"Person\",\"@id\":\"https:\\\/\\\/digital58.com.ve\\\/site\\\/#\\\/schema\\\/person\\\/c61667ce6845137620ee3f0aaabade17\",\"name\":\"Molero Luis\",\"image\":{\"@type\":\"ImageObject\",\"inLanguage\":\"es\",\"@id\":\"https:\\\/\\\/secure.gravatar.com\\\/avatar\\\/bf041ec637e3e7405449807deb2f7cf3d2de7c6fa755dd56e985201de9863f2b?s=96&d=mm&r=g\",\"url\":\"https:\\\/\\\/secure.gravatar.com\\\/avatar\\\/bf041ec637e3e7405449807deb2f7cf3d2de7c6fa755dd56e985201de9863f2b?s=96&d=mm&r=g\",\"contentUrl\":\"https:\\\/\\\/secure.gravatar.com\\\/avatar\\\/bf041ec637e3e7405449807deb2f7cf3d2de7c6fa755dd56e985201de9863f2b?s=96&d=mm&r=g\",\"caption\":\"Molero Luis\"},\"url\":\"https:\\\/\\\/digital58.com.ve\\\/site\\\/author\\\/luismolero\\\/\"}]}<\/script>\n<!-- \/ Yoast SEO plugin. -->","yoast_head_json":{"title":"Juan Guaid\u00f3 recibe respaldo de militares institucionales como comandante en jefe de la FAN","description":"Venezuela","robots":{"index":"index","follow":"follow","max-snippet":"max-snippet:-1","max-image-preview":"max-image-preview:large","max-video-preview":"max-video-preview:-1"},"canonical":"https:\/\/digital58.com.ve\/site\/2020\/07\/14\/juan-guaido-recibe-respaldo-de-militares-institucionales-como-comandante-en-jefe-de-la-fan\/","og_locale":"es_ES","og_type":"article","og_title":"Juan Guaid\u00f3 recibe respaldo de militares institucionales como comandante en jefe de la FAN","og_description":"Venezuela","og_url":"https:\/\/digital58.com.ve\/site\/2020\/07\/14\/juan-guaido-recibe-respaldo-de-militares-institucionales-como-comandante-en-jefe-de-la-fan\/","og_site_name":"Noticias Digital58","article_published_time":"2020-07-14T14:06:48+00:00","og_image":[{"width":560,"height":543,"url":"https:\/\/digital58.com.ve\/site\/wp-content\/uploads\/2020\/07\/guaido-3.jpg","type":"image\/jpeg"}],"author":"Molero Luis","twitter_card":"summary_large_image","twitter_creator":"@Digital_58","twitter_site":"@villasmilhfoto","twitter_misc":{"Escrito por":"Molero Luis","Tiempo estimado de lectura":"3 minutos"},"schema":{"@context":"https:\/\/schema.org","@graph":[{"@type":"Article","@id":"https:\/\/digital58.com.ve\/site\/2020\/07\/14\/juan-guaido-recibe-respaldo-de-militares-institucionales-como-comandante-en-jefe-de-la-fan\/#article","isPartOf":{"@id":"https:\/\/digital58.com.ve\/site\/2020\/07\/14\/juan-guaido-recibe-respaldo-de-militares-institucionales-como-comandante-en-jefe-de-la-fan\/"},"author":{"name":"Molero Luis","@id":"https:\/\/digital58.com.ve\/site\/#\/schema\/person\/c61667ce6845137620ee3f0aaabade17"},"headline":"Juan Guaid\u00f3 recibe respaldo de militares institucionales como comandante en jefe de la FAN","datePublished":"2020-07-14T14:06:48+00:00","mainEntityOfPage":{"@id":"https:\/\/digital58.com.ve\/site\/2020\/07\/14\/juan-guaido-recibe-respaldo-de-militares-institucionales-como-comandante-en-jefe-de-la-fan\/"},"wordCount":648,"commentCount":0,"publisher":{"@id":"https:\/\/digital58.com.ve\/site\/#\/schema\/person\/64d1c2e4d0d4fd1b849980c4331c2951"},"image":{"@id":"https:\/\/digital58.com.ve\/site\/2020\/07\/14\/juan-guaido-recibe-respaldo-de-militares-institucionales-como-comandante-en-jefe-de-la-fan\/#primaryimage"},"thumbnailUrl":"https:\/\/digital58.com.ve\/site\/wp-content\/uploads\/2020\/07\/guaido-3.jpg","keywords":["FAN","Juan Guaid\u00f3","Militares Venezolanos","Nacionales","Vladimir Padrino L\u00f3pez"],"articleSection":["Venezuela"],"inLanguage":"es","potentialAction":[{"@type":"CommentAction","name":"Comment","target":["https:\/\/digital58.com.ve\/site\/2020\/07\/14\/juan-guaido-recibe-respaldo-de-militares-institucionales-como-comandante-en-jefe-de-la-fan\/#respond"]}]},{"@type":"WebPage","@id":"https:\/\/digital58.com.ve\/site\/2020\/07\/14\/juan-guaido-recibe-respaldo-de-militares-institucionales-como-comandante-en-jefe-de-la-fan\/","url":"https:\/\/digital58.com.ve\/site\/2020\/07\/14\/juan-guaido-recibe-respaldo-de-militares-institucionales-como-comandante-en-jefe-de-la-fan\/","name":"Juan Guaid\u00f3 recibe respaldo de militares institucionales como comandante en jefe de la FAN","isPartOf":{"@id":"https:\/\/digital58.com.ve\/site\/#website"},"primaryImageOfPage":{"@id":"https:\/\/digital58.com.ve\/site\/2020\/07\/14\/juan-guaido-recibe-respaldo-de-militares-institucionales-como-comandante-en-jefe-de-la-fan\/#primaryimage"},"image":{"@id":"https:\/\/digital58.com.ve\/site\/2020\/07\/14\/juan-guaido-recibe-respaldo-de-militares-institucionales-como-comandante-en-jefe-de-la-fan\/#primaryimage"},"thumbnailUrl":"https:\/\/digital58.com.ve\/site\/wp-content\/uploads\/2020\/07\/guaido-3.jpg","datePublished":"2020-07-14T14:06:48+00:00","description":"Venezuela","breadcrumb":{"@id":"https:\/\/digital58.com.ve\/site\/2020\/07\/14\/juan-guaido-recibe-respaldo-de-militares-institucionales-como-comandante-en-jefe-de-la-fan\/#breadcrumb"},"inLanguage":"es","potentialAction":[{"@type":"ReadAction","target":["https:\/\/digital58.com.ve\/site\/2020\/07\/14\/juan-guaido-recibe-respaldo-de-militares-institucionales-como-comandante-en-jefe-de-la-fan\/"]}]},{"@type":"ImageObject","inLanguage":"es","@id":"https:\/\/digital58.com.ve\/site\/2020\/07\/14\/juan-guaido-recibe-respaldo-de-militares-institucionales-como-comandante-en-jefe-de-la-fan\/#primaryimage","url":"https:\/\/digital58.com.ve\/site\/wp-content\/uploads\/2020\/07\/guaido-3.jpg","contentUrl":"https:\/\/digital58.com.ve\/site\/wp-content\/uploads\/2020\/07\/guaido-3.jpg","width":560,"height":543},{"@type":"BreadcrumbList","@id":"https:\/\/digital58.com.ve\/site\/2020\/07\/14\/juan-guaido-recibe-respaldo-de-militares-institucionales-como-comandante-en-jefe-de-la-fan\/#breadcrumb","itemListElement":[{"@type":"ListItem","position":1,"name":"Home","item":"https:\/\/digital58.com.ve\/site\/"},{"@type":"ListItem","position":2,"name":"Juan Guaid\u00f3 recibe respaldo de militares institucionales como comandante en jefe de la FAN"}]},{"@type":"WebSite","@id":"https:\/\/digital58.com.ve\/site\/#website","url":"https:\/\/digital58.com.ve\/site\/","name":"Noticias Digital58","description":"Portal de Noticias \u00a1Periodismo web de verdad! Lanzamiento web 22.11.2005 \/ Maracaibo, Venezuela","publisher":{"@id":"https:\/\/digital58.com.ve\/site\/#\/schema\/person\/64d1c2e4d0d4fd1b849980c4331c2951"},"alternateName":"ND58","potentialAction":[{"@type":"SearchAction","target":{"@type":"EntryPoint","urlTemplate":"https:\/\/digital58.com.ve\/site\/?s={search_term_string}"},"query-input":{"@type":"PropertyValueSpecification","valueRequired":true,"valueName":"search_term_string"}}],"inLanguage":"es"},{"@type":["Person","Organization"],"@id":"https:\/\/digital58.com.ve\/site\/#\/schema\/person\/64d1c2e4d0d4fd1b849980c4331c2951","name":"Villasmil Henry","image":{"@type":"ImageObject","inLanguage":"es","@id":"https:\/\/secure.gravatar.com\/avatar\/bb0c4a2fcb7970138239f7e404ea75757b1b507b28b5ce4c53fbd62d797c5a7c?s=96&d=mm&r=g","url":"https:\/\/secure.gravatar.com\/avatar\/bb0c4a2fcb7970138239f7e404ea75757b1b507b28b5ce4c53fbd62d797c5a7c?s=96&d=mm&r=g","contentUrl":"https:\/\/secure.gravatar.com\/avatar\/bb0c4a2fcb7970138239f7e404ea75757b1b507b28b5ce4c53fbd62d797c5a7c?s=96&d=mm&r=g","caption":"Villasmil Henry"},"logo":{"@id":"https:\/\/secure.gravatar.com\/avatar\/bb0c4a2fcb7970138239f7e404ea75757b1b507b28b5ce4c53fbd62d797c5a7c?s=96&d=mm&r=g"},"sameAs":["http:\/\/www.henryvillasmil.com.ve","https:\/\/www.instagram.com\/villasmilhfoto\/","https:\/\/x.com\/https:\/\/twitter.com\/villasmilhfoto"]},{"@type":"Person","@id":"https:\/\/digital58.com.ve\/site\/#\/schema\/person\/c61667ce6845137620ee3f0aaabade17","name":"Molero Luis","image":{"@type":"ImageObject","inLanguage":"es","@id":"https:\/\/secure.gravatar.com\/avatar\/bf041ec637e3e7405449807deb2f7cf3d2de7c6fa755dd56e985201de9863f2b?s=96&d=mm&r=g","url":"https:\/\/secure.gravatar.com\/avatar\/bf041ec637e3e7405449807deb2f7cf3d2de7c6fa755dd56e985201de9863f2b?s=96&d=mm&r=g","contentUrl":"https:\/\/secure.gravatar.com\/avatar\/bf041ec637e3e7405449807deb2f7cf3d2de7c6fa755dd56e985201de9863f2b?s=96&d=mm&r=g","caption":"Molero Luis"},"url":"https:\/\/digital58.com.ve\/site\/author\/luismolero\/"}]}},"uagb_featured_image_src":{"full":["https:\/\/digital58.com.ve\/site\/wp-content\/uploads\/2020\/07\/guaido-3.jpg",560,543,false],"thumbnail":["https:\/\/digital58.com.ve\/site\/wp-content\/uploads\/2020\/07\/guaido-3-150x150.jpg",150,150,true],"medium":["https:\/\/digital58.com.ve\/site\/wp-content\/uploads\/2020\/07\/guaido-3-300x291.jpg",300,291,true],"medium_large":["https:\/\/digital58.com.ve\/site\/wp-content\/uploads\/2020\/07\/guaido-3.jpg",560,543,false],"large":["https:\/\/digital58.com.ve\/site\/wp-content\/uploads\/2020\/07\/guaido-3.jpg",560,543,false],"1536x1536":["https:\/\/digital58.com.ve\/site\/wp-content\/uploads\/2020\/07\/guaido-3.jpg",560,543,false],"2048x2048":["https:\/\/digital58.com.ve\/site\/wp-content\/uploads\/2020\/07\/guaido-3.jpg",560,543,false],"colormag-highlighted-post":["https:\/\/digital58.com.ve\/site\/wp-content\/uploads\/2020\/07\/guaido-3.jpg",281,272,false],"colormag-featured-post-medium":["https:\/\/digital58.com.ve\/site\/wp-content\/uploads\/2020\/07\/guaido-3.jpg",211,205,false],"colormag-featured-post-small":["https:\/\/digital58.com.ve\/site\/wp-content\/uploads\/2020\/07\/guaido-3.jpg",93,90,false],"colormag-featured-image":["https:\/\/digital58.com.ve\/site\/wp-content\/uploads\/2020\/07\/guaido-3.jpg",459,445,false],"colormag-default-news":["https:\/\/digital58.com.ve\/site\/wp-content\/uploads\/2020\/07\/guaido-3.jpg",150,145,false],"colormag-featured-image-large":["https:\/\/digital58.com.ve\/site\/wp-content\/uploads\/2020\/07\/guaido-3.jpg",560,543,false]},"uagb_author_info":{"display_name":"Molero Luis","author_link":"https:\/\/digital58.com.ve\/site\/author\/luismolero\/"},"uagb_comment_info":0,"uagb_excerpt":"Los militares dejaron\u00a0 saber que se subordinan a su comando, para restablecer el orden democr\u00e1tico establecido en la constituci\u00f3n y","_links":{"self":[{"href":"https:\/\/digital58.com.ve\/site\/wp-json\/wp\/v2\/posts\/114478","targetHints":{"allow":["GET"]}}],"collection":[{"href":"https:\/\/digital58.com.ve\/site\/wp-json\/wp\/v2\/posts"}],"about":[{"href":"https:\/\/digital58.com.ve\/site\/wp-json\/wp\/v2\/types\/post"}],"author":[{"embeddable":true,"href":"https:\/\/digital58.com.ve\/site\/wp-json\/wp\/v2\/users\/26"}],"replies":[{"embeddable":true,"href":"https:\/\/digital58.com.ve\/site\/wp-json\/wp\/v2\/comments?post=114478"}],"version-history":[{"count":0,"href":"https:\/\/digital58.com.ve\/site\/wp-json\/wp\/v2\/posts\/114478\/revisions"}],"wp:featuredmedia":[{"embeddable":true,"href":"https:\/\/digital58.com.ve\/site\/wp-json\/wp\/v2\/media\/114480"}],"wp:attachment":[{"href":"https:\/\/digital58.com.ve\/site\/wp-json\/wp\/v2\/media?parent=114478"}],"wp:term":[{"taxonomy":"category","embeddable":true,"href":"https:\/\/digital58.com.ve\/site\/wp-json\/wp\/v2\/categories?post=114478"},{"taxonomy":"post_tag","embeddable":true,"href":"https:\/\/digital58.com.ve\/site\/wp-json\/wp\/v2\/tags?post=114478"}],"curies":[{"name":"wp","href":"https:\/\/api.w.org\/{rel}","templated":true}]}}