{"id":114572,"date":"2020-07-14T15:43:11","date_gmt":"2020-07-14T19:43:11","guid":{"rendered":"https:\/\/digital58.com.ve\/site\/?p=114572"},"modified":"2020-07-14T15:43:11","modified_gmt":"2020-07-14T19:43:11","slug":"ella-es-parita-la-mascota-oficial-de-los-juegos-centroamericanos-y-del-caribe-panama-2022","status":"publish","type":"post","link":"https:\/\/digital58.com.ve\/site\/2020\/07\/14\/ella-es-parita-la-mascota-oficial-de-los-juegos-centroamericanos-y-del-caribe-panama-2022\/","title":{"rendered":"Ella es Parita, la mascota oficial de los Juegos Centroamericanos y del Caribe Panam\u00e1 2022"},"content":{"rendered":"<p><img loading=\"lazy\" decoding=\"async\" class=\"alignnone size-full wp-image-114580\" src=\"https:\/\/digital58.com.ve\/site\/wp-content\/uploads\/2020\/07\/parita.jpg\" alt=\"\" width=\"1000\" height=\"1000\" srcset=\"https:\/\/digital58.com.ve\/site\/wp-content\/uploads\/2020\/07\/parita.jpg 600w, https:\/\/digital58.com.ve\/site\/wp-content\/uploads\/2020\/07\/parita-300x300.jpg 300w, https:\/\/digital58.com.ve\/site\/wp-content\/uploads\/2020\/07\/parita-150x150.jpg 150w, https:\/\/digital58.com.ve\/site\/wp-content\/uploads\/2020\/07\/parita-768x768.jpg 768w\" sizes=\"auto, (max-width: 1000px) 100vw, 1000px\" \/><br \/>\nParita es una rana azul dardo venenoso que fue bautizada en honor al m\u00e1s rico y poderoso de todos los caciques Ng\u00e4be.<\/p>\n<p><strong>Ciudad de Panam\u00e1, Panam\u00e1, 14 de julio de 2020 (ND58<\/strong>). \u00a0Una\u00a0rana azul\u00a0dardo venenoso bautizada como\u00a0Parita\u00a0es la mascota oficial de los\u00a0Juegos Centroamericanos y del Caribe Panam\u00e1 2022,\u00a0luego de que los paname\u00f1os la seleccionaran entre tres finalistas, as\u00ed lo anunci\u00f3 el comit\u00e9 organizador, rese\u00f1aron medios deportivos.<\/p>\n<p>Parita, creaci\u00f3n del dise\u00f1ador paname\u00f1o Guillermo Mann, alcanz\u00f3 7.631 votos, y su nombre fue elegido en honor al m\u00e1s rico y poderoso de todos los caciques Ng\u00e4be.<\/p>\n<p>\u00abEs un homenaje a nuestras tradiciones. Cuenta los relatos de una tierra abundante y un pueblo pr\u00f3spero desde antes de ser colonizado\u00bb, dijo el autor de Parita.<\/p>\n<p>El dise\u00f1o ganador fue escogido entre 20 semifinalistas por un jurado, formado por figuras destacadas del pa\u00eds centroamericano, que al final seleccion\u00f3 a los tres finalistas y al ganador.<\/p>\n<p>Mann, fue premiado con 3.500 d\u00f3lares por ganar el concurso.<\/p>\n<p>Los Juegos Centroamericanos y del Caribe est\u00e1n previstos a darse en Panam\u00e1 del 9 al 24 de junio de 2022.<\/p>\n<p>Panam\u00e1 fue escogida como sede de los 24 Juegos Centroamericanos y del Caribe de 2022 por la Organizaci\u00f3n Deportiva Centroamericana y del Caribe (Odecabe), en asamblea general celebrada en febrero de 2017 en Barranquilla.<\/p>\n<p>Ser\u00e1 la tercera ocasi\u00f3n en que estos juegos se desarrollen en Ciudad de Panam\u00e1, que ya fue sede de estos en 1938 y en 1970.<\/p>\n<p>&nbsp;<\/p><div class=\"umztq69eeae1f76bd8\" ><p style=\"text-align: center;\"><a href=\"https:\/\/t.me\/noticiasdigital58\" target=\"_blank\" rel=\"noopener\"><img class=\"aligncenter size-full wp-image-125363\" src=\"https:\/\/digital58.com.ve\/site\/wp-content\/uploads\/2021\/04\/banner-telegram-web-2021.png\" alt=\"\" width=\"600\" height=\"90\" \/><\/a><\/p><\/div><style type=\"text\/css\">\r\n@media screen and (min-width: 1201px) {\r\n.umztq69eeae1f76bd8 {\r\ndisplay: block;\r\n}\r\n}\r\n@media screen and (min-width: 993px) and (max-width: 1200px) {\r\n.umztq69eeae1f76bd8 {\r\ndisplay: block;\r\n}\r\n}\r\n@media screen and (min-width: 769px) and (max-width: 992px) {\r\n.umztq69eeae1f76bd8 {\r\ndisplay: block;\r\n}\r\n}\r\n@media screen and (min-width: 768px) and (max-width: 768px) {\r\n.umztq69eeae1f76bd8 {\r\ndisplay: block;\r\n}\r\n}\r\n@media screen and (max-width: 767px) {\r\n.umztq69eeae1f76bd8 {\r\ndisplay: block;\r\n}\r\n}\r\n<\/style>\r\n\n<p><strong>Redacci\u00f3n: Ch\u00e1vez, Marian (<\/strong><a href=\"https:\/\/web.telegram.org\/#\/im?p=%40Marianchavez27\"><strong>@Marianchavez27<\/strong><\/a><strong>) \/ VTV<br \/>\nEdici\u00f3n: Villasmil, Henry<br \/>\nGr\u00e1fica: Cortes\u00eda Juegos Centroamericanos y del Caribe<\/strong><\/p>\n<div style=\"margin-top: 0px; margin-bottom: 0px;\" class=\"sharethis-inline-share-buttons\" ><\/div>","protected":false},"excerpt":{"rendered":"<p>Parita es una rana azul dardo venenoso que fue bautizada en honor al m\u00e1s rico y poderoso de todos los<\/p>\n","protected":false},"author":31,"featured_media":114580,"comment_status":"open","ping_status":"closed","sticky":false,"template":"","format":"standard","meta":{"colormag_page_container_layout":"default_layout","colormag_page_sidebar_layout":"default_layout","_uag_custom_page_level_css":"","footnotes":""},"categories":[5402],"tags":[2581,3,8,17707,236],"class_list":["post-114572","post","type-post","status-publish","format-standard","has-post-thumbnail","hentry","category-deportes","tag-atletismo","tag-deportes","tag-internacionales","tag-juegos-centroamericanos-y-del-caribe-panama-2022","tag-panama"],"yoast_head":"<!-- This site is optimized with the Yoast SEO plugin v27.4 - https:\/\/yoast.com\/product\/yoast-seo-wordpress\/ -->\n<title>Ella es Parita, la mascota oficial de los Juegos Centroamericanos y del Caribe Panam\u00e1 2022<\/title>\n<meta name=\"description\" content=\"Deportes\" \/>\n<meta name=\"robots\" content=\"index, follow, max-snippet:-1, max-image-preview:large, max-video-preview:-1\" \/>\n<link rel=\"canonical\" href=\"https:\/\/digital58.com.ve\/site\/2020\/07\/14\/ella-es-parita-la-mascota-oficial-de-los-juegos-centroamericanos-y-del-caribe-panama-2022\/\" \/>\n<meta property=\"og:locale\" content=\"es_ES\" \/>\n<meta property=\"og:type\" content=\"article\" \/>\n<meta property=\"og:title\" content=\"Ella es Parita, la mascota oficial de los Juegos Centroamericanos y del Caribe Panam\u00e1 2022\" \/>\n<meta property=\"og:description\" content=\"Deportes\" \/>\n<meta property=\"og:url\" content=\"https:\/\/digital58.com.ve\/site\/2020\/07\/14\/ella-es-parita-la-mascota-oficial-de-los-juegos-centroamericanos-y-del-caribe-panama-2022\/\" \/>\n<meta property=\"og:site_name\" content=\"Noticias Digital58\" \/>\n<meta property=\"article:published_time\" content=\"2020-07-14T19:43:11+00:00\" \/>\n<meta property=\"og:image\" content=\"https:\/\/digital58.com.ve\/site\/wp-content\/uploads\/2020\/07\/parita.jpg\" \/>\n\t<meta property=\"og:image:width\" content=\"1000\" \/>\n\t<meta property=\"og:image:height\" content=\"1000\" \/>\n\t<meta property=\"og:image:type\" content=\"image\/jpeg\" \/>\n<meta name=\"author\" content=\"Chavez Castro Marian\" \/>\n<meta name=\"twitter:card\" content=\"summary_large_image\" \/>\n<meta name=\"twitter:creator\" content=\"@Digital_58\" \/>\n<meta name=\"twitter:site\" content=\"@villasmilhfoto\" \/>\n<meta name=\"twitter:label1\" content=\"Escrito por\" \/>\n\t<meta name=\"twitter:data1\" content=\"Chavez Castro Marian\" \/>\n\t<meta name=\"twitter:label2\" content=\"Tiempo estimado de lectura\" \/>\n\t<meta name=\"twitter:data2\" content=\"1 minuto\" \/>\n<script type=\"application\/ld+json\" class=\"yoast-schema-graph\">{\"@context\":\"https:\\\/\\\/schema.org\",\"@graph\":[{\"@type\":\"Article\",\"@id\":\"https:\\\/\\\/digital58.com.ve\\\/site\\\/2020\\\/07\\\/14\\\/ella-es-parita-la-mascota-oficial-de-los-juegos-centroamericanos-y-del-caribe-panama-2022\\\/#article\",\"isPartOf\":{\"@id\":\"https:\\\/\\\/digital58.com.ve\\\/site\\\/2020\\\/07\\\/14\\\/ella-es-parita-la-mascota-oficial-de-los-juegos-centroamericanos-y-del-caribe-panama-2022\\\/\"},\"author\":{\"name\":\"Chavez Castro Marian\",\"@id\":\"https:\\\/\\\/digital58.com.ve\\\/site\\\/#\\\/schema\\\/person\\\/9c0f3a88cb18ad2a045bf3b5d13c0a49\"},\"headline\":\"Ella es Parita, la mascota oficial de los Juegos Centroamericanos y del Caribe Panam\u00e1 2022\",\"datePublished\":\"2020-07-14T19:43:11+00:00\",\"mainEntityOfPage\":{\"@id\":\"https:\\\/\\\/digital58.com.ve\\\/site\\\/2020\\\/07\\\/14\\\/ella-es-parita-la-mascota-oficial-de-los-juegos-centroamericanos-y-del-caribe-panama-2022\\\/\"},\"wordCount\":281,\"commentCount\":0,\"publisher\":{\"@id\":\"https:\\\/\\\/digital58.com.ve\\\/site\\\/#\\\/schema\\\/person\\\/64d1c2e4d0d4fd1b849980c4331c2951\"},\"image\":{\"@id\":\"https:\\\/\\\/digital58.com.ve\\\/site\\\/2020\\\/07\\\/14\\\/ella-es-parita-la-mascota-oficial-de-los-juegos-centroamericanos-y-del-caribe-panama-2022\\\/#primaryimage\"},\"thumbnailUrl\":\"https:\\\/\\\/digital58.com.ve\\\/site\\\/wp-content\\\/uploads\\\/2020\\\/07\\\/parita.jpg\",\"keywords\":[\"Atletismo\",\"Deportes\",\"Internacionales\",\"Juegos Centroamericanos y del Caribe Panam\u00e1 2022\",\"Panam\u00e1\"],\"articleSection\":[\"Deportes\"],\"inLanguage\":\"es\",\"potentialAction\":[{\"@type\":\"CommentAction\",\"name\":\"Comment\",\"target\":[\"https:\\\/\\\/digital58.com.ve\\\/site\\\/2020\\\/07\\\/14\\\/ella-es-parita-la-mascota-oficial-de-los-juegos-centroamericanos-y-del-caribe-panama-2022\\\/#respond\"]}]},{\"@type\":\"WebPage\",\"@id\":\"https:\\\/\\\/digital58.com.ve\\\/site\\\/2020\\\/07\\\/14\\\/ella-es-parita-la-mascota-oficial-de-los-juegos-centroamericanos-y-del-caribe-panama-2022\\\/\",\"url\":\"https:\\\/\\\/digital58.com.ve\\\/site\\\/2020\\\/07\\\/14\\\/ella-es-parita-la-mascota-oficial-de-los-juegos-centroamericanos-y-del-caribe-panama-2022\\\/\",\"name\":\"Ella es Parita, la mascota oficial de los Juegos Centroamericanos y del Caribe Panam\u00e1 2022\",\"isPartOf\":{\"@id\":\"https:\\\/\\\/digital58.com.ve\\\/site\\\/#website\"},\"primaryImageOfPage\":{\"@id\":\"https:\\\/\\\/digital58.com.ve\\\/site\\\/2020\\\/07\\\/14\\\/ella-es-parita-la-mascota-oficial-de-los-juegos-centroamericanos-y-del-caribe-panama-2022\\\/#primaryimage\"},\"image\":{\"@id\":\"https:\\\/\\\/digital58.com.ve\\\/site\\\/2020\\\/07\\\/14\\\/ella-es-parita-la-mascota-oficial-de-los-juegos-centroamericanos-y-del-caribe-panama-2022\\\/#primaryimage\"},\"thumbnailUrl\":\"https:\\\/\\\/digital58.com.ve\\\/site\\\/wp-content\\\/uploads\\\/2020\\\/07\\\/parita.jpg\",\"datePublished\":\"2020-07-14T19:43:11+00:00\",\"description\":\"Deportes\",\"breadcrumb\":{\"@id\":\"https:\\\/\\\/digital58.com.ve\\\/site\\\/2020\\\/07\\\/14\\\/ella-es-parita-la-mascota-oficial-de-los-juegos-centroamericanos-y-del-caribe-panama-2022\\\/#breadcrumb\"},\"inLanguage\":\"es\",\"potentialAction\":[{\"@type\":\"ReadAction\",\"target\":[\"https:\\\/\\\/digital58.com.ve\\\/site\\\/2020\\\/07\\\/14\\\/ella-es-parita-la-mascota-oficial-de-los-juegos-centroamericanos-y-del-caribe-panama-2022\\\/\"]}]},{\"@type\":\"ImageObject\",\"inLanguage\":\"es\",\"@id\":\"https:\\\/\\\/digital58.com.ve\\\/site\\\/2020\\\/07\\\/14\\\/ella-es-parita-la-mascota-oficial-de-los-juegos-centroamericanos-y-del-caribe-panama-2022\\\/#primaryimage\",\"url\":\"https:\\\/\\\/digital58.com.ve\\\/site\\\/wp-content\\\/uploads\\\/2020\\\/07\\\/parita.jpg\",\"contentUrl\":\"https:\\\/\\\/digital58.com.ve\\\/site\\\/wp-content\\\/uploads\\\/2020\\\/07\\\/parita.jpg\",\"width\":600,\"height\":600},{\"@type\":\"BreadcrumbList\",\"@id\":\"https:\\\/\\\/digital58.com.ve\\\/site\\\/2020\\\/07\\\/14\\\/ella-es-parita-la-mascota-oficial-de-los-juegos-centroamericanos-y-del-caribe-panama-2022\\\/#breadcrumb\",\"itemListElement\":[{\"@type\":\"ListItem\",\"position\":1,\"name\":\"Home\",\"item\":\"https:\\\/\\\/digital58.com.ve\\\/site\\\/\"},{\"@type\":\"ListItem\",\"position\":2,\"name\":\"Ella es Parita, la mascota oficial de los Juegos Centroamericanos y del Caribe Panam\u00e1 2022\"}]},{\"@type\":\"WebSite\",\"@id\":\"https:\\\/\\\/digital58.com.ve\\\/site\\\/#website\",\"url\":\"https:\\\/\\\/digital58.com.ve\\\/site\\\/\",\"name\":\"Noticias Digital58\",\"description\":\"Portal de Noticias \u00a1Periodismo web de verdad! Lanzamiento web 22.11.2005 \\\/ Maracaibo, Venezuela\",\"publisher\":{\"@id\":\"https:\\\/\\\/digital58.com.ve\\\/site\\\/#\\\/schema\\\/person\\\/64d1c2e4d0d4fd1b849980c4331c2951\"},\"alternateName\":\"ND58\",\"potentialAction\":[{\"@type\":\"SearchAction\",\"target\":{\"@type\":\"EntryPoint\",\"urlTemplate\":\"https:\\\/\\\/digital58.com.ve\\\/site\\\/?s={search_term_string}\"},\"query-input\":{\"@type\":\"PropertyValueSpecification\",\"valueRequired\":true,\"valueName\":\"search_term_string\"}}],\"inLanguage\":\"es\"},{\"@type\":[\"Person\",\"Organization\"],\"@id\":\"https:\\\/\\\/digital58.com.ve\\\/site\\\/#\\\/schema\\\/person\\\/64d1c2e4d0d4fd1b849980c4331c2951\",\"name\":\"Villasmil Henry\",\"image\":{\"@type\":\"ImageObject\",\"inLanguage\":\"es\",\"@id\":\"https:\\\/\\\/secure.gravatar.com\\\/avatar\\\/bb0c4a2fcb7970138239f7e404ea75757b1b507b28b5ce4c53fbd62d797c5a7c?s=96&d=mm&r=g\",\"url\":\"https:\\\/\\\/secure.gravatar.com\\\/avatar\\\/bb0c4a2fcb7970138239f7e404ea75757b1b507b28b5ce4c53fbd62d797c5a7c?s=96&d=mm&r=g\",\"contentUrl\":\"https:\\\/\\\/secure.gravatar.com\\\/avatar\\\/bb0c4a2fcb7970138239f7e404ea75757b1b507b28b5ce4c53fbd62d797c5a7c?s=96&d=mm&r=g\",\"caption\":\"Villasmil Henry\"},\"logo\":{\"@id\":\"https:\\\/\\\/secure.gravatar.com\\\/avatar\\\/bb0c4a2fcb7970138239f7e404ea75757b1b507b28b5ce4c53fbd62d797c5a7c?s=96&d=mm&r=g\"},\"sameAs\":[\"http:\\\/\\\/www.henryvillasmil.com.ve\",\"https:\\\/\\\/www.instagram.com\\\/villasmilhfoto\\\/\",\"https:\\\/\\\/x.com\\\/https:\\\/\\\/twitter.com\\\/villasmilhfoto\"]},{\"@type\":\"Person\",\"@id\":\"https:\\\/\\\/digital58.com.ve\\\/site\\\/#\\\/schema\\\/person\\\/9c0f3a88cb18ad2a045bf3b5d13c0a49\",\"name\":\"Chavez Castro Marian\",\"image\":{\"@type\":\"ImageObject\",\"inLanguage\":\"es\",\"@id\":\"https:\\\/\\\/secure.gravatar.com\\\/avatar\\\/f0d85074342e38d350fb5a6141afb1fb5c0ef9cb2f88442cd5535b1a7fe29dbd?s=96&d=mm&r=g\",\"url\":\"https:\\\/\\\/secure.gravatar.com\\\/avatar\\\/f0d85074342e38d350fb5a6141afb1fb5c0ef9cb2f88442cd5535b1a7fe29dbd?s=96&d=mm&r=g\",\"contentUrl\":\"https:\\\/\\\/secure.gravatar.com\\\/avatar\\\/f0d85074342e38d350fb5a6141afb1fb5c0ef9cb2f88442cd5535b1a7fe29dbd?s=96&d=mm&r=g\",\"caption\":\"Chavez Castro Marian\"},\"url\":\"https:\\\/\\\/digital58.com.ve\\\/site\\\/author\\\/mchavezcastro\\\/\"}]}<\/script>\n<!-- \/ Yoast SEO plugin. -->","yoast_head_json":{"title":"Ella es Parita, la mascota oficial de los Juegos Centroamericanos y del Caribe Panam\u00e1 2022","description":"Deportes","robots":{"index":"index","follow":"follow","max-snippet":"max-snippet:-1","max-image-preview":"max-image-preview:large","max-video-preview":"max-video-preview:-1"},"canonical":"https:\/\/digital58.com.ve\/site\/2020\/07\/14\/ella-es-parita-la-mascota-oficial-de-los-juegos-centroamericanos-y-del-caribe-panama-2022\/","og_locale":"es_ES","og_type":"article","og_title":"Ella es Parita, la mascota oficial de los Juegos Centroamericanos y del Caribe Panam\u00e1 2022","og_description":"Deportes","og_url":"https:\/\/digital58.com.ve\/site\/2020\/07\/14\/ella-es-parita-la-mascota-oficial-de-los-juegos-centroamericanos-y-del-caribe-panama-2022\/","og_site_name":"Noticias Digital58","article_published_time":"2020-07-14T19:43:11+00:00","og_image":[{"width":1000,"height":1000,"url":"https:\/\/digital58.com.ve\/site\/wp-content\/uploads\/2020\/07\/parita.jpg","type":"image\/jpeg"}],"author":"Chavez Castro Marian","twitter_card":"summary_large_image","twitter_creator":"@Digital_58","twitter_site":"@villasmilhfoto","twitter_misc":{"Escrito por":"Chavez Castro Marian","Tiempo estimado de lectura":"1 minuto"},"schema":{"@context":"https:\/\/schema.org","@graph":[{"@type":"Article","@id":"https:\/\/digital58.com.ve\/site\/2020\/07\/14\/ella-es-parita-la-mascota-oficial-de-los-juegos-centroamericanos-y-del-caribe-panama-2022\/#article","isPartOf":{"@id":"https:\/\/digital58.com.ve\/site\/2020\/07\/14\/ella-es-parita-la-mascota-oficial-de-los-juegos-centroamericanos-y-del-caribe-panama-2022\/"},"author":{"name":"Chavez Castro Marian","@id":"https:\/\/digital58.com.ve\/site\/#\/schema\/person\/9c0f3a88cb18ad2a045bf3b5d13c0a49"},"headline":"Ella es Parita, la mascota oficial de los Juegos Centroamericanos y del Caribe Panam\u00e1 2022","datePublished":"2020-07-14T19:43:11+00:00","mainEntityOfPage":{"@id":"https:\/\/digital58.com.ve\/site\/2020\/07\/14\/ella-es-parita-la-mascota-oficial-de-los-juegos-centroamericanos-y-del-caribe-panama-2022\/"},"wordCount":281,"commentCount":0,"publisher":{"@id":"https:\/\/digital58.com.ve\/site\/#\/schema\/person\/64d1c2e4d0d4fd1b849980c4331c2951"},"image":{"@id":"https:\/\/digital58.com.ve\/site\/2020\/07\/14\/ella-es-parita-la-mascota-oficial-de-los-juegos-centroamericanos-y-del-caribe-panama-2022\/#primaryimage"},"thumbnailUrl":"https:\/\/digital58.com.ve\/site\/wp-content\/uploads\/2020\/07\/parita.jpg","keywords":["Atletismo","Deportes","Internacionales","Juegos Centroamericanos y del Caribe Panam\u00e1 2022","Panam\u00e1"],"articleSection":["Deportes"],"inLanguage":"es","potentialAction":[{"@type":"CommentAction","name":"Comment","target":["https:\/\/digital58.com.ve\/site\/2020\/07\/14\/ella-es-parita-la-mascota-oficial-de-los-juegos-centroamericanos-y-del-caribe-panama-2022\/#respond"]}]},{"@type":"WebPage","@id":"https:\/\/digital58.com.ve\/site\/2020\/07\/14\/ella-es-parita-la-mascota-oficial-de-los-juegos-centroamericanos-y-del-caribe-panama-2022\/","url":"https:\/\/digital58.com.ve\/site\/2020\/07\/14\/ella-es-parita-la-mascota-oficial-de-los-juegos-centroamericanos-y-del-caribe-panama-2022\/","name":"Ella es Parita, la mascota oficial de los Juegos Centroamericanos y del Caribe Panam\u00e1 2022","isPartOf":{"@id":"https:\/\/digital58.com.ve\/site\/#website"},"primaryImageOfPage":{"@id":"https:\/\/digital58.com.ve\/site\/2020\/07\/14\/ella-es-parita-la-mascota-oficial-de-los-juegos-centroamericanos-y-del-caribe-panama-2022\/#primaryimage"},"image":{"@id":"https:\/\/digital58.com.ve\/site\/2020\/07\/14\/ella-es-parita-la-mascota-oficial-de-los-juegos-centroamericanos-y-del-caribe-panama-2022\/#primaryimage"},"thumbnailUrl":"https:\/\/digital58.com.ve\/site\/wp-content\/uploads\/2020\/07\/parita.jpg","datePublished":"2020-07-14T19:43:11+00:00","description":"Deportes","breadcrumb":{"@id":"https:\/\/digital58.com.ve\/site\/2020\/07\/14\/ella-es-parita-la-mascota-oficial-de-los-juegos-centroamericanos-y-del-caribe-panama-2022\/#breadcrumb"},"inLanguage":"es","potentialAction":[{"@type":"ReadAction","target":["https:\/\/digital58.com.ve\/site\/2020\/07\/14\/ella-es-parita-la-mascota-oficial-de-los-juegos-centroamericanos-y-del-caribe-panama-2022\/"]}]},{"@type":"ImageObject","inLanguage":"es","@id":"https:\/\/digital58.com.ve\/site\/2020\/07\/14\/ella-es-parita-la-mascota-oficial-de-los-juegos-centroamericanos-y-del-caribe-panama-2022\/#primaryimage","url":"https:\/\/digital58.com.ve\/site\/wp-content\/uploads\/2020\/07\/parita.jpg","contentUrl":"https:\/\/digital58.com.ve\/site\/wp-content\/uploads\/2020\/07\/parita.jpg","width":600,"height":600},{"@type":"BreadcrumbList","@id":"https:\/\/digital58.com.ve\/site\/2020\/07\/14\/ella-es-parita-la-mascota-oficial-de-los-juegos-centroamericanos-y-del-caribe-panama-2022\/#breadcrumb","itemListElement":[{"@type":"ListItem","position":1,"name":"Home","item":"https:\/\/digital58.com.ve\/site\/"},{"@type":"ListItem","position":2,"name":"Ella es Parita, la mascota oficial de los Juegos Centroamericanos y del Caribe Panam\u00e1 2022"}]},{"@type":"WebSite","@id":"https:\/\/digital58.com.ve\/site\/#website","url":"https:\/\/digital58.com.ve\/site\/","name":"Noticias Digital58","description":"Portal de Noticias \u00a1Periodismo web de verdad! Lanzamiento web 22.11.2005 \/ Maracaibo, Venezuela","publisher":{"@id":"https:\/\/digital58.com.ve\/site\/#\/schema\/person\/64d1c2e4d0d4fd1b849980c4331c2951"},"alternateName":"ND58","potentialAction":[{"@type":"SearchAction","target":{"@type":"EntryPoint","urlTemplate":"https:\/\/digital58.com.ve\/site\/?s={search_term_string}"},"query-input":{"@type":"PropertyValueSpecification","valueRequired":true,"valueName":"search_term_string"}}],"inLanguage":"es"},{"@type":["Person","Organization"],"@id":"https:\/\/digital58.com.ve\/site\/#\/schema\/person\/64d1c2e4d0d4fd1b849980c4331c2951","name":"Villasmil Henry","image":{"@type":"ImageObject","inLanguage":"es","@id":"https:\/\/secure.gravatar.com\/avatar\/bb0c4a2fcb7970138239f7e404ea75757b1b507b28b5ce4c53fbd62d797c5a7c?s=96&d=mm&r=g","url":"https:\/\/secure.gravatar.com\/avatar\/bb0c4a2fcb7970138239f7e404ea75757b1b507b28b5ce4c53fbd62d797c5a7c?s=96&d=mm&r=g","contentUrl":"https:\/\/secure.gravatar.com\/avatar\/bb0c4a2fcb7970138239f7e404ea75757b1b507b28b5ce4c53fbd62d797c5a7c?s=96&d=mm&r=g","caption":"Villasmil Henry"},"logo":{"@id":"https:\/\/secure.gravatar.com\/avatar\/bb0c4a2fcb7970138239f7e404ea75757b1b507b28b5ce4c53fbd62d797c5a7c?s=96&d=mm&r=g"},"sameAs":["http:\/\/www.henryvillasmil.com.ve","https:\/\/www.instagram.com\/villasmilhfoto\/","https:\/\/x.com\/https:\/\/twitter.com\/villasmilhfoto"]},{"@type":"Person","@id":"https:\/\/digital58.com.ve\/site\/#\/schema\/person\/9c0f3a88cb18ad2a045bf3b5d13c0a49","name":"Chavez Castro Marian","image":{"@type":"ImageObject","inLanguage":"es","@id":"https:\/\/secure.gravatar.com\/avatar\/f0d85074342e38d350fb5a6141afb1fb5c0ef9cb2f88442cd5535b1a7fe29dbd?s=96&d=mm&r=g","url":"https:\/\/secure.gravatar.com\/avatar\/f0d85074342e38d350fb5a6141afb1fb5c0ef9cb2f88442cd5535b1a7fe29dbd?s=96&d=mm&r=g","contentUrl":"https:\/\/secure.gravatar.com\/avatar\/f0d85074342e38d350fb5a6141afb1fb5c0ef9cb2f88442cd5535b1a7fe29dbd?s=96&d=mm&r=g","caption":"Chavez Castro Marian"},"url":"https:\/\/digital58.com.ve\/site\/author\/mchavezcastro\/"}]}},"uagb_featured_image_src":{"full":["https:\/\/digital58.com.ve\/site\/wp-content\/uploads\/2020\/07\/parita.jpg",600,600,false],"thumbnail":["https:\/\/digital58.com.ve\/site\/wp-content\/uploads\/2020\/07\/parita-150x150.jpg",150,150,true],"medium":["https:\/\/digital58.com.ve\/site\/wp-content\/uploads\/2020\/07\/parita-300x300.jpg",300,300,true],"medium_large":["https:\/\/digital58.com.ve\/site\/wp-content\/uploads\/2020\/07\/parita-768x768.jpg",768,768,true],"large":["https:\/\/digital58.com.ve\/site\/wp-content\/uploads\/2020\/07\/parita.jpg",600,600,false],"1536x1536":["https:\/\/digital58.com.ve\/site\/wp-content\/uploads\/2020\/07\/parita.jpg",600,600,false],"2048x2048":["https:\/\/digital58.com.ve\/site\/wp-content\/uploads\/2020\/07\/parita.jpg",600,600,false],"colormag-highlighted-post":["https:\/\/digital58.com.ve\/site\/wp-content\/uploads\/2020\/07\/parita.jpg",272,272,false],"colormag-featured-post-medium":["https:\/\/digital58.com.ve\/site\/wp-content\/uploads\/2020\/07\/parita.jpg",205,205,false],"colormag-featured-post-small":["https:\/\/digital58.com.ve\/site\/wp-content\/uploads\/2020\/07\/parita.jpg",90,90,false],"colormag-featured-image":["https:\/\/digital58.com.ve\/site\/wp-content\/uploads\/2020\/07\/parita.jpg",445,445,false],"colormag-default-news":["https:\/\/digital58.com.ve\/site\/wp-content\/uploads\/2020\/07\/parita.jpg",150,150,false],"colormag-featured-image-large":["https:\/\/digital58.com.ve\/site\/wp-content\/uploads\/2020\/07\/parita.jpg",600,600,false]},"uagb_author_info":{"display_name":"Chavez Castro Marian","author_link":"https:\/\/digital58.com.ve\/site\/author\/mchavezcastro\/"},"uagb_comment_info":0,"uagb_excerpt":"Parita es una rana azul dardo venenoso que fue bautizada en honor al m\u00e1s rico y poderoso de todos los","_links":{"self":[{"href":"https:\/\/digital58.com.ve\/site\/wp-json\/wp\/v2\/posts\/114572","targetHints":{"allow":["GET"]}}],"collection":[{"href":"https:\/\/digital58.com.ve\/site\/wp-json\/wp\/v2\/posts"}],"about":[{"href":"https:\/\/digital58.com.ve\/site\/wp-json\/wp\/v2\/types\/post"}],"author":[{"embeddable":true,"href":"https:\/\/digital58.com.ve\/site\/wp-json\/wp\/v2\/users\/31"}],"replies":[{"embeddable":true,"href":"https:\/\/digital58.com.ve\/site\/wp-json\/wp\/v2\/comments?post=114572"}],"version-history":[{"count":0,"href":"https:\/\/digital58.com.ve\/site\/wp-json\/wp\/v2\/posts\/114572\/revisions"}],"wp:featuredmedia":[{"embeddable":true,"href":"https:\/\/digital58.com.ve\/site\/wp-json\/wp\/v2\/media\/114580"}],"wp:attachment":[{"href":"https:\/\/digital58.com.ve\/site\/wp-json\/wp\/v2\/media?parent=114572"}],"wp:term":[{"taxonomy":"category","embeddable":true,"href":"https:\/\/digital58.com.ve\/site\/wp-json\/wp\/v2\/categories?post=114572"},{"taxonomy":"post_tag","embeddable":true,"href":"https:\/\/digital58.com.ve\/site\/wp-json\/wp\/v2\/tags?post=114572"}],"curies":[{"name":"wp","href":"https:\/\/api.w.org\/{rel}","templated":true}]}}