{"id":114830,"date":"2020-07-15T13:27:01","date_gmt":"2020-07-15T17:27:01","guid":{"rendered":"https:\/\/digital58.com.ve\/site\/?p=114830"},"modified":"2020-07-15T14:06:30","modified_gmt":"2020-07-15T18:06:30","slug":"comandante-de-la-zodi-zulia-es-recluido-en-el-coromoto-por-problemas-respiratorios","status":"publish","type":"post","link":"https:\/\/digital58.com.ve\/site\/2020\/07\/15\/comandante-de-la-zodi-zulia-es-recluido-en-el-coromoto-por-problemas-respiratorios\/","title":{"rendered":"Comandante de la Zodi Zulia es recluido en el \u00abCoromoto\u00bb por problemas respiratorios"},"content":{"rendered":"<p><img loading=\"lazy\" decoding=\"async\" class=\"alignnone size-full wp-image-114831\" src=\"https:\/\/digital58.com.ve\/site\/wp-content\/uploads\/2020\/07\/urbano.jpg\" alt=\"\" width=\"900\" height=\"600\" srcset=\"https:\/\/digital58.com.ve\/site\/wp-content\/uploads\/2020\/07\/urbano.jpg 800w, https:\/\/digital58.com.ve\/site\/wp-content\/uploads\/2020\/07\/urbano-300x200.jpg 300w, https:\/\/digital58.com.ve\/site\/wp-content\/uploads\/2020\/07\/urbano-768x512.jpg 768w, https:\/\/digital58.com.ve\/site\/wp-content\/uploads\/2020\/07\/urbano-720x480.jpg 720w, https:\/\/digital58.com.ve\/site\/wp-content\/uploads\/2020\/07\/urbano-480x320.jpg 480w\" sizes=\"auto, (max-width: 900px) 100vw, 900px\" \/><\/p>\n<p>Una fuente revel\u00f3 a NOTICIAS DIGITAL 58 que el funcionario present\u00f3 una infecci\u00f3n respiratoria aguda y una neumon\u00eda bilateral aguda.<strong><br \/>\n<\/strong><\/p>\n<p><strong>Maracaibo, Zulia,\u00a0 Venezuela, <\/strong><strong>15 de julio de 2020 (ND58).- <\/strong>Una fuente del Hospital Coromoto de Maracaibo, inform\u00f3 a DIGITAL 58 que este mi\u00e9rcoles el comandante de la Zona Operativa de Defensa Integral (ZODI) No.11 Zulia, G\/D Carlos R\u00edos Urbano, se encuentra convaleciente y estable en la unidad hospitalaria.<\/p>\n<div class=\"im_history_message_wrap\">\n<div class=\"im_message_outer_wrap hasselect\" data-msg-id=\"3851\">\n<div class=\"im_message_wrap clearfix\">\n<div class=\"im_content_message_wrap im_message_in\">\n<div class=\"im_message_body\">\n<div>\n<div class=\"im_message_text\" dir=\"auto\">La fuente explic\u00f3 que R\u00edos se encuentra con un diagn\u00f3stico de infecci\u00f3n respiratoria aguda y una neumon\u00eda bilateral aguda.<\/p>\n<p>La seguridad fue reforzada, el general R\u00edos Urbano se encuentra en una habitaci\u00f3n tipo suite que se encuentra en el referido hospital de la entidad zuliana, y solo es utilizada por Casa Militar o por orden presidencial para alg\u00fan alto funcionario que lo ameriten, tambi\u00e9n fueron ingresados dos militares las unidades de cuidados intensivos (uci) con dificultad respiratoria grave.<\/p><\/div>\n<\/div>\n<\/div>\n<\/div>\n<\/div>\n<\/div>\n<\/div>\n<div class=\"im_history_message_wrap im_grouped\">\n<div class=\"im_message_outer_wrap hasselect\" data-msg-id=\"3852\">\n<div class=\"im_message_wrap clearfix\">\n<div class=\"im_content_message_wrap im_message_in\">\n<div class=\"im_message_body\">\n<div><\/div>\n<\/div>\n<\/div>\n<\/div>\n<\/div>\n<\/div>\n<p>el general R\u00edos asumi\u00f3 el 10 de septiembre 2019 las riendas de la ZODI Zulia. Se sabe que es un combatiente del 4-F y fue comandante de la 42 Brigada de Infanter\u00eda Paracaidista, en Aragua, segundo al mando de la ZODI Carabobo y segundo comandante y jefe del Estado Mayor de la REDI Oriental.<\/p>\n<p>El pasado 11 de julio el ministro de Defensa, Vladimir Padrino L\u00f3pez, inform\u00f3 que 160 efectivos que han estado acompa\u00f1ando a las brigadas casa por casa hab\u00edan dado positivo para el nuevo coronavirus.<\/p>\n<p>En el Zulia, el gobernador Omar Prieto, actualmente, se encuentra en reposo absoluto tras ser diagnosticado con la enfermedad.<\/p><div class=\"mgwaq69edec287b013\" ><p style=\"text-align: center;\"><a href=\"https:\/\/t.me\/noticiasdigital58\" target=\"_blank\" rel=\"noopener\"><img class=\"aligncenter size-full wp-image-125363\" src=\"https:\/\/digital58.com.ve\/site\/wp-content\/uploads\/2021\/04\/banner-telegram-web-2021.png\" alt=\"\" width=\"600\" height=\"90\" \/><\/a><\/p><\/div><style type=\"text\/css\">\r\n@media screen and (min-width: 1201px) {\r\n.mgwaq69edec287b013 {\r\ndisplay: block;\r\n}\r\n}\r\n@media screen and (min-width: 993px) and (max-width: 1200px) {\r\n.mgwaq69edec287b013 {\r\ndisplay: block;\r\n}\r\n}\r\n@media screen and (min-width: 769px) and (max-width: 992px) {\r\n.mgwaq69edec287b013 {\r\ndisplay: block;\r\n}\r\n}\r\n@media screen and (min-width: 768px) and (max-width: 768px) {\r\n.mgwaq69edec287b013 {\r\ndisplay: block;\r\n}\r\n}\r\n@media screen and (max-width: 767px) {\r\n.mgwaq69edec287b013 {\r\ndisplay: block;\r\n}\r\n}\r\n<\/style>\r\n\n<div class=\"im_history_message_wrap im_grouped\">\n<div class=\"im_message_outer_wrap hasselect\" data-msg-id=\"3852\">\n<div class=\"im_message_wrap clearfix\">\n<div class=\"im_content_message_wrap im_message_in\">\n<div class=\"im_message_body\">\n<div>\n<div class=\"im_message_text\" dir=\"auto\"><\/div>\n<\/div>\n<\/div>\n<\/div>\n<\/div>\n<\/div>\n<\/div>\n<p><strong>Redacci\u00f3n: ND58<br \/>\nEdici\u00f3n: Villasmil, Henry<\/strong><strong><br \/>\nGr\u00e1fica: archivo\/@villasmilhfoto<\/strong><\/p>\n<div style=\"margin-top: 0px; margin-bottom: 0px;\" class=\"sharethis-inline-share-buttons\" ><\/div>","protected":false},"excerpt":{"rendered":"<p>Una fuente revel\u00f3 a NOTICIAS DIGITAL 58 que el funcionario present\u00f3 una infecci\u00f3n respiratoria aguda y una neumon\u00eda bilateral aguda.<\/p>\n","protected":false},"author":31,"featured_media":114831,"comment_status":"open","ping_status":"closed","sticky":false,"template":"","format":"standard","meta":{"colormag_page_container_layout":"default_layout","colormag_page_sidebar_layout":"default_layout","_uag_custom_page_level_css":"","footnotes":""},"categories":[14504],"tags":[17775,13648,17774,15949,73,13723,2354,32,761],"class_list":["post-114830","post","type-post","status-publish","format-standard","has-post-thumbnail","hentry","category-zulia","tag-comandante-de-la-zona-operativa-de-defensa-integral-zulia","tag-covid-19","tag-general-carlos-rios-urbano","tag-hospital-coromoto","tag-maracaibo","tag-pandemia","tag-regionales","tag-venezuela","tag-zulia"],"yoast_head":"<!-- This site is optimized with the Yoast SEO plugin v27.4 - https:\/\/yoast.com\/product\/yoast-seo-wordpress\/ -->\n<title>Comandante de la Zodi Zulia es recluido en el \u00abCoromoto\u00bb por problemas respiratorios<\/title>\n<meta name=\"description\" content=\"Zulia\" \/>\n<meta name=\"robots\" content=\"index, follow, max-snippet:-1, max-image-preview:large, max-video-preview:-1\" \/>\n<link rel=\"canonical\" href=\"https:\/\/digital58.com.ve\/site\/2020\/07\/15\/comandante-de-la-zodi-zulia-es-recluido-en-el-coromoto-por-problemas-respiratorios\/\" \/>\n<meta property=\"og:locale\" content=\"es_ES\" \/>\n<meta property=\"og:type\" content=\"article\" \/>\n<meta property=\"og:title\" content=\"Comandante de la Zodi Zulia es recluido en el \u00abCoromoto\u00bb por problemas respiratorios\" \/>\n<meta property=\"og:description\" content=\"Zulia\" \/>\n<meta property=\"og:url\" content=\"https:\/\/digital58.com.ve\/site\/2020\/07\/15\/comandante-de-la-zodi-zulia-es-recluido-en-el-coromoto-por-problemas-respiratorios\/\" \/>\n<meta property=\"og:site_name\" content=\"Noticias Digital58\" \/>\n<meta property=\"article:published_time\" content=\"2020-07-15T17:27:01+00:00\" \/>\n<meta property=\"article:modified_time\" content=\"2020-07-15T18:06:30+00:00\" \/>\n<meta property=\"og:image\" content=\"https:\/\/digital58.com.ve\/site\/wp-content\/uploads\/2020\/07\/urbano.jpg\" \/>\n\t<meta property=\"og:image:width\" content=\"900\" \/>\n\t<meta property=\"og:image:height\" content=\"600\" \/>\n\t<meta property=\"og:image:type\" content=\"image\/jpeg\" \/>\n<meta name=\"author\" content=\"Chavez Castro Marian\" \/>\n<meta name=\"twitter:card\" content=\"summary_large_image\" \/>\n<meta name=\"twitter:creator\" content=\"@Digital_58\" \/>\n<meta name=\"twitter:site\" content=\"@villasmilhfoto\" \/>\n<meta name=\"twitter:label1\" content=\"Escrito por\" \/>\n\t<meta name=\"twitter:data1\" content=\"Chavez Castro Marian\" \/>\n\t<meta name=\"twitter:label2\" content=\"Tiempo estimado de lectura\" \/>\n\t<meta name=\"twitter:data2\" content=\"1 minuto\" \/>\n<script type=\"application\/ld+json\" class=\"yoast-schema-graph\">{\"@context\":\"https:\\\/\\\/schema.org\",\"@graph\":[{\"@type\":\"Article\",\"@id\":\"https:\\\/\\\/digital58.com.ve\\\/site\\\/2020\\\/07\\\/15\\\/comandante-de-la-zodi-zulia-es-recluido-en-el-coromoto-por-problemas-respiratorios\\\/#article\",\"isPartOf\":{\"@id\":\"https:\\\/\\\/digital58.com.ve\\\/site\\\/2020\\\/07\\\/15\\\/comandante-de-la-zodi-zulia-es-recluido-en-el-coromoto-por-problemas-respiratorios\\\/\"},\"author\":{\"name\":\"Chavez Castro Marian\",\"@id\":\"https:\\\/\\\/digital58.com.ve\\\/site\\\/#\\\/schema\\\/person\\\/9c0f3a88cb18ad2a045bf3b5d13c0a49\"},\"headline\":\"Comandante de la Zodi Zulia es recluido en el \u00abCoromoto\u00bb por problemas respiratorios\",\"datePublished\":\"2020-07-15T17:27:01+00:00\",\"dateModified\":\"2020-07-15T18:06:30+00:00\",\"mainEntityOfPage\":{\"@id\":\"https:\\\/\\\/digital58.com.ve\\\/site\\\/2020\\\/07\\\/15\\\/comandante-de-la-zodi-zulia-es-recluido-en-el-coromoto-por-problemas-respiratorios\\\/\"},\"wordCount\":286,\"commentCount\":0,\"publisher\":{\"@id\":\"https:\\\/\\\/digital58.com.ve\\\/site\\\/#\\\/schema\\\/person\\\/64d1c2e4d0d4fd1b849980c4331c2951\"},\"image\":{\"@id\":\"https:\\\/\\\/digital58.com.ve\\\/site\\\/2020\\\/07\\\/15\\\/comandante-de-la-zodi-zulia-es-recluido-en-el-coromoto-por-problemas-respiratorios\\\/#primaryimage\"},\"thumbnailUrl\":\"https:\\\/\\\/digital58.com.ve\\\/site\\\/wp-content\\\/uploads\\\/2020\\\/07\\\/urbano.jpg\",\"keywords\":[\"comandante de la Zona Operativa de Defensa Integral\u00a0 Zulia\",\"COVID-19\",\"general Carlos R\u00edos Urbano\",\"Hospital Coromoto\",\"Maracaibo\",\"Pandemia\",\"Regionales\",\"Venezuela\",\"Zulia\"],\"articleSection\":[\"Zulia\"],\"inLanguage\":\"es\",\"potentialAction\":[{\"@type\":\"CommentAction\",\"name\":\"Comment\",\"target\":[\"https:\\\/\\\/digital58.com.ve\\\/site\\\/2020\\\/07\\\/15\\\/comandante-de-la-zodi-zulia-es-recluido-en-el-coromoto-por-problemas-respiratorios\\\/#respond\"]}]},{\"@type\":\"WebPage\",\"@id\":\"https:\\\/\\\/digital58.com.ve\\\/site\\\/2020\\\/07\\\/15\\\/comandante-de-la-zodi-zulia-es-recluido-en-el-coromoto-por-problemas-respiratorios\\\/\",\"url\":\"https:\\\/\\\/digital58.com.ve\\\/site\\\/2020\\\/07\\\/15\\\/comandante-de-la-zodi-zulia-es-recluido-en-el-coromoto-por-problemas-respiratorios\\\/\",\"name\":\"Comandante de la Zodi Zulia es recluido en el \u00abCoromoto\u00bb por problemas respiratorios\",\"isPartOf\":{\"@id\":\"https:\\\/\\\/digital58.com.ve\\\/site\\\/#website\"},\"primaryImageOfPage\":{\"@id\":\"https:\\\/\\\/digital58.com.ve\\\/site\\\/2020\\\/07\\\/15\\\/comandante-de-la-zodi-zulia-es-recluido-en-el-coromoto-por-problemas-respiratorios\\\/#primaryimage\"},\"image\":{\"@id\":\"https:\\\/\\\/digital58.com.ve\\\/site\\\/2020\\\/07\\\/15\\\/comandante-de-la-zodi-zulia-es-recluido-en-el-coromoto-por-problemas-respiratorios\\\/#primaryimage\"},\"thumbnailUrl\":\"https:\\\/\\\/digital58.com.ve\\\/site\\\/wp-content\\\/uploads\\\/2020\\\/07\\\/urbano.jpg\",\"datePublished\":\"2020-07-15T17:27:01+00:00\",\"dateModified\":\"2020-07-15T18:06:30+00:00\",\"description\":\"Zulia\",\"breadcrumb\":{\"@id\":\"https:\\\/\\\/digital58.com.ve\\\/site\\\/2020\\\/07\\\/15\\\/comandante-de-la-zodi-zulia-es-recluido-en-el-coromoto-por-problemas-respiratorios\\\/#breadcrumb\"},\"inLanguage\":\"es\",\"potentialAction\":[{\"@type\":\"ReadAction\",\"target\":[\"https:\\\/\\\/digital58.com.ve\\\/site\\\/2020\\\/07\\\/15\\\/comandante-de-la-zodi-zulia-es-recluido-en-el-coromoto-por-problemas-respiratorios\\\/\"]}]},{\"@type\":\"ImageObject\",\"inLanguage\":\"es\",\"@id\":\"https:\\\/\\\/digital58.com.ve\\\/site\\\/2020\\\/07\\\/15\\\/comandante-de-la-zodi-zulia-es-recluido-en-el-coromoto-por-problemas-respiratorios\\\/#primaryimage\",\"url\":\"https:\\\/\\\/digital58.com.ve\\\/site\\\/wp-content\\\/uploads\\\/2020\\\/07\\\/urbano.jpg\",\"contentUrl\":\"https:\\\/\\\/digital58.com.ve\\\/site\\\/wp-content\\\/uploads\\\/2020\\\/07\\\/urbano.jpg\",\"width\":800,\"height\":533},{\"@type\":\"BreadcrumbList\",\"@id\":\"https:\\\/\\\/digital58.com.ve\\\/site\\\/2020\\\/07\\\/15\\\/comandante-de-la-zodi-zulia-es-recluido-en-el-coromoto-por-problemas-respiratorios\\\/#breadcrumb\",\"itemListElement\":[{\"@type\":\"ListItem\",\"position\":1,\"name\":\"Home\",\"item\":\"https:\\\/\\\/digital58.com.ve\\\/site\\\/\"},{\"@type\":\"ListItem\",\"position\":2,\"name\":\"Comandante de la Zodi Zulia es recluido en el \u00abCoromoto\u00bb por problemas respiratorios\"}]},{\"@type\":\"WebSite\",\"@id\":\"https:\\\/\\\/digital58.com.ve\\\/site\\\/#website\",\"url\":\"https:\\\/\\\/digital58.com.ve\\\/site\\\/\",\"name\":\"Noticias Digital58\",\"description\":\"Portal de Noticias \u00a1Periodismo web de verdad! Lanzamiento web 22.11.2005 \\\/ Maracaibo, Venezuela\",\"publisher\":{\"@id\":\"https:\\\/\\\/digital58.com.ve\\\/site\\\/#\\\/schema\\\/person\\\/64d1c2e4d0d4fd1b849980c4331c2951\"},\"alternateName\":\"ND58\",\"potentialAction\":[{\"@type\":\"SearchAction\",\"target\":{\"@type\":\"EntryPoint\",\"urlTemplate\":\"https:\\\/\\\/digital58.com.ve\\\/site\\\/?s={search_term_string}\"},\"query-input\":{\"@type\":\"PropertyValueSpecification\",\"valueRequired\":true,\"valueName\":\"search_term_string\"}}],\"inLanguage\":\"es\"},{\"@type\":[\"Person\",\"Organization\"],\"@id\":\"https:\\\/\\\/digital58.com.ve\\\/site\\\/#\\\/schema\\\/person\\\/64d1c2e4d0d4fd1b849980c4331c2951\",\"name\":\"Villasmil Henry\",\"image\":{\"@type\":\"ImageObject\",\"inLanguage\":\"es\",\"@id\":\"https:\\\/\\\/secure.gravatar.com\\\/avatar\\\/bb0c4a2fcb7970138239f7e404ea75757b1b507b28b5ce4c53fbd62d797c5a7c?s=96&d=mm&r=g\",\"url\":\"https:\\\/\\\/secure.gravatar.com\\\/avatar\\\/bb0c4a2fcb7970138239f7e404ea75757b1b507b28b5ce4c53fbd62d797c5a7c?s=96&d=mm&r=g\",\"contentUrl\":\"https:\\\/\\\/secure.gravatar.com\\\/avatar\\\/bb0c4a2fcb7970138239f7e404ea75757b1b507b28b5ce4c53fbd62d797c5a7c?s=96&d=mm&r=g\",\"caption\":\"Villasmil Henry\"},\"logo\":{\"@id\":\"https:\\\/\\\/secure.gravatar.com\\\/avatar\\\/bb0c4a2fcb7970138239f7e404ea75757b1b507b28b5ce4c53fbd62d797c5a7c?s=96&d=mm&r=g\"},\"sameAs\":[\"http:\\\/\\\/www.henryvillasmil.com.ve\",\"https:\\\/\\\/www.instagram.com\\\/villasmilhfoto\\\/\",\"https:\\\/\\\/x.com\\\/https:\\\/\\\/twitter.com\\\/villasmilhfoto\"]},{\"@type\":\"Person\",\"@id\":\"https:\\\/\\\/digital58.com.ve\\\/site\\\/#\\\/schema\\\/person\\\/9c0f3a88cb18ad2a045bf3b5d13c0a49\",\"name\":\"Chavez Castro Marian\",\"image\":{\"@type\":\"ImageObject\",\"inLanguage\":\"es\",\"@id\":\"https:\\\/\\\/secure.gravatar.com\\\/avatar\\\/f0d85074342e38d350fb5a6141afb1fb5c0ef9cb2f88442cd5535b1a7fe29dbd?s=96&d=mm&r=g\",\"url\":\"https:\\\/\\\/secure.gravatar.com\\\/avatar\\\/f0d85074342e38d350fb5a6141afb1fb5c0ef9cb2f88442cd5535b1a7fe29dbd?s=96&d=mm&r=g\",\"contentUrl\":\"https:\\\/\\\/secure.gravatar.com\\\/avatar\\\/f0d85074342e38d350fb5a6141afb1fb5c0ef9cb2f88442cd5535b1a7fe29dbd?s=96&d=mm&r=g\",\"caption\":\"Chavez Castro Marian\"},\"url\":\"https:\\\/\\\/digital58.com.ve\\\/site\\\/author\\\/mchavezcastro\\\/\"}]}<\/script>\n<!-- \/ Yoast SEO plugin. -->","yoast_head_json":{"title":"Comandante de la Zodi Zulia es recluido en el \u00abCoromoto\u00bb por problemas respiratorios","description":"Zulia","robots":{"index":"index","follow":"follow","max-snippet":"max-snippet:-1","max-image-preview":"max-image-preview:large","max-video-preview":"max-video-preview:-1"},"canonical":"https:\/\/digital58.com.ve\/site\/2020\/07\/15\/comandante-de-la-zodi-zulia-es-recluido-en-el-coromoto-por-problemas-respiratorios\/","og_locale":"es_ES","og_type":"article","og_title":"Comandante de la Zodi Zulia es recluido en el \u00abCoromoto\u00bb por problemas respiratorios","og_description":"Zulia","og_url":"https:\/\/digital58.com.ve\/site\/2020\/07\/15\/comandante-de-la-zodi-zulia-es-recluido-en-el-coromoto-por-problemas-respiratorios\/","og_site_name":"Noticias Digital58","article_published_time":"2020-07-15T17:27:01+00:00","article_modified_time":"2020-07-15T18:06:30+00:00","og_image":[{"width":900,"height":600,"url":"https:\/\/digital58.com.ve\/site\/wp-content\/uploads\/2020\/07\/urbano.jpg","type":"image\/jpeg"}],"author":"Chavez Castro Marian","twitter_card":"summary_large_image","twitter_creator":"@Digital_58","twitter_site":"@villasmilhfoto","twitter_misc":{"Escrito por":"Chavez Castro Marian","Tiempo estimado de lectura":"1 minuto"},"schema":{"@context":"https:\/\/schema.org","@graph":[{"@type":"Article","@id":"https:\/\/digital58.com.ve\/site\/2020\/07\/15\/comandante-de-la-zodi-zulia-es-recluido-en-el-coromoto-por-problemas-respiratorios\/#article","isPartOf":{"@id":"https:\/\/digital58.com.ve\/site\/2020\/07\/15\/comandante-de-la-zodi-zulia-es-recluido-en-el-coromoto-por-problemas-respiratorios\/"},"author":{"name":"Chavez Castro Marian","@id":"https:\/\/digital58.com.ve\/site\/#\/schema\/person\/9c0f3a88cb18ad2a045bf3b5d13c0a49"},"headline":"Comandante de la Zodi Zulia es recluido en el \u00abCoromoto\u00bb por problemas respiratorios","datePublished":"2020-07-15T17:27:01+00:00","dateModified":"2020-07-15T18:06:30+00:00","mainEntityOfPage":{"@id":"https:\/\/digital58.com.ve\/site\/2020\/07\/15\/comandante-de-la-zodi-zulia-es-recluido-en-el-coromoto-por-problemas-respiratorios\/"},"wordCount":286,"commentCount":0,"publisher":{"@id":"https:\/\/digital58.com.ve\/site\/#\/schema\/person\/64d1c2e4d0d4fd1b849980c4331c2951"},"image":{"@id":"https:\/\/digital58.com.ve\/site\/2020\/07\/15\/comandante-de-la-zodi-zulia-es-recluido-en-el-coromoto-por-problemas-respiratorios\/#primaryimage"},"thumbnailUrl":"https:\/\/digital58.com.ve\/site\/wp-content\/uploads\/2020\/07\/urbano.jpg","keywords":["comandante de la Zona Operativa de Defensa Integral\u00a0 Zulia","COVID-19","general Carlos R\u00edos Urbano","Hospital Coromoto","Maracaibo","Pandemia","Regionales","Venezuela","Zulia"],"articleSection":["Zulia"],"inLanguage":"es","potentialAction":[{"@type":"CommentAction","name":"Comment","target":["https:\/\/digital58.com.ve\/site\/2020\/07\/15\/comandante-de-la-zodi-zulia-es-recluido-en-el-coromoto-por-problemas-respiratorios\/#respond"]}]},{"@type":"WebPage","@id":"https:\/\/digital58.com.ve\/site\/2020\/07\/15\/comandante-de-la-zodi-zulia-es-recluido-en-el-coromoto-por-problemas-respiratorios\/","url":"https:\/\/digital58.com.ve\/site\/2020\/07\/15\/comandante-de-la-zodi-zulia-es-recluido-en-el-coromoto-por-problemas-respiratorios\/","name":"Comandante de la Zodi Zulia es recluido en el \u00abCoromoto\u00bb por problemas respiratorios","isPartOf":{"@id":"https:\/\/digital58.com.ve\/site\/#website"},"primaryImageOfPage":{"@id":"https:\/\/digital58.com.ve\/site\/2020\/07\/15\/comandante-de-la-zodi-zulia-es-recluido-en-el-coromoto-por-problemas-respiratorios\/#primaryimage"},"image":{"@id":"https:\/\/digital58.com.ve\/site\/2020\/07\/15\/comandante-de-la-zodi-zulia-es-recluido-en-el-coromoto-por-problemas-respiratorios\/#primaryimage"},"thumbnailUrl":"https:\/\/digital58.com.ve\/site\/wp-content\/uploads\/2020\/07\/urbano.jpg","datePublished":"2020-07-15T17:27:01+00:00","dateModified":"2020-07-15T18:06:30+00:00","description":"Zulia","breadcrumb":{"@id":"https:\/\/digital58.com.ve\/site\/2020\/07\/15\/comandante-de-la-zodi-zulia-es-recluido-en-el-coromoto-por-problemas-respiratorios\/#breadcrumb"},"inLanguage":"es","potentialAction":[{"@type":"ReadAction","target":["https:\/\/digital58.com.ve\/site\/2020\/07\/15\/comandante-de-la-zodi-zulia-es-recluido-en-el-coromoto-por-problemas-respiratorios\/"]}]},{"@type":"ImageObject","inLanguage":"es","@id":"https:\/\/digital58.com.ve\/site\/2020\/07\/15\/comandante-de-la-zodi-zulia-es-recluido-en-el-coromoto-por-problemas-respiratorios\/#primaryimage","url":"https:\/\/digital58.com.ve\/site\/wp-content\/uploads\/2020\/07\/urbano.jpg","contentUrl":"https:\/\/digital58.com.ve\/site\/wp-content\/uploads\/2020\/07\/urbano.jpg","width":800,"height":533},{"@type":"BreadcrumbList","@id":"https:\/\/digital58.com.ve\/site\/2020\/07\/15\/comandante-de-la-zodi-zulia-es-recluido-en-el-coromoto-por-problemas-respiratorios\/#breadcrumb","itemListElement":[{"@type":"ListItem","position":1,"name":"Home","item":"https:\/\/digital58.com.ve\/site\/"},{"@type":"ListItem","position":2,"name":"Comandante de la Zodi Zulia es recluido en el \u00abCoromoto\u00bb por problemas respiratorios"}]},{"@type":"WebSite","@id":"https:\/\/digital58.com.ve\/site\/#website","url":"https:\/\/digital58.com.ve\/site\/","name":"Noticias Digital58","description":"Portal de Noticias \u00a1Periodismo web de verdad! Lanzamiento web 22.11.2005 \/ Maracaibo, Venezuela","publisher":{"@id":"https:\/\/digital58.com.ve\/site\/#\/schema\/person\/64d1c2e4d0d4fd1b849980c4331c2951"},"alternateName":"ND58","potentialAction":[{"@type":"SearchAction","target":{"@type":"EntryPoint","urlTemplate":"https:\/\/digital58.com.ve\/site\/?s={search_term_string}"},"query-input":{"@type":"PropertyValueSpecification","valueRequired":true,"valueName":"search_term_string"}}],"inLanguage":"es"},{"@type":["Person","Organization"],"@id":"https:\/\/digital58.com.ve\/site\/#\/schema\/person\/64d1c2e4d0d4fd1b849980c4331c2951","name":"Villasmil Henry","image":{"@type":"ImageObject","inLanguage":"es","@id":"https:\/\/secure.gravatar.com\/avatar\/bb0c4a2fcb7970138239f7e404ea75757b1b507b28b5ce4c53fbd62d797c5a7c?s=96&d=mm&r=g","url":"https:\/\/secure.gravatar.com\/avatar\/bb0c4a2fcb7970138239f7e404ea75757b1b507b28b5ce4c53fbd62d797c5a7c?s=96&d=mm&r=g","contentUrl":"https:\/\/secure.gravatar.com\/avatar\/bb0c4a2fcb7970138239f7e404ea75757b1b507b28b5ce4c53fbd62d797c5a7c?s=96&d=mm&r=g","caption":"Villasmil Henry"},"logo":{"@id":"https:\/\/secure.gravatar.com\/avatar\/bb0c4a2fcb7970138239f7e404ea75757b1b507b28b5ce4c53fbd62d797c5a7c?s=96&d=mm&r=g"},"sameAs":["http:\/\/www.henryvillasmil.com.ve","https:\/\/www.instagram.com\/villasmilhfoto\/","https:\/\/x.com\/https:\/\/twitter.com\/villasmilhfoto"]},{"@type":"Person","@id":"https:\/\/digital58.com.ve\/site\/#\/schema\/person\/9c0f3a88cb18ad2a045bf3b5d13c0a49","name":"Chavez Castro Marian","image":{"@type":"ImageObject","inLanguage":"es","@id":"https:\/\/secure.gravatar.com\/avatar\/f0d85074342e38d350fb5a6141afb1fb5c0ef9cb2f88442cd5535b1a7fe29dbd?s=96&d=mm&r=g","url":"https:\/\/secure.gravatar.com\/avatar\/f0d85074342e38d350fb5a6141afb1fb5c0ef9cb2f88442cd5535b1a7fe29dbd?s=96&d=mm&r=g","contentUrl":"https:\/\/secure.gravatar.com\/avatar\/f0d85074342e38d350fb5a6141afb1fb5c0ef9cb2f88442cd5535b1a7fe29dbd?s=96&d=mm&r=g","caption":"Chavez Castro Marian"},"url":"https:\/\/digital58.com.ve\/site\/author\/mchavezcastro\/"}]}},"uagb_featured_image_src":{"full":["https:\/\/digital58.com.ve\/site\/wp-content\/uploads\/2020\/07\/urbano.jpg",800,533,false],"thumbnail":["https:\/\/digital58.com.ve\/site\/wp-content\/uploads\/2020\/07\/urbano-150x150.jpg",150,150,true],"medium":["https:\/\/digital58.com.ve\/site\/wp-content\/uploads\/2020\/07\/urbano-300x200.jpg",300,200,true],"medium_large":["https:\/\/digital58.com.ve\/site\/wp-content\/uploads\/2020\/07\/urbano-768x512.jpg",768,512,true],"large":["https:\/\/digital58.com.ve\/site\/wp-content\/uploads\/2020\/07\/urbano.jpg",800,533,false],"1536x1536":["https:\/\/digital58.com.ve\/site\/wp-content\/uploads\/2020\/07\/urbano.jpg",800,533,false],"2048x2048":["https:\/\/digital58.com.ve\/site\/wp-content\/uploads\/2020\/07\/urbano.jpg",800,533,false],"colormag-highlighted-post":["https:\/\/digital58.com.ve\/site\/wp-content\/uploads\/2020\/07\/urbano.jpg",392,261,false],"colormag-featured-post-medium":["https:\/\/digital58.com.ve\/site\/wp-content\/uploads\/2020\/07\/urbano.jpg",308,205,false],"colormag-featured-post-small":["https:\/\/digital58.com.ve\/site\/wp-content\/uploads\/2020\/07\/urbano.jpg",130,87,false],"colormag-featured-image":["https:\/\/digital58.com.ve\/site\/wp-content\/uploads\/2020\/07\/urbano.jpg",668,445,false],"colormag-default-news":["https:\/\/digital58.com.ve\/site\/wp-content\/uploads\/2020\/07\/urbano.jpg",150,100,false],"colormag-featured-image-large":["https:\/\/digital58.com.ve\/site\/wp-content\/uploads\/2020\/07\/urbano.jpg",800,533,false]},"uagb_author_info":{"display_name":"Chavez Castro Marian","author_link":"https:\/\/digital58.com.ve\/site\/author\/mchavezcastro\/"},"uagb_comment_info":0,"uagb_excerpt":"Una fuente revel\u00f3 a NOTICIAS DIGITAL 58 que el funcionario present\u00f3 una infecci\u00f3n respiratoria aguda y una neumon\u00eda bilateral aguda.","_links":{"self":[{"href":"https:\/\/digital58.com.ve\/site\/wp-json\/wp\/v2\/posts\/114830","targetHints":{"allow":["GET"]}}],"collection":[{"href":"https:\/\/digital58.com.ve\/site\/wp-json\/wp\/v2\/posts"}],"about":[{"href":"https:\/\/digital58.com.ve\/site\/wp-json\/wp\/v2\/types\/post"}],"author":[{"embeddable":true,"href":"https:\/\/digital58.com.ve\/site\/wp-json\/wp\/v2\/users\/31"}],"replies":[{"embeddable":true,"href":"https:\/\/digital58.com.ve\/site\/wp-json\/wp\/v2\/comments?post=114830"}],"version-history":[{"count":0,"href":"https:\/\/digital58.com.ve\/site\/wp-json\/wp\/v2\/posts\/114830\/revisions"}],"wp:featuredmedia":[{"embeddable":true,"href":"https:\/\/digital58.com.ve\/site\/wp-json\/wp\/v2\/media\/114831"}],"wp:attachment":[{"href":"https:\/\/digital58.com.ve\/site\/wp-json\/wp\/v2\/media?parent=114830"}],"wp:term":[{"taxonomy":"category","embeddable":true,"href":"https:\/\/digital58.com.ve\/site\/wp-json\/wp\/v2\/categories?post=114830"},{"taxonomy":"post_tag","embeddable":true,"href":"https:\/\/digital58.com.ve\/site\/wp-json\/wp\/v2\/tags?post=114830"}],"curies":[{"name":"wp","href":"https:\/\/api.w.org\/{rel}","templated":true}]}}