{"id":115163,"date":"2020-07-16T22:00:44","date_gmt":"2020-07-17T02:00:44","guid":{"rendered":"https:\/\/digital58.com.ve\/site\/?p=115163"},"modified":"2020-07-16T22:00:44","modified_gmt":"2020-07-17T02:00:44","slug":"venezolanos-varados-en-madrid-retornaran-al-pais-en-vuelo-autorizado-por-maduro","status":"publish","type":"post","link":"https:\/\/digital58.com.ve\/site\/2020\/07\/16\/venezolanos-varados-en-madrid-retornaran-al-pais-en-vuelo-autorizado-por-maduro\/","title":{"rendered":"Venezolanos varados en Madrid retornar\u00e1n al pa\u00eds en vuelo autorizado por Maduro"},"content":{"rendered":"<p><img loading=\"lazy\" decoding=\"async\" class=\"aligncenter wp-image-115169\" src=\"https:\/\/digital58.com.ve\/site\/wp-content\/uploads\/2020\/07\/Vuelo-Venezolanos-Espa\u00f1a-300x165.jpg\" alt=\"\" width=\"600\" height=\"330\" srcset=\"https:\/\/digital58.com.ve\/site\/wp-content\/uploads\/2020\/07\/Vuelo-Venezolanos-Espa\u00f1a-300x165.jpg 300w, https:\/\/digital58.com.ve\/site\/wp-content\/uploads\/2020\/07\/Vuelo-Venezolanos-Espa\u00f1a-768x422.jpg 768w, https:\/\/digital58.com.ve\/site\/wp-content\/uploads\/2020\/07\/Vuelo-Venezolanos-Espa\u00f1a.jpg 800w\" sizes=\"auto, (max-width: 600px) 100vw, 600px\" \/><\/p>\n<p>Los connacionales, detenidos en Espa\u00f1a debido a la pandemia del COVID-19, deber\u00e1n cumplir con una serie de requisitos para ser retornados el 21 de a Venezuela.<\/p>\n<p><strong>Caracas, Venezuela, 16 de julio de 2020 (ND58).-\u00a0<\/strong>El gobierno de Nicol\u00e1s Maduro autoriz\u00f3 el retorno de los venezolanos varados en Madrid, Espa\u00f1a, a trav\u00e9s de un vuelo de la aerol\u00ednea espa\u00f1ola Plus Ultra.<\/p>\n<p><a href=\"https:\/\/digital58.com.ve\/site\/2020\/07\/14\/venezolanos-varados-en-espana-nosotros-no-somos-migrantes-somos-turistas-y-queremos-regresar-a-venezuela\/\" target=\"_blank\" rel=\"noopener noreferrer\">Cientos de venezolanos quedaron varados en Espa\u00f1a<\/a>, luego de que se anunciara el cierre de fronteras y se suspendieran vuelos desde y hacia el territorio nacional, como medida para afrontar la pandemia del COVID-19.<\/p>\n<p>El vuelo fue autorizado para el pr\u00f3ximo martes 21 de julio. Los connacionales que desean retornar al pa\u00eds deber\u00e1n cumplir con una serie de requisitos impuestos por la embajada venezolana en Madrid.<\/p>\n<p>Uno de los requisitos es haberse registrado en alguna de las sedes consulares de Venezuela en territorio espa\u00f1ol (Madrid, Barcelona, Vigo, Tenerife y Bilbao) antes del pasado 14 de julio.<\/p>\n<p>Tambi\u00e9n deber\u00e1n presentar una prueba PCR con resultado negativo, realizada con menos de 48 horas antes del vuelo. Los resultados de la prueba, deben ser enviados al correo electr\u00f3nico movilidadturistas2020@gmail.com y presentarse f\u00edsicamente al abordar el vuelo.<\/p>\n<p>Los venezolanos, deben rellenar una ficha de control <a href=\"https:\/\/eu.jotform.com\/assign\/201955572415053\/eE03TjZ5QVZHYnpHRWIxQWJaZFRNR2lzYkplcHYyRWtROHZGQ1FMaDB5eC9kTE1BVy90SmpJckN4VHpzY2JiRlB0KzA4RE84VWNkWFVyWCtWaU96SHc9PQ==\">epidemiol\u00f3gico en l\u00ednea<\/a>. Por otra parte, aquellos ciudadanos que tenga vencido su pasaporte, deben tramitar una carta de viaje, ante la sede consular se la entidad en la que se encuentre, contactando antes a los siguientes correos electr\u00f3nicos:<\/p>\n<ul>\n<li>Madrid:\u00a0retorno@consuladodevenezuelaenmadrid.com<\/li>\n<li>Bilbao:\u00a0consulrbvzla2050@gmail.com<\/li>\n<li>Barcelona:\u00a0contacto@consuladobarcelona.gob.ve<\/li>\n<li>Vigo:\u00a0consuladodevenezuelaenvigo@gmail.com<\/li>\n<li>Tenerife:\u00a0conve.canarias@mppre.gob.ve<\/li>\n<\/ul>\n<p>La agencia Summerwind se encargar\u00e1 de la venta de los boletos, que ser\u00e1n vendidos seg\u00fan las condiciones que dicte la aerol\u00ednea.<\/p>\n<p>Esta es la primera informaci\u00f3n que reciben los cientos de venezolanos, varados en territorio espa\u00f1ol, desde que inici\u00f3 la pandemia.<\/p><div class=\"sjcvc69ef2bfc67ade\" ><p style=\"text-align: center;\"><a href=\"https:\/\/t.me\/noticiasdigital58\" target=\"_blank\" rel=\"noopener\"><img class=\"aligncenter size-full wp-image-125363\" src=\"https:\/\/digital58.com.ve\/site\/wp-content\/uploads\/2021\/04\/banner-telegram-web-2021.png\" alt=\"\" width=\"600\" height=\"90\" \/><\/a><\/p><\/div><style type=\"text\/css\">\r\n@media screen and (min-width: 1201px) {\r\n.sjcvc69ef2bfc67ade {\r\ndisplay: block;\r\n}\r\n}\r\n@media screen and (min-width: 993px) and (max-width: 1200px) {\r\n.sjcvc69ef2bfc67ade {\r\ndisplay: block;\r\n}\r\n}\r\n@media screen and (min-width: 769px) and (max-width: 992px) {\r\n.sjcvc69ef2bfc67ade {\r\ndisplay: block;\r\n}\r\n}\r\n@media screen and (min-width: 768px) and (max-width: 768px) {\r\n.sjcvc69ef2bfc67ade {\r\ndisplay: block;\r\n}\r\n}\r\n@media screen and (max-width: 767px) {\r\n.sjcvc69ef2bfc67ade {\r\ndisplay: block;\r\n}\r\n}\r\n<\/style>\r\n\n<p><strong>Redacci\u00f3n: Morales, Joel (@joeldmc32) | Fuente: Agencias<br \/>\nEdici\u00f3n: Villasmil, Henry<br \/>\nGr\u00e1fica: Cortes\u00eda<\/strong><\/p>\n<div style=\"margin-top: 0px; margin-bottom: 0px;\" class=\"sharethis-inline-share-buttons\" ><\/div>","protected":false},"excerpt":{"rendered":"<p>Los connacionales, detenidos en Espa\u00f1a debido a la pandemia del COVID-19, deber\u00e1n cumplir con una serie de requisitos para ser<\/p>\n","protected":false},"author":29,"featured_media":115169,"comment_status":"open","ping_status":"closed","sticky":false,"template":"","format":"standard","meta":{"colormag_page_container_layout":"default_layout","colormag_page_sidebar_layout":"default_layout","_uag_custom_page_level_css":"","footnotes":""},"categories":[16454],"tags":[17690,13648,115,1818,8,233,13723,32,17868],"class_list":["post-115163","post","type-post","status-publish","format-standard","has-post-thumbnail","hentry","category-venezuela","tag-aeropuerto-de-barajas","tag-covid-19","tag-espana","tag-gobierno-nacional","tag-internacionales","tag-nacionales","tag-pandemia","tag-venezuela","tag-vuelo-internacional"],"yoast_head":"<!-- This site is optimized with the Yoast SEO plugin v27.4 - https:\/\/yoast.com\/product\/yoast-seo-wordpress\/ -->\n<title>Venezolanos varados en Madrid retornar\u00e1n al pa\u00eds en vuelo autorizado por Maduro<\/title>\n<meta name=\"description\" content=\"Venezuela\" \/>\n<meta name=\"robots\" content=\"index, follow, max-snippet:-1, max-image-preview:large, max-video-preview:-1\" \/>\n<link rel=\"canonical\" href=\"https:\/\/digital58.com.ve\/site\/2020\/07\/16\/venezolanos-varados-en-madrid-retornaran-al-pais-en-vuelo-autorizado-por-maduro\/\" \/>\n<meta property=\"og:locale\" content=\"es_ES\" \/>\n<meta property=\"og:type\" content=\"article\" \/>\n<meta property=\"og:title\" content=\"Venezolanos varados en Madrid retornar\u00e1n al pa\u00eds en vuelo autorizado por Maduro\" \/>\n<meta property=\"og:description\" content=\"Venezuela\" \/>\n<meta property=\"og:url\" content=\"https:\/\/digital58.com.ve\/site\/2020\/07\/16\/venezolanos-varados-en-madrid-retornaran-al-pais-en-vuelo-autorizado-por-maduro\/\" \/>\n<meta property=\"og:site_name\" content=\"Noticias Digital58\" \/>\n<meta property=\"article:published_time\" content=\"2020-07-17T02:00:44+00:00\" \/>\n<meta property=\"og:image\" content=\"https:\/\/digital58.com.ve\/site\/wp-content\/uploads\/2020\/07\/Vuelo-Venezolanos-Espa\u00f1a.jpg\" \/>\n\t<meta property=\"og:image:width\" content=\"900\" \/>\n\t<meta property=\"og:image:height\" content=\"495\" \/>\n\t<meta property=\"og:image:type\" content=\"image\/jpeg\" \/>\n<meta name=\"author\" content=\"Morales Joel\" \/>\n<meta name=\"twitter:card\" content=\"summary_large_image\" \/>\n<meta name=\"twitter:creator\" content=\"@Digital_58\" \/>\n<meta name=\"twitter:site\" content=\"@villasmilhfoto\" \/>\n<meta name=\"twitter:label1\" content=\"Escrito por\" \/>\n\t<meta name=\"twitter:data1\" content=\"Morales Joel\" \/>\n\t<meta name=\"twitter:label2\" content=\"Tiempo estimado de lectura\" \/>\n\t<meta name=\"twitter:data2\" content=\"2 minutos\" \/>\n<script type=\"application\/ld+json\" class=\"yoast-schema-graph\">{\"@context\":\"https:\\\/\\\/schema.org\",\"@graph\":[{\"@type\":\"Article\",\"@id\":\"https:\\\/\\\/digital58.com.ve\\\/site\\\/2020\\\/07\\\/16\\\/venezolanos-varados-en-madrid-retornaran-al-pais-en-vuelo-autorizado-por-maduro\\\/#article\",\"isPartOf\":{\"@id\":\"https:\\\/\\\/digital58.com.ve\\\/site\\\/2020\\\/07\\\/16\\\/venezolanos-varados-en-madrid-retornaran-al-pais-en-vuelo-autorizado-por-maduro\\\/\"},\"author\":{\"name\":\"Morales Joel\",\"@id\":\"https:\\\/\\\/digital58.com.ve\\\/site\\\/#\\\/schema\\\/person\\\/8daf5f8bfd9ebdb98150c62bff195b72\"},\"headline\":\"Venezolanos varados en Madrid retornar\u00e1n al pa\u00eds en vuelo autorizado por Maduro\",\"datePublished\":\"2020-07-17T02:00:44+00:00\",\"mainEntityOfPage\":{\"@id\":\"https:\\\/\\\/digital58.com.ve\\\/site\\\/2020\\\/07\\\/16\\\/venezolanos-varados-en-madrid-retornaran-al-pais-en-vuelo-autorizado-por-maduro\\\/\"},\"wordCount\":353,\"commentCount\":0,\"publisher\":{\"@id\":\"https:\\\/\\\/digital58.com.ve\\\/site\\\/#\\\/schema\\\/person\\\/64d1c2e4d0d4fd1b849980c4331c2951\"},\"image\":{\"@id\":\"https:\\\/\\\/digital58.com.ve\\\/site\\\/2020\\\/07\\\/16\\\/venezolanos-varados-en-madrid-retornaran-al-pais-en-vuelo-autorizado-por-maduro\\\/#primaryimage\"},\"thumbnailUrl\":\"https:\\\/\\\/digital58.com.ve\\\/site\\\/wp-content\\\/uploads\\\/2020\\\/07\\\/Vuelo-Venezolanos-Espa\u00f1a.jpg\",\"keywords\":[\"Aeropuerto de Barajas\",\"COVID-19\",\"Espa\u00f1a\",\"Gobierno Nacional\",\"Internacionales\",\"Nacionales\",\"Pandemia\",\"Venezuela\",\"Vuelo Internacional\"],\"articleSection\":[\"Venezuela\"],\"inLanguage\":\"es\",\"potentialAction\":[{\"@type\":\"CommentAction\",\"name\":\"Comment\",\"target\":[\"https:\\\/\\\/digital58.com.ve\\\/site\\\/2020\\\/07\\\/16\\\/venezolanos-varados-en-madrid-retornaran-al-pais-en-vuelo-autorizado-por-maduro\\\/#respond\"]}]},{\"@type\":\"WebPage\",\"@id\":\"https:\\\/\\\/digital58.com.ve\\\/site\\\/2020\\\/07\\\/16\\\/venezolanos-varados-en-madrid-retornaran-al-pais-en-vuelo-autorizado-por-maduro\\\/\",\"url\":\"https:\\\/\\\/digital58.com.ve\\\/site\\\/2020\\\/07\\\/16\\\/venezolanos-varados-en-madrid-retornaran-al-pais-en-vuelo-autorizado-por-maduro\\\/\",\"name\":\"Venezolanos varados en Madrid retornar\u00e1n al pa\u00eds en vuelo autorizado por Maduro\",\"isPartOf\":{\"@id\":\"https:\\\/\\\/digital58.com.ve\\\/site\\\/#website\"},\"primaryImageOfPage\":{\"@id\":\"https:\\\/\\\/digital58.com.ve\\\/site\\\/2020\\\/07\\\/16\\\/venezolanos-varados-en-madrid-retornaran-al-pais-en-vuelo-autorizado-por-maduro\\\/#primaryimage\"},\"image\":{\"@id\":\"https:\\\/\\\/digital58.com.ve\\\/site\\\/2020\\\/07\\\/16\\\/venezolanos-varados-en-madrid-retornaran-al-pais-en-vuelo-autorizado-por-maduro\\\/#primaryimage\"},\"thumbnailUrl\":\"https:\\\/\\\/digital58.com.ve\\\/site\\\/wp-content\\\/uploads\\\/2020\\\/07\\\/Vuelo-Venezolanos-Espa\u00f1a.jpg\",\"datePublished\":\"2020-07-17T02:00:44+00:00\",\"description\":\"Venezuela\",\"breadcrumb\":{\"@id\":\"https:\\\/\\\/digital58.com.ve\\\/site\\\/2020\\\/07\\\/16\\\/venezolanos-varados-en-madrid-retornaran-al-pais-en-vuelo-autorizado-por-maduro\\\/#breadcrumb\"},\"inLanguage\":\"es\",\"potentialAction\":[{\"@type\":\"ReadAction\",\"target\":[\"https:\\\/\\\/digital58.com.ve\\\/site\\\/2020\\\/07\\\/16\\\/venezolanos-varados-en-madrid-retornaran-al-pais-en-vuelo-autorizado-por-maduro\\\/\"]}]},{\"@type\":\"ImageObject\",\"inLanguage\":\"es\",\"@id\":\"https:\\\/\\\/digital58.com.ve\\\/site\\\/2020\\\/07\\\/16\\\/venezolanos-varados-en-madrid-retornaran-al-pais-en-vuelo-autorizado-por-maduro\\\/#primaryimage\",\"url\":\"https:\\\/\\\/digital58.com.ve\\\/site\\\/wp-content\\\/uploads\\\/2020\\\/07\\\/Vuelo-Venezolanos-Espa\u00f1a.jpg\",\"contentUrl\":\"https:\\\/\\\/digital58.com.ve\\\/site\\\/wp-content\\\/uploads\\\/2020\\\/07\\\/Vuelo-Venezolanos-Espa\u00f1a.jpg\",\"width\":800,\"height\":440},{\"@type\":\"BreadcrumbList\",\"@id\":\"https:\\\/\\\/digital58.com.ve\\\/site\\\/2020\\\/07\\\/16\\\/venezolanos-varados-en-madrid-retornaran-al-pais-en-vuelo-autorizado-por-maduro\\\/#breadcrumb\",\"itemListElement\":[{\"@type\":\"ListItem\",\"position\":1,\"name\":\"Home\",\"item\":\"https:\\\/\\\/digital58.com.ve\\\/site\\\/\"},{\"@type\":\"ListItem\",\"position\":2,\"name\":\"Venezolanos varados en Madrid retornar\u00e1n al pa\u00eds en vuelo autorizado por Maduro\"}]},{\"@type\":\"WebSite\",\"@id\":\"https:\\\/\\\/digital58.com.ve\\\/site\\\/#website\",\"url\":\"https:\\\/\\\/digital58.com.ve\\\/site\\\/\",\"name\":\"Noticias Digital58\",\"description\":\"Portal de Noticias \u00a1Periodismo web de verdad! Lanzamiento web 22.11.2005 \\\/ Maracaibo, Venezuela\",\"publisher\":{\"@id\":\"https:\\\/\\\/digital58.com.ve\\\/site\\\/#\\\/schema\\\/person\\\/64d1c2e4d0d4fd1b849980c4331c2951\"},\"alternateName\":\"ND58\",\"potentialAction\":[{\"@type\":\"SearchAction\",\"target\":{\"@type\":\"EntryPoint\",\"urlTemplate\":\"https:\\\/\\\/digital58.com.ve\\\/site\\\/?s={search_term_string}\"},\"query-input\":{\"@type\":\"PropertyValueSpecification\",\"valueRequired\":true,\"valueName\":\"search_term_string\"}}],\"inLanguage\":\"es\"},{\"@type\":[\"Person\",\"Organization\"],\"@id\":\"https:\\\/\\\/digital58.com.ve\\\/site\\\/#\\\/schema\\\/person\\\/64d1c2e4d0d4fd1b849980c4331c2951\",\"name\":\"Villasmil Henry\",\"image\":{\"@type\":\"ImageObject\",\"inLanguage\":\"es\",\"@id\":\"https:\\\/\\\/secure.gravatar.com\\\/avatar\\\/bb0c4a2fcb7970138239f7e404ea75757b1b507b28b5ce4c53fbd62d797c5a7c?s=96&d=mm&r=g\",\"url\":\"https:\\\/\\\/secure.gravatar.com\\\/avatar\\\/bb0c4a2fcb7970138239f7e404ea75757b1b507b28b5ce4c53fbd62d797c5a7c?s=96&d=mm&r=g\",\"contentUrl\":\"https:\\\/\\\/secure.gravatar.com\\\/avatar\\\/bb0c4a2fcb7970138239f7e404ea75757b1b507b28b5ce4c53fbd62d797c5a7c?s=96&d=mm&r=g\",\"caption\":\"Villasmil Henry\"},\"logo\":{\"@id\":\"https:\\\/\\\/secure.gravatar.com\\\/avatar\\\/bb0c4a2fcb7970138239f7e404ea75757b1b507b28b5ce4c53fbd62d797c5a7c?s=96&d=mm&r=g\"},\"sameAs\":[\"http:\\\/\\\/www.henryvillasmil.com.ve\",\"https:\\\/\\\/www.instagram.com\\\/villasmilhfoto\\\/\",\"https:\\\/\\\/x.com\\\/https:\\\/\\\/twitter.com\\\/villasmilhfoto\"]},{\"@type\":\"Person\",\"@id\":\"https:\\\/\\\/digital58.com.ve\\\/site\\\/#\\\/schema\\\/person\\\/8daf5f8bfd9ebdb98150c62bff195b72\",\"name\":\"Morales Joel\",\"image\":{\"@type\":\"ImageObject\",\"inLanguage\":\"es\",\"@id\":\"https:\\\/\\\/secure.gravatar.com\\\/avatar\\\/e2cb5ce0e9279ab3c8e03d472e483f32e666716a18da3bfa7b0749a5465409f1?s=96&d=mm&r=g\",\"url\":\"https:\\\/\\\/secure.gravatar.com\\\/avatar\\\/e2cb5ce0e9279ab3c8e03d472e483f32e666716a18da3bfa7b0749a5465409f1?s=96&d=mm&r=g\",\"contentUrl\":\"https:\\\/\\\/secure.gravatar.com\\\/avatar\\\/e2cb5ce0e9279ab3c8e03d472e483f32e666716a18da3bfa7b0749a5465409f1?s=96&d=mm&r=g\",\"caption\":\"Morales Joel\"},\"url\":\"https:\\\/\\\/digital58.com.ve\\\/site\\\/author\\\/joelm\\\/\"}]}<\/script>\n<!-- \/ Yoast SEO plugin. -->","yoast_head_json":{"title":"Venezolanos varados en Madrid retornar\u00e1n al pa\u00eds en vuelo autorizado por Maduro","description":"Venezuela","robots":{"index":"index","follow":"follow","max-snippet":"max-snippet:-1","max-image-preview":"max-image-preview:large","max-video-preview":"max-video-preview:-1"},"canonical":"https:\/\/digital58.com.ve\/site\/2020\/07\/16\/venezolanos-varados-en-madrid-retornaran-al-pais-en-vuelo-autorizado-por-maduro\/","og_locale":"es_ES","og_type":"article","og_title":"Venezolanos varados en Madrid retornar\u00e1n al pa\u00eds en vuelo autorizado por Maduro","og_description":"Venezuela","og_url":"https:\/\/digital58.com.ve\/site\/2020\/07\/16\/venezolanos-varados-en-madrid-retornaran-al-pais-en-vuelo-autorizado-por-maduro\/","og_site_name":"Noticias Digital58","article_published_time":"2020-07-17T02:00:44+00:00","og_image":[{"width":900,"height":495,"url":"https:\/\/digital58.com.ve\/site\/wp-content\/uploads\/2020\/07\/Vuelo-Venezolanos-Espa\u00f1a.jpg","type":"image\/jpeg"}],"author":"Morales Joel","twitter_card":"summary_large_image","twitter_creator":"@Digital_58","twitter_site":"@villasmilhfoto","twitter_misc":{"Escrito por":"Morales Joel","Tiempo estimado de lectura":"2 minutos"},"schema":{"@context":"https:\/\/schema.org","@graph":[{"@type":"Article","@id":"https:\/\/digital58.com.ve\/site\/2020\/07\/16\/venezolanos-varados-en-madrid-retornaran-al-pais-en-vuelo-autorizado-por-maduro\/#article","isPartOf":{"@id":"https:\/\/digital58.com.ve\/site\/2020\/07\/16\/venezolanos-varados-en-madrid-retornaran-al-pais-en-vuelo-autorizado-por-maduro\/"},"author":{"name":"Morales Joel","@id":"https:\/\/digital58.com.ve\/site\/#\/schema\/person\/8daf5f8bfd9ebdb98150c62bff195b72"},"headline":"Venezolanos varados en Madrid retornar\u00e1n al pa\u00eds en vuelo autorizado por Maduro","datePublished":"2020-07-17T02:00:44+00:00","mainEntityOfPage":{"@id":"https:\/\/digital58.com.ve\/site\/2020\/07\/16\/venezolanos-varados-en-madrid-retornaran-al-pais-en-vuelo-autorizado-por-maduro\/"},"wordCount":353,"commentCount":0,"publisher":{"@id":"https:\/\/digital58.com.ve\/site\/#\/schema\/person\/64d1c2e4d0d4fd1b849980c4331c2951"},"image":{"@id":"https:\/\/digital58.com.ve\/site\/2020\/07\/16\/venezolanos-varados-en-madrid-retornaran-al-pais-en-vuelo-autorizado-por-maduro\/#primaryimage"},"thumbnailUrl":"https:\/\/digital58.com.ve\/site\/wp-content\/uploads\/2020\/07\/Vuelo-Venezolanos-Espa\u00f1a.jpg","keywords":["Aeropuerto de Barajas","COVID-19","Espa\u00f1a","Gobierno Nacional","Internacionales","Nacionales","Pandemia","Venezuela","Vuelo Internacional"],"articleSection":["Venezuela"],"inLanguage":"es","potentialAction":[{"@type":"CommentAction","name":"Comment","target":["https:\/\/digital58.com.ve\/site\/2020\/07\/16\/venezolanos-varados-en-madrid-retornaran-al-pais-en-vuelo-autorizado-por-maduro\/#respond"]}]},{"@type":"WebPage","@id":"https:\/\/digital58.com.ve\/site\/2020\/07\/16\/venezolanos-varados-en-madrid-retornaran-al-pais-en-vuelo-autorizado-por-maduro\/","url":"https:\/\/digital58.com.ve\/site\/2020\/07\/16\/venezolanos-varados-en-madrid-retornaran-al-pais-en-vuelo-autorizado-por-maduro\/","name":"Venezolanos varados en Madrid retornar\u00e1n al pa\u00eds en vuelo autorizado por Maduro","isPartOf":{"@id":"https:\/\/digital58.com.ve\/site\/#website"},"primaryImageOfPage":{"@id":"https:\/\/digital58.com.ve\/site\/2020\/07\/16\/venezolanos-varados-en-madrid-retornaran-al-pais-en-vuelo-autorizado-por-maduro\/#primaryimage"},"image":{"@id":"https:\/\/digital58.com.ve\/site\/2020\/07\/16\/venezolanos-varados-en-madrid-retornaran-al-pais-en-vuelo-autorizado-por-maduro\/#primaryimage"},"thumbnailUrl":"https:\/\/digital58.com.ve\/site\/wp-content\/uploads\/2020\/07\/Vuelo-Venezolanos-Espa\u00f1a.jpg","datePublished":"2020-07-17T02:00:44+00:00","description":"Venezuela","breadcrumb":{"@id":"https:\/\/digital58.com.ve\/site\/2020\/07\/16\/venezolanos-varados-en-madrid-retornaran-al-pais-en-vuelo-autorizado-por-maduro\/#breadcrumb"},"inLanguage":"es","potentialAction":[{"@type":"ReadAction","target":["https:\/\/digital58.com.ve\/site\/2020\/07\/16\/venezolanos-varados-en-madrid-retornaran-al-pais-en-vuelo-autorizado-por-maduro\/"]}]},{"@type":"ImageObject","inLanguage":"es","@id":"https:\/\/digital58.com.ve\/site\/2020\/07\/16\/venezolanos-varados-en-madrid-retornaran-al-pais-en-vuelo-autorizado-por-maduro\/#primaryimage","url":"https:\/\/digital58.com.ve\/site\/wp-content\/uploads\/2020\/07\/Vuelo-Venezolanos-Espa\u00f1a.jpg","contentUrl":"https:\/\/digital58.com.ve\/site\/wp-content\/uploads\/2020\/07\/Vuelo-Venezolanos-Espa\u00f1a.jpg","width":800,"height":440},{"@type":"BreadcrumbList","@id":"https:\/\/digital58.com.ve\/site\/2020\/07\/16\/venezolanos-varados-en-madrid-retornaran-al-pais-en-vuelo-autorizado-por-maduro\/#breadcrumb","itemListElement":[{"@type":"ListItem","position":1,"name":"Home","item":"https:\/\/digital58.com.ve\/site\/"},{"@type":"ListItem","position":2,"name":"Venezolanos varados en Madrid retornar\u00e1n al pa\u00eds en vuelo autorizado por Maduro"}]},{"@type":"WebSite","@id":"https:\/\/digital58.com.ve\/site\/#website","url":"https:\/\/digital58.com.ve\/site\/","name":"Noticias Digital58","description":"Portal de Noticias \u00a1Periodismo web de verdad! Lanzamiento web 22.11.2005 \/ Maracaibo, Venezuela","publisher":{"@id":"https:\/\/digital58.com.ve\/site\/#\/schema\/person\/64d1c2e4d0d4fd1b849980c4331c2951"},"alternateName":"ND58","potentialAction":[{"@type":"SearchAction","target":{"@type":"EntryPoint","urlTemplate":"https:\/\/digital58.com.ve\/site\/?s={search_term_string}"},"query-input":{"@type":"PropertyValueSpecification","valueRequired":true,"valueName":"search_term_string"}}],"inLanguage":"es"},{"@type":["Person","Organization"],"@id":"https:\/\/digital58.com.ve\/site\/#\/schema\/person\/64d1c2e4d0d4fd1b849980c4331c2951","name":"Villasmil Henry","image":{"@type":"ImageObject","inLanguage":"es","@id":"https:\/\/secure.gravatar.com\/avatar\/bb0c4a2fcb7970138239f7e404ea75757b1b507b28b5ce4c53fbd62d797c5a7c?s=96&d=mm&r=g","url":"https:\/\/secure.gravatar.com\/avatar\/bb0c4a2fcb7970138239f7e404ea75757b1b507b28b5ce4c53fbd62d797c5a7c?s=96&d=mm&r=g","contentUrl":"https:\/\/secure.gravatar.com\/avatar\/bb0c4a2fcb7970138239f7e404ea75757b1b507b28b5ce4c53fbd62d797c5a7c?s=96&d=mm&r=g","caption":"Villasmil Henry"},"logo":{"@id":"https:\/\/secure.gravatar.com\/avatar\/bb0c4a2fcb7970138239f7e404ea75757b1b507b28b5ce4c53fbd62d797c5a7c?s=96&d=mm&r=g"},"sameAs":["http:\/\/www.henryvillasmil.com.ve","https:\/\/www.instagram.com\/villasmilhfoto\/","https:\/\/x.com\/https:\/\/twitter.com\/villasmilhfoto"]},{"@type":"Person","@id":"https:\/\/digital58.com.ve\/site\/#\/schema\/person\/8daf5f8bfd9ebdb98150c62bff195b72","name":"Morales Joel","image":{"@type":"ImageObject","inLanguage":"es","@id":"https:\/\/secure.gravatar.com\/avatar\/e2cb5ce0e9279ab3c8e03d472e483f32e666716a18da3bfa7b0749a5465409f1?s=96&d=mm&r=g","url":"https:\/\/secure.gravatar.com\/avatar\/e2cb5ce0e9279ab3c8e03d472e483f32e666716a18da3bfa7b0749a5465409f1?s=96&d=mm&r=g","contentUrl":"https:\/\/secure.gravatar.com\/avatar\/e2cb5ce0e9279ab3c8e03d472e483f32e666716a18da3bfa7b0749a5465409f1?s=96&d=mm&r=g","caption":"Morales Joel"},"url":"https:\/\/digital58.com.ve\/site\/author\/joelm\/"}]}},"uagb_featured_image_src":{"full":["https:\/\/digital58.com.ve\/site\/wp-content\/uploads\/2020\/07\/Vuelo-Venezolanos-Espa\u00f1a.jpg",800,440,false],"thumbnail":["https:\/\/digital58.com.ve\/site\/wp-content\/uploads\/2020\/07\/Vuelo-Venezolanos-Espa\u00f1a-150x150.jpg",150,150,true],"medium":["https:\/\/digital58.com.ve\/site\/wp-content\/uploads\/2020\/07\/Vuelo-Venezolanos-Espa\u00f1a-300x165.jpg",300,165,true],"medium_large":["https:\/\/digital58.com.ve\/site\/wp-content\/uploads\/2020\/07\/Vuelo-Venezolanos-Espa\u00f1a-768x422.jpg",768,422,true],"large":["https:\/\/digital58.com.ve\/site\/wp-content\/uploads\/2020\/07\/Vuelo-Venezolanos-Espa\u00f1a.jpg",800,440,false],"1536x1536":["https:\/\/digital58.com.ve\/site\/wp-content\/uploads\/2020\/07\/Vuelo-Venezolanos-Espa\u00f1a.jpg",800,440,false],"2048x2048":["https:\/\/digital58.com.ve\/site\/wp-content\/uploads\/2020\/07\/Vuelo-Venezolanos-Espa\u00f1a.jpg",800,440,false],"colormag-highlighted-post":["https:\/\/digital58.com.ve\/site\/wp-content\/uploads\/2020\/07\/Vuelo-Venezolanos-Espa\u00f1a.jpg",392,216,false],"colormag-featured-post-medium":["https:\/\/digital58.com.ve\/site\/wp-content\/uploads\/2020\/07\/Vuelo-Venezolanos-Espa\u00f1a.jpg",373,205,false],"colormag-featured-post-small":["https:\/\/digital58.com.ve\/site\/wp-content\/uploads\/2020\/07\/Vuelo-Venezolanos-Espa\u00f1a.jpg",130,72,false],"colormag-featured-image":["https:\/\/digital58.com.ve\/site\/wp-content\/uploads\/2020\/07\/Vuelo-Venezolanos-Espa\u00f1a.jpg",800,440,false],"colormag-default-news":["https:\/\/digital58.com.ve\/site\/wp-content\/uploads\/2020\/07\/Vuelo-Venezolanos-Espa\u00f1a.jpg",150,83,false],"colormag-featured-image-large":["https:\/\/digital58.com.ve\/site\/wp-content\/uploads\/2020\/07\/Vuelo-Venezolanos-Espa\u00f1a.jpg",800,440,false]},"uagb_author_info":{"display_name":"Morales Joel","author_link":"https:\/\/digital58.com.ve\/site\/author\/joelm\/"},"uagb_comment_info":0,"uagb_excerpt":"Los connacionales, detenidos en Espa\u00f1a debido a la pandemia del COVID-19, deber\u00e1n cumplir con una serie de requisitos para ser","_links":{"self":[{"href":"https:\/\/digital58.com.ve\/site\/wp-json\/wp\/v2\/posts\/115163","targetHints":{"allow":["GET"]}}],"collection":[{"href":"https:\/\/digital58.com.ve\/site\/wp-json\/wp\/v2\/posts"}],"about":[{"href":"https:\/\/digital58.com.ve\/site\/wp-json\/wp\/v2\/types\/post"}],"author":[{"embeddable":true,"href":"https:\/\/digital58.com.ve\/site\/wp-json\/wp\/v2\/users\/29"}],"replies":[{"embeddable":true,"href":"https:\/\/digital58.com.ve\/site\/wp-json\/wp\/v2\/comments?post=115163"}],"version-history":[{"count":0,"href":"https:\/\/digital58.com.ve\/site\/wp-json\/wp\/v2\/posts\/115163\/revisions"}],"wp:featuredmedia":[{"embeddable":true,"href":"https:\/\/digital58.com.ve\/site\/wp-json\/wp\/v2\/media\/115169"}],"wp:attachment":[{"href":"https:\/\/digital58.com.ve\/site\/wp-json\/wp\/v2\/media?parent=115163"}],"wp:term":[{"taxonomy":"category","embeddable":true,"href":"https:\/\/digital58.com.ve\/site\/wp-json\/wp\/v2\/categories?post=115163"},{"taxonomy":"post_tag","embeddable":true,"href":"https:\/\/digital58.com.ve\/site\/wp-json\/wp\/v2\/tags?post=115163"}],"curies":[{"name":"wp","href":"https:\/\/api.w.org\/{rel}","templated":true}]}}