{"id":115445,"date":"2020-07-17T20:59:42","date_gmt":"2020-07-18T00:59:42","guid":{"rendered":"https:\/\/digital58.com.ve\/site\/?p=115445"},"modified":"2020-07-17T20:59:42","modified_gmt":"2020-07-18T00:59:42","slug":"comenzo-asignacion-del-bono-quedate-en-casa-de-julio","status":"publish","type":"post","link":"https:\/\/digital58.com.ve\/site\/2020\/07\/17\/comenzo-asignacion-del-bono-quedate-en-casa-de-julio\/","title":{"rendered":"Comenz\u00f3 asignaci\u00f3n del bono \u00abQu\u00e9date en Casa\u00bb de julio"},"content":{"rendered":"<p><img loading=\"lazy\" decoding=\"async\" class=\"size-full wp-image-115446 aligncenter\" src=\"https:\/\/digital58.com.ve\/site\/wp-content\/uploads\/2020\/07\/IMG_17072020_181021_764_x_573_p\u00edxel.jpg\" alt=\"\" width=\"532\" height=\"550\" srcset=\"https:\/\/digital58.com.ve\/site\/wp-content\/uploads\/2020\/07\/IMG_17072020_181021_764_x_573_p\u00edxel.jpg 532w, https:\/\/digital58.com.ve\/site\/wp-content\/uploads\/2020\/07\/IMG_17072020_181021_764_x_573_p\u00edxel-290x300.jpg 290w\" sizes=\"auto, (max-width: 532px) 100vw, 532px\" \/><\/p>\n<p>Para la entrega del Bono Qu\u00e9date en Casa al sector privado, se verificar\u00e1 la condici\u00f3n del trabajador reportada en la opci\u00f3n \u00abLaboral\u00bb de la secci\u00f3n \u00abPerfil\u00bb y se confirmar\u00e1 con la lista de trabajadores enviada por la empresa<\/p>\n<p><b>Caracas, DC,\u00a0<\/b><strong>Venezuela 17 de julio de 2020 (ND58).-<\/strong>\u00a0El bono especial \u00abQu\u00e9date en Casa\u00bb, perteneciente al mes de julio comenz\u00f3 a ser signado, a trav\u00e9s de la Plataforma Patria, el mismo es dirigido a los trabajadores independientes o por cuenta propia que hayan reportado esta condici\u00f3n a trav\u00e9s de la opci\u00f3n laboral y se verifique que no existe relaci\u00f3n de dependencia con alguna entidad p\u00fablica, privada o mixta.<\/p>\n<p>Las personas recibir\u00e1n un mensaje de texto del presidente de la Rep\u00fablica Bolivariana de Venezuela, Nicol\u00e1s Maduro, a trav\u00e9s del n\u00famero 3532: \u00abLa mejor medida de prevenci\u00f3n es el cuidado propio. #Qu\u00e9dateEnCasa y cumple con la Cuarentena Radical, Consciente y Voluntaria\u00bb.<\/p>\n<p>Para la entrega del Bono Qu\u00e9date en Casa al sector privado, se verificar\u00e1 la condici\u00f3n del trabajador reportada en la opci\u00f3n \u00abLaboral\u00bb de la secci\u00f3n \u00abPerfil\u00bb y se confirmar\u00e1 con la lista de trabajadores enviada por la empresa.<\/p>\n<p>Las instituciones deben entrar a la plataforma e indicar en la secci\u00f3n \u00abLaboral\u00bb la opci\u00f3n \u00abBonos\u00bb que sea pagado el bono a sus trabajadores.<\/p><div class=\"cdscs69f2692cb372e\" ><p style=\"text-align: center;\"><a href=\"https:\/\/t.me\/noticiasdigital58\" target=\"_blank\" rel=\"noopener\"><img class=\"aligncenter size-full wp-image-125363\" src=\"https:\/\/digital58.com.ve\/site\/wp-content\/uploads\/2021\/04\/banner-telegram-web-2021.png\" alt=\"\" width=\"600\" height=\"90\" \/><\/a><\/p><\/div><style type=\"text\/css\">\r\n@media screen and (min-width: 1201px) {\r\n.cdscs69f2692cb372e {\r\ndisplay: block;\r\n}\r\n}\r\n@media screen and (min-width: 993px) and (max-width: 1200px) {\r\n.cdscs69f2692cb372e {\r\ndisplay: block;\r\n}\r\n}\r\n@media screen and (min-width: 769px) and (max-width: 992px) {\r\n.cdscs69f2692cb372e {\r\ndisplay: block;\r\n}\r\n}\r\n@media screen and (min-width: 768px) and (max-width: 768px) {\r\n.cdscs69f2692cb372e {\r\ndisplay: block;\r\n}\r\n}\r\n@media screen and (max-width: 767px) {\r\n.cdscs69f2692cb372e {\r\ndisplay: block;\r\n}\r\n}\r\n<\/style>\r\n\n<p><strong>Re<\/strong><strong>dacci\u00f3n: Molero, Luis\u00a0 (@Moleromarquez) | Fuente: Agencias<br \/>\nEdici\u00f3n: Villasmil, Henry; Ch\u00e1vez, Marian<br \/>\nGr\u00e1ficas: Cortes\u00eda<\/strong><\/p>\n<div style=\"margin-top: 0px; margin-bottom: 0px;\" class=\"sharethis-inline-share-buttons\" ><\/div>","protected":false},"excerpt":{"rendered":"<p>Para la entrega del Bono Qu\u00e9date en Casa al sector privado, se verificar\u00e1 la condici\u00f3n del trabajador reportada en la<\/p>\n","protected":false},"author":26,"featured_media":115446,"comment_status":"open","ping_status":"closed","sticky":false,"template":"","format":"standard","meta":{"colormag_page_container_layout":"default_layout","colormag_page_sidebar_layout":"default_layout","_uag_custom_page_level_css":"","footnotes":""},"categories":[16454],"tags":[14834,1818,233,14002],"class_list":["post-115445","post","type-post","status-publish","format-standard","has-post-thumbnail","hentry","category-venezuela","tag-bono-quedate-en-casa","tag-gobierno-nacional","tag-nacionales","tag-plataforma-patria"],"yoast_head":"<!-- This site is optimized with the Yoast SEO plugin v27.5 - https:\/\/yoast.com\/product\/yoast-seo-wordpress\/ -->\n<title>Comenz\u00f3 asignaci\u00f3n del bono \u00abQu\u00e9date en Casa\u00bb de julio<\/title>\n<meta name=\"description\" content=\"Venezuela\" \/>\n<meta name=\"robots\" content=\"index, follow, max-snippet:-1, max-image-preview:large, max-video-preview:-1\" \/>\n<link rel=\"canonical\" href=\"https:\/\/digital58.com.ve\/site\/2020\/07\/17\/comenzo-asignacion-del-bono-quedate-en-casa-de-julio\/\" \/>\n<meta property=\"og:locale\" content=\"es_ES\" \/>\n<meta property=\"og:type\" content=\"article\" \/>\n<meta property=\"og:title\" content=\"Comenz\u00f3 asignaci\u00f3n del bono \u00abQu\u00e9date en Casa\u00bb de julio\" \/>\n<meta property=\"og:description\" content=\"Venezuela\" \/>\n<meta property=\"og:url\" content=\"https:\/\/digital58.com.ve\/site\/2020\/07\/17\/comenzo-asignacion-del-bono-quedate-en-casa-de-julio\/\" \/>\n<meta property=\"og:site_name\" content=\"Noticias Digital58\" \/>\n<meta property=\"article:published_time\" content=\"2020-07-18T00:59:42+00:00\" \/>\n<meta property=\"og:image\" content=\"https:\/\/digital58.com.ve\/site\/wp-content\/uploads\/2020\/07\/IMG_17072020_181021_764_x_573_p\u00edxel.jpg\" \/>\n\t<meta property=\"og:image:width\" content=\"532\" \/>\n\t<meta property=\"og:image:height\" content=\"550\" \/>\n\t<meta property=\"og:image:type\" content=\"image\/jpeg\" \/>\n<meta name=\"author\" content=\"Molero Luis\" \/>\n<meta name=\"twitter:card\" content=\"summary_large_image\" \/>\n<meta name=\"twitter:creator\" content=\"@Digital_58\" \/>\n<meta name=\"twitter:site\" content=\"@villasmilhfoto\" \/>\n<meta name=\"twitter:label1\" content=\"Escrito por\" \/>\n\t<meta name=\"twitter:data1\" content=\"Molero Luis\" \/>\n\t<meta name=\"twitter:label2\" content=\"Tiempo estimado de lectura\" \/>\n\t<meta name=\"twitter:data2\" content=\"1 minuto\" \/>\n<script type=\"application\/ld+json\" class=\"yoast-schema-graph\">{\"@context\":\"https:\\\/\\\/schema.org\",\"@graph\":[{\"@type\":\"Article\",\"@id\":\"https:\\\/\\\/digital58.com.ve\\\/site\\\/2020\\\/07\\\/17\\\/comenzo-asignacion-del-bono-quedate-en-casa-de-julio\\\/#article\",\"isPartOf\":{\"@id\":\"https:\\\/\\\/digital58.com.ve\\\/site\\\/2020\\\/07\\\/17\\\/comenzo-asignacion-del-bono-quedate-en-casa-de-julio\\\/\"},\"author\":{\"name\":\"Molero Luis\",\"@id\":\"https:\\\/\\\/digital58.com.ve\\\/site\\\/#\\\/schema\\\/person\\\/c61667ce6845137620ee3f0aaabade17\"},\"headline\":\"Comenz\u00f3 asignaci\u00f3n del bono \u00abQu\u00e9date en Casa\u00bb de julio\",\"datePublished\":\"2020-07-18T00:59:42+00:00\",\"mainEntityOfPage\":{\"@id\":\"https:\\\/\\\/digital58.com.ve\\\/site\\\/2020\\\/07\\\/17\\\/comenzo-asignacion-del-bono-quedate-en-casa-de-julio\\\/\"},\"wordCount\":262,\"commentCount\":0,\"publisher\":{\"@id\":\"https:\\\/\\\/digital58.com.ve\\\/site\\\/#\\\/schema\\\/person\\\/64d1c2e4d0d4fd1b849980c4331c2951\"},\"image\":{\"@id\":\"https:\\\/\\\/digital58.com.ve\\\/site\\\/2020\\\/07\\\/17\\\/comenzo-asignacion-del-bono-quedate-en-casa-de-julio\\\/#primaryimage\"},\"thumbnailUrl\":\"https:\\\/\\\/digital58.com.ve\\\/site\\\/wp-content\\\/uploads\\\/2020\\\/07\\\/IMG_17072020_181021_764_x_573_p\u00edxel.jpg\",\"keywords\":[\"Bono Qu\u00e9date en Casa\",\"Gobierno Nacional\",\"Nacionales\",\"Plataforma Patria\"],\"articleSection\":[\"Venezuela\"],\"inLanguage\":\"es\",\"potentialAction\":[{\"@type\":\"CommentAction\",\"name\":\"Comment\",\"target\":[\"https:\\\/\\\/digital58.com.ve\\\/site\\\/2020\\\/07\\\/17\\\/comenzo-asignacion-del-bono-quedate-en-casa-de-julio\\\/#respond\"]}]},{\"@type\":\"WebPage\",\"@id\":\"https:\\\/\\\/digital58.com.ve\\\/site\\\/2020\\\/07\\\/17\\\/comenzo-asignacion-del-bono-quedate-en-casa-de-julio\\\/\",\"url\":\"https:\\\/\\\/digital58.com.ve\\\/site\\\/2020\\\/07\\\/17\\\/comenzo-asignacion-del-bono-quedate-en-casa-de-julio\\\/\",\"name\":\"Comenz\u00f3 asignaci\u00f3n del bono \u00abQu\u00e9date en Casa\u00bb de julio\",\"isPartOf\":{\"@id\":\"https:\\\/\\\/digital58.com.ve\\\/site\\\/#website\"},\"primaryImageOfPage\":{\"@id\":\"https:\\\/\\\/digital58.com.ve\\\/site\\\/2020\\\/07\\\/17\\\/comenzo-asignacion-del-bono-quedate-en-casa-de-julio\\\/#primaryimage\"},\"image\":{\"@id\":\"https:\\\/\\\/digital58.com.ve\\\/site\\\/2020\\\/07\\\/17\\\/comenzo-asignacion-del-bono-quedate-en-casa-de-julio\\\/#primaryimage\"},\"thumbnailUrl\":\"https:\\\/\\\/digital58.com.ve\\\/site\\\/wp-content\\\/uploads\\\/2020\\\/07\\\/IMG_17072020_181021_764_x_573_p\u00edxel.jpg\",\"datePublished\":\"2020-07-18T00:59:42+00:00\",\"description\":\"Venezuela\",\"breadcrumb\":{\"@id\":\"https:\\\/\\\/digital58.com.ve\\\/site\\\/2020\\\/07\\\/17\\\/comenzo-asignacion-del-bono-quedate-en-casa-de-julio\\\/#breadcrumb\"},\"inLanguage\":\"es\",\"potentialAction\":[{\"@type\":\"ReadAction\",\"target\":[\"https:\\\/\\\/digital58.com.ve\\\/site\\\/2020\\\/07\\\/17\\\/comenzo-asignacion-del-bono-quedate-en-casa-de-julio\\\/\"]}]},{\"@type\":\"ImageObject\",\"inLanguage\":\"es\",\"@id\":\"https:\\\/\\\/digital58.com.ve\\\/site\\\/2020\\\/07\\\/17\\\/comenzo-asignacion-del-bono-quedate-en-casa-de-julio\\\/#primaryimage\",\"url\":\"https:\\\/\\\/digital58.com.ve\\\/site\\\/wp-content\\\/uploads\\\/2020\\\/07\\\/IMG_17072020_181021_764_x_573_p\u00edxel.jpg\",\"contentUrl\":\"https:\\\/\\\/digital58.com.ve\\\/site\\\/wp-content\\\/uploads\\\/2020\\\/07\\\/IMG_17072020_181021_764_x_573_p\u00edxel.jpg\",\"width\":532,\"height\":550},{\"@type\":\"BreadcrumbList\",\"@id\":\"https:\\\/\\\/digital58.com.ve\\\/site\\\/2020\\\/07\\\/17\\\/comenzo-asignacion-del-bono-quedate-en-casa-de-julio\\\/#breadcrumb\",\"itemListElement\":[{\"@type\":\"ListItem\",\"position\":1,\"name\":\"Home\",\"item\":\"https:\\\/\\\/digital58.com.ve\\\/site\\\/\"},{\"@type\":\"ListItem\",\"position\":2,\"name\":\"Comenz\u00f3 asignaci\u00f3n del bono \u00abQu\u00e9date en Casa\u00bb de julio\"}]},{\"@type\":\"WebSite\",\"@id\":\"https:\\\/\\\/digital58.com.ve\\\/site\\\/#website\",\"url\":\"https:\\\/\\\/digital58.com.ve\\\/site\\\/\",\"name\":\"Noticias Digital58\",\"description\":\"Portal de Noticias \u00a1Periodismo web de verdad! Lanzamiento web 22.11.2005 \\\/ Maracaibo, Venezuela\",\"publisher\":{\"@id\":\"https:\\\/\\\/digital58.com.ve\\\/site\\\/#\\\/schema\\\/person\\\/64d1c2e4d0d4fd1b849980c4331c2951\"},\"alternateName\":\"ND58\",\"potentialAction\":[{\"@type\":\"SearchAction\",\"target\":{\"@type\":\"EntryPoint\",\"urlTemplate\":\"https:\\\/\\\/digital58.com.ve\\\/site\\\/?s={search_term_string}\"},\"query-input\":{\"@type\":\"PropertyValueSpecification\",\"valueRequired\":true,\"valueName\":\"search_term_string\"}}],\"inLanguage\":\"es\"},{\"@type\":[\"Person\",\"Organization\"],\"@id\":\"https:\\\/\\\/digital58.com.ve\\\/site\\\/#\\\/schema\\\/person\\\/64d1c2e4d0d4fd1b849980c4331c2951\",\"name\":\"Villasmil Henry\",\"image\":{\"@type\":\"ImageObject\",\"inLanguage\":\"es\",\"@id\":\"https:\\\/\\\/secure.gravatar.com\\\/avatar\\\/bb0c4a2fcb7970138239f7e404ea75757b1b507b28b5ce4c53fbd62d797c5a7c?s=96&d=mm&r=g\",\"url\":\"https:\\\/\\\/secure.gravatar.com\\\/avatar\\\/bb0c4a2fcb7970138239f7e404ea75757b1b507b28b5ce4c53fbd62d797c5a7c?s=96&d=mm&r=g\",\"contentUrl\":\"https:\\\/\\\/secure.gravatar.com\\\/avatar\\\/bb0c4a2fcb7970138239f7e404ea75757b1b507b28b5ce4c53fbd62d797c5a7c?s=96&d=mm&r=g\",\"caption\":\"Villasmil Henry\"},\"logo\":{\"@id\":\"https:\\\/\\\/secure.gravatar.com\\\/avatar\\\/bb0c4a2fcb7970138239f7e404ea75757b1b507b28b5ce4c53fbd62d797c5a7c?s=96&d=mm&r=g\"},\"sameAs\":[\"http:\\\/\\\/www.henryvillasmil.com.ve\",\"https:\\\/\\\/www.instagram.com\\\/villasmilhfoto\\\/\",\"https:\\\/\\\/x.com\\\/https:\\\/\\\/twitter.com\\\/villasmilhfoto\"]},{\"@type\":\"Person\",\"@id\":\"https:\\\/\\\/digital58.com.ve\\\/site\\\/#\\\/schema\\\/person\\\/c61667ce6845137620ee3f0aaabade17\",\"name\":\"Molero Luis\",\"image\":{\"@type\":\"ImageObject\",\"inLanguage\":\"es\",\"@id\":\"https:\\\/\\\/secure.gravatar.com\\\/avatar\\\/bf041ec637e3e7405449807deb2f7cf3d2de7c6fa755dd56e985201de9863f2b?s=96&d=mm&r=g\",\"url\":\"https:\\\/\\\/secure.gravatar.com\\\/avatar\\\/bf041ec637e3e7405449807deb2f7cf3d2de7c6fa755dd56e985201de9863f2b?s=96&d=mm&r=g\",\"contentUrl\":\"https:\\\/\\\/secure.gravatar.com\\\/avatar\\\/bf041ec637e3e7405449807deb2f7cf3d2de7c6fa755dd56e985201de9863f2b?s=96&d=mm&r=g\",\"caption\":\"Molero Luis\"},\"url\":\"https:\\\/\\\/digital58.com.ve\\\/site\\\/author\\\/luismolero\\\/\"}]}<\/script>\n<!-- \/ Yoast SEO plugin. -->","yoast_head_json":{"title":"Comenz\u00f3 asignaci\u00f3n del bono \u00abQu\u00e9date en Casa\u00bb de julio","description":"Venezuela","robots":{"index":"index","follow":"follow","max-snippet":"max-snippet:-1","max-image-preview":"max-image-preview:large","max-video-preview":"max-video-preview:-1"},"canonical":"https:\/\/digital58.com.ve\/site\/2020\/07\/17\/comenzo-asignacion-del-bono-quedate-en-casa-de-julio\/","og_locale":"es_ES","og_type":"article","og_title":"Comenz\u00f3 asignaci\u00f3n del bono \u00abQu\u00e9date en Casa\u00bb de julio","og_description":"Venezuela","og_url":"https:\/\/digital58.com.ve\/site\/2020\/07\/17\/comenzo-asignacion-del-bono-quedate-en-casa-de-julio\/","og_site_name":"Noticias Digital58","article_published_time":"2020-07-18T00:59:42+00:00","og_image":[{"width":532,"height":550,"url":"https:\/\/digital58.com.ve\/site\/wp-content\/uploads\/2020\/07\/IMG_17072020_181021_764_x_573_p\u00edxel.jpg","type":"image\/jpeg"}],"author":"Molero Luis","twitter_card":"summary_large_image","twitter_creator":"@Digital_58","twitter_site":"@villasmilhfoto","twitter_misc":{"Escrito por":"Molero Luis","Tiempo estimado de lectura":"1 minuto"},"schema":{"@context":"https:\/\/schema.org","@graph":[{"@type":"Article","@id":"https:\/\/digital58.com.ve\/site\/2020\/07\/17\/comenzo-asignacion-del-bono-quedate-en-casa-de-julio\/#article","isPartOf":{"@id":"https:\/\/digital58.com.ve\/site\/2020\/07\/17\/comenzo-asignacion-del-bono-quedate-en-casa-de-julio\/"},"author":{"name":"Molero Luis","@id":"https:\/\/digital58.com.ve\/site\/#\/schema\/person\/c61667ce6845137620ee3f0aaabade17"},"headline":"Comenz\u00f3 asignaci\u00f3n del bono \u00abQu\u00e9date en Casa\u00bb de julio","datePublished":"2020-07-18T00:59:42+00:00","mainEntityOfPage":{"@id":"https:\/\/digital58.com.ve\/site\/2020\/07\/17\/comenzo-asignacion-del-bono-quedate-en-casa-de-julio\/"},"wordCount":262,"commentCount":0,"publisher":{"@id":"https:\/\/digital58.com.ve\/site\/#\/schema\/person\/64d1c2e4d0d4fd1b849980c4331c2951"},"image":{"@id":"https:\/\/digital58.com.ve\/site\/2020\/07\/17\/comenzo-asignacion-del-bono-quedate-en-casa-de-julio\/#primaryimage"},"thumbnailUrl":"https:\/\/digital58.com.ve\/site\/wp-content\/uploads\/2020\/07\/IMG_17072020_181021_764_x_573_p\u00edxel.jpg","keywords":["Bono Qu\u00e9date en Casa","Gobierno Nacional","Nacionales","Plataforma Patria"],"articleSection":["Venezuela"],"inLanguage":"es","potentialAction":[{"@type":"CommentAction","name":"Comment","target":["https:\/\/digital58.com.ve\/site\/2020\/07\/17\/comenzo-asignacion-del-bono-quedate-en-casa-de-julio\/#respond"]}]},{"@type":"WebPage","@id":"https:\/\/digital58.com.ve\/site\/2020\/07\/17\/comenzo-asignacion-del-bono-quedate-en-casa-de-julio\/","url":"https:\/\/digital58.com.ve\/site\/2020\/07\/17\/comenzo-asignacion-del-bono-quedate-en-casa-de-julio\/","name":"Comenz\u00f3 asignaci\u00f3n del bono \u00abQu\u00e9date en Casa\u00bb de julio","isPartOf":{"@id":"https:\/\/digital58.com.ve\/site\/#website"},"primaryImageOfPage":{"@id":"https:\/\/digital58.com.ve\/site\/2020\/07\/17\/comenzo-asignacion-del-bono-quedate-en-casa-de-julio\/#primaryimage"},"image":{"@id":"https:\/\/digital58.com.ve\/site\/2020\/07\/17\/comenzo-asignacion-del-bono-quedate-en-casa-de-julio\/#primaryimage"},"thumbnailUrl":"https:\/\/digital58.com.ve\/site\/wp-content\/uploads\/2020\/07\/IMG_17072020_181021_764_x_573_p\u00edxel.jpg","datePublished":"2020-07-18T00:59:42+00:00","description":"Venezuela","breadcrumb":{"@id":"https:\/\/digital58.com.ve\/site\/2020\/07\/17\/comenzo-asignacion-del-bono-quedate-en-casa-de-julio\/#breadcrumb"},"inLanguage":"es","potentialAction":[{"@type":"ReadAction","target":["https:\/\/digital58.com.ve\/site\/2020\/07\/17\/comenzo-asignacion-del-bono-quedate-en-casa-de-julio\/"]}]},{"@type":"ImageObject","inLanguage":"es","@id":"https:\/\/digital58.com.ve\/site\/2020\/07\/17\/comenzo-asignacion-del-bono-quedate-en-casa-de-julio\/#primaryimage","url":"https:\/\/digital58.com.ve\/site\/wp-content\/uploads\/2020\/07\/IMG_17072020_181021_764_x_573_p\u00edxel.jpg","contentUrl":"https:\/\/digital58.com.ve\/site\/wp-content\/uploads\/2020\/07\/IMG_17072020_181021_764_x_573_p\u00edxel.jpg","width":532,"height":550},{"@type":"BreadcrumbList","@id":"https:\/\/digital58.com.ve\/site\/2020\/07\/17\/comenzo-asignacion-del-bono-quedate-en-casa-de-julio\/#breadcrumb","itemListElement":[{"@type":"ListItem","position":1,"name":"Home","item":"https:\/\/digital58.com.ve\/site\/"},{"@type":"ListItem","position":2,"name":"Comenz\u00f3 asignaci\u00f3n del bono \u00abQu\u00e9date en Casa\u00bb de julio"}]},{"@type":"WebSite","@id":"https:\/\/digital58.com.ve\/site\/#website","url":"https:\/\/digital58.com.ve\/site\/","name":"Noticias Digital58","description":"Portal de Noticias \u00a1Periodismo web de verdad! Lanzamiento web 22.11.2005 \/ Maracaibo, Venezuela","publisher":{"@id":"https:\/\/digital58.com.ve\/site\/#\/schema\/person\/64d1c2e4d0d4fd1b849980c4331c2951"},"alternateName":"ND58","potentialAction":[{"@type":"SearchAction","target":{"@type":"EntryPoint","urlTemplate":"https:\/\/digital58.com.ve\/site\/?s={search_term_string}"},"query-input":{"@type":"PropertyValueSpecification","valueRequired":true,"valueName":"search_term_string"}}],"inLanguage":"es"},{"@type":["Person","Organization"],"@id":"https:\/\/digital58.com.ve\/site\/#\/schema\/person\/64d1c2e4d0d4fd1b849980c4331c2951","name":"Villasmil Henry","image":{"@type":"ImageObject","inLanguage":"es","@id":"https:\/\/secure.gravatar.com\/avatar\/bb0c4a2fcb7970138239f7e404ea75757b1b507b28b5ce4c53fbd62d797c5a7c?s=96&d=mm&r=g","url":"https:\/\/secure.gravatar.com\/avatar\/bb0c4a2fcb7970138239f7e404ea75757b1b507b28b5ce4c53fbd62d797c5a7c?s=96&d=mm&r=g","contentUrl":"https:\/\/secure.gravatar.com\/avatar\/bb0c4a2fcb7970138239f7e404ea75757b1b507b28b5ce4c53fbd62d797c5a7c?s=96&d=mm&r=g","caption":"Villasmil Henry"},"logo":{"@id":"https:\/\/secure.gravatar.com\/avatar\/bb0c4a2fcb7970138239f7e404ea75757b1b507b28b5ce4c53fbd62d797c5a7c?s=96&d=mm&r=g"},"sameAs":["http:\/\/www.henryvillasmil.com.ve","https:\/\/www.instagram.com\/villasmilhfoto\/","https:\/\/x.com\/https:\/\/twitter.com\/villasmilhfoto"]},{"@type":"Person","@id":"https:\/\/digital58.com.ve\/site\/#\/schema\/person\/c61667ce6845137620ee3f0aaabade17","name":"Molero Luis","image":{"@type":"ImageObject","inLanguage":"es","@id":"https:\/\/secure.gravatar.com\/avatar\/bf041ec637e3e7405449807deb2f7cf3d2de7c6fa755dd56e985201de9863f2b?s=96&d=mm&r=g","url":"https:\/\/secure.gravatar.com\/avatar\/bf041ec637e3e7405449807deb2f7cf3d2de7c6fa755dd56e985201de9863f2b?s=96&d=mm&r=g","contentUrl":"https:\/\/secure.gravatar.com\/avatar\/bf041ec637e3e7405449807deb2f7cf3d2de7c6fa755dd56e985201de9863f2b?s=96&d=mm&r=g","caption":"Molero Luis"},"url":"https:\/\/digital58.com.ve\/site\/author\/luismolero\/"}]}},"uagb_featured_image_src":{"full":["https:\/\/digital58.com.ve\/site\/wp-content\/uploads\/2020\/07\/IMG_17072020_181021_764_x_573_p\u00edxel.jpg",532,550,false],"thumbnail":["https:\/\/digital58.com.ve\/site\/wp-content\/uploads\/2020\/07\/IMG_17072020_181021_764_x_573_p\u00edxel-150x150.jpg",150,150,true],"medium":["https:\/\/digital58.com.ve\/site\/wp-content\/uploads\/2020\/07\/IMG_17072020_181021_764_x_573_p\u00edxel-290x300.jpg",290,300,true],"medium_large":["https:\/\/digital58.com.ve\/site\/wp-content\/uploads\/2020\/07\/IMG_17072020_181021_764_x_573_p\u00edxel.jpg",532,550,false],"large":["https:\/\/digital58.com.ve\/site\/wp-content\/uploads\/2020\/07\/IMG_17072020_181021_764_x_573_p\u00edxel.jpg",532,550,false],"1536x1536":["https:\/\/digital58.com.ve\/site\/wp-content\/uploads\/2020\/07\/IMG_17072020_181021_764_x_573_p\u00edxel.jpg",532,550,false],"2048x2048":["https:\/\/digital58.com.ve\/site\/wp-content\/uploads\/2020\/07\/IMG_17072020_181021_764_x_573_p\u00edxel.jpg",532,550,false],"colormag-highlighted-post":["https:\/\/digital58.com.ve\/site\/wp-content\/uploads\/2020\/07\/IMG_17072020_181021_764_x_573_p\u00edxel.jpg",263,272,false],"colormag-featured-post-medium":["https:\/\/digital58.com.ve\/site\/wp-content\/uploads\/2020\/07\/IMG_17072020_181021_764_x_573_p\u00edxel.jpg",198,205,false],"colormag-featured-post-small":["https:\/\/digital58.com.ve\/site\/wp-content\/uploads\/2020\/07\/IMG_17072020_181021_764_x_573_p\u00edxel.jpg",87,90,false],"colormag-featured-image":["https:\/\/digital58.com.ve\/site\/wp-content\/uploads\/2020\/07\/IMG_17072020_181021_764_x_573_p\u00edxel.jpg",430,445,false],"colormag-default-news":["https:\/\/digital58.com.ve\/site\/wp-content\/uploads\/2020\/07\/IMG_17072020_181021_764_x_573_p\u00edxel.jpg",145,150,false],"colormag-featured-image-large":["https:\/\/digital58.com.ve\/site\/wp-content\/uploads\/2020\/07\/IMG_17072020_181021_764_x_573_p\u00edxel.jpg",532,550,false]},"uagb_author_info":{"display_name":"Molero Luis","author_link":"https:\/\/digital58.com.ve\/site\/author\/luismolero\/"},"uagb_comment_info":0,"uagb_excerpt":"Para la entrega del Bono Qu\u00e9date en Casa al sector privado, se verificar\u00e1 la condici\u00f3n del trabajador reportada en la","_links":{"self":[{"href":"https:\/\/digital58.com.ve\/site\/wp-json\/wp\/v2\/posts\/115445","targetHints":{"allow":["GET"]}}],"collection":[{"href":"https:\/\/digital58.com.ve\/site\/wp-json\/wp\/v2\/posts"}],"about":[{"href":"https:\/\/digital58.com.ve\/site\/wp-json\/wp\/v2\/types\/post"}],"author":[{"embeddable":true,"href":"https:\/\/digital58.com.ve\/site\/wp-json\/wp\/v2\/users\/26"}],"replies":[{"embeddable":true,"href":"https:\/\/digital58.com.ve\/site\/wp-json\/wp\/v2\/comments?post=115445"}],"version-history":[{"count":0,"href":"https:\/\/digital58.com.ve\/site\/wp-json\/wp\/v2\/posts\/115445\/revisions"}],"wp:featuredmedia":[{"embeddable":true,"href":"https:\/\/digital58.com.ve\/site\/wp-json\/wp\/v2\/media\/115446"}],"wp:attachment":[{"href":"https:\/\/digital58.com.ve\/site\/wp-json\/wp\/v2\/media?parent=115445"}],"wp:term":[{"taxonomy":"category","embeddable":true,"href":"https:\/\/digital58.com.ve\/site\/wp-json\/wp\/v2\/categories?post=115445"},{"taxonomy":"post_tag","embeddable":true,"href":"https:\/\/digital58.com.ve\/site\/wp-json\/wp\/v2\/tags?post=115445"}],"curies":[{"name":"wp","href":"https:\/\/api.w.org\/{rel}","templated":true}]}}