{"id":115650,"date":"2020-07-18T16:17:10","date_gmt":"2020-07-18T20:17:10","guid":{"rendered":"https:\/\/digital58.com.ve\/site\/?p=115650"},"modified":"2020-07-18T16:17:10","modified_gmt":"2020-07-18T20:17:10","slug":"retorno-del-futbol-venezolano-podria-ser-en-septiembre","status":"publish","type":"post","link":"https:\/\/digital58.com.ve\/site\/2020\/07\/18\/retorno-del-futbol-venezolano-podria-ser-en-septiembre\/","title":{"rendered":"Retorno del f\u00fatbol venezolano podr\u00eda ser en septiembre"},"content":{"rendered":"<p><img loading=\"lazy\" decoding=\"async\" class=\"size-medium aligncenter\" src=\"https:\/\/ultimasnoticias.com.ve\/wp-content\/uploads\/2020\/06\/Caracas-La-Guaira-.png\" width=\"980\" height=\"731\" \/><\/p>\n<p>Nuevamente comienza a manejarse un posible retorno para el torneo venezolano del 2020, a trav\u00e9s de las redes sociales comenz\u00f3 a circular una \u00abpropuesta\u00bb que abarcar\u00eda tres sedes para reanudar el torneo, las mismas ser\u00edan: Caracas, Valencia, Barinas.<\/p>\n<p><strong>Caracas, DC, Venezuela, 18 de julio de 2020 (ND58).-<\/strong> En la sede de Caracas se encontrar\u00edan los cuatro equipos de la capital: Atl\u00e9tico Venezuela, Caracas F\u00fatbol Club, Deportivo La Guaira y Metropolitanos F\u00fatbol Club, junto a ellos estar\u00edan los tres equipos del oriente venezolano que son Mineros de Guayana, Lala F\u00fatbol Club y Monagas Sport Club, este ser\u00eda el \u00fanico grupo con siete equipos y clasificar\u00edan cuatro a la siguiente ronda.<\/p>\n<p>Entre las fechas que se manejan para el retorno del torneo local se maneja el primero de septiembre como la opci\u00f3n m\u00e1s viable, sin embargo, a\u00fan queda por definirse mucho en las pr\u00f3ximas reuniones entre la FVF, clubes y la Liga, estudiando el avance que pueda tener el COVID-19 en el pa\u00eds.<\/p><div class=\"jfclw6a9d376d9b7a6\" ><p style=\"text-align: center;\"><a href=\"https:\/\/t.me\/noticiasdigital58\" target=\"_blank\" rel=\"noopener\"><img class=\"aligncenter size-full wp-image-125363\" src=\"https:\/\/digital58.com.ve\/site\/wp-content\/uploads\/2021\/04\/banner-telegram-web-2021.png\" alt=\"\" width=\"600\" height=\"90\" \/><\/a><\/p><\/div><style type=\"text\/css\">\r\n@media screen and (min-width: 1201px) {\r\n.jfclw6a9d376d9b7a6 {\r\ndisplay: block;\r\n}\r\n}\r\n@media screen and (min-width: 993px) and (max-width: 1200px) {\r\n.jfclw6a9d376d9b7a6 {\r\ndisplay: block;\r\n}\r\n}\r\n@media screen and (min-width: 769px) and (max-width: 992px) {\r\n.jfclw6a9d376d9b7a6 {\r\ndisplay: block;\r\n}\r\n}\r\n@media screen and (min-width: 768px) and (max-width: 768px) {\r\n.jfclw6a9d376d9b7a6 {\r\ndisplay: block;\r\n}\r\n}\r\n@media screen and (max-width: 767px) {\r\n.jfclw6a9d376d9b7a6 {\r\ndisplay: block;\r\n}\r\n}\r\n<\/style>\r\n\n<p><strong>Redacci\u00f3n: Arismendi, Luis (@arismendiht) | Fuente: FVF<\/strong><br \/>\n<strong>Edici\u00f3n: Ch\u00e1vez, Marian (@marianchavez27)<\/strong><br \/>\n<strong>Gr\u00e1fica: cortes\u00eda<\/strong><\/p>\n<div style=\"margin-top: 0px; margin-bottom: 0px;\" class=\"sharethis-inline-share-buttons\" ><\/div>","protected":false},"excerpt":{"rendered":"<p>Nuevamente comienza a manejarse un posible retorno para el torneo venezolano del 2020, a trav\u00e9s de las redes sociales comenz\u00f3<\/p>\n","protected":false},"author":7,"featured_media":115652,"comment_status":"open","ping_status":"closed","sticky":false,"template":"","format":"standard","meta":{"colormag_page_container_layout":"default_layout","colormag_page_sidebar_layout":"default_layout","_uag_custom_page_level_css":"","footnotes":""},"categories":[5402],"tags":[29,13,14,15,13548,25,233,19,32],"class_list":["post-115650","post","type-post","status-publish","format-standard","has-post-thumbnail","hentry","category-deportes","tag-caracas","tag-futbol","tag-futbol-venezolano","tag-futve","tag-futve-2020","tag-fvf","tag-nacionales","tag-primera-division","tag-venezuela"],"yoast_head":"<!-- This site is optimized with the Yoast SEO plugin v28.4 - https:\/\/yoast.com\/product\/yoast-seo-wordpress\/ -->\n<title>Retorno del f\u00fatbol venezolano podr\u00eda ser en septiembre<\/title>\n<meta name=\"description\" content=\"Deportes\" \/>\n<meta name=\"robots\" content=\"index, follow, max-snippet:-1, max-image-preview:large, max-video-preview:-1\" \/>\n<link rel=\"canonical\" href=\"https:\/\/digital58.com.ve\/site\/2020\/07\/18\/retorno-del-futbol-venezolano-podria-ser-en-septiembre\/\" \/>\n<meta property=\"og:locale\" content=\"es_ES\" \/>\n<meta property=\"og:type\" content=\"article\" \/>\n<meta property=\"og:title\" content=\"Retorno del f\u00fatbol venezolano podr\u00eda ser en septiembre\" \/>\n<meta property=\"og:description\" content=\"Deportes\" \/>\n<meta property=\"og:url\" content=\"https:\/\/digital58.com.ve\/site\/2020\/07\/18\/retorno-del-futbol-venezolano-podria-ser-en-septiembre\/\" \/>\n<meta property=\"og:site_name\" content=\"Noticias Digital58\" \/>\n<meta property=\"article:published_time\" content=\"2020-07-18T20:17:10+00:00\" \/>\n<meta property=\"og:image\" content=\"https:\/\/digital58.com.ve\/site\/wp-content\/uploads\/2020\/07\/Futve-principal.jpg\" \/>\n\t<meta property=\"og:image:width\" content=\"980\" \/>\n\t<meta property=\"og:image:height\" content=\"731\" \/>\n\t<meta property=\"og:image:type\" content=\"image\/jpeg\" \/>\n<meta name=\"author\" content=\"Arismendi Luis\" \/>\n<meta name=\"twitter:card\" content=\"summary_large_image\" \/>\n<meta name=\"twitter:creator\" content=\"@Digital_58\" \/>\n<meta name=\"twitter:site\" content=\"@villasmilhfoto\" \/>\n<meta name=\"twitter:label1\" content=\"Escrito por\" \/>\n\t<meta name=\"twitter:data1\" content=\"Arismendi Luis\" \/>\n\t<meta name=\"twitter:label2\" content=\"Tiempo estimado de lectura\" \/>\n\t<meta name=\"twitter:data2\" content=\"1 minuto\" \/>\n<script type=\"application\/ld+json\" class=\"yoast-schema-graph\">{\"@context\":\"https:\\\/\\\/schema.org\",\"@graph\":[{\"@type\":\"Article\",\"@id\":\"https:\\\/\\\/digital58.com.ve\\\/site\\\/2020\\\/07\\\/18\\\/retorno-del-futbol-venezolano-podria-ser-en-septiembre\\\/#article\",\"isPartOf\":{\"@id\":\"https:\\\/\\\/digital58.com.ve\\\/site\\\/2020\\\/07\\\/18\\\/retorno-del-futbol-venezolano-podria-ser-en-septiembre\\\/\"},\"author\":{\"name\":\"Arismendi Luis\",\"@id\":\"https:\\\/\\\/digital58.com.ve\\\/site\\\/#\\\/schema\\\/person\\\/d79fb9041200d150763851810f3a6e44\"},\"headline\":\"Retorno del f\u00fatbol venezolano podr\u00eda ser en septiembre\",\"datePublished\":\"2020-07-18T20:17:10+00:00\",\"mainEntityOfPage\":{\"@id\":\"https:\\\/\\\/digital58.com.ve\\\/site\\\/2020\\\/07\\\/18\\\/retorno-del-futbol-venezolano-podria-ser-en-septiembre\\\/\"},\"wordCount\":202,\"commentCount\":0,\"publisher\":{\"@id\":\"https:\\\/\\\/digital58.com.ve\\\/site\\\/#\\\/schema\\\/person\\\/64d1c2e4d0d4fd1b849980c4331c2951\"},\"image\":{\"@id\":\"https:\\\/\\\/digital58.com.ve\\\/site\\\/2020\\\/07\\\/18\\\/retorno-del-futbol-venezolano-podria-ser-en-septiembre\\\/#primaryimage\"},\"thumbnailUrl\":\"https:\\\/\\\/digital58.com.ve\\\/site\\\/wp-content\\\/uploads\\\/2020\\\/07\\\/Futve-principal.jpg\",\"keywords\":[\"Caracas\",\"F\u00fatbol\",\"F\u00fatbol Venezolano\",\"Futve\",\"F\u00fatVe 2020\",\"FVF\",\"Nacionales\",\"Primera Divisi\u00f3n\",\"Venezuela\"],\"articleSection\":[\"Deportes\"],\"inLanguage\":\"es\",\"potentialAction\":[{\"@type\":\"CommentAction\",\"name\":\"Comment\",\"target\":[\"https:\\\/\\\/digital58.com.ve\\\/site\\\/2020\\\/07\\\/18\\\/retorno-del-futbol-venezolano-podria-ser-en-septiembre\\\/#respond\"]}]},{\"@type\":\"WebPage\",\"@id\":\"https:\\\/\\\/digital58.com.ve\\\/site\\\/2020\\\/07\\\/18\\\/retorno-del-futbol-venezolano-podria-ser-en-septiembre\\\/\",\"url\":\"https:\\\/\\\/digital58.com.ve\\\/site\\\/2020\\\/07\\\/18\\\/retorno-del-futbol-venezolano-podria-ser-en-septiembre\\\/\",\"name\":\"Retorno del f\u00fatbol venezolano podr\u00eda ser en septiembre\",\"isPartOf\":{\"@id\":\"https:\\\/\\\/digital58.com.ve\\\/site\\\/#website\"},\"primaryImageOfPage\":{\"@id\":\"https:\\\/\\\/digital58.com.ve\\\/site\\\/2020\\\/07\\\/18\\\/retorno-del-futbol-venezolano-podria-ser-en-septiembre\\\/#primaryimage\"},\"image\":{\"@id\":\"https:\\\/\\\/digital58.com.ve\\\/site\\\/2020\\\/07\\\/18\\\/retorno-del-futbol-venezolano-podria-ser-en-septiembre\\\/#primaryimage\"},\"thumbnailUrl\":\"https:\\\/\\\/digital58.com.ve\\\/site\\\/wp-content\\\/uploads\\\/2020\\\/07\\\/Futve-principal.jpg\",\"datePublished\":\"2020-07-18T20:17:10+00:00\",\"description\":\"Deportes\",\"breadcrumb\":{\"@id\":\"https:\\\/\\\/digital58.com.ve\\\/site\\\/2020\\\/07\\\/18\\\/retorno-del-futbol-venezolano-podria-ser-en-septiembre\\\/#breadcrumb\"},\"inLanguage\":\"es\",\"potentialAction\":[{\"@type\":\"ReadAction\",\"target\":[\"https:\\\/\\\/digital58.com.ve\\\/site\\\/2020\\\/07\\\/18\\\/retorno-del-futbol-venezolano-podria-ser-en-septiembre\\\/\"]}]},{\"@type\":\"ImageObject\",\"inLanguage\":\"es\",\"@id\":\"https:\\\/\\\/digital58.com.ve\\\/site\\\/2020\\\/07\\\/18\\\/retorno-del-futbol-venezolano-podria-ser-en-septiembre\\\/#primaryimage\",\"url\":\"https:\\\/\\\/digital58.com.ve\\\/site\\\/wp-content\\\/uploads\\\/2020\\\/07\\\/Futve-principal.jpg\",\"contentUrl\":\"https:\\\/\\\/digital58.com.ve\\\/site\\\/wp-content\\\/uploads\\\/2020\\\/07\\\/Futve-principal.jpg\",\"width\":980,\"height\":731},{\"@type\":\"BreadcrumbList\",\"@id\":\"https:\\\/\\\/digital58.com.ve\\\/site\\\/2020\\\/07\\\/18\\\/retorno-del-futbol-venezolano-podria-ser-en-septiembre\\\/#breadcrumb\",\"itemListElement\":[{\"@type\":\"ListItem\",\"position\":1,\"name\":\"Home\",\"item\":\"https:\\\/\\\/digital58.com.ve\\\/site\\\/\"},{\"@type\":\"ListItem\",\"position\":2,\"name\":\"Retorno del f\u00fatbol venezolano podr\u00eda ser en septiembre\"}]},{\"@type\":\"WebSite\",\"@id\":\"https:\\\/\\\/digital58.com.ve\\\/site\\\/#website\",\"url\":\"https:\\\/\\\/digital58.com.ve\\\/site\\\/\",\"name\":\"Noticias Digital58\",\"description\":\"Portal de Noticias \u00a1Periodismo web de verdad! Lanzamiento web 22.11.2005 \\\/ Maracaibo, Venezuela\",\"publisher\":{\"@id\":\"https:\\\/\\\/digital58.com.ve\\\/site\\\/#\\\/schema\\\/person\\\/64d1c2e4d0d4fd1b849980c4331c2951\"},\"alternateName\":\"ND58\",\"potentialAction\":[{\"@type\":\"SearchAction\",\"target\":{\"@type\":\"EntryPoint\",\"urlTemplate\":\"https:\\\/\\\/digital58.com.ve\\\/site\\\/?s={search_term_string}\"},\"query-input\":{\"@type\":\"PropertyValueSpecification\",\"valueRequired\":true,\"valueName\":\"search_term_string\"}}],\"inLanguage\":\"es\"},{\"@type\":[\"Person\",\"Organization\"],\"@id\":\"https:\\\/\\\/digital58.com.ve\\\/site\\\/#\\\/schema\\\/person\\\/64d1c2e4d0d4fd1b849980c4331c2951\",\"name\":\"Villasmil Henry\",\"image\":{\"@type\":\"ImageObject\",\"inLanguage\":\"es\",\"@id\":\"https:\\\/\\\/secure.gravatar.com\\\/avatar\\\/bb0c4a2fcb7970138239f7e404ea75757b1b507b28b5ce4c53fbd62d797c5a7c?s=96&d=mm&r=g\",\"url\":\"https:\\\/\\\/secure.gravatar.com\\\/avatar\\\/bb0c4a2fcb7970138239f7e404ea75757b1b507b28b5ce4c53fbd62d797c5a7c?s=96&d=mm&r=g\",\"contentUrl\":\"https:\\\/\\\/secure.gravatar.com\\\/avatar\\\/bb0c4a2fcb7970138239f7e404ea75757b1b507b28b5ce4c53fbd62d797c5a7c?s=96&d=mm&r=g\",\"caption\":\"Villasmil Henry\"},\"logo\":{\"@id\":\"https:\\\/\\\/secure.gravatar.com\\\/avatar\\\/bb0c4a2fcb7970138239f7e404ea75757b1b507b28b5ce4c53fbd62d797c5a7c?s=96&d=mm&r=g\"},\"sameAs\":[\"http:\\\/\\\/www.henryvillasmil.com.ve\",\"https:\\\/\\\/www.instagram.com\\\/villasmilhfoto\\\/\",\"https:\\\/\\\/x.com\\\/https:\\\/\\\/twitter.com\\\/villasmilhfoto\"]},{\"@type\":\"Person\",\"@id\":\"https:\\\/\\\/digital58.com.ve\\\/site\\\/#\\\/schema\\\/person\\\/d79fb9041200d150763851810f3a6e44\",\"name\":\"Arismendi Luis\",\"image\":{\"@type\":\"ImageObject\",\"inLanguage\":\"es\",\"@id\":\"https:\\\/\\\/secure.gravatar.com\\\/avatar\\\/076a9c19816f4976b76b8d88be4606fba80dee0aea5ccae15d7f3466053c0615?s=96&d=mm&r=g\",\"url\":\"https:\\\/\\\/secure.gravatar.com\\\/avatar\\\/076a9c19816f4976b76b8d88be4606fba80dee0aea5ccae15d7f3466053c0615?s=96&d=mm&r=g\",\"contentUrl\":\"https:\\\/\\\/secure.gravatar.com\\\/avatar\\\/076a9c19816f4976b76b8d88be4606fba80dee0aea5ccae15d7f3466053c0615?s=96&d=mm&r=g\",\"caption\":\"Arismendi Luis\"},\"url\":\"https:\\\/\\\/digital58.com.ve\\\/site\\\/author\\\/arismendi17\\\/\"}]}<\/script>\n<!-- \/ Yoast SEO plugin. -->","yoast_head_json":{"title":"Retorno del f\u00fatbol venezolano podr\u00eda ser en septiembre","description":"Deportes","robots":{"index":"index","follow":"follow","max-snippet":"max-snippet:-1","max-image-preview":"max-image-preview:large","max-video-preview":"max-video-preview:-1"},"canonical":"https:\/\/digital58.com.ve\/site\/2020\/07\/18\/retorno-del-futbol-venezolano-podria-ser-en-septiembre\/","og_locale":"es_ES","og_type":"article","og_title":"Retorno del f\u00fatbol venezolano podr\u00eda ser en septiembre","og_description":"Deportes","og_url":"https:\/\/digital58.com.ve\/site\/2020\/07\/18\/retorno-del-futbol-venezolano-podria-ser-en-septiembre\/","og_site_name":"Noticias Digital58","article_published_time":"2020-07-18T20:17:10+00:00","og_image":[{"width":980,"height":731,"url":"https:\/\/digital58.com.ve\/site\/wp-content\/uploads\/2020\/07\/Futve-principal.jpg","type":"image\/jpeg"}],"author":"Arismendi Luis","twitter_card":"summary_large_image","twitter_creator":"@Digital_58","twitter_site":"@villasmilhfoto","twitter_misc":{"Escrito por":"Arismendi Luis","Tiempo estimado de lectura":"1 minuto"},"schema":{"@context":"https:\/\/schema.org","@graph":[{"@type":"Article","@id":"https:\/\/digital58.com.ve\/site\/2020\/07\/18\/retorno-del-futbol-venezolano-podria-ser-en-septiembre\/#article","isPartOf":{"@id":"https:\/\/digital58.com.ve\/site\/2020\/07\/18\/retorno-del-futbol-venezolano-podria-ser-en-septiembre\/"},"author":{"name":"Arismendi Luis","@id":"https:\/\/digital58.com.ve\/site\/#\/schema\/person\/d79fb9041200d150763851810f3a6e44"},"headline":"Retorno del f\u00fatbol venezolano podr\u00eda ser en septiembre","datePublished":"2020-07-18T20:17:10+00:00","mainEntityOfPage":{"@id":"https:\/\/digital58.com.ve\/site\/2020\/07\/18\/retorno-del-futbol-venezolano-podria-ser-en-septiembre\/"},"wordCount":202,"commentCount":0,"publisher":{"@id":"https:\/\/digital58.com.ve\/site\/#\/schema\/person\/64d1c2e4d0d4fd1b849980c4331c2951"},"image":{"@id":"https:\/\/digital58.com.ve\/site\/2020\/07\/18\/retorno-del-futbol-venezolano-podria-ser-en-septiembre\/#primaryimage"},"thumbnailUrl":"https:\/\/digital58.com.ve\/site\/wp-content\/uploads\/2020\/07\/Futve-principal.jpg","keywords":["Caracas","F\u00fatbol","F\u00fatbol Venezolano","Futve","F\u00fatVe 2020","FVF","Nacionales","Primera Divisi\u00f3n","Venezuela"],"articleSection":["Deportes"],"inLanguage":"es","potentialAction":[{"@type":"CommentAction","name":"Comment","target":["https:\/\/digital58.com.ve\/site\/2020\/07\/18\/retorno-del-futbol-venezolano-podria-ser-en-septiembre\/#respond"]}]},{"@type":"WebPage","@id":"https:\/\/digital58.com.ve\/site\/2020\/07\/18\/retorno-del-futbol-venezolano-podria-ser-en-septiembre\/","url":"https:\/\/digital58.com.ve\/site\/2020\/07\/18\/retorno-del-futbol-venezolano-podria-ser-en-septiembre\/","name":"Retorno del f\u00fatbol venezolano podr\u00eda ser en septiembre","isPartOf":{"@id":"https:\/\/digital58.com.ve\/site\/#website"},"primaryImageOfPage":{"@id":"https:\/\/digital58.com.ve\/site\/2020\/07\/18\/retorno-del-futbol-venezolano-podria-ser-en-septiembre\/#primaryimage"},"image":{"@id":"https:\/\/digital58.com.ve\/site\/2020\/07\/18\/retorno-del-futbol-venezolano-podria-ser-en-septiembre\/#primaryimage"},"thumbnailUrl":"https:\/\/digital58.com.ve\/site\/wp-content\/uploads\/2020\/07\/Futve-principal.jpg","datePublished":"2020-07-18T20:17:10+00:00","description":"Deportes","breadcrumb":{"@id":"https:\/\/digital58.com.ve\/site\/2020\/07\/18\/retorno-del-futbol-venezolano-podria-ser-en-septiembre\/#breadcrumb"},"inLanguage":"es","potentialAction":[{"@type":"ReadAction","target":["https:\/\/digital58.com.ve\/site\/2020\/07\/18\/retorno-del-futbol-venezolano-podria-ser-en-septiembre\/"]}]},{"@type":"ImageObject","inLanguage":"es","@id":"https:\/\/digital58.com.ve\/site\/2020\/07\/18\/retorno-del-futbol-venezolano-podria-ser-en-septiembre\/#primaryimage","url":"https:\/\/digital58.com.ve\/site\/wp-content\/uploads\/2020\/07\/Futve-principal.jpg","contentUrl":"https:\/\/digital58.com.ve\/site\/wp-content\/uploads\/2020\/07\/Futve-principal.jpg","width":980,"height":731},{"@type":"BreadcrumbList","@id":"https:\/\/digital58.com.ve\/site\/2020\/07\/18\/retorno-del-futbol-venezolano-podria-ser-en-septiembre\/#breadcrumb","itemListElement":[{"@type":"ListItem","position":1,"name":"Home","item":"https:\/\/digital58.com.ve\/site\/"},{"@type":"ListItem","position":2,"name":"Retorno del f\u00fatbol venezolano podr\u00eda ser en septiembre"}]},{"@type":"WebSite","@id":"https:\/\/digital58.com.ve\/site\/#website","url":"https:\/\/digital58.com.ve\/site\/","name":"Noticias Digital58","description":"Portal de Noticias \u00a1Periodismo web de verdad! Lanzamiento web 22.11.2005 \/ Maracaibo, Venezuela","publisher":{"@id":"https:\/\/digital58.com.ve\/site\/#\/schema\/person\/64d1c2e4d0d4fd1b849980c4331c2951"},"alternateName":"ND58","potentialAction":[{"@type":"SearchAction","target":{"@type":"EntryPoint","urlTemplate":"https:\/\/digital58.com.ve\/site\/?s={search_term_string}"},"query-input":{"@type":"PropertyValueSpecification","valueRequired":true,"valueName":"search_term_string"}}],"inLanguage":"es"},{"@type":["Person","Organization"],"@id":"https:\/\/digital58.com.ve\/site\/#\/schema\/person\/64d1c2e4d0d4fd1b849980c4331c2951","name":"Villasmil Henry","image":{"@type":"ImageObject","inLanguage":"es","@id":"https:\/\/secure.gravatar.com\/avatar\/bb0c4a2fcb7970138239f7e404ea75757b1b507b28b5ce4c53fbd62d797c5a7c?s=96&d=mm&r=g","url":"https:\/\/secure.gravatar.com\/avatar\/bb0c4a2fcb7970138239f7e404ea75757b1b507b28b5ce4c53fbd62d797c5a7c?s=96&d=mm&r=g","contentUrl":"https:\/\/secure.gravatar.com\/avatar\/bb0c4a2fcb7970138239f7e404ea75757b1b507b28b5ce4c53fbd62d797c5a7c?s=96&d=mm&r=g","caption":"Villasmil Henry"},"logo":{"@id":"https:\/\/secure.gravatar.com\/avatar\/bb0c4a2fcb7970138239f7e404ea75757b1b507b28b5ce4c53fbd62d797c5a7c?s=96&d=mm&r=g"},"sameAs":["http:\/\/www.henryvillasmil.com.ve","https:\/\/www.instagram.com\/villasmilhfoto\/","https:\/\/x.com\/https:\/\/twitter.com\/villasmilhfoto"]},{"@type":"Person","@id":"https:\/\/digital58.com.ve\/site\/#\/schema\/person\/d79fb9041200d150763851810f3a6e44","name":"Arismendi Luis","image":{"@type":"ImageObject","inLanguage":"es","@id":"https:\/\/secure.gravatar.com\/avatar\/076a9c19816f4976b76b8d88be4606fba80dee0aea5ccae15d7f3466053c0615?s=96&d=mm&r=g","url":"https:\/\/secure.gravatar.com\/avatar\/076a9c19816f4976b76b8d88be4606fba80dee0aea5ccae15d7f3466053c0615?s=96&d=mm&r=g","contentUrl":"https:\/\/secure.gravatar.com\/avatar\/076a9c19816f4976b76b8d88be4606fba80dee0aea5ccae15d7f3466053c0615?s=96&d=mm&r=g","caption":"Arismendi Luis"},"url":"https:\/\/digital58.com.ve\/site\/author\/arismendi17\/"}]}},"uagb_featured_image_src":{"full":["https:\/\/digital58.com.ve\/site\/wp-content\/uploads\/2020\/07\/Futve-principal.jpg",980,731,false],"thumbnail":["https:\/\/digital58.com.ve\/site\/wp-content\/uploads\/2020\/07\/Futve-principal-150x150.jpg",150,150,true],"medium":["https:\/\/digital58.com.ve\/site\/wp-content\/uploads\/2020\/07\/Futve-principal-300x224.jpg",300,224,true],"medium_large":["https:\/\/digital58.com.ve\/site\/wp-content\/uploads\/2020\/07\/Futve-principal-768x573.jpg",768,573,true],"large":["https:\/\/digital58.com.ve\/site\/wp-content\/uploads\/2020\/07\/Futve-principal.jpg",800,597,false],"1536x1536":["https:\/\/digital58.com.ve\/site\/wp-content\/uploads\/2020\/07\/Futve-principal.jpg",980,731,false],"2048x2048":["https:\/\/digital58.com.ve\/site\/wp-content\/uploads\/2020\/07\/Futve-principal.jpg",980,731,false],"colormag-highlighted-post":["https:\/\/digital58.com.ve\/site\/wp-content\/uploads\/2020\/07\/Futve-principal.jpg",365,272,false],"colormag-featured-post-medium":["https:\/\/digital58.com.ve\/site\/wp-content\/uploads\/2020\/07\/Futve-principal.jpg",275,205,false],"colormag-featured-post-small":["https:\/\/digital58.com.ve\/site\/wp-content\/uploads\/2020\/07\/Futve-principal.jpg",121,90,false],"colormag-featured-image":["https:\/\/digital58.com.ve\/site\/wp-content\/uploads\/2020\/07\/Futve-principal.jpg",597,445,false],"colormag-default-news":["https:\/\/digital58.com.ve\/site\/wp-content\/uploads\/2020\/07\/Futve-principal.jpg",150,112,false],"colormag-featured-image-large":["https:\/\/digital58.com.ve\/site\/wp-content\/uploads\/2020\/07\/Futve-principal.jpg",804,600,false]},"uagb_author_info":{"display_name":"Arismendi Luis","author_link":"https:\/\/digital58.com.ve\/site\/author\/arismendi17\/"},"uagb_comment_info":0,"uagb_excerpt":"Nuevamente comienza a manejarse un posible retorno para el torneo venezolano del 2020, a trav\u00e9s de las redes sociales comenz\u00f3","_links":{"self":[{"href":"https:\/\/digital58.com.ve\/site\/wp-json\/wp\/v2\/posts\/115650","targetHints":{"allow":["GET"]}}],"collection":[{"href":"https:\/\/digital58.com.ve\/site\/wp-json\/wp\/v2\/posts"}],"about":[{"href":"https:\/\/digital58.com.ve\/site\/wp-json\/wp\/v2\/types\/post"}],"author":[{"embeddable":true,"href":"https:\/\/digital58.com.ve\/site\/wp-json\/wp\/v2\/users\/7"}],"replies":[{"embeddable":true,"href":"https:\/\/digital58.com.ve\/site\/wp-json\/wp\/v2\/comments?post=115650"}],"version-history":[{"count":0,"href":"https:\/\/digital58.com.ve\/site\/wp-json\/wp\/v2\/posts\/115650\/revisions"}],"wp:featuredmedia":[{"embeddable":true,"href":"https:\/\/digital58.com.ve\/site\/wp-json\/wp\/v2\/media\/115652"}],"wp:attachment":[{"href":"https:\/\/digital58.com.ve\/site\/wp-json\/wp\/v2\/media?parent=115650"}],"wp:term":[{"taxonomy":"category","embeddable":true,"href":"https:\/\/digital58.com.ve\/site\/wp-json\/wp\/v2\/categories?post=115650"},{"taxonomy":"post_tag","embeddable":true,"href":"https:\/\/digital58.com.ve\/site\/wp-json\/wp\/v2\/tags?post=115650"}],"curies":[{"name":"wp","href":"https:\/\/api.w.org\/{rel}","templated":true}]}}