{"id":115656,"date":"2020-07-18T22:23:13","date_gmt":"2020-07-19T02:23:13","guid":{"rendered":"https:\/\/digital58.com.ve\/site\/?p=115656"},"modified":"2020-07-18T22:51:13","modified_gmt":"2020-07-19T02:51:13","slug":"este-sabado-se-registraron-292-pacientes-de-covid-19-en-venezuela","status":"publish","type":"post","link":"https:\/\/digital58.com.ve\/site\/2020\/07\/18\/este-sabado-se-registraron-292-pacientes-de-covid-19-en-venezuela\/","title":{"rendered":"Este s\u00e1bado se registraron 292 pacientes de COVID-19 en Venezuela"},"content":{"rendered":"<p><img loading=\"lazy\" decoding=\"async\" class=\"alignnone size-full wp-image-115664\" src=\"https:\/\/digital58.com.ve\/site\/wp-content\/uploads\/2020\/07\/balance-covid.jpg\" alt=\"\" width=\"1000\" height=\"667\" srcset=\"https:\/\/digital58.com.ve\/site\/wp-content\/uploads\/2020\/07\/balance-covid.jpg 800w, https:\/\/digital58.com.ve\/site\/wp-content\/uploads\/2020\/07\/balance-covid-300x200.jpg 300w, https:\/\/digital58.com.ve\/site\/wp-content\/uploads\/2020\/07\/balance-covid-768x512.jpg 768w, https:\/\/digital58.com.ve\/site\/wp-content\/uploads\/2020\/07\/balance-covid-720x480.jpg 720w, https:\/\/digital58.com.ve\/site\/wp-content\/uploads\/2020\/07\/balance-covid-480x320.jpg 480w\" sizes=\"auto, (max-width: 1000px) 100vw, 1000px\" \/><\/p>\n<p><strong><br \/>\n<\/strong>El ministro Rodr\u00edguez report\u00f3 tres fallecidos para un total de 110 muertos desde que inici\u00f3 la cuarentena en el pa\u00eds.<\/p>\n<p><strong>Caracas, Venezuela, 18 de julio de 2020 (ND58)<\/strong>. \u00a0El COVID-19 no da tregua en Venezuela. Para este s\u00e1bado se reportaron 292 pacientes, 239 de ellos se contagiaron por contacto comunitario y 53 son importados. As\u00ed lo asever\u00f3 el ministro de Comunicaci\u00f3n, Jorge Rodr\u00edguez. En total, el pa\u00eds contabiliza 11.483 en estos 125 d\u00edas de cuarentena.<\/p>\n<p>En el Distrito Capital se registraron 140 enfermos; Miranda, 36; Carabobo 15; Delta Amacuro 12; Cojedes, 8; La Guaira, 7; Lara, 6; Zulia, 5; Portuguesa, 4; Falc\u00f3n, 3; Gu\u00e1rico, 2; y Aragua 1.<\/p>\n<p>Los 53 casos importados provienen de Colombia e ingresaron por Apure 31 personas; 14 por T\u00e1chira, y 8 por Zulia.<\/p>\n<blockquote class=\"twitter-tweet\">\n<p dir=\"ltr\" lang=\"es\"><a href=\"https:\/\/twitter.com\/hashtag\/AUDIO?src=hash&amp;ref_src=twsrc%5Etfw\">#AUDIO<\/a>?| Vicepresidente de Comunicaci\u00f3n, <a href=\"https:\/\/twitter.com\/jorgerpsuv?ref_src=twsrc%5Etfw\">@jorgerpsuv<\/a>: Registramos en las \u00faltimas 24 horas 239 casos de transmisi\u00f3n Comunitaria:<\/p>\n<p>140 Distrito Capital<br \/>\n36 Miranda<br \/>\n15 Carabobo<br \/>\n12 Delta Amacuro<br \/>\n8 Cojedes<br \/>\n7 La Guaira<br \/>\n6 Lara<br \/>\n5 Zulia<br \/>\n4 Portuguesa<br \/>\n3 Falc\u00f3n<br \/>\n2 Gu\u00e1rico<br \/>\n1 Aragua <a href=\"https:\/\/t.co\/fUznXQTJ6V\">pic.twitter.com\/fUznXQTJ6V<\/a><\/p>\n<p>\u2014 VTV CANAL 8 (@VTVcanal8) <a href=\"https:\/\/twitter.com\/VTVcanal8\/status\/1284674652921647113?ref_src=twsrc%5Etfw\">July 19, 2020<\/a><\/p><\/blockquote>\n<p><script async src=\"https:\/\/platform.twitter.com\/widgets.js\" charset=\"utf-8\"><\/script><\/p>\n<p>Rodr\u00edguez report\u00f3 tres fallecidos para un total de 110 muertos desde que inici\u00f3 la cuarentena en el pa\u00eds.<\/p>\n<p>En 17 d\u00edas de julio, el pa\u00eds registr\u00f3 5539 contagiados con el nuevo coronavirus, cifra que supera a todos los casos que se reportaron durante junio.<\/p><div class=\"jagjo69f2a0e7653a9\" ><p style=\"text-align: center;\"><a href=\"https:\/\/t.me\/noticiasdigital58\" target=\"_blank\" rel=\"noopener\"><img class=\"aligncenter size-full wp-image-125363\" src=\"https:\/\/digital58.com.ve\/site\/wp-content\/uploads\/2021\/04\/banner-telegram-web-2021.png\" alt=\"\" width=\"600\" height=\"90\" \/><\/a><\/p><\/div><style type=\"text\/css\">\r\n@media screen and (min-width: 1201px) {\r\n.jagjo69f2a0e7653a9 {\r\ndisplay: block;\r\n}\r\n}\r\n@media screen and (min-width: 993px) and (max-width: 1200px) {\r\n.jagjo69f2a0e7653a9 {\r\ndisplay: block;\r\n}\r\n}\r\n@media screen and (min-width: 769px) and (max-width: 992px) {\r\n.jagjo69f2a0e7653a9 {\r\ndisplay: block;\r\n}\r\n}\r\n@media screen and (min-width: 768px) and (max-width: 768px) {\r\n.jagjo69f2a0e7653a9 {\r\ndisplay: block;\r\n}\r\n}\r\n@media screen and (max-width: 767px) {\r\n.jagjo69f2a0e7653a9 {\r\ndisplay: block;\r\n}\r\n}\r\n<\/style>\r\n\n<p><strong>Redacci\u00f3n: Ch\u00e1vez, Marian (<\/strong><a href=\"https:\/\/web.telegram.org\/#\/im?p=%40Marianchavez27\"><strong>@Marianchavez27<\/strong><\/a><strong>)\u00a0<\/strong><strong><br \/>\nEdici\u00f3n: Villasmil, Henry<br \/>\nGr\u00e1fica: Archivo\u00a0<\/strong><\/p>\n<div style=\"margin-top: 0px; margin-bottom: 0px;\" class=\"sharethis-inline-share-buttons\" ><\/div>","protected":false},"excerpt":{"rendered":"<p>El ministro Rodr\u00edguez report\u00f3 tres fallecidos para un total de 110 muertos desde que inici\u00f3 la cuarentena en el pa\u00eds.<\/p>\n","protected":false},"author":31,"featured_media":115664,"comment_status":"open","ping_status":"closed","sticky":false,"template":"","format":"standard","meta":{"colormag_page_container_layout":"default_layout","colormag_page_sidebar_layout":"default_layout","_uag_custom_page_level_css":"","footnotes":""},"categories":[16454],"tags":[29,13648,13813,233,13723,14457,32],"class_list":["post-115656","post","type-post","status-publish","format-standard","has-post-thumbnail","hentry","category-venezuela","tag-caracas","tag-covid-19","tag-jorge-rodriguez","tag-nacionales","tag-pandemia","tag-reporte-diario-covid-19","tag-venezuela"],"yoast_head":"<!-- This site is optimized with the Yoast SEO plugin v27.5 - https:\/\/yoast.com\/product\/yoast-seo-wordpress\/ -->\n<title>Este s\u00e1bado se registraron 292 pacientes de COVID-19 en Venezuela<\/title>\n<meta name=\"description\" content=\"Venezuela\" \/>\n<meta name=\"robots\" content=\"index, follow, max-snippet:-1, max-image-preview:large, max-video-preview:-1\" \/>\n<link rel=\"canonical\" href=\"https:\/\/digital58.com.ve\/site\/2020\/07\/18\/este-sabado-se-registraron-292-pacientes-de-covid-19-en-venezuela\/\" \/>\n<meta property=\"og:locale\" content=\"es_ES\" \/>\n<meta property=\"og:type\" content=\"article\" \/>\n<meta property=\"og:title\" content=\"Este s\u00e1bado se registraron 292 pacientes de COVID-19 en Venezuela\" \/>\n<meta property=\"og:description\" content=\"Venezuela\" \/>\n<meta property=\"og:url\" content=\"https:\/\/digital58.com.ve\/site\/2020\/07\/18\/este-sabado-se-registraron-292-pacientes-de-covid-19-en-venezuela\/\" \/>\n<meta property=\"og:site_name\" content=\"Noticias Digital58\" \/>\n<meta property=\"article:published_time\" content=\"2020-07-19T02:23:13+00:00\" \/>\n<meta property=\"article:modified_time\" content=\"2020-07-19T02:51:13+00:00\" \/>\n<meta property=\"og:image\" content=\"https:\/\/digital58.com.ve\/site\/wp-content\/uploads\/2020\/07\/balance-covid.jpg\" \/>\n\t<meta property=\"og:image:width\" content=\"1000\" \/>\n\t<meta property=\"og:image:height\" content=\"667\" \/>\n\t<meta property=\"og:image:type\" content=\"image\/jpeg\" \/>\n<meta name=\"author\" content=\"Chavez Castro Marian\" \/>\n<meta name=\"twitter:card\" content=\"summary_large_image\" \/>\n<meta name=\"twitter:creator\" content=\"@Digital_58\" \/>\n<meta name=\"twitter:site\" content=\"@villasmilhfoto\" \/>\n<meta name=\"twitter:label1\" content=\"Escrito por\" \/>\n\t<meta name=\"twitter:data1\" content=\"Chavez Castro Marian\" \/>\n\t<meta name=\"twitter:label2\" content=\"Tiempo estimado de lectura\" \/>\n\t<meta name=\"twitter:data2\" content=\"1 minuto\" \/>\n<script type=\"application\/ld+json\" class=\"yoast-schema-graph\">{\"@context\":\"https:\\\/\\\/schema.org\",\"@graph\":[{\"@type\":\"Article\",\"@id\":\"https:\\\/\\\/digital58.com.ve\\\/site\\\/2020\\\/07\\\/18\\\/este-sabado-se-registraron-292-pacientes-de-covid-19-en-venezuela\\\/#article\",\"isPartOf\":{\"@id\":\"https:\\\/\\\/digital58.com.ve\\\/site\\\/2020\\\/07\\\/18\\\/este-sabado-se-registraron-292-pacientes-de-covid-19-en-venezuela\\\/\"},\"author\":{\"name\":\"Chavez Castro Marian\",\"@id\":\"https:\\\/\\\/digital58.com.ve\\\/site\\\/#\\\/schema\\\/person\\\/9c0f3a88cb18ad2a045bf3b5d13c0a49\"},\"headline\":\"Este s\u00e1bado se registraron 292 pacientes de COVID-19 en Venezuela\",\"datePublished\":\"2020-07-19T02:23:13+00:00\",\"dateModified\":\"2020-07-19T02:51:13+00:00\",\"mainEntityOfPage\":{\"@id\":\"https:\\\/\\\/digital58.com.ve\\\/site\\\/2020\\\/07\\\/18\\\/este-sabado-se-registraron-292-pacientes-de-covid-19-en-venezuela\\\/\"},\"wordCount\":224,\"commentCount\":0,\"publisher\":{\"@id\":\"https:\\\/\\\/digital58.com.ve\\\/site\\\/#\\\/schema\\\/person\\\/64d1c2e4d0d4fd1b849980c4331c2951\"},\"image\":{\"@id\":\"https:\\\/\\\/digital58.com.ve\\\/site\\\/2020\\\/07\\\/18\\\/este-sabado-se-registraron-292-pacientes-de-covid-19-en-venezuela\\\/#primaryimage\"},\"thumbnailUrl\":\"https:\\\/\\\/digital58.com.ve\\\/site\\\/wp-content\\\/uploads\\\/2020\\\/07\\\/balance-covid.jpg\",\"keywords\":[\"Caracas\",\"COVID-19\",\"Jorge Rodr\u00edguez\",\"Nacionales\",\"Pandemia\",\"Reporte Diario COVID-19\",\"Venezuela\"],\"articleSection\":[\"Venezuela\"],\"inLanguage\":\"es\",\"potentialAction\":[{\"@type\":\"CommentAction\",\"name\":\"Comment\",\"target\":[\"https:\\\/\\\/digital58.com.ve\\\/site\\\/2020\\\/07\\\/18\\\/este-sabado-se-registraron-292-pacientes-de-covid-19-en-venezuela\\\/#respond\"]}]},{\"@type\":\"WebPage\",\"@id\":\"https:\\\/\\\/digital58.com.ve\\\/site\\\/2020\\\/07\\\/18\\\/este-sabado-se-registraron-292-pacientes-de-covid-19-en-venezuela\\\/\",\"url\":\"https:\\\/\\\/digital58.com.ve\\\/site\\\/2020\\\/07\\\/18\\\/este-sabado-se-registraron-292-pacientes-de-covid-19-en-venezuela\\\/\",\"name\":\"Este s\u00e1bado se registraron 292 pacientes de COVID-19 en Venezuela\",\"isPartOf\":{\"@id\":\"https:\\\/\\\/digital58.com.ve\\\/site\\\/#website\"},\"primaryImageOfPage\":{\"@id\":\"https:\\\/\\\/digital58.com.ve\\\/site\\\/2020\\\/07\\\/18\\\/este-sabado-se-registraron-292-pacientes-de-covid-19-en-venezuela\\\/#primaryimage\"},\"image\":{\"@id\":\"https:\\\/\\\/digital58.com.ve\\\/site\\\/2020\\\/07\\\/18\\\/este-sabado-se-registraron-292-pacientes-de-covid-19-en-venezuela\\\/#primaryimage\"},\"thumbnailUrl\":\"https:\\\/\\\/digital58.com.ve\\\/site\\\/wp-content\\\/uploads\\\/2020\\\/07\\\/balance-covid.jpg\",\"datePublished\":\"2020-07-19T02:23:13+00:00\",\"dateModified\":\"2020-07-19T02:51:13+00:00\",\"description\":\"Venezuela\",\"breadcrumb\":{\"@id\":\"https:\\\/\\\/digital58.com.ve\\\/site\\\/2020\\\/07\\\/18\\\/este-sabado-se-registraron-292-pacientes-de-covid-19-en-venezuela\\\/#breadcrumb\"},\"inLanguage\":\"es\",\"potentialAction\":[{\"@type\":\"ReadAction\",\"target\":[\"https:\\\/\\\/digital58.com.ve\\\/site\\\/2020\\\/07\\\/18\\\/este-sabado-se-registraron-292-pacientes-de-covid-19-en-venezuela\\\/\"]}]},{\"@type\":\"ImageObject\",\"inLanguage\":\"es\",\"@id\":\"https:\\\/\\\/digital58.com.ve\\\/site\\\/2020\\\/07\\\/18\\\/este-sabado-se-registraron-292-pacientes-de-covid-19-en-venezuela\\\/#primaryimage\",\"url\":\"https:\\\/\\\/digital58.com.ve\\\/site\\\/wp-content\\\/uploads\\\/2020\\\/07\\\/balance-covid.jpg\",\"contentUrl\":\"https:\\\/\\\/digital58.com.ve\\\/site\\\/wp-content\\\/uploads\\\/2020\\\/07\\\/balance-covid.jpg\",\"width\":800,\"height\":534},{\"@type\":\"BreadcrumbList\",\"@id\":\"https:\\\/\\\/digital58.com.ve\\\/site\\\/2020\\\/07\\\/18\\\/este-sabado-se-registraron-292-pacientes-de-covid-19-en-venezuela\\\/#breadcrumb\",\"itemListElement\":[{\"@type\":\"ListItem\",\"position\":1,\"name\":\"Home\",\"item\":\"https:\\\/\\\/digital58.com.ve\\\/site\\\/\"},{\"@type\":\"ListItem\",\"position\":2,\"name\":\"Este s\u00e1bado se registraron 292 pacientes de COVID-19 en Venezuela\"}]},{\"@type\":\"WebSite\",\"@id\":\"https:\\\/\\\/digital58.com.ve\\\/site\\\/#website\",\"url\":\"https:\\\/\\\/digital58.com.ve\\\/site\\\/\",\"name\":\"Noticias Digital58\",\"description\":\"Portal de Noticias \u00a1Periodismo web de verdad! Lanzamiento web 22.11.2005 \\\/ Maracaibo, Venezuela\",\"publisher\":{\"@id\":\"https:\\\/\\\/digital58.com.ve\\\/site\\\/#\\\/schema\\\/person\\\/64d1c2e4d0d4fd1b849980c4331c2951\"},\"alternateName\":\"ND58\",\"potentialAction\":[{\"@type\":\"SearchAction\",\"target\":{\"@type\":\"EntryPoint\",\"urlTemplate\":\"https:\\\/\\\/digital58.com.ve\\\/site\\\/?s={search_term_string}\"},\"query-input\":{\"@type\":\"PropertyValueSpecification\",\"valueRequired\":true,\"valueName\":\"search_term_string\"}}],\"inLanguage\":\"es\"},{\"@type\":[\"Person\",\"Organization\"],\"@id\":\"https:\\\/\\\/digital58.com.ve\\\/site\\\/#\\\/schema\\\/person\\\/64d1c2e4d0d4fd1b849980c4331c2951\",\"name\":\"Villasmil Henry\",\"image\":{\"@type\":\"ImageObject\",\"inLanguage\":\"es\",\"@id\":\"https:\\\/\\\/secure.gravatar.com\\\/avatar\\\/bb0c4a2fcb7970138239f7e404ea75757b1b507b28b5ce4c53fbd62d797c5a7c?s=96&d=mm&r=g\",\"url\":\"https:\\\/\\\/secure.gravatar.com\\\/avatar\\\/bb0c4a2fcb7970138239f7e404ea75757b1b507b28b5ce4c53fbd62d797c5a7c?s=96&d=mm&r=g\",\"contentUrl\":\"https:\\\/\\\/secure.gravatar.com\\\/avatar\\\/bb0c4a2fcb7970138239f7e404ea75757b1b507b28b5ce4c53fbd62d797c5a7c?s=96&d=mm&r=g\",\"caption\":\"Villasmil Henry\"},\"logo\":{\"@id\":\"https:\\\/\\\/secure.gravatar.com\\\/avatar\\\/bb0c4a2fcb7970138239f7e404ea75757b1b507b28b5ce4c53fbd62d797c5a7c?s=96&d=mm&r=g\"},\"sameAs\":[\"http:\\\/\\\/www.henryvillasmil.com.ve\",\"https:\\\/\\\/www.instagram.com\\\/villasmilhfoto\\\/\",\"https:\\\/\\\/x.com\\\/https:\\\/\\\/twitter.com\\\/villasmilhfoto\"]},{\"@type\":\"Person\",\"@id\":\"https:\\\/\\\/digital58.com.ve\\\/site\\\/#\\\/schema\\\/person\\\/9c0f3a88cb18ad2a045bf3b5d13c0a49\",\"name\":\"Chavez Castro Marian\",\"image\":{\"@type\":\"ImageObject\",\"inLanguage\":\"es\",\"@id\":\"https:\\\/\\\/secure.gravatar.com\\\/avatar\\\/f0d85074342e38d350fb5a6141afb1fb5c0ef9cb2f88442cd5535b1a7fe29dbd?s=96&d=mm&r=g\",\"url\":\"https:\\\/\\\/secure.gravatar.com\\\/avatar\\\/f0d85074342e38d350fb5a6141afb1fb5c0ef9cb2f88442cd5535b1a7fe29dbd?s=96&d=mm&r=g\",\"contentUrl\":\"https:\\\/\\\/secure.gravatar.com\\\/avatar\\\/f0d85074342e38d350fb5a6141afb1fb5c0ef9cb2f88442cd5535b1a7fe29dbd?s=96&d=mm&r=g\",\"caption\":\"Chavez Castro Marian\"},\"url\":\"https:\\\/\\\/digital58.com.ve\\\/site\\\/author\\\/mchavezcastro\\\/\"}]}<\/script>\n<!-- \/ Yoast SEO plugin. -->","yoast_head_json":{"title":"Este s\u00e1bado se registraron 292 pacientes de COVID-19 en Venezuela","description":"Venezuela","robots":{"index":"index","follow":"follow","max-snippet":"max-snippet:-1","max-image-preview":"max-image-preview:large","max-video-preview":"max-video-preview:-1"},"canonical":"https:\/\/digital58.com.ve\/site\/2020\/07\/18\/este-sabado-se-registraron-292-pacientes-de-covid-19-en-venezuela\/","og_locale":"es_ES","og_type":"article","og_title":"Este s\u00e1bado se registraron 292 pacientes de COVID-19 en Venezuela","og_description":"Venezuela","og_url":"https:\/\/digital58.com.ve\/site\/2020\/07\/18\/este-sabado-se-registraron-292-pacientes-de-covid-19-en-venezuela\/","og_site_name":"Noticias Digital58","article_published_time":"2020-07-19T02:23:13+00:00","article_modified_time":"2020-07-19T02:51:13+00:00","og_image":[{"width":1000,"height":667,"url":"https:\/\/digital58.com.ve\/site\/wp-content\/uploads\/2020\/07\/balance-covid.jpg","type":"image\/jpeg"}],"author":"Chavez Castro Marian","twitter_card":"summary_large_image","twitter_creator":"@Digital_58","twitter_site":"@villasmilhfoto","twitter_misc":{"Escrito por":"Chavez Castro Marian","Tiempo estimado de lectura":"1 minuto"},"schema":{"@context":"https:\/\/schema.org","@graph":[{"@type":"Article","@id":"https:\/\/digital58.com.ve\/site\/2020\/07\/18\/este-sabado-se-registraron-292-pacientes-de-covid-19-en-venezuela\/#article","isPartOf":{"@id":"https:\/\/digital58.com.ve\/site\/2020\/07\/18\/este-sabado-se-registraron-292-pacientes-de-covid-19-en-venezuela\/"},"author":{"name":"Chavez Castro Marian","@id":"https:\/\/digital58.com.ve\/site\/#\/schema\/person\/9c0f3a88cb18ad2a045bf3b5d13c0a49"},"headline":"Este s\u00e1bado se registraron 292 pacientes de COVID-19 en Venezuela","datePublished":"2020-07-19T02:23:13+00:00","dateModified":"2020-07-19T02:51:13+00:00","mainEntityOfPage":{"@id":"https:\/\/digital58.com.ve\/site\/2020\/07\/18\/este-sabado-se-registraron-292-pacientes-de-covid-19-en-venezuela\/"},"wordCount":224,"commentCount":0,"publisher":{"@id":"https:\/\/digital58.com.ve\/site\/#\/schema\/person\/64d1c2e4d0d4fd1b849980c4331c2951"},"image":{"@id":"https:\/\/digital58.com.ve\/site\/2020\/07\/18\/este-sabado-se-registraron-292-pacientes-de-covid-19-en-venezuela\/#primaryimage"},"thumbnailUrl":"https:\/\/digital58.com.ve\/site\/wp-content\/uploads\/2020\/07\/balance-covid.jpg","keywords":["Caracas","COVID-19","Jorge Rodr\u00edguez","Nacionales","Pandemia","Reporte Diario COVID-19","Venezuela"],"articleSection":["Venezuela"],"inLanguage":"es","potentialAction":[{"@type":"CommentAction","name":"Comment","target":["https:\/\/digital58.com.ve\/site\/2020\/07\/18\/este-sabado-se-registraron-292-pacientes-de-covid-19-en-venezuela\/#respond"]}]},{"@type":"WebPage","@id":"https:\/\/digital58.com.ve\/site\/2020\/07\/18\/este-sabado-se-registraron-292-pacientes-de-covid-19-en-venezuela\/","url":"https:\/\/digital58.com.ve\/site\/2020\/07\/18\/este-sabado-se-registraron-292-pacientes-de-covid-19-en-venezuela\/","name":"Este s\u00e1bado se registraron 292 pacientes de COVID-19 en Venezuela","isPartOf":{"@id":"https:\/\/digital58.com.ve\/site\/#website"},"primaryImageOfPage":{"@id":"https:\/\/digital58.com.ve\/site\/2020\/07\/18\/este-sabado-se-registraron-292-pacientes-de-covid-19-en-venezuela\/#primaryimage"},"image":{"@id":"https:\/\/digital58.com.ve\/site\/2020\/07\/18\/este-sabado-se-registraron-292-pacientes-de-covid-19-en-venezuela\/#primaryimage"},"thumbnailUrl":"https:\/\/digital58.com.ve\/site\/wp-content\/uploads\/2020\/07\/balance-covid.jpg","datePublished":"2020-07-19T02:23:13+00:00","dateModified":"2020-07-19T02:51:13+00:00","description":"Venezuela","breadcrumb":{"@id":"https:\/\/digital58.com.ve\/site\/2020\/07\/18\/este-sabado-se-registraron-292-pacientes-de-covid-19-en-venezuela\/#breadcrumb"},"inLanguage":"es","potentialAction":[{"@type":"ReadAction","target":["https:\/\/digital58.com.ve\/site\/2020\/07\/18\/este-sabado-se-registraron-292-pacientes-de-covid-19-en-venezuela\/"]}]},{"@type":"ImageObject","inLanguage":"es","@id":"https:\/\/digital58.com.ve\/site\/2020\/07\/18\/este-sabado-se-registraron-292-pacientes-de-covid-19-en-venezuela\/#primaryimage","url":"https:\/\/digital58.com.ve\/site\/wp-content\/uploads\/2020\/07\/balance-covid.jpg","contentUrl":"https:\/\/digital58.com.ve\/site\/wp-content\/uploads\/2020\/07\/balance-covid.jpg","width":800,"height":534},{"@type":"BreadcrumbList","@id":"https:\/\/digital58.com.ve\/site\/2020\/07\/18\/este-sabado-se-registraron-292-pacientes-de-covid-19-en-venezuela\/#breadcrumb","itemListElement":[{"@type":"ListItem","position":1,"name":"Home","item":"https:\/\/digital58.com.ve\/site\/"},{"@type":"ListItem","position":2,"name":"Este s\u00e1bado se registraron 292 pacientes de COVID-19 en Venezuela"}]},{"@type":"WebSite","@id":"https:\/\/digital58.com.ve\/site\/#website","url":"https:\/\/digital58.com.ve\/site\/","name":"Noticias Digital58","description":"Portal de Noticias \u00a1Periodismo web de verdad! Lanzamiento web 22.11.2005 \/ Maracaibo, Venezuela","publisher":{"@id":"https:\/\/digital58.com.ve\/site\/#\/schema\/person\/64d1c2e4d0d4fd1b849980c4331c2951"},"alternateName":"ND58","potentialAction":[{"@type":"SearchAction","target":{"@type":"EntryPoint","urlTemplate":"https:\/\/digital58.com.ve\/site\/?s={search_term_string}"},"query-input":{"@type":"PropertyValueSpecification","valueRequired":true,"valueName":"search_term_string"}}],"inLanguage":"es"},{"@type":["Person","Organization"],"@id":"https:\/\/digital58.com.ve\/site\/#\/schema\/person\/64d1c2e4d0d4fd1b849980c4331c2951","name":"Villasmil Henry","image":{"@type":"ImageObject","inLanguage":"es","@id":"https:\/\/secure.gravatar.com\/avatar\/bb0c4a2fcb7970138239f7e404ea75757b1b507b28b5ce4c53fbd62d797c5a7c?s=96&d=mm&r=g","url":"https:\/\/secure.gravatar.com\/avatar\/bb0c4a2fcb7970138239f7e404ea75757b1b507b28b5ce4c53fbd62d797c5a7c?s=96&d=mm&r=g","contentUrl":"https:\/\/secure.gravatar.com\/avatar\/bb0c4a2fcb7970138239f7e404ea75757b1b507b28b5ce4c53fbd62d797c5a7c?s=96&d=mm&r=g","caption":"Villasmil Henry"},"logo":{"@id":"https:\/\/secure.gravatar.com\/avatar\/bb0c4a2fcb7970138239f7e404ea75757b1b507b28b5ce4c53fbd62d797c5a7c?s=96&d=mm&r=g"},"sameAs":["http:\/\/www.henryvillasmil.com.ve","https:\/\/www.instagram.com\/villasmilhfoto\/","https:\/\/x.com\/https:\/\/twitter.com\/villasmilhfoto"]},{"@type":"Person","@id":"https:\/\/digital58.com.ve\/site\/#\/schema\/person\/9c0f3a88cb18ad2a045bf3b5d13c0a49","name":"Chavez Castro Marian","image":{"@type":"ImageObject","inLanguage":"es","@id":"https:\/\/secure.gravatar.com\/avatar\/f0d85074342e38d350fb5a6141afb1fb5c0ef9cb2f88442cd5535b1a7fe29dbd?s=96&d=mm&r=g","url":"https:\/\/secure.gravatar.com\/avatar\/f0d85074342e38d350fb5a6141afb1fb5c0ef9cb2f88442cd5535b1a7fe29dbd?s=96&d=mm&r=g","contentUrl":"https:\/\/secure.gravatar.com\/avatar\/f0d85074342e38d350fb5a6141afb1fb5c0ef9cb2f88442cd5535b1a7fe29dbd?s=96&d=mm&r=g","caption":"Chavez Castro Marian"},"url":"https:\/\/digital58.com.ve\/site\/author\/mchavezcastro\/"}]}},"uagb_featured_image_src":{"full":["https:\/\/digital58.com.ve\/site\/wp-content\/uploads\/2020\/07\/balance-covid.jpg",800,534,false],"thumbnail":["https:\/\/digital58.com.ve\/site\/wp-content\/uploads\/2020\/07\/balance-covid-150x150.jpg",150,150,true],"medium":["https:\/\/digital58.com.ve\/site\/wp-content\/uploads\/2020\/07\/balance-covid-300x200.jpg",300,200,true],"medium_large":["https:\/\/digital58.com.ve\/site\/wp-content\/uploads\/2020\/07\/balance-covid-768x512.jpg",768,512,true],"large":["https:\/\/digital58.com.ve\/site\/wp-content\/uploads\/2020\/07\/balance-covid.jpg",800,534,false],"1536x1536":["https:\/\/digital58.com.ve\/site\/wp-content\/uploads\/2020\/07\/balance-covid.jpg",800,534,false],"2048x2048":["https:\/\/digital58.com.ve\/site\/wp-content\/uploads\/2020\/07\/balance-covid.jpg",800,534,false],"colormag-highlighted-post":["https:\/\/digital58.com.ve\/site\/wp-content\/uploads\/2020\/07\/balance-covid.jpg",392,262,false],"colormag-featured-post-medium":["https:\/\/digital58.com.ve\/site\/wp-content\/uploads\/2020\/07\/balance-covid.jpg",307,205,false],"colormag-featured-post-small":["https:\/\/digital58.com.ve\/site\/wp-content\/uploads\/2020\/07\/balance-covid.jpg",130,87,false],"colormag-featured-image":["https:\/\/digital58.com.ve\/site\/wp-content\/uploads\/2020\/07\/balance-covid.jpg",667,445,false],"colormag-default-news":["https:\/\/digital58.com.ve\/site\/wp-content\/uploads\/2020\/07\/balance-covid.jpg",150,100,false],"colormag-featured-image-large":["https:\/\/digital58.com.ve\/site\/wp-content\/uploads\/2020\/07\/balance-covid.jpg",800,534,false]},"uagb_author_info":{"display_name":"Chavez Castro Marian","author_link":"https:\/\/digital58.com.ve\/site\/author\/mchavezcastro\/"},"uagb_comment_info":0,"uagb_excerpt":"El ministro Rodr\u00edguez report\u00f3 tres fallecidos para un total de 110 muertos desde que inici\u00f3 la cuarentena en el pa\u00eds.","_links":{"self":[{"href":"https:\/\/digital58.com.ve\/site\/wp-json\/wp\/v2\/posts\/115656","targetHints":{"allow":["GET"]}}],"collection":[{"href":"https:\/\/digital58.com.ve\/site\/wp-json\/wp\/v2\/posts"}],"about":[{"href":"https:\/\/digital58.com.ve\/site\/wp-json\/wp\/v2\/types\/post"}],"author":[{"embeddable":true,"href":"https:\/\/digital58.com.ve\/site\/wp-json\/wp\/v2\/users\/31"}],"replies":[{"embeddable":true,"href":"https:\/\/digital58.com.ve\/site\/wp-json\/wp\/v2\/comments?post=115656"}],"version-history":[{"count":0,"href":"https:\/\/digital58.com.ve\/site\/wp-json\/wp\/v2\/posts\/115656\/revisions"}],"wp:featuredmedia":[{"embeddable":true,"href":"https:\/\/digital58.com.ve\/site\/wp-json\/wp\/v2\/media\/115664"}],"wp:attachment":[{"href":"https:\/\/digital58.com.ve\/site\/wp-json\/wp\/v2\/media?parent=115656"}],"wp:term":[{"taxonomy":"category","embeddable":true,"href":"https:\/\/digital58.com.ve\/site\/wp-json\/wp\/v2\/categories?post=115656"},{"taxonomy":"post_tag","embeddable":true,"href":"https:\/\/digital58.com.ve\/site\/wp-json\/wp\/v2\/tags?post=115656"}],"curies":[{"name":"wp","href":"https:\/\/api.w.org\/{rel}","templated":true}]}}