{"id":115763,"date":"2020-07-19T01:13:05","date_gmt":"2020-07-19T05:13:05","guid":{"rendered":"https:\/\/digital58.com.ve\/site\/?p=115763"},"modified":"2020-07-19T08:54:41","modified_gmt":"2020-07-19T12:54:41","slug":"azucar-y-canela-complace-el-paladar-zuliano","status":"publish","type":"post","link":"https:\/\/digital58.com.ve\/site\/2020\/07\/19\/azucar-y-canela-complace-el-paladar-zuliano\/","title":{"rendered":"\u00abAz\u00facar y canela\u00bb complace el paladar zuliano"},"content":{"rendered":"<p><img loading=\"lazy\" decoding=\"async\" class=\" wp-image-115764 aligncenter\" src=\"https:\/\/digital58.com.ve\/site\/wp-content\/uploads\/2020\/07\/jessica-300x300.jpg\" alt=\"\" width=\"450\" height=\"450\" srcset=\"https:\/\/digital58.com.ve\/site\/wp-content\/uploads\/2020\/07\/jessica-300x300.jpg 300w, https:\/\/digital58.com.ve\/site\/wp-content\/uploads\/2020\/07\/jessica-150x150.jpg 150w\" sizes=\"auto, (max-width: 450px) 100vw, 450px\" \/><\/p>\n<p>Jessica Pe\u00f1a se especializ\u00f3 en pasteler\u00eda fina y ahora conquista a los zulianos con su propuesta llamada \u00abAz\u00facar y canela\u00bb (@azucarycanela_mcbo), ofreciendo una variedad de postres que van desde las cl\u00e1sicas tortas de chocolate hasta los dulces para celebraciones como pie de lim\u00f3n, quesillos, brownies, tiramis\u00fa, Cheesecake, tres leches y mousses.<\/p>\n<p><b>Maracaibo, Zulia,\u00a0<\/b><strong> Venezuela 19 de julio de 2020 (ND58).- <\/strong>Desde hace un a\u00f1o, Jessica Pe\u00f1a deleita a los zulianos con un emprendimiento que le ha brindado la oportunidad de ver un sue\u00f1o hecho realidad. Se trata de \u00abAz\u00facar y canela\u00bb, la marca que se especializa en ricos postres que apuestan al inigualable sabor venezolano, aunque con algunas influencias de la pasteler\u00eda internacional.<\/p>\n<p>La maracaibera de 28 a\u00f1os asegura que comenz\u00f3 desde muy peque\u00f1a a experimentar con diversas recetas de postres que a\u00f1o m\u00e1s tarde formaliz\u00f3 con algunos estudios en el \u00e1rea, convirti\u00e9ndose en pastelera profesional.<\/p>\n<p>\u00abEn el 2018 decid\u00ed involucrarme de lleno en mi formaci\u00f3n como pastelera, luego inaugur\u00e9 mi propio negocio, poniendo en pr\u00e1ctica todo lo aprendido, viendo c\u00f3mo el fruto del trabajo genera excelentes resultados. En poco tiempo me he posicionado dentro del estado, complaciendo los gustos de cada cliente que busca un producto de calidad con un precio accesible\u00bb, expres\u00f3 Pe\u00f1a.<\/p>\n<p style=\"text-align: left;\"><img loading=\"lazy\" decoding=\"async\" class=\"wp-image-115767 aligncenter\" src=\"https:\/\/digital58.com.ve\/site\/wp-content\/uploads\/2020\/07\/IMG_8439-3-270x300.jpg\" alt=\"\" width=\"365\" height=\"406\" srcset=\"https:\/\/digital58.com.ve\/site\/wp-content\/uploads\/2020\/07\/IMG_8439-3-270x300.jpg 270w, https:\/\/digital58.com.ve\/site\/wp-content\/uploads\/2020\/07\/IMG_8439-3-768x853.jpg 768w, https:\/\/digital58.com.ve\/site\/wp-content\/uploads\/2020\/07\/IMG_8439-3.jpg 540w\" sizes=\"auto, (max-width: 365px) 100vw, 365px\" \/> <em>Pasteles de chocolate con rellenos de bet\u00fan, arequipe y Nutella son algunas de las especialidades de \u00abAz\u00facar y canela\u00bb, emprendimiento que naci\u00f3 en la zona norte de Maracaibo hace un a\u00f1o.<\/em><\/p>\n<p>Una variedad de postres que van desde las cl\u00e1sicas tortas de chocolate hasta los dulces para celebraciones como pie de lim\u00f3n, quesillos, brownies, tiramis\u00fa, Cheesecake, tres leches, y mousses son parte de las creaciones que \u00abAz\u00facar y canela\u00bb ofrece a su clientela, demostrando que el sabor venezolano es \u00fanico en el mundo.<\/p>\n<p style=\"text-align: center;\"><img loading=\"lazy\" decoding=\"async\" class=\"alignnone wp-image-115768 aligncenter\" src=\"https:\/\/digital58.com.ve\/site\/wp-content\/uploads\/2020\/07\/jessica2-300x197.jpg\" alt=\"\" width=\"392\" height=\"257\" srcset=\"https:\/\/digital58.com.ve\/site\/wp-content\/uploads\/2020\/07\/jessica2-300x197.jpg 300w, https:\/\/digital58.com.ve\/site\/wp-content\/uploads\/2020\/07\/jessica2-768x504.jpg 768w, https:\/\/digital58.com.ve\/site\/wp-content\/uploads\/2020\/07\/jessica2.jpg 800w\" sizes=\"auto, (max-width: 392px) 100vw, 392px\" \/><em>Jessica Pe\u00f1a se form\u00f3 como repostera profesional en 2018.<\/em><\/p>\n<p>Para conocer m\u00e1s detalles de \u00abAz\u00facar y canela\u00bb, visitar su Instagram: @azucarycanela_mcbo.<\/p><div class=\"aikko69f0ccbd51adf\" ><p style=\"text-align: center;\"><a href=\"https:\/\/t.me\/noticiasdigital58\" target=\"_blank\" rel=\"noopener\"><img class=\"aligncenter size-full wp-image-125363\" src=\"https:\/\/digital58.com.ve\/site\/wp-content\/uploads\/2021\/04\/banner-telegram-web-2021.png\" alt=\"\" width=\"600\" height=\"90\" \/><\/a><\/p><\/div><style type=\"text\/css\">\r\n@media screen and (min-width: 1201px) {\r\n.aikko69f0ccbd51adf {\r\ndisplay: block;\r\n}\r\n}\r\n@media screen and (min-width: 993px) and (max-width: 1200px) {\r\n.aikko69f0ccbd51adf {\r\ndisplay: block;\r\n}\r\n}\r\n@media screen and (min-width: 769px) and (max-width: 992px) {\r\n.aikko69f0ccbd51adf {\r\ndisplay: block;\r\n}\r\n}\r\n@media screen and (min-width: 768px) and (max-width: 768px) {\r\n.aikko69f0ccbd51adf {\r\ndisplay: block;\r\n}\r\n}\r\n@media screen and (max-width: 767px) {\r\n.aikko69f0ccbd51adf {\r\ndisplay: block;\r\n}\r\n}\r\n<\/style>\r\n\n<p><strong>Redacci\u00f3n: Cana\u00e1n, Nayib<\/strong><br \/>\n<strong>Edici\u00f3n: Villasmil, Henry<\/strong><br \/>\n<strong>Gr\u00e1fica: cortes\u00eda @azucarycanela_mcbo<\/strong><\/p>\n<div style=\"margin-top: 0px; margin-bottom: 0px;\" class=\"sharethis-inline-share-buttons\" ><\/div>","protected":false},"excerpt":{"rendered":"<p>Jessica Pe\u00f1a se especializ\u00f3 en pasteler\u00eda fina y ahora conquista a los zulianos con su propuesta llamada \u00abAz\u00facar y canela\u00bb<\/p>\n","protected":false},"author":20,"featured_media":115764,"comment_status":"open","ping_status":"closed","sticky":false,"template":"","format":"standard","meta":{"colormag_page_container_layout":"default_layout","colormag_page_sidebar_layout":"default_layout","_uag_custom_page_level_css":"","footnotes":""},"categories":[5486],"tags":[18065,11548,18066,73,2354,9960,32,761],"class_list":["post-115763","post","type-post","status-publish","format-standard","has-post-thumbnail","hentry","category-gastronomia","tag-azucar-y-canela","tag-dulces-y-postres","tag-jessica-pena","tag-maracaibo","tag-regionales","tag-reposteria","tag-venezuela","tag-zulia"],"yoast_head":"<!-- This site is optimized with the Yoast SEO plugin v27.5 - https:\/\/yoast.com\/product\/yoast-seo-wordpress\/ -->\n<title>\u00abAz\u00facar y canela\u00bb complace el paladar zuliano<\/title>\n<meta name=\"description\" content=\"Gastronom\u00eda\" \/>\n<meta name=\"robots\" content=\"index, follow, max-snippet:-1, max-image-preview:large, max-video-preview:-1\" \/>\n<link rel=\"canonical\" href=\"https:\/\/digital58.com.ve\/site\/2020\/07\/19\/azucar-y-canela-complace-el-paladar-zuliano\/\" \/>\n<meta property=\"og:locale\" content=\"es_ES\" \/>\n<meta property=\"og:type\" content=\"article\" \/>\n<meta property=\"og:title\" content=\"\u00abAz\u00facar y canela\u00bb complace el paladar zuliano\" \/>\n<meta property=\"og:description\" content=\"Gastronom\u00eda\" \/>\n<meta property=\"og:url\" content=\"https:\/\/digital58.com.ve\/site\/2020\/07\/19\/azucar-y-canela-complace-el-paladar-zuliano\/\" \/>\n<meta property=\"og:site_name\" content=\"Noticias Digital58\" \/>\n<meta property=\"article:published_time\" content=\"2020-07-19T05:13:05+00:00\" \/>\n<meta property=\"article:modified_time\" content=\"2020-07-19T12:54:41+00:00\" \/>\n<meta property=\"og:image\" content=\"https:\/\/digital58.com.ve\/site\/wp-content\/uploads\/2020\/07\/jessica.jpg\" \/>\n\t<meta property=\"og:image:width\" content=\"828\" \/>\n\t<meta property=\"og:image:height\" content=\"831\" \/>\n\t<meta property=\"og:image:type\" content=\"image\/jpeg\" \/>\n<meta name=\"author\" content=\"Cana\u00e1n Nayib\" \/>\n<meta name=\"twitter:card\" content=\"summary_large_image\" \/>\n<meta name=\"twitter:creator\" content=\"@Digital_58\" \/>\n<meta name=\"twitter:site\" content=\"@villasmilhfoto\" \/>\n<meta name=\"twitter:label1\" content=\"Escrito por\" \/>\n\t<meta name=\"twitter:data1\" content=\"Cana\u00e1n Nayib\" \/>\n\t<meta name=\"twitter:label2\" content=\"Tiempo estimado de lectura\" \/>\n\t<meta name=\"twitter:data2\" content=\"2 minutos\" \/>\n<script type=\"application\/ld+json\" class=\"yoast-schema-graph\">{\"@context\":\"https:\\\/\\\/schema.org\",\"@graph\":[{\"@type\":\"Article\",\"@id\":\"https:\\\/\\\/digital58.com.ve\\\/site\\\/2020\\\/07\\\/19\\\/azucar-y-canela-complace-el-paladar-zuliano\\\/#article\",\"isPartOf\":{\"@id\":\"https:\\\/\\\/digital58.com.ve\\\/site\\\/2020\\\/07\\\/19\\\/azucar-y-canela-complace-el-paladar-zuliano\\\/\"},\"author\":{\"name\":\"Cana\u00e1n Nayib\",\"@id\":\"https:\\\/\\\/digital58.com.ve\\\/site\\\/#\\\/schema\\\/person\\\/730f125d3b753ef33fc78d403e3544bd\"},\"headline\":\"\u00abAz\u00facar y canela\u00bb complace el paladar zuliano\",\"datePublished\":\"2020-07-19T05:13:05+00:00\",\"dateModified\":\"2020-07-19T12:54:41+00:00\",\"mainEntityOfPage\":{\"@id\":\"https:\\\/\\\/digital58.com.ve\\\/site\\\/2020\\\/07\\\/19\\\/azucar-y-canela-complace-el-paladar-zuliano\\\/\"},\"wordCount\":358,\"commentCount\":0,\"publisher\":{\"@id\":\"https:\\\/\\\/digital58.com.ve\\\/site\\\/#\\\/schema\\\/person\\\/64d1c2e4d0d4fd1b849980c4331c2951\"},\"image\":{\"@id\":\"https:\\\/\\\/digital58.com.ve\\\/site\\\/2020\\\/07\\\/19\\\/azucar-y-canela-complace-el-paladar-zuliano\\\/#primaryimage\"},\"thumbnailUrl\":\"https:\\\/\\\/digital58.com.ve\\\/site\\\/wp-content\\\/uploads\\\/2020\\\/07\\\/jessica.jpg\",\"keywords\":[\"Az\u00facar y canela\",\"Dulces y Postres\",\"Jessica Pe\u00f1a\",\"Maracaibo\",\"Regionales\",\"Reposter\u00eda\",\"Venezuela\",\"Zulia\"],\"articleSection\":[\"Gastronom\u00eda\"],\"inLanguage\":\"es\",\"potentialAction\":[{\"@type\":\"CommentAction\",\"name\":\"Comment\",\"target\":[\"https:\\\/\\\/digital58.com.ve\\\/site\\\/2020\\\/07\\\/19\\\/azucar-y-canela-complace-el-paladar-zuliano\\\/#respond\"]}]},{\"@type\":\"WebPage\",\"@id\":\"https:\\\/\\\/digital58.com.ve\\\/site\\\/2020\\\/07\\\/19\\\/azucar-y-canela-complace-el-paladar-zuliano\\\/\",\"url\":\"https:\\\/\\\/digital58.com.ve\\\/site\\\/2020\\\/07\\\/19\\\/azucar-y-canela-complace-el-paladar-zuliano\\\/\",\"name\":\"\u00abAz\u00facar y canela\u00bb complace el paladar zuliano\",\"isPartOf\":{\"@id\":\"https:\\\/\\\/digital58.com.ve\\\/site\\\/#website\"},\"primaryImageOfPage\":{\"@id\":\"https:\\\/\\\/digital58.com.ve\\\/site\\\/2020\\\/07\\\/19\\\/azucar-y-canela-complace-el-paladar-zuliano\\\/#primaryimage\"},\"image\":{\"@id\":\"https:\\\/\\\/digital58.com.ve\\\/site\\\/2020\\\/07\\\/19\\\/azucar-y-canela-complace-el-paladar-zuliano\\\/#primaryimage\"},\"thumbnailUrl\":\"https:\\\/\\\/digital58.com.ve\\\/site\\\/wp-content\\\/uploads\\\/2020\\\/07\\\/jessica.jpg\",\"datePublished\":\"2020-07-19T05:13:05+00:00\",\"dateModified\":\"2020-07-19T12:54:41+00:00\",\"description\":\"Gastronom\u00eda\",\"breadcrumb\":{\"@id\":\"https:\\\/\\\/digital58.com.ve\\\/site\\\/2020\\\/07\\\/19\\\/azucar-y-canela-complace-el-paladar-zuliano\\\/#breadcrumb\"},\"inLanguage\":\"es\",\"potentialAction\":[{\"@type\":\"ReadAction\",\"target\":[\"https:\\\/\\\/digital58.com.ve\\\/site\\\/2020\\\/07\\\/19\\\/azucar-y-canela-complace-el-paladar-zuliano\\\/\"]}]},{\"@type\":\"ImageObject\",\"inLanguage\":\"es\",\"@id\":\"https:\\\/\\\/digital58.com.ve\\\/site\\\/2020\\\/07\\\/19\\\/azucar-y-canela-complace-el-paladar-zuliano\\\/#primaryimage\",\"url\":\"https:\\\/\\\/digital58.com.ve\\\/site\\\/wp-content\\\/uploads\\\/2020\\\/07\\\/jessica.jpg\",\"contentUrl\":\"https:\\\/\\\/digital58.com.ve\\\/site\\\/wp-content\\\/uploads\\\/2020\\\/07\\\/jessica.jpg\",\"width\":598,\"height\":600},{\"@type\":\"BreadcrumbList\",\"@id\":\"https:\\\/\\\/digital58.com.ve\\\/site\\\/2020\\\/07\\\/19\\\/azucar-y-canela-complace-el-paladar-zuliano\\\/#breadcrumb\",\"itemListElement\":[{\"@type\":\"ListItem\",\"position\":1,\"name\":\"Home\",\"item\":\"https:\\\/\\\/digital58.com.ve\\\/site\\\/\"},{\"@type\":\"ListItem\",\"position\":2,\"name\":\"\u00abAz\u00facar y canela\u00bb complace el paladar zuliano\"}]},{\"@type\":\"WebSite\",\"@id\":\"https:\\\/\\\/digital58.com.ve\\\/site\\\/#website\",\"url\":\"https:\\\/\\\/digital58.com.ve\\\/site\\\/\",\"name\":\"Noticias Digital58\",\"description\":\"Portal de Noticias \u00a1Periodismo web de verdad! Lanzamiento web 22.11.2005 \\\/ Maracaibo, Venezuela\",\"publisher\":{\"@id\":\"https:\\\/\\\/digital58.com.ve\\\/site\\\/#\\\/schema\\\/person\\\/64d1c2e4d0d4fd1b849980c4331c2951\"},\"alternateName\":\"ND58\",\"potentialAction\":[{\"@type\":\"SearchAction\",\"target\":{\"@type\":\"EntryPoint\",\"urlTemplate\":\"https:\\\/\\\/digital58.com.ve\\\/site\\\/?s={search_term_string}\"},\"query-input\":{\"@type\":\"PropertyValueSpecification\",\"valueRequired\":true,\"valueName\":\"search_term_string\"}}],\"inLanguage\":\"es\"},{\"@type\":[\"Person\",\"Organization\"],\"@id\":\"https:\\\/\\\/digital58.com.ve\\\/site\\\/#\\\/schema\\\/person\\\/64d1c2e4d0d4fd1b849980c4331c2951\",\"name\":\"Villasmil Henry\",\"image\":{\"@type\":\"ImageObject\",\"inLanguage\":\"es\",\"@id\":\"https:\\\/\\\/secure.gravatar.com\\\/avatar\\\/bb0c4a2fcb7970138239f7e404ea75757b1b507b28b5ce4c53fbd62d797c5a7c?s=96&d=mm&r=g\",\"url\":\"https:\\\/\\\/secure.gravatar.com\\\/avatar\\\/bb0c4a2fcb7970138239f7e404ea75757b1b507b28b5ce4c53fbd62d797c5a7c?s=96&d=mm&r=g\",\"contentUrl\":\"https:\\\/\\\/secure.gravatar.com\\\/avatar\\\/bb0c4a2fcb7970138239f7e404ea75757b1b507b28b5ce4c53fbd62d797c5a7c?s=96&d=mm&r=g\",\"caption\":\"Villasmil Henry\"},\"logo\":{\"@id\":\"https:\\\/\\\/secure.gravatar.com\\\/avatar\\\/bb0c4a2fcb7970138239f7e404ea75757b1b507b28b5ce4c53fbd62d797c5a7c?s=96&d=mm&r=g\"},\"sameAs\":[\"http:\\\/\\\/www.henryvillasmil.com.ve\",\"https:\\\/\\\/www.instagram.com\\\/villasmilhfoto\\\/\",\"https:\\\/\\\/x.com\\\/https:\\\/\\\/twitter.com\\\/villasmilhfoto\"]},{\"@type\":\"Person\",\"@id\":\"https:\\\/\\\/digital58.com.ve\\\/site\\\/#\\\/schema\\\/person\\\/730f125d3b753ef33fc78d403e3544bd\",\"name\":\"Cana\u00e1n Nayib\",\"image\":{\"@type\":\"ImageObject\",\"inLanguage\":\"es\",\"@id\":\"https:\\\/\\\/secure.gravatar.com\\\/avatar\\\/ed8ccf663f2ad260520149da7d559dfa679a1540b599a98f841e423f68e4d7cc?s=96&d=mm&r=g\",\"url\":\"https:\\\/\\\/secure.gravatar.com\\\/avatar\\\/ed8ccf663f2ad260520149da7d559dfa679a1540b599a98f841e423f68e4d7cc?s=96&d=mm&r=g\",\"contentUrl\":\"https:\\\/\\\/secure.gravatar.com\\\/avatar\\\/ed8ccf663f2ad260520149da7d559dfa679a1540b599a98f841e423f68e4d7cc?s=96&d=mm&r=g\",\"caption\":\"Cana\u00e1n Nayib\"},\"url\":\"https:\\\/\\\/digital58.com.ve\\\/site\\\/author\\\/ncanaan\\\/\"}]}<\/script>\n<!-- \/ Yoast SEO plugin. -->","yoast_head_json":{"title":"\u00abAz\u00facar y canela\u00bb complace el paladar zuliano","description":"Gastronom\u00eda","robots":{"index":"index","follow":"follow","max-snippet":"max-snippet:-1","max-image-preview":"max-image-preview:large","max-video-preview":"max-video-preview:-1"},"canonical":"https:\/\/digital58.com.ve\/site\/2020\/07\/19\/azucar-y-canela-complace-el-paladar-zuliano\/","og_locale":"es_ES","og_type":"article","og_title":"\u00abAz\u00facar y canela\u00bb complace el paladar zuliano","og_description":"Gastronom\u00eda","og_url":"https:\/\/digital58.com.ve\/site\/2020\/07\/19\/azucar-y-canela-complace-el-paladar-zuliano\/","og_site_name":"Noticias Digital58","article_published_time":"2020-07-19T05:13:05+00:00","article_modified_time":"2020-07-19T12:54:41+00:00","og_image":[{"width":828,"height":831,"url":"https:\/\/digital58.com.ve\/site\/wp-content\/uploads\/2020\/07\/jessica.jpg","type":"image\/jpeg"}],"author":"Cana\u00e1n Nayib","twitter_card":"summary_large_image","twitter_creator":"@Digital_58","twitter_site":"@villasmilhfoto","twitter_misc":{"Escrito por":"Cana\u00e1n Nayib","Tiempo estimado de lectura":"2 minutos"},"schema":{"@context":"https:\/\/schema.org","@graph":[{"@type":"Article","@id":"https:\/\/digital58.com.ve\/site\/2020\/07\/19\/azucar-y-canela-complace-el-paladar-zuliano\/#article","isPartOf":{"@id":"https:\/\/digital58.com.ve\/site\/2020\/07\/19\/azucar-y-canela-complace-el-paladar-zuliano\/"},"author":{"name":"Cana\u00e1n Nayib","@id":"https:\/\/digital58.com.ve\/site\/#\/schema\/person\/730f125d3b753ef33fc78d403e3544bd"},"headline":"\u00abAz\u00facar y canela\u00bb complace el paladar zuliano","datePublished":"2020-07-19T05:13:05+00:00","dateModified":"2020-07-19T12:54:41+00:00","mainEntityOfPage":{"@id":"https:\/\/digital58.com.ve\/site\/2020\/07\/19\/azucar-y-canela-complace-el-paladar-zuliano\/"},"wordCount":358,"commentCount":0,"publisher":{"@id":"https:\/\/digital58.com.ve\/site\/#\/schema\/person\/64d1c2e4d0d4fd1b849980c4331c2951"},"image":{"@id":"https:\/\/digital58.com.ve\/site\/2020\/07\/19\/azucar-y-canela-complace-el-paladar-zuliano\/#primaryimage"},"thumbnailUrl":"https:\/\/digital58.com.ve\/site\/wp-content\/uploads\/2020\/07\/jessica.jpg","keywords":["Az\u00facar y canela","Dulces y Postres","Jessica Pe\u00f1a","Maracaibo","Regionales","Reposter\u00eda","Venezuela","Zulia"],"articleSection":["Gastronom\u00eda"],"inLanguage":"es","potentialAction":[{"@type":"CommentAction","name":"Comment","target":["https:\/\/digital58.com.ve\/site\/2020\/07\/19\/azucar-y-canela-complace-el-paladar-zuliano\/#respond"]}]},{"@type":"WebPage","@id":"https:\/\/digital58.com.ve\/site\/2020\/07\/19\/azucar-y-canela-complace-el-paladar-zuliano\/","url":"https:\/\/digital58.com.ve\/site\/2020\/07\/19\/azucar-y-canela-complace-el-paladar-zuliano\/","name":"\u00abAz\u00facar y canela\u00bb complace el paladar zuliano","isPartOf":{"@id":"https:\/\/digital58.com.ve\/site\/#website"},"primaryImageOfPage":{"@id":"https:\/\/digital58.com.ve\/site\/2020\/07\/19\/azucar-y-canela-complace-el-paladar-zuliano\/#primaryimage"},"image":{"@id":"https:\/\/digital58.com.ve\/site\/2020\/07\/19\/azucar-y-canela-complace-el-paladar-zuliano\/#primaryimage"},"thumbnailUrl":"https:\/\/digital58.com.ve\/site\/wp-content\/uploads\/2020\/07\/jessica.jpg","datePublished":"2020-07-19T05:13:05+00:00","dateModified":"2020-07-19T12:54:41+00:00","description":"Gastronom\u00eda","breadcrumb":{"@id":"https:\/\/digital58.com.ve\/site\/2020\/07\/19\/azucar-y-canela-complace-el-paladar-zuliano\/#breadcrumb"},"inLanguage":"es","potentialAction":[{"@type":"ReadAction","target":["https:\/\/digital58.com.ve\/site\/2020\/07\/19\/azucar-y-canela-complace-el-paladar-zuliano\/"]}]},{"@type":"ImageObject","inLanguage":"es","@id":"https:\/\/digital58.com.ve\/site\/2020\/07\/19\/azucar-y-canela-complace-el-paladar-zuliano\/#primaryimage","url":"https:\/\/digital58.com.ve\/site\/wp-content\/uploads\/2020\/07\/jessica.jpg","contentUrl":"https:\/\/digital58.com.ve\/site\/wp-content\/uploads\/2020\/07\/jessica.jpg","width":598,"height":600},{"@type":"BreadcrumbList","@id":"https:\/\/digital58.com.ve\/site\/2020\/07\/19\/azucar-y-canela-complace-el-paladar-zuliano\/#breadcrumb","itemListElement":[{"@type":"ListItem","position":1,"name":"Home","item":"https:\/\/digital58.com.ve\/site\/"},{"@type":"ListItem","position":2,"name":"\u00abAz\u00facar y canela\u00bb complace el paladar zuliano"}]},{"@type":"WebSite","@id":"https:\/\/digital58.com.ve\/site\/#website","url":"https:\/\/digital58.com.ve\/site\/","name":"Noticias Digital58","description":"Portal de Noticias \u00a1Periodismo web de verdad! Lanzamiento web 22.11.2005 \/ Maracaibo, Venezuela","publisher":{"@id":"https:\/\/digital58.com.ve\/site\/#\/schema\/person\/64d1c2e4d0d4fd1b849980c4331c2951"},"alternateName":"ND58","potentialAction":[{"@type":"SearchAction","target":{"@type":"EntryPoint","urlTemplate":"https:\/\/digital58.com.ve\/site\/?s={search_term_string}"},"query-input":{"@type":"PropertyValueSpecification","valueRequired":true,"valueName":"search_term_string"}}],"inLanguage":"es"},{"@type":["Person","Organization"],"@id":"https:\/\/digital58.com.ve\/site\/#\/schema\/person\/64d1c2e4d0d4fd1b849980c4331c2951","name":"Villasmil Henry","image":{"@type":"ImageObject","inLanguage":"es","@id":"https:\/\/secure.gravatar.com\/avatar\/bb0c4a2fcb7970138239f7e404ea75757b1b507b28b5ce4c53fbd62d797c5a7c?s=96&d=mm&r=g","url":"https:\/\/secure.gravatar.com\/avatar\/bb0c4a2fcb7970138239f7e404ea75757b1b507b28b5ce4c53fbd62d797c5a7c?s=96&d=mm&r=g","contentUrl":"https:\/\/secure.gravatar.com\/avatar\/bb0c4a2fcb7970138239f7e404ea75757b1b507b28b5ce4c53fbd62d797c5a7c?s=96&d=mm&r=g","caption":"Villasmil Henry"},"logo":{"@id":"https:\/\/secure.gravatar.com\/avatar\/bb0c4a2fcb7970138239f7e404ea75757b1b507b28b5ce4c53fbd62d797c5a7c?s=96&d=mm&r=g"},"sameAs":["http:\/\/www.henryvillasmil.com.ve","https:\/\/www.instagram.com\/villasmilhfoto\/","https:\/\/x.com\/https:\/\/twitter.com\/villasmilhfoto"]},{"@type":"Person","@id":"https:\/\/digital58.com.ve\/site\/#\/schema\/person\/730f125d3b753ef33fc78d403e3544bd","name":"Cana\u00e1n Nayib","image":{"@type":"ImageObject","inLanguage":"es","@id":"https:\/\/secure.gravatar.com\/avatar\/ed8ccf663f2ad260520149da7d559dfa679a1540b599a98f841e423f68e4d7cc?s=96&d=mm&r=g","url":"https:\/\/secure.gravatar.com\/avatar\/ed8ccf663f2ad260520149da7d559dfa679a1540b599a98f841e423f68e4d7cc?s=96&d=mm&r=g","contentUrl":"https:\/\/secure.gravatar.com\/avatar\/ed8ccf663f2ad260520149da7d559dfa679a1540b599a98f841e423f68e4d7cc?s=96&d=mm&r=g","caption":"Cana\u00e1n Nayib"},"url":"https:\/\/digital58.com.ve\/site\/author\/ncanaan\/"}]}},"uagb_featured_image_src":{"full":["https:\/\/digital58.com.ve\/site\/wp-content\/uploads\/2020\/07\/jessica.jpg",598,600,false],"thumbnail":["https:\/\/digital58.com.ve\/site\/wp-content\/uploads\/2020\/07\/jessica-150x150.jpg",150,150,true],"medium":["https:\/\/digital58.com.ve\/site\/wp-content\/uploads\/2020\/07\/jessica-300x300.jpg",300,300,true],"medium_large":["https:\/\/digital58.com.ve\/site\/wp-content\/uploads\/2020\/07\/jessica-768x771.jpg",768,771,true],"large":["https:\/\/digital58.com.ve\/site\/wp-content\/uploads\/2020\/07\/jessica.jpg",598,600,false],"1536x1536":["https:\/\/digital58.com.ve\/site\/wp-content\/uploads\/2020\/07\/jessica.jpg",598,600,false],"2048x2048":["https:\/\/digital58.com.ve\/site\/wp-content\/uploads\/2020\/07\/jessica.jpg",598,600,false],"colormag-highlighted-post":["https:\/\/digital58.com.ve\/site\/wp-content\/uploads\/2020\/07\/jessica.jpg",271,272,false],"colormag-featured-post-medium":["https:\/\/digital58.com.ve\/site\/wp-content\/uploads\/2020\/07\/jessica.jpg",204,205,false],"colormag-featured-post-small":["https:\/\/digital58.com.ve\/site\/wp-content\/uploads\/2020\/07\/jessica.jpg",90,90,false],"colormag-featured-image":["https:\/\/digital58.com.ve\/site\/wp-content\/uploads\/2020\/07\/jessica.jpg",444,445,false],"colormag-default-news":["https:\/\/digital58.com.ve\/site\/wp-content\/uploads\/2020\/07\/jessica.jpg",150,150,false],"colormag-featured-image-large":["https:\/\/digital58.com.ve\/site\/wp-content\/uploads\/2020\/07\/jessica.jpg",598,600,false]},"uagb_author_info":{"display_name":"Cana\u00e1n Nayib","author_link":"https:\/\/digital58.com.ve\/site\/author\/ncanaan\/"},"uagb_comment_info":0,"uagb_excerpt":"Jessica Pe\u00f1a se especializ\u00f3 en pasteler\u00eda fina y ahora conquista a los zulianos con su propuesta llamada \u00abAz\u00facar y canela\u00bb","_links":{"self":[{"href":"https:\/\/digital58.com.ve\/site\/wp-json\/wp\/v2\/posts\/115763","targetHints":{"allow":["GET"]}}],"collection":[{"href":"https:\/\/digital58.com.ve\/site\/wp-json\/wp\/v2\/posts"}],"about":[{"href":"https:\/\/digital58.com.ve\/site\/wp-json\/wp\/v2\/types\/post"}],"author":[{"embeddable":true,"href":"https:\/\/digital58.com.ve\/site\/wp-json\/wp\/v2\/users\/20"}],"replies":[{"embeddable":true,"href":"https:\/\/digital58.com.ve\/site\/wp-json\/wp\/v2\/comments?post=115763"}],"version-history":[{"count":0,"href":"https:\/\/digital58.com.ve\/site\/wp-json\/wp\/v2\/posts\/115763\/revisions"}],"wp:featuredmedia":[{"embeddable":true,"href":"https:\/\/digital58.com.ve\/site\/wp-json\/wp\/v2\/media\/115764"}],"wp:attachment":[{"href":"https:\/\/digital58.com.ve\/site\/wp-json\/wp\/v2\/media?parent=115763"}],"wp:term":[{"taxonomy":"category","embeddable":true,"href":"https:\/\/digital58.com.ve\/site\/wp-json\/wp\/v2\/categories?post=115763"},{"taxonomy":"post_tag","embeddable":true,"href":"https:\/\/digital58.com.ve\/site\/wp-json\/wp\/v2\/tags?post=115763"}],"curies":[{"name":"wp","href":"https:\/\/api.w.org\/{rel}","templated":true}]}}