{"id":115788,"date":"2020-07-19T09:07:47","date_gmt":"2020-07-19T13:07:47","guid":{"rendered":"https:\/\/digital58.com.ve\/site\/?p=115788"},"modified":"2020-07-19T09:07:47","modified_gmt":"2020-07-19T13:07:47","slug":"luca-marini-domina-casi-desde-el-principio-el-gp-de-espana","status":"publish","type":"post","link":"https:\/\/digital58.com.ve\/site\/2020\/07\/19\/luca-marini-domina-casi-desde-el-principio-el-gp-de-espana\/","title":{"rendered":"Luca Marini domina casi desde el principio el GP de Espa\u00f1a"},"content":{"rendered":"<p><strong><a href=\"https:\/\/digital58.com.ve\/site\/wp-content\/uploads\/2020\/07\/luca-marini-gp-espa\u00f1a-19-07-20-2.jpg\"><img loading=\"lazy\" decoding=\"async\" class=\"aligncenter size-full wp-image-115796\" src=\"https:\/\/digital58.com.ve\/site\/wp-content\/uploads\/2020\/07\/luca-marini-gp-espa\u00f1a-19-07-20-2.jpg\" alt=\"\" width=\"900\" height=\"519\" srcset=\"https:\/\/digital58.com.ve\/site\/wp-content\/uploads\/2020\/07\/luca-marini-gp-espa\u00f1a-19-07-20-2.jpg 800w, https:\/\/digital58.com.ve\/site\/wp-content\/uploads\/2020\/07\/luca-marini-gp-espa\u00f1a-19-07-20-2-300x173.jpg 300w, https:\/\/digital58.com.ve\/site\/wp-content\/uploads\/2020\/07\/luca-marini-gp-espa\u00f1a-19-07-20-2-768x443.jpg 768w\" sizes=\"auto, (max-width: 900px) 100vw, 900px\" \/><\/a><\/strong><\/p>\n<p>El podio tambi\u00e9n estuvieron el japon\u00e9s Tetsuta Nagashima (Kalex) y el espa\u00f1ol Jorge Mart\u00edn (Kalex), ambos compa\u00f1eros de equipo en el KTM del finland\u00e9s Aki Ajo.<\/p>\n<p><strong>Espa\u00f1a, 19 de julio de 2020 (ND58).-<\/strong> El italiano Luca Marini (Kalex) domin\u00f3 casi desde el principio el Gran Premio de Espa\u00f1a de Moto2 que se disput\u00f3 en el circuito \u00c1ngel Nieto de Jerez de la Frontera que es su primera victoria de la temporada y la cuarta de su carrera deportiva.<\/p>\n<p>Jorge Mart\u00edn (KTM), autor del mejor tiempo sali\u00f3 muy r\u00e1pido y aguant\u00f3 en primera posici\u00f3n, mientras que Ar\u00f3n Canet (Speed Up), desde m\u00e1s atr\u00e1s, sali\u00f3 como una exhalaci\u00f3n y en la apurada de frenada de la primera curva se pudo colocar segundo, mientras que en ese mismo punto se iba por los suelos otro de los aspirantes a la victoria, el espa\u00f1ol Jorge Navarro (Speed Up), que se toc\u00f3 con el italiano Marco Bezzecchi (KTM) y no pudo evitar la ca\u00edda.<\/p>\n<p>Mart\u00edn comenz\u00f3 a tirar con fuerza delante pero tras su rebufo estaba literalmente pegado Canet, espectacular al apagarse el sem\u00e1foro, y tambi\u00e9n el italiano Luca Marini (Kalex), que supo aguantar los primeros ataques del l\u00edder del mundial, el japon\u00e9s Tetsuta Nagashima (Kalex), por entonces cuarto, por delante de Bezzecchi y del brit\u00e1nico Sam Lowes (Estrella Galicia 0&#8217;0 Kalex).<\/p>\n<p>El ritmo impuesto por el piloto de San Sebasti\u00e1n de los Reyes propici\u00f3 que en apenas un par de vueltas hubiese s\u00f3lo cinco pilotos por delante, el propio Mart\u00edn, Marini, Nagashima, Canet y Bezzecchi, con un primer grupo perseguidor encabezado por el alem\u00e1n Marcel Schrotter y en el que tambi\u00e9n estaban Lowes, Remy Gardner, Xavier Vierge, lorenzo Baldasarri, Enea Bastianini y Thomas Luthi, todos ellos sobre sendas Kalex.<\/p>\n<p><a href=\"https:\/\/digital58.com.ve\/site\/wp-content\/uploads\/2020\/07\/luca-marini-gp-espa\u00f1a-19-07-20-3.jpg\"><img loading=\"lazy\" decoding=\"async\" class=\"aligncenter size-full wp-image-115795\" src=\"https:\/\/digital58.com.ve\/site\/wp-content\/uploads\/2020\/07\/luca-marini-gp-espa\u00f1a-19-07-20-3.jpg\" alt=\"\" width=\"900\" height=\"587\" srcset=\"https:\/\/digital58.com.ve\/site\/wp-content\/uploads\/2020\/07\/luca-marini-gp-espa\u00f1a-19-07-20-3.jpg 800w, https:\/\/digital58.com.ve\/site\/wp-content\/uploads\/2020\/07\/luca-marini-gp-espa\u00f1a-19-07-20-3-300x196.jpg 300w, https:\/\/digital58.com.ve\/site\/wp-content\/uploads\/2020\/07\/luca-marini-gp-espa\u00f1a-19-07-20-3-768x501.jpg 768w\" sizes=\"auto, (max-width: 900px) 100vw, 900px\" \/><\/a><\/p>\n<p>En la cuarta vuelta Jorge Mart\u00edn se vio superado tanto por Luca Marini, que intent\u00f3 tirar para escaparse sin \u00e9xito, como por su compa\u00f1ero de equipo Tetsuta Nagashima, aunque los \u00abcinco\u00bb de cabeza segu\u00edan muy juntos.<\/p>\n<p>El espa\u00f1ol Marcos Ram\u00edrez (Kalex), fue otro de los perjudicados de la carrera, al verse involucrado en una ca\u00edda en la que se llev\u00f3 por delante al tailand\u00e9s Somkiat Chantra (Kalex), sin que ninguno de los dos pudiese continuar, como tampoco poco despu\u00e9s Marco Bezzecchi, que intentaba superar a Mart\u00edn para ponerse tercero.<\/p>\n<p>Marini, al que le gusta rodar en solitario sin nadie que le moleste para intentar su mejor ritmo, consigui\u00f3 abrir hueco poco a poco respecto a Nagashima y Mart\u00edn, que no dieron su brazo a torcer y esperaron a ver si su rival comet\u00eda alg\u00fan error o los neum\u00e1ticos comenzaban a dar s\u00edntomas de debilidad.<\/p>\n<p>Ese fue el principal problema de muchos pilotos, ya que al igual que en el caso de Bezzecchi, tambi\u00e9n Marcel Schrotter se fue por los suelos al perder adherencia el neum\u00e1tico delantero de su moto por el esfuerzo realizado y con las temperaturas tanto del ambiente como del asfalto subiendo paulatinamente.<\/p>\n<p>A catorce vueltas del final Marini ya contaba con m\u00e1s de un segundo de ventaja (1,2) sobre Tetsuta Nagashima, quien tras su rebufo llevaba pegado a Jorge Mart\u00edn y tambi\u00e9n a Ar\u00f3n Canet, con Vierge en la s\u00e9ptima plaza, H\u00e9ctor Garz\u00f3 (Kalex) decimotercero y Augusto Fern\u00e1ndez (Estrella Galicia 0&#8217;0 Kalex), ya en los puntos decimoquinto, tras salir muy atr\u00e1s (vig\u00e9simo cuarto).<\/p>\n<p>Pero apenas una vuelta m\u00e1s tarde Nagashima protagoniz\u00f3 la vuelta r\u00e1pida de carrera, en un claro aviso de que comenzaba la caza del l\u00edder de la competici\u00f3n, mientras que Ar\u00f3n Canet parec\u00eda dar s\u00edntomas de debilidad en su segunda carrera en Moto2 y no pod\u00eda hacer nada por frenar a Sam Lowes, que le arrebat\u00f3 la cuarta plaza.<\/p>\n<p><a href=\"https:\/\/digital58.com.ve\/site\/wp-content\/uploads\/2020\/07\/luca-marini-gp-espa\u00f1a-19-07-20.jpg\"><img loading=\"lazy\" decoding=\"async\" class=\"aligncenter size-full wp-image-115797\" src=\"https:\/\/digital58.com.ve\/site\/wp-content\/uploads\/2020\/07\/luca-marini-gp-espa\u00f1a-19-07-20.jpg\" alt=\"\" width=\"900\" height=\"556\" srcset=\"https:\/\/digital58.com.ve\/site\/wp-content\/uploads\/2020\/07\/luca-marini-gp-espa\u00f1a-19-07-20.jpg 800w, https:\/\/digital58.com.ve\/site\/wp-content\/uploads\/2020\/07\/luca-marini-gp-espa\u00f1a-19-07-20-300x185.jpg 300w, https:\/\/digital58.com.ve\/site\/wp-content\/uploads\/2020\/07\/luca-marini-gp-espa\u00f1a-19-07-20-768x474.jpg 768w\" sizes=\"auto, (max-width: 900px) 100vw, 900px\" \/><\/a><\/p>\n<p>Nagashima no pudo neutralizar el ritmo de Marini, quien salvo por alg\u00fan error en alguna vuelta, supo mantener las distancias hasta el final, mientras por detr\u00e1s Sam Lowes intentaba infructuosamente alcanzar a Jorge Mart\u00edn para quitarle la tercera y \u00faltima plaza del podio, con Ar\u00f3n Canet en la quinta plaza.<\/p>\n<p>Xavier Vierge (Kalex) fue d\u00e9cimo, con H\u00e9ctor Garz\u00f3 (Kalex), duod\u00e9cimo y Augusto Fern\u00e1ndez, decimotercero, todos ellos en los puntos, no as\u00ed Edgar Pons (Kalex), quien se tuvo que conformar con la decimosexta posici\u00f3n.<\/p><div class=\"gdoyw69eded0cb9586\" ><p style=\"text-align: center;\"><a href=\"https:\/\/t.me\/noticiasdigital58\" target=\"_blank\" rel=\"noopener\"><img class=\"aligncenter size-full wp-image-125363\" src=\"https:\/\/digital58.com.ve\/site\/wp-content\/uploads\/2021\/04\/banner-telegram-web-2021.png\" alt=\"\" width=\"600\" height=\"90\" \/><\/a><\/p><\/div><style type=\"text\/css\">\r\n@media screen and (min-width: 1201px) {\r\n.gdoyw69eded0cb9586 {\r\ndisplay: block;\r\n}\r\n}\r\n@media screen and (min-width: 993px) and (max-width: 1200px) {\r\n.gdoyw69eded0cb9586 {\r\ndisplay: block;\r\n}\r\n}\r\n@media screen and (min-width: 769px) and (max-width: 992px) {\r\n.gdoyw69eded0cb9586 {\r\ndisplay: block;\r\n}\r\n}\r\n@media screen and (min-width: 768px) and (max-width: 768px) {\r\n.gdoyw69eded0cb9586 {\r\ndisplay: block;\r\n}\r\n}\r\n@media screen and (max-width: 767px) {\r\n.gdoyw69eded0cb9586 {\r\ndisplay: block;\r\n}\r\n}\r\n<\/style>\r\n\n<p><strong>Redacci\u00f3n ND58 | Fuente: EFE<\/strong><br \/>\n<strong>Edici\u00f3n: Villasmil, Henry<\/strong><br \/>\n<strong>Gr\u00e1ficas: EFE<\/strong><\/p>\n<div style=\"margin-top: 0px; margin-bottom: 0px;\" class=\"sharethis-inline-share-buttons\" ><\/div>","protected":false},"excerpt":{"rendered":"<p>El podio tambi\u00e9n estuvieron el japon\u00e9s Tetsuta Nagashima (Kalex) y el espa\u00f1ol Jorge Mart\u00edn (Kalex), ambos compa\u00f1eros de equipo en<\/p>\n","protected":false},"author":1,"featured_media":115795,"comment_status":"open","ping_status":"closed","sticky":false,"template":"","format":"standard","meta":{"colormag_page_container_layout":"default_layout","colormag_page_sidebar_layout":"default_layout","_uag_custom_page_level_css":"","footnotes":""},"categories":[5402],"tags":[18072,115,18067,8,18071,18069,18073,15884,18068,4716,11405,18070],"class_list":["post-115788","post","type-post","status-publish","format-standard","has-post-thumbnail","hentry","category-deportes","tag-circuito-angel-nieto-de-jerez","tag-espana","tag-gp-de-espana","tag-internacionales","tag-jorge-martin","tag-luca-marini","tag-moto-gp","tag-moto-gp-2020","tag-moto2","tag-motociclismo","tag-motociclismo-internacional","tag-tetsuta-nagashima"],"yoast_head":"<!-- This site is optimized with the Yoast SEO plugin v27.4 - https:\/\/yoast.com\/product\/yoast-seo-wordpress\/ -->\n<title>Luca Marini domina casi desde el principio el GP de Espa\u00f1a<\/title>\n<meta name=\"description\" content=\"Deportes\" \/>\n<meta name=\"robots\" content=\"index, follow, max-snippet:-1, max-image-preview:large, max-video-preview:-1\" \/>\n<link rel=\"canonical\" href=\"https:\/\/digital58.com.ve\/site\/2020\/07\/19\/luca-marini-domina-casi-desde-el-principio-el-gp-de-espana\/\" \/>\n<meta property=\"og:locale\" content=\"es_ES\" \/>\n<meta property=\"og:type\" content=\"article\" \/>\n<meta property=\"og:title\" content=\"Luca Marini domina casi desde el principio el GP de Espa\u00f1a\" \/>\n<meta property=\"og:description\" content=\"Deportes\" \/>\n<meta property=\"og:url\" content=\"https:\/\/digital58.com.ve\/site\/2020\/07\/19\/luca-marini-domina-casi-desde-el-principio-el-gp-de-espana\/\" \/>\n<meta property=\"og:site_name\" content=\"Noticias Digital58\" \/>\n<meta property=\"article:published_time\" content=\"2020-07-19T13:07:47+00:00\" \/>\n<meta property=\"og:image\" content=\"https:\/\/digital58.com.ve\/site\/wp-content\/uploads\/2020\/07\/luca-marini-gp-espa\u00f1a-19-07-20-3.jpg\" \/>\n\t<meta property=\"og:image:width\" content=\"900\" \/>\n\t<meta property=\"og:image:height\" content=\"587\" \/>\n\t<meta property=\"og:image:type\" content=\"image\/jpeg\" \/>\n<meta name=\"author\" content=\"Villasmil Henry\" \/>\n<meta name=\"twitter:card\" content=\"summary_large_image\" \/>\n<meta name=\"twitter:creator\" content=\"@https:\/\/twitter.com\/villasmilhfoto\" \/>\n<meta name=\"twitter:site\" content=\"@villasmilhfoto\" \/>\n<meta name=\"twitter:label1\" content=\"Escrito por\" \/>\n\t<meta name=\"twitter:data1\" content=\"Villasmil Henry\" \/>\n\t<meta name=\"twitter:label2\" content=\"Tiempo estimado de lectura\" \/>\n\t<meta name=\"twitter:data2\" content=\"4 minutos\" \/>\n<script type=\"application\/ld+json\" class=\"yoast-schema-graph\">{\"@context\":\"https:\\\/\\\/schema.org\",\"@graph\":[{\"@type\":\"Article\",\"@id\":\"https:\\\/\\\/digital58.com.ve\\\/site\\\/2020\\\/07\\\/19\\\/luca-marini-domina-casi-desde-el-principio-el-gp-de-espana\\\/#article\",\"isPartOf\":{\"@id\":\"https:\\\/\\\/digital58.com.ve\\\/site\\\/2020\\\/07\\\/19\\\/luca-marini-domina-casi-desde-el-principio-el-gp-de-espana\\\/\"},\"author\":{\"name\":\"Villasmil Henry\",\"@id\":\"https:\\\/\\\/digital58.com.ve\\\/site\\\/#\\\/schema\\\/person\\\/64d1c2e4d0d4fd1b849980c4331c2951\"},\"headline\":\"Luca Marini domina casi desde el principio el GP de Espa\u00f1a\",\"datePublished\":\"2020-07-19T13:07:47+00:00\",\"mainEntityOfPage\":{\"@id\":\"https:\\\/\\\/digital58.com.ve\\\/site\\\/2020\\\/07\\\/19\\\/luca-marini-domina-casi-desde-el-principio-el-gp-de-espana\\\/\"},\"wordCount\":772,\"commentCount\":0,\"publisher\":{\"@id\":\"https:\\\/\\\/digital58.com.ve\\\/site\\\/#\\\/schema\\\/person\\\/64d1c2e4d0d4fd1b849980c4331c2951\"},\"image\":{\"@id\":\"https:\\\/\\\/digital58.com.ve\\\/site\\\/2020\\\/07\\\/19\\\/luca-marini-domina-casi-desde-el-principio-el-gp-de-espana\\\/#primaryimage\"},\"thumbnailUrl\":\"https:\\\/\\\/digital58.com.ve\\\/site\\\/wp-content\\\/uploads\\\/2020\\\/07\\\/luca-marini-gp-espa\u00f1a-19-07-20-3.jpg\",\"keywords\":[\"Circuito \u00c1ngel Nieto de Jerez\",\"Espa\u00f1a\",\"GP de Espa\u00f1a\",\"Internacionales\",\"Jorge Mart\u00edn\",\"Luca Marini\",\"Moto GP\",\"Moto GP 2020\",\"Moto2\",\"Motociclismo\",\"Motociclismo Internacional\",\"Tetsuta Nagashima\"],\"articleSection\":[\"Deportes\"],\"inLanguage\":\"es\",\"potentialAction\":[{\"@type\":\"CommentAction\",\"name\":\"Comment\",\"target\":[\"https:\\\/\\\/digital58.com.ve\\\/site\\\/2020\\\/07\\\/19\\\/luca-marini-domina-casi-desde-el-principio-el-gp-de-espana\\\/#respond\"]}]},{\"@type\":\"WebPage\",\"@id\":\"https:\\\/\\\/digital58.com.ve\\\/site\\\/2020\\\/07\\\/19\\\/luca-marini-domina-casi-desde-el-principio-el-gp-de-espana\\\/\",\"url\":\"https:\\\/\\\/digital58.com.ve\\\/site\\\/2020\\\/07\\\/19\\\/luca-marini-domina-casi-desde-el-principio-el-gp-de-espana\\\/\",\"name\":\"Luca Marini domina casi desde el principio el GP de Espa\u00f1a\",\"isPartOf\":{\"@id\":\"https:\\\/\\\/digital58.com.ve\\\/site\\\/#website\"},\"primaryImageOfPage\":{\"@id\":\"https:\\\/\\\/digital58.com.ve\\\/site\\\/2020\\\/07\\\/19\\\/luca-marini-domina-casi-desde-el-principio-el-gp-de-espana\\\/#primaryimage\"},\"image\":{\"@id\":\"https:\\\/\\\/digital58.com.ve\\\/site\\\/2020\\\/07\\\/19\\\/luca-marini-domina-casi-desde-el-principio-el-gp-de-espana\\\/#primaryimage\"},\"thumbnailUrl\":\"https:\\\/\\\/digital58.com.ve\\\/site\\\/wp-content\\\/uploads\\\/2020\\\/07\\\/luca-marini-gp-espa\u00f1a-19-07-20-3.jpg\",\"datePublished\":\"2020-07-19T13:07:47+00:00\",\"description\":\"Deportes\",\"breadcrumb\":{\"@id\":\"https:\\\/\\\/digital58.com.ve\\\/site\\\/2020\\\/07\\\/19\\\/luca-marini-domina-casi-desde-el-principio-el-gp-de-espana\\\/#breadcrumb\"},\"inLanguage\":\"es\",\"potentialAction\":[{\"@type\":\"ReadAction\",\"target\":[\"https:\\\/\\\/digital58.com.ve\\\/site\\\/2020\\\/07\\\/19\\\/luca-marini-domina-casi-desde-el-principio-el-gp-de-espana\\\/\"]}]},{\"@type\":\"ImageObject\",\"inLanguage\":\"es\",\"@id\":\"https:\\\/\\\/digital58.com.ve\\\/site\\\/2020\\\/07\\\/19\\\/luca-marini-domina-casi-desde-el-principio-el-gp-de-espana\\\/#primaryimage\",\"url\":\"https:\\\/\\\/digital58.com.ve\\\/site\\\/wp-content\\\/uploads\\\/2020\\\/07\\\/luca-marini-gp-espa\u00f1a-19-07-20-3.jpg\",\"contentUrl\":\"https:\\\/\\\/digital58.com.ve\\\/site\\\/wp-content\\\/uploads\\\/2020\\\/07\\\/luca-marini-gp-espa\u00f1a-19-07-20-3.jpg\",\"width\":800,\"height\":522},{\"@type\":\"BreadcrumbList\",\"@id\":\"https:\\\/\\\/digital58.com.ve\\\/site\\\/2020\\\/07\\\/19\\\/luca-marini-domina-casi-desde-el-principio-el-gp-de-espana\\\/#breadcrumb\",\"itemListElement\":[{\"@type\":\"ListItem\",\"position\":1,\"name\":\"Home\",\"item\":\"https:\\\/\\\/digital58.com.ve\\\/site\\\/\"},{\"@type\":\"ListItem\",\"position\":2,\"name\":\"Luca Marini domina casi desde el principio el GP de Espa\u00f1a\"}]},{\"@type\":\"WebSite\",\"@id\":\"https:\\\/\\\/digital58.com.ve\\\/site\\\/#website\",\"url\":\"https:\\\/\\\/digital58.com.ve\\\/site\\\/\",\"name\":\"Noticias Digital58\",\"description\":\"Portal de Noticias \u00a1Periodismo web de verdad! Lanzamiento web 22.11.2005 \\\/ Maracaibo, Venezuela\",\"publisher\":{\"@id\":\"https:\\\/\\\/digital58.com.ve\\\/site\\\/#\\\/schema\\\/person\\\/64d1c2e4d0d4fd1b849980c4331c2951\"},\"alternateName\":\"ND58\",\"potentialAction\":[{\"@type\":\"SearchAction\",\"target\":{\"@type\":\"EntryPoint\",\"urlTemplate\":\"https:\\\/\\\/digital58.com.ve\\\/site\\\/?s={search_term_string}\"},\"query-input\":{\"@type\":\"PropertyValueSpecification\",\"valueRequired\":true,\"valueName\":\"search_term_string\"}}],\"inLanguage\":\"es\"},{\"@type\":[\"Person\",\"Organization\"],\"@id\":\"https:\\\/\\\/digital58.com.ve\\\/site\\\/#\\\/schema\\\/person\\\/64d1c2e4d0d4fd1b849980c4331c2951\",\"name\":\"Villasmil Henry\",\"image\":{\"@type\":\"ImageObject\",\"inLanguage\":\"es\",\"@id\":\"https:\\\/\\\/secure.gravatar.com\\\/avatar\\\/bb0c4a2fcb7970138239f7e404ea75757b1b507b28b5ce4c53fbd62d797c5a7c?s=96&d=mm&r=g\",\"url\":\"https:\\\/\\\/secure.gravatar.com\\\/avatar\\\/bb0c4a2fcb7970138239f7e404ea75757b1b507b28b5ce4c53fbd62d797c5a7c?s=96&d=mm&r=g\",\"contentUrl\":\"https:\\\/\\\/secure.gravatar.com\\\/avatar\\\/bb0c4a2fcb7970138239f7e404ea75757b1b507b28b5ce4c53fbd62d797c5a7c?s=96&d=mm&r=g\",\"caption\":\"Villasmil Henry\"},\"logo\":{\"@id\":\"https:\\\/\\\/secure.gravatar.com\\\/avatar\\\/bb0c4a2fcb7970138239f7e404ea75757b1b507b28b5ce4c53fbd62d797c5a7c?s=96&d=mm&r=g\"},\"sameAs\":[\"http:\\\/\\\/www.henryvillasmil.com.ve\",\"https:\\\/\\\/www.instagram.com\\\/villasmilhfoto\\\/\",\"https:\\\/\\\/x.com\\\/https:\\\/\\\/twitter.com\\\/villasmilhfoto\"],\"url\":\"https:\\\/\\\/digital58.com.ve\\\/site\\\/author\\\/droopy_68\\\/\"}]}<\/script>\n<!-- \/ Yoast SEO plugin. -->","yoast_head_json":{"title":"Luca Marini domina casi desde el principio el GP de Espa\u00f1a","description":"Deportes","robots":{"index":"index","follow":"follow","max-snippet":"max-snippet:-1","max-image-preview":"max-image-preview:large","max-video-preview":"max-video-preview:-1"},"canonical":"https:\/\/digital58.com.ve\/site\/2020\/07\/19\/luca-marini-domina-casi-desde-el-principio-el-gp-de-espana\/","og_locale":"es_ES","og_type":"article","og_title":"Luca Marini domina casi desde el principio el GP de Espa\u00f1a","og_description":"Deportes","og_url":"https:\/\/digital58.com.ve\/site\/2020\/07\/19\/luca-marini-domina-casi-desde-el-principio-el-gp-de-espana\/","og_site_name":"Noticias Digital58","article_published_time":"2020-07-19T13:07:47+00:00","og_image":[{"width":900,"height":587,"url":"https:\/\/digital58.com.ve\/site\/wp-content\/uploads\/2020\/07\/luca-marini-gp-espa\u00f1a-19-07-20-3.jpg","type":"image\/jpeg"}],"author":"Villasmil Henry","twitter_card":"summary_large_image","twitter_creator":"@https:\/\/twitter.com\/villasmilhfoto","twitter_site":"@villasmilhfoto","twitter_misc":{"Escrito por":"Villasmil Henry","Tiempo estimado de lectura":"4 minutos"},"schema":{"@context":"https:\/\/schema.org","@graph":[{"@type":"Article","@id":"https:\/\/digital58.com.ve\/site\/2020\/07\/19\/luca-marini-domina-casi-desde-el-principio-el-gp-de-espana\/#article","isPartOf":{"@id":"https:\/\/digital58.com.ve\/site\/2020\/07\/19\/luca-marini-domina-casi-desde-el-principio-el-gp-de-espana\/"},"author":{"name":"Villasmil Henry","@id":"https:\/\/digital58.com.ve\/site\/#\/schema\/person\/64d1c2e4d0d4fd1b849980c4331c2951"},"headline":"Luca Marini domina casi desde el principio el GP de Espa\u00f1a","datePublished":"2020-07-19T13:07:47+00:00","mainEntityOfPage":{"@id":"https:\/\/digital58.com.ve\/site\/2020\/07\/19\/luca-marini-domina-casi-desde-el-principio-el-gp-de-espana\/"},"wordCount":772,"commentCount":0,"publisher":{"@id":"https:\/\/digital58.com.ve\/site\/#\/schema\/person\/64d1c2e4d0d4fd1b849980c4331c2951"},"image":{"@id":"https:\/\/digital58.com.ve\/site\/2020\/07\/19\/luca-marini-domina-casi-desde-el-principio-el-gp-de-espana\/#primaryimage"},"thumbnailUrl":"https:\/\/digital58.com.ve\/site\/wp-content\/uploads\/2020\/07\/luca-marini-gp-espa\u00f1a-19-07-20-3.jpg","keywords":["Circuito \u00c1ngel Nieto de Jerez","Espa\u00f1a","GP de Espa\u00f1a","Internacionales","Jorge Mart\u00edn","Luca Marini","Moto GP","Moto GP 2020","Moto2","Motociclismo","Motociclismo Internacional","Tetsuta Nagashima"],"articleSection":["Deportes"],"inLanguage":"es","potentialAction":[{"@type":"CommentAction","name":"Comment","target":["https:\/\/digital58.com.ve\/site\/2020\/07\/19\/luca-marini-domina-casi-desde-el-principio-el-gp-de-espana\/#respond"]}]},{"@type":"WebPage","@id":"https:\/\/digital58.com.ve\/site\/2020\/07\/19\/luca-marini-domina-casi-desde-el-principio-el-gp-de-espana\/","url":"https:\/\/digital58.com.ve\/site\/2020\/07\/19\/luca-marini-domina-casi-desde-el-principio-el-gp-de-espana\/","name":"Luca Marini domina casi desde el principio el GP de Espa\u00f1a","isPartOf":{"@id":"https:\/\/digital58.com.ve\/site\/#website"},"primaryImageOfPage":{"@id":"https:\/\/digital58.com.ve\/site\/2020\/07\/19\/luca-marini-domina-casi-desde-el-principio-el-gp-de-espana\/#primaryimage"},"image":{"@id":"https:\/\/digital58.com.ve\/site\/2020\/07\/19\/luca-marini-domina-casi-desde-el-principio-el-gp-de-espana\/#primaryimage"},"thumbnailUrl":"https:\/\/digital58.com.ve\/site\/wp-content\/uploads\/2020\/07\/luca-marini-gp-espa\u00f1a-19-07-20-3.jpg","datePublished":"2020-07-19T13:07:47+00:00","description":"Deportes","breadcrumb":{"@id":"https:\/\/digital58.com.ve\/site\/2020\/07\/19\/luca-marini-domina-casi-desde-el-principio-el-gp-de-espana\/#breadcrumb"},"inLanguage":"es","potentialAction":[{"@type":"ReadAction","target":["https:\/\/digital58.com.ve\/site\/2020\/07\/19\/luca-marini-domina-casi-desde-el-principio-el-gp-de-espana\/"]}]},{"@type":"ImageObject","inLanguage":"es","@id":"https:\/\/digital58.com.ve\/site\/2020\/07\/19\/luca-marini-domina-casi-desde-el-principio-el-gp-de-espana\/#primaryimage","url":"https:\/\/digital58.com.ve\/site\/wp-content\/uploads\/2020\/07\/luca-marini-gp-espa\u00f1a-19-07-20-3.jpg","contentUrl":"https:\/\/digital58.com.ve\/site\/wp-content\/uploads\/2020\/07\/luca-marini-gp-espa\u00f1a-19-07-20-3.jpg","width":800,"height":522},{"@type":"BreadcrumbList","@id":"https:\/\/digital58.com.ve\/site\/2020\/07\/19\/luca-marini-domina-casi-desde-el-principio-el-gp-de-espana\/#breadcrumb","itemListElement":[{"@type":"ListItem","position":1,"name":"Home","item":"https:\/\/digital58.com.ve\/site\/"},{"@type":"ListItem","position":2,"name":"Luca Marini domina casi desde el principio el GP de Espa\u00f1a"}]},{"@type":"WebSite","@id":"https:\/\/digital58.com.ve\/site\/#website","url":"https:\/\/digital58.com.ve\/site\/","name":"Noticias Digital58","description":"Portal de Noticias \u00a1Periodismo web de verdad! Lanzamiento web 22.11.2005 \/ Maracaibo, Venezuela","publisher":{"@id":"https:\/\/digital58.com.ve\/site\/#\/schema\/person\/64d1c2e4d0d4fd1b849980c4331c2951"},"alternateName":"ND58","potentialAction":[{"@type":"SearchAction","target":{"@type":"EntryPoint","urlTemplate":"https:\/\/digital58.com.ve\/site\/?s={search_term_string}"},"query-input":{"@type":"PropertyValueSpecification","valueRequired":true,"valueName":"search_term_string"}}],"inLanguage":"es"},{"@type":["Person","Organization"],"@id":"https:\/\/digital58.com.ve\/site\/#\/schema\/person\/64d1c2e4d0d4fd1b849980c4331c2951","name":"Villasmil Henry","image":{"@type":"ImageObject","inLanguage":"es","@id":"https:\/\/secure.gravatar.com\/avatar\/bb0c4a2fcb7970138239f7e404ea75757b1b507b28b5ce4c53fbd62d797c5a7c?s=96&d=mm&r=g","url":"https:\/\/secure.gravatar.com\/avatar\/bb0c4a2fcb7970138239f7e404ea75757b1b507b28b5ce4c53fbd62d797c5a7c?s=96&d=mm&r=g","contentUrl":"https:\/\/secure.gravatar.com\/avatar\/bb0c4a2fcb7970138239f7e404ea75757b1b507b28b5ce4c53fbd62d797c5a7c?s=96&d=mm&r=g","caption":"Villasmil Henry"},"logo":{"@id":"https:\/\/secure.gravatar.com\/avatar\/bb0c4a2fcb7970138239f7e404ea75757b1b507b28b5ce4c53fbd62d797c5a7c?s=96&d=mm&r=g"},"sameAs":["http:\/\/www.henryvillasmil.com.ve","https:\/\/www.instagram.com\/villasmilhfoto\/","https:\/\/x.com\/https:\/\/twitter.com\/villasmilhfoto"],"url":"https:\/\/digital58.com.ve\/site\/author\/droopy_68\/"}]}},"uagb_featured_image_src":{"full":["https:\/\/digital58.com.ve\/site\/wp-content\/uploads\/2020\/07\/luca-marini-gp-espa\u00f1a-19-07-20-3.jpg",800,522,false],"thumbnail":["https:\/\/digital58.com.ve\/site\/wp-content\/uploads\/2020\/07\/luca-marini-gp-espa\u00f1a-19-07-20-3-150x150.jpg",150,150,true],"medium":["https:\/\/digital58.com.ve\/site\/wp-content\/uploads\/2020\/07\/luca-marini-gp-espa\u00f1a-19-07-20-3-300x196.jpg",300,196,true],"medium_large":["https:\/\/digital58.com.ve\/site\/wp-content\/uploads\/2020\/07\/luca-marini-gp-espa\u00f1a-19-07-20-3-768x501.jpg",768,501,true],"large":["https:\/\/digital58.com.ve\/site\/wp-content\/uploads\/2020\/07\/luca-marini-gp-espa\u00f1a-19-07-20-3.jpg",800,522,false],"1536x1536":["https:\/\/digital58.com.ve\/site\/wp-content\/uploads\/2020\/07\/luca-marini-gp-espa\u00f1a-19-07-20-3.jpg",800,522,false],"2048x2048":["https:\/\/digital58.com.ve\/site\/wp-content\/uploads\/2020\/07\/luca-marini-gp-espa\u00f1a-19-07-20-3.jpg",800,522,false],"colormag-highlighted-post":["https:\/\/digital58.com.ve\/site\/wp-content\/uploads\/2020\/07\/luca-marini-gp-espa\u00f1a-19-07-20-3.jpg",392,256,false],"colormag-featured-post-medium":["https:\/\/digital58.com.ve\/site\/wp-content\/uploads\/2020\/07\/luca-marini-gp-espa\u00f1a-19-07-20-3.jpg",314,205,false],"colormag-featured-post-small":["https:\/\/digital58.com.ve\/site\/wp-content\/uploads\/2020\/07\/luca-marini-gp-espa\u00f1a-19-07-20-3.jpg",130,85,false],"colormag-featured-image":["https:\/\/digital58.com.ve\/site\/wp-content\/uploads\/2020\/07\/luca-marini-gp-espa\u00f1a-19-07-20-3.jpg",682,445,false],"colormag-default-news":["https:\/\/digital58.com.ve\/site\/wp-content\/uploads\/2020\/07\/luca-marini-gp-espa\u00f1a-19-07-20-3.jpg",150,98,false],"colormag-featured-image-large":["https:\/\/digital58.com.ve\/site\/wp-content\/uploads\/2020\/07\/luca-marini-gp-espa\u00f1a-19-07-20-3.jpg",800,522,false]},"uagb_author_info":{"display_name":"Villasmil Henry","author_link":"https:\/\/digital58.com.ve\/site\/author\/droopy_68\/"},"uagb_comment_info":0,"uagb_excerpt":"El podio tambi\u00e9n estuvieron el japon\u00e9s Tetsuta Nagashima (Kalex) y el espa\u00f1ol Jorge Mart\u00edn (Kalex), ambos compa\u00f1eros de equipo en","_links":{"self":[{"href":"https:\/\/digital58.com.ve\/site\/wp-json\/wp\/v2\/posts\/115788","targetHints":{"allow":["GET"]}}],"collection":[{"href":"https:\/\/digital58.com.ve\/site\/wp-json\/wp\/v2\/posts"}],"about":[{"href":"https:\/\/digital58.com.ve\/site\/wp-json\/wp\/v2\/types\/post"}],"author":[{"embeddable":true,"href":"https:\/\/digital58.com.ve\/site\/wp-json\/wp\/v2\/users\/1"}],"replies":[{"embeddable":true,"href":"https:\/\/digital58.com.ve\/site\/wp-json\/wp\/v2\/comments?post=115788"}],"version-history":[{"count":0,"href":"https:\/\/digital58.com.ve\/site\/wp-json\/wp\/v2\/posts\/115788\/revisions"}],"wp:featuredmedia":[{"embeddable":true,"href":"https:\/\/digital58.com.ve\/site\/wp-json\/wp\/v2\/media\/115795"}],"wp:attachment":[{"href":"https:\/\/digital58.com.ve\/site\/wp-json\/wp\/v2\/media?parent=115788"}],"wp:term":[{"taxonomy":"category","embeddable":true,"href":"https:\/\/digital58.com.ve\/site\/wp-json\/wp\/v2\/categories?post=115788"},{"taxonomy":"post_tag","embeddable":true,"href":"https:\/\/digital58.com.ve\/site\/wp-json\/wp\/v2\/tags?post=115788"}],"curies":[{"name":"wp","href":"https:\/\/api.w.org\/{rel}","templated":true}]}}