{"id":115804,"date":"2020-07-19T09:36:35","date_gmt":"2020-07-19T13:36:35","guid":{"rendered":"https:\/\/digital58.com.ve\/site\/?p=115804"},"modified":"2020-07-19T09:36:35","modified_gmt":"2020-07-19T13:36:35","slug":"oms-informa-aumento-diario-record-de-casos-mundiales-de-coronavirus-segundo-consecutivo","status":"publish","type":"post","link":"https:\/\/digital58.com.ve\/site\/2020\/07\/19\/oms-informa-aumento-diario-record-de-casos-mundiales-de-coronavirus-segundo-consecutivo\/","title":{"rendered":"OMS informa aumento diario r\u00e9cord de casos mundiales de coronavirus, segundo consecutivo"},"content":{"rendered":"<p><a href=\"https:\/\/digital58.com.ve\/site\/wp-content\/uploads\/2020\/07\/oms-19-07-20.jpg\"><img loading=\"lazy\" decoding=\"async\" class=\"aligncenter size-full wp-image-115805\" src=\"https:\/\/digital58.com.ve\/site\/wp-content\/uploads\/2020\/07\/oms-19-07-20.jpg\" alt=\"\" width=\"800\" height=\"544\" srcset=\"https:\/\/digital58.com.ve\/site\/wp-content\/uploads\/2020\/07\/oms-19-07-20.jpg 800w, https:\/\/digital58.com.ve\/site\/wp-content\/uploads\/2020\/07\/oms-19-07-20-300x204.jpg 300w, https:\/\/digital58.com.ve\/site\/wp-content\/uploads\/2020\/07\/oms-19-07-20-768x522.jpg 768w\" sizes=\"auto, (max-width: 800px) 100vw, 800px\" \/><\/a><\/p>\n<p>Los mayores incrementos se produjeron en Estados Unidos, Brasil, India y Sud\u00e1frica, seg\u00fan el recuento diario.<\/p>\n<p><strong>Internacionales, 19 de julio de 2020 (ND58).-<\/strong> La Organizaci\u00f3n Mundial de la Salud inform\u00f3 el s\u00e1bado un incremento r\u00e9cord en los casos mundiales de coronavirus por segundo d\u00eda consecutivo, con el aumento de 259.848 en 24 horas.<\/p>\n<p>El r\u00e9cord anterior de nuevos casos informados por la OMS fue de 237.743 el viernes. Las muertes aumentaron en 7.360, la mayor alza diaria desde el 10 de mayo. Los decesos han estado promediando 44.800 al d\u00eda en julio, levemente por sobre el promedio de 4.600 al d\u00eda en junio.<\/p>\n<p>Los casos mundiales de coronavirus superaron los 14 millones el viernes, seg\u00fan un recuento de Reuters, marcando otro hito en la propagaci\u00f3n de la enfermedad que ha matado a casi 600.000 persones en siete meses. El alza significa que 1 mill\u00f3n de casos fueron informados en menos de 100 horas.<\/p>\n<p>La OMS inform\u00f3 71.484 nuevos casos en Estados Unidos, 45.403 en Brasil, 34.884 en India y 13.373 en Sud\u00e1frica.<\/p>\n<p>Los casos en Brasil cruzaron la marca de 2 millones el jueves, duplic\u00e1ndose en menos de un mes y sumando casi 40.000 infecciones diarias. Un entramado de respuestas estatales y de ciudades no ha logrado un buen resultado en ausencia de una pol\u00edtica fuertemente coordinada de parte del gobierno federal.<\/p>\n<p>Estados Unidos, que lidera con m\u00e1s de 3,7 millones de casos, tambi\u00e9n ha intentado frenar el brote a niveles estatales y locales, con un \u00e9xito limitado.<\/p>\n<p>India se convirti\u00f3 el viernes en el tercer pa\u00eds en el mundo en registrar m\u00e1s de 1 mill\u00f3n de infecciones, por detr\u00e1s s\u00f3lo de Estados Unidos y Brasil. Epidemiologistas dicen que India a\u00fan est\u00e1 a meses de alcanzar un punto \u00e1lgido.<\/p><div class=\"nqnvu69edd555e7311\" ><p style=\"text-align: center;\"><a href=\"https:\/\/t.me\/noticiasdigital58\" target=\"_blank\" rel=\"noopener\"><img class=\"aligncenter size-full wp-image-125363\" src=\"https:\/\/digital58.com.ve\/site\/wp-content\/uploads\/2021\/04\/banner-telegram-web-2021.png\" alt=\"\" width=\"600\" height=\"90\" \/><\/a><\/p><\/div><style type=\"text\/css\">\r\n@media screen and (min-width: 1201px) {\r\n.nqnvu69edd555e7311 {\r\ndisplay: block;\r\n}\r\n}\r\n@media screen and (min-width: 993px) and (max-width: 1200px) {\r\n.nqnvu69edd555e7311 {\r\ndisplay: block;\r\n}\r\n}\r\n@media screen and (min-width: 769px) and (max-width: 992px) {\r\n.nqnvu69edd555e7311 {\r\ndisplay: block;\r\n}\r\n}\r\n@media screen and (min-width: 768px) and (max-width: 768px) {\r\n.nqnvu69edd555e7311 {\r\ndisplay: block;\r\n}\r\n}\r\n@media screen and (max-width: 767px) {\r\n.nqnvu69edd555e7311 {\r\ndisplay: block;\r\n}\r\n}\r\n<\/style>\r\n\n<p><strong>Redacci\u00f3n ND58 | Fuente: Reuters<\/strong><br \/>\n<strong>Edici\u00f3n: Villasmil, Henry<\/strong><br \/>\n<strong>Gr\u00e1fica: Reuters<\/strong><\/p>\n<div style=\"margin-top: 0px; margin-bottom: 0px;\" class=\"sharethis-inline-share-buttons\" ><\/div>","protected":false},"excerpt":{"rendered":"<p>Los mayores incrementos se produjeron en Estados Unidos, Brasil, India y Sud\u00e1frica, seg\u00fan el recuento diario. Internacionales, 19 de julio<\/p>\n","protected":false},"author":1,"featured_media":115805,"comment_status":"open","ping_status":"closed","sticky":false,"template":"","format":"standard","meta":{"colormag_page_container_layout":"default_layout","colormag_page_sidebar_layout":"default_layout","_uag_custom_page_level_css":"","footnotes":""},"categories":[16451],"tags":[13352,13648,8,550,13723,14457],"class_list":["post-115804","post","type-post","status-publish","format-standard","has-post-thumbnail","hentry","category-mundo","tag-coronavirus","tag-covid-19","tag-internacionales","tag-oms","tag-pandemia","tag-reporte-diario-covid-19"],"yoast_head":"<!-- This site is optimized with the Yoast SEO plugin v27.4 - https:\/\/yoast.com\/product\/yoast-seo-wordpress\/ -->\n<title>OMS informa aumento diario r\u00e9cord de casos mundiales de coronavirus, segundo consecutivo<\/title>\n<meta name=\"description\" content=\"Mundo\" \/>\n<meta name=\"robots\" content=\"index, follow, max-snippet:-1, max-image-preview:large, max-video-preview:-1\" \/>\n<link rel=\"canonical\" href=\"https:\/\/digital58.com.ve\/site\/2020\/07\/19\/oms-informa-aumento-diario-record-de-casos-mundiales-de-coronavirus-segundo-consecutivo\/\" \/>\n<meta property=\"og:locale\" content=\"es_ES\" \/>\n<meta property=\"og:type\" content=\"article\" \/>\n<meta property=\"og:title\" content=\"OMS informa aumento diario r\u00e9cord de casos mundiales de coronavirus, segundo consecutivo\" \/>\n<meta property=\"og:description\" content=\"Mundo\" \/>\n<meta property=\"og:url\" content=\"https:\/\/digital58.com.ve\/site\/2020\/07\/19\/oms-informa-aumento-diario-record-de-casos-mundiales-de-coronavirus-segundo-consecutivo\/\" \/>\n<meta property=\"og:site_name\" content=\"Noticias Digital58\" \/>\n<meta property=\"article:published_time\" content=\"2020-07-19T13:36:35+00:00\" \/>\n<meta property=\"og:image\" content=\"https:\/\/digital58.com.ve\/site\/wp-content\/uploads\/2020\/07\/oms-19-07-20.jpg\" \/>\n\t<meta property=\"og:image:width\" content=\"800\" \/>\n\t<meta property=\"og:image:height\" content=\"544\" \/>\n\t<meta property=\"og:image:type\" content=\"image\/jpeg\" \/>\n<meta name=\"author\" content=\"Villasmil Henry\" \/>\n<meta name=\"twitter:card\" content=\"summary_large_image\" \/>\n<meta name=\"twitter:creator\" content=\"@https:\/\/twitter.com\/villasmilhfoto\" \/>\n<meta name=\"twitter:site\" content=\"@villasmilhfoto\" \/>\n<meta name=\"twitter:label1\" content=\"Escrito por\" \/>\n\t<meta name=\"twitter:data1\" content=\"Villasmil Henry\" \/>\n\t<meta name=\"twitter:label2\" content=\"Tiempo estimado de lectura\" \/>\n\t<meta name=\"twitter:data2\" content=\"2 minutos\" \/>\n<script type=\"application\/ld+json\" class=\"yoast-schema-graph\">{\"@context\":\"https:\\\/\\\/schema.org\",\"@graph\":[{\"@type\":\"Article\",\"@id\":\"https:\\\/\\\/digital58.com.ve\\\/site\\\/2020\\\/07\\\/19\\\/oms-informa-aumento-diario-record-de-casos-mundiales-de-coronavirus-segundo-consecutivo\\\/#article\",\"isPartOf\":{\"@id\":\"https:\\\/\\\/digital58.com.ve\\\/site\\\/2020\\\/07\\\/19\\\/oms-informa-aumento-diario-record-de-casos-mundiales-de-coronavirus-segundo-consecutivo\\\/\"},\"author\":{\"name\":\"Villasmil Henry\",\"@id\":\"https:\\\/\\\/digital58.com.ve\\\/site\\\/#\\\/schema\\\/person\\\/64d1c2e4d0d4fd1b849980c4331c2951\"},\"headline\":\"OMS informa aumento diario r\u00e9cord de casos mundiales de coronavirus, segundo consecutivo\",\"datePublished\":\"2020-07-19T13:36:35+00:00\",\"mainEntityOfPage\":{\"@id\":\"https:\\\/\\\/digital58.com.ve\\\/site\\\/2020\\\/07\\\/19\\\/oms-informa-aumento-diario-record-de-casos-mundiales-de-coronavirus-segundo-consecutivo\\\/\"},\"wordCount\":317,\"commentCount\":0,\"publisher\":{\"@id\":\"https:\\\/\\\/digital58.com.ve\\\/site\\\/#\\\/schema\\\/person\\\/64d1c2e4d0d4fd1b849980c4331c2951\"},\"image\":{\"@id\":\"https:\\\/\\\/digital58.com.ve\\\/site\\\/2020\\\/07\\\/19\\\/oms-informa-aumento-diario-record-de-casos-mundiales-de-coronavirus-segundo-consecutivo\\\/#primaryimage\"},\"thumbnailUrl\":\"https:\\\/\\\/digital58.com.ve\\\/site\\\/wp-content\\\/uploads\\\/2020\\\/07\\\/oms-19-07-20.jpg\",\"keywords\":[\"Coronavirus\",\"COVID-19\",\"Internacionales\",\"OMS\",\"Pandemia\",\"Reporte Diario COVID-19\"],\"articleSection\":[\"Mundo\"],\"inLanguage\":\"es\",\"potentialAction\":[{\"@type\":\"CommentAction\",\"name\":\"Comment\",\"target\":[\"https:\\\/\\\/digital58.com.ve\\\/site\\\/2020\\\/07\\\/19\\\/oms-informa-aumento-diario-record-de-casos-mundiales-de-coronavirus-segundo-consecutivo\\\/#respond\"]}]},{\"@type\":\"WebPage\",\"@id\":\"https:\\\/\\\/digital58.com.ve\\\/site\\\/2020\\\/07\\\/19\\\/oms-informa-aumento-diario-record-de-casos-mundiales-de-coronavirus-segundo-consecutivo\\\/\",\"url\":\"https:\\\/\\\/digital58.com.ve\\\/site\\\/2020\\\/07\\\/19\\\/oms-informa-aumento-diario-record-de-casos-mundiales-de-coronavirus-segundo-consecutivo\\\/\",\"name\":\"OMS informa aumento diario r\u00e9cord de casos mundiales de coronavirus, segundo consecutivo\",\"isPartOf\":{\"@id\":\"https:\\\/\\\/digital58.com.ve\\\/site\\\/#website\"},\"primaryImageOfPage\":{\"@id\":\"https:\\\/\\\/digital58.com.ve\\\/site\\\/2020\\\/07\\\/19\\\/oms-informa-aumento-diario-record-de-casos-mundiales-de-coronavirus-segundo-consecutivo\\\/#primaryimage\"},\"image\":{\"@id\":\"https:\\\/\\\/digital58.com.ve\\\/site\\\/2020\\\/07\\\/19\\\/oms-informa-aumento-diario-record-de-casos-mundiales-de-coronavirus-segundo-consecutivo\\\/#primaryimage\"},\"thumbnailUrl\":\"https:\\\/\\\/digital58.com.ve\\\/site\\\/wp-content\\\/uploads\\\/2020\\\/07\\\/oms-19-07-20.jpg\",\"datePublished\":\"2020-07-19T13:36:35+00:00\",\"description\":\"Mundo\",\"breadcrumb\":{\"@id\":\"https:\\\/\\\/digital58.com.ve\\\/site\\\/2020\\\/07\\\/19\\\/oms-informa-aumento-diario-record-de-casos-mundiales-de-coronavirus-segundo-consecutivo\\\/#breadcrumb\"},\"inLanguage\":\"es\",\"potentialAction\":[{\"@type\":\"ReadAction\",\"target\":[\"https:\\\/\\\/digital58.com.ve\\\/site\\\/2020\\\/07\\\/19\\\/oms-informa-aumento-diario-record-de-casos-mundiales-de-coronavirus-segundo-consecutivo\\\/\"]}]},{\"@type\":\"ImageObject\",\"inLanguage\":\"es\",\"@id\":\"https:\\\/\\\/digital58.com.ve\\\/site\\\/2020\\\/07\\\/19\\\/oms-informa-aumento-diario-record-de-casos-mundiales-de-coronavirus-segundo-consecutivo\\\/#primaryimage\",\"url\":\"https:\\\/\\\/digital58.com.ve\\\/site\\\/wp-content\\\/uploads\\\/2020\\\/07\\\/oms-19-07-20.jpg\",\"contentUrl\":\"https:\\\/\\\/digital58.com.ve\\\/site\\\/wp-content\\\/uploads\\\/2020\\\/07\\\/oms-19-07-20.jpg\",\"width\":800,\"height\":544},{\"@type\":\"BreadcrumbList\",\"@id\":\"https:\\\/\\\/digital58.com.ve\\\/site\\\/2020\\\/07\\\/19\\\/oms-informa-aumento-diario-record-de-casos-mundiales-de-coronavirus-segundo-consecutivo\\\/#breadcrumb\",\"itemListElement\":[{\"@type\":\"ListItem\",\"position\":1,\"name\":\"Home\",\"item\":\"https:\\\/\\\/digital58.com.ve\\\/site\\\/\"},{\"@type\":\"ListItem\",\"position\":2,\"name\":\"OMS informa aumento diario r\u00e9cord de casos mundiales de coronavirus, segundo consecutivo\"}]},{\"@type\":\"WebSite\",\"@id\":\"https:\\\/\\\/digital58.com.ve\\\/site\\\/#website\",\"url\":\"https:\\\/\\\/digital58.com.ve\\\/site\\\/\",\"name\":\"Noticias Digital58\",\"description\":\"Portal de Noticias \u00a1Periodismo web de verdad! Lanzamiento web 22.11.2005 \\\/ Maracaibo, Venezuela\",\"publisher\":{\"@id\":\"https:\\\/\\\/digital58.com.ve\\\/site\\\/#\\\/schema\\\/person\\\/64d1c2e4d0d4fd1b849980c4331c2951\"},\"alternateName\":\"ND58\",\"potentialAction\":[{\"@type\":\"SearchAction\",\"target\":{\"@type\":\"EntryPoint\",\"urlTemplate\":\"https:\\\/\\\/digital58.com.ve\\\/site\\\/?s={search_term_string}\"},\"query-input\":{\"@type\":\"PropertyValueSpecification\",\"valueRequired\":true,\"valueName\":\"search_term_string\"}}],\"inLanguage\":\"es\"},{\"@type\":[\"Person\",\"Organization\"],\"@id\":\"https:\\\/\\\/digital58.com.ve\\\/site\\\/#\\\/schema\\\/person\\\/64d1c2e4d0d4fd1b849980c4331c2951\",\"name\":\"Villasmil Henry\",\"image\":{\"@type\":\"ImageObject\",\"inLanguage\":\"es\",\"@id\":\"https:\\\/\\\/secure.gravatar.com\\\/avatar\\\/bb0c4a2fcb7970138239f7e404ea75757b1b507b28b5ce4c53fbd62d797c5a7c?s=96&d=mm&r=g\",\"url\":\"https:\\\/\\\/secure.gravatar.com\\\/avatar\\\/bb0c4a2fcb7970138239f7e404ea75757b1b507b28b5ce4c53fbd62d797c5a7c?s=96&d=mm&r=g\",\"contentUrl\":\"https:\\\/\\\/secure.gravatar.com\\\/avatar\\\/bb0c4a2fcb7970138239f7e404ea75757b1b507b28b5ce4c53fbd62d797c5a7c?s=96&d=mm&r=g\",\"caption\":\"Villasmil Henry\"},\"logo\":{\"@id\":\"https:\\\/\\\/secure.gravatar.com\\\/avatar\\\/bb0c4a2fcb7970138239f7e404ea75757b1b507b28b5ce4c53fbd62d797c5a7c?s=96&d=mm&r=g\"},\"sameAs\":[\"http:\\\/\\\/www.henryvillasmil.com.ve\",\"https:\\\/\\\/www.instagram.com\\\/villasmilhfoto\\\/\",\"https:\\\/\\\/x.com\\\/https:\\\/\\\/twitter.com\\\/villasmilhfoto\"],\"url\":\"https:\\\/\\\/digital58.com.ve\\\/site\\\/author\\\/droopy_68\\\/\"}]}<\/script>\n<!-- \/ Yoast SEO plugin. -->","yoast_head_json":{"title":"OMS informa aumento diario r\u00e9cord de casos mundiales de coronavirus, segundo consecutivo","description":"Mundo","robots":{"index":"index","follow":"follow","max-snippet":"max-snippet:-1","max-image-preview":"max-image-preview:large","max-video-preview":"max-video-preview:-1"},"canonical":"https:\/\/digital58.com.ve\/site\/2020\/07\/19\/oms-informa-aumento-diario-record-de-casos-mundiales-de-coronavirus-segundo-consecutivo\/","og_locale":"es_ES","og_type":"article","og_title":"OMS informa aumento diario r\u00e9cord de casos mundiales de coronavirus, segundo consecutivo","og_description":"Mundo","og_url":"https:\/\/digital58.com.ve\/site\/2020\/07\/19\/oms-informa-aumento-diario-record-de-casos-mundiales-de-coronavirus-segundo-consecutivo\/","og_site_name":"Noticias Digital58","article_published_time":"2020-07-19T13:36:35+00:00","og_image":[{"width":800,"height":544,"url":"https:\/\/digital58.com.ve\/site\/wp-content\/uploads\/2020\/07\/oms-19-07-20.jpg","type":"image\/jpeg"}],"author":"Villasmil Henry","twitter_card":"summary_large_image","twitter_creator":"@https:\/\/twitter.com\/villasmilhfoto","twitter_site":"@villasmilhfoto","twitter_misc":{"Escrito por":"Villasmil Henry","Tiempo estimado de lectura":"2 minutos"},"schema":{"@context":"https:\/\/schema.org","@graph":[{"@type":"Article","@id":"https:\/\/digital58.com.ve\/site\/2020\/07\/19\/oms-informa-aumento-diario-record-de-casos-mundiales-de-coronavirus-segundo-consecutivo\/#article","isPartOf":{"@id":"https:\/\/digital58.com.ve\/site\/2020\/07\/19\/oms-informa-aumento-diario-record-de-casos-mundiales-de-coronavirus-segundo-consecutivo\/"},"author":{"name":"Villasmil Henry","@id":"https:\/\/digital58.com.ve\/site\/#\/schema\/person\/64d1c2e4d0d4fd1b849980c4331c2951"},"headline":"OMS informa aumento diario r\u00e9cord de casos mundiales de coronavirus, segundo consecutivo","datePublished":"2020-07-19T13:36:35+00:00","mainEntityOfPage":{"@id":"https:\/\/digital58.com.ve\/site\/2020\/07\/19\/oms-informa-aumento-diario-record-de-casos-mundiales-de-coronavirus-segundo-consecutivo\/"},"wordCount":317,"commentCount":0,"publisher":{"@id":"https:\/\/digital58.com.ve\/site\/#\/schema\/person\/64d1c2e4d0d4fd1b849980c4331c2951"},"image":{"@id":"https:\/\/digital58.com.ve\/site\/2020\/07\/19\/oms-informa-aumento-diario-record-de-casos-mundiales-de-coronavirus-segundo-consecutivo\/#primaryimage"},"thumbnailUrl":"https:\/\/digital58.com.ve\/site\/wp-content\/uploads\/2020\/07\/oms-19-07-20.jpg","keywords":["Coronavirus","COVID-19","Internacionales","OMS","Pandemia","Reporte Diario COVID-19"],"articleSection":["Mundo"],"inLanguage":"es","potentialAction":[{"@type":"CommentAction","name":"Comment","target":["https:\/\/digital58.com.ve\/site\/2020\/07\/19\/oms-informa-aumento-diario-record-de-casos-mundiales-de-coronavirus-segundo-consecutivo\/#respond"]}]},{"@type":"WebPage","@id":"https:\/\/digital58.com.ve\/site\/2020\/07\/19\/oms-informa-aumento-diario-record-de-casos-mundiales-de-coronavirus-segundo-consecutivo\/","url":"https:\/\/digital58.com.ve\/site\/2020\/07\/19\/oms-informa-aumento-diario-record-de-casos-mundiales-de-coronavirus-segundo-consecutivo\/","name":"OMS informa aumento diario r\u00e9cord de casos mundiales de coronavirus, segundo consecutivo","isPartOf":{"@id":"https:\/\/digital58.com.ve\/site\/#website"},"primaryImageOfPage":{"@id":"https:\/\/digital58.com.ve\/site\/2020\/07\/19\/oms-informa-aumento-diario-record-de-casos-mundiales-de-coronavirus-segundo-consecutivo\/#primaryimage"},"image":{"@id":"https:\/\/digital58.com.ve\/site\/2020\/07\/19\/oms-informa-aumento-diario-record-de-casos-mundiales-de-coronavirus-segundo-consecutivo\/#primaryimage"},"thumbnailUrl":"https:\/\/digital58.com.ve\/site\/wp-content\/uploads\/2020\/07\/oms-19-07-20.jpg","datePublished":"2020-07-19T13:36:35+00:00","description":"Mundo","breadcrumb":{"@id":"https:\/\/digital58.com.ve\/site\/2020\/07\/19\/oms-informa-aumento-diario-record-de-casos-mundiales-de-coronavirus-segundo-consecutivo\/#breadcrumb"},"inLanguage":"es","potentialAction":[{"@type":"ReadAction","target":["https:\/\/digital58.com.ve\/site\/2020\/07\/19\/oms-informa-aumento-diario-record-de-casos-mundiales-de-coronavirus-segundo-consecutivo\/"]}]},{"@type":"ImageObject","inLanguage":"es","@id":"https:\/\/digital58.com.ve\/site\/2020\/07\/19\/oms-informa-aumento-diario-record-de-casos-mundiales-de-coronavirus-segundo-consecutivo\/#primaryimage","url":"https:\/\/digital58.com.ve\/site\/wp-content\/uploads\/2020\/07\/oms-19-07-20.jpg","contentUrl":"https:\/\/digital58.com.ve\/site\/wp-content\/uploads\/2020\/07\/oms-19-07-20.jpg","width":800,"height":544},{"@type":"BreadcrumbList","@id":"https:\/\/digital58.com.ve\/site\/2020\/07\/19\/oms-informa-aumento-diario-record-de-casos-mundiales-de-coronavirus-segundo-consecutivo\/#breadcrumb","itemListElement":[{"@type":"ListItem","position":1,"name":"Home","item":"https:\/\/digital58.com.ve\/site\/"},{"@type":"ListItem","position":2,"name":"OMS informa aumento diario r\u00e9cord de casos mundiales de coronavirus, segundo consecutivo"}]},{"@type":"WebSite","@id":"https:\/\/digital58.com.ve\/site\/#website","url":"https:\/\/digital58.com.ve\/site\/","name":"Noticias Digital58","description":"Portal de Noticias \u00a1Periodismo web de verdad! Lanzamiento web 22.11.2005 \/ Maracaibo, Venezuela","publisher":{"@id":"https:\/\/digital58.com.ve\/site\/#\/schema\/person\/64d1c2e4d0d4fd1b849980c4331c2951"},"alternateName":"ND58","potentialAction":[{"@type":"SearchAction","target":{"@type":"EntryPoint","urlTemplate":"https:\/\/digital58.com.ve\/site\/?s={search_term_string}"},"query-input":{"@type":"PropertyValueSpecification","valueRequired":true,"valueName":"search_term_string"}}],"inLanguage":"es"},{"@type":["Person","Organization"],"@id":"https:\/\/digital58.com.ve\/site\/#\/schema\/person\/64d1c2e4d0d4fd1b849980c4331c2951","name":"Villasmil Henry","image":{"@type":"ImageObject","inLanguage":"es","@id":"https:\/\/secure.gravatar.com\/avatar\/bb0c4a2fcb7970138239f7e404ea75757b1b507b28b5ce4c53fbd62d797c5a7c?s=96&d=mm&r=g","url":"https:\/\/secure.gravatar.com\/avatar\/bb0c4a2fcb7970138239f7e404ea75757b1b507b28b5ce4c53fbd62d797c5a7c?s=96&d=mm&r=g","contentUrl":"https:\/\/secure.gravatar.com\/avatar\/bb0c4a2fcb7970138239f7e404ea75757b1b507b28b5ce4c53fbd62d797c5a7c?s=96&d=mm&r=g","caption":"Villasmil Henry"},"logo":{"@id":"https:\/\/secure.gravatar.com\/avatar\/bb0c4a2fcb7970138239f7e404ea75757b1b507b28b5ce4c53fbd62d797c5a7c?s=96&d=mm&r=g"},"sameAs":["http:\/\/www.henryvillasmil.com.ve","https:\/\/www.instagram.com\/villasmilhfoto\/","https:\/\/x.com\/https:\/\/twitter.com\/villasmilhfoto"],"url":"https:\/\/digital58.com.ve\/site\/author\/droopy_68\/"}]}},"uagb_featured_image_src":{"full":["https:\/\/digital58.com.ve\/site\/wp-content\/uploads\/2020\/07\/oms-19-07-20.jpg",800,544,false],"thumbnail":["https:\/\/digital58.com.ve\/site\/wp-content\/uploads\/2020\/07\/oms-19-07-20-150x150.jpg",150,150,true],"medium":["https:\/\/digital58.com.ve\/site\/wp-content\/uploads\/2020\/07\/oms-19-07-20-300x204.jpg",300,204,true],"medium_large":["https:\/\/digital58.com.ve\/site\/wp-content\/uploads\/2020\/07\/oms-19-07-20-768x522.jpg",768,522,true],"large":["https:\/\/digital58.com.ve\/site\/wp-content\/uploads\/2020\/07\/oms-19-07-20.jpg",800,544,false],"1536x1536":["https:\/\/digital58.com.ve\/site\/wp-content\/uploads\/2020\/07\/oms-19-07-20.jpg",800,544,false],"2048x2048":["https:\/\/digital58.com.ve\/site\/wp-content\/uploads\/2020\/07\/oms-19-07-20.jpg",800,544,false],"colormag-highlighted-post":["https:\/\/digital58.com.ve\/site\/wp-content\/uploads\/2020\/07\/oms-19-07-20.jpg",392,267,false],"colormag-featured-post-medium":["https:\/\/digital58.com.ve\/site\/wp-content\/uploads\/2020\/07\/oms-19-07-20.jpg",301,205,false],"colormag-featured-post-small":["https:\/\/digital58.com.ve\/site\/wp-content\/uploads\/2020\/07\/oms-19-07-20.jpg",130,88,false],"colormag-featured-image":["https:\/\/digital58.com.ve\/site\/wp-content\/uploads\/2020\/07\/oms-19-07-20.jpg",654,445,false],"colormag-default-news":["https:\/\/digital58.com.ve\/site\/wp-content\/uploads\/2020\/07\/oms-19-07-20.jpg",150,102,false],"colormag-featured-image-large":["https:\/\/digital58.com.ve\/site\/wp-content\/uploads\/2020\/07\/oms-19-07-20.jpg",800,544,false]},"uagb_author_info":{"display_name":"Villasmil Henry","author_link":"https:\/\/digital58.com.ve\/site\/author\/droopy_68\/"},"uagb_comment_info":0,"uagb_excerpt":"Los mayores incrementos se produjeron en Estados Unidos, Brasil, India y Sud\u00e1frica, seg\u00fan el recuento diario. Internacionales, 19 de julio","_links":{"self":[{"href":"https:\/\/digital58.com.ve\/site\/wp-json\/wp\/v2\/posts\/115804","targetHints":{"allow":["GET"]}}],"collection":[{"href":"https:\/\/digital58.com.ve\/site\/wp-json\/wp\/v2\/posts"}],"about":[{"href":"https:\/\/digital58.com.ve\/site\/wp-json\/wp\/v2\/types\/post"}],"author":[{"embeddable":true,"href":"https:\/\/digital58.com.ve\/site\/wp-json\/wp\/v2\/users\/1"}],"replies":[{"embeddable":true,"href":"https:\/\/digital58.com.ve\/site\/wp-json\/wp\/v2\/comments?post=115804"}],"version-history":[{"count":0,"href":"https:\/\/digital58.com.ve\/site\/wp-json\/wp\/v2\/posts\/115804\/revisions"}],"wp:featuredmedia":[{"embeddable":true,"href":"https:\/\/digital58.com.ve\/site\/wp-json\/wp\/v2\/media\/115805"}],"wp:attachment":[{"href":"https:\/\/digital58.com.ve\/site\/wp-json\/wp\/v2\/media?parent=115804"}],"wp:term":[{"taxonomy":"category","embeddable":true,"href":"https:\/\/digital58.com.ve\/site\/wp-json\/wp\/v2\/categories?post=115804"},{"taxonomy":"post_tag","embeddable":true,"href":"https:\/\/digital58.com.ve\/site\/wp-json\/wp\/v2\/tags?post=115804"}],"curies":[{"name":"wp","href":"https:\/\/api.w.org\/{rel}","templated":true}]}}