{"id":115828,"date":"2020-07-19T11:51:23","date_gmt":"2020-07-19T15:51:23","guid":{"rendered":"https:\/\/digital58.com.ve\/site\/?p=115828"},"modified":"2020-07-19T11:51:23","modified_gmt":"2020-07-19T15:51:23","slug":"italia-suma-tres-fallecidos-por-coronavirus-en-un-dia-y-son-35-045-desde-febrero","status":"publish","type":"post","link":"https:\/\/digital58.com.ve\/site\/2020\/07\/19\/italia-suma-tres-fallecidos-por-coronavirus-en-un-dia-y-son-35-045-desde-febrero\/","title":{"rendered":"Italia suma tres fallecidos por coronavirus en un d\u00eda y son 35.045 desde febrero"},"content":{"rendered":"<p><a href=\"https:\/\/digital58.com.ve\/site\/wp-content\/uploads\/2020\/07\/italia-19-07-20.jpg\"><img loading=\"lazy\" decoding=\"async\" class=\"aligncenter size-full wp-image-115831\" src=\"https:\/\/digital58.com.ve\/site\/wp-content\/uploads\/2020\/07\/italia-19-07-20.jpg\" alt=\"\" width=\"900\" height=\"618\" srcset=\"https:\/\/digital58.com.ve\/site\/wp-content\/uploads\/2020\/07\/italia-19-07-20.jpg 800w, https:\/\/digital58.com.ve\/site\/wp-content\/uploads\/2020\/07\/italia-19-07-20-300x206.jpg 300w, https:\/\/digital58.com.ve\/site\/wp-content\/uploads\/2020\/07\/italia-19-07-20-768x527.jpg 768w\" sizes=\"auto, (max-width: 900px) 100vw, 900px\" \/><\/a><\/p>\n<p>Entre el s\u00e1bado y el domingo se han curado 143 personas y el n\u00famero de positivos es de 12.440.<\/p>\n<p><strong>Italia, 19 de julio de 2020 (ND58).-<\/strong> Italia ha registrado tres fallecidos con coronavirus en las \u00faltimas 24 horas, lo que eleva la cifra hasta los 35.045 desde que comenz\u00f3 la emergencia el 21 de febrero en el pa\u00eds, inform\u00f3 hoy Protecci\u00f3n Civil.<\/p>\n<p>Seg\u00fan el \u00faltimo balance oficial, desde el s\u00e1bado ha habido 218 nuevos contagios, que elevan el n\u00famero total de casos de contagio de coronavirus hasta los 244.434, contando fallecidos, curados y enfermos actuales.<\/p>\n<p>La regi\u00f3n de Lombard\u00eda (norte), la m\u00e1s castigada del pa\u00eds por la pandemia, no ha comunicado ning\u00fan fallecido por primera vez desde el 22 de febrero, pero s\u00ed ha tenido 33 nuevos contagios.<\/p>\n<p>El ministro de Sanidad, Roberto Speranza, ha advertido este domingo en las redes sociales de la necesidad de que los ciudadanos sigan respetando las reglas de prevenci\u00f3n de infecciones para evitar que la pandemia se propague a\u00fan m\u00e1s a nivel mundial.<\/p>\n<p>\u00abEstamos en medio de la batalla. Es esencial continuar comport\u00e1ndose correctamente: uso de la mascarilla, distancia de al menos un metro y lavado frecuente de manos\u00bb, ha pedido.<\/p>\n<p>Speranza es uno de los ministro del Gobierno que aboga por prolongar el estado de emergencia en Italia hasta final de a\u00f1o, a partir del 31 de julio que es cuando acaba, pero ha subrayado en los \u00faltimos d\u00edas que ser\u00e1 el Parlamento el que tome esta decisi\u00f3n.<\/p><div class=\"qqmlb69f5e5c501687\" ><p style=\"text-align: center;\"><a href=\"https:\/\/t.me\/noticiasdigital58\" target=\"_blank\" rel=\"noopener\"><img class=\"aligncenter size-full wp-image-125363\" src=\"https:\/\/digital58.com.ve\/site\/wp-content\/uploads\/2021\/04\/banner-telegram-web-2021.png\" alt=\"\" width=\"600\" height=\"90\" \/><\/a><\/p><\/div><style type=\"text\/css\">\r\n@media screen and (min-width: 1201px) {\r\n.qqmlb69f5e5c501687 {\r\ndisplay: block;\r\n}\r\n}\r\n@media screen and (min-width: 993px) and (max-width: 1200px) {\r\n.qqmlb69f5e5c501687 {\r\ndisplay: block;\r\n}\r\n}\r\n@media screen and (min-width: 769px) and (max-width: 992px) {\r\n.qqmlb69f5e5c501687 {\r\ndisplay: block;\r\n}\r\n}\r\n@media screen and (min-width: 768px) and (max-width: 768px) {\r\n.qqmlb69f5e5c501687 {\r\ndisplay: block;\r\n}\r\n}\r\n@media screen and (max-width: 767px) {\r\n.qqmlb69f5e5c501687 {\r\ndisplay: block;\r\n}\r\n}\r\n<\/style>\r\n\n<p><strong>Redacci\u00f3n ND58 | Fuente: EFE<\/strong><br \/>\n<strong>Edici\u00f3n: Villasmil, Henry<\/strong><br \/>\n<strong>Gr\u00e1fica: EFE<\/strong><\/p>\n<div style=\"margin-top: 0px; margin-bottom: 0px;\" class=\"sharethis-inline-share-buttons\" ><\/div>","protected":false},"excerpt":{"rendered":"<p>Entre el s\u00e1bado y el domingo se han curado 143 personas y el n\u00famero de positivos es de 12.440. Italia,<\/p>\n","protected":false},"author":1,"featured_media":115831,"comment_status":"open","ping_status":"closed","sticky":false,"template":"","format":"standard","meta":{"colormag_page_container_layout":"default_layout","colormag_page_sidebar_layout":"default_layout","_uag_custom_page_level_css":"","footnotes":""},"categories":[16451],"tags":[13352,13648,8,42,13723,14457],"class_list":["post-115828","post","type-post","status-publish","format-standard","has-post-thumbnail","hentry","category-mundo","tag-coronavirus","tag-covid-19","tag-internacionales","tag-italia","tag-pandemia","tag-reporte-diario-covid-19"],"yoast_head":"<!-- This site is optimized with the Yoast SEO plugin v27.5 - https:\/\/yoast.com\/product\/yoast-seo-wordpress\/ -->\n<title>Italia suma tres fallecidos por coronavirus en un d\u00eda y son 35.045 desde febrero<\/title>\n<meta name=\"description\" content=\"Mundo\" \/>\n<meta name=\"robots\" content=\"index, follow, max-snippet:-1, max-image-preview:large, max-video-preview:-1\" \/>\n<link rel=\"canonical\" href=\"https:\/\/digital58.com.ve\/site\/2020\/07\/19\/italia-suma-tres-fallecidos-por-coronavirus-en-un-dia-y-son-35-045-desde-febrero\/\" \/>\n<meta property=\"og:locale\" content=\"es_ES\" \/>\n<meta property=\"og:type\" content=\"article\" \/>\n<meta property=\"og:title\" content=\"Italia suma tres fallecidos por coronavirus en un d\u00eda y son 35.045 desde febrero\" \/>\n<meta property=\"og:description\" content=\"Mundo\" \/>\n<meta property=\"og:url\" content=\"https:\/\/digital58.com.ve\/site\/2020\/07\/19\/italia-suma-tres-fallecidos-por-coronavirus-en-un-dia-y-son-35-045-desde-febrero\/\" \/>\n<meta property=\"og:site_name\" content=\"Noticias Digital58\" \/>\n<meta property=\"article:published_time\" content=\"2020-07-19T15:51:23+00:00\" \/>\n<meta property=\"og:image\" content=\"https:\/\/digital58.com.ve\/site\/wp-content\/uploads\/2020\/07\/italia-19-07-20.jpg\" \/>\n\t<meta property=\"og:image:width\" content=\"900\" \/>\n\t<meta property=\"og:image:height\" content=\"618\" \/>\n\t<meta property=\"og:image:type\" content=\"image\/jpeg\" \/>\n<meta name=\"author\" content=\"Villasmil Henry\" \/>\n<meta name=\"twitter:card\" content=\"summary_large_image\" \/>\n<meta name=\"twitter:creator\" content=\"@https:\/\/twitter.com\/villasmilhfoto\" \/>\n<meta name=\"twitter:site\" content=\"@villasmilhfoto\" \/>\n<meta name=\"twitter:label1\" content=\"Escrito por\" \/>\n\t<meta name=\"twitter:data1\" content=\"Villasmil Henry\" \/>\n\t<meta name=\"twitter:label2\" content=\"Tiempo estimado de lectura\" \/>\n\t<meta name=\"twitter:data2\" content=\"1 minuto\" \/>\n<script type=\"application\/ld+json\" class=\"yoast-schema-graph\">{\"@context\":\"https:\\\/\\\/schema.org\",\"@graph\":[{\"@type\":\"Article\",\"@id\":\"https:\\\/\\\/digital58.com.ve\\\/site\\\/2020\\\/07\\\/19\\\/italia-suma-tres-fallecidos-por-coronavirus-en-un-dia-y-son-35-045-desde-febrero\\\/#article\",\"isPartOf\":{\"@id\":\"https:\\\/\\\/digital58.com.ve\\\/site\\\/2020\\\/07\\\/19\\\/italia-suma-tres-fallecidos-por-coronavirus-en-un-dia-y-son-35-045-desde-febrero\\\/\"},\"author\":{\"name\":\"Villasmil Henry\",\"@id\":\"https:\\\/\\\/digital58.com.ve\\\/site\\\/#\\\/schema\\\/person\\\/64d1c2e4d0d4fd1b849980c4331c2951\"},\"headline\":\"Italia suma tres fallecidos por coronavirus en un d\u00eda y son 35.045 desde febrero\",\"datePublished\":\"2020-07-19T15:51:23+00:00\",\"mainEntityOfPage\":{\"@id\":\"https:\\\/\\\/digital58.com.ve\\\/site\\\/2020\\\/07\\\/19\\\/italia-suma-tres-fallecidos-por-coronavirus-en-un-dia-y-son-35-045-desde-febrero\\\/\"},\"wordCount\":279,\"commentCount\":0,\"publisher\":{\"@id\":\"https:\\\/\\\/digital58.com.ve\\\/site\\\/#\\\/schema\\\/person\\\/64d1c2e4d0d4fd1b849980c4331c2951\"},\"image\":{\"@id\":\"https:\\\/\\\/digital58.com.ve\\\/site\\\/2020\\\/07\\\/19\\\/italia-suma-tres-fallecidos-por-coronavirus-en-un-dia-y-son-35-045-desde-febrero\\\/#primaryimage\"},\"thumbnailUrl\":\"https:\\\/\\\/digital58.com.ve\\\/site\\\/wp-content\\\/uploads\\\/2020\\\/07\\\/italia-19-07-20.jpg\",\"keywords\":[\"Coronavirus\",\"COVID-19\",\"Internacionales\",\"Italia\",\"Pandemia\",\"Reporte Diario COVID-19\"],\"articleSection\":[\"Mundo\"],\"inLanguage\":\"es\",\"potentialAction\":[{\"@type\":\"CommentAction\",\"name\":\"Comment\",\"target\":[\"https:\\\/\\\/digital58.com.ve\\\/site\\\/2020\\\/07\\\/19\\\/italia-suma-tres-fallecidos-por-coronavirus-en-un-dia-y-son-35-045-desde-febrero\\\/#respond\"]}]},{\"@type\":\"WebPage\",\"@id\":\"https:\\\/\\\/digital58.com.ve\\\/site\\\/2020\\\/07\\\/19\\\/italia-suma-tres-fallecidos-por-coronavirus-en-un-dia-y-son-35-045-desde-febrero\\\/\",\"url\":\"https:\\\/\\\/digital58.com.ve\\\/site\\\/2020\\\/07\\\/19\\\/italia-suma-tres-fallecidos-por-coronavirus-en-un-dia-y-son-35-045-desde-febrero\\\/\",\"name\":\"Italia suma tres fallecidos por coronavirus en un d\u00eda y son 35.045 desde febrero\",\"isPartOf\":{\"@id\":\"https:\\\/\\\/digital58.com.ve\\\/site\\\/#website\"},\"primaryImageOfPage\":{\"@id\":\"https:\\\/\\\/digital58.com.ve\\\/site\\\/2020\\\/07\\\/19\\\/italia-suma-tres-fallecidos-por-coronavirus-en-un-dia-y-son-35-045-desde-febrero\\\/#primaryimage\"},\"image\":{\"@id\":\"https:\\\/\\\/digital58.com.ve\\\/site\\\/2020\\\/07\\\/19\\\/italia-suma-tres-fallecidos-por-coronavirus-en-un-dia-y-son-35-045-desde-febrero\\\/#primaryimage\"},\"thumbnailUrl\":\"https:\\\/\\\/digital58.com.ve\\\/site\\\/wp-content\\\/uploads\\\/2020\\\/07\\\/italia-19-07-20.jpg\",\"datePublished\":\"2020-07-19T15:51:23+00:00\",\"description\":\"Mundo\",\"breadcrumb\":{\"@id\":\"https:\\\/\\\/digital58.com.ve\\\/site\\\/2020\\\/07\\\/19\\\/italia-suma-tres-fallecidos-por-coronavirus-en-un-dia-y-son-35-045-desde-febrero\\\/#breadcrumb\"},\"inLanguage\":\"es\",\"potentialAction\":[{\"@type\":\"ReadAction\",\"target\":[\"https:\\\/\\\/digital58.com.ve\\\/site\\\/2020\\\/07\\\/19\\\/italia-suma-tres-fallecidos-por-coronavirus-en-un-dia-y-son-35-045-desde-febrero\\\/\"]}]},{\"@type\":\"ImageObject\",\"inLanguage\":\"es\",\"@id\":\"https:\\\/\\\/digital58.com.ve\\\/site\\\/2020\\\/07\\\/19\\\/italia-suma-tres-fallecidos-por-coronavirus-en-un-dia-y-son-35-045-desde-febrero\\\/#primaryimage\",\"url\":\"https:\\\/\\\/digital58.com.ve\\\/site\\\/wp-content\\\/uploads\\\/2020\\\/07\\\/italia-19-07-20.jpg\",\"contentUrl\":\"https:\\\/\\\/digital58.com.ve\\\/site\\\/wp-content\\\/uploads\\\/2020\\\/07\\\/italia-19-07-20.jpg\",\"width\":800,\"height\":549},{\"@type\":\"BreadcrumbList\",\"@id\":\"https:\\\/\\\/digital58.com.ve\\\/site\\\/2020\\\/07\\\/19\\\/italia-suma-tres-fallecidos-por-coronavirus-en-un-dia-y-son-35-045-desde-febrero\\\/#breadcrumb\",\"itemListElement\":[{\"@type\":\"ListItem\",\"position\":1,\"name\":\"Home\",\"item\":\"https:\\\/\\\/digital58.com.ve\\\/site\\\/\"},{\"@type\":\"ListItem\",\"position\":2,\"name\":\"Italia suma tres fallecidos por coronavirus en un d\u00eda y son 35.045 desde febrero\"}]},{\"@type\":\"WebSite\",\"@id\":\"https:\\\/\\\/digital58.com.ve\\\/site\\\/#website\",\"url\":\"https:\\\/\\\/digital58.com.ve\\\/site\\\/\",\"name\":\"Noticias Digital58\",\"description\":\"Portal de Noticias \u00a1Periodismo web de verdad! Lanzamiento web 22.11.2005 \\\/ Maracaibo, Venezuela\",\"publisher\":{\"@id\":\"https:\\\/\\\/digital58.com.ve\\\/site\\\/#\\\/schema\\\/person\\\/64d1c2e4d0d4fd1b849980c4331c2951\"},\"alternateName\":\"ND58\",\"potentialAction\":[{\"@type\":\"SearchAction\",\"target\":{\"@type\":\"EntryPoint\",\"urlTemplate\":\"https:\\\/\\\/digital58.com.ve\\\/site\\\/?s={search_term_string}\"},\"query-input\":{\"@type\":\"PropertyValueSpecification\",\"valueRequired\":true,\"valueName\":\"search_term_string\"}}],\"inLanguage\":\"es\"},{\"@type\":[\"Person\",\"Organization\"],\"@id\":\"https:\\\/\\\/digital58.com.ve\\\/site\\\/#\\\/schema\\\/person\\\/64d1c2e4d0d4fd1b849980c4331c2951\",\"name\":\"Villasmil Henry\",\"image\":{\"@type\":\"ImageObject\",\"inLanguage\":\"es\",\"@id\":\"https:\\\/\\\/secure.gravatar.com\\\/avatar\\\/bb0c4a2fcb7970138239f7e404ea75757b1b507b28b5ce4c53fbd62d797c5a7c?s=96&d=mm&r=g\",\"url\":\"https:\\\/\\\/secure.gravatar.com\\\/avatar\\\/bb0c4a2fcb7970138239f7e404ea75757b1b507b28b5ce4c53fbd62d797c5a7c?s=96&d=mm&r=g\",\"contentUrl\":\"https:\\\/\\\/secure.gravatar.com\\\/avatar\\\/bb0c4a2fcb7970138239f7e404ea75757b1b507b28b5ce4c53fbd62d797c5a7c?s=96&d=mm&r=g\",\"caption\":\"Villasmil Henry\"},\"logo\":{\"@id\":\"https:\\\/\\\/secure.gravatar.com\\\/avatar\\\/bb0c4a2fcb7970138239f7e404ea75757b1b507b28b5ce4c53fbd62d797c5a7c?s=96&d=mm&r=g\"},\"sameAs\":[\"http:\\\/\\\/www.henryvillasmil.com.ve\",\"https:\\\/\\\/www.instagram.com\\\/villasmilhfoto\\\/\",\"https:\\\/\\\/x.com\\\/https:\\\/\\\/twitter.com\\\/villasmilhfoto\"],\"url\":\"https:\\\/\\\/digital58.com.ve\\\/site\\\/author\\\/droopy_68\\\/\"}]}<\/script>\n<!-- \/ Yoast SEO plugin. -->","yoast_head_json":{"title":"Italia suma tres fallecidos por coronavirus en un d\u00eda y son 35.045 desde febrero","description":"Mundo","robots":{"index":"index","follow":"follow","max-snippet":"max-snippet:-1","max-image-preview":"max-image-preview:large","max-video-preview":"max-video-preview:-1"},"canonical":"https:\/\/digital58.com.ve\/site\/2020\/07\/19\/italia-suma-tres-fallecidos-por-coronavirus-en-un-dia-y-son-35-045-desde-febrero\/","og_locale":"es_ES","og_type":"article","og_title":"Italia suma tres fallecidos por coronavirus en un d\u00eda y son 35.045 desde febrero","og_description":"Mundo","og_url":"https:\/\/digital58.com.ve\/site\/2020\/07\/19\/italia-suma-tres-fallecidos-por-coronavirus-en-un-dia-y-son-35-045-desde-febrero\/","og_site_name":"Noticias Digital58","article_published_time":"2020-07-19T15:51:23+00:00","og_image":[{"width":900,"height":618,"url":"https:\/\/digital58.com.ve\/site\/wp-content\/uploads\/2020\/07\/italia-19-07-20.jpg","type":"image\/jpeg"}],"author":"Villasmil Henry","twitter_card":"summary_large_image","twitter_creator":"@https:\/\/twitter.com\/villasmilhfoto","twitter_site":"@villasmilhfoto","twitter_misc":{"Escrito por":"Villasmil Henry","Tiempo estimado de lectura":"1 minuto"},"schema":{"@context":"https:\/\/schema.org","@graph":[{"@type":"Article","@id":"https:\/\/digital58.com.ve\/site\/2020\/07\/19\/italia-suma-tres-fallecidos-por-coronavirus-en-un-dia-y-son-35-045-desde-febrero\/#article","isPartOf":{"@id":"https:\/\/digital58.com.ve\/site\/2020\/07\/19\/italia-suma-tres-fallecidos-por-coronavirus-en-un-dia-y-son-35-045-desde-febrero\/"},"author":{"name":"Villasmil Henry","@id":"https:\/\/digital58.com.ve\/site\/#\/schema\/person\/64d1c2e4d0d4fd1b849980c4331c2951"},"headline":"Italia suma tres fallecidos por coronavirus en un d\u00eda y son 35.045 desde febrero","datePublished":"2020-07-19T15:51:23+00:00","mainEntityOfPage":{"@id":"https:\/\/digital58.com.ve\/site\/2020\/07\/19\/italia-suma-tres-fallecidos-por-coronavirus-en-un-dia-y-son-35-045-desde-febrero\/"},"wordCount":279,"commentCount":0,"publisher":{"@id":"https:\/\/digital58.com.ve\/site\/#\/schema\/person\/64d1c2e4d0d4fd1b849980c4331c2951"},"image":{"@id":"https:\/\/digital58.com.ve\/site\/2020\/07\/19\/italia-suma-tres-fallecidos-por-coronavirus-en-un-dia-y-son-35-045-desde-febrero\/#primaryimage"},"thumbnailUrl":"https:\/\/digital58.com.ve\/site\/wp-content\/uploads\/2020\/07\/italia-19-07-20.jpg","keywords":["Coronavirus","COVID-19","Internacionales","Italia","Pandemia","Reporte Diario COVID-19"],"articleSection":["Mundo"],"inLanguage":"es","potentialAction":[{"@type":"CommentAction","name":"Comment","target":["https:\/\/digital58.com.ve\/site\/2020\/07\/19\/italia-suma-tres-fallecidos-por-coronavirus-en-un-dia-y-son-35-045-desde-febrero\/#respond"]}]},{"@type":"WebPage","@id":"https:\/\/digital58.com.ve\/site\/2020\/07\/19\/italia-suma-tres-fallecidos-por-coronavirus-en-un-dia-y-son-35-045-desde-febrero\/","url":"https:\/\/digital58.com.ve\/site\/2020\/07\/19\/italia-suma-tres-fallecidos-por-coronavirus-en-un-dia-y-son-35-045-desde-febrero\/","name":"Italia suma tres fallecidos por coronavirus en un d\u00eda y son 35.045 desde febrero","isPartOf":{"@id":"https:\/\/digital58.com.ve\/site\/#website"},"primaryImageOfPage":{"@id":"https:\/\/digital58.com.ve\/site\/2020\/07\/19\/italia-suma-tres-fallecidos-por-coronavirus-en-un-dia-y-son-35-045-desde-febrero\/#primaryimage"},"image":{"@id":"https:\/\/digital58.com.ve\/site\/2020\/07\/19\/italia-suma-tres-fallecidos-por-coronavirus-en-un-dia-y-son-35-045-desde-febrero\/#primaryimage"},"thumbnailUrl":"https:\/\/digital58.com.ve\/site\/wp-content\/uploads\/2020\/07\/italia-19-07-20.jpg","datePublished":"2020-07-19T15:51:23+00:00","description":"Mundo","breadcrumb":{"@id":"https:\/\/digital58.com.ve\/site\/2020\/07\/19\/italia-suma-tres-fallecidos-por-coronavirus-en-un-dia-y-son-35-045-desde-febrero\/#breadcrumb"},"inLanguage":"es","potentialAction":[{"@type":"ReadAction","target":["https:\/\/digital58.com.ve\/site\/2020\/07\/19\/italia-suma-tres-fallecidos-por-coronavirus-en-un-dia-y-son-35-045-desde-febrero\/"]}]},{"@type":"ImageObject","inLanguage":"es","@id":"https:\/\/digital58.com.ve\/site\/2020\/07\/19\/italia-suma-tres-fallecidos-por-coronavirus-en-un-dia-y-son-35-045-desde-febrero\/#primaryimage","url":"https:\/\/digital58.com.ve\/site\/wp-content\/uploads\/2020\/07\/italia-19-07-20.jpg","contentUrl":"https:\/\/digital58.com.ve\/site\/wp-content\/uploads\/2020\/07\/italia-19-07-20.jpg","width":800,"height":549},{"@type":"BreadcrumbList","@id":"https:\/\/digital58.com.ve\/site\/2020\/07\/19\/italia-suma-tres-fallecidos-por-coronavirus-en-un-dia-y-son-35-045-desde-febrero\/#breadcrumb","itemListElement":[{"@type":"ListItem","position":1,"name":"Home","item":"https:\/\/digital58.com.ve\/site\/"},{"@type":"ListItem","position":2,"name":"Italia suma tres fallecidos por coronavirus en un d\u00eda y son 35.045 desde febrero"}]},{"@type":"WebSite","@id":"https:\/\/digital58.com.ve\/site\/#website","url":"https:\/\/digital58.com.ve\/site\/","name":"Noticias Digital58","description":"Portal de Noticias \u00a1Periodismo web de verdad! Lanzamiento web 22.11.2005 \/ Maracaibo, Venezuela","publisher":{"@id":"https:\/\/digital58.com.ve\/site\/#\/schema\/person\/64d1c2e4d0d4fd1b849980c4331c2951"},"alternateName":"ND58","potentialAction":[{"@type":"SearchAction","target":{"@type":"EntryPoint","urlTemplate":"https:\/\/digital58.com.ve\/site\/?s={search_term_string}"},"query-input":{"@type":"PropertyValueSpecification","valueRequired":true,"valueName":"search_term_string"}}],"inLanguage":"es"},{"@type":["Person","Organization"],"@id":"https:\/\/digital58.com.ve\/site\/#\/schema\/person\/64d1c2e4d0d4fd1b849980c4331c2951","name":"Villasmil Henry","image":{"@type":"ImageObject","inLanguage":"es","@id":"https:\/\/secure.gravatar.com\/avatar\/bb0c4a2fcb7970138239f7e404ea75757b1b507b28b5ce4c53fbd62d797c5a7c?s=96&d=mm&r=g","url":"https:\/\/secure.gravatar.com\/avatar\/bb0c4a2fcb7970138239f7e404ea75757b1b507b28b5ce4c53fbd62d797c5a7c?s=96&d=mm&r=g","contentUrl":"https:\/\/secure.gravatar.com\/avatar\/bb0c4a2fcb7970138239f7e404ea75757b1b507b28b5ce4c53fbd62d797c5a7c?s=96&d=mm&r=g","caption":"Villasmil Henry"},"logo":{"@id":"https:\/\/secure.gravatar.com\/avatar\/bb0c4a2fcb7970138239f7e404ea75757b1b507b28b5ce4c53fbd62d797c5a7c?s=96&d=mm&r=g"},"sameAs":["http:\/\/www.henryvillasmil.com.ve","https:\/\/www.instagram.com\/villasmilhfoto\/","https:\/\/x.com\/https:\/\/twitter.com\/villasmilhfoto"],"url":"https:\/\/digital58.com.ve\/site\/author\/droopy_68\/"}]}},"uagb_featured_image_src":{"full":["https:\/\/digital58.com.ve\/site\/wp-content\/uploads\/2020\/07\/italia-19-07-20.jpg",800,549,false],"thumbnail":["https:\/\/digital58.com.ve\/site\/wp-content\/uploads\/2020\/07\/italia-19-07-20-150x150.jpg",150,150,true],"medium":["https:\/\/digital58.com.ve\/site\/wp-content\/uploads\/2020\/07\/italia-19-07-20-300x206.jpg",300,206,true],"medium_large":["https:\/\/digital58.com.ve\/site\/wp-content\/uploads\/2020\/07\/italia-19-07-20-768x527.jpg",768,527,true],"large":["https:\/\/digital58.com.ve\/site\/wp-content\/uploads\/2020\/07\/italia-19-07-20.jpg",800,549,false],"1536x1536":["https:\/\/digital58.com.ve\/site\/wp-content\/uploads\/2020\/07\/italia-19-07-20.jpg",800,549,false],"2048x2048":["https:\/\/digital58.com.ve\/site\/wp-content\/uploads\/2020\/07\/italia-19-07-20.jpg",800,549,false],"colormag-highlighted-post":["https:\/\/digital58.com.ve\/site\/wp-content\/uploads\/2020\/07\/italia-19-07-20.jpg",392,269,false],"colormag-featured-post-medium":["https:\/\/digital58.com.ve\/site\/wp-content\/uploads\/2020\/07\/italia-19-07-20.jpg",299,205,false],"colormag-featured-post-small":["https:\/\/digital58.com.ve\/site\/wp-content\/uploads\/2020\/07\/italia-19-07-20.jpg",130,90,false],"colormag-featured-image":["https:\/\/digital58.com.ve\/site\/wp-content\/uploads\/2020\/07\/italia-19-07-20.jpg",648,445,false],"colormag-default-news":["https:\/\/digital58.com.ve\/site\/wp-content\/uploads\/2020\/07\/italia-19-07-20.jpg",150,103,false],"colormag-featured-image-large":["https:\/\/digital58.com.ve\/site\/wp-content\/uploads\/2020\/07\/italia-19-07-20.jpg",800,549,false]},"uagb_author_info":{"display_name":"Villasmil Henry","author_link":"https:\/\/digital58.com.ve\/site\/author\/droopy_68\/"},"uagb_comment_info":0,"uagb_excerpt":"Entre el s\u00e1bado y el domingo se han curado 143 personas y el n\u00famero de positivos es de 12.440. Italia,","_links":{"self":[{"href":"https:\/\/digital58.com.ve\/site\/wp-json\/wp\/v2\/posts\/115828","targetHints":{"allow":["GET"]}}],"collection":[{"href":"https:\/\/digital58.com.ve\/site\/wp-json\/wp\/v2\/posts"}],"about":[{"href":"https:\/\/digital58.com.ve\/site\/wp-json\/wp\/v2\/types\/post"}],"author":[{"embeddable":true,"href":"https:\/\/digital58.com.ve\/site\/wp-json\/wp\/v2\/users\/1"}],"replies":[{"embeddable":true,"href":"https:\/\/digital58.com.ve\/site\/wp-json\/wp\/v2\/comments?post=115828"}],"version-history":[{"count":0,"href":"https:\/\/digital58.com.ve\/site\/wp-json\/wp\/v2\/posts\/115828\/revisions"}],"wp:featuredmedia":[{"embeddable":true,"href":"https:\/\/digital58.com.ve\/site\/wp-json\/wp\/v2\/media\/115831"}],"wp:attachment":[{"href":"https:\/\/digital58.com.ve\/site\/wp-json\/wp\/v2\/media?parent=115828"}],"wp:term":[{"taxonomy":"category","embeddable":true,"href":"https:\/\/digital58.com.ve\/site\/wp-json\/wp\/v2\/categories?post=115828"},{"taxonomy":"post_tag","embeddable":true,"href":"https:\/\/digital58.com.ve\/site\/wp-json\/wp\/v2\/tags?post=115828"}],"curies":[{"name":"wp","href":"https:\/\/api.w.org\/{rel}","templated":true}]}}