{"id":116108,"date":"2020-07-20T12:09:59","date_gmt":"2020-07-20T16:09:59","guid":{"rendered":"https:\/\/digital58.com.ve\/site\/?p=116108"},"modified":"2020-07-20T12:09:59","modified_gmt":"2020-07-20T16:09:59","slug":"con-este-megaconcierto-virtual-colombia-celebra-sus-210-anos-de-independencia","status":"publish","type":"post","link":"https:\/\/digital58.com.ve\/site\/2020\/07\/20\/con-este-megaconcierto-virtual-colombia-celebra-sus-210-anos-de-independencia\/","title":{"rendered":"Con este megaconcierto virtual, Colombia celebra sus 210 a\u00f1os de independencia"},"content":{"rendered":"<p><img loading=\"lazy\" decoding=\"async\" class=\"alignnone size-full wp-image-116110\" src=\"https:\/\/digital58.com.ve\/site\/wp-content\/uploads\/2020\/07\/carlos-vives-yatr.jpg\" alt=\"\" width=\"800\" height=\"402\" srcset=\"https:\/\/digital58.com.ve\/site\/wp-content\/uploads\/2020\/07\/carlos-vives-yatr.jpg 800w, https:\/\/digital58.com.ve\/site\/wp-content\/uploads\/2020\/07\/carlos-vives-yatr-300x151.jpg 300w, https:\/\/digital58.com.ve\/site\/wp-content\/uploads\/2020\/07\/carlos-vives-yatr-768x386.jpg 768w\" sizes=\"auto, (max-width: 800px) 100vw, 800px\" \/><\/p>\n<p>El listado de artistas es grande y poderoso. Incluye a reconocidos y consagrados como Carlos Vives, Ma\u00eda, Paola Jara, Sebasti\u00e1n Yatra y Jorge Celed\u00f3n, entre otros. Ser\u00e1 a las 6:00pm, hora de Venezuela.<\/p>\n<p><strong>Bogot\u00e1, Colombia, 20 de julio de 2020 (ND58)<\/strong>. El concierto nacional del 20 de julio este a\u00f1o cambia. Ya no ser\u00e1 desde un solo escenario, sino desde varios lugares emblem\u00e1ticos del pa\u00eds,\u00a0como los teatros Col\u00f3n (Bogot\u00e1), Adolfo Mej\u00eda (Cartagena) y Municipal Enrique Buenaventura (Cali).<\/p>\n<p>Y tambi\u00e9n en bellos espacios de los territorios, en Puerto Carre\u00f1o, Valledupar, Quibd\u00f3, Tumaco, Barranquilla, Medell\u00edn, Miranda y la isla de San Andr\u00e9s, detall\u00f3 el diario El Tiempo.<\/p>\n<p>Se llama \u00abColombia crea talento\u00bb y comenzar\u00e1 a las 5:00 pm (6:00 pm hora Venezuela) de este 20 de julio.\u00a0Se podr\u00e1 ver <a href=\"https:\/\/www.youtube.com\/user\/Mincultura?feature=mhw4\" target=\"_blank\" rel=\"noopener noreferrer\">por las redes del Ministerio de Cultura<\/a> y sus entidades aliadas, as\u00ed como por\u00a0Se\u00f1al Colombia. Tambi\u00e9n se oir\u00e1 por Radi\u00f3nica.<\/p>\n<p>El listado de artistas es grande y poderoso. Incluye a reconocidos y consagrados como\u00a0Carlos Vives, Ma\u00eda, Paola Jara,\u00a0Sebasti\u00e1n Yatra, Cali y el Dandee, ChocQuibTown, Jessi Uribe, Pipe Pel\u00e1ez, Fanny Lu, Cabas, Jorge Celed\u00f3n y Morat, entre otros, y a un grupo importante de creadores que son referentes en sus territorios y hacen parte del grupo de emergentes, como Las \u00c1\u00f1es, Plu con Pla, Alexis Play, Santamar\u00eda, Emje Rose, Lucio Feuillet, Monta\u00f1era, Meridiano 74, Julio Siniva y Keke Minowa.<\/p>\n<p>Ponerlos en un mismo lugar y en una presentaci\u00f3n que se puede ver en todo el pa\u00eds\u00a0\u00abes una oportunidad. Estar, por decirlo as\u00ed, en un mismo escenario artistas consagrados con emergentes es un s\u00edmbolo de apoyo para estos \u00faltimos y, de este modo, darles mayor visibilidad\u00bb, dice Carmen In\u00e9s V\u00e1squez, ministra de Cultura.<\/p><div class=\"pnpij69f2a0d2e4e01\" ><p style=\"text-align: center;\"><a href=\"https:\/\/t.me\/noticiasdigital58\" target=\"_blank\" rel=\"noopener\"><img class=\"aligncenter size-full wp-image-125363\" src=\"https:\/\/digital58.com.ve\/site\/wp-content\/uploads\/2021\/04\/banner-telegram-web-2021.png\" alt=\"\" width=\"600\" height=\"90\" \/><\/a><\/p><\/div><style type=\"text\/css\">\r\n@media screen and (min-width: 1201px) {\r\n.pnpij69f2a0d2e4e01 {\r\ndisplay: block;\r\n}\r\n}\r\n@media screen and (min-width: 993px) and (max-width: 1200px) {\r\n.pnpij69f2a0d2e4e01 {\r\ndisplay: block;\r\n}\r\n}\r\n@media screen and (min-width: 769px) and (max-width: 992px) {\r\n.pnpij69f2a0d2e4e01 {\r\ndisplay: block;\r\n}\r\n}\r\n@media screen and (min-width: 768px) and (max-width: 768px) {\r\n.pnpij69f2a0d2e4e01 {\r\ndisplay: block;\r\n}\r\n}\r\n@media screen and (max-width: 767px) {\r\n.pnpij69f2a0d2e4e01 {\r\ndisplay: block;\r\n}\r\n}\r\n<\/style>\r\n\n<p><strong>Redacci\u00f3n: Ch\u00e1vez, Marian (<\/strong><a href=\"https:\/\/web.telegram.org\/#\/im?p=%40Marianchavez27\"><strong>@Marianchavez27<\/strong><\/a><strong>) | El Tiempo\u00a0<\/strong><strong><br \/>\nEdici\u00f3n: Villasmil, Henry<br \/>\nGr\u00e1fica: Reuters\u00a0<\/strong><\/p>\n<div style=\"margin-top: 0px; margin-bottom: 0px;\" class=\"sharethis-inline-share-buttons\" ><\/div>","protected":false},"excerpt":{"rendered":"<p>El listado de artistas es grande y poderoso. Incluye a reconocidos y consagrados como Carlos Vives, Ma\u00eda, Paola Jara, Sebasti\u00e1n<\/p>\n","protected":false},"author":31,"featured_media":116110,"comment_status":"open","ping_status":"closed","sticky":false,"template":"","format":"standard","meta":{"colormag_page_container_layout":"default_layout","colormag_page_sidebar_layout":"default_layout","_uag_custom_page_level_css":"","footnotes":""},"categories":[5417,1],"tags":[3063,18207,8809,18205,456,7009,18206,98,17768,5818,13352,13648,211,3331,2205,18199,8,486,18208,13723,4271],"class_list":["post-116108","post","type-post","status-publish","format-standard","has-post-thumbnail","hentry","category-conciertos","category-fama","tag-bogota","tag-cabas","tag-cali","tag-cali-y-el-dandee","tag-carlos-vives","tag-cartagena","tag-chocquibtown","tag-colombia","tag-colombia-crea-talento","tag-concierto","tag-coronavirus","tag-covid-19","tag-espectaculos","tag-fama","tag-fanny-lu","tag-independencia-de-colombia","tag-internacionales","tag-jorge-celedon","tag-ministerio-de-cultura-de-colombia","tag-pandemia","tag-sebastian-yatra"],"yoast_head":"<!-- This site is optimized with the Yoast SEO plugin v27.5 - https:\/\/yoast.com\/product\/yoast-seo-wordpress\/ -->\n<title>Con este megaconcierto virtual, Colombia celebra sus 210 a\u00f1os de independencia<\/title>\n<meta name=\"description\" content=\"Conciertos\" \/>\n<meta name=\"robots\" content=\"index, follow, max-snippet:-1, max-image-preview:large, max-video-preview:-1\" \/>\n<link rel=\"canonical\" href=\"https:\/\/digital58.com.ve\/site\/2020\/07\/20\/con-este-megaconcierto-virtual-colombia-celebra-sus-210-anos-de-independencia\/\" \/>\n<meta property=\"og:locale\" content=\"es_ES\" \/>\n<meta property=\"og:type\" content=\"article\" \/>\n<meta property=\"og:title\" content=\"Con este megaconcierto virtual, Colombia celebra sus 210 a\u00f1os de independencia\" \/>\n<meta property=\"og:description\" content=\"Conciertos\" \/>\n<meta property=\"og:url\" content=\"https:\/\/digital58.com.ve\/site\/2020\/07\/20\/con-este-megaconcierto-virtual-colombia-celebra-sus-210-anos-de-independencia\/\" \/>\n<meta property=\"og:site_name\" content=\"Noticias Digital58\" \/>\n<meta property=\"article:published_time\" content=\"2020-07-20T16:09:59+00:00\" \/>\n<meta property=\"og:image\" content=\"https:\/\/digital58.com.ve\/site\/wp-content\/uploads\/2020\/07\/carlos-vives-yatr.jpg\" \/>\n\t<meta property=\"og:image:width\" content=\"800\" \/>\n\t<meta property=\"og:image:height\" content=\"402\" \/>\n\t<meta property=\"og:image:type\" content=\"image\/jpeg\" \/>\n<meta name=\"author\" content=\"Chavez Castro Marian\" \/>\n<meta name=\"twitter:card\" content=\"summary_large_image\" \/>\n<meta name=\"twitter:creator\" content=\"@Digital_58\" \/>\n<meta name=\"twitter:site\" content=\"@villasmilhfoto\" \/>\n<meta name=\"twitter:label1\" content=\"Escrito por\" \/>\n\t<meta name=\"twitter:data1\" content=\"Chavez Castro Marian\" \/>\n\t<meta name=\"twitter:label2\" content=\"Tiempo estimado de lectura\" \/>\n\t<meta name=\"twitter:data2\" content=\"2 minutos\" \/>\n<script type=\"application\/ld+json\" class=\"yoast-schema-graph\">{\"@context\":\"https:\\\/\\\/schema.org\",\"@graph\":[{\"@type\":\"Article\",\"@id\":\"https:\\\/\\\/digital58.com.ve\\\/site\\\/2020\\\/07\\\/20\\\/con-este-megaconcierto-virtual-colombia-celebra-sus-210-anos-de-independencia\\\/#article\",\"isPartOf\":{\"@id\":\"https:\\\/\\\/digital58.com.ve\\\/site\\\/2020\\\/07\\\/20\\\/con-este-megaconcierto-virtual-colombia-celebra-sus-210-anos-de-independencia\\\/\"},\"author\":{\"name\":\"Chavez Castro Marian\",\"@id\":\"https:\\\/\\\/digital58.com.ve\\\/site\\\/#\\\/schema\\\/person\\\/9c0f3a88cb18ad2a045bf3b5d13c0a49\"},\"headline\":\"Con este megaconcierto virtual, Colombia celebra sus 210 a\u00f1os de independencia\",\"datePublished\":\"2020-07-20T16:09:59+00:00\",\"mainEntityOfPage\":{\"@id\":\"https:\\\/\\\/digital58.com.ve\\\/site\\\/2020\\\/07\\\/20\\\/con-este-megaconcierto-virtual-colombia-celebra-sus-210-anos-de-independencia\\\/\"},\"wordCount\":329,\"commentCount\":0,\"publisher\":{\"@id\":\"https:\\\/\\\/digital58.com.ve\\\/site\\\/#\\\/schema\\\/person\\\/64d1c2e4d0d4fd1b849980c4331c2951\"},\"image\":{\"@id\":\"https:\\\/\\\/digital58.com.ve\\\/site\\\/2020\\\/07\\\/20\\\/con-este-megaconcierto-virtual-colombia-celebra-sus-210-anos-de-independencia\\\/#primaryimage\"},\"thumbnailUrl\":\"https:\\\/\\\/digital58.com.ve\\\/site\\\/wp-content\\\/uploads\\\/2020\\\/07\\\/carlos-vives-yatr.jpg\",\"keywords\":[\"Bogot\u00e1\",\"Cabas\",\"Cali\",\"Cali y el Dandee\",\"Carlos Vives\",\"Cartagena\",\"ChocQuibTown\",\"Colombia\",\"Colombia Crea Talento\",\"Concierto\",\"Coronavirus\",\"COVID-19\",\"Espect\u00e1culos\",\"Fama\",\"Fanny Lu\",\"Independencia de Colombia\",\"Internacionales\",\"Jorge Celed\u00f3n\",\"Ministerio de Cultura de Colombia\",\"Pandemia\",\"sebasti\u00e1n Yatra\"],\"articleSection\":[\"Conciertos\",\"Fama\"],\"inLanguage\":\"es\",\"potentialAction\":[{\"@type\":\"CommentAction\",\"name\":\"Comment\",\"target\":[\"https:\\\/\\\/digital58.com.ve\\\/site\\\/2020\\\/07\\\/20\\\/con-este-megaconcierto-virtual-colombia-celebra-sus-210-anos-de-independencia\\\/#respond\"]}]},{\"@type\":\"WebPage\",\"@id\":\"https:\\\/\\\/digital58.com.ve\\\/site\\\/2020\\\/07\\\/20\\\/con-este-megaconcierto-virtual-colombia-celebra-sus-210-anos-de-independencia\\\/\",\"url\":\"https:\\\/\\\/digital58.com.ve\\\/site\\\/2020\\\/07\\\/20\\\/con-este-megaconcierto-virtual-colombia-celebra-sus-210-anos-de-independencia\\\/\",\"name\":\"Con este megaconcierto virtual, Colombia celebra sus 210 a\u00f1os de independencia\",\"isPartOf\":{\"@id\":\"https:\\\/\\\/digital58.com.ve\\\/site\\\/#website\"},\"primaryImageOfPage\":{\"@id\":\"https:\\\/\\\/digital58.com.ve\\\/site\\\/2020\\\/07\\\/20\\\/con-este-megaconcierto-virtual-colombia-celebra-sus-210-anos-de-independencia\\\/#primaryimage\"},\"image\":{\"@id\":\"https:\\\/\\\/digital58.com.ve\\\/site\\\/2020\\\/07\\\/20\\\/con-este-megaconcierto-virtual-colombia-celebra-sus-210-anos-de-independencia\\\/#primaryimage\"},\"thumbnailUrl\":\"https:\\\/\\\/digital58.com.ve\\\/site\\\/wp-content\\\/uploads\\\/2020\\\/07\\\/carlos-vives-yatr.jpg\",\"datePublished\":\"2020-07-20T16:09:59+00:00\",\"description\":\"Conciertos\",\"breadcrumb\":{\"@id\":\"https:\\\/\\\/digital58.com.ve\\\/site\\\/2020\\\/07\\\/20\\\/con-este-megaconcierto-virtual-colombia-celebra-sus-210-anos-de-independencia\\\/#breadcrumb\"},\"inLanguage\":\"es\",\"potentialAction\":[{\"@type\":\"ReadAction\",\"target\":[\"https:\\\/\\\/digital58.com.ve\\\/site\\\/2020\\\/07\\\/20\\\/con-este-megaconcierto-virtual-colombia-celebra-sus-210-anos-de-independencia\\\/\"]}]},{\"@type\":\"ImageObject\",\"inLanguage\":\"es\",\"@id\":\"https:\\\/\\\/digital58.com.ve\\\/site\\\/2020\\\/07\\\/20\\\/con-este-megaconcierto-virtual-colombia-celebra-sus-210-anos-de-independencia\\\/#primaryimage\",\"url\":\"https:\\\/\\\/digital58.com.ve\\\/site\\\/wp-content\\\/uploads\\\/2020\\\/07\\\/carlos-vives-yatr.jpg\",\"contentUrl\":\"https:\\\/\\\/digital58.com.ve\\\/site\\\/wp-content\\\/uploads\\\/2020\\\/07\\\/carlos-vives-yatr.jpg\",\"width\":800,\"height\":402},{\"@type\":\"BreadcrumbList\",\"@id\":\"https:\\\/\\\/digital58.com.ve\\\/site\\\/2020\\\/07\\\/20\\\/con-este-megaconcierto-virtual-colombia-celebra-sus-210-anos-de-independencia\\\/#breadcrumb\",\"itemListElement\":[{\"@type\":\"ListItem\",\"position\":1,\"name\":\"Home\",\"item\":\"https:\\\/\\\/digital58.com.ve\\\/site\\\/\"},{\"@type\":\"ListItem\",\"position\":2,\"name\":\"Con este megaconcierto virtual, Colombia celebra sus 210 a\u00f1os de independencia\"}]},{\"@type\":\"WebSite\",\"@id\":\"https:\\\/\\\/digital58.com.ve\\\/site\\\/#website\",\"url\":\"https:\\\/\\\/digital58.com.ve\\\/site\\\/\",\"name\":\"Noticias Digital58\",\"description\":\"Portal de Noticias \u00a1Periodismo web de verdad! Lanzamiento web 22.11.2005 \\\/ Maracaibo, Venezuela\",\"publisher\":{\"@id\":\"https:\\\/\\\/digital58.com.ve\\\/site\\\/#\\\/schema\\\/person\\\/64d1c2e4d0d4fd1b849980c4331c2951\"},\"alternateName\":\"ND58\",\"potentialAction\":[{\"@type\":\"SearchAction\",\"target\":{\"@type\":\"EntryPoint\",\"urlTemplate\":\"https:\\\/\\\/digital58.com.ve\\\/site\\\/?s={search_term_string}\"},\"query-input\":{\"@type\":\"PropertyValueSpecification\",\"valueRequired\":true,\"valueName\":\"search_term_string\"}}],\"inLanguage\":\"es\"},{\"@type\":[\"Person\",\"Organization\"],\"@id\":\"https:\\\/\\\/digital58.com.ve\\\/site\\\/#\\\/schema\\\/person\\\/64d1c2e4d0d4fd1b849980c4331c2951\",\"name\":\"Villasmil Henry\",\"image\":{\"@type\":\"ImageObject\",\"inLanguage\":\"es\",\"@id\":\"https:\\\/\\\/secure.gravatar.com\\\/avatar\\\/bb0c4a2fcb7970138239f7e404ea75757b1b507b28b5ce4c53fbd62d797c5a7c?s=96&d=mm&r=g\",\"url\":\"https:\\\/\\\/secure.gravatar.com\\\/avatar\\\/bb0c4a2fcb7970138239f7e404ea75757b1b507b28b5ce4c53fbd62d797c5a7c?s=96&d=mm&r=g\",\"contentUrl\":\"https:\\\/\\\/secure.gravatar.com\\\/avatar\\\/bb0c4a2fcb7970138239f7e404ea75757b1b507b28b5ce4c53fbd62d797c5a7c?s=96&d=mm&r=g\",\"caption\":\"Villasmil Henry\"},\"logo\":{\"@id\":\"https:\\\/\\\/secure.gravatar.com\\\/avatar\\\/bb0c4a2fcb7970138239f7e404ea75757b1b507b28b5ce4c53fbd62d797c5a7c?s=96&d=mm&r=g\"},\"sameAs\":[\"http:\\\/\\\/www.henryvillasmil.com.ve\",\"https:\\\/\\\/www.instagram.com\\\/villasmilhfoto\\\/\",\"https:\\\/\\\/x.com\\\/https:\\\/\\\/twitter.com\\\/villasmilhfoto\"]},{\"@type\":\"Person\",\"@id\":\"https:\\\/\\\/digital58.com.ve\\\/site\\\/#\\\/schema\\\/person\\\/9c0f3a88cb18ad2a045bf3b5d13c0a49\",\"name\":\"Chavez Castro Marian\",\"image\":{\"@type\":\"ImageObject\",\"inLanguage\":\"es\",\"@id\":\"https:\\\/\\\/secure.gravatar.com\\\/avatar\\\/f0d85074342e38d350fb5a6141afb1fb5c0ef9cb2f88442cd5535b1a7fe29dbd?s=96&d=mm&r=g\",\"url\":\"https:\\\/\\\/secure.gravatar.com\\\/avatar\\\/f0d85074342e38d350fb5a6141afb1fb5c0ef9cb2f88442cd5535b1a7fe29dbd?s=96&d=mm&r=g\",\"contentUrl\":\"https:\\\/\\\/secure.gravatar.com\\\/avatar\\\/f0d85074342e38d350fb5a6141afb1fb5c0ef9cb2f88442cd5535b1a7fe29dbd?s=96&d=mm&r=g\",\"caption\":\"Chavez Castro Marian\"},\"url\":\"https:\\\/\\\/digital58.com.ve\\\/site\\\/author\\\/mchavezcastro\\\/\"}]}<\/script>\n<!-- \/ Yoast SEO plugin. -->","yoast_head_json":{"title":"Con este megaconcierto virtual, Colombia celebra sus 210 a\u00f1os de independencia","description":"Conciertos","robots":{"index":"index","follow":"follow","max-snippet":"max-snippet:-1","max-image-preview":"max-image-preview:large","max-video-preview":"max-video-preview:-1"},"canonical":"https:\/\/digital58.com.ve\/site\/2020\/07\/20\/con-este-megaconcierto-virtual-colombia-celebra-sus-210-anos-de-independencia\/","og_locale":"es_ES","og_type":"article","og_title":"Con este megaconcierto virtual, Colombia celebra sus 210 a\u00f1os de independencia","og_description":"Conciertos","og_url":"https:\/\/digital58.com.ve\/site\/2020\/07\/20\/con-este-megaconcierto-virtual-colombia-celebra-sus-210-anos-de-independencia\/","og_site_name":"Noticias Digital58","article_published_time":"2020-07-20T16:09:59+00:00","og_image":[{"width":800,"height":402,"url":"https:\/\/digital58.com.ve\/site\/wp-content\/uploads\/2020\/07\/carlos-vives-yatr.jpg","type":"image\/jpeg"}],"author":"Chavez Castro Marian","twitter_card":"summary_large_image","twitter_creator":"@Digital_58","twitter_site":"@villasmilhfoto","twitter_misc":{"Escrito por":"Chavez Castro Marian","Tiempo estimado de lectura":"2 minutos"},"schema":{"@context":"https:\/\/schema.org","@graph":[{"@type":"Article","@id":"https:\/\/digital58.com.ve\/site\/2020\/07\/20\/con-este-megaconcierto-virtual-colombia-celebra-sus-210-anos-de-independencia\/#article","isPartOf":{"@id":"https:\/\/digital58.com.ve\/site\/2020\/07\/20\/con-este-megaconcierto-virtual-colombia-celebra-sus-210-anos-de-independencia\/"},"author":{"name":"Chavez Castro Marian","@id":"https:\/\/digital58.com.ve\/site\/#\/schema\/person\/9c0f3a88cb18ad2a045bf3b5d13c0a49"},"headline":"Con este megaconcierto virtual, Colombia celebra sus 210 a\u00f1os de independencia","datePublished":"2020-07-20T16:09:59+00:00","mainEntityOfPage":{"@id":"https:\/\/digital58.com.ve\/site\/2020\/07\/20\/con-este-megaconcierto-virtual-colombia-celebra-sus-210-anos-de-independencia\/"},"wordCount":329,"commentCount":0,"publisher":{"@id":"https:\/\/digital58.com.ve\/site\/#\/schema\/person\/64d1c2e4d0d4fd1b849980c4331c2951"},"image":{"@id":"https:\/\/digital58.com.ve\/site\/2020\/07\/20\/con-este-megaconcierto-virtual-colombia-celebra-sus-210-anos-de-independencia\/#primaryimage"},"thumbnailUrl":"https:\/\/digital58.com.ve\/site\/wp-content\/uploads\/2020\/07\/carlos-vives-yatr.jpg","keywords":["Bogot\u00e1","Cabas","Cali","Cali y el Dandee","Carlos Vives","Cartagena","ChocQuibTown","Colombia","Colombia Crea Talento","Concierto","Coronavirus","COVID-19","Espect\u00e1culos","Fama","Fanny Lu","Independencia de Colombia","Internacionales","Jorge Celed\u00f3n","Ministerio de Cultura de Colombia","Pandemia","sebasti\u00e1n Yatra"],"articleSection":["Conciertos","Fama"],"inLanguage":"es","potentialAction":[{"@type":"CommentAction","name":"Comment","target":["https:\/\/digital58.com.ve\/site\/2020\/07\/20\/con-este-megaconcierto-virtual-colombia-celebra-sus-210-anos-de-independencia\/#respond"]}]},{"@type":"WebPage","@id":"https:\/\/digital58.com.ve\/site\/2020\/07\/20\/con-este-megaconcierto-virtual-colombia-celebra-sus-210-anos-de-independencia\/","url":"https:\/\/digital58.com.ve\/site\/2020\/07\/20\/con-este-megaconcierto-virtual-colombia-celebra-sus-210-anos-de-independencia\/","name":"Con este megaconcierto virtual, Colombia celebra sus 210 a\u00f1os de independencia","isPartOf":{"@id":"https:\/\/digital58.com.ve\/site\/#website"},"primaryImageOfPage":{"@id":"https:\/\/digital58.com.ve\/site\/2020\/07\/20\/con-este-megaconcierto-virtual-colombia-celebra-sus-210-anos-de-independencia\/#primaryimage"},"image":{"@id":"https:\/\/digital58.com.ve\/site\/2020\/07\/20\/con-este-megaconcierto-virtual-colombia-celebra-sus-210-anos-de-independencia\/#primaryimage"},"thumbnailUrl":"https:\/\/digital58.com.ve\/site\/wp-content\/uploads\/2020\/07\/carlos-vives-yatr.jpg","datePublished":"2020-07-20T16:09:59+00:00","description":"Conciertos","breadcrumb":{"@id":"https:\/\/digital58.com.ve\/site\/2020\/07\/20\/con-este-megaconcierto-virtual-colombia-celebra-sus-210-anos-de-independencia\/#breadcrumb"},"inLanguage":"es","potentialAction":[{"@type":"ReadAction","target":["https:\/\/digital58.com.ve\/site\/2020\/07\/20\/con-este-megaconcierto-virtual-colombia-celebra-sus-210-anos-de-independencia\/"]}]},{"@type":"ImageObject","inLanguage":"es","@id":"https:\/\/digital58.com.ve\/site\/2020\/07\/20\/con-este-megaconcierto-virtual-colombia-celebra-sus-210-anos-de-independencia\/#primaryimage","url":"https:\/\/digital58.com.ve\/site\/wp-content\/uploads\/2020\/07\/carlos-vives-yatr.jpg","contentUrl":"https:\/\/digital58.com.ve\/site\/wp-content\/uploads\/2020\/07\/carlos-vives-yatr.jpg","width":800,"height":402},{"@type":"BreadcrumbList","@id":"https:\/\/digital58.com.ve\/site\/2020\/07\/20\/con-este-megaconcierto-virtual-colombia-celebra-sus-210-anos-de-independencia\/#breadcrumb","itemListElement":[{"@type":"ListItem","position":1,"name":"Home","item":"https:\/\/digital58.com.ve\/site\/"},{"@type":"ListItem","position":2,"name":"Con este megaconcierto virtual, Colombia celebra sus 210 a\u00f1os de independencia"}]},{"@type":"WebSite","@id":"https:\/\/digital58.com.ve\/site\/#website","url":"https:\/\/digital58.com.ve\/site\/","name":"Noticias Digital58","description":"Portal de Noticias \u00a1Periodismo web de verdad! Lanzamiento web 22.11.2005 \/ Maracaibo, Venezuela","publisher":{"@id":"https:\/\/digital58.com.ve\/site\/#\/schema\/person\/64d1c2e4d0d4fd1b849980c4331c2951"},"alternateName":"ND58","potentialAction":[{"@type":"SearchAction","target":{"@type":"EntryPoint","urlTemplate":"https:\/\/digital58.com.ve\/site\/?s={search_term_string}"},"query-input":{"@type":"PropertyValueSpecification","valueRequired":true,"valueName":"search_term_string"}}],"inLanguage":"es"},{"@type":["Person","Organization"],"@id":"https:\/\/digital58.com.ve\/site\/#\/schema\/person\/64d1c2e4d0d4fd1b849980c4331c2951","name":"Villasmil Henry","image":{"@type":"ImageObject","inLanguage":"es","@id":"https:\/\/secure.gravatar.com\/avatar\/bb0c4a2fcb7970138239f7e404ea75757b1b507b28b5ce4c53fbd62d797c5a7c?s=96&d=mm&r=g","url":"https:\/\/secure.gravatar.com\/avatar\/bb0c4a2fcb7970138239f7e404ea75757b1b507b28b5ce4c53fbd62d797c5a7c?s=96&d=mm&r=g","contentUrl":"https:\/\/secure.gravatar.com\/avatar\/bb0c4a2fcb7970138239f7e404ea75757b1b507b28b5ce4c53fbd62d797c5a7c?s=96&d=mm&r=g","caption":"Villasmil Henry"},"logo":{"@id":"https:\/\/secure.gravatar.com\/avatar\/bb0c4a2fcb7970138239f7e404ea75757b1b507b28b5ce4c53fbd62d797c5a7c?s=96&d=mm&r=g"},"sameAs":["http:\/\/www.henryvillasmil.com.ve","https:\/\/www.instagram.com\/villasmilhfoto\/","https:\/\/x.com\/https:\/\/twitter.com\/villasmilhfoto"]},{"@type":"Person","@id":"https:\/\/digital58.com.ve\/site\/#\/schema\/person\/9c0f3a88cb18ad2a045bf3b5d13c0a49","name":"Chavez Castro Marian","image":{"@type":"ImageObject","inLanguage":"es","@id":"https:\/\/secure.gravatar.com\/avatar\/f0d85074342e38d350fb5a6141afb1fb5c0ef9cb2f88442cd5535b1a7fe29dbd?s=96&d=mm&r=g","url":"https:\/\/secure.gravatar.com\/avatar\/f0d85074342e38d350fb5a6141afb1fb5c0ef9cb2f88442cd5535b1a7fe29dbd?s=96&d=mm&r=g","contentUrl":"https:\/\/secure.gravatar.com\/avatar\/f0d85074342e38d350fb5a6141afb1fb5c0ef9cb2f88442cd5535b1a7fe29dbd?s=96&d=mm&r=g","caption":"Chavez Castro Marian"},"url":"https:\/\/digital58.com.ve\/site\/author\/mchavezcastro\/"}]}},"uagb_featured_image_src":{"full":["https:\/\/digital58.com.ve\/site\/wp-content\/uploads\/2020\/07\/carlos-vives-yatr.jpg",800,402,false],"thumbnail":["https:\/\/digital58.com.ve\/site\/wp-content\/uploads\/2020\/07\/carlos-vives-yatr-150x150.jpg",150,150,true],"medium":["https:\/\/digital58.com.ve\/site\/wp-content\/uploads\/2020\/07\/carlos-vives-yatr-300x151.jpg",300,151,true],"medium_large":["https:\/\/digital58.com.ve\/site\/wp-content\/uploads\/2020\/07\/carlos-vives-yatr-768x386.jpg",768,386,true],"large":["https:\/\/digital58.com.ve\/site\/wp-content\/uploads\/2020\/07\/carlos-vives-yatr.jpg",800,402,false],"1536x1536":["https:\/\/digital58.com.ve\/site\/wp-content\/uploads\/2020\/07\/carlos-vives-yatr.jpg",800,402,false],"2048x2048":["https:\/\/digital58.com.ve\/site\/wp-content\/uploads\/2020\/07\/carlos-vives-yatr.jpg",800,402,false],"colormag-highlighted-post":["https:\/\/digital58.com.ve\/site\/wp-content\/uploads\/2020\/07\/carlos-vives-yatr.jpg",392,197,false],"colormag-featured-post-medium":["https:\/\/digital58.com.ve\/site\/wp-content\/uploads\/2020\/07\/carlos-vives-yatr.jpg",390,196,false],"colormag-featured-post-small":["https:\/\/digital58.com.ve\/site\/wp-content\/uploads\/2020\/07\/carlos-vives-yatr.jpg",130,65,false],"colormag-featured-image":["https:\/\/digital58.com.ve\/site\/wp-content\/uploads\/2020\/07\/carlos-vives-yatr.jpg",800,402,false],"colormag-default-news":["https:\/\/digital58.com.ve\/site\/wp-content\/uploads\/2020\/07\/carlos-vives-yatr.jpg",150,75,false],"colormag-featured-image-large":["https:\/\/digital58.com.ve\/site\/wp-content\/uploads\/2020\/07\/carlos-vives-yatr.jpg",800,402,false]},"uagb_author_info":{"display_name":"Chavez Castro Marian","author_link":"https:\/\/digital58.com.ve\/site\/author\/mchavezcastro\/"},"uagb_comment_info":0,"uagb_excerpt":"El listado de artistas es grande y poderoso. Incluye a reconocidos y consagrados como Carlos Vives, Ma\u00eda, Paola Jara, Sebasti\u00e1n","_links":{"self":[{"href":"https:\/\/digital58.com.ve\/site\/wp-json\/wp\/v2\/posts\/116108","targetHints":{"allow":["GET"]}}],"collection":[{"href":"https:\/\/digital58.com.ve\/site\/wp-json\/wp\/v2\/posts"}],"about":[{"href":"https:\/\/digital58.com.ve\/site\/wp-json\/wp\/v2\/types\/post"}],"author":[{"embeddable":true,"href":"https:\/\/digital58.com.ve\/site\/wp-json\/wp\/v2\/users\/31"}],"replies":[{"embeddable":true,"href":"https:\/\/digital58.com.ve\/site\/wp-json\/wp\/v2\/comments?post=116108"}],"version-history":[{"count":0,"href":"https:\/\/digital58.com.ve\/site\/wp-json\/wp\/v2\/posts\/116108\/revisions"}],"wp:featuredmedia":[{"embeddable":true,"href":"https:\/\/digital58.com.ve\/site\/wp-json\/wp\/v2\/media\/116110"}],"wp:attachment":[{"href":"https:\/\/digital58.com.ve\/site\/wp-json\/wp\/v2\/media?parent=116108"}],"wp:term":[{"taxonomy":"category","embeddable":true,"href":"https:\/\/digital58.com.ve\/site\/wp-json\/wp\/v2\/categories?post=116108"},{"taxonomy":"post_tag","embeddable":true,"href":"https:\/\/digital58.com.ve\/site\/wp-json\/wp\/v2\/tags?post=116108"}],"curies":[{"name":"wp","href":"https:\/\/api.w.org\/{rel}","templated":true}]}}