{"id":116147,"date":"2020-07-20T14:03:15","date_gmt":"2020-07-20T18:03:15","guid":{"rendered":"https:\/\/digital58.com.ve\/site\/?p=116147"},"modified":"2020-07-20T14:03:15","modified_gmt":"2020-07-20T18:03:15","slug":"cambio-climatico-extinguiria-a-los-osos-polares-para-el-2100","status":"publish","type":"post","link":"https:\/\/digital58.com.ve\/site\/2020\/07\/20\/cambio-climatico-extinguiria-a-los-osos-polares-para-el-2100\/","title":{"rendered":"Cambio clim\u00e1tico extinguir\u00eda a los osos polares para el 2100"},"content":{"rendered":"<p><img loading=\"lazy\" decoding=\"async\" class=\"alignnone size-full wp-image-116152\" src=\"https:\/\/digital58.com.ve\/site\/wp-content\/uploads\/2020\/07\/osos-polares.jpg\" alt=\"\" width=\"1000\" height=\"563\" srcset=\"https:\/\/digital58.com.ve\/site\/wp-content\/uploads\/2020\/07\/osos-polares.jpg 800w, https:\/\/digital58.com.ve\/site\/wp-content\/uploads\/2020\/07\/osos-polares-300x169.jpg 300w, https:\/\/digital58.com.ve\/site\/wp-content\/uploads\/2020\/07\/osos-polares-768x432.jpg 768w\" sizes=\"auto, (max-width: 1000px) 100vw, 1000px\" \/><\/p>\n<p>El estudio alerta que a corto plazo, para 2040, es muy probable que los osos polares empiecen a tener dificultades para reproducirse.<\/p>\n<p><strong>Madrid, Espa\u00f1a, 20 de julio de 2020 (ND58)<\/strong>. Un estudio advierte de la extinci\u00f3n casi total de los osos polares para 2100 por el cambio clim\u00e1tico<\/p>\n<p>La mayor parte de la poblaci\u00f3n de osos polares de Alaska y Rusia estar\u00e1 en graves problemas para perpetuarse a partir de 2080 y podr\u00eda llegar a desaparecer en su gran mayor\u00eda para 2100 si se mantiene la proyecci\u00f3n actual de emisiones de gases de efecto invernadero, seg\u00fan un estudio publicado por la revista \u00ab<em>Nature<\/em>\u00bb.<\/p>\n<p>Un estudio advierte de la extinci\u00f3n casi total de los osos polares para 2100 por el cambio clim\u00e1tico<\/p>\n<p>Los osos polares no pueden conseguir sustento suficiente en tierra, por lo que dependen del hielo para cazar y esperan durante horas en los agujeros en el hielo utilizados por las focas para respirar para poder cazarlas, pero en la medida que decrece el hielo por el cambio clim\u00e1tico tambi\u00e9n podr\u00edan hacerlo los osos polares<\/p>\n<p>En el mar de Beaufort de Alaska ya se ha detectado un descenso de entre el 25 y el 50 por ciento en la poblaci\u00f3n de osos polares y en la bah\u00eda de Hudson, el h\u00e1bitat del oso polar situado m\u00e1s al sur, se ha contabilizado una ca\u00edda de la poblaci\u00f3n del 30 por ciento desde 1987, rese\u00f1\u00f3 Europa Press.<\/p>\n<p>El estudio alerta que a corto plazo, para 2040, es muy probable que los osos polares empiecen a tener dificultades para reproducirse, lo que ocasionar\u00eda la retirada de la especie de ciertas zonas.<\/p>\n<p>La investigaci\u00f3n plantea dos escenarios de emisiones de gases de efecto invernadero: si todo contin\u00faa como est\u00e1, los osos polares probablemente solo podr\u00edan sobrevivir en las islas de la Reina Isabel, en el \u00c1rtico canadiense. Incluso si se reducen moderadamente las emisiones sigue siendo probable que la poblaci\u00f3n de osos polares tenga graves problemas reproductivos para 2080 en las zonas situadas m\u00e1s al sur.<\/p>\n<p>&nbsp;<\/p><div class=\"jsmpq6a98a300f019c\" ><p style=\"text-align: center;\"><a href=\"https:\/\/t.me\/noticiasdigital58\" target=\"_blank\" rel=\"noopener\"><img class=\"aligncenter size-full wp-image-125363\" src=\"https:\/\/digital58.com.ve\/site\/wp-content\/uploads\/2021\/04\/banner-telegram-web-2021.png\" alt=\"\" width=\"600\" height=\"90\" \/><\/a><\/p><\/div><style type=\"text\/css\">\r\n@media screen and (min-width: 1201px) {\r\n.jsmpq6a98a300f019c {\r\ndisplay: block;\r\n}\r\n}\r\n@media screen and (min-width: 993px) and (max-width: 1200px) {\r\n.jsmpq6a98a300f019c {\r\ndisplay: block;\r\n}\r\n}\r\n@media screen and (min-width: 769px) and (max-width: 992px) {\r\n.jsmpq6a98a300f019c {\r\ndisplay: block;\r\n}\r\n}\r\n@media screen and (min-width: 768px) and (max-width: 768px) {\r\n.jsmpq6a98a300f019c {\r\ndisplay: block;\r\n}\r\n}\r\n@media screen and (max-width: 767px) {\r\n.jsmpq6a98a300f019c {\r\ndisplay: block;\r\n}\r\n}\r\n<\/style>\r\n\n<p><strong>Redacci\u00f3n: Europa Press<\/strong><strong>\u00a0<\/strong><strong><br \/>\nEdici\u00f3n: Villasmil, Henry<br \/>\nGr\u00e1fica:\u00a0 Reuters\u00a0<\/strong><\/p>\n<div style=\"margin-top: 0px; margin-bottom: 0px;\" class=\"sharethis-inline-share-buttons\" ><\/div>","protected":false},"excerpt":{"rendered":"<p>El estudio alerta que a corto plazo, para 2040, es muy probable que los osos polares empiecen a tener dificultades<\/p>\n","protected":false},"author":31,"featured_media":116152,"comment_status":"open","ping_status":"closed","sticky":false,"template":"","format":"standard","meta":{"colormag_page_container_layout":"default_layout","colormag_page_sidebar_layout":"default_layout","_uag_custom_page_level_css":"","footnotes":""},"categories":[5407],"tags":[1829,18217,115,10783,8,17258,2369,18216],"class_list":["post-116147","post","type-post","status-publish","format-standard","has-post-thumbnail","hentry","category-natura","tag-cambio-climatico","tag-efecto-invernadero","tag-espana","tag-especies-en-peligro-de-extincion","tag-internacionales","tag-natura","tag-naturaleza","tag-osos-polares"],"yoast_head":"<!-- This site is optimized with the Yoast SEO plugin v28.4 - https:\/\/yoast.com\/product\/yoast-seo-wordpress\/ -->\n<title>Cambio clim\u00e1tico extinguir\u00eda a los osos polares para el 2100<\/title>\n<meta name=\"description\" content=\"Natura\" \/>\n<meta name=\"robots\" content=\"index, follow, max-snippet:-1, max-image-preview:large, max-video-preview:-1\" \/>\n<link rel=\"canonical\" href=\"https:\/\/digital58.com.ve\/site\/2020\/07\/20\/cambio-climatico-extinguiria-a-los-osos-polares-para-el-2100\/\" \/>\n<meta property=\"og:locale\" content=\"es_ES\" \/>\n<meta property=\"og:type\" content=\"article\" \/>\n<meta property=\"og:title\" content=\"Cambio clim\u00e1tico extinguir\u00eda a los osos polares para el 2100\" \/>\n<meta property=\"og:description\" content=\"Natura\" \/>\n<meta property=\"og:url\" content=\"https:\/\/digital58.com.ve\/site\/2020\/07\/20\/cambio-climatico-extinguiria-a-los-osos-polares-para-el-2100\/\" \/>\n<meta property=\"og:site_name\" content=\"Noticias Digital58\" \/>\n<meta property=\"article:published_time\" content=\"2020-07-20T18:03:15+00:00\" \/>\n<meta property=\"og:image\" content=\"https:\/\/digital58.com.ve\/site\/wp-content\/uploads\/2020\/07\/osos-polares.jpg\" \/>\n\t<meta property=\"og:image:width\" content=\"1000\" \/>\n\t<meta property=\"og:image:height\" content=\"563\" \/>\n\t<meta property=\"og:image:type\" content=\"image\/jpeg\" \/>\n<meta name=\"author\" content=\"Chavez Castro Marian\" \/>\n<meta name=\"twitter:card\" content=\"summary_large_image\" \/>\n<meta name=\"twitter:creator\" content=\"@Digital_58\" \/>\n<meta name=\"twitter:site\" content=\"@villasmilhfoto\" \/>\n<meta name=\"twitter:label1\" content=\"Escrito por\" \/>\n\t<meta name=\"twitter:data1\" content=\"Chavez Castro Marian\" \/>\n\t<meta name=\"twitter:label2\" content=\"Tiempo estimado de lectura\" \/>\n\t<meta name=\"twitter:data2\" content=\"2 minutos\" \/>\n<script type=\"application\/ld+json\" class=\"yoast-schema-graph\">{\"@context\":\"https:\\\/\\\/schema.org\",\"@graph\":[{\"@type\":\"Article\",\"@id\":\"https:\\\/\\\/digital58.com.ve\\\/site\\\/2020\\\/07\\\/20\\\/cambio-climatico-extinguiria-a-los-osos-polares-para-el-2100\\\/#article\",\"isPartOf\":{\"@id\":\"https:\\\/\\\/digital58.com.ve\\\/site\\\/2020\\\/07\\\/20\\\/cambio-climatico-extinguiria-a-los-osos-polares-para-el-2100\\\/\"},\"author\":{\"name\":\"Chavez Castro Marian\",\"@id\":\"https:\\\/\\\/digital58.com.ve\\\/site\\\/#\\\/schema\\\/person\\\/9c0f3a88cb18ad2a045bf3b5d13c0a49\"},\"headline\":\"Cambio clim\u00e1tico extinguir\u00eda a los osos polares para el 2100\",\"datePublished\":\"2020-07-20T18:03:15+00:00\",\"mainEntityOfPage\":{\"@id\":\"https:\\\/\\\/digital58.com.ve\\\/site\\\/2020\\\/07\\\/20\\\/cambio-climatico-extinguiria-a-los-osos-polares-para-el-2100\\\/\"},\"wordCount\":368,\"commentCount\":0,\"publisher\":{\"@id\":\"https:\\\/\\\/digital58.com.ve\\\/site\\\/#\\\/schema\\\/person\\\/64d1c2e4d0d4fd1b849980c4331c2951\"},\"image\":{\"@id\":\"https:\\\/\\\/digital58.com.ve\\\/site\\\/2020\\\/07\\\/20\\\/cambio-climatico-extinguiria-a-los-osos-polares-para-el-2100\\\/#primaryimage\"},\"thumbnailUrl\":\"https:\\\/\\\/digital58.com.ve\\\/site\\\/wp-content\\\/uploads\\\/2020\\\/07\\\/osos-polares.jpg\",\"keywords\":[\"Cambio Clim\u00e1tico\",\"efecto invernadero\",\"Espa\u00f1a\",\"Especies en Peligro de Extinci\u00f3n\",\"Internacionales\",\"natura\",\"Naturaleza\",\"osos polares\"],\"articleSection\":[\"Natura\"],\"inLanguage\":\"es\",\"potentialAction\":[{\"@type\":\"CommentAction\",\"name\":\"Comment\",\"target\":[\"https:\\\/\\\/digital58.com.ve\\\/site\\\/2020\\\/07\\\/20\\\/cambio-climatico-extinguiria-a-los-osos-polares-para-el-2100\\\/#respond\"]}]},{\"@type\":\"WebPage\",\"@id\":\"https:\\\/\\\/digital58.com.ve\\\/site\\\/2020\\\/07\\\/20\\\/cambio-climatico-extinguiria-a-los-osos-polares-para-el-2100\\\/\",\"url\":\"https:\\\/\\\/digital58.com.ve\\\/site\\\/2020\\\/07\\\/20\\\/cambio-climatico-extinguiria-a-los-osos-polares-para-el-2100\\\/\",\"name\":\"Cambio clim\u00e1tico extinguir\u00eda a los osos polares para el 2100\",\"isPartOf\":{\"@id\":\"https:\\\/\\\/digital58.com.ve\\\/site\\\/#website\"},\"primaryImageOfPage\":{\"@id\":\"https:\\\/\\\/digital58.com.ve\\\/site\\\/2020\\\/07\\\/20\\\/cambio-climatico-extinguiria-a-los-osos-polares-para-el-2100\\\/#primaryimage\"},\"image\":{\"@id\":\"https:\\\/\\\/digital58.com.ve\\\/site\\\/2020\\\/07\\\/20\\\/cambio-climatico-extinguiria-a-los-osos-polares-para-el-2100\\\/#primaryimage\"},\"thumbnailUrl\":\"https:\\\/\\\/digital58.com.ve\\\/site\\\/wp-content\\\/uploads\\\/2020\\\/07\\\/osos-polares.jpg\",\"datePublished\":\"2020-07-20T18:03:15+00:00\",\"description\":\"Natura\",\"breadcrumb\":{\"@id\":\"https:\\\/\\\/digital58.com.ve\\\/site\\\/2020\\\/07\\\/20\\\/cambio-climatico-extinguiria-a-los-osos-polares-para-el-2100\\\/#breadcrumb\"},\"inLanguage\":\"es\",\"potentialAction\":[{\"@type\":\"ReadAction\",\"target\":[\"https:\\\/\\\/digital58.com.ve\\\/site\\\/2020\\\/07\\\/20\\\/cambio-climatico-extinguiria-a-los-osos-polares-para-el-2100\\\/\"]}]},{\"@type\":\"ImageObject\",\"inLanguage\":\"es\",\"@id\":\"https:\\\/\\\/digital58.com.ve\\\/site\\\/2020\\\/07\\\/20\\\/cambio-climatico-extinguiria-a-los-osos-polares-para-el-2100\\\/#primaryimage\",\"url\":\"https:\\\/\\\/digital58.com.ve\\\/site\\\/wp-content\\\/uploads\\\/2020\\\/07\\\/osos-polares.jpg\",\"contentUrl\":\"https:\\\/\\\/digital58.com.ve\\\/site\\\/wp-content\\\/uploads\\\/2020\\\/07\\\/osos-polares.jpg\",\"width\":800,\"height\":450},{\"@type\":\"BreadcrumbList\",\"@id\":\"https:\\\/\\\/digital58.com.ve\\\/site\\\/2020\\\/07\\\/20\\\/cambio-climatico-extinguiria-a-los-osos-polares-para-el-2100\\\/#breadcrumb\",\"itemListElement\":[{\"@type\":\"ListItem\",\"position\":1,\"name\":\"Home\",\"item\":\"https:\\\/\\\/digital58.com.ve\\\/site\\\/\"},{\"@type\":\"ListItem\",\"position\":2,\"name\":\"Cambio clim\u00e1tico extinguir\u00eda a los osos polares para el 2100\"}]},{\"@type\":\"WebSite\",\"@id\":\"https:\\\/\\\/digital58.com.ve\\\/site\\\/#website\",\"url\":\"https:\\\/\\\/digital58.com.ve\\\/site\\\/\",\"name\":\"Noticias Digital58\",\"description\":\"Portal de Noticias \u00a1Periodismo web de verdad! Lanzamiento web 22.11.2005 \\\/ Maracaibo, Venezuela\",\"publisher\":{\"@id\":\"https:\\\/\\\/digital58.com.ve\\\/site\\\/#\\\/schema\\\/person\\\/64d1c2e4d0d4fd1b849980c4331c2951\"},\"alternateName\":\"ND58\",\"potentialAction\":[{\"@type\":\"SearchAction\",\"target\":{\"@type\":\"EntryPoint\",\"urlTemplate\":\"https:\\\/\\\/digital58.com.ve\\\/site\\\/?s={search_term_string}\"},\"query-input\":{\"@type\":\"PropertyValueSpecification\",\"valueRequired\":true,\"valueName\":\"search_term_string\"}}],\"inLanguage\":\"es\"},{\"@type\":[\"Person\",\"Organization\"],\"@id\":\"https:\\\/\\\/digital58.com.ve\\\/site\\\/#\\\/schema\\\/person\\\/64d1c2e4d0d4fd1b849980c4331c2951\",\"name\":\"Villasmil Henry\",\"image\":{\"@type\":\"ImageObject\",\"inLanguage\":\"es\",\"@id\":\"https:\\\/\\\/secure.gravatar.com\\\/avatar\\\/bb0c4a2fcb7970138239f7e404ea75757b1b507b28b5ce4c53fbd62d797c5a7c?s=96&d=mm&r=g\",\"url\":\"https:\\\/\\\/secure.gravatar.com\\\/avatar\\\/bb0c4a2fcb7970138239f7e404ea75757b1b507b28b5ce4c53fbd62d797c5a7c?s=96&d=mm&r=g\",\"contentUrl\":\"https:\\\/\\\/secure.gravatar.com\\\/avatar\\\/bb0c4a2fcb7970138239f7e404ea75757b1b507b28b5ce4c53fbd62d797c5a7c?s=96&d=mm&r=g\",\"caption\":\"Villasmil Henry\"},\"logo\":{\"@id\":\"https:\\\/\\\/secure.gravatar.com\\\/avatar\\\/bb0c4a2fcb7970138239f7e404ea75757b1b507b28b5ce4c53fbd62d797c5a7c?s=96&d=mm&r=g\"},\"sameAs\":[\"http:\\\/\\\/www.henryvillasmil.com.ve\",\"https:\\\/\\\/www.instagram.com\\\/villasmilhfoto\\\/\",\"https:\\\/\\\/x.com\\\/https:\\\/\\\/twitter.com\\\/villasmilhfoto\"]},{\"@type\":\"Person\",\"@id\":\"https:\\\/\\\/digital58.com.ve\\\/site\\\/#\\\/schema\\\/person\\\/9c0f3a88cb18ad2a045bf3b5d13c0a49\",\"name\":\"Chavez Castro Marian\",\"image\":{\"@type\":\"ImageObject\",\"inLanguage\":\"es\",\"@id\":\"https:\\\/\\\/secure.gravatar.com\\\/avatar\\\/f0d85074342e38d350fb5a6141afb1fb5c0ef9cb2f88442cd5535b1a7fe29dbd?s=96&d=mm&r=g\",\"url\":\"https:\\\/\\\/secure.gravatar.com\\\/avatar\\\/f0d85074342e38d350fb5a6141afb1fb5c0ef9cb2f88442cd5535b1a7fe29dbd?s=96&d=mm&r=g\",\"contentUrl\":\"https:\\\/\\\/secure.gravatar.com\\\/avatar\\\/f0d85074342e38d350fb5a6141afb1fb5c0ef9cb2f88442cd5535b1a7fe29dbd?s=96&d=mm&r=g\",\"caption\":\"Chavez Castro Marian\"},\"url\":\"https:\\\/\\\/digital58.com.ve\\\/site\\\/author\\\/mchavezcastro\\\/\"}]}<\/script>\n<!-- \/ Yoast SEO plugin. -->","yoast_head_json":{"title":"Cambio clim\u00e1tico extinguir\u00eda a los osos polares para el 2100","description":"Natura","robots":{"index":"index","follow":"follow","max-snippet":"max-snippet:-1","max-image-preview":"max-image-preview:large","max-video-preview":"max-video-preview:-1"},"canonical":"https:\/\/digital58.com.ve\/site\/2020\/07\/20\/cambio-climatico-extinguiria-a-los-osos-polares-para-el-2100\/","og_locale":"es_ES","og_type":"article","og_title":"Cambio clim\u00e1tico extinguir\u00eda a los osos polares para el 2100","og_description":"Natura","og_url":"https:\/\/digital58.com.ve\/site\/2020\/07\/20\/cambio-climatico-extinguiria-a-los-osos-polares-para-el-2100\/","og_site_name":"Noticias Digital58","article_published_time":"2020-07-20T18:03:15+00:00","og_image":[{"width":1000,"height":563,"url":"https:\/\/digital58.com.ve\/site\/wp-content\/uploads\/2020\/07\/osos-polares.jpg","type":"image\/jpeg"}],"author":"Chavez Castro Marian","twitter_card":"summary_large_image","twitter_creator":"@Digital_58","twitter_site":"@villasmilhfoto","twitter_misc":{"Escrito por":"Chavez Castro Marian","Tiempo estimado de lectura":"2 minutos"},"schema":{"@context":"https:\/\/schema.org","@graph":[{"@type":"Article","@id":"https:\/\/digital58.com.ve\/site\/2020\/07\/20\/cambio-climatico-extinguiria-a-los-osos-polares-para-el-2100\/#article","isPartOf":{"@id":"https:\/\/digital58.com.ve\/site\/2020\/07\/20\/cambio-climatico-extinguiria-a-los-osos-polares-para-el-2100\/"},"author":{"name":"Chavez Castro Marian","@id":"https:\/\/digital58.com.ve\/site\/#\/schema\/person\/9c0f3a88cb18ad2a045bf3b5d13c0a49"},"headline":"Cambio clim\u00e1tico extinguir\u00eda a los osos polares para el 2100","datePublished":"2020-07-20T18:03:15+00:00","mainEntityOfPage":{"@id":"https:\/\/digital58.com.ve\/site\/2020\/07\/20\/cambio-climatico-extinguiria-a-los-osos-polares-para-el-2100\/"},"wordCount":368,"commentCount":0,"publisher":{"@id":"https:\/\/digital58.com.ve\/site\/#\/schema\/person\/64d1c2e4d0d4fd1b849980c4331c2951"},"image":{"@id":"https:\/\/digital58.com.ve\/site\/2020\/07\/20\/cambio-climatico-extinguiria-a-los-osos-polares-para-el-2100\/#primaryimage"},"thumbnailUrl":"https:\/\/digital58.com.ve\/site\/wp-content\/uploads\/2020\/07\/osos-polares.jpg","keywords":["Cambio Clim\u00e1tico","efecto invernadero","Espa\u00f1a","Especies en Peligro de Extinci\u00f3n","Internacionales","natura","Naturaleza","osos polares"],"articleSection":["Natura"],"inLanguage":"es","potentialAction":[{"@type":"CommentAction","name":"Comment","target":["https:\/\/digital58.com.ve\/site\/2020\/07\/20\/cambio-climatico-extinguiria-a-los-osos-polares-para-el-2100\/#respond"]}]},{"@type":"WebPage","@id":"https:\/\/digital58.com.ve\/site\/2020\/07\/20\/cambio-climatico-extinguiria-a-los-osos-polares-para-el-2100\/","url":"https:\/\/digital58.com.ve\/site\/2020\/07\/20\/cambio-climatico-extinguiria-a-los-osos-polares-para-el-2100\/","name":"Cambio clim\u00e1tico extinguir\u00eda a los osos polares para el 2100","isPartOf":{"@id":"https:\/\/digital58.com.ve\/site\/#website"},"primaryImageOfPage":{"@id":"https:\/\/digital58.com.ve\/site\/2020\/07\/20\/cambio-climatico-extinguiria-a-los-osos-polares-para-el-2100\/#primaryimage"},"image":{"@id":"https:\/\/digital58.com.ve\/site\/2020\/07\/20\/cambio-climatico-extinguiria-a-los-osos-polares-para-el-2100\/#primaryimage"},"thumbnailUrl":"https:\/\/digital58.com.ve\/site\/wp-content\/uploads\/2020\/07\/osos-polares.jpg","datePublished":"2020-07-20T18:03:15+00:00","description":"Natura","breadcrumb":{"@id":"https:\/\/digital58.com.ve\/site\/2020\/07\/20\/cambio-climatico-extinguiria-a-los-osos-polares-para-el-2100\/#breadcrumb"},"inLanguage":"es","potentialAction":[{"@type":"ReadAction","target":["https:\/\/digital58.com.ve\/site\/2020\/07\/20\/cambio-climatico-extinguiria-a-los-osos-polares-para-el-2100\/"]}]},{"@type":"ImageObject","inLanguage":"es","@id":"https:\/\/digital58.com.ve\/site\/2020\/07\/20\/cambio-climatico-extinguiria-a-los-osos-polares-para-el-2100\/#primaryimage","url":"https:\/\/digital58.com.ve\/site\/wp-content\/uploads\/2020\/07\/osos-polares.jpg","contentUrl":"https:\/\/digital58.com.ve\/site\/wp-content\/uploads\/2020\/07\/osos-polares.jpg","width":800,"height":450},{"@type":"BreadcrumbList","@id":"https:\/\/digital58.com.ve\/site\/2020\/07\/20\/cambio-climatico-extinguiria-a-los-osos-polares-para-el-2100\/#breadcrumb","itemListElement":[{"@type":"ListItem","position":1,"name":"Home","item":"https:\/\/digital58.com.ve\/site\/"},{"@type":"ListItem","position":2,"name":"Cambio clim\u00e1tico extinguir\u00eda a los osos polares para el 2100"}]},{"@type":"WebSite","@id":"https:\/\/digital58.com.ve\/site\/#website","url":"https:\/\/digital58.com.ve\/site\/","name":"Noticias Digital58","description":"Portal de Noticias \u00a1Periodismo web de verdad! Lanzamiento web 22.11.2005 \/ Maracaibo, Venezuela","publisher":{"@id":"https:\/\/digital58.com.ve\/site\/#\/schema\/person\/64d1c2e4d0d4fd1b849980c4331c2951"},"alternateName":"ND58","potentialAction":[{"@type":"SearchAction","target":{"@type":"EntryPoint","urlTemplate":"https:\/\/digital58.com.ve\/site\/?s={search_term_string}"},"query-input":{"@type":"PropertyValueSpecification","valueRequired":true,"valueName":"search_term_string"}}],"inLanguage":"es"},{"@type":["Person","Organization"],"@id":"https:\/\/digital58.com.ve\/site\/#\/schema\/person\/64d1c2e4d0d4fd1b849980c4331c2951","name":"Villasmil Henry","image":{"@type":"ImageObject","inLanguage":"es","@id":"https:\/\/secure.gravatar.com\/avatar\/bb0c4a2fcb7970138239f7e404ea75757b1b507b28b5ce4c53fbd62d797c5a7c?s=96&d=mm&r=g","url":"https:\/\/secure.gravatar.com\/avatar\/bb0c4a2fcb7970138239f7e404ea75757b1b507b28b5ce4c53fbd62d797c5a7c?s=96&d=mm&r=g","contentUrl":"https:\/\/secure.gravatar.com\/avatar\/bb0c4a2fcb7970138239f7e404ea75757b1b507b28b5ce4c53fbd62d797c5a7c?s=96&d=mm&r=g","caption":"Villasmil Henry"},"logo":{"@id":"https:\/\/secure.gravatar.com\/avatar\/bb0c4a2fcb7970138239f7e404ea75757b1b507b28b5ce4c53fbd62d797c5a7c?s=96&d=mm&r=g"},"sameAs":["http:\/\/www.henryvillasmil.com.ve","https:\/\/www.instagram.com\/villasmilhfoto\/","https:\/\/x.com\/https:\/\/twitter.com\/villasmilhfoto"]},{"@type":"Person","@id":"https:\/\/digital58.com.ve\/site\/#\/schema\/person\/9c0f3a88cb18ad2a045bf3b5d13c0a49","name":"Chavez Castro Marian","image":{"@type":"ImageObject","inLanguage":"es","@id":"https:\/\/secure.gravatar.com\/avatar\/f0d85074342e38d350fb5a6141afb1fb5c0ef9cb2f88442cd5535b1a7fe29dbd?s=96&d=mm&r=g","url":"https:\/\/secure.gravatar.com\/avatar\/f0d85074342e38d350fb5a6141afb1fb5c0ef9cb2f88442cd5535b1a7fe29dbd?s=96&d=mm&r=g","contentUrl":"https:\/\/secure.gravatar.com\/avatar\/f0d85074342e38d350fb5a6141afb1fb5c0ef9cb2f88442cd5535b1a7fe29dbd?s=96&d=mm&r=g","caption":"Chavez Castro Marian"},"url":"https:\/\/digital58.com.ve\/site\/author\/mchavezcastro\/"}]}},"uagb_featured_image_src":{"full":["https:\/\/digital58.com.ve\/site\/wp-content\/uploads\/2020\/07\/osos-polares.jpg",800,450,false],"thumbnail":["https:\/\/digital58.com.ve\/site\/wp-content\/uploads\/2020\/07\/osos-polares-150x150.jpg",150,150,true],"medium":["https:\/\/digital58.com.ve\/site\/wp-content\/uploads\/2020\/07\/osos-polares-300x169.jpg",300,169,true],"medium_large":["https:\/\/digital58.com.ve\/site\/wp-content\/uploads\/2020\/07\/osos-polares-768x432.jpg",768,432,true],"large":["https:\/\/digital58.com.ve\/site\/wp-content\/uploads\/2020\/07\/osos-polares.jpg",800,450,false],"1536x1536":["https:\/\/digital58.com.ve\/site\/wp-content\/uploads\/2020\/07\/osos-polares.jpg",800,450,false],"2048x2048":["https:\/\/digital58.com.ve\/site\/wp-content\/uploads\/2020\/07\/osos-polares.jpg",800,450,false],"colormag-highlighted-post":["https:\/\/digital58.com.ve\/site\/wp-content\/uploads\/2020\/07\/osos-polares.jpg",392,221,false],"colormag-featured-post-medium":["https:\/\/digital58.com.ve\/site\/wp-content\/uploads\/2020\/07\/osos-polares.jpg",364,205,false],"colormag-featured-post-small":["https:\/\/digital58.com.ve\/site\/wp-content\/uploads\/2020\/07\/osos-polares.jpg",130,73,false],"colormag-featured-image":["https:\/\/digital58.com.ve\/site\/wp-content\/uploads\/2020\/07\/osos-polares.jpg",791,445,false],"colormag-default-news":["https:\/\/digital58.com.ve\/site\/wp-content\/uploads\/2020\/07\/osos-polares.jpg",150,84,false],"colormag-featured-image-large":["https:\/\/digital58.com.ve\/site\/wp-content\/uploads\/2020\/07\/osos-polares.jpg",800,450,false]},"uagb_author_info":{"display_name":"Chavez Castro Marian","author_link":"https:\/\/digital58.com.ve\/site\/author\/mchavezcastro\/"},"uagb_comment_info":0,"uagb_excerpt":"El estudio alerta que a corto plazo, para 2040, es muy probable que los osos polares empiecen a tener dificultades","_links":{"self":[{"href":"https:\/\/digital58.com.ve\/site\/wp-json\/wp\/v2\/posts\/116147","targetHints":{"allow":["GET"]}}],"collection":[{"href":"https:\/\/digital58.com.ve\/site\/wp-json\/wp\/v2\/posts"}],"about":[{"href":"https:\/\/digital58.com.ve\/site\/wp-json\/wp\/v2\/types\/post"}],"author":[{"embeddable":true,"href":"https:\/\/digital58.com.ve\/site\/wp-json\/wp\/v2\/users\/31"}],"replies":[{"embeddable":true,"href":"https:\/\/digital58.com.ve\/site\/wp-json\/wp\/v2\/comments?post=116147"}],"version-history":[{"count":0,"href":"https:\/\/digital58.com.ve\/site\/wp-json\/wp\/v2\/posts\/116147\/revisions"}],"wp:featuredmedia":[{"embeddable":true,"href":"https:\/\/digital58.com.ve\/site\/wp-json\/wp\/v2\/media\/116152"}],"wp:attachment":[{"href":"https:\/\/digital58.com.ve\/site\/wp-json\/wp\/v2\/media?parent=116147"}],"wp:term":[{"taxonomy":"category","embeddable":true,"href":"https:\/\/digital58.com.ve\/site\/wp-json\/wp\/v2\/categories?post=116147"},{"taxonomy":"post_tag","embeddable":true,"href":"https:\/\/digital58.com.ve\/site\/wp-json\/wp\/v2\/tags?post=116147"}],"curies":[{"name":"wp","href":"https:\/\/api.w.org\/{rel}","templated":true}]}}