{"id":116364,"date":"2020-07-21T12:42:08","date_gmt":"2020-07-21T16:42:08","guid":{"rendered":"https:\/\/digital58.com.ve\/site\/?p=116364"},"modified":"2020-07-21T12:42:08","modified_gmt":"2020-07-21T16:42:08","slug":"isabel-pantoja-luce-sus-nuevos-retoques-esteticos","status":"publish","type":"post","link":"https:\/\/digital58.com.ve\/site\/2020\/07\/21\/isabel-pantoja-luce-sus-nuevos-retoques-esteticos\/","title":{"rendered":"Isabel Pantoja luce sus nuevos retoques est\u00e9ticos"},"content":{"rendered":"<p>\u00a0<img loading=\"lazy\" decoding=\"async\" class=\"alignnone size-full wp-image-116376\" src=\"https:\/\/digital58.com.ve\/site\/wp-content\/uploads\/2020\/07\/isabel-pantoja_3f341010_875x540.jpg\" alt=\"\" width=\"875\" height=\"540\" srcset=\"https:\/\/digital58.com.ve\/site\/wp-content\/uploads\/2020\/07\/isabel-pantoja_3f341010_875x540.jpg 875w, https:\/\/digital58.com.ve\/site\/wp-content\/uploads\/2020\/07\/isabel-pantoja_3f341010_875x540-300x185.jpg 300w, https:\/\/digital58.com.ve\/site\/wp-content\/uploads\/2020\/07\/isabel-pantoja_3f341010_875x540-768x474.jpg 768w\" sizes=\"auto, (max-width: 875px) 100vw, 875px\" \/><\/p>\r\n\r\n<p>Para comienzos de mes, la int\u00e9rprete estren\u00f3 un tema sorpresa titulado \u00abEsta es mi vida\u00bb, un tema que enamor\u00f3 al mundo, tras siete meses de estrenar \u00abEnam\u00f3rate\u00bb, adelantos de lo que ser\u00e1 su nuevo disco. <br \/><br \/><strong>Internacionales, 21 de julio de 2020 (ND58).-<\/strong> La cantante espa\u00f1ola Isabel Pantoja, no tiene ning\u00fan reparo en mostrarse humana, y que igualmente como otras celebridades ha tenido que recurrir a nuevos retoques est\u00e9ticos, para ser su mejor versi\u00f3n.<\/p>\r\n<p>La artista se est\u00e1 preparando para volver a la televisi\u00f3n en un papel de jueza, para le versi\u00f3n infantil del programa \u00abIdol\u00bb, as\u00ed que retomar\u00e1 la pantalla con su mejor rostro.<br \/><br \/>Pantoja, ha posado muy sonriente o eso ha dejado evidenciado bajo su mascarilla sanitaria, en la entrada y con una de las profesionales de su cl\u00ednica sevillana de confianza, la cantante se ha visto posar muy natural en su cuenta de Instagram, para de una vez promocionar su imagen.<br \/><br \/>El programa de televisi\u00f3n \u00abSocialit\u00e9\u00bb, revel\u00f3 que la madre del tambi\u00e9n artista Kiko Rivera, se habr\u00eda sometido a varios tratamientos est\u00e9ticos para rejuvenecerse a sus 63 a\u00f1os, inyecciones de b\u00f3tox para despistar las arrugas, la aplicaci\u00f3n de hilos tensores para resaltar su mirada y por \u00faltimo hidrataciones para el rostro compuesto por complejos vitam\u00ednicos.<\/p>\r\n<p><img loading=\"lazy\" decoding=\"async\" class=\"size-full wp-image-116375 aligncenter\" src=\"https:\/\/digital58.com.ve\/site\/wp-content\/uploads\/2020\/07\/sp-kM6F-620x349@abc.jpg\" alt=\"\" width=\"620\" height=\"347\" srcset=\"https:\/\/digital58.com.ve\/site\/wp-content\/uploads\/2020\/07\/sp-kM6F-620x349@abc.jpg 620w, https:\/\/digital58.com.ve\/site\/wp-content\/uploads\/2020\/07\/sp-kM6F-620x349@abc-300x168.jpg 300w\" sizes=\"auto, (max-width: 620px) 100vw, 620px\" \/><\/p><div class=\"fjizh69f1c2d8a372a\" ><p style=\"text-align: center;\"><a href=\"https:\/\/t.me\/noticiasdigital58\" target=\"_blank\" rel=\"noopener\"><img class=\"aligncenter size-full wp-image-125363\" src=\"https:\/\/digital58.com.ve\/site\/wp-content\/uploads\/2021\/04\/banner-telegram-web-2021.png\" alt=\"\" width=\"600\" height=\"90\" \/><\/a><\/p><\/div><style type=\"text\/css\">\r\n@media screen and (min-width: 1201px) {\r\n.fjizh69f1c2d8a372a {\r\ndisplay: block;\r\n}\r\n}\r\n@media screen and (min-width: 993px) and (max-width: 1200px) {\r\n.fjizh69f1c2d8a372a {\r\ndisplay: block;\r\n}\r\n}\r\n@media screen and (min-width: 769px) and (max-width: 992px) {\r\n.fjizh69f1c2d8a372a {\r\ndisplay: block;\r\n}\r\n}\r\n@media screen and (min-width: 768px) and (max-width: 768px) {\r\n.fjizh69f1c2d8a372a {\r\ndisplay: block;\r\n}\r\n}\r\n@media screen and (max-width: 767px) {\r\n.fjizh69f1c2d8a372a {\r\ndisplay: block;\r\n}\r\n}\r\n<\/style>\r\n\r\n<p>Inclusive el medio asegura, que estos retoques est\u00e9ticos pudieron ser totalmente gratis para la artista, a cambio de estas fotograf\u00edas posteadas en su cuenta de Instagram, lo que promocionaran la cl\u00ednica Marest, de la que Isabel Pantoja es la cliente preferida. <br \/><br \/><strong>Redacci\u00f3n: Rubio, Laura Isabel (@lauraisabelrubio) | Fuente: Agencias <\/strong><br \/><strong>Edici\u00f3n: Villasmil, Henry<\/strong><br \/><strong>Gr\u00e1ficas: Cortes\u00eda<\/strong><\/p>\r\n<div style=\"margin-top: 0px; margin-bottom: 0px;\" class=\"sharethis-inline-share-buttons\" ><\/div>","protected":false},"excerpt":{"rendered":"<p>\u00a0 Para comienzos de mes, la int\u00e9rprete estren\u00f3 un tema sorpresa titulado \u00abEsta es mi vida\u00bb, un tema que enamor\u00f3<\/p>\n","protected":false},"author":28,"featured_media":116375,"comment_status":"open","ping_status":"closed","sticky":false,"template":"","format":"standard","meta":{"colormag_page_container_layout":"default_layout","colormag_page_sidebar_layout":"default_layout","_uag_custom_page_level_css":"","footnotes":""},"categories":[1],"tags":[78,18304,115,18303,273,942,8,1430,11583,248,18302],"class_list":["post-116364","post","type-post","status-publish","format-standard","has-post-thumbnail","hentry","category-fama","tag-cantantes","tag-enamorate","tag-espana","tag-esta-es-mi-vida","tag-farandula","tag-instagram","tag-internacionales","tag-isabel-pantoja","tag-lanzamientos-musicales","tag-redes-sociales","tag-retoques-esteticos"],"yoast_head":"<!-- This site is optimized with the Yoast SEO plugin v27.5 - https:\/\/yoast.com\/product\/yoast-seo-wordpress\/ -->\n<title>Isabel Pantoja luce sus nuevos retoques est\u00e9ticos<\/title>\n<meta name=\"description\" content=\"Fama\" \/>\n<meta name=\"robots\" content=\"index, follow, max-snippet:-1, max-image-preview:large, max-video-preview:-1\" \/>\n<link rel=\"canonical\" href=\"https:\/\/digital58.com.ve\/site\/2020\/07\/21\/isabel-pantoja-luce-sus-nuevos-retoques-esteticos\/\" \/>\n<meta property=\"og:locale\" content=\"es_ES\" \/>\n<meta property=\"og:type\" content=\"article\" \/>\n<meta property=\"og:title\" content=\"Isabel Pantoja luce sus nuevos retoques est\u00e9ticos\" \/>\n<meta property=\"og:description\" content=\"Fama\" \/>\n<meta property=\"og:url\" content=\"https:\/\/digital58.com.ve\/site\/2020\/07\/21\/isabel-pantoja-luce-sus-nuevos-retoques-esteticos\/\" \/>\n<meta property=\"og:site_name\" content=\"Noticias Digital58\" \/>\n<meta property=\"article:published_time\" content=\"2020-07-21T16:42:08+00:00\" \/>\n<meta property=\"og:image\" content=\"https:\/\/digital58.com.ve\/site\/wp-content\/uploads\/2020\/07\/sp-kM6F-620x349@abc.jpg\" \/>\n\t<meta property=\"og:image:width\" content=\"620\" \/>\n\t<meta property=\"og:image:height\" content=\"347\" \/>\n\t<meta property=\"og:image:type\" content=\"image\/jpeg\" \/>\n<meta name=\"author\" content=\"Rubio Laura Isabel\" \/>\n<meta name=\"twitter:card\" content=\"summary_large_image\" \/>\n<meta name=\"twitter:creator\" content=\"@Digital_58\" \/>\n<meta name=\"twitter:site\" content=\"@villasmilhfoto\" \/>\n<meta name=\"twitter:label1\" content=\"Escrito por\" \/>\n\t<meta name=\"twitter:data1\" content=\"Rubio Laura Isabel\" \/>\n\t<meta name=\"twitter:label2\" content=\"Tiempo estimado de lectura\" \/>\n\t<meta name=\"twitter:data2\" content=\"1 minuto\" \/>\n<script type=\"application\/ld+json\" class=\"yoast-schema-graph\">{\"@context\":\"https:\\\/\\\/schema.org\",\"@graph\":[{\"@type\":\"Article\",\"@id\":\"https:\\\/\\\/digital58.com.ve\\\/site\\\/2020\\\/07\\\/21\\\/isabel-pantoja-luce-sus-nuevos-retoques-esteticos\\\/#article\",\"isPartOf\":{\"@id\":\"https:\\\/\\\/digital58.com.ve\\\/site\\\/2020\\\/07\\\/21\\\/isabel-pantoja-luce-sus-nuevos-retoques-esteticos\\\/\"},\"author\":{\"name\":\"Rubio Laura Isabel\",\"@id\":\"https:\\\/\\\/digital58.com.ve\\\/site\\\/#\\\/schema\\\/person\\\/6672bab44ab958838204ebb2cb0e8d52\"},\"headline\":\"Isabel Pantoja luce sus nuevos retoques est\u00e9ticos\",\"datePublished\":\"2020-07-21T16:42:08+00:00\",\"mainEntityOfPage\":{\"@id\":\"https:\\\/\\\/digital58.com.ve\\\/site\\\/2020\\\/07\\\/21\\\/isabel-pantoja-luce-sus-nuevos-retoques-esteticos\\\/\"},\"wordCount\":290,\"commentCount\":0,\"publisher\":{\"@id\":\"https:\\\/\\\/digital58.com.ve\\\/site\\\/#\\\/schema\\\/person\\\/64d1c2e4d0d4fd1b849980c4331c2951\"},\"image\":{\"@id\":\"https:\\\/\\\/digital58.com.ve\\\/site\\\/2020\\\/07\\\/21\\\/isabel-pantoja-luce-sus-nuevos-retoques-esteticos\\\/#primaryimage\"},\"thumbnailUrl\":\"https:\\\/\\\/digital58.com.ve\\\/site\\\/wp-content\\\/uploads\\\/2020\\\/07\\\/sp-kM6F-620x349@abc.jpg\",\"keywords\":[\"Cantantes\",\"Enam\u00f3rate\",\"Espa\u00f1a\",\"Esta es mi vida\",\"Far\u00e1ndula\",\"Instagram\",\"Internacionales\",\"Isabel Pantoja\",\"Lanzamientos Musicales\",\"Redes Sociales\",\"Retoques est\u00e9ticos\"],\"articleSection\":[\"Fama\"],\"inLanguage\":\"es\",\"potentialAction\":[{\"@type\":\"CommentAction\",\"name\":\"Comment\",\"target\":[\"https:\\\/\\\/digital58.com.ve\\\/site\\\/2020\\\/07\\\/21\\\/isabel-pantoja-luce-sus-nuevos-retoques-esteticos\\\/#respond\"]}]},{\"@type\":\"WebPage\",\"@id\":\"https:\\\/\\\/digital58.com.ve\\\/site\\\/2020\\\/07\\\/21\\\/isabel-pantoja-luce-sus-nuevos-retoques-esteticos\\\/\",\"url\":\"https:\\\/\\\/digital58.com.ve\\\/site\\\/2020\\\/07\\\/21\\\/isabel-pantoja-luce-sus-nuevos-retoques-esteticos\\\/\",\"name\":\"Isabel Pantoja luce sus nuevos retoques est\u00e9ticos\",\"isPartOf\":{\"@id\":\"https:\\\/\\\/digital58.com.ve\\\/site\\\/#website\"},\"primaryImageOfPage\":{\"@id\":\"https:\\\/\\\/digital58.com.ve\\\/site\\\/2020\\\/07\\\/21\\\/isabel-pantoja-luce-sus-nuevos-retoques-esteticos\\\/#primaryimage\"},\"image\":{\"@id\":\"https:\\\/\\\/digital58.com.ve\\\/site\\\/2020\\\/07\\\/21\\\/isabel-pantoja-luce-sus-nuevos-retoques-esteticos\\\/#primaryimage\"},\"thumbnailUrl\":\"https:\\\/\\\/digital58.com.ve\\\/site\\\/wp-content\\\/uploads\\\/2020\\\/07\\\/sp-kM6F-620x349@abc.jpg\",\"datePublished\":\"2020-07-21T16:42:08+00:00\",\"description\":\"Fama\",\"breadcrumb\":{\"@id\":\"https:\\\/\\\/digital58.com.ve\\\/site\\\/2020\\\/07\\\/21\\\/isabel-pantoja-luce-sus-nuevos-retoques-esteticos\\\/#breadcrumb\"},\"inLanguage\":\"es\",\"potentialAction\":[{\"@type\":\"ReadAction\",\"target\":[\"https:\\\/\\\/digital58.com.ve\\\/site\\\/2020\\\/07\\\/21\\\/isabel-pantoja-luce-sus-nuevos-retoques-esteticos\\\/\"]}]},{\"@type\":\"ImageObject\",\"inLanguage\":\"es\",\"@id\":\"https:\\\/\\\/digital58.com.ve\\\/site\\\/2020\\\/07\\\/21\\\/isabel-pantoja-luce-sus-nuevos-retoques-esteticos\\\/#primaryimage\",\"url\":\"https:\\\/\\\/digital58.com.ve\\\/site\\\/wp-content\\\/uploads\\\/2020\\\/07\\\/sp-kM6F-620x349@abc.jpg\",\"contentUrl\":\"https:\\\/\\\/digital58.com.ve\\\/site\\\/wp-content\\\/uploads\\\/2020\\\/07\\\/sp-kM6F-620x349@abc.jpg\",\"width\":620,\"height\":347},{\"@type\":\"BreadcrumbList\",\"@id\":\"https:\\\/\\\/digital58.com.ve\\\/site\\\/2020\\\/07\\\/21\\\/isabel-pantoja-luce-sus-nuevos-retoques-esteticos\\\/#breadcrumb\",\"itemListElement\":[{\"@type\":\"ListItem\",\"position\":1,\"name\":\"Home\",\"item\":\"https:\\\/\\\/digital58.com.ve\\\/site\\\/\"},{\"@type\":\"ListItem\",\"position\":2,\"name\":\"Isabel Pantoja luce sus nuevos retoques est\u00e9ticos\"}]},{\"@type\":\"WebSite\",\"@id\":\"https:\\\/\\\/digital58.com.ve\\\/site\\\/#website\",\"url\":\"https:\\\/\\\/digital58.com.ve\\\/site\\\/\",\"name\":\"Noticias Digital58\",\"description\":\"Portal de Noticias \u00a1Periodismo web de verdad! Lanzamiento web 22.11.2005 \\\/ Maracaibo, Venezuela\",\"publisher\":{\"@id\":\"https:\\\/\\\/digital58.com.ve\\\/site\\\/#\\\/schema\\\/person\\\/64d1c2e4d0d4fd1b849980c4331c2951\"},\"alternateName\":\"ND58\",\"potentialAction\":[{\"@type\":\"SearchAction\",\"target\":{\"@type\":\"EntryPoint\",\"urlTemplate\":\"https:\\\/\\\/digital58.com.ve\\\/site\\\/?s={search_term_string}\"},\"query-input\":{\"@type\":\"PropertyValueSpecification\",\"valueRequired\":true,\"valueName\":\"search_term_string\"}}],\"inLanguage\":\"es\"},{\"@type\":[\"Person\",\"Organization\"],\"@id\":\"https:\\\/\\\/digital58.com.ve\\\/site\\\/#\\\/schema\\\/person\\\/64d1c2e4d0d4fd1b849980c4331c2951\",\"name\":\"Villasmil Henry\",\"image\":{\"@type\":\"ImageObject\",\"inLanguage\":\"es\",\"@id\":\"https:\\\/\\\/secure.gravatar.com\\\/avatar\\\/bb0c4a2fcb7970138239f7e404ea75757b1b507b28b5ce4c53fbd62d797c5a7c?s=96&d=mm&r=g\",\"url\":\"https:\\\/\\\/secure.gravatar.com\\\/avatar\\\/bb0c4a2fcb7970138239f7e404ea75757b1b507b28b5ce4c53fbd62d797c5a7c?s=96&d=mm&r=g\",\"contentUrl\":\"https:\\\/\\\/secure.gravatar.com\\\/avatar\\\/bb0c4a2fcb7970138239f7e404ea75757b1b507b28b5ce4c53fbd62d797c5a7c?s=96&d=mm&r=g\",\"caption\":\"Villasmil Henry\"},\"logo\":{\"@id\":\"https:\\\/\\\/secure.gravatar.com\\\/avatar\\\/bb0c4a2fcb7970138239f7e404ea75757b1b507b28b5ce4c53fbd62d797c5a7c?s=96&d=mm&r=g\"},\"sameAs\":[\"http:\\\/\\\/www.henryvillasmil.com.ve\",\"https:\\\/\\\/www.instagram.com\\\/villasmilhfoto\\\/\",\"https:\\\/\\\/x.com\\\/https:\\\/\\\/twitter.com\\\/villasmilhfoto\"]},{\"@type\":\"Person\",\"@id\":\"https:\\\/\\\/digital58.com.ve\\\/site\\\/#\\\/schema\\\/person\\\/6672bab44ab958838204ebb2cb0e8d52\",\"name\":\"Rubio Laura Isabel\",\"image\":{\"@type\":\"ImageObject\",\"inLanguage\":\"es\",\"@id\":\"https:\\\/\\\/secure.gravatar.com\\\/avatar\\\/f7cc56b26fb0562df4488ff129a58c3c1a1bd264c9af5f313a9b1797fff1cfb9?s=96&d=mm&r=g\",\"url\":\"https:\\\/\\\/secure.gravatar.com\\\/avatar\\\/f7cc56b26fb0562df4488ff129a58c3c1a1bd264c9af5f313a9b1797fff1cfb9?s=96&d=mm&r=g\",\"contentUrl\":\"https:\\\/\\\/secure.gravatar.com\\\/avatar\\\/f7cc56b26fb0562df4488ff129a58c3c1a1bd264c9af5f313a9b1797fff1cfb9?s=96&d=mm&r=g\",\"caption\":\"Rubio Laura Isabel\"},\"url\":\"https:\\\/\\\/digital58.com.ve\\\/site\\\/author\\\/laurarubio\\\/\"}]}<\/script>\n<!-- \/ Yoast SEO plugin. -->","yoast_head_json":{"title":"Isabel Pantoja luce sus nuevos retoques est\u00e9ticos","description":"Fama","robots":{"index":"index","follow":"follow","max-snippet":"max-snippet:-1","max-image-preview":"max-image-preview:large","max-video-preview":"max-video-preview:-1"},"canonical":"https:\/\/digital58.com.ve\/site\/2020\/07\/21\/isabel-pantoja-luce-sus-nuevos-retoques-esteticos\/","og_locale":"es_ES","og_type":"article","og_title":"Isabel Pantoja luce sus nuevos retoques est\u00e9ticos","og_description":"Fama","og_url":"https:\/\/digital58.com.ve\/site\/2020\/07\/21\/isabel-pantoja-luce-sus-nuevos-retoques-esteticos\/","og_site_name":"Noticias Digital58","article_published_time":"2020-07-21T16:42:08+00:00","og_image":[{"width":620,"height":347,"url":"https:\/\/digital58.com.ve\/site\/wp-content\/uploads\/2020\/07\/sp-kM6F-620x349@abc.jpg","type":"image\/jpeg"}],"author":"Rubio Laura Isabel","twitter_card":"summary_large_image","twitter_creator":"@Digital_58","twitter_site":"@villasmilhfoto","twitter_misc":{"Escrito por":"Rubio Laura Isabel","Tiempo estimado de lectura":"1 minuto"},"schema":{"@context":"https:\/\/schema.org","@graph":[{"@type":"Article","@id":"https:\/\/digital58.com.ve\/site\/2020\/07\/21\/isabel-pantoja-luce-sus-nuevos-retoques-esteticos\/#article","isPartOf":{"@id":"https:\/\/digital58.com.ve\/site\/2020\/07\/21\/isabel-pantoja-luce-sus-nuevos-retoques-esteticos\/"},"author":{"name":"Rubio Laura Isabel","@id":"https:\/\/digital58.com.ve\/site\/#\/schema\/person\/6672bab44ab958838204ebb2cb0e8d52"},"headline":"Isabel Pantoja luce sus nuevos retoques est\u00e9ticos","datePublished":"2020-07-21T16:42:08+00:00","mainEntityOfPage":{"@id":"https:\/\/digital58.com.ve\/site\/2020\/07\/21\/isabel-pantoja-luce-sus-nuevos-retoques-esteticos\/"},"wordCount":290,"commentCount":0,"publisher":{"@id":"https:\/\/digital58.com.ve\/site\/#\/schema\/person\/64d1c2e4d0d4fd1b849980c4331c2951"},"image":{"@id":"https:\/\/digital58.com.ve\/site\/2020\/07\/21\/isabel-pantoja-luce-sus-nuevos-retoques-esteticos\/#primaryimage"},"thumbnailUrl":"https:\/\/digital58.com.ve\/site\/wp-content\/uploads\/2020\/07\/sp-kM6F-620x349@abc.jpg","keywords":["Cantantes","Enam\u00f3rate","Espa\u00f1a","Esta es mi vida","Far\u00e1ndula","Instagram","Internacionales","Isabel Pantoja","Lanzamientos Musicales","Redes Sociales","Retoques est\u00e9ticos"],"articleSection":["Fama"],"inLanguage":"es","potentialAction":[{"@type":"CommentAction","name":"Comment","target":["https:\/\/digital58.com.ve\/site\/2020\/07\/21\/isabel-pantoja-luce-sus-nuevos-retoques-esteticos\/#respond"]}]},{"@type":"WebPage","@id":"https:\/\/digital58.com.ve\/site\/2020\/07\/21\/isabel-pantoja-luce-sus-nuevos-retoques-esteticos\/","url":"https:\/\/digital58.com.ve\/site\/2020\/07\/21\/isabel-pantoja-luce-sus-nuevos-retoques-esteticos\/","name":"Isabel Pantoja luce sus nuevos retoques est\u00e9ticos","isPartOf":{"@id":"https:\/\/digital58.com.ve\/site\/#website"},"primaryImageOfPage":{"@id":"https:\/\/digital58.com.ve\/site\/2020\/07\/21\/isabel-pantoja-luce-sus-nuevos-retoques-esteticos\/#primaryimage"},"image":{"@id":"https:\/\/digital58.com.ve\/site\/2020\/07\/21\/isabel-pantoja-luce-sus-nuevos-retoques-esteticos\/#primaryimage"},"thumbnailUrl":"https:\/\/digital58.com.ve\/site\/wp-content\/uploads\/2020\/07\/sp-kM6F-620x349@abc.jpg","datePublished":"2020-07-21T16:42:08+00:00","description":"Fama","breadcrumb":{"@id":"https:\/\/digital58.com.ve\/site\/2020\/07\/21\/isabel-pantoja-luce-sus-nuevos-retoques-esteticos\/#breadcrumb"},"inLanguage":"es","potentialAction":[{"@type":"ReadAction","target":["https:\/\/digital58.com.ve\/site\/2020\/07\/21\/isabel-pantoja-luce-sus-nuevos-retoques-esteticos\/"]}]},{"@type":"ImageObject","inLanguage":"es","@id":"https:\/\/digital58.com.ve\/site\/2020\/07\/21\/isabel-pantoja-luce-sus-nuevos-retoques-esteticos\/#primaryimage","url":"https:\/\/digital58.com.ve\/site\/wp-content\/uploads\/2020\/07\/sp-kM6F-620x349@abc.jpg","contentUrl":"https:\/\/digital58.com.ve\/site\/wp-content\/uploads\/2020\/07\/sp-kM6F-620x349@abc.jpg","width":620,"height":347},{"@type":"BreadcrumbList","@id":"https:\/\/digital58.com.ve\/site\/2020\/07\/21\/isabel-pantoja-luce-sus-nuevos-retoques-esteticos\/#breadcrumb","itemListElement":[{"@type":"ListItem","position":1,"name":"Home","item":"https:\/\/digital58.com.ve\/site\/"},{"@type":"ListItem","position":2,"name":"Isabel Pantoja luce sus nuevos retoques est\u00e9ticos"}]},{"@type":"WebSite","@id":"https:\/\/digital58.com.ve\/site\/#website","url":"https:\/\/digital58.com.ve\/site\/","name":"Noticias Digital58","description":"Portal de Noticias \u00a1Periodismo web de verdad! Lanzamiento web 22.11.2005 \/ Maracaibo, Venezuela","publisher":{"@id":"https:\/\/digital58.com.ve\/site\/#\/schema\/person\/64d1c2e4d0d4fd1b849980c4331c2951"},"alternateName":"ND58","potentialAction":[{"@type":"SearchAction","target":{"@type":"EntryPoint","urlTemplate":"https:\/\/digital58.com.ve\/site\/?s={search_term_string}"},"query-input":{"@type":"PropertyValueSpecification","valueRequired":true,"valueName":"search_term_string"}}],"inLanguage":"es"},{"@type":["Person","Organization"],"@id":"https:\/\/digital58.com.ve\/site\/#\/schema\/person\/64d1c2e4d0d4fd1b849980c4331c2951","name":"Villasmil Henry","image":{"@type":"ImageObject","inLanguage":"es","@id":"https:\/\/secure.gravatar.com\/avatar\/bb0c4a2fcb7970138239f7e404ea75757b1b507b28b5ce4c53fbd62d797c5a7c?s=96&d=mm&r=g","url":"https:\/\/secure.gravatar.com\/avatar\/bb0c4a2fcb7970138239f7e404ea75757b1b507b28b5ce4c53fbd62d797c5a7c?s=96&d=mm&r=g","contentUrl":"https:\/\/secure.gravatar.com\/avatar\/bb0c4a2fcb7970138239f7e404ea75757b1b507b28b5ce4c53fbd62d797c5a7c?s=96&d=mm&r=g","caption":"Villasmil Henry"},"logo":{"@id":"https:\/\/secure.gravatar.com\/avatar\/bb0c4a2fcb7970138239f7e404ea75757b1b507b28b5ce4c53fbd62d797c5a7c?s=96&d=mm&r=g"},"sameAs":["http:\/\/www.henryvillasmil.com.ve","https:\/\/www.instagram.com\/villasmilhfoto\/","https:\/\/x.com\/https:\/\/twitter.com\/villasmilhfoto"]},{"@type":"Person","@id":"https:\/\/digital58.com.ve\/site\/#\/schema\/person\/6672bab44ab958838204ebb2cb0e8d52","name":"Rubio Laura Isabel","image":{"@type":"ImageObject","inLanguage":"es","@id":"https:\/\/secure.gravatar.com\/avatar\/f7cc56b26fb0562df4488ff129a58c3c1a1bd264c9af5f313a9b1797fff1cfb9?s=96&d=mm&r=g","url":"https:\/\/secure.gravatar.com\/avatar\/f7cc56b26fb0562df4488ff129a58c3c1a1bd264c9af5f313a9b1797fff1cfb9?s=96&d=mm&r=g","contentUrl":"https:\/\/secure.gravatar.com\/avatar\/f7cc56b26fb0562df4488ff129a58c3c1a1bd264c9af5f313a9b1797fff1cfb9?s=96&d=mm&r=g","caption":"Rubio Laura Isabel"},"url":"https:\/\/digital58.com.ve\/site\/author\/laurarubio\/"}]}},"uagb_featured_image_src":{"full":["https:\/\/digital58.com.ve\/site\/wp-content\/uploads\/2020\/07\/sp-kM6F-620x349@abc.jpg",620,347,false],"thumbnail":["https:\/\/digital58.com.ve\/site\/wp-content\/uploads\/2020\/07\/sp-kM6F-620x349@abc-150x150.jpg",150,150,true],"medium":["https:\/\/digital58.com.ve\/site\/wp-content\/uploads\/2020\/07\/sp-kM6F-620x349@abc-300x168.jpg",300,168,true],"medium_large":["https:\/\/digital58.com.ve\/site\/wp-content\/uploads\/2020\/07\/sp-kM6F-620x349@abc.jpg",620,347,false],"large":["https:\/\/digital58.com.ve\/site\/wp-content\/uploads\/2020\/07\/sp-kM6F-620x349@abc.jpg",620,347,false],"1536x1536":["https:\/\/digital58.com.ve\/site\/wp-content\/uploads\/2020\/07\/sp-kM6F-620x349@abc.jpg",620,347,false],"2048x2048":["https:\/\/digital58.com.ve\/site\/wp-content\/uploads\/2020\/07\/sp-kM6F-620x349@abc.jpg",620,347,false],"colormag-highlighted-post":["https:\/\/digital58.com.ve\/site\/wp-content\/uploads\/2020\/07\/sp-kM6F-620x349@abc.jpg",392,219,false],"colormag-featured-post-medium":["https:\/\/digital58.com.ve\/site\/wp-content\/uploads\/2020\/07\/sp-kM6F-620x349@abc.jpg",366,205,false],"colormag-featured-post-small":["https:\/\/digital58.com.ve\/site\/wp-content\/uploads\/2020\/07\/sp-kM6F-620x349@abc.jpg",130,73,false],"colormag-featured-image":["https:\/\/digital58.com.ve\/site\/wp-content\/uploads\/2020\/07\/sp-kM6F-620x349@abc.jpg",620,347,false],"colormag-default-news":["https:\/\/digital58.com.ve\/site\/wp-content\/uploads\/2020\/07\/sp-kM6F-620x349@abc.jpg",150,84,false],"colormag-featured-image-large":["https:\/\/digital58.com.ve\/site\/wp-content\/uploads\/2020\/07\/sp-kM6F-620x349@abc.jpg",620,347,false]},"uagb_author_info":{"display_name":"Rubio Laura Isabel","author_link":"https:\/\/digital58.com.ve\/site\/author\/laurarubio\/"},"uagb_comment_info":0,"uagb_excerpt":"\u00a0 Para comienzos de mes, la int\u00e9rprete estren\u00f3 un tema sorpresa titulado \u00abEsta es mi vida\u00bb, un tema que enamor\u00f3","_links":{"self":[{"href":"https:\/\/digital58.com.ve\/site\/wp-json\/wp\/v2\/posts\/116364","targetHints":{"allow":["GET"]}}],"collection":[{"href":"https:\/\/digital58.com.ve\/site\/wp-json\/wp\/v2\/posts"}],"about":[{"href":"https:\/\/digital58.com.ve\/site\/wp-json\/wp\/v2\/types\/post"}],"author":[{"embeddable":true,"href":"https:\/\/digital58.com.ve\/site\/wp-json\/wp\/v2\/users\/28"}],"replies":[{"embeddable":true,"href":"https:\/\/digital58.com.ve\/site\/wp-json\/wp\/v2\/comments?post=116364"}],"version-history":[{"count":0,"href":"https:\/\/digital58.com.ve\/site\/wp-json\/wp\/v2\/posts\/116364\/revisions"}],"wp:featuredmedia":[{"embeddable":true,"href":"https:\/\/digital58.com.ve\/site\/wp-json\/wp\/v2\/media\/116375"}],"wp:attachment":[{"href":"https:\/\/digital58.com.ve\/site\/wp-json\/wp\/v2\/media?parent=116364"}],"wp:term":[{"taxonomy":"category","embeddable":true,"href":"https:\/\/digital58.com.ve\/site\/wp-json\/wp\/v2\/categories?post=116364"},{"taxonomy":"post_tag","embeddable":true,"href":"https:\/\/digital58.com.ve\/site\/wp-json\/wp\/v2\/tags?post=116364"}],"curies":[{"name":"wp","href":"https:\/\/api.w.org\/{rel}","templated":true}]}}