{"id":116429,"date":"2020-07-21T14:55:18","date_gmt":"2020-07-21T18:55:18","guid":{"rendered":"https:\/\/digital58.com.ve\/site\/?p=116429"},"modified":"2020-07-21T15:53:38","modified_gmt":"2020-07-21T19:53:38","slug":"isabel-pereira-votar-nos-da-un-canon-para-ir-contra-el-gobierno","status":"publish","type":"post","link":"https:\/\/digital58.com.ve\/site\/2020\/07\/21\/isabel-pereira-votar-nos-da-un-canon-para-ir-contra-el-gobierno\/","title":{"rendered":"Isabel Pereira: \u00abVotar nos da un ca\u00f1\u00f3n para ir contra el Gobierno\u00bb"},"content":{"rendered":"<p><img loading=\"lazy\" decoding=\"async\" class=\"size-full wp-image-116433 aligncenter\" src=\"https:\/\/digital58.com.ve\/site\/wp-content\/uploads\/2020\/07\/ft-Isabel-Pereira.jpg\" alt=\"\" width=\"710\" height=\"351\" srcset=\"https:\/\/digital58.com.ve\/site\/wp-content\/uploads\/2020\/07\/ft-Isabel-Pereira.jpg 710w, https:\/\/digital58.com.ve\/site\/wp-content\/uploads\/2020\/07\/ft-Isabel-Pereira-300x148.jpg 300w\" sizes=\"auto, (max-width: 710px) 100vw, 710px\" \/><\/p>\n<p>Pereira dijo que a pesar de las dificultades que afronta la oposici\u00f3n, Venezuela tiene la oportunidad de dar un salto hacia la libertad.<\/p>\n<p><strong>Caracas, DC,\u00a0 Venezuela, 21 de julio de 2020 (ND58).-<\/strong>\u00a0Isabel Pereira asegura que no se ha estudiado verdaderamente a fondo la composici\u00f3n de la Fuerza Armada, en apariencia controlada por Nicol\u00e1s Maduro. Cree que la oposici\u00f3n comete un error al abstenerse de participar en venideros procesos electorales pues, seg\u00fan dice, las elecciones ponen \u00abun ca\u00f1\u00f3n en las manos\u00bb para ir contra el gobierno \u00a0y Vladimir Padrino L\u00f3pez. \u00abEl juego final es adentro, no afuera\u00bb, sentencia, recordando que hay un sector que en lugar de criticar al r\u00e9gimen, invierte su tiempo destruyendo a la oposici\u00f3n.<\/p>\n<p>Pereira es soci\u00f3loga egresada de la Universidad Central de Venezuela con doctorado en Sociolog\u00eda del Desarrollo en la Universidad de Par\u00eds. Autora de \u00abLa quiebra moral de un pa\u00eds\u00bb, y en v\u00edsperas de la publicaci\u00f3n de \u00abEl individuo frente al Estado\u00bb, dice que la gran \u00abganancia\u00bb de los \u00faltimos 20 a\u00f1os, es que Venezuela se ha convertido en el \u00fanico pa\u00eds latinoamericano cuya poblaci\u00f3n \u00abest\u00e1 totalmente despegada de las ideas del socialismo\u00bb.<\/p>\n<p>En una entrevista Pereira dijo que a pesar de las dificultades que afronta la oposici\u00f3n, Venezuela tiene la oportunidad de dar un salto hacia la libertad.<\/p>\n<p>La oposici\u00f3n no ha podido desplazar a Nicol\u00e1s Maduro del poder, pese a la presi\u00f3n externa, pese al apoyo que ha tenido \u00bfSer\u00e1 que la oposici\u00f3n no ha sabido caracterizar de manera correcta a su adversario?<\/p>\n<p>Nosotros tenemos que pensar, reflexionar y tratar de entender, porque una de las cosas m\u00e1s dif\u00edciles en Venezuela ha sido tratar de entender el origen de este problema que es algo que no se discute, ni se menciona. Desde el inicio de la democracia, la decisi\u00f3n fue vamos a construir un Estado muy poderoso y ah\u00ed comenz\u00f3 el problema. Aunque hasta 1999 hab\u00eda cierto control digamos de la parte jur\u00eddica legal, del aparato jur\u00eddico, de cierto Estado derecho, pero era una cosa que yo dir\u00eda muy d\u00e9bil frente al poder, a la hiperconcentraci\u00f3n del poder del Ejecutivo y eso degener\u00f3 en desarrollo de situaciones de pobreza.<\/p>\n<p>En Venezuela estaba creciendo la pobreza en velocidades abismales. Entonces toda esa situaci\u00f3n abre la puerta para la incursi\u00f3n de alg\u00fan grupo o sector que sent\u00eda que pod\u00eda redimir al pa\u00eds, que es entonces lo que nos pasa a nosotros a partir de Ch\u00e1vez y despu\u00e9s Maduro, y se degeneran en lo que se degeneran todos los socialismos: un Estado ultra s\u00faper m\u00e1s poderoso que el que ten\u00edamos antes y un ciudadano mucho m\u00e1s d\u00e9bil que el que ten\u00edamos antes.<\/p>\n<p>La gran ganancia de todo esto es que nosotros somos el \u00fanico pa\u00eds latinoamericano donde la poblaci\u00f3n est\u00e1 totalmente despegada de las ideas del socialismo en un 80%. Estamos en un momento fundamental en nuestra historia porque es la primera vez que tenemos la oportunidad hist\u00f3rica de dar un salto hacia la libertad. El problema no es solo la transici\u00f3n, sino qu\u00e9 vamos a hacer cuando la transici\u00f3n se d\u00e9, que se va a dar.<\/p>\n<p>Dice que la transici\u00f3n se va a dar, pero: \u00bfC\u00f3mo se puede dar cuando Maduro aparenta control de la Fuerza Armada y la oposici\u00f3n debilitada?<\/p>\n<p>Nosotros hasta ahora lo que sabemos es del movimiento burocr\u00e1tico de las Fuerzas Armadas, pero esa es la \u00fanica informaci\u00f3n que nos dan, no nos dicen m\u00e1s nada. Nadie se est\u00e1 ocupando de meterse a tratar de descifrar qu\u00e9 hay all\u00e1 adentro, porque nosotros podr\u00edamos pensar que la mayor\u00eda de las Fuerzas Armadas son gente de extracci\u00f3n humilde. Nosotros tenemos unas Fuerzas Armadas y las desconocemos por dentro porque no se ha intentado llegar a alma de las Fuerzas Armadas. \u00bfQu\u00e9 hay all\u00e1 adentro? Lo que sabemos es que hay peque\u00f1os movimientos o erupciones de gente que protesta. \u00bfLas Fuerzas Armadas son Padrino y Cabello? \u00bfHay algo distinto? \u00bfCu\u00e1l es el conocimiento que tienen ellos de lo que est\u00e1 pasando en su familia? Nosotros no hemos tenido ning\u00fan acercamiento m\u00e1s all\u00e1 de hacer denuncias o informar sobre los cambios de lo que est\u00e1 pasando all\u00e1 adentro.<\/p>\n<p>Pero Estados Unidos y Juan Guaid\u00f3 han hecho llamados a la Fuerza Armada a desconocer al r\u00e9gimen de Nicol\u00e1s Maduro \u00bfSe han equivocado en la lectura de la Fuerza Armada?<\/p>\n<p>Esos llamados son muy convenientes. Te pido que te unas y oigas lo que el pueblo est\u00e1 pidiendo, que oigas las aspiraciones de la sociedad porque es el 80% de la gente. Pero lo que yo estoy diciendo es que tenemos una obligaci\u00f3n de comprender qu\u00e9 son esas Fuerzas Armadas. Tenemos los sectores de rango inferior. Despu\u00e9s tienes los mandos medios que son los que han ascendido, y despu\u00e9s tienes un alto mando militar. Entonces entre esos tres estratos, \u00bfCirculan las mismas ideas? \u00bfSon las mismas aspiraciones? \u00bfHay diferencias? \u00bfEllos desconocen totalmente lo que est\u00e1 pasando en el pa\u00eds? Yo pienso y estoy convencida de que es imprescindible que nosotros hagamos un acercamiento con niveles de respeto y m\u00e1s profundidad a la Fuerza Armada\u00bb<\/p>\n<p>Estados Unidos y Juan Guaid\u00f3 los llaman, pero hay que tener lenguaje y manera de convocar a esas Fuerzas Armadas entendiendo lo que son: ellos son una representaci\u00f3n genuina de lo que es Venezuela por la diversidad que almacena, que tiene adentro. Entonces \u00bfc\u00f3mo nos vamos a dirigir a ellos llam\u00e1ndolos autoritariamente? \u2018\u00dananse al movimiento de salvaci\u00f3n\u2018, no, no, no. \u00bfQu\u00e9 tienen los militares en la cabeza? No sabemos absolutamente nada y yo creo que eso es una gran tarea que tenemos por delante.<\/p>\n<p>Cuando leemos las encuestan el 15% o 20% del pa\u00eds es una base dura electoral del gobierno, la oposici\u00f3n tendr\u00e1 seg\u00fan las \u00faltimas encuestas entre un 30% a 35% y la gran mayor\u00eda, la inmensa mayor\u00eda del pa\u00eds se ha divorciado de la clase pol\u00edtica.<\/p>\n<p>Nosotros el problema que tenemos de frente es c\u00f3mo conseguimos los puntos de cohesi\u00f3n que hagan que la oposici\u00f3n exista de verdad, entonces para que exista de verdad tienen que tener al menos tres puntos que digan que en esto estamos todos de acuerdo. La oposici\u00f3n sabe que se habla de que est\u00e1 dividida, pero esa oposici\u00f3n es compleja, tiene que tener sus puntos de unidad, lo que tiene que encontrar son puntos de unidad. Yo creo que puede haber transici\u00f3n si encontramos los puntos, o sea, esos puntos que nos unan a todos donde dejemos los egos de lado. Por ah\u00ed anda una cuesti\u00f3n: la \u2018OPE es la soluci\u00f3n\u2019. Yo no s\u00e9 ni que es el OPE y lo est\u00e1n promocionando creo que es por Mar\u00eda Corina, entonces, esas cosas son importantes si logran cohesionar a la oposici\u00f3n, si logran unir. Entonces, t\u00fa ves que las personas que yo considero que saben m\u00e1s de pol\u00edtica, como John Magdaleno, est\u00e1n diciendo que hist\u00f3ricamente la fractura de la coalici\u00f3n dominante se da cuando los factores de oposici\u00f3n logran acuerdos reales para capitalizar la presi\u00f3n interna y externa. Vamos a ver qu\u00e9 es lo que ha pasado en el mundo sobre cientos de experiencias.<\/p>\n<p>Sobre ese tema de lo que ha pasado en el mundo, muchos analistas tienen un punto en com\u00fan, el punto en com\u00fan que han expresado es que la oposici\u00f3n ha cometido un error a la hora de decidir abstenerse en el pr\u00f3ximo proceso electoral. \u00bfLa oposici\u00f3n comete un error al no participar en el terreno electoral?<\/p>\n<p>Por supuesto que lo comete. C\u00f3mo va a decir Leopoldo L\u00f3pez, con todo el aprecio que le tengo, \u2018nunca participaremos en unas elecciones con este gobierno\u2019. Entonces, cuando te da las razones por las cuales no participa, hacen alusi\u00f3n a los fracasos anteriores. \u00bfNosotros sabemos ahora que nos van a robar y antes no sab\u00edamos que nos iban a robar? \u00bfNos preparamos para que no nos robaran? Imag\u00ednate t\u00fa que el 6 de diciembre que hay elecciones, que yo lo dudo bastante, salga a votar la gente en los pueblos. Se nos abre un mundo de posibilidades y oportunidades porque las elecciones no son la soluci\u00f3n, pero son un instrumento poderos\u00edsimo para demostrar eso que te estoy diciendo que es la gran ganancia, de que en este pa\u00eds la gente no quiere el socialismo.<\/p>\n<p>Las elecciones no te van a disolver la ANC, ni que ganemos con ocho millones de votos, pero sirven para desarmarla. O sea, las elecciones nos ponen un ca\u00f1\u00f3n gigante en las manos para desarmar esas instituciones que no sirven, nos ponen un ca\u00f1\u00f3n gigante en las manos para arremeter contra el gobierno, contra las decisiones del gobierno y de Vladimir Padrino.<\/p>\n<p>Mira, yo soci\u00f3loga, conoc\u00ed a la se\u00f1ora Tibisay y yo siempre le o\u00ed decir, siempre escuch\u00e9 en esas oportunidades en las que pod\u00eda tener alguna cercan\u00eda con ella: \u2018Si la oposici\u00f3n sale a votar nosotros no tenemos nada qu\u00e9 hacer\u2019. Lo dec\u00eda ella: \u2018Yo no entiendo por qu\u00e9 la oposici\u00f3n no sale a votar porque si salen ganan\u2019.<\/p>\n<p>\u00bfQu\u00e9 opini\u00f3n te merece el sector pol\u00edtico de la oposici\u00f3n que argumenta que la salida es externa y no interna?<\/p>\n<p>Bueno, yo no estoy de acuerdo con eso. No s\u00e9 qui\u00e9n dijo ahorita, hace poco, que \u2018el juego final es adentro, no afuera\u2019. Yo creo que nosotros lo que no hemos podido es unir esa fuerza que tenemos adentro, no hemos podido generar los argumentos de la unidad, los argumentos para lograr la unidad no los hemos podido lograr,\u00a0 hemos dejado que los abstencionistas hormonales sigan hablando, que siempre toda la vida han dicho lo mismo: \u2018Lo que hay que hacer es no votar porque con eso los ilegitimamos\u2018. Eso es mentira. Los podemos ilegitimar, pero siguen con el control del poder, entonces tenemos que encontrar los argumentos que nos pongan en las manos ese ca\u00f1\u00f3n que queremos tener, ese ca\u00f1\u00f3n de guerra para verdaderamente dispararle al gobierno de frente. Entonces, esa guerra interna, t\u00fa ves que hay un sector que est\u00e1 permanentemente denunciando a la oposici\u00f3n y no se ocupa de denunciar las barbaridades que hace el gobierno.<\/p><div class=\"byezk6a9bd9f22985b\" ><p style=\"text-align: center;\"><a href=\"https:\/\/t.me\/noticiasdigital58\" target=\"_blank\" rel=\"noopener\"><img class=\"aligncenter size-full wp-image-125363\" src=\"https:\/\/digital58.com.ve\/site\/wp-content\/uploads\/2021\/04\/banner-telegram-web-2021.png\" alt=\"\" width=\"600\" height=\"90\" \/><\/a><\/p><\/div><style type=\"text\/css\">\r\n@media screen and (min-width: 1201px) {\r\n.byezk6a9bd9f22985b {\r\ndisplay: block;\r\n}\r\n}\r\n@media screen and (min-width: 993px) and (max-width: 1200px) {\r\n.byezk6a9bd9f22985b {\r\ndisplay: block;\r\n}\r\n}\r\n@media screen and (min-width: 769px) and (max-width: 992px) {\r\n.byezk6a9bd9f22985b {\r\ndisplay: block;\r\n}\r\n}\r\n@media screen and (min-width: 768px) and (max-width: 768px) {\r\n.byezk6a9bd9f22985b {\r\ndisplay: block;\r\n}\r\n}\r\n@media screen and (max-width: 767px) {\r\n.byezk6a9bd9f22985b {\r\ndisplay: block;\r\n}\r\n}\r\n<\/style>\r\n\n<p><b><strong>Re<\/strong><strong>dacci\u00f3n: Molero, Luis\u00a0 (@Moleromarquez) | Fuente: Agencias<br \/>\nEdici\u00f3n: Villasmil, Henry; Ch\u00e1vez, Marian<br \/>\nGr\u00e1ficas: Cortes\u00eda<\/strong><\/b><\/p>\n<div style=\"margin-top: 0px; margin-bottom: 0px;\" class=\"sharethis-inline-share-buttons\" ><\/div>","protected":false},"excerpt":{"rendered":"<p>Pereira dijo que a pesar de las dificultades que afronta la oposici\u00f3n, Venezuela tiene la oportunidad de dar un salto<\/p>\n","protected":false},"author":26,"featured_media":116434,"comment_status":"open","ping_status":"closed","sticky":false,"template":"","format":"standard","meta":{"colormag_page_container_layout":"default_layout","colormag_page_sidebar_layout":"default_layout","_uag_custom_page_level_css":"","footnotes":""},"categories":[8610],"tags":[16503,1818,18350,233,13258,11370,2735],"class_list":["post-116429","post","type-post","status-publish","format-standard","has-post-thumbnail","hentry","category-politica","tag-elecciones-parlamentarias-2020","tag-gobierno-nacional","tag-isabel-pereira","tag-nacionales","tag-politica-nacional","tag-universidad-central-de-venezuela","tag-vladimir-padrino-lopez"],"yoast_head":"<!-- This site is optimized with the Yoast SEO plugin v28.4 - https:\/\/yoast.com\/product\/yoast-seo-wordpress\/ -->\n<title>Isabel Pereira: \u00abVotar nos da un ca\u00f1\u00f3n para ir contra el Gobierno\u00bb<\/title>\n<meta name=\"description\" content=\"Pol\u00edtica\" \/>\n<meta name=\"robots\" content=\"index, follow, max-snippet:-1, max-image-preview:large, max-video-preview:-1\" \/>\n<link rel=\"canonical\" href=\"https:\/\/digital58.com.ve\/site\/2020\/07\/21\/isabel-pereira-votar-nos-da-un-canon-para-ir-contra-el-gobierno\/\" \/>\n<meta property=\"og:locale\" content=\"es_ES\" \/>\n<meta property=\"og:type\" content=\"article\" \/>\n<meta property=\"og:title\" content=\"Isabel Pereira: \u00abVotar nos da un ca\u00f1\u00f3n para ir contra el Gobierno\u00bb\" \/>\n<meta property=\"og:description\" content=\"Pol\u00edtica\" \/>\n<meta property=\"og:url\" content=\"https:\/\/digital58.com.ve\/site\/2020\/07\/21\/isabel-pereira-votar-nos-da-un-canon-para-ir-contra-el-gobierno\/\" \/>\n<meta property=\"og:site_name\" content=\"Noticias Digital58\" \/>\n<meta property=\"article:published_time\" content=\"2020-07-21T18:55:18+00:00\" \/>\n<meta property=\"article:modified_time\" content=\"2020-07-21T19:53:38+00:00\" \/>\n<meta property=\"og:image\" content=\"https:\/\/digital58.com.ve\/site\/wp-content\/uploads\/2020\/07\/isabel.jpg\" \/>\n\t<meta property=\"og:image:width\" content=\"640\" \/>\n\t<meta property=\"og:image:height\" content=\"353\" \/>\n\t<meta property=\"og:image:type\" content=\"image\/jpeg\" \/>\n<meta name=\"author\" content=\"Molero Luis\" \/>\n<meta name=\"twitter:card\" content=\"summary_large_image\" \/>\n<meta name=\"twitter:creator\" content=\"@Digital_58\" \/>\n<meta name=\"twitter:site\" content=\"@villasmilhfoto\" \/>\n<meta name=\"twitter:label1\" content=\"Escrito por\" \/>\n\t<meta name=\"twitter:data1\" content=\"Molero Luis\" \/>\n\t<meta name=\"twitter:label2\" content=\"Tiempo estimado de lectura\" \/>\n\t<meta name=\"twitter:data2\" content=\"9 minutos\" \/>\n<script type=\"application\/ld+json\" class=\"yoast-schema-graph\">{\"@context\":\"https:\\\/\\\/schema.org\",\"@graph\":[{\"@type\":\"Article\",\"@id\":\"https:\\\/\\\/digital58.com.ve\\\/site\\\/2020\\\/07\\\/21\\\/isabel-pereira-votar-nos-da-un-canon-para-ir-contra-el-gobierno\\\/#article\",\"isPartOf\":{\"@id\":\"https:\\\/\\\/digital58.com.ve\\\/site\\\/2020\\\/07\\\/21\\\/isabel-pereira-votar-nos-da-un-canon-para-ir-contra-el-gobierno\\\/\"},\"author\":{\"name\":\"Molero Luis\",\"@id\":\"https:\\\/\\\/digital58.com.ve\\\/site\\\/#\\\/schema\\\/person\\\/c61667ce6845137620ee3f0aaabade17\"},\"headline\":\"Isabel Pereira: \u00abVotar nos da un ca\u00f1\u00f3n para ir contra el Gobierno\u00bb\",\"datePublished\":\"2020-07-21T18:55:18+00:00\",\"dateModified\":\"2020-07-21T19:53:38+00:00\",\"mainEntityOfPage\":{\"@id\":\"https:\\\/\\\/digital58.com.ve\\\/site\\\/2020\\\/07\\\/21\\\/isabel-pereira-votar-nos-da-un-canon-para-ir-contra-el-gobierno\\\/\"},\"wordCount\":1808,\"commentCount\":0,\"publisher\":{\"@id\":\"https:\\\/\\\/digital58.com.ve\\\/site\\\/#\\\/schema\\\/person\\\/64d1c2e4d0d4fd1b849980c4331c2951\"},\"image\":{\"@id\":\"https:\\\/\\\/digital58.com.ve\\\/site\\\/2020\\\/07\\\/21\\\/isabel-pereira-votar-nos-da-un-canon-para-ir-contra-el-gobierno\\\/#primaryimage\"},\"thumbnailUrl\":\"https:\\\/\\\/digital58.com.ve\\\/site\\\/wp-content\\\/uploads\\\/2020\\\/07\\\/isabel.jpg\",\"keywords\":[\"Elecciones Parlamentarias 2020\",\"Gobierno Nacional\",\"Isabel Pereira\",\"Nacionales\",\"Pol\u00edtica Nacional\",\"Universidad Central de Venezuela\",\"Vladimir Padrino L\u00f3pez\"],\"articleSection\":[\"Pol\u00edtica\"],\"inLanguage\":\"es\",\"potentialAction\":[{\"@type\":\"CommentAction\",\"name\":\"Comment\",\"target\":[\"https:\\\/\\\/digital58.com.ve\\\/site\\\/2020\\\/07\\\/21\\\/isabel-pereira-votar-nos-da-un-canon-para-ir-contra-el-gobierno\\\/#respond\"]}]},{\"@type\":\"WebPage\",\"@id\":\"https:\\\/\\\/digital58.com.ve\\\/site\\\/2020\\\/07\\\/21\\\/isabel-pereira-votar-nos-da-un-canon-para-ir-contra-el-gobierno\\\/\",\"url\":\"https:\\\/\\\/digital58.com.ve\\\/site\\\/2020\\\/07\\\/21\\\/isabel-pereira-votar-nos-da-un-canon-para-ir-contra-el-gobierno\\\/\",\"name\":\"Isabel Pereira: \u00abVotar nos da un ca\u00f1\u00f3n para ir contra el Gobierno\u00bb\",\"isPartOf\":{\"@id\":\"https:\\\/\\\/digital58.com.ve\\\/site\\\/#website\"},\"primaryImageOfPage\":{\"@id\":\"https:\\\/\\\/digital58.com.ve\\\/site\\\/2020\\\/07\\\/21\\\/isabel-pereira-votar-nos-da-un-canon-para-ir-contra-el-gobierno\\\/#primaryimage\"},\"image\":{\"@id\":\"https:\\\/\\\/digital58.com.ve\\\/site\\\/2020\\\/07\\\/21\\\/isabel-pereira-votar-nos-da-un-canon-para-ir-contra-el-gobierno\\\/#primaryimage\"},\"thumbnailUrl\":\"https:\\\/\\\/digital58.com.ve\\\/site\\\/wp-content\\\/uploads\\\/2020\\\/07\\\/isabel.jpg\",\"datePublished\":\"2020-07-21T18:55:18+00:00\",\"dateModified\":\"2020-07-21T19:53:38+00:00\",\"description\":\"Pol\u00edtica\",\"breadcrumb\":{\"@id\":\"https:\\\/\\\/digital58.com.ve\\\/site\\\/2020\\\/07\\\/21\\\/isabel-pereira-votar-nos-da-un-canon-para-ir-contra-el-gobierno\\\/#breadcrumb\"},\"inLanguage\":\"es\",\"potentialAction\":[{\"@type\":\"ReadAction\",\"target\":[\"https:\\\/\\\/digital58.com.ve\\\/site\\\/2020\\\/07\\\/21\\\/isabel-pereira-votar-nos-da-un-canon-para-ir-contra-el-gobierno\\\/\"]}]},{\"@type\":\"ImageObject\",\"inLanguage\":\"es\",\"@id\":\"https:\\\/\\\/digital58.com.ve\\\/site\\\/2020\\\/07\\\/21\\\/isabel-pereira-votar-nos-da-un-canon-para-ir-contra-el-gobierno\\\/#primaryimage\",\"url\":\"https:\\\/\\\/digital58.com.ve\\\/site\\\/wp-content\\\/uploads\\\/2020\\\/07\\\/isabel.jpg\",\"contentUrl\":\"https:\\\/\\\/digital58.com.ve\\\/site\\\/wp-content\\\/uploads\\\/2020\\\/07\\\/isabel.jpg\",\"width\":640,\"height\":353},{\"@type\":\"BreadcrumbList\",\"@id\":\"https:\\\/\\\/digital58.com.ve\\\/site\\\/2020\\\/07\\\/21\\\/isabel-pereira-votar-nos-da-un-canon-para-ir-contra-el-gobierno\\\/#breadcrumb\",\"itemListElement\":[{\"@type\":\"ListItem\",\"position\":1,\"name\":\"Home\",\"item\":\"https:\\\/\\\/digital58.com.ve\\\/site\\\/\"},{\"@type\":\"ListItem\",\"position\":2,\"name\":\"Isabel Pereira: \u00abVotar nos da un ca\u00f1\u00f3n para ir contra el Gobierno\u00bb\"}]},{\"@type\":\"WebSite\",\"@id\":\"https:\\\/\\\/digital58.com.ve\\\/site\\\/#website\",\"url\":\"https:\\\/\\\/digital58.com.ve\\\/site\\\/\",\"name\":\"Noticias Digital58\",\"description\":\"Portal de Noticias \u00a1Periodismo web de verdad! Lanzamiento web 22.11.2005 \\\/ Maracaibo, Venezuela\",\"publisher\":{\"@id\":\"https:\\\/\\\/digital58.com.ve\\\/site\\\/#\\\/schema\\\/person\\\/64d1c2e4d0d4fd1b849980c4331c2951\"},\"alternateName\":\"ND58\",\"potentialAction\":[{\"@type\":\"SearchAction\",\"target\":{\"@type\":\"EntryPoint\",\"urlTemplate\":\"https:\\\/\\\/digital58.com.ve\\\/site\\\/?s={search_term_string}\"},\"query-input\":{\"@type\":\"PropertyValueSpecification\",\"valueRequired\":true,\"valueName\":\"search_term_string\"}}],\"inLanguage\":\"es\"},{\"@type\":[\"Person\",\"Organization\"],\"@id\":\"https:\\\/\\\/digital58.com.ve\\\/site\\\/#\\\/schema\\\/person\\\/64d1c2e4d0d4fd1b849980c4331c2951\",\"name\":\"Villasmil Henry\",\"image\":{\"@type\":\"ImageObject\",\"inLanguage\":\"es\",\"@id\":\"https:\\\/\\\/secure.gravatar.com\\\/avatar\\\/bb0c4a2fcb7970138239f7e404ea75757b1b507b28b5ce4c53fbd62d797c5a7c?s=96&d=mm&r=g\",\"url\":\"https:\\\/\\\/secure.gravatar.com\\\/avatar\\\/bb0c4a2fcb7970138239f7e404ea75757b1b507b28b5ce4c53fbd62d797c5a7c?s=96&d=mm&r=g\",\"contentUrl\":\"https:\\\/\\\/secure.gravatar.com\\\/avatar\\\/bb0c4a2fcb7970138239f7e404ea75757b1b507b28b5ce4c53fbd62d797c5a7c?s=96&d=mm&r=g\",\"caption\":\"Villasmil Henry\"},\"logo\":{\"@id\":\"https:\\\/\\\/secure.gravatar.com\\\/avatar\\\/bb0c4a2fcb7970138239f7e404ea75757b1b507b28b5ce4c53fbd62d797c5a7c?s=96&d=mm&r=g\"},\"sameAs\":[\"http:\\\/\\\/www.henryvillasmil.com.ve\",\"https:\\\/\\\/www.instagram.com\\\/villasmilhfoto\\\/\",\"https:\\\/\\\/x.com\\\/https:\\\/\\\/twitter.com\\\/villasmilhfoto\"]},{\"@type\":\"Person\",\"@id\":\"https:\\\/\\\/digital58.com.ve\\\/site\\\/#\\\/schema\\\/person\\\/c61667ce6845137620ee3f0aaabade17\",\"name\":\"Molero Luis\",\"image\":{\"@type\":\"ImageObject\",\"inLanguage\":\"es\",\"@id\":\"https:\\\/\\\/secure.gravatar.com\\\/avatar\\\/bf041ec637e3e7405449807deb2f7cf3d2de7c6fa755dd56e985201de9863f2b?s=96&d=mm&r=g\",\"url\":\"https:\\\/\\\/secure.gravatar.com\\\/avatar\\\/bf041ec637e3e7405449807deb2f7cf3d2de7c6fa755dd56e985201de9863f2b?s=96&d=mm&r=g\",\"contentUrl\":\"https:\\\/\\\/secure.gravatar.com\\\/avatar\\\/bf041ec637e3e7405449807deb2f7cf3d2de7c6fa755dd56e985201de9863f2b?s=96&d=mm&r=g\",\"caption\":\"Molero Luis\"},\"url\":\"https:\\\/\\\/digital58.com.ve\\\/site\\\/author\\\/luismolero\\\/\"}]}<\/script>\n<!-- \/ Yoast SEO plugin. -->","yoast_head_json":{"title":"Isabel Pereira: \u00abVotar nos da un ca\u00f1\u00f3n para ir contra el Gobierno\u00bb","description":"Pol\u00edtica","robots":{"index":"index","follow":"follow","max-snippet":"max-snippet:-1","max-image-preview":"max-image-preview:large","max-video-preview":"max-video-preview:-1"},"canonical":"https:\/\/digital58.com.ve\/site\/2020\/07\/21\/isabel-pereira-votar-nos-da-un-canon-para-ir-contra-el-gobierno\/","og_locale":"es_ES","og_type":"article","og_title":"Isabel Pereira: \u00abVotar nos da un ca\u00f1\u00f3n para ir contra el Gobierno\u00bb","og_description":"Pol\u00edtica","og_url":"https:\/\/digital58.com.ve\/site\/2020\/07\/21\/isabel-pereira-votar-nos-da-un-canon-para-ir-contra-el-gobierno\/","og_site_name":"Noticias Digital58","article_published_time":"2020-07-21T18:55:18+00:00","article_modified_time":"2020-07-21T19:53:38+00:00","og_image":[{"width":640,"height":353,"url":"https:\/\/digital58.com.ve\/site\/wp-content\/uploads\/2020\/07\/isabel.jpg","type":"image\/jpeg"}],"author":"Molero Luis","twitter_card":"summary_large_image","twitter_creator":"@Digital_58","twitter_site":"@villasmilhfoto","twitter_misc":{"Escrito por":"Molero Luis","Tiempo estimado de lectura":"9 minutos"},"schema":{"@context":"https:\/\/schema.org","@graph":[{"@type":"Article","@id":"https:\/\/digital58.com.ve\/site\/2020\/07\/21\/isabel-pereira-votar-nos-da-un-canon-para-ir-contra-el-gobierno\/#article","isPartOf":{"@id":"https:\/\/digital58.com.ve\/site\/2020\/07\/21\/isabel-pereira-votar-nos-da-un-canon-para-ir-contra-el-gobierno\/"},"author":{"name":"Molero Luis","@id":"https:\/\/digital58.com.ve\/site\/#\/schema\/person\/c61667ce6845137620ee3f0aaabade17"},"headline":"Isabel Pereira: \u00abVotar nos da un ca\u00f1\u00f3n para ir contra el Gobierno\u00bb","datePublished":"2020-07-21T18:55:18+00:00","dateModified":"2020-07-21T19:53:38+00:00","mainEntityOfPage":{"@id":"https:\/\/digital58.com.ve\/site\/2020\/07\/21\/isabel-pereira-votar-nos-da-un-canon-para-ir-contra-el-gobierno\/"},"wordCount":1808,"commentCount":0,"publisher":{"@id":"https:\/\/digital58.com.ve\/site\/#\/schema\/person\/64d1c2e4d0d4fd1b849980c4331c2951"},"image":{"@id":"https:\/\/digital58.com.ve\/site\/2020\/07\/21\/isabel-pereira-votar-nos-da-un-canon-para-ir-contra-el-gobierno\/#primaryimage"},"thumbnailUrl":"https:\/\/digital58.com.ve\/site\/wp-content\/uploads\/2020\/07\/isabel.jpg","keywords":["Elecciones Parlamentarias 2020","Gobierno Nacional","Isabel Pereira","Nacionales","Pol\u00edtica Nacional","Universidad Central de Venezuela","Vladimir Padrino L\u00f3pez"],"articleSection":["Pol\u00edtica"],"inLanguage":"es","potentialAction":[{"@type":"CommentAction","name":"Comment","target":["https:\/\/digital58.com.ve\/site\/2020\/07\/21\/isabel-pereira-votar-nos-da-un-canon-para-ir-contra-el-gobierno\/#respond"]}]},{"@type":"WebPage","@id":"https:\/\/digital58.com.ve\/site\/2020\/07\/21\/isabel-pereira-votar-nos-da-un-canon-para-ir-contra-el-gobierno\/","url":"https:\/\/digital58.com.ve\/site\/2020\/07\/21\/isabel-pereira-votar-nos-da-un-canon-para-ir-contra-el-gobierno\/","name":"Isabel Pereira: \u00abVotar nos da un ca\u00f1\u00f3n para ir contra el Gobierno\u00bb","isPartOf":{"@id":"https:\/\/digital58.com.ve\/site\/#website"},"primaryImageOfPage":{"@id":"https:\/\/digital58.com.ve\/site\/2020\/07\/21\/isabel-pereira-votar-nos-da-un-canon-para-ir-contra-el-gobierno\/#primaryimage"},"image":{"@id":"https:\/\/digital58.com.ve\/site\/2020\/07\/21\/isabel-pereira-votar-nos-da-un-canon-para-ir-contra-el-gobierno\/#primaryimage"},"thumbnailUrl":"https:\/\/digital58.com.ve\/site\/wp-content\/uploads\/2020\/07\/isabel.jpg","datePublished":"2020-07-21T18:55:18+00:00","dateModified":"2020-07-21T19:53:38+00:00","description":"Pol\u00edtica","breadcrumb":{"@id":"https:\/\/digital58.com.ve\/site\/2020\/07\/21\/isabel-pereira-votar-nos-da-un-canon-para-ir-contra-el-gobierno\/#breadcrumb"},"inLanguage":"es","potentialAction":[{"@type":"ReadAction","target":["https:\/\/digital58.com.ve\/site\/2020\/07\/21\/isabel-pereira-votar-nos-da-un-canon-para-ir-contra-el-gobierno\/"]}]},{"@type":"ImageObject","inLanguage":"es","@id":"https:\/\/digital58.com.ve\/site\/2020\/07\/21\/isabel-pereira-votar-nos-da-un-canon-para-ir-contra-el-gobierno\/#primaryimage","url":"https:\/\/digital58.com.ve\/site\/wp-content\/uploads\/2020\/07\/isabel.jpg","contentUrl":"https:\/\/digital58.com.ve\/site\/wp-content\/uploads\/2020\/07\/isabel.jpg","width":640,"height":353},{"@type":"BreadcrumbList","@id":"https:\/\/digital58.com.ve\/site\/2020\/07\/21\/isabel-pereira-votar-nos-da-un-canon-para-ir-contra-el-gobierno\/#breadcrumb","itemListElement":[{"@type":"ListItem","position":1,"name":"Home","item":"https:\/\/digital58.com.ve\/site\/"},{"@type":"ListItem","position":2,"name":"Isabel Pereira: \u00abVotar nos da un ca\u00f1\u00f3n para ir contra el Gobierno\u00bb"}]},{"@type":"WebSite","@id":"https:\/\/digital58.com.ve\/site\/#website","url":"https:\/\/digital58.com.ve\/site\/","name":"Noticias Digital58","description":"Portal de Noticias \u00a1Periodismo web de verdad! Lanzamiento web 22.11.2005 \/ Maracaibo, Venezuela","publisher":{"@id":"https:\/\/digital58.com.ve\/site\/#\/schema\/person\/64d1c2e4d0d4fd1b849980c4331c2951"},"alternateName":"ND58","potentialAction":[{"@type":"SearchAction","target":{"@type":"EntryPoint","urlTemplate":"https:\/\/digital58.com.ve\/site\/?s={search_term_string}"},"query-input":{"@type":"PropertyValueSpecification","valueRequired":true,"valueName":"search_term_string"}}],"inLanguage":"es"},{"@type":["Person","Organization"],"@id":"https:\/\/digital58.com.ve\/site\/#\/schema\/person\/64d1c2e4d0d4fd1b849980c4331c2951","name":"Villasmil Henry","image":{"@type":"ImageObject","inLanguage":"es","@id":"https:\/\/secure.gravatar.com\/avatar\/bb0c4a2fcb7970138239f7e404ea75757b1b507b28b5ce4c53fbd62d797c5a7c?s=96&d=mm&r=g","url":"https:\/\/secure.gravatar.com\/avatar\/bb0c4a2fcb7970138239f7e404ea75757b1b507b28b5ce4c53fbd62d797c5a7c?s=96&d=mm&r=g","contentUrl":"https:\/\/secure.gravatar.com\/avatar\/bb0c4a2fcb7970138239f7e404ea75757b1b507b28b5ce4c53fbd62d797c5a7c?s=96&d=mm&r=g","caption":"Villasmil Henry"},"logo":{"@id":"https:\/\/secure.gravatar.com\/avatar\/bb0c4a2fcb7970138239f7e404ea75757b1b507b28b5ce4c53fbd62d797c5a7c?s=96&d=mm&r=g"},"sameAs":["http:\/\/www.henryvillasmil.com.ve","https:\/\/www.instagram.com\/villasmilhfoto\/","https:\/\/x.com\/https:\/\/twitter.com\/villasmilhfoto"]},{"@type":"Person","@id":"https:\/\/digital58.com.ve\/site\/#\/schema\/person\/c61667ce6845137620ee3f0aaabade17","name":"Molero Luis","image":{"@type":"ImageObject","inLanguage":"es","@id":"https:\/\/secure.gravatar.com\/avatar\/bf041ec637e3e7405449807deb2f7cf3d2de7c6fa755dd56e985201de9863f2b?s=96&d=mm&r=g","url":"https:\/\/secure.gravatar.com\/avatar\/bf041ec637e3e7405449807deb2f7cf3d2de7c6fa755dd56e985201de9863f2b?s=96&d=mm&r=g","contentUrl":"https:\/\/secure.gravatar.com\/avatar\/bf041ec637e3e7405449807deb2f7cf3d2de7c6fa755dd56e985201de9863f2b?s=96&d=mm&r=g","caption":"Molero Luis"},"url":"https:\/\/digital58.com.ve\/site\/author\/luismolero\/"}]}},"uagb_featured_image_src":{"full":["https:\/\/digital58.com.ve\/site\/wp-content\/uploads\/2020\/07\/isabel.jpg",640,353,false],"thumbnail":["https:\/\/digital58.com.ve\/site\/wp-content\/uploads\/2020\/07\/isabel-150x150.jpg",150,150,true],"medium":["https:\/\/digital58.com.ve\/site\/wp-content\/uploads\/2020\/07\/isabel-300x165.jpg",300,165,true],"medium_large":["https:\/\/digital58.com.ve\/site\/wp-content\/uploads\/2020\/07\/isabel.jpg",640,353,false],"large":["https:\/\/digital58.com.ve\/site\/wp-content\/uploads\/2020\/07\/isabel.jpg",640,353,false],"1536x1536":["https:\/\/digital58.com.ve\/site\/wp-content\/uploads\/2020\/07\/isabel.jpg",640,353,false],"2048x2048":["https:\/\/digital58.com.ve\/site\/wp-content\/uploads\/2020\/07\/isabel.jpg",640,353,false],"colormag-highlighted-post":["https:\/\/digital58.com.ve\/site\/wp-content\/uploads\/2020\/07\/isabel.jpg",392,216,false],"colormag-featured-post-medium":["https:\/\/digital58.com.ve\/site\/wp-content\/uploads\/2020\/07\/isabel.jpg",372,205,false],"colormag-featured-post-small":["https:\/\/digital58.com.ve\/site\/wp-content\/uploads\/2020\/07\/isabel.jpg",130,72,false],"colormag-featured-image":["https:\/\/digital58.com.ve\/site\/wp-content\/uploads\/2020\/07\/isabel.jpg",640,353,false],"colormag-default-news":["https:\/\/digital58.com.ve\/site\/wp-content\/uploads\/2020\/07\/isabel.jpg",150,83,false],"colormag-featured-image-large":["https:\/\/digital58.com.ve\/site\/wp-content\/uploads\/2020\/07\/isabel.jpg",640,353,false]},"uagb_author_info":{"display_name":"Molero Luis","author_link":"https:\/\/digital58.com.ve\/site\/author\/luismolero\/"},"uagb_comment_info":0,"uagb_excerpt":"Pereira dijo que a pesar de las dificultades que afronta la oposici\u00f3n, Venezuela tiene la oportunidad de dar un salto","_links":{"self":[{"href":"https:\/\/digital58.com.ve\/site\/wp-json\/wp\/v2\/posts\/116429","targetHints":{"allow":["GET"]}}],"collection":[{"href":"https:\/\/digital58.com.ve\/site\/wp-json\/wp\/v2\/posts"}],"about":[{"href":"https:\/\/digital58.com.ve\/site\/wp-json\/wp\/v2\/types\/post"}],"author":[{"embeddable":true,"href":"https:\/\/digital58.com.ve\/site\/wp-json\/wp\/v2\/users\/26"}],"replies":[{"embeddable":true,"href":"https:\/\/digital58.com.ve\/site\/wp-json\/wp\/v2\/comments?post=116429"}],"version-history":[{"count":0,"href":"https:\/\/digital58.com.ve\/site\/wp-json\/wp\/v2\/posts\/116429\/revisions"}],"wp:featuredmedia":[{"embeddable":true,"href":"https:\/\/digital58.com.ve\/site\/wp-json\/wp\/v2\/media\/116434"}],"wp:attachment":[{"href":"https:\/\/digital58.com.ve\/site\/wp-json\/wp\/v2\/media?parent=116429"}],"wp:term":[{"taxonomy":"category","embeddable":true,"href":"https:\/\/digital58.com.ve\/site\/wp-json\/wp\/v2\/categories?post=116429"},{"taxonomy":"post_tag","embeddable":true,"href":"https:\/\/digital58.com.ve\/site\/wp-json\/wp\/v2\/tags?post=116429"}],"curies":[{"name":"wp","href":"https:\/\/api.w.org\/{rel}","templated":true}]}}