{"id":116674,"date":"2020-07-22T08:59:33","date_gmt":"2020-07-22T12:59:33","guid":{"rendered":"https:\/\/digital58.com.ve\/site\/?p=116674"},"modified":"2020-07-22T08:59:33","modified_gmt":"2020-07-22T12:59:33","slug":"fallecio-amilcar-del-villar-amilquita","status":"publish","type":"post","link":"https:\/\/digital58.com.ve\/site\/2020\/07\/22\/fallecio-amilcar-del-villar-amilquita\/","title":{"rendered":"Falleci\u00f3 Amilcar del Villar \u00abAmilquita\u00bb"},"content":{"rendered":"<p><a href=\"https:\/\/digital58.com.ve\/site\/wp-content\/uploads\/2020\/07\/amilquita.jpg\"><img loading=\"lazy\" decoding=\"async\" class=\"aligncenter size-full wp-image-116675\" src=\"https:\/\/digital58.com.ve\/site\/wp-content\/uploads\/2020\/07\/amilquita.jpg\" alt=\"\" width=\"900\" height=\"602\" srcset=\"https:\/\/digital58.com.ve\/site\/wp-content\/uploads\/2020\/07\/amilquita.jpg 800w, https:\/\/digital58.com.ve\/site\/wp-content\/uploads\/2020\/07\/amilquita-300x201.jpg 300w, https:\/\/digital58.com.ve\/site\/wp-content\/uploads\/2020\/07\/amilquita-768x514.jpg 768w, https:\/\/digital58.com.ve\/site\/wp-content\/uploads\/2020\/07\/amilquita-480x320.jpg 480w\" sizes=\"auto, (max-width: 900px) 100vw, 900px\" \/><\/a><\/p>\n<p>Seg\u00fan allegados y familiares, el humorista se encontraba en su casa cumpliendo con su tratamiento m\u00e9dico y muri\u00f3 a las 5:30 am.<\/p>\n<p><strong>Maracaibo, Zulia, Venezuela, 22 de julio de 2020 (ND58).-<\/strong> La madrugada de este mi\u00e9rcoles 22 de julio, falleci\u00f3 el popular humorista, empresario y cantante gaitero zuliano Amilcar del Villar, quien tenia varios meses convaleciente con insuficiencia renal, hipertensi\u00f3n, asma y gastritis aguda.<\/p>\n<p>Amilcar del Villar fue conocido por sus \u00abEmpanadas Amilquita\u00bb y por el popular programa \u00abShow de Los Chistes\u00bb con la Orquesta La Gozadera en Maracaibo. Del Villar tambi\u00e9n fue un cantante que interpret\u00f3 varios g\u00e9neros musicales incluyendo guaracha, merengue y salsa.<\/p>\n<blockquote class=\"twitter-tweet\">\n<p dir=\"ltr\" lang=\"es\"><a href=\"https:\/\/twitter.com\/hashtag\/22Julio?src=hash&amp;ref_src=twsrc%5Etfw\">#22Julio<\/a> \u00daLTIMA HORA : Acaba de fallecer el humorista y gaitero Zuliano Amilcar del Villar \u00abAmilquita\u00bb<br \/>\nEl popular Amilquita, Venia padeciendo problemas renales.<br \/>\nPaz a su Alma <a href=\"https:\/\/t.co\/Y7nGj5fJmH\">pic.twitter.com\/Y7nGj5fJmH<\/a><\/p>\n<p>\u2014 GERARD TORRES (@GERARDTORRESP) <a href=\"https:\/\/twitter.com\/GERARDTORRESP\/status\/1285917063417139201?ref_src=twsrc%5Etfw\">July 22, 2020<\/a><\/p><\/blockquote>\n<p><script async src=\"https:\/\/platform.twitter.com\/widgets.js\" charset=\"utf-8\"><\/script><\/p><div class=\"spnek69f70a44e918b\" ><p style=\"text-align: center;\"><a href=\"https:\/\/t.me\/noticiasdigital58\" target=\"_blank\" rel=\"noopener\"><img class=\"aligncenter size-full wp-image-125363\" src=\"https:\/\/digital58.com.ve\/site\/wp-content\/uploads\/2021\/04\/banner-telegram-web-2021.png\" alt=\"\" width=\"600\" height=\"90\" \/><\/a><\/p><\/div><style type=\"text\/css\">\r\n@media screen and (min-width: 1201px) {\r\n.spnek69f70a44e918b {\r\ndisplay: block;\r\n}\r\n}\r\n@media screen and (min-width: 993px) and (max-width: 1200px) {\r\n.spnek69f70a44e918b {\r\ndisplay: block;\r\n}\r\n}\r\n@media screen and (min-width: 769px) and (max-width: 992px) {\r\n.spnek69f70a44e918b {\r\ndisplay: block;\r\n}\r\n}\r\n@media screen and (min-width: 768px) and (max-width: 768px) {\r\n.spnek69f70a44e918b {\r\ndisplay: block;\r\n}\r\n}\r\n@media screen and (max-width: 767px) {\r\n.spnek69f70a44e918b {\r\ndisplay: block;\r\n}\r\n}\r\n<\/style>\r\n\n<p><strong>Redacci\u00f3n ND58 | Fuente: Ernestina Garc\u00eda \/ NAD<\/strong><br \/>\n<strong>Edici\u00f3n: Villasmil, Henry<\/strong><br \/>\n<strong>Gr\u00e1fica: captura de pantalla<\/strong><\/p>\n<div style=\"margin-top: 0px; margin-bottom: 0px;\" class=\"sharethis-inline-share-buttons\" ><\/div>","protected":false},"excerpt":{"rendered":"<p>Seg\u00fan allegados y familiares, el humorista se encontraba en su casa cumpliendo con su tratamiento m\u00e9dico y muri\u00f3 a las<\/p>\n","protected":false},"author":1,"featured_media":116675,"comment_status":"open","ping_status":"closed","sticky":false,"template":"","format":"standard","meta":{"colormag_page_container_layout":"default_layout","colormag_page_sidebar_layout":"default_layout","_uag_custom_page_level_css":"","footnotes":""},"categories":[1],"tags":[14962,14963,207,10968,233,32,761],"class_list":["post-116674","post","type-post","status-publish","format-standard","has-post-thumbnail","hentry","category-fama","tag-amilcar-del-villar","tag-amilquita","tag-fallecimientos","tag-humorista","tag-nacionales","tag-venezuela","tag-zulia"],"yoast_head":"<!-- This site is optimized with the Yoast SEO plugin v27.5 - https:\/\/yoast.com\/product\/yoast-seo-wordpress\/ -->\n<title>Falleci\u00f3 Amilcar del Villar \u00abAmilquita\u00bb<\/title>\n<meta name=\"description\" content=\"Fama\" \/>\n<meta name=\"robots\" content=\"index, follow, max-snippet:-1, max-image-preview:large, max-video-preview:-1\" \/>\n<link rel=\"canonical\" href=\"https:\/\/digital58.com.ve\/site\/2020\/07\/22\/fallecio-amilcar-del-villar-amilquita\/\" \/>\n<meta property=\"og:locale\" content=\"es_ES\" \/>\n<meta property=\"og:type\" content=\"article\" \/>\n<meta property=\"og:title\" content=\"Falleci\u00f3 Amilcar del Villar \u00abAmilquita\u00bb\" \/>\n<meta property=\"og:description\" content=\"Fama\" \/>\n<meta property=\"og:url\" content=\"https:\/\/digital58.com.ve\/site\/2020\/07\/22\/fallecio-amilcar-del-villar-amilquita\/\" \/>\n<meta property=\"og:site_name\" content=\"Noticias Digital58\" \/>\n<meta property=\"article:published_time\" content=\"2020-07-22T12:59:33+00:00\" \/>\n<meta property=\"og:image\" content=\"https:\/\/digital58.com.ve\/site\/wp-content\/uploads\/2020\/07\/amilquita.jpg\" \/>\n\t<meta property=\"og:image:width\" content=\"900\" \/>\n\t<meta property=\"og:image:height\" content=\"602\" \/>\n\t<meta property=\"og:image:type\" content=\"image\/jpeg\" \/>\n<meta name=\"author\" content=\"Villasmil Henry\" \/>\n<meta name=\"twitter:card\" content=\"summary_large_image\" \/>\n<meta name=\"twitter:creator\" content=\"@https:\/\/twitter.com\/villasmilhfoto\" \/>\n<meta name=\"twitter:site\" content=\"@villasmilhfoto\" \/>\n<meta name=\"twitter:label1\" content=\"Escrito por\" \/>\n\t<meta name=\"twitter:data1\" content=\"Villasmil Henry\" \/>\n\t<meta name=\"twitter:label2\" content=\"Tiempo estimado de lectura\" \/>\n\t<meta name=\"twitter:data2\" content=\"1 minuto\" \/>\n<script type=\"application\/ld+json\" class=\"yoast-schema-graph\">{\"@context\":\"https:\\\/\\\/schema.org\",\"@graph\":[{\"@type\":\"Article\",\"@id\":\"https:\\\/\\\/digital58.com.ve\\\/site\\\/2020\\\/07\\\/22\\\/fallecio-amilcar-del-villar-amilquita\\\/#article\",\"isPartOf\":{\"@id\":\"https:\\\/\\\/digital58.com.ve\\\/site\\\/2020\\\/07\\\/22\\\/fallecio-amilcar-del-villar-amilquita\\\/\"},\"author\":{\"name\":\"Villasmil Henry\",\"@id\":\"https:\\\/\\\/digital58.com.ve\\\/site\\\/#\\\/schema\\\/person\\\/64d1c2e4d0d4fd1b849980c4331c2951\"},\"headline\":\"Falleci\u00f3 Amilcar del Villar \u00abAmilquita\u00bb\",\"datePublished\":\"2020-07-22T12:59:33+00:00\",\"mainEntityOfPage\":{\"@id\":\"https:\\\/\\\/digital58.com.ve\\\/site\\\/2020\\\/07\\\/22\\\/fallecio-amilcar-del-villar-amilquita\\\/\"},\"wordCount\":166,\"commentCount\":1,\"publisher\":{\"@id\":\"https:\\\/\\\/digital58.com.ve\\\/site\\\/#\\\/schema\\\/person\\\/64d1c2e4d0d4fd1b849980c4331c2951\"},\"image\":{\"@id\":\"https:\\\/\\\/digital58.com.ve\\\/site\\\/2020\\\/07\\\/22\\\/fallecio-amilcar-del-villar-amilquita\\\/#primaryimage\"},\"thumbnailUrl\":\"https:\\\/\\\/digital58.com.ve\\\/site\\\/wp-content\\\/uploads\\\/2020\\\/07\\\/amilquita.jpg\",\"keywords\":[\"Amilcar Del Villar\",\"Amilquita\",\"Fallecimientos\",\"humorista\",\"Nacionales\",\"Venezuela\",\"Zulia\"],\"articleSection\":[\"Fama\"],\"inLanguage\":\"es\",\"potentialAction\":[{\"@type\":\"CommentAction\",\"name\":\"Comment\",\"target\":[\"https:\\\/\\\/digital58.com.ve\\\/site\\\/2020\\\/07\\\/22\\\/fallecio-amilcar-del-villar-amilquita\\\/#respond\"]}]},{\"@type\":\"WebPage\",\"@id\":\"https:\\\/\\\/digital58.com.ve\\\/site\\\/2020\\\/07\\\/22\\\/fallecio-amilcar-del-villar-amilquita\\\/\",\"url\":\"https:\\\/\\\/digital58.com.ve\\\/site\\\/2020\\\/07\\\/22\\\/fallecio-amilcar-del-villar-amilquita\\\/\",\"name\":\"Falleci\u00f3 Amilcar del Villar \u00abAmilquita\u00bb\",\"isPartOf\":{\"@id\":\"https:\\\/\\\/digital58.com.ve\\\/site\\\/#website\"},\"primaryImageOfPage\":{\"@id\":\"https:\\\/\\\/digital58.com.ve\\\/site\\\/2020\\\/07\\\/22\\\/fallecio-amilcar-del-villar-amilquita\\\/#primaryimage\"},\"image\":{\"@id\":\"https:\\\/\\\/digital58.com.ve\\\/site\\\/2020\\\/07\\\/22\\\/fallecio-amilcar-del-villar-amilquita\\\/#primaryimage\"},\"thumbnailUrl\":\"https:\\\/\\\/digital58.com.ve\\\/site\\\/wp-content\\\/uploads\\\/2020\\\/07\\\/amilquita.jpg\",\"datePublished\":\"2020-07-22T12:59:33+00:00\",\"description\":\"Fama\",\"breadcrumb\":{\"@id\":\"https:\\\/\\\/digital58.com.ve\\\/site\\\/2020\\\/07\\\/22\\\/fallecio-amilcar-del-villar-amilquita\\\/#breadcrumb\"},\"inLanguage\":\"es\",\"potentialAction\":[{\"@type\":\"ReadAction\",\"target\":[\"https:\\\/\\\/digital58.com.ve\\\/site\\\/2020\\\/07\\\/22\\\/fallecio-amilcar-del-villar-amilquita\\\/\"]}]},{\"@type\":\"ImageObject\",\"inLanguage\":\"es\",\"@id\":\"https:\\\/\\\/digital58.com.ve\\\/site\\\/2020\\\/07\\\/22\\\/fallecio-amilcar-del-villar-amilquita\\\/#primaryimage\",\"url\":\"https:\\\/\\\/digital58.com.ve\\\/site\\\/wp-content\\\/uploads\\\/2020\\\/07\\\/amilquita.jpg\",\"contentUrl\":\"https:\\\/\\\/digital58.com.ve\\\/site\\\/wp-content\\\/uploads\\\/2020\\\/07\\\/amilquita.jpg\",\"width\":800,\"height\":535},{\"@type\":\"BreadcrumbList\",\"@id\":\"https:\\\/\\\/digital58.com.ve\\\/site\\\/2020\\\/07\\\/22\\\/fallecio-amilcar-del-villar-amilquita\\\/#breadcrumb\",\"itemListElement\":[{\"@type\":\"ListItem\",\"position\":1,\"name\":\"Home\",\"item\":\"https:\\\/\\\/digital58.com.ve\\\/site\\\/\"},{\"@type\":\"ListItem\",\"position\":2,\"name\":\"Falleci\u00f3 Amilcar del Villar \u00abAmilquita\u00bb\"}]},{\"@type\":\"WebSite\",\"@id\":\"https:\\\/\\\/digital58.com.ve\\\/site\\\/#website\",\"url\":\"https:\\\/\\\/digital58.com.ve\\\/site\\\/\",\"name\":\"Noticias Digital58\",\"description\":\"Portal de Noticias \u00a1Periodismo web de verdad! Lanzamiento web 22.11.2005 \\\/ Maracaibo, Venezuela\",\"publisher\":{\"@id\":\"https:\\\/\\\/digital58.com.ve\\\/site\\\/#\\\/schema\\\/person\\\/64d1c2e4d0d4fd1b849980c4331c2951\"},\"alternateName\":\"ND58\",\"potentialAction\":[{\"@type\":\"SearchAction\",\"target\":{\"@type\":\"EntryPoint\",\"urlTemplate\":\"https:\\\/\\\/digital58.com.ve\\\/site\\\/?s={search_term_string}\"},\"query-input\":{\"@type\":\"PropertyValueSpecification\",\"valueRequired\":true,\"valueName\":\"search_term_string\"}}],\"inLanguage\":\"es\"},{\"@type\":[\"Person\",\"Organization\"],\"@id\":\"https:\\\/\\\/digital58.com.ve\\\/site\\\/#\\\/schema\\\/person\\\/64d1c2e4d0d4fd1b849980c4331c2951\",\"name\":\"Villasmil Henry\",\"image\":{\"@type\":\"ImageObject\",\"inLanguage\":\"es\",\"@id\":\"https:\\\/\\\/secure.gravatar.com\\\/avatar\\\/bb0c4a2fcb7970138239f7e404ea75757b1b507b28b5ce4c53fbd62d797c5a7c?s=96&d=mm&r=g\",\"url\":\"https:\\\/\\\/secure.gravatar.com\\\/avatar\\\/bb0c4a2fcb7970138239f7e404ea75757b1b507b28b5ce4c53fbd62d797c5a7c?s=96&d=mm&r=g\",\"contentUrl\":\"https:\\\/\\\/secure.gravatar.com\\\/avatar\\\/bb0c4a2fcb7970138239f7e404ea75757b1b507b28b5ce4c53fbd62d797c5a7c?s=96&d=mm&r=g\",\"caption\":\"Villasmil Henry\"},\"logo\":{\"@id\":\"https:\\\/\\\/secure.gravatar.com\\\/avatar\\\/bb0c4a2fcb7970138239f7e404ea75757b1b507b28b5ce4c53fbd62d797c5a7c?s=96&d=mm&r=g\"},\"sameAs\":[\"http:\\\/\\\/www.henryvillasmil.com.ve\",\"https:\\\/\\\/www.instagram.com\\\/villasmilhfoto\\\/\",\"https:\\\/\\\/x.com\\\/https:\\\/\\\/twitter.com\\\/villasmilhfoto\"],\"url\":\"https:\\\/\\\/digital58.com.ve\\\/site\\\/author\\\/droopy_68\\\/\"}]}<\/script>\n<!-- \/ Yoast SEO plugin. -->","yoast_head_json":{"title":"Falleci\u00f3 Amilcar del Villar \u00abAmilquita\u00bb","description":"Fama","robots":{"index":"index","follow":"follow","max-snippet":"max-snippet:-1","max-image-preview":"max-image-preview:large","max-video-preview":"max-video-preview:-1"},"canonical":"https:\/\/digital58.com.ve\/site\/2020\/07\/22\/fallecio-amilcar-del-villar-amilquita\/","og_locale":"es_ES","og_type":"article","og_title":"Falleci\u00f3 Amilcar del Villar \u00abAmilquita\u00bb","og_description":"Fama","og_url":"https:\/\/digital58.com.ve\/site\/2020\/07\/22\/fallecio-amilcar-del-villar-amilquita\/","og_site_name":"Noticias Digital58","article_published_time":"2020-07-22T12:59:33+00:00","og_image":[{"width":900,"height":602,"url":"https:\/\/digital58.com.ve\/site\/wp-content\/uploads\/2020\/07\/amilquita.jpg","type":"image\/jpeg"}],"author":"Villasmil Henry","twitter_card":"summary_large_image","twitter_creator":"@https:\/\/twitter.com\/villasmilhfoto","twitter_site":"@villasmilhfoto","twitter_misc":{"Escrito por":"Villasmil Henry","Tiempo estimado de lectura":"1 minuto"},"schema":{"@context":"https:\/\/schema.org","@graph":[{"@type":"Article","@id":"https:\/\/digital58.com.ve\/site\/2020\/07\/22\/fallecio-amilcar-del-villar-amilquita\/#article","isPartOf":{"@id":"https:\/\/digital58.com.ve\/site\/2020\/07\/22\/fallecio-amilcar-del-villar-amilquita\/"},"author":{"name":"Villasmil Henry","@id":"https:\/\/digital58.com.ve\/site\/#\/schema\/person\/64d1c2e4d0d4fd1b849980c4331c2951"},"headline":"Falleci\u00f3 Amilcar del Villar \u00abAmilquita\u00bb","datePublished":"2020-07-22T12:59:33+00:00","mainEntityOfPage":{"@id":"https:\/\/digital58.com.ve\/site\/2020\/07\/22\/fallecio-amilcar-del-villar-amilquita\/"},"wordCount":166,"commentCount":1,"publisher":{"@id":"https:\/\/digital58.com.ve\/site\/#\/schema\/person\/64d1c2e4d0d4fd1b849980c4331c2951"},"image":{"@id":"https:\/\/digital58.com.ve\/site\/2020\/07\/22\/fallecio-amilcar-del-villar-amilquita\/#primaryimage"},"thumbnailUrl":"https:\/\/digital58.com.ve\/site\/wp-content\/uploads\/2020\/07\/amilquita.jpg","keywords":["Amilcar Del Villar","Amilquita","Fallecimientos","humorista","Nacionales","Venezuela","Zulia"],"articleSection":["Fama"],"inLanguage":"es","potentialAction":[{"@type":"CommentAction","name":"Comment","target":["https:\/\/digital58.com.ve\/site\/2020\/07\/22\/fallecio-amilcar-del-villar-amilquita\/#respond"]}]},{"@type":"WebPage","@id":"https:\/\/digital58.com.ve\/site\/2020\/07\/22\/fallecio-amilcar-del-villar-amilquita\/","url":"https:\/\/digital58.com.ve\/site\/2020\/07\/22\/fallecio-amilcar-del-villar-amilquita\/","name":"Falleci\u00f3 Amilcar del Villar \u00abAmilquita\u00bb","isPartOf":{"@id":"https:\/\/digital58.com.ve\/site\/#website"},"primaryImageOfPage":{"@id":"https:\/\/digital58.com.ve\/site\/2020\/07\/22\/fallecio-amilcar-del-villar-amilquita\/#primaryimage"},"image":{"@id":"https:\/\/digital58.com.ve\/site\/2020\/07\/22\/fallecio-amilcar-del-villar-amilquita\/#primaryimage"},"thumbnailUrl":"https:\/\/digital58.com.ve\/site\/wp-content\/uploads\/2020\/07\/amilquita.jpg","datePublished":"2020-07-22T12:59:33+00:00","description":"Fama","breadcrumb":{"@id":"https:\/\/digital58.com.ve\/site\/2020\/07\/22\/fallecio-amilcar-del-villar-amilquita\/#breadcrumb"},"inLanguage":"es","potentialAction":[{"@type":"ReadAction","target":["https:\/\/digital58.com.ve\/site\/2020\/07\/22\/fallecio-amilcar-del-villar-amilquita\/"]}]},{"@type":"ImageObject","inLanguage":"es","@id":"https:\/\/digital58.com.ve\/site\/2020\/07\/22\/fallecio-amilcar-del-villar-amilquita\/#primaryimage","url":"https:\/\/digital58.com.ve\/site\/wp-content\/uploads\/2020\/07\/amilquita.jpg","contentUrl":"https:\/\/digital58.com.ve\/site\/wp-content\/uploads\/2020\/07\/amilquita.jpg","width":800,"height":535},{"@type":"BreadcrumbList","@id":"https:\/\/digital58.com.ve\/site\/2020\/07\/22\/fallecio-amilcar-del-villar-amilquita\/#breadcrumb","itemListElement":[{"@type":"ListItem","position":1,"name":"Home","item":"https:\/\/digital58.com.ve\/site\/"},{"@type":"ListItem","position":2,"name":"Falleci\u00f3 Amilcar del Villar \u00abAmilquita\u00bb"}]},{"@type":"WebSite","@id":"https:\/\/digital58.com.ve\/site\/#website","url":"https:\/\/digital58.com.ve\/site\/","name":"Noticias Digital58","description":"Portal de Noticias \u00a1Periodismo web de verdad! Lanzamiento web 22.11.2005 \/ Maracaibo, Venezuela","publisher":{"@id":"https:\/\/digital58.com.ve\/site\/#\/schema\/person\/64d1c2e4d0d4fd1b849980c4331c2951"},"alternateName":"ND58","potentialAction":[{"@type":"SearchAction","target":{"@type":"EntryPoint","urlTemplate":"https:\/\/digital58.com.ve\/site\/?s={search_term_string}"},"query-input":{"@type":"PropertyValueSpecification","valueRequired":true,"valueName":"search_term_string"}}],"inLanguage":"es"},{"@type":["Person","Organization"],"@id":"https:\/\/digital58.com.ve\/site\/#\/schema\/person\/64d1c2e4d0d4fd1b849980c4331c2951","name":"Villasmil Henry","image":{"@type":"ImageObject","inLanguage":"es","@id":"https:\/\/secure.gravatar.com\/avatar\/bb0c4a2fcb7970138239f7e404ea75757b1b507b28b5ce4c53fbd62d797c5a7c?s=96&d=mm&r=g","url":"https:\/\/secure.gravatar.com\/avatar\/bb0c4a2fcb7970138239f7e404ea75757b1b507b28b5ce4c53fbd62d797c5a7c?s=96&d=mm&r=g","contentUrl":"https:\/\/secure.gravatar.com\/avatar\/bb0c4a2fcb7970138239f7e404ea75757b1b507b28b5ce4c53fbd62d797c5a7c?s=96&d=mm&r=g","caption":"Villasmil Henry"},"logo":{"@id":"https:\/\/secure.gravatar.com\/avatar\/bb0c4a2fcb7970138239f7e404ea75757b1b507b28b5ce4c53fbd62d797c5a7c?s=96&d=mm&r=g"},"sameAs":["http:\/\/www.henryvillasmil.com.ve","https:\/\/www.instagram.com\/villasmilhfoto\/","https:\/\/x.com\/https:\/\/twitter.com\/villasmilhfoto"],"url":"https:\/\/digital58.com.ve\/site\/author\/droopy_68\/"}]}},"uagb_featured_image_src":{"full":["https:\/\/digital58.com.ve\/site\/wp-content\/uploads\/2020\/07\/amilquita.jpg",800,535,false],"thumbnail":["https:\/\/digital58.com.ve\/site\/wp-content\/uploads\/2020\/07\/amilquita-150x150.jpg",150,150,true],"medium":["https:\/\/digital58.com.ve\/site\/wp-content\/uploads\/2020\/07\/amilquita-300x201.jpg",300,201,true],"medium_large":["https:\/\/digital58.com.ve\/site\/wp-content\/uploads\/2020\/07\/amilquita-768x514.jpg",768,514,true],"large":["https:\/\/digital58.com.ve\/site\/wp-content\/uploads\/2020\/07\/amilquita.jpg",800,535,false],"1536x1536":["https:\/\/digital58.com.ve\/site\/wp-content\/uploads\/2020\/07\/amilquita.jpg",800,535,false],"2048x2048":["https:\/\/digital58.com.ve\/site\/wp-content\/uploads\/2020\/07\/amilquita.jpg",800,535,false],"colormag-highlighted-post":["https:\/\/digital58.com.ve\/site\/wp-content\/uploads\/2020\/07\/amilquita.jpg",392,262,false],"colormag-featured-post-medium":["https:\/\/digital58.com.ve\/site\/wp-content\/uploads\/2020\/07\/amilquita.jpg",307,205,false],"colormag-featured-post-small":["https:\/\/digital58.com.ve\/site\/wp-content\/uploads\/2020\/07\/amilquita.jpg",130,87,false],"colormag-featured-image":["https:\/\/digital58.com.ve\/site\/wp-content\/uploads\/2020\/07\/amilquita.jpg",665,445,false],"colormag-default-news":["https:\/\/digital58.com.ve\/site\/wp-content\/uploads\/2020\/07\/amilquita.jpg",150,100,false],"colormag-featured-image-large":["https:\/\/digital58.com.ve\/site\/wp-content\/uploads\/2020\/07\/amilquita.jpg",800,535,false]},"uagb_author_info":{"display_name":"Villasmil Henry","author_link":"https:\/\/digital58.com.ve\/site\/author\/droopy_68\/"},"uagb_comment_info":1,"uagb_excerpt":"Seg\u00fan allegados y familiares, el humorista se encontraba en su casa cumpliendo con su tratamiento m\u00e9dico y muri\u00f3 a las","_links":{"self":[{"href":"https:\/\/digital58.com.ve\/site\/wp-json\/wp\/v2\/posts\/116674","targetHints":{"allow":["GET"]}}],"collection":[{"href":"https:\/\/digital58.com.ve\/site\/wp-json\/wp\/v2\/posts"}],"about":[{"href":"https:\/\/digital58.com.ve\/site\/wp-json\/wp\/v2\/types\/post"}],"author":[{"embeddable":true,"href":"https:\/\/digital58.com.ve\/site\/wp-json\/wp\/v2\/users\/1"}],"replies":[{"embeddable":true,"href":"https:\/\/digital58.com.ve\/site\/wp-json\/wp\/v2\/comments?post=116674"}],"version-history":[{"count":0,"href":"https:\/\/digital58.com.ve\/site\/wp-json\/wp\/v2\/posts\/116674\/revisions"}],"wp:featuredmedia":[{"embeddable":true,"href":"https:\/\/digital58.com.ve\/site\/wp-json\/wp\/v2\/media\/116675"}],"wp:attachment":[{"href":"https:\/\/digital58.com.ve\/site\/wp-json\/wp\/v2\/media?parent=116674"}],"wp:term":[{"taxonomy":"category","embeddable":true,"href":"https:\/\/digital58.com.ve\/site\/wp-json\/wp\/v2\/categories?post=116674"},{"taxonomy":"post_tag","embeddable":true,"href":"https:\/\/digital58.com.ve\/site\/wp-json\/wp\/v2\/tags?post=116674"}],"curies":[{"name":"wp","href":"https:\/\/api.w.org\/{rel}","templated":true}]}}