{"id":116893,"date":"2020-07-22T19:57:09","date_gmt":"2020-07-22T23:57:09","guid":{"rendered":"https:\/\/digital58.com.ve\/site\/?p=116893"},"modified":"2020-07-22T19:57:09","modified_gmt":"2020-07-22T23:57:09","slug":"brasil-implanto-record-de-casos-por-la-covid-19-en-la-ultimas-24-horas","status":"publish","type":"post","link":"https:\/\/digital58.com.ve\/site\/2020\/07\/22\/brasil-implanto-record-de-casos-por-la-covid-19-en-la-ultimas-24-horas\/","title":{"rendered":"Brasil implant\u00f3 r\u00e9cord de casos por la COVID-19  en la \u00faltimas 24 horas"},"content":{"rendered":"<p><img loading=\"lazy\" decoding=\"async\" class=\"size-full wp-image-116895 aligncenter\" src=\"https:\/\/digital58.com.ve\/site\/wp-content\/uploads\/2020\/07\/2020-02-09T095744Z_1803362753_RC2XWE9MX8GI_RTRMADP_3_CHINA-HEALTH-BRAZIL_20200209110033-kYWC-U473792922177YgD-992x558@LaVanguardia-Web.jpg\" alt=\"\" width=\"800\" height=\"450\" srcset=\"https:\/\/digital58.com.ve\/site\/wp-content\/uploads\/2020\/07\/2020-02-09T095744Z_1803362753_RC2XWE9MX8GI_RTRMADP_3_CHINA-HEALTH-BRAZIL_20200209110033-kYWC-U473792922177YgD-992x558@LaVanguardia-Web.jpg 800w, https:\/\/digital58.com.ve\/site\/wp-content\/uploads\/2020\/07\/2020-02-09T095744Z_1803362753_RC2XWE9MX8GI_RTRMADP_3_CHINA-HEALTH-BRAZIL_20200209110033-kYWC-U473792922177YgD-992x558@LaVanguardia-Web-300x169.jpg 300w, https:\/\/digital58.com.ve\/site\/wp-content\/uploads\/2020\/07\/2020-02-09T095744Z_1803362753_RC2XWE9MX8GI_RTRMADP_3_CHINA-HEALTH-BRAZIL_20200209110033-kYWC-U473792922177YgD-992x558@LaVanguardia-Web-768x432.jpg 768w\" sizes=\"auto, (max-width: 800px) 100vw, 800px\" \/><\/p>\n<p>Los expertos estiman que esa cifra est\u00e1 muy infravalorada, debido a la falta de test en este pa\u00eds de 212 millones de habitantes. El combate contra la pandemia se vio comprometido principalmente por su politizaci\u00f3n.<\/p>\n<p><b>Brasil\u00a0 <\/b><strong>22 de julio de 2020 (ND58).-<\/strong>Brasil registr\u00f3 este mi\u00e9rcoles un nuevo r\u00e9cord de casos de coronavirus confirmados en las \u00faltimas 24 horas, con 67.860, seg\u00fan el \u00faltimo balance oficial.<\/p>\n<p>Cinco meses despu\u00e9s del primer contagio, la cifra total de casos confirmados se eleva a 2.227.514 en el segundo pa\u00eds con m\u00e1s contagiados y muertos (82.771, con 1.284 en las \u00faltimas 24 horas), por detr\u00e1s de Estados Unidos. El r\u00e9cord anterior hab\u00eda sido el 19 de junio, con 54.771 casos confirmados.<\/p>\n<p>El viernes pasado, la Organizaci\u00f3n Mundial de la Salud (OMS) afirm\u00f3 que la pandemia hab\u00eda alcanzado una \u00abmeseta\u00bb en Brasil, instando al pa\u00eds sudamericano a aprovechar la oportunidad para controlar los contagios.<\/p>\n<p>Los expertos estiman que esa cifra est\u00e1 muy infravalorada, debido a la falta de test en este pa\u00eds de 212 millones de habitantes. El combate contra la pandemia se vio comprometido principalmente por su politizaci\u00f3n.<\/p>\n<p>El presidente Jair Bolsonaro lleva a cabo una intensa campa\u00f1a, alegando razones econ\u00f3micas, contra las medidas de cuarentena impuestas por los gobernadores. Y la mayor\u00eda de los estados se hallan en un proceso de desconfinamiento juzgado prematuro por los expertos.<\/p>\n<p>El propio Bolsonaro contrajo el virus, sin modificar su postura desafiante ante lo que lleg\u00f3 a calificar de \u00abgripecita\u00bb.<\/p>\n<p>Este mi\u00e9rcoles, volvi\u00f3 a dar positivo por el virus, dos semanas despu\u00e9s del primer test y del inicio de su confinamiento, si bien la Presidencia afirm\u00f3 que el mandatario \u201ccontin\u00faa con una buena evoluci\u00f3n de salud, acompa\u00f1ado por el equipo m\u00e9dico. El test fue realizado el martes.<\/p><div class=\"wsywl69f450a6d7b51\" ><p style=\"text-align: center;\"><a href=\"https:\/\/t.me\/noticiasdigital58\" target=\"_blank\" rel=\"noopener\"><img class=\"aligncenter size-full wp-image-125363\" src=\"https:\/\/digital58.com.ve\/site\/wp-content\/uploads\/2021\/04\/banner-telegram-web-2021.png\" alt=\"\" width=\"600\" height=\"90\" \/><\/a><\/p><\/div><style type=\"text\/css\">\r\n@media screen and (min-width: 1201px) {\r\n.wsywl69f450a6d7b51 {\r\ndisplay: block;\r\n}\r\n}\r\n@media screen and (min-width: 993px) and (max-width: 1200px) {\r\n.wsywl69f450a6d7b51 {\r\ndisplay: block;\r\n}\r\n}\r\n@media screen and (min-width: 769px) and (max-width: 992px) {\r\n.wsywl69f450a6d7b51 {\r\ndisplay: block;\r\n}\r\n}\r\n@media screen and (min-width: 768px) and (max-width: 768px) {\r\n.wsywl69f450a6d7b51 {\r\ndisplay: block;\r\n}\r\n}\r\n@media screen and (max-width: 767px) {\r\n.wsywl69f450a6d7b51 {\r\ndisplay: block;\r\n}\r\n}\r\n<\/style>\r\n\n<p><b><strong>Re<\/strong><strong>dacci\u00f3n: Molero, Luis\u00a0 (@Moleromarquez) | Fuente: Agencias<br \/>\nEdici\u00f3n: Villasmil, Henry; Ch\u00e1vez, Marian<br \/>\nGr\u00e1ficas: Cortes\u00eda<\/strong><\/b><\/p>\n<div style=\"margin-top: 0px; margin-bottom: 0px;\" class=\"sharethis-inline-share-buttons\" ><\/div>","protected":false},"excerpt":{"rendered":"<p>Los expertos estiman que esa cifra est\u00e1 muy infravalorada, debido a la falta de test en este pa\u00eds de 212<\/p>\n","protected":false},"author":26,"featured_media":116895,"comment_status":"open","ping_status":"closed","sticky":false,"template":"","format":"standard","meta":{"colormag_page_container_layout":"default_layout","colormag_page_sidebar_layout":"default_layout","_uag_custom_page_level_css":"","footnotes":""},"categories":[16451],"tags":[35,13352,13648,8,18488],"class_list":["post-116893","post","type-post","status-publish","format-standard","has-post-thumbnail","hentry","category-mundo","tag-brasil","tag-coronavirus","tag-covid-19","tag-internacionales","tag-record-de-casos"],"yoast_head":"<!-- This site is optimized with the Yoast SEO plugin v27.5 - https:\/\/yoast.com\/product\/yoast-seo-wordpress\/ -->\n<title>Brasil implant\u00f3 r\u00e9cord de casos por la COVID-19 en la \u00faltimas 24 horas<\/title>\n<meta name=\"description\" content=\"Mundo\" \/>\n<meta name=\"robots\" content=\"index, follow, max-snippet:-1, max-image-preview:large, max-video-preview:-1\" \/>\n<link rel=\"canonical\" href=\"https:\/\/digital58.com.ve\/site\/2020\/07\/22\/brasil-implanto-record-de-casos-por-la-covid-19-en-la-ultimas-24-horas\/\" \/>\n<meta property=\"og:locale\" content=\"es_ES\" \/>\n<meta property=\"og:type\" content=\"article\" \/>\n<meta property=\"og:title\" content=\"Brasil implant\u00f3 r\u00e9cord de casos por la COVID-19 en la \u00faltimas 24 horas\" \/>\n<meta property=\"og:description\" content=\"Mundo\" \/>\n<meta property=\"og:url\" content=\"https:\/\/digital58.com.ve\/site\/2020\/07\/22\/brasil-implanto-record-de-casos-por-la-covid-19-en-la-ultimas-24-horas\/\" \/>\n<meta property=\"og:site_name\" content=\"Noticias Digital58\" \/>\n<meta property=\"article:published_time\" content=\"2020-07-22T23:57:09+00:00\" \/>\n<meta property=\"og:image\" content=\"https:\/\/digital58.com.ve\/site\/wp-content\/uploads\/2020\/07\/2020-02-09T095744Z_1803362753_RC2XWE9MX8GI_RTRMADP_3_CHINA-HEALTH-BRAZIL_20200209110033-kYWC-U473792922177YgD-992x558@LaVanguardia-Web.jpg\" \/>\n\t<meta property=\"og:image:width\" content=\"800\" \/>\n\t<meta property=\"og:image:height\" content=\"450\" \/>\n\t<meta property=\"og:image:type\" content=\"image\/jpeg\" \/>\n<meta name=\"author\" content=\"Molero Luis\" \/>\n<meta name=\"twitter:card\" content=\"summary_large_image\" \/>\n<meta name=\"twitter:creator\" content=\"@Digital_58\" \/>\n<meta name=\"twitter:site\" content=\"@villasmilhfoto\" \/>\n<meta name=\"twitter:label1\" content=\"Escrito por\" \/>\n\t<meta name=\"twitter:data1\" content=\"Molero Luis\" \/>\n\t<meta name=\"twitter:label2\" content=\"Tiempo estimado de lectura\" \/>\n\t<meta name=\"twitter:data2\" content=\"2 minutos\" \/>\n<script type=\"application\/ld+json\" class=\"yoast-schema-graph\">{\"@context\":\"https:\\\/\\\/schema.org\",\"@graph\":[{\"@type\":\"Article\",\"@id\":\"https:\\\/\\\/digital58.com.ve\\\/site\\\/2020\\\/07\\\/22\\\/brasil-implanto-record-de-casos-por-la-covid-19-en-la-ultimas-24-horas\\\/#article\",\"isPartOf\":{\"@id\":\"https:\\\/\\\/digital58.com.ve\\\/site\\\/2020\\\/07\\\/22\\\/brasil-implanto-record-de-casos-por-la-covid-19-en-la-ultimas-24-horas\\\/\"},\"author\":{\"name\":\"Molero Luis\",\"@id\":\"https:\\\/\\\/digital58.com.ve\\\/site\\\/#\\\/schema\\\/person\\\/c61667ce6845137620ee3f0aaabade17\"},\"headline\":\"Brasil implant\u00f3 r\u00e9cord de casos por la COVID-19 en la \u00faltimas 24 horas\",\"datePublished\":\"2020-07-22T23:57:09+00:00\",\"mainEntityOfPage\":{\"@id\":\"https:\\\/\\\/digital58.com.ve\\\/site\\\/2020\\\/07\\\/22\\\/brasil-implanto-record-de-casos-por-la-covid-19-en-la-ultimas-24-horas\\\/\"},\"wordCount\":335,\"commentCount\":0,\"publisher\":{\"@id\":\"https:\\\/\\\/digital58.com.ve\\\/site\\\/#\\\/schema\\\/person\\\/64d1c2e4d0d4fd1b849980c4331c2951\"},\"image\":{\"@id\":\"https:\\\/\\\/digital58.com.ve\\\/site\\\/2020\\\/07\\\/22\\\/brasil-implanto-record-de-casos-por-la-covid-19-en-la-ultimas-24-horas\\\/#primaryimage\"},\"thumbnailUrl\":\"https:\\\/\\\/digital58.com.ve\\\/site\\\/wp-content\\\/uploads\\\/2020\\\/07\\\/2020-02-09T095744Z_1803362753_RC2XWE9MX8GI_RTRMADP_3_CHINA-HEALTH-BRAZIL_20200209110033-kYWC-U473792922177YgD-992x558@LaVanguardia-Web.jpg\",\"keywords\":[\"Brasil\",\"Coronavirus\",\"COVID-19\",\"Internacionales\",\"r\u00e9cord de casos\"],\"articleSection\":[\"Mundo\"],\"inLanguage\":\"es\",\"potentialAction\":[{\"@type\":\"CommentAction\",\"name\":\"Comment\",\"target\":[\"https:\\\/\\\/digital58.com.ve\\\/site\\\/2020\\\/07\\\/22\\\/brasil-implanto-record-de-casos-por-la-covid-19-en-la-ultimas-24-horas\\\/#respond\"]}]},{\"@type\":\"WebPage\",\"@id\":\"https:\\\/\\\/digital58.com.ve\\\/site\\\/2020\\\/07\\\/22\\\/brasil-implanto-record-de-casos-por-la-covid-19-en-la-ultimas-24-horas\\\/\",\"url\":\"https:\\\/\\\/digital58.com.ve\\\/site\\\/2020\\\/07\\\/22\\\/brasil-implanto-record-de-casos-por-la-covid-19-en-la-ultimas-24-horas\\\/\",\"name\":\"Brasil implant\u00f3 r\u00e9cord de casos por la COVID-19 en la \u00faltimas 24 horas\",\"isPartOf\":{\"@id\":\"https:\\\/\\\/digital58.com.ve\\\/site\\\/#website\"},\"primaryImageOfPage\":{\"@id\":\"https:\\\/\\\/digital58.com.ve\\\/site\\\/2020\\\/07\\\/22\\\/brasil-implanto-record-de-casos-por-la-covid-19-en-la-ultimas-24-horas\\\/#primaryimage\"},\"image\":{\"@id\":\"https:\\\/\\\/digital58.com.ve\\\/site\\\/2020\\\/07\\\/22\\\/brasil-implanto-record-de-casos-por-la-covid-19-en-la-ultimas-24-horas\\\/#primaryimage\"},\"thumbnailUrl\":\"https:\\\/\\\/digital58.com.ve\\\/site\\\/wp-content\\\/uploads\\\/2020\\\/07\\\/2020-02-09T095744Z_1803362753_RC2XWE9MX8GI_RTRMADP_3_CHINA-HEALTH-BRAZIL_20200209110033-kYWC-U473792922177YgD-992x558@LaVanguardia-Web.jpg\",\"datePublished\":\"2020-07-22T23:57:09+00:00\",\"description\":\"Mundo\",\"breadcrumb\":{\"@id\":\"https:\\\/\\\/digital58.com.ve\\\/site\\\/2020\\\/07\\\/22\\\/brasil-implanto-record-de-casos-por-la-covid-19-en-la-ultimas-24-horas\\\/#breadcrumb\"},\"inLanguage\":\"es\",\"potentialAction\":[{\"@type\":\"ReadAction\",\"target\":[\"https:\\\/\\\/digital58.com.ve\\\/site\\\/2020\\\/07\\\/22\\\/brasil-implanto-record-de-casos-por-la-covid-19-en-la-ultimas-24-horas\\\/\"]}]},{\"@type\":\"ImageObject\",\"inLanguage\":\"es\",\"@id\":\"https:\\\/\\\/digital58.com.ve\\\/site\\\/2020\\\/07\\\/22\\\/brasil-implanto-record-de-casos-por-la-covid-19-en-la-ultimas-24-horas\\\/#primaryimage\",\"url\":\"https:\\\/\\\/digital58.com.ve\\\/site\\\/wp-content\\\/uploads\\\/2020\\\/07\\\/2020-02-09T095744Z_1803362753_RC2XWE9MX8GI_RTRMADP_3_CHINA-HEALTH-BRAZIL_20200209110033-kYWC-U473792922177YgD-992x558@LaVanguardia-Web.jpg\",\"contentUrl\":\"https:\\\/\\\/digital58.com.ve\\\/site\\\/wp-content\\\/uploads\\\/2020\\\/07\\\/2020-02-09T095744Z_1803362753_RC2XWE9MX8GI_RTRMADP_3_CHINA-HEALTH-BRAZIL_20200209110033-kYWC-U473792922177YgD-992x558@LaVanguardia-Web.jpg\",\"width\":800,\"height\":450},{\"@type\":\"BreadcrumbList\",\"@id\":\"https:\\\/\\\/digital58.com.ve\\\/site\\\/2020\\\/07\\\/22\\\/brasil-implanto-record-de-casos-por-la-covid-19-en-la-ultimas-24-horas\\\/#breadcrumb\",\"itemListElement\":[{\"@type\":\"ListItem\",\"position\":1,\"name\":\"Home\",\"item\":\"https:\\\/\\\/digital58.com.ve\\\/site\\\/\"},{\"@type\":\"ListItem\",\"position\":2,\"name\":\"Brasil implant\u00f3 r\u00e9cord de casos por la COVID-19 en la \u00faltimas 24 horas\"}]},{\"@type\":\"WebSite\",\"@id\":\"https:\\\/\\\/digital58.com.ve\\\/site\\\/#website\",\"url\":\"https:\\\/\\\/digital58.com.ve\\\/site\\\/\",\"name\":\"Noticias Digital58\",\"description\":\"Portal de Noticias \u00a1Periodismo web de verdad! Lanzamiento web 22.11.2005 \\\/ Maracaibo, Venezuela\",\"publisher\":{\"@id\":\"https:\\\/\\\/digital58.com.ve\\\/site\\\/#\\\/schema\\\/person\\\/64d1c2e4d0d4fd1b849980c4331c2951\"},\"alternateName\":\"ND58\",\"potentialAction\":[{\"@type\":\"SearchAction\",\"target\":{\"@type\":\"EntryPoint\",\"urlTemplate\":\"https:\\\/\\\/digital58.com.ve\\\/site\\\/?s={search_term_string}\"},\"query-input\":{\"@type\":\"PropertyValueSpecification\",\"valueRequired\":true,\"valueName\":\"search_term_string\"}}],\"inLanguage\":\"es\"},{\"@type\":[\"Person\",\"Organization\"],\"@id\":\"https:\\\/\\\/digital58.com.ve\\\/site\\\/#\\\/schema\\\/person\\\/64d1c2e4d0d4fd1b849980c4331c2951\",\"name\":\"Villasmil Henry\",\"image\":{\"@type\":\"ImageObject\",\"inLanguage\":\"es\",\"@id\":\"https:\\\/\\\/secure.gravatar.com\\\/avatar\\\/bb0c4a2fcb7970138239f7e404ea75757b1b507b28b5ce4c53fbd62d797c5a7c?s=96&d=mm&r=g\",\"url\":\"https:\\\/\\\/secure.gravatar.com\\\/avatar\\\/bb0c4a2fcb7970138239f7e404ea75757b1b507b28b5ce4c53fbd62d797c5a7c?s=96&d=mm&r=g\",\"contentUrl\":\"https:\\\/\\\/secure.gravatar.com\\\/avatar\\\/bb0c4a2fcb7970138239f7e404ea75757b1b507b28b5ce4c53fbd62d797c5a7c?s=96&d=mm&r=g\",\"caption\":\"Villasmil Henry\"},\"logo\":{\"@id\":\"https:\\\/\\\/secure.gravatar.com\\\/avatar\\\/bb0c4a2fcb7970138239f7e404ea75757b1b507b28b5ce4c53fbd62d797c5a7c?s=96&d=mm&r=g\"},\"sameAs\":[\"http:\\\/\\\/www.henryvillasmil.com.ve\",\"https:\\\/\\\/www.instagram.com\\\/villasmilhfoto\\\/\",\"https:\\\/\\\/x.com\\\/https:\\\/\\\/twitter.com\\\/villasmilhfoto\"]},{\"@type\":\"Person\",\"@id\":\"https:\\\/\\\/digital58.com.ve\\\/site\\\/#\\\/schema\\\/person\\\/c61667ce6845137620ee3f0aaabade17\",\"name\":\"Molero Luis\",\"image\":{\"@type\":\"ImageObject\",\"inLanguage\":\"es\",\"@id\":\"https:\\\/\\\/secure.gravatar.com\\\/avatar\\\/bf041ec637e3e7405449807deb2f7cf3d2de7c6fa755dd56e985201de9863f2b?s=96&d=mm&r=g\",\"url\":\"https:\\\/\\\/secure.gravatar.com\\\/avatar\\\/bf041ec637e3e7405449807deb2f7cf3d2de7c6fa755dd56e985201de9863f2b?s=96&d=mm&r=g\",\"contentUrl\":\"https:\\\/\\\/secure.gravatar.com\\\/avatar\\\/bf041ec637e3e7405449807deb2f7cf3d2de7c6fa755dd56e985201de9863f2b?s=96&d=mm&r=g\",\"caption\":\"Molero Luis\"},\"url\":\"https:\\\/\\\/digital58.com.ve\\\/site\\\/author\\\/luismolero\\\/\"}]}<\/script>\n<!-- \/ Yoast SEO plugin. -->","yoast_head_json":{"title":"Brasil implant\u00f3 r\u00e9cord de casos por la COVID-19 en la \u00faltimas 24 horas","description":"Mundo","robots":{"index":"index","follow":"follow","max-snippet":"max-snippet:-1","max-image-preview":"max-image-preview:large","max-video-preview":"max-video-preview:-1"},"canonical":"https:\/\/digital58.com.ve\/site\/2020\/07\/22\/brasil-implanto-record-de-casos-por-la-covid-19-en-la-ultimas-24-horas\/","og_locale":"es_ES","og_type":"article","og_title":"Brasil implant\u00f3 r\u00e9cord de casos por la COVID-19 en la \u00faltimas 24 horas","og_description":"Mundo","og_url":"https:\/\/digital58.com.ve\/site\/2020\/07\/22\/brasil-implanto-record-de-casos-por-la-covid-19-en-la-ultimas-24-horas\/","og_site_name":"Noticias Digital58","article_published_time":"2020-07-22T23:57:09+00:00","og_image":[{"width":800,"height":450,"url":"https:\/\/digital58.com.ve\/site\/wp-content\/uploads\/2020\/07\/2020-02-09T095744Z_1803362753_RC2XWE9MX8GI_RTRMADP_3_CHINA-HEALTH-BRAZIL_20200209110033-kYWC-U473792922177YgD-992x558@LaVanguardia-Web.jpg","type":"image\/jpeg"}],"author":"Molero Luis","twitter_card":"summary_large_image","twitter_creator":"@Digital_58","twitter_site":"@villasmilhfoto","twitter_misc":{"Escrito por":"Molero Luis","Tiempo estimado de lectura":"2 minutos"},"schema":{"@context":"https:\/\/schema.org","@graph":[{"@type":"Article","@id":"https:\/\/digital58.com.ve\/site\/2020\/07\/22\/brasil-implanto-record-de-casos-por-la-covid-19-en-la-ultimas-24-horas\/#article","isPartOf":{"@id":"https:\/\/digital58.com.ve\/site\/2020\/07\/22\/brasil-implanto-record-de-casos-por-la-covid-19-en-la-ultimas-24-horas\/"},"author":{"name":"Molero Luis","@id":"https:\/\/digital58.com.ve\/site\/#\/schema\/person\/c61667ce6845137620ee3f0aaabade17"},"headline":"Brasil implant\u00f3 r\u00e9cord de casos por la COVID-19 en la \u00faltimas 24 horas","datePublished":"2020-07-22T23:57:09+00:00","mainEntityOfPage":{"@id":"https:\/\/digital58.com.ve\/site\/2020\/07\/22\/brasil-implanto-record-de-casos-por-la-covid-19-en-la-ultimas-24-horas\/"},"wordCount":335,"commentCount":0,"publisher":{"@id":"https:\/\/digital58.com.ve\/site\/#\/schema\/person\/64d1c2e4d0d4fd1b849980c4331c2951"},"image":{"@id":"https:\/\/digital58.com.ve\/site\/2020\/07\/22\/brasil-implanto-record-de-casos-por-la-covid-19-en-la-ultimas-24-horas\/#primaryimage"},"thumbnailUrl":"https:\/\/digital58.com.ve\/site\/wp-content\/uploads\/2020\/07\/2020-02-09T095744Z_1803362753_RC2XWE9MX8GI_RTRMADP_3_CHINA-HEALTH-BRAZIL_20200209110033-kYWC-U473792922177YgD-992x558@LaVanguardia-Web.jpg","keywords":["Brasil","Coronavirus","COVID-19","Internacionales","r\u00e9cord de casos"],"articleSection":["Mundo"],"inLanguage":"es","potentialAction":[{"@type":"CommentAction","name":"Comment","target":["https:\/\/digital58.com.ve\/site\/2020\/07\/22\/brasil-implanto-record-de-casos-por-la-covid-19-en-la-ultimas-24-horas\/#respond"]}]},{"@type":"WebPage","@id":"https:\/\/digital58.com.ve\/site\/2020\/07\/22\/brasil-implanto-record-de-casos-por-la-covid-19-en-la-ultimas-24-horas\/","url":"https:\/\/digital58.com.ve\/site\/2020\/07\/22\/brasil-implanto-record-de-casos-por-la-covid-19-en-la-ultimas-24-horas\/","name":"Brasil implant\u00f3 r\u00e9cord de casos por la COVID-19 en la \u00faltimas 24 horas","isPartOf":{"@id":"https:\/\/digital58.com.ve\/site\/#website"},"primaryImageOfPage":{"@id":"https:\/\/digital58.com.ve\/site\/2020\/07\/22\/brasil-implanto-record-de-casos-por-la-covid-19-en-la-ultimas-24-horas\/#primaryimage"},"image":{"@id":"https:\/\/digital58.com.ve\/site\/2020\/07\/22\/brasil-implanto-record-de-casos-por-la-covid-19-en-la-ultimas-24-horas\/#primaryimage"},"thumbnailUrl":"https:\/\/digital58.com.ve\/site\/wp-content\/uploads\/2020\/07\/2020-02-09T095744Z_1803362753_RC2XWE9MX8GI_RTRMADP_3_CHINA-HEALTH-BRAZIL_20200209110033-kYWC-U473792922177YgD-992x558@LaVanguardia-Web.jpg","datePublished":"2020-07-22T23:57:09+00:00","description":"Mundo","breadcrumb":{"@id":"https:\/\/digital58.com.ve\/site\/2020\/07\/22\/brasil-implanto-record-de-casos-por-la-covid-19-en-la-ultimas-24-horas\/#breadcrumb"},"inLanguage":"es","potentialAction":[{"@type":"ReadAction","target":["https:\/\/digital58.com.ve\/site\/2020\/07\/22\/brasil-implanto-record-de-casos-por-la-covid-19-en-la-ultimas-24-horas\/"]}]},{"@type":"ImageObject","inLanguage":"es","@id":"https:\/\/digital58.com.ve\/site\/2020\/07\/22\/brasil-implanto-record-de-casos-por-la-covid-19-en-la-ultimas-24-horas\/#primaryimage","url":"https:\/\/digital58.com.ve\/site\/wp-content\/uploads\/2020\/07\/2020-02-09T095744Z_1803362753_RC2XWE9MX8GI_RTRMADP_3_CHINA-HEALTH-BRAZIL_20200209110033-kYWC-U473792922177YgD-992x558@LaVanguardia-Web.jpg","contentUrl":"https:\/\/digital58.com.ve\/site\/wp-content\/uploads\/2020\/07\/2020-02-09T095744Z_1803362753_RC2XWE9MX8GI_RTRMADP_3_CHINA-HEALTH-BRAZIL_20200209110033-kYWC-U473792922177YgD-992x558@LaVanguardia-Web.jpg","width":800,"height":450},{"@type":"BreadcrumbList","@id":"https:\/\/digital58.com.ve\/site\/2020\/07\/22\/brasil-implanto-record-de-casos-por-la-covid-19-en-la-ultimas-24-horas\/#breadcrumb","itemListElement":[{"@type":"ListItem","position":1,"name":"Home","item":"https:\/\/digital58.com.ve\/site\/"},{"@type":"ListItem","position":2,"name":"Brasil implant\u00f3 r\u00e9cord de casos por la COVID-19 en la \u00faltimas 24 horas"}]},{"@type":"WebSite","@id":"https:\/\/digital58.com.ve\/site\/#website","url":"https:\/\/digital58.com.ve\/site\/","name":"Noticias Digital58","description":"Portal de Noticias \u00a1Periodismo web de verdad! Lanzamiento web 22.11.2005 \/ Maracaibo, Venezuela","publisher":{"@id":"https:\/\/digital58.com.ve\/site\/#\/schema\/person\/64d1c2e4d0d4fd1b849980c4331c2951"},"alternateName":"ND58","potentialAction":[{"@type":"SearchAction","target":{"@type":"EntryPoint","urlTemplate":"https:\/\/digital58.com.ve\/site\/?s={search_term_string}"},"query-input":{"@type":"PropertyValueSpecification","valueRequired":true,"valueName":"search_term_string"}}],"inLanguage":"es"},{"@type":["Person","Organization"],"@id":"https:\/\/digital58.com.ve\/site\/#\/schema\/person\/64d1c2e4d0d4fd1b849980c4331c2951","name":"Villasmil Henry","image":{"@type":"ImageObject","inLanguage":"es","@id":"https:\/\/secure.gravatar.com\/avatar\/bb0c4a2fcb7970138239f7e404ea75757b1b507b28b5ce4c53fbd62d797c5a7c?s=96&d=mm&r=g","url":"https:\/\/secure.gravatar.com\/avatar\/bb0c4a2fcb7970138239f7e404ea75757b1b507b28b5ce4c53fbd62d797c5a7c?s=96&d=mm&r=g","contentUrl":"https:\/\/secure.gravatar.com\/avatar\/bb0c4a2fcb7970138239f7e404ea75757b1b507b28b5ce4c53fbd62d797c5a7c?s=96&d=mm&r=g","caption":"Villasmil Henry"},"logo":{"@id":"https:\/\/secure.gravatar.com\/avatar\/bb0c4a2fcb7970138239f7e404ea75757b1b507b28b5ce4c53fbd62d797c5a7c?s=96&d=mm&r=g"},"sameAs":["http:\/\/www.henryvillasmil.com.ve","https:\/\/www.instagram.com\/villasmilhfoto\/","https:\/\/x.com\/https:\/\/twitter.com\/villasmilhfoto"]},{"@type":"Person","@id":"https:\/\/digital58.com.ve\/site\/#\/schema\/person\/c61667ce6845137620ee3f0aaabade17","name":"Molero Luis","image":{"@type":"ImageObject","inLanguage":"es","@id":"https:\/\/secure.gravatar.com\/avatar\/bf041ec637e3e7405449807deb2f7cf3d2de7c6fa755dd56e985201de9863f2b?s=96&d=mm&r=g","url":"https:\/\/secure.gravatar.com\/avatar\/bf041ec637e3e7405449807deb2f7cf3d2de7c6fa755dd56e985201de9863f2b?s=96&d=mm&r=g","contentUrl":"https:\/\/secure.gravatar.com\/avatar\/bf041ec637e3e7405449807deb2f7cf3d2de7c6fa755dd56e985201de9863f2b?s=96&d=mm&r=g","caption":"Molero Luis"},"url":"https:\/\/digital58.com.ve\/site\/author\/luismolero\/"}]}},"uagb_featured_image_src":{"full":["https:\/\/digital58.com.ve\/site\/wp-content\/uploads\/2020\/07\/2020-02-09T095744Z_1803362753_RC2XWE9MX8GI_RTRMADP_3_CHINA-HEALTH-BRAZIL_20200209110033-kYWC-U473792922177YgD-992x558@LaVanguardia-Web.jpg",800,450,false],"thumbnail":["https:\/\/digital58.com.ve\/site\/wp-content\/uploads\/2020\/07\/2020-02-09T095744Z_1803362753_RC2XWE9MX8GI_RTRMADP_3_CHINA-HEALTH-BRAZIL_20200209110033-kYWC-U473792922177YgD-992x558@LaVanguardia-Web-150x150.jpg",150,150,true],"medium":["https:\/\/digital58.com.ve\/site\/wp-content\/uploads\/2020\/07\/2020-02-09T095744Z_1803362753_RC2XWE9MX8GI_RTRMADP_3_CHINA-HEALTH-BRAZIL_20200209110033-kYWC-U473792922177YgD-992x558@LaVanguardia-Web-300x169.jpg",300,169,true],"medium_large":["https:\/\/digital58.com.ve\/site\/wp-content\/uploads\/2020\/07\/2020-02-09T095744Z_1803362753_RC2XWE9MX8GI_RTRMADP_3_CHINA-HEALTH-BRAZIL_20200209110033-kYWC-U473792922177YgD-992x558@LaVanguardia-Web-768x432.jpg",768,432,true],"large":["https:\/\/digital58.com.ve\/site\/wp-content\/uploads\/2020\/07\/2020-02-09T095744Z_1803362753_RC2XWE9MX8GI_RTRMADP_3_CHINA-HEALTH-BRAZIL_20200209110033-kYWC-U473792922177YgD-992x558@LaVanguardia-Web.jpg",800,450,false],"1536x1536":["https:\/\/digital58.com.ve\/site\/wp-content\/uploads\/2020\/07\/2020-02-09T095744Z_1803362753_RC2XWE9MX8GI_RTRMADP_3_CHINA-HEALTH-BRAZIL_20200209110033-kYWC-U473792922177YgD-992x558@LaVanguardia-Web.jpg",800,450,false],"2048x2048":["https:\/\/digital58.com.ve\/site\/wp-content\/uploads\/2020\/07\/2020-02-09T095744Z_1803362753_RC2XWE9MX8GI_RTRMADP_3_CHINA-HEALTH-BRAZIL_20200209110033-kYWC-U473792922177YgD-992x558@LaVanguardia-Web.jpg",800,450,false],"colormag-highlighted-post":["https:\/\/digital58.com.ve\/site\/wp-content\/uploads\/2020\/07\/2020-02-09T095744Z_1803362753_RC2XWE9MX8GI_RTRMADP_3_CHINA-HEALTH-BRAZIL_20200209110033-kYWC-U473792922177YgD-992x558@LaVanguardia-Web.jpg",392,221,false],"colormag-featured-post-medium":["https:\/\/digital58.com.ve\/site\/wp-content\/uploads\/2020\/07\/2020-02-09T095744Z_1803362753_RC2XWE9MX8GI_RTRMADP_3_CHINA-HEALTH-BRAZIL_20200209110033-kYWC-U473792922177YgD-992x558@LaVanguardia-Web.jpg",364,205,false],"colormag-featured-post-small":["https:\/\/digital58.com.ve\/site\/wp-content\/uploads\/2020\/07\/2020-02-09T095744Z_1803362753_RC2XWE9MX8GI_RTRMADP_3_CHINA-HEALTH-BRAZIL_20200209110033-kYWC-U473792922177YgD-992x558@LaVanguardia-Web.jpg",130,73,false],"colormag-featured-image":["https:\/\/digital58.com.ve\/site\/wp-content\/uploads\/2020\/07\/2020-02-09T095744Z_1803362753_RC2XWE9MX8GI_RTRMADP_3_CHINA-HEALTH-BRAZIL_20200209110033-kYWC-U473792922177YgD-992x558@LaVanguardia-Web.jpg",791,445,false],"colormag-default-news":["https:\/\/digital58.com.ve\/site\/wp-content\/uploads\/2020\/07\/2020-02-09T095744Z_1803362753_RC2XWE9MX8GI_RTRMADP_3_CHINA-HEALTH-BRAZIL_20200209110033-kYWC-U473792922177YgD-992x558@LaVanguardia-Web.jpg",150,84,false],"colormag-featured-image-large":["https:\/\/digital58.com.ve\/site\/wp-content\/uploads\/2020\/07\/2020-02-09T095744Z_1803362753_RC2XWE9MX8GI_RTRMADP_3_CHINA-HEALTH-BRAZIL_20200209110033-kYWC-U473792922177YgD-992x558@LaVanguardia-Web.jpg",800,450,false]},"uagb_author_info":{"display_name":"Molero Luis","author_link":"https:\/\/digital58.com.ve\/site\/author\/luismolero\/"},"uagb_comment_info":0,"uagb_excerpt":"Los expertos estiman que esa cifra est\u00e1 muy infravalorada, debido a la falta de test en este pa\u00eds de 212","_links":{"self":[{"href":"https:\/\/digital58.com.ve\/site\/wp-json\/wp\/v2\/posts\/116893","targetHints":{"allow":["GET"]}}],"collection":[{"href":"https:\/\/digital58.com.ve\/site\/wp-json\/wp\/v2\/posts"}],"about":[{"href":"https:\/\/digital58.com.ve\/site\/wp-json\/wp\/v2\/types\/post"}],"author":[{"embeddable":true,"href":"https:\/\/digital58.com.ve\/site\/wp-json\/wp\/v2\/users\/26"}],"replies":[{"embeddable":true,"href":"https:\/\/digital58.com.ve\/site\/wp-json\/wp\/v2\/comments?post=116893"}],"version-history":[{"count":0,"href":"https:\/\/digital58.com.ve\/site\/wp-json\/wp\/v2\/posts\/116893\/revisions"}],"wp:featuredmedia":[{"embeddable":true,"href":"https:\/\/digital58.com.ve\/site\/wp-json\/wp\/v2\/media\/116895"}],"wp:attachment":[{"href":"https:\/\/digital58.com.ve\/site\/wp-json\/wp\/v2\/media?parent=116893"}],"wp:term":[{"taxonomy":"category","embeddable":true,"href":"https:\/\/digital58.com.ve\/site\/wp-json\/wp\/v2\/categories?post=116893"},{"taxonomy":"post_tag","embeddable":true,"href":"https:\/\/digital58.com.ve\/site\/wp-json\/wp\/v2\/tags?post=116893"}],"curies":[{"name":"wp","href":"https:\/\/api.w.org\/{rel}","templated":true}]}}