{"id":116909,"date":"2020-07-22T20:22:20","date_gmt":"2020-07-23T00:22:20","guid":{"rendered":"https:\/\/digital58.com.ve\/site\/?p=116909"},"modified":"2020-07-22T20:22:20","modified_gmt":"2020-07-23T00:22:20","slug":"gandola-cargada-con-mercancia-fue-quemada-en-paraguachon","status":"publish","type":"post","link":"https:\/\/digital58.com.ve\/site\/2020\/07\/22\/gandola-cargada-con-mercancia-fue-quemada-en-paraguachon\/","title":{"rendered":"Gandola cargada con mercanc\u00eda  fue quemada en Paraguach\u00f2n"},"content":{"rendered":"<p><img loading=\"lazy\" decoding=\"async\" class=\"size-full wp-image-116910 aligncenter\" src=\"https:\/\/digital58.com.ve\/site\/wp-content\/uploads\/2020\/07\/tractomula-paraguachn.jpg\" alt=\"\" width=\"1000\" height=\"608\" srcset=\"https:\/\/digital58.com.ve\/site\/wp-content\/uploads\/2020\/07\/tractomula-paraguachn.jpg 1000w, https:\/\/digital58.com.ve\/site\/wp-content\/uploads\/2020\/07\/tractomula-paraguachn-300x182.jpg 300w, https:\/\/digital58.com.ve\/site\/wp-content\/uploads\/2020\/07\/tractomula-paraguachn-768x467.jpg 768w\" sizes=\"auto, (max-width: 1000px) 100vw, 1000px\" \/><\/p>\n<p>En Paraguach\u00f2n, la comunidad expresa que para transitar por las trochas venezolanas hay que pagar a los grupos delincuenciales que se hicieron \u00abdue\u00f1os\u00bb de ese territorio.<\/p>\n<p><b> Paraguach\u00f2n, Colombia <\/b><strong>22 de julio de 2020 (ND58).-<\/strong>Una gandola cargada de mercanc\u00eda que estaba haciendo tr\u00e1nsito entre el corregimiento Paraguach\u00f2n en el municipio de Maicao y Venezuela fue atacada por sujetos desconocidos que hicieron bajar al chofer y luego le rociaron gasolina para posteriormente huir en una motocicleta.<\/p>\n<p>La acci\u00f3n criminal se produjo a las 5:00 de la tarde de este martes y el conductor de la unidad, que estaba cargada con unas 30 toneladas de baldosas o cer\u00e1micas que ten\u00edan como destino Maracaibo, hac\u00eda la maniobra para llegar a una bodega que est\u00e1 en el pueblo colombiano.<\/p>\n<p>Aunque el caso se produjo en el territorio colombiano, varios residentes de Paraguach\u00f2n manifestaron que los delincuentes que acabaron con este cami\u00f3n son de nacionalidad venezolana y se estima que hacen parte de un grupo organizado que delinque en la zona fronteriza, principalmente en las trochas.<\/p>\n<p>En Paraguach\u00f2n, la comunidad expresa que para transitar por las trochas venezolanas hay que pagar a los grupos delincuenciales que se hicieron \u00abdue\u00f1os\u00bb de ese territorio.<\/p>\n<p>\u00abLo que entendemos y nos lo han comentados varios conductores de tractomulas es que cada uno de los camiones debe pagar para poder seguir la ruta sin contratiempo, a ellos les dicen que se trata del pago por la entrega de la seguridad para que otros grupos no los agredan. Ese pago no se hace en peso colombiano, y menos en bol\u00edvares, el pago se entrega en d\u00f3lares y cada carro debe entregar hasta US 10\u00bb, explic\u00f3 un residente que pide reserva de su identidad.<\/p>\n<p><strong>Extorsi\u00f3n<\/strong><\/p>\n<p>En el caso del cami\u00f3n incinerado lo que pudo trascender es que el chofer por alguna circunstancia no pag\u00f3 la extorsi\u00f3n del grupo y eso desencaden\u00f3 la acci\u00f3n criminal que termin\u00f3 con la destrucci\u00f3n del veh\u00edculo.<\/p>\n<p>La Polic\u00eda del departamento de La Guajira, dijo en un comunicado que, tras ser alertados por la comunidad, se desplazaron al sitio para hacer control.<\/p>\n<p>A\u00f1ade el comunicado que en el momento se adelanta la investigaci\u00f3n por parte del personal de inteligencia de la Sij\u00edn con entrevista a la comunidad y la recolecci\u00f3n de evidencias para esclarecer cuales fueron las causas del incidente.<\/p>\n<p>En la ma\u00f1ana de este mi\u00e9rcoles las autoridades de La Guajira a instancias del alcalde de Maicao, Mohamed Dasuki, realizaron un consejo de seguridad en el que participaron delegados de instancias nacionales que tienen que ver con las relaciones de los dos pa\u00edses, Migraci\u00f3n Colombia, ICA, Fiscal\u00eda y Polic\u00eda Nacional y la intenci\u00f3n era analizar este caso espec\u00edfico y proporcionar soluci\u00f3n y seguridad a los habitantes de la frontera.<\/p>\n<p>Mientras las autoridades se reun\u00edan en el auditorio de Migraci\u00f3n Colombia, afuera en la carretera que comunica a Paraguach\u00f3n con Maicao, decenas de tractomulas cargadas en Santa Marta, Barranquilla y Cartagena, esperaban mejores condiciones para iniciar el recorrido al vecino pa\u00eds.<\/p><div class=\"bjmnh69f22ec5b1ab3\" ><p style=\"text-align: center;\"><a href=\"https:\/\/t.me\/noticiasdigital58\" target=\"_blank\" rel=\"noopener\"><img class=\"aligncenter size-full wp-image-125363\" src=\"https:\/\/digital58.com.ve\/site\/wp-content\/uploads\/2021\/04\/banner-telegram-web-2021.png\" alt=\"\" width=\"600\" height=\"90\" \/><\/a><\/p><\/div><style type=\"text\/css\">\r\n@media screen and (min-width: 1201px) {\r\n.bjmnh69f22ec5b1ab3 {\r\ndisplay: block;\r\n}\r\n}\r\n@media screen and (min-width: 993px) and (max-width: 1200px) {\r\n.bjmnh69f22ec5b1ab3 {\r\ndisplay: block;\r\n}\r\n}\r\n@media screen and (min-width: 769px) and (max-width: 992px) {\r\n.bjmnh69f22ec5b1ab3 {\r\ndisplay: block;\r\n}\r\n}\r\n@media screen and (min-width: 768px) and (max-width: 768px) {\r\n.bjmnh69f22ec5b1ab3 {\r\ndisplay: block;\r\n}\r\n}\r\n@media screen and (max-width: 767px) {\r\n.bjmnh69f22ec5b1ab3 {\r\ndisplay: block;\r\n}\r\n}\r\n<\/style>\r\n\n<p><b><strong>Re<\/strong><strong>dacci\u00f3n: Molero, Luis\u00a0 (@Moleromarquez) | Fuente: Agencias<br \/>\nEdici\u00f3n: Villasmil, Henry; Ch\u00e1vez, Marian<br \/>\nGr\u00e1ficas: Cortes\u00eda<\/strong><\/b><\/p>\n<div style=\"margin-top: 0px; margin-bottom: 0px;\" class=\"sharethis-inline-share-buttons\" ><\/div>","protected":false},"excerpt":{"rendered":"<p>En Paraguach\u00f2n, la comunidad expresa que para transitar por las trochas venezolanas hay que pagar a los grupos delincuenciales que<\/p>\n","protected":false},"author":26,"featured_media":116910,"comment_status":"open","ping_status":"closed","sticky":false,"template":"","format":"standard","meta":{"colormag_page_container_layout":"default_layout","colormag_page_sidebar_layout":"default_layout","_uag_custom_page_level_css":"","footnotes":""},"categories":[16451],"tags":[98,18496,8,18495,18494],"class_list":["post-116909","post","type-post","status-publish","format-standard","has-post-thumbnail","hentry","category-mundo","tag-colombia","tag-gandola-quemada","tag-internacionales","tag-maicao","tag-paraguachon"],"yoast_head":"<!-- This site is optimized with the Yoast SEO plugin v27.5 - https:\/\/yoast.com\/product\/yoast-seo-wordpress\/ -->\n<title>Gandola cargada con mercanc\u00eda fue quemada en Paraguach\u00f2n<\/title>\n<meta name=\"description\" content=\"Mundo\" \/>\n<meta name=\"robots\" content=\"index, follow, max-snippet:-1, max-image-preview:large, max-video-preview:-1\" \/>\n<link rel=\"canonical\" href=\"https:\/\/digital58.com.ve\/site\/2020\/07\/22\/gandola-cargada-con-mercancia-fue-quemada-en-paraguachon\/\" \/>\n<meta property=\"og:locale\" content=\"es_ES\" \/>\n<meta property=\"og:type\" content=\"article\" \/>\n<meta property=\"og:title\" content=\"Gandola cargada con mercanc\u00eda fue quemada en Paraguach\u00f2n\" \/>\n<meta property=\"og:description\" content=\"Mundo\" \/>\n<meta property=\"og:url\" content=\"https:\/\/digital58.com.ve\/site\/2020\/07\/22\/gandola-cargada-con-mercancia-fue-quemada-en-paraguachon\/\" \/>\n<meta property=\"og:site_name\" content=\"Noticias Digital58\" \/>\n<meta property=\"article:published_time\" content=\"2020-07-23T00:22:20+00:00\" \/>\n<meta property=\"og:image\" content=\"https:\/\/digital58.com.ve\/site\/wp-content\/uploads\/2020\/07\/tractomula-paraguachn.jpg\" \/>\n\t<meta property=\"og:image:width\" content=\"1000\" \/>\n\t<meta property=\"og:image:height\" content=\"608\" \/>\n\t<meta property=\"og:image:type\" content=\"image\/jpeg\" \/>\n<meta name=\"author\" content=\"Molero Luis\" \/>\n<meta name=\"twitter:card\" content=\"summary_large_image\" \/>\n<meta name=\"twitter:creator\" content=\"@Digital_58\" \/>\n<meta name=\"twitter:site\" content=\"@villasmilhfoto\" \/>\n<meta name=\"twitter:label1\" content=\"Escrito por\" \/>\n\t<meta name=\"twitter:data1\" content=\"Molero Luis\" \/>\n\t<meta name=\"twitter:label2\" content=\"Tiempo estimado de lectura\" \/>\n\t<meta name=\"twitter:data2\" content=\"3 minutos\" \/>\n<script type=\"application\/ld+json\" class=\"yoast-schema-graph\">{\"@context\":\"https:\\\/\\\/schema.org\",\"@graph\":[{\"@type\":\"Article\",\"@id\":\"https:\\\/\\\/digital58.com.ve\\\/site\\\/2020\\\/07\\\/22\\\/gandola-cargada-con-mercancia-fue-quemada-en-paraguachon\\\/#article\",\"isPartOf\":{\"@id\":\"https:\\\/\\\/digital58.com.ve\\\/site\\\/2020\\\/07\\\/22\\\/gandola-cargada-con-mercancia-fue-quemada-en-paraguachon\\\/\"},\"author\":{\"name\":\"Molero Luis\",\"@id\":\"https:\\\/\\\/digital58.com.ve\\\/site\\\/#\\\/schema\\\/person\\\/c61667ce6845137620ee3f0aaabade17\"},\"headline\":\"Gandola cargada con mercanc\u00eda fue quemada en Paraguach\u00f2n\",\"datePublished\":\"2020-07-23T00:22:20+00:00\",\"mainEntityOfPage\":{\"@id\":\"https:\\\/\\\/digital58.com.ve\\\/site\\\/2020\\\/07\\\/22\\\/gandola-cargada-con-mercancia-fue-quemada-en-paraguachon\\\/\"},\"wordCount\":556,\"commentCount\":0,\"publisher\":{\"@id\":\"https:\\\/\\\/digital58.com.ve\\\/site\\\/#\\\/schema\\\/person\\\/64d1c2e4d0d4fd1b849980c4331c2951\"},\"image\":{\"@id\":\"https:\\\/\\\/digital58.com.ve\\\/site\\\/2020\\\/07\\\/22\\\/gandola-cargada-con-mercancia-fue-quemada-en-paraguachon\\\/#primaryimage\"},\"thumbnailUrl\":\"https:\\\/\\\/digital58.com.ve\\\/site\\\/wp-content\\\/uploads\\\/2020\\\/07\\\/tractomula-paraguachn.jpg\",\"keywords\":[\"Colombia\",\"Gandola Quemada\",\"Internacionales\",\"Maicao\",\"Paraguach\u00f2n\"],\"articleSection\":[\"Mundo\"],\"inLanguage\":\"es\",\"potentialAction\":[{\"@type\":\"CommentAction\",\"name\":\"Comment\",\"target\":[\"https:\\\/\\\/digital58.com.ve\\\/site\\\/2020\\\/07\\\/22\\\/gandola-cargada-con-mercancia-fue-quemada-en-paraguachon\\\/#respond\"]}]},{\"@type\":\"WebPage\",\"@id\":\"https:\\\/\\\/digital58.com.ve\\\/site\\\/2020\\\/07\\\/22\\\/gandola-cargada-con-mercancia-fue-quemada-en-paraguachon\\\/\",\"url\":\"https:\\\/\\\/digital58.com.ve\\\/site\\\/2020\\\/07\\\/22\\\/gandola-cargada-con-mercancia-fue-quemada-en-paraguachon\\\/\",\"name\":\"Gandola cargada con mercanc\u00eda fue quemada en Paraguach\u00f2n\",\"isPartOf\":{\"@id\":\"https:\\\/\\\/digital58.com.ve\\\/site\\\/#website\"},\"primaryImageOfPage\":{\"@id\":\"https:\\\/\\\/digital58.com.ve\\\/site\\\/2020\\\/07\\\/22\\\/gandola-cargada-con-mercancia-fue-quemada-en-paraguachon\\\/#primaryimage\"},\"image\":{\"@id\":\"https:\\\/\\\/digital58.com.ve\\\/site\\\/2020\\\/07\\\/22\\\/gandola-cargada-con-mercancia-fue-quemada-en-paraguachon\\\/#primaryimage\"},\"thumbnailUrl\":\"https:\\\/\\\/digital58.com.ve\\\/site\\\/wp-content\\\/uploads\\\/2020\\\/07\\\/tractomula-paraguachn.jpg\",\"datePublished\":\"2020-07-23T00:22:20+00:00\",\"description\":\"Mundo\",\"breadcrumb\":{\"@id\":\"https:\\\/\\\/digital58.com.ve\\\/site\\\/2020\\\/07\\\/22\\\/gandola-cargada-con-mercancia-fue-quemada-en-paraguachon\\\/#breadcrumb\"},\"inLanguage\":\"es\",\"potentialAction\":[{\"@type\":\"ReadAction\",\"target\":[\"https:\\\/\\\/digital58.com.ve\\\/site\\\/2020\\\/07\\\/22\\\/gandola-cargada-con-mercancia-fue-quemada-en-paraguachon\\\/\"]}]},{\"@type\":\"ImageObject\",\"inLanguage\":\"es\",\"@id\":\"https:\\\/\\\/digital58.com.ve\\\/site\\\/2020\\\/07\\\/22\\\/gandola-cargada-con-mercancia-fue-quemada-en-paraguachon\\\/#primaryimage\",\"url\":\"https:\\\/\\\/digital58.com.ve\\\/site\\\/wp-content\\\/uploads\\\/2020\\\/07\\\/tractomula-paraguachn.jpg\",\"contentUrl\":\"https:\\\/\\\/digital58.com.ve\\\/site\\\/wp-content\\\/uploads\\\/2020\\\/07\\\/tractomula-paraguachn.jpg\",\"width\":1000,\"height\":608},{\"@type\":\"BreadcrumbList\",\"@id\":\"https:\\\/\\\/digital58.com.ve\\\/site\\\/2020\\\/07\\\/22\\\/gandola-cargada-con-mercancia-fue-quemada-en-paraguachon\\\/#breadcrumb\",\"itemListElement\":[{\"@type\":\"ListItem\",\"position\":1,\"name\":\"Home\",\"item\":\"https:\\\/\\\/digital58.com.ve\\\/site\\\/\"},{\"@type\":\"ListItem\",\"position\":2,\"name\":\"Gandola cargada con mercanc\u00eda fue quemada en Paraguach\u00f2n\"}]},{\"@type\":\"WebSite\",\"@id\":\"https:\\\/\\\/digital58.com.ve\\\/site\\\/#website\",\"url\":\"https:\\\/\\\/digital58.com.ve\\\/site\\\/\",\"name\":\"Noticias Digital58\",\"description\":\"Portal de Noticias \u00a1Periodismo web de verdad! Lanzamiento web 22.11.2005 \\\/ Maracaibo, Venezuela\",\"publisher\":{\"@id\":\"https:\\\/\\\/digital58.com.ve\\\/site\\\/#\\\/schema\\\/person\\\/64d1c2e4d0d4fd1b849980c4331c2951\"},\"alternateName\":\"ND58\",\"potentialAction\":[{\"@type\":\"SearchAction\",\"target\":{\"@type\":\"EntryPoint\",\"urlTemplate\":\"https:\\\/\\\/digital58.com.ve\\\/site\\\/?s={search_term_string}\"},\"query-input\":{\"@type\":\"PropertyValueSpecification\",\"valueRequired\":true,\"valueName\":\"search_term_string\"}}],\"inLanguage\":\"es\"},{\"@type\":[\"Person\",\"Organization\"],\"@id\":\"https:\\\/\\\/digital58.com.ve\\\/site\\\/#\\\/schema\\\/person\\\/64d1c2e4d0d4fd1b849980c4331c2951\",\"name\":\"Villasmil Henry\",\"image\":{\"@type\":\"ImageObject\",\"inLanguage\":\"es\",\"@id\":\"https:\\\/\\\/secure.gravatar.com\\\/avatar\\\/bb0c4a2fcb7970138239f7e404ea75757b1b507b28b5ce4c53fbd62d797c5a7c?s=96&d=mm&r=g\",\"url\":\"https:\\\/\\\/secure.gravatar.com\\\/avatar\\\/bb0c4a2fcb7970138239f7e404ea75757b1b507b28b5ce4c53fbd62d797c5a7c?s=96&d=mm&r=g\",\"contentUrl\":\"https:\\\/\\\/secure.gravatar.com\\\/avatar\\\/bb0c4a2fcb7970138239f7e404ea75757b1b507b28b5ce4c53fbd62d797c5a7c?s=96&d=mm&r=g\",\"caption\":\"Villasmil Henry\"},\"logo\":{\"@id\":\"https:\\\/\\\/secure.gravatar.com\\\/avatar\\\/bb0c4a2fcb7970138239f7e404ea75757b1b507b28b5ce4c53fbd62d797c5a7c?s=96&d=mm&r=g\"},\"sameAs\":[\"http:\\\/\\\/www.henryvillasmil.com.ve\",\"https:\\\/\\\/www.instagram.com\\\/villasmilhfoto\\\/\",\"https:\\\/\\\/x.com\\\/https:\\\/\\\/twitter.com\\\/villasmilhfoto\"]},{\"@type\":\"Person\",\"@id\":\"https:\\\/\\\/digital58.com.ve\\\/site\\\/#\\\/schema\\\/person\\\/c61667ce6845137620ee3f0aaabade17\",\"name\":\"Molero Luis\",\"image\":{\"@type\":\"ImageObject\",\"inLanguage\":\"es\",\"@id\":\"https:\\\/\\\/secure.gravatar.com\\\/avatar\\\/bf041ec637e3e7405449807deb2f7cf3d2de7c6fa755dd56e985201de9863f2b?s=96&d=mm&r=g\",\"url\":\"https:\\\/\\\/secure.gravatar.com\\\/avatar\\\/bf041ec637e3e7405449807deb2f7cf3d2de7c6fa755dd56e985201de9863f2b?s=96&d=mm&r=g\",\"contentUrl\":\"https:\\\/\\\/secure.gravatar.com\\\/avatar\\\/bf041ec637e3e7405449807deb2f7cf3d2de7c6fa755dd56e985201de9863f2b?s=96&d=mm&r=g\",\"caption\":\"Molero Luis\"},\"url\":\"https:\\\/\\\/digital58.com.ve\\\/site\\\/author\\\/luismolero\\\/\"}]}<\/script>\n<!-- \/ Yoast SEO plugin. -->","yoast_head_json":{"title":"Gandola cargada con mercanc\u00eda fue quemada en Paraguach\u00f2n","description":"Mundo","robots":{"index":"index","follow":"follow","max-snippet":"max-snippet:-1","max-image-preview":"max-image-preview:large","max-video-preview":"max-video-preview:-1"},"canonical":"https:\/\/digital58.com.ve\/site\/2020\/07\/22\/gandola-cargada-con-mercancia-fue-quemada-en-paraguachon\/","og_locale":"es_ES","og_type":"article","og_title":"Gandola cargada con mercanc\u00eda fue quemada en Paraguach\u00f2n","og_description":"Mundo","og_url":"https:\/\/digital58.com.ve\/site\/2020\/07\/22\/gandola-cargada-con-mercancia-fue-quemada-en-paraguachon\/","og_site_name":"Noticias Digital58","article_published_time":"2020-07-23T00:22:20+00:00","og_image":[{"width":1000,"height":608,"url":"https:\/\/digital58.com.ve\/site\/wp-content\/uploads\/2020\/07\/tractomula-paraguachn.jpg","type":"image\/jpeg"}],"author":"Molero Luis","twitter_card":"summary_large_image","twitter_creator":"@Digital_58","twitter_site":"@villasmilhfoto","twitter_misc":{"Escrito por":"Molero Luis","Tiempo estimado de lectura":"3 minutos"},"schema":{"@context":"https:\/\/schema.org","@graph":[{"@type":"Article","@id":"https:\/\/digital58.com.ve\/site\/2020\/07\/22\/gandola-cargada-con-mercancia-fue-quemada-en-paraguachon\/#article","isPartOf":{"@id":"https:\/\/digital58.com.ve\/site\/2020\/07\/22\/gandola-cargada-con-mercancia-fue-quemada-en-paraguachon\/"},"author":{"name":"Molero Luis","@id":"https:\/\/digital58.com.ve\/site\/#\/schema\/person\/c61667ce6845137620ee3f0aaabade17"},"headline":"Gandola cargada con mercanc\u00eda fue quemada en Paraguach\u00f2n","datePublished":"2020-07-23T00:22:20+00:00","mainEntityOfPage":{"@id":"https:\/\/digital58.com.ve\/site\/2020\/07\/22\/gandola-cargada-con-mercancia-fue-quemada-en-paraguachon\/"},"wordCount":556,"commentCount":0,"publisher":{"@id":"https:\/\/digital58.com.ve\/site\/#\/schema\/person\/64d1c2e4d0d4fd1b849980c4331c2951"},"image":{"@id":"https:\/\/digital58.com.ve\/site\/2020\/07\/22\/gandola-cargada-con-mercancia-fue-quemada-en-paraguachon\/#primaryimage"},"thumbnailUrl":"https:\/\/digital58.com.ve\/site\/wp-content\/uploads\/2020\/07\/tractomula-paraguachn.jpg","keywords":["Colombia","Gandola Quemada","Internacionales","Maicao","Paraguach\u00f2n"],"articleSection":["Mundo"],"inLanguage":"es","potentialAction":[{"@type":"CommentAction","name":"Comment","target":["https:\/\/digital58.com.ve\/site\/2020\/07\/22\/gandola-cargada-con-mercancia-fue-quemada-en-paraguachon\/#respond"]}]},{"@type":"WebPage","@id":"https:\/\/digital58.com.ve\/site\/2020\/07\/22\/gandola-cargada-con-mercancia-fue-quemada-en-paraguachon\/","url":"https:\/\/digital58.com.ve\/site\/2020\/07\/22\/gandola-cargada-con-mercancia-fue-quemada-en-paraguachon\/","name":"Gandola cargada con mercanc\u00eda fue quemada en Paraguach\u00f2n","isPartOf":{"@id":"https:\/\/digital58.com.ve\/site\/#website"},"primaryImageOfPage":{"@id":"https:\/\/digital58.com.ve\/site\/2020\/07\/22\/gandola-cargada-con-mercancia-fue-quemada-en-paraguachon\/#primaryimage"},"image":{"@id":"https:\/\/digital58.com.ve\/site\/2020\/07\/22\/gandola-cargada-con-mercancia-fue-quemada-en-paraguachon\/#primaryimage"},"thumbnailUrl":"https:\/\/digital58.com.ve\/site\/wp-content\/uploads\/2020\/07\/tractomula-paraguachn.jpg","datePublished":"2020-07-23T00:22:20+00:00","description":"Mundo","breadcrumb":{"@id":"https:\/\/digital58.com.ve\/site\/2020\/07\/22\/gandola-cargada-con-mercancia-fue-quemada-en-paraguachon\/#breadcrumb"},"inLanguage":"es","potentialAction":[{"@type":"ReadAction","target":["https:\/\/digital58.com.ve\/site\/2020\/07\/22\/gandola-cargada-con-mercancia-fue-quemada-en-paraguachon\/"]}]},{"@type":"ImageObject","inLanguage":"es","@id":"https:\/\/digital58.com.ve\/site\/2020\/07\/22\/gandola-cargada-con-mercancia-fue-quemada-en-paraguachon\/#primaryimage","url":"https:\/\/digital58.com.ve\/site\/wp-content\/uploads\/2020\/07\/tractomula-paraguachn.jpg","contentUrl":"https:\/\/digital58.com.ve\/site\/wp-content\/uploads\/2020\/07\/tractomula-paraguachn.jpg","width":1000,"height":608},{"@type":"BreadcrumbList","@id":"https:\/\/digital58.com.ve\/site\/2020\/07\/22\/gandola-cargada-con-mercancia-fue-quemada-en-paraguachon\/#breadcrumb","itemListElement":[{"@type":"ListItem","position":1,"name":"Home","item":"https:\/\/digital58.com.ve\/site\/"},{"@type":"ListItem","position":2,"name":"Gandola cargada con mercanc\u00eda fue quemada en Paraguach\u00f2n"}]},{"@type":"WebSite","@id":"https:\/\/digital58.com.ve\/site\/#website","url":"https:\/\/digital58.com.ve\/site\/","name":"Noticias Digital58","description":"Portal de Noticias \u00a1Periodismo web de verdad! Lanzamiento web 22.11.2005 \/ Maracaibo, Venezuela","publisher":{"@id":"https:\/\/digital58.com.ve\/site\/#\/schema\/person\/64d1c2e4d0d4fd1b849980c4331c2951"},"alternateName":"ND58","potentialAction":[{"@type":"SearchAction","target":{"@type":"EntryPoint","urlTemplate":"https:\/\/digital58.com.ve\/site\/?s={search_term_string}"},"query-input":{"@type":"PropertyValueSpecification","valueRequired":true,"valueName":"search_term_string"}}],"inLanguage":"es"},{"@type":["Person","Organization"],"@id":"https:\/\/digital58.com.ve\/site\/#\/schema\/person\/64d1c2e4d0d4fd1b849980c4331c2951","name":"Villasmil Henry","image":{"@type":"ImageObject","inLanguage":"es","@id":"https:\/\/secure.gravatar.com\/avatar\/bb0c4a2fcb7970138239f7e404ea75757b1b507b28b5ce4c53fbd62d797c5a7c?s=96&d=mm&r=g","url":"https:\/\/secure.gravatar.com\/avatar\/bb0c4a2fcb7970138239f7e404ea75757b1b507b28b5ce4c53fbd62d797c5a7c?s=96&d=mm&r=g","contentUrl":"https:\/\/secure.gravatar.com\/avatar\/bb0c4a2fcb7970138239f7e404ea75757b1b507b28b5ce4c53fbd62d797c5a7c?s=96&d=mm&r=g","caption":"Villasmil Henry"},"logo":{"@id":"https:\/\/secure.gravatar.com\/avatar\/bb0c4a2fcb7970138239f7e404ea75757b1b507b28b5ce4c53fbd62d797c5a7c?s=96&d=mm&r=g"},"sameAs":["http:\/\/www.henryvillasmil.com.ve","https:\/\/www.instagram.com\/villasmilhfoto\/","https:\/\/x.com\/https:\/\/twitter.com\/villasmilhfoto"]},{"@type":"Person","@id":"https:\/\/digital58.com.ve\/site\/#\/schema\/person\/c61667ce6845137620ee3f0aaabade17","name":"Molero Luis","image":{"@type":"ImageObject","inLanguage":"es","@id":"https:\/\/secure.gravatar.com\/avatar\/bf041ec637e3e7405449807deb2f7cf3d2de7c6fa755dd56e985201de9863f2b?s=96&d=mm&r=g","url":"https:\/\/secure.gravatar.com\/avatar\/bf041ec637e3e7405449807deb2f7cf3d2de7c6fa755dd56e985201de9863f2b?s=96&d=mm&r=g","contentUrl":"https:\/\/secure.gravatar.com\/avatar\/bf041ec637e3e7405449807deb2f7cf3d2de7c6fa755dd56e985201de9863f2b?s=96&d=mm&r=g","caption":"Molero Luis"},"url":"https:\/\/digital58.com.ve\/site\/author\/luismolero\/"}]}},"uagb_featured_image_src":{"full":["https:\/\/digital58.com.ve\/site\/wp-content\/uploads\/2020\/07\/tractomula-paraguachn.jpg",1000,608,false],"thumbnail":["https:\/\/digital58.com.ve\/site\/wp-content\/uploads\/2020\/07\/tractomula-paraguachn-150x150.jpg",150,150,true],"medium":["https:\/\/digital58.com.ve\/site\/wp-content\/uploads\/2020\/07\/tractomula-paraguachn-300x182.jpg",300,182,true],"medium_large":["https:\/\/digital58.com.ve\/site\/wp-content\/uploads\/2020\/07\/tractomula-paraguachn-768x467.jpg",768,467,true],"large":["https:\/\/digital58.com.ve\/site\/wp-content\/uploads\/2020\/07\/tractomula-paraguachn.jpg",800,486,false],"1536x1536":["https:\/\/digital58.com.ve\/site\/wp-content\/uploads\/2020\/07\/tractomula-paraguachn.jpg",1000,608,false],"2048x2048":["https:\/\/digital58.com.ve\/site\/wp-content\/uploads\/2020\/07\/tractomula-paraguachn.jpg",1000,608,false],"colormag-highlighted-post":["https:\/\/digital58.com.ve\/site\/wp-content\/uploads\/2020\/07\/tractomula-paraguachn.jpg",392,238,false],"colormag-featured-post-medium":["https:\/\/digital58.com.ve\/site\/wp-content\/uploads\/2020\/07\/tractomula-paraguachn.jpg",337,205,false],"colormag-featured-post-small":["https:\/\/digital58.com.ve\/site\/wp-content\/uploads\/2020\/07\/tractomula-paraguachn.jpg",130,79,false],"colormag-featured-image":["https:\/\/digital58.com.ve\/site\/wp-content\/uploads\/2020\/07\/tractomula-paraguachn.jpg",732,445,false],"colormag-default-news":["https:\/\/digital58.com.ve\/site\/wp-content\/uploads\/2020\/07\/tractomula-paraguachn.jpg",150,91,false],"colormag-featured-image-large":["https:\/\/digital58.com.ve\/site\/wp-content\/uploads\/2020\/07\/tractomula-paraguachn.jpg",987,600,false]},"uagb_author_info":{"display_name":"Molero Luis","author_link":"https:\/\/digital58.com.ve\/site\/author\/luismolero\/"},"uagb_comment_info":0,"uagb_excerpt":"En Paraguach\u00f2n, la comunidad expresa que para transitar por las trochas venezolanas hay que pagar a los grupos delincuenciales que","_links":{"self":[{"href":"https:\/\/digital58.com.ve\/site\/wp-json\/wp\/v2\/posts\/116909","targetHints":{"allow":["GET"]}}],"collection":[{"href":"https:\/\/digital58.com.ve\/site\/wp-json\/wp\/v2\/posts"}],"about":[{"href":"https:\/\/digital58.com.ve\/site\/wp-json\/wp\/v2\/types\/post"}],"author":[{"embeddable":true,"href":"https:\/\/digital58.com.ve\/site\/wp-json\/wp\/v2\/users\/26"}],"replies":[{"embeddable":true,"href":"https:\/\/digital58.com.ve\/site\/wp-json\/wp\/v2\/comments?post=116909"}],"version-history":[{"count":0,"href":"https:\/\/digital58.com.ve\/site\/wp-json\/wp\/v2\/posts\/116909\/revisions"}],"wp:featuredmedia":[{"embeddable":true,"href":"https:\/\/digital58.com.ve\/site\/wp-json\/wp\/v2\/media\/116910"}],"wp:attachment":[{"href":"https:\/\/digital58.com.ve\/site\/wp-json\/wp\/v2\/media?parent=116909"}],"wp:term":[{"taxonomy":"category","embeddable":true,"href":"https:\/\/digital58.com.ve\/site\/wp-json\/wp\/v2\/categories?post=116909"},{"taxonomy":"post_tag","embeddable":true,"href":"https:\/\/digital58.com.ve\/site\/wp-json\/wp\/v2\/tags?post=116909"}],"curies":[{"name":"wp","href":"https:\/\/api.w.org\/{rel}","templated":true}]}}