{"id":117057,"date":"2020-07-23T16:33:04","date_gmt":"2020-07-23T20:33:04","guid":{"rendered":"https:\/\/digital58.com.ve\/site\/?p=117057"},"modified":"2020-07-23T16:33:04","modified_gmt":"2020-07-23T20:33:04","slug":"blagdimir-labrador-no-hay-decesos-de-medicos-ni-de-personal-asistencial-en-el-hospital-de-santa-barbara","status":"publish","type":"post","link":"https:\/\/digital58.com.ve\/site\/2020\/07\/23\/blagdimir-labrador-no-hay-decesos-de-medicos-ni-de-personal-asistencial-en-el-hospital-de-santa-barbara\/","title":{"rendered":"Blagdimir Labrador: \u00abNo hay decesos de m\u00e9dicos ni de personal asistencial en el Hospital de Santa B\u00e1rbara\u00bb"},"content":{"rendered":"<p><img loading=\"lazy\" decoding=\"async\" class=\"size-full wp-image-117058 aligncenter\" src=\"https:\/\/digital58.com.ve\/site\/wp-content\/uploads\/2020\/07\/alacalde.jpg\" alt=\"\" width=\"800\" height=\"600\" srcset=\"https:\/\/digital58.com.ve\/site\/wp-content\/uploads\/2020\/07\/alacalde.jpg 800w, https:\/\/digital58.com.ve\/site\/wp-content\/uploads\/2020\/07\/alacalde-300x225.jpg 300w, https:\/\/digital58.com.ve\/site\/wp-content\/uploads\/2020\/07\/alacalde-768x576.jpg 768w\" sizes=\"auto, (max-width: 800px) 100vw, 800px\" \/><\/p>\n<p>Anunci\u00f3 que se han tra\u00eddo al municipio mil pruebas PCR, para tener mayor seguridad en el descarte de los contagios<\/p>\n<p><b>Santa Barbara, Zulia,\u00a0 Venezuela <\/b><strong>23 de julio de 2020 (ND58).-<\/strong>\u00a0El alcalde Blagdimir Labrador aclar\u00f3 que no han muerto m\u00e9dicos, ni mucho menos personal asistencial en el Hospital Santa B\u00e1rbara y hace un balance sobre los avances del combate por la COVID-19 en el municipio Col\u00f3n.<\/p>\n<p>Desde Marzo y Abril cuando se ejecutaron las acciones para cercar los cinco municipios del Sur Del Lago, es decir m\u00e1s de 17 Mil Km 2 destinados a cortar la cadena de contagio de los municipios Francisco Javier Pulgar, Catatumbo, Sucre, Jes\u00fas Mar\u00eda Sempr\u00fan y su epicentro desde el Hospital Centinela en Santa B\u00e1rbara, en el municipio Col\u00f3n. Centro de salud ubicado en zona fronteriza donde han retornado y se han registrado m\u00e1s de 2.500 connacionales, pero una gran cifra sin registrar ha ingresado por la trochas incumpliendo los protocolos y atentando con la propagaci\u00f3n de la Pandemia.<\/p>\n<p>Motivo por el cual se ha preparado a la poblaci\u00f3n con medidas de prevenci\u00f3n para evitar el contagio del coronavirus. Sin embargo una minor\u00eda incr\u00e9dula, inconsciente e irresponsable atenta contra todo nuestro pueblo del Sur del Lago<\/p>\n<p>\u00bfQu\u00e9 pas\u00f3? Muchos echaron en saco roto las advertencias, se lo tomaron a la ligera, y hoy cuando ya la enfermedad est\u00e1 en nuestra gente est\u00e1n ocurriendo cosas que no deber\u00edan ocurrir.<\/p>\n<p>\u00abEl COVID es un lobo feroz, es mortal, es letal, para quien no tome las precauciones necesarias, y eso es lo que deben entender los incr\u00e9dulos. La pandemia ha sido enfrentada en el pa\u00eds de forma articulada por las tres instancia de gobierno: nacional, regional y local, cosa que no ocurre en otros pa\u00edses, por ejemplo en los EEUU y Brasil el presidente dice una cosa, los gobernadores otra y los alcaldes por lo consiguiente, el resultado ha sido que se han convertido en los pa\u00edses con m\u00e1s contagios en el mundo y Brasil es nuestro vecino, al igual que Colombia donde hemos importando m\u00e1s del 70% de los contagios\u00bb, detall\u00f3 la primera autoridad en los civil.<\/p>\n<p>De tal manera que se le ha informado al pueblo sobre la situaci\u00f3n real, y todav\u00eda preguntan \u00bfPero hay COVID-19 en el hospital? \u00abPues COVID\u00a0 \u00a0hay en todos lados, en todo el mundo, aqu\u00ed mismo cualquiera puede tenerlo, la persona que est\u00e1 a tu lado, un amigo tuyo, un familiar, cualquiera. Por eso todos los d\u00edas nos reunimos con el equipo m\u00e9dico destacado para evitar la propagaci\u00f3n del virus, con el firme prop\u00f3sito de reducir la mortalidad, lo otro es responsabilidad de todos: informar que tienen los s\u00edntomas, cumplir las normas de aislamiento, usar el tapaboca, el aseo personal, el distanciamiento social que se los hemos venido inculcando hasta el cansancio, pero que sin embargo muchas personas ocultan y cuando llegan al ASIC o al Hospital ya es demasiado tarde, esa es la realidad\u00bb, inform\u00f3 Labrador.<\/p>\n<p>Es importante resaltar que los cuadro de obesidad, cardiopat\u00eda, renal y pulmonar son las causas de la mayor\u00eda de los decesos en el Sur del Lago.<\/p>\n<p>La situaci\u00f3n del municipio Col\u00f3n fue planteada en una reuni\u00f3n con la Dra. Marisela Berm\u00fadez, Vice Ministro de Salud y la Dra. Omaira Prieto autoridad \u00fanica de salud en la regi\u00f3n. Entre los acuerdos m\u00e1s importantes destacan:<\/p>\n<p>1) Se conformar\u00e1n las brigadas para la b\u00fasqueda de los casos sospechosos en las comunidades, a trav\u00e9s de la PCR o Virocul. Estos casos priorizados funcionan a trav\u00e9s de la diligente labor del cuerpo de bomberos, con quienes se pueden comunicar a trav\u00e9s de su n\u00famero de emergencias 02755552565 las 24 horas del d\u00eda.<\/p>\n<p>2) Cumplir con la nueva gu\u00eda actualizada para el manejo del Covid del Min Salud: Identificar los casos, Diagn\u00f3stico, Aislamiento y Tratamiento Temprano para Covid-19.<\/p>\n<p>3) Identificar temprano los casos de altos riesgos: personas mayores a 65 a\u00f1os, cuadro con asma, obesidad, c\u00e1ncer, hipertensas, diab\u00e9ticos y enfermos.<\/p>\n<p>4) Los Pacientes con sintomatolog\u00eda de IRA Moderadas y Graves se ingresan al Hospital Santa B\u00e1rbara.<\/p>\n<p>5) Los Pacientes Asintom\u00e1ticos y con IRA Leve sin morbilidad, menores de 60 a\u00f1os se ingresaran al CDI San Carlos o PASI .<\/p>\n<p>6) A todos los Pacientes se le realizar\u00e1n PCR no se realizar\u00e1 Prueba R\u00e1pida.<\/p>\n<p>Subray\u00f3 adem\u00e1s; \u00abEstamos haciendo un esfuerzo tit\u00e1nico dentro de nuestra posibilidades, esta es una situaci\u00f3n que ning\u00fan pa\u00eds ha podido controlar de forma satisfactoria, todas las grandes ciudades del mundo han colapsado. Nosotros por el Bloqueo y las sanciones carecemos de algunos recursos, sin embargo estamos dando el frente en esta Batalla por la Vida, para preservar al pueblo colon\u00e9s\u00bb.<\/p>\n<p>Hizo el llamado a los comerciantes y productores para que dejen de pensar m\u00e1s en el dinero que en la vida porque deben cumplir con los protocolos, controlar el ingreso de los clientes, es mejor vender menos, pero sobrevivir a la Pandemia.<\/p>\n<p>Elogi\u00f3 adem\u00e1s, la iniciativa de aquellos comerciantes que cuidan la salud de sus trabajadores y tambi\u00e9n la de sus clientes.<\/p>\n<p>En referencia a un audio, que circul\u00f3 en las redes sociales el d\u00eda martes, el cual aparentemente fue grabado por una trabajadora de la cocina del Hospital General Sta. B\u00e1rbara, al suscitarse la muerte de una conocida oftalm\u00f3loga de la localidad la Dra. An\u00e1li Fern\u00e1ndez a quienes le dio las condolencia a su familiares, es importante aclarar que hac\u00eda 10 d\u00edas hab\u00eda muerto su mam\u00e1 de 89 a\u00f1os con problema respiratorios y ella estaba recluida en una cl\u00ednica privada, iba a ser trasladada a M\u00e9rida pero su cuadro se complic\u00f3 y fue traslada al hospital todo un equipo m\u00e9dico profesional incluyendo amigos de la Dra. hicieron el m\u00e1ximo esfuerzo para estabilizarla pero era muy tarde, esta es una de las principales razones de los decesos en el Hospital, llegan cuando hay poco por hacer para salvar la vida.<\/p>\n<p>La campa\u00f1a manipulada con medias verdades contra el hospital y los ASIC ha generado un p\u00e1nico que ha llevado a las comunidades a automedicarse en su casa o en cl\u00ednicas privadas y cuando llegan a los centros p\u00fablicos hay poco que hacer, no se debe esperar hasta \u00faltima hora para acudir a una emergencia, cuando ya pr\u00e1cticamente es irremediable.<\/p>\n<p>Coment\u00f3 adem\u00e1s que se pretende agregar a las estad\u00edsticas de muertes por la COVID-19, los fallecimientos por otro tipo de efectos, aunque independientemente de las causas de la muerte, todos deben cumplir con el protocolo y deben ser sepultados de inmediato.<\/p>\n<p>Finalmente anunci\u00f3 que se han tra\u00eddo al municipio mil pruebas PCR, para tener mayor seguridad en el descarte de los contagios.<\/p>\n<p>Tambi\u00e9n existe ya la posibilidad de que algunos empresarios puedan realizar las pruebas r\u00e1pidas a su personal, compr\u00e1ndolas en lugares espec\u00edficos que ya tienen pruebas r\u00e1pidas a la venta.<\/p>\n<p>Para finalizar, el alcalde Labrador enfatiz\u00f3, en que nada de lo que se adelante para combatir la pandemia tendr\u00e1 \u00e9xito si no hay el apoyo de toda la poblaci\u00f3n, en cua\u2026<\/p><div class=\"zxwpw69f23607771a3\" ><p style=\"text-align: center;\"><a href=\"https:\/\/t.me\/noticiasdigital58\" target=\"_blank\" rel=\"noopener\"><img class=\"aligncenter size-full wp-image-125363\" src=\"https:\/\/digital58.com.ve\/site\/wp-content\/uploads\/2021\/04\/banner-telegram-web-2021.png\" alt=\"\" width=\"600\" height=\"90\" \/><\/a><\/p><\/div><style type=\"text\/css\">\r\n@media screen and (min-width: 1201px) {\r\n.zxwpw69f23607771a3 {\r\ndisplay: block;\r\n}\r\n}\r\n@media screen and (min-width: 993px) and (max-width: 1200px) {\r\n.zxwpw69f23607771a3 {\r\ndisplay: block;\r\n}\r\n}\r\n@media screen and (min-width: 769px) and (max-width: 992px) {\r\n.zxwpw69f23607771a3 {\r\ndisplay: block;\r\n}\r\n}\r\n@media screen and (min-width: 768px) and (max-width: 768px) {\r\n.zxwpw69f23607771a3 {\r\ndisplay: block;\r\n}\r\n}\r\n@media screen and (max-width: 767px) {\r\n.zxwpw69f23607771a3 {\r\ndisplay: block;\r\n}\r\n}\r\n<\/style>\r\n\n<p><b><strong>Re<\/strong><strong>dacci\u00f3n: Molero, Luis\u00a0 (@Moleromarquez) | Fuente: Nota de Prensa<br \/>\nEdici\u00f3n: Villasmil, Henry; Ch\u00e1vez, Marian<br \/>\nGr\u00e1ficas: Cortes\u00eda<\/strong><\/b><\/p>\n<div style=\"margin-top: 0px; margin-bottom: 0px;\" class=\"sharethis-inline-share-buttons\" ><\/div>","protected":false},"excerpt":{"rendered":"<p>Anunci\u00f3 que se han tra\u00eddo al municipio mil pruebas PCR, para tener mayor seguridad en el descarte de los contagios<\/p>\n","protected":false},"author":26,"featured_media":117058,"comment_status":"open","ping_status":"closed","sticky":false,"template":"","format":"standard","meta":{"colormag_page_container_layout":"default_layout","colormag_page_sidebar_layout":"default_layout","_uag_custom_page_level_css":"","footnotes":""},"categories":[14504],"tags":[18559,13352,13648,18558,15868,13723,761],"class_list":["post-117057","post","type-post","status-publish","format-standard","has-post-thumbnail","hentry","category-zulia","tag-alcalde-blagdimir-labrador","tag-coronavirus","tag-covid-19","tag-hospital-de-santa-barabara","tag-municipio-colon","tag-pandemia","tag-zulia"],"yoast_head":"<!-- This site is optimized with the Yoast SEO plugin v27.5 - https:\/\/yoast.com\/product\/yoast-seo-wordpress\/ -->\n<title>Blagdimir Labrador: \u00abNo hay decesos de m\u00e9dicos ni de personal asistencial en el Hospital de Santa B\u00e1rbara\u00bb<\/title>\n<meta name=\"description\" content=\"Zulia\" \/>\n<meta name=\"robots\" content=\"index, follow, max-snippet:-1, max-image-preview:large, max-video-preview:-1\" \/>\n<link rel=\"canonical\" href=\"https:\/\/digital58.com.ve\/site\/2020\/07\/23\/blagdimir-labrador-no-hay-decesos-de-medicos-ni-de-personal-asistencial-en-el-hospital-de-santa-barbara\/\" \/>\n<meta property=\"og:locale\" content=\"es_ES\" \/>\n<meta property=\"og:type\" content=\"article\" \/>\n<meta property=\"og:title\" content=\"Blagdimir Labrador: \u00abNo hay decesos de m\u00e9dicos ni de personal asistencial en el Hospital de Santa B\u00e1rbara\u00bb\" \/>\n<meta property=\"og:description\" content=\"Zulia\" \/>\n<meta property=\"og:url\" content=\"https:\/\/digital58.com.ve\/site\/2020\/07\/23\/blagdimir-labrador-no-hay-decesos-de-medicos-ni-de-personal-asistencial-en-el-hospital-de-santa-barbara\/\" \/>\n<meta property=\"og:site_name\" content=\"Noticias Digital58\" \/>\n<meta property=\"article:published_time\" content=\"2020-07-23T20:33:04+00:00\" \/>\n<meta property=\"og:image\" content=\"https:\/\/digital58.com.ve\/site\/wp-content\/uploads\/2020\/07\/alacalde.jpg\" \/>\n\t<meta property=\"og:image:width\" content=\"800\" \/>\n\t<meta property=\"og:image:height\" content=\"600\" \/>\n\t<meta property=\"og:image:type\" content=\"image\/jpeg\" \/>\n<meta name=\"author\" content=\"Molero Luis\" \/>\n<meta name=\"twitter:card\" content=\"summary_large_image\" \/>\n<meta name=\"twitter:creator\" content=\"@Digital_58\" \/>\n<meta name=\"twitter:site\" content=\"@villasmilhfoto\" \/>\n<meta name=\"twitter:label1\" content=\"Escrito por\" \/>\n\t<meta name=\"twitter:data1\" content=\"Molero Luis\" \/>\n\t<meta name=\"twitter:label2\" content=\"Tiempo estimado de lectura\" \/>\n\t<meta name=\"twitter:data2\" content=\"6 minutos\" \/>\n<script type=\"application\/ld+json\" class=\"yoast-schema-graph\">{\"@context\":\"https:\\\/\\\/schema.org\",\"@graph\":[{\"@type\":\"Article\",\"@id\":\"https:\\\/\\\/digital58.com.ve\\\/site\\\/2020\\\/07\\\/23\\\/blagdimir-labrador-no-hay-decesos-de-medicos-ni-de-personal-asistencial-en-el-hospital-de-santa-barbara\\\/#article\",\"isPartOf\":{\"@id\":\"https:\\\/\\\/digital58.com.ve\\\/site\\\/2020\\\/07\\\/23\\\/blagdimir-labrador-no-hay-decesos-de-medicos-ni-de-personal-asistencial-en-el-hospital-de-santa-barbara\\\/\"},\"author\":{\"name\":\"Molero Luis\",\"@id\":\"https:\\\/\\\/digital58.com.ve\\\/site\\\/#\\\/schema\\\/person\\\/c61667ce6845137620ee3f0aaabade17\"},\"headline\":\"Blagdimir Labrador: \u00abNo hay decesos de m\u00e9dicos ni de personal asistencial en el Hospital de Santa B\u00e1rbara\u00bb\",\"datePublished\":\"2020-07-23T20:33:04+00:00\",\"mainEntityOfPage\":{\"@id\":\"https:\\\/\\\/digital58.com.ve\\\/site\\\/2020\\\/07\\\/23\\\/blagdimir-labrador-no-hay-decesos-de-medicos-ni-de-personal-asistencial-en-el-hospital-de-santa-barbara\\\/\"},\"wordCount\":1259,\"commentCount\":0,\"publisher\":{\"@id\":\"https:\\\/\\\/digital58.com.ve\\\/site\\\/#\\\/schema\\\/person\\\/64d1c2e4d0d4fd1b849980c4331c2951\"},\"image\":{\"@id\":\"https:\\\/\\\/digital58.com.ve\\\/site\\\/2020\\\/07\\\/23\\\/blagdimir-labrador-no-hay-decesos-de-medicos-ni-de-personal-asistencial-en-el-hospital-de-santa-barbara\\\/#primaryimage\"},\"thumbnailUrl\":\"https:\\\/\\\/digital58.com.ve\\\/site\\\/wp-content\\\/uploads\\\/2020\\\/07\\\/alacalde.jpg\",\"keywords\":[\"Alcalde Blagdimir Labrador\",\"Coronavirus\",\"COVID-19\",\"Hospital de Santa Barabara\",\"Municipio Col\u00f3n\",\"Pandemia\",\"Zulia\"],\"articleSection\":[\"Zulia\"],\"inLanguage\":\"es\",\"potentialAction\":[{\"@type\":\"CommentAction\",\"name\":\"Comment\",\"target\":[\"https:\\\/\\\/digital58.com.ve\\\/site\\\/2020\\\/07\\\/23\\\/blagdimir-labrador-no-hay-decesos-de-medicos-ni-de-personal-asistencial-en-el-hospital-de-santa-barbara\\\/#respond\"]}]},{\"@type\":\"WebPage\",\"@id\":\"https:\\\/\\\/digital58.com.ve\\\/site\\\/2020\\\/07\\\/23\\\/blagdimir-labrador-no-hay-decesos-de-medicos-ni-de-personal-asistencial-en-el-hospital-de-santa-barbara\\\/\",\"url\":\"https:\\\/\\\/digital58.com.ve\\\/site\\\/2020\\\/07\\\/23\\\/blagdimir-labrador-no-hay-decesos-de-medicos-ni-de-personal-asistencial-en-el-hospital-de-santa-barbara\\\/\",\"name\":\"Blagdimir Labrador: \u00abNo hay decesos de m\u00e9dicos ni de personal asistencial en el Hospital de Santa B\u00e1rbara\u00bb\",\"isPartOf\":{\"@id\":\"https:\\\/\\\/digital58.com.ve\\\/site\\\/#website\"},\"primaryImageOfPage\":{\"@id\":\"https:\\\/\\\/digital58.com.ve\\\/site\\\/2020\\\/07\\\/23\\\/blagdimir-labrador-no-hay-decesos-de-medicos-ni-de-personal-asistencial-en-el-hospital-de-santa-barbara\\\/#primaryimage\"},\"image\":{\"@id\":\"https:\\\/\\\/digital58.com.ve\\\/site\\\/2020\\\/07\\\/23\\\/blagdimir-labrador-no-hay-decesos-de-medicos-ni-de-personal-asistencial-en-el-hospital-de-santa-barbara\\\/#primaryimage\"},\"thumbnailUrl\":\"https:\\\/\\\/digital58.com.ve\\\/site\\\/wp-content\\\/uploads\\\/2020\\\/07\\\/alacalde.jpg\",\"datePublished\":\"2020-07-23T20:33:04+00:00\",\"description\":\"Zulia\",\"breadcrumb\":{\"@id\":\"https:\\\/\\\/digital58.com.ve\\\/site\\\/2020\\\/07\\\/23\\\/blagdimir-labrador-no-hay-decesos-de-medicos-ni-de-personal-asistencial-en-el-hospital-de-santa-barbara\\\/#breadcrumb\"},\"inLanguage\":\"es\",\"potentialAction\":[{\"@type\":\"ReadAction\",\"target\":[\"https:\\\/\\\/digital58.com.ve\\\/site\\\/2020\\\/07\\\/23\\\/blagdimir-labrador-no-hay-decesos-de-medicos-ni-de-personal-asistencial-en-el-hospital-de-santa-barbara\\\/\"]}]},{\"@type\":\"ImageObject\",\"inLanguage\":\"es\",\"@id\":\"https:\\\/\\\/digital58.com.ve\\\/site\\\/2020\\\/07\\\/23\\\/blagdimir-labrador-no-hay-decesos-de-medicos-ni-de-personal-asistencial-en-el-hospital-de-santa-barbara\\\/#primaryimage\",\"url\":\"https:\\\/\\\/digital58.com.ve\\\/site\\\/wp-content\\\/uploads\\\/2020\\\/07\\\/alacalde.jpg\",\"contentUrl\":\"https:\\\/\\\/digital58.com.ve\\\/site\\\/wp-content\\\/uploads\\\/2020\\\/07\\\/alacalde.jpg\",\"width\":800,\"height\":600},{\"@type\":\"BreadcrumbList\",\"@id\":\"https:\\\/\\\/digital58.com.ve\\\/site\\\/2020\\\/07\\\/23\\\/blagdimir-labrador-no-hay-decesos-de-medicos-ni-de-personal-asistencial-en-el-hospital-de-santa-barbara\\\/#breadcrumb\",\"itemListElement\":[{\"@type\":\"ListItem\",\"position\":1,\"name\":\"Home\",\"item\":\"https:\\\/\\\/digital58.com.ve\\\/site\\\/\"},{\"@type\":\"ListItem\",\"position\":2,\"name\":\"Blagdimir Labrador: \u00abNo hay decesos de m\u00e9dicos ni de personal asistencial en el Hospital de Santa B\u00e1rbara\u00bb\"}]},{\"@type\":\"WebSite\",\"@id\":\"https:\\\/\\\/digital58.com.ve\\\/site\\\/#website\",\"url\":\"https:\\\/\\\/digital58.com.ve\\\/site\\\/\",\"name\":\"Noticias Digital58\",\"description\":\"Portal de Noticias \u00a1Periodismo web de verdad! Lanzamiento web 22.11.2005 \\\/ Maracaibo, Venezuela\",\"publisher\":{\"@id\":\"https:\\\/\\\/digital58.com.ve\\\/site\\\/#\\\/schema\\\/person\\\/64d1c2e4d0d4fd1b849980c4331c2951\"},\"alternateName\":\"ND58\",\"potentialAction\":[{\"@type\":\"SearchAction\",\"target\":{\"@type\":\"EntryPoint\",\"urlTemplate\":\"https:\\\/\\\/digital58.com.ve\\\/site\\\/?s={search_term_string}\"},\"query-input\":{\"@type\":\"PropertyValueSpecification\",\"valueRequired\":true,\"valueName\":\"search_term_string\"}}],\"inLanguage\":\"es\"},{\"@type\":[\"Person\",\"Organization\"],\"@id\":\"https:\\\/\\\/digital58.com.ve\\\/site\\\/#\\\/schema\\\/person\\\/64d1c2e4d0d4fd1b849980c4331c2951\",\"name\":\"Villasmil Henry\",\"image\":{\"@type\":\"ImageObject\",\"inLanguage\":\"es\",\"@id\":\"https:\\\/\\\/secure.gravatar.com\\\/avatar\\\/bb0c4a2fcb7970138239f7e404ea75757b1b507b28b5ce4c53fbd62d797c5a7c?s=96&d=mm&r=g\",\"url\":\"https:\\\/\\\/secure.gravatar.com\\\/avatar\\\/bb0c4a2fcb7970138239f7e404ea75757b1b507b28b5ce4c53fbd62d797c5a7c?s=96&d=mm&r=g\",\"contentUrl\":\"https:\\\/\\\/secure.gravatar.com\\\/avatar\\\/bb0c4a2fcb7970138239f7e404ea75757b1b507b28b5ce4c53fbd62d797c5a7c?s=96&d=mm&r=g\",\"caption\":\"Villasmil Henry\"},\"logo\":{\"@id\":\"https:\\\/\\\/secure.gravatar.com\\\/avatar\\\/bb0c4a2fcb7970138239f7e404ea75757b1b507b28b5ce4c53fbd62d797c5a7c?s=96&d=mm&r=g\"},\"sameAs\":[\"http:\\\/\\\/www.henryvillasmil.com.ve\",\"https:\\\/\\\/www.instagram.com\\\/villasmilhfoto\\\/\",\"https:\\\/\\\/x.com\\\/https:\\\/\\\/twitter.com\\\/villasmilhfoto\"]},{\"@type\":\"Person\",\"@id\":\"https:\\\/\\\/digital58.com.ve\\\/site\\\/#\\\/schema\\\/person\\\/c61667ce6845137620ee3f0aaabade17\",\"name\":\"Molero Luis\",\"image\":{\"@type\":\"ImageObject\",\"inLanguage\":\"es\",\"@id\":\"https:\\\/\\\/secure.gravatar.com\\\/avatar\\\/bf041ec637e3e7405449807deb2f7cf3d2de7c6fa755dd56e985201de9863f2b?s=96&d=mm&r=g\",\"url\":\"https:\\\/\\\/secure.gravatar.com\\\/avatar\\\/bf041ec637e3e7405449807deb2f7cf3d2de7c6fa755dd56e985201de9863f2b?s=96&d=mm&r=g\",\"contentUrl\":\"https:\\\/\\\/secure.gravatar.com\\\/avatar\\\/bf041ec637e3e7405449807deb2f7cf3d2de7c6fa755dd56e985201de9863f2b?s=96&d=mm&r=g\",\"caption\":\"Molero Luis\"},\"url\":\"https:\\\/\\\/digital58.com.ve\\\/site\\\/author\\\/luismolero\\\/\"}]}<\/script>\n<!-- \/ Yoast SEO plugin. -->","yoast_head_json":{"title":"Blagdimir Labrador: \u00abNo hay decesos de m\u00e9dicos ni de personal asistencial en el Hospital de Santa B\u00e1rbara\u00bb","description":"Zulia","robots":{"index":"index","follow":"follow","max-snippet":"max-snippet:-1","max-image-preview":"max-image-preview:large","max-video-preview":"max-video-preview:-1"},"canonical":"https:\/\/digital58.com.ve\/site\/2020\/07\/23\/blagdimir-labrador-no-hay-decesos-de-medicos-ni-de-personal-asistencial-en-el-hospital-de-santa-barbara\/","og_locale":"es_ES","og_type":"article","og_title":"Blagdimir Labrador: \u00abNo hay decesos de m\u00e9dicos ni de personal asistencial en el Hospital de Santa B\u00e1rbara\u00bb","og_description":"Zulia","og_url":"https:\/\/digital58.com.ve\/site\/2020\/07\/23\/blagdimir-labrador-no-hay-decesos-de-medicos-ni-de-personal-asistencial-en-el-hospital-de-santa-barbara\/","og_site_name":"Noticias Digital58","article_published_time":"2020-07-23T20:33:04+00:00","og_image":[{"width":800,"height":600,"url":"https:\/\/digital58.com.ve\/site\/wp-content\/uploads\/2020\/07\/alacalde.jpg","type":"image\/jpeg"}],"author":"Molero Luis","twitter_card":"summary_large_image","twitter_creator":"@Digital_58","twitter_site":"@villasmilhfoto","twitter_misc":{"Escrito por":"Molero Luis","Tiempo estimado de lectura":"6 minutos"},"schema":{"@context":"https:\/\/schema.org","@graph":[{"@type":"Article","@id":"https:\/\/digital58.com.ve\/site\/2020\/07\/23\/blagdimir-labrador-no-hay-decesos-de-medicos-ni-de-personal-asistencial-en-el-hospital-de-santa-barbara\/#article","isPartOf":{"@id":"https:\/\/digital58.com.ve\/site\/2020\/07\/23\/blagdimir-labrador-no-hay-decesos-de-medicos-ni-de-personal-asistencial-en-el-hospital-de-santa-barbara\/"},"author":{"name":"Molero Luis","@id":"https:\/\/digital58.com.ve\/site\/#\/schema\/person\/c61667ce6845137620ee3f0aaabade17"},"headline":"Blagdimir Labrador: \u00abNo hay decesos de m\u00e9dicos ni de personal asistencial en el Hospital de Santa B\u00e1rbara\u00bb","datePublished":"2020-07-23T20:33:04+00:00","mainEntityOfPage":{"@id":"https:\/\/digital58.com.ve\/site\/2020\/07\/23\/blagdimir-labrador-no-hay-decesos-de-medicos-ni-de-personal-asistencial-en-el-hospital-de-santa-barbara\/"},"wordCount":1259,"commentCount":0,"publisher":{"@id":"https:\/\/digital58.com.ve\/site\/#\/schema\/person\/64d1c2e4d0d4fd1b849980c4331c2951"},"image":{"@id":"https:\/\/digital58.com.ve\/site\/2020\/07\/23\/blagdimir-labrador-no-hay-decesos-de-medicos-ni-de-personal-asistencial-en-el-hospital-de-santa-barbara\/#primaryimage"},"thumbnailUrl":"https:\/\/digital58.com.ve\/site\/wp-content\/uploads\/2020\/07\/alacalde.jpg","keywords":["Alcalde Blagdimir Labrador","Coronavirus","COVID-19","Hospital de Santa Barabara","Municipio Col\u00f3n","Pandemia","Zulia"],"articleSection":["Zulia"],"inLanguage":"es","potentialAction":[{"@type":"CommentAction","name":"Comment","target":["https:\/\/digital58.com.ve\/site\/2020\/07\/23\/blagdimir-labrador-no-hay-decesos-de-medicos-ni-de-personal-asistencial-en-el-hospital-de-santa-barbara\/#respond"]}]},{"@type":"WebPage","@id":"https:\/\/digital58.com.ve\/site\/2020\/07\/23\/blagdimir-labrador-no-hay-decesos-de-medicos-ni-de-personal-asistencial-en-el-hospital-de-santa-barbara\/","url":"https:\/\/digital58.com.ve\/site\/2020\/07\/23\/blagdimir-labrador-no-hay-decesos-de-medicos-ni-de-personal-asistencial-en-el-hospital-de-santa-barbara\/","name":"Blagdimir Labrador: \u00abNo hay decesos de m\u00e9dicos ni de personal asistencial en el Hospital de Santa B\u00e1rbara\u00bb","isPartOf":{"@id":"https:\/\/digital58.com.ve\/site\/#website"},"primaryImageOfPage":{"@id":"https:\/\/digital58.com.ve\/site\/2020\/07\/23\/blagdimir-labrador-no-hay-decesos-de-medicos-ni-de-personal-asistencial-en-el-hospital-de-santa-barbara\/#primaryimage"},"image":{"@id":"https:\/\/digital58.com.ve\/site\/2020\/07\/23\/blagdimir-labrador-no-hay-decesos-de-medicos-ni-de-personal-asistencial-en-el-hospital-de-santa-barbara\/#primaryimage"},"thumbnailUrl":"https:\/\/digital58.com.ve\/site\/wp-content\/uploads\/2020\/07\/alacalde.jpg","datePublished":"2020-07-23T20:33:04+00:00","description":"Zulia","breadcrumb":{"@id":"https:\/\/digital58.com.ve\/site\/2020\/07\/23\/blagdimir-labrador-no-hay-decesos-de-medicos-ni-de-personal-asistencial-en-el-hospital-de-santa-barbara\/#breadcrumb"},"inLanguage":"es","potentialAction":[{"@type":"ReadAction","target":["https:\/\/digital58.com.ve\/site\/2020\/07\/23\/blagdimir-labrador-no-hay-decesos-de-medicos-ni-de-personal-asistencial-en-el-hospital-de-santa-barbara\/"]}]},{"@type":"ImageObject","inLanguage":"es","@id":"https:\/\/digital58.com.ve\/site\/2020\/07\/23\/blagdimir-labrador-no-hay-decesos-de-medicos-ni-de-personal-asistencial-en-el-hospital-de-santa-barbara\/#primaryimage","url":"https:\/\/digital58.com.ve\/site\/wp-content\/uploads\/2020\/07\/alacalde.jpg","contentUrl":"https:\/\/digital58.com.ve\/site\/wp-content\/uploads\/2020\/07\/alacalde.jpg","width":800,"height":600},{"@type":"BreadcrumbList","@id":"https:\/\/digital58.com.ve\/site\/2020\/07\/23\/blagdimir-labrador-no-hay-decesos-de-medicos-ni-de-personal-asistencial-en-el-hospital-de-santa-barbara\/#breadcrumb","itemListElement":[{"@type":"ListItem","position":1,"name":"Home","item":"https:\/\/digital58.com.ve\/site\/"},{"@type":"ListItem","position":2,"name":"Blagdimir Labrador: \u00abNo hay decesos de m\u00e9dicos ni de personal asistencial en el Hospital de Santa B\u00e1rbara\u00bb"}]},{"@type":"WebSite","@id":"https:\/\/digital58.com.ve\/site\/#website","url":"https:\/\/digital58.com.ve\/site\/","name":"Noticias Digital58","description":"Portal de Noticias \u00a1Periodismo web de verdad! Lanzamiento web 22.11.2005 \/ Maracaibo, Venezuela","publisher":{"@id":"https:\/\/digital58.com.ve\/site\/#\/schema\/person\/64d1c2e4d0d4fd1b849980c4331c2951"},"alternateName":"ND58","potentialAction":[{"@type":"SearchAction","target":{"@type":"EntryPoint","urlTemplate":"https:\/\/digital58.com.ve\/site\/?s={search_term_string}"},"query-input":{"@type":"PropertyValueSpecification","valueRequired":true,"valueName":"search_term_string"}}],"inLanguage":"es"},{"@type":["Person","Organization"],"@id":"https:\/\/digital58.com.ve\/site\/#\/schema\/person\/64d1c2e4d0d4fd1b849980c4331c2951","name":"Villasmil Henry","image":{"@type":"ImageObject","inLanguage":"es","@id":"https:\/\/secure.gravatar.com\/avatar\/bb0c4a2fcb7970138239f7e404ea75757b1b507b28b5ce4c53fbd62d797c5a7c?s=96&d=mm&r=g","url":"https:\/\/secure.gravatar.com\/avatar\/bb0c4a2fcb7970138239f7e404ea75757b1b507b28b5ce4c53fbd62d797c5a7c?s=96&d=mm&r=g","contentUrl":"https:\/\/secure.gravatar.com\/avatar\/bb0c4a2fcb7970138239f7e404ea75757b1b507b28b5ce4c53fbd62d797c5a7c?s=96&d=mm&r=g","caption":"Villasmil Henry"},"logo":{"@id":"https:\/\/secure.gravatar.com\/avatar\/bb0c4a2fcb7970138239f7e404ea75757b1b507b28b5ce4c53fbd62d797c5a7c?s=96&d=mm&r=g"},"sameAs":["http:\/\/www.henryvillasmil.com.ve","https:\/\/www.instagram.com\/villasmilhfoto\/","https:\/\/x.com\/https:\/\/twitter.com\/villasmilhfoto"]},{"@type":"Person","@id":"https:\/\/digital58.com.ve\/site\/#\/schema\/person\/c61667ce6845137620ee3f0aaabade17","name":"Molero Luis","image":{"@type":"ImageObject","inLanguage":"es","@id":"https:\/\/secure.gravatar.com\/avatar\/bf041ec637e3e7405449807deb2f7cf3d2de7c6fa755dd56e985201de9863f2b?s=96&d=mm&r=g","url":"https:\/\/secure.gravatar.com\/avatar\/bf041ec637e3e7405449807deb2f7cf3d2de7c6fa755dd56e985201de9863f2b?s=96&d=mm&r=g","contentUrl":"https:\/\/secure.gravatar.com\/avatar\/bf041ec637e3e7405449807deb2f7cf3d2de7c6fa755dd56e985201de9863f2b?s=96&d=mm&r=g","caption":"Molero Luis"},"url":"https:\/\/digital58.com.ve\/site\/author\/luismolero\/"}]}},"uagb_featured_image_src":{"full":["https:\/\/digital58.com.ve\/site\/wp-content\/uploads\/2020\/07\/alacalde.jpg",800,600,false],"thumbnail":["https:\/\/digital58.com.ve\/site\/wp-content\/uploads\/2020\/07\/alacalde-150x150.jpg",150,150,true],"medium":["https:\/\/digital58.com.ve\/site\/wp-content\/uploads\/2020\/07\/alacalde-300x225.jpg",300,225,true],"medium_large":["https:\/\/digital58.com.ve\/site\/wp-content\/uploads\/2020\/07\/alacalde-768x576.jpg",768,576,true],"large":["https:\/\/digital58.com.ve\/site\/wp-content\/uploads\/2020\/07\/alacalde.jpg",800,600,false],"1536x1536":["https:\/\/digital58.com.ve\/site\/wp-content\/uploads\/2020\/07\/alacalde.jpg",800,600,false],"2048x2048":["https:\/\/digital58.com.ve\/site\/wp-content\/uploads\/2020\/07\/alacalde.jpg",800,600,false],"colormag-highlighted-post":["https:\/\/digital58.com.ve\/site\/wp-content\/uploads\/2020\/07\/alacalde.jpg",363,272,false],"colormag-featured-post-medium":["https:\/\/digital58.com.ve\/site\/wp-content\/uploads\/2020\/07\/alacalde.jpg",273,205,false],"colormag-featured-post-small":["https:\/\/digital58.com.ve\/site\/wp-content\/uploads\/2020\/07\/alacalde.jpg",120,90,false],"colormag-featured-image":["https:\/\/digital58.com.ve\/site\/wp-content\/uploads\/2020\/07\/alacalde.jpg",593,445,false],"colormag-default-news":["https:\/\/digital58.com.ve\/site\/wp-content\/uploads\/2020\/07\/alacalde.jpg",150,113,false],"colormag-featured-image-large":["https:\/\/digital58.com.ve\/site\/wp-content\/uploads\/2020\/07\/alacalde.jpg",800,600,false]},"uagb_author_info":{"display_name":"Molero Luis","author_link":"https:\/\/digital58.com.ve\/site\/author\/luismolero\/"},"uagb_comment_info":0,"uagb_excerpt":"Anunci\u00f3 que se han tra\u00eddo al municipio mil pruebas PCR, para tener mayor seguridad en el descarte de los contagios","_links":{"self":[{"href":"https:\/\/digital58.com.ve\/site\/wp-json\/wp\/v2\/posts\/117057","targetHints":{"allow":["GET"]}}],"collection":[{"href":"https:\/\/digital58.com.ve\/site\/wp-json\/wp\/v2\/posts"}],"about":[{"href":"https:\/\/digital58.com.ve\/site\/wp-json\/wp\/v2\/types\/post"}],"author":[{"embeddable":true,"href":"https:\/\/digital58.com.ve\/site\/wp-json\/wp\/v2\/users\/26"}],"replies":[{"embeddable":true,"href":"https:\/\/digital58.com.ve\/site\/wp-json\/wp\/v2\/comments?post=117057"}],"version-history":[{"count":0,"href":"https:\/\/digital58.com.ve\/site\/wp-json\/wp\/v2\/posts\/117057\/revisions"}],"wp:featuredmedia":[{"embeddable":true,"href":"https:\/\/digital58.com.ve\/site\/wp-json\/wp\/v2\/media\/117058"}],"wp:attachment":[{"href":"https:\/\/digital58.com.ve\/site\/wp-json\/wp\/v2\/media?parent=117057"}],"wp:term":[{"taxonomy":"category","embeddable":true,"href":"https:\/\/digital58.com.ve\/site\/wp-json\/wp\/v2\/categories?post=117057"},{"taxonomy":"post_tag","embeddable":true,"href":"https:\/\/digital58.com.ve\/site\/wp-json\/wp\/v2\/tags?post=117057"}],"curies":[{"name":"wp","href":"https:\/\/api.w.org\/{rel}","templated":true}]}}