{"id":117424,"date":"2020-07-24T20:05:13","date_gmt":"2020-07-25T00:05:13","guid":{"rendered":"https:\/\/digital58.com.ve\/site\/?p=117424"},"modified":"2020-07-24T20:05:13","modified_gmt":"2020-07-25T00:05:13","slug":"peru-supera-los-375-000-casos-de-la-covid-19-e-investiga-otros-22-000-decesos","status":"publish","type":"post","link":"https:\/\/digital58.com.ve\/site\/2020\/07\/24\/peru-supera-los-375-000-casos-de-la-covid-19-e-investiga-otros-22-000-decesos\/","title":{"rendered":"Per\u00fa supera los 375.000 casos de la COVID-19 e investiga otros 22.000 decesos"},"content":{"rendered":"<p><a href=\"https:\/\/digital58.com.ve\/site\/wp-content\/uploads\/2020\/07\/per\u00fa-24-07-20.jpg\"><img loading=\"lazy\" decoding=\"async\" class=\"aligncenter size-full wp-image-117425\" src=\"https:\/\/digital58.com.ve\/site\/wp-content\/uploads\/2020\/07\/per\u00fa-24-07-20.jpg\" alt=\"\" width=\"900\" height=\"600\" srcset=\"https:\/\/digital58.com.ve\/site\/wp-content\/uploads\/2020\/07\/per\u00fa-24-07-20.jpg 800w, https:\/\/digital58.com.ve\/site\/wp-content\/uploads\/2020\/07\/per\u00fa-24-07-20-300x200.jpg 300w, https:\/\/digital58.com.ve\/site\/wp-content\/uploads\/2020\/07\/per\u00fa-24-07-20-768x512.jpg 768w, https:\/\/digital58.com.ve\/site\/wp-content\/uploads\/2020\/07\/per\u00fa-24-07-20-720x480.jpg 720w, https:\/\/digital58.com.ve\/site\/wp-content\/uploads\/2020\/07\/per\u00fa-24-07-20-480x320.jpg 480w\" sizes=\"auto, (max-width: 900px) 100vw, 900px\" \/><\/a><\/p>\n<p>Per\u00fa super\u00f3 este viernes los 375.000 casos detectados de la COVID-19, que ha dejado hasta el momento m\u00e1s de 17.800 fallecidos en el pa\u00eds, donde tambi\u00e9n se investigan las causas de otros 22.000 decesos sospechosos.<\/p>\n<p><strong>Per\u00fa, 24 de julio de 2020 (ND58).-<\/strong> El informe diario del Ministerio de Salud (Minsa) se\u00f1al\u00f3 este viernes que en las \u00faltimas horas se detectaron 4.865 infectados, con lo que se lleg\u00f3 a 375.961 casos desde el pasado 6 de marzo, cuando se confirm\u00f3 a la primera persona con la enfermedad.<\/p>\n<p>Sin embargo, tambi\u00e9n se recuperaron 3.478 infectados, con lo que ya suman 259.423 las personas que han recibido el alta en un centro m\u00e9dico o cumplieron con su cuarentena domiciliaria.<\/p>\n<p>Adem\u00e1s, con el fallecimiento de otros 189 pacientes, el total oficial de decesos lleg\u00f3 a 17.843, mientras que los hospitalizados son 12.920, 65 menos que en el informe anterior, 1.389 de los cuales permanecen en unidades de cuidados intensivos (UCI),<\/p>\n<p>Tras haberse tomado otras 24.993 pruebas, entre r\u00e1pidas y moleculares, el total de test se elev\u00f3 a 2.183.763, y los casos activos de la enfermedad llegaron 98.695 en Per\u00fa.<\/p>\n<p><strong>Otros 22mil decesos investigados<\/strong><\/p>\n<p>Despu\u00e9s de que el Gobierno de Per\u00fa sum\u00f3 este mi\u00e9rcoles a 3.688 fallecidos que no hab\u00edan sido contabilizados en las cifras oficiales desde el inicio de la pandemia, este viernes se inform\u00f3 que tambi\u00e9n se investigan otros 22.000 decesos sospechosos.<\/p>\n<p>El portavoz del Minsa del Sistema Inform\u00e1tico Nacional de Defunciones (Sinadef), Javier Vargas, declar\u00f3 a la emisora RPP Noticias que en este \u00faltimo organismo se han registrado unas 41.000 muertes con \u00abt\u00e9rminos m\u00e9dicos asociados\u00bb a la COVID-19.<\/p>\n<p>Remarc\u00f3, sin embargo, que esos registros no identifican con certeza todas las causas de fallecimiento, por lo que ahora est\u00e1n siendo sometidos a una evaluaci\u00f3n exhaustiva.<\/p>\n<p>Vargas dijo que desde que termin\u00f3 la cuarentena nacional, el pasado 30 de junio, aument\u00f3 el n\u00famero de infectados y de fallecimientos, con un exceso de mortalidad en regiones como la selv\u00e1tica Amazonas y las sure\u00f1as Arequipa y Moquegua, as\u00ed como en el puerto lime\u00f1o del Callao, donde esas cifras ya hab\u00edan descendido.<\/p>\n<p>El portavoz agreg\u00f3 que en regiones amaz\u00f3nicas como Loreto y Ucayali el promedio de muertes ha retornado a los niveles de antes de la pandemia y que en la norte\u00f1a Lambayeque, una de las mas golpeadas desde el inicio de la epidemia, el exceso de decesos \u00abha descendido ostensiblemente\u00bb.<\/p>\n<p><strong>Actuaci\u00f3n en Arequipa<\/strong><\/p>\n<p>Despu\u00e9s de que el Ejecutivo decidiera asumir el control del sistema sanitario en la regi\u00f3n sure\u00f1a de Arequipa, donde los casos se han incrementado, este viernes se reuni\u00f3 el gobernador regional, Elmer C\u00e1ceres, con la exministra Zulema Tomas y la presidenta de la seguridad social, Fiorella Molinelli.<\/p>\n<p>Tomas declar\u00f3 al Canal N de televisi\u00f3n que el gobernador, quien es duramente criticado por los arequipe\u00f1os por una aparente inacci\u00f3n ante la enfermedad, reconoci\u00f3 el apoyo del Gobierno Central, que hasta el momento ha enviado 48 toneladas de ayuda a esa regi\u00f3n.<\/p>\n<p>La exministra, quien ha sido comisionada por el Minsa para supervisar la situaci\u00f3n en Arequipa, dijo que encontraron a pacientes en carpas y carros y que esa falta de atenci\u00f3n era explicada porque muchos m\u00e9dicos est\u00e1n en cuarentena y otros carec\u00edan de equipos de protecci\u00f3n.<\/p>\n<p>Agreg\u00f3, sin embargo, que los equipos de protecci\u00f3n personal y medicamentos que fueron enviados desde marzo pasado por el Ejecutivo estaban guardados en almacenes.<\/p>\n<p>Tomas dijo que, ante esta situaci\u00f3n, C\u00e1ceres \u00abha mencionado que se inicien las investigaciones y se procese a quien se requiera\u00bb.<\/p>\n<p><strong>Fabricaci\u00f3n de respiradores<\/strong><\/p>\n<p>Este viernes, el Minsa suscribi\u00f3 un convenio de cooperaci\u00f3n con la Marina de Guerra del Per\u00fa y la Confederaci\u00f3n Nacional de Instituciones Empresariales Privadas (Confiep) para la fabricaci\u00f3n, certificaci\u00f3n, distribuci\u00f3n y puesta en operaci\u00f3n de los respiradores artificiales nacionales \u00abSamay\u00bb.<\/p>\n<p>La ministra de Salud, Pilar Mazzetti, se\u00f1al\u00f3 que este equipo (cuyo nombre significa \u00abrespira\u00bb, en quechua), ayudar\u00e1 a las personas que necesitan ventilaci\u00f3n artificial de forma urgente.<\/p>\n<p>La Marina de Guerra ya entreg\u00f3 esta semana los primeros 30 ventiladores mec\u00e1nicos de un lote de 100, cuyo dise\u00f1o fue aprobado por los organismos especializados del Minsa.<\/p>\n<p>Mazzetti tambi\u00e9n salud\u00f3 el apoyo de la Confiep, que financi\u00f3 con m\u00e1s de medio mill\u00f3n de d\u00f3lares la compra en el pa\u00eds y en el extranjero de los equipos necesarios para desarrollar el proyecto.<\/p><div class=\"jysvu69f0e53750041\" ><p style=\"text-align: center;\"><a href=\"https:\/\/t.me\/noticiasdigital58\" target=\"_blank\" rel=\"noopener\"><img class=\"aligncenter size-full wp-image-125363\" src=\"https:\/\/digital58.com.ve\/site\/wp-content\/uploads\/2021\/04\/banner-telegram-web-2021.png\" alt=\"\" width=\"600\" height=\"90\" \/><\/a><\/p><\/div><style type=\"text\/css\">\r\n@media screen and (min-width: 1201px) {\r\n.jysvu69f0e53750041 {\r\ndisplay: block;\r\n}\r\n}\r\n@media screen and (min-width: 993px) and (max-width: 1200px) {\r\n.jysvu69f0e53750041 {\r\ndisplay: block;\r\n}\r\n}\r\n@media screen and (min-width: 769px) and (max-width: 992px) {\r\n.jysvu69f0e53750041 {\r\ndisplay: block;\r\n}\r\n}\r\n@media screen and (min-width: 768px) and (max-width: 768px) {\r\n.jysvu69f0e53750041 {\r\ndisplay: block;\r\n}\r\n}\r\n@media screen and (max-width: 767px) {\r\n.jysvu69f0e53750041 {\r\ndisplay: block;\r\n}\r\n}\r\n<\/style>\r\n\n<p><strong>Redacci\u00f3n ND58 | Fuente: EFE<\/strong><br \/>\n<strong>Edici\u00f3n: Villasmil, Henry<\/strong><br \/>\n<strong>Gr\u00e1fica: EFE<\/strong><\/p>\n<div style=\"margin-top: 0px; margin-bottom: 0px;\" class=\"sharethis-inline-share-buttons\" ><\/div>","protected":false},"excerpt":{"rendered":"<p>Per\u00fa super\u00f3 este viernes los 375.000 casos detectados de la COVID-19, que ha dejado hasta el momento m\u00e1s de 17.800<\/p>\n","protected":false},"author":1,"featured_media":117425,"comment_status":"open","ping_status":"closed","sticky":false,"template":"","format":"standard","meta":{"colormag_page_container_layout":"default_layout","colormag_page_sidebar_layout":"default_layout","_uag_custom_page_level_css":"","footnotes":""},"categories":[16451],"tags":[13352,13648,8,13723,112,14457],"class_list":["post-117424","post","type-post","status-publish","format-standard","has-post-thumbnail","hentry","category-mundo","tag-coronavirus","tag-covid-19","tag-internacionales","tag-pandemia","tag-peru","tag-reporte-diario-covid-19"],"yoast_head":"<!-- This site is optimized with the Yoast SEO plugin v27.5 - https:\/\/yoast.com\/product\/yoast-seo-wordpress\/ -->\n<title>Per\u00fa supera los 375.000 casos de la COVID-19 e investiga otros 22.000 decesos<\/title>\n<meta name=\"description\" content=\"Mundo\" \/>\n<meta name=\"robots\" content=\"index, follow, max-snippet:-1, max-image-preview:large, max-video-preview:-1\" \/>\n<link rel=\"canonical\" href=\"https:\/\/digital58.com.ve\/site\/2020\/07\/24\/peru-supera-los-375-000-casos-de-la-covid-19-e-investiga-otros-22-000-decesos\/\" \/>\n<meta property=\"og:locale\" content=\"es_ES\" \/>\n<meta property=\"og:type\" content=\"article\" \/>\n<meta property=\"og:title\" content=\"Per\u00fa supera los 375.000 casos de la COVID-19 e investiga otros 22.000 decesos\" \/>\n<meta property=\"og:description\" content=\"Mundo\" \/>\n<meta property=\"og:url\" content=\"https:\/\/digital58.com.ve\/site\/2020\/07\/24\/peru-supera-los-375-000-casos-de-la-covid-19-e-investiga-otros-22-000-decesos\/\" \/>\n<meta property=\"og:site_name\" content=\"Noticias Digital58\" \/>\n<meta property=\"article:published_time\" content=\"2020-07-25T00:05:13+00:00\" \/>\n<meta property=\"og:image\" content=\"https:\/\/digital58.com.ve\/site\/wp-content\/uploads\/2020\/07\/per\u00fa-24-07-20.jpg\" \/>\n\t<meta property=\"og:image:width\" content=\"900\" \/>\n\t<meta property=\"og:image:height\" content=\"600\" \/>\n\t<meta property=\"og:image:type\" content=\"image\/jpeg\" \/>\n<meta name=\"author\" content=\"Villasmil Henry\" \/>\n<meta name=\"twitter:card\" content=\"summary_large_image\" \/>\n<meta name=\"twitter:creator\" content=\"@https:\/\/twitter.com\/villasmilhfoto\" \/>\n<meta name=\"twitter:site\" content=\"@villasmilhfoto\" \/>\n<meta name=\"twitter:label1\" content=\"Escrito por\" \/>\n\t<meta name=\"twitter:data1\" content=\"Villasmil Henry\" \/>\n\t<meta name=\"twitter:label2\" content=\"Tiempo estimado de lectura\" \/>\n\t<meta name=\"twitter:data2\" content=\"4 minutos\" \/>\n<script type=\"application\/ld+json\" class=\"yoast-schema-graph\">{\"@context\":\"https:\\\/\\\/schema.org\",\"@graph\":[{\"@type\":\"Article\",\"@id\":\"https:\\\/\\\/digital58.com.ve\\\/site\\\/2020\\\/07\\\/24\\\/peru-supera-los-375-000-casos-de-la-covid-19-e-investiga-otros-22-000-decesos\\\/#article\",\"isPartOf\":{\"@id\":\"https:\\\/\\\/digital58.com.ve\\\/site\\\/2020\\\/07\\\/24\\\/peru-supera-los-375-000-casos-de-la-covid-19-e-investiga-otros-22-000-decesos\\\/\"},\"author\":{\"name\":\"Villasmil Henry\",\"@id\":\"https:\\\/\\\/digital58.com.ve\\\/site\\\/#\\\/schema\\\/person\\\/64d1c2e4d0d4fd1b849980c4331c2951\"},\"headline\":\"Per\u00fa supera los 375.000 casos de la COVID-19 e investiga otros 22.000 decesos\",\"datePublished\":\"2020-07-25T00:05:13+00:00\",\"mainEntityOfPage\":{\"@id\":\"https:\\\/\\\/digital58.com.ve\\\/site\\\/2020\\\/07\\\/24\\\/peru-supera-los-375-000-casos-de-la-covid-19-e-investiga-otros-22-000-decesos\\\/\"},\"wordCount\":766,\"commentCount\":0,\"publisher\":{\"@id\":\"https:\\\/\\\/digital58.com.ve\\\/site\\\/#\\\/schema\\\/person\\\/64d1c2e4d0d4fd1b849980c4331c2951\"},\"image\":{\"@id\":\"https:\\\/\\\/digital58.com.ve\\\/site\\\/2020\\\/07\\\/24\\\/peru-supera-los-375-000-casos-de-la-covid-19-e-investiga-otros-22-000-decesos\\\/#primaryimage\"},\"thumbnailUrl\":\"https:\\\/\\\/digital58.com.ve\\\/site\\\/wp-content\\\/uploads\\\/2020\\\/07\\\/per\u00fa-24-07-20.jpg\",\"keywords\":[\"Coronavirus\",\"COVID-19\",\"Internacionales\",\"Pandemia\",\"Per\u00fa\",\"Reporte Diario COVID-19\"],\"articleSection\":[\"Mundo\"],\"inLanguage\":\"es\",\"potentialAction\":[{\"@type\":\"CommentAction\",\"name\":\"Comment\",\"target\":[\"https:\\\/\\\/digital58.com.ve\\\/site\\\/2020\\\/07\\\/24\\\/peru-supera-los-375-000-casos-de-la-covid-19-e-investiga-otros-22-000-decesos\\\/#respond\"]}]},{\"@type\":\"WebPage\",\"@id\":\"https:\\\/\\\/digital58.com.ve\\\/site\\\/2020\\\/07\\\/24\\\/peru-supera-los-375-000-casos-de-la-covid-19-e-investiga-otros-22-000-decesos\\\/\",\"url\":\"https:\\\/\\\/digital58.com.ve\\\/site\\\/2020\\\/07\\\/24\\\/peru-supera-los-375-000-casos-de-la-covid-19-e-investiga-otros-22-000-decesos\\\/\",\"name\":\"Per\u00fa supera los 375.000 casos de la COVID-19 e investiga otros 22.000 decesos\",\"isPartOf\":{\"@id\":\"https:\\\/\\\/digital58.com.ve\\\/site\\\/#website\"},\"primaryImageOfPage\":{\"@id\":\"https:\\\/\\\/digital58.com.ve\\\/site\\\/2020\\\/07\\\/24\\\/peru-supera-los-375-000-casos-de-la-covid-19-e-investiga-otros-22-000-decesos\\\/#primaryimage\"},\"image\":{\"@id\":\"https:\\\/\\\/digital58.com.ve\\\/site\\\/2020\\\/07\\\/24\\\/peru-supera-los-375-000-casos-de-la-covid-19-e-investiga-otros-22-000-decesos\\\/#primaryimage\"},\"thumbnailUrl\":\"https:\\\/\\\/digital58.com.ve\\\/site\\\/wp-content\\\/uploads\\\/2020\\\/07\\\/per\u00fa-24-07-20.jpg\",\"datePublished\":\"2020-07-25T00:05:13+00:00\",\"description\":\"Mundo\",\"breadcrumb\":{\"@id\":\"https:\\\/\\\/digital58.com.ve\\\/site\\\/2020\\\/07\\\/24\\\/peru-supera-los-375-000-casos-de-la-covid-19-e-investiga-otros-22-000-decesos\\\/#breadcrumb\"},\"inLanguage\":\"es\",\"potentialAction\":[{\"@type\":\"ReadAction\",\"target\":[\"https:\\\/\\\/digital58.com.ve\\\/site\\\/2020\\\/07\\\/24\\\/peru-supera-los-375-000-casos-de-la-covid-19-e-investiga-otros-22-000-decesos\\\/\"]}]},{\"@type\":\"ImageObject\",\"inLanguage\":\"es\",\"@id\":\"https:\\\/\\\/digital58.com.ve\\\/site\\\/2020\\\/07\\\/24\\\/peru-supera-los-375-000-casos-de-la-covid-19-e-investiga-otros-22-000-decesos\\\/#primaryimage\",\"url\":\"https:\\\/\\\/digital58.com.ve\\\/site\\\/wp-content\\\/uploads\\\/2020\\\/07\\\/per\u00fa-24-07-20.jpg\",\"contentUrl\":\"https:\\\/\\\/digital58.com.ve\\\/site\\\/wp-content\\\/uploads\\\/2020\\\/07\\\/per\u00fa-24-07-20.jpg\",\"width\":800,\"height\":533},{\"@type\":\"BreadcrumbList\",\"@id\":\"https:\\\/\\\/digital58.com.ve\\\/site\\\/2020\\\/07\\\/24\\\/peru-supera-los-375-000-casos-de-la-covid-19-e-investiga-otros-22-000-decesos\\\/#breadcrumb\",\"itemListElement\":[{\"@type\":\"ListItem\",\"position\":1,\"name\":\"Home\",\"item\":\"https:\\\/\\\/digital58.com.ve\\\/site\\\/\"},{\"@type\":\"ListItem\",\"position\":2,\"name\":\"Per\u00fa supera los 375.000 casos de la COVID-19 e investiga otros 22.000 decesos\"}]},{\"@type\":\"WebSite\",\"@id\":\"https:\\\/\\\/digital58.com.ve\\\/site\\\/#website\",\"url\":\"https:\\\/\\\/digital58.com.ve\\\/site\\\/\",\"name\":\"Noticias Digital58\",\"description\":\"Portal de Noticias \u00a1Periodismo web de verdad! Lanzamiento web 22.11.2005 \\\/ Maracaibo, Venezuela\",\"publisher\":{\"@id\":\"https:\\\/\\\/digital58.com.ve\\\/site\\\/#\\\/schema\\\/person\\\/64d1c2e4d0d4fd1b849980c4331c2951\"},\"alternateName\":\"ND58\",\"potentialAction\":[{\"@type\":\"SearchAction\",\"target\":{\"@type\":\"EntryPoint\",\"urlTemplate\":\"https:\\\/\\\/digital58.com.ve\\\/site\\\/?s={search_term_string}\"},\"query-input\":{\"@type\":\"PropertyValueSpecification\",\"valueRequired\":true,\"valueName\":\"search_term_string\"}}],\"inLanguage\":\"es\"},{\"@type\":[\"Person\",\"Organization\"],\"@id\":\"https:\\\/\\\/digital58.com.ve\\\/site\\\/#\\\/schema\\\/person\\\/64d1c2e4d0d4fd1b849980c4331c2951\",\"name\":\"Villasmil Henry\",\"image\":{\"@type\":\"ImageObject\",\"inLanguage\":\"es\",\"@id\":\"https:\\\/\\\/secure.gravatar.com\\\/avatar\\\/bb0c4a2fcb7970138239f7e404ea75757b1b507b28b5ce4c53fbd62d797c5a7c?s=96&d=mm&r=g\",\"url\":\"https:\\\/\\\/secure.gravatar.com\\\/avatar\\\/bb0c4a2fcb7970138239f7e404ea75757b1b507b28b5ce4c53fbd62d797c5a7c?s=96&d=mm&r=g\",\"contentUrl\":\"https:\\\/\\\/secure.gravatar.com\\\/avatar\\\/bb0c4a2fcb7970138239f7e404ea75757b1b507b28b5ce4c53fbd62d797c5a7c?s=96&d=mm&r=g\",\"caption\":\"Villasmil Henry\"},\"logo\":{\"@id\":\"https:\\\/\\\/secure.gravatar.com\\\/avatar\\\/bb0c4a2fcb7970138239f7e404ea75757b1b507b28b5ce4c53fbd62d797c5a7c?s=96&d=mm&r=g\"},\"sameAs\":[\"http:\\\/\\\/www.henryvillasmil.com.ve\",\"https:\\\/\\\/www.instagram.com\\\/villasmilhfoto\\\/\",\"https:\\\/\\\/x.com\\\/https:\\\/\\\/twitter.com\\\/villasmilhfoto\"],\"url\":\"https:\\\/\\\/digital58.com.ve\\\/site\\\/author\\\/droopy_68\\\/\"}]}<\/script>\n<!-- \/ Yoast SEO plugin. -->","yoast_head_json":{"title":"Per\u00fa supera los 375.000 casos de la COVID-19 e investiga otros 22.000 decesos","description":"Mundo","robots":{"index":"index","follow":"follow","max-snippet":"max-snippet:-1","max-image-preview":"max-image-preview:large","max-video-preview":"max-video-preview:-1"},"canonical":"https:\/\/digital58.com.ve\/site\/2020\/07\/24\/peru-supera-los-375-000-casos-de-la-covid-19-e-investiga-otros-22-000-decesos\/","og_locale":"es_ES","og_type":"article","og_title":"Per\u00fa supera los 375.000 casos de la COVID-19 e investiga otros 22.000 decesos","og_description":"Mundo","og_url":"https:\/\/digital58.com.ve\/site\/2020\/07\/24\/peru-supera-los-375-000-casos-de-la-covid-19-e-investiga-otros-22-000-decesos\/","og_site_name":"Noticias Digital58","article_published_time":"2020-07-25T00:05:13+00:00","og_image":[{"width":900,"height":600,"url":"https:\/\/digital58.com.ve\/site\/wp-content\/uploads\/2020\/07\/per\u00fa-24-07-20.jpg","type":"image\/jpeg"}],"author":"Villasmil Henry","twitter_card":"summary_large_image","twitter_creator":"@https:\/\/twitter.com\/villasmilhfoto","twitter_site":"@villasmilhfoto","twitter_misc":{"Escrito por":"Villasmil Henry","Tiempo estimado de lectura":"4 minutos"},"schema":{"@context":"https:\/\/schema.org","@graph":[{"@type":"Article","@id":"https:\/\/digital58.com.ve\/site\/2020\/07\/24\/peru-supera-los-375-000-casos-de-la-covid-19-e-investiga-otros-22-000-decesos\/#article","isPartOf":{"@id":"https:\/\/digital58.com.ve\/site\/2020\/07\/24\/peru-supera-los-375-000-casos-de-la-covid-19-e-investiga-otros-22-000-decesos\/"},"author":{"name":"Villasmil Henry","@id":"https:\/\/digital58.com.ve\/site\/#\/schema\/person\/64d1c2e4d0d4fd1b849980c4331c2951"},"headline":"Per\u00fa supera los 375.000 casos de la COVID-19 e investiga otros 22.000 decesos","datePublished":"2020-07-25T00:05:13+00:00","mainEntityOfPage":{"@id":"https:\/\/digital58.com.ve\/site\/2020\/07\/24\/peru-supera-los-375-000-casos-de-la-covid-19-e-investiga-otros-22-000-decesos\/"},"wordCount":766,"commentCount":0,"publisher":{"@id":"https:\/\/digital58.com.ve\/site\/#\/schema\/person\/64d1c2e4d0d4fd1b849980c4331c2951"},"image":{"@id":"https:\/\/digital58.com.ve\/site\/2020\/07\/24\/peru-supera-los-375-000-casos-de-la-covid-19-e-investiga-otros-22-000-decesos\/#primaryimage"},"thumbnailUrl":"https:\/\/digital58.com.ve\/site\/wp-content\/uploads\/2020\/07\/per\u00fa-24-07-20.jpg","keywords":["Coronavirus","COVID-19","Internacionales","Pandemia","Per\u00fa","Reporte Diario COVID-19"],"articleSection":["Mundo"],"inLanguage":"es","potentialAction":[{"@type":"CommentAction","name":"Comment","target":["https:\/\/digital58.com.ve\/site\/2020\/07\/24\/peru-supera-los-375-000-casos-de-la-covid-19-e-investiga-otros-22-000-decesos\/#respond"]}]},{"@type":"WebPage","@id":"https:\/\/digital58.com.ve\/site\/2020\/07\/24\/peru-supera-los-375-000-casos-de-la-covid-19-e-investiga-otros-22-000-decesos\/","url":"https:\/\/digital58.com.ve\/site\/2020\/07\/24\/peru-supera-los-375-000-casos-de-la-covid-19-e-investiga-otros-22-000-decesos\/","name":"Per\u00fa supera los 375.000 casos de la COVID-19 e investiga otros 22.000 decesos","isPartOf":{"@id":"https:\/\/digital58.com.ve\/site\/#website"},"primaryImageOfPage":{"@id":"https:\/\/digital58.com.ve\/site\/2020\/07\/24\/peru-supera-los-375-000-casos-de-la-covid-19-e-investiga-otros-22-000-decesos\/#primaryimage"},"image":{"@id":"https:\/\/digital58.com.ve\/site\/2020\/07\/24\/peru-supera-los-375-000-casos-de-la-covid-19-e-investiga-otros-22-000-decesos\/#primaryimage"},"thumbnailUrl":"https:\/\/digital58.com.ve\/site\/wp-content\/uploads\/2020\/07\/per\u00fa-24-07-20.jpg","datePublished":"2020-07-25T00:05:13+00:00","description":"Mundo","breadcrumb":{"@id":"https:\/\/digital58.com.ve\/site\/2020\/07\/24\/peru-supera-los-375-000-casos-de-la-covid-19-e-investiga-otros-22-000-decesos\/#breadcrumb"},"inLanguage":"es","potentialAction":[{"@type":"ReadAction","target":["https:\/\/digital58.com.ve\/site\/2020\/07\/24\/peru-supera-los-375-000-casos-de-la-covid-19-e-investiga-otros-22-000-decesos\/"]}]},{"@type":"ImageObject","inLanguage":"es","@id":"https:\/\/digital58.com.ve\/site\/2020\/07\/24\/peru-supera-los-375-000-casos-de-la-covid-19-e-investiga-otros-22-000-decesos\/#primaryimage","url":"https:\/\/digital58.com.ve\/site\/wp-content\/uploads\/2020\/07\/per\u00fa-24-07-20.jpg","contentUrl":"https:\/\/digital58.com.ve\/site\/wp-content\/uploads\/2020\/07\/per\u00fa-24-07-20.jpg","width":800,"height":533},{"@type":"BreadcrumbList","@id":"https:\/\/digital58.com.ve\/site\/2020\/07\/24\/peru-supera-los-375-000-casos-de-la-covid-19-e-investiga-otros-22-000-decesos\/#breadcrumb","itemListElement":[{"@type":"ListItem","position":1,"name":"Home","item":"https:\/\/digital58.com.ve\/site\/"},{"@type":"ListItem","position":2,"name":"Per\u00fa supera los 375.000 casos de la COVID-19 e investiga otros 22.000 decesos"}]},{"@type":"WebSite","@id":"https:\/\/digital58.com.ve\/site\/#website","url":"https:\/\/digital58.com.ve\/site\/","name":"Noticias Digital58","description":"Portal de Noticias \u00a1Periodismo web de verdad! Lanzamiento web 22.11.2005 \/ Maracaibo, Venezuela","publisher":{"@id":"https:\/\/digital58.com.ve\/site\/#\/schema\/person\/64d1c2e4d0d4fd1b849980c4331c2951"},"alternateName":"ND58","potentialAction":[{"@type":"SearchAction","target":{"@type":"EntryPoint","urlTemplate":"https:\/\/digital58.com.ve\/site\/?s={search_term_string}"},"query-input":{"@type":"PropertyValueSpecification","valueRequired":true,"valueName":"search_term_string"}}],"inLanguage":"es"},{"@type":["Person","Organization"],"@id":"https:\/\/digital58.com.ve\/site\/#\/schema\/person\/64d1c2e4d0d4fd1b849980c4331c2951","name":"Villasmil Henry","image":{"@type":"ImageObject","inLanguage":"es","@id":"https:\/\/secure.gravatar.com\/avatar\/bb0c4a2fcb7970138239f7e404ea75757b1b507b28b5ce4c53fbd62d797c5a7c?s=96&d=mm&r=g","url":"https:\/\/secure.gravatar.com\/avatar\/bb0c4a2fcb7970138239f7e404ea75757b1b507b28b5ce4c53fbd62d797c5a7c?s=96&d=mm&r=g","contentUrl":"https:\/\/secure.gravatar.com\/avatar\/bb0c4a2fcb7970138239f7e404ea75757b1b507b28b5ce4c53fbd62d797c5a7c?s=96&d=mm&r=g","caption":"Villasmil Henry"},"logo":{"@id":"https:\/\/secure.gravatar.com\/avatar\/bb0c4a2fcb7970138239f7e404ea75757b1b507b28b5ce4c53fbd62d797c5a7c?s=96&d=mm&r=g"},"sameAs":["http:\/\/www.henryvillasmil.com.ve","https:\/\/www.instagram.com\/villasmilhfoto\/","https:\/\/x.com\/https:\/\/twitter.com\/villasmilhfoto"],"url":"https:\/\/digital58.com.ve\/site\/author\/droopy_68\/"}]}},"uagb_featured_image_src":{"full":["https:\/\/digital58.com.ve\/site\/wp-content\/uploads\/2020\/07\/per\u00fa-24-07-20.jpg",800,533,false],"thumbnail":["https:\/\/digital58.com.ve\/site\/wp-content\/uploads\/2020\/07\/per\u00fa-24-07-20-150x150.jpg",150,150,true],"medium":["https:\/\/digital58.com.ve\/site\/wp-content\/uploads\/2020\/07\/per\u00fa-24-07-20-300x200.jpg",300,200,true],"medium_large":["https:\/\/digital58.com.ve\/site\/wp-content\/uploads\/2020\/07\/per\u00fa-24-07-20-768x512.jpg",768,512,true],"large":["https:\/\/digital58.com.ve\/site\/wp-content\/uploads\/2020\/07\/per\u00fa-24-07-20.jpg",800,533,false],"1536x1536":["https:\/\/digital58.com.ve\/site\/wp-content\/uploads\/2020\/07\/per\u00fa-24-07-20.jpg",800,533,false],"2048x2048":["https:\/\/digital58.com.ve\/site\/wp-content\/uploads\/2020\/07\/per\u00fa-24-07-20.jpg",800,533,false],"colormag-highlighted-post":["https:\/\/digital58.com.ve\/site\/wp-content\/uploads\/2020\/07\/per\u00fa-24-07-20.jpg",392,261,false],"colormag-featured-post-medium":["https:\/\/digital58.com.ve\/site\/wp-content\/uploads\/2020\/07\/per\u00fa-24-07-20.jpg",308,205,false],"colormag-featured-post-small":["https:\/\/digital58.com.ve\/site\/wp-content\/uploads\/2020\/07\/per\u00fa-24-07-20.jpg",130,87,false],"colormag-featured-image":["https:\/\/digital58.com.ve\/site\/wp-content\/uploads\/2020\/07\/per\u00fa-24-07-20.jpg",668,445,false],"colormag-default-news":["https:\/\/digital58.com.ve\/site\/wp-content\/uploads\/2020\/07\/per\u00fa-24-07-20.jpg",150,100,false],"colormag-featured-image-large":["https:\/\/digital58.com.ve\/site\/wp-content\/uploads\/2020\/07\/per\u00fa-24-07-20.jpg",800,533,false]},"uagb_author_info":{"display_name":"Villasmil Henry","author_link":"https:\/\/digital58.com.ve\/site\/author\/droopy_68\/"},"uagb_comment_info":0,"uagb_excerpt":"Per\u00fa super\u00f3 este viernes los 375.000 casos detectados de la COVID-19, que ha dejado hasta el momento m\u00e1s de 17.800","_links":{"self":[{"href":"https:\/\/digital58.com.ve\/site\/wp-json\/wp\/v2\/posts\/117424","targetHints":{"allow":["GET"]}}],"collection":[{"href":"https:\/\/digital58.com.ve\/site\/wp-json\/wp\/v2\/posts"}],"about":[{"href":"https:\/\/digital58.com.ve\/site\/wp-json\/wp\/v2\/types\/post"}],"author":[{"embeddable":true,"href":"https:\/\/digital58.com.ve\/site\/wp-json\/wp\/v2\/users\/1"}],"replies":[{"embeddable":true,"href":"https:\/\/digital58.com.ve\/site\/wp-json\/wp\/v2\/comments?post=117424"}],"version-history":[{"count":0,"href":"https:\/\/digital58.com.ve\/site\/wp-json\/wp\/v2\/posts\/117424\/revisions"}],"wp:featuredmedia":[{"embeddable":true,"href":"https:\/\/digital58.com.ve\/site\/wp-json\/wp\/v2\/media\/117425"}],"wp:attachment":[{"href":"https:\/\/digital58.com.ve\/site\/wp-json\/wp\/v2\/media?parent=117424"}],"wp:term":[{"taxonomy":"category","embeddable":true,"href":"https:\/\/digital58.com.ve\/site\/wp-json\/wp\/v2\/categories?post=117424"},{"taxonomy":"post_tag","embeddable":true,"href":"https:\/\/digital58.com.ve\/site\/wp-json\/wp\/v2\/tags?post=117424"}],"curies":[{"name":"wp","href":"https:\/\/api.w.org\/{rel}","templated":true}]}}