{"id":117570,"date":"2020-07-25T14:59:47","date_gmt":"2020-07-25T18:59:47","guid":{"rendered":"https:\/\/digital58.com.ve\/site\/?p=117570"},"modified":"2020-07-25T15:00:23","modified_gmt":"2020-07-25T19:00:23","slug":"jornadas-especiales-del-registro-electoral-disponibles-hasta-el-26-de-julio","status":"publish","type":"post","link":"https:\/\/digital58.com.ve\/site\/2020\/07\/25\/jornadas-especiales-del-registro-electoral-disponibles-hasta-el-26-de-julio\/","title":{"rendered":"Jornadas especiales del Registro Electoral disponibles hasta el 26 de julio"},"content":{"rendered":"<p><img loading=\"lazy\" decoding=\"async\" class=\"size-full aligncenter\" src=\"https:\/\/www.laprensalara.com.ve\/img\/Publicaciones\/2020\/06\/08\/alta\/224866.jpg\" width=\"1140\" height=\"500\" \/><\/p>\n<p>El Poder Electoral reconoce el car\u00e1cter c\u00edvico con el que los venezolanos han acudido a los puntos de inscripci\u00f3n, por lo que reiter\u00f3 su llamado a la poblaci\u00f3n a incorporarse a este proceso de participaci\u00f3n y ejercicio democr\u00e1tico.<\/p>\n<p><strong>Maracaibo, Zulia, Venezuela, 25 de julio de 2020 (ND58).-<\/strong> El Consejo Nacional Electoral (CNE) contin\u00faa con la Jornada Especial de Actualizaci\u00f3n y Registro Electoral (RE) donde los electores pueden asistir a cualquiera de los 551 puntos de inscripci\u00f3n dispuestos en todo el territorio Nacional y que culminar\u00e1 este domingo 26 de julio.<\/p>\n<p>En este sentido, la presidenta del CNE, Indira Alfonzo resalt\u00f3 que el cronograma electoral se desarrolla con total normalidad reiterando que el Poder Electoral se mantiene apegado a los principios de igualdad, confiabilidad, imparcialidad, transparencia y eficiencia.<\/p>\n<p>\u00abEstamos cumpliendo con los protocolos de bioseguridad establecidos por el Ministerio del Poder Popular para la Salud tanto de los electores como el personal del CNE para evitar la propagaci\u00f3n de la COVID-19\u00bb, dijo.<\/p>\n<p>Se\u00f1al\u00f3 que los venezolanos inscritos en el CNE podr\u00e1n verificar si fueron seleccionados como miembro de mesa a trav\u00e9s de la p\u00e1gina web www.cne.gob.ve, a partir del lunes 27 de julio introduciendo la c\u00e9dula de identidad en el mismo enlace mediante el cual se consulta el Centro de Votaci\u00f3n; as\u00ed como llamar al n\u00famero 0800 del CNE.<\/p>\n<blockquote class=\"twitter-tweet\">\n<p dir=\"ltr\" lang=\"es\">Recuerden que hasta este domingo 26 de julio estaremos realizando las Jornadas Especiales de Inscripci\u00f3n y Actualizaci\u00f3n de datos. Para mayor informaci\u00f3n sobre los 551 puntos, visita nuestra web <a href=\"https:\/\/t.co\/0tqc1X4Y2S\">https:\/\/t.co\/0tqc1X4Y2S<\/a> <a href=\"https:\/\/twitter.com\/hashtag\/CNE?src=hash&amp;ref_src=twsrc%5Etfw\">#CNE<\/a> <a href=\"https:\/\/twitter.com\/hashtag\/TiempoDeElegir?src=hash&amp;ref_src=twsrc%5Etfw\">#TiempoDeElegir<\/a><\/p>\n<p>\u2014 CNE.ve (@ve_cne) <a href=\"https:\/\/twitter.com\/ve_cne\/status\/1287054290658500615?ref_src=twsrc%5Etfw\">July 25, 2020<\/a><\/p><\/blockquote>\n<p><a href=\"https:\/\/platform.twitter.com\/widgets.js\">https:\/\/platform.twitter.com\/widgets.js<\/a><\/p><div class=\"dkkul69f578ba5115b\" ><p style=\"text-align: center;\"><a href=\"https:\/\/t.me\/noticiasdigital58\" target=\"_blank\" rel=\"noopener\"><img class=\"aligncenter size-full wp-image-125363\" src=\"https:\/\/digital58.com.ve\/site\/wp-content\/uploads\/2021\/04\/banner-telegram-web-2021.png\" alt=\"\" width=\"600\" height=\"90\" \/><\/a><\/p><\/div><style type=\"text\/css\">\r\n@media screen and (min-width: 1201px) {\r\n.dkkul69f578ba5115b {\r\ndisplay: block;\r\n}\r\n}\r\n@media screen and (min-width: 993px) and (max-width: 1200px) {\r\n.dkkul69f578ba5115b {\r\ndisplay: block;\r\n}\r\n}\r\n@media screen and (min-width: 769px) and (max-width: 992px) {\r\n.dkkul69f578ba5115b {\r\ndisplay: block;\r\n}\r\n}\r\n@media screen and (min-width: 768px) and (max-width: 768px) {\r\n.dkkul69f578ba5115b {\r\ndisplay: block;\r\n}\r\n}\r\n@media screen and (max-width: 767px) {\r\n.dkkul69f578ba5115b {\r\ndisplay: block;\r\n}\r\n}\r\n<\/style>\r\n\n<p><strong>Redacci\u00f3n: Arismendi, Luis (@arismendiht) | Fuente: CNE<\/strong><br \/>\n<strong>Edici\u00f3n: Villasmil, Henry (@villasmilhfoto)<\/strong><br \/>\n<strong>Gr\u00e1fica: cortes\u00eda<\/strong><\/p>\n<div style=\"margin-top: 0px; margin-bottom: 0px;\" class=\"sharethis-inline-share-buttons\" ><\/div>","protected":false},"excerpt":{"rendered":"<p>El Poder Electoral reconoce el car\u00e1cter c\u00edvico con el que los venezolanos han acudido a los puntos de inscripci\u00f3n, por<\/p>\n","protected":false},"author":7,"featured_media":117572,"comment_status":"open","ping_status":"closed","sticky":false,"template":"","format":"standard","meta":{"colormag_page_container_layout":"default_layout","colormag_page_sidebar_layout":"default_layout","_uag_custom_page_level_css":"","footnotes":""},"categories":[16454],"tags":[29,2723,18746,18745,233,18747,32],"class_list":["post-117570","post","type-post","status-publish","format-standard","has-post-thumbnail","hentry","category-venezuela","tag-caracas","tag-cne","tag-indira-alfonzo","tag-jornada-especial-de-actualizacion-y-registro-electoral","tag-nacionales","tag-poder-electoral","tag-venezuela"],"yoast_head":"<!-- This site is optimized with the Yoast SEO plugin v27.5 - https:\/\/yoast.com\/product\/yoast-seo-wordpress\/ -->\n<title>Jornadas especiales del Registro Electoral disponibles hasta el 26 de julio<\/title>\n<meta name=\"description\" content=\"Venezuela\" \/>\n<meta name=\"robots\" content=\"index, follow, max-snippet:-1, max-image-preview:large, max-video-preview:-1\" \/>\n<link rel=\"canonical\" href=\"https:\/\/digital58.com.ve\/site\/2020\/07\/25\/jornadas-especiales-del-registro-electoral-disponibles-hasta-el-26-de-julio\/\" \/>\n<meta property=\"og:locale\" content=\"es_ES\" \/>\n<meta property=\"og:type\" content=\"article\" \/>\n<meta property=\"og:title\" content=\"Jornadas especiales del Registro Electoral disponibles hasta el 26 de julio\" \/>\n<meta property=\"og:description\" content=\"Venezuela\" \/>\n<meta property=\"og:url\" content=\"https:\/\/digital58.com.ve\/site\/2020\/07\/25\/jornadas-especiales-del-registro-electoral-disponibles-hasta-el-26-de-julio\/\" \/>\n<meta property=\"og:site_name\" content=\"Noticias Digital58\" \/>\n<meta property=\"article:published_time\" content=\"2020-07-25T18:59:47+00:00\" \/>\n<meta property=\"article:modified_time\" content=\"2020-07-25T19:00:23+00:00\" \/>\n<meta property=\"og:image\" content=\"https:\/\/digital58.com.ve\/site\/wp-content\/uploads\/2020\/07\/unnamed-1-11.jpg\" \/>\n\t<meta property=\"og:image:width\" content=\"512\" \/>\n\t<meta property=\"og:image:height\" content=\"341\" \/>\n\t<meta property=\"og:image:type\" content=\"image\/jpeg\" \/>\n<meta name=\"author\" content=\"Arismendi Luis\" \/>\n<meta name=\"twitter:card\" content=\"summary_large_image\" \/>\n<meta name=\"twitter:creator\" content=\"@Digital_58\" \/>\n<meta name=\"twitter:site\" content=\"@villasmilhfoto\" \/>\n<meta name=\"twitter:label1\" content=\"Escrito por\" \/>\n\t<meta name=\"twitter:data1\" content=\"Arismendi Luis\" \/>\n\t<meta name=\"twitter:label2\" content=\"Tiempo estimado de lectura\" \/>\n\t<meta name=\"twitter:data2\" content=\"1 minuto\" \/>\n<script type=\"application\/ld+json\" class=\"yoast-schema-graph\">{\"@context\":\"https:\\\/\\\/schema.org\",\"@graph\":[{\"@type\":\"Article\",\"@id\":\"https:\\\/\\\/digital58.com.ve\\\/site\\\/2020\\\/07\\\/25\\\/jornadas-especiales-del-registro-electoral-disponibles-hasta-el-26-de-julio\\\/#article\",\"isPartOf\":{\"@id\":\"https:\\\/\\\/digital58.com.ve\\\/site\\\/2020\\\/07\\\/25\\\/jornadas-especiales-del-registro-electoral-disponibles-hasta-el-26-de-julio\\\/\"},\"author\":{\"name\":\"Arismendi Luis\",\"@id\":\"https:\\\/\\\/digital58.com.ve\\\/site\\\/#\\\/schema\\\/person\\\/d79fb9041200d150763851810f3a6e44\"},\"headline\":\"Jornadas especiales del Registro Electoral disponibles hasta el 26 de julio\",\"datePublished\":\"2020-07-25T18:59:47+00:00\",\"dateModified\":\"2020-07-25T19:00:23+00:00\",\"mainEntityOfPage\":{\"@id\":\"https:\\\/\\\/digital58.com.ve\\\/site\\\/2020\\\/07\\\/25\\\/jornadas-especiales-del-registro-electoral-disponibles-hasta-el-26-de-julio\\\/\"},\"wordCount\":309,\"commentCount\":0,\"publisher\":{\"@id\":\"https:\\\/\\\/digital58.com.ve\\\/site\\\/#\\\/schema\\\/person\\\/64d1c2e4d0d4fd1b849980c4331c2951\"},\"image\":{\"@id\":\"https:\\\/\\\/digital58.com.ve\\\/site\\\/2020\\\/07\\\/25\\\/jornadas-especiales-del-registro-electoral-disponibles-hasta-el-26-de-julio\\\/#primaryimage\"},\"thumbnailUrl\":\"https:\\\/\\\/digital58.com.ve\\\/site\\\/wp-content\\\/uploads\\\/2020\\\/07\\\/unnamed-1-11.jpg\",\"keywords\":[\"Caracas\",\"CNE\",\"Indira Alfonzo\",\"Jornada Especial de Actualizaci\u00f3n y Registro Electoral\",\"Nacionales\",\"Poder Electoral\",\"Venezuela\"],\"articleSection\":[\"Venezuela\"],\"inLanguage\":\"es\",\"potentialAction\":[{\"@type\":\"CommentAction\",\"name\":\"Comment\",\"target\":[\"https:\\\/\\\/digital58.com.ve\\\/site\\\/2020\\\/07\\\/25\\\/jornadas-especiales-del-registro-electoral-disponibles-hasta-el-26-de-julio\\\/#respond\"]}]},{\"@type\":\"WebPage\",\"@id\":\"https:\\\/\\\/digital58.com.ve\\\/site\\\/2020\\\/07\\\/25\\\/jornadas-especiales-del-registro-electoral-disponibles-hasta-el-26-de-julio\\\/\",\"url\":\"https:\\\/\\\/digital58.com.ve\\\/site\\\/2020\\\/07\\\/25\\\/jornadas-especiales-del-registro-electoral-disponibles-hasta-el-26-de-julio\\\/\",\"name\":\"Jornadas especiales del Registro Electoral disponibles hasta el 26 de julio\",\"isPartOf\":{\"@id\":\"https:\\\/\\\/digital58.com.ve\\\/site\\\/#website\"},\"primaryImageOfPage\":{\"@id\":\"https:\\\/\\\/digital58.com.ve\\\/site\\\/2020\\\/07\\\/25\\\/jornadas-especiales-del-registro-electoral-disponibles-hasta-el-26-de-julio\\\/#primaryimage\"},\"image\":{\"@id\":\"https:\\\/\\\/digital58.com.ve\\\/site\\\/2020\\\/07\\\/25\\\/jornadas-especiales-del-registro-electoral-disponibles-hasta-el-26-de-julio\\\/#primaryimage\"},\"thumbnailUrl\":\"https:\\\/\\\/digital58.com.ve\\\/site\\\/wp-content\\\/uploads\\\/2020\\\/07\\\/unnamed-1-11.jpg\",\"datePublished\":\"2020-07-25T18:59:47+00:00\",\"dateModified\":\"2020-07-25T19:00:23+00:00\",\"description\":\"Venezuela\",\"breadcrumb\":{\"@id\":\"https:\\\/\\\/digital58.com.ve\\\/site\\\/2020\\\/07\\\/25\\\/jornadas-especiales-del-registro-electoral-disponibles-hasta-el-26-de-julio\\\/#breadcrumb\"},\"inLanguage\":\"es\",\"potentialAction\":[{\"@type\":\"ReadAction\",\"target\":[\"https:\\\/\\\/digital58.com.ve\\\/site\\\/2020\\\/07\\\/25\\\/jornadas-especiales-del-registro-electoral-disponibles-hasta-el-26-de-julio\\\/\"]}]},{\"@type\":\"ImageObject\",\"inLanguage\":\"es\",\"@id\":\"https:\\\/\\\/digital58.com.ve\\\/site\\\/2020\\\/07\\\/25\\\/jornadas-especiales-del-registro-electoral-disponibles-hasta-el-26-de-julio\\\/#primaryimage\",\"url\":\"https:\\\/\\\/digital58.com.ve\\\/site\\\/wp-content\\\/uploads\\\/2020\\\/07\\\/unnamed-1-11.jpg\",\"contentUrl\":\"https:\\\/\\\/digital58.com.ve\\\/site\\\/wp-content\\\/uploads\\\/2020\\\/07\\\/unnamed-1-11.jpg\",\"width\":512,\"height\":341},{\"@type\":\"BreadcrumbList\",\"@id\":\"https:\\\/\\\/digital58.com.ve\\\/site\\\/2020\\\/07\\\/25\\\/jornadas-especiales-del-registro-electoral-disponibles-hasta-el-26-de-julio\\\/#breadcrumb\",\"itemListElement\":[{\"@type\":\"ListItem\",\"position\":1,\"name\":\"Home\",\"item\":\"https:\\\/\\\/digital58.com.ve\\\/site\\\/\"},{\"@type\":\"ListItem\",\"position\":2,\"name\":\"Jornadas especiales del Registro Electoral disponibles hasta el 26 de julio\"}]},{\"@type\":\"WebSite\",\"@id\":\"https:\\\/\\\/digital58.com.ve\\\/site\\\/#website\",\"url\":\"https:\\\/\\\/digital58.com.ve\\\/site\\\/\",\"name\":\"Noticias Digital58\",\"description\":\"Portal de Noticias \u00a1Periodismo web de verdad! Lanzamiento web 22.11.2005 \\\/ Maracaibo, Venezuela\",\"publisher\":{\"@id\":\"https:\\\/\\\/digital58.com.ve\\\/site\\\/#\\\/schema\\\/person\\\/64d1c2e4d0d4fd1b849980c4331c2951\"},\"alternateName\":\"ND58\",\"potentialAction\":[{\"@type\":\"SearchAction\",\"target\":{\"@type\":\"EntryPoint\",\"urlTemplate\":\"https:\\\/\\\/digital58.com.ve\\\/site\\\/?s={search_term_string}\"},\"query-input\":{\"@type\":\"PropertyValueSpecification\",\"valueRequired\":true,\"valueName\":\"search_term_string\"}}],\"inLanguage\":\"es\"},{\"@type\":[\"Person\",\"Organization\"],\"@id\":\"https:\\\/\\\/digital58.com.ve\\\/site\\\/#\\\/schema\\\/person\\\/64d1c2e4d0d4fd1b849980c4331c2951\",\"name\":\"Villasmil Henry\",\"image\":{\"@type\":\"ImageObject\",\"inLanguage\":\"es\",\"@id\":\"https:\\\/\\\/secure.gravatar.com\\\/avatar\\\/bb0c4a2fcb7970138239f7e404ea75757b1b507b28b5ce4c53fbd62d797c5a7c?s=96&d=mm&r=g\",\"url\":\"https:\\\/\\\/secure.gravatar.com\\\/avatar\\\/bb0c4a2fcb7970138239f7e404ea75757b1b507b28b5ce4c53fbd62d797c5a7c?s=96&d=mm&r=g\",\"contentUrl\":\"https:\\\/\\\/secure.gravatar.com\\\/avatar\\\/bb0c4a2fcb7970138239f7e404ea75757b1b507b28b5ce4c53fbd62d797c5a7c?s=96&d=mm&r=g\",\"caption\":\"Villasmil Henry\"},\"logo\":{\"@id\":\"https:\\\/\\\/secure.gravatar.com\\\/avatar\\\/bb0c4a2fcb7970138239f7e404ea75757b1b507b28b5ce4c53fbd62d797c5a7c?s=96&d=mm&r=g\"},\"sameAs\":[\"http:\\\/\\\/www.henryvillasmil.com.ve\",\"https:\\\/\\\/www.instagram.com\\\/villasmilhfoto\\\/\",\"https:\\\/\\\/x.com\\\/https:\\\/\\\/twitter.com\\\/villasmilhfoto\"]},{\"@type\":\"Person\",\"@id\":\"https:\\\/\\\/digital58.com.ve\\\/site\\\/#\\\/schema\\\/person\\\/d79fb9041200d150763851810f3a6e44\",\"name\":\"Arismendi Luis\",\"image\":{\"@type\":\"ImageObject\",\"inLanguage\":\"es\",\"@id\":\"https:\\\/\\\/secure.gravatar.com\\\/avatar\\\/076a9c19816f4976b76b8d88be4606fba80dee0aea5ccae15d7f3466053c0615?s=96&d=mm&r=g\",\"url\":\"https:\\\/\\\/secure.gravatar.com\\\/avatar\\\/076a9c19816f4976b76b8d88be4606fba80dee0aea5ccae15d7f3466053c0615?s=96&d=mm&r=g\",\"contentUrl\":\"https:\\\/\\\/secure.gravatar.com\\\/avatar\\\/076a9c19816f4976b76b8d88be4606fba80dee0aea5ccae15d7f3466053c0615?s=96&d=mm&r=g\",\"caption\":\"Arismendi Luis\"},\"url\":\"https:\\\/\\\/digital58.com.ve\\\/site\\\/author\\\/arismendi17\\\/\"}]}<\/script>\n<!-- \/ Yoast SEO plugin. -->","yoast_head_json":{"title":"Jornadas especiales del Registro Electoral disponibles hasta el 26 de julio","description":"Venezuela","robots":{"index":"index","follow":"follow","max-snippet":"max-snippet:-1","max-image-preview":"max-image-preview:large","max-video-preview":"max-video-preview:-1"},"canonical":"https:\/\/digital58.com.ve\/site\/2020\/07\/25\/jornadas-especiales-del-registro-electoral-disponibles-hasta-el-26-de-julio\/","og_locale":"es_ES","og_type":"article","og_title":"Jornadas especiales del Registro Electoral disponibles hasta el 26 de julio","og_description":"Venezuela","og_url":"https:\/\/digital58.com.ve\/site\/2020\/07\/25\/jornadas-especiales-del-registro-electoral-disponibles-hasta-el-26-de-julio\/","og_site_name":"Noticias Digital58","article_published_time":"2020-07-25T18:59:47+00:00","article_modified_time":"2020-07-25T19:00:23+00:00","og_image":[{"width":512,"height":341,"url":"https:\/\/digital58.com.ve\/site\/wp-content\/uploads\/2020\/07\/unnamed-1-11.jpg","type":"image\/jpeg"}],"author":"Arismendi Luis","twitter_card":"summary_large_image","twitter_creator":"@Digital_58","twitter_site":"@villasmilhfoto","twitter_misc":{"Escrito por":"Arismendi Luis","Tiempo estimado de lectura":"1 minuto"},"schema":{"@context":"https:\/\/schema.org","@graph":[{"@type":"Article","@id":"https:\/\/digital58.com.ve\/site\/2020\/07\/25\/jornadas-especiales-del-registro-electoral-disponibles-hasta-el-26-de-julio\/#article","isPartOf":{"@id":"https:\/\/digital58.com.ve\/site\/2020\/07\/25\/jornadas-especiales-del-registro-electoral-disponibles-hasta-el-26-de-julio\/"},"author":{"name":"Arismendi Luis","@id":"https:\/\/digital58.com.ve\/site\/#\/schema\/person\/d79fb9041200d150763851810f3a6e44"},"headline":"Jornadas especiales del Registro Electoral disponibles hasta el 26 de julio","datePublished":"2020-07-25T18:59:47+00:00","dateModified":"2020-07-25T19:00:23+00:00","mainEntityOfPage":{"@id":"https:\/\/digital58.com.ve\/site\/2020\/07\/25\/jornadas-especiales-del-registro-electoral-disponibles-hasta-el-26-de-julio\/"},"wordCount":309,"commentCount":0,"publisher":{"@id":"https:\/\/digital58.com.ve\/site\/#\/schema\/person\/64d1c2e4d0d4fd1b849980c4331c2951"},"image":{"@id":"https:\/\/digital58.com.ve\/site\/2020\/07\/25\/jornadas-especiales-del-registro-electoral-disponibles-hasta-el-26-de-julio\/#primaryimage"},"thumbnailUrl":"https:\/\/digital58.com.ve\/site\/wp-content\/uploads\/2020\/07\/unnamed-1-11.jpg","keywords":["Caracas","CNE","Indira Alfonzo","Jornada Especial de Actualizaci\u00f3n y Registro Electoral","Nacionales","Poder Electoral","Venezuela"],"articleSection":["Venezuela"],"inLanguage":"es","potentialAction":[{"@type":"CommentAction","name":"Comment","target":["https:\/\/digital58.com.ve\/site\/2020\/07\/25\/jornadas-especiales-del-registro-electoral-disponibles-hasta-el-26-de-julio\/#respond"]}]},{"@type":"WebPage","@id":"https:\/\/digital58.com.ve\/site\/2020\/07\/25\/jornadas-especiales-del-registro-electoral-disponibles-hasta-el-26-de-julio\/","url":"https:\/\/digital58.com.ve\/site\/2020\/07\/25\/jornadas-especiales-del-registro-electoral-disponibles-hasta-el-26-de-julio\/","name":"Jornadas especiales del Registro Electoral disponibles hasta el 26 de julio","isPartOf":{"@id":"https:\/\/digital58.com.ve\/site\/#website"},"primaryImageOfPage":{"@id":"https:\/\/digital58.com.ve\/site\/2020\/07\/25\/jornadas-especiales-del-registro-electoral-disponibles-hasta-el-26-de-julio\/#primaryimage"},"image":{"@id":"https:\/\/digital58.com.ve\/site\/2020\/07\/25\/jornadas-especiales-del-registro-electoral-disponibles-hasta-el-26-de-julio\/#primaryimage"},"thumbnailUrl":"https:\/\/digital58.com.ve\/site\/wp-content\/uploads\/2020\/07\/unnamed-1-11.jpg","datePublished":"2020-07-25T18:59:47+00:00","dateModified":"2020-07-25T19:00:23+00:00","description":"Venezuela","breadcrumb":{"@id":"https:\/\/digital58.com.ve\/site\/2020\/07\/25\/jornadas-especiales-del-registro-electoral-disponibles-hasta-el-26-de-julio\/#breadcrumb"},"inLanguage":"es","potentialAction":[{"@type":"ReadAction","target":["https:\/\/digital58.com.ve\/site\/2020\/07\/25\/jornadas-especiales-del-registro-electoral-disponibles-hasta-el-26-de-julio\/"]}]},{"@type":"ImageObject","inLanguage":"es","@id":"https:\/\/digital58.com.ve\/site\/2020\/07\/25\/jornadas-especiales-del-registro-electoral-disponibles-hasta-el-26-de-julio\/#primaryimage","url":"https:\/\/digital58.com.ve\/site\/wp-content\/uploads\/2020\/07\/unnamed-1-11.jpg","contentUrl":"https:\/\/digital58.com.ve\/site\/wp-content\/uploads\/2020\/07\/unnamed-1-11.jpg","width":512,"height":341},{"@type":"BreadcrumbList","@id":"https:\/\/digital58.com.ve\/site\/2020\/07\/25\/jornadas-especiales-del-registro-electoral-disponibles-hasta-el-26-de-julio\/#breadcrumb","itemListElement":[{"@type":"ListItem","position":1,"name":"Home","item":"https:\/\/digital58.com.ve\/site\/"},{"@type":"ListItem","position":2,"name":"Jornadas especiales del Registro Electoral disponibles hasta el 26 de julio"}]},{"@type":"WebSite","@id":"https:\/\/digital58.com.ve\/site\/#website","url":"https:\/\/digital58.com.ve\/site\/","name":"Noticias Digital58","description":"Portal de Noticias \u00a1Periodismo web de verdad! Lanzamiento web 22.11.2005 \/ Maracaibo, Venezuela","publisher":{"@id":"https:\/\/digital58.com.ve\/site\/#\/schema\/person\/64d1c2e4d0d4fd1b849980c4331c2951"},"alternateName":"ND58","potentialAction":[{"@type":"SearchAction","target":{"@type":"EntryPoint","urlTemplate":"https:\/\/digital58.com.ve\/site\/?s={search_term_string}"},"query-input":{"@type":"PropertyValueSpecification","valueRequired":true,"valueName":"search_term_string"}}],"inLanguage":"es"},{"@type":["Person","Organization"],"@id":"https:\/\/digital58.com.ve\/site\/#\/schema\/person\/64d1c2e4d0d4fd1b849980c4331c2951","name":"Villasmil Henry","image":{"@type":"ImageObject","inLanguage":"es","@id":"https:\/\/secure.gravatar.com\/avatar\/bb0c4a2fcb7970138239f7e404ea75757b1b507b28b5ce4c53fbd62d797c5a7c?s=96&d=mm&r=g","url":"https:\/\/secure.gravatar.com\/avatar\/bb0c4a2fcb7970138239f7e404ea75757b1b507b28b5ce4c53fbd62d797c5a7c?s=96&d=mm&r=g","contentUrl":"https:\/\/secure.gravatar.com\/avatar\/bb0c4a2fcb7970138239f7e404ea75757b1b507b28b5ce4c53fbd62d797c5a7c?s=96&d=mm&r=g","caption":"Villasmil Henry"},"logo":{"@id":"https:\/\/secure.gravatar.com\/avatar\/bb0c4a2fcb7970138239f7e404ea75757b1b507b28b5ce4c53fbd62d797c5a7c?s=96&d=mm&r=g"},"sameAs":["http:\/\/www.henryvillasmil.com.ve","https:\/\/www.instagram.com\/villasmilhfoto\/","https:\/\/x.com\/https:\/\/twitter.com\/villasmilhfoto"]},{"@type":"Person","@id":"https:\/\/digital58.com.ve\/site\/#\/schema\/person\/d79fb9041200d150763851810f3a6e44","name":"Arismendi Luis","image":{"@type":"ImageObject","inLanguage":"es","@id":"https:\/\/secure.gravatar.com\/avatar\/076a9c19816f4976b76b8d88be4606fba80dee0aea5ccae15d7f3466053c0615?s=96&d=mm&r=g","url":"https:\/\/secure.gravatar.com\/avatar\/076a9c19816f4976b76b8d88be4606fba80dee0aea5ccae15d7f3466053c0615?s=96&d=mm&r=g","contentUrl":"https:\/\/secure.gravatar.com\/avatar\/076a9c19816f4976b76b8d88be4606fba80dee0aea5ccae15d7f3466053c0615?s=96&d=mm&r=g","caption":"Arismendi Luis"},"url":"https:\/\/digital58.com.ve\/site\/author\/arismendi17\/"}]}},"uagb_featured_image_src":{"full":["https:\/\/digital58.com.ve\/site\/wp-content\/uploads\/2020\/07\/unnamed-1-11.jpg",512,341,false],"thumbnail":["https:\/\/digital58.com.ve\/site\/wp-content\/uploads\/2020\/07\/unnamed-1-11-150x150.jpg",150,150,true],"medium":["https:\/\/digital58.com.ve\/site\/wp-content\/uploads\/2020\/07\/unnamed-1-11-300x200.jpg",300,200,true],"medium_large":["https:\/\/digital58.com.ve\/site\/wp-content\/uploads\/2020\/07\/unnamed-1-11.jpg",512,341,false],"large":["https:\/\/digital58.com.ve\/site\/wp-content\/uploads\/2020\/07\/unnamed-1-11.jpg",512,341,false],"1536x1536":["https:\/\/digital58.com.ve\/site\/wp-content\/uploads\/2020\/07\/unnamed-1-11.jpg",512,341,false],"2048x2048":["https:\/\/digital58.com.ve\/site\/wp-content\/uploads\/2020\/07\/unnamed-1-11.jpg",512,341,false],"colormag-highlighted-post":["https:\/\/digital58.com.ve\/site\/wp-content\/uploads\/2020\/07\/unnamed-1-11.jpg",392,261,false],"colormag-featured-post-medium":["https:\/\/digital58.com.ve\/site\/wp-content\/uploads\/2020\/07\/unnamed-1-11.jpg",308,205,false],"colormag-featured-post-small":["https:\/\/digital58.com.ve\/site\/wp-content\/uploads\/2020\/07\/unnamed-1-11.jpg",130,87,false],"colormag-featured-image":["https:\/\/digital58.com.ve\/site\/wp-content\/uploads\/2020\/07\/unnamed-1-11.jpg",512,341,false],"colormag-default-news":["https:\/\/digital58.com.ve\/site\/wp-content\/uploads\/2020\/07\/unnamed-1-11.jpg",150,100,false],"colormag-featured-image-large":["https:\/\/digital58.com.ve\/site\/wp-content\/uploads\/2020\/07\/unnamed-1-11.jpg",512,341,false]},"uagb_author_info":{"display_name":"Arismendi Luis","author_link":"https:\/\/digital58.com.ve\/site\/author\/arismendi17\/"},"uagb_comment_info":0,"uagb_excerpt":"El Poder Electoral reconoce el car\u00e1cter c\u00edvico con el que los venezolanos han acudido a los puntos de inscripci\u00f3n, por","_links":{"self":[{"href":"https:\/\/digital58.com.ve\/site\/wp-json\/wp\/v2\/posts\/117570","targetHints":{"allow":["GET"]}}],"collection":[{"href":"https:\/\/digital58.com.ve\/site\/wp-json\/wp\/v2\/posts"}],"about":[{"href":"https:\/\/digital58.com.ve\/site\/wp-json\/wp\/v2\/types\/post"}],"author":[{"embeddable":true,"href":"https:\/\/digital58.com.ve\/site\/wp-json\/wp\/v2\/users\/7"}],"replies":[{"embeddable":true,"href":"https:\/\/digital58.com.ve\/site\/wp-json\/wp\/v2\/comments?post=117570"}],"version-history":[{"count":0,"href":"https:\/\/digital58.com.ve\/site\/wp-json\/wp\/v2\/posts\/117570\/revisions"}],"wp:featuredmedia":[{"embeddable":true,"href":"https:\/\/digital58.com.ve\/site\/wp-json\/wp\/v2\/media\/117572"}],"wp:attachment":[{"href":"https:\/\/digital58.com.ve\/site\/wp-json\/wp\/v2\/media?parent=117570"}],"wp:term":[{"taxonomy":"category","embeddable":true,"href":"https:\/\/digital58.com.ve\/site\/wp-json\/wp\/v2\/categories?post=117570"},{"taxonomy":"post_tag","embeddable":true,"href":"https:\/\/digital58.com.ve\/site\/wp-json\/wp\/v2\/tags?post=117570"}],"curies":[{"name":"wp","href":"https:\/\/api.w.org\/{rel}","templated":true}]}}