{"id":118015,"date":"2020-07-27T15:54:35","date_gmt":"2020-07-27T19:54:35","guid":{"rendered":"https:\/\/digital58.com.ve\/site\/?p=118015"},"modified":"2020-07-27T15:57:43","modified_gmt":"2020-07-27T19:57:43","slug":"comision-de-derechos-humanos-y-atencion-a-las-victimas-presento-balance-del-primer-semestre-de-2020","status":"publish","type":"post","link":"https:\/\/digital58.com.ve\/site\/2020\/07\/27\/comision-de-derechos-humanos-y-atencion-a-las-victimas-presento-balance-del-primer-semestre-de-2020\/","title":{"rendered":"Comisi\u00f3n de Derechos Humanos y Atenci\u00f3n a las V\u00edctimas present\u00f3 balance del primer semestre de 2020"},"content":{"rendered":"<p><img loading=\"lazy\" decoding=\"async\" class=\"aligncenter wp-image-118016\" src=\"https:\/\/digital58.com.ve\/site\/wp-content\/uploads\/2020\/07\/Humberto-Prado-300x200.jpg\" alt=\"\" width=\"600\" height=\"400\" srcset=\"https:\/\/digital58.com.ve\/site\/wp-content\/uploads\/2020\/07\/Humberto-Prado-300x200.jpg 300w, https:\/\/digital58.com.ve\/site\/wp-content\/uploads\/2020\/07\/Humberto-Prado-768x512.jpg 768w, https:\/\/digital58.com.ve\/site\/wp-content\/uploads\/2020\/07\/Humberto-Prado-720x480.jpg 720w, https:\/\/digital58.com.ve\/site\/wp-content\/uploads\/2020\/07\/Humberto-Prado-480x320.jpg 480w, https:\/\/digital58.com.ve\/site\/wp-content\/uploads\/2020\/07\/Humberto-Prado.jpg 800w\" sizes=\"auto, (max-width: 600px) 100vw, 600px\" \/><\/p>\n<p>En seis meses, el organismo atendi\u00f3 364 denuncias de violaciones a derechos fundamentales, sufridas por venezolanos dentro y fuera del pa\u00eds. La mayor\u00eda de las denuncias corresponden a detenciones arbitrarias.<\/p>\n<p><strong>Caracas, DC, Venezuela, 27 de julio de 2020 (ND58).- <\/strong>Humberto Prado, Comisionado para los Derechos Humanos\u00a0 y Atenci\u00f3n a las V\u00edctimas, designado por Juan Guaid\u00f3, present\u00f3 el balance de las labores llevadas a cabo por su oficina durante los seis meses del a\u00f1o.<\/p>\n<p>En la presentaci\u00f3n de su informe, Prado se\u00f1al\u00f3 que las actuaciones del gobierno nacional, vulneran los derechos humanos (DDHH) de los ciudadanos de Venezuela, en todo el pa\u00eds, a\u00f1adiendo que era necesaria la existencia de un organismo como el que \u00e9l dirige, para velar por los derechos del venezolano, dentro y fuera del pa\u00eds.<\/p>\n<p>En el periodo que va de diciembre de 2019 a junio de 2020, La comisi\u00f3n atendi\u00f3 364 denuncias de ciudadano que sufrieron alguna violaci\u00f3n a sus derechos fundamentales, tanto en Venezuela como en el extranjero.<\/p>\n<p>Seg\u00fan se\u00f1al\u00f3 el comisionado, la mayor\u00eda de las denuncias, corresponde a detenciones arbitrarias.<\/p>\n<p>Por otro lado, la comisi\u00f3n emiti\u00f3 116 llamados urgentes a diferentes organismos, 100 comunicados dirigidos a la opini\u00f3n p\u00fablica y 185 notas de prensa, en todos ellos se detalla la situaci\u00f3n delicada de los DDHH en el pa\u00eds.<\/p>\n<p>Adem\u00e1s, se realizaron 13 reporte sobre la persecuci\u00f3n a parlamentarios, la poca autonom\u00eda del poder judicial y otros 8 informes sobre la situaci\u00f3n de los poderes p\u00fablicos, los ataques a la prensa y los DDHH de grupos vulnerables.<\/p>\n<p>Seg\u00fan indic\u00f3 Prado, desde la fundaci\u00f3n de la comisi\u00f3n, creada por el gobierno interino que lidera Guaid\u00f3 en agosto de 2019, se han defendido los derechos humanos de los venezolanos ante organismos multilaterales y organizaciones no gubernamentales.<\/p>\n<p>Comisi\u00f3n Interamericana de Derechos Humanos (CIDH), la Corte Interamericana de DDHH (CorteIDH), la Oficina de la Alta Comisionada para los DDHH de la ONU (ACNUDH), Frontline Defenders, Humans Rights Watch, son algunas de las organizaciones con las que se ha trabajado, seg\u00fan el comisionado.<\/p>\n<p>\u00abTodo organismo p\u00fablico est\u00e1 en la obligaci\u00f3n de rendir cuentas de su gesti\u00f3n a la sociedad\u00bb, manifest\u00f3 el funcionario.<\/p><div class=\"yblyt69f364c1c48d7\" ><p style=\"text-align: center;\"><a href=\"https:\/\/t.me\/noticiasdigital58\" target=\"_blank\" rel=\"noopener\"><img class=\"aligncenter size-full wp-image-125363\" src=\"https:\/\/digital58.com.ve\/site\/wp-content\/uploads\/2021\/04\/banner-telegram-web-2021.png\" alt=\"\" width=\"600\" height=\"90\" \/><\/a><\/p><\/div><style type=\"text\/css\">\r\n@media screen and (min-width: 1201px) {\r\n.yblyt69f364c1c48d7 {\r\ndisplay: block;\r\n}\r\n}\r\n@media screen and (min-width: 993px) and (max-width: 1200px) {\r\n.yblyt69f364c1c48d7 {\r\ndisplay: block;\r\n}\r\n}\r\n@media screen and (min-width: 769px) and (max-width: 992px) {\r\n.yblyt69f364c1c48d7 {\r\ndisplay: block;\r\n}\r\n}\r\n@media screen and (min-width: 768px) and (max-width: 768px) {\r\n.yblyt69f364c1c48d7 {\r\ndisplay: block;\r\n}\r\n}\r\n@media screen and (max-width: 767px) {\r\n.yblyt69f364c1c48d7 {\r\ndisplay: block;\r\n}\r\n}\r\n<\/style>\r\n\n<p><strong>Redacci\u00f3n: Morales, Joel (@joeldmc32) | Fuente: <a href=\"https:\/\/presidenciave.com\/\">Presidenciave.com<\/a><br \/>\nEdici\u00f3n: Villasmil, Henry<br \/>\nGr\u00e1fica: Cortes\u00eda<\/strong><\/p>\n<div style=\"margin-top: 0px; margin-bottom: 0px;\" class=\"sharethis-inline-share-buttons\" ><\/div>","protected":false},"excerpt":{"rendered":"<p>En seis meses, el organismo atendi\u00f3 364 denuncias de violaciones a derechos fundamentales, sufridas por venezolanos dentro y fuera del<\/p>\n","protected":false},"author":29,"featured_media":118016,"comment_status":"open","ping_status":"closed","sticky":false,"template":"","format":"standard","meta":{"colormag_page_container_layout":"default_layout","colormag_page_sidebar_layout":"default_layout","_uag_custom_page_level_css":"","footnotes":""},"categories":[16454],"tags":[4384,18922,547,13899,233],"class_list":["post-118015","post","type-post","status-publish","format-standard","has-post-thumbnail","hentry","category-venezuela","tag-asamblea-nacional","tag-comision-presidencial-para-los-derechos-humanos-y-atencion-a-las-victimas","tag-derechos-humanos","tag-humberto-prado","tag-nacionales"],"yoast_head":"<!-- This site is optimized with the Yoast SEO plugin v27.5 - https:\/\/yoast.com\/product\/yoast-seo-wordpress\/ -->\n<title>Comisi\u00f3n de Derechos Humanos y Atenci\u00f3n a las V\u00edctimas present\u00f3 balance del primer semestre de 2020<\/title>\n<meta name=\"description\" content=\"Venezuela\" \/>\n<meta name=\"robots\" content=\"index, follow, max-snippet:-1, max-image-preview:large, max-video-preview:-1\" \/>\n<link rel=\"canonical\" href=\"https:\/\/digital58.com.ve\/site\/2020\/07\/27\/comision-de-derechos-humanos-y-atencion-a-las-victimas-presento-balance-del-primer-semestre-de-2020\/\" \/>\n<meta property=\"og:locale\" content=\"es_ES\" \/>\n<meta property=\"og:type\" content=\"article\" \/>\n<meta property=\"og:title\" content=\"Comisi\u00f3n de Derechos Humanos y Atenci\u00f3n a las V\u00edctimas present\u00f3 balance del primer semestre de 2020\" \/>\n<meta property=\"og:description\" content=\"Venezuela\" \/>\n<meta property=\"og:url\" content=\"https:\/\/digital58.com.ve\/site\/2020\/07\/27\/comision-de-derechos-humanos-y-atencion-a-las-victimas-presento-balance-del-primer-semestre-de-2020\/\" \/>\n<meta property=\"og:site_name\" content=\"Noticias Digital58\" \/>\n<meta property=\"article:published_time\" content=\"2020-07-27T19:54:35+00:00\" \/>\n<meta property=\"article:modified_time\" content=\"2020-07-27T19:57:43+00:00\" \/>\n<meta property=\"og:image\" content=\"https:\/\/digital58.com.ve\/site\/wp-content\/uploads\/2020\/07\/Humberto-Prado.jpg\" \/>\n\t<meta property=\"og:image:width\" content=\"900\" \/>\n\t<meta property=\"og:image:height\" content=\"600\" \/>\n\t<meta property=\"og:image:type\" content=\"image\/jpeg\" \/>\n<meta name=\"author\" content=\"Morales Joel\" \/>\n<meta name=\"twitter:card\" content=\"summary_large_image\" \/>\n<meta name=\"twitter:creator\" content=\"@Digital_58\" \/>\n<meta name=\"twitter:site\" content=\"@villasmilhfoto\" \/>\n<meta name=\"twitter:label1\" content=\"Escrito por\" \/>\n\t<meta name=\"twitter:data1\" content=\"Morales Joel\" \/>\n\t<meta name=\"twitter:label2\" content=\"Tiempo estimado de lectura\" \/>\n\t<meta name=\"twitter:data2\" content=\"2 minutos\" \/>\n<script type=\"application\/ld+json\" class=\"yoast-schema-graph\">{\"@context\":\"https:\\\/\\\/schema.org\",\"@graph\":[{\"@type\":\"Article\",\"@id\":\"https:\\\/\\\/digital58.com.ve\\\/site\\\/2020\\\/07\\\/27\\\/comision-de-derechos-humanos-y-atencion-a-las-victimas-presento-balance-del-primer-semestre-de-2020\\\/#article\",\"isPartOf\":{\"@id\":\"https:\\\/\\\/digital58.com.ve\\\/site\\\/2020\\\/07\\\/27\\\/comision-de-derechos-humanos-y-atencion-a-las-victimas-presento-balance-del-primer-semestre-de-2020\\\/\"},\"author\":{\"name\":\"Morales Joel\",\"@id\":\"https:\\\/\\\/digital58.com.ve\\\/site\\\/#\\\/schema\\\/person\\\/8daf5f8bfd9ebdb98150c62bff195b72\"},\"headline\":\"Comisi\u00f3n de Derechos Humanos y Atenci\u00f3n a las V\u00edctimas present\u00f3 balance del primer semestre de 2020\",\"datePublished\":\"2020-07-27T19:54:35+00:00\",\"dateModified\":\"2020-07-27T19:57:43+00:00\",\"mainEntityOfPage\":{\"@id\":\"https:\\\/\\\/digital58.com.ve\\\/site\\\/2020\\\/07\\\/27\\\/comision-de-derechos-humanos-y-atencion-a-las-victimas-presento-balance-del-primer-semestre-de-2020\\\/\"},\"wordCount\":407,\"commentCount\":0,\"publisher\":{\"@id\":\"https:\\\/\\\/digital58.com.ve\\\/site\\\/#\\\/schema\\\/person\\\/64d1c2e4d0d4fd1b849980c4331c2951\"},\"image\":{\"@id\":\"https:\\\/\\\/digital58.com.ve\\\/site\\\/2020\\\/07\\\/27\\\/comision-de-derechos-humanos-y-atencion-a-las-victimas-presento-balance-del-primer-semestre-de-2020\\\/#primaryimage\"},\"thumbnailUrl\":\"https:\\\/\\\/digital58.com.ve\\\/site\\\/wp-content\\\/uploads\\\/2020\\\/07\\\/Humberto-Prado.jpg\",\"keywords\":[\"Asamblea Nacional\",\"Comisi\u00f3n Presidencial para los Derechos Humanos y Atenci\u00f3n a las V\u00edctimas\",\"Derechos Humanos\",\"Humberto Prado\",\"Nacionales\"],\"articleSection\":[\"Venezuela\"],\"inLanguage\":\"es\",\"potentialAction\":[{\"@type\":\"CommentAction\",\"name\":\"Comment\",\"target\":[\"https:\\\/\\\/digital58.com.ve\\\/site\\\/2020\\\/07\\\/27\\\/comision-de-derechos-humanos-y-atencion-a-las-victimas-presento-balance-del-primer-semestre-de-2020\\\/#respond\"]}]},{\"@type\":\"WebPage\",\"@id\":\"https:\\\/\\\/digital58.com.ve\\\/site\\\/2020\\\/07\\\/27\\\/comision-de-derechos-humanos-y-atencion-a-las-victimas-presento-balance-del-primer-semestre-de-2020\\\/\",\"url\":\"https:\\\/\\\/digital58.com.ve\\\/site\\\/2020\\\/07\\\/27\\\/comision-de-derechos-humanos-y-atencion-a-las-victimas-presento-balance-del-primer-semestre-de-2020\\\/\",\"name\":\"Comisi\u00f3n de Derechos Humanos y Atenci\u00f3n a las V\u00edctimas present\u00f3 balance del primer semestre de 2020\",\"isPartOf\":{\"@id\":\"https:\\\/\\\/digital58.com.ve\\\/site\\\/#website\"},\"primaryImageOfPage\":{\"@id\":\"https:\\\/\\\/digital58.com.ve\\\/site\\\/2020\\\/07\\\/27\\\/comision-de-derechos-humanos-y-atencion-a-las-victimas-presento-balance-del-primer-semestre-de-2020\\\/#primaryimage\"},\"image\":{\"@id\":\"https:\\\/\\\/digital58.com.ve\\\/site\\\/2020\\\/07\\\/27\\\/comision-de-derechos-humanos-y-atencion-a-las-victimas-presento-balance-del-primer-semestre-de-2020\\\/#primaryimage\"},\"thumbnailUrl\":\"https:\\\/\\\/digital58.com.ve\\\/site\\\/wp-content\\\/uploads\\\/2020\\\/07\\\/Humberto-Prado.jpg\",\"datePublished\":\"2020-07-27T19:54:35+00:00\",\"dateModified\":\"2020-07-27T19:57:43+00:00\",\"description\":\"Venezuela\",\"breadcrumb\":{\"@id\":\"https:\\\/\\\/digital58.com.ve\\\/site\\\/2020\\\/07\\\/27\\\/comision-de-derechos-humanos-y-atencion-a-las-victimas-presento-balance-del-primer-semestre-de-2020\\\/#breadcrumb\"},\"inLanguage\":\"es\",\"potentialAction\":[{\"@type\":\"ReadAction\",\"target\":[\"https:\\\/\\\/digital58.com.ve\\\/site\\\/2020\\\/07\\\/27\\\/comision-de-derechos-humanos-y-atencion-a-las-victimas-presento-balance-del-primer-semestre-de-2020\\\/\"]}]},{\"@type\":\"ImageObject\",\"inLanguage\":\"es\",\"@id\":\"https:\\\/\\\/digital58.com.ve\\\/site\\\/2020\\\/07\\\/27\\\/comision-de-derechos-humanos-y-atencion-a-las-victimas-presento-balance-del-primer-semestre-de-2020\\\/#primaryimage\",\"url\":\"https:\\\/\\\/digital58.com.ve\\\/site\\\/wp-content\\\/uploads\\\/2020\\\/07\\\/Humberto-Prado.jpg\",\"contentUrl\":\"https:\\\/\\\/digital58.com.ve\\\/site\\\/wp-content\\\/uploads\\\/2020\\\/07\\\/Humberto-Prado.jpg\",\"width\":800,\"height\":533},{\"@type\":\"BreadcrumbList\",\"@id\":\"https:\\\/\\\/digital58.com.ve\\\/site\\\/2020\\\/07\\\/27\\\/comision-de-derechos-humanos-y-atencion-a-las-victimas-presento-balance-del-primer-semestre-de-2020\\\/#breadcrumb\",\"itemListElement\":[{\"@type\":\"ListItem\",\"position\":1,\"name\":\"Home\",\"item\":\"https:\\\/\\\/digital58.com.ve\\\/site\\\/\"},{\"@type\":\"ListItem\",\"position\":2,\"name\":\"Comisi\u00f3n de Derechos Humanos y Atenci\u00f3n a las V\u00edctimas present\u00f3 balance del primer semestre de 2020\"}]},{\"@type\":\"WebSite\",\"@id\":\"https:\\\/\\\/digital58.com.ve\\\/site\\\/#website\",\"url\":\"https:\\\/\\\/digital58.com.ve\\\/site\\\/\",\"name\":\"Noticias Digital58\",\"description\":\"Portal de Noticias \u00a1Periodismo web de verdad! Lanzamiento web 22.11.2005 \\\/ Maracaibo, Venezuela\",\"publisher\":{\"@id\":\"https:\\\/\\\/digital58.com.ve\\\/site\\\/#\\\/schema\\\/person\\\/64d1c2e4d0d4fd1b849980c4331c2951\"},\"alternateName\":\"ND58\",\"potentialAction\":[{\"@type\":\"SearchAction\",\"target\":{\"@type\":\"EntryPoint\",\"urlTemplate\":\"https:\\\/\\\/digital58.com.ve\\\/site\\\/?s={search_term_string}\"},\"query-input\":{\"@type\":\"PropertyValueSpecification\",\"valueRequired\":true,\"valueName\":\"search_term_string\"}}],\"inLanguage\":\"es\"},{\"@type\":[\"Person\",\"Organization\"],\"@id\":\"https:\\\/\\\/digital58.com.ve\\\/site\\\/#\\\/schema\\\/person\\\/64d1c2e4d0d4fd1b849980c4331c2951\",\"name\":\"Villasmil Henry\",\"image\":{\"@type\":\"ImageObject\",\"inLanguage\":\"es\",\"@id\":\"https:\\\/\\\/secure.gravatar.com\\\/avatar\\\/bb0c4a2fcb7970138239f7e404ea75757b1b507b28b5ce4c53fbd62d797c5a7c?s=96&d=mm&r=g\",\"url\":\"https:\\\/\\\/secure.gravatar.com\\\/avatar\\\/bb0c4a2fcb7970138239f7e404ea75757b1b507b28b5ce4c53fbd62d797c5a7c?s=96&d=mm&r=g\",\"contentUrl\":\"https:\\\/\\\/secure.gravatar.com\\\/avatar\\\/bb0c4a2fcb7970138239f7e404ea75757b1b507b28b5ce4c53fbd62d797c5a7c?s=96&d=mm&r=g\",\"caption\":\"Villasmil Henry\"},\"logo\":{\"@id\":\"https:\\\/\\\/secure.gravatar.com\\\/avatar\\\/bb0c4a2fcb7970138239f7e404ea75757b1b507b28b5ce4c53fbd62d797c5a7c?s=96&d=mm&r=g\"},\"sameAs\":[\"http:\\\/\\\/www.henryvillasmil.com.ve\",\"https:\\\/\\\/www.instagram.com\\\/villasmilhfoto\\\/\",\"https:\\\/\\\/x.com\\\/https:\\\/\\\/twitter.com\\\/villasmilhfoto\"]},{\"@type\":\"Person\",\"@id\":\"https:\\\/\\\/digital58.com.ve\\\/site\\\/#\\\/schema\\\/person\\\/8daf5f8bfd9ebdb98150c62bff195b72\",\"name\":\"Morales Joel\",\"image\":{\"@type\":\"ImageObject\",\"inLanguage\":\"es\",\"@id\":\"https:\\\/\\\/secure.gravatar.com\\\/avatar\\\/e2cb5ce0e9279ab3c8e03d472e483f32e666716a18da3bfa7b0749a5465409f1?s=96&d=mm&r=g\",\"url\":\"https:\\\/\\\/secure.gravatar.com\\\/avatar\\\/e2cb5ce0e9279ab3c8e03d472e483f32e666716a18da3bfa7b0749a5465409f1?s=96&d=mm&r=g\",\"contentUrl\":\"https:\\\/\\\/secure.gravatar.com\\\/avatar\\\/e2cb5ce0e9279ab3c8e03d472e483f32e666716a18da3bfa7b0749a5465409f1?s=96&d=mm&r=g\",\"caption\":\"Morales Joel\"},\"url\":\"https:\\\/\\\/digital58.com.ve\\\/site\\\/author\\\/joelm\\\/\"}]}<\/script>\n<!-- \/ Yoast SEO plugin. -->","yoast_head_json":{"title":"Comisi\u00f3n de Derechos Humanos y Atenci\u00f3n a las V\u00edctimas present\u00f3 balance del primer semestre de 2020","description":"Venezuela","robots":{"index":"index","follow":"follow","max-snippet":"max-snippet:-1","max-image-preview":"max-image-preview:large","max-video-preview":"max-video-preview:-1"},"canonical":"https:\/\/digital58.com.ve\/site\/2020\/07\/27\/comision-de-derechos-humanos-y-atencion-a-las-victimas-presento-balance-del-primer-semestre-de-2020\/","og_locale":"es_ES","og_type":"article","og_title":"Comisi\u00f3n de Derechos Humanos y Atenci\u00f3n a las V\u00edctimas present\u00f3 balance del primer semestre de 2020","og_description":"Venezuela","og_url":"https:\/\/digital58.com.ve\/site\/2020\/07\/27\/comision-de-derechos-humanos-y-atencion-a-las-victimas-presento-balance-del-primer-semestre-de-2020\/","og_site_name":"Noticias Digital58","article_published_time":"2020-07-27T19:54:35+00:00","article_modified_time":"2020-07-27T19:57:43+00:00","og_image":[{"width":900,"height":600,"url":"https:\/\/digital58.com.ve\/site\/wp-content\/uploads\/2020\/07\/Humberto-Prado.jpg","type":"image\/jpeg"}],"author":"Morales Joel","twitter_card":"summary_large_image","twitter_creator":"@Digital_58","twitter_site":"@villasmilhfoto","twitter_misc":{"Escrito por":"Morales Joel","Tiempo estimado de lectura":"2 minutos"},"schema":{"@context":"https:\/\/schema.org","@graph":[{"@type":"Article","@id":"https:\/\/digital58.com.ve\/site\/2020\/07\/27\/comision-de-derechos-humanos-y-atencion-a-las-victimas-presento-balance-del-primer-semestre-de-2020\/#article","isPartOf":{"@id":"https:\/\/digital58.com.ve\/site\/2020\/07\/27\/comision-de-derechos-humanos-y-atencion-a-las-victimas-presento-balance-del-primer-semestre-de-2020\/"},"author":{"name":"Morales Joel","@id":"https:\/\/digital58.com.ve\/site\/#\/schema\/person\/8daf5f8bfd9ebdb98150c62bff195b72"},"headline":"Comisi\u00f3n de Derechos Humanos y Atenci\u00f3n a las V\u00edctimas present\u00f3 balance del primer semestre de 2020","datePublished":"2020-07-27T19:54:35+00:00","dateModified":"2020-07-27T19:57:43+00:00","mainEntityOfPage":{"@id":"https:\/\/digital58.com.ve\/site\/2020\/07\/27\/comision-de-derechos-humanos-y-atencion-a-las-victimas-presento-balance-del-primer-semestre-de-2020\/"},"wordCount":407,"commentCount":0,"publisher":{"@id":"https:\/\/digital58.com.ve\/site\/#\/schema\/person\/64d1c2e4d0d4fd1b849980c4331c2951"},"image":{"@id":"https:\/\/digital58.com.ve\/site\/2020\/07\/27\/comision-de-derechos-humanos-y-atencion-a-las-victimas-presento-balance-del-primer-semestre-de-2020\/#primaryimage"},"thumbnailUrl":"https:\/\/digital58.com.ve\/site\/wp-content\/uploads\/2020\/07\/Humberto-Prado.jpg","keywords":["Asamblea Nacional","Comisi\u00f3n Presidencial para los Derechos Humanos y Atenci\u00f3n a las V\u00edctimas","Derechos Humanos","Humberto Prado","Nacionales"],"articleSection":["Venezuela"],"inLanguage":"es","potentialAction":[{"@type":"CommentAction","name":"Comment","target":["https:\/\/digital58.com.ve\/site\/2020\/07\/27\/comision-de-derechos-humanos-y-atencion-a-las-victimas-presento-balance-del-primer-semestre-de-2020\/#respond"]}]},{"@type":"WebPage","@id":"https:\/\/digital58.com.ve\/site\/2020\/07\/27\/comision-de-derechos-humanos-y-atencion-a-las-victimas-presento-balance-del-primer-semestre-de-2020\/","url":"https:\/\/digital58.com.ve\/site\/2020\/07\/27\/comision-de-derechos-humanos-y-atencion-a-las-victimas-presento-balance-del-primer-semestre-de-2020\/","name":"Comisi\u00f3n de Derechos Humanos y Atenci\u00f3n a las V\u00edctimas present\u00f3 balance del primer semestre de 2020","isPartOf":{"@id":"https:\/\/digital58.com.ve\/site\/#website"},"primaryImageOfPage":{"@id":"https:\/\/digital58.com.ve\/site\/2020\/07\/27\/comision-de-derechos-humanos-y-atencion-a-las-victimas-presento-balance-del-primer-semestre-de-2020\/#primaryimage"},"image":{"@id":"https:\/\/digital58.com.ve\/site\/2020\/07\/27\/comision-de-derechos-humanos-y-atencion-a-las-victimas-presento-balance-del-primer-semestre-de-2020\/#primaryimage"},"thumbnailUrl":"https:\/\/digital58.com.ve\/site\/wp-content\/uploads\/2020\/07\/Humberto-Prado.jpg","datePublished":"2020-07-27T19:54:35+00:00","dateModified":"2020-07-27T19:57:43+00:00","description":"Venezuela","breadcrumb":{"@id":"https:\/\/digital58.com.ve\/site\/2020\/07\/27\/comision-de-derechos-humanos-y-atencion-a-las-victimas-presento-balance-del-primer-semestre-de-2020\/#breadcrumb"},"inLanguage":"es","potentialAction":[{"@type":"ReadAction","target":["https:\/\/digital58.com.ve\/site\/2020\/07\/27\/comision-de-derechos-humanos-y-atencion-a-las-victimas-presento-balance-del-primer-semestre-de-2020\/"]}]},{"@type":"ImageObject","inLanguage":"es","@id":"https:\/\/digital58.com.ve\/site\/2020\/07\/27\/comision-de-derechos-humanos-y-atencion-a-las-victimas-presento-balance-del-primer-semestre-de-2020\/#primaryimage","url":"https:\/\/digital58.com.ve\/site\/wp-content\/uploads\/2020\/07\/Humberto-Prado.jpg","contentUrl":"https:\/\/digital58.com.ve\/site\/wp-content\/uploads\/2020\/07\/Humberto-Prado.jpg","width":800,"height":533},{"@type":"BreadcrumbList","@id":"https:\/\/digital58.com.ve\/site\/2020\/07\/27\/comision-de-derechos-humanos-y-atencion-a-las-victimas-presento-balance-del-primer-semestre-de-2020\/#breadcrumb","itemListElement":[{"@type":"ListItem","position":1,"name":"Home","item":"https:\/\/digital58.com.ve\/site\/"},{"@type":"ListItem","position":2,"name":"Comisi\u00f3n de Derechos Humanos y Atenci\u00f3n a las V\u00edctimas present\u00f3 balance del primer semestre de 2020"}]},{"@type":"WebSite","@id":"https:\/\/digital58.com.ve\/site\/#website","url":"https:\/\/digital58.com.ve\/site\/","name":"Noticias Digital58","description":"Portal de Noticias \u00a1Periodismo web de verdad! Lanzamiento web 22.11.2005 \/ Maracaibo, Venezuela","publisher":{"@id":"https:\/\/digital58.com.ve\/site\/#\/schema\/person\/64d1c2e4d0d4fd1b849980c4331c2951"},"alternateName":"ND58","potentialAction":[{"@type":"SearchAction","target":{"@type":"EntryPoint","urlTemplate":"https:\/\/digital58.com.ve\/site\/?s={search_term_string}"},"query-input":{"@type":"PropertyValueSpecification","valueRequired":true,"valueName":"search_term_string"}}],"inLanguage":"es"},{"@type":["Person","Organization"],"@id":"https:\/\/digital58.com.ve\/site\/#\/schema\/person\/64d1c2e4d0d4fd1b849980c4331c2951","name":"Villasmil Henry","image":{"@type":"ImageObject","inLanguage":"es","@id":"https:\/\/secure.gravatar.com\/avatar\/bb0c4a2fcb7970138239f7e404ea75757b1b507b28b5ce4c53fbd62d797c5a7c?s=96&d=mm&r=g","url":"https:\/\/secure.gravatar.com\/avatar\/bb0c4a2fcb7970138239f7e404ea75757b1b507b28b5ce4c53fbd62d797c5a7c?s=96&d=mm&r=g","contentUrl":"https:\/\/secure.gravatar.com\/avatar\/bb0c4a2fcb7970138239f7e404ea75757b1b507b28b5ce4c53fbd62d797c5a7c?s=96&d=mm&r=g","caption":"Villasmil Henry"},"logo":{"@id":"https:\/\/secure.gravatar.com\/avatar\/bb0c4a2fcb7970138239f7e404ea75757b1b507b28b5ce4c53fbd62d797c5a7c?s=96&d=mm&r=g"},"sameAs":["http:\/\/www.henryvillasmil.com.ve","https:\/\/www.instagram.com\/villasmilhfoto\/","https:\/\/x.com\/https:\/\/twitter.com\/villasmilhfoto"]},{"@type":"Person","@id":"https:\/\/digital58.com.ve\/site\/#\/schema\/person\/8daf5f8bfd9ebdb98150c62bff195b72","name":"Morales Joel","image":{"@type":"ImageObject","inLanguage":"es","@id":"https:\/\/secure.gravatar.com\/avatar\/e2cb5ce0e9279ab3c8e03d472e483f32e666716a18da3bfa7b0749a5465409f1?s=96&d=mm&r=g","url":"https:\/\/secure.gravatar.com\/avatar\/e2cb5ce0e9279ab3c8e03d472e483f32e666716a18da3bfa7b0749a5465409f1?s=96&d=mm&r=g","contentUrl":"https:\/\/secure.gravatar.com\/avatar\/e2cb5ce0e9279ab3c8e03d472e483f32e666716a18da3bfa7b0749a5465409f1?s=96&d=mm&r=g","caption":"Morales Joel"},"url":"https:\/\/digital58.com.ve\/site\/author\/joelm\/"}]}},"uagb_featured_image_src":{"full":["https:\/\/digital58.com.ve\/site\/wp-content\/uploads\/2020\/07\/Humberto-Prado.jpg",800,533,false],"thumbnail":["https:\/\/digital58.com.ve\/site\/wp-content\/uploads\/2020\/07\/Humberto-Prado-150x150.jpg",150,150,true],"medium":["https:\/\/digital58.com.ve\/site\/wp-content\/uploads\/2020\/07\/Humberto-Prado-300x200.jpg",300,200,true],"medium_large":["https:\/\/digital58.com.ve\/site\/wp-content\/uploads\/2020\/07\/Humberto-Prado-768x512.jpg",768,512,true],"large":["https:\/\/digital58.com.ve\/site\/wp-content\/uploads\/2020\/07\/Humberto-Prado.jpg",800,533,false],"1536x1536":["https:\/\/digital58.com.ve\/site\/wp-content\/uploads\/2020\/07\/Humberto-Prado.jpg",800,533,false],"2048x2048":["https:\/\/digital58.com.ve\/site\/wp-content\/uploads\/2020\/07\/Humberto-Prado.jpg",800,533,false],"colormag-highlighted-post":["https:\/\/digital58.com.ve\/site\/wp-content\/uploads\/2020\/07\/Humberto-Prado.jpg",392,261,false],"colormag-featured-post-medium":["https:\/\/digital58.com.ve\/site\/wp-content\/uploads\/2020\/07\/Humberto-Prado.jpg",308,205,false],"colormag-featured-post-small":["https:\/\/digital58.com.ve\/site\/wp-content\/uploads\/2020\/07\/Humberto-Prado.jpg",130,87,false],"colormag-featured-image":["https:\/\/digital58.com.ve\/site\/wp-content\/uploads\/2020\/07\/Humberto-Prado.jpg",668,445,false],"colormag-default-news":["https:\/\/digital58.com.ve\/site\/wp-content\/uploads\/2020\/07\/Humberto-Prado.jpg",150,100,false],"colormag-featured-image-large":["https:\/\/digital58.com.ve\/site\/wp-content\/uploads\/2020\/07\/Humberto-Prado.jpg",800,533,false]},"uagb_author_info":{"display_name":"Morales Joel","author_link":"https:\/\/digital58.com.ve\/site\/author\/joelm\/"},"uagb_comment_info":0,"uagb_excerpt":"En seis meses, el organismo atendi\u00f3 364 denuncias de violaciones a derechos fundamentales, sufridas por venezolanos dentro y fuera del","_links":{"self":[{"href":"https:\/\/digital58.com.ve\/site\/wp-json\/wp\/v2\/posts\/118015","targetHints":{"allow":["GET"]}}],"collection":[{"href":"https:\/\/digital58.com.ve\/site\/wp-json\/wp\/v2\/posts"}],"about":[{"href":"https:\/\/digital58.com.ve\/site\/wp-json\/wp\/v2\/types\/post"}],"author":[{"embeddable":true,"href":"https:\/\/digital58.com.ve\/site\/wp-json\/wp\/v2\/users\/29"}],"replies":[{"embeddable":true,"href":"https:\/\/digital58.com.ve\/site\/wp-json\/wp\/v2\/comments?post=118015"}],"version-history":[{"count":0,"href":"https:\/\/digital58.com.ve\/site\/wp-json\/wp\/v2\/posts\/118015\/revisions"}],"wp:featuredmedia":[{"embeddable":true,"href":"https:\/\/digital58.com.ve\/site\/wp-json\/wp\/v2\/media\/118016"}],"wp:attachment":[{"href":"https:\/\/digital58.com.ve\/site\/wp-json\/wp\/v2\/media?parent=118015"}],"wp:term":[{"taxonomy":"category","embeddable":true,"href":"https:\/\/digital58.com.ve\/site\/wp-json\/wp\/v2\/categories?post=118015"},{"taxonomy":"post_tag","embeddable":true,"href":"https:\/\/digital58.com.ve\/site\/wp-json\/wp\/v2\/tags?post=118015"}],"curies":[{"name":"wp","href":"https:\/\/api.w.org\/{rel}","templated":true}]}}