{"id":118121,"date":"2020-07-27T21:13:02","date_gmt":"2020-07-28T01:13:02","guid":{"rendered":"https:\/\/digital58.com.ve\/site\/?p=118121"},"modified":"2020-07-27T21:14:02","modified_gmt":"2020-07-28T01:14:02","slug":"registros-y-notarias-se-reincorporan-a-jornada-laboral-con-flexibilizacion","status":"publish","type":"post","link":"https:\/\/digital58.com.ve\/site\/2020\/07\/27\/registros-y-notarias-se-reincorporan-a-jornada-laboral-con-flexibilizacion\/","title":{"rendered":"Registros y notar\u00edas se reincorporan a jornada laboral con flexibilizaci\u00f3n"},"content":{"rendered":"<p><img loading=\"lazy\" decoding=\"async\" class=\"aligncenter size-full wp-image-118125\" src=\"https:\/\/digital58.com.ve\/site\/wp-content\/uploads\/2020\/07\/Ed84s4cWkAAVS71.jpg\" alt=\"\" width=\"680\" height=\"510\" srcset=\"https:\/\/digital58.com.ve\/site\/wp-content\/uploads\/2020\/07\/Ed84s4cWkAAVS71.jpg 680w, https:\/\/digital58.com.ve\/site\/wp-content\/uploads\/2020\/07\/Ed84s4cWkAAVS71-300x225.jpg 300w\" sizes=\"auto, (max-width: 680px) 100vw, 680px\" \/><\/p>\n<p>En las 59 oficinas registrales y 20 notar\u00edas se garantiza el cumplimiento de los protocolos de bioseguridad.<\/p>\n<p><strong>Maracaibo, Zulia, Venezuela, 27 de julio de 2020 (ND58).-<\/strong> El Gobierno Nacional incorpor\u00f3 79 oficinas de registro y notar\u00edas a la jornada laboral en siete estado del pa\u00eds, de esta forma se cumple con la flexibilizaci\u00f3n amplia ordenada por el presidente de la Rep\u00fablica, Nicol\u00e1s Maduro, para evitar la propagaci\u00f3n de la COVID-19.<\/p>\n<p>La informaci\u00f3n fue publicada por el Ministerio para las Relaciones Interiores, Justicia y Paz a trav\u00e9s de la red social Twitter @MIJPVenezuela, en la que destac\u00f3 que los d\u00edas martes 28, mi\u00e9rcoles 29 y jueves 39 se incorporan las mencionadas instancias a sus labores.<\/p>\n<blockquote class=\"twitter-tweet\">\n<p dir=\"ltr\" lang=\"es\">NOTICIA ? Un total de 79 oficinas de registro y notar\u00edas se incorporan a la jornada laboral en siete estados del pa\u00eds, los d\u00edas martes 28, mi\u00e9rcoles 29 y jueves 30, a fin de cumplir con la jornada de flexibilizaci\u00f3n amplia, para evitar la propagaci\u00f3n del Covid-19. <a href=\"https:\/\/twitter.com\/hashtag\/27Jul?src=hash&amp;ref_src=twsrc%5Etfw\">#27Jul<\/a> <a href=\"https:\/\/t.co\/e2yrKrjtLu\">pic.twitter.com\/e2yrKrjtLu<\/a><\/p>\n<p>\u2014 MPPRIJP (@MIJPVenezuela) <a href=\"https:\/\/twitter.com\/MIJPVenezuela\/status\/1287811468881203200?ref_src=twsrc%5Etfw\">July 27, 2020<\/a><\/p><\/blockquote>\n<p><a href=\"https:\/\/platform.twitter.com\/widgets.js\">https:\/\/platform.twitter.com\/widgets.js<\/a><\/p>\n<p>Asimismo, el MPPIJP indic\u00f3 que \u00aben los estados Barinas, Cojedes, Delta Amacuro, Gu\u00e1rico, Portuguesa, Trujillo y Apure (s\u00f3lo en San Fernando), el Servicio Aut\u00f3nomo de Registro y Notar\u00edas (Saren), durante esta semana abre las oficinas en el horario establecido desde 8:00 de la ma\u00f1ana hasta las 12:00 del mediod\u00eda\u00bb.<\/p>\n<p>Adem\u00e1s subray\u00f3 la importancia que los trabajadores y usuarios deban utilizar las mascarillas y mantener el distanciamiento social en las instalaciones.<\/p><div class=\"dtouf69f3ffcb1a08a\" ><p style=\"text-align: center;\"><a href=\"https:\/\/t.me\/noticiasdigital58\" target=\"_blank\" rel=\"noopener\"><img class=\"aligncenter size-full wp-image-125363\" src=\"https:\/\/digital58.com.ve\/site\/wp-content\/uploads\/2021\/04\/banner-telegram-web-2021.png\" alt=\"\" width=\"600\" height=\"90\" \/><\/a><\/p><\/div><style type=\"text\/css\">\r\n@media screen and (min-width: 1201px) {\r\n.dtouf69f3ffcb1a08a {\r\ndisplay: block;\r\n}\r\n}\r\n@media screen and (min-width: 993px) and (max-width: 1200px) {\r\n.dtouf69f3ffcb1a08a {\r\ndisplay: block;\r\n}\r\n}\r\n@media screen and (min-width: 769px) and (max-width: 992px) {\r\n.dtouf69f3ffcb1a08a {\r\ndisplay: block;\r\n}\r\n}\r\n@media screen and (min-width: 768px) and (max-width: 768px) {\r\n.dtouf69f3ffcb1a08a {\r\ndisplay: block;\r\n}\r\n}\r\n@media screen and (max-width: 767px) {\r\n.dtouf69f3ffcb1a08a {\r\ndisplay: block;\r\n}\r\n}\r\n<\/style>\r\n\n<p><strong>Redacci\u00f3n: Arismendi, Luis (@arismendiht) | Fuente: MPPRIJP<\/strong><br \/>\n<strong>Edici\u00f3n: Villasmil, Henry (@villasmilhfoto)<\/strong><br \/>\n<strong>Gr\u00e1fica: cortes\u00eda<\/strong><\/p>\n<div style=\"margin-top: 0px; margin-bottom: 0px;\" class=\"sharethis-inline-share-buttons\" ><\/div>","protected":false},"excerpt":{"rendered":"<p>En las 59 oficinas registrales y 20 notar\u00edas se garantiza el cumplimiento de los protocolos de bioseguridad. Maracaibo, Zulia, Venezuela,<\/p>\n","protected":false},"author":7,"featured_media":118125,"comment_status":"open","ping_status":"closed","sticky":false,"template":"","format":"standard","meta":{"colormag_page_container_layout":"default_layout","colormag_page_sidebar_layout":"default_layout","_uag_custom_page_level_css":"","footnotes":""},"categories":[16454],"tags":[13537,4027,15935,13648,17360,14177,1818,8907,18946,233,2724,8116,16740,4578,32],"class_list":["post-118121","post","type-post","status-publish","format-standard","has-post-thumbnail","hentry","category-venezuela","tag-apure","tag-barinas","tag-cojedes","tag-covid-19","tag-delta-amacuro","tag-flexibilizacion","tag-gobierno-nacional","tag-guarico","tag-mppijp","tag-nacionales","tag-nicolas-maduro","tag-portuguesa","tag-saren","tag-trujillo","tag-venezuela"],"yoast_head":"<!-- This site is optimized with the Yoast SEO plugin v27.5 - https:\/\/yoast.com\/product\/yoast-seo-wordpress\/ -->\n<title>Registros y notar\u00edas se reincorporan a jornada laboral con flexibilizaci\u00f3n<\/title>\n<meta name=\"description\" content=\"Venezuela\" \/>\n<meta name=\"robots\" content=\"index, follow, max-snippet:-1, max-image-preview:large, max-video-preview:-1\" \/>\n<link rel=\"canonical\" href=\"https:\/\/digital58.com.ve\/site\/2020\/07\/27\/registros-y-notarias-se-reincorporan-a-jornada-laboral-con-flexibilizacion\/\" \/>\n<meta property=\"og:locale\" content=\"es_ES\" \/>\n<meta property=\"og:type\" content=\"article\" \/>\n<meta property=\"og:title\" content=\"Registros y notar\u00edas se reincorporan a jornada laboral con flexibilizaci\u00f3n\" \/>\n<meta property=\"og:description\" content=\"Venezuela\" \/>\n<meta property=\"og:url\" content=\"https:\/\/digital58.com.ve\/site\/2020\/07\/27\/registros-y-notarias-se-reincorporan-a-jornada-laboral-con-flexibilizacion\/\" \/>\n<meta property=\"og:site_name\" content=\"Noticias Digital58\" \/>\n<meta property=\"article:published_time\" content=\"2020-07-28T01:13:02+00:00\" \/>\n<meta property=\"article:modified_time\" content=\"2020-07-28T01:14:02+00:00\" \/>\n<meta property=\"og:image\" content=\"https:\/\/digital58.com.ve\/site\/wp-content\/uploads\/2020\/07\/Ed84s4cWkAAVS71.jpg\" \/>\n\t<meta property=\"og:image:width\" content=\"680\" \/>\n\t<meta property=\"og:image:height\" content=\"510\" \/>\n\t<meta property=\"og:image:type\" content=\"image\/jpeg\" \/>\n<meta name=\"author\" content=\"Arismendi Luis\" \/>\n<meta name=\"twitter:card\" content=\"summary_large_image\" \/>\n<meta name=\"twitter:creator\" content=\"@Digital_58\" \/>\n<meta name=\"twitter:site\" content=\"@villasmilhfoto\" \/>\n<meta name=\"twitter:label1\" content=\"Escrito por\" \/>\n\t<meta name=\"twitter:data1\" content=\"Arismendi Luis\" \/>\n\t<meta name=\"twitter:label2\" content=\"Tiempo estimado de lectura\" \/>\n\t<meta name=\"twitter:data2\" content=\"1 minuto\" \/>\n<script type=\"application\/ld+json\" class=\"yoast-schema-graph\">{\"@context\":\"https:\\\/\\\/schema.org\",\"@graph\":[{\"@type\":\"Article\",\"@id\":\"https:\\\/\\\/digital58.com.ve\\\/site\\\/2020\\\/07\\\/27\\\/registros-y-notarias-se-reincorporan-a-jornada-laboral-con-flexibilizacion\\\/#article\",\"isPartOf\":{\"@id\":\"https:\\\/\\\/digital58.com.ve\\\/site\\\/2020\\\/07\\\/27\\\/registros-y-notarias-se-reincorporan-a-jornada-laboral-con-flexibilizacion\\\/\"},\"author\":{\"name\":\"Arismendi Luis\",\"@id\":\"https:\\\/\\\/digital58.com.ve\\\/site\\\/#\\\/schema\\\/person\\\/d79fb9041200d150763851810f3a6e44\"},\"headline\":\"Registros y notar\u00edas se reincorporan a jornada laboral con flexibilizaci\u00f3n\",\"datePublished\":\"2020-07-28T01:13:02+00:00\",\"dateModified\":\"2020-07-28T01:14:02+00:00\",\"mainEntityOfPage\":{\"@id\":\"https:\\\/\\\/digital58.com.ve\\\/site\\\/2020\\\/07\\\/27\\\/registros-y-notarias-se-reincorporan-a-jornada-laboral-con-flexibilizacion\\\/\"},\"wordCount\":284,\"commentCount\":0,\"publisher\":{\"@id\":\"https:\\\/\\\/digital58.com.ve\\\/site\\\/#\\\/schema\\\/person\\\/64d1c2e4d0d4fd1b849980c4331c2951\"},\"image\":{\"@id\":\"https:\\\/\\\/digital58.com.ve\\\/site\\\/2020\\\/07\\\/27\\\/registros-y-notarias-se-reincorporan-a-jornada-laboral-con-flexibilizacion\\\/#primaryimage\"},\"thumbnailUrl\":\"https:\\\/\\\/digital58.com.ve\\\/site\\\/wp-content\\\/uploads\\\/2020\\\/07\\\/Ed84s4cWkAAVS71.jpg\",\"keywords\":[\"Apure\",\"Barinas\",\"Cojedes\",\"COVID-19\",\"Delta Amacuro\",\"Flexibilizaci\u00f3n\",\"Gobierno Nacional\",\"Gu\u00e1rico\",\"MPPIJP\",\"Nacionales\",\"Nicol\u00e1s Maduro\",\"Portuguesa\",\"Saren\",\"Trujillo\",\"Venezuela\"],\"articleSection\":[\"Venezuela\"],\"inLanguage\":\"es\",\"potentialAction\":[{\"@type\":\"CommentAction\",\"name\":\"Comment\",\"target\":[\"https:\\\/\\\/digital58.com.ve\\\/site\\\/2020\\\/07\\\/27\\\/registros-y-notarias-se-reincorporan-a-jornada-laboral-con-flexibilizacion\\\/#respond\"]}]},{\"@type\":\"WebPage\",\"@id\":\"https:\\\/\\\/digital58.com.ve\\\/site\\\/2020\\\/07\\\/27\\\/registros-y-notarias-se-reincorporan-a-jornada-laboral-con-flexibilizacion\\\/\",\"url\":\"https:\\\/\\\/digital58.com.ve\\\/site\\\/2020\\\/07\\\/27\\\/registros-y-notarias-se-reincorporan-a-jornada-laboral-con-flexibilizacion\\\/\",\"name\":\"Registros y notar\u00edas se reincorporan a jornada laboral con flexibilizaci\u00f3n\",\"isPartOf\":{\"@id\":\"https:\\\/\\\/digital58.com.ve\\\/site\\\/#website\"},\"primaryImageOfPage\":{\"@id\":\"https:\\\/\\\/digital58.com.ve\\\/site\\\/2020\\\/07\\\/27\\\/registros-y-notarias-se-reincorporan-a-jornada-laboral-con-flexibilizacion\\\/#primaryimage\"},\"image\":{\"@id\":\"https:\\\/\\\/digital58.com.ve\\\/site\\\/2020\\\/07\\\/27\\\/registros-y-notarias-se-reincorporan-a-jornada-laboral-con-flexibilizacion\\\/#primaryimage\"},\"thumbnailUrl\":\"https:\\\/\\\/digital58.com.ve\\\/site\\\/wp-content\\\/uploads\\\/2020\\\/07\\\/Ed84s4cWkAAVS71.jpg\",\"datePublished\":\"2020-07-28T01:13:02+00:00\",\"dateModified\":\"2020-07-28T01:14:02+00:00\",\"description\":\"Venezuela\",\"breadcrumb\":{\"@id\":\"https:\\\/\\\/digital58.com.ve\\\/site\\\/2020\\\/07\\\/27\\\/registros-y-notarias-se-reincorporan-a-jornada-laboral-con-flexibilizacion\\\/#breadcrumb\"},\"inLanguage\":\"es\",\"potentialAction\":[{\"@type\":\"ReadAction\",\"target\":[\"https:\\\/\\\/digital58.com.ve\\\/site\\\/2020\\\/07\\\/27\\\/registros-y-notarias-se-reincorporan-a-jornada-laboral-con-flexibilizacion\\\/\"]}]},{\"@type\":\"ImageObject\",\"inLanguage\":\"es\",\"@id\":\"https:\\\/\\\/digital58.com.ve\\\/site\\\/2020\\\/07\\\/27\\\/registros-y-notarias-se-reincorporan-a-jornada-laboral-con-flexibilizacion\\\/#primaryimage\",\"url\":\"https:\\\/\\\/digital58.com.ve\\\/site\\\/wp-content\\\/uploads\\\/2020\\\/07\\\/Ed84s4cWkAAVS71.jpg\",\"contentUrl\":\"https:\\\/\\\/digital58.com.ve\\\/site\\\/wp-content\\\/uploads\\\/2020\\\/07\\\/Ed84s4cWkAAVS71.jpg\",\"width\":680,\"height\":510},{\"@type\":\"BreadcrumbList\",\"@id\":\"https:\\\/\\\/digital58.com.ve\\\/site\\\/2020\\\/07\\\/27\\\/registros-y-notarias-se-reincorporan-a-jornada-laboral-con-flexibilizacion\\\/#breadcrumb\",\"itemListElement\":[{\"@type\":\"ListItem\",\"position\":1,\"name\":\"Home\",\"item\":\"https:\\\/\\\/digital58.com.ve\\\/site\\\/\"},{\"@type\":\"ListItem\",\"position\":2,\"name\":\"Registros y notar\u00edas se reincorporan a jornada laboral con flexibilizaci\u00f3n\"}]},{\"@type\":\"WebSite\",\"@id\":\"https:\\\/\\\/digital58.com.ve\\\/site\\\/#website\",\"url\":\"https:\\\/\\\/digital58.com.ve\\\/site\\\/\",\"name\":\"Noticias Digital58\",\"description\":\"Portal de Noticias \u00a1Periodismo web de verdad! Lanzamiento web 22.11.2005 \\\/ Maracaibo, Venezuela\",\"publisher\":{\"@id\":\"https:\\\/\\\/digital58.com.ve\\\/site\\\/#\\\/schema\\\/person\\\/64d1c2e4d0d4fd1b849980c4331c2951\"},\"alternateName\":\"ND58\",\"potentialAction\":[{\"@type\":\"SearchAction\",\"target\":{\"@type\":\"EntryPoint\",\"urlTemplate\":\"https:\\\/\\\/digital58.com.ve\\\/site\\\/?s={search_term_string}\"},\"query-input\":{\"@type\":\"PropertyValueSpecification\",\"valueRequired\":true,\"valueName\":\"search_term_string\"}}],\"inLanguage\":\"es\"},{\"@type\":[\"Person\",\"Organization\"],\"@id\":\"https:\\\/\\\/digital58.com.ve\\\/site\\\/#\\\/schema\\\/person\\\/64d1c2e4d0d4fd1b849980c4331c2951\",\"name\":\"Villasmil Henry\",\"image\":{\"@type\":\"ImageObject\",\"inLanguage\":\"es\",\"@id\":\"https:\\\/\\\/secure.gravatar.com\\\/avatar\\\/bb0c4a2fcb7970138239f7e404ea75757b1b507b28b5ce4c53fbd62d797c5a7c?s=96&d=mm&r=g\",\"url\":\"https:\\\/\\\/secure.gravatar.com\\\/avatar\\\/bb0c4a2fcb7970138239f7e404ea75757b1b507b28b5ce4c53fbd62d797c5a7c?s=96&d=mm&r=g\",\"contentUrl\":\"https:\\\/\\\/secure.gravatar.com\\\/avatar\\\/bb0c4a2fcb7970138239f7e404ea75757b1b507b28b5ce4c53fbd62d797c5a7c?s=96&d=mm&r=g\",\"caption\":\"Villasmil Henry\"},\"logo\":{\"@id\":\"https:\\\/\\\/secure.gravatar.com\\\/avatar\\\/bb0c4a2fcb7970138239f7e404ea75757b1b507b28b5ce4c53fbd62d797c5a7c?s=96&d=mm&r=g\"},\"sameAs\":[\"http:\\\/\\\/www.henryvillasmil.com.ve\",\"https:\\\/\\\/www.instagram.com\\\/villasmilhfoto\\\/\",\"https:\\\/\\\/x.com\\\/https:\\\/\\\/twitter.com\\\/villasmilhfoto\"]},{\"@type\":\"Person\",\"@id\":\"https:\\\/\\\/digital58.com.ve\\\/site\\\/#\\\/schema\\\/person\\\/d79fb9041200d150763851810f3a6e44\",\"name\":\"Arismendi Luis\",\"image\":{\"@type\":\"ImageObject\",\"inLanguage\":\"es\",\"@id\":\"https:\\\/\\\/secure.gravatar.com\\\/avatar\\\/076a9c19816f4976b76b8d88be4606fba80dee0aea5ccae15d7f3466053c0615?s=96&d=mm&r=g\",\"url\":\"https:\\\/\\\/secure.gravatar.com\\\/avatar\\\/076a9c19816f4976b76b8d88be4606fba80dee0aea5ccae15d7f3466053c0615?s=96&d=mm&r=g\",\"contentUrl\":\"https:\\\/\\\/secure.gravatar.com\\\/avatar\\\/076a9c19816f4976b76b8d88be4606fba80dee0aea5ccae15d7f3466053c0615?s=96&d=mm&r=g\",\"caption\":\"Arismendi Luis\"},\"url\":\"https:\\\/\\\/digital58.com.ve\\\/site\\\/author\\\/arismendi17\\\/\"}]}<\/script>\n<!-- \/ Yoast SEO plugin. -->","yoast_head_json":{"title":"Registros y notar\u00edas se reincorporan a jornada laboral con flexibilizaci\u00f3n","description":"Venezuela","robots":{"index":"index","follow":"follow","max-snippet":"max-snippet:-1","max-image-preview":"max-image-preview:large","max-video-preview":"max-video-preview:-1"},"canonical":"https:\/\/digital58.com.ve\/site\/2020\/07\/27\/registros-y-notarias-se-reincorporan-a-jornada-laboral-con-flexibilizacion\/","og_locale":"es_ES","og_type":"article","og_title":"Registros y notar\u00edas se reincorporan a jornada laboral con flexibilizaci\u00f3n","og_description":"Venezuela","og_url":"https:\/\/digital58.com.ve\/site\/2020\/07\/27\/registros-y-notarias-se-reincorporan-a-jornada-laboral-con-flexibilizacion\/","og_site_name":"Noticias Digital58","article_published_time":"2020-07-28T01:13:02+00:00","article_modified_time":"2020-07-28T01:14:02+00:00","og_image":[{"width":680,"height":510,"url":"https:\/\/digital58.com.ve\/site\/wp-content\/uploads\/2020\/07\/Ed84s4cWkAAVS71.jpg","type":"image\/jpeg"}],"author":"Arismendi Luis","twitter_card":"summary_large_image","twitter_creator":"@Digital_58","twitter_site":"@villasmilhfoto","twitter_misc":{"Escrito por":"Arismendi Luis","Tiempo estimado de lectura":"1 minuto"},"schema":{"@context":"https:\/\/schema.org","@graph":[{"@type":"Article","@id":"https:\/\/digital58.com.ve\/site\/2020\/07\/27\/registros-y-notarias-se-reincorporan-a-jornada-laboral-con-flexibilizacion\/#article","isPartOf":{"@id":"https:\/\/digital58.com.ve\/site\/2020\/07\/27\/registros-y-notarias-se-reincorporan-a-jornada-laboral-con-flexibilizacion\/"},"author":{"name":"Arismendi Luis","@id":"https:\/\/digital58.com.ve\/site\/#\/schema\/person\/d79fb9041200d150763851810f3a6e44"},"headline":"Registros y notar\u00edas se reincorporan a jornada laboral con flexibilizaci\u00f3n","datePublished":"2020-07-28T01:13:02+00:00","dateModified":"2020-07-28T01:14:02+00:00","mainEntityOfPage":{"@id":"https:\/\/digital58.com.ve\/site\/2020\/07\/27\/registros-y-notarias-se-reincorporan-a-jornada-laboral-con-flexibilizacion\/"},"wordCount":284,"commentCount":0,"publisher":{"@id":"https:\/\/digital58.com.ve\/site\/#\/schema\/person\/64d1c2e4d0d4fd1b849980c4331c2951"},"image":{"@id":"https:\/\/digital58.com.ve\/site\/2020\/07\/27\/registros-y-notarias-se-reincorporan-a-jornada-laboral-con-flexibilizacion\/#primaryimage"},"thumbnailUrl":"https:\/\/digital58.com.ve\/site\/wp-content\/uploads\/2020\/07\/Ed84s4cWkAAVS71.jpg","keywords":["Apure","Barinas","Cojedes","COVID-19","Delta Amacuro","Flexibilizaci\u00f3n","Gobierno Nacional","Gu\u00e1rico","MPPIJP","Nacionales","Nicol\u00e1s Maduro","Portuguesa","Saren","Trujillo","Venezuela"],"articleSection":["Venezuela"],"inLanguage":"es","potentialAction":[{"@type":"CommentAction","name":"Comment","target":["https:\/\/digital58.com.ve\/site\/2020\/07\/27\/registros-y-notarias-se-reincorporan-a-jornada-laboral-con-flexibilizacion\/#respond"]}]},{"@type":"WebPage","@id":"https:\/\/digital58.com.ve\/site\/2020\/07\/27\/registros-y-notarias-se-reincorporan-a-jornada-laboral-con-flexibilizacion\/","url":"https:\/\/digital58.com.ve\/site\/2020\/07\/27\/registros-y-notarias-se-reincorporan-a-jornada-laboral-con-flexibilizacion\/","name":"Registros y notar\u00edas se reincorporan a jornada laboral con flexibilizaci\u00f3n","isPartOf":{"@id":"https:\/\/digital58.com.ve\/site\/#website"},"primaryImageOfPage":{"@id":"https:\/\/digital58.com.ve\/site\/2020\/07\/27\/registros-y-notarias-se-reincorporan-a-jornada-laboral-con-flexibilizacion\/#primaryimage"},"image":{"@id":"https:\/\/digital58.com.ve\/site\/2020\/07\/27\/registros-y-notarias-se-reincorporan-a-jornada-laboral-con-flexibilizacion\/#primaryimage"},"thumbnailUrl":"https:\/\/digital58.com.ve\/site\/wp-content\/uploads\/2020\/07\/Ed84s4cWkAAVS71.jpg","datePublished":"2020-07-28T01:13:02+00:00","dateModified":"2020-07-28T01:14:02+00:00","description":"Venezuela","breadcrumb":{"@id":"https:\/\/digital58.com.ve\/site\/2020\/07\/27\/registros-y-notarias-se-reincorporan-a-jornada-laboral-con-flexibilizacion\/#breadcrumb"},"inLanguage":"es","potentialAction":[{"@type":"ReadAction","target":["https:\/\/digital58.com.ve\/site\/2020\/07\/27\/registros-y-notarias-se-reincorporan-a-jornada-laboral-con-flexibilizacion\/"]}]},{"@type":"ImageObject","inLanguage":"es","@id":"https:\/\/digital58.com.ve\/site\/2020\/07\/27\/registros-y-notarias-se-reincorporan-a-jornada-laboral-con-flexibilizacion\/#primaryimage","url":"https:\/\/digital58.com.ve\/site\/wp-content\/uploads\/2020\/07\/Ed84s4cWkAAVS71.jpg","contentUrl":"https:\/\/digital58.com.ve\/site\/wp-content\/uploads\/2020\/07\/Ed84s4cWkAAVS71.jpg","width":680,"height":510},{"@type":"BreadcrumbList","@id":"https:\/\/digital58.com.ve\/site\/2020\/07\/27\/registros-y-notarias-se-reincorporan-a-jornada-laboral-con-flexibilizacion\/#breadcrumb","itemListElement":[{"@type":"ListItem","position":1,"name":"Home","item":"https:\/\/digital58.com.ve\/site\/"},{"@type":"ListItem","position":2,"name":"Registros y notar\u00edas se reincorporan a jornada laboral con flexibilizaci\u00f3n"}]},{"@type":"WebSite","@id":"https:\/\/digital58.com.ve\/site\/#website","url":"https:\/\/digital58.com.ve\/site\/","name":"Noticias Digital58","description":"Portal de Noticias \u00a1Periodismo web de verdad! Lanzamiento web 22.11.2005 \/ Maracaibo, Venezuela","publisher":{"@id":"https:\/\/digital58.com.ve\/site\/#\/schema\/person\/64d1c2e4d0d4fd1b849980c4331c2951"},"alternateName":"ND58","potentialAction":[{"@type":"SearchAction","target":{"@type":"EntryPoint","urlTemplate":"https:\/\/digital58.com.ve\/site\/?s={search_term_string}"},"query-input":{"@type":"PropertyValueSpecification","valueRequired":true,"valueName":"search_term_string"}}],"inLanguage":"es"},{"@type":["Person","Organization"],"@id":"https:\/\/digital58.com.ve\/site\/#\/schema\/person\/64d1c2e4d0d4fd1b849980c4331c2951","name":"Villasmil Henry","image":{"@type":"ImageObject","inLanguage":"es","@id":"https:\/\/secure.gravatar.com\/avatar\/bb0c4a2fcb7970138239f7e404ea75757b1b507b28b5ce4c53fbd62d797c5a7c?s=96&d=mm&r=g","url":"https:\/\/secure.gravatar.com\/avatar\/bb0c4a2fcb7970138239f7e404ea75757b1b507b28b5ce4c53fbd62d797c5a7c?s=96&d=mm&r=g","contentUrl":"https:\/\/secure.gravatar.com\/avatar\/bb0c4a2fcb7970138239f7e404ea75757b1b507b28b5ce4c53fbd62d797c5a7c?s=96&d=mm&r=g","caption":"Villasmil Henry"},"logo":{"@id":"https:\/\/secure.gravatar.com\/avatar\/bb0c4a2fcb7970138239f7e404ea75757b1b507b28b5ce4c53fbd62d797c5a7c?s=96&d=mm&r=g"},"sameAs":["http:\/\/www.henryvillasmil.com.ve","https:\/\/www.instagram.com\/villasmilhfoto\/","https:\/\/x.com\/https:\/\/twitter.com\/villasmilhfoto"]},{"@type":"Person","@id":"https:\/\/digital58.com.ve\/site\/#\/schema\/person\/d79fb9041200d150763851810f3a6e44","name":"Arismendi Luis","image":{"@type":"ImageObject","inLanguage":"es","@id":"https:\/\/secure.gravatar.com\/avatar\/076a9c19816f4976b76b8d88be4606fba80dee0aea5ccae15d7f3466053c0615?s=96&d=mm&r=g","url":"https:\/\/secure.gravatar.com\/avatar\/076a9c19816f4976b76b8d88be4606fba80dee0aea5ccae15d7f3466053c0615?s=96&d=mm&r=g","contentUrl":"https:\/\/secure.gravatar.com\/avatar\/076a9c19816f4976b76b8d88be4606fba80dee0aea5ccae15d7f3466053c0615?s=96&d=mm&r=g","caption":"Arismendi Luis"},"url":"https:\/\/digital58.com.ve\/site\/author\/arismendi17\/"}]}},"uagb_featured_image_src":{"full":["https:\/\/digital58.com.ve\/site\/wp-content\/uploads\/2020\/07\/Ed84s4cWkAAVS71.jpg",680,510,false],"thumbnail":["https:\/\/digital58.com.ve\/site\/wp-content\/uploads\/2020\/07\/Ed84s4cWkAAVS71-150x150.jpg",150,150,true],"medium":["https:\/\/digital58.com.ve\/site\/wp-content\/uploads\/2020\/07\/Ed84s4cWkAAVS71-300x225.jpg",300,225,true],"medium_large":["https:\/\/digital58.com.ve\/site\/wp-content\/uploads\/2020\/07\/Ed84s4cWkAAVS71.jpg",680,510,false],"large":["https:\/\/digital58.com.ve\/site\/wp-content\/uploads\/2020\/07\/Ed84s4cWkAAVS71.jpg",680,510,false],"1536x1536":["https:\/\/digital58.com.ve\/site\/wp-content\/uploads\/2020\/07\/Ed84s4cWkAAVS71.jpg",680,510,false],"2048x2048":["https:\/\/digital58.com.ve\/site\/wp-content\/uploads\/2020\/07\/Ed84s4cWkAAVS71.jpg",680,510,false],"colormag-highlighted-post":["https:\/\/digital58.com.ve\/site\/wp-content\/uploads\/2020\/07\/Ed84s4cWkAAVS71.jpg",363,272,false],"colormag-featured-post-medium":["https:\/\/digital58.com.ve\/site\/wp-content\/uploads\/2020\/07\/Ed84s4cWkAAVS71.jpg",273,205,false],"colormag-featured-post-small":["https:\/\/digital58.com.ve\/site\/wp-content\/uploads\/2020\/07\/Ed84s4cWkAAVS71.jpg",120,90,false],"colormag-featured-image":["https:\/\/digital58.com.ve\/site\/wp-content\/uploads\/2020\/07\/Ed84s4cWkAAVS71.jpg",593,445,false],"colormag-default-news":["https:\/\/digital58.com.ve\/site\/wp-content\/uploads\/2020\/07\/Ed84s4cWkAAVS71.jpg",150,113,false],"colormag-featured-image-large":["https:\/\/digital58.com.ve\/site\/wp-content\/uploads\/2020\/07\/Ed84s4cWkAAVS71.jpg",680,510,false]},"uagb_author_info":{"display_name":"Arismendi Luis","author_link":"https:\/\/digital58.com.ve\/site\/author\/arismendi17\/"},"uagb_comment_info":0,"uagb_excerpt":"En las 59 oficinas registrales y 20 notar\u00edas se garantiza el cumplimiento de los protocolos de bioseguridad. Maracaibo, Zulia, Venezuela,","_links":{"self":[{"href":"https:\/\/digital58.com.ve\/site\/wp-json\/wp\/v2\/posts\/118121","targetHints":{"allow":["GET"]}}],"collection":[{"href":"https:\/\/digital58.com.ve\/site\/wp-json\/wp\/v2\/posts"}],"about":[{"href":"https:\/\/digital58.com.ve\/site\/wp-json\/wp\/v2\/types\/post"}],"author":[{"embeddable":true,"href":"https:\/\/digital58.com.ve\/site\/wp-json\/wp\/v2\/users\/7"}],"replies":[{"embeddable":true,"href":"https:\/\/digital58.com.ve\/site\/wp-json\/wp\/v2\/comments?post=118121"}],"version-history":[{"count":0,"href":"https:\/\/digital58.com.ve\/site\/wp-json\/wp\/v2\/posts\/118121\/revisions"}],"wp:featuredmedia":[{"embeddable":true,"href":"https:\/\/digital58.com.ve\/site\/wp-json\/wp\/v2\/media\/118125"}],"wp:attachment":[{"href":"https:\/\/digital58.com.ve\/site\/wp-json\/wp\/v2\/media?parent=118121"}],"wp:term":[{"taxonomy":"category","embeddable":true,"href":"https:\/\/digital58.com.ve\/site\/wp-json\/wp\/v2\/categories?post=118121"},{"taxonomy":"post_tag","embeddable":true,"href":"https:\/\/digital58.com.ve\/site\/wp-json\/wp\/v2\/tags?post=118121"}],"curies":[{"name":"wp","href":"https:\/\/api.w.org\/{rel}","templated":true}]}}