{"id":118122,"date":"2020-07-27T21:13:12","date_gmt":"2020-07-28T01:13:12","guid":{"rendered":"https:\/\/digital58.com.ve\/site\/?p=118122"},"modified":"2020-07-27T21:13:12","modified_gmt":"2020-07-28T01:13:12","slug":"despues-de-gastar-los-ahorros-de-su-vida-los-peruanos-empiezan-de-cero","status":"publish","type":"post","link":"https:\/\/digital58.com.ve\/site\/2020\/07\/27\/despues-de-gastar-los-ahorros-de-su-vida-los-peruanos-empiezan-de-cero\/","title":{"rendered":"Despu\u00e9s de gastar los ahorros de su vida, los peruanos empiezan de cero"},"content":{"rendered":"<p><a href=\"https:\/\/digital58.com.ve\/site\/wp-content\/uploads\/2020\/07\/peruanos-4.jpg\"><img loading=\"lazy\" decoding=\"async\" class=\"aligncenter size-full wp-image-118123\" src=\"https:\/\/digital58.com.ve\/site\/wp-content\/uploads\/2020\/07\/peruanos-4.jpg\" alt=\"\" width=\"900\" height=\"600\" srcset=\"https:\/\/digital58.com.ve\/site\/wp-content\/uploads\/2020\/07\/peruanos-4.jpg 800w, https:\/\/digital58.com.ve\/site\/wp-content\/uploads\/2020\/07\/peruanos-4-300x200.jpg 300w, https:\/\/digital58.com.ve\/site\/wp-content\/uploads\/2020\/07\/peruanos-4-768x512.jpg 768w, https:\/\/digital58.com.ve\/site\/wp-content\/uploads\/2020\/07\/peruanos-4-720x480.jpg 720w, https:\/\/digital58.com.ve\/site\/wp-content\/uploads\/2020\/07\/peruanos-4-480x320.jpg 480w\" sizes=\"auto, (max-width: 900px) 100vw, 900px\" \/><\/a><\/p>\n<p>El virus ha contagiado a m\u00e1s de 375.000 personas en Per\u00fa y ha causado oficialmente la muerte de m\u00e1s de 17.000, lo que ha ubicado a la naci\u00f3n como la segunda m\u00e1s afectada en Latinoam\u00e9rica<\/p>\n<p><strong>Per\u00fa, 27 de julio de 2020 (ND58).-<\/strong> Recuperar sus ingresos lo m\u00e1s r\u00e1pido posible, eliminar los intereses que se acumularon en el banco durante la cuarentena, y tener un trabajo son los deseos que hoy tienen los peruanos, envidiados hasta hace poco por la salud que gozaba su econom\u00eda en la regi\u00f3n.<\/p>\n<p>Esos son los desaf\u00edos que los peruanos le lanzan a su presidente, Mart\u00edn Vizcarra, que este martes dar\u00e1 su \u00faltimo mensaje formal al Congreso y la naci\u00f3n con motivo de las fechas patrias, 365 d\u00edas exactos antes de que abandone el Gobierno.<\/p>\n<p>Vizcarra se enfrenta el martes a una poblaci\u00f3n desgastada por la incertidumbre de la pandemia, con los ahorros consumidos y en muchos casos endeudados, despu\u00e9s de varios meses sin trabajar.<\/p>\n<p><a href=\"https:\/\/digital58.com.ve\/site\/wp-content\/uploads\/2020\/07\/peruanos-3.jpg\"><img loading=\"lazy\" decoding=\"async\" class=\"aligncenter size-full wp-image-118124\" src=\"https:\/\/digital58.com.ve\/site\/wp-content\/uploads\/2020\/07\/peruanos-3.jpg\" alt=\"\" width=\"900\" height=\"600\" srcset=\"https:\/\/digital58.com.ve\/site\/wp-content\/uploads\/2020\/07\/peruanos-3.jpg 800w, https:\/\/digital58.com.ve\/site\/wp-content\/uploads\/2020\/07\/peruanos-3-300x200.jpg 300w, https:\/\/digital58.com.ve\/site\/wp-content\/uploads\/2020\/07\/peruanos-3-768x512.jpg 768w, https:\/\/digital58.com.ve\/site\/wp-content\/uploads\/2020\/07\/peruanos-3-720x480.jpg 720w, https:\/\/digital58.com.ve\/site\/wp-content\/uploads\/2020\/07\/peruanos-3-480x320.jpg 480w\" sizes=\"auto, (max-width: 900px) 100vw, 900px\" \/><\/a><\/p>\n<p>\u00abYa nos hemos dejado manipular mucho con el cuento de la pandemia, nos tienen atemorizados. Yo no le tengo miedo a la COVID, le tengo miedo a que mis hijos se mueran de hambre\u00bb, expres\u00f3 a Efe Arturo Quintanilla, un sexagenario oriundo de la regi\u00f3n de Cusco.<\/p>\n<p>El se\u00f1or Quintanilla vive en Lima y afirma que \u00abdeber\u00eda reactivarse la econom\u00eda, (porque) est\u00e1n muriendo m\u00e1s por hambre que por otras cosas\u00bb.<\/p>\n<p>Conf\u00eda en que la econom\u00eda se restablecer\u00e1 \u00abpoco a poco, pero a los niveles de antes no, porque hemos tenido una recesi\u00f3n tremenda\u00bb.<\/p>\n<p>\u00abHemos sido muy golpeados, la clase media se ha ido a ser clase baja, espero que el presidente escuche y reflexione\u00bb, manifest\u00f3.<\/p>\n<p><strong>Per\u00fa gasta 20.000 millones de d\u00f3lares<\/strong><\/p>\n<p>El presidente Vizcarra utiliz\u00f3 los ahorros fiscales del pa\u00eds para una serie de medidas econ\u00f3micas que aseguraran que los ciudadanos se mantuvieran en una de las cuarentenas m\u00e1s largas y sobre el papel m\u00e1s estrictas del mundo, con el fin de minimizar el impacto de la COVID-19, pero el confinamiento, desde marzo a julio, agujere\u00f3 los bolsillos de la poblaci\u00f3n.<\/p>\n<p>El virus ha contagiado a m\u00e1s de 375.000 personas en Per\u00fa y ha causado oficialmente la muerte de m\u00e1s de 17.000, lo que ha ubicado a la naci\u00f3n como la segunda m\u00e1s afectada en Latinoam\u00e9rica y la s\u00e9ptima a nivel mundial.<\/p>\n<p>Poco queda en la econom\u00eda peruana de los \u00e9xitos alcanzados en los \u00faltimos a\u00f1os, en los que logr\u00f3 un alza de 4 % del PIB en 2018 y de 2,2 % en 2019, pues los expertos estiman para este a\u00f1o una ca\u00edda de entre -18 y -12 % y un rebote de entre 6,5 y 10,5 % para 2021, tal como sostiene la unidad de investigaci\u00f3n del banco BBVA.<\/p>\n<p><strong>Desempleo para dos millones de peruanos<\/strong><\/p>\n<p>Uno de los efectos m\u00e1s devastadores de la cuarentena ha sido la p\u00e9rdida de m\u00e1s de dos millones de empleos, en un pa\u00eds que adem\u00e1s sufre del 70 % de informalidad laboral.<\/p>\n<p>Lo \u00fanico que espera Naty Alvarado, de 50 a\u00f1os, es trabajo porque al quedar desempleada de una compa\u00f1\u00eda de limpieza, ya no puede tampoco pagar la universidad de su hija mayor.<\/p>\n<p>\u00abNo he recibido ning\u00fan bono, pero qu\u00e9 puedo hacer, tengo que seguir trabajando, pero me han sacado del trabajo\u00bb, declar\u00f3 Alvarado a Efe.<\/p>\n<p>La madre de familia le pidi\u00f3 tambi\u00e9n al gobernante que se preocupe por la salud de las personas \u00abporque ac\u00e1 en el Per\u00fa hay bastante gente que est\u00e1 muriendo\u00bb por la pandemia.<\/p>\n<p><strong>Peque\u00f1os empresarios endeudados<\/strong><\/p>\n<p>Adem\u00e1s de los bonos econ\u00f3micos para la poblaci\u00f3n m\u00e1s vulnerable, el Ejecutivo tambi\u00e9n entreg\u00f3 m\u00e1s de 17.600 millones de d\u00f3lares en cr\u00e9ditos con baj\u00edsimas tasas de inter\u00e9s para las empresas.<\/p>\n<p>Sin embargo, los medianos y peque\u00f1os empresarios sufren por las deudas acumuladas en los meses del confinamiento, al tener que pagar sus compromisos a pesar de no haber generado ingresos.<\/p>\n<p>\u00abEstamos suplicando a los acreedores, los que tenemos deuda, que nos den un poco de plazo (para pagar)\u00bb, dijo a Efe el transportista Juvenal Carrillo, de 63 a\u00f1os.<\/p>\n<p>\u00abQueremos que el Gobierno se pronuncie este 28 de julio en beneficio de todos, no solo de un grupo min\u00fasculo. Han dado mucho dinero a los bancos para que se financien, pero no nos llega. Como persona, me siento defraudado por mis autoridades\u00bb, manifest\u00f3 Carrillo.<\/p>\n<p>El hombre se\u00f1al\u00f3 que est\u00e1 pr\u00f3ximo a jubilarse, pero \u00abno he recibido nada\u00bb en los meses transcurridos de cuarentena, sino que mas bien \u00abtodo es p\u00e9rdida\u00bb.<\/p>\n<p><strong>Independientes en la ruina<\/strong><\/p>\n<p>Los trabajadores independientes, que ten\u00edan un peque\u00f1o negocio, se han reactivado solos, sin esperar la autorizaci\u00f3n del gobierno que dividi\u00f3 la reanudaci\u00f3n en cuatro fases a completar en agosto.<\/p>\n<p><a href=\"https:\/\/digital58.com.ve\/site\/wp-content\/uploads\/2020\/07\/peruanos-2.jpg\"><img loading=\"lazy\" decoding=\"async\" class=\"aligncenter size-full wp-image-118126\" src=\"https:\/\/digital58.com.ve\/site\/wp-content\/uploads\/2020\/07\/peruanos-2.jpg\" alt=\"\" width=\"900\" height=\"600\" srcset=\"https:\/\/digital58.com.ve\/site\/wp-content\/uploads\/2020\/07\/peruanos-2.jpg 800w, https:\/\/digital58.com.ve\/site\/wp-content\/uploads\/2020\/07\/peruanos-2-300x200.jpg 300w, https:\/\/digital58.com.ve\/site\/wp-content\/uploads\/2020\/07\/peruanos-2-768x512.jpg 768w, https:\/\/digital58.com.ve\/site\/wp-content\/uploads\/2020\/07\/peruanos-2-720x480.jpg 720w, https:\/\/digital58.com.ve\/site\/wp-content\/uploads\/2020\/07\/peruanos-2-480x320.jpg 480w\" sizes=\"auto, (max-width: 900px) 100vw, 900px\" \/><\/a><\/p>\n<p>\u00abA nosotros que somos peque\u00f1os emprendedores no nos ha dado ni un bono, ni sueldo, me he visto en la obligaci\u00f3n de vender mis cosas para poder sobrevivir\u00bb, confes\u00f3 Carla Gonz\u00e1lez, de 48 a\u00f1os.<\/p>\n<p>Los efectos de la inmovilizaci\u00f3n han sido tan graves para ella que considera que \u00abel presidente deber\u00eda renunciar inmediatamente porque le ha hecho mucho da\u00f1o al pa\u00eds con su mala gesti\u00f3n\u00bb.<\/p>\n<p>\u00abMe estoy reactivando poco a poco, estoy empezando de cero, sin ayuda del gobierno, yo estoy saliendo adelante por mis propios medios\u00bb, asegur\u00f3.<\/p>\n<p><a href=\"https:\/\/digital58.com.ve\/site\/wp-content\/uploads\/2020\/07\/peruanos.jpg\"><img loading=\"lazy\" decoding=\"async\" class=\"aligncenter size-full wp-image-118127\" src=\"https:\/\/digital58.com.ve\/site\/wp-content\/uploads\/2020\/07\/peruanos.jpg\" alt=\"\" width=\"900\" height=\"600\" srcset=\"https:\/\/digital58.com.ve\/site\/wp-content\/uploads\/2020\/07\/peruanos.jpg 800w, https:\/\/digital58.com.ve\/site\/wp-content\/uploads\/2020\/07\/peruanos-300x200.jpg 300w, https:\/\/digital58.com.ve\/site\/wp-content\/uploads\/2020\/07\/peruanos-768x512.jpg 768w, https:\/\/digital58.com.ve\/site\/wp-content\/uploads\/2020\/07\/peruanos-720x480.jpg 720w, https:\/\/digital58.com.ve\/site\/wp-content\/uploads\/2020\/07\/peruanos-480x320.jpg 480w\" sizes=\"auto, (max-width: 900px) 100vw, 900px\" \/><\/a><\/p>\n<p>El septuagenario Hugo Morante afirma que Vizcarra ha \u00abmalogrado\u00bb la econom\u00eda peruana y, como consecuencia, \u00abla ciudadan\u00eda ya est\u00e1 empezando en la mala vida, como robos, porque no tienen oficio\u00bb.<\/p>\n<p>Morante recibi\u00f3 los bonos entregados por el Gobierno, pero opina que se deber\u00edan entregar m\u00e1s y especialmente a enfermos cr\u00f3nicos como \u00e9l que tuvo c\u00e1ncer a la piel.<\/p>\n<p><strong>Venezolanos en la calle<\/strong><\/p>\n<p>Otra crisis sobre crisis fue la sufrieron los miles de venezolanos que ingresaron a Per\u00fa en los \u00faltimos a\u00f1os, huyendo de los problemas pol\u00edticos y sociales en su pa\u00eds, y que en plena pandemia se quedaron sin dinero, ni casa y en algunos casos debieron regresar a Venezuela a pie.<\/p>\n<p>\u00abEl presidente nunca ha tomado en cuenta a los venezolanos sobre la pandemia. Nunca hubo una ayuda, nunca nada. S\u00e9 que no somos de este pa\u00eds, pero tambi\u00e9n somos humanos y creo que debieron tomarnos en cuenta ya que estamos en este pa\u00eds\u00bb, dijo a Efe el venezolano Wilder Vargas, de 24 a\u00f1os.<\/p>\n<p>Vargas es vendedor ambulante y durante la cuarentena tuvo que quedarse en casa con su hijo y su esposa, agotando todos sus ahorros, pero con la suerte de que su casera le dio facilidades de pago y no lo corri\u00f3.<\/p>\n<p>\u00abHubo mucha gente que s\u00ed los corrieron y los sacaron de su casa. Incluso, hubieron compa\u00f1eros venezolanos que conozco que se tuvieron que ir a Venezuela caminando porque ya no ten\u00edan ni c\u00f3mo comer y de paso los corrieron de sus arriendos\u00bb, relat\u00f3.<\/p>\n<p>Para el joven, como para los cerca de un mill\u00f3n de venezolanos en Per\u00fa, lo \u00fanico que pide al gobernante peruano es \u00abque nos d\u00e9 una oportunidad de legalizarnos en el pa\u00eds\u00bb porque \u00abestando legal puedo tener muchas oportunidades aqu\u00ed, puedo trabajar en una empresa y no se me cierran tantas puertas como ahora\u00bb.<\/p>\n<p>Los venezolanos que viven en Lima, j\u00f3venes en su mayor\u00eda, fueron de los primeros que retornaron a vender en las calles y atender en tiendas y comercios, apenas se fueron levantando las medidas de restricci\u00f3n por la emergencia sanitaria en Per\u00fa.<\/p><div class=\"bxzhl69f47535be4f7\" ><p style=\"text-align: center;\"><a href=\"https:\/\/t.me\/noticiasdigital58\" target=\"_blank\" rel=\"noopener\"><img class=\"aligncenter size-full wp-image-125363\" src=\"https:\/\/digital58.com.ve\/site\/wp-content\/uploads\/2021\/04\/banner-telegram-web-2021.png\" alt=\"\" width=\"600\" height=\"90\" \/><\/a><\/p><\/div><style type=\"text\/css\">\r\n@media screen and (min-width: 1201px) {\r\n.bxzhl69f47535be4f7 {\r\ndisplay: block;\r\n}\r\n}\r\n@media screen and (min-width: 993px) and (max-width: 1200px) {\r\n.bxzhl69f47535be4f7 {\r\ndisplay: block;\r\n}\r\n}\r\n@media screen and (min-width: 769px) and (max-width: 992px) {\r\n.bxzhl69f47535be4f7 {\r\ndisplay: block;\r\n}\r\n}\r\n@media screen and (min-width: 768px) and (max-width: 768px) {\r\n.bxzhl69f47535be4f7 {\r\ndisplay: block;\r\n}\r\n}\r\n@media screen and (max-width: 767px) {\r\n.bxzhl69f47535be4f7 {\r\ndisplay: block;\r\n}\r\n}\r\n<\/style>\r\n\n<p><strong>Redacci\u00f3n ND58 | Fuente: EFE<\/strong><br \/>\n<strong>Edici\u00f3n: Villasmil, Henry<\/strong><br \/>\n<strong>Gr\u00e1fica: EFE<\/strong><\/p>\n<div style=\"margin-top: 0px; margin-bottom: 0px;\" class=\"sharethis-inline-share-buttons\" ><\/div>","protected":false},"excerpt":{"rendered":"<p>El virus ha contagiado a m\u00e1s de 375.000 personas en Per\u00fa y ha causado oficialmente la muerte de m\u00e1s de<\/p>\n","protected":false},"author":1,"featured_media":118126,"comment_status":"open","ping_status":"closed","sticky":false,"template":"","format":"standard","meta":{"colormag_page_container_layout":"default_layout","colormag_page_sidebar_layout":"default_layout","_uag_custom_page_level_css":"","footnotes":""},"categories":[16451],"tags":[13352,13648,8,13967,13723,112],"class_list":["post-118122","post","type-post","status-publish","format-standard","has-post-thumbnail","hentry","category-mundo","tag-coronavirus","tag-covid-19","tag-internacionales","tag-martin-vizcarra","tag-pandemia","tag-peru"],"yoast_head":"<!-- This site is optimized with the Yoast SEO plugin v27.5 - https:\/\/yoast.com\/product\/yoast-seo-wordpress\/ -->\n<title>Despu\u00e9s de gastar los ahorros de su vida, los peruanos empiezan de cero<\/title>\n<meta name=\"description\" content=\"Mundo\" \/>\n<meta name=\"robots\" content=\"index, follow, max-snippet:-1, max-image-preview:large, max-video-preview:-1\" \/>\n<link rel=\"canonical\" href=\"https:\/\/digital58.com.ve\/site\/2020\/07\/27\/despues-de-gastar-los-ahorros-de-su-vida-los-peruanos-empiezan-de-cero\/\" \/>\n<meta property=\"og:locale\" content=\"es_ES\" \/>\n<meta property=\"og:type\" content=\"article\" \/>\n<meta property=\"og:title\" content=\"Despu\u00e9s de gastar los ahorros de su vida, los peruanos empiezan de cero\" \/>\n<meta property=\"og:description\" content=\"Mundo\" \/>\n<meta property=\"og:url\" content=\"https:\/\/digital58.com.ve\/site\/2020\/07\/27\/despues-de-gastar-los-ahorros-de-su-vida-los-peruanos-empiezan-de-cero\/\" \/>\n<meta property=\"og:site_name\" content=\"Noticias Digital58\" \/>\n<meta property=\"article:published_time\" content=\"2020-07-28T01:13:12+00:00\" \/>\n<meta property=\"og:image\" content=\"https:\/\/digital58.com.ve\/site\/wp-content\/uploads\/2020\/07\/peruanos-2.jpg\" \/>\n\t<meta property=\"og:image:width\" content=\"900\" \/>\n\t<meta property=\"og:image:height\" content=\"600\" \/>\n\t<meta property=\"og:image:type\" content=\"image\/jpeg\" \/>\n<meta name=\"author\" content=\"Villasmil Henry\" \/>\n<meta name=\"twitter:card\" content=\"summary_large_image\" \/>\n<meta name=\"twitter:creator\" content=\"@https:\/\/twitter.com\/villasmilhfoto\" \/>\n<meta name=\"twitter:site\" content=\"@villasmilhfoto\" \/>\n<meta name=\"twitter:label1\" content=\"Escrito por\" \/>\n\t<meta name=\"twitter:data1\" content=\"Villasmil Henry\" \/>\n\t<meta name=\"twitter:label2\" content=\"Tiempo estimado de lectura\" \/>\n\t<meta name=\"twitter:data2\" content=\"6 minutos\" \/>\n<script type=\"application\/ld+json\" class=\"yoast-schema-graph\">{\"@context\":\"https:\\\/\\\/schema.org\",\"@graph\":[{\"@type\":\"Article\",\"@id\":\"https:\\\/\\\/digital58.com.ve\\\/site\\\/2020\\\/07\\\/27\\\/despues-de-gastar-los-ahorros-de-su-vida-los-peruanos-empiezan-de-cero\\\/#article\",\"isPartOf\":{\"@id\":\"https:\\\/\\\/digital58.com.ve\\\/site\\\/2020\\\/07\\\/27\\\/despues-de-gastar-los-ahorros-de-su-vida-los-peruanos-empiezan-de-cero\\\/\"},\"author\":{\"name\":\"Villasmil Henry\",\"@id\":\"https:\\\/\\\/digital58.com.ve\\\/site\\\/#\\\/schema\\\/person\\\/64d1c2e4d0d4fd1b849980c4331c2951\"},\"headline\":\"Despu\u00e9s de gastar los ahorros de su vida, los peruanos empiezan de cero\",\"datePublished\":\"2020-07-28T01:13:12+00:00\",\"mainEntityOfPage\":{\"@id\":\"https:\\\/\\\/digital58.com.ve\\\/site\\\/2020\\\/07\\\/27\\\/despues-de-gastar-los-ahorros-de-su-vida-los-peruanos-empiezan-de-cero\\\/\"},\"wordCount\":1301,\"commentCount\":0,\"publisher\":{\"@id\":\"https:\\\/\\\/digital58.com.ve\\\/site\\\/#\\\/schema\\\/person\\\/64d1c2e4d0d4fd1b849980c4331c2951\"},\"image\":{\"@id\":\"https:\\\/\\\/digital58.com.ve\\\/site\\\/2020\\\/07\\\/27\\\/despues-de-gastar-los-ahorros-de-su-vida-los-peruanos-empiezan-de-cero\\\/#primaryimage\"},\"thumbnailUrl\":\"https:\\\/\\\/digital58.com.ve\\\/site\\\/wp-content\\\/uploads\\\/2020\\\/07\\\/peruanos-2.jpg\",\"keywords\":[\"Coronavirus\",\"COVID-19\",\"Internacionales\",\"Mart\u00edn Vizcarra\",\"Pandemia\",\"Per\u00fa\"],\"articleSection\":[\"Mundo\"],\"inLanguage\":\"es\",\"potentialAction\":[{\"@type\":\"CommentAction\",\"name\":\"Comment\",\"target\":[\"https:\\\/\\\/digital58.com.ve\\\/site\\\/2020\\\/07\\\/27\\\/despues-de-gastar-los-ahorros-de-su-vida-los-peruanos-empiezan-de-cero\\\/#respond\"]}]},{\"@type\":\"WebPage\",\"@id\":\"https:\\\/\\\/digital58.com.ve\\\/site\\\/2020\\\/07\\\/27\\\/despues-de-gastar-los-ahorros-de-su-vida-los-peruanos-empiezan-de-cero\\\/\",\"url\":\"https:\\\/\\\/digital58.com.ve\\\/site\\\/2020\\\/07\\\/27\\\/despues-de-gastar-los-ahorros-de-su-vida-los-peruanos-empiezan-de-cero\\\/\",\"name\":\"Despu\u00e9s de gastar los ahorros de su vida, los peruanos empiezan de cero\",\"isPartOf\":{\"@id\":\"https:\\\/\\\/digital58.com.ve\\\/site\\\/#website\"},\"primaryImageOfPage\":{\"@id\":\"https:\\\/\\\/digital58.com.ve\\\/site\\\/2020\\\/07\\\/27\\\/despues-de-gastar-los-ahorros-de-su-vida-los-peruanos-empiezan-de-cero\\\/#primaryimage\"},\"image\":{\"@id\":\"https:\\\/\\\/digital58.com.ve\\\/site\\\/2020\\\/07\\\/27\\\/despues-de-gastar-los-ahorros-de-su-vida-los-peruanos-empiezan-de-cero\\\/#primaryimage\"},\"thumbnailUrl\":\"https:\\\/\\\/digital58.com.ve\\\/site\\\/wp-content\\\/uploads\\\/2020\\\/07\\\/peruanos-2.jpg\",\"datePublished\":\"2020-07-28T01:13:12+00:00\",\"description\":\"Mundo\",\"breadcrumb\":{\"@id\":\"https:\\\/\\\/digital58.com.ve\\\/site\\\/2020\\\/07\\\/27\\\/despues-de-gastar-los-ahorros-de-su-vida-los-peruanos-empiezan-de-cero\\\/#breadcrumb\"},\"inLanguage\":\"es\",\"potentialAction\":[{\"@type\":\"ReadAction\",\"target\":[\"https:\\\/\\\/digital58.com.ve\\\/site\\\/2020\\\/07\\\/27\\\/despues-de-gastar-los-ahorros-de-su-vida-los-peruanos-empiezan-de-cero\\\/\"]}]},{\"@type\":\"ImageObject\",\"inLanguage\":\"es\",\"@id\":\"https:\\\/\\\/digital58.com.ve\\\/site\\\/2020\\\/07\\\/27\\\/despues-de-gastar-los-ahorros-de-su-vida-los-peruanos-empiezan-de-cero\\\/#primaryimage\",\"url\":\"https:\\\/\\\/digital58.com.ve\\\/site\\\/wp-content\\\/uploads\\\/2020\\\/07\\\/peruanos-2.jpg\",\"contentUrl\":\"https:\\\/\\\/digital58.com.ve\\\/site\\\/wp-content\\\/uploads\\\/2020\\\/07\\\/peruanos-2.jpg\",\"width\":800,\"height\":533},{\"@type\":\"BreadcrumbList\",\"@id\":\"https:\\\/\\\/digital58.com.ve\\\/site\\\/2020\\\/07\\\/27\\\/despues-de-gastar-los-ahorros-de-su-vida-los-peruanos-empiezan-de-cero\\\/#breadcrumb\",\"itemListElement\":[{\"@type\":\"ListItem\",\"position\":1,\"name\":\"Home\",\"item\":\"https:\\\/\\\/digital58.com.ve\\\/site\\\/\"},{\"@type\":\"ListItem\",\"position\":2,\"name\":\"Despu\u00e9s de gastar los ahorros de su vida, los peruanos empiezan de cero\"}]},{\"@type\":\"WebSite\",\"@id\":\"https:\\\/\\\/digital58.com.ve\\\/site\\\/#website\",\"url\":\"https:\\\/\\\/digital58.com.ve\\\/site\\\/\",\"name\":\"Noticias Digital58\",\"description\":\"Portal de Noticias \u00a1Periodismo web de verdad! Lanzamiento web 22.11.2005 \\\/ Maracaibo, Venezuela\",\"publisher\":{\"@id\":\"https:\\\/\\\/digital58.com.ve\\\/site\\\/#\\\/schema\\\/person\\\/64d1c2e4d0d4fd1b849980c4331c2951\"},\"alternateName\":\"ND58\",\"potentialAction\":[{\"@type\":\"SearchAction\",\"target\":{\"@type\":\"EntryPoint\",\"urlTemplate\":\"https:\\\/\\\/digital58.com.ve\\\/site\\\/?s={search_term_string}\"},\"query-input\":{\"@type\":\"PropertyValueSpecification\",\"valueRequired\":true,\"valueName\":\"search_term_string\"}}],\"inLanguage\":\"es\"},{\"@type\":[\"Person\",\"Organization\"],\"@id\":\"https:\\\/\\\/digital58.com.ve\\\/site\\\/#\\\/schema\\\/person\\\/64d1c2e4d0d4fd1b849980c4331c2951\",\"name\":\"Villasmil Henry\",\"image\":{\"@type\":\"ImageObject\",\"inLanguage\":\"es\",\"@id\":\"https:\\\/\\\/secure.gravatar.com\\\/avatar\\\/bb0c4a2fcb7970138239f7e404ea75757b1b507b28b5ce4c53fbd62d797c5a7c?s=96&d=mm&r=g\",\"url\":\"https:\\\/\\\/secure.gravatar.com\\\/avatar\\\/bb0c4a2fcb7970138239f7e404ea75757b1b507b28b5ce4c53fbd62d797c5a7c?s=96&d=mm&r=g\",\"contentUrl\":\"https:\\\/\\\/secure.gravatar.com\\\/avatar\\\/bb0c4a2fcb7970138239f7e404ea75757b1b507b28b5ce4c53fbd62d797c5a7c?s=96&d=mm&r=g\",\"caption\":\"Villasmil Henry\"},\"logo\":{\"@id\":\"https:\\\/\\\/secure.gravatar.com\\\/avatar\\\/bb0c4a2fcb7970138239f7e404ea75757b1b507b28b5ce4c53fbd62d797c5a7c?s=96&d=mm&r=g\"},\"sameAs\":[\"http:\\\/\\\/www.henryvillasmil.com.ve\",\"https:\\\/\\\/www.instagram.com\\\/villasmilhfoto\\\/\",\"https:\\\/\\\/x.com\\\/https:\\\/\\\/twitter.com\\\/villasmilhfoto\"],\"url\":\"https:\\\/\\\/digital58.com.ve\\\/site\\\/author\\\/droopy_68\\\/\"}]}<\/script>\n<!-- \/ Yoast SEO plugin. -->","yoast_head_json":{"title":"Despu\u00e9s de gastar los ahorros de su vida, los peruanos empiezan de cero","description":"Mundo","robots":{"index":"index","follow":"follow","max-snippet":"max-snippet:-1","max-image-preview":"max-image-preview:large","max-video-preview":"max-video-preview:-1"},"canonical":"https:\/\/digital58.com.ve\/site\/2020\/07\/27\/despues-de-gastar-los-ahorros-de-su-vida-los-peruanos-empiezan-de-cero\/","og_locale":"es_ES","og_type":"article","og_title":"Despu\u00e9s de gastar los ahorros de su vida, los peruanos empiezan de cero","og_description":"Mundo","og_url":"https:\/\/digital58.com.ve\/site\/2020\/07\/27\/despues-de-gastar-los-ahorros-de-su-vida-los-peruanos-empiezan-de-cero\/","og_site_name":"Noticias Digital58","article_published_time":"2020-07-28T01:13:12+00:00","og_image":[{"width":900,"height":600,"url":"https:\/\/digital58.com.ve\/site\/wp-content\/uploads\/2020\/07\/peruanos-2.jpg","type":"image\/jpeg"}],"author":"Villasmil Henry","twitter_card":"summary_large_image","twitter_creator":"@https:\/\/twitter.com\/villasmilhfoto","twitter_site":"@villasmilhfoto","twitter_misc":{"Escrito por":"Villasmil Henry","Tiempo estimado de lectura":"6 minutos"},"schema":{"@context":"https:\/\/schema.org","@graph":[{"@type":"Article","@id":"https:\/\/digital58.com.ve\/site\/2020\/07\/27\/despues-de-gastar-los-ahorros-de-su-vida-los-peruanos-empiezan-de-cero\/#article","isPartOf":{"@id":"https:\/\/digital58.com.ve\/site\/2020\/07\/27\/despues-de-gastar-los-ahorros-de-su-vida-los-peruanos-empiezan-de-cero\/"},"author":{"name":"Villasmil Henry","@id":"https:\/\/digital58.com.ve\/site\/#\/schema\/person\/64d1c2e4d0d4fd1b849980c4331c2951"},"headline":"Despu\u00e9s de gastar los ahorros de su vida, los peruanos empiezan de cero","datePublished":"2020-07-28T01:13:12+00:00","mainEntityOfPage":{"@id":"https:\/\/digital58.com.ve\/site\/2020\/07\/27\/despues-de-gastar-los-ahorros-de-su-vida-los-peruanos-empiezan-de-cero\/"},"wordCount":1301,"commentCount":0,"publisher":{"@id":"https:\/\/digital58.com.ve\/site\/#\/schema\/person\/64d1c2e4d0d4fd1b849980c4331c2951"},"image":{"@id":"https:\/\/digital58.com.ve\/site\/2020\/07\/27\/despues-de-gastar-los-ahorros-de-su-vida-los-peruanos-empiezan-de-cero\/#primaryimage"},"thumbnailUrl":"https:\/\/digital58.com.ve\/site\/wp-content\/uploads\/2020\/07\/peruanos-2.jpg","keywords":["Coronavirus","COVID-19","Internacionales","Mart\u00edn Vizcarra","Pandemia","Per\u00fa"],"articleSection":["Mundo"],"inLanguage":"es","potentialAction":[{"@type":"CommentAction","name":"Comment","target":["https:\/\/digital58.com.ve\/site\/2020\/07\/27\/despues-de-gastar-los-ahorros-de-su-vida-los-peruanos-empiezan-de-cero\/#respond"]}]},{"@type":"WebPage","@id":"https:\/\/digital58.com.ve\/site\/2020\/07\/27\/despues-de-gastar-los-ahorros-de-su-vida-los-peruanos-empiezan-de-cero\/","url":"https:\/\/digital58.com.ve\/site\/2020\/07\/27\/despues-de-gastar-los-ahorros-de-su-vida-los-peruanos-empiezan-de-cero\/","name":"Despu\u00e9s de gastar los ahorros de su vida, los peruanos empiezan de cero","isPartOf":{"@id":"https:\/\/digital58.com.ve\/site\/#website"},"primaryImageOfPage":{"@id":"https:\/\/digital58.com.ve\/site\/2020\/07\/27\/despues-de-gastar-los-ahorros-de-su-vida-los-peruanos-empiezan-de-cero\/#primaryimage"},"image":{"@id":"https:\/\/digital58.com.ve\/site\/2020\/07\/27\/despues-de-gastar-los-ahorros-de-su-vida-los-peruanos-empiezan-de-cero\/#primaryimage"},"thumbnailUrl":"https:\/\/digital58.com.ve\/site\/wp-content\/uploads\/2020\/07\/peruanos-2.jpg","datePublished":"2020-07-28T01:13:12+00:00","description":"Mundo","breadcrumb":{"@id":"https:\/\/digital58.com.ve\/site\/2020\/07\/27\/despues-de-gastar-los-ahorros-de-su-vida-los-peruanos-empiezan-de-cero\/#breadcrumb"},"inLanguage":"es","potentialAction":[{"@type":"ReadAction","target":["https:\/\/digital58.com.ve\/site\/2020\/07\/27\/despues-de-gastar-los-ahorros-de-su-vida-los-peruanos-empiezan-de-cero\/"]}]},{"@type":"ImageObject","inLanguage":"es","@id":"https:\/\/digital58.com.ve\/site\/2020\/07\/27\/despues-de-gastar-los-ahorros-de-su-vida-los-peruanos-empiezan-de-cero\/#primaryimage","url":"https:\/\/digital58.com.ve\/site\/wp-content\/uploads\/2020\/07\/peruanos-2.jpg","contentUrl":"https:\/\/digital58.com.ve\/site\/wp-content\/uploads\/2020\/07\/peruanos-2.jpg","width":800,"height":533},{"@type":"BreadcrumbList","@id":"https:\/\/digital58.com.ve\/site\/2020\/07\/27\/despues-de-gastar-los-ahorros-de-su-vida-los-peruanos-empiezan-de-cero\/#breadcrumb","itemListElement":[{"@type":"ListItem","position":1,"name":"Home","item":"https:\/\/digital58.com.ve\/site\/"},{"@type":"ListItem","position":2,"name":"Despu\u00e9s de gastar los ahorros de su vida, los peruanos empiezan de cero"}]},{"@type":"WebSite","@id":"https:\/\/digital58.com.ve\/site\/#website","url":"https:\/\/digital58.com.ve\/site\/","name":"Noticias Digital58","description":"Portal de Noticias \u00a1Periodismo web de verdad! Lanzamiento web 22.11.2005 \/ Maracaibo, Venezuela","publisher":{"@id":"https:\/\/digital58.com.ve\/site\/#\/schema\/person\/64d1c2e4d0d4fd1b849980c4331c2951"},"alternateName":"ND58","potentialAction":[{"@type":"SearchAction","target":{"@type":"EntryPoint","urlTemplate":"https:\/\/digital58.com.ve\/site\/?s={search_term_string}"},"query-input":{"@type":"PropertyValueSpecification","valueRequired":true,"valueName":"search_term_string"}}],"inLanguage":"es"},{"@type":["Person","Organization"],"@id":"https:\/\/digital58.com.ve\/site\/#\/schema\/person\/64d1c2e4d0d4fd1b849980c4331c2951","name":"Villasmil Henry","image":{"@type":"ImageObject","inLanguage":"es","@id":"https:\/\/secure.gravatar.com\/avatar\/bb0c4a2fcb7970138239f7e404ea75757b1b507b28b5ce4c53fbd62d797c5a7c?s=96&d=mm&r=g","url":"https:\/\/secure.gravatar.com\/avatar\/bb0c4a2fcb7970138239f7e404ea75757b1b507b28b5ce4c53fbd62d797c5a7c?s=96&d=mm&r=g","contentUrl":"https:\/\/secure.gravatar.com\/avatar\/bb0c4a2fcb7970138239f7e404ea75757b1b507b28b5ce4c53fbd62d797c5a7c?s=96&d=mm&r=g","caption":"Villasmil Henry"},"logo":{"@id":"https:\/\/secure.gravatar.com\/avatar\/bb0c4a2fcb7970138239f7e404ea75757b1b507b28b5ce4c53fbd62d797c5a7c?s=96&d=mm&r=g"},"sameAs":["http:\/\/www.henryvillasmil.com.ve","https:\/\/www.instagram.com\/villasmilhfoto\/","https:\/\/x.com\/https:\/\/twitter.com\/villasmilhfoto"],"url":"https:\/\/digital58.com.ve\/site\/author\/droopy_68\/"}]}},"uagb_featured_image_src":{"full":["https:\/\/digital58.com.ve\/site\/wp-content\/uploads\/2020\/07\/peruanos-2.jpg",800,533,false],"thumbnail":["https:\/\/digital58.com.ve\/site\/wp-content\/uploads\/2020\/07\/peruanos-2-150x150.jpg",150,150,true],"medium":["https:\/\/digital58.com.ve\/site\/wp-content\/uploads\/2020\/07\/peruanos-2-300x200.jpg",300,200,true],"medium_large":["https:\/\/digital58.com.ve\/site\/wp-content\/uploads\/2020\/07\/peruanos-2-768x512.jpg",768,512,true],"large":["https:\/\/digital58.com.ve\/site\/wp-content\/uploads\/2020\/07\/peruanos-2.jpg",800,533,false],"1536x1536":["https:\/\/digital58.com.ve\/site\/wp-content\/uploads\/2020\/07\/peruanos-2.jpg",800,533,false],"2048x2048":["https:\/\/digital58.com.ve\/site\/wp-content\/uploads\/2020\/07\/peruanos-2.jpg",800,533,false],"colormag-highlighted-post":["https:\/\/digital58.com.ve\/site\/wp-content\/uploads\/2020\/07\/peruanos-2.jpg",392,261,false],"colormag-featured-post-medium":["https:\/\/digital58.com.ve\/site\/wp-content\/uploads\/2020\/07\/peruanos-2.jpg",308,205,false],"colormag-featured-post-small":["https:\/\/digital58.com.ve\/site\/wp-content\/uploads\/2020\/07\/peruanos-2.jpg",130,87,false],"colormag-featured-image":["https:\/\/digital58.com.ve\/site\/wp-content\/uploads\/2020\/07\/peruanos-2.jpg",668,445,false],"colormag-default-news":["https:\/\/digital58.com.ve\/site\/wp-content\/uploads\/2020\/07\/peruanos-2.jpg",150,100,false],"colormag-featured-image-large":["https:\/\/digital58.com.ve\/site\/wp-content\/uploads\/2020\/07\/peruanos-2.jpg",800,533,false]},"uagb_author_info":{"display_name":"Villasmil Henry","author_link":"https:\/\/digital58.com.ve\/site\/author\/droopy_68\/"},"uagb_comment_info":0,"uagb_excerpt":"El virus ha contagiado a m\u00e1s de 375.000 personas en Per\u00fa y ha causado oficialmente la muerte de m\u00e1s de","_links":{"self":[{"href":"https:\/\/digital58.com.ve\/site\/wp-json\/wp\/v2\/posts\/118122","targetHints":{"allow":["GET"]}}],"collection":[{"href":"https:\/\/digital58.com.ve\/site\/wp-json\/wp\/v2\/posts"}],"about":[{"href":"https:\/\/digital58.com.ve\/site\/wp-json\/wp\/v2\/types\/post"}],"author":[{"embeddable":true,"href":"https:\/\/digital58.com.ve\/site\/wp-json\/wp\/v2\/users\/1"}],"replies":[{"embeddable":true,"href":"https:\/\/digital58.com.ve\/site\/wp-json\/wp\/v2\/comments?post=118122"}],"version-history":[{"count":0,"href":"https:\/\/digital58.com.ve\/site\/wp-json\/wp\/v2\/posts\/118122\/revisions"}],"wp:featuredmedia":[{"embeddable":true,"href":"https:\/\/digital58.com.ve\/site\/wp-json\/wp\/v2\/media\/118126"}],"wp:attachment":[{"href":"https:\/\/digital58.com.ve\/site\/wp-json\/wp\/v2\/media?parent=118122"}],"wp:term":[{"taxonomy":"category","embeddable":true,"href":"https:\/\/digital58.com.ve\/site\/wp-json\/wp\/v2\/categories?post=118122"},{"taxonomy":"post_tag","embeddable":true,"href":"https:\/\/digital58.com.ve\/site\/wp-json\/wp\/v2\/tags?post=118122"}],"curies":[{"name":"wp","href":"https:\/\/api.w.org\/{rel}","templated":true}]}}