{"id":118199,"date":"2020-07-28T21:58:19","date_gmt":"2020-07-29T01:58:19","guid":{"rendered":"https:\/\/digital58.com.ve\/site\/?p=118199"},"modified":"2020-07-28T21:58:19","modified_gmt":"2020-07-29T01:58:19","slug":"investigan-a-ellen-degeneres-por-irregularidades-laborales","status":"publish","type":"post","link":"https:\/\/digital58.com.ve\/site\/2020\/07\/28\/investigan-a-ellen-degeneres-por-irregularidades-laborales\/","title":{"rendered":"Investigan a Ellen DeGeneres, por irregularidades laborales"},"content":{"rendered":"\r\n<p><img loading=\"lazy\" decoding=\"async\" class=\"size-full wp-image-118202 aligncenter\" src=\"https:\/\/digital58.com.ve\/site\/wp-content\/uploads\/2020\/07\/5e13c437a0b19.jpeg\" alt=\"\" width=\"640\" height=\"428\" srcset=\"https:\/\/digital58.com.ve\/site\/wp-content\/uploads\/2020\/07\/5e13c437a0b19.jpeg 640w, https:\/\/digital58.com.ve\/site\/wp-content\/uploads\/2020\/07\/5e13c437a0b19-300x201.jpeg 300w, https:\/\/digital58.com.ve\/site\/wp-content\/uploads\/2020\/07\/5e13c437a0b19-480x320.jpeg 480w\" sizes=\"auto, (max-width: 640px) 100vw, 640px\" \/><\/p>\r\n<p>Actualmente su emisi\u00f3n televisiva cuenta con m\u00e1s de 2,5 millones de espectadores.<br \/><br \/><strong>Internacionales, 28 de julio de 2020 (ND58).-<\/strong> La empresa WarnerMedia, contrat\u00f3 a los servicios de una investigaci\u00f3n independientes, sobre el programa \u00abThe Ellen DeGeneres Show\u00bb, luego de salir a la luz varios testimonios que denuncian una cultura laboral \u00abtoxica\u00bb, acos\u00f3 profesional y racismo en el equipo de trabajo.<br \/><br \/>El programa televisivo estilo revista, conducido por el comediante, actriz y presentadora de televisi\u00f3n Ellen DeGeneres, desde 2003 es uno de los programas las exitosos en todo Estados Unidos, adem\u00e1s de ser visto en varias partes del mundo. <br \/><br \/>Sin embargo la denuncia fue publicada en exclusiva para el medio Variety, publicada este lunes, luego que la prensa afirmar\u00e1 que varios empleados del programa han recibido un comunicado que informa que se llevar\u00e1n acab\u00f3 una serie de entrevistas al personal de trabajo, formando para de una investigaci\u00f3n independiente.<br \/><br \/>Esta noticia llega poco despu\u00e9s, que el diario digital BuzzFeed, publicar\u00e1 un reportaje donde antiguos trabajadores del programa tildar\u00e1n al equipo laboral de \u00abracista\u00bb y \u00abcultura de trabajo t\u00f3xica\u00bb.<br \/><br \/>En el reportaje se abordaron diferentes declaraciones de los anteriores trabajadores, donde resaltaban comentarios negativos, donde los empleados del show no pod\u00edan tomar d\u00edas libres por problemas m\u00e9dicos o familiares, entre otras situaciones. <br \/><br \/>En otro comunicado los productores tambi\u00e9n alegaron que \u00abla responsabilidad del d\u00eda a d\u00eda del<em> show<\/em> de Ellen depende completamente\u00bb de ellos.<br \/><br \/>\u00abNos tomamos todo esto muy en serio y nos damos cuenta, como muchas otras personas en el mundo, de que tenemos que hacerlo mejor, estamos comprometidos a hacerlo mejor y lo haremos mejor\u00bb, agregaron.<br \/><br \/>Anteriormente este programa televisivo ya ha sido criticado, por las personas pertenecientes al grupo de trabajo de DeGeneres, quien a pesar de ser talentosa y famosa, ha recibido quejas de alguno de sus invitados por ser muy fr\u00eda y descort\u00e9s.<br \/><br \/>\u00ab<em>The Ellen DeGeneres Show<\/em>\u00bb ha sido transmitido desde el 2003, cuenta con una nominaci\u00f3n a los Emmy en 171 categor\u00edas, es uno de los m\u00e1s vistos en todo el pa\u00eds, m\u00e1s el alto nivel de popularidad que suma su contenido viral en YouTube y otras plataformas internacionales.<\/p><div class=\"jwclb69f700dc07a06\" ><p style=\"text-align: center;\"><a href=\"https:\/\/t.me\/noticiasdigital58\" target=\"_blank\" rel=\"noopener\"><img class=\"aligncenter size-full wp-image-125363\" src=\"https:\/\/digital58.com.ve\/site\/wp-content\/uploads\/2021\/04\/banner-telegram-web-2021.png\" alt=\"\" width=\"600\" height=\"90\" \/><\/a><\/p><\/div><style type=\"text\/css\">\r\n@media screen and (min-width: 1201px) {\r\n.jwclb69f700dc07a06 {\r\ndisplay: block;\r\n}\r\n}\r\n@media screen and (min-width: 993px) and (max-width: 1200px) {\r\n.jwclb69f700dc07a06 {\r\ndisplay: block;\r\n}\r\n}\r\n@media screen and (min-width: 769px) and (max-width: 992px) {\r\n.jwclb69f700dc07a06 {\r\ndisplay: block;\r\n}\r\n}\r\n@media screen and (min-width: 768px) and (max-width: 768px) {\r\n.jwclb69f700dc07a06 {\r\ndisplay: block;\r\n}\r\n}\r\n@media screen and (max-width: 767px) {\r\n.jwclb69f700dc07a06 {\r\ndisplay: block;\r\n}\r\n}\r\n<\/style>\r\n\r\n<p><img loading=\"lazy\" decoding=\"async\" class=\"size-full wp-image-118204 aligncenter\" src=\"https:\/\/digital58.com.ve\/site\/wp-content\/uploads\/2020\/07\/DeGeneres.jpg\" alt=\"\" width=\"700\" height=\"460\" srcset=\"https:\/\/digital58.com.ve\/site\/wp-content\/uploads\/2020\/07\/DeGeneres.jpg 700w, https:\/\/digital58.com.ve\/site\/wp-content\/uploads\/2020\/07\/DeGeneres-300x197.jpg 300w\" sizes=\"auto, (max-width: 700px) 100vw, 700px\" \/><br \/><br \/><strong>Redacci\u00f3n: Rubio, Laura Isabel (@lauraisabelrubio) | Fuente: EFE<\/strong><br \/><strong>Edici\u00f3n: Villasmil, Henry<\/strong><br \/><strong>Gr\u00e1ficas: Cortes\u00eda<\/strong><\/p>\r\n<div style=\"margin-top: 0px; margin-bottom: 0px;\" class=\"sharethis-inline-share-buttons\" ><\/div>","protected":false},"excerpt":{"rendered":"<p>Actualmente su emisi\u00f3n televisiva cuenta con m\u00e1s de 2,5 millones de espectadores. Internacionales, 28 de julio de 2020 (ND58).- La<\/p>\n","protected":false},"author":28,"featured_media":118202,"comment_status":"open","ping_status":"closed","sticky":false,"template":"","format":"standard","meta":{"colormag_page_container_layout":"default_layout","colormag_page_sidebar_layout":"default_layout","_uag_custom_page_level_css":"","footnotes":""},"categories":[1],"tags":[11423,1304,273,8,1937,18961,18962,652,5847,134],"class_list":["post-118199","post","type-post","status-publish","format-standard","has-post-thumbnail","hentry","category-fama","tag-ellen-degeneres-show","tag-estados-unidos","tag-farandula","tag-internacionales","tag-investigaciones","tag-magazine","tag-programa-televisivo","tag-show","tag-television","tag-tv"],"yoast_head":"<!-- This site is optimized with the Yoast SEO plugin v27.5 - https:\/\/yoast.com\/product\/yoast-seo-wordpress\/ -->\n<title>Investigan a Ellen DeGeneres, por irregularidades laborales<\/title>\n<meta name=\"description\" content=\"Fama\" \/>\n<meta name=\"robots\" content=\"index, follow, max-snippet:-1, max-image-preview:large, max-video-preview:-1\" \/>\n<link rel=\"canonical\" href=\"https:\/\/digital58.com.ve\/site\/2020\/07\/28\/investigan-a-ellen-degeneres-por-irregularidades-laborales\/\" \/>\n<meta property=\"og:locale\" content=\"es_ES\" \/>\n<meta property=\"og:type\" content=\"article\" \/>\n<meta property=\"og:title\" content=\"Investigan a Ellen DeGeneres, por irregularidades laborales\" \/>\n<meta property=\"og:description\" content=\"Fama\" \/>\n<meta property=\"og:url\" content=\"https:\/\/digital58.com.ve\/site\/2020\/07\/28\/investigan-a-ellen-degeneres-por-irregularidades-laborales\/\" \/>\n<meta property=\"og:site_name\" content=\"Noticias Digital58\" \/>\n<meta property=\"article:published_time\" content=\"2020-07-29T01:58:19+00:00\" \/>\n<meta property=\"og:image\" content=\"https:\/\/digital58.com.ve\/site\/wp-content\/uploads\/2020\/07\/5e13c437a0b19.jpeg\" \/>\n\t<meta property=\"og:image:width\" content=\"640\" \/>\n\t<meta property=\"og:image:height\" content=\"428\" \/>\n\t<meta property=\"og:image:type\" content=\"image\/jpeg\" \/>\n<meta name=\"author\" content=\"Rubio Laura Isabel\" \/>\n<meta name=\"twitter:card\" content=\"summary_large_image\" \/>\n<meta name=\"twitter:creator\" content=\"@Digital_58\" \/>\n<meta name=\"twitter:site\" content=\"@villasmilhfoto\" \/>\n<meta name=\"twitter:label1\" content=\"Escrito por\" \/>\n\t<meta name=\"twitter:data1\" content=\"Rubio Laura Isabel\" \/>\n\t<meta name=\"twitter:label2\" content=\"Tiempo estimado de lectura\" \/>\n\t<meta name=\"twitter:data2\" content=\"2 minutos\" \/>\n<script type=\"application\/ld+json\" class=\"yoast-schema-graph\">{\"@context\":\"https:\\\/\\\/schema.org\",\"@graph\":[{\"@type\":\"Article\",\"@id\":\"https:\\\/\\\/digital58.com.ve\\\/site\\\/2020\\\/07\\\/28\\\/investigan-a-ellen-degeneres-por-irregularidades-laborales\\\/#article\",\"isPartOf\":{\"@id\":\"https:\\\/\\\/digital58.com.ve\\\/site\\\/2020\\\/07\\\/28\\\/investigan-a-ellen-degeneres-por-irregularidades-laborales\\\/\"},\"author\":{\"name\":\"Rubio Laura Isabel\",\"@id\":\"https:\\\/\\\/digital58.com.ve\\\/site\\\/#\\\/schema\\\/person\\\/6672bab44ab958838204ebb2cb0e8d52\"},\"headline\":\"Investigan a Ellen DeGeneres, por irregularidades laborales\",\"datePublished\":\"2020-07-29T01:58:19+00:00\",\"mainEntityOfPage\":{\"@id\":\"https:\\\/\\\/digital58.com.ve\\\/site\\\/2020\\\/07\\\/28\\\/investigan-a-ellen-degeneres-por-irregularidades-laborales\\\/\"},\"wordCount\":393,\"commentCount\":0,\"publisher\":{\"@id\":\"https:\\\/\\\/digital58.com.ve\\\/site\\\/#\\\/schema\\\/person\\\/64d1c2e4d0d4fd1b849980c4331c2951\"},\"image\":{\"@id\":\"https:\\\/\\\/digital58.com.ve\\\/site\\\/2020\\\/07\\\/28\\\/investigan-a-ellen-degeneres-por-irregularidades-laborales\\\/#primaryimage\"},\"thumbnailUrl\":\"https:\\\/\\\/digital58.com.ve\\\/site\\\/wp-content\\\/uploads\\\/2020\\\/07\\\/5e13c437a0b19.jpeg\",\"keywords\":[\"Ellen DeGeneres Show\",\"Estados Unidos\",\"Far\u00e1ndula\",\"Internacionales\",\"Investigaciones\",\"Magazine\",\"Programa televisivo\",\"Show\",\"televisi\u00f3n\",\"TV\"],\"articleSection\":[\"Fama\"],\"inLanguage\":\"es\",\"potentialAction\":[{\"@type\":\"CommentAction\",\"name\":\"Comment\",\"target\":[\"https:\\\/\\\/digital58.com.ve\\\/site\\\/2020\\\/07\\\/28\\\/investigan-a-ellen-degeneres-por-irregularidades-laborales\\\/#respond\"]}]},{\"@type\":\"WebPage\",\"@id\":\"https:\\\/\\\/digital58.com.ve\\\/site\\\/2020\\\/07\\\/28\\\/investigan-a-ellen-degeneres-por-irregularidades-laborales\\\/\",\"url\":\"https:\\\/\\\/digital58.com.ve\\\/site\\\/2020\\\/07\\\/28\\\/investigan-a-ellen-degeneres-por-irregularidades-laborales\\\/\",\"name\":\"Investigan a Ellen DeGeneres, por irregularidades laborales\",\"isPartOf\":{\"@id\":\"https:\\\/\\\/digital58.com.ve\\\/site\\\/#website\"},\"primaryImageOfPage\":{\"@id\":\"https:\\\/\\\/digital58.com.ve\\\/site\\\/2020\\\/07\\\/28\\\/investigan-a-ellen-degeneres-por-irregularidades-laborales\\\/#primaryimage\"},\"image\":{\"@id\":\"https:\\\/\\\/digital58.com.ve\\\/site\\\/2020\\\/07\\\/28\\\/investigan-a-ellen-degeneres-por-irregularidades-laborales\\\/#primaryimage\"},\"thumbnailUrl\":\"https:\\\/\\\/digital58.com.ve\\\/site\\\/wp-content\\\/uploads\\\/2020\\\/07\\\/5e13c437a0b19.jpeg\",\"datePublished\":\"2020-07-29T01:58:19+00:00\",\"description\":\"Fama\",\"breadcrumb\":{\"@id\":\"https:\\\/\\\/digital58.com.ve\\\/site\\\/2020\\\/07\\\/28\\\/investigan-a-ellen-degeneres-por-irregularidades-laborales\\\/#breadcrumb\"},\"inLanguage\":\"es\",\"potentialAction\":[{\"@type\":\"ReadAction\",\"target\":[\"https:\\\/\\\/digital58.com.ve\\\/site\\\/2020\\\/07\\\/28\\\/investigan-a-ellen-degeneres-por-irregularidades-laborales\\\/\"]}]},{\"@type\":\"ImageObject\",\"inLanguage\":\"es\",\"@id\":\"https:\\\/\\\/digital58.com.ve\\\/site\\\/2020\\\/07\\\/28\\\/investigan-a-ellen-degeneres-por-irregularidades-laborales\\\/#primaryimage\",\"url\":\"https:\\\/\\\/digital58.com.ve\\\/site\\\/wp-content\\\/uploads\\\/2020\\\/07\\\/5e13c437a0b19.jpeg\",\"contentUrl\":\"https:\\\/\\\/digital58.com.ve\\\/site\\\/wp-content\\\/uploads\\\/2020\\\/07\\\/5e13c437a0b19.jpeg\",\"width\":640,\"height\":428},{\"@type\":\"BreadcrumbList\",\"@id\":\"https:\\\/\\\/digital58.com.ve\\\/site\\\/2020\\\/07\\\/28\\\/investigan-a-ellen-degeneres-por-irregularidades-laborales\\\/#breadcrumb\",\"itemListElement\":[{\"@type\":\"ListItem\",\"position\":1,\"name\":\"Home\",\"item\":\"https:\\\/\\\/digital58.com.ve\\\/site\\\/\"},{\"@type\":\"ListItem\",\"position\":2,\"name\":\"Investigan a Ellen DeGeneres, por irregularidades laborales\"}]},{\"@type\":\"WebSite\",\"@id\":\"https:\\\/\\\/digital58.com.ve\\\/site\\\/#website\",\"url\":\"https:\\\/\\\/digital58.com.ve\\\/site\\\/\",\"name\":\"Noticias Digital58\",\"description\":\"Portal de Noticias \u00a1Periodismo web de verdad! Lanzamiento web 22.11.2005 \\\/ Maracaibo, Venezuela\",\"publisher\":{\"@id\":\"https:\\\/\\\/digital58.com.ve\\\/site\\\/#\\\/schema\\\/person\\\/64d1c2e4d0d4fd1b849980c4331c2951\"},\"alternateName\":\"ND58\",\"potentialAction\":[{\"@type\":\"SearchAction\",\"target\":{\"@type\":\"EntryPoint\",\"urlTemplate\":\"https:\\\/\\\/digital58.com.ve\\\/site\\\/?s={search_term_string}\"},\"query-input\":{\"@type\":\"PropertyValueSpecification\",\"valueRequired\":true,\"valueName\":\"search_term_string\"}}],\"inLanguage\":\"es\"},{\"@type\":[\"Person\",\"Organization\"],\"@id\":\"https:\\\/\\\/digital58.com.ve\\\/site\\\/#\\\/schema\\\/person\\\/64d1c2e4d0d4fd1b849980c4331c2951\",\"name\":\"Villasmil Henry\",\"image\":{\"@type\":\"ImageObject\",\"inLanguage\":\"es\",\"@id\":\"https:\\\/\\\/secure.gravatar.com\\\/avatar\\\/bb0c4a2fcb7970138239f7e404ea75757b1b507b28b5ce4c53fbd62d797c5a7c?s=96&d=mm&r=g\",\"url\":\"https:\\\/\\\/secure.gravatar.com\\\/avatar\\\/bb0c4a2fcb7970138239f7e404ea75757b1b507b28b5ce4c53fbd62d797c5a7c?s=96&d=mm&r=g\",\"contentUrl\":\"https:\\\/\\\/secure.gravatar.com\\\/avatar\\\/bb0c4a2fcb7970138239f7e404ea75757b1b507b28b5ce4c53fbd62d797c5a7c?s=96&d=mm&r=g\",\"caption\":\"Villasmil Henry\"},\"logo\":{\"@id\":\"https:\\\/\\\/secure.gravatar.com\\\/avatar\\\/bb0c4a2fcb7970138239f7e404ea75757b1b507b28b5ce4c53fbd62d797c5a7c?s=96&d=mm&r=g\"},\"sameAs\":[\"http:\\\/\\\/www.henryvillasmil.com.ve\",\"https:\\\/\\\/www.instagram.com\\\/villasmilhfoto\\\/\",\"https:\\\/\\\/x.com\\\/https:\\\/\\\/twitter.com\\\/villasmilhfoto\"]},{\"@type\":\"Person\",\"@id\":\"https:\\\/\\\/digital58.com.ve\\\/site\\\/#\\\/schema\\\/person\\\/6672bab44ab958838204ebb2cb0e8d52\",\"name\":\"Rubio Laura Isabel\",\"image\":{\"@type\":\"ImageObject\",\"inLanguage\":\"es\",\"@id\":\"https:\\\/\\\/secure.gravatar.com\\\/avatar\\\/f7cc56b26fb0562df4488ff129a58c3c1a1bd264c9af5f313a9b1797fff1cfb9?s=96&d=mm&r=g\",\"url\":\"https:\\\/\\\/secure.gravatar.com\\\/avatar\\\/f7cc56b26fb0562df4488ff129a58c3c1a1bd264c9af5f313a9b1797fff1cfb9?s=96&d=mm&r=g\",\"contentUrl\":\"https:\\\/\\\/secure.gravatar.com\\\/avatar\\\/f7cc56b26fb0562df4488ff129a58c3c1a1bd264c9af5f313a9b1797fff1cfb9?s=96&d=mm&r=g\",\"caption\":\"Rubio Laura Isabel\"},\"url\":\"https:\\\/\\\/digital58.com.ve\\\/site\\\/author\\\/laurarubio\\\/\"}]}<\/script>\n<!-- \/ Yoast SEO plugin. -->","yoast_head_json":{"title":"Investigan a Ellen DeGeneres, por irregularidades laborales","description":"Fama","robots":{"index":"index","follow":"follow","max-snippet":"max-snippet:-1","max-image-preview":"max-image-preview:large","max-video-preview":"max-video-preview:-1"},"canonical":"https:\/\/digital58.com.ve\/site\/2020\/07\/28\/investigan-a-ellen-degeneres-por-irregularidades-laborales\/","og_locale":"es_ES","og_type":"article","og_title":"Investigan a Ellen DeGeneres, por irregularidades laborales","og_description":"Fama","og_url":"https:\/\/digital58.com.ve\/site\/2020\/07\/28\/investigan-a-ellen-degeneres-por-irregularidades-laborales\/","og_site_name":"Noticias Digital58","article_published_time":"2020-07-29T01:58:19+00:00","og_image":[{"width":640,"height":428,"url":"https:\/\/digital58.com.ve\/site\/wp-content\/uploads\/2020\/07\/5e13c437a0b19.jpeg","type":"image\/jpeg"}],"author":"Rubio Laura Isabel","twitter_card":"summary_large_image","twitter_creator":"@Digital_58","twitter_site":"@villasmilhfoto","twitter_misc":{"Escrito por":"Rubio Laura Isabel","Tiempo estimado de lectura":"2 minutos"},"schema":{"@context":"https:\/\/schema.org","@graph":[{"@type":"Article","@id":"https:\/\/digital58.com.ve\/site\/2020\/07\/28\/investigan-a-ellen-degeneres-por-irregularidades-laborales\/#article","isPartOf":{"@id":"https:\/\/digital58.com.ve\/site\/2020\/07\/28\/investigan-a-ellen-degeneres-por-irregularidades-laborales\/"},"author":{"name":"Rubio Laura Isabel","@id":"https:\/\/digital58.com.ve\/site\/#\/schema\/person\/6672bab44ab958838204ebb2cb0e8d52"},"headline":"Investigan a Ellen DeGeneres, por irregularidades laborales","datePublished":"2020-07-29T01:58:19+00:00","mainEntityOfPage":{"@id":"https:\/\/digital58.com.ve\/site\/2020\/07\/28\/investigan-a-ellen-degeneres-por-irregularidades-laborales\/"},"wordCount":393,"commentCount":0,"publisher":{"@id":"https:\/\/digital58.com.ve\/site\/#\/schema\/person\/64d1c2e4d0d4fd1b849980c4331c2951"},"image":{"@id":"https:\/\/digital58.com.ve\/site\/2020\/07\/28\/investigan-a-ellen-degeneres-por-irregularidades-laborales\/#primaryimage"},"thumbnailUrl":"https:\/\/digital58.com.ve\/site\/wp-content\/uploads\/2020\/07\/5e13c437a0b19.jpeg","keywords":["Ellen DeGeneres Show","Estados Unidos","Far\u00e1ndula","Internacionales","Investigaciones","Magazine","Programa televisivo","Show","televisi\u00f3n","TV"],"articleSection":["Fama"],"inLanguage":"es","potentialAction":[{"@type":"CommentAction","name":"Comment","target":["https:\/\/digital58.com.ve\/site\/2020\/07\/28\/investigan-a-ellen-degeneres-por-irregularidades-laborales\/#respond"]}]},{"@type":"WebPage","@id":"https:\/\/digital58.com.ve\/site\/2020\/07\/28\/investigan-a-ellen-degeneres-por-irregularidades-laborales\/","url":"https:\/\/digital58.com.ve\/site\/2020\/07\/28\/investigan-a-ellen-degeneres-por-irregularidades-laborales\/","name":"Investigan a Ellen DeGeneres, por irregularidades laborales","isPartOf":{"@id":"https:\/\/digital58.com.ve\/site\/#website"},"primaryImageOfPage":{"@id":"https:\/\/digital58.com.ve\/site\/2020\/07\/28\/investigan-a-ellen-degeneres-por-irregularidades-laborales\/#primaryimage"},"image":{"@id":"https:\/\/digital58.com.ve\/site\/2020\/07\/28\/investigan-a-ellen-degeneres-por-irregularidades-laborales\/#primaryimage"},"thumbnailUrl":"https:\/\/digital58.com.ve\/site\/wp-content\/uploads\/2020\/07\/5e13c437a0b19.jpeg","datePublished":"2020-07-29T01:58:19+00:00","description":"Fama","breadcrumb":{"@id":"https:\/\/digital58.com.ve\/site\/2020\/07\/28\/investigan-a-ellen-degeneres-por-irregularidades-laborales\/#breadcrumb"},"inLanguage":"es","potentialAction":[{"@type":"ReadAction","target":["https:\/\/digital58.com.ve\/site\/2020\/07\/28\/investigan-a-ellen-degeneres-por-irregularidades-laborales\/"]}]},{"@type":"ImageObject","inLanguage":"es","@id":"https:\/\/digital58.com.ve\/site\/2020\/07\/28\/investigan-a-ellen-degeneres-por-irregularidades-laborales\/#primaryimage","url":"https:\/\/digital58.com.ve\/site\/wp-content\/uploads\/2020\/07\/5e13c437a0b19.jpeg","contentUrl":"https:\/\/digital58.com.ve\/site\/wp-content\/uploads\/2020\/07\/5e13c437a0b19.jpeg","width":640,"height":428},{"@type":"BreadcrumbList","@id":"https:\/\/digital58.com.ve\/site\/2020\/07\/28\/investigan-a-ellen-degeneres-por-irregularidades-laborales\/#breadcrumb","itemListElement":[{"@type":"ListItem","position":1,"name":"Home","item":"https:\/\/digital58.com.ve\/site\/"},{"@type":"ListItem","position":2,"name":"Investigan a Ellen DeGeneres, por irregularidades laborales"}]},{"@type":"WebSite","@id":"https:\/\/digital58.com.ve\/site\/#website","url":"https:\/\/digital58.com.ve\/site\/","name":"Noticias Digital58","description":"Portal de Noticias \u00a1Periodismo web de verdad! Lanzamiento web 22.11.2005 \/ Maracaibo, Venezuela","publisher":{"@id":"https:\/\/digital58.com.ve\/site\/#\/schema\/person\/64d1c2e4d0d4fd1b849980c4331c2951"},"alternateName":"ND58","potentialAction":[{"@type":"SearchAction","target":{"@type":"EntryPoint","urlTemplate":"https:\/\/digital58.com.ve\/site\/?s={search_term_string}"},"query-input":{"@type":"PropertyValueSpecification","valueRequired":true,"valueName":"search_term_string"}}],"inLanguage":"es"},{"@type":["Person","Organization"],"@id":"https:\/\/digital58.com.ve\/site\/#\/schema\/person\/64d1c2e4d0d4fd1b849980c4331c2951","name":"Villasmil Henry","image":{"@type":"ImageObject","inLanguage":"es","@id":"https:\/\/secure.gravatar.com\/avatar\/bb0c4a2fcb7970138239f7e404ea75757b1b507b28b5ce4c53fbd62d797c5a7c?s=96&d=mm&r=g","url":"https:\/\/secure.gravatar.com\/avatar\/bb0c4a2fcb7970138239f7e404ea75757b1b507b28b5ce4c53fbd62d797c5a7c?s=96&d=mm&r=g","contentUrl":"https:\/\/secure.gravatar.com\/avatar\/bb0c4a2fcb7970138239f7e404ea75757b1b507b28b5ce4c53fbd62d797c5a7c?s=96&d=mm&r=g","caption":"Villasmil Henry"},"logo":{"@id":"https:\/\/secure.gravatar.com\/avatar\/bb0c4a2fcb7970138239f7e404ea75757b1b507b28b5ce4c53fbd62d797c5a7c?s=96&d=mm&r=g"},"sameAs":["http:\/\/www.henryvillasmil.com.ve","https:\/\/www.instagram.com\/villasmilhfoto\/","https:\/\/x.com\/https:\/\/twitter.com\/villasmilhfoto"]},{"@type":"Person","@id":"https:\/\/digital58.com.ve\/site\/#\/schema\/person\/6672bab44ab958838204ebb2cb0e8d52","name":"Rubio Laura Isabel","image":{"@type":"ImageObject","inLanguage":"es","@id":"https:\/\/secure.gravatar.com\/avatar\/f7cc56b26fb0562df4488ff129a58c3c1a1bd264c9af5f313a9b1797fff1cfb9?s=96&d=mm&r=g","url":"https:\/\/secure.gravatar.com\/avatar\/f7cc56b26fb0562df4488ff129a58c3c1a1bd264c9af5f313a9b1797fff1cfb9?s=96&d=mm&r=g","contentUrl":"https:\/\/secure.gravatar.com\/avatar\/f7cc56b26fb0562df4488ff129a58c3c1a1bd264c9af5f313a9b1797fff1cfb9?s=96&d=mm&r=g","caption":"Rubio Laura Isabel"},"url":"https:\/\/digital58.com.ve\/site\/author\/laurarubio\/"}]}},"uagb_featured_image_src":{"full":["https:\/\/digital58.com.ve\/site\/wp-content\/uploads\/2020\/07\/5e13c437a0b19.jpeg",640,428,false],"thumbnail":["https:\/\/digital58.com.ve\/site\/wp-content\/uploads\/2020\/07\/5e13c437a0b19-150x150.jpeg",150,150,true],"medium":["https:\/\/digital58.com.ve\/site\/wp-content\/uploads\/2020\/07\/5e13c437a0b19-300x201.jpeg",300,201,true],"medium_large":["https:\/\/digital58.com.ve\/site\/wp-content\/uploads\/2020\/07\/5e13c437a0b19.jpeg",640,428,false],"large":["https:\/\/digital58.com.ve\/site\/wp-content\/uploads\/2020\/07\/5e13c437a0b19.jpeg",640,428,false],"1536x1536":["https:\/\/digital58.com.ve\/site\/wp-content\/uploads\/2020\/07\/5e13c437a0b19.jpeg",640,428,false],"2048x2048":["https:\/\/digital58.com.ve\/site\/wp-content\/uploads\/2020\/07\/5e13c437a0b19.jpeg",640,428,false],"colormag-highlighted-post":["https:\/\/digital58.com.ve\/site\/wp-content\/uploads\/2020\/07\/5e13c437a0b19.jpeg",392,262,false],"colormag-featured-post-medium":["https:\/\/digital58.com.ve\/site\/wp-content\/uploads\/2020\/07\/5e13c437a0b19.jpeg",307,205,false],"colormag-featured-post-small":["https:\/\/digital58.com.ve\/site\/wp-content\/uploads\/2020\/07\/5e13c437a0b19.jpeg",130,87,false],"colormag-featured-image":["https:\/\/digital58.com.ve\/site\/wp-content\/uploads\/2020\/07\/5e13c437a0b19.jpeg",640,428,false],"colormag-default-news":["https:\/\/digital58.com.ve\/site\/wp-content\/uploads\/2020\/07\/5e13c437a0b19.jpeg",150,100,false],"colormag-featured-image-large":["https:\/\/digital58.com.ve\/site\/wp-content\/uploads\/2020\/07\/5e13c437a0b19.jpeg",640,428,false]},"uagb_author_info":{"display_name":"Rubio Laura Isabel","author_link":"https:\/\/digital58.com.ve\/site\/author\/laurarubio\/"},"uagb_comment_info":0,"uagb_excerpt":"Actualmente su emisi\u00f3n televisiva cuenta con m\u00e1s de 2,5 millones de espectadores. Internacionales, 28 de julio de 2020 (ND58).- La","_links":{"self":[{"href":"https:\/\/digital58.com.ve\/site\/wp-json\/wp\/v2\/posts\/118199","targetHints":{"allow":["GET"]}}],"collection":[{"href":"https:\/\/digital58.com.ve\/site\/wp-json\/wp\/v2\/posts"}],"about":[{"href":"https:\/\/digital58.com.ve\/site\/wp-json\/wp\/v2\/types\/post"}],"author":[{"embeddable":true,"href":"https:\/\/digital58.com.ve\/site\/wp-json\/wp\/v2\/users\/28"}],"replies":[{"embeddable":true,"href":"https:\/\/digital58.com.ve\/site\/wp-json\/wp\/v2\/comments?post=118199"}],"version-history":[{"count":0,"href":"https:\/\/digital58.com.ve\/site\/wp-json\/wp\/v2\/posts\/118199\/revisions"}],"wp:featuredmedia":[{"embeddable":true,"href":"https:\/\/digital58.com.ve\/site\/wp-json\/wp\/v2\/media\/118202"}],"wp:attachment":[{"href":"https:\/\/digital58.com.ve\/site\/wp-json\/wp\/v2\/media?parent=118199"}],"wp:term":[{"taxonomy":"category","embeddable":true,"href":"https:\/\/digital58.com.ve\/site\/wp-json\/wp\/v2\/categories?post=118199"},{"taxonomy":"post_tag","embeddable":true,"href":"https:\/\/digital58.com.ve\/site\/wp-json\/wp\/v2\/tags?post=118199"}],"curies":[{"name":"wp","href":"https:\/\/api.w.org\/{rel}","templated":true}]}}