{"id":118242,"date":"2020-07-28T17:29:58","date_gmt":"2020-07-28T21:29:58","guid":{"rendered":"https:\/\/digital58.com.ve\/site\/?p=118242"},"modified":"2020-07-28T17:29:58","modified_gmt":"2020-07-28T21:29:58","slug":"rehabilitado-alumbrado-publico-del-centro-historico-de-barquisimeto","status":"publish","type":"post","link":"https:\/\/digital58.com.ve\/site\/2020\/07\/28\/rehabilitado-alumbrado-publico-del-centro-historico-de-barquisimeto\/","title":{"rendered":"Rehabilitado alumbrado p\u00fablico del centro hist\u00f3rico de Barquisimeto"},"content":{"rendered":"<p><img loading=\"lazy\" decoding=\"async\" class=\"size-full wp-image-118243 aligncenter\" src=\"https:\/\/digital58.com.ve\/site\/wp-content\/uploads\/2020\/07\/alumbrado-p\u00fablico-en-el-centro-hist\u00f3rico-de-Barquisimeto.jpeg\" alt=\"\" width=\"700\" height=\"561\" srcset=\"https:\/\/digital58.com.ve\/site\/wp-content\/uploads\/2020\/07\/alumbrado-p\u00fablico-en-el-centro-hist\u00f3rico-de-Barquisimeto.jpeg 700w, https:\/\/digital58.com.ve\/site\/wp-content\/uploads\/2020\/07\/alumbrado-p\u00fablico-en-el-centro-hist\u00f3rico-de-Barquisimeto-300x240.jpeg 300w\" sizes=\"auto, (max-width: 700px) 100vw, 700px\" \/><\/p>\n<p>Reyes Flores aclar\u00f3 que la calle 51 de Barquisimeto continuar\u00e1 llevando el nombre de Robert P\u00e9rez, insigne jugador de los Cardenales de Lara<\/p>\n<p><strong>Barquisimeto<\/strong><b>, Lara,Venezuela <\/b><strong>28 de julio de 2020 (ND58).-<\/strong>La Alcald\u00eda de Iribarren rehabilit\u00f3 el sistema de alumbrado p\u00fablico, tanto en la modalidad ornamental como en la vial.<\/p>\n<p>Durante la transmisi\u00f3n del reporte interdiario #IribarrenSeQuedaEnCasa , el Alcalde Luis Jon\u00e1s Reyes Flores, inform\u00f3 que el Gabinete de Infraestructura y Servicios contin\u00faa con la sustituci\u00f3n de postes y \u00e1nforas en la c\u00e9ntrica zona, abarcando un radio de 3 carreras y alrededor de 8 calles.<\/p>\n<p><strong>CALLE ROBERT P\u00c9REZ<\/strong><\/p>\n<p>Reyes Flores aclar\u00f3 que la calle 51 de Barquisimeto continuar\u00e1 llevando el nombre de Robert P\u00e9rez, insigne jugador de los Cardenales de Lara.<\/p>\n<p>Inform\u00f3 que pr\u00f3ximamente CORTUBAR presentar\u00e1 una propuesta para mejorar los murales ubicados en la citada v\u00eda, a fin de seguir reconociendo la carrera deportiva de \u00abLa Pared Negra\u00bb<\/p>\n<p>Inform\u00f3 adem\u00e1s la aprobaci\u00f3n de recursos para invertir y fortalecer la escuela de ciclismo \u00abH\u00e9ctor Alvarado\u00bb en la fase preparatoria a la celebraci\u00f3n de los 100 a\u00f1os de vida de \u00e9ste patrimonio viviente del deporte guaro.<\/p><div class=\"apeio69f2261c8c8b5\" ><p style=\"text-align: center;\"><a href=\"https:\/\/t.me\/noticiasdigital58\" target=\"_blank\" rel=\"noopener\"><img class=\"aligncenter size-full wp-image-125363\" src=\"https:\/\/digital58.com.ve\/site\/wp-content\/uploads\/2021\/04\/banner-telegram-web-2021.png\" alt=\"\" width=\"600\" height=\"90\" \/><\/a><\/p><\/div><style type=\"text\/css\">\r\n@media screen and (min-width: 1201px) {\r\n.apeio69f2261c8c8b5 {\r\ndisplay: block;\r\n}\r\n}\r\n@media screen and (min-width: 993px) and (max-width: 1200px) {\r\n.apeio69f2261c8c8b5 {\r\ndisplay: block;\r\n}\r\n}\r\n@media screen and (min-width: 769px) and (max-width: 992px) {\r\n.apeio69f2261c8c8b5 {\r\ndisplay: block;\r\n}\r\n}\r\n@media screen and (min-width: 768px) and (max-width: 768px) {\r\n.apeio69f2261c8c8b5 {\r\ndisplay: block;\r\n}\r\n}\r\n@media screen and (max-width: 767px) {\r\n.apeio69f2261c8c8b5 {\r\ndisplay: block;\r\n}\r\n}\r\n<\/style>\r\n\n<p><b><strong>Re<\/strong><strong>dacci\u00f3n: Molero, Luis\u00a0 (@Moleromarquez) | Fuente: Agencias<br \/>\nEdici\u00f3n: Villasmil, Henry; Ch\u00e1vez, Marian<br \/>\nGr\u00e1ficas: Cortes\u00eda<\/strong><\/b><\/p>\n<div style=\"margin-top: 0px; margin-bottom: 0px;\" class=\"sharethis-inline-share-buttons\" ><\/div>","protected":false},"excerpt":{"rendered":"<p>Reyes Flores aclar\u00f3 que la calle 51 de Barquisimeto continuar\u00e1 llevando el nombre de Robert P\u00e9rez, insigne jugador de los<\/p>\n","protected":false},"author":26,"featured_media":118243,"comment_status":"open","ping_status":"closed","sticky":false,"template":"","format":"standard","meta":{"colormag_page_container_layout":"default_layout","colormag_page_sidebar_layout":"default_layout","_uag_custom_page_level_css":"","footnotes":""},"categories":[16454],"tags":[18981,18980,5189,15358,233,18548],"class_list":["post-118242","post","type-post","status-publish","format-standard","has-post-thumbnail","hentry","category-venezuela","tag-alcalde-luis-jonas-reyes-flores","tag-centro-historico-de-barquisimeto","tag-cortubar","tag-estado-lara","tag-nacionales","tag-robert-perez"],"yoast_head":"<!-- This site is optimized with the Yoast SEO plugin v27.5 - https:\/\/yoast.com\/product\/yoast-seo-wordpress\/ -->\n<title>Rehabilitado alumbrado p\u00fablico del centro hist\u00f3rico de Barquisimeto<\/title>\n<meta name=\"description\" content=\"Venezuela\" \/>\n<meta name=\"robots\" content=\"index, follow, max-snippet:-1, max-image-preview:large, max-video-preview:-1\" \/>\n<link rel=\"canonical\" href=\"https:\/\/digital58.com.ve\/site\/2020\/07\/28\/rehabilitado-alumbrado-publico-del-centro-historico-de-barquisimeto\/\" \/>\n<meta property=\"og:locale\" content=\"es_ES\" \/>\n<meta property=\"og:type\" content=\"article\" \/>\n<meta property=\"og:title\" content=\"Rehabilitado alumbrado p\u00fablico del centro hist\u00f3rico de Barquisimeto\" \/>\n<meta property=\"og:description\" content=\"Venezuela\" \/>\n<meta property=\"og:url\" content=\"https:\/\/digital58.com.ve\/site\/2020\/07\/28\/rehabilitado-alumbrado-publico-del-centro-historico-de-barquisimeto\/\" \/>\n<meta property=\"og:site_name\" content=\"Noticias Digital58\" \/>\n<meta property=\"article:published_time\" content=\"2020-07-28T21:29:58+00:00\" \/>\n<meta property=\"og:image\" content=\"https:\/\/digital58.com.ve\/site\/wp-content\/uploads\/2020\/07\/alumbrado-p\u00fablico-en-el-centro-hist\u00f3rico-de-Barquisimeto.jpeg\" \/>\n\t<meta property=\"og:image:width\" content=\"700\" \/>\n\t<meta property=\"og:image:height\" content=\"561\" \/>\n\t<meta property=\"og:image:type\" content=\"image\/jpeg\" \/>\n<meta name=\"author\" content=\"Molero Luis\" \/>\n<meta name=\"twitter:card\" content=\"summary_large_image\" \/>\n<meta name=\"twitter:creator\" content=\"@Digital_58\" \/>\n<meta name=\"twitter:site\" content=\"@villasmilhfoto\" \/>\n<meta name=\"twitter:label1\" content=\"Escrito por\" \/>\n\t<meta name=\"twitter:data1\" content=\"Molero Luis\" \/>\n\t<meta name=\"twitter:label2\" content=\"Tiempo estimado de lectura\" \/>\n\t<meta name=\"twitter:data2\" content=\"1 minuto\" \/>\n<script type=\"application\/ld+json\" class=\"yoast-schema-graph\">{\"@context\":\"https:\\\/\\\/schema.org\",\"@graph\":[{\"@type\":\"Article\",\"@id\":\"https:\\\/\\\/digital58.com.ve\\\/site\\\/2020\\\/07\\\/28\\\/rehabilitado-alumbrado-publico-del-centro-historico-de-barquisimeto\\\/#article\",\"isPartOf\":{\"@id\":\"https:\\\/\\\/digital58.com.ve\\\/site\\\/2020\\\/07\\\/28\\\/rehabilitado-alumbrado-publico-del-centro-historico-de-barquisimeto\\\/\"},\"author\":{\"name\":\"Molero Luis\",\"@id\":\"https:\\\/\\\/digital58.com.ve\\\/site\\\/#\\\/schema\\\/person\\\/c61667ce6845137620ee3f0aaabade17\"},\"headline\":\"Rehabilitado alumbrado p\u00fablico del centro hist\u00f3rico de Barquisimeto\",\"datePublished\":\"2020-07-28T21:29:58+00:00\",\"mainEntityOfPage\":{\"@id\":\"https:\\\/\\\/digital58.com.ve\\\/site\\\/2020\\\/07\\\/28\\\/rehabilitado-alumbrado-publico-del-centro-historico-de-barquisimeto\\\/\"},\"wordCount\":224,\"commentCount\":0,\"publisher\":{\"@id\":\"https:\\\/\\\/digital58.com.ve\\\/site\\\/#\\\/schema\\\/person\\\/64d1c2e4d0d4fd1b849980c4331c2951\"},\"image\":{\"@id\":\"https:\\\/\\\/digital58.com.ve\\\/site\\\/2020\\\/07\\\/28\\\/rehabilitado-alumbrado-publico-del-centro-historico-de-barquisimeto\\\/#primaryimage\"},\"thumbnailUrl\":\"https:\\\/\\\/digital58.com.ve\\\/site\\\/wp-content\\\/uploads\\\/2020\\\/07\\\/alumbrado-p\u00fablico-en-el-centro-hist\u00f3rico-de-Barquisimeto.jpeg\",\"keywords\":[\"Alcalde Luis Jon\u00e1s Reyes Flores\",\"Centro Historico de Barquisimeto\",\"Cortubar\",\"Estado Lara\",\"Nacionales\",\"Robert P\u00e9rez\"],\"articleSection\":[\"Venezuela\"],\"inLanguage\":\"es\",\"potentialAction\":[{\"@type\":\"CommentAction\",\"name\":\"Comment\",\"target\":[\"https:\\\/\\\/digital58.com.ve\\\/site\\\/2020\\\/07\\\/28\\\/rehabilitado-alumbrado-publico-del-centro-historico-de-barquisimeto\\\/#respond\"]}]},{\"@type\":\"WebPage\",\"@id\":\"https:\\\/\\\/digital58.com.ve\\\/site\\\/2020\\\/07\\\/28\\\/rehabilitado-alumbrado-publico-del-centro-historico-de-barquisimeto\\\/\",\"url\":\"https:\\\/\\\/digital58.com.ve\\\/site\\\/2020\\\/07\\\/28\\\/rehabilitado-alumbrado-publico-del-centro-historico-de-barquisimeto\\\/\",\"name\":\"Rehabilitado alumbrado p\u00fablico del centro hist\u00f3rico de Barquisimeto\",\"isPartOf\":{\"@id\":\"https:\\\/\\\/digital58.com.ve\\\/site\\\/#website\"},\"primaryImageOfPage\":{\"@id\":\"https:\\\/\\\/digital58.com.ve\\\/site\\\/2020\\\/07\\\/28\\\/rehabilitado-alumbrado-publico-del-centro-historico-de-barquisimeto\\\/#primaryimage\"},\"image\":{\"@id\":\"https:\\\/\\\/digital58.com.ve\\\/site\\\/2020\\\/07\\\/28\\\/rehabilitado-alumbrado-publico-del-centro-historico-de-barquisimeto\\\/#primaryimage\"},\"thumbnailUrl\":\"https:\\\/\\\/digital58.com.ve\\\/site\\\/wp-content\\\/uploads\\\/2020\\\/07\\\/alumbrado-p\u00fablico-en-el-centro-hist\u00f3rico-de-Barquisimeto.jpeg\",\"datePublished\":\"2020-07-28T21:29:58+00:00\",\"description\":\"Venezuela\",\"breadcrumb\":{\"@id\":\"https:\\\/\\\/digital58.com.ve\\\/site\\\/2020\\\/07\\\/28\\\/rehabilitado-alumbrado-publico-del-centro-historico-de-barquisimeto\\\/#breadcrumb\"},\"inLanguage\":\"es\",\"potentialAction\":[{\"@type\":\"ReadAction\",\"target\":[\"https:\\\/\\\/digital58.com.ve\\\/site\\\/2020\\\/07\\\/28\\\/rehabilitado-alumbrado-publico-del-centro-historico-de-barquisimeto\\\/\"]}]},{\"@type\":\"ImageObject\",\"inLanguage\":\"es\",\"@id\":\"https:\\\/\\\/digital58.com.ve\\\/site\\\/2020\\\/07\\\/28\\\/rehabilitado-alumbrado-publico-del-centro-historico-de-barquisimeto\\\/#primaryimage\",\"url\":\"https:\\\/\\\/digital58.com.ve\\\/site\\\/wp-content\\\/uploads\\\/2020\\\/07\\\/alumbrado-p\u00fablico-en-el-centro-hist\u00f3rico-de-Barquisimeto.jpeg\",\"contentUrl\":\"https:\\\/\\\/digital58.com.ve\\\/site\\\/wp-content\\\/uploads\\\/2020\\\/07\\\/alumbrado-p\u00fablico-en-el-centro-hist\u00f3rico-de-Barquisimeto.jpeg\",\"width\":700,\"height\":561},{\"@type\":\"BreadcrumbList\",\"@id\":\"https:\\\/\\\/digital58.com.ve\\\/site\\\/2020\\\/07\\\/28\\\/rehabilitado-alumbrado-publico-del-centro-historico-de-barquisimeto\\\/#breadcrumb\",\"itemListElement\":[{\"@type\":\"ListItem\",\"position\":1,\"name\":\"Home\",\"item\":\"https:\\\/\\\/digital58.com.ve\\\/site\\\/\"},{\"@type\":\"ListItem\",\"position\":2,\"name\":\"Rehabilitado alumbrado p\u00fablico del centro hist\u00f3rico de Barquisimeto\"}]},{\"@type\":\"WebSite\",\"@id\":\"https:\\\/\\\/digital58.com.ve\\\/site\\\/#website\",\"url\":\"https:\\\/\\\/digital58.com.ve\\\/site\\\/\",\"name\":\"Noticias Digital58\",\"description\":\"Portal de Noticias \u00a1Periodismo web de verdad! Lanzamiento web 22.11.2005 \\\/ Maracaibo, Venezuela\",\"publisher\":{\"@id\":\"https:\\\/\\\/digital58.com.ve\\\/site\\\/#\\\/schema\\\/person\\\/64d1c2e4d0d4fd1b849980c4331c2951\"},\"alternateName\":\"ND58\",\"potentialAction\":[{\"@type\":\"SearchAction\",\"target\":{\"@type\":\"EntryPoint\",\"urlTemplate\":\"https:\\\/\\\/digital58.com.ve\\\/site\\\/?s={search_term_string}\"},\"query-input\":{\"@type\":\"PropertyValueSpecification\",\"valueRequired\":true,\"valueName\":\"search_term_string\"}}],\"inLanguage\":\"es\"},{\"@type\":[\"Person\",\"Organization\"],\"@id\":\"https:\\\/\\\/digital58.com.ve\\\/site\\\/#\\\/schema\\\/person\\\/64d1c2e4d0d4fd1b849980c4331c2951\",\"name\":\"Villasmil Henry\",\"image\":{\"@type\":\"ImageObject\",\"inLanguage\":\"es\",\"@id\":\"https:\\\/\\\/secure.gravatar.com\\\/avatar\\\/bb0c4a2fcb7970138239f7e404ea75757b1b507b28b5ce4c53fbd62d797c5a7c?s=96&d=mm&r=g\",\"url\":\"https:\\\/\\\/secure.gravatar.com\\\/avatar\\\/bb0c4a2fcb7970138239f7e404ea75757b1b507b28b5ce4c53fbd62d797c5a7c?s=96&d=mm&r=g\",\"contentUrl\":\"https:\\\/\\\/secure.gravatar.com\\\/avatar\\\/bb0c4a2fcb7970138239f7e404ea75757b1b507b28b5ce4c53fbd62d797c5a7c?s=96&d=mm&r=g\",\"caption\":\"Villasmil Henry\"},\"logo\":{\"@id\":\"https:\\\/\\\/secure.gravatar.com\\\/avatar\\\/bb0c4a2fcb7970138239f7e404ea75757b1b507b28b5ce4c53fbd62d797c5a7c?s=96&d=mm&r=g\"},\"sameAs\":[\"http:\\\/\\\/www.henryvillasmil.com.ve\",\"https:\\\/\\\/www.instagram.com\\\/villasmilhfoto\\\/\",\"https:\\\/\\\/x.com\\\/https:\\\/\\\/twitter.com\\\/villasmilhfoto\"]},{\"@type\":\"Person\",\"@id\":\"https:\\\/\\\/digital58.com.ve\\\/site\\\/#\\\/schema\\\/person\\\/c61667ce6845137620ee3f0aaabade17\",\"name\":\"Molero Luis\",\"image\":{\"@type\":\"ImageObject\",\"inLanguage\":\"es\",\"@id\":\"https:\\\/\\\/secure.gravatar.com\\\/avatar\\\/bf041ec637e3e7405449807deb2f7cf3d2de7c6fa755dd56e985201de9863f2b?s=96&d=mm&r=g\",\"url\":\"https:\\\/\\\/secure.gravatar.com\\\/avatar\\\/bf041ec637e3e7405449807deb2f7cf3d2de7c6fa755dd56e985201de9863f2b?s=96&d=mm&r=g\",\"contentUrl\":\"https:\\\/\\\/secure.gravatar.com\\\/avatar\\\/bf041ec637e3e7405449807deb2f7cf3d2de7c6fa755dd56e985201de9863f2b?s=96&d=mm&r=g\",\"caption\":\"Molero Luis\"},\"url\":\"https:\\\/\\\/digital58.com.ve\\\/site\\\/author\\\/luismolero\\\/\"}]}<\/script>\n<!-- \/ Yoast SEO plugin. -->","yoast_head_json":{"title":"Rehabilitado alumbrado p\u00fablico del centro hist\u00f3rico de Barquisimeto","description":"Venezuela","robots":{"index":"index","follow":"follow","max-snippet":"max-snippet:-1","max-image-preview":"max-image-preview:large","max-video-preview":"max-video-preview:-1"},"canonical":"https:\/\/digital58.com.ve\/site\/2020\/07\/28\/rehabilitado-alumbrado-publico-del-centro-historico-de-barquisimeto\/","og_locale":"es_ES","og_type":"article","og_title":"Rehabilitado alumbrado p\u00fablico del centro hist\u00f3rico de Barquisimeto","og_description":"Venezuela","og_url":"https:\/\/digital58.com.ve\/site\/2020\/07\/28\/rehabilitado-alumbrado-publico-del-centro-historico-de-barquisimeto\/","og_site_name":"Noticias Digital58","article_published_time":"2020-07-28T21:29:58+00:00","og_image":[{"width":700,"height":561,"url":"https:\/\/digital58.com.ve\/site\/wp-content\/uploads\/2020\/07\/alumbrado-p\u00fablico-en-el-centro-hist\u00f3rico-de-Barquisimeto.jpeg","type":"image\/jpeg"}],"author":"Molero Luis","twitter_card":"summary_large_image","twitter_creator":"@Digital_58","twitter_site":"@villasmilhfoto","twitter_misc":{"Escrito por":"Molero Luis","Tiempo estimado de lectura":"1 minuto"},"schema":{"@context":"https:\/\/schema.org","@graph":[{"@type":"Article","@id":"https:\/\/digital58.com.ve\/site\/2020\/07\/28\/rehabilitado-alumbrado-publico-del-centro-historico-de-barquisimeto\/#article","isPartOf":{"@id":"https:\/\/digital58.com.ve\/site\/2020\/07\/28\/rehabilitado-alumbrado-publico-del-centro-historico-de-barquisimeto\/"},"author":{"name":"Molero Luis","@id":"https:\/\/digital58.com.ve\/site\/#\/schema\/person\/c61667ce6845137620ee3f0aaabade17"},"headline":"Rehabilitado alumbrado p\u00fablico del centro hist\u00f3rico de Barquisimeto","datePublished":"2020-07-28T21:29:58+00:00","mainEntityOfPage":{"@id":"https:\/\/digital58.com.ve\/site\/2020\/07\/28\/rehabilitado-alumbrado-publico-del-centro-historico-de-barquisimeto\/"},"wordCount":224,"commentCount":0,"publisher":{"@id":"https:\/\/digital58.com.ve\/site\/#\/schema\/person\/64d1c2e4d0d4fd1b849980c4331c2951"},"image":{"@id":"https:\/\/digital58.com.ve\/site\/2020\/07\/28\/rehabilitado-alumbrado-publico-del-centro-historico-de-barquisimeto\/#primaryimage"},"thumbnailUrl":"https:\/\/digital58.com.ve\/site\/wp-content\/uploads\/2020\/07\/alumbrado-p\u00fablico-en-el-centro-hist\u00f3rico-de-Barquisimeto.jpeg","keywords":["Alcalde Luis Jon\u00e1s Reyes Flores","Centro Historico de Barquisimeto","Cortubar","Estado Lara","Nacionales","Robert P\u00e9rez"],"articleSection":["Venezuela"],"inLanguage":"es","potentialAction":[{"@type":"CommentAction","name":"Comment","target":["https:\/\/digital58.com.ve\/site\/2020\/07\/28\/rehabilitado-alumbrado-publico-del-centro-historico-de-barquisimeto\/#respond"]}]},{"@type":"WebPage","@id":"https:\/\/digital58.com.ve\/site\/2020\/07\/28\/rehabilitado-alumbrado-publico-del-centro-historico-de-barquisimeto\/","url":"https:\/\/digital58.com.ve\/site\/2020\/07\/28\/rehabilitado-alumbrado-publico-del-centro-historico-de-barquisimeto\/","name":"Rehabilitado alumbrado p\u00fablico del centro hist\u00f3rico de Barquisimeto","isPartOf":{"@id":"https:\/\/digital58.com.ve\/site\/#website"},"primaryImageOfPage":{"@id":"https:\/\/digital58.com.ve\/site\/2020\/07\/28\/rehabilitado-alumbrado-publico-del-centro-historico-de-barquisimeto\/#primaryimage"},"image":{"@id":"https:\/\/digital58.com.ve\/site\/2020\/07\/28\/rehabilitado-alumbrado-publico-del-centro-historico-de-barquisimeto\/#primaryimage"},"thumbnailUrl":"https:\/\/digital58.com.ve\/site\/wp-content\/uploads\/2020\/07\/alumbrado-p\u00fablico-en-el-centro-hist\u00f3rico-de-Barquisimeto.jpeg","datePublished":"2020-07-28T21:29:58+00:00","description":"Venezuela","breadcrumb":{"@id":"https:\/\/digital58.com.ve\/site\/2020\/07\/28\/rehabilitado-alumbrado-publico-del-centro-historico-de-barquisimeto\/#breadcrumb"},"inLanguage":"es","potentialAction":[{"@type":"ReadAction","target":["https:\/\/digital58.com.ve\/site\/2020\/07\/28\/rehabilitado-alumbrado-publico-del-centro-historico-de-barquisimeto\/"]}]},{"@type":"ImageObject","inLanguage":"es","@id":"https:\/\/digital58.com.ve\/site\/2020\/07\/28\/rehabilitado-alumbrado-publico-del-centro-historico-de-barquisimeto\/#primaryimage","url":"https:\/\/digital58.com.ve\/site\/wp-content\/uploads\/2020\/07\/alumbrado-p\u00fablico-en-el-centro-hist\u00f3rico-de-Barquisimeto.jpeg","contentUrl":"https:\/\/digital58.com.ve\/site\/wp-content\/uploads\/2020\/07\/alumbrado-p\u00fablico-en-el-centro-hist\u00f3rico-de-Barquisimeto.jpeg","width":700,"height":561},{"@type":"BreadcrumbList","@id":"https:\/\/digital58.com.ve\/site\/2020\/07\/28\/rehabilitado-alumbrado-publico-del-centro-historico-de-barquisimeto\/#breadcrumb","itemListElement":[{"@type":"ListItem","position":1,"name":"Home","item":"https:\/\/digital58.com.ve\/site\/"},{"@type":"ListItem","position":2,"name":"Rehabilitado alumbrado p\u00fablico del centro hist\u00f3rico de Barquisimeto"}]},{"@type":"WebSite","@id":"https:\/\/digital58.com.ve\/site\/#website","url":"https:\/\/digital58.com.ve\/site\/","name":"Noticias Digital58","description":"Portal de Noticias \u00a1Periodismo web de verdad! Lanzamiento web 22.11.2005 \/ Maracaibo, Venezuela","publisher":{"@id":"https:\/\/digital58.com.ve\/site\/#\/schema\/person\/64d1c2e4d0d4fd1b849980c4331c2951"},"alternateName":"ND58","potentialAction":[{"@type":"SearchAction","target":{"@type":"EntryPoint","urlTemplate":"https:\/\/digital58.com.ve\/site\/?s={search_term_string}"},"query-input":{"@type":"PropertyValueSpecification","valueRequired":true,"valueName":"search_term_string"}}],"inLanguage":"es"},{"@type":["Person","Organization"],"@id":"https:\/\/digital58.com.ve\/site\/#\/schema\/person\/64d1c2e4d0d4fd1b849980c4331c2951","name":"Villasmil Henry","image":{"@type":"ImageObject","inLanguage":"es","@id":"https:\/\/secure.gravatar.com\/avatar\/bb0c4a2fcb7970138239f7e404ea75757b1b507b28b5ce4c53fbd62d797c5a7c?s=96&d=mm&r=g","url":"https:\/\/secure.gravatar.com\/avatar\/bb0c4a2fcb7970138239f7e404ea75757b1b507b28b5ce4c53fbd62d797c5a7c?s=96&d=mm&r=g","contentUrl":"https:\/\/secure.gravatar.com\/avatar\/bb0c4a2fcb7970138239f7e404ea75757b1b507b28b5ce4c53fbd62d797c5a7c?s=96&d=mm&r=g","caption":"Villasmil Henry"},"logo":{"@id":"https:\/\/secure.gravatar.com\/avatar\/bb0c4a2fcb7970138239f7e404ea75757b1b507b28b5ce4c53fbd62d797c5a7c?s=96&d=mm&r=g"},"sameAs":["http:\/\/www.henryvillasmil.com.ve","https:\/\/www.instagram.com\/villasmilhfoto\/","https:\/\/x.com\/https:\/\/twitter.com\/villasmilhfoto"]},{"@type":"Person","@id":"https:\/\/digital58.com.ve\/site\/#\/schema\/person\/c61667ce6845137620ee3f0aaabade17","name":"Molero Luis","image":{"@type":"ImageObject","inLanguage":"es","@id":"https:\/\/secure.gravatar.com\/avatar\/bf041ec637e3e7405449807deb2f7cf3d2de7c6fa755dd56e985201de9863f2b?s=96&d=mm&r=g","url":"https:\/\/secure.gravatar.com\/avatar\/bf041ec637e3e7405449807deb2f7cf3d2de7c6fa755dd56e985201de9863f2b?s=96&d=mm&r=g","contentUrl":"https:\/\/secure.gravatar.com\/avatar\/bf041ec637e3e7405449807deb2f7cf3d2de7c6fa755dd56e985201de9863f2b?s=96&d=mm&r=g","caption":"Molero Luis"},"url":"https:\/\/digital58.com.ve\/site\/author\/luismolero\/"}]}},"uagb_featured_image_src":{"full":["https:\/\/digital58.com.ve\/site\/wp-content\/uploads\/2020\/07\/alumbrado-p\u00fablico-en-el-centro-hist\u00f3rico-de-Barquisimeto.jpeg",700,561,false],"thumbnail":["https:\/\/digital58.com.ve\/site\/wp-content\/uploads\/2020\/07\/alumbrado-p\u00fablico-en-el-centro-hist\u00f3rico-de-Barquisimeto-150x150.jpeg",150,150,true],"medium":["https:\/\/digital58.com.ve\/site\/wp-content\/uploads\/2020\/07\/alumbrado-p\u00fablico-en-el-centro-hist\u00f3rico-de-Barquisimeto-300x240.jpeg",300,240,true],"medium_large":["https:\/\/digital58.com.ve\/site\/wp-content\/uploads\/2020\/07\/alumbrado-p\u00fablico-en-el-centro-hist\u00f3rico-de-Barquisimeto.jpeg",700,561,false],"large":["https:\/\/digital58.com.ve\/site\/wp-content\/uploads\/2020\/07\/alumbrado-p\u00fablico-en-el-centro-hist\u00f3rico-de-Barquisimeto.jpeg",700,561,false],"1536x1536":["https:\/\/digital58.com.ve\/site\/wp-content\/uploads\/2020\/07\/alumbrado-p\u00fablico-en-el-centro-hist\u00f3rico-de-Barquisimeto.jpeg",700,561,false],"2048x2048":["https:\/\/digital58.com.ve\/site\/wp-content\/uploads\/2020\/07\/alumbrado-p\u00fablico-en-el-centro-hist\u00f3rico-de-Barquisimeto.jpeg",700,561,false],"colormag-highlighted-post":["https:\/\/digital58.com.ve\/site\/wp-content\/uploads\/2020\/07\/alumbrado-p\u00fablico-en-el-centro-hist\u00f3rico-de-Barquisimeto.jpeg",339,272,false],"colormag-featured-post-medium":["https:\/\/digital58.com.ve\/site\/wp-content\/uploads\/2020\/07\/alumbrado-p\u00fablico-en-el-centro-hist\u00f3rico-de-Barquisimeto.jpeg",256,205,false],"colormag-featured-post-small":["https:\/\/digital58.com.ve\/site\/wp-content\/uploads\/2020\/07\/alumbrado-p\u00fablico-en-el-centro-hist\u00f3rico-de-Barquisimeto.jpeg",112,90,false],"colormag-featured-image":["https:\/\/digital58.com.ve\/site\/wp-content\/uploads\/2020\/07\/alumbrado-p\u00fablico-en-el-centro-hist\u00f3rico-de-Barquisimeto.jpeg",555,445,false],"colormag-default-news":["https:\/\/digital58.com.ve\/site\/wp-content\/uploads\/2020\/07\/alumbrado-p\u00fablico-en-el-centro-hist\u00f3rico-de-Barquisimeto.jpeg",150,120,false],"colormag-featured-image-large":["https:\/\/digital58.com.ve\/site\/wp-content\/uploads\/2020\/07\/alumbrado-p\u00fablico-en-el-centro-hist\u00f3rico-de-Barquisimeto.jpeg",700,561,false]},"uagb_author_info":{"display_name":"Molero Luis","author_link":"https:\/\/digital58.com.ve\/site\/author\/luismolero\/"},"uagb_comment_info":0,"uagb_excerpt":"Reyes Flores aclar\u00f3 que la calle 51 de Barquisimeto continuar\u00e1 llevando el nombre de Robert P\u00e9rez, insigne jugador de los","_links":{"self":[{"href":"https:\/\/digital58.com.ve\/site\/wp-json\/wp\/v2\/posts\/118242","targetHints":{"allow":["GET"]}}],"collection":[{"href":"https:\/\/digital58.com.ve\/site\/wp-json\/wp\/v2\/posts"}],"about":[{"href":"https:\/\/digital58.com.ve\/site\/wp-json\/wp\/v2\/types\/post"}],"author":[{"embeddable":true,"href":"https:\/\/digital58.com.ve\/site\/wp-json\/wp\/v2\/users\/26"}],"replies":[{"embeddable":true,"href":"https:\/\/digital58.com.ve\/site\/wp-json\/wp\/v2\/comments?post=118242"}],"version-history":[{"count":0,"href":"https:\/\/digital58.com.ve\/site\/wp-json\/wp\/v2\/posts\/118242\/revisions"}],"wp:featuredmedia":[{"embeddable":true,"href":"https:\/\/digital58.com.ve\/site\/wp-json\/wp\/v2\/media\/118243"}],"wp:attachment":[{"href":"https:\/\/digital58.com.ve\/site\/wp-json\/wp\/v2\/media?parent=118242"}],"wp:term":[{"taxonomy":"category","embeddable":true,"href":"https:\/\/digital58.com.ve\/site\/wp-json\/wp\/v2\/categories?post=118242"},{"taxonomy":"post_tag","embeddable":true,"href":"https:\/\/digital58.com.ve\/site\/wp-json\/wp\/v2\/tags?post=118242"}],"curies":[{"name":"wp","href":"https:\/\/api.w.org\/{rel}","templated":true}]}}