{"id":118507,"date":"2020-07-29T14:30:54","date_gmt":"2020-07-29T18:30:54","guid":{"rendered":"https:\/\/digital58.com.ve\/site\/?p=118507"},"modified":"2020-07-29T15:00:13","modified_gmt":"2020-07-29T19:00:13","slug":"muere-otro-medico-por-la-covid-19-en-el-zulia","status":"publish","type":"post","link":"https:\/\/digital58.com.ve\/site\/2020\/07\/29\/muere-otro-medico-por-la-covid-19-en-el-zulia\/","title":{"rendered":"Muere otro m\u00e9dico por la COVID-19  en el Zulia"},"content":{"rendered":"<p><img loading=\"lazy\" decoding=\"async\" class=\"size-full wp-image-118512 aligncenter\" src=\"https:\/\/digital58.com.ve\/site\/wp-content\/uploads\/2020\/07\/Disen\u0303o-sin-ti\u0301tulo-2020-07-16T114804.154.jpg\" alt=\"\" width=\"800\" height=\"541\" srcset=\"https:\/\/digital58.com.ve\/site\/wp-content\/uploads\/2020\/07\/Disen\u0303o-sin-ti\u0301tulo-2020-07-16T114804.154.jpg 800w, https:\/\/digital58.com.ve\/site\/wp-content\/uploads\/2020\/07\/Disen\u0303o-sin-ti\u0301tulo-2020-07-16T114804.154-300x203.jpg 300w, https:\/\/digital58.com.ve\/site\/wp-content\/uploads\/2020\/07\/Disen\u0303o-sin-ti\u0301tulo-2020-07-16T114804.154-768x519.jpg 768w\" sizes=\"auto, (max-width: 800px) 100vw, 800px\" \/><\/p>\n<p>Con este caso, aument\u00f3 a 19 la cifra total de profesionales de la salud que han fallecido a causa del virus en la entidad, uno de los m\u00e1s afectador por la pandemia.<\/p>\n<p><strong>Maracaibo, Zulia, Venezuela\u00a0<\/strong><b>\u00a0<\/b><strong>29\u00a0 de julio de 2020 (ND58).-<\/strong> Este mi\u00e9rcoles el gremio m\u00e9dico del estado Zulia confirm\u00f3 la muerte del cirujano Edgar Manzanero, quien se contagi\u00f3 por la COVID-19. Con este caso, aument\u00f3 a 19 la cifra total de profesionales de la salud que han fallecido a causa del virus en la entidad, uno de los m\u00e1s afectador por la pandemia.<\/p>\n<p>La periodista Esteninf Olivarez public\u00f3 en sus redes sociales un tuit donde asegura que el gremio medico del estado Zulia confirm\u00f3 la muerte del galeno Edgar Manzanero.<\/p>\n<blockquote class=\"twitter-tweet\">\n<p dir=\"ltr\" lang=\"es\">Gremio m\u00e9dico en Zulia confirma muerte del cirujano Edgar Manzanero. Ser\u00eda el n\u00famero 19 que pierde la batalla contra el <a href=\"https:\/\/twitter.com\/hashtag\/Covid_19?src=hash&amp;ref_src=twsrc%5Etfw\">#Covid_19<\/a> paz a su alma.<\/p>\n<p>Los m\u00e9dicos no necesitan aplausos, necesitan protegerse. <a href=\"https:\/\/twitter.com\/hashtag\/29Julio?src=hash&amp;ref_src=twsrc%5Etfw\">#29Julio<\/a> <a href=\"https:\/\/t.co\/MLtuGv52Kf\">pic.twitter.com\/MLtuGv52Kf<\/a><\/p>\n<p>\u2014 Esteninf Olivarez (@esteninf) <a href=\"https:\/\/twitter.com\/esteninf\/status\/1288479648754565126?ref_src=twsrc%5Etfw\">July 29, 2020<\/a><\/p><\/blockquote>\n<p><script async src=\"https:\/\/platform.twitter.com\/widgets.js\" charset=\"utf-8\"><\/script><\/p>\n<p>Pese a que el gobierno ha segmentado los casos para responsabilizar a los gobiernos de la regi\u00f3n por el aumento de los contagios en el pa\u00eds, no ha ofrecido un reporte oficial general sobre los m\u00e9dicos y enfermeros que han muerto contagiados.<\/p>\n<p><strong>Hasta la fecha, esta es la lista de m\u00e9dicos fallecidos en el Zulia contagiados con coronavirus:<\/strong><\/p>\n<p>Samuel Viloria, muri\u00f3 el 15 de junio.<br \/>\nSolanger Escandela, 20 de junio.<br \/>\nMarisela Ram\u00edrez, 24 de junio.<br \/>\nManuel Romero, 24 de junio.<br \/>\nCarlos Castillo, 26 de junio.<br \/>\nJorge Leal, 28 de junio.<br \/>\nNelly Villasmil, 9 de julio.<br \/>\nJes\u00fas Romero, 10 de julio.<br \/>\nMarisol Tigrera, 11 de julio.<br \/>\nRam\u00f3n Galu\u00e9, 15 de julio.<br \/>\nDanis Montero, 17 de julio.<br \/>\nFranklin Jim\u00e9nez, 18 de julio.<br \/>\nAnaly Fern\u00e1ndez, 21 de julio.<br \/>\nEdgar Rabinovich, 22 de julio.<br \/>\nAmable Amado Rodr\u00edguez, 24 de julio.<br \/>\nJairo Valbuena, 26 de julio.<br \/>\nRannefer Valbuena, 26 de julio.<br \/>\nJes\u00fas Pe\u00f1a, sin fecha clara de muerte.<br \/>\nEdgar Manzanero,\u00a0 29 de julio.<\/p><div class=\"zuxuf69f4698e5ca3b\" ><p style=\"text-align: center;\"><a href=\"https:\/\/t.me\/noticiasdigital58\" target=\"_blank\" rel=\"noopener\"><img class=\"aligncenter size-full wp-image-125363\" src=\"https:\/\/digital58.com.ve\/site\/wp-content\/uploads\/2021\/04\/banner-telegram-web-2021.png\" alt=\"\" width=\"600\" height=\"90\" \/><\/a><\/p><\/div><style type=\"text\/css\">\r\n@media screen and (min-width: 1201px) {\r\n.zuxuf69f4698e5ca3b {\r\ndisplay: block;\r\n}\r\n}\r\n@media screen and (min-width: 993px) and (max-width: 1200px) {\r\n.zuxuf69f4698e5ca3b {\r\ndisplay: block;\r\n}\r\n}\r\n@media screen and (min-width: 769px) and (max-width: 992px) {\r\n.zuxuf69f4698e5ca3b {\r\ndisplay: block;\r\n}\r\n}\r\n@media screen and (min-width: 768px) and (max-width: 768px) {\r\n.zuxuf69f4698e5ca3b {\r\ndisplay: block;\r\n}\r\n}\r\n@media screen and (max-width: 767px) {\r\n.zuxuf69f4698e5ca3b {\r\ndisplay: block;\r\n}\r\n}\r\n<\/style>\r\n\n<p><b><strong>Re<\/strong><strong>dacci\u00f3n: Molero, Luis\u00a0 (@Moleromarquez) | Fuente: Twitter \/ El Nacional<br \/>\nEdici\u00f3n: Villasmil, Henry<br \/>\nGr\u00e1ficas: Cortes\u00eda<\/strong><\/b><\/p>\n<div style=\"margin-top: 0px; margin-bottom: 0px;\" class=\"sharethis-inline-share-buttons\" ><\/div>","protected":false},"excerpt":{"rendered":"<p>Con este caso, aument\u00f3 a 19 la cifra total de profesionales de la salud que han fallecido a causa del<\/p>\n","protected":false},"author":26,"featured_media":118512,"comment_status":"open","ping_status":"closed","sticky":false,"template":"","format":"standard","meta":{"colormag_page_container_layout":"default_layout","colormag_page_sidebar_layout":"default_layout","_uag_custom_page_level_css":"","footnotes":""},"categories":[14504],"tags":[13352,13648,19048,207,73,9485,233,13723,761],"class_list":["post-118507","post","type-post","status-publish","format-standard","has-post-thumbnail","hentry","category-zulia","tag-coronavirus","tag-covid-19","tag-edgar-manzanero","tag-fallecimientos","tag-maracaibo","tag-medicos","tag-nacionales","tag-pandemia","tag-zulia"],"yoast_head":"<!-- This site is optimized with the Yoast SEO plugin v27.5 - https:\/\/yoast.com\/product\/yoast-seo-wordpress\/ -->\n<title>Muere otro m\u00e9dico por la COVID-19 en el Zulia<\/title>\n<meta name=\"description\" content=\"Zulia\" \/>\n<meta name=\"robots\" content=\"index, follow, max-snippet:-1, max-image-preview:large, max-video-preview:-1\" \/>\n<link rel=\"canonical\" href=\"https:\/\/digital58.com.ve\/site\/2020\/07\/29\/muere-otro-medico-por-la-covid-19-en-el-zulia\/\" \/>\n<meta property=\"og:locale\" content=\"es_ES\" \/>\n<meta property=\"og:type\" content=\"article\" \/>\n<meta property=\"og:title\" content=\"Muere otro m\u00e9dico por la COVID-19 en el Zulia\" \/>\n<meta property=\"og:description\" content=\"Zulia\" \/>\n<meta property=\"og:url\" content=\"https:\/\/digital58.com.ve\/site\/2020\/07\/29\/muere-otro-medico-por-la-covid-19-en-el-zulia\/\" \/>\n<meta property=\"og:site_name\" content=\"Noticias Digital58\" \/>\n<meta property=\"article:published_time\" content=\"2020-07-29T18:30:54+00:00\" \/>\n<meta property=\"article:modified_time\" content=\"2020-07-29T19:00:13+00:00\" \/>\n<meta property=\"og:image\" content=\"https:\/\/digital58.com.ve\/site\/wp-content\/uploads\/2020\/07\/Disen\u0303o-sin-ti\u0301tulo-2020-07-16T114804.154.jpg\" \/>\n\t<meta property=\"og:image:width\" content=\"800\" \/>\n\t<meta property=\"og:image:height\" content=\"541\" \/>\n\t<meta property=\"og:image:type\" content=\"image\/jpeg\" \/>\n<meta name=\"author\" content=\"Molero Luis\" \/>\n<meta name=\"twitter:card\" content=\"summary_large_image\" \/>\n<meta name=\"twitter:creator\" content=\"@Digital_58\" \/>\n<meta name=\"twitter:site\" content=\"@villasmilhfoto\" \/>\n<meta name=\"twitter:label1\" content=\"Escrito por\" \/>\n\t<meta name=\"twitter:data1\" content=\"Molero Luis\" \/>\n\t<meta name=\"twitter:label2\" content=\"Tiempo estimado de lectura\" \/>\n\t<meta name=\"twitter:data2\" content=\"2 minutos\" \/>\n<script type=\"application\/ld+json\" class=\"yoast-schema-graph\">{\"@context\":\"https:\\\/\\\/schema.org\",\"@graph\":[{\"@type\":\"Article\",\"@id\":\"https:\\\/\\\/digital58.com.ve\\\/site\\\/2020\\\/07\\\/29\\\/muere-otro-medico-por-la-covid-19-en-el-zulia\\\/#article\",\"isPartOf\":{\"@id\":\"https:\\\/\\\/digital58.com.ve\\\/site\\\/2020\\\/07\\\/29\\\/muere-otro-medico-por-la-covid-19-en-el-zulia\\\/\"},\"author\":{\"name\":\"Molero Luis\",\"@id\":\"https:\\\/\\\/digital58.com.ve\\\/site\\\/#\\\/schema\\\/person\\\/c61667ce6845137620ee3f0aaabade17\"},\"headline\":\"Muere otro m\u00e9dico por la COVID-19 en el Zulia\",\"datePublished\":\"2020-07-29T18:30:54+00:00\",\"dateModified\":\"2020-07-29T19:00:13+00:00\",\"mainEntityOfPage\":{\"@id\":\"https:\\\/\\\/digital58.com.ve\\\/site\\\/2020\\\/07\\\/29\\\/muere-otro-medico-por-la-covid-19-en-el-zulia\\\/\"},\"wordCount\":347,\"commentCount\":0,\"publisher\":{\"@id\":\"https:\\\/\\\/digital58.com.ve\\\/site\\\/#\\\/schema\\\/person\\\/64d1c2e4d0d4fd1b849980c4331c2951\"},\"image\":{\"@id\":\"https:\\\/\\\/digital58.com.ve\\\/site\\\/2020\\\/07\\\/29\\\/muere-otro-medico-por-la-covid-19-en-el-zulia\\\/#primaryimage\"},\"thumbnailUrl\":\"https:\\\/\\\/digital58.com.ve\\\/site\\\/wp-content\\\/uploads\\\/2020\\\/07\\\/Disen\u0303o-sin-ti\u0301tulo-2020-07-16T114804.154.jpg\",\"keywords\":[\"Coronavirus\",\"COVID-19\",\"Edgar Manzanero\",\"Fallecimientos\",\"Maracaibo\",\"M\u00e9dicos\",\"Nacionales\",\"Pandemia\",\"Zulia\"],\"articleSection\":[\"Zulia\"],\"inLanguage\":\"es\",\"potentialAction\":[{\"@type\":\"CommentAction\",\"name\":\"Comment\",\"target\":[\"https:\\\/\\\/digital58.com.ve\\\/site\\\/2020\\\/07\\\/29\\\/muere-otro-medico-por-la-covid-19-en-el-zulia\\\/#respond\"]}]},{\"@type\":\"WebPage\",\"@id\":\"https:\\\/\\\/digital58.com.ve\\\/site\\\/2020\\\/07\\\/29\\\/muere-otro-medico-por-la-covid-19-en-el-zulia\\\/\",\"url\":\"https:\\\/\\\/digital58.com.ve\\\/site\\\/2020\\\/07\\\/29\\\/muere-otro-medico-por-la-covid-19-en-el-zulia\\\/\",\"name\":\"Muere otro m\u00e9dico por la COVID-19 en el Zulia\",\"isPartOf\":{\"@id\":\"https:\\\/\\\/digital58.com.ve\\\/site\\\/#website\"},\"primaryImageOfPage\":{\"@id\":\"https:\\\/\\\/digital58.com.ve\\\/site\\\/2020\\\/07\\\/29\\\/muere-otro-medico-por-la-covid-19-en-el-zulia\\\/#primaryimage\"},\"image\":{\"@id\":\"https:\\\/\\\/digital58.com.ve\\\/site\\\/2020\\\/07\\\/29\\\/muere-otro-medico-por-la-covid-19-en-el-zulia\\\/#primaryimage\"},\"thumbnailUrl\":\"https:\\\/\\\/digital58.com.ve\\\/site\\\/wp-content\\\/uploads\\\/2020\\\/07\\\/Disen\u0303o-sin-ti\u0301tulo-2020-07-16T114804.154.jpg\",\"datePublished\":\"2020-07-29T18:30:54+00:00\",\"dateModified\":\"2020-07-29T19:00:13+00:00\",\"description\":\"Zulia\",\"breadcrumb\":{\"@id\":\"https:\\\/\\\/digital58.com.ve\\\/site\\\/2020\\\/07\\\/29\\\/muere-otro-medico-por-la-covid-19-en-el-zulia\\\/#breadcrumb\"},\"inLanguage\":\"es\",\"potentialAction\":[{\"@type\":\"ReadAction\",\"target\":[\"https:\\\/\\\/digital58.com.ve\\\/site\\\/2020\\\/07\\\/29\\\/muere-otro-medico-por-la-covid-19-en-el-zulia\\\/\"]}]},{\"@type\":\"ImageObject\",\"inLanguage\":\"es\",\"@id\":\"https:\\\/\\\/digital58.com.ve\\\/site\\\/2020\\\/07\\\/29\\\/muere-otro-medico-por-la-covid-19-en-el-zulia\\\/#primaryimage\",\"url\":\"https:\\\/\\\/digital58.com.ve\\\/site\\\/wp-content\\\/uploads\\\/2020\\\/07\\\/Disen\u0303o-sin-ti\u0301tulo-2020-07-16T114804.154.jpg\",\"contentUrl\":\"https:\\\/\\\/digital58.com.ve\\\/site\\\/wp-content\\\/uploads\\\/2020\\\/07\\\/Disen\u0303o-sin-ti\u0301tulo-2020-07-16T114804.154.jpg\",\"width\":800,\"height\":541},{\"@type\":\"BreadcrumbList\",\"@id\":\"https:\\\/\\\/digital58.com.ve\\\/site\\\/2020\\\/07\\\/29\\\/muere-otro-medico-por-la-covid-19-en-el-zulia\\\/#breadcrumb\",\"itemListElement\":[{\"@type\":\"ListItem\",\"position\":1,\"name\":\"Home\",\"item\":\"https:\\\/\\\/digital58.com.ve\\\/site\\\/\"},{\"@type\":\"ListItem\",\"position\":2,\"name\":\"Muere otro m\u00e9dico por la COVID-19 en el Zulia\"}]},{\"@type\":\"WebSite\",\"@id\":\"https:\\\/\\\/digital58.com.ve\\\/site\\\/#website\",\"url\":\"https:\\\/\\\/digital58.com.ve\\\/site\\\/\",\"name\":\"Noticias Digital58\",\"description\":\"Portal de Noticias \u00a1Periodismo web de verdad! Lanzamiento web 22.11.2005 \\\/ Maracaibo, Venezuela\",\"publisher\":{\"@id\":\"https:\\\/\\\/digital58.com.ve\\\/site\\\/#\\\/schema\\\/person\\\/64d1c2e4d0d4fd1b849980c4331c2951\"},\"alternateName\":\"ND58\",\"potentialAction\":[{\"@type\":\"SearchAction\",\"target\":{\"@type\":\"EntryPoint\",\"urlTemplate\":\"https:\\\/\\\/digital58.com.ve\\\/site\\\/?s={search_term_string}\"},\"query-input\":{\"@type\":\"PropertyValueSpecification\",\"valueRequired\":true,\"valueName\":\"search_term_string\"}}],\"inLanguage\":\"es\"},{\"@type\":[\"Person\",\"Organization\"],\"@id\":\"https:\\\/\\\/digital58.com.ve\\\/site\\\/#\\\/schema\\\/person\\\/64d1c2e4d0d4fd1b849980c4331c2951\",\"name\":\"Villasmil Henry\",\"image\":{\"@type\":\"ImageObject\",\"inLanguage\":\"es\",\"@id\":\"https:\\\/\\\/secure.gravatar.com\\\/avatar\\\/bb0c4a2fcb7970138239f7e404ea75757b1b507b28b5ce4c53fbd62d797c5a7c?s=96&d=mm&r=g\",\"url\":\"https:\\\/\\\/secure.gravatar.com\\\/avatar\\\/bb0c4a2fcb7970138239f7e404ea75757b1b507b28b5ce4c53fbd62d797c5a7c?s=96&d=mm&r=g\",\"contentUrl\":\"https:\\\/\\\/secure.gravatar.com\\\/avatar\\\/bb0c4a2fcb7970138239f7e404ea75757b1b507b28b5ce4c53fbd62d797c5a7c?s=96&d=mm&r=g\",\"caption\":\"Villasmil Henry\"},\"logo\":{\"@id\":\"https:\\\/\\\/secure.gravatar.com\\\/avatar\\\/bb0c4a2fcb7970138239f7e404ea75757b1b507b28b5ce4c53fbd62d797c5a7c?s=96&d=mm&r=g\"},\"sameAs\":[\"http:\\\/\\\/www.henryvillasmil.com.ve\",\"https:\\\/\\\/www.instagram.com\\\/villasmilhfoto\\\/\",\"https:\\\/\\\/x.com\\\/https:\\\/\\\/twitter.com\\\/villasmilhfoto\"]},{\"@type\":\"Person\",\"@id\":\"https:\\\/\\\/digital58.com.ve\\\/site\\\/#\\\/schema\\\/person\\\/c61667ce6845137620ee3f0aaabade17\",\"name\":\"Molero Luis\",\"image\":{\"@type\":\"ImageObject\",\"inLanguage\":\"es\",\"@id\":\"https:\\\/\\\/secure.gravatar.com\\\/avatar\\\/bf041ec637e3e7405449807deb2f7cf3d2de7c6fa755dd56e985201de9863f2b?s=96&d=mm&r=g\",\"url\":\"https:\\\/\\\/secure.gravatar.com\\\/avatar\\\/bf041ec637e3e7405449807deb2f7cf3d2de7c6fa755dd56e985201de9863f2b?s=96&d=mm&r=g\",\"contentUrl\":\"https:\\\/\\\/secure.gravatar.com\\\/avatar\\\/bf041ec637e3e7405449807deb2f7cf3d2de7c6fa755dd56e985201de9863f2b?s=96&d=mm&r=g\",\"caption\":\"Molero Luis\"},\"url\":\"https:\\\/\\\/digital58.com.ve\\\/site\\\/author\\\/luismolero\\\/\"}]}<\/script>\n<!-- \/ Yoast SEO plugin. -->","yoast_head_json":{"title":"Muere otro m\u00e9dico por la COVID-19 en el Zulia","description":"Zulia","robots":{"index":"index","follow":"follow","max-snippet":"max-snippet:-1","max-image-preview":"max-image-preview:large","max-video-preview":"max-video-preview:-1"},"canonical":"https:\/\/digital58.com.ve\/site\/2020\/07\/29\/muere-otro-medico-por-la-covid-19-en-el-zulia\/","og_locale":"es_ES","og_type":"article","og_title":"Muere otro m\u00e9dico por la COVID-19 en el Zulia","og_description":"Zulia","og_url":"https:\/\/digital58.com.ve\/site\/2020\/07\/29\/muere-otro-medico-por-la-covid-19-en-el-zulia\/","og_site_name":"Noticias Digital58","article_published_time":"2020-07-29T18:30:54+00:00","article_modified_time":"2020-07-29T19:00:13+00:00","og_image":[{"width":800,"height":541,"url":"https:\/\/digital58.com.ve\/site\/wp-content\/uploads\/2020\/07\/Disen\u0303o-sin-ti\u0301tulo-2020-07-16T114804.154.jpg","type":"image\/jpeg"}],"author":"Molero Luis","twitter_card":"summary_large_image","twitter_creator":"@Digital_58","twitter_site":"@villasmilhfoto","twitter_misc":{"Escrito por":"Molero Luis","Tiempo estimado de lectura":"2 minutos"},"schema":{"@context":"https:\/\/schema.org","@graph":[{"@type":"Article","@id":"https:\/\/digital58.com.ve\/site\/2020\/07\/29\/muere-otro-medico-por-la-covid-19-en-el-zulia\/#article","isPartOf":{"@id":"https:\/\/digital58.com.ve\/site\/2020\/07\/29\/muere-otro-medico-por-la-covid-19-en-el-zulia\/"},"author":{"name":"Molero Luis","@id":"https:\/\/digital58.com.ve\/site\/#\/schema\/person\/c61667ce6845137620ee3f0aaabade17"},"headline":"Muere otro m\u00e9dico por la COVID-19 en el Zulia","datePublished":"2020-07-29T18:30:54+00:00","dateModified":"2020-07-29T19:00:13+00:00","mainEntityOfPage":{"@id":"https:\/\/digital58.com.ve\/site\/2020\/07\/29\/muere-otro-medico-por-la-covid-19-en-el-zulia\/"},"wordCount":347,"commentCount":0,"publisher":{"@id":"https:\/\/digital58.com.ve\/site\/#\/schema\/person\/64d1c2e4d0d4fd1b849980c4331c2951"},"image":{"@id":"https:\/\/digital58.com.ve\/site\/2020\/07\/29\/muere-otro-medico-por-la-covid-19-en-el-zulia\/#primaryimage"},"thumbnailUrl":"https:\/\/digital58.com.ve\/site\/wp-content\/uploads\/2020\/07\/Disen\u0303o-sin-ti\u0301tulo-2020-07-16T114804.154.jpg","keywords":["Coronavirus","COVID-19","Edgar Manzanero","Fallecimientos","Maracaibo","M\u00e9dicos","Nacionales","Pandemia","Zulia"],"articleSection":["Zulia"],"inLanguage":"es","potentialAction":[{"@type":"CommentAction","name":"Comment","target":["https:\/\/digital58.com.ve\/site\/2020\/07\/29\/muere-otro-medico-por-la-covid-19-en-el-zulia\/#respond"]}]},{"@type":"WebPage","@id":"https:\/\/digital58.com.ve\/site\/2020\/07\/29\/muere-otro-medico-por-la-covid-19-en-el-zulia\/","url":"https:\/\/digital58.com.ve\/site\/2020\/07\/29\/muere-otro-medico-por-la-covid-19-en-el-zulia\/","name":"Muere otro m\u00e9dico por la COVID-19 en el Zulia","isPartOf":{"@id":"https:\/\/digital58.com.ve\/site\/#website"},"primaryImageOfPage":{"@id":"https:\/\/digital58.com.ve\/site\/2020\/07\/29\/muere-otro-medico-por-la-covid-19-en-el-zulia\/#primaryimage"},"image":{"@id":"https:\/\/digital58.com.ve\/site\/2020\/07\/29\/muere-otro-medico-por-la-covid-19-en-el-zulia\/#primaryimage"},"thumbnailUrl":"https:\/\/digital58.com.ve\/site\/wp-content\/uploads\/2020\/07\/Disen\u0303o-sin-ti\u0301tulo-2020-07-16T114804.154.jpg","datePublished":"2020-07-29T18:30:54+00:00","dateModified":"2020-07-29T19:00:13+00:00","description":"Zulia","breadcrumb":{"@id":"https:\/\/digital58.com.ve\/site\/2020\/07\/29\/muere-otro-medico-por-la-covid-19-en-el-zulia\/#breadcrumb"},"inLanguage":"es","potentialAction":[{"@type":"ReadAction","target":["https:\/\/digital58.com.ve\/site\/2020\/07\/29\/muere-otro-medico-por-la-covid-19-en-el-zulia\/"]}]},{"@type":"ImageObject","inLanguage":"es","@id":"https:\/\/digital58.com.ve\/site\/2020\/07\/29\/muere-otro-medico-por-la-covid-19-en-el-zulia\/#primaryimage","url":"https:\/\/digital58.com.ve\/site\/wp-content\/uploads\/2020\/07\/Disen\u0303o-sin-ti\u0301tulo-2020-07-16T114804.154.jpg","contentUrl":"https:\/\/digital58.com.ve\/site\/wp-content\/uploads\/2020\/07\/Disen\u0303o-sin-ti\u0301tulo-2020-07-16T114804.154.jpg","width":800,"height":541},{"@type":"BreadcrumbList","@id":"https:\/\/digital58.com.ve\/site\/2020\/07\/29\/muere-otro-medico-por-la-covid-19-en-el-zulia\/#breadcrumb","itemListElement":[{"@type":"ListItem","position":1,"name":"Home","item":"https:\/\/digital58.com.ve\/site\/"},{"@type":"ListItem","position":2,"name":"Muere otro m\u00e9dico por la COVID-19 en el Zulia"}]},{"@type":"WebSite","@id":"https:\/\/digital58.com.ve\/site\/#website","url":"https:\/\/digital58.com.ve\/site\/","name":"Noticias Digital58","description":"Portal de Noticias \u00a1Periodismo web de verdad! Lanzamiento web 22.11.2005 \/ Maracaibo, Venezuela","publisher":{"@id":"https:\/\/digital58.com.ve\/site\/#\/schema\/person\/64d1c2e4d0d4fd1b849980c4331c2951"},"alternateName":"ND58","potentialAction":[{"@type":"SearchAction","target":{"@type":"EntryPoint","urlTemplate":"https:\/\/digital58.com.ve\/site\/?s={search_term_string}"},"query-input":{"@type":"PropertyValueSpecification","valueRequired":true,"valueName":"search_term_string"}}],"inLanguage":"es"},{"@type":["Person","Organization"],"@id":"https:\/\/digital58.com.ve\/site\/#\/schema\/person\/64d1c2e4d0d4fd1b849980c4331c2951","name":"Villasmil Henry","image":{"@type":"ImageObject","inLanguage":"es","@id":"https:\/\/secure.gravatar.com\/avatar\/bb0c4a2fcb7970138239f7e404ea75757b1b507b28b5ce4c53fbd62d797c5a7c?s=96&d=mm&r=g","url":"https:\/\/secure.gravatar.com\/avatar\/bb0c4a2fcb7970138239f7e404ea75757b1b507b28b5ce4c53fbd62d797c5a7c?s=96&d=mm&r=g","contentUrl":"https:\/\/secure.gravatar.com\/avatar\/bb0c4a2fcb7970138239f7e404ea75757b1b507b28b5ce4c53fbd62d797c5a7c?s=96&d=mm&r=g","caption":"Villasmil Henry"},"logo":{"@id":"https:\/\/secure.gravatar.com\/avatar\/bb0c4a2fcb7970138239f7e404ea75757b1b507b28b5ce4c53fbd62d797c5a7c?s=96&d=mm&r=g"},"sameAs":["http:\/\/www.henryvillasmil.com.ve","https:\/\/www.instagram.com\/villasmilhfoto\/","https:\/\/x.com\/https:\/\/twitter.com\/villasmilhfoto"]},{"@type":"Person","@id":"https:\/\/digital58.com.ve\/site\/#\/schema\/person\/c61667ce6845137620ee3f0aaabade17","name":"Molero Luis","image":{"@type":"ImageObject","inLanguage":"es","@id":"https:\/\/secure.gravatar.com\/avatar\/bf041ec637e3e7405449807deb2f7cf3d2de7c6fa755dd56e985201de9863f2b?s=96&d=mm&r=g","url":"https:\/\/secure.gravatar.com\/avatar\/bf041ec637e3e7405449807deb2f7cf3d2de7c6fa755dd56e985201de9863f2b?s=96&d=mm&r=g","contentUrl":"https:\/\/secure.gravatar.com\/avatar\/bf041ec637e3e7405449807deb2f7cf3d2de7c6fa755dd56e985201de9863f2b?s=96&d=mm&r=g","caption":"Molero Luis"},"url":"https:\/\/digital58.com.ve\/site\/author\/luismolero\/"}]}},"uagb_featured_image_src":{"full":["https:\/\/digital58.com.ve\/site\/wp-content\/uploads\/2020\/07\/Disen\u0303o-sin-ti\u0301tulo-2020-07-16T114804.154.jpg",800,541,false],"thumbnail":["https:\/\/digital58.com.ve\/site\/wp-content\/uploads\/2020\/07\/Disen\u0303o-sin-ti\u0301tulo-2020-07-16T114804.154-150x150.jpg",150,150,true],"medium":["https:\/\/digital58.com.ve\/site\/wp-content\/uploads\/2020\/07\/Disen\u0303o-sin-ti\u0301tulo-2020-07-16T114804.154-300x203.jpg",300,203,true],"medium_large":["https:\/\/digital58.com.ve\/site\/wp-content\/uploads\/2020\/07\/Disen\u0303o-sin-ti\u0301tulo-2020-07-16T114804.154-768x519.jpg",768,519,true],"large":["https:\/\/digital58.com.ve\/site\/wp-content\/uploads\/2020\/07\/Disen\u0303o-sin-ti\u0301tulo-2020-07-16T114804.154.jpg",800,541,false],"1536x1536":["https:\/\/digital58.com.ve\/site\/wp-content\/uploads\/2020\/07\/Disen\u0303o-sin-ti\u0301tulo-2020-07-16T114804.154.jpg",800,541,false],"2048x2048":["https:\/\/digital58.com.ve\/site\/wp-content\/uploads\/2020\/07\/Disen\u0303o-sin-ti\u0301tulo-2020-07-16T114804.154.jpg",800,541,false],"colormag-highlighted-post":["https:\/\/digital58.com.ve\/site\/wp-content\/uploads\/2020\/07\/Disen\u0303o-sin-ti\u0301tulo-2020-07-16T114804.154.jpg",392,265,false],"colormag-featured-post-medium":["https:\/\/digital58.com.ve\/site\/wp-content\/uploads\/2020\/07\/Disen\u0303o-sin-ti\u0301tulo-2020-07-16T114804.154.jpg",303,205,false],"colormag-featured-post-small":["https:\/\/digital58.com.ve\/site\/wp-content\/uploads\/2020\/07\/Disen\u0303o-sin-ti\u0301tulo-2020-07-16T114804.154.jpg",130,88,false],"colormag-featured-image":["https:\/\/digital58.com.ve\/site\/wp-content\/uploads\/2020\/07\/Disen\u0303o-sin-ti\u0301tulo-2020-07-16T114804.154.jpg",658,445,false],"colormag-default-news":["https:\/\/digital58.com.ve\/site\/wp-content\/uploads\/2020\/07\/Disen\u0303o-sin-ti\u0301tulo-2020-07-16T114804.154.jpg",150,101,false],"colormag-featured-image-large":["https:\/\/digital58.com.ve\/site\/wp-content\/uploads\/2020\/07\/Disen\u0303o-sin-ti\u0301tulo-2020-07-16T114804.154.jpg",800,541,false]},"uagb_author_info":{"display_name":"Molero Luis","author_link":"https:\/\/digital58.com.ve\/site\/author\/luismolero\/"},"uagb_comment_info":0,"uagb_excerpt":"Con este caso, aument\u00f3 a 19 la cifra total de profesionales de la salud que han fallecido a causa del","_links":{"self":[{"href":"https:\/\/digital58.com.ve\/site\/wp-json\/wp\/v2\/posts\/118507","targetHints":{"allow":["GET"]}}],"collection":[{"href":"https:\/\/digital58.com.ve\/site\/wp-json\/wp\/v2\/posts"}],"about":[{"href":"https:\/\/digital58.com.ve\/site\/wp-json\/wp\/v2\/types\/post"}],"author":[{"embeddable":true,"href":"https:\/\/digital58.com.ve\/site\/wp-json\/wp\/v2\/users\/26"}],"replies":[{"embeddable":true,"href":"https:\/\/digital58.com.ve\/site\/wp-json\/wp\/v2\/comments?post=118507"}],"version-history":[{"count":0,"href":"https:\/\/digital58.com.ve\/site\/wp-json\/wp\/v2\/posts\/118507\/revisions"}],"wp:featuredmedia":[{"embeddable":true,"href":"https:\/\/digital58.com.ve\/site\/wp-json\/wp\/v2\/media\/118512"}],"wp:attachment":[{"href":"https:\/\/digital58.com.ve\/site\/wp-json\/wp\/v2\/media?parent=118507"}],"wp:term":[{"taxonomy":"category","embeddable":true,"href":"https:\/\/digital58.com.ve\/site\/wp-json\/wp\/v2\/categories?post=118507"},{"taxonomy":"post_tag","embeddable":true,"href":"https:\/\/digital58.com.ve\/site\/wp-json\/wp\/v2\/tags?post=118507"}],"curies":[{"name":"wp","href":"https:\/\/api.w.org\/{rel}","templated":true}]}}