{"id":118639,"date":"2020-07-29T18:36:20","date_gmt":"2020-07-29T22:36:20","guid":{"rendered":"https:\/\/digital58.com.ve\/site\/?p=118639"},"modified":"2020-07-29T18:46:06","modified_gmt":"2020-07-29T22:46:06","slug":"brasil-registra-record-diario-de-muertes-por-covid-19-y-supera-los-90-000-decesos","status":"publish","type":"post","link":"https:\/\/digital58.com.ve\/site\/2020\/07\/29\/brasil-registra-record-diario-de-muertes-por-covid-19-y-supera-los-90-000-decesos\/","title":{"rendered":"Brasil registra r\u00e9cord diario de muertes por COVID-19 y supera los 90.000 decesos"},"content":{"rendered":"<p><a href=\"https:\/\/digital58.com.ve\/site\/wp-content\/uploads\/2020\/07\/brasil-29-07-20.jpg\"><img loading=\"lazy\" decoding=\"async\" class=\"aligncenter size-full wp-image-118642\" src=\"https:\/\/digital58.com.ve\/site\/wp-content\/uploads\/2020\/07\/brasil-29-07-20.jpg\" alt=\"\" width=\"800\" height=\"505\" srcset=\"https:\/\/digital58.com.ve\/site\/wp-content\/uploads\/2020\/07\/brasil-29-07-20.jpg 800w, https:\/\/digital58.com.ve\/site\/wp-content\/uploads\/2020\/07\/brasil-29-07-20-300x189.jpg 300w, https:\/\/digital58.com.ve\/site\/wp-content\/uploads\/2020\/07\/brasil-29-07-20-768x485.jpg 768w\" sizes=\"auto, (max-width: 800px) 100vw, 800px\" \/><\/a><\/p>\n<p>El r\u00e9cord previo de muertes registradas en 24 horas por COVID-19 en Brasil era del d\u00eda 4 de junio, con 1.473<\/p>\n<p><strong>Internacionales, 29 de julio de 2020 (ND58).-<\/strong> Brasil inform\u00f3 el mi\u00e9rcoles un r\u00e9cord de 1.595 muertes registradas en las \u00faltimas 24 horas por COVID-19, lo que lleva el total de v\u00edctimas fatales a 90.134, de acuerdo a datos del Ministerio de Salud.<\/p>\n<p>El pa\u00eds tambi\u00e9n registr\u00f3 un r\u00e9cord m\u00e1ximo de casos confirmados, con m\u00e1s de 69.074 infecciones, para alcanzar un total de 2.552.265.<\/p>\n<p>Las cifras a nivel local del mi\u00e9rcoles fueron impactadas por una actualizaci\u00f3n de los datos de la v\u00edspera del estado de Sao Paulo que no fueron integrados al recuento del martes por un problema t\u00e9cnico.<\/p>\n<p>S\u00f3lo en Sao Paulo se incluyeron el mi\u00e9rcoles al sistema 26.453 nuevos casos y 713 fallecimientos.<\/p>\n<p>El r\u00e9cord previo de muertes registradas en 24 horas por COVID-19 en Brasil era del d\u00eda 4 de junio, con 1.473 decesos, al tiempo que el mayor n\u00famero de casos apuntados en un d\u00eda era del 22 de julio, con 67.860.<\/p>\n<p>La semana pasada, Brasil registr\u00f3 su mayor n\u00famero de casos a nivel semanal desde inicios de la pandemia, con 319.653 infecciones, indicando que enfrenta su peor momento desde que inici\u00f3 la crisis del coronavirus.<\/p><div class=\"mcqpj69f3ef4932017\" ><p style=\"text-align: center;\"><a href=\"https:\/\/t.me\/noticiasdigital58\" target=\"_blank\" rel=\"noopener\"><img class=\"aligncenter size-full wp-image-125363\" src=\"https:\/\/digital58.com.ve\/site\/wp-content\/uploads\/2021\/04\/banner-telegram-web-2021.png\" alt=\"\" width=\"600\" height=\"90\" \/><\/a><\/p><\/div><style type=\"text\/css\">\r\n@media screen and (min-width: 1201px) {\r\n.mcqpj69f3ef4932017 {\r\ndisplay: block;\r\n}\r\n}\r\n@media screen and (min-width: 993px) and (max-width: 1200px) {\r\n.mcqpj69f3ef4932017 {\r\ndisplay: block;\r\n}\r\n}\r\n@media screen and (min-width: 769px) and (max-width: 992px) {\r\n.mcqpj69f3ef4932017 {\r\ndisplay: block;\r\n}\r\n}\r\n@media screen and (min-width: 768px) and (max-width: 768px) {\r\n.mcqpj69f3ef4932017 {\r\ndisplay: block;\r\n}\r\n}\r\n@media screen and (max-width: 767px) {\r\n.mcqpj69f3ef4932017 {\r\ndisplay: block;\r\n}\r\n}\r\n<\/style>\r\n\n<p><strong>Redacci\u00f3n ND58 | Fuente: Reuters<\/strong><br \/>\n<strong>Edici\u00f3n: Villasmil, Henry<\/strong><br \/>\n<strong>Gr\u00e1fica: Reuters<\/strong><\/p>\n<div style=\"margin-top: 0px; margin-bottom: 0px;\" class=\"sharethis-inline-share-buttons\" ><\/div>","protected":false},"excerpt":{"rendered":"<p>El r\u00e9cord previo de muertes registradas en 24 horas por COVID-19 en Brasil era del d\u00eda 4 de junio, con<\/p>\n","protected":false},"author":1,"featured_media":118642,"comment_status":"open","ping_status":"closed","sticky":false,"template":"","format":"standard","meta":{"colormag_page_container_layout":"default_layout","colormag_page_sidebar_layout":"default_layout","_uag_custom_page_level_css":"","footnotes":""},"categories":[16451],"tags":[35,13352,13648,8,13723,14457],"class_list":["post-118639","post","type-post","status-publish","format-standard","has-post-thumbnail","hentry","category-mundo","tag-brasil","tag-coronavirus","tag-covid-19","tag-internacionales","tag-pandemia","tag-reporte-diario-covid-19"],"yoast_head":"<!-- This site is optimized with the Yoast SEO plugin v27.5 - https:\/\/yoast.com\/product\/yoast-seo-wordpress\/ -->\n<title>Brasil registra r\u00e9cord diario de muertes por COVID-19 y supera los 90.000 decesos<\/title>\n<meta name=\"description\" content=\"Mundo\" \/>\n<meta name=\"robots\" content=\"index, follow, max-snippet:-1, max-image-preview:large, max-video-preview:-1\" \/>\n<link rel=\"canonical\" href=\"https:\/\/digital58.com.ve\/site\/2020\/07\/29\/brasil-registra-record-diario-de-muertes-por-covid-19-y-supera-los-90-000-decesos\/\" \/>\n<meta property=\"og:locale\" content=\"es_ES\" \/>\n<meta property=\"og:type\" content=\"article\" \/>\n<meta property=\"og:title\" content=\"Brasil registra r\u00e9cord diario de muertes por COVID-19 y supera los 90.000 decesos\" \/>\n<meta property=\"og:description\" content=\"Mundo\" \/>\n<meta property=\"og:url\" content=\"https:\/\/digital58.com.ve\/site\/2020\/07\/29\/brasil-registra-record-diario-de-muertes-por-covid-19-y-supera-los-90-000-decesos\/\" \/>\n<meta property=\"og:site_name\" content=\"Noticias Digital58\" \/>\n<meta property=\"article:published_time\" content=\"2020-07-29T22:36:20+00:00\" \/>\n<meta property=\"article:modified_time\" content=\"2020-07-29T22:46:06+00:00\" \/>\n<meta property=\"og:image\" content=\"https:\/\/digital58.com.ve\/site\/wp-content\/uploads\/2020\/07\/brasil-29-07-20.jpg\" \/>\n\t<meta property=\"og:image:width\" content=\"800\" \/>\n\t<meta property=\"og:image:height\" content=\"505\" \/>\n\t<meta property=\"og:image:type\" content=\"image\/jpeg\" \/>\n<meta name=\"author\" content=\"Villasmil Henry\" \/>\n<meta name=\"twitter:card\" content=\"summary_large_image\" \/>\n<meta name=\"twitter:creator\" content=\"@https:\/\/twitter.com\/villasmilhfoto\" \/>\n<meta name=\"twitter:site\" content=\"@villasmilhfoto\" \/>\n<meta name=\"twitter:label1\" content=\"Escrito por\" \/>\n\t<meta name=\"twitter:data1\" content=\"Villasmil Henry\" \/>\n\t<meta name=\"twitter:label2\" content=\"Tiempo estimado de lectura\" \/>\n\t<meta name=\"twitter:data2\" content=\"1 minuto\" \/>\n<script type=\"application\/ld+json\" class=\"yoast-schema-graph\">{\"@context\":\"https:\\\/\\\/schema.org\",\"@graph\":[{\"@type\":\"Article\",\"@id\":\"https:\\\/\\\/digital58.com.ve\\\/site\\\/2020\\\/07\\\/29\\\/brasil-registra-record-diario-de-muertes-por-covid-19-y-supera-los-90-000-decesos\\\/#article\",\"isPartOf\":{\"@id\":\"https:\\\/\\\/digital58.com.ve\\\/site\\\/2020\\\/07\\\/29\\\/brasil-registra-record-diario-de-muertes-por-covid-19-y-supera-los-90-000-decesos\\\/\"},\"author\":{\"name\":\"Villasmil Henry\",\"@id\":\"https:\\\/\\\/digital58.com.ve\\\/site\\\/#\\\/schema\\\/person\\\/64d1c2e4d0d4fd1b849980c4331c2951\"},\"headline\":\"Brasil registra r\u00e9cord diario de muertes por COVID-19 y supera los 90.000 decesos\",\"datePublished\":\"2020-07-29T22:36:20+00:00\",\"dateModified\":\"2020-07-29T22:46:06+00:00\",\"mainEntityOfPage\":{\"@id\":\"https:\\\/\\\/digital58.com.ve\\\/site\\\/2020\\\/07\\\/29\\\/brasil-registra-record-diario-de-muertes-por-covid-19-y-supera-los-90-000-decesos\\\/\"},\"wordCount\":239,\"commentCount\":0,\"publisher\":{\"@id\":\"https:\\\/\\\/digital58.com.ve\\\/site\\\/#\\\/schema\\\/person\\\/64d1c2e4d0d4fd1b849980c4331c2951\"},\"image\":{\"@id\":\"https:\\\/\\\/digital58.com.ve\\\/site\\\/2020\\\/07\\\/29\\\/brasil-registra-record-diario-de-muertes-por-covid-19-y-supera-los-90-000-decesos\\\/#primaryimage\"},\"thumbnailUrl\":\"https:\\\/\\\/digital58.com.ve\\\/site\\\/wp-content\\\/uploads\\\/2020\\\/07\\\/brasil-29-07-20.jpg\",\"keywords\":[\"Brasil\",\"Coronavirus\",\"COVID-19\",\"Internacionales\",\"Pandemia\",\"Reporte Diario COVID-19\"],\"articleSection\":[\"Mundo\"],\"inLanguage\":\"es\",\"potentialAction\":[{\"@type\":\"CommentAction\",\"name\":\"Comment\",\"target\":[\"https:\\\/\\\/digital58.com.ve\\\/site\\\/2020\\\/07\\\/29\\\/brasil-registra-record-diario-de-muertes-por-covid-19-y-supera-los-90-000-decesos\\\/#respond\"]}]},{\"@type\":\"WebPage\",\"@id\":\"https:\\\/\\\/digital58.com.ve\\\/site\\\/2020\\\/07\\\/29\\\/brasil-registra-record-diario-de-muertes-por-covid-19-y-supera-los-90-000-decesos\\\/\",\"url\":\"https:\\\/\\\/digital58.com.ve\\\/site\\\/2020\\\/07\\\/29\\\/brasil-registra-record-diario-de-muertes-por-covid-19-y-supera-los-90-000-decesos\\\/\",\"name\":\"Brasil registra r\u00e9cord diario de muertes por COVID-19 y supera los 90.000 decesos\",\"isPartOf\":{\"@id\":\"https:\\\/\\\/digital58.com.ve\\\/site\\\/#website\"},\"primaryImageOfPage\":{\"@id\":\"https:\\\/\\\/digital58.com.ve\\\/site\\\/2020\\\/07\\\/29\\\/brasil-registra-record-diario-de-muertes-por-covid-19-y-supera-los-90-000-decesos\\\/#primaryimage\"},\"image\":{\"@id\":\"https:\\\/\\\/digital58.com.ve\\\/site\\\/2020\\\/07\\\/29\\\/brasil-registra-record-diario-de-muertes-por-covid-19-y-supera-los-90-000-decesos\\\/#primaryimage\"},\"thumbnailUrl\":\"https:\\\/\\\/digital58.com.ve\\\/site\\\/wp-content\\\/uploads\\\/2020\\\/07\\\/brasil-29-07-20.jpg\",\"datePublished\":\"2020-07-29T22:36:20+00:00\",\"dateModified\":\"2020-07-29T22:46:06+00:00\",\"description\":\"Mundo\",\"breadcrumb\":{\"@id\":\"https:\\\/\\\/digital58.com.ve\\\/site\\\/2020\\\/07\\\/29\\\/brasil-registra-record-diario-de-muertes-por-covid-19-y-supera-los-90-000-decesos\\\/#breadcrumb\"},\"inLanguage\":\"es\",\"potentialAction\":[{\"@type\":\"ReadAction\",\"target\":[\"https:\\\/\\\/digital58.com.ve\\\/site\\\/2020\\\/07\\\/29\\\/brasil-registra-record-diario-de-muertes-por-covid-19-y-supera-los-90-000-decesos\\\/\"]}]},{\"@type\":\"ImageObject\",\"inLanguage\":\"es\",\"@id\":\"https:\\\/\\\/digital58.com.ve\\\/site\\\/2020\\\/07\\\/29\\\/brasil-registra-record-diario-de-muertes-por-covid-19-y-supera-los-90-000-decesos\\\/#primaryimage\",\"url\":\"https:\\\/\\\/digital58.com.ve\\\/site\\\/wp-content\\\/uploads\\\/2020\\\/07\\\/brasil-29-07-20.jpg\",\"contentUrl\":\"https:\\\/\\\/digital58.com.ve\\\/site\\\/wp-content\\\/uploads\\\/2020\\\/07\\\/brasil-29-07-20.jpg\",\"width\":800,\"height\":505},{\"@type\":\"BreadcrumbList\",\"@id\":\"https:\\\/\\\/digital58.com.ve\\\/site\\\/2020\\\/07\\\/29\\\/brasil-registra-record-diario-de-muertes-por-covid-19-y-supera-los-90-000-decesos\\\/#breadcrumb\",\"itemListElement\":[{\"@type\":\"ListItem\",\"position\":1,\"name\":\"Home\",\"item\":\"https:\\\/\\\/digital58.com.ve\\\/site\\\/\"},{\"@type\":\"ListItem\",\"position\":2,\"name\":\"Brasil registra r\u00e9cord diario de muertes por COVID-19 y supera los 90.000 decesos\"}]},{\"@type\":\"WebSite\",\"@id\":\"https:\\\/\\\/digital58.com.ve\\\/site\\\/#website\",\"url\":\"https:\\\/\\\/digital58.com.ve\\\/site\\\/\",\"name\":\"Noticias Digital58\",\"description\":\"Portal de Noticias \u00a1Periodismo web de verdad! Lanzamiento web 22.11.2005 \\\/ Maracaibo, Venezuela\",\"publisher\":{\"@id\":\"https:\\\/\\\/digital58.com.ve\\\/site\\\/#\\\/schema\\\/person\\\/64d1c2e4d0d4fd1b849980c4331c2951\"},\"alternateName\":\"ND58\",\"potentialAction\":[{\"@type\":\"SearchAction\",\"target\":{\"@type\":\"EntryPoint\",\"urlTemplate\":\"https:\\\/\\\/digital58.com.ve\\\/site\\\/?s={search_term_string}\"},\"query-input\":{\"@type\":\"PropertyValueSpecification\",\"valueRequired\":true,\"valueName\":\"search_term_string\"}}],\"inLanguage\":\"es\"},{\"@type\":[\"Person\",\"Organization\"],\"@id\":\"https:\\\/\\\/digital58.com.ve\\\/site\\\/#\\\/schema\\\/person\\\/64d1c2e4d0d4fd1b849980c4331c2951\",\"name\":\"Villasmil Henry\",\"image\":{\"@type\":\"ImageObject\",\"inLanguage\":\"es\",\"@id\":\"https:\\\/\\\/secure.gravatar.com\\\/avatar\\\/bb0c4a2fcb7970138239f7e404ea75757b1b507b28b5ce4c53fbd62d797c5a7c?s=96&d=mm&r=g\",\"url\":\"https:\\\/\\\/secure.gravatar.com\\\/avatar\\\/bb0c4a2fcb7970138239f7e404ea75757b1b507b28b5ce4c53fbd62d797c5a7c?s=96&d=mm&r=g\",\"contentUrl\":\"https:\\\/\\\/secure.gravatar.com\\\/avatar\\\/bb0c4a2fcb7970138239f7e404ea75757b1b507b28b5ce4c53fbd62d797c5a7c?s=96&d=mm&r=g\",\"caption\":\"Villasmil Henry\"},\"logo\":{\"@id\":\"https:\\\/\\\/secure.gravatar.com\\\/avatar\\\/bb0c4a2fcb7970138239f7e404ea75757b1b507b28b5ce4c53fbd62d797c5a7c?s=96&d=mm&r=g\"},\"sameAs\":[\"http:\\\/\\\/www.henryvillasmil.com.ve\",\"https:\\\/\\\/www.instagram.com\\\/villasmilhfoto\\\/\",\"https:\\\/\\\/x.com\\\/https:\\\/\\\/twitter.com\\\/villasmilhfoto\"],\"url\":\"https:\\\/\\\/digital58.com.ve\\\/site\\\/author\\\/droopy_68\\\/\"}]}<\/script>\n<!-- \/ Yoast SEO plugin. -->","yoast_head_json":{"title":"Brasil registra r\u00e9cord diario de muertes por COVID-19 y supera los 90.000 decesos","description":"Mundo","robots":{"index":"index","follow":"follow","max-snippet":"max-snippet:-1","max-image-preview":"max-image-preview:large","max-video-preview":"max-video-preview:-1"},"canonical":"https:\/\/digital58.com.ve\/site\/2020\/07\/29\/brasil-registra-record-diario-de-muertes-por-covid-19-y-supera-los-90-000-decesos\/","og_locale":"es_ES","og_type":"article","og_title":"Brasil registra r\u00e9cord diario de muertes por COVID-19 y supera los 90.000 decesos","og_description":"Mundo","og_url":"https:\/\/digital58.com.ve\/site\/2020\/07\/29\/brasil-registra-record-diario-de-muertes-por-covid-19-y-supera-los-90-000-decesos\/","og_site_name":"Noticias Digital58","article_published_time":"2020-07-29T22:36:20+00:00","article_modified_time":"2020-07-29T22:46:06+00:00","og_image":[{"width":800,"height":505,"url":"https:\/\/digital58.com.ve\/site\/wp-content\/uploads\/2020\/07\/brasil-29-07-20.jpg","type":"image\/jpeg"}],"author":"Villasmil Henry","twitter_card":"summary_large_image","twitter_creator":"@https:\/\/twitter.com\/villasmilhfoto","twitter_site":"@villasmilhfoto","twitter_misc":{"Escrito por":"Villasmil Henry","Tiempo estimado de lectura":"1 minuto"},"schema":{"@context":"https:\/\/schema.org","@graph":[{"@type":"Article","@id":"https:\/\/digital58.com.ve\/site\/2020\/07\/29\/brasil-registra-record-diario-de-muertes-por-covid-19-y-supera-los-90-000-decesos\/#article","isPartOf":{"@id":"https:\/\/digital58.com.ve\/site\/2020\/07\/29\/brasil-registra-record-diario-de-muertes-por-covid-19-y-supera-los-90-000-decesos\/"},"author":{"name":"Villasmil Henry","@id":"https:\/\/digital58.com.ve\/site\/#\/schema\/person\/64d1c2e4d0d4fd1b849980c4331c2951"},"headline":"Brasil registra r\u00e9cord diario de muertes por COVID-19 y supera los 90.000 decesos","datePublished":"2020-07-29T22:36:20+00:00","dateModified":"2020-07-29T22:46:06+00:00","mainEntityOfPage":{"@id":"https:\/\/digital58.com.ve\/site\/2020\/07\/29\/brasil-registra-record-diario-de-muertes-por-covid-19-y-supera-los-90-000-decesos\/"},"wordCount":239,"commentCount":0,"publisher":{"@id":"https:\/\/digital58.com.ve\/site\/#\/schema\/person\/64d1c2e4d0d4fd1b849980c4331c2951"},"image":{"@id":"https:\/\/digital58.com.ve\/site\/2020\/07\/29\/brasil-registra-record-diario-de-muertes-por-covid-19-y-supera-los-90-000-decesos\/#primaryimage"},"thumbnailUrl":"https:\/\/digital58.com.ve\/site\/wp-content\/uploads\/2020\/07\/brasil-29-07-20.jpg","keywords":["Brasil","Coronavirus","COVID-19","Internacionales","Pandemia","Reporte Diario COVID-19"],"articleSection":["Mundo"],"inLanguage":"es","potentialAction":[{"@type":"CommentAction","name":"Comment","target":["https:\/\/digital58.com.ve\/site\/2020\/07\/29\/brasil-registra-record-diario-de-muertes-por-covid-19-y-supera-los-90-000-decesos\/#respond"]}]},{"@type":"WebPage","@id":"https:\/\/digital58.com.ve\/site\/2020\/07\/29\/brasil-registra-record-diario-de-muertes-por-covid-19-y-supera-los-90-000-decesos\/","url":"https:\/\/digital58.com.ve\/site\/2020\/07\/29\/brasil-registra-record-diario-de-muertes-por-covid-19-y-supera-los-90-000-decesos\/","name":"Brasil registra r\u00e9cord diario de muertes por COVID-19 y supera los 90.000 decesos","isPartOf":{"@id":"https:\/\/digital58.com.ve\/site\/#website"},"primaryImageOfPage":{"@id":"https:\/\/digital58.com.ve\/site\/2020\/07\/29\/brasil-registra-record-diario-de-muertes-por-covid-19-y-supera-los-90-000-decesos\/#primaryimage"},"image":{"@id":"https:\/\/digital58.com.ve\/site\/2020\/07\/29\/brasil-registra-record-diario-de-muertes-por-covid-19-y-supera-los-90-000-decesos\/#primaryimage"},"thumbnailUrl":"https:\/\/digital58.com.ve\/site\/wp-content\/uploads\/2020\/07\/brasil-29-07-20.jpg","datePublished":"2020-07-29T22:36:20+00:00","dateModified":"2020-07-29T22:46:06+00:00","description":"Mundo","breadcrumb":{"@id":"https:\/\/digital58.com.ve\/site\/2020\/07\/29\/brasil-registra-record-diario-de-muertes-por-covid-19-y-supera-los-90-000-decesos\/#breadcrumb"},"inLanguage":"es","potentialAction":[{"@type":"ReadAction","target":["https:\/\/digital58.com.ve\/site\/2020\/07\/29\/brasil-registra-record-diario-de-muertes-por-covid-19-y-supera-los-90-000-decesos\/"]}]},{"@type":"ImageObject","inLanguage":"es","@id":"https:\/\/digital58.com.ve\/site\/2020\/07\/29\/brasil-registra-record-diario-de-muertes-por-covid-19-y-supera-los-90-000-decesos\/#primaryimage","url":"https:\/\/digital58.com.ve\/site\/wp-content\/uploads\/2020\/07\/brasil-29-07-20.jpg","contentUrl":"https:\/\/digital58.com.ve\/site\/wp-content\/uploads\/2020\/07\/brasil-29-07-20.jpg","width":800,"height":505},{"@type":"BreadcrumbList","@id":"https:\/\/digital58.com.ve\/site\/2020\/07\/29\/brasil-registra-record-diario-de-muertes-por-covid-19-y-supera-los-90-000-decesos\/#breadcrumb","itemListElement":[{"@type":"ListItem","position":1,"name":"Home","item":"https:\/\/digital58.com.ve\/site\/"},{"@type":"ListItem","position":2,"name":"Brasil registra r\u00e9cord diario de muertes por COVID-19 y supera los 90.000 decesos"}]},{"@type":"WebSite","@id":"https:\/\/digital58.com.ve\/site\/#website","url":"https:\/\/digital58.com.ve\/site\/","name":"Noticias Digital58","description":"Portal de Noticias \u00a1Periodismo web de verdad! Lanzamiento web 22.11.2005 \/ Maracaibo, Venezuela","publisher":{"@id":"https:\/\/digital58.com.ve\/site\/#\/schema\/person\/64d1c2e4d0d4fd1b849980c4331c2951"},"alternateName":"ND58","potentialAction":[{"@type":"SearchAction","target":{"@type":"EntryPoint","urlTemplate":"https:\/\/digital58.com.ve\/site\/?s={search_term_string}"},"query-input":{"@type":"PropertyValueSpecification","valueRequired":true,"valueName":"search_term_string"}}],"inLanguage":"es"},{"@type":["Person","Organization"],"@id":"https:\/\/digital58.com.ve\/site\/#\/schema\/person\/64d1c2e4d0d4fd1b849980c4331c2951","name":"Villasmil Henry","image":{"@type":"ImageObject","inLanguage":"es","@id":"https:\/\/secure.gravatar.com\/avatar\/bb0c4a2fcb7970138239f7e404ea75757b1b507b28b5ce4c53fbd62d797c5a7c?s=96&d=mm&r=g","url":"https:\/\/secure.gravatar.com\/avatar\/bb0c4a2fcb7970138239f7e404ea75757b1b507b28b5ce4c53fbd62d797c5a7c?s=96&d=mm&r=g","contentUrl":"https:\/\/secure.gravatar.com\/avatar\/bb0c4a2fcb7970138239f7e404ea75757b1b507b28b5ce4c53fbd62d797c5a7c?s=96&d=mm&r=g","caption":"Villasmil Henry"},"logo":{"@id":"https:\/\/secure.gravatar.com\/avatar\/bb0c4a2fcb7970138239f7e404ea75757b1b507b28b5ce4c53fbd62d797c5a7c?s=96&d=mm&r=g"},"sameAs":["http:\/\/www.henryvillasmil.com.ve","https:\/\/www.instagram.com\/villasmilhfoto\/","https:\/\/x.com\/https:\/\/twitter.com\/villasmilhfoto"],"url":"https:\/\/digital58.com.ve\/site\/author\/droopy_68\/"}]}},"uagb_featured_image_src":{"full":["https:\/\/digital58.com.ve\/site\/wp-content\/uploads\/2020\/07\/brasil-29-07-20.jpg",800,505,false],"thumbnail":["https:\/\/digital58.com.ve\/site\/wp-content\/uploads\/2020\/07\/brasil-29-07-20-150x150.jpg",150,150,true],"medium":["https:\/\/digital58.com.ve\/site\/wp-content\/uploads\/2020\/07\/brasil-29-07-20-300x189.jpg",300,189,true],"medium_large":["https:\/\/digital58.com.ve\/site\/wp-content\/uploads\/2020\/07\/brasil-29-07-20-768x485.jpg",768,485,true],"large":["https:\/\/digital58.com.ve\/site\/wp-content\/uploads\/2020\/07\/brasil-29-07-20.jpg",800,505,false],"1536x1536":["https:\/\/digital58.com.ve\/site\/wp-content\/uploads\/2020\/07\/brasil-29-07-20.jpg",800,505,false],"2048x2048":["https:\/\/digital58.com.ve\/site\/wp-content\/uploads\/2020\/07\/brasil-29-07-20.jpg",800,505,false],"colormag-highlighted-post":["https:\/\/digital58.com.ve\/site\/wp-content\/uploads\/2020\/07\/brasil-29-07-20.jpg",392,247,false],"colormag-featured-post-medium":["https:\/\/digital58.com.ve\/site\/wp-content\/uploads\/2020\/07\/brasil-29-07-20.jpg",325,205,false],"colormag-featured-post-small":["https:\/\/digital58.com.ve\/site\/wp-content\/uploads\/2020\/07\/brasil-29-07-20.jpg",130,82,false],"colormag-featured-image":["https:\/\/digital58.com.ve\/site\/wp-content\/uploads\/2020\/07\/brasil-29-07-20.jpg",705,445,false],"colormag-default-news":["https:\/\/digital58.com.ve\/site\/wp-content\/uploads\/2020\/07\/brasil-29-07-20.jpg",150,95,false],"colormag-featured-image-large":["https:\/\/digital58.com.ve\/site\/wp-content\/uploads\/2020\/07\/brasil-29-07-20.jpg",800,505,false]},"uagb_author_info":{"display_name":"Villasmil Henry","author_link":"https:\/\/digital58.com.ve\/site\/author\/droopy_68\/"},"uagb_comment_info":0,"uagb_excerpt":"El r\u00e9cord previo de muertes registradas en 24 horas por COVID-19 en Brasil era del d\u00eda 4 de junio, con","_links":{"self":[{"href":"https:\/\/digital58.com.ve\/site\/wp-json\/wp\/v2\/posts\/118639","targetHints":{"allow":["GET"]}}],"collection":[{"href":"https:\/\/digital58.com.ve\/site\/wp-json\/wp\/v2\/posts"}],"about":[{"href":"https:\/\/digital58.com.ve\/site\/wp-json\/wp\/v2\/types\/post"}],"author":[{"embeddable":true,"href":"https:\/\/digital58.com.ve\/site\/wp-json\/wp\/v2\/users\/1"}],"replies":[{"embeddable":true,"href":"https:\/\/digital58.com.ve\/site\/wp-json\/wp\/v2\/comments?post=118639"}],"version-history":[{"count":0,"href":"https:\/\/digital58.com.ve\/site\/wp-json\/wp\/v2\/posts\/118639\/revisions"}],"wp:featuredmedia":[{"embeddable":true,"href":"https:\/\/digital58.com.ve\/site\/wp-json\/wp\/v2\/media\/118642"}],"wp:attachment":[{"href":"https:\/\/digital58.com.ve\/site\/wp-json\/wp\/v2\/media?parent=118639"}],"wp:term":[{"taxonomy":"category","embeddable":true,"href":"https:\/\/digital58.com.ve\/site\/wp-json\/wp\/v2\/categories?post=118639"},{"taxonomy":"post_tag","embeddable":true,"href":"https:\/\/digital58.com.ve\/site\/wp-json\/wp\/v2\/tags?post=118639"}],"curies":[{"name":"wp","href":"https:\/\/api.w.org\/{rel}","templated":true}]}}